{"id":13068,"date":"2022-07-02T12:55:30","date_gmt":"2022-07-02T15:55:30","guid":{"rendered":"https:\/\/renatodias.online\/movimento\/?p=13068"},"modified":"2022-07-02T12:55:30","modified_gmt":"2022-07-02T15:55:30","slug":"sergio-lucas-apoia-uugton-batista","status":"publish","type":"post","link":"https:\/\/renatodias.online\/movimento\/2022\/07\/02\/sergio-lucas-apoia-uugton-batista\/","title":{"rendered":"S\u00e9rgio Lucas apoia Uugton Batista"},"content":{"rendered":"<p><strong><img loading=\"lazy\" decoding=\"async\" class=\"wp-image-11445 size-full aligncenter\" src=\"https:\/\/renatodias.online\/movimento\/wp-content\/uploads\/2022\/03\/Eleicoes-de-2022.jpeg\" alt=\"\" width=\"639\" height=\"361\" srcset=\"https:\/\/renatodias.online\/movimento\/wp-content\/uploads\/2022\/03\/Eleicoes-de-2022.jpeg 639w, https:\/\/renatodias.online\/movimento\/wp-content\/uploads\/2022\/03\/Eleicoes-de-2022-300x169.jpeg 300w\" sizes=\"auto, (max-width: 639px) 100vw, 639px\" \/><\/strong><\/p>\n<h2 style=\"text-align: center;\"><span style=\"color: #ff9900;\"><strong>Com agenda liberal na economia e conservadora nos costumes<\/strong><\/span><\/h2>\n<p><img loading=\"lazy\" decoding=\"async\" class=\"size-full wp-image-11298 aligncenter\" src=\"https:\/\/renatodias.online\/movimento\/wp-content\/uploads\/2022\/03\/Entrevista-Especial.png\" alt=\"\" width=\"225\" height=\"225\" srcset=\"https:\/\/renatodias.online\/movimento\/wp-content\/uploads\/2022\/03\/Entrevista-Especial.png 225w, https:\/\/renatodias.online\/movimento\/wp-content\/uploads\/2022\/03\/Entrevista-Especial-150x150.png 150w\" sizes=\"auto, (max-width: 225px) 100vw, 225px\" \/><\/p>\n<p><strong>Renato Dias<\/strong><\/p>\n<p>O ex-presidente do PP em Goi\u00e2nia, ex-diretor administrativo e financeiro da Agetop e tamb\u00e9m da Ag\u00eancia Goiana de Regula\u00e7\u00e3o, <span style=\"color: #808000;\"><strong>S\u00e9rgio Borges Lucas<\/strong><\/span>, anuncia, hoje, o seu apoio \u00e0 pr\u00e9 &#8211; candidatura \u00e0 C\u00e2mara dos Deputados, em Bras\u00edlia [DF], a capital da Rep\u00fablica, do liberal <span style=\"color: #ff6600;\"><strong>Uugton Batista<\/strong><\/span>.<\/p>\n<figure id=\"attachment_6053\" aria-describedby=\"caption-attachment-6053\" style=\"width: 685px\" class=\"wp-caption aligncenter\"><img loading=\"lazy\" decoding=\"async\" class=\"wp-image-6053 size-full\" src=\"https:\/\/renatodias.online\/movimento\/wp-content\/uploads\/2021\/04\/Congresso-Nacional.jpg\" alt=\"Congresso Nacional\" width=\"685\" height=\"268\" \/><figcaption id=\"caption-attachment-6053\" class=\"wp-caption-text\"><span style=\"color: #0000ff;\"><strong>Congresso Nacional<\/strong><\/span><\/figcaption><\/figure>\n<blockquote>\n<h1><span style=\"color: #008000;\"><strong>Agenda program\u00e1tica<\/strong><\/span><\/h1>\n<\/blockquote>\n<p>Com uma plataforma republicana e n\u00e3o patrimonialista, o empres\u00e1rio aparece na bolsa das especula\u00e7\u00f5es como um dos favoritos nas elei\u00e7\u00f5es legislativas de 2 de outubro de 2022, informa o advogado com especializa\u00e7\u00e3o na Adesg ao <span style=\"color: #ff0000;\"><strong>Portal de Not\u00edcias www renatodias.online<\/strong><\/span><\/p>\n<figure id=\"attachment_3350\" aria-describedby=\"caption-attachment-3350\" style=\"width: 543px\" class=\"wp-caption aligncenter\"><img loading=\"lazy\" decoding=\"async\" class=\"wp-image-3350 size-full\" src=\"https:\/\/renatodias.online\/movimento\/wp-content\/uploads\/2020\/04\/Urnas-eletr\u00f4nicas-no-Brasil-TSE.jpeg\" alt=\"\" width=\"543\" height=\"263\" \/><figcaption id=\"caption-attachment-3350\" class=\"wp-caption-text\"><strong>Urnas eletr\u00f4nicas<\/strong><\/figcaption><\/figure>\n<p>Velha raposa pol\u00edtica, o operador do Direito, produtor rural, homem de livre tr\u00e2nsito nos cen\u00e1rios pol\u00edticos municipal, estadual e at\u00e9 nacional, <strong>S\u00e9rgio Borges Lucas<\/strong>, pragm\u00e1tico, dever\u00e1 costurar acordos eleitorais e dobradinhas nos 246 munic\u00edpios do Estado de Goi\u00e1s, com hoje com 4,8 mi de eleitores.<\/p>\n<figure id=\"attachment_13069\" aria-describedby=\"caption-attachment-13069\" style=\"width: 300px\" class=\"wp-caption aligncenter\"><img loading=\"lazy\" decoding=\"async\" class=\"wp-image-13069 size-medium\" src=\"https:\/\/renatodias.online\/movimento\/wp-content\/uploads\/2022\/07\/Uugton-Batista-300x300.jpg\" alt=\"\" width=\"300\" height=\"300\" srcset=\"https:\/\/renatodias.online\/movimento\/wp-content\/uploads\/2022\/07\/Uugton-Batista-300x300.jpg 300w, https:\/\/renatodias.online\/movimento\/wp-content\/uploads\/2022\/07\/Uugton-Batista-150x150.jpg 150w, https:\/\/renatodias.online\/movimento\/wp-content\/uploads\/2022\/07\/Uugton-Batista.jpg 400w\" sizes=\"auto, (max-width: 300px) 100vw, 300px\" \/><figcaption id=\"caption-attachment-13069\" class=\"wp-caption-text\">Uugton Batista<\/figcaption><\/figure>\n","protected":false},"excerpt":{"rendered":"<p>Com agenda liberal na economia e conservadora nos costumes Renato Dias O ex-presidente do PP em Goi\u00e2nia, ex-diretor administrativo e financeiro da Agetop e tamb\u00e9m da Ag\u00eancia Goiana de Regula\u00e7\u00e3o, S\u00e9rgio Borges Lucas, anuncia, hoje, o seu apoio \u00e0 pr\u00e9 &#8211; candidatura \u00e0 C\u00e2mara dos Deputados, em Bras\u00edlia [DF], a capital da Rep\u00fablica, do liberal<\/p>\n","protected":false},"author":2,"featured_media":2240,"comment_status":"open","ping_status":"open","sticky":false,"template":"","format":"standard","meta":{"_acf_changed":false,"_monsterinsights_skip_tracking":false,"_monsterinsights_sitenote_active":false,"_monsterinsights_sitenote_note":"","_monsterinsights_sitenote_category":0,"footnotes":""},"categories":[57],"tags":[],"class_list":["post-13068","post","type-post","status-publish","format-standard","has-post-thumbnail","hentry","category-entrevista"],"acf":[],"yoast_head":"<!-- This site is optimized with the Yoast SEO plugin v27.4 - https:\/\/yoast.com\/product\/yoast-seo-wordpress\/ -->\n<title>S\u00e9rgio Lucas apoia Uugton Batista -<\/title>\n<meta name=\"robots\" content=\"index, follow, max-snippet:-1, max-image-preview:large, max-video-preview:-1\" \/>\n<link rel=\"canonical\" href=\"https:\/\/renatodias.online\/movimento\/2022\/07\/02\/sergio-lucas-apoia-uugton-batista\/\" \/>\n<meta property=\"og:locale\" content=\"pt_BR\" \/>\n<meta property=\"og:type\" content=\"article\" \/>\n<meta property=\"og:title\" content=\"S\u00e9rgio Lucas apoia Uugton Batista -\" \/>\n<meta property=\"og:description\" content=\"Com agenda liberal na economia e conservadora nos costumes Renato Dias O ex-presidente do PP em Goi\u00e2nia, ex-diretor administrativo e financeiro da Agetop e tamb\u00e9m da Ag\u00eancia Goiana de Regula\u00e7\u00e3o, S\u00e9rgio Borges Lucas, anuncia, hoje, o seu apoio \u00e0 pr\u00e9 &#8211; candidatura \u00e0 C\u00e2mara dos Deputados, em Bras\u00edlia [DF], a capital da Rep\u00fablica, do liberal\" \/>\n<meta property=\"og:url\" content=\"https:\/\/renatodias.online\/movimento\/2022\/07\/02\/sergio-lucas-apoia-uugton-batista\/\" \/>\n<meta property=\"article:publisher\" content=\"https:\/\/www.facebook.com\/renato.dias.37\" \/>\n<meta property=\"article:author\" content=\"https:\/\/www.facebook.com\/renato.dias.37\" \/>\n<meta property=\"article:published_time\" content=\"2022-07-02T15:55:30+00:00\" \/>\n<meta property=\"og:image\" content=\"https:\/\/renatodias.online\/movimento\/wp-content\/uploads\/2019\/08\/S\u00e9rgio-Borges-Lucas-advogado-e1656352740588.jpg\" \/>\n\t<meta property=\"og:image:width\" content=\"360\" \/>\n\t<meta property=\"og:image:height\" content=\"388\" \/>\n\t<meta property=\"og:image:type\" content=\"image\/jpeg\" \/>\n<meta name=\"author\" content=\"Renato Dias\" \/>\n<meta name=\"twitter:card\" content=\"summary_large_image\" \/>\n<meta name=\"twitter:creator\" content=\"@RenatoDiasBat\" \/>\n<meta name=\"twitter:site\" content=\"@RenatoDiasBat\" \/>\n<meta name=\"twitter:label1\" content=\"Escrito por\" \/>\n\t<meta name=\"twitter:data1\" content=\"Renato Dias\" \/>\n\t<meta name=\"twitter:label2\" content=\"Est. tempo de leitura\" \/>\n\t<meta name=\"twitter:data2\" content=\"1 minuto\" \/>\n<script type=\"application\/ld+json\" class=\"yoast-schema-graph\">{\"@context\":\"https:\\\/\\\/schema.org\",\"@graph\":[{\"@type\":\"Article\",\"@id\":\"https:\\\/\\\/renatodias.online\\\/movimento\\\/2022\\\/07\\\/02\\\/sergio-lucas-apoia-uugton-batista\\\/#article\",\"isPartOf\":{\"@id\":\"https:\\\/\\\/renatodias.online\\\/movimento\\\/2022\\\/07\\\/02\\\/sergio-lucas-apoia-uugton-batista\\\/\"},\"author\":{\"name\":\"Renato Dias\",\"@id\":\"https:\\\/\\\/renatodias.online\\\/movimento\\\/#\\\/schema\\\/person\\\/bbab28833b1725a20f4083f49f1fb2a9\"},\"headline\":\"S\u00e9rgio Lucas apoia Uugton Batista\",\"datePublished\":\"2022-07-02T15:55:30+00:00\",\"mainEntityOfPage\":{\"@id\":\"https:\\\/\\\/renatodias.online\\\/movimento\\\/2022\\\/07\\\/02\\\/sergio-lucas-apoia-uugton-batista\\\/\"},\"wordCount\":196,\"commentCount\":0,\"publisher\":{\"@id\":\"https:\\\/\\\/renatodias.online\\\/movimento\\\/#\\\/schema\\\/person\\\/bbab28833b1725a20f4083f49f1fb2a9\"},\"image\":{\"@id\":\"https:\\\/\\\/renatodias.online\\\/movimento\\\/2022\\\/07\\\/02\\\/sergio-lucas-apoia-uugton-batista\\\/#primaryimage\"},\"thumbnailUrl\":\"https:\\\/\\\/renatodias.online\\\/movimento\\\/wp-content\\\/uploads\\\/2019\\\/08\\\/S\u00e9rgio-Borges-Lucas-advogado-e1656352740588.jpg\",\"articleSection\":[\"Entrevista\"],\"inLanguage\":\"pt-BR\",\"potentialAction\":[{\"@type\":\"CommentAction\",\"name\":\"Comment\",\"target\":[\"https:\\\/\\\/renatodias.online\\\/movimento\\\/2022\\\/07\\\/02\\\/sergio-lucas-apoia-uugton-batista\\\/#respond\"]}]},{\"@type\":\"WebPage\",\"@id\":\"https:\\\/\\\/renatodias.online\\\/movimento\\\/2022\\\/07\\\/02\\\/sergio-lucas-apoia-uugton-batista\\\/\",\"url\":\"https:\\\/\\\/renatodias.online\\\/movimento\\\/2022\\\/07\\\/02\\\/sergio-lucas-apoia-uugton-batista\\\/\",\"name\":\"S\u00e9rgio Lucas apoia Uugton Batista -\",\"isPartOf\":{\"@id\":\"https:\\\/\\\/renatodias.online\\\/movimento\\\/#website\"},\"primaryImageOfPage\":{\"@id\":\"https:\\\/\\\/renatodias.online\\\/movimento\\\/2022\\\/07\\\/02\\\/sergio-lucas-apoia-uugton-batista\\\/#primaryimage\"},\"image\":{\"@id\":\"https:\\\/\\\/renatodias.online\\\/movimento\\\/2022\\\/07\\\/02\\\/sergio-lucas-apoia-uugton-batista\\\/#primaryimage\"},\"thumbnailUrl\":\"https:\\\/\\\/renatodias.online\\\/movimento\\\/wp-content\\\/uploads\\\/2019\\\/08\\\/S\u00e9rgio-Borges-Lucas-advogado-e1656352740588.jpg\",\"datePublished\":\"2022-07-02T15:55:30+00:00\",\"breadcrumb\":{\"@id\":\"https:\\\/\\\/renatodias.online\\\/movimento\\\/2022\\\/07\\\/02\\\/sergio-lucas-apoia-uugton-batista\\\/#breadcrumb\"},\"inLanguage\":\"pt-BR\",\"potentialAction\":[{\"@type\":\"ReadAction\",\"target\":[\"https:\\\/\\\/renatodias.online\\\/movimento\\\/2022\\\/07\\\/02\\\/sergio-lucas-apoia-uugton-batista\\\/\"]}]},{\"@type\":\"ImageObject\",\"inLanguage\":\"pt-BR\",\"@id\":\"https:\\\/\\\/renatodias.online\\\/movimento\\\/2022\\\/07\\\/02\\\/sergio-lucas-apoia-uugton-batista\\\/#primaryimage\",\"url\":\"https:\\\/\\\/renatodias.online\\\/movimento\\\/wp-content\\\/uploads\\\/2019\\\/08\\\/S\u00e9rgio-Borges-Lucas-advogado-e1656352740588.jpg\",\"contentUrl\":\"https:\\\/\\\/renatodias.online\\\/movimento\\\/wp-content\\\/uploads\\\/2019\\\/08\\\/S\u00e9rgio-Borges-Lucas-advogado-e1656352740588.jpg\",\"width\":360,\"height\":388,\"caption\":\"S\u00e9rgio Borges Lucas, advogado\"},{\"@type\":\"BreadcrumbList\",\"@id\":\"https:\\\/\\\/renatodias.online\\\/movimento\\\/2022\\\/07\\\/02\\\/sergio-lucas-apoia-uugton-batista\\\/#breadcrumb\",\"itemListElement\":[{\"@type\":\"ListItem\",\"position\":1,\"name\":\"In\u00edcio\",\"item\":\"https:\\\/\\\/renatodias.online\\\/movimento\\\/\"},{\"@type\":\"ListItem\",\"position\":2,\"name\":\"S\u00e9rgio Lucas apoia Uugton Batista\"}]},{\"@type\":\"WebSite\",\"@id\":\"https:\\\/\\\/renatodias.online\\\/movimento\\\/#website\",\"url\":\"https:\\\/\\\/renatodias.online\\\/movimento\\\/\",\"name\":\"\",\"description\":\"\",\"publisher\":{\"@id\":\"https:\\\/\\\/renatodias.online\\\/movimento\\\/#\\\/schema\\\/person\\\/bbab28833b1725a20f4083f49f1fb2a9\"},\"potentialAction\":[{\"@type\":\"SearchAction\",\"target\":{\"@type\":\"EntryPoint\",\"urlTemplate\":\"https:\\\/\\\/renatodias.online\\\/movimento\\\/?s={search_term_string}\"},\"query-input\":{\"@type\":\"PropertyValueSpecification\",\"valueRequired\":true,\"valueName\":\"search_term_string\"}}],\"inLanguage\":\"pt-BR\"},{\"@type\":[\"Person\",\"Organization\"],\"@id\":\"https:\\\/\\\/renatodias.online\\\/movimento\\\/#\\\/schema\\\/person\\\/bbab28833b1725a20f4083f49f1fb2a9\",\"name\":\"Renato Dias\",\"image\":{\"@type\":\"ImageObject\",\"inLanguage\":\"pt-BR\",\"@id\":\"https:\\\/\\\/renatodias.online\\\/movimento\\\/wp-content\\\/uploads\\\/2023\\\/03\\\/cropped-cropped-cropped-logofinal.jpeg\",\"url\":\"https:\\\/\\\/renatodias.online\\\/movimento\\\/wp-content\\\/uploads\\\/2023\\\/03\\\/cropped-cropped-cropped-logofinal.jpeg\",\"contentUrl\":\"https:\\\/\\\/renatodias.online\\\/movimento\\\/wp-content\\\/uploads\\\/2023\\\/03\\\/cropped-cropped-cropped-logofinal.jpeg\",\"width\":1280,\"height\":219,\"caption\":\"Renato Dias\"},\"logo\":{\"@id\":\"https:\\\/\\\/renatodias.online\\\/movimento\\\/wp-content\\\/uploads\\\/2023\\\/03\\\/cropped-cropped-cropped-logofinal.jpeg\"},\"description\":\"Renato Dias, 58 anos, \u00e9 graduado em Jornalismo, formado em Ci\u00eancias Sociais, com p\u00f3s-gradua\u00e7\u00e3o em Pol\u00edticas P\u00fablicas, mestre em Direito e Rela\u00e7\u00f5es Internacionais, ex-aluno extraordin\u00e1rio do Doutorado em Psicologia Social, ex-estudante do Curso de Psican\u00e1lise do Centro de Estudos Psicanal\u00edticos do Estado de Goi\u00e1s, ministrado pelo m\u00e9dico psiquiatra e psicanalista Daniel Em\u00eddio de Souza. \u00c9 autor de 30 livros-reportagem, oito document\u00e1rios, ganhou 30 pr\u00eamios e \u00e9 torcedor apaixonado do maior do Centro-Oeste, o Vila Nova Futebol Clube. Casado com Meirilane Dias, \u00e9 pai de Juliana Dias, jornalista; Daniel Dias, economista; e Maria Rosa Dias, estudante antifascista, socialista e trotskista.\u00a0Com tr\u00eas pets: Porquinho [Bull Dog Franc\u00eas], Dalila [Basset Hound] e Geleia [Basset Hound]. Al\u00e9m do eterno gato Tutuquinho, que virou estrela.\",\"sameAs\":[\"https:\\\/\\\/www.facebook.com\\\/renato.dias.37\",\"#breve\",\"https:\\\/\\\/renatodias.tumblr.com\\\/\"],\"url\":\"https:\\\/\\\/renatodias.online\\\/movimento\\\/author\\\/renatodias\\\/\"}]}<\/script>\n<!-- \/ Yoast SEO plugin. -->","yoast_head_json":{"title":"S\u00e9rgio Lucas apoia Uugton Batista -","robots":{"index":"index","follow":"follow","max-snippet":"max-snippet:-1","max-image-preview":"max-image-preview:large","max-video-preview":"max-video-preview:-1"},"canonical":"https:\/\/renatodias.online\/movimento\/2022\/07\/02\/sergio-lucas-apoia-uugton-batista\/","og_locale":"pt_BR","og_type":"article","og_title":"S\u00e9rgio Lucas apoia Uugton Batista -","og_description":"Com agenda liberal na economia e conservadora nos costumes Renato Dias O ex-presidente do PP em Goi\u00e2nia, ex-diretor administrativo e financeiro da Agetop e tamb\u00e9m da Ag\u00eancia Goiana de Regula\u00e7\u00e3o, S\u00e9rgio Borges Lucas, anuncia, hoje, o seu apoio \u00e0 pr\u00e9 &#8211; candidatura \u00e0 C\u00e2mara dos Deputados, em Bras\u00edlia [DF], a capital da Rep\u00fablica, do liberal","og_url":"https:\/\/renatodias.online\/movimento\/2022\/07\/02\/sergio-lucas-apoia-uugton-batista\/","article_publisher":"https:\/\/www.facebook.com\/renato.dias.37","article_author":"https:\/\/www.facebook.com\/renato.dias.37","article_published_time":"2022-07-02T15:55:30+00:00","og_image":[{"width":360,"height":388,"url":"https:\/\/renatodias.online\/movimento\/wp-content\/uploads\/2019\/08\/S\u00e9rgio-Borges-Lucas-advogado-e1656352740588.jpg","type":"image\/jpeg"}],"author":"Renato Dias","twitter_card":"summary_large_image","twitter_creator":"@RenatoDiasBat","twitter_site":"@RenatoDiasBat","twitter_misc":{"Escrito por":"Renato Dias","Est. tempo de leitura":"1 minuto"},"schema":{"@context":"https:\/\/schema.org","@graph":[{"@type":"Article","@id":"https:\/\/renatodias.online\/movimento\/2022\/07\/02\/sergio-lucas-apoia-uugton-batista\/#article","isPartOf":{"@id":"https:\/\/renatodias.online\/movimento\/2022\/07\/02\/sergio-lucas-apoia-uugton-batista\/"},"author":{"name":"Renato Dias","@id":"https:\/\/renatodias.online\/movimento\/#\/schema\/person\/bbab28833b1725a20f4083f49f1fb2a9"},"headline":"S\u00e9rgio Lucas apoia Uugton Batista","datePublished":"2022-07-02T15:55:30+00:00","mainEntityOfPage":{"@id":"https:\/\/renatodias.online\/movimento\/2022\/07\/02\/sergio-lucas-apoia-uugton-batista\/"},"wordCount":196,"commentCount":0,"publisher":{"@id":"https:\/\/renatodias.online\/movimento\/#\/schema\/person\/bbab28833b1725a20f4083f49f1fb2a9"},"image":{"@id":"https:\/\/renatodias.online\/movimento\/2022\/07\/02\/sergio-lucas-apoia-uugton-batista\/#primaryimage"},"thumbnailUrl":"https:\/\/renatodias.online\/movimento\/wp-content\/uploads\/2019\/08\/S\u00e9rgio-Borges-Lucas-advogado-e1656352740588.jpg","articleSection":["Entrevista"],"inLanguage":"pt-BR","potentialAction":[{"@type":"CommentAction","name":"Comment","target":["https:\/\/renatodias.online\/movimento\/2022\/07\/02\/sergio-lucas-apoia-uugton-batista\/#respond"]}]},{"@type":"WebPage","@id":"https:\/\/renatodias.online\/movimento\/2022\/07\/02\/sergio-lucas-apoia-uugton-batista\/","url":"https:\/\/renatodias.online\/movimento\/2022\/07\/02\/sergio-lucas-apoia-uugton-batista\/","name":"S\u00e9rgio Lucas apoia Uugton Batista -","isPartOf":{"@id":"https:\/\/renatodias.online\/movimento\/#website"},"primaryImageOfPage":{"@id":"https:\/\/renatodias.online\/movimento\/2022\/07\/02\/sergio-lucas-apoia-uugton-batista\/#primaryimage"},"image":{"@id":"https:\/\/renatodias.online\/movimento\/2022\/07\/02\/sergio-lucas-apoia-uugton-batista\/#primaryimage"},"thumbnailUrl":"https:\/\/renatodias.online\/movimento\/wp-content\/uploads\/2019\/08\/S\u00e9rgio-Borges-Lucas-advogado-e1656352740588.jpg","datePublished":"2022-07-02T15:55:30+00:00","breadcrumb":{"@id":"https:\/\/renatodias.online\/movimento\/2022\/07\/02\/sergio-lucas-apoia-uugton-batista\/#breadcrumb"},"inLanguage":"pt-BR","potentialAction":[{"@type":"ReadAction","target":["https:\/\/renatodias.online\/movimento\/2022\/07\/02\/sergio-lucas-apoia-uugton-batista\/"]}]},{"@type":"ImageObject","inLanguage":"pt-BR","@id":"https:\/\/renatodias.online\/movimento\/2022\/07\/02\/sergio-lucas-apoia-uugton-batista\/#primaryimage","url":"https:\/\/renatodias.online\/movimento\/wp-content\/uploads\/2019\/08\/S\u00e9rgio-Borges-Lucas-advogado-e1656352740588.jpg","contentUrl":"https:\/\/renatodias.online\/movimento\/wp-content\/uploads\/2019\/08\/S\u00e9rgio-Borges-Lucas-advogado-e1656352740588.jpg","width":360,"height":388,"caption":"S\u00e9rgio Borges Lucas, advogado"},{"@type":"BreadcrumbList","@id":"https:\/\/renatodias.online\/movimento\/2022\/07\/02\/sergio-lucas-apoia-uugton-batista\/#breadcrumb","itemListElement":[{"@type":"ListItem","position":1,"name":"In\u00edcio","item":"https:\/\/renatodias.online\/movimento\/"},{"@type":"ListItem","position":2,"name":"S\u00e9rgio Lucas apoia Uugton Batista"}]},{"@type":"WebSite","@id":"https:\/\/renatodias.online\/movimento\/#website","url":"https:\/\/renatodias.online\/movimento\/","name":"","description":"","publisher":{"@id":"https:\/\/renatodias.online\/movimento\/#\/schema\/person\/bbab28833b1725a20f4083f49f1fb2a9"},"potentialAction":[{"@type":"SearchAction","target":{"@type":"EntryPoint","urlTemplate":"https:\/\/renatodias.online\/movimento\/?s={search_term_string}"},"query-input":{"@type":"PropertyValueSpecification","valueRequired":true,"valueName":"search_term_string"}}],"inLanguage":"pt-BR"},{"@type":["Person","Organization"],"@id":"https:\/\/renatodias.online\/movimento\/#\/schema\/person\/bbab28833b1725a20f4083f49f1fb2a9","name":"Renato Dias","image":{"@type":"ImageObject","inLanguage":"pt-BR","@id":"https:\/\/renatodias.online\/movimento\/wp-content\/uploads\/2023\/03\/cropped-cropped-cropped-logofinal.jpeg","url":"https:\/\/renatodias.online\/movimento\/wp-content\/uploads\/2023\/03\/cropped-cropped-cropped-logofinal.jpeg","contentUrl":"https:\/\/renatodias.online\/movimento\/wp-content\/uploads\/2023\/03\/cropped-cropped-cropped-logofinal.jpeg","width":1280,"height":219,"caption":"Renato Dias"},"logo":{"@id":"https:\/\/renatodias.online\/movimento\/wp-content\/uploads\/2023\/03\/cropped-cropped-cropped-logofinal.jpeg"},"description":"Renato Dias, 58 anos, \u00e9 graduado em Jornalismo, formado em Ci\u00eancias Sociais, com p\u00f3s-gradua\u00e7\u00e3o em Pol\u00edticas P\u00fablicas, mestre em Direito e Rela\u00e7\u00f5es Internacionais, ex-aluno extraordin\u00e1rio do Doutorado em Psicologia Social, ex-estudante do Curso de Psican\u00e1lise do Centro de Estudos Psicanal\u00edticos do Estado de Goi\u00e1s, ministrado pelo m\u00e9dico psiquiatra e psicanalista Daniel Em\u00eddio de Souza. \u00c9 autor de 30 livros-reportagem, oito document\u00e1rios, ganhou 30 pr\u00eamios e \u00e9 torcedor apaixonado do maior do Centro-Oeste, o Vila Nova Futebol Clube. Casado com Meirilane Dias, \u00e9 pai de Juliana Dias, jornalista; Daniel Dias, economista; e Maria Rosa Dias, estudante antifascista, socialista e trotskista.\u00a0Com tr\u00eas pets: Porquinho [Bull Dog Franc\u00eas], Dalila [Basset Hound] e Geleia [Basset Hound]. Al\u00e9m do eterno gato Tutuquinho, que virou estrela.","sameAs":["https:\/\/www.facebook.com\/renato.dias.37","#breve","https:\/\/renatodias.tumblr.com\/"],"url":"https:\/\/renatodias.online\/movimento\/author\/renatodias\/"}]}},"_links":{"self":[{"href":"https:\/\/renatodias.online\/movimento\/wp-json\/wp\/v2\/posts\/13068","targetHints":{"allow":["GET"]}}],"collection":[{"href":"https:\/\/renatodias.online\/movimento\/wp-json\/wp\/v2\/posts"}],"about":[{"href":"https:\/\/renatodias.online\/movimento\/wp-json\/wp\/v2\/types\/post"}],"author":[{"embeddable":true,"href":"https:\/\/renatodias.online\/movimento\/wp-json\/wp\/v2\/users\/2"}],"replies":[{"embeddable":true,"href":"https:\/\/renatodias.online\/movimento\/wp-json\/wp\/v2\/comments?post=13068"}],"version-history":[{"count":1,"href":"https:\/\/renatodias.online\/movimento\/wp-json\/wp\/v2\/posts\/13068\/revisions"}],"predecessor-version":[{"id":13070,"href":"https:\/\/renatodias.online\/movimento\/wp-json\/wp\/v2\/posts\/13068\/revisions\/13070"}],"wp:featuredmedia":[{"embeddable":true,"href":"https:\/\/renatodias.online\/movimento\/wp-json\/wp\/v2\/media\/2240"}],"wp:attachment":[{"href":"https:\/\/renatodias.online\/movimento\/wp-json\/wp\/v2\/media?parent=13068"}],"wp:term":[{"taxonomy":"category","embeddable":true,"href":"https:\/\/renatodias.online\/movimento\/wp-json\/wp\/v2\/categories?post=13068"},{"taxonomy":"post_tag","embeddable":true,"href":"https:\/\/renatodias.online\/movimento\/wp-json\/wp\/v2\/tags?post=13068"}],"curies":[{"name":"wp","href":"https:\/\/api.w.org\/{rel}","templated":true}]}}