{"id":13031,"date":"2022-06-29T17:42:47","date_gmt":"2022-06-29T20:42:47","guid":{"rendered":"https:\/\/renatodias.online\/movimento\/?p=13031"},"modified":"2022-06-29T17:42:47","modified_gmt":"2022-06-29T20:42:47","slug":"fabiano-contarato-e-os-multiplos-interesses","status":"publish","type":"post","link":"https:\/\/renatodias.online\/movimento\/2022\/06\/29\/fabiano-contarato-e-os-multiplos-interesses\/","title":{"rendered":"Fabiano Contarato e os m\u00faltiplos interesses"},"content":{"rendered":"<p><img loading=\"lazy\" decoding=\"async\" class=\"wp-image-11649 size-full aligncenter\" src=\"https:\/\/renatodias.online\/movimento\/wp-content\/uploads\/2022\/04\/Artigo-de-Opiniao.jpg\" alt=\"\" width=\"600\" height=\"315\" \/><\/p>\n<h2 style=\"text-align: center;\"><strong><span style=\"color: #ff0000;\">Fabiano Contarato<\/span> <span style=\"color: #0000ff;\">e os<\/span> <span style=\"color: #800000;\">m\u00faltiplos interesses<\/span><\/strong><\/h2>\n<p><img loading=\"lazy\" decoding=\"async\" class=\"size-medium wp-image-11445 aligncenter\" src=\"https:\/\/renatodias.online\/movimento\/wp-content\/uploads\/2022\/03\/Eleicoes-de-2022-300x169.jpeg\" alt=\"\" width=\"300\" height=\"169\" srcset=\"https:\/\/renatodias.online\/movimento\/wp-content\/uploads\/2022\/03\/Eleicoes-de-2022-300x169.jpeg 300w, https:\/\/renatodias.online\/movimento\/wp-content\/uploads\/2022\/03\/Eleicoes-de-2022.jpeg 639w\" sizes=\"auto, (max-width: 300px) 100vw, 300px\" \/><\/p>\n<p><strong>Francisco Celso Calmon<\/strong><\/p>\n<p>A entrada do senador <strong>Fabiano Contarato<\/strong> no PT, bem como a sua candidatura ao governo do estado, traz potencialmente altera\u00e7\u00f5es profundas na pol\u00edtica do Esp\u00edrito Santo e na pol\u00edtica interna do PT. Para o ES, ele viabiliza um projeto alternativo ao da dupla oligarca, PH e Casa-Grande, que \u00e9 o projeto da ONG Esp\u00edrito Santo em A\u00e7\u00e3o. A sua candidatura, com certeza chegaria no segundo turno, e mesmo considerando as possibilidades dif\u00edceis, mas n\u00e3o imposs\u00edveis de vit\u00f3ria, seria como fincar um mastro no picadeiro da pol\u00edtica esp\u00edrito-santense, que nunca mais seria como est\u00e1 at\u00e9 o presente, ou seja, sem uma alternativa consequente a essa pol\u00edtica voltada prioritariamente aos interesses empresariais dessa dupla.<\/p>\n<p><img loading=\"lazy\" decoding=\"async\" class=\"size-medium wp-image-8352\" src=\"https:\/\/renatodias.online\/movimento\/wp-content\/uploads\/2021\/08\/Estrela-do-PT-286x300.jpg\" alt=\"\" width=\"286\" height=\"300\" \/><\/p>\n<p>O doravante seria inequivocamente eles (qualquer um deles com o mesmo projeto) versus n\u00f3s (com outro projeto) e estaria assegurado o retorno do protagonismo da esquerda e de um projeto popular para o ES. Da\u00ed em diante seria s\u00f3 crescimento, n\u00e3o haveria mais retorno ao status quo. Coliga\u00e7\u00f5es n\u00e3o seriam mais subalternas. N\u00e3o \u00e9 s\u00f3 isso que o senador Contarato e sua candidatura alteraria no cen\u00e1rio da pol\u00edtica local.\u00a0 A correla\u00e7\u00e3o de for\u00e7as das tend\u00eancias internas do PT tamb\u00e9m iria se alterar. Poderia, inclusive, ser pendular, dado a independ\u00eancia do Contarato.<\/p>\n<figure id=\"attachment_12669\" aria-describedby=\"caption-attachment-12669\" style=\"width: 927px\" class=\"wp-caption alignnone\"><img loading=\"lazy\" decoding=\"async\" class=\"wp-image-12669 size-full\" src=\"https:\/\/renatodias.online\/movimento\/wp-content\/uploads\/2022\/06\/Fabiano-Contarato.jpg\" alt=\"\" width=\"927\" height=\"618\" srcset=\"https:\/\/renatodias.online\/movimento\/wp-content\/uploads\/2022\/06\/Fabiano-Contarato.jpg 927w, https:\/\/renatodias.online\/movimento\/wp-content\/uploads\/2022\/06\/Fabiano-Contarato-300x200.jpg 300w, https:\/\/renatodias.online\/movimento\/wp-content\/uploads\/2022\/06\/Fabiano-Contarato-768x512.jpg 768w, https:\/\/renatodias.online\/movimento\/wp-content\/uploads\/2022\/06\/Fabiano-Contarato-360x240.jpg 360w, https:\/\/renatodias.online\/movimento\/wp-content\/uploads\/2022\/06\/Fabiano-Contarato-750x500.jpg 750w\" sizes=\"auto, (max-width: 927px) 100vw, 927px\" \/><figcaption id=\"caption-attachment-12669\" class=\"wp-caption-text\">S<strong>enador da Rep\u00fablica do PT, Fabiano Contarato<\/strong><\/figcaption><\/figure>\n<p>Os atuais majorit\u00e1rios poderiam n\u00e3o o ser mais, bem como, os minorit\u00e1rios tamb\u00e9m poderiam sofrer altera\u00e7\u00e3o, porque estaria na depend\u00eancia de como o senador se identificar\u00e1 e se comportar\u00e1 na pol\u00edtica interna do partido. As consequ\u00eancias da candidatura do Contarato mexem estruturalmente com a pol\u00edtica esp\u00edrito-santense e com o PT. Esta \u00e9 a macro raz\u00e3o que explica o comportamento n\u00e3o t\u00e3o entusi\u00e1stico de lideran\u00e7as do partido na luta pela afirma\u00e7\u00e3o dessa candidatura de Contarato a governador.<\/p>\n<blockquote>\n<h1><span style=\"color: #0000ff;\"><strong>O futuro n\u00e3o reservar\u00e1 oportunidade igual<\/strong><\/span><\/h1>\n<\/blockquote>\n<p>Os interesses intrincados de lideran\u00e7as petistas ora com PH, ora com Casa-Grande, com d\u00e9bitos e cr\u00e9ditos, seriam zerados com a assun\u00e7\u00e3o do Contarato, e isto mexe com neg\u00f3cios presentes e futuros. \u00c9 uma oportunidade hist\u00f3rica singular de modificar para melhor a pol\u00edtica no ES e no Partido dos Trabalhadores.\u00a0 O futuro n\u00e3o reservar\u00e1 oportunidade igual, mesmo que daqui a quatro anos o PT esteja com uma candidatura pr\u00f3pria, porque o cen\u00e1rio atual n\u00e3o ser\u00e1 o mesmo em 2026.<\/p>\n<blockquote>\n<h1><span style=\"color: #0000ff;\"><strong>A de romper com a mesmice interna e externa<\/strong><\/span><\/h1>\n<\/blockquote>\n<p>Como muitos j\u00e1 disseram: \u00e9 uma oportunidade \u00fanica de romper com a mesmice interna e externa. Por tudo, acho que Contarato deveria ser menos flex\u00edvel em rela\u00e7\u00e3o a eventual ordem nacional, assim como a milit\u00e2ncia deve permanecer unida e atuante sem baixar a bandeira Lula l\u00e1, Contarato c\u00e1.\u00a0 \u00a0 Os l\u00edderes n\u00e3o s\u00e3o oniscientes. J\u00e1 erraram tanto na dire\u00e7\u00e3o partid\u00e1ria como nos governos. Na pol\u00edtica n\u00e3o se deve seguir a m\u00e1xima da acomoda\u00e7\u00e3o \u201cde manda quem pode, obedece quem tem ju\u00edzo\u201d. Somos todos sujeitos da hist\u00f3ria. (Ou dever\u00edamos ser).<\/p>\n<figure id=\"attachment_8300\" aria-describedby=\"caption-attachment-8300\" style=\"width: 960px\" class=\"wp-caption alignnone\"><img loading=\"lazy\" decoding=\"async\" class=\"wp-image-8300 size-full\" src=\"https:\/\/renatodias.online\/movimento\/wp-content\/uploads\/2021\/08\/Francisco-Celso-Calmon-3-1.jpg\" alt=\"\" width=\"960\" height=\"960\" srcset=\"https:\/\/renatodias.online\/movimento\/wp-content\/uploads\/2021\/08\/Francisco-Celso-Calmon-3-1.jpg 960w, https:\/\/renatodias.online\/movimento\/wp-content\/uploads\/2021\/08\/Francisco-Celso-Calmon-3-1-300x300.jpg 300w, https:\/\/renatodias.online\/movimento\/wp-content\/uploads\/2021\/08\/Francisco-Celso-Calmon-3-1-150x150.jpg 150w, https:\/\/renatodias.online\/movimento\/wp-content\/uploads\/2021\/08\/Francisco-Celso-Calmon-3-1-768x768.jpg 768w, https:\/\/renatodias.online\/movimento\/wp-content\/uploads\/2021\/08\/Francisco-Celso-Calmon-3-1-750x750.jpg 750w\" sizes=\"auto, (max-width: 960px) 100vw, 960px\" \/><figcaption id=\"caption-attachment-8300\" class=\"wp-caption-text\"><strong>Francisco Celso Calmon<\/strong><\/figcaption><\/figure>\n","protected":false},"excerpt":{"rendered":"<p>Fabiano Contarato e os m\u00faltiplos interesses Francisco Celso Calmon A entrada do senador Fabiano Contarato no PT, bem como a sua candidatura ao governo do estado, traz potencialmente altera\u00e7\u00f5es profundas na pol\u00edtica do Esp\u00edrito Santo e na pol\u00edtica interna do PT. Para o ES, ele viabiliza um projeto alternativo ao da dupla oligarca, PH e<\/p>\n","protected":false},"author":2,"featured_media":12670,"comment_status":"open","ping_status":"open","sticky":false,"template":"","format":"standard","meta":{"_acf_changed":false,"_monsterinsights_skip_tracking":false,"_monsterinsights_sitenote_active":false,"_monsterinsights_sitenote_note":"","_monsterinsights_sitenote_category":0,"footnotes":""},"categories":[83],"tags":[],"class_list":["post-13031","post","type-post","status-publish","format-standard","has-post-thumbnail","hentry","category-opiniao"],"acf":[],"yoast_head":"<!-- This site is optimized with the Yoast SEO plugin v27.4 - https:\/\/yoast.com\/product\/yoast-seo-wordpress\/ -->\n<title>Fabiano Contarato e os m\u00faltiplos interesses -<\/title>\n<meta name=\"robots\" content=\"index, follow, max-snippet:-1, max-image-preview:large, max-video-preview:-1\" \/>\n<link rel=\"canonical\" href=\"https:\/\/renatodias.online\/movimento\/2022\/06\/29\/fabiano-contarato-e-os-multiplos-interesses\/\" \/>\n<meta property=\"og:locale\" content=\"pt_BR\" \/>\n<meta property=\"og:type\" content=\"article\" \/>\n<meta property=\"og:title\" content=\"Fabiano Contarato e os m\u00faltiplos interesses -\" \/>\n<meta property=\"og:description\" content=\"Fabiano Contarato e os m\u00faltiplos interesses Francisco Celso Calmon A entrada do senador Fabiano Contarato no PT, bem como a sua candidatura ao governo do estado, traz potencialmente altera\u00e7\u00f5es profundas na pol\u00edtica do Esp\u00edrito Santo e na pol\u00edtica interna do PT. Para o ES, ele viabiliza um projeto alternativo ao da dupla oligarca, PH e\" \/>\n<meta property=\"og:url\" content=\"https:\/\/renatodias.online\/movimento\/2022\/06\/29\/fabiano-contarato-e-os-multiplos-interesses\/\" \/>\n<meta property=\"article:publisher\" content=\"https:\/\/www.facebook.com\/renato.dias.37\" \/>\n<meta property=\"article:author\" content=\"https:\/\/www.facebook.com\/renato.dias.37\" \/>\n<meta property=\"article:published_time\" content=\"2022-06-29T20:42:47+00:00\" \/>\n<meta property=\"og:image\" content=\"https:\/\/renatodias.online\/movimento\/wp-content\/uploads\/2022\/06\/Fabiano-Contarato-link-e1654398023881.jpg\" \/>\n\t<meta property=\"og:image:width\" content=\"360\" \/>\n\t<meta property=\"og:image:height\" content=\"239\" \/>\n\t<meta property=\"og:image:type\" content=\"image\/jpeg\" \/>\n<meta name=\"author\" content=\"Renato Dias\" \/>\n<meta name=\"twitter:card\" content=\"summary_large_image\" \/>\n<meta name=\"twitter:creator\" content=\"@RenatoDiasBat\" \/>\n<meta name=\"twitter:site\" content=\"@RenatoDiasBat\" \/>\n<meta name=\"twitter:label1\" content=\"Escrito por\" \/>\n\t<meta name=\"twitter:data1\" content=\"Renato Dias\" \/>\n\t<meta name=\"twitter:label2\" content=\"Est. tempo de leitura\" \/>\n\t<meta name=\"twitter:data2\" content=\"3 minutos\" \/>\n<script type=\"application\/ld+json\" class=\"yoast-schema-graph\">{\"@context\":\"https:\\\/\\\/schema.org\",\"@graph\":[{\"@type\":\"Article\",\"@id\":\"https:\\\/\\\/renatodias.online\\\/movimento\\\/2022\\\/06\\\/29\\\/fabiano-contarato-e-os-multiplos-interesses\\\/#article\",\"isPartOf\":{\"@id\":\"https:\\\/\\\/renatodias.online\\\/movimento\\\/2022\\\/06\\\/29\\\/fabiano-contarato-e-os-multiplos-interesses\\\/\"},\"author\":{\"name\":\"Renato Dias\",\"@id\":\"https:\\\/\\\/renatodias.online\\\/movimento\\\/#\\\/schema\\\/person\\\/bbab28833b1725a20f4083f49f1fb2a9\"},\"headline\":\"Fabiano Contarato e os m\u00faltiplos interesses\",\"datePublished\":\"2022-06-29T20:42:47+00:00\",\"mainEntityOfPage\":{\"@id\":\"https:\\\/\\\/renatodias.online\\\/movimento\\\/2022\\\/06\\\/29\\\/fabiano-contarato-e-os-multiplos-interesses\\\/\"},\"wordCount\":564,\"commentCount\":0,\"publisher\":{\"@id\":\"https:\\\/\\\/renatodias.online\\\/movimento\\\/#\\\/schema\\\/person\\\/bbab28833b1725a20f4083f49f1fb2a9\"},\"image\":{\"@id\":\"https:\\\/\\\/renatodias.online\\\/movimento\\\/2022\\\/06\\\/29\\\/fabiano-contarato-e-os-multiplos-interesses\\\/#primaryimage\"},\"thumbnailUrl\":\"https:\\\/\\\/renatodias.online\\\/movimento\\\/wp-content\\\/uploads\\\/2022\\\/06\\\/Fabiano-Contarato-link-e1654398023881.jpg\",\"articleSection\":[\"Opini\u00e3o\"],\"inLanguage\":\"pt-BR\",\"potentialAction\":[{\"@type\":\"CommentAction\",\"name\":\"Comment\",\"target\":[\"https:\\\/\\\/renatodias.online\\\/movimento\\\/2022\\\/06\\\/29\\\/fabiano-contarato-e-os-multiplos-interesses\\\/#respond\"]}]},{\"@type\":\"WebPage\",\"@id\":\"https:\\\/\\\/renatodias.online\\\/movimento\\\/2022\\\/06\\\/29\\\/fabiano-contarato-e-os-multiplos-interesses\\\/\",\"url\":\"https:\\\/\\\/renatodias.online\\\/movimento\\\/2022\\\/06\\\/29\\\/fabiano-contarato-e-os-multiplos-interesses\\\/\",\"name\":\"Fabiano Contarato e os m\u00faltiplos interesses -\",\"isPartOf\":{\"@id\":\"https:\\\/\\\/renatodias.online\\\/movimento\\\/#website\"},\"primaryImageOfPage\":{\"@id\":\"https:\\\/\\\/renatodias.online\\\/movimento\\\/2022\\\/06\\\/29\\\/fabiano-contarato-e-os-multiplos-interesses\\\/#primaryimage\"},\"image\":{\"@id\":\"https:\\\/\\\/renatodias.online\\\/movimento\\\/2022\\\/06\\\/29\\\/fabiano-contarato-e-os-multiplos-interesses\\\/#primaryimage\"},\"thumbnailUrl\":\"https:\\\/\\\/renatodias.online\\\/movimento\\\/wp-content\\\/uploads\\\/2022\\\/06\\\/Fabiano-Contarato-link-e1654398023881.jpg\",\"datePublished\":\"2022-06-29T20:42:47+00:00\",\"breadcrumb\":{\"@id\":\"https:\\\/\\\/renatodias.online\\\/movimento\\\/2022\\\/06\\\/29\\\/fabiano-contarato-e-os-multiplos-interesses\\\/#breadcrumb\"},\"inLanguage\":\"pt-BR\",\"potentialAction\":[{\"@type\":\"ReadAction\",\"target\":[\"https:\\\/\\\/renatodias.online\\\/movimento\\\/2022\\\/06\\\/29\\\/fabiano-contarato-e-os-multiplos-interesses\\\/\"]}]},{\"@type\":\"ImageObject\",\"inLanguage\":\"pt-BR\",\"@id\":\"https:\\\/\\\/renatodias.online\\\/movimento\\\/2022\\\/06\\\/29\\\/fabiano-contarato-e-os-multiplos-interesses\\\/#primaryimage\",\"url\":\"https:\\\/\\\/renatodias.online\\\/movimento\\\/wp-content\\\/uploads\\\/2022\\\/06\\\/Fabiano-Contarato-link-e1654398023881.jpg\",\"contentUrl\":\"https:\\\/\\\/renatodias.online\\\/movimento\\\/wp-content\\\/uploads\\\/2022\\\/06\\\/Fabiano-Contarato-link-e1654398023881.jpg\",\"width\":360,\"height\":239,\"caption\":\"Fabiano Contarato\"},{\"@type\":\"BreadcrumbList\",\"@id\":\"https:\\\/\\\/renatodias.online\\\/movimento\\\/2022\\\/06\\\/29\\\/fabiano-contarato-e-os-multiplos-interesses\\\/#breadcrumb\",\"itemListElement\":[{\"@type\":\"ListItem\",\"position\":1,\"name\":\"In\u00edcio\",\"item\":\"https:\\\/\\\/renatodias.online\\\/movimento\\\/\"},{\"@type\":\"ListItem\",\"position\":2,\"name\":\"Fabiano Contarato e os m\u00faltiplos interesses\"}]},{\"@type\":\"WebSite\",\"@id\":\"https:\\\/\\\/renatodias.online\\\/movimento\\\/#website\",\"url\":\"https:\\\/\\\/renatodias.online\\\/movimento\\\/\",\"name\":\"\",\"description\":\"\",\"publisher\":{\"@id\":\"https:\\\/\\\/renatodias.online\\\/movimento\\\/#\\\/schema\\\/person\\\/bbab28833b1725a20f4083f49f1fb2a9\"},\"potentialAction\":[{\"@type\":\"SearchAction\",\"target\":{\"@type\":\"EntryPoint\",\"urlTemplate\":\"https:\\\/\\\/renatodias.online\\\/movimento\\\/?s={search_term_string}\"},\"query-input\":{\"@type\":\"PropertyValueSpecification\",\"valueRequired\":true,\"valueName\":\"search_term_string\"}}],\"inLanguage\":\"pt-BR\"},{\"@type\":[\"Person\",\"Organization\"],\"@id\":\"https:\\\/\\\/renatodias.online\\\/movimento\\\/#\\\/schema\\\/person\\\/bbab28833b1725a20f4083f49f1fb2a9\",\"name\":\"Renato Dias\",\"image\":{\"@type\":\"ImageObject\",\"inLanguage\":\"pt-BR\",\"@id\":\"https:\\\/\\\/renatodias.online\\\/movimento\\\/wp-content\\\/uploads\\\/2023\\\/03\\\/cropped-cropped-cropped-logofinal.jpeg\",\"url\":\"https:\\\/\\\/renatodias.online\\\/movimento\\\/wp-content\\\/uploads\\\/2023\\\/03\\\/cropped-cropped-cropped-logofinal.jpeg\",\"contentUrl\":\"https:\\\/\\\/renatodias.online\\\/movimento\\\/wp-content\\\/uploads\\\/2023\\\/03\\\/cropped-cropped-cropped-logofinal.jpeg\",\"width\":1280,\"height\":219,\"caption\":\"Renato Dias\"},\"logo\":{\"@id\":\"https:\\\/\\\/renatodias.online\\\/movimento\\\/wp-content\\\/uploads\\\/2023\\\/03\\\/cropped-cropped-cropped-logofinal.jpeg\"},\"description\":\"Renato Dias, 58 anos, \u00e9 graduado em Jornalismo, formado em Ci\u00eancias Sociais, com p\u00f3s-gradua\u00e7\u00e3o em Pol\u00edticas P\u00fablicas, mestre em Direito e Rela\u00e7\u00f5es Internacionais, ex-aluno extraordin\u00e1rio do Doutorado em Psicologia Social, ex-estudante do Curso de Psican\u00e1lise do Centro de Estudos Psicanal\u00edticos do Estado de Goi\u00e1s, ministrado pelo m\u00e9dico psiquiatra e psicanalista Daniel Em\u00eddio de Souza. \u00c9 autor de 30 livros-reportagem, oito document\u00e1rios, ganhou 30 pr\u00eamios e \u00e9 torcedor apaixonado do maior do Centro-Oeste, o Vila Nova Futebol Clube. Casado com Meirilane Dias, \u00e9 pai de Juliana Dias, jornalista; Daniel Dias, economista; e Maria Rosa Dias, estudante antifascista, socialista e trotskista.\u00a0Com tr\u00eas pets: Porquinho [Bull Dog Franc\u00eas], Dalila [Basset Hound] e Geleia [Basset Hound]. Al\u00e9m do eterno gato Tutuquinho, que virou estrela.\",\"sameAs\":[\"https:\\\/\\\/www.facebook.com\\\/renato.dias.37\",\"#breve\",\"https:\\\/\\\/renatodias.tumblr.com\\\/\"],\"url\":\"https:\\\/\\\/renatodias.online\\\/movimento\\\/author\\\/renatodias\\\/\"}]}<\/script>\n<!-- \/ Yoast SEO plugin. -->","yoast_head_json":{"title":"Fabiano Contarato e os m\u00faltiplos interesses -","robots":{"index":"index","follow":"follow","max-snippet":"max-snippet:-1","max-image-preview":"max-image-preview:large","max-video-preview":"max-video-preview:-1"},"canonical":"https:\/\/renatodias.online\/movimento\/2022\/06\/29\/fabiano-contarato-e-os-multiplos-interesses\/","og_locale":"pt_BR","og_type":"article","og_title":"Fabiano Contarato e os m\u00faltiplos interesses -","og_description":"Fabiano Contarato e os m\u00faltiplos interesses Francisco Celso Calmon A entrada do senador Fabiano Contarato no PT, bem como a sua candidatura ao governo do estado, traz potencialmente altera\u00e7\u00f5es profundas na pol\u00edtica do Esp\u00edrito Santo e na pol\u00edtica interna do PT. Para o ES, ele viabiliza um projeto alternativo ao da dupla oligarca, PH e","og_url":"https:\/\/renatodias.online\/movimento\/2022\/06\/29\/fabiano-contarato-e-os-multiplos-interesses\/","article_publisher":"https:\/\/www.facebook.com\/renato.dias.37","article_author":"https:\/\/www.facebook.com\/renato.dias.37","article_published_time":"2022-06-29T20:42:47+00:00","og_image":[{"width":360,"height":239,"url":"https:\/\/renatodias.online\/movimento\/wp-content\/uploads\/2022\/06\/Fabiano-Contarato-link-e1654398023881.jpg","type":"image\/jpeg"}],"author":"Renato Dias","twitter_card":"summary_large_image","twitter_creator":"@RenatoDiasBat","twitter_site":"@RenatoDiasBat","twitter_misc":{"Escrito por":"Renato Dias","Est. tempo de leitura":"3 minutos"},"schema":{"@context":"https:\/\/schema.org","@graph":[{"@type":"Article","@id":"https:\/\/renatodias.online\/movimento\/2022\/06\/29\/fabiano-contarato-e-os-multiplos-interesses\/#article","isPartOf":{"@id":"https:\/\/renatodias.online\/movimento\/2022\/06\/29\/fabiano-contarato-e-os-multiplos-interesses\/"},"author":{"name":"Renato Dias","@id":"https:\/\/renatodias.online\/movimento\/#\/schema\/person\/bbab28833b1725a20f4083f49f1fb2a9"},"headline":"Fabiano Contarato e os m\u00faltiplos interesses","datePublished":"2022-06-29T20:42:47+00:00","mainEntityOfPage":{"@id":"https:\/\/renatodias.online\/movimento\/2022\/06\/29\/fabiano-contarato-e-os-multiplos-interesses\/"},"wordCount":564,"commentCount":0,"publisher":{"@id":"https:\/\/renatodias.online\/movimento\/#\/schema\/person\/bbab28833b1725a20f4083f49f1fb2a9"},"image":{"@id":"https:\/\/renatodias.online\/movimento\/2022\/06\/29\/fabiano-contarato-e-os-multiplos-interesses\/#primaryimage"},"thumbnailUrl":"https:\/\/renatodias.online\/movimento\/wp-content\/uploads\/2022\/06\/Fabiano-Contarato-link-e1654398023881.jpg","articleSection":["Opini\u00e3o"],"inLanguage":"pt-BR","potentialAction":[{"@type":"CommentAction","name":"Comment","target":["https:\/\/renatodias.online\/movimento\/2022\/06\/29\/fabiano-contarato-e-os-multiplos-interesses\/#respond"]}]},{"@type":"WebPage","@id":"https:\/\/renatodias.online\/movimento\/2022\/06\/29\/fabiano-contarato-e-os-multiplos-interesses\/","url":"https:\/\/renatodias.online\/movimento\/2022\/06\/29\/fabiano-contarato-e-os-multiplos-interesses\/","name":"Fabiano Contarato e os m\u00faltiplos interesses -","isPartOf":{"@id":"https:\/\/renatodias.online\/movimento\/#website"},"primaryImageOfPage":{"@id":"https:\/\/renatodias.online\/movimento\/2022\/06\/29\/fabiano-contarato-e-os-multiplos-interesses\/#primaryimage"},"image":{"@id":"https:\/\/renatodias.online\/movimento\/2022\/06\/29\/fabiano-contarato-e-os-multiplos-interesses\/#primaryimage"},"thumbnailUrl":"https:\/\/renatodias.online\/movimento\/wp-content\/uploads\/2022\/06\/Fabiano-Contarato-link-e1654398023881.jpg","datePublished":"2022-06-29T20:42:47+00:00","breadcrumb":{"@id":"https:\/\/renatodias.online\/movimento\/2022\/06\/29\/fabiano-contarato-e-os-multiplos-interesses\/#breadcrumb"},"inLanguage":"pt-BR","potentialAction":[{"@type":"ReadAction","target":["https:\/\/renatodias.online\/movimento\/2022\/06\/29\/fabiano-contarato-e-os-multiplos-interesses\/"]}]},{"@type":"ImageObject","inLanguage":"pt-BR","@id":"https:\/\/renatodias.online\/movimento\/2022\/06\/29\/fabiano-contarato-e-os-multiplos-interesses\/#primaryimage","url":"https:\/\/renatodias.online\/movimento\/wp-content\/uploads\/2022\/06\/Fabiano-Contarato-link-e1654398023881.jpg","contentUrl":"https:\/\/renatodias.online\/movimento\/wp-content\/uploads\/2022\/06\/Fabiano-Contarato-link-e1654398023881.jpg","width":360,"height":239,"caption":"Fabiano Contarato"},{"@type":"BreadcrumbList","@id":"https:\/\/renatodias.online\/movimento\/2022\/06\/29\/fabiano-contarato-e-os-multiplos-interesses\/#breadcrumb","itemListElement":[{"@type":"ListItem","position":1,"name":"In\u00edcio","item":"https:\/\/renatodias.online\/movimento\/"},{"@type":"ListItem","position":2,"name":"Fabiano Contarato e os m\u00faltiplos interesses"}]},{"@type":"WebSite","@id":"https:\/\/renatodias.online\/movimento\/#website","url":"https:\/\/renatodias.online\/movimento\/","name":"","description":"","publisher":{"@id":"https:\/\/renatodias.online\/movimento\/#\/schema\/person\/bbab28833b1725a20f4083f49f1fb2a9"},"potentialAction":[{"@type":"SearchAction","target":{"@type":"EntryPoint","urlTemplate":"https:\/\/renatodias.online\/movimento\/?s={search_term_string}"},"query-input":{"@type":"PropertyValueSpecification","valueRequired":true,"valueName":"search_term_string"}}],"inLanguage":"pt-BR"},{"@type":["Person","Organization"],"@id":"https:\/\/renatodias.online\/movimento\/#\/schema\/person\/bbab28833b1725a20f4083f49f1fb2a9","name":"Renato Dias","image":{"@type":"ImageObject","inLanguage":"pt-BR","@id":"https:\/\/renatodias.online\/movimento\/wp-content\/uploads\/2023\/03\/cropped-cropped-cropped-logofinal.jpeg","url":"https:\/\/renatodias.online\/movimento\/wp-content\/uploads\/2023\/03\/cropped-cropped-cropped-logofinal.jpeg","contentUrl":"https:\/\/renatodias.online\/movimento\/wp-content\/uploads\/2023\/03\/cropped-cropped-cropped-logofinal.jpeg","width":1280,"height":219,"caption":"Renato Dias"},"logo":{"@id":"https:\/\/renatodias.online\/movimento\/wp-content\/uploads\/2023\/03\/cropped-cropped-cropped-logofinal.jpeg"},"description":"Renato Dias, 58 anos, \u00e9 graduado em Jornalismo, formado em Ci\u00eancias Sociais, com p\u00f3s-gradua\u00e7\u00e3o em Pol\u00edticas P\u00fablicas, mestre em Direito e Rela\u00e7\u00f5es Internacionais, ex-aluno extraordin\u00e1rio do Doutorado em Psicologia Social, ex-estudante do Curso de Psican\u00e1lise do Centro de Estudos Psicanal\u00edticos do Estado de Goi\u00e1s, ministrado pelo m\u00e9dico psiquiatra e psicanalista Daniel Em\u00eddio de Souza. \u00c9 autor de 30 livros-reportagem, oito document\u00e1rios, ganhou 30 pr\u00eamios e \u00e9 torcedor apaixonado do maior do Centro-Oeste, o Vila Nova Futebol Clube. Casado com Meirilane Dias, \u00e9 pai de Juliana Dias, jornalista; Daniel Dias, economista; e Maria Rosa Dias, estudante antifascista, socialista e trotskista.\u00a0Com tr\u00eas pets: Porquinho [Bull Dog Franc\u00eas], Dalila [Basset Hound] e Geleia [Basset Hound]. Al\u00e9m do eterno gato Tutuquinho, que virou estrela.","sameAs":["https:\/\/www.facebook.com\/renato.dias.37","#breve","https:\/\/renatodias.tumblr.com\/"],"url":"https:\/\/renatodias.online\/movimento\/author\/renatodias\/"}]}},"_links":{"self":[{"href":"https:\/\/renatodias.online\/movimento\/wp-json\/wp\/v2\/posts\/13031","targetHints":{"allow":["GET"]}}],"collection":[{"href":"https:\/\/renatodias.online\/movimento\/wp-json\/wp\/v2\/posts"}],"about":[{"href":"https:\/\/renatodias.online\/movimento\/wp-json\/wp\/v2\/types\/post"}],"author":[{"embeddable":true,"href":"https:\/\/renatodias.online\/movimento\/wp-json\/wp\/v2\/users\/2"}],"replies":[{"embeddable":true,"href":"https:\/\/renatodias.online\/movimento\/wp-json\/wp\/v2\/comments?post=13031"}],"version-history":[{"count":1,"href":"https:\/\/renatodias.online\/movimento\/wp-json\/wp\/v2\/posts\/13031\/revisions"}],"predecessor-version":[{"id":13032,"href":"https:\/\/renatodias.online\/movimento\/wp-json\/wp\/v2\/posts\/13031\/revisions\/13032"}],"wp:featuredmedia":[{"embeddable":true,"href":"https:\/\/renatodias.online\/movimento\/wp-json\/wp\/v2\/media\/12670"}],"wp:attachment":[{"href":"https:\/\/renatodias.online\/movimento\/wp-json\/wp\/v2\/media?parent=13031"}],"wp:term":[{"taxonomy":"category","embeddable":true,"href":"https:\/\/renatodias.online\/movimento\/wp-json\/wp\/v2\/categories?post=13031"},{"taxonomy":"post_tag","embeddable":true,"href":"https:\/\/renatodias.online\/movimento\/wp-json\/wp\/v2\/tags?post=13031"}],"curies":[{"name":"wp","href":"https:\/\/api.w.org\/{rel}","templated":true}]}}