{"id":13015,"date":"2022-06-29T17:18:58","date_gmt":"2022-06-29T20:18:58","guid":{"rendered":"https:\/\/renatodias.online\/movimento\/?p=13015"},"modified":"2022-06-29T17:18:58","modified_gmt":"2022-06-29T20:18:58","slug":"lissauer-vieira-articula-em-aparecida","status":"publish","type":"post","link":"https:\/\/renatodias.online\/movimento\/2022\/06\/29\/lissauer-vieira-articula-em-aparecida\/","title":{"rendered":"Lissauer Vieira articula em Aparecida"},"content":{"rendered":"<p><img loading=\"lazy\" decoding=\"async\" class=\"alignnone wp-image-5007 size-large\" src=\"https:\/\/renatodias.online\/movimento\/wp-content\/uploads\/2021\/01\/Alto-da-p\u00e1gina-Banner-Exclusivo-1024x311.png\" alt=\"\" width=\"1024\" height=\"311\" \/><\/p>\n<h1 style=\"text-align: center;\"><span style=\"color: #008080;\"><strong>Lissauer Vieira articula em Aparecida<\/strong><\/span><\/h1>\n<p style=\"text-align: center;\"><span style=\"color: #0000ff;\"><strong>Durante visita ao munic\u00edpio, o atual prefeito da cidade avaliou o peso pol\u00edtico do pr\u00e9-candidato ao Senado Federal na corrida eleitoral: \u201cvai ser a balan\u00e7a dessas elei\u00e7\u00f5es\u201d<\/strong><\/span><\/p>\n<p><strong> <img loading=\"lazy\" decoding=\"async\" class=\"size-full wp-image-11298 aligncenter\" src=\"https:\/\/renatodias.online\/movimento\/wp-content\/uploads\/2022\/03\/Entrevista-Especial.png\" alt=\"\" width=\"225\" height=\"225\" srcset=\"https:\/\/renatodias.online\/movimento\/wp-content\/uploads\/2022\/03\/Entrevista-Especial.png 225w, https:\/\/renatodias.online\/movimento\/wp-content\/uploads\/2022\/03\/Entrevista-Especial-150x150.png 150w\" sizes=\"auto, (max-width: 225px) 100vw, 225px\" \/><\/strong><\/p>\n<p><strong>Da Reda\u00e7\u00e3o<\/strong><\/p>\n<p>O presidente da Assembleia Legislativa do Estado de Goi\u00e1s (Alego) e pr\u00e9-candidato ao Senado Federal, Lissauer Vieira, juntamente com o deputado estadual Max Menezes e a vereadora de Aparecida de Goi\u00e2nia, Camila Rosa (todos do PSD), realizou uma s\u00e9rie de visitas institucionais no munic\u00edpio na de ter\u00e7a-feira (28). Os encontros foram realizados nas sedes da C\u00e2mara Municipal, Prefeitura e Associa\u00e7\u00e3o Comercial, Industrial e Empresarial da Regi\u00e3o Leste (ACIRLAG).<\/p>\n<figure id=\"attachment_13019\" aria-describedby=\"caption-attachment-13019\" style=\"width: 1140px\" class=\"wp-caption alignnone\"><img loading=\"lazy\" decoding=\"async\" class=\"wp-image-13019 size-large\" src=\"https:\/\/renatodias.online\/movimento\/wp-content\/uploads\/2022\/06\/Lissauer-Vieira-em-Aparecida-1-1537x1024.jpg\" alt=\"\" width=\"1140\" height=\"760\" srcset=\"https:\/\/renatodias.online\/movimento\/wp-content\/uploads\/2022\/06\/Lissauer-Vieira-em-Aparecida-1-1537x1024.jpg 1537w, https:\/\/renatodias.online\/movimento\/wp-content\/uploads\/2022\/06\/Lissauer-Vieira-em-Aparecida-1-300x200.jpg 300w, https:\/\/renatodias.online\/movimento\/wp-content\/uploads\/2022\/06\/Lissauer-Vieira-em-Aparecida-1-768x512.jpg 768w, https:\/\/renatodias.online\/movimento\/wp-content\/uploads\/2022\/06\/Lissauer-Vieira-em-Aparecida-1-1536x1023.jpg 1536w, https:\/\/renatodias.online\/movimento\/wp-content\/uploads\/2022\/06\/Lissauer-Vieira-em-Aparecida-1-360x240.jpg 360w, https:\/\/renatodias.online\/movimento\/wp-content\/uploads\/2022\/06\/Lissauer-Vieira-em-Aparecida-1-750x500.jpg 750w, https:\/\/renatodias.online\/movimento\/wp-content\/uploads\/2022\/06\/Lissauer-Vieira-em-Aparecida-1.jpg 1600w\" sizes=\"auto, (max-width: 1140px) 100vw, 1140px\" \/><figcaption id=\"caption-attachment-13019\" class=\"wp-caption-text\"><strong>Lissauer Vieira em Aparecida de Goi\u00e2nia<\/strong><\/figcaption><\/figure>\n<p>O prefeito Vilmar Mariano destacou apoio ao projeto pol\u00edtico de Lissauer. Em discurso, ele afirmou que independente do lado que o pr\u00e9-candidato estiver, Aparecida estar\u00e1 de portas abertas para ele. Vilmar ainda ressaltou o peso da decis\u00e3o do deputado nas elei\u00e7\u00f5es de 2022. \u201cPessoas como voc\u00ea sendo presidente da Assembleia, amanh\u00e3 Senador da Rep\u00fablica, ou vice-governador, nos faz acreditar na classe pol\u00edtica. N\u00e3o sabemos o que vai se definir ainda nos pr\u00f3ximos 45 dias que se d\u00e1 as conven\u00e7\u00f5es, sabemos que voc\u00ea vai ter que tomar uma posi\u00e7\u00e3o e a posi\u00e7\u00e3o que voc\u00ea tomar volto a dizer: Aparecida n\u00e3o tem porta fechada, voc\u00ea pode vim aqui a hora que voc\u00ea quiser, momento que voc\u00ea quiser vai estar conosco, quero muito que essa sua decis\u00e3o seja do lado da oposi\u00e7\u00e3o que est\u00e1 a\u00ed hoje para o estado de Goi\u00e1s\u201d, destacou.<\/p>\n<p>Outro ponto ressaltado pelo prefeito \u00e9 sobre a import\u00e2ncia pol\u00edtica de Lissauer nas elei\u00e7\u00f5es 2022. \u201cEst\u00e1 chegando as conven\u00e7\u00f5es e as conven\u00e7\u00f5es que v\u00e3o delinear o destino pol\u00edtico do nosso estado. E dentro desse delineamento voc\u00ea \u00e9 uma pe\u00e7a fundamental. Voc\u00ea \u00e9 o divisor de \u00e1guas, voc\u00ea \u00e9 o que vai ser a balan\u00e7a dessas elei\u00e7\u00f5es, voc\u00ea pode ter certeza disso. O lado que voc\u00ea tomar a sua decis\u00e3o pode ter certeza que vai ter um peso muito grande na decis\u00e3o final das elei\u00e7\u00f5es\u201d, acredita.<\/p>\n<p>A vereadora Camila Rosa tamb\u00e9m refor\u00e7ou o apoio \u00e0 pr\u00e9-candidatura de Lissauer. \u201cN\u00f3s sabemos que s\u00e3o verdadeiros atos que v\u00e3o reverberar positivamente para nossa cidade, para o nosso estado, para o nosso pa\u00eds. O senhor hoje est\u00e1 com o seu nome \u00e0 disposi\u00e7\u00e3o para continuar fazendo mais por Aparecida, por Goi\u00e1s, pelo Brasil e quero dizer do nosso apoio, conte com a gente. Aqui em Aparecida, o nosso diret\u00f3rio do PSD, n\u00f3s estaremos com o senhor, porque n\u00f3s sabemos que voc\u00ea estar\u00e1 conosco tamb\u00e9m\u201d, disse.<\/p>\n<p>J\u00e1 o deputado estadual Max Menezes, colega de Parlamento, falou sobre a conduta de Lissauer e da aprova\u00e7\u00e3o que o presidente tem dentro da Assembleia Legislativa. \u201cLissauer, eu fico muito feliz de poder te acompanhar aqui hoje, pela figura que voc\u00ea representa, n\u00e3o s\u00f3 como presidente da Assembleia Legislativa, mas principalmente da pessoa que \u00e9. Para quem n\u00e3o sabe, ele \u00e9 da regi\u00e3o do Sudoeste Goiano, l\u00e1 da cidade de Rio Verde, extremamente s\u00e9rio, extremamente dedicado, homem que toma posi\u00e7\u00f5es claras e que quando toma essas posi\u00e7\u00f5es, ele sabe exatamente onde quer chegar e geralmente \u00e9 levando muita gente junto, \u00e9 levando interesses que s\u00e3o coletivos. N\u00e3o \u00e9 homem que olha para o pr\u00f3prio umbigo, ele olha para o coletivo, olha para as pessoas que est\u00e3o ao seu lado. N\u00e3o \u00e9 \u00e0 toa que hoje n\u00e3o s\u00f3 foi reeleito na Assembleia, mas tamb\u00e9m tem o apoio quase que un\u00e2nime dos deputados para esse projeto que ele est\u00e1 a\u00ed colocando a p\u00fablico e colocando para an\u00e1lise de todos n\u00f3s, que \u00e9 para elei\u00e7\u00e3o daqui alguns dias no Senado Federal\u201d, afirmou.<\/p>\n<p>Lissauer agradeceu a confian\u00e7a e reconhecimento do prefeito e parlamentares destacando a import\u00e2ncia da cidade para o estado e manifestando apoio para contribuir com o desenvolvimento de Aparecida. \u201cN\u00f3s como pessoas p\u00fablicas, e eu como chefe do poder Legislativo do Estado de Goi\u00e1s, precisamos valorizar a for\u00e7a econ\u00f4mica que tem o munic\u00edpio de Aparecida. Uma regi\u00e3o estrategicamente muito bem localizada por estar na regi\u00e3o metropolitana da nossa capital e que tem um potencial enorme para crescer cada vez mais. Eu sei da import\u00e2ncia da valoriza\u00e7\u00e3o do nosso empres\u00e1rio, do nosso comerciante, do setor industrial, dos nossos produtores rurais, seja ele da agricultura familiar ou dos maiores produtores para o desenvolvimento econ\u00f4mico do estado e Aparecida ter\u00e1 sempre o meu apoio e considera\u00e7\u00e3o\u201d. Dos 35 vereadores do munic\u00edpio, 21 estiveram presentes na C\u00e2mara Municipal e na Prefeitura. E ainda, 18 secret\u00e1rios municipais acompanharam as visitas, al\u00e9m de empres\u00e1rios, representantes de entidades e pessoas ligadas ao setor produtivo.<\/p>\n<p><img loading=\"lazy\" decoding=\"async\" class=\"alignnone wp-image-13020 size-full\" src=\"https:\/\/renatodias.online\/movimento\/wp-content\/uploads\/2022\/06\/Lissauer-Vieira-em-Aparecida.jpg\" alt=\"\" width=\"1392\" height=\"928\" srcset=\"https:\/\/renatodias.online\/movimento\/wp-content\/uploads\/2022\/06\/Lissauer-Vieira-em-Aparecida.jpg 1392w, https:\/\/renatodias.online\/movimento\/wp-content\/uploads\/2022\/06\/Lissauer-Vieira-em-Aparecida-300x200.jpg 300w, https:\/\/renatodias.online\/movimento\/wp-content\/uploads\/2022\/06\/Lissauer-Vieira-em-Aparecida-768x512.jpg 768w, https:\/\/renatodias.online\/movimento\/wp-content\/uploads\/2022\/06\/Lissauer-Vieira-em-Aparecida-360x240.jpg 360w, https:\/\/renatodias.online\/movimento\/wp-content\/uploads\/2022\/06\/Lissauer-Vieira-em-Aparecida-750x500.jpg 750w\" sizes=\"auto, (max-width: 1392px) 100vw, 1392px\" \/><\/p>\n","protected":false},"excerpt":{"rendered":"<p>Lissauer Vieira articula em Aparecida Durante visita ao munic\u00edpio, o atual prefeito da cidade avaliou o peso pol\u00edtico do pr\u00e9-candidato ao Senado Federal na corrida eleitoral: \u201cvai ser a balan\u00e7a dessas elei\u00e7\u00f5es\u201d Da Reda\u00e7\u00e3o O presidente da Assembleia Legislativa do Estado de Goi\u00e1s (Alego) e pr\u00e9-candidato ao Senado Federal, Lissauer Vieira, juntamente com o deputado<\/p>\n","protected":false},"author":2,"featured_media":13018,"comment_status":"open","ping_status":"open","sticky":false,"template":"","format":"standard","meta":{"_acf_changed":false,"_monsterinsights_skip_tracking":false,"_monsterinsights_sitenote_active":false,"_monsterinsights_sitenote_note":"","_monsterinsights_sitenote_category":0,"footnotes":""},"categories":[4],"tags":[],"class_list":["post-13015","post","type-post","status-publish","format-standard","has-post-thumbnail","hentry","category-politica"],"acf":[],"yoast_head":"<!-- This site is optimized with the Yoast SEO plugin v27.4 - https:\/\/yoast.com\/product\/yoast-seo-wordpress\/ -->\n<title>Lissauer Vieira articula em Aparecida -<\/title>\n<meta name=\"robots\" content=\"index, follow, max-snippet:-1, max-image-preview:large, max-video-preview:-1\" \/>\n<link rel=\"canonical\" href=\"https:\/\/renatodias.online\/movimento\/2022\/06\/29\/lissauer-vieira-articula-em-aparecida\/\" \/>\n<meta property=\"og:locale\" content=\"pt_BR\" \/>\n<meta property=\"og:type\" content=\"article\" \/>\n<meta property=\"og:title\" content=\"Lissauer Vieira articula em Aparecida -\" \/>\n<meta property=\"og:description\" content=\"Lissauer Vieira articula em Aparecida Durante visita ao munic\u00edpio, o atual prefeito da cidade avaliou o peso pol\u00edtico do pr\u00e9-candidato ao Senado Federal na corrida eleitoral: \u201cvai ser a balan\u00e7a dessas elei\u00e7\u00f5es\u201d Da Reda\u00e7\u00e3o O presidente da Assembleia Legislativa do Estado de Goi\u00e1s (Alego) e pr\u00e9-candidato ao Senado Federal, Lissauer Vieira, juntamente com o deputado\" \/>\n<meta property=\"og:url\" content=\"https:\/\/renatodias.online\/movimento\/2022\/06\/29\/lissauer-vieira-articula-em-aparecida\/\" \/>\n<meta property=\"article:publisher\" content=\"https:\/\/www.facebook.com\/renato.dias.37\" \/>\n<meta property=\"article:author\" content=\"https:\/\/www.facebook.com\/renato.dias.37\" \/>\n<meta property=\"article:published_time\" content=\"2022-06-29T20:18:58+00:00\" \/>\n<meta property=\"og:image\" content=\"https:\/\/renatodias.online\/movimento\/wp-content\/uploads\/2022\/06\/Lissauer-Vieira-em-Aparecida-2-e1656533811156.jpg\" \/>\n\t<meta property=\"og:image:width\" content=\"360\" \/>\n\t<meta property=\"og:image:height\" content=\"240\" \/>\n\t<meta property=\"og:image:type\" content=\"image\/jpeg\" \/>\n<meta name=\"author\" content=\"Renato Dias\" \/>\n<meta name=\"twitter:card\" content=\"summary_large_image\" \/>\n<meta name=\"twitter:creator\" content=\"@RenatoDiasBat\" \/>\n<meta name=\"twitter:site\" content=\"@RenatoDiasBat\" \/>\n<meta name=\"twitter:label1\" content=\"Escrito por\" \/>\n\t<meta name=\"twitter:data1\" content=\"Renato Dias\" \/>\n\t<meta name=\"twitter:label2\" content=\"Est. tempo de leitura\" \/>\n\t<meta name=\"twitter:data2\" content=\"4 minutos\" \/>\n<script type=\"application\/ld+json\" class=\"yoast-schema-graph\">{\"@context\":\"https:\\\/\\\/schema.org\",\"@graph\":[{\"@type\":\"Article\",\"@id\":\"https:\\\/\\\/renatodias.online\\\/movimento\\\/2022\\\/06\\\/29\\\/lissauer-vieira-articula-em-aparecida\\\/#article\",\"isPartOf\":{\"@id\":\"https:\\\/\\\/renatodias.online\\\/movimento\\\/2022\\\/06\\\/29\\\/lissauer-vieira-articula-em-aparecida\\\/\"},\"author\":{\"name\":\"Renato Dias\",\"@id\":\"https:\\\/\\\/renatodias.online\\\/movimento\\\/#\\\/schema\\\/person\\\/bbab28833b1725a20f4083f49f1fb2a9\"},\"headline\":\"Lissauer Vieira articula em Aparecida\",\"datePublished\":\"2022-06-29T20:18:58+00:00\",\"mainEntityOfPage\":{\"@id\":\"https:\\\/\\\/renatodias.online\\\/movimento\\\/2022\\\/06\\\/29\\\/lissauer-vieira-articula-em-aparecida\\\/\"},\"wordCount\":839,\"commentCount\":0,\"publisher\":{\"@id\":\"https:\\\/\\\/renatodias.online\\\/movimento\\\/#\\\/schema\\\/person\\\/bbab28833b1725a20f4083f49f1fb2a9\"},\"image\":{\"@id\":\"https:\\\/\\\/renatodias.online\\\/movimento\\\/2022\\\/06\\\/29\\\/lissauer-vieira-articula-em-aparecida\\\/#primaryimage\"},\"thumbnailUrl\":\"https:\\\/\\\/renatodias.online\\\/movimento\\\/wp-content\\\/uploads\\\/2022\\\/06\\\/Lissauer-Vieira-em-Aparecida-2-e1656533811156.jpg\",\"articleSection\":[\"Pol\u00edtica\"],\"inLanguage\":\"pt-BR\",\"potentialAction\":[{\"@type\":\"CommentAction\",\"name\":\"Comment\",\"target\":[\"https:\\\/\\\/renatodias.online\\\/movimento\\\/2022\\\/06\\\/29\\\/lissauer-vieira-articula-em-aparecida\\\/#respond\"]}]},{\"@type\":\"WebPage\",\"@id\":\"https:\\\/\\\/renatodias.online\\\/movimento\\\/2022\\\/06\\\/29\\\/lissauer-vieira-articula-em-aparecida\\\/\",\"url\":\"https:\\\/\\\/renatodias.online\\\/movimento\\\/2022\\\/06\\\/29\\\/lissauer-vieira-articula-em-aparecida\\\/\",\"name\":\"Lissauer Vieira articula em Aparecida -\",\"isPartOf\":{\"@id\":\"https:\\\/\\\/renatodias.online\\\/movimento\\\/#website\"},\"primaryImageOfPage\":{\"@id\":\"https:\\\/\\\/renatodias.online\\\/movimento\\\/2022\\\/06\\\/29\\\/lissauer-vieira-articula-em-aparecida\\\/#primaryimage\"},\"image\":{\"@id\":\"https:\\\/\\\/renatodias.online\\\/movimento\\\/2022\\\/06\\\/29\\\/lissauer-vieira-articula-em-aparecida\\\/#primaryimage\"},\"thumbnailUrl\":\"https:\\\/\\\/renatodias.online\\\/movimento\\\/wp-content\\\/uploads\\\/2022\\\/06\\\/Lissauer-Vieira-em-Aparecida-2-e1656533811156.jpg\",\"datePublished\":\"2022-06-29T20:18:58+00:00\",\"breadcrumb\":{\"@id\":\"https:\\\/\\\/renatodias.online\\\/movimento\\\/2022\\\/06\\\/29\\\/lissauer-vieira-articula-em-aparecida\\\/#breadcrumb\"},\"inLanguage\":\"pt-BR\",\"potentialAction\":[{\"@type\":\"ReadAction\",\"target\":[\"https:\\\/\\\/renatodias.online\\\/movimento\\\/2022\\\/06\\\/29\\\/lissauer-vieira-articula-em-aparecida\\\/\"]}]},{\"@type\":\"ImageObject\",\"inLanguage\":\"pt-BR\",\"@id\":\"https:\\\/\\\/renatodias.online\\\/movimento\\\/2022\\\/06\\\/29\\\/lissauer-vieira-articula-em-aparecida\\\/#primaryimage\",\"url\":\"https:\\\/\\\/renatodias.online\\\/movimento\\\/wp-content\\\/uploads\\\/2022\\\/06\\\/Lissauer-Vieira-em-Aparecida-2-e1656533811156.jpg\",\"contentUrl\":\"https:\\\/\\\/renatodias.online\\\/movimento\\\/wp-content\\\/uploads\\\/2022\\\/06\\\/Lissauer-Vieira-em-Aparecida-2-e1656533811156.jpg\",\"width\":360,\"height\":240,\"caption\":\"Lissauer Vieira em Aparecida de Goi\u00e2nia\"},{\"@type\":\"BreadcrumbList\",\"@id\":\"https:\\\/\\\/renatodias.online\\\/movimento\\\/2022\\\/06\\\/29\\\/lissauer-vieira-articula-em-aparecida\\\/#breadcrumb\",\"itemListElement\":[{\"@type\":\"ListItem\",\"position\":1,\"name\":\"In\u00edcio\",\"item\":\"https:\\\/\\\/renatodias.online\\\/movimento\\\/\"},{\"@type\":\"ListItem\",\"position\":2,\"name\":\"Lissauer Vieira articula em Aparecida\"}]},{\"@type\":\"WebSite\",\"@id\":\"https:\\\/\\\/renatodias.online\\\/movimento\\\/#website\",\"url\":\"https:\\\/\\\/renatodias.online\\\/movimento\\\/\",\"name\":\"\",\"description\":\"\",\"publisher\":{\"@id\":\"https:\\\/\\\/renatodias.online\\\/movimento\\\/#\\\/schema\\\/person\\\/bbab28833b1725a20f4083f49f1fb2a9\"},\"potentialAction\":[{\"@type\":\"SearchAction\",\"target\":{\"@type\":\"EntryPoint\",\"urlTemplate\":\"https:\\\/\\\/renatodias.online\\\/movimento\\\/?s={search_term_string}\"},\"query-input\":{\"@type\":\"PropertyValueSpecification\",\"valueRequired\":true,\"valueName\":\"search_term_string\"}}],\"inLanguage\":\"pt-BR\"},{\"@type\":[\"Person\",\"Organization\"],\"@id\":\"https:\\\/\\\/renatodias.online\\\/movimento\\\/#\\\/schema\\\/person\\\/bbab28833b1725a20f4083f49f1fb2a9\",\"name\":\"Renato Dias\",\"image\":{\"@type\":\"ImageObject\",\"inLanguage\":\"pt-BR\",\"@id\":\"https:\\\/\\\/renatodias.online\\\/movimento\\\/wp-content\\\/uploads\\\/2023\\\/03\\\/cropped-cropped-cropped-logofinal.jpeg\",\"url\":\"https:\\\/\\\/renatodias.online\\\/movimento\\\/wp-content\\\/uploads\\\/2023\\\/03\\\/cropped-cropped-cropped-logofinal.jpeg\",\"contentUrl\":\"https:\\\/\\\/renatodias.online\\\/movimento\\\/wp-content\\\/uploads\\\/2023\\\/03\\\/cropped-cropped-cropped-logofinal.jpeg\",\"width\":1280,\"height\":219,\"caption\":\"Renato Dias\"},\"logo\":{\"@id\":\"https:\\\/\\\/renatodias.online\\\/movimento\\\/wp-content\\\/uploads\\\/2023\\\/03\\\/cropped-cropped-cropped-logofinal.jpeg\"},\"description\":\"Renato Dias, 58 anos, \u00e9 graduado em Jornalismo, formado em Ci\u00eancias Sociais, com p\u00f3s-gradua\u00e7\u00e3o em Pol\u00edticas P\u00fablicas, mestre em Direito e Rela\u00e7\u00f5es Internacionais, ex-aluno extraordin\u00e1rio do Doutorado em Psicologia Social, ex-estudante do Curso de Psican\u00e1lise do Centro de Estudos Psicanal\u00edticos do Estado de Goi\u00e1s, ministrado pelo m\u00e9dico psiquiatra e psicanalista Daniel Em\u00eddio de Souza. \u00c9 autor de 30 livros-reportagem, oito document\u00e1rios, ganhou 30 pr\u00eamios e \u00e9 torcedor apaixonado do maior do Centro-Oeste, o Vila Nova Futebol Clube. Casado com Meirilane Dias, \u00e9 pai de Juliana Dias, jornalista; Daniel Dias, economista; e Maria Rosa Dias, estudante antifascista, socialista e trotskista.\u00a0Com tr\u00eas pets: Porquinho [Bull Dog Franc\u00eas], Dalila [Basset Hound] e Geleia [Basset Hound]. Al\u00e9m do eterno gato Tutuquinho, que virou estrela.\",\"sameAs\":[\"https:\\\/\\\/www.facebook.com\\\/renato.dias.37\",\"#breve\",\"https:\\\/\\\/renatodias.tumblr.com\\\/\"],\"url\":\"https:\\\/\\\/renatodias.online\\\/movimento\\\/author\\\/renatodias\\\/\"}]}<\/script>\n<!-- \/ Yoast SEO plugin. -->","yoast_head_json":{"title":"Lissauer Vieira articula em Aparecida -","robots":{"index":"index","follow":"follow","max-snippet":"max-snippet:-1","max-image-preview":"max-image-preview:large","max-video-preview":"max-video-preview:-1"},"canonical":"https:\/\/renatodias.online\/movimento\/2022\/06\/29\/lissauer-vieira-articula-em-aparecida\/","og_locale":"pt_BR","og_type":"article","og_title":"Lissauer Vieira articula em Aparecida -","og_description":"Lissauer Vieira articula em Aparecida Durante visita ao munic\u00edpio, o atual prefeito da cidade avaliou o peso pol\u00edtico do pr\u00e9-candidato ao Senado Federal na corrida eleitoral: \u201cvai ser a balan\u00e7a dessas elei\u00e7\u00f5es\u201d Da Reda\u00e7\u00e3o O presidente da Assembleia Legislativa do Estado de Goi\u00e1s (Alego) e pr\u00e9-candidato ao Senado Federal, Lissauer Vieira, juntamente com o deputado","og_url":"https:\/\/renatodias.online\/movimento\/2022\/06\/29\/lissauer-vieira-articula-em-aparecida\/","article_publisher":"https:\/\/www.facebook.com\/renato.dias.37","article_author":"https:\/\/www.facebook.com\/renato.dias.37","article_published_time":"2022-06-29T20:18:58+00:00","og_image":[{"width":360,"height":240,"url":"https:\/\/renatodias.online\/movimento\/wp-content\/uploads\/2022\/06\/Lissauer-Vieira-em-Aparecida-2-e1656533811156.jpg","type":"image\/jpeg"}],"author":"Renato Dias","twitter_card":"summary_large_image","twitter_creator":"@RenatoDiasBat","twitter_site":"@RenatoDiasBat","twitter_misc":{"Escrito por":"Renato Dias","Est. tempo de leitura":"4 minutos"},"schema":{"@context":"https:\/\/schema.org","@graph":[{"@type":"Article","@id":"https:\/\/renatodias.online\/movimento\/2022\/06\/29\/lissauer-vieira-articula-em-aparecida\/#article","isPartOf":{"@id":"https:\/\/renatodias.online\/movimento\/2022\/06\/29\/lissauer-vieira-articula-em-aparecida\/"},"author":{"name":"Renato Dias","@id":"https:\/\/renatodias.online\/movimento\/#\/schema\/person\/bbab28833b1725a20f4083f49f1fb2a9"},"headline":"Lissauer Vieira articula em Aparecida","datePublished":"2022-06-29T20:18:58+00:00","mainEntityOfPage":{"@id":"https:\/\/renatodias.online\/movimento\/2022\/06\/29\/lissauer-vieira-articula-em-aparecida\/"},"wordCount":839,"commentCount":0,"publisher":{"@id":"https:\/\/renatodias.online\/movimento\/#\/schema\/person\/bbab28833b1725a20f4083f49f1fb2a9"},"image":{"@id":"https:\/\/renatodias.online\/movimento\/2022\/06\/29\/lissauer-vieira-articula-em-aparecida\/#primaryimage"},"thumbnailUrl":"https:\/\/renatodias.online\/movimento\/wp-content\/uploads\/2022\/06\/Lissauer-Vieira-em-Aparecida-2-e1656533811156.jpg","articleSection":["Pol\u00edtica"],"inLanguage":"pt-BR","potentialAction":[{"@type":"CommentAction","name":"Comment","target":["https:\/\/renatodias.online\/movimento\/2022\/06\/29\/lissauer-vieira-articula-em-aparecida\/#respond"]}]},{"@type":"WebPage","@id":"https:\/\/renatodias.online\/movimento\/2022\/06\/29\/lissauer-vieira-articula-em-aparecida\/","url":"https:\/\/renatodias.online\/movimento\/2022\/06\/29\/lissauer-vieira-articula-em-aparecida\/","name":"Lissauer Vieira articula em Aparecida -","isPartOf":{"@id":"https:\/\/renatodias.online\/movimento\/#website"},"primaryImageOfPage":{"@id":"https:\/\/renatodias.online\/movimento\/2022\/06\/29\/lissauer-vieira-articula-em-aparecida\/#primaryimage"},"image":{"@id":"https:\/\/renatodias.online\/movimento\/2022\/06\/29\/lissauer-vieira-articula-em-aparecida\/#primaryimage"},"thumbnailUrl":"https:\/\/renatodias.online\/movimento\/wp-content\/uploads\/2022\/06\/Lissauer-Vieira-em-Aparecida-2-e1656533811156.jpg","datePublished":"2022-06-29T20:18:58+00:00","breadcrumb":{"@id":"https:\/\/renatodias.online\/movimento\/2022\/06\/29\/lissauer-vieira-articula-em-aparecida\/#breadcrumb"},"inLanguage":"pt-BR","potentialAction":[{"@type":"ReadAction","target":["https:\/\/renatodias.online\/movimento\/2022\/06\/29\/lissauer-vieira-articula-em-aparecida\/"]}]},{"@type":"ImageObject","inLanguage":"pt-BR","@id":"https:\/\/renatodias.online\/movimento\/2022\/06\/29\/lissauer-vieira-articula-em-aparecida\/#primaryimage","url":"https:\/\/renatodias.online\/movimento\/wp-content\/uploads\/2022\/06\/Lissauer-Vieira-em-Aparecida-2-e1656533811156.jpg","contentUrl":"https:\/\/renatodias.online\/movimento\/wp-content\/uploads\/2022\/06\/Lissauer-Vieira-em-Aparecida-2-e1656533811156.jpg","width":360,"height":240,"caption":"Lissauer Vieira em Aparecida de Goi\u00e2nia"},{"@type":"BreadcrumbList","@id":"https:\/\/renatodias.online\/movimento\/2022\/06\/29\/lissauer-vieira-articula-em-aparecida\/#breadcrumb","itemListElement":[{"@type":"ListItem","position":1,"name":"In\u00edcio","item":"https:\/\/renatodias.online\/movimento\/"},{"@type":"ListItem","position":2,"name":"Lissauer Vieira articula em Aparecida"}]},{"@type":"WebSite","@id":"https:\/\/renatodias.online\/movimento\/#website","url":"https:\/\/renatodias.online\/movimento\/","name":"","description":"","publisher":{"@id":"https:\/\/renatodias.online\/movimento\/#\/schema\/person\/bbab28833b1725a20f4083f49f1fb2a9"},"potentialAction":[{"@type":"SearchAction","target":{"@type":"EntryPoint","urlTemplate":"https:\/\/renatodias.online\/movimento\/?s={search_term_string}"},"query-input":{"@type":"PropertyValueSpecification","valueRequired":true,"valueName":"search_term_string"}}],"inLanguage":"pt-BR"},{"@type":["Person","Organization"],"@id":"https:\/\/renatodias.online\/movimento\/#\/schema\/person\/bbab28833b1725a20f4083f49f1fb2a9","name":"Renato Dias","image":{"@type":"ImageObject","inLanguage":"pt-BR","@id":"https:\/\/renatodias.online\/movimento\/wp-content\/uploads\/2023\/03\/cropped-cropped-cropped-logofinal.jpeg","url":"https:\/\/renatodias.online\/movimento\/wp-content\/uploads\/2023\/03\/cropped-cropped-cropped-logofinal.jpeg","contentUrl":"https:\/\/renatodias.online\/movimento\/wp-content\/uploads\/2023\/03\/cropped-cropped-cropped-logofinal.jpeg","width":1280,"height":219,"caption":"Renato Dias"},"logo":{"@id":"https:\/\/renatodias.online\/movimento\/wp-content\/uploads\/2023\/03\/cropped-cropped-cropped-logofinal.jpeg"},"description":"Renato Dias, 58 anos, \u00e9 graduado em Jornalismo, formado em Ci\u00eancias Sociais, com p\u00f3s-gradua\u00e7\u00e3o em Pol\u00edticas P\u00fablicas, mestre em Direito e Rela\u00e7\u00f5es Internacionais, ex-aluno extraordin\u00e1rio do Doutorado em Psicologia Social, ex-estudante do Curso de Psican\u00e1lise do Centro de Estudos Psicanal\u00edticos do Estado de Goi\u00e1s, ministrado pelo m\u00e9dico psiquiatra e psicanalista Daniel Em\u00eddio de Souza. \u00c9 autor de 30 livros-reportagem, oito document\u00e1rios, ganhou 30 pr\u00eamios e \u00e9 torcedor apaixonado do maior do Centro-Oeste, o Vila Nova Futebol Clube. Casado com Meirilane Dias, \u00e9 pai de Juliana Dias, jornalista; Daniel Dias, economista; e Maria Rosa Dias, estudante antifascista, socialista e trotskista.\u00a0Com tr\u00eas pets: Porquinho [Bull Dog Franc\u00eas], Dalila [Basset Hound] e Geleia [Basset Hound]. Al\u00e9m do eterno gato Tutuquinho, que virou estrela.","sameAs":["https:\/\/www.facebook.com\/renato.dias.37","#breve","https:\/\/renatodias.tumblr.com\/"],"url":"https:\/\/renatodias.online\/movimento\/author\/renatodias\/"}]}},"_links":{"self":[{"href":"https:\/\/renatodias.online\/movimento\/wp-json\/wp\/v2\/posts\/13015","targetHints":{"allow":["GET"]}}],"collection":[{"href":"https:\/\/renatodias.online\/movimento\/wp-json\/wp\/v2\/posts"}],"about":[{"href":"https:\/\/renatodias.online\/movimento\/wp-json\/wp\/v2\/types\/post"}],"author":[{"embeddable":true,"href":"https:\/\/renatodias.online\/movimento\/wp-json\/wp\/v2\/users\/2"}],"replies":[{"embeddable":true,"href":"https:\/\/renatodias.online\/movimento\/wp-json\/wp\/v2\/comments?post=13015"}],"version-history":[{"count":1,"href":"https:\/\/renatodias.online\/movimento\/wp-json\/wp\/v2\/posts\/13015\/revisions"}],"predecessor-version":[{"id":13021,"href":"https:\/\/renatodias.online\/movimento\/wp-json\/wp\/v2\/posts\/13015\/revisions\/13021"}],"wp:featuredmedia":[{"embeddable":true,"href":"https:\/\/renatodias.online\/movimento\/wp-json\/wp\/v2\/media\/13018"}],"wp:attachment":[{"href":"https:\/\/renatodias.online\/movimento\/wp-json\/wp\/v2\/media?parent=13015"}],"wp:term":[{"taxonomy":"category","embeddable":true,"href":"https:\/\/renatodias.online\/movimento\/wp-json\/wp\/v2\/categories?post=13015"},{"taxonomy":"post_tag","embeddable":true,"href":"https:\/\/renatodias.online\/movimento\/wp-json\/wp\/v2\/tags?post=13015"}],"curies":[{"name":"wp","href":"https:\/\/api.w.org\/{rel}","templated":true}]}}