{"id":13011,"date":"2022-06-29T17:09:39","date_gmt":"2022-06-29T20:09:39","guid":{"rendered":"https:\/\/renatodias.online\/movimento\/?p=13011"},"modified":"2022-06-29T17:09:39","modified_gmt":"2022-06-29T20:09:39","slug":"railton-exige-saida-de-presidente-da-cef","status":"publish","type":"post","link":"https:\/\/renatodias.online\/movimento\/2022\/06\/29\/railton-exige-saida-de-presidente-da-cef\/","title":{"rendered":"Railton exige sa\u00edda de presidente da CEF"},"content":{"rendered":"<p><img loading=\"lazy\" decoding=\"async\" class=\"alignnone wp-image-10621 size-full\" src=\"https:\/\/renatodias.online\/movimento\/wp-content\/uploads\/2022\/01\/Escandalos.jpg\" alt=\"\" width=\"1280\" height=\"720\" \/><\/p>\n<figure id=\"attachment_5888\" aria-describedby=\"caption-attachment-5888\" style=\"width: 150px\" class=\"wp-caption aligncenter\"><img loading=\"lazy\" decoding=\"async\" class=\"wp-image-5888 size-thumbnail\" src=\"https:\/\/renatodias.online\/movimento\/wp-content\/uploads\/2021\/04\/Bomba-A-morte-da-Politica-150x150.jpg\" alt=\"explosivo\" width=\"150\" height=\"150\" \/><figcaption id=\"caption-attachment-5888\" class=\"wp-caption-text\"><span style=\"color: #ff6600;\"><strong>explosivo<\/strong><\/span><\/figcaption><\/figure>\n<h2 style=\"text-align: center;\"><span style=\"color: #008000;\"><strong>Pedro Guimar\u00e3es \u00e9 acusado de ass\u00e9dio sexual<\/strong><\/span><\/h2>\n<p><img loading=\"lazy\" decoding=\"async\" class=\"size-full wp-image-11298 aligncenter\" src=\"https:\/\/renatodias.online\/movimento\/wp-content\/uploads\/2022\/03\/Entrevista-Especial.png\" alt=\"\" width=\"225\" height=\"225\" srcset=\"https:\/\/renatodias.online\/movimento\/wp-content\/uploads\/2022\/03\/Entrevista-Especial.png 225w, https:\/\/renatodias.online\/movimento\/wp-content\/uploads\/2022\/03\/Entrevista-Especial-150x150.png 150w\" sizes=\"auto, (max-width: 225px) 100vw, 225px\" \/><\/p>\n<p style=\"text-align: center;\"><span style=\"color: #0000ff;\"><strong>Minist\u00e9rio P\u00fablico investiga novo esc\u00e2ndalo no Governo Federal\u00a0<\/strong><\/span><\/p>\n<figure id=\"attachment_13012\" aria-describedby=\"caption-attachment-13012\" style=\"width: 1170px\" class=\"wp-caption alignnone\"><img loading=\"lazy\" decoding=\"async\" class=\"wp-image-13012 size-full\" src=\"https:\/\/renatodias.online\/movimento\/wp-content\/uploads\/2022\/06\/Pedro-Guimaraes-CEF.jpg\" alt=\"\" width=\"1170\" height=\"700\" srcset=\"https:\/\/renatodias.online\/movimento\/wp-content\/uploads\/2022\/06\/Pedro-Guimaraes-CEF.jpg 1170w, https:\/\/renatodias.online\/movimento\/wp-content\/uploads\/2022\/06\/Pedro-Guimaraes-CEF-300x179.jpg 300w, https:\/\/renatodias.online\/movimento\/wp-content\/uploads\/2022\/06\/Pedro-Guimaraes-CEF-768x459.jpg 768w, https:\/\/renatodias.online\/movimento\/wp-content\/uploads\/2022\/06\/Pedro-Guimaraes-CEF-750x449.jpg 750w\" sizes=\"auto, (max-width: 1170px) 100vw, 1170px\" \/><figcaption id=\"caption-attachment-13012\" class=\"wp-caption-text\"><strong>O presidente da Caixa, Pedro Guimar\u00e3es<\/strong><\/figcaption><\/figure>\n<p><strong>Renato Dias<\/strong><\/p>\n<p>O MP deve investigar e dar transpar\u00eancia \u00e0s den\u00fancias de ass\u00e9dio sexual contra o atual presidente da Caixa Econ\u00f4mica Federal [CEF], Pedro Tavares, acusado por cinco mulheres funcion\u00e1rias da institui\u00e7\u00e3o financeira. \u00c9 o que afirma, em tom de indigna\u00e7\u00e3o, ao <strong>Portal de Not\u00edcias www.renatodias.online<\/strong>, o presidente do PC do B em Goi\u00e2nia, <strong><span style=\"color: #ff0000;\">Railton Nascimento<\/span><\/strong>.<\/p>\n<blockquote>\n<h1><span style=\"color: #ff00ff;\"><strong>Sexista, mis\u00f3gino, machista. Um desrespeito \u00e0s mulheres<\/strong><\/span><\/h1>\n<\/blockquote>\n<p><span style=\"color: #ff0000;\"><strong>Railton Nascimento<\/strong><\/span><\/p>\n<p>A sua perman\u00eancia no cargo, na CEF, hoje, \u00e9 insustent\u00e1vel, desabafa o pr\u00e9 &#8211; candidato a deputado federal da Federa\u00e7\u00e3o Nacional Brasil Esperan\u00e7a [FBE], integrada por PT, PC do B e PV. O Brasil aparece tamb\u00e9m no topo do ranking mundial de viol\u00eancia contra as mulheres, em casos de feminicidios e de registros de ass\u00e9dio sexual e moral, relata o fil\u00f3sofo marxista com exclusividade.<\/p>\n<blockquote>\n<h1><span style=\"color: #ff00ff;\"><strong>A perman\u00eancia de Pedro Guimar\u00e3es na CEF \u00e9 insustent\u00e1vel<\/strong><\/span><\/h1>\n<\/blockquote>\n<p><span style=\"color: #ff0000;\"><strong>Railton Nascimento<\/strong><\/span><\/p>\n<figure id=\"attachment_13013\" aria-describedby=\"caption-attachment-13013\" style=\"width: 1170px\" class=\"wp-caption alignnone\"><img loading=\"lazy\" decoding=\"async\" class=\"wp-image-13013 size-full\" src=\"https:\/\/renatodias.online\/movimento\/wp-content\/uploads\/2022\/06\/Pedro-Guimaraes-1.jpg\" alt=\"\" width=\"1170\" height=\"700\" srcset=\"https:\/\/renatodias.online\/movimento\/wp-content\/uploads\/2022\/06\/Pedro-Guimaraes-1.jpg 1170w, https:\/\/renatodias.online\/movimento\/wp-content\/uploads\/2022\/06\/Pedro-Guimaraes-1-300x179.jpg 300w, https:\/\/renatodias.online\/movimento\/wp-content\/uploads\/2022\/06\/Pedro-Guimaraes-1-768x459.jpg 768w, https:\/\/renatodias.online\/movimento\/wp-content\/uploads\/2022\/06\/Pedro-Guimaraes-1-750x449.jpg 750w\" sizes=\"auto, (max-width: 1170px) 100vw, 1170px\" \/><figcaption id=\"caption-attachment-13013\" class=\"wp-caption-text\"><strong>Pedro Guimar\u00e3es<\/strong><\/figcaption><\/figure>\n","protected":false},"excerpt":{"rendered":"<p>Pedro Guimar\u00e3es \u00e9 acusado de ass\u00e9dio sexual Minist\u00e9rio P\u00fablico investiga novo esc\u00e2ndalo no Governo Federal\u00a0 Renato Dias O MP deve investigar e dar transpar\u00eancia \u00e0s den\u00fancias de ass\u00e9dio sexual contra o atual presidente da Caixa Econ\u00f4mica Federal [CEF], Pedro Tavares, acusado por cinco mulheres funcion\u00e1rias da institui\u00e7\u00e3o financeira. \u00c9 o que afirma, em tom de<\/p>\n","protected":false},"author":2,"featured_media":6659,"comment_status":"open","ping_status":"open","sticky":false,"template":"","format":"standard","meta":{"_acf_changed":false,"_monsterinsights_skip_tracking":false,"_monsterinsights_sitenote_active":false,"_monsterinsights_sitenote_note":"","_monsterinsights_sitenote_category":0,"footnotes":""},"categories":[57],"tags":[],"class_list":["post-13011","post","type-post","status-publish","format-standard","has-post-thumbnail","hentry","category-entrevista"],"acf":[],"yoast_head":"<!-- This site is optimized with the Yoast SEO plugin v27.4 - https:\/\/yoast.com\/product\/yoast-seo-wordpress\/ -->\n<title>Railton exige sa\u00edda de presidente da CEF -<\/title>\n<meta name=\"robots\" content=\"index, follow, max-snippet:-1, max-image-preview:large, max-video-preview:-1\" \/>\n<link rel=\"canonical\" href=\"https:\/\/renatodias.online\/movimento\/2022\/06\/29\/railton-exige-saida-de-presidente-da-cef\/\" \/>\n<meta property=\"og:locale\" content=\"pt_BR\" \/>\n<meta property=\"og:type\" content=\"article\" \/>\n<meta property=\"og:title\" content=\"Railton exige sa\u00edda de presidente da CEF -\" \/>\n<meta property=\"og:description\" content=\"Pedro Guimar\u00e3es \u00e9 acusado de ass\u00e9dio sexual Minist\u00e9rio P\u00fablico investiga novo esc\u00e2ndalo no Governo Federal\u00a0 Renato Dias O MP deve investigar e dar transpar\u00eancia \u00e0s den\u00fancias de ass\u00e9dio sexual contra o atual presidente da Caixa Econ\u00f4mica Federal [CEF], Pedro Tavares, acusado por cinco mulheres funcion\u00e1rias da institui\u00e7\u00e3o financeira. \u00c9 o que afirma, em tom de\" \/>\n<meta property=\"og:url\" content=\"https:\/\/renatodias.online\/movimento\/2022\/06\/29\/railton-exige-saida-de-presidente-da-cef\/\" \/>\n<meta property=\"article:publisher\" content=\"https:\/\/www.facebook.com\/renato.dias.37\" \/>\n<meta property=\"article:author\" content=\"https:\/\/www.facebook.com\/renato.dias.37\" \/>\n<meta property=\"article:published_time\" content=\"2022-06-29T20:09:39+00:00\" \/>\n<meta property=\"og:image\" content=\"https:\/\/renatodias.online\/movimento\/wp-content\/uploads\/2021\/05\/Railton-Nascimento-eleito-na-CTB.jpg\" \/>\n\t<meta property=\"og:image:width\" content=\"813\" \/>\n\t<meta property=\"og:image:height\" content=\"806\" \/>\n\t<meta property=\"og:image:type\" content=\"image\/jpeg\" \/>\n<meta name=\"author\" content=\"Renato Dias\" \/>\n<meta name=\"twitter:card\" content=\"summary_large_image\" \/>\n<meta name=\"twitter:creator\" content=\"@RenatoDiasBat\" \/>\n<meta name=\"twitter:site\" content=\"@RenatoDiasBat\" \/>\n<meta name=\"twitter:label1\" content=\"Escrito por\" \/>\n\t<meta name=\"twitter:data1\" content=\"Renato Dias\" \/>\n\t<meta name=\"twitter:label2\" content=\"Est. tempo de leitura\" \/>\n\t<meta name=\"twitter:data2\" content=\"1 minuto\" \/>\n<script type=\"application\/ld+json\" class=\"yoast-schema-graph\">{\"@context\":\"https:\\\/\\\/schema.org\",\"@graph\":[{\"@type\":\"Article\",\"@id\":\"https:\\\/\\\/renatodias.online\\\/movimento\\\/2022\\\/06\\\/29\\\/railton-exige-saida-de-presidente-da-cef\\\/#article\",\"isPartOf\":{\"@id\":\"https:\\\/\\\/renatodias.online\\\/movimento\\\/2022\\\/06\\\/29\\\/railton-exige-saida-de-presidente-da-cef\\\/\"},\"author\":{\"name\":\"Renato Dias\",\"@id\":\"https:\\\/\\\/renatodias.online\\\/movimento\\\/#\\\/schema\\\/person\\\/bbab28833b1725a20f4083f49f1fb2a9\"},\"headline\":\"Railton exige sa\u00edda de presidente da CEF\",\"datePublished\":\"2022-06-29T20:09:39+00:00\",\"mainEntityOfPage\":{\"@id\":\"https:\\\/\\\/renatodias.online\\\/movimento\\\/2022\\\/06\\\/29\\\/railton-exige-saida-de-presidente-da-cef\\\/\"},\"wordCount\":219,\"commentCount\":0,\"publisher\":{\"@id\":\"https:\\\/\\\/renatodias.online\\\/movimento\\\/#\\\/schema\\\/person\\\/bbab28833b1725a20f4083f49f1fb2a9\"},\"image\":{\"@id\":\"https:\\\/\\\/renatodias.online\\\/movimento\\\/2022\\\/06\\\/29\\\/railton-exige-saida-de-presidente-da-cef\\\/#primaryimage\"},\"thumbnailUrl\":\"https:\\\/\\\/renatodias.online\\\/movimento\\\/wp-content\\\/uploads\\\/2021\\\/05\\\/Railton-Nascimento-eleito-na-CTB.jpg\",\"articleSection\":[\"Entrevista\"],\"inLanguage\":\"pt-BR\",\"potentialAction\":[{\"@type\":\"CommentAction\",\"name\":\"Comment\",\"target\":[\"https:\\\/\\\/renatodias.online\\\/movimento\\\/2022\\\/06\\\/29\\\/railton-exige-saida-de-presidente-da-cef\\\/#respond\"]}]},{\"@type\":\"WebPage\",\"@id\":\"https:\\\/\\\/renatodias.online\\\/movimento\\\/2022\\\/06\\\/29\\\/railton-exige-saida-de-presidente-da-cef\\\/\",\"url\":\"https:\\\/\\\/renatodias.online\\\/movimento\\\/2022\\\/06\\\/29\\\/railton-exige-saida-de-presidente-da-cef\\\/\",\"name\":\"Railton exige sa\u00edda de presidente da CEF -\",\"isPartOf\":{\"@id\":\"https:\\\/\\\/renatodias.online\\\/movimento\\\/#website\"},\"primaryImageOfPage\":{\"@id\":\"https:\\\/\\\/renatodias.online\\\/movimento\\\/2022\\\/06\\\/29\\\/railton-exige-saida-de-presidente-da-cef\\\/#primaryimage\"},\"image\":{\"@id\":\"https:\\\/\\\/renatodias.online\\\/movimento\\\/2022\\\/06\\\/29\\\/railton-exige-saida-de-presidente-da-cef\\\/#primaryimage\"},\"thumbnailUrl\":\"https:\\\/\\\/renatodias.online\\\/movimento\\\/wp-content\\\/uploads\\\/2021\\\/05\\\/Railton-Nascimento-eleito-na-CTB.jpg\",\"datePublished\":\"2022-06-29T20:09:39+00:00\",\"breadcrumb\":{\"@id\":\"https:\\\/\\\/renatodias.online\\\/movimento\\\/2022\\\/06\\\/29\\\/railton-exige-saida-de-presidente-da-cef\\\/#breadcrumb\"},\"inLanguage\":\"pt-BR\",\"potentialAction\":[{\"@type\":\"ReadAction\",\"target\":[\"https:\\\/\\\/renatodias.online\\\/movimento\\\/2022\\\/06\\\/29\\\/railton-exige-saida-de-presidente-da-cef\\\/\"]}]},{\"@type\":\"ImageObject\",\"inLanguage\":\"pt-BR\",\"@id\":\"https:\\\/\\\/renatodias.online\\\/movimento\\\/2022\\\/06\\\/29\\\/railton-exige-saida-de-presidente-da-cef\\\/#primaryimage\",\"url\":\"https:\\\/\\\/renatodias.online\\\/movimento\\\/wp-content\\\/uploads\\\/2021\\\/05\\\/Railton-Nascimento-eleito-na-CTB.jpg\",\"contentUrl\":\"https:\\\/\\\/renatodias.online\\\/movimento\\\/wp-content\\\/uploads\\\/2021\\\/05\\\/Railton-Nascimento-eleito-na-CTB.jpg\",\"width\":813,\"height\":806,\"caption\":\"Railton Nascimento\"},{\"@type\":\"BreadcrumbList\",\"@id\":\"https:\\\/\\\/renatodias.online\\\/movimento\\\/2022\\\/06\\\/29\\\/railton-exige-saida-de-presidente-da-cef\\\/#breadcrumb\",\"itemListElement\":[{\"@type\":\"ListItem\",\"position\":1,\"name\":\"In\u00edcio\",\"item\":\"https:\\\/\\\/renatodias.online\\\/movimento\\\/\"},{\"@type\":\"ListItem\",\"position\":2,\"name\":\"Railton exige sa\u00edda de presidente da CEF\"}]},{\"@type\":\"WebSite\",\"@id\":\"https:\\\/\\\/renatodias.online\\\/movimento\\\/#website\",\"url\":\"https:\\\/\\\/renatodias.online\\\/movimento\\\/\",\"name\":\"\",\"description\":\"\",\"publisher\":{\"@id\":\"https:\\\/\\\/renatodias.online\\\/movimento\\\/#\\\/schema\\\/person\\\/bbab28833b1725a20f4083f49f1fb2a9\"},\"potentialAction\":[{\"@type\":\"SearchAction\",\"target\":{\"@type\":\"EntryPoint\",\"urlTemplate\":\"https:\\\/\\\/renatodias.online\\\/movimento\\\/?s={search_term_string}\"},\"query-input\":{\"@type\":\"PropertyValueSpecification\",\"valueRequired\":true,\"valueName\":\"search_term_string\"}}],\"inLanguage\":\"pt-BR\"},{\"@type\":[\"Person\",\"Organization\"],\"@id\":\"https:\\\/\\\/renatodias.online\\\/movimento\\\/#\\\/schema\\\/person\\\/bbab28833b1725a20f4083f49f1fb2a9\",\"name\":\"Renato Dias\",\"image\":{\"@type\":\"ImageObject\",\"inLanguage\":\"pt-BR\",\"@id\":\"https:\\\/\\\/renatodias.online\\\/movimento\\\/wp-content\\\/uploads\\\/2023\\\/03\\\/cropped-cropped-cropped-logofinal.jpeg\",\"url\":\"https:\\\/\\\/renatodias.online\\\/movimento\\\/wp-content\\\/uploads\\\/2023\\\/03\\\/cropped-cropped-cropped-logofinal.jpeg\",\"contentUrl\":\"https:\\\/\\\/renatodias.online\\\/movimento\\\/wp-content\\\/uploads\\\/2023\\\/03\\\/cropped-cropped-cropped-logofinal.jpeg\",\"width\":1280,\"height\":219,\"caption\":\"Renato Dias\"},\"logo\":{\"@id\":\"https:\\\/\\\/renatodias.online\\\/movimento\\\/wp-content\\\/uploads\\\/2023\\\/03\\\/cropped-cropped-cropped-logofinal.jpeg\"},\"description\":\"Renato Dias, 58 anos, \u00e9 graduado em Jornalismo, formado em Ci\u00eancias Sociais, com p\u00f3s-gradua\u00e7\u00e3o em Pol\u00edticas P\u00fablicas, mestre em Direito e Rela\u00e7\u00f5es Internacionais, ex-aluno extraordin\u00e1rio do Doutorado em Psicologia Social, ex-estudante do Curso de Psican\u00e1lise do Centro de Estudos Psicanal\u00edticos do Estado de Goi\u00e1s, ministrado pelo m\u00e9dico psiquiatra e psicanalista Daniel Em\u00eddio de Souza. \u00c9 autor de 30 livros-reportagem, oito document\u00e1rios, ganhou 30 pr\u00eamios e \u00e9 torcedor apaixonado do maior do Centro-Oeste, o Vila Nova Futebol Clube. Casado com Meirilane Dias, \u00e9 pai de Juliana Dias, jornalista; Daniel Dias, economista; e Maria Rosa Dias, estudante antifascista, socialista e trotskista.\u00a0Com tr\u00eas pets: Porquinho [Bull Dog Franc\u00eas], Dalila [Basset Hound] e Geleia [Basset Hound]. Al\u00e9m do eterno gato Tutuquinho, que virou estrela.\",\"sameAs\":[\"https:\\\/\\\/www.facebook.com\\\/renato.dias.37\",\"#breve\",\"https:\\\/\\\/renatodias.tumblr.com\\\/\"],\"url\":\"https:\\\/\\\/renatodias.online\\\/movimento\\\/author\\\/renatodias\\\/\"}]}<\/script>\n<!-- \/ Yoast SEO plugin. -->","yoast_head_json":{"title":"Railton exige sa\u00edda de presidente da CEF -","robots":{"index":"index","follow":"follow","max-snippet":"max-snippet:-1","max-image-preview":"max-image-preview:large","max-video-preview":"max-video-preview:-1"},"canonical":"https:\/\/renatodias.online\/movimento\/2022\/06\/29\/railton-exige-saida-de-presidente-da-cef\/","og_locale":"pt_BR","og_type":"article","og_title":"Railton exige sa\u00edda de presidente da CEF -","og_description":"Pedro Guimar\u00e3es \u00e9 acusado de ass\u00e9dio sexual Minist\u00e9rio P\u00fablico investiga novo esc\u00e2ndalo no Governo Federal\u00a0 Renato Dias O MP deve investigar e dar transpar\u00eancia \u00e0s den\u00fancias de ass\u00e9dio sexual contra o atual presidente da Caixa Econ\u00f4mica Federal [CEF], Pedro Tavares, acusado por cinco mulheres funcion\u00e1rias da institui\u00e7\u00e3o financeira. \u00c9 o que afirma, em tom de","og_url":"https:\/\/renatodias.online\/movimento\/2022\/06\/29\/railton-exige-saida-de-presidente-da-cef\/","article_publisher":"https:\/\/www.facebook.com\/renato.dias.37","article_author":"https:\/\/www.facebook.com\/renato.dias.37","article_published_time":"2022-06-29T20:09:39+00:00","og_image":[{"width":813,"height":806,"url":"https:\/\/renatodias.online\/movimento\/wp-content\/uploads\/2021\/05\/Railton-Nascimento-eleito-na-CTB.jpg","type":"image\/jpeg"}],"author":"Renato Dias","twitter_card":"summary_large_image","twitter_creator":"@RenatoDiasBat","twitter_site":"@RenatoDiasBat","twitter_misc":{"Escrito por":"Renato Dias","Est. tempo de leitura":"1 minuto"},"schema":{"@context":"https:\/\/schema.org","@graph":[{"@type":"Article","@id":"https:\/\/renatodias.online\/movimento\/2022\/06\/29\/railton-exige-saida-de-presidente-da-cef\/#article","isPartOf":{"@id":"https:\/\/renatodias.online\/movimento\/2022\/06\/29\/railton-exige-saida-de-presidente-da-cef\/"},"author":{"name":"Renato Dias","@id":"https:\/\/renatodias.online\/movimento\/#\/schema\/person\/bbab28833b1725a20f4083f49f1fb2a9"},"headline":"Railton exige sa\u00edda de presidente da CEF","datePublished":"2022-06-29T20:09:39+00:00","mainEntityOfPage":{"@id":"https:\/\/renatodias.online\/movimento\/2022\/06\/29\/railton-exige-saida-de-presidente-da-cef\/"},"wordCount":219,"commentCount":0,"publisher":{"@id":"https:\/\/renatodias.online\/movimento\/#\/schema\/person\/bbab28833b1725a20f4083f49f1fb2a9"},"image":{"@id":"https:\/\/renatodias.online\/movimento\/2022\/06\/29\/railton-exige-saida-de-presidente-da-cef\/#primaryimage"},"thumbnailUrl":"https:\/\/renatodias.online\/movimento\/wp-content\/uploads\/2021\/05\/Railton-Nascimento-eleito-na-CTB.jpg","articleSection":["Entrevista"],"inLanguage":"pt-BR","potentialAction":[{"@type":"CommentAction","name":"Comment","target":["https:\/\/renatodias.online\/movimento\/2022\/06\/29\/railton-exige-saida-de-presidente-da-cef\/#respond"]}]},{"@type":"WebPage","@id":"https:\/\/renatodias.online\/movimento\/2022\/06\/29\/railton-exige-saida-de-presidente-da-cef\/","url":"https:\/\/renatodias.online\/movimento\/2022\/06\/29\/railton-exige-saida-de-presidente-da-cef\/","name":"Railton exige sa\u00edda de presidente da CEF -","isPartOf":{"@id":"https:\/\/renatodias.online\/movimento\/#website"},"primaryImageOfPage":{"@id":"https:\/\/renatodias.online\/movimento\/2022\/06\/29\/railton-exige-saida-de-presidente-da-cef\/#primaryimage"},"image":{"@id":"https:\/\/renatodias.online\/movimento\/2022\/06\/29\/railton-exige-saida-de-presidente-da-cef\/#primaryimage"},"thumbnailUrl":"https:\/\/renatodias.online\/movimento\/wp-content\/uploads\/2021\/05\/Railton-Nascimento-eleito-na-CTB.jpg","datePublished":"2022-06-29T20:09:39+00:00","breadcrumb":{"@id":"https:\/\/renatodias.online\/movimento\/2022\/06\/29\/railton-exige-saida-de-presidente-da-cef\/#breadcrumb"},"inLanguage":"pt-BR","potentialAction":[{"@type":"ReadAction","target":["https:\/\/renatodias.online\/movimento\/2022\/06\/29\/railton-exige-saida-de-presidente-da-cef\/"]}]},{"@type":"ImageObject","inLanguage":"pt-BR","@id":"https:\/\/renatodias.online\/movimento\/2022\/06\/29\/railton-exige-saida-de-presidente-da-cef\/#primaryimage","url":"https:\/\/renatodias.online\/movimento\/wp-content\/uploads\/2021\/05\/Railton-Nascimento-eleito-na-CTB.jpg","contentUrl":"https:\/\/renatodias.online\/movimento\/wp-content\/uploads\/2021\/05\/Railton-Nascimento-eleito-na-CTB.jpg","width":813,"height":806,"caption":"Railton Nascimento"},{"@type":"BreadcrumbList","@id":"https:\/\/renatodias.online\/movimento\/2022\/06\/29\/railton-exige-saida-de-presidente-da-cef\/#breadcrumb","itemListElement":[{"@type":"ListItem","position":1,"name":"In\u00edcio","item":"https:\/\/renatodias.online\/movimento\/"},{"@type":"ListItem","position":2,"name":"Railton exige sa\u00edda de presidente da CEF"}]},{"@type":"WebSite","@id":"https:\/\/renatodias.online\/movimento\/#website","url":"https:\/\/renatodias.online\/movimento\/","name":"","description":"","publisher":{"@id":"https:\/\/renatodias.online\/movimento\/#\/schema\/person\/bbab28833b1725a20f4083f49f1fb2a9"},"potentialAction":[{"@type":"SearchAction","target":{"@type":"EntryPoint","urlTemplate":"https:\/\/renatodias.online\/movimento\/?s={search_term_string}"},"query-input":{"@type":"PropertyValueSpecification","valueRequired":true,"valueName":"search_term_string"}}],"inLanguage":"pt-BR"},{"@type":["Person","Organization"],"@id":"https:\/\/renatodias.online\/movimento\/#\/schema\/person\/bbab28833b1725a20f4083f49f1fb2a9","name":"Renato Dias","image":{"@type":"ImageObject","inLanguage":"pt-BR","@id":"https:\/\/renatodias.online\/movimento\/wp-content\/uploads\/2023\/03\/cropped-cropped-cropped-logofinal.jpeg","url":"https:\/\/renatodias.online\/movimento\/wp-content\/uploads\/2023\/03\/cropped-cropped-cropped-logofinal.jpeg","contentUrl":"https:\/\/renatodias.online\/movimento\/wp-content\/uploads\/2023\/03\/cropped-cropped-cropped-logofinal.jpeg","width":1280,"height":219,"caption":"Renato Dias"},"logo":{"@id":"https:\/\/renatodias.online\/movimento\/wp-content\/uploads\/2023\/03\/cropped-cropped-cropped-logofinal.jpeg"},"description":"Renato Dias, 58 anos, \u00e9 graduado em Jornalismo, formado em Ci\u00eancias Sociais, com p\u00f3s-gradua\u00e7\u00e3o em Pol\u00edticas P\u00fablicas, mestre em Direito e Rela\u00e7\u00f5es Internacionais, ex-aluno extraordin\u00e1rio do Doutorado em Psicologia Social, ex-estudante do Curso de Psican\u00e1lise do Centro de Estudos Psicanal\u00edticos do Estado de Goi\u00e1s, ministrado pelo m\u00e9dico psiquiatra e psicanalista Daniel Em\u00eddio de Souza. \u00c9 autor de 30 livros-reportagem, oito document\u00e1rios, ganhou 30 pr\u00eamios e \u00e9 torcedor apaixonado do maior do Centro-Oeste, o Vila Nova Futebol Clube. Casado com Meirilane Dias, \u00e9 pai de Juliana Dias, jornalista; Daniel Dias, economista; e Maria Rosa Dias, estudante antifascista, socialista e trotskista.\u00a0Com tr\u00eas pets: Porquinho [Bull Dog Franc\u00eas], Dalila [Basset Hound] e Geleia [Basset Hound]. Al\u00e9m do eterno gato Tutuquinho, que virou estrela.","sameAs":["https:\/\/www.facebook.com\/renato.dias.37","#breve","https:\/\/renatodias.tumblr.com\/"],"url":"https:\/\/renatodias.online\/movimento\/author\/renatodias\/"}]}},"_links":{"self":[{"href":"https:\/\/renatodias.online\/movimento\/wp-json\/wp\/v2\/posts\/13011","targetHints":{"allow":["GET"]}}],"collection":[{"href":"https:\/\/renatodias.online\/movimento\/wp-json\/wp\/v2\/posts"}],"about":[{"href":"https:\/\/renatodias.online\/movimento\/wp-json\/wp\/v2\/types\/post"}],"author":[{"embeddable":true,"href":"https:\/\/renatodias.online\/movimento\/wp-json\/wp\/v2\/users\/2"}],"replies":[{"embeddable":true,"href":"https:\/\/renatodias.online\/movimento\/wp-json\/wp\/v2\/comments?post=13011"}],"version-history":[{"count":1,"href":"https:\/\/renatodias.online\/movimento\/wp-json\/wp\/v2\/posts\/13011\/revisions"}],"predecessor-version":[{"id":13014,"href":"https:\/\/renatodias.online\/movimento\/wp-json\/wp\/v2\/posts\/13011\/revisions\/13014"}],"wp:featuredmedia":[{"embeddable":true,"href":"https:\/\/renatodias.online\/movimento\/wp-json\/wp\/v2\/media\/6659"}],"wp:attachment":[{"href":"https:\/\/renatodias.online\/movimento\/wp-json\/wp\/v2\/media?parent=13011"}],"wp:term":[{"taxonomy":"category","embeddable":true,"href":"https:\/\/renatodias.online\/movimento\/wp-json\/wp\/v2\/categories?post=13011"},{"taxonomy":"post_tag","embeddable":true,"href":"https:\/\/renatodias.online\/movimento\/wp-json\/wp\/v2\/tags?post=13011"}],"curies":[{"name":"wp","href":"https:\/\/api.w.org\/{rel}","templated":true}]}}