{"id":12982,"date":"2022-06-27T14:51:47","date_gmt":"2022-06-27T17:51:47","guid":{"rendered":"https:\/\/renatodias.online\/movimento\/?p=12982"},"modified":"2022-06-27T14:51:47","modified_gmt":"2022-06-27T17:51:47","slug":"paulinho-critica-caos-na-saude","status":"publish","type":"post","link":"https:\/\/renatodias.online\/movimento\/2022\/06\/27\/paulinho-critica-caos-na-saude\/","title":{"rendered":"Paulinho critica caos na Sa\u00fade"},"content":{"rendered":"<p><img loading=\"lazy\" decoding=\"async\" class=\"size-full wp-image-11298 aligncenter\" src=\"https:\/\/renatodias.online\/movimento\/wp-content\/uploads\/2022\/03\/Entrevista-Especial.png\" alt=\"\" width=\"225\" height=\"225\" srcset=\"https:\/\/renatodias.online\/movimento\/wp-content\/uploads\/2022\/03\/Entrevista-Especial.png 225w, https:\/\/renatodias.online\/movimento\/wp-content\/uploads\/2022\/03\/Entrevista-Especial-150x150.png 150w\" sizes=\"auto, (max-width: 225px) 100vw, 225px\" \/><\/p>\n<h1 style=\"text-align: center;\"><strong>Paulinho critica <span style=\"color: #ff0000;\">caos<\/span> <span style=\"color: #ff0000;\">na Sa\u00fade<\/span><\/strong><\/h1>\n<p><img loading=\"lazy\" decoding=\"async\" class=\"alignnone wp-image-11308 size-full\" src=\"https:\/\/renatodias.online\/movimento\/wp-content\/uploads\/2022\/03\/SOS.jpg\" alt=\"\" width=\"750\" height=\"701\" srcset=\"https:\/\/renatodias.online\/movimento\/wp-content\/uploads\/2022\/03\/SOS.jpg 750w, https:\/\/renatodias.online\/movimento\/wp-content\/uploads\/2022\/03\/SOS-300x280.jpg 300w\" sizes=\"auto, (max-width: 750px) 100vw, 750px\" \/><\/p>\n<h2 style=\"text-align: center;\"><strong><span style=\"color: #0000ff;\">Ex-presidente da AGM quer atrair empresas<\/span>\u00a0<\/strong><\/h2>\n<p style=\"text-align: center;\"><span style=\"color: #ff0000;\"><strong>Ex-goleiro do Vila Nova e S\u00e3o Paulo \u00e9 pr\u00e9-candidato\u00a0<\/strong><strong>\u00e0 Assembleia Legislativa\u00a0<\/strong><\/span><\/p>\n<p><strong>Renato Dias<\/strong><\/p>\n<p>O ex-prefeito de Hidrol\u00e2ndia Paulo S\u00e9rgio de Rezende, o Paulinho, pr\u00e9-candidato a deputado estadual, diagnostica uma quarta onda do Coronav\u00edrus Covid 19 e critica a falta de planejamento e gest\u00e3o do Governo do Estado de Goi\u00e1s. Um crescimento de 390% no registro de casos, desabafa.<\/p>\n<blockquote>\n<h1><span style=\"color: #0000ff;\"><strong>Faltam gest\u00e3o e planejamento \u00e0 sa\u00fade p\u00fablica em Goi\u00e1s<\/strong><\/span><\/h1>\n<\/blockquote>\n<p><span style=\"color: #ff0000;\"><strong>Paulo S\u00e9rgio de Rezende, Paulinho<\/strong><\/span><\/p>\n<p><figure id=\"attachment_5164\" aria-describedby=\"caption-attachment-5164\" style=\"width: 746px\" class=\"wp-caption alignnone\"><img loading=\"lazy\" decoding=\"async\" class=\"size-full wp-image-5164\" src=\"https:\/\/renatodias.online\/movimento\/wp-content\/uploads\/2021\/02\/ronaldocaiado.png\" alt=\"\" width=\"746\" height=\"488\" \/><figcaption id=\"caption-attachment-5164\" class=\"wp-caption-text\"><strong>Ronaldo Caiado e alvo de cr\u00edticas de Paulo S\u00e9rgio de Rezende, o Paulinho [PSDB]<br \/><\/strong><\/figcaption><\/figure>Cardeal tucano, o ex &#8211; goleiro do Vila Nova Futebol Clube, S\u00e3o Paulo e Sport Recife, informa com exclusividade ao Portal de Not\u00edcias www.renatodias.online que Marconi Perillo, presidente do PSDB em Goi\u00e1s, anunciar\u00e1 em 16 de julho o seu projeto pol\u00edtico e eleitoral para 2022.<\/p>\n<blockquote>\n<h1><span style=\"color: #0000ff;\"><strong>Ex-goleiro do Vila Nova Futebol Clube, S\u00e3o Paulo e Sport Recife<\/strong><\/span><\/h1>\n<\/blockquote>\n<p><span style=\"color: #ff0000;\"><strong>Paulo S\u00e9rgio de Rezende, Paulinho<\/strong><\/span><\/p>\n<figure id=\"attachment_12743\" aria-describedby=\"caption-attachment-12743\" style=\"width: 1600px\" class=\"wp-caption alignnone\"><img loading=\"lazy\" decoding=\"async\" class=\"size-full wp-image-12743\" src=\"https:\/\/renatodias.online\/movimento\/wp-content\/uploads\/2022\/06\/Paulinho-Ex-goleiro-do-Vila-Nova.jpg\" alt=\"\" width=\"1600\" height=\"720\" \/><figcaption id=\"caption-attachment-12743\" class=\"wp-caption-text\"><strong>Paulinho &#8211; Ex-goleiro do Vila Nova Futebol Clube, o maior do Centro-Oeste<\/strong><\/figcaption><\/figure>\n<p>O ex-presidente da AGM revela, caso seja eleito, que buscar\u00e1 atrair empresas dos setores prim\u00e1rio, secund\u00e1rio e terci\u00e1rio da economia aos 246 munic\u00edpios do Estado de Goi\u00e1s. Com a gera\u00e7\u00e3o de empregos,\u00a0renda e direitos, ele explica. Para acabar com os desequil\u00edbrios regionais, atira.<\/p>\n<blockquote>\n<h1><span style=\"color: #0000ff;\"><strong>Atrair empresas para os 246 munic\u00edpios do Estado de Goi\u00e1s<\/strong><\/span><\/h1>\n<\/blockquote>\n<p><span style=\"color: #ff0000;\"><strong>Paulo S\u00e9rgio de Rezende, Paulinho<\/strong><\/span><\/p>\n<figure id=\"attachment_12414\" aria-describedby=\"caption-attachment-12414\" style=\"width: 1920px\" class=\"wp-caption alignnone\"><img loading=\"lazy\" decoding=\"async\" class=\"wp-image-12414 size-full\" src=\"https:\/\/renatodias.online\/movimento\/wp-content\/uploads\/2022\/05\/Agronegocio.png\" alt=\"\" width=\"1920\" height=\"700\" \/><figcaption id=\"caption-attachment-12414\" class=\"wp-caption-text\"><strong>Agroneg\u00f3cio puxa o Produto Interno Bruto<\/strong><\/figcaption><\/figure>\n","protected":false},"excerpt":{"rendered":"<p>Paulinho critica caos na Sa\u00fade Ex-presidente da AGM quer atrair empresas\u00a0 Ex-goleiro do Vila Nova e S\u00e3o Paulo \u00e9 pr\u00e9-candidato\u00a0\u00e0 Assembleia Legislativa\u00a0 Renato Dias O ex-prefeito de Hidrol\u00e2ndia Paulo S\u00e9rgio de Rezende, o Paulinho, pr\u00e9-candidato a deputado estadual, diagnostica uma quarta onda do Coronav\u00edrus Covid 19 e critica a falta de planejamento e gest\u00e3o do<\/p>\n","protected":false},"author":2,"featured_media":12745,"comment_status":"open","ping_status":"open","sticky":false,"template":"","format":"standard","meta":{"_acf_changed":false,"_monsterinsights_skip_tracking":false,"_monsterinsights_sitenote_active":false,"_monsterinsights_sitenote_note":"","_monsterinsights_sitenote_category":0,"footnotes":""},"categories":[4],"tags":[],"class_list":["post-12982","post","type-post","status-publish","format-standard","has-post-thumbnail","hentry","category-politica"],"acf":[],"yoast_head":"<!-- This site is optimized with the Yoast SEO plugin v27.4 - https:\/\/yoast.com\/product\/yoast-seo-wordpress\/ -->\n<title>Paulinho critica caos na Sa\u00fade -<\/title>\n<meta name=\"robots\" content=\"index, follow, max-snippet:-1, max-image-preview:large, max-video-preview:-1\" \/>\n<link rel=\"canonical\" href=\"https:\/\/renatodias.online\/movimento\/2022\/06\/27\/paulinho-critica-caos-na-saude\/\" \/>\n<meta property=\"og:locale\" content=\"pt_BR\" \/>\n<meta property=\"og:type\" content=\"article\" \/>\n<meta property=\"og:title\" content=\"Paulinho critica caos na Sa\u00fade -\" \/>\n<meta property=\"og:description\" content=\"Paulinho critica caos na Sa\u00fade Ex-presidente da AGM quer atrair empresas\u00a0 Ex-goleiro do Vila Nova e S\u00e3o Paulo \u00e9 pr\u00e9-candidato\u00a0\u00e0 Assembleia Legislativa\u00a0 Renato Dias O ex-prefeito de Hidrol\u00e2ndia Paulo S\u00e9rgio de Rezende, o Paulinho, pr\u00e9-candidato a deputado estadual, diagnostica uma quarta onda do Coronav\u00edrus Covid 19 e critica a falta de planejamento e gest\u00e3o do\" \/>\n<meta property=\"og:url\" content=\"https:\/\/renatodias.online\/movimento\/2022\/06\/27\/paulinho-critica-caos-na-saude\/\" \/>\n<meta property=\"article:publisher\" content=\"https:\/\/www.facebook.com\/renato.dias.37\" \/>\n<meta property=\"article:author\" content=\"https:\/\/www.facebook.com\/renato.dias.37\" \/>\n<meta property=\"article:published_time\" content=\"2022-06-27T17:51:47+00:00\" \/>\n<meta property=\"og:image\" content=\"https:\/\/renatodias.online\/movimento\/wp-content\/uploads\/2022\/06\/Paulinho-PSDB-Link-e1654807177581.jpg\" \/>\n\t<meta property=\"og:image:width\" content=\"360\" \/>\n\t<meta property=\"og:image:height\" content=\"270\" \/>\n\t<meta property=\"og:image:type\" content=\"image\/jpeg\" \/>\n<meta name=\"author\" content=\"Renato Dias\" \/>\n<meta name=\"twitter:card\" content=\"summary_large_image\" \/>\n<meta name=\"twitter:creator\" content=\"@RenatoDiasBat\" \/>\n<meta name=\"twitter:site\" content=\"@RenatoDiasBat\" \/>\n<meta name=\"twitter:label1\" content=\"Escrito por\" \/>\n\t<meta name=\"twitter:data1\" content=\"Renato Dias\" \/>\n\t<meta name=\"twitter:label2\" content=\"Est. tempo de leitura\" \/>\n\t<meta name=\"twitter:data2\" content=\"1 minuto\" \/>\n<script type=\"application\/ld+json\" class=\"yoast-schema-graph\">{\"@context\":\"https:\\\/\\\/schema.org\",\"@graph\":[{\"@type\":\"Article\",\"@id\":\"https:\\\/\\\/renatodias.online\\\/movimento\\\/2022\\\/06\\\/27\\\/paulinho-critica-caos-na-saude\\\/#article\",\"isPartOf\":{\"@id\":\"https:\\\/\\\/renatodias.online\\\/movimento\\\/2022\\\/06\\\/27\\\/paulinho-critica-caos-na-saude\\\/\"},\"author\":{\"name\":\"Renato Dias\",\"@id\":\"https:\\\/\\\/renatodias.online\\\/movimento\\\/#\\\/schema\\\/person\\\/bbab28833b1725a20f4083f49f1fb2a9\"},\"headline\":\"Paulinho critica caos na Sa\u00fade\",\"datePublished\":\"2022-06-27T17:51:47+00:00\",\"mainEntityOfPage\":{\"@id\":\"https:\\\/\\\/renatodias.online\\\/movimento\\\/2022\\\/06\\\/27\\\/paulinho-critica-caos-na-saude\\\/\"},\"wordCount\":289,\"commentCount\":0,\"publisher\":{\"@id\":\"https:\\\/\\\/renatodias.online\\\/movimento\\\/#\\\/schema\\\/person\\\/bbab28833b1725a20f4083f49f1fb2a9\"},\"image\":{\"@id\":\"https:\\\/\\\/renatodias.online\\\/movimento\\\/2022\\\/06\\\/27\\\/paulinho-critica-caos-na-saude\\\/#primaryimage\"},\"thumbnailUrl\":\"https:\\\/\\\/renatodias.online\\\/movimento\\\/wp-content\\\/uploads\\\/2022\\\/06\\\/Paulinho-PSDB-Link-e1654807177581.jpg\",\"articleSection\":[\"Pol\u00edtica\"],\"inLanguage\":\"pt-BR\",\"potentialAction\":[{\"@type\":\"CommentAction\",\"name\":\"Comment\",\"target\":[\"https:\\\/\\\/renatodias.online\\\/movimento\\\/2022\\\/06\\\/27\\\/paulinho-critica-caos-na-saude\\\/#respond\"]}]},{\"@type\":\"WebPage\",\"@id\":\"https:\\\/\\\/renatodias.online\\\/movimento\\\/2022\\\/06\\\/27\\\/paulinho-critica-caos-na-saude\\\/\",\"url\":\"https:\\\/\\\/renatodias.online\\\/movimento\\\/2022\\\/06\\\/27\\\/paulinho-critica-caos-na-saude\\\/\",\"name\":\"Paulinho critica caos na Sa\u00fade -\",\"isPartOf\":{\"@id\":\"https:\\\/\\\/renatodias.online\\\/movimento\\\/#website\"},\"primaryImageOfPage\":{\"@id\":\"https:\\\/\\\/renatodias.online\\\/movimento\\\/2022\\\/06\\\/27\\\/paulinho-critica-caos-na-saude\\\/#primaryimage\"},\"image\":{\"@id\":\"https:\\\/\\\/renatodias.online\\\/movimento\\\/2022\\\/06\\\/27\\\/paulinho-critica-caos-na-saude\\\/#primaryimage\"},\"thumbnailUrl\":\"https:\\\/\\\/renatodias.online\\\/movimento\\\/wp-content\\\/uploads\\\/2022\\\/06\\\/Paulinho-PSDB-Link-e1654807177581.jpg\",\"datePublished\":\"2022-06-27T17:51:47+00:00\",\"breadcrumb\":{\"@id\":\"https:\\\/\\\/renatodias.online\\\/movimento\\\/2022\\\/06\\\/27\\\/paulinho-critica-caos-na-saude\\\/#breadcrumb\"},\"inLanguage\":\"pt-BR\",\"potentialAction\":[{\"@type\":\"ReadAction\",\"target\":[\"https:\\\/\\\/renatodias.online\\\/movimento\\\/2022\\\/06\\\/27\\\/paulinho-critica-caos-na-saude\\\/\"]}]},{\"@type\":\"ImageObject\",\"inLanguage\":\"pt-BR\",\"@id\":\"https:\\\/\\\/renatodias.online\\\/movimento\\\/2022\\\/06\\\/27\\\/paulinho-critica-caos-na-saude\\\/#primaryimage\",\"url\":\"https:\\\/\\\/renatodias.online\\\/movimento\\\/wp-content\\\/uploads\\\/2022\\\/06\\\/Paulinho-PSDB-Link-e1654807177581.jpg\",\"contentUrl\":\"https:\\\/\\\/renatodias.online\\\/movimento\\\/wp-content\\\/uploads\\\/2022\\\/06\\\/Paulinho-PSDB-Link-e1654807177581.jpg\",\"width\":360,\"height\":270,\"caption\":\"Paulo S\u00e9rgio \u00e9 pr\u00e9-candidato a deputado estadual pelo PSDB\"},{\"@type\":\"BreadcrumbList\",\"@id\":\"https:\\\/\\\/renatodias.online\\\/movimento\\\/2022\\\/06\\\/27\\\/paulinho-critica-caos-na-saude\\\/#breadcrumb\",\"itemListElement\":[{\"@type\":\"ListItem\",\"position\":1,\"name\":\"In\u00edcio\",\"item\":\"https:\\\/\\\/renatodias.online\\\/movimento\\\/\"},{\"@type\":\"ListItem\",\"position\":2,\"name\":\"Paulinho critica caos na Sa\u00fade\"}]},{\"@type\":\"WebSite\",\"@id\":\"https:\\\/\\\/renatodias.online\\\/movimento\\\/#website\",\"url\":\"https:\\\/\\\/renatodias.online\\\/movimento\\\/\",\"name\":\"\",\"description\":\"\",\"publisher\":{\"@id\":\"https:\\\/\\\/renatodias.online\\\/movimento\\\/#\\\/schema\\\/person\\\/bbab28833b1725a20f4083f49f1fb2a9\"},\"potentialAction\":[{\"@type\":\"SearchAction\",\"target\":{\"@type\":\"EntryPoint\",\"urlTemplate\":\"https:\\\/\\\/renatodias.online\\\/movimento\\\/?s={search_term_string}\"},\"query-input\":{\"@type\":\"PropertyValueSpecification\",\"valueRequired\":true,\"valueName\":\"search_term_string\"}}],\"inLanguage\":\"pt-BR\"},{\"@type\":[\"Person\",\"Organization\"],\"@id\":\"https:\\\/\\\/renatodias.online\\\/movimento\\\/#\\\/schema\\\/person\\\/bbab28833b1725a20f4083f49f1fb2a9\",\"name\":\"Renato Dias\",\"image\":{\"@type\":\"ImageObject\",\"inLanguage\":\"pt-BR\",\"@id\":\"https:\\\/\\\/renatodias.online\\\/movimento\\\/wp-content\\\/uploads\\\/2023\\\/03\\\/cropped-cropped-cropped-logofinal.jpeg\",\"url\":\"https:\\\/\\\/renatodias.online\\\/movimento\\\/wp-content\\\/uploads\\\/2023\\\/03\\\/cropped-cropped-cropped-logofinal.jpeg\",\"contentUrl\":\"https:\\\/\\\/renatodias.online\\\/movimento\\\/wp-content\\\/uploads\\\/2023\\\/03\\\/cropped-cropped-cropped-logofinal.jpeg\",\"width\":1280,\"height\":219,\"caption\":\"Renato Dias\"},\"logo\":{\"@id\":\"https:\\\/\\\/renatodias.online\\\/movimento\\\/wp-content\\\/uploads\\\/2023\\\/03\\\/cropped-cropped-cropped-logofinal.jpeg\"},\"description\":\"Renato Dias, 58 anos, \u00e9 graduado em Jornalismo, formado em Ci\u00eancias Sociais, com p\u00f3s-gradua\u00e7\u00e3o em Pol\u00edticas P\u00fablicas, mestre em Direito e Rela\u00e7\u00f5es Internacionais, ex-aluno extraordin\u00e1rio do Doutorado em Psicologia Social, ex-estudante do Curso de Psican\u00e1lise do Centro de Estudos Psicanal\u00edticos do Estado de Goi\u00e1s, ministrado pelo m\u00e9dico psiquiatra e psicanalista Daniel Em\u00eddio de Souza. \u00c9 autor de 30 livros-reportagem, oito document\u00e1rios, ganhou 30 pr\u00eamios e \u00e9 torcedor apaixonado do maior do Centro-Oeste, o Vila Nova Futebol Clube. Casado com Meirilane Dias, \u00e9 pai de Juliana Dias, jornalista; Daniel Dias, economista; e Maria Rosa Dias, estudante antifascista, socialista e trotskista.\u00a0Com tr\u00eas pets: Porquinho [Bull Dog Franc\u00eas], Dalila [Basset Hound] e Geleia [Basset Hound]. Al\u00e9m do eterno gato Tutuquinho, que virou estrela.\",\"sameAs\":[\"https:\\\/\\\/www.facebook.com\\\/renato.dias.37\",\"#breve\",\"https:\\\/\\\/renatodias.tumblr.com\\\/\"],\"url\":\"https:\\\/\\\/renatodias.online\\\/movimento\\\/author\\\/renatodias\\\/\"}]}<\/script>\n<!-- \/ Yoast SEO plugin. -->","yoast_head_json":{"title":"Paulinho critica caos na Sa\u00fade -","robots":{"index":"index","follow":"follow","max-snippet":"max-snippet:-1","max-image-preview":"max-image-preview:large","max-video-preview":"max-video-preview:-1"},"canonical":"https:\/\/renatodias.online\/movimento\/2022\/06\/27\/paulinho-critica-caos-na-saude\/","og_locale":"pt_BR","og_type":"article","og_title":"Paulinho critica caos na Sa\u00fade -","og_description":"Paulinho critica caos na Sa\u00fade Ex-presidente da AGM quer atrair empresas\u00a0 Ex-goleiro do Vila Nova e S\u00e3o Paulo \u00e9 pr\u00e9-candidato\u00a0\u00e0 Assembleia Legislativa\u00a0 Renato Dias O ex-prefeito de Hidrol\u00e2ndia Paulo S\u00e9rgio de Rezende, o Paulinho, pr\u00e9-candidato a deputado estadual, diagnostica uma quarta onda do Coronav\u00edrus Covid 19 e critica a falta de planejamento e gest\u00e3o do","og_url":"https:\/\/renatodias.online\/movimento\/2022\/06\/27\/paulinho-critica-caos-na-saude\/","article_publisher":"https:\/\/www.facebook.com\/renato.dias.37","article_author":"https:\/\/www.facebook.com\/renato.dias.37","article_published_time":"2022-06-27T17:51:47+00:00","og_image":[{"width":360,"height":270,"url":"https:\/\/renatodias.online\/movimento\/wp-content\/uploads\/2022\/06\/Paulinho-PSDB-Link-e1654807177581.jpg","type":"image\/jpeg"}],"author":"Renato Dias","twitter_card":"summary_large_image","twitter_creator":"@RenatoDiasBat","twitter_site":"@RenatoDiasBat","twitter_misc":{"Escrito por":"Renato Dias","Est. tempo de leitura":"1 minuto"},"schema":{"@context":"https:\/\/schema.org","@graph":[{"@type":"Article","@id":"https:\/\/renatodias.online\/movimento\/2022\/06\/27\/paulinho-critica-caos-na-saude\/#article","isPartOf":{"@id":"https:\/\/renatodias.online\/movimento\/2022\/06\/27\/paulinho-critica-caos-na-saude\/"},"author":{"name":"Renato Dias","@id":"https:\/\/renatodias.online\/movimento\/#\/schema\/person\/bbab28833b1725a20f4083f49f1fb2a9"},"headline":"Paulinho critica caos na Sa\u00fade","datePublished":"2022-06-27T17:51:47+00:00","mainEntityOfPage":{"@id":"https:\/\/renatodias.online\/movimento\/2022\/06\/27\/paulinho-critica-caos-na-saude\/"},"wordCount":289,"commentCount":0,"publisher":{"@id":"https:\/\/renatodias.online\/movimento\/#\/schema\/person\/bbab28833b1725a20f4083f49f1fb2a9"},"image":{"@id":"https:\/\/renatodias.online\/movimento\/2022\/06\/27\/paulinho-critica-caos-na-saude\/#primaryimage"},"thumbnailUrl":"https:\/\/renatodias.online\/movimento\/wp-content\/uploads\/2022\/06\/Paulinho-PSDB-Link-e1654807177581.jpg","articleSection":["Pol\u00edtica"],"inLanguage":"pt-BR","potentialAction":[{"@type":"CommentAction","name":"Comment","target":["https:\/\/renatodias.online\/movimento\/2022\/06\/27\/paulinho-critica-caos-na-saude\/#respond"]}]},{"@type":"WebPage","@id":"https:\/\/renatodias.online\/movimento\/2022\/06\/27\/paulinho-critica-caos-na-saude\/","url":"https:\/\/renatodias.online\/movimento\/2022\/06\/27\/paulinho-critica-caos-na-saude\/","name":"Paulinho critica caos na Sa\u00fade -","isPartOf":{"@id":"https:\/\/renatodias.online\/movimento\/#website"},"primaryImageOfPage":{"@id":"https:\/\/renatodias.online\/movimento\/2022\/06\/27\/paulinho-critica-caos-na-saude\/#primaryimage"},"image":{"@id":"https:\/\/renatodias.online\/movimento\/2022\/06\/27\/paulinho-critica-caos-na-saude\/#primaryimage"},"thumbnailUrl":"https:\/\/renatodias.online\/movimento\/wp-content\/uploads\/2022\/06\/Paulinho-PSDB-Link-e1654807177581.jpg","datePublished":"2022-06-27T17:51:47+00:00","breadcrumb":{"@id":"https:\/\/renatodias.online\/movimento\/2022\/06\/27\/paulinho-critica-caos-na-saude\/#breadcrumb"},"inLanguage":"pt-BR","potentialAction":[{"@type":"ReadAction","target":["https:\/\/renatodias.online\/movimento\/2022\/06\/27\/paulinho-critica-caos-na-saude\/"]}]},{"@type":"ImageObject","inLanguage":"pt-BR","@id":"https:\/\/renatodias.online\/movimento\/2022\/06\/27\/paulinho-critica-caos-na-saude\/#primaryimage","url":"https:\/\/renatodias.online\/movimento\/wp-content\/uploads\/2022\/06\/Paulinho-PSDB-Link-e1654807177581.jpg","contentUrl":"https:\/\/renatodias.online\/movimento\/wp-content\/uploads\/2022\/06\/Paulinho-PSDB-Link-e1654807177581.jpg","width":360,"height":270,"caption":"Paulo S\u00e9rgio \u00e9 pr\u00e9-candidato a deputado estadual pelo PSDB"},{"@type":"BreadcrumbList","@id":"https:\/\/renatodias.online\/movimento\/2022\/06\/27\/paulinho-critica-caos-na-saude\/#breadcrumb","itemListElement":[{"@type":"ListItem","position":1,"name":"In\u00edcio","item":"https:\/\/renatodias.online\/movimento\/"},{"@type":"ListItem","position":2,"name":"Paulinho critica caos na Sa\u00fade"}]},{"@type":"WebSite","@id":"https:\/\/renatodias.online\/movimento\/#website","url":"https:\/\/renatodias.online\/movimento\/","name":"","description":"","publisher":{"@id":"https:\/\/renatodias.online\/movimento\/#\/schema\/person\/bbab28833b1725a20f4083f49f1fb2a9"},"potentialAction":[{"@type":"SearchAction","target":{"@type":"EntryPoint","urlTemplate":"https:\/\/renatodias.online\/movimento\/?s={search_term_string}"},"query-input":{"@type":"PropertyValueSpecification","valueRequired":true,"valueName":"search_term_string"}}],"inLanguage":"pt-BR"},{"@type":["Person","Organization"],"@id":"https:\/\/renatodias.online\/movimento\/#\/schema\/person\/bbab28833b1725a20f4083f49f1fb2a9","name":"Renato Dias","image":{"@type":"ImageObject","inLanguage":"pt-BR","@id":"https:\/\/renatodias.online\/movimento\/wp-content\/uploads\/2023\/03\/cropped-cropped-cropped-logofinal.jpeg","url":"https:\/\/renatodias.online\/movimento\/wp-content\/uploads\/2023\/03\/cropped-cropped-cropped-logofinal.jpeg","contentUrl":"https:\/\/renatodias.online\/movimento\/wp-content\/uploads\/2023\/03\/cropped-cropped-cropped-logofinal.jpeg","width":1280,"height":219,"caption":"Renato Dias"},"logo":{"@id":"https:\/\/renatodias.online\/movimento\/wp-content\/uploads\/2023\/03\/cropped-cropped-cropped-logofinal.jpeg"},"description":"Renato Dias, 58 anos, \u00e9 graduado em Jornalismo, formado em Ci\u00eancias Sociais, com p\u00f3s-gradua\u00e7\u00e3o em Pol\u00edticas P\u00fablicas, mestre em Direito e Rela\u00e7\u00f5es Internacionais, ex-aluno extraordin\u00e1rio do Doutorado em Psicologia Social, ex-estudante do Curso de Psican\u00e1lise do Centro de Estudos Psicanal\u00edticos do Estado de Goi\u00e1s, ministrado pelo m\u00e9dico psiquiatra e psicanalista Daniel Em\u00eddio de Souza. \u00c9 autor de 30 livros-reportagem, oito document\u00e1rios, ganhou 30 pr\u00eamios e \u00e9 torcedor apaixonado do maior do Centro-Oeste, o Vila Nova Futebol Clube. Casado com Meirilane Dias, \u00e9 pai de Juliana Dias, jornalista; Daniel Dias, economista; e Maria Rosa Dias, estudante antifascista, socialista e trotskista.\u00a0Com tr\u00eas pets: Porquinho [Bull Dog Franc\u00eas], Dalila [Basset Hound] e Geleia [Basset Hound]. Al\u00e9m do eterno gato Tutuquinho, que virou estrela.","sameAs":["https:\/\/www.facebook.com\/renato.dias.37","#breve","https:\/\/renatodias.tumblr.com\/"],"url":"https:\/\/renatodias.online\/movimento\/author\/renatodias\/"}]}},"_links":{"self":[{"href":"https:\/\/renatodias.online\/movimento\/wp-json\/wp\/v2\/posts\/12982","targetHints":{"allow":["GET"]}}],"collection":[{"href":"https:\/\/renatodias.online\/movimento\/wp-json\/wp\/v2\/posts"}],"about":[{"href":"https:\/\/renatodias.online\/movimento\/wp-json\/wp\/v2\/types\/post"}],"author":[{"embeddable":true,"href":"https:\/\/renatodias.online\/movimento\/wp-json\/wp\/v2\/users\/2"}],"replies":[{"embeddable":true,"href":"https:\/\/renatodias.online\/movimento\/wp-json\/wp\/v2\/comments?post=12982"}],"version-history":[{"count":1,"href":"https:\/\/renatodias.online\/movimento\/wp-json\/wp\/v2\/posts\/12982\/revisions"}],"predecessor-version":[{"id":12983,"href":"https:\/\/renatodias.online\/movimento\/wp-json\/wp\/v2\/posts\/12982\/revisions\/12983"}],"wp:featuredmedia":[{"embeddable":true,"href":"https:\/\/renatodias.online\/movimento\/wp-json\/wp\/v2\/media\/12745"}],"wp:attachment":[{"href":"https:\/\/renatodias.online\/movimento\/wp-json\/wp\/v2\/media?parent=12982"}],"wp:term":[{"taxonomy":"category","embeddable":true,"href":"https:\/\/renatodias.online\/movimento\/wp-json\/wp\/v2\/categories?post=12982"},{"taxonomy":"post_tag","embeddable":true,"href":"https:\/\/renatodias.online\/movimento\/wp-json\/wp\/v2\/tags?post=12982"}],"curies":[{"name":"wp","href":"https:\/\/api.w.org\/{rel}","templated":true}]}}