{"id":1293,"date":"2019-06-15T19:05:42","date_gmt":"2019-06-15T22:05:42","guid":{"rendered":"http:\/\/renatodias.online\/gyn\/?p=1293"},"modified":"2019-06-15T19:05:42","modified_gmt":"2019-06-15T22:05:42","slug":"reforma-da-previdencia-ruas-sao-ocupadasgreve-geral-para-brasil-goiania-mobiliza-20-mil","status":"publish","type":"post","link":"https:\/\/renatodias.online\/movimento\/2019\/06\/15\/reforma-da-previdencia-ruas-sao-ocupadasgreve-geral-para-brasil-goiania-mobiliza-20-mil\/","title":{"rendered":"Reforma da Previd\u00eancia \u2013 Ruas s\u00e3o ocupadas Greve geral para Brasil. Goi\u00e2nia mobiliza 20 mil"},"content":{"rendered":"<p>\t\t\t\t<strong>Reforma da Previd\u00eancia \u2013 <\/strong><strong>Ruas s\u00e3o ocupadas<\/strong><\/p>\n<p><strong>Greve geral para Brasil.<\/strong><\/p>\n<p><strong>Goi\u00e2nia mobiliza 20 mil<\/strong><\/p>\n<figure id=\"attachment_1294\" aria-describedby=\"caption-attachment-1294\" style=\"width: 750px\" class=\"wp-caption aligncenter\"><img loading=\"lazy\" decoding=\"async\" src=\"http:\/\/renatodias.online\/gyn\/wp-content\/uploads\/2019\/06\/WhatsApp-Image-2019-06-14-at-20.02.43-1-1024x768.jpeg\" alt=\"\" width=\"750\" height=\"563\" class=\"wp-image-1294 size-large\"><figcaption id=\"caption-attachment-1294\" class=\"wp-caption-text\">Ato na Capital de Goi\u00e1s<\/figcaption><\/figure>\n<p><strong>Atos ocorrem nos 26 estados da federa\u00e7\u00e3o e no Distrito Federal. Com conflitos. \u00d4nibus, metr\u00f4s, banc\u00e1rios paralisam atividades<\/strong><\/p>\n<p><strong>Vinte mil trabalhadores e estudantes saem \u00e0s ruas na Capital de Goi\u00e1s. Com bandeiras vermelhas e pela demiss\u00e3o de S\u00e9rgio Moro<\/strong><\/p>\n<p><strong>3 \u2013 O humor \u00e1cido dos ruas<\/strong><\/p>\n<p><strong>Renato Dias<\/strong><\/p>\n<p>A greve geral parou o Brasil. Com trabalhadores urbanos e rurais de bra\u00e7os cruzados em 26 estados e no Distrito Federal. A manifesta\u00e7\u00e3o \u00e9 um protesto contra a Reforma da Previd\u00eancia Social. O Projeto de Emenda Constitucional foi enviado pelo presidente da Rep\u00fablica, Jair Bolsonaro [PSL], ao Congresso Nacional. A mensagem tramita, hoje, na C\u00e2mara dos Deputados.&nbsp; Metr\u00f4s, \u00f4nibus, professores, servidores, metal\u00fargicos, estudantes, sem terras, sem teto sa\u00edram \u00e0s ruas. No Pa\u00eds. Em defesa de direitos econ\u00f4micos e sociais. Mais: em rep\u00fadio tamb\u00e9m ao contingenciamento de verbas para a Educa\u00e7\u00e3o P\u00fablica. O corte de verbas \u00e0s Institui\u00e7\u00f5es de Ensino Superior p\u00fablicas e ao ensino b\u00e1sico e fundamental, discursa o doutor da Faculdade de Hist\u00f3ria da Universidade Federal de Goi\u00e1s [UFG], David Maciel, no ato, em Goi\u00e2nia [GO].<\/p>\n<figure id=\"attachment_1295\" aria-describedby=\"caption-attachment-1295\" style=\"width: 750px\" class=\"wp-caption alignnone\"><img loading=\"lazy\" decoding=\"async\" src=\"http:\/\/renatodias.online\/gyn\/wp-content\/uploads\/2019\/06\/WhatsApp-Image-2019-06-14-at-20.09.50-1024x768.jpeg\" alt=\"\" width=\"750\" height=\"563\" class=\"wp-image-1295 size-large\"><figcaption id=\"caption-attachment-1295\" class=\"wp-caption-text\">Manifesta\u00e7\u00e3o em Goi\u00e2nia<\/figcaption><\/figure>\n<p><strong>&#8211; A nossa luta unificou: \u00e9 estudante junto com trabalhador.<\/strong><\/p>\n<p><strong>Estudantes e trabalhadores<\/strong><\/p>\n<p>Puxada pela Uni\u00e3o Nacional dos Estudantes[UNE], a Estadual dos Estudantes [UEE], o Diret\u00f3rio Central dos Estudantes da UFG, a palavra-de-ordem ecoou na Pra\u00e7a C\u00edvica, na Avenida Goi\u00e1s e na Pra\u00e7a do Trabalhador, onde a passeata se encerrou. Os manifestantes carregavam cartazes que pedem a ren\u00fancia imediata de S\u00e9rgio Moro, atual ministro da Justi\u00e7a, coordenador da Opera\u00e7\u00e3o Lava Jato, e a demiss\u00e3o de Deltan Dallagnol, do cargo de Procurador da Rep\u00fablica. Assim como o afastamento de Luiz Fux, ministro do Supremo Tribunal Federal, o STF. Os tr\u00eas apa\u00adrecem em documentos, \u00e1udios e conversas no Telegram. Vazadas em furo de reportagem do \u2018The Intercept\u2019. O jornalista respons\u00e1vel \u00e9 Glenn Greenwald, norte-americano, ganhador do Pr\u00eamio Pulitzer. O Oscar do jornalismo nos EUA. Diretor de Citzen Four, um document\u00e1rio.<\/p>\n<p><strong>&#8211; Ole, Ol\u00ea, Ol\u00e1, Lula, Lula! Lula Livre.<\/strong><\/p>\n<p>PT, PC do B, PCO, Psol, PSTU, PCR, PSB, PCB, MEPR e Unidade Popular participaram da caminhada em Goi\u00e2nia. Milhares de pessoas com bandeiras do multifacetado espectro pol\u00edtico e ideol\u00f3gico da esquerda brasileira e de Goi\u00e2nia. Centrais sindicais como a CUT, CTB, Intersindical, CSP Conlutas, UGT reuniram sindicatos e filiados para ocupar as ruas na cidade. A crise econ\u00f4mica pautava discursos e panfletos. Os indicadores econ\u00f4micos: 27,7 milh\u00f5es de desempregados, 48,5 milh\u00f5es de pessoas em situa\u00e7\u00e3o de vulnerabilidade social, com consumo de menos de 1,9 d\u00f3lar por dia, 36 milh\u00f5es no mercado de trabalho informal ou invis\u00edvel, inclusive crian\u00e7as, adultos, homens e mulheres, idosos, sem renda fixa, nem direitos trabalhistas, muito menos previdenci\u00e1rios. Registros da infla\u00e7\u00e3o e da d\u00edvida p\u00fablica do Brasil.<\/p>\n<p><strong>&#8211; N\u00e3o vai ter cortes de direitos. Vai ter lutas pol\u00edticas, sociais e de classes.<\/strong>\t\t<\/p>\n","protected":false},"excerpt":{"rendered":"<p>Reforma da Previd\u00eancia \u2013 Ruas s\u00e3o ocupadas Greve geral para Brasil. Goi\u00e2nia mobiliza 20 mil Atos ocorrem nos 26 estados da federa\u00e7\u00e3o e no Distrito Federal. Com conflitos. \u00d4nibus, metr\u00f4s, banc\u00e1rios paralisam atividades Vinte mil trabalhadores e estudantes saem \u00e0s ruas na Capital de Goi\u00e1s. Com bandeiras vermelhas e pela demiss\u00e3o de S\u00e9rgio Moro 3<\/p>\n","protected":false},"author":2,"featured_media":1294,"comment_status":"open","ping_status":"open","sticky":false,"template":"","format":"standard","meta":{"_acf_changed":false,"_monsterinsights_skip_tracking":false,"_monsterinsights_sitenote_active":false,"_monsterinsights_sitenote_note":"","_monsterinsights_sitenote_category":0,"footnotes":""},"categories":[4],"tags":[],"class_list":["post-1293","post","type-post","status-publish","format-standard","has-post-thumbnail","hentry","category-politica"],"acf":[],"yoast_head":"<!-- This site is optimized with the Yoast SEO plugin v27.4 - https:\/\/yoast.com\/product\/yoast-seo-wordpress\/ -->\n<title>Reforma da Previd\u00eancia \u2013 Ruas s\u00e3o ocupadas Greve geral para Brasil. Goi\u00e2nia mobiliza 20 mil -<\/title>\n<meta name=\"robots\" content=\"index, follow, max-snippet:-1, max-image-preview:large, max-video-preview:-1\" \/>\n<link rel=\"canonical\" href=\"https:\/\/renatodias.online\/movimento\/2019\/06\/15\/reforma-da-previdencia-ruas-sao-ocupadasgreve-geral-para-brasil-goiania-mobiliza-20-mil\/\" \/>\n<meta property=\"og:locale\" content=\"pt_BR\" \/>\n<meta property=\"og:type\" content=\"article\" \/>\n<meta property=\"og:title\" content=\"Reforma da Previd\u00eancia \u2013 Ruas s\u00e3o ocupadas Greve geral para Brasil. Goi\u00e2nia mobiliza 20 mil -\" \/>\n<meta property=\"og:description\" content=\"Reforma da Previd\u00eancia \u2013 Ruas s\u00e3o ocupadas Greve geral para Brasil. Goi\u00e2nia mobiliza 20 mil Atos ocorrem nos 26 estados da federa\u00e7\u00e3o e no Distrito Federal. Com conflitos. \u00d4nibus, metr\u00f4s, banc\u00e1rios paralisam atividades Vinte mil trabalhadores e estudantes saem \u00e0s ruas na Capital de Goi\u00e1s. Com bandeiras vermelhas e pela demiss\u00e3o de S\u00e9rgio Moro 3\" \/>\n<meta property=\"og:url\" content=\"https:\/\/renatodias.online\/movimento\/2019\/06\/15\/reforma-da-previdencia-ruas-sao-ocupadasgreve-geral-para-brasil-goiania-mobiliza-20-mil\/\" \/>\n<meta property=\"article:publisher\" content=\"https:\/\/www.facebook.com\/renato.dias.37\" \/>\n<meta property=\"article:author\" content=\"https:\/\/www.facebook.com\/renato.dias.37\" \/>\n<meta property=\"article:published_time\" content=\"2019-06-15T22:05:42+00:00\" \/>\n<meta name=\"author\" content=\"Renato Dias\" \/>\n<meta name=\"twitter:card\" content=\"summary_large_image\" \/>\n<meta name=\"twitter:creator\" content=\"@RenatoDiasBat\" \/>\n<meta name=\"twitter:site\" content=\"@RenatoDiasBat\" \/>\n<meta name=\"twitter:label1\" content=\"Escrito por\" \/>\n\t<meta name=\"twitter:data1\" content=\"Renato Dias\" \/>\n\t<meta name=\"twitter:label2\" content=\"Est. tempo de leitura\" \/>\n\t<meta name=\"twitter:data2\" content=\"3 minutos\" \/>\n<script type=\"application\/ld+json\" class=\"yoast-schema-graph\">{\"@context\":\"https:\\\/\\\/schema.org\",\"@graph\":[{\"@type\":\"Article\",\"@id\":\"https:\\\/\\\/renatodias.online\\\/movimento\\\/2019\\\/06\\\/15\\\/reforma-da-previdencia-ruas-sao-ocupadasgreve-geral-para-brasil-goiania-mobiliza-20-mil\\\/#article\",\"isPartOf\":{\"@id\":\"https:\\\/\\\/renatodias.online\\\/movimento\\\/2019\\\/06\\\/15\\\/reforma-da-previdencia-ruas-sao-ocupadasgreve-geral-para-brasil-goiania-mobiliza-20-mil\\\/\"},\"author\":{\"name\":\"Renato Dias\",\"@id\":\"https:\\\/\\\/renatodias.online\\\/movimento\\\/#\\\/schema\\\/person\\\/bbab28833b1725a20f4083f49f1fb2a9\"},\"headline\":\"Reforma da Previd\u00eancia \u2013 Ruas s\u00e3o ocupadas Greve geral para Brasil. Goi\u00e2nia mobiliza 20 mil\",\"datePublished\":\"2019-06-15T22:05:42+00:00\",\"mainEntityOfPage\":{\"@id\":\"https:\\\/\\\/renatodias.online\\\/movimento\\\/2019\\\/06\\\/15\\\/reforma-da-previdencia-ruas-sao-ocupadasgreve-geral-para-brasil-goiania-mobiliza-20-mil\\\/\"},\"wordCount\":568,\"commentCount\":0,\"publisher\":{\"@id\":\"https:\\\/\\\/renatodias.online\\\/movimento\\\/#\\\/schema\\\/person\\\/bbab28833b1725a20f4083f49f1fb2a9\"},\"image\":{\"@id\":\"https:\\\/\\\/renatodias.online\\\/movimento\\\/2019\\\/06\\\/15\\\/reforma-da-previdencia-ruas-sao-ocupadasgreve-geral-para-brasil-goiania-mobiliza-20-mil\\\/#primaryimage\"},\"thumbnailUrl\":\"\",\"articleSection\":[\"Pol\u00edtica\"],\"inLanguage\":\"pt-BR\",\"potentialAction\":[{\"@type\":\"CommentAction\",\"name\":\"Comment\",\"target\":[\"https:\\\/\\\/renatodias.online\\\/movimento\\\/2019\\\/06\\\/15\\\/reforma-da-previdencia-ruas-sao-ocupadasgreve-geral-para-brasil-goiania-mobiliza-20-mil\\\/#respond\"]}]},{\"@type\":\"WebPage\",\"@id\":\"https:\\\/\\\/renatodias.online\\\/movimento\\\/2019\\\/06\\\/15\\\/reforma-da-previdencia-ruas-sao-ocupadasgreve-geral-para-brasil-goiania-mobiliza-20-mil\\\/\",\"url\":\"https:\\\/\\\/renatodias.online\\\/movimento\\\/2019\\\/06\\\/15\\\/reforma-da-previdencia-ruas-sao-ocupadasgreve-geral-para-brasil-goiania-mobiliza-20-mil\\\/\",\"name\":\"Reforma da Previd\u00eancia \u2013 Ruas s\u00e3o ocupadas Greve geral para Brasil. Goi\u00e2nia mobiliza 20 mil -\",\"isPartOf\":{\"@id\":\"https:\\\/\\\/renatodias.online\\\/movimento\\\/#website\"},\"primaryImageOfPage\":{\"@id\":\"https:\\\/\\\/renatodias.online\\\/movimento\\\/2019\\\/06\\\/15\\\/reforma-da-previdencia-ruas-sao-ocupadasgreve-geral-para-brasil-goiania-mobiliza-20-mil\\\/#primaryimage\"},\"image\":{\"@id\":\"https:\\\/\\\/renatodias.online\\\/movimento\\\/2019\\\/06\\\/15\\\/reforma-da-previdencia-ruas-sao-ocupadasgreve-geral-para-brasil-goiania-mobiliza-20-mil\\\/#primaryimage\"},\"thumbnailUrl\":\"\",\"datePublished\":\"2019-06-15T22:05:42+00:00\",\"breadcrumb\":{\"@id\":\"https:\\\/\\\/renatodias.online\\\/movimento\\\/2019\\\/06\\\/15\\\/reforma-da-previdencia-ruas-sao-ocupadasgreve-geral-para-brasil-goiania-mobiliza-20-mil\\\/#breadcrumb\"},\"inLanguage\":\"pt-BR\",\"potentialAction\":[{\"@type\":\"ReadAction\",\"target\":[\"https:\\\/\\\/renatodias.online\\\/movimento\\\/2019\\\/06\\\/15\\\/reforma-da-previdencia-ruas-sao-ocupadasgreve-geral-para-brasil-goiania-mobiliza-20-mil\\\/\"]}]},{\"@type\":\"ImageObject\",\"inLanguage\":\"pt-BR\",\"@id\":\"https:\\\/\\\/renatodias.online\\\/movimento\\\/2019\\\/06\\\/15\\\/reforma-da-previdencia-ruas-sao-ocupadasgreve-geral-para-brasil-goiania-mobiliza-20-mil\\\/#primaryimage\",\"url\":\"\",\"contentUrl\":\"\"},{\"@type\":\"BreadcrumbList\",\"@id\":\"https:\\\/\\\/renatodias.online\\\/movimento\\\/2019\\\/06\\\/15\\\/reforma-da-previdencia-ruas-sao-ocupadasgreve-geral-para-brasil-goiania-mobiliza-20-mil\\\/#breadcrumb\",\"itemListElement\":[{\"@type\":\"ListItem\",\"position\":1,\"name\":\"In\u00edcio\",\"item\":\"https:\\\/\\\/renatodias.online\\\/movimento\\\/\"},{\"@type\":\"ListItem\",\"position\":2,\"name\":\"Reforma da Previd\u00eancia \u2013 Ruas s\u00e3o ocupadas Greve geral para Brasil. Goi\u00e2nia mobiliza 20 mil\"}]},{\"@type\":\"WebSite\",\"@id\":\"https:\\\/\\\/renatodias.online\\\/movimento\\\/#website\",\"url\":\"https:\\\/\\\/renatodias.online\\\/movimento\\\/\",\"name\":\"\",\"description\":\"\",\"publisher\":{\"@id\":\"https:\\\/\\\/renatodias.online\\\/movimento\\\/#\\\/schema\\\/person\\\/bbab28833b1725a20f4083f49f1fb2a9\"},\"potentialAction\":[{\"@type\":\"SearchAction\",\"target\":{\"@type\":\"EntryPoint\",\"urlTemplate\":\"https:\\\/\\\/renatodias.online\\\/movimento\\\/?s={search_term_string}\"},\"query-input\":{\"@type\":\"PropertyValueSpecification\",\"valueRequired\":true,\"valueName\":\"search_term_string\"}}],\"inLanguage\":\"pt-BR\"},{\"@type\":[\"Person\",\"Organization\"],\"@id\":\"https:\\\/\\\/renatodias.online\\\/movimento\\\/#\\\/schema\\\/person\\\/bbab28833b1725a20f4083f49f1fb2a9\",\"name\":\"Renato Dias\",\"image\":{\"@type\":\"ImageObject\",\"inLanguage\":\"pt-BR\",\"@id\":\"https:\\\/\\\/renatodias.online\\\/movimento\\\/wp-content\\\/uploads\\\/2023\\\/03\\\/cropped-cropped-cropped-logofinal.jpeg\",\"url\":\"https:\\\/\\\/renatodias.online\\\/movimento\\\/wp-content\\\/uploads\\\/2023\\\/03\\\/cropped-cropped-cropped-logofinal.jpeg\",\"contentUrl\":\"https:\\\/\\\/renatodias.online\\\/movimento\\\/wp-content\\\/uploads\\\/2023\\\/03\\\/cropped-cropped-cropped-logofinal.jpeg\",\"width\":1280,\"height\":219,\"caption\":\"Renato Dias\"},\"logo\":{\"@id\":\"https:\\\/\\\/renatodias.online\\\/movimento\\\/wp-content\\\/uploads\\\/2023\\\/03\\\/cropped-cropped-cropped-logofinal.jpeg\"},\"description\":\"Renato Dias, 58 anos, \u00e9 graduado em Jornalismo, formado em Ci\u00eancias Sociais, com p\u00f3s-gradua\u00e7\u00e3o em Pol\u00edticas P\u00fablicas, mestre em Direito e Rela\u00e7\u00f5es Internacionais, ex-aluno extraordin\u00e1rio do Doutorado em Psicologia Social, ex-estudante do Curso de Psican\u00e1lise do Centro de Estudos Psicanal\u00edticos do Estado de Goi\u00e1s, ministrado pelo m\u00e9dico psiquiatra e psicanalista Daniel Em\u00eddio de Souza. \u00c9 autor de 30 livros-reportagem, oito document\u00e1rios, ganhou 30 pr\u00eamios e \u00e9 torcedor apaixonado do maior do Centro-Oeste, o Vila Nova Futebol Clube. Casado com Meirilane Dias, \u00e9 pai de Juliana Dias, jornalista; Daniel Dias, economista; e Maria Rosa Dias, estudante antifascista, socialista e trotskista.\u00a0Com tr\u00eas pets: Porquinho [Bull Dog Franc\u00eas], Dalila [Basset Hound] e Geleia [Basset Hound]. Al\u00e9m do eterno gato Tutuquinho, que virou estrela.\",\"sameAs\":[\"https:\\\/\\\/www.facebook.com\\\/renato.dias.37\",\"#breve\",\"https:\\\/\\\/renatodias.tumblr.com\\\/\"],\"url\":\"https:\\\/\\\/renatodias.online\\\/movimento\\\/author\\\/renatodias\\\/\"}]}<\/script>\n<!-- \/ Yoast SEO plugin. -->","yoast_head_json":{"title":"Reforma da Previd\u00eancia \u2013 Ruas s\u00e3o ocupadas Greve geral para Brasil. Goi\u00e2nia mobiliza 20 mil -","robots":{"index":"index","follow":"follow","max-snippet":"max-snippet:-1","max-image-preview":"max-image-preview:large","max-video-preview":"max-video-preview:-1"},"canonical":"https:\/\/renatodias.online\/movimento\/2019\/06\/15\/reforma-da-previdencia-ruas-sao-ocupadasgreve-geral-para-brasil-goiania-mobiliza-20-mil\/","og_locale":"pt_BR","og_type":"article","og_title":"Reforma da Previd\u00eancia \u2013 Ruas s\u00e3o ocupadas Greve geral para Brasil. Goi\u00e2nia mobiliza 20 mil -","og_description":"Reforma da Previd\u00eancia \u2013 Ruas s\u00e3o ocupadas Greve geral para Brasil. Goi\u00e2nia mobiliza 20 mil Atos ocorrem nos 26 estados da federa\u00e7\u00e3o e no Distrito Federal. Com conflitos. \u00d4nibus, metr\u00f4s, banc\u00e1rios paralisam atividades Vinte mil trabalhadores e estudantes saem \u00e0s ruas na Capital de Goi\u00e1s. Com bandeiras vermelhas e pela demiss\u00e3o de S\u00e9rgio Moro 3","og_url":"https:\/\/renatodias.online\/movimento\/2019\/06\/15\/reforma-da-previdencia-ruas-sao-ocupadasgreve-geral-para-brasil-goiania-mobiliza-20-mil\/","article_publisher":"https:\/\/www.facebook.com\/renato.dias.37","article_author":"https:\/\/www.facebook.com\/renato.dias.37","article_published_time":"2019-06-15T22:05:42+00:00","author":"Renato Dias","twitter_card":"summary_large_image","twitter_creator":"@RenatoDiasBat","twitter_site":"@RenatoDiasBat","twitter_misc":{"Escrito por":"Renato Dias","Est. tempo de leitura":"3 minutos"},"schema":{"@context":"https:\/\/schema.org","@graph":[{"@type":"Article","@id":"https:\/\/renatodias.online\/movimento\/2019\/06\/15\/reforma-da-previdencia-ruas-sao-ocupadasgreve-geral-para-brasil-goiania-mobiliza-20-mil\/#article","isPartOf":{"@id":"https:\/\/renatodias.online\/movimento\/2019\/06\/15\/reforma-da-previdencia-ruas-sao-ocupadasgreve-geral-para-brasil-goiania-mobiliza-20-mil\/"},"author":{"name":"Renato Dias","@id":"https:\/\/renatodias.online\/movimento\/#\/schema\/person\/bbab28833b1725a20f4083f49f1fb2a9"},"headline":"Reforma da Previd\u00eancia \u2013 Ruas s\u00e3o ocupadas Greve geral para Brasil. Goi\u00e2nia mobiliza 20 mil","datePublished":"2019-06-15T22:05:42+00:00","mainEntityOfPage":{"@id":"https:\/\/renatodias.online\/movimento\/2019\/06\/15\/reforma-da-previdencia-ruas-sao-ocupadasgreve-geral-para-brasil-goiania-mobiliza-20-mil\/"},"wordCount":568,"commentCount":0,"publisher":{"@id":"https:\/\/renatodias.online\/movimento\/#\/schema\/person\/bbab28833b1725a20f4083f49f1fb2a9"},"image":{"@id":"https:\/\/renatodias.online\/movimento\/2019\/06\/15\/reforma-da-previdencia-ruas-sao-ocupadasgreve-geral-para-brasil-goiania-mobiliza-20-mil\/#primaryimage"},"thumbnailUrl":"","articleSection":["Pol\u00edtica"],"inLanguage":"pt-BR","potentialAction":[{"@type":"CommentAction","name":"Comment","target":["https:\/\/renatodias.online\/movimento\/2019\/06\/15\/reforma-da-previdencia-ruas-sao-ocupadasgreve-geral-para-brasil-goiania-mobiliza-20-mil\/#respond"]}]},{"@type":"WebPage","@id":"https:\/\/renatodias.online\/movimento\/2019\/06\/15\/reforma-da-previdencia-ruas-sao-ocupadasgreve-geral-para-brasil-goiania-mobiliza-20-mil\/","url":"https:\/\/renatodias.online\/movimento\/2019\/06\/15\/reforma-da-previdencia-ruas-sao-ocupadasgreve-geral-para-brasil-goiania-mobiliza-20-mil\/","name":"Reforma da Previd\u00eancia \u2013 Ruas s\u00e3o ocupadas Greve geral para Brasil. Goi\u00e2nia mobiliza 20 mil -","isPartOf":{"@id":"https:\/\/renatodias.online\/movimento\/#website"},"primaryImageOfPage":{"@id":"https:\/\/renatodias.online\/movimento\/2019\/06\/15\/reforma-da-previdencia-ruas-sao-ocupadasgreve-geral-para-brasil-goiania-mobiliza-20-mil\/#primaryimage"},"image":{"@id":"https:\/\/renatodias.online\/movimento\/2019\/06\/15\/reforma-da-previdencia-ruas-sao-ocupadasgreve-geral-para-brasil-goiania-mobiliza-20-mil\/#primaryimage"},"thumbnailUrl":"","datePublished":"2019-06-15T22:05:42+00:00","breadcrumb":{"@id":"https:\/\/renatodias.online\/movimento\/2019\/06\/15\/reforma-da-previdencia-ruas-sao-ocupadasgreve-geral-para-brasil-goiania-mobiliza-20-mil\/#breadcrumb"},"inLanguage":"pt-BR","potentialAction":[{"@type":"ReadAction","target":["https:\/\/renatodias.online\/movimento\/2019\/06\/15\/reforma-da-previdencia-ruas-sao-ocupadasgreve-geral-para-brasil-goiania-mobiliza-20-mil\/"]}]},{"@type":"ImageObject","inLanguage":"pt-BR","@id":"https:\/\/renatodias.online\/movimento\/2019\/06\/15\/reforma-da-previdencia-ruas-sao-ocupadasgreve-geral-para-brasil-goiania-mobiliza-20-mil\/#primaryimage","url":"","contentUrl":""},{"@type":"BreadcrumbList","@id":"https:\/\/renatodias.online\/movimento\/2019\/06\/15\/reforma-da-previdencia-ruas-sao-ocupadasgreve-geral-para-brasil-goiania-mobiliza-20-mil\/#breadcrumb","itemListElement":[{"@type":"ListItem","position":1,"name":"In\u00edcio","item":"https:\/\/renatodias.online\/movimento\/"},{"@type":"ListItem","position":2,"name":"Reforma da Previd\u00eancia \u2013 Ruas s\u00e3o ocupadas Greve geral para Brasil. Goi\u00e2nia mobiliza 20 mil"}]},{"@type":"WebSite","@id":"https:\/\/renatodias.online\/movimento\/#website","url":"https:\/\/renatodias.online\/movimento\/","name":"","description":"","publisher":{"@id":"https:\/\/renatodias.online\/movimento\/#\/schema\/person\/bbab28833b1725a20f4083f49f1fb2a9"},"potentialAction":[{"@type":"SearchAction","target":{"@type":"EntryPoint","urlTemplate":"https:\/\/renatodias.online\/movimento\/?s={search_term_string}"},"query-input":{"@type":"PropertyValueSpecification","valueRequired":true,"valueName":"search_term_string"}}],"inLanguage":"pt-BR"},{"@type":["Person","Organization"],"@id":"https:\/\/renatodias.online\/movimento\/#\/schema\/person\/bbab28833b1725a20f4083f49f1fb2a9","name":"Renato Dias","image":{"@type":"ImageObject","inLanguage":"pt-BR","@id":"https:\/\/renatodias.online\/movimento\/wp-content\/uploads\/2023\/03\/cropped-cropped-cropped-logofinal.jpeg","url":"https:\/\/renatodias.online\/movimento\/wp-content\/uploads\/2023\/03\/cropped-cropped-cropped-logofinal.jpeg","contentUrl":"https:\/\/renatodias.online\/movimento\/wp-content\/uploads\/2023\/03\/cropped-cropped-cropped-logofinal.jpeg","width":1280,"height":219,"caption":"Renato Dias"},"logo":{"@id":"https:\/\/renatodias.online\/movimento\/wp-content\/uploads\/2023\/03\/cropped-cropped-cropped-logofinal.jpeg"},"description":"Renato Dias, 58 anos, \u00e9 graduado em Jornalismo, formado em Ci\u00eancias Sociais, com p\u00f3s-gradua\u00e7\u00e3o em Pol\u00edticas P\u00fablicas, mestre em Direito e Rela\u00e7\u00f5es Internacionais, ex-aluno extraordin\u00e1rio do Doutorado em Psicologia Social, ex-estudante do Curso de Psican\u00e1lise do Centro de Estudos Psicanal\u00edticos do Estado de Goi\u00e1s, ministrado pelo m\u00e9dico psiquiatra e psicanalista Daniel Em\u00eddio de Souza. \u00c9 autor de 30 livros-reportagem, oito document\u00e1rios, ganhou 30 pr\u00eamios e \u00e9 torcedor apaixonado do maior do Centro-Oeste, o Vila Nova Futebol Clube. Casado com Meirilane Dias, \u00e9 pai de Juliana Dias, jornalista; Daniel Dias, economista; e Maria Rosa Dias, estudante antifascista, socialista e trotskista.\u00a0Com tr\u00eas pets: Porquinho [Bull Dog Franc\u00eas], Dalila [Basset Hound] e Geleia [Basset Hound]. Al\u00e9m do eterno gato Tutuquinho, que virou estrela.","sameAs":["https:\/\/www.facebook.com\/renato.dias.37","#breve","https:\/\/renatodias.tumblr.com\/"],"url":"https:\/\/renatodias.online\/movimento\/author\/renatodias\/"}]}},"_links":{"self":[{"href":"https:\/\/renatodias.online\/movimento\/wp-json\/wp\/v2\/posts\/1293","targetHints":{"allow":["GET"]}}],"collection":[{"href":"https:\/\/renatodias.online\/movimento\/wp-json\/wp\/v2\/posts"}],"about":[{"href":"https:\/\/renatodias.online\/movimento\/wp-json\/wp\/v2\/types\/post"}],"author":[{"embeddable":true,"href":"https:\/\/renatodias.online\/movimento\/wp-json\/wp\/v2\/users\/2"}],"replies":[{"embeddable":true,"href":"https:\/\/renatodias.online\/movimento\/wp-json\/wp\/v2\/comments?post=1293"}],"version-history":[{"count":0,"href":"https:\/\/renatodias.online\/movimento\/wp-json\/wp\/v2\/posts\/1293\/revisions"}],"wp:featuredmedia":[{"embeddable":true,"href":"https:\/\/renatodias.online\/movimento\/wp-json\/"}],"wp:attachment":[{"href":"https:\/\/renatodias.online\/movimento\/wp-json\/wp\/v2\/media?parent=1293"}],"wp:term":[{"taxonomy":"category","embeddable":true,"href":"https:\/\/renatodias.online\/movimento\/wp-json\/wp\/v2\/categories?post=1293"},{"taxonomy":"post_tag","embeddable":true,"href":"https:\/\/renatodias.online\/movimento\/wp-json\/wp\/v2\/tags?post=1293"}],"curies":[{"name":"wp","href":"https:\/\/api.w.org\/{rel}","templated":true}]}}