{"id":12910,"date":"2022-06-22T19:43:17","date_gmt":"2022-06-22T22:43:17","guid":{"rendered":"https:\/\/renatodias.online\/movimento\/?p=12910"},"modified":"2022-06-22T19:43:17","modified_gmt":"2022-06-22T22:43:17","slug":"psdb-tera-protagonismo-diz-jardel-sebba","status":"publish","type":"post","link":"https:\/\/renatodias.online\/movimento\/2022\/06\/22\/psdb-tera-protagonismo-diz-jardel-sebba\/","title":{"rendered":"PSDB ter\u00e1 protagonismo, diz Jardel Sebba"},"content":{"rendered":"<p><img loading=\"lazy\" decoding=\"async\" class=\"wp-image-11445 size-full aligncenter\" src=\"https:\/\/renatodias.online\/movimento\/wp-content\/uploads\/2022\/03\/Eleicoes-de-2022.jpeg\" alt=\"\" width=\"639\" height=\"361\" srcset=\"https:\/\/renatodias.online\/movimento\/wp-content\/uploads\/2022\/03\/Eleicoes-de-2022.jpeg 639w, https:\/\/renatodias.online\/movimento\/wp-content\/uploads\/2022\/03\/Eleicoes-de-2022-300x169.jpeg 300w\" sizes=\"auto, (max-width: 639px) 100vw, 639px\" \/><\/p>\n<h1 style=\"text-align: center;\"><span style=\"color: #808000;\"><strong>Tucano defende alian\u00e7as no 1\u00b0 e 2\u00b0 turnos<\/strong><\/span><\/h1>\n<figure id=\"attachment_7726\" aria-describedby=\"caption-attachment-7726\" style=\"width: 1920px\" class=\"wp-caption alignnone\"><img loading=\"lazy\" decoding=\"async\" class=\"wp-image-7726 size-full\" src=\"https:\/\/renatodias.online\/movimento\/wp-content\/uploads\/2021\/07\/Tucano-PSDB.jpg\" alt=\"\" width=\"1920\" height=\"600\" srcset=\"https:\/\/renatodias.online\/movimento\/wp-content\/uploads\/2021\/07\/Tucano-PSDB.jpg 1920w, https:\/\/renatodias.online\/movimento\/wp-content\/uploads\/2021\/07\/Tucano-PSDB-300x94.jpg 300w, https:\/\/renatodias.online\/movimento\/wp-content\/uploads\/2021\/07\/Tucano-PSDB-768x240.jpg 768w, https:\/\/renatodias.online\/movimento\/wp-content\/uploads\/2021\/07\/Tucano-PSDB-1536x480.jpg 1536w, https:\/\/renatodias.online\/movimento\/wp-content\/uploads\/2021\/07\/Tucano-PSDB-750x234.jpg 750w\" sizes=\"auto, (max-width: 1920px) 100vw, 1920px\" \/><figcaption id=\"caption-attachment-7726\" class=\"wp-caption-text\"><strong>Tucano, s\u00edmbolo do PSDB<\/strong><\/figcaption><\/figure>\n<p><img loading=\"lazy\" decoding=\"async\" class=\"size-full wp-image-11298 aligncenter\" src=\"https:\/\/renatodias.online\/movimento\/wp-content\/uploads\/2022\/03\/Entrevista-Especial.png\" alt=\"\" width=\"225\" height=\"225\" srcset=\"https:\/\/renatodias.online\/movimento\/wp-content\/uploads\/2022\/03\/Entrevista-Especial.png 225w, https:\/\/renatodias.online\/movimento\/wp-content\/uploads\/2022\/03\/Entrevista-Especial-150x150.png 150w\" sizes=\"auto, (max-width: 225px) 100vw, 225px\" \/><\/p>\n<h1 style=\"text-align: center;\"><span style=\"color: #0000ff;\"><strong>Com plataforma de oposi\u00e7\u00e3o a Ronaldo Caiado<\/strong><\/span><\/h1>\n<p><strong>Renato Dias<\/strong><\/p>\n<p>O ex-presidente da Assembleia Legislativa do Estado de Goi\u00e1s <strong>Jardel Sebba<\/strong> informa ao <strong>Portal de Not\u00edcias www.renatodias.online<\/strong> que o PSDB ter\u00e1 protagonismo nas elei\u00e7\u00f5es de 2 de outubro de 2022.<\/p>\n<blockquote>\n<h1><span style=\"color: #0000ff;\"><strong>_ Um novo amanh\u00e3 em Goi\u00e1s \u00e9 poss\u00edvel.<\/strong><\/span><\/h1>\n<\/blockquote>\n<p><span style=\"color: #008000;\">Jardel Sebba<\/span><\/p>\n<figure id=\"attachment_5231\" aria-describedby=\"caption-attachment-5231\" style=\"width: 1024px\" class=\"wp-caption alignnone\"><img loading=\"lazy\" decoding=\"async\" class=\"wp-image-5231 size-large\" src=\"https:\/\/renatodias.online\/movimento\/wp-content\/uploads\/2021\/02\/marconiperilo-1024x682.jpeg\" alt=\"\" width=\"1024\" height=\"682\" srcset=\"https:\/\/renatodias.online\/movimento\/wp-content\/uploads\/2021\/02\/marconiperilo-1024x682.jpeg 1024w, https:\/\/renatodias.online\/movimento\/wp-content\/uploads\/2021\/02\/marconiperilo-300x200.jpeg 300w, https:\/\/renatodias.online\/movimento\/wp-content\/uploads\/2021\/02\/marconiperilo-768x512.jpeg 768w, https:\/\/renatodias.online\/movimento\/wp-content\/uploads\/2021\/02\/marconiperilo-360x240.jpeg 360w, https:\/\/renatodias.online\/movimento\/wp-content\/uploads\/2021\/02\/marconiperilo-750x500.jpeg 750w, https:\/\/renatodias.online\/movimento\/wp-content\/uploads\/2021\/02\/marconiperilo.jpeg 1280w\" sizes=\"auto, (max-width: 1024px) 100vw, 1024px\" \/><figcaption id=\"caption-attachment-5231\" class=\"wp-caption-text\"><strong>Marconi Perillo<\/strong><\/figcaption><\/figure>\n<p>O cardeal tucano aponta os indicadores econ\u00f4micos negativos do atual governador do Estado, Ronaldo Caiado [Uni\u00e3o Brasil]. A fuga de empresas, perda de empregos, alta infla\u00e7\u00e3o que diminui poder de compra, diz.<\/p>\n<blockquote>\n<h1><span style=\"color: #0000ff;\"><strong>_ Sem rumo, nada de planejamento e gest\u00e3o p\u00edfia.<\/strong><\/span><\/h1>\n<\/blockquote>\n<p><span style=\"color: #008000;\"><strong>Jardel Sebba<\/strong><\/span><\/p>\n<figure id=\"attachment_4510\" aria-describedby=\"caption-attachment-4510\" style=\"width: 1000px\" class=\"wp-caption alignnone\"><img loading=\"lazy\" decoding=\"async\" class=\"wp-image-4510 size-full\" src=\"https:\/\/renatodias.online\/movimento\/wp-content\/uploads\/2020\/09\/Pal\u00e1cio-das-Esmeeraldas-2.jpg\" alt=\"\" width=\"1000\" height=\"750\" \/><figcaption id=\"caption-attachment-4510\" class=\"wp-caption-text\"><strong>Pal\u00e1cio das Esmeraldas<\/strong><\/figcaption><\/figure>\n<p>O ex-prefeito de Catal\u00e3o quer a unidade das oposi\u00e7\u00f5es no 1\u00b0 ou no 2\u00b0 turno. Marconi Perillo \u00e9 op\u00e7\u00e3o, Gustavo Mendanha gestor eficiente, Wolmir Amado n\u00e3o tem manchas e \u00e9 poss\u00edvel conversar com Vitor Hugo, diz<\/p>\n<blockquote>\n<h1><span style=\"color: #0000ff;\"><strong>_ PSDB \u00e9 aberto a um di\u00e1logo amplo, fraterno, program\u00e1tico e democr\u00e1tico.<\/strong><\/span><\/h1>\n<\/blockquote>\n<p><span style=\"color: #008000;\"><strong>Jardel Sebba\u00a0<\/strong><\/span><\/p>\n<figure id=\"attachment_7837\" aria-describedby=\"caption-attachment-7837\" style=\"width: 800px\" class=\"wp-caption aligncenter\"><img loading=\"lazy\" decoding=\"async\" class=\"wp-image-7837 size-full\" src=\"https:\/\/renatodias.online\/movimento\/wp-content\/uploads\/2021\/07\/Gustavo-Mendanha.jpg\" alt=\"\" width=\"800\" height=\"1200\" srcset=\"https:\/\/renatodias.online\/movimento\/wp-content\/uploads\/2021\/07\/Gustavo-Mendanha.jpg 800w, https:\/\/renatodias.online\/movimento\/wp-content\/uploads\/2021\/07\/Gustavo-Mendanha-200x300.jpg 200w, https:\/\/renatodias.online\/movimento\/wp-content\/uploads\/2021\/07\/Gustavo-Mendanha-683x1024.jpg 683w, https:\/\/renatodias.online\/movimento\/wp-content\/uploads\/2021\/07\/Gustavo-Mendanha-768x1152.jpg 768w, https:\/\/renatodias.online\/movimento\/wp-content\/uploads\/2021\/07\/Gustavo-Mendanha-750x1125.jpg 750w\" sizes=\"auto, (max-width: 800px) 100vw, 800px\" \/><figcaption id=\"caption-attachment-7837\" class=\"wp-caption-text\"><strong>Gustavo Mendanha, ex-prefeito de Aparecida de Goi\u00e2nia<\/strong><\/figcaption><\/figure>\n<p>M\u00e9dico, produtor rural e empres\u00e1rio, ele lembra que o agroneg\u00f3cio, a ind\u00fastria e o setor terci\u00e1rio da economia, de servi\u00e7os, foram negligenciados pelo Governo do Estado de Goi\u00e1s. Crise total, fuzila.<\/p>\n<blockquote>\n<h1><span style=\"color: #0000ff;\"><strong>_ Uma incompet\u00eancia absoluta. Apenas demagogia.<\/strong><\/span><\/h1>\n<\/blockquote>\n<p><span style=\"color: #008000;\"><strong>Jardel Sebba\u00a0<\/strong><\/span><\/p>\n<p>Cr\u00edtico, Jardel Sebba relata, hoje, os elevados \u00edndices de viol\u00eancia, al\u00e9m dos casos crescentes de feminic\u00eddios e dos esc\u00e2ndalos de corrup\u00e7\u00e3o, assim como das den\u00fancias de nepotismo da administra\u00e7\u00e3o.<\/p>\n<blockquote>\n<h1><span style=\"color: #0000ff;\"><strong>_ Goi\u00e1s necessita retomar os trilhos do desenvolvimento sustent\u00e1vel.<\/strong><\/span><\/h1>\n<\/blockquote>\n<p><span style=\"color: #008000;\"><strong>Jardel Sebba<\/strong><\/span><\/p>\n<p>Ex-secret\u00e1rio de Estado, o tucano defende o legado da Era PSDB, como o Renda Cidad\u00e3, Bolsa Universit\u00e1ria, Cheque Moradia, Cheque Reforma, UEG, Lei Goyazes, FAC, Hugol, Huapa e PIB nas alturas, recorda-se.<\/p>\n<blockquote>\n<h1><span style=\"color: #0000ff;\"><strong>_ \u00c9 necess\u00e1rio conversar ainda com Jos\u00e9 Eliton, Denise Carvalho, Otavinho Lage de Siqueira.<\/strong><\/span><\/h1>\n<\/blockquote>\n<p><span style=\"color: #008000;\"><strong>Jardel Sebba<\/strong><\/span><\/p>\n<figure id=\"attachment_5497\" aria-describedby=\"caption-attachment-5497\" style=\"width: 1024px\" class=\"wp-caption alignnone\"><img loading=\"lazy\" decoding=\"async\" class=\"wp-image-5497 size-full\" src=\"https:\/\/renatodias.online\/movimento\/wp-content\/uploads\/2021\/03\/Jose-Eliton.jpg\" alt=\"Jos\u00e9 Eliton\" width=\"1024\" height=\"455\" srcset=\"https:\/\/renatodias.online\/movimento\/wp-content\/uploads\/2021\/03\/Jose-Eliton.jpg 1024w, https:\/\/renatodias.online\/movimento\/wp-content\/uploads\/2021\/03\/Jose-Eliton-300x133.jpg 300w, https:\/\/renatodias.online\/movimento\/wp-content\/uploads\/2021\/03\/Jose-Eliton-768x341.jpg 768w, https:\/\/renatodias.online\/movimento\/wp-content\/uploads\/2021\/03\/Jose-Eliton-750x333.jpg 750w\" sizes=\"auto, (max-width: 1024px) 100vw, 1024px\" \/><figcaption id=\"caption-attachment-5497\" class=\"wp-caption-text\"><strong>Jos\u00e9 Eliton<\/strong><\/figcaption><\/figure>\n","protected":false},"excerpt":{"rendered":"<p>Tucano defende alian\u00e7as no 1\u00b0 e 2\u00b0 turnos Com plataforma de oposi\u00e7\u00e3o a Ronaldo Caiado Renato Dias O ex-presidente da Assembleia Legislativa do Estado de Goi\u00e1s Jardel Sebba informa ao Portal de Not\u00edcias www.renatodias.online que o PSDB ter\u00e1 protagonismo nas elei\u00e7\u00f5es de 2 de outubro de 2022. _ Um novo amanh\u00e3 em Goi\u00e1s \u00e9 poss\u00edvel.<\/p>\n","protected":false},"author":2,"featured_media":6319,"comment_status":"open","ping_status":"open","sticky":false,"template":"","format":"standard","meta":{"_acf_changed":false,"_monsterinsights_skip_tracking":false,"_monsterinsights_sitenote_active":false,"_monsterinsights_sitenote_note":"","_monsterinsights_sitenote_category":0,"footnotes":""},"categories":[4],"tags":[],"class_list":["post-12910","post","type-post","status-publish","format-standard","has-post-thumbnail","hentry","category-politica"],"acf":[],"yoast_head":"<!-- This site is optimized with the Yoast SEO plugin v27.4 - https:\/\/yoast.com\/product\/yoast-seo-wordpress\/ -->\n<title>PSDB ter\u00e1 protagonismo, diz Jardel Sebba -<\/title>\n<meta name=\"robots\" content=\"index, follow, max-snippet:-1, max-image-preview:large, max-video-preview:-1\" \/>\n<link rel=\"canonical\" href=\"https:\/\/renatodias.online\/movimento\/2022\/06\/22\/psdb-tera-protagonismo-diz-jardel-sebba\/\" \/>\n<meta property=\"og:locale\" content=\"pt_BR\" \/>\n<meta property=\"og:type\" content=\"article\" \/>\n<meta property=\"og:title\" content=\"PSDB ter\u00e1 protagonismo, diz Jardel Sebba -\" \/>\n<meta property=\"og:description\" content=\"Tucano defende alian\u00e7as no 1\u00b0 e 2\u00b0 turnos Com plataforma de oposi\u00e7\u00e3o a Ronaldo Caiado Renato Dias O ex-presidente da Assembleia Legislativa do Estado de Goi\u00e1s Jardel Sebba informa ao Portal de Not\u00edcias www.renatodias.online que o PSDB ter\u00e1 protagonismo nas elei\u00e7\u00f5es de 2 de outubro de 2022. _ Um novo amanh\u00e3 em Goi\u00e1s \u00e9 poss\u00edvel.\" \/>\n<meta property=\"og:url\" content=\"https:\/\/renatodias.online\/movimento\/2022\/06\/22\/psdb-tera-protagonismo-diz-jardel-sebba\/\" \/>\n<meta property=\"article:publisher\" content=\"https:\/\/www.facebook.com\/renato.dias.37\" \/>\n<meta property=\"article:author\" content=\"https:\/\/www.facebook.com\/renato.dias.37\" \/>\n<meta property=\"article:published_time\" content=\"2022-06-22T22:43:17+00:00\" \/>\n<meta property=\"og:image\" content=\"https:\/\/renatodias.online\/movimento\/wp-content\/uploads\/2021\/04\/Jardel-Sebba-_-2-_-Mix-e1648334194791.jpg\" \/>\n\t<meta property=\"og:image:width\" content=\"370\" \/>\n\t<meta property=\"og:image:height\" content=\"246\" \/>\n\t<meta property=\"og:image:type\" content=\"image\/jpeg\" \/>\n<meta name=\"author\" content=\"Renato Dias\" \/>\n<meta name=\"twitter:card\" content=\"summary_large_image\" \/>\n<meta name=\"twitter:creator\" content=\"@RenatoDiasBat\" \/>\n<meta name=\"twitter:site\" content=\"@RenatoDiasBat\" \/>\n<meta name=\"twitter:label1\" content=\"Escrito por\" \/>\n\t<meta name=\"twitter:data1\" content=\"Renato Dias\" \/>\n\t<meta name=\"twitter:label2\" content=\"Est. tempo de leitura\" \/>\n\t<meta name=\"twitter:data2\" content=\"2 minutos\" \/>\n<script type=\"application\/ld+json\" class=\"yoast-schema-graph\">{\"@context\":\"https:\\\/\\\/schema.org\",\"@graph\":[{\"@type\":\"Article\",\"@id\":\"https:\\\/\\\/renatodias.online\\\/movimento\\\/2022\\\/06\\\/22\\\/psdb-tera-protagonismo-diz-jardel-sebba\\\/#article\",\"isPartOf\":{\"@id\":\"https:\\\/\\\/renatodias.online\\\/movimento\\\/2022\\\/06\\\/22\\\/psdb-tera-protagonismo-diz-jardel-sebba\\\/\"},\"author\":{\"name\":\"Renato Dias\",\"@id\":\"https:\\\/\\\/renatodias.online\\\/movimento\\\/#\\\/schema\\\/person\\\/bbab28833b1725a20f4083f49f1fb2a9\"},\"headline\":\"PSDB ter\u00e1 protagonismo, diz Jardel Sebba\",\"datePublished\":\"2022-06-22T22:43:17+00:00\",\"mainEntityOfPage\":{\"@id\":\"https:\\\/\\\/renatodias.online\\\/movimento\\\/2022\\\/06\\\/22\\\/psdb-tera-protagonismo-diz-jardel-sebba\\\/\"},\"wordCount\":365,\"commentCount\":0,\"publisher\":{\"@id\":\"https:\\\/\\\/renatodias.online\\\/movimento\\\/#\\\/schema\\\/person\\\/bbab28833b1725a20f4083f49f1fb2a9\"},\"image\":{\"@id\":\"https:\\\/\\\/renatodias.online\\\/movimento\\\/2022\\\/06\\\/22\\\/psdb-tera-protagonismo-diz-jardel-sebba\\\/#primaryimage\"},\"thumbnailUrl\":\"https:\\\/\\\/renatodias.online\\\/movimento\\\/wp-content\\\/uploads\\\/2021\\\/04\\\/Jardel-Sebba-_-2-_-Mix-e1648334194791.jpg\",\"articleSection\":[\"Pol\u00edtica\"],\"inLanguage\":\"pt-BR\",\"potentialAction\":[{\"@type\":\"CommentAction\",\"name\":\"Comment\",\"target\":[\"https:\\\/\\\/renatodias.online\\\/movimento\\\/2022\\\/06\\\/22\\\/psdb-tera-protagonismo-diz-jardel-sebba\\\/#respond\"]}]},{\"@type\":\"WebPage\",\"@id\":\"https:\\\/\\\/renatodias.online\\\/movimento\\\/2022\\\/06\\\/22\\\/psdb-tera-protagonismo-diz-jardel-sebba\\\/\",\"url\":\"https:\\\/\\\/renatodias.online\\\/movimento\\\/2022\\\/06\\\/22\\\/psdb-tera-protagonismo-diz-jardel-sebba\\\/\",\"name\":\"PSDB ter\u00e1 protagonismo, diz Jardel Sebba -\",\"isPartOf\":{\"@id\":\"https:\\\/\\\/renatodias.online\\\/movimento\\\/#website\"},\"primaryImageOfPage\":{\"@id\":\"https:\\\/\\\/renatodias.online\\\/movimento\\\/2022\\\/06\\\/22\\\/psdb-tera-protagonismo-diz-jardel-sebba\\\/#primaryimage\"},\"image\":{\"@id\":\"https:\\\/\\\/renatodias.online\\\/movimento\\\/2022\\\/06\\\/22\\\/psdb-tera-protagonismo-diz-jardel-sebba\\\/#primaryimage\"},\"thumbnailUrl\":\"https:\\\/\\\/renatodias.online\\\/movimento\\\/wp-content\\\/uploads\\\/2021\\\/04\\\/Jardel-Sebba-_-2-_-Mix-e1648334194791.jpg\",\"datePublished\":\"2022-06-22T22:43:17+00:00\",\"breadcrumb\":{\"@id\":\"https:\\\/\\\/renatodias.online\\\/movimento\\\/2022\\\/06\\\/22\\\/psdb-tera-protagonismo-diz-jardel-sebba\\\/#breadcrumb\"},\"inLanguage\":\"pt-BR\",\"potentialAction\":[{\"@type\":\"ReadAction\",\"target\":[\"https:\\\/\\\/renatodias.online\\\/movimento\\\/2022\\\/06\\\/22\\\/psdb-tera-protagonismo-diz-jardel-sebba\\\/\"]}]},{\"@type\":\"ImageObject\",\"inLanguage\":\"pt-BR\",\"@id\":\"https:\\\/\\\/renatodias.online\\\/movimento\\\/2022\\\/06\\\/22\\\/psdb-tera-protagonismo-diz-jardel-sebba\\\/#primaryimage\",\"url\":\"https:\\\/\\\/renatodias.online\\\/movimento\\\/wp-content\\\/uploads\\\/2021\\\/04\\\/Jardel-Sebba-_-2-_-Mix-e1648334194791.jpg\",\"contentUrl\":\"https:\\\/\\\/renatodias.online\\\/movimento\\\/wp-content\\\/uploads\\\/2021\\\/04\\\/Jardel-Sebba-_-2-_-Mix-e1648334194791.jpg\",\"width\":370,\"height\":246,\"caption\":\"Jardel Sebba\"},{\"@type\":\"BreadcrumbList\",\"@id\":\"https:\\\/\\\/renatodias.online\\\/movimento\\\/2022\\\/06\\\/22\\\/psdb-tera-protagonismo-diz-jardel-sebba\\\/#breadcrumb\",\"itemListElement\":[{\"@type\":\"ListItem\",\"position\":1,\"name\":\"In\u00edcio\",\"item\":\"https:\\\/\\\/renatodias.online\\\/movimento\\\/\"},{\"@type\":\"ListItem\",\"position\":2,\"name\":\"PSDB ter\u00e1 protagonismo, diz Jardel Sebba\"}]},{\"@type\":\"WebSite\",\"@id\":\"https:\\\/\\\/renatodias.online\\\/movimento\\\/#website\",\"url\":\"https:\\\/\\\/renatodias.online\\\/movimento\\\/\",\"name\":\"\",\"description\":\"\",\"publisher\":{\"@id\":\"https:\\\/\\\/renatodias.online\\\/movimento\\\/#\\\/schema\\\/person\\\/bbab28833b1725a20f4083f49f1fb2a9\"},\"potentialAction\":[{\"@type\":\"SearchAction\",\"target\":{\"@type\":\"EntryPoint\",\"urlTemplate\":\"https:\\\/\\\/renatodias.online\\\/movimento\\\/?s={search_term_string}\"},\"query-input\":{\"@type\":\"PropertyValueSpecification\",\"valueRequired\":true,\"valueName\":\"search_term_string\"}}],\"inLanguage\":\"pt-BR\"},{\"@type\":[\"Person\",\"Organization\"],\"@id\":\"https:\\\/\\\/renatodias.online\\\/movimento\\\/#\\\/schema\\\/person\\\/bbab28833b1725a20f4083f49f1fb2a9\",\"name\":\"Renato Dias\",\"image\":{\"@type\":\"ImageObject\",\"inLanguage\":\"pt-BR\",\"@id\":\"https:\\\/\\\/renatodias.online\\\/movimento\\\/wp-content\\\/uploads\\\/2023\\\/03\\\/cropped-cropped-cropped-logofinal.jpeg\",\"url\":\"https:\\\/\\\/renatodias.online\\\/movimento\\\/wp-content\\\/uploads\\\/2023\\\/03\\\/cropped-cropped-cropped-logofinal.jpeg\",\"contentUrl\":\"https:\\\/\\\/renatodias.online\\\/movimento\\\/wp-content\\\/uploads\\\/2023\\\/03\\\/cropped-cropped-cropped-logofinal.jpeg\",\"width\":1280,\"height\":219,\"caption\":\"Renato Dias\"},\"logo\":{\"@id\":\"https:\\\/\\\/renatodias.online\\\/movimento\\\/wp-content\\\/uploads\\\/2023\\\/03\\\/cropped-cropped-cropped-logofinal.jpeg\"},\"description\":\"Renato Dias, 58 anos, \u00e9 graduado em Jornalismo, formado em Ci\u00eancias Sociais, com p\u00f3s-gradua\u00e7\u00e3o em Pol\u00edticas P\u00fablicas, mestre em Direito e Rela\u00e7\u00f5es Internacionais, ex-aluno extraordin\u00e1rio do Doutorado em Psicologia Social, ex-estudante do Curso de Psican\u00e1lise do Centro de Estudos Psicanal\u00edticos do Estado de Goi\u00e1s, ministrado pelo m\u00e9dico psiquiatra e psicanalista Daniel Em\u00eddio de Souza. \u00c9 autor de 30 livros-reportagem, oito document\u00e1rios, ganhou 30 pr\u00eamios e \u00e9 torcedor apaixonado do maior do Centro-Oeste, o Vila Nova Futebol Clube. Casado com Meirilane Dias, \u00e9 pai de Juliana Dias, jornalista; Daniel Dias, economista; e Maria Rosa Dias, estudante antifascista, socialista e trotskista.\u00a0Com tr\u00eas pets: Porquinho [Bull Dog Franc\u00eas], Dalila [Basset Hound] e Geleia [Basset Hound]. Al\u00e9m do eterno gato Tutuquinho, que virou estrela.\",\"sameAs\":[\"https:\\\/\\\/www.facebook.com\\\/renato.dias.37\",\"#breve\",\"https:\\\/\\\/renatodias.tumblr.com\\\/\"],\"url\":\"https:\\\/\\\/renatodias.online\\\/movimento\\\/author\\\/renatodias\\\/\"}]}<\/script>\n<!-- \/ Yoast SEO plugin. -->","yoast_head_json":{"title":"PSDB ter\u00e1 protagonismo, diz Jardel Sebba -","robots":{"index":"index","follow":"follow","max-snippet":"max-snippet:-1","max-image-preview":"max-image-preview:large","max-video-preview":"max-video-preview:-1"},"canonical":"https:\/\/renatodias.online\/movimento\/2022\/06\/22\/psdb-tera-protagonismo-diz-jardel-sebba\/","og_locale":"pt_BR","og_type":"article","og_title":"PSDB ter\u00e1 protagonismo, diz Jardel Sebba -","og_description":"Tucano defende alian\u00e7as no 1\u00b0 e 2\u00b0 turnos Com plataforma de oposi\u00e7\u00e3o a Ronaldo Caiado Renato Dias O ex-presidente da Assembleia Legislativa do Estado de Goi\u00e1s Jardel Sebba informa ao Portal de Not\u00edcias www.renatodias.online que o PSDB ter\u00e1 protagonismo nas elei\u00e7\u00f5es de 2 de outubro de 2022. _ Um novo amanh\u00e3 em Goi\u00e1s \u00e9 poss\u00edvel.","og_url":"https:\/\/renatodias.online\/movimento\/2022\/06\/22\/psdb-tera-protagonismo-diz-jardel-sebba\/","article_publisher":"https:\/\/www.facebook.com\/renato.dias.37","article_author":"https:\/\/www.facebook.com\/renato.dias.37","article_published_time":"2022-06-22T22:43:17+00:00","og_image":[{"width":370,"height":246,"url":"https:\/\/renatodias.online\/movimento\/wp-content\/uploads\/2021\/04\/Jardel-Sebba-_-2-_-Mix-e1648334194791.jpg","type":"image\/jpeg"}],"author":"Renato Dias","twitter_card":"summary_large_image","twitter_creator":"@RenatoDiasBat","twitter_site":"@RenatoDiasBat","twitter_misc":{"Escrito por":"Renato Dias","Est. tempo de leitura":"2 minutos"},"schema":{"@context":"https:\/\/schema.org","@graph":[{"@type":"Article","@id":"https:\/\/renatodias.online\/movimento\/2022\/06\/22\/psdb-tera-protagonismo-diz-jardel-sebba\/#article","isPartOf":{"@id":"https:\/\/renatodias.online\/movimento\/2022\/06\/22\/psdb-tera-protagonismo-diz-jardel-sebba\/"},"author":{"name":"Renato Dias","@id":"https:\/\/renatodias.online\/movimento\/#\/schema\/person\/bbab28833b1725a20f4083f49f1fb2a9"},"headline":"PSDB ter\u00e1 protagonismo, diz Jardel Sebba","datePublished":"2022-06-22T22:43:17+00:00","mainEntityOfPage":{"@id":"https:\/\/renatodias.online\/movimento\/2022\/06\/22\/psdb-tera-protagonismo-diz-jardel-sebba\/"},"wordCount":365,"commentCount":0,"publisher":{"@id":"https:\/\/renatodias.online\/movimento\/#\/schema\/person\/bbab28833b1725a20f4083f49f1fb2a9"},"image":{"@id":"https:\/\/renatodias.online\/movimento\/2022\/06\/22\/psdb-tera-protagonismo-diz-jardel-sebba\/#primaryimage"},"thumbnailUrl":"https:\/\/renatodias.online\/movimento\/wp-content\/uploads\/2021\/04\/Jardel-Sebba-_-2-_-Mix-e1648334194791.jpg","articleSection":["Pol\u00edtica"],"inLanguage":"pt-BR","potentialAction":[{"@type":"CommentAction","name":"Comment","target":["https:\/\/renatodias.online\/movimento\/2022\/06\/22\/psdb-tera-protagonismo-diz-jardel-sebba\/#respond"]}]},{"@type":"WebPage","@id":"https:\/\/renatodias.online\/movimento\/2022\/06\/22\/psdb-tera-protagonismo-diz-jardel-sebba\/","url":"https:\/\/renatodias.online\/movimento\/2022\/06\/22\/psdb-tera-protagonismo-diz-jardel-sebba\/","name":"PSDB ter\u00e1 protagonismo, diz Jardel Sebba -","isPartOf":{"@id":"https:\/\/renatodias.online\/movimento\/#website"},"primaryImageOfPage":{"@id":"https:\/\/renatodias.online\/movimento\/2022\/06\/22\/psdb-tera-protagonismo-diz-jardel-sebba\/#primaryimage"},"image":{"@id":"https:\/\/renatodias.online\/movimento\/2022\/06\/22\/psdb-tera-protagonismo-diz-jardel-sebba\/#primaryimage"},"thumbnailUrl":"https:\/\/renatodias.online\/movimento\/wp-content\/uploads\/2021\/04\/Jardel-Sebba-_-2-_-Mix-e1648334194791.jpg","datePublished":"2022-06-22T22:43:17+00:00","breadcrumb":{"@id":"https:\/\/renatodias.online\/movimento\/2022\/06\/22\/psdb-tera-protagonismo-diz-jardel-sebba\/#breadcrumb"},"inLanguage":"pt-BR","potentialAction":[{"@type":"ReadAction","target":["https:\/\/renatodias.online\/movimento\/2022\/06\/22\/psdb-tera-protagonismo-diz-jardel-sebba\/"]}]},{"@type":"ImageObject","inLanguage":"pt-BR","@id":"https:\/\/renatodias.online\/movimento\/2022\/06\/22\/psdb-tera-protagonismo-diz-jardel-sebba\/#primaryimage","url":"https:\/\/renatodias.online\/movimento\/wp-content\/uploads\/2021\/04\/Jardel-Sebba-_-2-_-Mix-e1648334194791.jpg","contentUrl":"https:\/\/renatodias.online\/movimento\/wp-content\/uploads\/2021\/04\/Jardel-Sebba-_-2-_-Mix-e1648334194791.jpg","width":370,"height":246,"caption":"Jardel Sebba"},{"@type":"BreadcrumbList","@id":"https:\/\/renatodias.online\/movimento\/2022\/06\/22\/psdb-tera-protagonismo-diz-jardel-sebba\/#breadcrumb","itemListElement":[{"@type":"ListItem","position":1,"name":"In\u00edcio","item":"https:\/\/renatodias.online\/movimento\/"},{"@type":"ListItem","position":2,"name":"PSDB ter\u00e1 protagonismo, diz Jardel Sebba"}]},{"@type":"WebSite","@id":"https:\/\/renatodias.online\/movimento\/#website","url":"https:\/\/renatodias.online\/movimento\/","name":"","description":"","publisher":{"@id":"https:\/\/renatodias.online\/movimento\/#\/schema\/person\/bbab28833b1725a20f4083f49f1fb2a9"},"potentialAction":[{"@type":"SearchAction","target":{"@type":"EntryPoint","urlTemplate":"https:\/\/renatodias.online\/movimento\/?s={search_term_string}"},"query-input":{"@type":"PropertyValueSpecification","valueRequired":true,"valueName":"search_term_string"}}],"inLanguage":"pt-BR"},{"@type":["Person","Organization"],"@id":"https:\/\/renatodias.online\/movimento\/#\/schema\/person\/bbab28833b1725a20f4083f49f1fb2a9","name":"Renato Dias","image":{"@type":"ImageObject","inLanguage":"pt-BR","@id":"https:\/\/renatodias.online\/movimento\/wp-content\/uploads\/2023\/03\/cropped-cropped-cropped-logofinal.jpeg","url":"https:\/\/renatodias.online\/movimento\/wp-content\/uploads\/2023\/03\/cropped-cropped-cropped-logofinal.jpeg","contentUrl":"https:\/\/renatodias.online\/movimento\/wp-content\/uploads\/2023\/03\/cropped-cropped-cropped-logofinal.jpeg","width":1280,"height":219,"caption":"Renato Dias"},"logo":{"@id":"https:\/\/renatodias.online\/movimento\/wp-content\/uploads\/2023\/03\/cropped-cropped-cropped-logofinal.jpeg"},"description":"Renato Dias, 58 anos, \u00e9 graduado em Jornalismo, formado em Ci\u00eancias Sociais, com p\u00f3s-gradua\u00e7\u00e3o em Pol\u00edticas P\u00fablicas, mestre em Direito e Rela\u00e7\u00f5es Internacionais, ex-aluno extraordin\u00e1rio do Doutorado em Psicologia Social, ex-estudante do Curso de Psican\u00e1lise do Centro de Estudos Psicanal\u00edticos do Estado de Goi\u00e1s, ministrado pelo m\u00e9dico psiquiatra e psicanalista Daniel Em\u00eddio de Souza. \u00c9 autor de 30 livros-reportagem, oito document\u00e1rios, ganhou 30 pr\u00eamios e \u00e9 torcedor apaixonado do maior do Centro-Oeste, o Vila Nova Futebol Clube. Casado com Meirilane Dias, \u00e9 pai de Juliana Dias, jornalista; Daniel Dias, economista; e Maria Rosa Dias, estudante antifascista, socialista e trotskista.\u00a0Com tr\u00eas pets: Porquinho [Bull Dog Franc\u00eas], Dalila [Basset Hound] e Geleia [Basset Hound]. Al\u00e9m do eterno gato Tutuquinho, que virou estrela.","sameAs":["https:\/\/www.facebook.com\/renato.dias.37","#breve","https:\/\/renatodias.tumblr.com\/"],"url":"https:\/\/renatodias.online\/movimento\/author\/renatodias\/"}]}},"_links":{"self":[{"href":"https:\/\/renatodias.online\/movimento\/wp-json\/wp\/v2\/posts\/12910","targetHints":{"allow":["GET"]}}],"collection":[{"href":"https:\/\/renatodias.online\/movimento\/wp-json\/wp\/v2\/posts"}],"about":[{"href":"https:\/\/renatodias.online\/movimento\/wp-json\/wp\/v2\/types\/post"}],"author":[{"embeddable":true,"href":"https:\/\/renatodias.online\/movimento\/wp-json\/wp\/v2\/users\/2"}],"replies":[{"embeddable":true,"href":"https:\/\/renatodias.online\/movimento\/wp-json\/wp\/v2\/comments?post=12910"}],"version-history":[{"count":1,"href":"https:\/\/renatodias.online\/movimento\/wp-json\/wp\/v2\/posts\/12910\/revisions"}],"predecessor-version":[{"id":12911,"href":"https:\/\/renatodias.online\/movimento\/wp-json\/wp\/v2\/posts\/12910\/revisions\/12911"}],"wp:featuredmedia":[{"embeddable":true,"href":"https:\/\/renatodias.online\/movimento\/wp-json\/wp\/v2\/media\/6319"}],"wp:attachment":[{"href":"https:\/\/renatodias.online\/movimento\/wp-json\/wp\/v2\/media?parent=12910"}],"wp:term":[{"taxonomy":"category","embeddable":true,"href":"https:\/\/renatodias.online\/movimento\/wp-json\/wp\/v2\/categories?post=12910"},{"taxonomy":"post_tag","embeddable":true,"href":"https:\/\/renatodias.online\/movimento\/wp-json\/wp\/v2\/tags?post=12910"}],"curies":[{"name":"wp","href":"https:\/\/api.w.org\/{rel}","templated":true}]}}