{"id":12907,"date":"2022-06-22T19:34:10","date_gmt":"2022-06-22T22:34:10","guid":{"rendered":"https:\/\/renatodias.online\/movimento\/?p=12907"},"modified":"2022-06-22T19:34:10","modified_gmt":"2022-06-22T22:34:10","slug":"era-nefasta-ataca-railton-nascimento","status":"publish","type":"post","link":"https:\/\/renatodias.online\/movimento\/2022\/06\/22\/era-nefasta-ataca-railton-nascimento\/","title":{"rendered":"Era nefasta, ataca Railton Nascimento"},"content":{"rendered":"<figure id=\"attachment_12908\" aria-describedby=\"caption-attachment-12908\" style=\"width: 1140px\" class=\"wp-caption alignnone\"><img loading=\"lazy\" decoding=\"async\" class=\"wp-image-12908 size-large\" src=\"https:\/\/renatodias.online\/movimento\/wp-content\/uploads\/2022\/06\/Milton-Ribeiro-1536x1024.jpeg\" alt=\"\" width=\"1140\" height=\"760\" srcset=\"https:\/\/renatodias.online\/movimento\/wp-content\/uploads\/2022\/06\/Milton-Ribeiro-1536x1024.jpeg 1536w, https:\/\/renatodias.online\/movimento\/wp-content\/uploads\/2022\/06\/Milton-Ribeiro-300x200.jpeg 300w, https:\/\/renatodias.online\/movimento\/wp-content\/uploads\/2022\/06\/Milton-Ribeiro-768x512.jpeg 768w, https:\/\/renatodias.online\/movimento\/wp-content\/uploads\/2022\/06\/Milton-Ribeiro-2048x1366.jpeg 2048w, https:\/\/renatodias.online\/movimento\/wp-content\/uploads\/2022\/06\/Milton-Ribeiro-360x240.jpeg 360w, https:\/\/renatodias.online\/movimento\/wp-content\/uploads\/2022\/06\/Milton-Ribeiro-750x500.jpeg 750w\" sizes=\"auto, (max-width: 1140px) 100vw, 1140px\" \/><figcaption id=\"caption-attachment-12908\" class=\"wp-caption-text\"><strong>Milton Ribeiro \u00e9 preso pela PF<br \/><\/strong><\/figcaption><\/figure>\n<p><strong><img loading=\"lazy\" decoding=\"async\" class=\"alignnone wp-image-4894 size-large\" src=\"https:\/\/renatodias.online\/movimento\/wp-content\/uploads\/2020\/11\/Alto-da-p\u00e1gina-Banner-Exclusivo-1-1024x311.png\" alt=\"\" width=\"1024\" height=\"311\" \/><\/strong><\/p>\n<p>&nbsp;<\/p>\n<h1 style=\"text-align: center;\"><span style=\"color: #808000;\"><strong>Pris\u00e3o de Milton Ribeiro escancara corrup\u00e7\u00e3o, acusa<\/strong><\/span><\/h1>\n<p><strong><img loading=\"lazy\" decoding=\"async\" class=\"alignnone wp-image-10621 size-full\" src=\"https:\/\/renatodias.online\/movimento\/wp-content\/uploads\/2022\/01\/Escandalos.jpg\" alt=\"\" width=\"1280\" height=\"720\" \/><\/strong><\/p>\n<p><strong>Renato Dias<\/strong><\/p>\n<p>A pris\u00e3o do ex-ministro da Educa\u00e7\u00e3o <strong>Milton Ribeiro<\/strong>, executada pela Pol\u00edcia Federal, \u00e9 apenas mais um cap\u00edtulo nefasto da <strong>Era Jair Messias Bolsonaro<\/strong>, observa o presidente do PC do B em Goi\u00e2nia, <strong>Railton Nascimento<\/strong>.<\/p>\n<blockquote>\n<h1><span style=\"color: #0000ff;\"><strong>_ Uma quadrilha tomou de assalto os fundos p\u00fablicos no Brasil.<\/strong><\/span><\/h1>\n<\/blockquote>\n<p><span style=\"color: #ff0000;\"><strong>Railton Nascimento<\/strong><\/span><\/p>\n<p>Licenciado das presid\u00eancias do Sinpro e da CTB, se\u00e7\u00e3o de Goi\u00e1s, ele refere &#8211; se aos gastos estratosf\u00e9ricos com os cart\u00f5es corporativos, al\u00e9m das compras superfaturadas das For\u00e7as Armadas.<\/p>\n<blockquote>\n<h1><span style=\"color: #0000ff;\"><strong>_ Salm\u00e3o, picanha, u\u00edsque 12 anos e pr\u00f3teses penianas.<\/strong><\/span><\/h1>\n<\/blockquote>\n<p><span style=\"color: #ff0000;\"><strong>Railton Nascimento<\/strong><\/span><\/p>\n<p>Fil\u00f3sofo, professor universit\u00e1rio, adepto da concei\u00e7\u00e3o dial\u00e9tica e materialista da hist\u00f3ria, Railton Nascimento \u00e9 <strong>pr\u00e9-candidato \u00e0 C\u00e2mara dos Deputados<\/strong>, em Bras\u00edlia [DF], a capital da Rep\u00fablica.<\/p>\n<blockquote>\n<h1><span style=\"color: #0000ff;\"><strong>_ Para ser a voz da Educa\u00e7\u00e3o, Sa\u00fade, Cultura, Meio Ambiente e os sem teto e sem terras<\/strong><\/span><\/h1>\n<\/blockquote>\n<p><span style=\"color: #ff0000;\"><strong>Railton Nascimento<\/strong><\/span><\/p>\n<figure id=\"attachment_6380\" aria-describedby=\"caption-attachment-6380\" style=\"width: 1140px\" class=\"wp-caption alignnone\"><img loading=\"lazy\" decoding=\"async\" class=\"wp-image-6380 size-large\" src=\"https:\/\/renatodias.online\/movimento\/wp-content\/uploads\/2021\/05\/Educacao-1637x1024.png\" alt=\"\" width=\"1140\" height=\"713\" srcset=\"https:\/\/renatodias.online\/movimento\/wp-content\/uploads\/2021\/05\/Educacao-1637x1024.png 1637w, https:\/\/renatodias.online\/movimento\/wp-content\/uploads\/2021\/05\/Educacao-300x188.png 300w, https:\/\/renatodias.online\/movimento\/wp-content\/uploads\/2021\/05\/Educacao-768x480.png 768w, https:\/\/renatodias.online\/movimento\/wp-content\/uploads\/2021\/05\/Educacao-1536x961.png 1536w, https:\/\/renatodias.online\/movimento\/wp-content\/uploads\/2021\/05\/Educacao-750x469.png 750w, https:\/\/renatodias.online\/movimento\/wp-content\/uploads\/2021\/05\/Educacao.png 1923w\" sizes=\"auto, (max-width: 1140px) 100vw, 1140px\" \/><figcaption id=\"caption-attachment-6380\" class=\"wp-caption-text\"><strong>Educa\u00e7\u00e3o sob a Pandemia<\/strong><\/figcaption><\/figure>\n","protected":false},"excerpt":{"rendered":"<p>&nbsp; Pris\u00e3o de Milton Ribeiro escancara corrup\u00e7\u00e3o, acusa Renato Dias A pris\u00e3o do ex-ministro da Educa\u00e7\u00e3o Milton Ribeiro, executada pela Pol\u00edcia Federal, \u00e9 apenas mais um cap\u00edtulo nefasto da Era Jair Messias Bolsonaro, observa o presidente do PC do B em Goi\u00e2nia, Railton Nascimento. _ Uma quadrilha tomou de assalto os fundos p\u00fablicos no Brasil.<\/p>\n","protected":false},"author":2,"featured_media":6363,"comment_status":"open","ping_status":"open","sticky":false,"template":"","format":"standard","meta":{"_acf_changed":false,"_monsterinsights_skip_tracking":false,"_monsterinsights_sitenote_active":false,"_monsterinsights_sitenote_note":"","_monsterinsights_sitenote_category":0,"footnotes":""},"categories":[4],"tags":[],"class_list":["post-12907","post","type-post","status-publish","format-standard","has-post-thumbnail","hentry","category-politica"],"acf":[],"yoast_head":"<!-- This site is optimized with the Yoast SEO plugin v27.4 - https:\/\/yoast.com\/product\/yoast-seo-wordpress\/ -->\n<title>Era nefasta, ataca Railton Nascimento -<\/title>\n<meta name=\"robots\" content=\"index, follow, max-snippet:-1, max-image-preview:large, max-video-preview:-1\" \/>\n<link rel=\"canonical\" href=\"https:\/\/renatodias.online\/movimento\/2022\/06\/22\/era-nefasta-ataca-railton-nascimento\/\" \/>\n<meta property=\"og:locale\" content=\"pt_BR\" \/>\n<meta property=\"og:type\" content=\"article\" \/>\n<meta property=\"og:title\" content=\"Era nefasta, ataca Railton Nascimento -\" \/>\n<meta property=\"og:description\" content=\"&nbsp; Pris\u00e3o de Milton Ribeiro escancara corrup\u00e7\u00e3o, acusa Renato Dias A pris\u00e3o do ex-ministro da Educa\u00e7\u00e3o Milton Ribeiro, executada pela Pol\u00edcia Federal, \u00e9 apenas mais um cap\u00edtulo nefasto da Era Jair Messias Bolsonaro, observa o presidente do PC do B em Goi\u00e2nia, Railton Nascimento. _ Uma quadrilha tomou de assalto os fundos p\u00fablicos no Brasil.\" \/>\n<meta property=\"og:url\" content=\"https:\/\/renatodias.online\/movimento\/2022\/06\/22\/era-nefasta-ataca-railton-nascimento\/\" \/>\n<meta property=\"article:publisher\" content=\"https:\/\/www.facebook.com\/renato.dias.37\" \/>\n<meta property=\"article:author\" content=\"https:\/\/www.facebook.com\/renato.dias.37\" \/>\n<meta property=\"article:published_time\" content=\"2022-06-22T22:34:10+00:00\" \/>\n<meta property=\"og:image\" content=\"https:\/\/renatodias.online\/movimento\/wp-content\/uploads\/2021\/04\/Railton-Nascimento-Link.jpg\" \/>\n\t<meta property=\"og:image:width\" content=\"555\" \/>\n\t<meta property=\"og:image:height\" content=\"370\" \/>\n\t<meta property=\"og:image:type\" content=\"image\/jpeg\" \/>\n<meta name=\"author\" content=\"Renato Dias\" \/>\n<meta name=\"twitter:card\" content=\"summary_large_image\" \/>\n<meta name=\"twitter:creator\" content=\"@RenatoDiasBat\" \/>\n<meta name=\"twitter:site\" content=\"@RenatoDiasBat\" \/>\n<meta name=\"twitter:label1\" content=\"Escrito por\" \/>\n\t<meta name=\"twitter:data1\" content=\"Renato Dias\" \/>\n\t<meta name=\"twitter:label2\" content=\"Est. tempo de leitura\" \/>\n\t<meta name=\"twitter:data2\" content=\"1 minuto\" \/>\n<script type=\"application\/ld+json\" class=\"yoast-schema-graph\">{\"@context\":\"https:\\\/\\\/schema.org\",\"@graph\":[{\"@type\":\"Article\",\"@id\":\"https:\\\/\\\/renatodias.online\\\/movimento\\\/2022\\\/06\\\/22\\\/era-nefasta-ataca-railton-nascimento\\\/#article\",\"isPartOf\":{\"@id\":\"https:\\\/\\\/renatodias.online\\\/movimento\\\/2022\\\/06\\\/22\\\/era-nefasta-ataca-railton-nascimento\\\/\"},\"author\":{\"name\":\"Renato Dias\",\"@id\":\"https:\\\/\\\/renatodias.online\\\/movimento\\\/#\\\/schema\\\/person\\\/bbab28833b1725a20f4083f49f1fb2a9\"},\"headline\":\"Era nefasta, ataca Railton Nascimento\",\"datePublished\":\"2022-06-22T22:34:10+00:00\",\"mainEntityOfPage\":{\"@id\":\"https:\\\/\\\/renatodias.online\\\/movimento\\\/2022\\\/06\\\/22\\\/era-nefasta-ataca-railton-nascimento\\\/\"},\"wordCount\":194,\"commentCount\":0,\"publisher\":{\"@id\":\"https:\\\/\\\/renatodias.online\\\/movimento\\\/#\\\/schema\\\/person\\\/bbab28833b1725a20f4083f49f1fb2a9\"},\"image\":{\"@id\":\"https:\\\/\\\/renatodias.online\\\/movimento\\\/2022\\\/06\\\/22\\\/era-nefasta-ataca-railton-nascimento\\\/#primaryimage\"},\"thumbnailUrl\":\"https:\\\/\\\/renatodias.online\\\/movimento\\\/wp-content\\\/uploads\\\/2021\\\/04\\\/Railton-Nascimento-Link-e1704419817237.jpg\",\"articleSection\":[\"Pol\u00edtica\"],\"inLanguage\":\"pt-BR\",\"potentialAction\":[{\"@type\":\"CommentAction\",\"name\":\"Comment\",\"target\":[\"https:\\\/\\\/renatodias.online\\\/movimento\\\/2022\\\/06\\\/22\\\/era-nefasta-ataca-railton-nascimento\\\/#respond\"]}]},{\"@type\":\"WebPage\",\"@id\":\"https:\\\/\\\/renatodias.online\\\/movimento\\\/2022\\\/06\\\/22\\\/era-nefasta-ataca-railton-nascimento\\\/\",\"url\":\"https:\\\/\\\/renatodias.online\\\/movimento\\\/2022\\\/06\\\/22\\\/era-nefasta-ataca-railton-nascimento\\\/\",\"name\":\"Era nefasta, ataca Railton Nascimento -\",\"isPartOf\":{\"@id\":\"https:\\\/\\\/renatodias.online\\\/movimento\\\/#website\"},\"primaryImageOfPage\":{\"@id\":\"https:\\\/\\\/renatodias.online\\\/movimento\\\/2022\\\/06\\\/22\\\/era-nefasta-ataca-railton-nascimento\\\/#primaryimage\"},\"image\":{\"@id\":\"https:\\\/\\\/renatodias.online\\\/movimento\\\/2022\\\/06\\\/22\\\/era-nefasta-ataca-railton-nascimento\\\/#primaryimage\"},\"thumbnailUrl\":\"https:\\\/\\\/renatodias.online\\\/movimento\\\/wp-content\\\/uploads\\\/2021\\\/04\\\/Railton-Nascimento-Link-e1704419817237.jpg\",\"datePublished\":\"2022-06-22T22:34:10+00:00\",\"breadcrumb\":{\"@id\":\"https:\\\/\\\/renatodias.online\\\/movimento\\\/2022\\\/06\\\/22\\\/era-nefasta-ataca-railton-nascimento\\\/#breadcrumb\"},\"inLanguage\":\"pt-BR\",\"potentialAction\":[{\"@type\":\"ReadAction\",\"target\":[\"https:\\\/\\\/renatodias.online\\\/movimento\\\/2022\\\/06\\\/22\\\/era-nefasta-ataca-railton-nascimento\\\/\"]}]},{\"@type\":\"ImageObject\",\"inLanguage\":\"pt-BR\",\"@id\":\"https:\\\/\\\/renatodias.online\\\/movimento\\\/2022\\\/06\\\/22\\\/era-nefasta-ataca-railton-nascimento\\\/#primaryimage\",\"url\":\"https:\\\/\\\/renatodias.online\\\/movimento\\\/wp-content\\\/uploads\\\/2021\\\/04\\\/Railton-Nascimento-Link-e1704419817237.jpg\",\"contentUrl\":\"https:\\\/\\\/renatodias.online\\\/movimento\\\/wp-content\\\/uploads\\\/2021\\\/04\\\/Railton-Nascimento-Link-e1704419817237.jpg\",\"width\":255,\"height\":170,\"caption\":\"Railton Nascimento\"},{\"@type\":\"BreadcrumbList\",\"@id\":\"https:\\\/\\\/renatodias.online\\\/movimento\\\/2022\\\/06\\\/22\\\/era-nefasta-ataca-railton-nascimento\\\/#breadcrumb\",\"itemListElement\":[{\"@type\":\"ListItem\",\"position\":1,\"name\":\"In\u00edcio\",\"item\":\"https:\\\/\\\/renatodias.online\\\/movimento\\\/\"},{\"@type\":\"ListItem\",\"position\":2,\"name\":\"Era nefasta, ataca Railton Nascimento\"}]},{\"@type\":\"WebSite\",\"@id\":\"https:\\\/\\\/renatodias.online\\\/movimento\\\/#website\",\"url\":\"https:\\\/\\\/renatodias.online\\\/movimento\\\/\",\"name\":\"\",\"description\":\"\",\"publisher\":{\"@id\":\"https:\\\/\\\/renatodias.online\\\/movimento\\\/#\\\/schema\\\/person\\\/bbab28833b1725a20f4083f49f1fb2a9\"},\"potentialAction\":[{\"@type\":\"SearchAction\",\"target\":{\"@type\":\"EntryPoint\",\"urlTemplate\":\"https:\\\/\\\/renatodias.online\\\/movimento\\\/?s={search_term_string}\"},\"query-input\":{\"@type\":\"PropertyValueSpecification\",\"valueRequired\":true,\"valueName\":\"search_term_string\"}}],\"inLanguage\":\"pt-BR\"},{\"@type\":[\"Person\",\"Organization\"],\"@id\":\"https:\\\/\\\/renatodias.online\\\/movimento\\\/#\\\/schema\\\/person\\\/bbab28833b1725a20f4083f49f1fb2a9\",\"name\":\"Renato Dias\",\"image\":{\"@type\":\"ImageObject\",\"inLanguage\":\"pt-BR\",\"@id\":\"https:\\\/\\\/renatodias.online\\\/movimento\\\/wp-content\\\/uploads\\\/2023\\\/03\\\/cropped-cropped-cropped-logofinal.jpeg\",\"url\":\"https:\\\/\\\/renatodias.online\\\/movimento\\\/wp-content\\\/uploads\\\/2023\\\/03\\\/cropped-cropped-cropped-logofinal.jpeg\",\"contentUrl\":\"https:\\\/\\\/renatodias.online\\\/movimento\\\/wp-content\\\/uploads\\\/2023\\\/03\\\/cropped-cropped-cropped-logofinal.jpeg\",\"width\":1280,\"height\":219,\"caption\":\"Renato Dias\"},\"logo\":{\"@id\":\"https:\\\/\\\/renatodias.online\\\/movimento\\\/wp-content\\\/uploads\\\/2023\\\/03\\\/cropped-cropped-cropped-logofinal.jpeg\"},\"description\":\"Renato Dias, 58 anos, \u00e9 graduado em Jornalismo, formado em Ci\u00eancias Sociais, com p\u00f3s-gradua\u00e7\u00e3o em Pol\u00edticas P\u00fablicas, mestre em Direito e Rela\u00e7\u00f5es Internacionais, ex-aluno extraordin\u00e1rio do Doutorado em Psicologia Social, ex-estudante do Curso de Psican\u00e1lise do Centro de Estudos Psicanal\u00edticos do Estado de Goi\u00e1s, ministrado pelo m\u00e9dico psiquiatra e psicanalista Daniel Em\u00eddio de Souza. \u00c9 autor de 30 livros-reportagem, oito document\u00e1rios, ganhou 30 pr\u00eamios e \u00e9 torcedor apaixonado do maior do Centro-Oeste, o Vila Nova Futebol Clube. Casado com Meirilane Dias, \u00e9 pai de Juliana Dias, jornalista; Daniel Dias, economista; e Maria Rosa Dias, estudante antifascista, socialista e trotskista.\u00a0Com tr\u00eas pets: Porquinho [Bull Dog Franc\u00eas], Dalila [Basset Hound] e Geleia [Basset Hound]. Al\u00e9m do eterno gato Tutuquinho, que virou estrela.\",\"sameAs\":[\"https:\\\/\\\/www.facebook.com\\\/renato.dias.37\",\"#breve\",\"https:\\\/\\\/renatodias.tumblr.com\\\/\"],\"url\":\"https:\\\/\\\/renatodias.online\\\/movimento\\\/author\\\/renatodias\\\/\"}]}<\/script>\n<!-- \/ Yoast SEO plugin. -->","yoast_head_json":{"title":"Era nefasta, ataca Railton Nascimento -","robots":{"index":"index","follow":"follow","max-snippet":"max-snippet:-1","max-image-preview":"max-image-preview:large","max-video-preview":"max-video-preview:-1"},"canonical":"https:\/\/renatodias.online\/movimento\/2022\/06\/22\/era-nefasta-ataca-railton-nascimento\/","og_locale":"pt_BR","og_type":"article","og_title":"Era nefasta, ataca Railton Nascimento -","og_description":"&nbsp; Pris\u00e3o de Milton Ribeiro escancara corrup\u00e7\u00e3o, acusa Renato Dias A pris\u00e3o do ex-ministro da Educa\u00e7\u00e3o Milton Ribeiro, executada pela Pol\u00edcia Federal, \u00e9 apenas mais um cap\u00edtulo nefasto da Era Jair Messias Bolsonaro, observa o presidente do PC do B em Goi\u00e2nia, Railton Nascimento. _ Uma quadrilha tomou de assalto os fundos p\u00fablicos no Brasil.","og_url":"https:\/\/renatodias.online\/movimento\/2022\/06\/22\/era-nefasta-ataca-railton-nascimento\/","article_publisher":"https:\/\/www.facebook.com\/renato.dias.37","article_author":"https:\/\/www.facebook.com\/renato.dias.37","article_published_time":"2022-06-22T22:34:10+00:00","og_image":[{"width":555,"height":370,"url":"https:\/\/renatodias.online\/movimento\/wp-content\/uploads\/2021\/04\/Railton-Nascimento-Link.jpg","type":"image\/jpeg"}],"author":"Renato Dias","twitter_card":"summary_large_image","twitter_creator":"@RenatoDiasBat","twitter_site":"@RenatoDiasBat","twitter_misc":{"Escrito por":"Renato Dias","Est. tempo de leitura":"1 minuto"},"schema":{"@context":"https:\/\/schema.org","@graph":[{"@type":"Article","@id":"https:\/\/renatodias.online\/movimento\/2022\/06\/22\/era-nefasta-ataca-railton-nascimento\/#article","isPartOf":{"@id":"https:\/\/renatodias.online\/movimento\/2022\/06\/22\/era-nefasta-ataca-railton-nascimento\/"},"author":{"name":"Renato Dias","@id":"https:\/\/renatodias.online\/movimento\/#\/schema\/person\/bbab28833b1725a20f4083f49f1fb2a9"},"headline":"Era nefasta, ataca Railton Nascimento","datePublished":"2022-06-22T22:34:10+00:00","mainEntityOfPage":{"@id":"https:\/\/renatodias.online\/movimento\/2022\/06\/22\/era-nefasta-ataca-railton-nascimento\/"},"wordCount":194,"commentCount":0,"publisher":{"@id":"https:\/\/renatodias.online\/movimento\/#\/schema\/person\/bbab28833b1725a20f4083f49f1fb2a9"},"image":{"@id":"https:\/\/renatodias.online\/movimento\/2022\/06\/22\/era-nefasta-ataca-railton-nascimento\/#primaryimage"},"thumbnailUrl":"https:\/\/renatodias.online\/movimento\/wp-content\/uploads\/2021\/04\/Railton-Nascimento-Link-e1704419817237.jpg","articleSection":["Pol\u00edtica"],"inLanguage":"pt-BR","potentialAction":[{"@type":"CommentAction","name":"Comment","target":["https:\/\/renatodias.online\/movimento\/2022\/06\/22\/era-nefasta-ataca-railton-nascimento\/#respond"]}]},{"@type":"WebPage","@id":"https:\/\/renatodias.online\/movimento\/2022\/06\/22\/era-nefasta-ataca-railton-nascimento\/","url":"https:\/\/renatodias.online\/movimento\/2022\/06\/22\/era-nefasta-ataca-railton-nascimento\/","name":"Era nefasta, ataca Railton Nascimento -","isPartOf":{"@id":"https:\/\/renatodias.online\/movimento\/#website"},"primaryImageOfPage":{"@id":"https:\/\/renatodias.online\/movimento\/2022\/06\/22\/era-nefasta-ataca-railton-nascimento\/#primaryimage"},"image":{"@id":"https:\/\/renatodias.online\/movimento\/2022\/06\/22\/era-nefasta-ataca-railton-nascimento\/#primaryimage"},"thumbnailUrl":"https:\/\/renatodias.online\/movimento\/wp-content\/uploads\/2021\/04\/Railton-Nascimento-Link-e1704419817237.jpg","datePublished":"2022-06-22T22:34:10+00:00","breadcrumb":{"@id":"https:\/\/renatodias.online\/movimento\/2022\/06\/22\/era-nefasta-ataca-railton-nascimento\/#breadcrumb"},"inLanguage":"pt-BR","potentialAction":[{"@type":"ReadAction","target":["https:\/\/renatodias.online\/movimento\/2022\/06\/22\/era-nefasta-ataca-railton-nascimento\/"]}]},{"@type":"ImageObject","inLanguage":"pt-BR","@id":"https:\/\/renatodias.online\/movimento\/2022\/06\/22\/era-nefasta-ataca-railton-nascimento\/#primaryimage","url":"https:\/\/renatodias.online\/movimento\/wp-content\/uploads\/2021\/04\/Railton-Nascimento-Link-e1704419817237.jpg","contentUrl":"https:\/\/renatodias.online\/movimento\/wp-content\/uploads\/2021\/04\/Railton-Nascimento-Link-e1704419817237.jpg","width":255,"height":170,"caption":"Railton Nascimento"},{"@type":"BreadcrumbList","@id":"https:\/\/renatodias.online\/movimento\/2022\/06\/22\/era-nefasta-ataca-railton-nascimento\/#breadcrumb","itemListElement":[{"@type":"ListItem","position":1,"name":"In\u00edcio","item":"https:\/\/renatodias.online\/movimento\/"},{"@type":"ListItem","position":2,"name":"Era nefasta, ataca Railton Nascimento"}]},{"@type":"WebSite","@id":"https:\/\/renatodias.online\/movimento\/#website","url":"https:\/\/renatodias.online\/movimento\/","name":"","description":"","publisher":{"@id":"https:\/\/renatodias.online\/movimento\/#\/schema\/person\/bbab28833b1725a20f4083f49f1fb2a9"},"potentialAction":[{"@type":"SearchAction","target":{"@type":"EntryPoint","urlTemplate":"https:\/\/renatodias.online\/movimento\/?s={search_term_string}"},"query-input":{"@type":"PropertyValueSpecification","valueRequired":true,"valueName":"search_term_string"}}],"inLanguage":"pt-BR"},{"@type":["Person","Organization"],"@id":"https:\/\/renatodias.online\/movimento\/#\/schema\/person\/bbab28833b1725a20f4083f49f1fb2a9","name":"Renato Dias","image":{"@type":"ImageObject","inLanguage":"pt-BR","@id":"https:\/\/renatodias.online\/movimento\/wp-content\/uploads\/2023\/03\/cropped-cropped-cropped-logofinal.jpeg","url":"https:\/\/renatodias.online\/movimento\/wp-content\/uploads\/2023\/03\/cropped-cropped-cropped-logofinal.jpeg","contentUrl":"https:\/\/renatodias.online\/movimento\/wp-content\/uploads\/2023\/03\/cropped-cropped-cropped-logofinal.jpeg","width":1280,"height":219,"caption":"Renato Dias"},"logo":{"@id":"https:\/\/renatodias.online\/movimento\/wp-content\/uploads\/2023\/03\/cropped-cropped-cropped-logofinal.jpeg"},"description":"Renato Dias, 58 anos, \u00e9 graduado em Jornalismo, formado em Ci\u00eancias Sociais, com p\u00f3s-gradua\u00e7\u00e3o em Pol\u00edticas P\u00fablicas, mestre em Direito e Rela\u00e7\u00f5es Internacionais, ex-aluno extraordin\u00e1rio do Doutorado em Psicologia Social, ex-estudante do Curso de Psican\u00e1lise do Centro de Estudos Psicanal\u00edticos do Estado de Goi\u00e1s, ministrado pelo m\u00e9dico psiquiatra e psicanalista Daniel Em\u00eddio de Souza. \u00c9 autor de 30 livros-reportagem, oito document\u00e1rios, ganhou 30 pr\u00eamios e \u00e9 torcedor apaixonado do maior do Centro-Oeste, o Vila Nova Futebol Clube. Casado com Meirilane Dias, \u00e9 pai de Juliana Dias, jornalista; Daniel Dias, economista; e Maria Rosa Dias, estudante antifascista, socialista e trotskista.\u00a0Com tr\u00eas pets: Porquinho [Bull Dog Franc\u00eas], Dalila [Basset Hound] e Geleia [Basset Hound]. Al\u00e9m do eterno gato Tutuquinho, que virou estrela.","sameAs":["https:\/\/www.facebook.com\/renato.dias.37","#breve","https:\/\/renatodias.tumblr.com\/"],"url":"https:\/\/renatodias.online\/movimento\/author\/renatodias\/"}]}},"_links":{"self":[{"href":"https:\/\/renatodias.online\/movimento\/wp-json\/wp\/v2\/posts\/12907","targetHints":{"allow":["GET"]}}],"collection":[{"href":"https:\/\/renatodias.online\/movimento\/wp-json\/wp\/v2\/posts"}],"about":[{"href":"https:\/\/renatodias.online\/movimento\/wp-json\/wp\/v2\/types\/post"}],"author":[{"embeddable":true,"href":"https:\/\/renatodias.online\/movimento\/wp-json\/wp\/v2\/users\/2"}],"replies":[{"embeddable":true,"href":"https:\/\/renatodias.online\/movimento\/wp-json\/wp\/v2\/comments?post=12907"}],"version-history":[{"count":1,"href":"https:\/\/renatodias.online\/movimento\/wp-json\/wp\/v2\/posts\/12907\/revisions"}],"predecessor-version":[{"id":12909,"href":"https:\/\/renatodias.online\/movimento\/wp-json\/wp\/v2\/posts\/12907\/revisions\/12909"}],"wp:featuredmedia":[{"embeddable":true,"href":"https:\/\/renatodias.online\/movimento\/wp-json\/wp\/v2\/media\/6363"}],"wp:attachment":[{"href":"https:\/\/renatodias.online\/movimento\/wp-json\/wp\/v2\/media?parent=12907"}],"wp:term":[{"taxonomy":"category","embeddable":true,"href":"https:\/\/renatodias.online\/movimento\/wp-json\/wp\/v2\/categories?post=12907"},{"taxonomy":"post_tag","embeddable":true,"href":"https:\/\/renatodias.online\/movimento\/wp-json\/wp\/v2\/tags?post=12907"}],"curies":[{"name":"wp","href":"https:\/\/api.w.org\/{rel}","templated":true}]}}