{"id":12852,"date":"2022-06-17T20:42:15","date_gmt":"2022-06-17T23:42:15","guid":{"rendered":"https:\/\/renatodias.online\/movimento\/?p=12852"},"modified":"2022-06-17T20:42:15","modified_gmt":"2022-06-17T23:42:15","slug":"leda-borges-faz-duas-homenagens","status":"publish","type":"post","link":"https:\/\/renatodias.online\/movimento\/2022\/06\/17\/leda-borges-faz-duas-homenagens\/","title":{"rendered":"Leda Borges faz duas homenagens"},"content":{"rendered":"<p><img loading=\"lazy\" decoding=\"async\" class=\"alignnone wp-image-4894 size-large\" src=\"https:\/\/renatodias.online\/movimento\/wp-content\/uploads\/2020\/11\/Alto-da-p\u00e1gina-Banner-Exclusivo-1-1024x311.png\" alt=\"\" width=\"1024\" height=\"311\" \/><\/p>\n<h3 style=\"text-align: center;\"><span style=\"color: #0000ff;\"><strong>Ao advogado Nelson Wilians e para o economista Fernando Cavalcanti<\/strong><\/span><\/h3>\n<figure id=\"attachment_12853\" aria-describedby=\"caption-attachment-12853\" style=\"width: 554px\" class=\"wp-caption aligncenter\"><img loading=\"lazy\" decoding=\"async\" class=\"wp-image-12853 size-full\" src=\"https:\/\/renatodias.online\/movimento\/wp-content\/uploads\/2022\/06\/Nelson-Willians.jpg\" alt=\"\" width=\"554\" height=\"554\" srcset=\"https:\/\/renatodias.online\/movimento\/wp-content\/uploads\/2022\/06\/Nelson-Willians.jpg 554w, https:\/\/renatodias.online\/movimento\/wp-content\/uploads\/2022\/06\/Nelson-Willians-300x300.jpg 300w, https:\/\/renatodias.online\/movimento\/wp-content\/uploads\/2022\/06\/Nelson-Willians-150x150.jpg 150w\" sizes=\"auto, (max-width: 554px) 100vw, 554px\" \/><figcaption id=\"caption-attachment-12853\" class=\"wp-caption-text\"><strong>Nelson Willians<\/strong><\/figcaption><\/figure>\n<p>A Assembleia Legislativa do Estado de Goi\u00e1s [Alego] realizou homenagem na \u00faltima segunda-feira ao advogado <strong>Nelson Wilians<\/strong> e ao economista <strong>Fernando Cavalcanti<\/strong>. Os dois receberam o T\u00edtulo de Cidad\u00e3o Goiano, al\u00e9m da Medalha de M\u00e9rito Legislativo Pedro Ludovico Teixeira, respectivamente. Elas foram propostas pela deputada estadual <strong>L\u00eada Borges [PSDB]<\/strong><\/p>\n<p>A sess\u00e3o solene para a entrega das honrarias ocorreu no Pal\u00e1cio Maguito Vilela \u2013 Plen\u00e1rio Iris Rezende Machado, na Assembleia Legislativa do Estado de Goi\u00e1s [Alego], em Goi\u00e2nia. Durante a sess\u00e3o, o advogado Nelson Wilians recebeu o T\u00edtulo de Cidad\u00e3o Goiano. J\u00e1 Fernando dos Santos Andrade Cavalcanti a Medalha de M\u00e9rito Legislativo Pedro Ludovico Teixeira.<\/p>\n<h1><span style=\"color: #0000ff;\"><strong>Perfis<\/strong><\/span><\/h1>\n<p>Nascido em Cianorte, Paran\u00e1, <strong>Nelson Wilians<\/strong> \u00e9 filho de pequeno agricultor e de dona de casa. No interior paulista, ele ingressou nos estudos de Direito pelo Instituto Toledo de Ensino, em Bauru. \u00c0 \u00e9poca, trabalhava durante o dia no departamento de recursos humanos da Santa Casa de Miseric\u00f3rdia, e estudava \u00e0 noite, al\u00e9m de encarar jornada extra \u00a0em um posto de combust\u00edvel<\/p>\n<p>Ele firmou a sua primeira sociedade com o amigo Adirson de Oliveira J\u00fanior, dando origem ao escrit\u00f3rio Nelson Wilians e Oliveira no final dos anos 1990, impulsionado pela vertente tribut\u00e1ria. A sociedade com Oliveira perdurou por mais alguns anos, at\u00e9 que o escrit\u00f3rio atingiu o quadro atual: Nelson Wilians &amp; Advogados Associados [NWADV].<\/p>\n<p>Com cerca de 12 mil clientes entre pessoas f\u00edsicas e jur\u00eddicas, o escrit\u00f3rio se aproxima da marca de 3 mil profissionais, sendo cerca de 1,5 mil advogados. N\u00e3o custa lembrar: Nelson Wilians \u00e9 casado com Anne Wilians h\u00e1 cinco anos, com quem tem os pequenos Benjamin, dois anos de idade, e Adam, 1 ano de vida.<\/p>\n<p>Nascido em mar\u00e7o de 1985, em S\u00e3o Paulo, Fernando dos Santos Andrade Cavalcanti \u00e9 vice-presidente do escrit\u00f3rio Nelson Wilians Advogados. Mesmo com dificuldade financeira enfrentada pela fam\u00edlia, Fernando engrenou nos estudos e tornou-se bacharel em Ci\u00eancias Econ\u00f4micas pela FMU, Faculdade Metropolitana Unida.<\/p>\n<p>Com atua\u00e7\u00e3o na \u00e1rea de assuntos corporativos, trabalhou como assessor parlamentar na Assembleia Legislativa de S\u00e3o Paulo; conselheiro municipal na Secretaria Municipal de Justi\u00e7a; assessor da Secretaria Municipal de Justi\u00e7a na Prefeitura de S\u00e3o Paulo e Membro da C\u00e2mara T\u00e9cnica de Legisla\u00e7\u00e3o Urban\u00edstica e Conselheiro na C\u00e2mara do Com\u00e9rcio Fran\u00e7a-Brasil.<\/p>\n<p>&nbsp;<\/p>\n","protected":false},"excerpt":{"rendered":"<p>Ao advogado Nelson Wilians e para o economista Fernando Cavalcanti A Assembleia Legislativa do Estado de Goi\u00e1s [Alego] realizou homenagem na \u00faltima segunda-feira ao advogado Nelson Wilians e ao economista Fernando Cavalcanti. Os dois receberam o T\u00edtulo de Cidad\u00e3o Goiano, al\u00e9m da Medalha de M\u00e9rito Legislativo Pedro Ludovico Teixeira, respectivamente. Elas foram propostas pela deputada<\/p>\n","protected":false},"author":2,"featured_media":3829,"comment_status":"open","ping_status":"open","sticky":false,"template":"","format":"standard","meta":{"_acf_changed":false,"_monsterinsights_skip_tracking":false,"_monsterinsights_sitenote_active":false,"_monsterinsights_sitenote_note":"","_monsterinsights_sitenote_category":0,"footnotes":""},"categories":[4],"tags":[],"class_list":["post-12852","post","type-post","status-publish","format-standard","has-post-thumbnail","hentry","category-politica"],"acf":[],"yoast_head":"<!-- This site is optimized with the Yoast SEO plugin v27.4 - https:\/\/yoast.com\/product\/yoast-seo-wordpress\/ -->\n<title>Leda Borges faz duas homenagens -<\/title>\n<meta name=\"robots\" content=\"index, follow, max-snippet:-1, max-image-preview:large, max-video-preview:-1\" \/>\n<link rel=\"canonical\" href=\"https:\/\/renatodias.online\/movimento\/2022\/06\/17\/leda-borges-faz-duas-homenagens\/\" \/>\n<meta property=\"og:locale\" content=\"pt_BR\" \/>\n<meta property=\"og:type\" content=\"article\" \/>\n<meta property=\"og:title\" content=\"Leda Borges faz duas homenagens -\" \/>\n<meta property=\"og:description\" content=\"Ao advogado Nelson Wilians e para o economista Fernando Cavalcanti A Assembleia Legislativa do Estado de Goi\u00e1s [Alego] realizou homenagem na \u00faltima segunda-feira ao advogado Nelson Wilians e ao economista Fernando Cavalcanti. Os dois receberam o T\u00edtulo de Cidad\u00e3o Goiano, al\u00e9m da Medalha de M\u00e9rito Legislativo Pedro Ludovico Teixeira, respectivamente. Elas foram propostas pela deputada\" \/>\n<meta property=\"og:url\" content=\"https:\/\/renatodias.online\/movimento\/2022\/06\/17\/leda-borges-faz-duas-homenagens\/\" \/>\n<meta property=\"article:publisher\" content=\"https:\/\/www.facebook.com\/renato.dias.37\" \/>\n<meta property=\"article:author\" content=\"https:\/\/www.facebook.com\/renato.dias.37\" \/>\n<meta property=\"article:published_time\" content=\"2022-06-17T23:42:15+00:00\" \/>\n<meta property=\"og:image\" content=\"https:\/\/renatodias.online\/movimento\/wp-content\/uploads\/2020\/06\/Leda-Borges-1-Coronav\u00edrus-Covid-19.jpg\" \/>\n\t<meta property=\"og:image:width\" content=\"1000\" \/>\n\t<meta property=\"og:image:height\" content=\"590\" \/>\n\t<meta property=\"og:image:type\" content=\"image\/jpeg\" \/>\n<meta name=\"author\" content=\"Renato Dias\" \/>\n<meta name=\"twitter:card\" content=\"summary_large_image\" \/>\n<meta name=\"twitter:creator\" content=\"@RenatoDiasBat\" \/>\n<meta name=\"twitter:site\" content=\"@RenatoDiasBat\" \/>\n<meta name=\"twitter:label1\" content=\"Escrito por\" \/>\n\t<meta name=\"twitter:data1\" content=\"Renato Dias\" \/>\n\t<meta name=\"twitter:label2\" content=\"Est. tempo de leitura\" \/>\n\t<meta name=\"twitter:data2\" content=\"2 minutos\" \/>\n<script type=\"application\/ld+json\" class=\"yoast-schema-graph\">{\"@context\":\"https:\\\/\\\/schema.org\",\"@graph\":[{\"@type\":\"Article\",\"@id\":\"https:\\\/\\\/renatodias.online\\\/movimento\\\/2022\\\/06\\\/17\\\/leda-borges-faz-duas-homenagens\\\/#article\",\"isPartOf\":{\"@id\":\"https:\\\/\\\/renatodias.online\\\/movimento\\\/2022\\\/06\\\/17\\\/leda-borges-faz-duas-homenagens\\\/\"},\"author\":{\"name\":\"Renato Dias\",\"@id\":\"https:\\\/\\\/renatodias.online\\\/movimento\\\/#\\\/schema\\\/person\\\/bbab28833b1725a20f4083f49f1fb2a9\"},\"headline\":\"Leda Borges faz duas homenagens\",\"datePublished\":\"2022-06-17T23:42:15+00:00\",\"mainEntityOfPage\":{\"@id\":\"https:\\\/\\\/renatodias.online\\\/movimento\\\/2022\\\/06\\\/17\\\/leda-borges-faz-duas-homenagens\\\/\"},\"wordCount\":425,\"commentCount\":0,\"publisher\":{\"@id\":\"https:\\\/\\\/renatodias.online\\\/movimento\\\/#\\\/schema\\\/person\\\/bbab28833b1725a20f4083f49f1fb2a9\"},\"image\":{\"@id\":\"https:\\\/\\\/renatodias.online\\\/movimento\\\/2022\\\/06\\\/17\\\/leda-borges-faz-duas-homenagens\\\/#primaryimage\"},\"thumbnailUrl\":\"https:\\\/\\\/renatodias.online\\\/movimento\\\/wp-content\\\/uploads\\\/2020\\\/06\\\/Leda-Borges-1-Coronav\u00edrus-Covid-19.jpg\",\"articleSection\":[\"Pol\u00edtica\"],\"inLanguage\":\"pt-BR\",\"potentialAction\":[{\"@type\":\"CommentAction\",\"name\":\"Comment\",\"target\":[\"https:\\\/\\\/renatodias.online\\\/movimento\\\/2022\\\/06\\\/17\\\/leda-borges-faz-duas-homenagens\\\/#respond\"]}]},{\"@type\":\"WebPage\",\"@id\":\"https:\\\/\\\/renatodias.online\\\/movimento\\\/2022\\\/06\\\/17\\\/leda-borges-faz-duas-homenagens\\\/\",\"url\":\"https:\\\/\\\/renatodias.online\\\/movimento\\\/2022\\\/06\\\/17\\\/leda-borges-faz-duas-homenagens\\\/\",\"name\":\"Leda Borges faz duas homenagens -\",\"isPartOf\":{\"@id\":\"https:\\\/\\\/renatodias.online\\\/movimento\\\/#website\"},\"primaryImageOfPage\":{\"@id\":\"https:\\\/\\\/renatodias.online\\\/movimento\\\/2022\\\/06\\\/17\\\/leda-borges-faz-duas-homenagens\\\/#primaryimage\"},\"image\":{\"@id\":\"https:\\\/\\\/renatodias.online\\\/movimento\\\/2022\\\/06\\\/17\\\/leda-borges-faz-duas-homenagens\\\/#primaryimage\"},\"thumbnailUrl\":\"https:\\\/\\\/renatodias.online\\\/movimento\\\/wp-content\\\/uploads\\\/2020\\\/06\\\/Leda-Borges-1-Coronav\u00edrus-Covid-19.jpg\",\"datePublished\":\"2022-06-17T23:42:15+00:00\",\"breadcrumb\":{\"@id\":\"https:\\\/\\\/renatodias.online\\\/movimento\\\/2022\\\/06\\\/17\\\/leda-borges-faz-duas-homenagens\\\/#breadcrumb\"},\"inLanguage\":\"pt-BR\",\"potentialAction\":[{\"@type\":\"ReadAction\",\"target\":[\"https:\\\/\\\/renatodias.online\\\/movimento\\\/2022\\\/06\\\/17\\\/leda-borges-faz-duas-homenagens\\\/\"]}]},{\"@type\":\"ImageObject\",\"inLanguage\":\"pt-BR\",\"@id\":\"https:\\\/\\\/renatodias.online\\\/movimento\\\/2022\\\/06\\\/17\\\/leda-borges-faz-duas-homenagens\\\/#primaryimage\",\"url\":\"https:\\\/\\\/renatodias.online\\\/movimento\\\/wp-content\\\/uploads\\\/2020\\\/06\\\/Leda-Borges-1-Coronav\u00edrus-Covid-19.jpg\",\"contentUrl\":\"https:\\\/\\\/renatodias.online\\\/movimento\\\/wp-content\\\/uploads\\\/2020\\\/06\\\/Leda-Borges-1-Coronav\u00edrus-Covid-19.jpg\",\"width\":1000,\"height\":590,\"caption\":\"L\u00eada Borges\"},{\"@type\":\"BreadcrumbList\",\"@id\":\"https:\\\/\\\/renatodias.online\\\/movimento\\\/2022\\\/06\\\/17\\\/leda-borges-faz-duas-homenagens\\\/#breadcrumb\",\"itemListElement\":[{\"@type\":\"ListItem\",\"position\":1,\"name\":\"In\u00edcio\",\"item\":\"https:\\\/\\\/renatodias.online\\\/movimento\\\/\"},{\"@type\":\"ListItem\",\"position\":2,\"name\":\"Leda Borges faz duas homenagens\"}]},{\"@type\":\"WebSite\",\"@id\":\"https:\\\/\\\/renatodias.online\\\/movimento\\\/#website\",\"url\":\"https:\\\/\\\/renatodias.online\\\/movimento\\\/\",\"name\":\"\",\"description\":\"\",\"publisher\":{\"@id\":\"https:\\\/\\\/renatodias.online\\\/movimento\\\/#\\\/schema\\\/person\\\/bbab28833b1725a20f4083f49f1fb2a9\"},\"potentialAction\":[{\"@type\":\"SearchAction\",\"target\":{\"@type\":\"EntryPoint\",\"urlTemplate\":\"https:\\\/\\\/renatodias.online\\\/movimento\\\/?s={search_term_string}\"},\"query-input\":{\"@type\":\"PropertyValueSpecification\",\"valueRequired\":true,\"valueName\":\"search_term_string\"}}],\"inLanguage\":\"pt-BR\"},{\"@type\":[\"Person\",\"Organization\"],\"@id\":\"https:\\\/\\\/renatodias.online\\\/movimento\\\/#\\\/schema\\\/person\\\/bbab28833b1725a20f4083f49f1fb2a9\",\"name\":\"Renato Dias\",\"image\":{\"@type\":\"ImageObject\",\"inLanguage\":\"pt-BR\",\"@id\":\"https:\\\/\\\/renatodias.online\\\/movimento\\\/wp-content\\\/uploads\\\/2023\\\/03\\\/cropped-cropped-cropped-logofinal.jpeg\",\"url\":\"https:\\\/\\\/renatodias.online\\\/movimento\\\/wp-content\\\/uploads\\\/2023\\\/03\\\/cropped-cropped-cropped-logofinal.jpeg\",\"contentUrl\":\"https:\\\/\\\/renatodias.online\\\/movimento\\\/wp-content\\\/uploads\\\/2023\\\/03\\\/cropped-cropped-cropped-logofinal.jpeg\",\"width\":1280,\"height\":219,\"caption\":\"Renato Dias\"},\"logo\":{\"@id\":\"https:\\\/\\\/renatodias.online\\\/movimento\\\/wp-content\\\/uploads\\\/2023\\\/03\\\/cropped-cropped-cropped-logofinal.jpeg\"},\"description\":\"Renato Dias, 58 anos, \u00e9 graduado em Jornalismo, formado em Ci\u00eancias Sociais, com p\u00f3s-gradua\u00e7\u00e3o em Pol\u00edticas P\u00fablicas, mestre em Direito e Rela\u00e7\u00f5es Internacionais, ex-aluno extraordin\u00e1rio do Doutorado em Psicologia Social, ex-estudante do Curso de Psican\u00e1lise do Centro de Estudos Psicanal\u00edticos do Estado de Goi\u00e1s, ministrado pelo m\u00e9dico psiquiatra e psicanalista Daniel Em\u00eddio de Souza. \u00c9 autor de 30 livros-reportagem, oito document\u00e1rios, ganhou 30 pr\u00eamios e \u00e9 torcedor apaixonado do maior do Centro-Oeste, o Vila Nova Futebol Clube. Casado com Meirilane Dias, \u00e9 pai de Juliana Dias, jornalista; Daniel Dias, economista; e Maria Rosa Dias, estudante antifascista, socialista e trotskista.\u00a0Com tr\u00eas pets: Porquinho [Bull Dog Franc\u00eas], Dalila [Basset Hound] e Geleia [Basset Hound]. Al\u00e9m do eterno gato Tutuquinho, que virou estrela.\",\"sameAs\":[\"https:\\\/\\\/www.facebook.com\\\/renato.dias.37\",\"#breve\",\"https:\\\/\\\/renatodias.tumblr.com\\\/\"],\"url\":\"https:\\\/\\\/renatodias.online\\\/movimento\\\/author\\\/renatodias\\\/\"}]}<\/script>\n<!-- \/ Yoast SEO plugin. -->","yoast_head_json":{"title":"Leda Borges faz duas homenagens -","robots":{"index":"index","follow":"follow","max-snippet":"max-snippet:-1","max-image-preview":"max-image-preview:large","max-video-preview":"max-video-preview:-1"},"canonical":"https:\/\/renatodias.online\/movimento\/2022\/06\/17\/leda-borges-faz-duas-homenagens\/","og_locale":"pt_BR","og_type":"article","og_title":"Leda Borges faz duas homenagens -","og_description":"Ao advogado Nelson Wilians e para o economista Fernando Cavalcanti A Assembleia Legislativa do Estado de Goi\u00e1s [Alego] realizou homenagem na \u00faltima segunda-feira ao advogado Nelson Wilians e ao economista Fernando Cavalcanti. Os dois receberam o T\u00edtulo de Cidad\u00e3o Goiano, al\u00e9m da Medalha de M\u00e9rito Legislativo Pedro Ludovico Teixeira, respectivamente. Elas foram propostas pela deputada","og_url":"https:\/\/renatodias.online\/movimento\/2022\/06\/17\/leda-borges-faz-duas-homenagens\/","article_publisher":"https:\/\/www.facebook.com\/renato.dias.37","article_author":"https:\/\/www.facebook.com\/renato.dias.37","article_published_time":"2022-06-17T23:42:15+00:00","og_image":[{"width":1000,"height":590,"url":"https:\/\/renatodias.online\/movimento\/wp-content\/uploads\/2020\/06\/Leda-Borges-1-Coronav\u00edrus-Covid-19.jpg","type":"image\/jpeg"}],"author":"Renato Dias","twitter_card":"summary_large_image","twitter_creator":"@RenatoDiasBat","twitter_site":"@RenatoDiasBat","twitter_misc":{"Escrito por":"Renato Dias","Est. tempo de leitura":"2 minutos"},"schema":{"@context":"https:\/\/schema.org","@graph":[{"@type":"Article","@id":"https:\/\/renatodias.online\/movimento\/2022\/06\/17\/leda-borges-faz-duas-homenagens\/#article","isPartOf":{"@id":"https:\/\/renatodias.online\/movimento\/2022\/06\/17\/leda-borges-faz-duas-homenagens\/"},"author":{"name":"Renato Dias","@id":"https:\/\/renatodias.online\/movimento\/#\/schema\/person\/bbab28833b1725a20f4083f49f1fb2a9"},"headline":"Leda Borges faz duas homenagens","datePublished":"2022-06-17T23:42:15+00:00","mainEntityOfPage":{"@id":"https:\/\/renatodias.online\/movimento\/2022\/06\/17\/leda-borges-faz-duas-homenagens\/"},"wordCount":425,"commentCount":0,"publisher":{"@id":"https:\/\/renatodias.online\/movimento\/#\/schema\/person\/bbab28833b1725a20f4083f49f1fb2a9"},"image":{"@id":"https:\/\/renatodias.online\/movimento\/2022\/06\/17\/leda-borges-faz-duas-homenagens\/#primaryimage"},"thumbnailUrl":"https:\/\/renatodias.online\/movimento\/wp-content\/uploads\/2020\/06\/Leda-Borges-1-Coronav\u00edrus-Covid-19.jpg","articleSection":["Pol\u00edtica"],"inLanguage":"pt-BR","potentialAction":[{"@type":"CommentAction","name":"Comment","target":["https:\/\/renatodias.online\/movimento\/2022\/06\/17\/leda-borges-faz-duas-homenagens\/#respond"]}]},{"@type":"WebPage","@id":"https:\/\/renatodias.online\/movimento\/2022\/06\/17\/leda-borges-faz-duas-homenagens\/","url":"https:\/\/renatodias.online\/movimento\/2022\/06\/17\/leda-borges-faz-duas-homenagens\/","name":"Leda Borges faz duas homenagens -","isPartOf":{"@id":"https:\/\/renatodias.online\/movimento\/#website"},"primaryImageOfPage":{"@id":"https:\/\/renatodias.online\/movimento\/2022\/06\/17\/leda-borges-faz-duas-homenagens\/#primaryimage"},"image":{"@id":"https:\/\/renatodias.online\/movimento\/2022\/06\/17\/leda-borges-faz-duas-homenagens\/#primaryimage"},"thumbnailUrl":"https:\/\/renatodias.online\/movimento\/wp-content\/uploads\/2020\/06\/Leda-Borges-1-Coronav\u00edrus-Covid-19.jpg","datePublished":"2022-06-17T23:42:15+00:00","breadcrumb":{"@id":"https:\/\/renatodias.online\/movimento\/2022\/06\/17\/leda-borges-faz-duas-homenagens\/#breadcrumb"},"inLanguage":"pt-BR","potentialAction":[{"@type":"ReadAction","target":["https:\/\/renatodias.online\/movimento\/2022\/06\/17\/leda-borges-faz-duas-homenagens\/"]}]},{"@type":"ImageObject","inLanguage":"pt-BR","@id":"https:\/\/renatodias.online\/movimento\/2022\/06\/17\/leda-borges-faz-duas-homenagens\/#primaryimage","url":"https:\/\/renatodias.online\/movimento\/wp-content\/uploads\/2020\/06\/Leda-Borges-1-Coronav\u00edrus-Covid-19.jpg","contentUrl":"https:\/\/renatodias.online\/movimento\/wp-content\/uploads\/2020\/06\/Leda-Borges-1-Coronav\u00edrus-Covid-19.jpg","width":1000,"height":590,"caption":"L\u00eada Borges"},{"@type":"BreadcrumbList","@id":"https:\/\/renatodias.online\/movimento\/2022\/06\/17\/leda-borges-faz-duas-homenagens\/#breadcrumb","itemListElement":[{"@type":"ListItem","position":1,"name":"In\u00edcio","item":"https:\/\/renatodias.online\/movimento\/"},{"@type":"ListItem","position":2,"name":"Leda Borges faz duas homenagens"}]},{"@type":"WebSite","@id":"https:\/\/renatodias.online\/movimento\/#website","url":"https:\/\/renatodias.online\/movimento\/","name":"","description":"","publisher":{"@id":"https:\/\/renatodias.online\/movimento\/#\/schema\/person\/bbab28833b1725a20f4083f49f1fb2a9"},"potentialAction":[{"@type":"SearchAction","target":{"@type":"EntryPoint","urlTemplate":"https:\/\/renatodias.online\/movimento\/?s={search_term_string}"},"query-input":{"@type":"PropertyValueSpecification","valueRequired":true,"valueName":"search_term_string"}}],"inLanguage":"pt-BR"},{"@type":["Person","Organization"],"@id":"https:\/\/renatodias.online\/movimento\/#\/schema\/person\/bbab28833b1725a20f4083f49f1fb2a9","name":"Renato Dias","image":{"@type":"ImageObject","inLanguage":"pt-BR","@id":"https:\/\/renatodias.online\/movimento\/wp-content\/uploads\/2023\/03\/cropped-cropped-cropped-logofinal.jpeg","url":"https:\/\/renatodias.online\/movimento\/wp-content\/uploads\/2023\/03\/cropped-cropped-cropped-logofinal.jpeg","contentUrl":"https:\/\/renatodias.online\/movimento\/wp-content\/uploads\/2023\/03\/cropped-cropped-cropped-logofinal.jpeg","width":1280,"height":219,"caption":"Renato Dias"},"logo":{"@id":"https:\/\/renatodias.online\/movimento\/wp-content\/uploads\/2023\/03\/cropped-cropped-cropped-logofinal.jpeg"},"description":"Renato Dias, 58 anos, \u00e9 graduado em Jornalismo, formado em Ci\u00eancias Sociais, com p\u00f3s-gradua\u00e7\u00e3o em Pol\u00edticas P\u00fablicas, mestre em Direito e Rela\u00e7\u00f5es Internacionais, ex-aluno extraordin\u00e1rio do Doutorado em Psicologia Social, ex-estudante do Curso de Psican\u00e1lise do Centro de Estudos Psicanal\u00edticos do Estado de Goi\u00e1s, ministrado pelo m\u00e9dico psiquiatra e psicanalista Daniel Em\u00eddio de Souza. \u00c9 autor de 30 livros-reportagem, oito document\u00e1rios, ganhou 30 pr\u00eamios e \u00e9 torcedor apaixonado do maior do Centro-Oeste, o Vila Nova Futebol Clube. Casado com Meirilane Dias, \u00e9 pai de Juliana Dias, jornalista; Daniel Dias, economista; e Maria Rosa Dias, estudante antifascista, socialista e trotskista.\u00a0Com tr\u00eas pets: Porquinho [Bull Dog Franc\u00eas], Dalila [Basset Hound] e Geleia [Basset Hound]. Al\u00e9m do eterno gato Tutuquinho, que virou estrela.","sameAs":["https:\/\/www.facebook.com\/renato.dias.37","#breve","https:\/\/renatodias.tumblr.com\/"],"url":"https:\/\/renatodias.online\/movimento\/author\/renatodias\/"}]}},"_links":{"self":[{"href":"https:\/\/renatodias.online\/movimento\/wp-json\/wp\/v2\/posts\/12852","targetHints":{"allow":["GET"]}}],"collection":[{"href":"https:\/\/renatodias.online\/movimento\/wp-json\/wp\/v2\/posts"}],"about":[{"href":"https:\/\/renatodias.online\/movimento\/wp-json\/wp\/v2\/types\/post"}],"author":[{"embeddable":true,"href":"https:\/\/renatodias.online\/movimento\/wp-json\/wp\/v2\/users\/2"}],"replies":[{"embeddable":true,"href":"https:\/\/renatodias.online\/movimento\/wp-json\/wp\/v2\/comments?post=12852"}],"version-history":[{"count":1,"href":"https:\/\/renatodias.online\/movimento\/wp-json\/wp\/v2\/posts\/12852\/revisions"}],"predecessor-version":[{"id":12854,"href":"https:\/\/renatodias.online\/movimento\/wp-json\/wp\/v2\/posts\/12852\/revisions\/12854"}],"wp:featuredmedia":[{"embeddable":true,"href":"https:\/\/renatodias.online\/movimento\/wp-json\/wp\/v2\/media\/3829"}],"wp:attachment":[{"href":"https:\/\/renatodias.online\/movimento\/wp-json\/wp\/v2\/media?parent=12852"}],"wp:term":[{"taxonomy":"category","embeddable":true,"href":"https:\/\/renatodias.online\/movimento\/wp-json\/wp\/v2\/categories?post=12852"},{"taxonomy":"post_tag","embeddable":true,"href":"https:\/\/renatodias.online\/movimento\/wp-json\/wp\/v2\/tags?post=12852"}],"curies":[{"name":"wp","href":"https:\/\/api.w.org\/{rel}","templated":true}]}}