{"id":12834,"date":"2022-06-17T20:24:49","date_gmt":"2022-06-17T23:24:49","guid":{"rendered":"https:\/\/renatodias.online\/movimento\/?p=12834"},"modified":"2022-06-17T20:25:20","modified_gmt":"2022-06-17T23:25:20","slug":"geracao-de-68-exige-elucidacao","status":"publish","type":"post","link":"https:\/\/renatodias.online\/movimento\/2022\/06\/17\/geracao-de-68-exige-elucidacao\/","title":{"rendered":"Gera\u00e7\u00e3o de 68 exige elucida\u00e7\u00e3o"},"content":{"rendered":"<p><strong><img loading=\"lazy\" decoding=\"async\" class=\"alignnone wp-image-12835 size-large\" src=\"https:\/\/renatodias.online\/movimento\/wp-content\/uploads\/2022\/06\/Geracao-de-68-card-1054x1024.png\" alt=\"\" width=\"1054\" height=\"1024\" srcset=\"https:\/\/renatodias.online\/movimento\/wp-content\/uploads\/2022\/06\/Geracao-de-68-card-1054x1024.png 1054w, https:\/\/renatodias.online\/movimento\/wp-content\/uploads\/2022\/06\/Geracao-de-68-card-300x291.png 300w, https:\/\/renatodias.online\/movimento\/wp-content\/uploads\/2022\/06\/Geracao-de-68-card-768x746.png 768w, https:\/\/renatodias.online\/movimento\/wp-content\/uploads\/2022\/06\/Geracao-de-68-card-750x728.png 750w, https:\/\/renatodias.online\/movimento\/wp-content\/uploads\/2022\/06\/Geracao-de-68-card.png 1080w\" sizes=\"auto, (max-width: 1054px) 100vw, 1054px\" \/><\/strong><\/p>\n<h1 style=\"text-align: center;\"><span style=\"color: #008000;\"><strong>Betty Almeida cobra esclarecimentos<\/strong><\/span><\/h1>\n<h1 style=\"text-align: center;\"><span style=\"color: #ff0000;\"><strong>Imediatos<\/strong><\/span><\/h1>\n<p><strong>Renato Dias\u00a0<\/strong><\/p>\n<p>O <strong>Movimento Independente Gera\u00e7\u00e3o de 1968 Sempre na Luta<\/strong> em nota enviada ao P<strong>ortal de Not\u00edcias www.renatodias.online<\/strong> exige a imediata elucida\u00e7\u00e3o das execu\u00e7\u00f5es extrajudiciais de <strong>Bruno Pereira<\/strong>, indigenista, e do jornalista brit\u00e2nico <strong>Dom Philips<\/strong>. Al\u00e9m da pris\u00e3o dos executores, da cadeia de comando da opera\u00e7\u00e3o, a identifica\u00e7\u00e3o dos restos mortais e da conviv\u00eancia do Governo Federal com o caos na Amaz\u00f4nia e, em particular, no <strong>Vale do Javari, regi\u00e3o norte do Brasil.<\/strong><\/p>\n<p><img loading=\"lazy\" decoding=\"async\" class=\"aligncenter wp-image-12836 size-full\" src=\"https:\/\/renatodias.online\/movimento\/wp-content\/uploads\/2022\/06\/Ilustracao-da-geracao-de-68.png\" alt=\"\" width=\"1080\" height=\"970\" srcset=\"https:\/\/renatodias.online\/movimento\/wp-content\/uploads\/2022\/06\/Ilustracao-da-geracao-de-68.png 1080w, https:\/\/renatodias.online\/movimento\/wp-content\/uploads\/2022\/06\/Ilustracao-da-geracao-de-68-300x269.png 300w, https:\/\/renatodias.online\/movimento\/wp-content\/uploads\/2022\/06\/Ilustracao-da-geracao-de-68-768x690.png 768w, https:\/\/renatodias.online\/movimento\/wp-content\/uploads\/2022\/06\/Ilustracao-da-geracao-de-68-750x674.png 750w\" sizes=\"auto, (max-width: 1080px) 100vw, 1080px\" \/><\/p>\n<h1><img loading=\"lazy\" decoding=\"async\" class=\"alignnone wp-image-5007 size-large\" src=\"https:\/\/renatodias.online\/movimento\/wp-content\/uploads\/2021\/01\/Alto-da-p\u00e1gina-Banner-Exclusivo-1024x311.png\" alt=\"\" width=\"1024\" height=\"311\" \/><\/h1>\n<h1 style=\"text-align: center;\"><span style=\"color: #0000ff;\"><strong>Manifesta\u00e7\u00e3o em Bras\u00edlia<\/strong><\/span><\/h1>\n<p>&nbsp;<\/p>\n<div style=\"width: 480px;\" class=\"wp-video\"><!--[if lt IE 9]><script>document.createElement('video');<\/script><![endif]-->\n<video class=\"wp-video-shortcode\" id=\"video-12834-1\" width=\"480\" height=\"848\" preload=\"metadata\" controls=\"controls\"><source type=\"video\/mp4\" src=\"https:\/\/renatodias.online\/movimento\/wp-content\/uploads\/2022\/06\/VID-20220616-WA0107.mp4?_=1\" \/><a href=\"https:\/\/renatodias.online\/movimento\/wp-content\/uploads\/2022\/06\/VID-20220616-WA0107.mp4\">https:\/\/renatodias.online\/movimento\/wp-content\/uploads\/2022\/06\/VID-20220616-WA0107.mp4<\/a><\/video><\/div>\n","protected":false},"excerpt":{"rendered":"<p>Betty Almeida cobra esclarecimentos Imediatos Renato Dias\u00a0 O Movimento Independente Gera\u00e7\u00e3o de 1968 Sempre na Luta em nota enviada ao Portal de Not\u00edcias www.renatodias.online exige a imediata elucida\u00e7\u00e3o das execu\u00e7\u00f5es extrajudiciais de Bruno Pereira, indigenista, e do jornalista brit\u00e2nico Dom Philips. Al\u00e9m da pris\u00e3o dos executores, da cadeia de comando da opera\u00e7\u00e3o, a identifica\u00e7\u00e3o dos<\/p>\n","protected":false},"author":2,"featured_media":12016,"comment_status":"open","ping_status":"open","sticky":false,"template":"","format":"standard","meta":{"_acf_changed":false,"_monsterinsights_skip_tracking":false,"_monsterinsights_sitenote_active":false,"_monsterinsights_sitenote_note":"","_monsterinsights_sitenote_category":0,"footnotes":""},"categories":[35],"tags":[],"class_list":["post-12834","post","type-post","status-publish","format-standard","has-post-thumbnail","hentry","category-nacional"],"acf":[],"yoast_head":"<!-- This site is optimized with the Yoast SEO plugin v27.4 - https:\/\/yoast.com\/product\/yoast-seo-wordpress\/ -->\n<title>Gera\u00e7\u00e3o de 68 exige elucida\u00e7\u00e3o -<\/title>\n<meta name=\"robots\" content=\"index, follow, max-snippet:-1, max-image-preview:large, max-video-preview:-1\" \/>\n<link rel=\"canonical\" href=\"https:\/\/renatodias.online\/movimento\/2022\/06\/17\/geracao-de-68-exige-elucidacao\/\" \/>\n<meta property=\"og:locale\" content=\"pt_BR\" \/>\n<meta property=\"og:type\" content=\"article\" \/>\n<meta property=\"og:title\" content=\"Gera\u00e7\u00e3o de 68 exige elucida\u00e7\u00e3o -\" \/>\n<meta property=\"og:description\" content=\"Betty Almeida cobra esclarecimentos Imediatos Renato Dias\u00a0 O Movimento Independente Gera\u00e7\u00e3o de 1968 Sempre na Luta em nota enviada ao Portal de Not\u00edcias www.renatodias.online exige a imediata elucida\u00e7\u00e3o das execu\u00e7\u00f5es extrajudiciais de Bruno Pereira, indigenista, e do jornalista brit\u00e2nico Dom Philips. Al\u00e9m da pris\u00e3o dos executores, da cadeia de comando da opera\u00e7\u00e3o, a identifica\u00e7\u00e3o dos\" \/>\n<meta property=\"og:url\" content=\"https:\/\/renatodias.online\/movimento\/2022\/06\/17\/geracao-de-68-exige-elucidacao\/\" \/>\n<meta property=\"article:publisher\" content=\"https:\/\/www.facebook.com\/renato.dias.37\" \/>\n<meta property=\"article:author\" content=\"https:\/\/www.facebook.com\/renato.dias.37\" \/>\n<meta property=\"article:published_time\" content=\"2022-06-17T23:24:49+00:00\" \/>\n<meta property=\"article:modified_time\" content=\"2022-06-17T23:25:20+00:00\" \/>\n<meta property=\"og:image\" content=\"https:\/\/renatodias.online\/movimento\/wp-content\/uploads\/2022\/04\/Betty-Almeida-1-e1675390983285.jpg\" \/>\n\t<meta property=\"og:image:width\" content=\"360\" \/>\n\t<meta property=\"og:image:height\" content=\"203\" \/>\n\t<meta property=\"og:image:type\" content=\"image\/jpeg\" \/>\n<meta name=\"author\" content=\"Renato Dias\" \/>\n<meta name=\"twitter:card\" content=\"summary_large_image\" \/>\n<meta name=\"twitter:creator\" content=\"@RenatoDiasBat\" \/>\n<meta name=\"twitter:site\" content=\"@RenatoDiasBat\" \/>\n<meta name=\"twitter:label1\" content=\"Escrito por\" \/>\n\t<meta name=\"twitter:data1\" content=\"Renato Dias\" \/>\n\t<meta name=\"twitter:label2\" content=\"Est. tempo de leitura\" \/>\n\t<meta name=\"twitter:data2\" content=\"1 minuto\" \/>\n<script type=\"application\/ld+json\" class=\"yoast-schema-graph\">{\"@context\":\"https:\\\/\\\/schema.org\",\"@graph\":[{\"@type\":\"Article\",\"@id\":\"https:\\\/\\\/renatodias.online\\\/movimento\\\/2022\\\/06\\\/17\\\/geracao-de-68-exige-elucidacao\\\/#article\",\"isPartOf\":{\"@id\":\"https:\\\/\\\/renatodias.online\\\/movimento\\\/2022\\\/06\\\/17\\\/geracao-de-68-exige-elucidacao\\\/\"},\"author\":{\"name\":\"Renato Dias\",\"@id\":\"https:\\\/\\\/renatodias.online\\\/movimento\\\/#\\\/schema\\\/person\\\/bbab28833b1725a20f4083f49f1fb2a9\"},\"headline\":\"Gera\u00e7\u00e3o de 68 exige elucida\u00e7\u00e3o\",\"datePublished\":\"2022-06-17T23:24:49+00:00\",\"dateModified\":\"2022-06-17T23:25:20+00:00\",\"mainEntityOfPage\":{\"@id\":\"https:\\\/\\\/renatodias.online\\\/movimento\\\/2022\\\/06\\\/17\\\/geracao-de-68-exige-elucidacao\\\/\"},\"wordCount\":118,\"commentCount\":0,\"publisher\":{\"@id\":\"https:\\\/\\\/renatodias.online\\\/movimento\\\/#\\\/schema\\\/person\\\/bbab28833b1725a20f4083f49f1fb2a9\"},\"image\":{\"@id\":\"https:\\\/\\\/renatodias.online\\\/movimento\\\/2022\\\/06\\\/17\\\/geracao-de-68-exige-elucidacao\\\/#primaryimage\"},\"thumbnailUrl\":\"https:\\\/\\\/renatodias.online\\\/movimento\\\/wp-content\\\/uploads\\\/2022\\\/04\\\/Betty-Almeida-1-e1675390983285.jpg\",\"articleSection\":[\"Nacional\"],\"inLanguage\":\"pt-BR\",\"potentialAction\":[{\"@type\":\"CommentAction\",\"name\":\"Comment\",\"target\":[\"https:\\\/\\\/renatodias.online\\\/movimento\\\/2022\\\/06\\\/17\\\/geracao-de-68-exige-elucidacao\\\/#respond\"]}]},{\"@type\":\"WebPage\",\"@id\":\"https:\\\/\\\/renatodias.online\\\/movimento\\\/2022\\\/06\\\/17\\\/geracao-de-68-exige-elucidacao\\\/\",\"url\":\"https:\\\/\\\/renatodias.online\\\/movimento\\\/2022\\\/06\\\/17\\\/geracao-de-68-exige-elucidacao\\\/\",\"name\":\"Gera\u00e7\u00e3o de 68 exige elucida\u00e7\u00e3o -\",\"isPartOf\":{\"@id\":\"https:\\\/\\\/renatodias.online\\\/movimento\\\/#website\"},\"primaryImageOfPage\":{\"@id\":\"https:\\\/\\\/renatodias.online\\\/movimento\\\/2022\\\/06\\\/17\\\/geracao-de-68-exige-elucidacao\\\/#primaryimage\"},\"image\":{\"@id\":\"https:\\\/\\\/renatodias.online\\\/movimento\\\/2022\\\/06\\\/17\\\/geracao-de-68-exige-elucidacao\\\/#primaryimage\"},\"thumbnailUrl\":\"https:\\\/\\\/renatodias.online\\\/movimento\\\/wp-content\\\/uploads\\\/2022\\\/04\\\/Betty-Almeida-1-e1675390983285.jpg\",\"datePublished\":\"2022-06-17T23:24:49+00:00\",\"dateModified\":\"2022-06-17T23:25:20+00:00\",\"breadcrumb\":{\"@id\":\"https:\\\/\\\/renatodias.online\\\/movimento\\\/2022\\\/06\\\/17\\\/geracao-de-68-exige-elucidacao\\\/#breadcrumb\"},\"inLanguage\":\"pt-BR\",\"potentialAction\":[{\"@type\":\"ReadAction\",\"target\":[\"https:\\\/\\\/renatodias.online\\\/movimento\\\/2022\\\/06\\\/17\\\/geracao-de-68-exige-elucidacao\\\/\"]}]},{\"@type\":\"ImageObject\",\"inLanguage\":\"pt-BR\",\"@id\":\"https:\\\/\\\/renatodias.online\\\/movimento\\\/2022\\\/06\\\/17\\\/geracao-de-68-exige-elucidacao\\\/#primaryimage\",\"url\":\"https:\\\/\\\/renatodias.online\\\/movimento\\\/wp-content\\\/uploads\\\/2022\\\/04\\\/Betty-Almeida-1-e1675390983285.jpg\",\"contentUrl\":\"https:\\\/\\\/renatodias.online\\\/movimento\\\/wp-content\\\/uploads\\\/2022\\\/04\\\/Betty-Almeida-1-e1675390983285.jpg\",\"width\":360,\"height\":203,\"caption\":\"Betty Almeida\"},{\"@type\":\"BreadcrumbList\",\"@id\":\"https:\\\/\\\/renatodias.online\\\/movimento\\\/2022\\\/06\\\/17\\\/geracao-de-68-exige-elucidacao\\\/#breadcrumb\",\"itemListElement\":[{\"@type\":\"ListItem\",\"position\":1,\"name\":\"In\u00edcio\",\"item\":\"https:\\\/\\\/renatodias.online\\\/movimento\\\/\"},{\"@type\":\"ListItem\",\"position\":2,\"name\":\"Gera\u00e7\u00e3o de 68 exige elucida\u00e7\u00e3o\"}]},{\"@type\":\"WebSite\",\"@id\":\"https:\\\/\\\/renatodias.online\\\/movimento\\\/#website\",\"url\":\"https:\\\/\\\/renatodias.online\\\/movimento\\\/\",\"name\":\"\",\"description\":\"\",\"publisher\":{\"@id\":\"https:\\\/\\\/renatodias.online\\\/movimento\\\/#\\\/schema\\\/person\\\/bbab28833b1725a20f4083f49f1fb2a9\"},\"potentialAction\":[{\"@type\":\"SearchAction\",\"target\":{\"@type\":\"EntryPoint\",\"urlTemplate\":\"https:\\\/\\\/renatodias.online\\\/movimento\\\/?s={search_term_string}\"},\"query-input\":{\"@type\":\"PropertyValueSpecification\",\"valueRequired\":true,\"valueName\":\"search_term_string\"}}],\"inLanguage\":\"pt-BR\"},{\"@type\":[\"Person\",\"Organization\"],\"@id\":\"https:\\\/\\\/renatodias.online\\\/movimento\\\/#\\\/schema\\\/person\\\/bbab28833b1725a20f4083f49f1fb2a9\",\"name\":\"Renato Dias\",\"image\":{\"@type\":\"ImageObject\",\"inLanguage\":\"pt-BR\",\"@id\":\"https:\\\/\\\/renatodias.online\\\/movimento\\\/wp-content\\\/uploads\\\/2023\\\/03\\\/cropped-cropped-cropped-logofinal.jpeg\",\"url\":\"https:\\\/\\\/renatodias.online\\\/movimento\\\/wp-content\\\/uploads\\\/2023\\\/03\\\/cropped-cropped-cropped-logofinal.jpeg\",\"contentUrl\":\"https:\\\/\\\/renatodias.online\\\/movimento\\\/wp-content\\\/uploads\\\/2023\\\/03\\\/cropped-cropped-cropped-logofinal.jpeg\",\"width\":1280,\"height\":219,\"caption\":\"Renato Dias\"},\"logo\":{\"@id\":\"https:\\\/\\\/renatodias.online\\\/movimento\\\/wp-content\\\/uploads\\\/2023\\\/03\\\/cropped-cropped-cropped-logofinal.jpeg\"},\"description\":\"Renato Dias, 58 anos, \u00e9 graduado em Jornalismo, formado em Ci\u00eancias Sociais, com p\u00f3s-gradua\u00e7\u00e3o em Pol\u00edticas P\u00fablicas, mestre em Direito e Rela\u00e7\u00f5es Internacionais, ex-aluno extraordin\u00e1rio do Doutorado em Psicologia Social, ex-estudante do Curso de Psican\u00e1lise do Centro de Estudos Psicanal\u00edticos do Estado de Goi\u00e1s, ministrado pelo m\u00e9dico psiquiatra e psicanalista Daniel Em\u00eddio de Souza. \u00c9 autor de 30 livros-reportagem, oito document\u00e1rios, ganhou 30 pr\u00eamios e \u00e9 torcedor apaixonado do maior do Centro-Oeste, o Vila Nova Futebol Clube. Casado com Meirilane Dias, \u00e9 pai de Juliana Dias, jornalista; Daniel Dias, economista; e Maria Rosa Dias, estudante antifascista, socialista e trotskista.\u00a0Com tr\u00eas pets: Porquinho [Bull Dog Franc\u00eas], Dalila [Basset Hound] e Geleia [Basset Hound]. Al\u00e9m do eterno gato Tutuquinho, que virou estrela.\",\"sameAs\":[\"https:\\\/\\\/www.facebook.com\\\/renato.dias.37\",\"#breve\",\"https:\\\/\\\/renatodias.tumblr.com\\\/\"],\"url\":\"https:\\\/\\\/renatodias.online\\\/movimento\\\/author\\\/renatodias\\\/\"}]}<\/script>\n<!-- \/ Yoast SEO plugin. -->","yoast_head_json":{"title":"Gera\u00e7\u00e3o de 68 exige elucida\u00e7\u00e3o -","robots":{"index":"index","follow":"follow","max-snippet":"max-snippet:-1","max-image-preview":"max-image-preview:large","max-video-preview":"max-video-preview:-1"},"canonical":"https:\/\/renatodias.online\/movimento\/2022\/06\/17\/geracao-de-68-exige-elucidacao\/","og_locale":"pt_BR","og_type":"article","og_title":"Gera\u00e7\u00e3o de 68 exige elucida\u00e7\u00e3o -","og_description":"Betty Almeida cobra esclarecimentos Imediatos Renato Dias\u00a0 O Movimento Independente Gera\u00e7\u00e3o de 1968 Sempre na Luta em nota enviada ao Portal de Not\u00edcias www.renatodias.online exige a imediata elucida\u00e7\u00e3o das execu\u00e7\u00f5es extrajudiciais de Bruno Pereira, indigenista, e do jornalista brit\u00e2nico Dom Philips. Al\u00e9m da pris\u00e3o dos executores, da cadeia de comando da opera\u00e7\u00e3o, a identifica\u00e7\u00e3o dos","og_url":"https:\/\/renatodias.online\/movimento\/2022\/06\/17\/geracao-de-68-exige-elucidacao\/","article_publisher":"https:\/\/www.facebook.com\/renato.dias.37","article_author":"https:\/\/www.facebook.com\/renato.dias.37","article_published_time":"2022-06-17T23:24:49+00:00","article_modified_time":"2022-06-17T23:25:20+00:00","og_image":[{"width":360,"height":203,"url":"https:\/\/renatodias.online\/movimento\/wp-content\/uploads\/2022\/04\/Betty-Almeida-1-e1675390983285.jpg","type":"image\/jpeg"}],"author":"Renato Dias","twitter_card":"summary_large_image","twitter_creator":"@RenatoDiasBat","twitter_site":"@RenatoDiasBat","twitter_misc":{"Escrito por":"Renato Dias","Est. tempo de leitura":"1 minuto"},"schema":{"@context":"https:\/\/schema.org","@graph":[{"@type":"Article","@id":"https:\/\/renatodias.online\/movimento\/2022\/06\/17\/geracao-de-68-exige-elucidacao\/#article","isPartOf":{"@id":"https:\/\/renatodias.online\/movimento\/2022\/06\/17\/geracao-de-68-exige-elucidacao\/"},"author":{"name":"Renato Dias","@id":"https:\/\/renatodias.online\/movimento\/#\/schema\/person\/bbab28833b1725a20f4083f49f1fb2a9"},"headline":"Gera\u00e7\u00e3o de 68 exige elucida\u00e7\u00e3o","datePublished":"2022-06-17T23:24:49+00:00","dateModified":"2022-06-17T23:25:20+00:00","mainEntityOfPage":{"@id":"https:\/\/renatodias.online\/movimento\/2022\/06\/17\/geracao-de-68-exige-elucidacao\/"},"wordCount":118,"commentCount":0,"publisher":{"@id":"https:\/\/renatodias.online\/movimento\/#\/schema\/person\/bbab28833b1725a20f4083f49f1fb2a9"},"image":{"@id":"https:\/\/renatodias.online\/movimento\/2022\/06\/17\/geracao-de-68-exige-elucidacao\/#primaryimage"},"thumbnailUrl":"https:\/\/renatodias.online\/movimento\/wp-content\/uploads\/2022\/04\/Betty-Almeida-1-e1675390983285.jpg","articleSection":["Nacional"],"inLanguage":"pt-BR","potentialAction":[{"@type":"CommentAction","name":"Comment","target":["https:\/\/renatodias.online\/movimento\/2022\/06\/17\/geracao-de-68-exige-elucidacao\/#respond"]}]},{"@type":"WebPage","@id":"https:\/\/renatodias.online\/movimento\/2022\/06\/17\/geracao-de-68-exige-elucidacao\/","url":"https:\/\/renatodias.online\/movimento\/2022\/06\/17\/geracao-de-68-exige-elucidacao\/","name":"Gera\u00e7\u00e3o de 68 exige elucida\u00e7\u00e3o -","isPartOf":{"@id":"https:\/\/renatodias.online\/movimento\/#website"},"primaryImageOfPage":{"@id":"https:\/\/renatodias.online\/movimento\/2022\/06\/17\/geracao-de-68-exige-elucidacao\/#primaryimage"},"image":{"@id":"https:\/\/renatodias.online\/movimento\/2022\/06\/17\/geracao-de-68-exige-elucidacao\/#primaryimage"},"thumbnailUrl":"https:\/\/renatodias.online\/movimento\/wp-content\/uploads\/2022\/04\/Betty-Almeida-1-e1675390983285.jpg","datePublished":"2022-06-17T23:24:49+00:00","dateModified":"2022-06-17T23:25:20+00:00","breadcrumb":{"@id":"https:\/\/renatodias.online\/movimento\/2022\/06\/17\/geracao-de-68-exige-elucidacao\/#breadcrumb"},"inLanguage":"pt-BR","potentialAction":[{"@type":"ReadAction","target":["https:\/\/renatodias.online\/movimento\/2022\/06\/17\/geracao-de-68-exige-elucidacao\/"]}]},{"@type":"ImageObject","inLanguage":"pt-BR","@id":"https:\/\/renatodias.online\/movimento\/2022\/06\/17\/geracao-de-68-exige-elucidacao\/#primaryimage","url":"https:\/\/renatodias.online\/movimento\/wp-content\/uploads\/2022\/04\/Betty-Almeida-1-e1675390983285.jpg","contentUrl":"https:\/\/renatodias.online\/movimento\/wp-content\/uploads\/2022\/04\/Betty-Almeida-1-e1675390983285.jpg","width":360,"height":203,"caption":"Betty Almeida"},{"@type":"BreadcrumbList","@id":"https:\/\/renatodias.online\/movimento\/2022\/06\/17\/geracao-de-68-exige-elucidacao\/#breadcrumb","itemListElement":[{"@type":"ListItem","position":1,"name":"In\u00edcio","item":"https:\/\/renatodias.online\/movimento\/"},{"@type":"ListItem","position":2,"name":"Gera\u00e7\u00e3o de 68 exige elucida\u00e7\u00e3o"}]},{"@type":"WebSite","@id":"https:\/\/renatodias.online\/movimento\/#website","url":"https:\/\/renatodias.online\/movimento\/","name":"","description":"","publisher":{"@id":"https:\/\/renatodias.online\/movimento\/#\/schema\/person\/bbab28833b1725a20f4083f49f1fb2a9"},"potentialAction":[{"@type":"SearchAction","target":{"@type":"EntryPoint","urlTemplate":"https:\/\/renatodias.online\/movimento\/?s={search_term_string}"},"query-input":{"@type":"PropertyValueSpecification","valueRequired":true,"valueName":"search_term_string"}}],"inLanguage":"pt-BR"},{"@type":["Person","Organization"],"@id":"https:\/\/renatodias.online\/movimento\/#\/schema\/person\/bbab28833b1725a20f4083f49f1fb2a9","name":"Renato Dias","image":{"@type":"ImageObject","inLanguage":"pt-BR","@id":"https:\/\/renatodias.online\/movimento\/wp-content\/uploads\/2023\/03\/cropped-cropped-cropped-logofinal.jpeg","url":"https:\/\/renatodias.online\/movimento\/wp-content\/uploads\/2023\/03\/cropped-cropped-cropped-logofinal.jpeg","contentUrl":"https:\/\/renatodias.online\/movimento\/wp-content\/uploads\/2023\/03\/cropped-cropped-cropped-logofinal.jpeg","width":1280,"height":219,"caption":"Renato Dias"},"logo":{"@id":"https:\/\/renatodias.online\/movimento\/wp-content\/uploads\/2023\/03\/cropped-cropped-cropped-logofinal.jpeg"},"description":"Renato Dias, 58 anos, \u00e9 graduado em Jornalismo, formado em Ci\u00eancias Sociais, com p\u00f3s-gradua\u00e7\u00e3o em Pol\u00edticas P\u00fablicas, mestre em Direito e Rela\u00e7\u00f5es Internacionais, ex-aluno extraordin\u00e1rio do Doutorado em Psicologia Social, ex-estudante do Curso de Psican\u00e1lise do Centro de Estudos Psicanal\u00edticos do Estado de Goi\u00e1s, ministrado pelo m\u00e9dico psiquiatra e psicanalista Daniel Em\u00eddio de Souza. \u00c9 autor de 30 livros-reportagem, oito document\u00e1rios, ganhou 30 pr\u00eamios e \u00e9 torcedor apaixonado do maior do Centro-Oeste, o Vila Nova Futebol Clube. Casado com Meirilane Dias, \u00e9 pai de Juliana Dias, jornalista; Daniel Dias, economista; e Maria Rosa Dias, estudante antifascista, socialista e trotskista.\u00a0Com tr\u00eas pets: Porquinho [Bull Dog Franc\u00eas], Dalila [Basset Hound] e Geleia [Basset Hound]. Al\u00e9m do eterno gato Tutuquinho, que virou estrela.","sameAs":["https:\/\/www.facebook.com\/renato.dias.37","#breve","https:\/\/renatodias.tumblr.com\/"],"url":"https:\/\/renatodias.online\/movimento\/author\/renatodias\/"}]}},"_links":{"self":[{"href":"https:\/\/renatodias.online\/movimento\/wp-json\/wp\/v2\/posts\/12834","targetHints":{"allow":["GET"]}}],"collection":[{"href":"https:\/\/renatodias.online\/movimento\/wp-json\/wp\/v2\/posts"}],"about":[{"href":"https:\/\/renatodias.online\/movimento\/wp-json\/wp\/v2\/types\/post"}],"author":[{"embeddable":true,"href":"https:\/\/renatodias.online\/movimento\/wp-json\/wp\/v2\/users\/2"}],"replies":[{"embeddable":true,"href":"https:\/\/renatodias.online\/movimento\/wp-json\/wp\/v2\/comments?post=12834"}],"version-history":[{"count":1,"href":"https:\/\/renatodias.online\/movimento\/wp-json\/wp\/v2\/posts\/12834\/revisions"}],"predecessor-version":[{"id":12837,"href":"https:\/\/renatodias.online\/movimento\/wp-json\/wp\/v2\/posts\/12834\/revisions\/12837"}],"wp:featuredmedia":[{"embeddable":true,"href":"https:\/\/renatodias.online\/movimento\/wp-json\/wp\/v2\/media\/12016"}],"wp:attachment":[{"href":"https:\/\/renatodias.online\/movimento\/wp-json\/wp\/v2\/media?parent=12834"}],"wp:term":[{"taxonomy":"category","embeddable":true,"href":"https:\/\/renatodias.online\/movimento\/wp-json\/wp\/v2\/categories?post=12834"},{"taxonomy":"post_tag","embeddable":true,"href":"https:\/\/renatodias.online\/movimento\/wp-json\/wp\/v2\/tags?post=12834"}],"curies":[{"name":"wp","href":"https:\/\/api.w.org\/{rel}","templated":true}]}}