{"id":12826,"date":"2022-06-17T20:14:24","date_gmt":"2022-06-17T23:14:24","guid":{"rendered":"https:\/\/renatodias.online\/movimento\/?p=12826"},"modified":"2022-06-17T21:04:49","modified_gmt":"2022-06-18T00:04:49","slug":"russia-ucrania-e-a-guerra","status":"publish","type":"post","link":"https:\/\/renatodias.online\/movimento\/2022\/06\/17\/russia-ucrania-e-a-guerra\/","title":{"rendered":"R\u00fassia, Ucr\u00e2nia e a guerra"},"content":{"rendered":"<p><img loading=\"lazy\" decoding=\"async\" class=\"wp-image-11395 size-full aligncenter\" src=\"https:\/\/renatodias.online\/movimento\/wp-content\/uploads\/2022\/03\/Ucrania-e-Russia-logo.jpg\" alt=\"\" width=\"600\" height=\"60\" srcset=\"https:\/\/renatodias.online\/movimento\/wp-content\/uploads\/2022\/03\/Ucrania-e-Russia-logo.jpg 600w, https:\/\/renatodias.online\/movimento\/wp-content\/uploads\/2022\/03\/Ucrania-e-Russia-logo-300x30.jpg 300w\" sizes=\"auto, (max-width: 600px) 100vw, 600px\" \/><\/p>\n<figure id=\"attachment_11404\" aria-describedby=\"caption-attachment-11404\" style=\"width: 1280px\" class=\"wp-caption alignnone\"><img loading=\"lazy\" decoding=\"async\" class=\"size-full wp-image-11404\" src=\"https:\/\/renatodias.online\/movimento\/wp-content\/uploads\/2022\/03\/Ucrania-sob-bombardeios-da-Russia.jpg\" alt=\"\" width=\"1280\" height=\"719\" \/><figcaption id=\"caption-attachment-11404\" class=\"wp-caption-text\"><strong>Ucr\u00e2nia sob bombardeios da R\u00fassia<\/strong><\/figcaption><\/figure>\n<p><img loading=\"lazy\" decoding=\"async\" class=\"size-full wp-image-5929 aligncenter\" src=\"https:\/\/renatodias.online\/movimento\/wp-content\/uploads\/2021\/04\/Especial.jpg\" alt=\"\" width=\"200\" height=\"200\" srcset=\"https:\/\/renatodias.online\/movimento\/wp-content\/uploads\/2021\/04\/Especial.jpg 200w, https:\/\/renatodias.online\/movimento\/wp-content\/uploads\/2021\/04\/Especial-150x150.jpg 150w\" sizes=\"auto, (max-width: 200px) 100vw, 200px\" \/><\/p>\n<h1 style=\"text-align: center;\"><span style=\"color: #ff6600;\"><strong>Confer\u00eancia c<\/strong><strong>om Daniel Aar\u00e3o Reis Filho<\/strong><\/span><\/h1>\n<h1><img loading=\"lazy\" decoding=\"async\" class=\"aligncenter wp-image-12828 size-large\" src=\"https:\/\/renatodias.online\/movimento\/wp-content\/uploads\/2022\/06\/Daniel-Aarao-Reis-Card-1042x1024.png\" alt=\"\" width=\"1042\" height=\"1024\" srcset=\"https:\/\/renatodias.online\/movimento\/wp-content\/uploads\/2022\/06\/Daniel-Aarao-Reis-Card-1042x1024.png 1042w, https:\/\/renatodias.online\/movimento\/wp-content\/uploads\/2022\/06\/Daniel-Aarao-Reis-Card-300x295.png 300w, https:\/\/renatodias.online\/movimento\/wp-content\/uploads\/2022\/06\/Daniel-Aarao-Reis-Card-768x754.png 768w, https:\/\/renatodias.online\/movimento\/wp-content\/uploads\/2022\/06\/Daniel-Aarao-Reis-Card-750x737.png 750w, https:\/\/renatodias.online\/movimento\/wp-content\/uploads\/2022\/06\/Daniel-Aarao-Reis-Card.png 1080w\" sizes=\"auto, (max-width: 1042px) 100vw, 1042px\" \/><\/h1>\n<h1 style=\"text-align: center;\"><span style=\"color: #ff00ff;\"><strong>Dia 22 de junho, \u00e0s 19h, online<\/strong><\/span><\/h1>\n<p><strong>\u00a0<\/strong><strong>Renato Dias<\/strong><\/p>\n<p>A invas\u00e3o da Ucr\u00e2nia, as evid\u00eancias e controv\u00e9rsias constituem o tema da confer\u00eancia especial online, virtual, do professor doutor do N\u00facleo de Hist\u00f3ria Contempor\u00e2nea,da Universidade Federal Fluminense [UFF], Daniel Aar\u00e3o Reis Filho, na pr\u00f3xima quarta-feira, 22 de junho de 2022, \u00e0s 19h. A media\u00e7\u00e3o \u00e9 de Vin\u00edcius Liebel [UFRJ].<\/p>\n<figure id=\"attachment_8756\" aria-describedby=\"caption-attachment-8756\" style=\"width: 860px\" class=\"wp-caption alignnone\"><img loading=\"lazy\" decoding=\"async\" class=\"size-full wp-image-8756\" src=\"https:\/\/renatodias.online\/movimento\/wp-content\/uploads\/2021\/08\/Daniel-Aarao-Reis-Filho-especial-e1642103742643.png\" alt=\"\" width=\"860\" height=\"400\" \/><figcaption id=\"caption-attachment-8756\" class=\"wp-caption-text\"><strong>O historiador e escritor Daniel Aar\u00e3o Reis Filho<\/strong><\/figcaption><\/figure>\n<blockquote>\n<h1><span style=\"color: #008000;\"><strong>Uma Opera\u00e7\u00e3o Militar Especial<\/strong><\/span><\/h1>\n<\/blockquote>\n<p><span style=\"color: #ff0000;\"><strong>Vladimir Putin\u00a0<\/strong><\/span><\/p>\n<p>Opera\u00e7\u00e3o Militar Especial. \u00c9 o nome que o presidente da Federa\u00e7\u00e3o Russa, Vladimir Putin, estabeleceu para a guerra iniciada dia 24 de fevereiro \u00faltimo contra a Ucr\u00e2nia. As etnias russa e ucraniana estiveram juntas 300 anos sob o czarismo e 75 na Uni\u00e3o das Rep\u00fablicas Socialistas Sovi\u00e9ticas. A URSS desapareceu em 25 de dezembro de 1991<\/p>\n<p><img loading=\"lazy\" decoding=\"async\" class=\"wp-image-10971 size-medium aligncenter\" src=\"https:\/\/renatodias.online\/movimento\/wp-content\/uploads\/2022\/02\/Saiba-mais-300x103.png\" alt=\"\" width=\"300\" height=\"103\" srcset=\"https:\/\/renatodias.online\/movimento\/wp-content\/uploads\/2022\/02\/Saiba-mais-300x103.png 300w, https:\/\/renatodias.online\/movimento\/wp-content\/uploads\/2022\/02\/Saiba-mais.png 572w\" sizes=\"auto, (max-width: 300px) 100vw, 300px\" \/><\/p>\n<h1 style=\"text-align: center;\"><strong>O que \u00e9 a Otan?<\/strong><\/h1>\n<p>A Organiza\u00e7\u00e3o do Tratado do Atl\u00e2ntico Norte, a Otan, foi criada em 1949, sob a Guerra Fria [1945_1991], quente e at\u00e9 na \u00e1rea cultural, para conter a expans\u00e3o do socialismo de modelo sovi\u00e9tico. Com o fim da URSS, a Otan incorporou 13 pa\u00edses do j\u00e1 extinto socialismo realmente existente. A Ucr\u00e2nia sofreu dois golpes: 2004 e 2014.<\/p>\n","protected":false},"excerpt":{"rendered":"<p>Confer\u00eancia com Daniel Aar\u00e3o Reis Filho Dia 22 de junho, \u00e0s 19h, online \u00a0Renato Dias A invas\u00e3o da Ucr\u00e2nia, as evid\u00eancias e controv\u00e9rsias constituem o tema da confer\u00eancia especial online, virtual, do professor doutor do N\u00facleo de Hist\u00f3ria Contempor\u00e2nea,da Universidade Federal Fluminense [UFF], Daniel Aar\u00e3o Reis Filho, na pr\u00f3xima quarta-feira, 22 de junho de 2022,<\/p>\n","protected":false},"author":2,"featured_media":12284,"comment_status":"open","ping_status":"open","sticky":false,"template":"","format":"standard","meta":{"_acf_changed":false,"_monsterinsights_skip_tracking":false,"_monsterinsights_sitenote_active":false,"_monsterinsights_sitenote_note":"","_monsterinsights_sitenote_category":0,"footnotes":""},"categories":[36],"tags":[],"class_list":["post-12826","post","type-post","status-publish","format-standard","has-post-thumbnail","hentry","category-internacional"],"acf":[],"yoast_head":"<!-- This site is optimized with the Yoast SEO plugin v27.4 - https:\/\/yoast.com\/product\/yoast-seo-wordpress\/ -->\n<title>R\u00fassia, Ucr\u00e2nia e a guerra -<\/title>\n<meta name=\"robots\" content=\"index, follow, max-snippet:-1, max-image-preview:large, max-video-preview:-1\" \/>\n<link rel=\"canonical\" href=\"https:\/\/renatodias.online\/movimento\/2022\/06\/17\/russia-ucrania-e-a-guerra\/\" \/>\n<meta property=\"og:locale\" content=\"pt_BR\" \/>\n<meta property=\"og:type\" content=\"article\" \/>\n<meta property=\"og:title\" content=\"R\u00fassia, Ucr\u00e2nia e a guerra -\" \/>\n<meta property=\"og:description\" content=\"Confer\u00eancia com Daniel Aar\u00e3o Reis Filho Dia 22 de junho, \u00e0s 19h, online \u00a0Renato Dias A invas\u00e3o da Ucr\u00e2nia, as evid\u00eancias e controv\u00e9rsias constituem o tema da confer\u00eancia especial online, virtual, do professor doutor do N\u00facleo de Hist\u00f3ria Contempor\u00e2nea,da Universidade Federal Fluminense [UFF], Daniel Aar\u00e3o Reis Filho, na pr\u00f3xima quarta-feira, 22 de junho de 2022,\" \/>\n<meta property=\"og:url\" content=\"https:\/\/renatodias.online\/movimento\/2022\/06\/17\/russia-ucrania-e-a-guerra\/\" \/>\n<meta property=\"article:publisher\" content=\"https:\/\/www.facebook.com\/renato.dias.37\" \/>\n<meta property=\"article:author\" content=\"https:\/\/www.facebook.com\/renato.dias.37\" \/>\n<meta property=\"article:published_time\" content=\"2022-06-17T23:14:24+00:00\" \/>\n<meta property=\"article:modified_time\" content=\"2022-06-18T00:04:49+00:00\" \/>\n<meta property=\"og:image\" content=\"https:\/\/renatodias.online\/movimento\/wp-content\/uploads\/2022\/05\/Vladimir-Putin-em-9-de-maio-de-2022-UOL-e1652109518413.jpg\" \/>\n\t<meta property=\"og:image:width\" content=\"360\" \/>\n\t<meta property=\"og:image:height\" content=\"240\" \/>\n\t<meta property=\"og:image:type\" content=\"image\/jpeg\" \/>\n<meta name=\"author\" content=\"Renato Dias\" \/>\n<meta name=\"twitter:card\" content=\"summary_large_image\" \/>\n<meta name=\"twitter:creator\" content=\"@RenatoDiasBat\" \/>\n<meta name=\"twitter:site\" content=\"@RenatoDiasBat\" \/>\n<meta name=\"twitter:label1\" content=\"Escrito por\" \/>\n\t<meta name=\"twitter:data1\" content=\"Renato Dias\" \/>\n\t<meta name=\"twitter:label2\" content=\"Est. tempo de leitura\" \/>\n\t<meta name=\"twitter:data2\" content=\"1 minuto\" \/>\n<script type=\"application\/ld+json\" class=\"yoast-schema-graph\">{\"@context\":\"https:\\\/\\\/schema.org\",\"@graph\":[{\"@type\":\"Article\",\"@id\":\"https:\\\/\\\/renatodias.online\\\/movimento\\\/2022\\\/06\\\/17\\\/russia-ucrania-e-a-guerra\\\/#article\",\"isPartOf\":{\"@id\":\"https:\\\/\\\/renatodias.online\\\/movimento\\\/2022\\\/06\\\/17\\\/russia-ucrania-e-a-guerra\\\/\"},\"author\":{\"name\":\"Renato Dias\",\"@id\":\"https:\\\/\\\/renatodias.online\\\/movimento\\\/#\\\/schema\\\/person\\\/bbab28833b1725a20f4083f49f1fb2a9\"},\"headline\":\"R\u00fassia, Ucr\u00e2nia e a guerra\",\"datePublished\":\"2022-06-17T23:14:24+00:00\",\"dateModified\":\"2022-06-18T00:04:49+00:00\",\"mainEntityOfPage\":{\"@id\":\"https:\\\/\\\/renatodias.online\\\/movimento\\\/2022\\\/06\\\/17\\\/russia-ucrania-e-a-guerra\\\/\"},\"wordCount\":238,\"commentCount\":0,\"publisher\":{\"@id\":\"https:\\\/\\\/renatodias.online\\\/movimento\\\/#\\\/schema\\\/person\\\/bbab28833b1725a20f4083f49f1fb2a9\"},\"image\":{\"@id\":\"https:\\\/\\\/renatodias.online\\\/movimento\\\/2022\\\/06\\\/17\\\/russia-ucrania-e-a-guerra\\\/#primaryimage\"},\"thumbnailUrl\":\"https:\\\/\\\/renatodias.online\\\/movimento\\\/wp-content\\\/uploads\\\/2022\\\/05\\\/Vladimir-Putin-em-9-de-maio-de-2022-UOL-e1652109518413.jpg\",\"articleSection\":[\"Internacional\"],\"inLanguage\":\"pt-BR\",\"potentialAction\":[{\"@type\":\"CommentAction\",\"name\":\"Comment\",\"target\":[\"https:\\\/\\\/renatodias.online\\\/movimento\\\/2022\\\/06\\\/17\\\/russia-ucrania-e-a-guerra\\\/#respond\"]}]},{\"@type\":\"WebPage\",\"@id\":\"https:\\\/\\\/renatodias.online\\\/movimento\\\/2022\\\/06\\\/17\\\/russia-ucrania-e-a-guerra\\\/\",\"url\":\"https:\\\/\\\/renatodias.online\\\/movimento\\\/2022\\\/06\\\/17\\\/russia-ucrania-e-a-guerra\\\/\",\"name\":\"R\u00fassia, Ucr\u00e2nia e a guerra -\",\"isPartOf\":{\"@id\":\"https:\\\/\\\/renatodias.online\\\/movimento\\\/#website\"},\"primaryImageOfPage\":{\"@id\":\"https:\\\/\\\/renatodias.online\\\/movimento\\\/2022\\\/06\\\/17\\\/russia-ucrania-e-a-guerra\\\/#primaryimage\"},\"image\":{\"@id\":\"https:\\\/\\\/renatodias.online\\\/movimento\\\/2022\\\/06\\\/17\\\/russia-ucrania-e-a-guerra\\\/#primaryimage\"},\"thumbnailUrl\":\"https:\\\/\\\/renatodias.online\\\/movimento\\\/wp-content\\\/uploads\\\/2022\\\/05\\\/Vladimir-Putin-em-9-de-maio-de-2022-UOL-e1652109518413.jpg\",\"datePublished\":\"2022-06-17T23:14:24+00:00\",\"dateModified\":\"2022-06-18T00:04:49+00:00\",\"breadcrumb\":{\"@id\":\"https:\\\/\\\/renatodias.online\\\/movimento\\\/2022\\\/06\\\/17\\\/russia-ucrania-e-a-guerra\\\/#breadcrumb\"},\"inLanguage\":\"pt-BR\",\"potentialAction\":[{\"@type\":\"ReadAction\",\"target\":[\"https:\\\/\\\/renatodias.online\\\/movimento\\\/2022\\\/06\\\/17\\\/russia-ucrania-e-a-guerra\\\/\"]}]},{\"@type\":\"ImageObject\",\"inLanguage\":\"pt-BR\",\"@id\":\"https:\\\/\\\/renatodias.online\\\/movimento\\\/2022\\\/06\\\/17\\\/russia-ucrania-e-a-guerra\\\/#primaryimage\",\"url\":\"https:\\\/\\\/renatodias.online\\\/movimento\\\/wp-content\\\/uploads\\\/2022\\\/05\\\/Vladimir-Putin-em-9-de-maio-de-2022-UOL-e1652109518413.jpg\",\"contentUrl\":\"https:\\\/\\\/renatodias.online\\\/movimento\\\/wp-content\\\/uploads\\\/2022\\\/05\\\/Vladimir-Putin-em-9-de-maio-de-2022-UOL-e1652109518413.jpg\",\"width\":360,\"height\":240,\"caption\":\"Vladimir Putin em 9 de maio de 2022\"},{\"@type\":\"BreadcrumbList\",\"@id\":\"https:\\\/\\\/renatodias.online\\\/movimento\\\/2022\\\/06\\\/17\\\/russia-ucrania-e-a-guerra\\\/#breadcrumb\",\"itemListElement\":[{\"@type\":\"ListItem\",\"position\":1,\"name\":\"In\u00edcio\",\"item\":\"https:\\\/\\\/renatodias.online\\\/movimento\\\/\"},{\"@type\":\"ListItem\",\"position\":2,\"name\":\"R\u00fassia, Ucr\u00e2nia e a guerra\"}]},{\"@type\":\"WebSite\",\"@id\":\"https:\\\/\\\/renatodias.online\\\/movimento\\\/#website\",\"url\":\"https:\\\/\\\/renatodias.online\\\/movimento\\\/\",\"name\":\"\",\"description\":\"\",\"publisher\":{\"@id\":\"https:\\\/\\\/renatodias.online\\\/movimento\\\/#\\\/schema\\\/person\\\/bbab28833b1725a20f4083f49f1fb2a9\"},\"potentialAction\":[{\"@type\":\"SearchAction\",\"target\":{\"@type\":\"EntryPoint\",\"urlTemplate\":\"https:\\\/\\\/renatodias.online\\\/movimento\\\/?s={search_term_string}\"},\"query-input\":{\"@type\":\"PropertyValueSpecification\",\"valueRequired\":true,\"valueName\":\"search_term_string\"}}],\"inLanguage\":\"pt-BR\"},{\"@type\":[\"Person\",\"Organization\"],\"@id\":\"https:\\\/\\\/renatodias.online\\\/movimento\\\/#\\\/schema\\\/person\\\/bbab28833b1725a20f4083f49f1fb2a9\",\"name\":\"Renato Dias\",\"image\":{\"@type\":\"ImageObject\",\"inLanguage\":\"pt-BR\",\"@id\":\"https:\\\/\\\/renatodias.online\\\/movimento\\\/wp-content\\\/uploads\\\/2023\\\/03\\\/cropped-cropped-cropped-logofinal.jpeg\",\"url\":\"https:\\\/\\\/renatodias.online\\\/movimento\\\/wp-content\\\/uploads\\\/2023\\\/03\\\/cropped-cropped-cropped-logofinal.jpeg\",\"contentUrl\":\"https:\\\/\\\/renatodias.online\\\/movimento\\\/wp-content\\\/uploads\\\/2023\\\/03\\\/cropped-cropped-cropped-logofinal.jpeg\",\"width\":1280,\"height\":219,\"caption\":\"Renato Dias\"},\"logo\":{\"@id\":\"https:\\\/\\\/renatodias.online\\\/movimento\\\/wp-content\\\/uploads\\\/2023\\\/03\\\/cropped-cropped-cropped-logofinal.jpeg\"},\"description\":\"Renato Dias, 58 anos, \u00e9 graduado em Jornalismo, formado em Ci\u00eancias Sociais, com p\u00f3s-gradua\u00e7\u00e3o em Pol\u00edticas P\u00fablicas, mestre em Direito e Rela\u00e7\u00f5es Internacionais, ex-aluno extraordin\u00e1rio do Doutorado em Psicologia Social, ex-estudante do Curso de Psican\u00e1lise do Centro de Estudos Psicanal\u00edticos do Estado de Goi\u00e1s, ministrado pelo m\u00e9dico psiquiatra e psicanalista Daniel Em\u00eddio de Souza. \u00c9 autor de 30 livros-reportagem, oito document\u00e1rios, ganhou 30 pr\u00eamios e \u00e9 torcedor apaixonado do maior do Centro-Oeste, o Vila Nova Futebol Clube. Casado com Meirilane Dias, \u00e9 pai de Juliana Dias, jornalista; Daniel Dias, economista; e Maria Rosa Dias, estudante antifascista, socialista e trotskista.\u00a0Com tr\u00eas pets: Porquinho [Bull Dog Franc\u00eas], Dalila [Basset Hound] e Geleia [Basset Hound]. Al\u00e9m do eterno gato Tutuquinho, que virou estrela.\",\"sameAs\":[\"https:\\\/\\\/www.facebook.com\\\/renato.dias.37\",\"#breve\",\"https:\\\/\\\/renatodias.tumblr.com\\\/\"],\"url\":\"https:\\\/\\\/renatodias.online\\\/movimento\\\/author\\\/renatodias\\\/\"}]}<\/script>\n<!-- \/ Yoast SEO plugin. -->","yoast_head_json":{"title":"R\u00fassia, Ucr\u00e2nia e a guerra -","robots":{"index":"index","follow":"follow","max-snippet":"max-snippet:-1","max-image-preview":"max-image-preview:large","max-video-preview":"max-video-preview:-1"},"canonical":"https:\/\/renatodias.online\/movimento\/2022\/06\/17\/russia-ucrania-e-a-guerra\/","og_locale":"pt_BR","og_type":"article","og_title":"R\u00fassia, Ucr\u00e2nia e a guerra -","og_description":"Confer\u00eancia com Daniel Aar\u00e3o Reis Filho Dia 22 de junho, \u00e0s 19h, online \u00a0Renato Dias A invas\u00e3o da Ucr\u00e2nia, as evid\u00eancias e controv\u00e9rsias constituem o tema da confer\u00eancia especial online, virtual, do professor doutor do N\u00facleo de Hist\u00f3ria Contempor\u00e2nea,da Universidade Federal Fluminense [UFF], Daniel Aar\u00e3o Reis Filho, na pr\u00f3xima quarta-feira, 22 de junho de 2022,","og_url":"https:\/\/renatodias.online\/movimento\/2022\/06\/17\/russia-ucrania-e-a-guerra\/","article_publisher":"https:\/\/www.facebook.com\/renato.dias.37","article_author":"https:\/\/www.facebook.com\/renato.dias.37","article_published_time":"2022-06-17T23:14:24+00:00","article_modified_time":"2022-06-18T00:04:49+00:00","og_image":[{"width":360,"height":240,"url":"https:\/\/renatodias.online\/movimento\/wp-content\/uploads\/2022\/05\/Vladimir-Putin-em-9-de-maio-de-2022-UOL-e1652109518413.jpg","type":"image\/jpeg"}],"author":"Renato Dias","twitter_card":"summary_large_image","twitter_creator":"@RenatoDiasBat","twitter_site":"@RenatoDiasBat","twitter_misc":{"Escrito por":"Renato Dias","Est. tempo de leitura":"1 minuto"},"schema":{"@context":"https:\/\/schema.org","@graph":[{"@type":"Article","@id":"https:\/\/renatodias.online\/movimento\/2022\/06\/17\/russia-ucrania-e-a-guerra\/#article","isPartOf":{"@id":"https:\/\/renatodias.online\/movimento\/2022\/06\/17\/russia-ucrania-e-a-guerra\/"},"author":{"name":"Renato Dias","@id":"https:\/\/renatodias.online\/movimento\/#\/schema\/person\/bbab28833b1725a20f4083f49f1fb2a9"},"headline":"R\u00fassia, Ucr\u00e2nia e a guerra","datePublished":"2022-06-17T23:14:24+00:00","dateModified":"2022-06-18T00:04:49+00:00","mainEntityOfPage":{"@id":"https:\/\/renatodias.online\/movimento\/2022\/06\/17\/russia-ucrania-e-a-guerra\/"},"wordCount":238,"commentCount":0,"publisher":{"@id":"https:\/\/renatodias.online\/movimento\/#\/schema\/person\/bbab28833b1725a20f4083f49f1fb2a9"},"image":{"@id":"https:\/\/renatodias.online\/movimento\/2022\/06\/17\/russia-ucrania-e-a-guerra\/#primaryimage"},"thumbnailUrl":"https:\/\/renatodias.online\/movimento\/wp-content\/uploads\/2022\/05\/Vladimir-Putin-em-9-de-maio-de-2022-UOL-e1652109518413.jpg","articleSection":["Internacional"],"inLanguage":"pt-BR","potentialAction":[{"@type":"CommentAction","name":"Comment","target":["https:\/\/renatodias.online\/movimento\/2022\/06\/17\/russia-ucrania-e-a-guerra\/#respond"]}]},{"@type":"WebPage","@id":"https:\/\/renatodias.online\/movimento\/2022\/06\/17\/russia-ucrania-e-a-guerra\/","url":"https:\/\/renatodias.online\/movimento\/2022\/06\/17\/russia-ucrania-e-a-guerra\/","name":"R\u00fassia, Ucr\u00e2nia e a guerra -","isPartOf":{"@id":"https:\/\/renatodias.online\/movimento\/#website"},"primaryImageOfPage":{"@id":"https:\/\/renatodias.online\/movimento\/2022\/06\/17\/russia-ucrania-e-a-guerra\/#primaryimage"},"image":{"@id":"https:\/\/renatodias.online\/movimento\/2022\/06\/17\/russia-ucrania-e-a-guerra\/#primaryimage"},"thumbnailUrl":"https:\/\/renatodias.online\/movimento\/wp-content\/uploads\/2022\/05\/Vladimir-Putin-em-9-de-maio-de-2022-UOL-e1652109518413.jpg","datePublished":"2022-06-17T23:14:24+00:00","dateModified":"2022-06-18T00:04:49+00:00","breadcrumb":{"@id":"https:\/\/renatodias.online\/movimento\/2022\/06\/17\/russia-ucrania-e-a-guerra\/#breadcrumb"},"inLanguage":"pt-BR","potentialAction":[{"@type":"ReadAction","target":["https:\/\/renatodias.online\/movimento\/2022\/06\/17\/russia-ucrania-e-a-guerra\/"]}]},{"@type":"ImageObject","inLanguage":"pt-BR","@id":"https:\/\/renatodias.online\/movimento\/2022\/06\/17\/russia-ucrania-e-a-guerra\/#primaryimage","url":"https:\/\/renatodias.online\/movimento\/wp-content\/uploads\/2022\/05\/Vladimir-Putin-em-9-de-maio-de-2022-UOL-e1652109518413.jpg","contentUrl":"https:\/\/renatodias.online\/movimento\/wp-content\/uploads\/2022\/05\/Vladimir-Putin-em-9-de-maio-de-2022-UOL-e1652109518413.jpg","width":360,"height":240,"caption":"Vladimir Putin em 9 de maio de 2022"},{"@type":"BreadcrumbList","@id":"https:\/\/renatodias.online\/movimento\/2022\/06\/17\/russia-ucrania-e-a-guerra\/#breadcrumb","itemListElement":[{"@type":"ListItem","position":1,"name":"In\u00edcio","item":"https:\/\/renatodias.online\/movimento\/"},{"@type":"ListItem","position":2,"name":"R\u00fassia, Ucr\u00e2nia e a guerra"}]},{"@type":"WebSite","@id":"https:\/\/renatodias.online\/movimento\/#website","url":"https:\/\/renatodias.online\/movimento\/","name":"","description":"","publisher":{"@id":"https:\/\/renatodias.online\/movimento\/#\/schema\/person\/bbab28833b1725a20f4083f49f1fb2a9"},"potentialAction":[{"@type":"SearchAction","target":{"@type":"EntryPoint","urlTemplate":"https:\/\/renatodias.online\/movimento\/?s={search_term_string}"},"query-input":{"@type":"PropertyValueSpecification","valueRequired":true,"valueName":"search_term_string"}}],"inLanguage":"pt-BR"},{"@type":["Person","Organization"],"@id":"https:\/\/renatodias.online\/movimento\/#\/schema\/person\/bbab28833b1725a20f4083f49f1fb2a9","name":"Renato Dias","image":{"@type":"ImageObject","inLanguage":"pt-BR","@id":"https:\/\/renatodias.online\/movimento\/wp-content\/uploads\/2023\/03\/cropped-cropped-cropped-logofinal.jpeg","url":"https:\/\/renatodias.online\/movimento\/wp-content\/uploads\/2023\/03\/cropped-cropped-cropped-logofinal.jpeg","contentUrl":"https:\/\/renatodias.online\/movimento\/wp-content\/uploads\/2023\/03\/cropped-cropped-cropped-logofinal.jpeg","width":1280,"height":219,"caption":"Renato Dias"},"logo":{"@id":"https:\/\/renatodias.online\/movimento\/wp-content\/uploads\/2023\/03\/cropped-cropped-cropped-logofinal.jpeg"},"description":"Renato Dias, 58 anos, \u00e9 graduado em Jornalismo, formado em Ci\u00eancias Sociais, com p\u00f3s-gradua\u00e7\u00e3o em Pol\u00edticas P\u00fablicas, mestre em Direito e Rela\u00e7\u00f5es Internacionais, ex-aluno extraordin\u00e1rio do Doutorado em Psicologia Social, ex-estudante do Curso de Psican\u00e1lise do Centro de Estudos Psicanal\u00edticos do Estado de Goi\u00e1s, ministrado pelo m\u00e9dico psiquiatra e psicanalista Daniel Em\u00eddio de Souza. \u00c9 autor de 30 livros-reportagem, oito document\u00e1rios, ganhou 30 pr\u00eamios e \u00e9 torcedor apaixonado do maior do Centro-Oeste, o Vila Nova Futebol Clube. Casado com Meirilane Dias, \u00e9 pai de Juliana Dias, jornalista; Daniel Dias, economista; e Maria Rosa Dias, estudante antifascista, socialista e trotskista.\u00a0Com tr\u00eas pets: Porquinho [Bull Dog Franc\u00eas], Dalila [Basset Hound] e Geleia [Basset Hound]. Al\u00e9m do eterno gato Tutuquinho, que virou estrela.","sameAs":["https:\/\/www.facebook.com\/renato.dias.37","#breve","https:\/\/renatodias.tumblr.com\/"],"url":"https:\/\/renatodias.online\/movimento\/author\/renatodias\/"}]}},"_links":{"self":[{"href":"https:\/\/renatodias.online\/movimento\/wp-json\/wp\/v2\/posts\/12826","targetHints":{"allow":["GET"]}}],"collection":[{"href":"https:\/\/renatodias.online\/movimento\/wp-json\/wp\/v2\/posts"}],"about":[{"href":"https:\/\/renatodias.online\/movimento\/wp-json\/wp\/v2\/types\/post"}],"author":[{"embeddable":true,"href":"https:\/\/renatodias.online\/movimento\/wp-json\/wp\/v2\/users\/2"}],"replies":[{"embeddable":true,"href":"https:\/\/renatodias.online\/movimento\/wp-json\/wp\/v2\/comments?post=12826"}],"version-history":[{"count":1,"href":"https:\/\/renatodias.online\/movimento\/wp-json\/wp\/v2\/posts\/12826\/revisions"}],"predecessor-version":[{"id":12829,"href":"https:\/\/renatodias.online\/movimento\/wp-json\/wp\/v2\/posts\/12826\/revisions\/12829"}],"wp:featuredmedia":[{"embeddable":true,"href":"https:\/\/renatodias.online\/movimento\/wp-json\/wp\/v2\/media\/12284"}],"wp:attachment":[{"href":"https:\/\/renatodias.online\/movimento\/wp-json\/wp\/v2\/media?parent=12826"}],"wp:term":[{"taxonomy":"category","embeddable":true,"href":"https:\/\/renatodias.online\/movimento\/wp-json\/wp\/v2\/categories?post=12826"},{"taxonomy":"post_tag","embeddable":true,"href":"https:\/\/renatodias.online\/movimento\/wp-json\/wp\/v2\/tags?post=12826"}],"curies":[{"name":"wp","href":"https:\/\/api.w.org\/{rel}","templated":true}]}}