{"id":1281,"date":"2019-06-12T00:29:20","date_gmt":"2019-06-12T03:29:20","guid":{"rendered":"http:\/\/renatodias.online\/gyn\/?p=1281"},"modified":"2019-06-12T00:29:20","modified_gmt":"2019-06-12T03:29:20","slug":"2020-na-agenda-vereadora-cristina-lopes-negocia-com-pdt-e-o-psb","status":"publish","type":"post","link":"https:\/\/renatodias.online\/movimento\/2019\/06\/12\/2020-na-agenda-vereadora-cristina-lopes-negocia-com-pdt-e-o-psb\/","title":{"rendered":"2020 na agenda Vereadora Cristina Lopes negocia com PDT e o PSB"},"content":{"rendered":"<p>\t\t\t\t<strong>2020 na agenda<\/strong><\/p>\n<p><strong>Vereadora Cristina Lopes <\/strong><\/p>\n<p><strong>negocia com PDT e o PSB<\/strong><\/p>\n<p><strong>C\u00f3digo Tribut\u00e1rio revitalizar\u00e1 centro, Plano Diretor n\u00e3o tem data e PSDB poder\u00e1 perd\u00ea-la<\/strong><\/p>\n<p><strong>&nbsp;<\/strong><\/p>\n<p><strong>\u201cMarconi Perillo n\u00e3o est\u00e1 no ostracismo politico<\/strong><\/p>\n<p><strong>Vereadora Cristina Lopes<\/strong><\/p>\n<p><strong>&nbsp;<\/strong><\/p>\n<p><strong>\u201cJair Bolsonaro, cujo s\u00edmbolo \u00e9 uma arma, \u00e9 um homem p\u00fablico despreparado<\/strong><\/p>\n<p><strong>Vereadora Cristina Lopes<\/strong><\/p>\n<p><strong>&nbsp;<\/strong><\/p>\n<p><strong>\u201cS\u00e9rgio Moro, <\/strong><strong>\u2018duvidoso<\/strong><strong>\u2019<\/strong><\/p>\n<p><strong>Vereadora Cristina Lopes<\/strong><\/p>\n<p><strong>&nbsp;<\/strong><\/p>\n<p><strong>Renato Dias<\/strong><\/p>\n<p><strong>&nbsp;<\/strong><\/p>\n<p>Insatisfeita no PSDB, em Goi\u00e2nia, a vereadora Cristina Lopes, eleita em 2016, com exatos 9.114 votos, admite ter estabelecido conversas com Karlos Cabral, do PDT, al\u00e9m de Elias Vaz, PSB. A parlamentar diz recusar o projeto estrat\u00e9gico hegem\u00f4nico, hoje, no ninho tucano. Como&nbsp; a concep\u00e7\u00e3o de Estado M\u00ednimo, Reforma da Previd\u00eancia, Mudan\u00e7as na Legisla\u00e7\u00e3o Trabalhista, medidas liberais, sem identidade program\u00e1tica com a socialdemocracia, o \u2018Welfare State\u2019, dos pa\u00edses n\u00f3rdicos. Como Su\u00e9cia, Noruega e Dinamarca. \u00c9 o que quer Jo\u00e3o D\u00f3ria, explica ela. Graduada em Educa\u00e7\u00e3o F\u00edsica e em Fisioterapia, ela sofreu queimadura em 86% dos seu corpo, no tr\u00e1gico m\u00eas de fevereiro de 1986, provocada pelo ent\u00e3o namorado Uilson Isao Mashiro.<\/p>\n<p><strong>&#8211; A possibilidade de disputar as elei\u00e7\u00f5es de 2020 ao Pa\u00e7o n\u00e3o est\u00e3o descartadas.<\/strong><\/p>\n<p>Cr\u00edtica, a l\u00edder tucana defende a aprova\u00e7\u00e3o de nova Reforma Pol\u00edtica, no Congresso Nacional. Com a unifica\u00e7\u00e3o das elei\u00e7\u00f5es, o fim do instituto da reelei\u00e7\u00e3o, o aumento do percentual para a Cl\u00e1u\u00adsula de Barreira, liquidar com as janelas, fim das coliga\u00e7\u00f5es proporcionais e acabar com o financiamento empresarial e o Caixa 2 nas campanhas eleitorais, pontua. Com a amplia\u00e7\u00e3o dos espa\u00e7os institucionais para as mulheres, dispara. Para o \u2018empoderamento feminino\u2019, fuzila. O Brasil tem 37 partidos pol\u00edticos e 57 pedidos de legaliza\u00e7\u00e3o de siglas em tramita\u00e7\u00e3o no Tribunal Superior Eleitoral, o TSE, com direito a fundo partid\u00e1rio, tempo de TV e r\u00e1dio e fundo eleitoral. N\u00e3o existe tal diversidade pol\u00edtica, ideol\u00f3gica e program\u00e1tica no Pa\u00eds, atira a dirigente do PSDB<\/p>\n<p><strong>&#8211; Mis\u00f3gino,&nbsp; homof\u00f3bico e racista, o presidente da Rep\u00fablica, Jair Bolsonaro, cujo s\u00edmbolo \u00e9 uma arma, \u00e9 um homem p\u00fablico despreparado. J\u00e1 S\u00e9rgio Moro, <\/strong><strong>\u2018duvidoso<\/strong><strong>\u2019.<\/strong><\/p>\n<p><strong>C\u00f3digo Tribut\u00e1rio<\/strong><\/p>\n<p>A vereadora Cristina Lopes informa que o C\u00f3digo Tribut\u00e1rio, enviado pelo Pa\u00e7o Municipal, Poder Executivo, com as suas emendas, anuncia, sim, um novo caminho para a revitaliza\u00e7\u00e3o do centro hist\u00f3rico da capital e aos incentivos \u00e0 economia criativa. N\u00e3o h\u00e1 data determinada para o Plano Diretor ser apreciado em Plen\u00e1rio, na Casa de Leis, registra. Sem recorrer a condena\u00ad\u00e7\u00f5es antecipadas, a <strong>\u2018<\/strong>band leader<strong>\u2019<\/strong>&nbsp; frisa que o ex-governador do Estado Marconi Ferreira Perillo J\u00fanior [PSDB], arquiteto do Tempo Novo [1999-2018], n\u00e3o est\u00e1 no <strong>\u2018<\/strong>ostracismo pol\u00edtico<strong>\u2019<\/strong>. &nbsp;Goi\u00e1s aparece, hoje, no Mapa da Viol\u00eancia, como o segundo no ranking nacional de feminic\u00eddios, alerta. Ela participou de <strong>\u2018<\/strong>entrevista explosiva<strong>\u2019<\/strong> no Programa Contradit\u00f3rio, TV Metr\u00f3pole, com Ton Paulo, Alex Atan\u00e1sio, Cloves Reges, Aur\u00e9lio Sampaio e Renato Dias. C\u00e9sar Nanine, \u00e2ncora.\t\t<\/p>\n","protected":false},"excerpt":{"rendered":"<p>2020 na agenda Vereadora Cristina Lopes negocia com PDT e o PSB C\u00f3digo Tribut\u00e1rio revitalizar\u00e1 centro, Plano Diretor n\u00e3o tem data e PSDB poder\u00e1 perd\u00ea-la &nbsp; \u201cMarconi Perillo n\u00e3o est\u00e1 no ostracismo politico Vereadora Cristina Lopes &nbsp; \u201cJair Bolsonaro, cujo s\u00edmbolo \u00e9 uma arma, \u00e9 um homem p\u00fablico despreparado Vereadora Cristina Lopes &nbsp; \u201cS\u00e9rgio Moro,<\/p>\n","protected":false},"author":2,"featured_media":1283,"comment_status":"open","ping_status":"open","sticky":false,"template":"","format":"standard","meta":{"_acf_changed":false,"_monsterinsights_skip_tracking":false,"_monsterinsights_sitenote_active":false,"_monsterinsights_sitenote_note":"","_monsterinsights_sitenote_category":0,"footnotes":""},"categories":[4],"tags":[],"class_list":["post-1281","post","type-post","status-publish","format-standard","has-post-thumbnail","hentry","category-politica"],"acf":[],"yoast_head":"<!-- This site is optimized with the Yoast SEO plugin v27.4 - https:\/\/yoast.com\/product\/yoast-seo-wordpress\/ -->\n<title>2020 na agenda Vereadora Cristina Lopes negocia com PDT e o PSB -<\/title>\n<meta name=\"robots\" content=\"index, follow, max-snippet:-1, max-image-preview:large, max-video-preview:-1\" \/>\n<link rel=\"canonical\" href=\"https:\/\/renatodias.online\/movimento\/2019\/06\/12\/2020-na-agenda-vereadora-cristina-lopes-negocia-com-pdt-e-o-psb\/\" \/>\n<meta property=\"og:locale\" content=\"pt_BR\" \/>\n<meta property=\"og:type\" content=\"article\" \/>\n<meta property=\"og:title\" content=\"2020 na agenda Vereadora Cristina Lopes negocia com PDT e o PSB -\" \/>\n<meta property=\"og:description\" content=\"2020 na agenda Vereadora Cristina Lopes negocia com PDT e o PSB C\u00f3digo Tribut\u00e1rio revitalizar\u00e1 centro, Plano Diretor n\u00e3o tem data e PSDB poder\u00e1 perd\u00ea-la &nbsp; \u201cMarconi Perillo n\u00e3o est\u00e1 no ostracismo politico Vereadora Cristina Lopes &nbsp; \u201cJair Bolsonaro, cujo s\u00edmbolo \u00e9 uma arma, \u00e9 um homem p\u00fablico despreparado Vereadora Cristina Lopes &nbsp; \u201cS\u00e9rgio Moro,\" \/>\n<meta property=\"og:url\" content=\"https:\/\/renatodias.online\/movimento\/2019\/06\/12\/2020-na-agenda-vereadora-cristina-lopes-negocia-com-pdt-e-o-psb\/\" \/>\n<meta property=\"article:publisher\" content=\"https:\/\/www.facebook.com\/renato.dias.37\" \/>\n<meta property=\"article:author\" content=\"https:\/\/www.facebook.com\/renato.dias.37\" \/>\n<meta property=\"article:published_time\" content=\"2019-06-12T03:29:20+00:00\" \/>\n<meta name=\"author\" content=\"Renato Dias\" \/>\n<meta name=\"twitter:card\" content=\"summary_large_image\" \/>\n<meta name=\"twitter:creator\" content=\"@RenatoDiasBat\" \/>\n<meta name=\"twitter:site\" content=\"@RenatoDiasBat\" \/>\n<meta name=\"twitter:label1\" content=\"Escrito por\" \/>\n\t<meta name=\"twitter:data1\" content=\"Renato Dias\" \/>\n\t<meta name=\"twitter:label2\" content=\"Est. tempo de leitura\" \/>\n\t<meta name=\"twitter:data2\" content=\"3 minutos\" \/>\n<script type=\"application\/ld+json\" class=\"yoast-schema-graph\">{\"@context\":\"https:\\\/\\\/schema.org\",\"@graph\":[{\"@type\":\"Article\",\"@id\":\"https:\\\/\\\/renatodias.online\\\/movimento\\\/2019\\\/06\\\/12\\\/2020-na-agenda-vereadora-cristina-lopes-negocia-com-pdt-e-o-psb\\\/#article\",\"isPartOf\":{\"@id\":\"https:\\\/\\\/renatodias.online\\\/movimento\\\/2019\\\/06\\\/12\\\/2020-na-agenda-vereadora-cristina-lopes-negocia-com-pdt-e-o-psb\\\/\"},\"author\":{\"name\":\"Renato Dias\",\"@id\":\"https:\\\/\\\/renatodias.online\\\/movimento\\\/#\\\/schema\\\/person\\\/bbab28833b1725a20f4083f49f1fb2a9\"},\"headline\":\"2020 na agenda Vereadora Cristina Lopes negocia com PDT e o PSB\",\"datePublished\":\"2019-06-12T03:29:20+00:00\",\"mainEntityOfPage\":{\"@id\":\"https:\\\/\\\/renatodias.online\\\/movimento\\\/2019\\\/06\\\/12\\\/2020-na-agenda-vereadora-cristina-lopes-negocia-com-pdt-e-o-psb\\\/\"},\"wordCount\":541,\"commentCount\":0,\"publisher\":{\"@id\":\"https:\\\/\\\/renatodias.online\\\/movimento\\\/#\\\/schema\\\/person\\\/bbab28833b1725a20f4083f49f1fb2a9\"},\"image\":{\"@id\":\"https:\\\/\\\/renatodias.online\\\/movimento\\\/2019\\\/06\\\/12\\\/2020-na-agenda-vereadora-cristina-lopes-negocia-com-pdt-e-o-psb\\\/#primaryimage\"},\"thumbnailUrl\":\"\",\"articleSection\":[\"Pol\u00edtica\"],\"inLanguage\":\"pt-BR\",\"potentialAction\":[{\"@type\":\"CommentAction\",\"name\":\"Comment\",\"target\":[\"https:\\\/\\\/renatodias.online\\\/movimento\\\/2019\\\/06\\\/12\\\/2020-na-agenda-vereadora-cristina-lopes-negocia-com-pdt-e-o-psb\\\/#respond\"]}]},{\"@type\":\"WebPage\",\"@id\":\"https:\\\/\\\/renatodias.online\\\/movimento\\\/2019\\\/06\\\/12\\\/2020-na-agenda-vereadora-cristina-lopes-negocia-com-pdt-e-o-psb\\\/\",\"url\":\"https:\\\/\\\/renatodias.online\\\/movimento\\\/2019\\\/06\\\/12\\\/2020-na-agenda-vereadora-cristina-lopes-negocia-com-pdt-e-o-psb\\\/\",\"name\":\"2020 na agenda Vereadora Cristina Lopes negocia com PDT e o PSB -\",\"isPartOf\":{\"@id\":\"https:\\\/\\\/renatodias.online\\\/movimento\\\/#website\"},\"primaryImageOfPage\":{\"@id\":\"https:\\\/\\\/renatodias.online\\\/movimento\\\/2019\\\/06\\\/12\\\/2020-na-agenda-vereadora-cristina-lopes-negocia-com-pdt-e-o-psb\\\/#primaryimage\"},\"image\":{\"@id\":\"https:\\\/\\\/renatodias.online\\\/movimento\\\/2019\\\/06\\\/12\\\/2020-na-agenda-vereadora-cristina-lopes-negocia-com-pdt-e-o-psb\\\/#primaryimage\"},\"thumbnailUrl\":\"\",\"datePublished\":\"2019-06-12T03:29:20+00:00\",\"breadcrumb\":{\"@id\":\"https:\\\/\\\/renatodias.online\\\/movimento\\\/2019\\\/06\\\/12\\\/2020-na-agenda-vereadora-cristina-lopes-negocia-com-pdt-e-o-psb\\\/#breadcrumb\"},\"inLanguage\":\"pt-BR\",\"potentialAction\":[{\"@type\":\"ReadAction\",\"target\":[\"https:\\\/\\\/renatodias.online\\\/movimento\\\/2019\\\/06\\\/12\\\/2020-na-agenda-vereadora-cristina-lopes-negocia-com-pdt-e-o-psb\\\/\"]}]},{\"@type\":\"ImageObject\",\"inLanguage\":\"pt-BR\",\"@id\":\"https:\\\/\\\/renatodias.online\\\/movimento\\\/2019\\\/06\\\/12\\\/2020-na-agenda-vereadora-cristina-lopes-negocia-com-pdt-e-o-psb\\\/#primaryimage\",\"url\":\"\",\"contentUrl\":\"\"},{\"@type\":\"BreadcrumbList\",\"@id\":\"https:\\\/\\\/renatodias.online\\\/movimento\\\/2019\\\/06\\\/12\\\/2020-na-agenda-vereadora-cristina-lopes-negocia-com-pdt-e-o-psb\\\/#breadcrumb\",\"itemListElement\":[{\"@type\":\"ListItem\",\"position\":1,\"name\":\"In\u00edcio\",\"item\":\"https:\\\/\\\/renatodias.online\\\/movimento\\\/\"},{\"@type\":\"ListItem\",\"position\":2,\"name\":\"2020 na agenda Vereadora Cristina Lopes negocia com PDT e o PSB\"}]},{\"@type\":\"WebSite\",\"@id\":\"https:\\\/\\\/renatodias.online\\\/movimento\\\/#website\",\"url\":\"https:\\\/\\\/renatodias.online\\\/movimento\\\/\",\"name\":\"\",\"description\":\"\",\"publisher\":{\"@id\":\"https:\\\/\\\/renatodias.online\\\/movimento\\\/#\\\/schema\\\/person\\\/bbab28833b1725a20f4083f49f1fb2a9\"},\"potentialAction\":[{\"@type\":\"SearchAction\",\"target\":{\"@type\":\"EntryPoint\",\"urlTemplate\":\"https:\\\/\\\/renatodias.online\\\/movimento\\\/?s={search_term_string}\"},\"query-input\":{\"@type\":\"PropertyValueSpecification\",\"valueRequired\":true,\"valueName\":\"search_term_string\"}}],\"inLanguage\":\"pt-BR\"},{\"@type\":[\"Person\",\"Organization\"],\"@id\":\"https:\\\/\\\/renatodias.online\\\/movimento\\\/#\\\/schema\\\/person\\\/bbab28833b1725a20f4083f49f1fb2a9\",\"name\":\"Renato Dias\",\"image\":{\"@type\":\"ImageObject\",\"inLanguage\":\"pt-BR\",\"@id\":\"https:\\\/\\\/renatodias.online\\\/movimento\\\/wp-content\\\/uploads\\\/2023\\\/03\\\/cropped-cropped-cropped-logofinal.jpeg\",\"url\":\"https:\\\/\\\/renatodias.online\\\/movimento\\\/wp-content\\\/uploads\\\/2023\\\/03\\\/cropped-cropped-cropped-logofinal.jpeg\",\"contentUrl\":\"https:\\\/\\\/renatodias.online\\\/movimento\\\/wp-content\\\/uploads\\\/2023\\\/03\\\/cropped-cropped-cropped-logofinal.jpeg\",\"width\":1280,\"height\":219,\"caption\":\"Renato Dias\"},\"logo\":{\"@id\":\"https:\\\/\\\/renatodias.online\\\/movimento\\\/wp-content\\\/uploads\\\/2023\\\/03\\\/cropped-cropped-cropped-logofinal.jpeg\"},\"description\":\"Renato Dias, 58 anos, \u00e9 graduado em Jornalismo, formado em Ci\u00eancias Sociais, com p\u00f3s-gradua\u00e7\u00e3o em Pol\u00edticas P\u00fablicas, mestre em Direito e Rela\u00e7\u00f5es Internacionais, ex-aluno extraordin\u00e1rio do Doutorado em Psicologia Social, ex-estudante do Curso de Psican\u00e1lise do Centro de Estudos Psicanal\u00edticos do Estado de Goi\u00e1s, ministrado pelo m\u00e9dico psiquiatra e psicanalista Daniel Em\u00eddio de Souza. \u00c9 autor de 30 livros-reportagem, oito document\u00e1rios, ganhou 30 pr\u00eamios e \u00e9 torcedor apaixonado do maior do Centro-Oeste, o Vila Nova Futebol Clube. Casado com Meirilane Dias, \u00e9 pai de Juliana Dias, jornalista; Daniel Dias, economista; e Maria Rosa Dias, estudante antifascista, socialista e trotskista.\u00a0Com tr\u00eas pets: Porquinho [Bull Dog Franc\u00eas], Dalila [Basset Hound] e Geleia [Basset Hound]. Al\u00e9m do eterno gato Tutuquinho, que virou estrela.\",\"sameAs\":[\"https:\\\/\\\/www.facebook.com\\\/renato.dias.37\",\"#breve\",\"https:\\\/\\\/renatodias.tumblr.com\\\/\"],\"url\":\"https:\\\/\\\/renatodias.online\\\/movimento\\\/author\\\/renatodias\\\/\"}]}<\/script>\n<!-- \/ Yoast SEO plugin. -->","yoast_head_json":{"title":"2020 na agenda Vereadora Cristina Lopes negocia com PDT e o PSB -","robots":{"index":"index","follow":"follow","max-snippet":"max-snippet:-1","max-image-preview":"max-image-preview:large","max-video-preview":"max-video-preview:-1"},"canonical":"https:\/\/renatodias.online\/movimento\/2019\/06\/12\/2020-na-agenda-vereadora-cristina-lopes-negocia-com-pdt-e-o-psb\/","og_locale":"pt_BR","og_type":"article","og_title":"2020 na agenda Vereadora Cristina Lopes negocia com PDT e o PSB -","og_description":"2020 na agenda Vereadora Cristina Lopes negocia com PDT e o PSB C\u00f3digo Tribut\u00e1rio revitalizar\u00e1 centro, Plano Diretor n\u00e3o tem data e PSDB poder\u00e1 perd\u00ea-la &nbsp; \u201cMarconi Perillo n\u00e3o est\u00e1 no ostracismo politico Vereadora Cristina Lopes &nbsp; \u201cJair Bolsonaro, cujo s\u00edmbolo \u00e9 uma arma, \u00e9 um homem p\u00fablico despreparado Vereadora Cristina Lopes &nbsp; \u201cS\u00e9rgio Moro,","og_url":"https:\/\/renatodias.online\/movimento\/2019\/06\/12\/2020-na-agenda-vereadora-cristina-lopes-negocia-com-pdt-e-o-psb\/","article_publisher":"https:\/\/www.facebook.com\/renato.dias.37","article_author":"https:\/\/www.facebook.com\/renato.dias.37","article_published_time":"2019-06-12T03:29:20+00:00","author":"Renato Dias","twitter_card":"summary_large_image","twitter_creator":"@RenatoDiasBat","twitter_site":"@RenatoDiasBat","twitter_misc":{"Escrito por":"Renato Dias","Est. tempo de leitura":"3 minutos"},"schema":{"@context":"https:\/\/schema.org","@graph":[{"@type":"Article","@id":"https:\/\/renatodias.online\/movimento\/2019\/06\/12\/2020-na-agenda-vereadora-cristina-lopes-negocia-com-pdt-e-o-psb\/#article","isPartOf":{"@id":"https:\/\/renatodias.online\/movimento\/2019\/06\/12\/2020-na-agenda-vereadora-cristina-lopes-negocia-com-pdt-e-o-psb\/"},"author":{"name":"Renato Dias","@id":"https:\/\/renatodias.online\/movimento\/#\/schema\/person\/bbab28833b1725a20f4083f49f1fb2a9"},"headline":"2020 na agenda Vereadora Cristina Lopes negocia com PDT e o PSB","datePublished":"2019-06-12T03:29:20+00:00","mainEntityOfPage":{"@id":"https:\/\/renatodias.online\/movimento\/2019\/06\/12\/2020-na-agenda-vereadora-cristina-lopes-negocia-com-pdt-e-o-psb\/"},"wordCount":541,"commentCount":0,"publisher":{"@id":"https:\/\/renatodias.online\/movimento\/#\/schema\/person\/bbab28833b1725a20f4083f49f1fb2a9"},"image":{"@id":"https:\/\/renatodias.online\/movimento\/2019\/06\/12\/2020-na-agenda-vereadora-cristina-lopes-negocia-com-pdt-e-o-psb\/#primaryimage"},"thumbnailUrl":"","articleSection":["Pol\u00edtica"],"inLanguage":"pt-BR","potentialAction":[{"@type":"CommentAction","name":"Comment","target":["https:\/\/renatodias.online\/movimento\/2019\/06\/12\/2020-na-agenda-vereadora-cristina-lopes-negocia-com-pdt-e-o-psb\/#respond"]}]},{"@type":"WebPage","@id":"https:\/\/renatodias.online\/movimento\/2019\/06\/12\/2020-na-agenda-vereadora-cristina-lopes-negocia-com-pdt-e-o-psb\/","url":"https:\/\/renatodias.online\/movimento\/2019\/06\/12\/2020-na-agenda-vereadora-cristina-lopes-negocia-com-pdt-e-o-psb\/","name":"2020 na agenda Vereadora Cristina Lopes negocia com PDT e o PSB -","isPartOf":{"@id":"https:\/\/renatodias.online\/movimento\/#website"},"primaryImageOfPage":{"@id":"https:\/\/renatodias.online\/movimento\/2019\/06\/12\/2020-na-agenda-vereadora-cristina-lopes-negocia-com-pdt-e-o-psb\/#primaryimage"},"image":{"@id":"https:\/\/renatodias.online\/movimento\/2019\/06\/12\/2020-na-agenda-vereadora-cristina-lopes-negocia-com-pdt-e-o-psb\/#primaryimage"},"thumbnailUrl":"","datePublished":"2019-06-12T03:29:20+00:00","breadcrumb":{"@id":"https:\/\/renatodias.online\/movimento\/2019\/06\/12\/2020-na-agenda-vereadora-cristina-lopes-negocia-com-pdt-e-o-psb\/#breadcrumb"},"inLanguage":"pt-BR","potentialAction":[{"@type":"ReadAction","target":["https:\/\/renatodias.online\/movimento\/2019\/06\/12\/2020-na-agenda-vereadora-cristina-lopes-negocia-com-pdt-e-o-psb\/"]}]},{"@type":"ImageObject","inLanguage":"pt-BR","@id":"https:\/\/renatodias.online\/movimento\/2019\/06\/12\/2020-na-agenda-vereadora-cristina-lopes-negocia-com-pdt-e-o-psb\/#primaryimage","url":"","contentUrl":""},{"@type":"BreadcrumbList","@id":"https:\/\/renatodias.online\/movimento\/2019\/06\/12\/2020-na-agenda-vereadora-cristina-lopes-negocia-com-pdt-e-o-psb\/#breadcrumb","itemListElement":[{"@type":"ListItem","position":1,"name":"In\u00edcio","item":"https:\/\/renatodias.online\/movimento\/"},{"@type":"ListItem","position":2,"name":"2020 na agenda Vereadora Cristina Lopes negocia com PDT e o PSB"}]},{"@type":"WebSite","@id":"https:\/\/renatodias.online\/movimento\/#website","url":"https:\/\/renatodias.online\/movimento\/","name":"","description":"","publisher":{"@id":"https:\/\/renatodias.online\/movimento\/#\/schema\/person\/bbab28833b1725a20f4083f49f1fb2a9"},"potentialAction":[{"@type":"SearchAction","target":{"@type":"EntryPoint","urlTemplate":"https:\/\/renatodias.online\/movimento\/?s={search_term_string}"},"query-input":{"@type":"PropertyValueSpecification","valueRequired":true,"valueName":"search_term_string"}}],"inLanguage":"pt-BR"},{"@type":["Person","Organization"],"@id":"https:\/\/renatodias.online\/movimento\/#\/schema\/person\/bbab28833b1725a20f4083f49f1fb2a9","name":"Renato Dias","image":{"@type":"ImageObject","inLanguage":"pt-BR","@id":"https:\/\/renatodias.online\/movimento\/wp-content\/uploads\/2023\/03\/cropped-cropped-cropped-logofinal.jpeg","url":"https:\/\/renatodias.online\/movimento\/wp-content\/uploads\/2023\/03\/cropped-cropped-cropped-logofinal.jpeg","contentUrl":"https:\/\/renatodias.online\/movimento\/wp-content\/uploads\/2023\/03\/cropped-cropped-cropped-logofinal.jpeg","width":1280,"height":219,"caption":"Renato Dias"},"logo":{"@id":"https:\/\/renatodias.online\/movimento\/wp-content\/uploads\/2023\/03\/cropped-cropped-cropped-logofinal.jpeg"},"description":"Renato Dias, 58 anos, \u00e9 graduado em Jornalismo, formado em Ci\u00eancias Sociais, com p\u00f3s-gradua\u00e7\u00e3o em Pol\u00edticas P\u00fablicas, mestre em Direito e Rela\u00e7\u00f5es Internacionais, ex-aluno extraordin\u00e1rio do Doutorado em Psicologia Social, ex-estudante do Curso de Psican\u00e1lise do Centro de Estudos Psicanal\u00edticos do Estado de Goi\u00e1s, ministrado pelo m\u00e9dico psiquiatra e psicanalista Daniel Em\u00eddio de Souza. \u00c9 autor de 30 livros-reportagem, oito document\u00e1rios, ganhou 30 pr\u00eamios e \u00e9 torcedor apaixonado do maior do Centro-Oeste, o Vila Nova Futebol Clube. Casado com Meirilane Dias, \u00e9 pai de Juliana Dias, jornalista; Daniel Dias, economista; e Maria Rosa Dias, estudante antifascista, socialista e trotskista.\u00a0Com tr\u00eas pets: Porquinho [Bull Dog Franc\u00eas], Dalila [Basset Hound] e Geleia [Basset Hound]. Al\u00e9m do eterno gato Tutuquinho, que virou estrela.","sameAs":["https:\/\/www.facebook.com\/renato.dias.37","#breve","https:\/\/renatodias.tumblr.com\/"],"url":"https:\/\/renatodias.online\/movimento\/author\/renatodias\/"}]}},"_links":{"self":[{"href":"https:\/\/renatodias.online\/movimento\/wp-json\/wp\/v2\/posts\/1281","targetHints":{"allow":["GET"]}}],"collection":[{"href":"https:\/\/renatodias.online\/movimento\/wp-json\/wp\/v2\/posts"}],"about":[{"href":"https:\/\/renatodias.online\/movimento\/wp-json\/wp\/v2\/types\/post"}],"author":[{"embeddable":true,"href":"https:\/\/renatodias.online\/movimento\/wp-json\/wp\/v2\/users\/2"}],"replies":[{"embeddable":true,"href":"https:\/\/renatodias.online\/movimento\/wp-json\/wp\/v2\/comments?post=1281"}],"version-history":[{"count":0,"href":"https:\/\/renatodias.online\/movimento\/wp-json\/wp\/v2\/posts\/1281\/revisions"}],"wp:featuredmedia":[{"embeddable":true,"href":"https:\/\/renatodias.online\/movimento\/wp-json\/"}],"wp:attachment":[{"href":"https:\/\/renatodias.online\/movimento\/wp-json\/wp\/v2\/media?parent=1281"}],"wp:term":[{"taxonomy":"category","embeddable":true,"href":"https:\/\/renatodias.online\/movimento\/wp-json\/wp\/v2\/categories?post=1281"},{"taxonomy":"post_tag","embeddable":true,"href":"https:\/\/renatodias.online\/movimento\/wp-json\/wp\/v2\/tags?post=1281"}],"curies":[{"name":"wp","href":"https:\/\/api.w.org\/{rel}","templated":true}]}}