{"id":12717,"date":"2022-06-08T13:13:19","date_gmt":"2022-06-08T16:13:19","guid":{"rendered":"https:\/\/renatodias.online\/movimento\/?p=12717"},"modified":"2022-06-08T13:14:55","modified_gmt":"2022-06-08T16:14:55","slug":"guerra-fria-cultural-em-pauta","status":"publish","type":"post","link":"https:\/\/renatodias.online\/movimento\/2022\/06\/08\/guerra-fria-cultural-em-pauta\/","title":{"rendered":"Guerra Fria cultural em pauta"},"content":{"rendered":"<p><strong><img loading=\"lazy\" decoding=\"async\" class=\"alignnone wp-image-12491 size-full\" src=\"https:\/\/renatodias.online\/movimento\/wp-content\/uploads\/2022\/05\/Lancamento-1.png\" alt=\"\" width=\"822\" height=\"168\" \/><\/strong><\/p>\n<h1 style=\"text-align: center;\"><span style=\"color: #ff6600;\"><strong>1945_1991<\/strong><\/span><\/h1>\n<h2 style=\"text-align: center;\"><span style=\"color: #800000;\"><strong>Capitalismo versus socialismos realmente existentes<\/strong><\/span><\/h2>\n<div style=\"width: 480px;\" class=\"wp-video\"><!--[if lt IE 9]><script>document.createElement('video');<\/script><![endif]-->\n<video class=\"wp-video-shortcode\" id=\"video-12717-1\" width=\"480\" height=\"848\" preload=\"metadata\" controls=\"controls\"><source type=\"video\/mp4\" src=\"https:\/\/renatodias.online\/movimento\/wp-content\/uploads\/2022\/06\/VID-20220606-WA0090.mp4?_=1\" \/><a href=\"https:\/\/renatodias.online\/movimento\/wp-content\/uploads\/2022\/06\/VID-20220606-WA0090.mp4\">https:\/\/renatodias.online\/movimento\/wp-content\/uploads\/2022\/06\/VID-20220606-WA0090.mp4<\/a><\/video><\/div>\n<h1 style=\"text-align: center;\"><span style=\"color: #808080;\"><strong>Daniel Aar\u00e3o Reis entrevista Marcelo Ridenti\u00a0<\/strong><\/span><\/h1>\n<figure id=\"attachment_8756\" aria-describedby=\"caption-attachment-8756\" style=\"width: 860px\" class=\"wp-caption alignnone\"><img loading=\"lazy\" decoding=\"async\" class=\"size-full wp-image-8756\" src=\"https:\/\/renatodias.online\/movimento\/wp-content\/uploads\/2021\/08\/Daniel-Aarao-Reis-Filho-especial-e1642103742643.png\" alt=\"\" width=\"860\" height=\"400\" \/><figcaption id=\"caption-attachment-8756\" class=\"wp-caption-text\"><strong>O historiador e escritor Daniel Aar\u00e3o Reis Filho<\/strong><\/figcaption><\/figure>\n<p><strong>Renato Dias\u00a0<\/strong><\/p>\n<p>O <strong>Programa Tempo Contempor\u00e2neo<\/strong> apresenta nesta quarta-feira, 8 de junho de 2022, \u00e0s 18h, em sua plataforma digital uma entrevista com o professor doutor em Sociologia da Universidade Estadual de Campinas [Unicamp], <strong>Marcelo Ridenti<\/strong><\/p>\n<blockquote>\n<h1><strong><span style=\"color: #ff0000;\">A disputa pela hegemonia moral e intelectual<\/span>\u00a0<\/strong><\/h1>\n<\/blockquote>\n<p>O tema da conversa virtual, online, \u00e9 a <strong>guerra fria cultural [1945-1991], internacionaliza\u00e7\u00e3o e financiamento das produ\u00e7\u00f5es est\u00e9ticas e intelectuais.<\/strong> No Brasil, Am\u00e9rica Latina, Europa e Am\u00e9rica do Norte. A disputa pela hegemonia moral e intelectual<\/p>\n<blockquote>\n<h1><span style=\"color: #808000;\"><strong>Daniel Aar\u00e3o Reis Filho \u00e9 o \u00e2ncora do programa\u00a0<\/strong><\/span><\/h1>\n<\/blockquote>\n<p>Registro: o \u00e2ncora do programa Tempo Contempor\u00e2neo \u00e9 o professor doutor em Hist\u00f3ria da Universidade Federal Fluminense [UFF], <strong>Daniel Aar\u00e3o Reis Filho.<\/strong> J\u00e1 de volta ao Brasil. Depois de uma longa temporada de pesquisas no Velho Mundo.<\/p>\n<blockquote>\n<h1><strong><span style=\"color: #0000ff;\">Lan\u00e7amento de O segredo das senhoras americanas<\/span>\u00a0<\/strong><\/h1>\n<\/blockquote>\n<p>O soci\u00f3logo Marcelo Ridenti lan\u00e7ou no mercado editorial nacional o livro, com o selo da Unesp, <strong>O Segredo das Senhoras Americanas, no \u00faltimo m\u00eas de maio.<\/strong> O instigante Tempo Contempor\u00e2neo est\u00e1 ancorado no www YouTube.com<\/p>\n<figure id=\"attachment_12492\" aria-describedby=\"caption-attachment-12492\" style=\"width: 805px\" class=\"wp-caption aligncenter\"><img loading=\"lazy\" decoding=\"async\" class=\"wp-image-12492 size-large\" src=\"https:\/\/renatodias.online\/movimento\/wp-content\/uploads\/2022\/05\/Capa-do-livro-O-segredo-das-senhoras-americanas-1-805x1024.jpg\" alt=\"\" width=\"805\" height=\"1024\" srcset=\"https:\/\/renatodias.online\/movimento\/wp-content\/uploads\/2022\/05\/Capa-do-livro-O-segredo-das-senhoras-americanas-1-805x1024.jpg 805w, https:\/\/renatodias.online\/movimento\/wp-content\/uploads\/2022\/05\/Capa-do-livro-O-segredo-das-senhoras-americanas-1-236x300.jpg 236w, https:\/\/renatodias.online\/movimento\/wp-content\/uploads\/2022\/05\/Capa-do-livro-O-segredo-das-senhoras-americanas-1-768x976.jpg 768w, https:\/\/renatodias.online\/movimento\/wp-content\/uploads\/2022\/05\/Capa-do-livro-O-segredo-das-senhoras-americanas-1-1208x1536.jpg 1208w, https:\/\/renatodias.online\/movimento\/wp-content\/uploads\/2022\/05\/Capa-do-livro-O-segredo-das-senhoras-americanas-1-750x953.jpg 750w, https:\/\/renatodias.online\/movimento\/wp-content\/uploads\/2022\/05\/Capa-do-livro-O-segredo-das-senhoras-americanas-1.jpg 1301w\" sizes=\"auto, (max-width: 805px) 100vw, 805px\" \/><figcaption id=\"caption-attachment-12492\" class=\"wp-caption-text\"><strong>Capa do livro O segredo das senhoras americanas<\/strong><\/figcaption><\/figure>\n","protected":false},"excerpt":{"rendered":"<p>1945_1991 Capitalismo versus socialismos realmente existentes Daniel Aar\u00e3o Reis entrevista Marcelo Ridenti\u00a0 Renato Dias\u00a0 O Programa Tempo Contempor\u00e2neo apresenta nesta quarta-feira, 8 de junho de 2022, \u00e0s 18h, em sua plataforma digital uma entrevista com o professor doutor em Sociologia da Universidade Estadual de Campinas [Unicamp], Marcelo Ridenti A disputa pela hegemonia moral e intelectual\u00a0<\/p>\n","protected":false},"author":2,"featured_media":12493,"comment_status":"open","ping_status":"open","sticky":false,"template":"","format":"standard","meta":{"_acf_changed":false,"_monsterinsights_skip_tracking":false,"_monsterinsights_sitenote_active":false,"_monsterinsights_sitenote_note":"","_monsterinsights_sitenote_category":0,"footnotes":""},"categories":[57],"tags":[],"class_list":["post-12717","post","type-post","status-publish","format-standard","has-post-thumbnail","hentry","category-entrevista"],"acf":[],"yoast_head":"<!-- This site is optimized with the Yoast SEO plugin v27.4 - https:\/\/yoast.com\/product\/yoast-seo-wordpress\/ -->\n<title>Guerra Fria cultural em pauta -<\/title>\n<meta name=\"robots\" content=\"index, follow, max-snippet:-1, max-image-preview:large, max-video-preview:-1\" \/>\n<link rel=\"canonical\" href=\"https:\/\/renatodias.online\/movimento\/2022\/06\/08\/guerra-fria-cultural-em-pauta\/\" \/>\n<meta property=\"og:locale\" content=\"pt_BR\" \/>\n<meta property=\"og:type\" content=\"article\" \/>\n<meta property=\"og:title\" content=\"Guerra Fria cultural em pauta -\" \/>\n<meta property=\"og:description\" content=\"1945_1991 Capitalismo versus socialismos realmente existentes Daniel Aar\u00e3o Reis entrevista Marcelo Ridenti\u00a0 Renato Dias\u00a0 O Programa Tempo Contempor\u00e2neo apresenta nesta quarta-feira, 8 de junho de 2022, \u00e0s 18h, em sua plataforma digital uma entrevista com o professor doutor em Sociologia da Universidade Estadual de Campinas [Unicamp], Marcelo Ridenti A disputa pela hegemonia moral e intelectual\u00a0\" \/>\n<meta property=\"og:url\" content=\"https:\/\/renatodias.online\/movimento\/2022\/06\/08\/guerra-fria-cultural-em-pauta\/\" \/>\n<meta property=\"article:publisher\" content=\"https:\/\/www.facebook.com\/renato.dias.37\" \/>\n<meta property=\"article:author\" content=\"https:\/\/www.facebook.com\/renato.dias.37\" \/>\n<meta property=\"article:published_time\" content=\"2022-06-08T16:13:19+00:00\" \/>\n<meta property=\"article:modified_time\" content=\"2022-06-08T16:14:55+00:00\" \/>\n<meta property=\"og:image\" content=\"https:\/\/renatodias.online\/movimento\/wp-content\/uploads\/2022\/05\/Marcelo-Ridenti-1-e1654704885421.jpg\" \/>\n\t<meta property=\"og:image:width\" content=\"300\" \/>\n\t<meta property=\"og:image:height\" content=\"332\" \/>\n\t<meta property=\"og:image:type\" content=\"image\/jpeg\" \/>\n<meta name=\"author\" content=\"Renato Dias\" \/>\n<meta name=\"twitter:card\" content=\"summary_large_image\" \/>\n<meta name=\"twitter:creator\" content=\"@RenatoDiasBat\" \/>\n<meta name=\"twitter:site\" content=\"@RenatoDiasBat\" \/>\n<meta name=\"twitter:label1\" content=\"Escrito por\" \/>\n\t<meta name=\"twitter:data1\" content=\"Renato Dias\" \/>\n\t<meta name=\"twitter:label2\" content=\"Est. tempo de leitura\" \/>\n\t<meta name=\"twitter:data2\" content=\"1 minuto\" \/>\n<script type=\"application\/ld+json\" class=\"yoast-schema-graph\">{\"@context\":\"https:\\\/\\\/schema.org\",\"@graph\":[{\"@type\":\"Article\",\"@id\":\"https:\\\/\\\/renatodias.online\\\/movimento\\\/2022\\\/06\\\/08\\\/guerra-fria-cultural-em-pauta\\\/#article\",\"isPartOf\":{\"@id\":\"https:\\\/\\\/renatodias.online\\\/movimento\\\/2022\\\/06\\\/08\\\/guerra-fria-cultural-em-pauta\\\/\"},\"author\":{\"name\":\"Renato Dias\",\"@id\":\"https:\\\/\\\/renatodias.online\\\/movimento\\\/#\\\/schema\\\/person\\\/bbab28833b1725a20f4083f49f1fb2a9\"},\"headline\":\"Guerra Fria cultural em pauta\",\"datePublished\":\"2022-06-08T16:13:19+00:00\",\"dateModified\":\"2022-06-08T16:14:55+00:00\",\"mainEntityOfPage\":{\"@id\":\"https:\\\/\\\/renatodias.online\\\/movimento\\\/2022\\\/06\\\/08\\\/guerra-fria-cultural-em-pauta\\\/\"},\"wordCount\":240,\"commentCount\":0,\"publisher\":{\"@id\":\"https:\\\/\\\/renatodias.online\\\/movimento\\\/#\\\/schema\\\/person\\\/bbab28833b1725a20f4083f49f1fb2a9\"},\"image\":{\"@id\":\"https:\\\/\\\/renatodias.online\\\/movimento\\\/2022\\\/06\\\/08\\\/guerra-fria-cultural-em-pauta\\\/#primaryimage\"},\"thumbnailUrl\":\"https:\\\/\\\/renatodias.online\\\/movimento\\\/wp-content\\\/uploads\\\/2022\\\/05\\\/Marcelo-Ridenti-1-e1654704885421.jpg\",\"articleSection\":[\"Entrevista\"],\"inLanguage\":\"pt-BR\",\"potentialAction\":[{\"@type\":\"CommentAction\",\"name\":\"Comment\",\"target\":[\"https:\\\/\\\/renatodias.online\\\/movimento\\\/2022\\\/06\\\/08\\\/guerra-fria-cultural-em-pauta\\\/#respond\"]}]},{\"@type\":\"WebPage\",\"@id\":\"https:\\\/\\\/renatodias.online\\\/movimento\\\/2022\\\/06\\\/08\\\/guerra-fria-cultural-em-pauta\\\/\",\"url\":\"https:\\\/\\\/renatodias.online\\\/movimento\\\/2022\\\/06\\\/08\\\/guerra-fria-cultural-em-pauta\\\/\",\"name\":\"Guerra Fria cultural em pauta -\",\"isPartOf\":{\"@id\":\"https:\\\/\\\/renatodias.online\\\/movimento\\\/#website\"},\"primaryImageOfPage\":{\"@id\":\"https:\\\/\\\/renatodias.online\\\/movimento\\\/2022\\\/06\\\/08\\\/guerra-fria-cultural-em-pauta\\\/#primaryimage\"},\"image\":{\"@id\":\"https:\\\/\\\/renatodias.online\\\/movimento\\\/2022\\\/06\\\/08\\\/guerra-fria-cultural-em-pauta\\\/#primaryimage\"},\"thumbnailUrl\":\"https:\\\/\\\/renatodias.online\\\/movimento\\\/wp-content\\\/uploads\\\/2022\\\/05\\\/Marcelo-Ridenti-1-e1654704885421.jpg\",\"datePublished\":\"2022-06-08T16:13:19+00:00\",\"dateModified\":\"2022-06-08T16:14:55+00:00\",\"breadcrumb\":{\"@id\":\"https:\\\/\\\/renatodias.online\\\/movimento\\\/2022\\\/06\\\/08\\\/guerra-fria-cultural-em-pauta\\\/#breadcrumb\"},\"inLanguage\":\"pt-BR\",\"potentialAction\":[{\"@type\":\"ReadAction\",\"target\":[\"https:\\\/\\\/renatodias.online\\\/movimento\\\/2022\\\/06\\\/08\\\/guerra-fria-cultural-em-pauta\\\/\"]}]},{\"@type\":\"ImageObject\",\"inLanguage\":\"pt-BR\",\"@id\":\"https:\\\/\\\/renatodias.online\\\/movimento\\\/2022\\\/06\\\/08\\\/guerra-fria-cultural-em-pauta\\\/#primaryimage\",\"url\":\"https:\\\/\\\/renatodias.online\\\/movimento\\\/wp-content\\\/uploads\\\/2022\\\/05\\\/Marcelo-Ridenti-1-e1654704885421.jpg\",\"contentUrl\":\"https:\\\/\\\/renatodias.online\\\/movimento\\\/wp-content\\\/uploads\\\/2022\\\/05\\\/Marcelo-Ridenti-1-e1654704885421.jpg\",\"width\":300,\"height\":332,\"caption\":\"Marcelo Ridenti\"},{\"@type\":\"BreadcrumbList\",\"@id\":\"https:\\\/\\\/renatodias.online\\\/movimento\\\/2022\\\/06\\\/08\\\/guerra-fria-cultural-em-pauta\\\/#breadcrumb\",\"itemListElement\":[{\"@type\":\"ListItem\",\"position\":1,\"name\":\"In\u00edcio\",\"item\":\"https:\\\/\\\/renatodias.online\\\/movimento\\\/\"},{\"@type\":\"ListItem\",\"position\":2,\"name\":\"Guerra Fria cultural em pauta\"}]},{\"@type\":\"WebSite\",\"@id\":\"https:\\\/\\\/renatodias.online\\\/movimento\\\/#website\",\"url\":\"https:\\\/\\\/renatodias.online\\\/movimento\\\/\",\"name\":\"\",\"description\":\"\",\"publisher\":{\"@id\":\"https:\\\/\\\/renatodias.online\\\/movimento\\\/#\\\/schema\\\/person\\\/bbab28833b1725a20f4083f49f1fb2a9\"},\"potentialAction\":[{\"@type\":\"SearchAction\",\"target\":{\"@type\":\"EntryPoint\",\"urlTemplate\":\"https:\\\/\\\/renatodias.online\\\/movimento\\\/?s={search_term_string}\"},\"query-input\":{\"@type\":\"PropertyValueSpecification\",\"valueRequired\":true,\"valueName\":\"search_term_string\"}}],\"inLanguage\":\"pt-BR\"},{\"@type\":[\"Person\",\"Organization\"],\"@id\":\"https:\\\/\\\/renatodias.online\\\/movimento\\\/#\\\/schema\\\/person\\\/bbab28833b1725a20f4083f49f1fb2a9\",\"name\":\"Renato Dias\",\"image\":{\"@type\":\"ImageObject\",\"inLanguage\":\"pt-BR\",\"@id\":\"https:\\\/\\\/renatodias.online\\\/movimento\\\/wp-content\\\/uploads\\\/2023\\\/03\\\/cropped-cropped-cropped-logofinal.jpeg\",\"url\":\"https:\\\/\\\/renatodias.online\\\/movimento\\\/wp-content\\\/uploads\\\/2023\\\/03\\\/cropped-cropped-cropped-logofinal.jpeg\",\"contentUrl\":\"https:\\\/\\\/renatodias.online\\\/movimento\\\/wp-content\\\/uploads\\\/2023\\\/03\\\/cropped-cropped-cropped-logofinal.jpeg\",\"width\":1280,\"height\":219,\"caption\":\"Renato Dias\"},\"logo\":{\"@id\":\"https:\\\/\\\/renatodias.online\\\/movimento\\\/wp-content\\\/uploads\\\/2023\\\/03\\\/cropped-cropped-cropped-logofinal.jpeg\"},\"description\":\"Renato Dias, 58 anos, \u00e9 graduado em Jornalismo, formado em Ci\u00eancias Sociais, com p\u00f3s-gradua\u00e7\u00e3o em Pol\u00edticas P\u00fablicas, mestre em Direito e Rela\u00e7\u00f5es Internacionais, ex-aluno extraordin\u00e1rio do Doutorado em Psicologia Social, ex-estudante do Curso de Psican\u00e1lise do Centro de Estudos Psicanal\u00edticos do Estado de Goi\u00e1s, ministrado pelo m\u00e9dico psiquiatra e psicanalista Daniel Em\u00eddio de Souza. \u00c9 autor de 30 livros-reportagem, oito document\u00e1rios, ganhou 30 pr\u00eamios e \u00e9 torcedor apaixonado do maior do Centro-Oeste, o Vila Nova Futebol Clube. Casado com Meirilane Dias, \u00e9 pai de Juliana Dias, jornalista; Daniel Dias, economista; e Maria Rosa Dias, estudante antifascista, socialista e trotskista.\u00a0Com tr\u00eas pets: Porquinho [Bull Dog Franc\u00eas], Dalila [Basset Hound] e Geleia [Basset Hound]. Al\u00e9m do eterno gato Tutuquinho, que virou estrela.\",\"sameAs\":[\"https:\\\/\\\/www.facebook.com\\\/renato.dias.37\",\"#breve\",\"https:\\\/\\\/renatodias.tumblr.com\\\/\"],\"url\":\"https:\\\/\\\/renatodias.online\\\/movimento\\\/author\\\/renatodias\\\/\"}]}<\/script>\n<!-- \/ Yoast SEO plugin. -->","yoast_head_json":{"title":"Guerra Fria cultural em pauta -","robots":{"index":"index","follow":"follow","max-snippet":"max-snippet:-1","max-image-preview":"max-image-preview:large","max-video-preview":"max-video-preview:-1"},"canonical":"https:\/\/renatodias.online\/movimento\/2022\/06\/08\/guerra-fria-cultural-em-pauta\/","og_locale":"pt_BR","og_type":"article","og_title":"Guerra Fria cultural em pauta -","og_description":"1945_1991 Capitalismo versus socialismos realmente existentes Daniel Aar\u00e3o Reis entrevista Marcelo Ridenti\u00a0 Renato Dias\u00a0 O Programa Tempo Contempor\u00e2neo apresenta nesta quarta-feira, 8 de junho de 2022, \u00e0s 18h, em sua plataforma digital uma entrevista com o professor doutor em Sociologia da Universidade Estadual de Campinas [Unicamp], Marcelo Ridenti A disputa pela hegemonia moral e intelectual\u00a0","og_url":"https:\/\/renatodias.online\/movimento\/2022\/06\/08\/guerra-fria-cultural-em-pauta\/","article_publisher":"https:\/\/www.facebook.com\/renato.dias.37","article_author":"https:\/\/www.facebook.com\/renato.dias.37","article_published_time":"2022-06-08T16:13:19+00:00","article_modified_time":"2022-06-08T16:14:55+00:00","og_image":[{"width":300,"height":332,"url":"https:\/\/renatodias.online\/movimento\/wp-content\/uploads\/2022\/05\/Marcelo-Ridenti-1-e1654704885421.jpg","type":"image\/jpeg"}],"author":"Renato Dias","twitter_card":"summary_large_image","twitter_creator":"@RenatoDiasBat","twitter_site":"@RenatoDiasBat","twitter_misc":{"Escrito por":"Renato Dias","Est. tempo de leitura":"1 minuto"},"schema":{"@context":"https:\/\/schema.org","@graph":[{"@type":"Article","@id":"https:\/\/renatodias.online\/movimento\/2022\/06\/08\/guerra-fria-cultural-em-pauta\/#article","isPartOf":{"@id":"https:\/\/renatodias.online\/movimento\/2022\/06\/08\/guerra-fria-cultural-em-pauta\/"},"author":{"name":"Renato Dias","@id":"https:\/\/renatodias.online\/movimento\/#\/schema\/person\/bbab28833b1725a20f4083f49f1fb2a9"},"headline":"Guerra Fria cultural em pauta","datePublished":"2022-06-08T16:13:19+00:00","dateModified":"2022-06-08T16:14:55+00:00","mainEntityOfPage":{"@id":"https:\/\/renatodias.online\/movimento\/2022\/06\/08\/guerra-fria-cultural-em-pauta\/"},"wordCount":240,"commentCount":0,"publisher":{"@id":"https:\/\/renatodias.online\/movimento\/#\/schema\/person\/bbab28833b1725a20f4083f49f1fb2a9"},"image":{"@id":"https:\/\/renatodias.online\/movimento\/2022\/06\/08\/guerra-fria-cultural-em-pauta\/#primaryimage"},"thumbnailUrl":"https:\/\/renatodias.online\/movimento\/wp-content\/uploads\/2022\/05\/Marcelo-Ridenti-1-e1654704885421.jpg","articleSection":["Entrevista"],"inLanguage":"pt-BR","potentialAction":[{"@type":"CommentAction","name":"Comment","target":["https:\/\/renatodias.online\/movimento\/2022\/06\/08\/guerra-fria-cultural-em-pauta\/#respond"]}]},{"@type":"WebPage","@id":"https:\/\/renatodias.online\/movimento\/2022\/06\/08\/guerra-fria-cultural-em-pauta\/","url":"https:\/\/renatodias.online\/movimento\/2022\/06\/08\/guerra-fria-cultural-em-pauta\/","name":"Guerra Fria cultural em pauta -","isPartOf":{"@id":"https:\/\/renatodias.online\/movimento\/#website"},"primaryImageOfPage":{"@id":"https:\/\/renatodias.online\/movimento\/2022\/06\/08\/guerra-fria-cultural-em-pauta\/#primaryimage"},"image":{"@id":"https:\/\/renatodias.online\/movimento\/2022\/06\/08\/guerra-fria-cultural-em-pauta\/#primaryimage"},"thumbnailUrl":"https:\/\/renatodias.online\/movimento\/wp-content\/uploads\/2022\/05\/Marcelo-Ridenti-1-e1654704885421.jpg","datePublished":"2022-06-08T16:13:19+00:00","dateModified":"2022-06-08T16:14:55+00:00","breadcrumb":{"@id":"https:\/\/renatodias.online\/movimento\/2022\/06\/08\/guerra-fria-cultural-em-pauta\/#breadcrumb"},"inLanguage":"pt-BR","potentialAction":[{"@type":"ReadAction","target":["https:\/\/renatodias.online\/movimento\/2022\/06\/08\/guerra-fria-cultural-em-pauta\/"]}]},{"@type":"ImageObject","inLanguage":"pt-BR","@id":"https:\/\/renatodias.online\/movimento\/2022\/06\/08\/guerra-fria-cultural-em-pauta\/#primaryimage","url":"https:\/\/renatodias.online\/movimento\/wp-content\/uploads\/2022\/05\/Marcelo-Ridenti-1-e1654704885421.jpg","contentUrl":"https:\/\/renatodias.online\/movimento\/wp-content\/uploads\/2022\/05\/Marcelo-Ridenti-1-e1654704885421.jpg","width":300,"height":332,"caption":"Marcelo Ridenti"},{"@type":"BreadcrumbList","@id":"https:\/\/renatodias.online\/movimento\/2022\/06\/08\/guerra-fria-cultural-em-pauta\/#breadcrumb","itemListElement":[{"@type":"ListItem","position":1,"name":"In\u00edcio","item":"https:\/\/renatodias.online\/movimento\/"},{"@type":"ListItem","position":2,"name":"Guerra Fria cultural em pauta"}]},{"@type":"WebSite","@id":"https:\/\/renatodias.online\/movimento\/#website","url":"https:\/\/renatodias.online\/movimento\/","name":"","description":"","publisher":{"@id":"https:\/\/renatodias.online\/movimento\/#\/schema\/person\/bbab28833b1725a20f4083f49f1fb2a9"},"potentialAction":[{"@type":"SearchAction","target":{"@type":"EntryPoint","urlTemplate":"https:\/\/renatodias.online\/movimento\/?s={search_term_string}"},"query-input":{"@type":"PropertyValueSpecification","valueRequired":true,"valueName":"search_term_string"}}],"inLanguage":"pt-BR"},{"@type":["Person","Organization"],"@id":"https:\/\/renatodias.online\/movimento\/#\/schema\/person\/bbab28833b1725a20f4083f49f1fb2a9","name":"Renato Dias","image":{"@type":"ImageObject","inLanguage":"pt-BR","@id":"https:\/\/renatodias.online\/movimento\/wp-content\/uploads\/2023\/03\/cropped-cropped-cropped-logofinal.jpeg","url":"https:\/\/renatodias.online\/movimento\/wp-content\/uploads\/2023\/03\/cropped-cropped-cropped-logofinal.jpeg","contentUrl":"https:\/\/renatodias.online\/movimento\/wp-content\/uploads\/2023\/03\/cropped-cropped-cropped-logofinal.jpeg","width":1280,"height":219,"caption":"Renato Dias"},"logo":{"@id":"https:\/\/renatodias.online\/movimento\/wp-content\/uploads\/2023\/03\/cropped-cropped-cropped-logofinal.jpeg"},"description":"Renato Dias, 58 anos, \u00e9 graduado em Jornalismo, formado em Ci\u00eancias Sociais, com p\u00f3s-gradua\u00e7\u00e3o em Pol\u00edticas P\u00fablicas, mestre em Direito e Rela\u00e7\u00f5es Internacionais, ex-aluno extraordin\u00e1rio do Doutorado em Psicologia Social, ex-estudante do Curso de Psican\u00e1lise do Centro de Estudos Psicanal\u00edticos do Estado de Goi\u00e1s, ministrado pelo m\u00e9dico psiquiatra e psicanalista Daniel Em\u00eddio de Souza. \u00c9 autor de 30 livros-reportagem, oito document\u00e1rios, ganhou 30 pr\u00eamios e \u00e9 torcedor apaixonado do maior do Centro-Oeste, o Vila Nova Futebol Clube. Casado com Meirilane Dias, \u00e9 pai de Juliana Dias, jornalista; Daniel Dias, economista; e Maria Rosa Dias, estudante antifascista, socialista e trotskista.\u00a0Com tr\u00eas pets: Porquinho [Bull Dog Franc\u00eas], Dalila [Basset Hound] e Geleia [Basset Hound]. Al\u00e9m do eterno gato Tutuquinho, que virou estrela.","sameAs":["https:\/\/www.facebook.com\/renato.dias.37","#breve","https:\/\/renatodias.tumblr.com\/"],"url":"https:\/\/renatodias.online\/movimento\/author\/renatodias\/"}]}},"_links":{"self":[{"href":"https:\/\/renatodias.online\/movimento\/wp-json\/wp\/v2\/posts\/12717","targetHints":{"allow":["GET"]}}],"collection":[{"href":"https:\/\/renatodias.online\/movimento\/wp-json\/wp\/v2\/posts"}],"about":[{"href":"https:\/\/renatodias.online\/movimento\/wp-json\/wp\/v2\/types\/post"}],"author":[{"embeddable":true,"href":"https:\/\/renatodias.online\/movimento\/wp-json\/wp\/v2\/users\/2"}],"replies":[{"embeddable":true,"href":"https:\/\/renatodias.online\/movimento\/wp-json\/wp\/v2\/comments?post=12717"}],"version-history":[{"count":1,"href":"https:\/\/renatodias.online\/movimento\/wp-json\/wp\/v2\/posts\/12717\/revisions"}],"predecessor-version":[{"id":12719,"href":"https:\/\/renatodias.online\/movimento\/wp-json\/wp\/v2\/posts\/12717\/revisions\/12719"}],"wp:featuredmedia":[{"embeddable":true,"href":"https:\/\/renatodias.online\/movimento\/wp-json\/wp\/v2\/media\/12493"}],"wp:attachment":[{"href":"https:\/\/renatodias.online\/movimento\/wp-json\/wp\/v2\/media?parent=12717"}],"wp:term":[{"taxonomy":"category","embeddable":true,"href":"https:\/\/renatodias.online\/movimento\/wp-json\/wp\/v2\/categories?post=12717"},{"taxonomy":"post_tag","embeddable":true,"href":"https:\/\/renatodias.online\/movimento\/wp-json\/wp\/v2\/tags?post=12717"}],"curies":[{"name":"wp","href":"https:\/\/api.w.org\/{rel}","templated":true}]}}