{"id":12653,"date":"2022-06-04T23:37:42","date_gmt":"2022-06-05T02:37:42","guid":{"rendered":"https:\/\/renatodias.online\/movimento\/?p=12653"},"modified":"2022-06-04T23:37:42","modified_gmt":"2022-06-05T02:37:42","slug":"maravilha-tulio-volta-aos-53-anos","status":"publish","type":"post","link":"https:\/\/renatodias.online\/movimento\/2022\/06\/04\/maravilha-tulio-volta-aos-53-anos\/","title":{"rendered":"Maravilha, T\u00falio volta aos 53 anos"},"content":{"rendered":"<p><img loading=\"lazy\" decoding=\"async\" class=\"wp-image-5929 size-full aligncenter\" src=\"https:\/\/renatodias.online\/movimento\/wp-content\/uploads\/2021\/04\/Especial.jpg\" alt=\"\" width=\"200\" height=\"200\" srcset=\"https:\/\/renatodias.online\/movimento\/wp-content\/uploads\/2021\/04\/Especial.jpg 200w, https:\/\/renatodias.online\/movimento\/wp-content\/uploads\/2021\/04\/Especial-150x150.jpg 150w\" sizes=\"auto, (max-width: 200px) 100vw, 200px\" \/><\/p>\n<h1 style=\"text-align: center;\"><span style=\"color: #ff0000;\"><strong>Maravilha, T\u00falio volta aos 53 anos<\/strong><\/span><\/h1>\n<figure id=\"attachment_12655\" aria-describedby=\"caption-attachment-12655\" style=\"width: 606px\" class=\"wp-caption aligncenter\"><img loading=\"lazy\" decoding=\"async\" class=\"wp-image-12655 size-full\" src=\"https:\/\/renatodias.online\/movimento\/wp-content\/uploads\/2022\/06\/Tulio-Maravilha.jpg\" alt=\"\" width=\"606\" height=\"455\" srcset=\"https:\/\/renatodias.online\/movimento\/wp-content\/uploads\/2022\/06\/Tulio-Maravilha.jpg 606w, https:\/\/renatodias.online\/movimento\/wp-content\/uploads\/2022\/06\/Tulio-Maravilha-300x225.jpg 300w\" sizes=\"auto, (max-width: 606px) 100vw, 606px\" \/><figcaption id=\"caption-attachment-12655\" class=\"wp-caption-text\"><strong>T\u00falio Maravilha<\/strong><\/figcaption><\/figure>\n<h1 style=\"text-align: center;\"><span style=\"color: #0000ff;\"><strong>Artilheiro disputa campeonato do Esp\u00edrito Santo<\/strong><\/span><\/h1>\n<p><img loading=\"lazy\" decoding=\"async\" class=\"size-medium wp-image-11197\" src=\"https:\/\/renatodias.online\/movimento\/wp-content\/uploads\/2022\/03\/Crac-e-Goias-link-300x255.jpeg\" alt=\"\" width=\"300\" height=\"255\" srcset=\"https:\/\/renatodias.online\/movimento\/wp-content\/uploads\/2022\/03\/Crac-e-Goias-link-300x255.jpeg 300w, https:\/\/renatodias.online\/movimento\/wp-content\/uploads\/2022\/03\/Crac-e-Goias-link-768x654.jpeg 768w, https:\/\/renatodias.online\/movimento\/wp-content\/uploads\/2022\/03\/Crac-e-Goias-link-750x638.jpeg 750w, https:\/\/renatodias.online\/movimento\/wp-content\/uploads\/2022\/03\/Crac-e-Goias-link.jpeg 846w\" sizes=\"auto, (max-width: 300px) 100vw, 300px\" \/><\/p>\n<h1 style=\"text-align: center;\"><span style=\"color: #ff6600;\"><strong>Sport Serra \u00e9 o seu novo time<\/strong><\/span><\/h1>\n<figure id=\"attachment_12656\" aria-describedby=\"caption-attachment-12656\" style=\"width: 846px\" class=\"wp-caption aligncenter\"><img loading=\"lazy\" decoding=\"async\" class=\"wp-image-12656 size-full\" src=\"https:\/\/renatodias.online\/movimento\/wp-content\/uploads\/2022\/06\/Tulio-Maravilha-volta-aos-gramados.jpg\" alt=\"\" width=\"846\" height=\"564\" srcset=\"https:\/\/renatodias.online\/movimento\/wp-content\/uploads\/2022\/06\/Tulio-Maravilha-volta-aos-gramados.jpg 846w, https:\/\/renatodias.online\/movimento\/wp-content\/uploads\/2022\/06\/Tulio-Maravilha-volta-aos-gramados-300x200.jpg 300w, https:\/\/renatodias.online\/movimento\/wp-content\/uploads\/2022\/06\/Tulio-Maravilha-volta-aos-gramados-768x512.jpg 768w, https:\/\/renatodias.online\/movimento\/wp-content\/uploads\/2022\/06\/Tulio-Maravilha-volta-aos-gramados-360x240.jpg 360w, https:\/\/renatodias.online\/movimento\/wp-content\/uploads\/2022\/06\/Tulio-Maravilha-volta-aos-gramados-750x500.jpg 750w\" sizes=\"auto, (max-width: 846px) 100vw, 846px\" \/><figcaption id=\"caption-attachment-12656\" class=\"wp-caption-text\"><strong>T\u00falio Maravilha volta aos gramados<\/strong><\/figcaption><\/figure>\n<h1 style=\"text-align: center;\"><span style=\"color: #800080;\"><strong>Como vinho, melhor com o envelhecimento<\/strong><\/span><\/h1>\n<figure id=\"attachment_12657\" aria-describedby=\"caption-attachment-12657\" style=\"width: 1200px\" class=\"wp-caption alignnone\"><img loading=\"lazy\" decoding=\"async\" class=\"wp-image-12657 size-full\" src=\"https:\/\/renatodias.online\/movimento\/wp-content\/uploads\/2022\/06\/Vinho-do-Porto-envelhecido.jpg\" alt=\"\" width=\"1200\" height=\"675\" srcset=\"https:\/\/renatodias.online\/movimento\/wp-content\/uploads\/2022\/06\/Vinho-do-Porto-envelhecido.jpg 1200w, https:\/\/renatodias.online\/movimento\/wp-content\/uploads\/2022\/06\/Vinho-do-Porto-envelhecido-300x169.jpg 300w, https:\/\/renatodias.online\/movimento\/wp-content\/uploads\/2022\/06\/Vinho-do-Porto-envelhecido-768x432.jpg 768w, https:\/\/renatodias.online\/movimento\/wp-content\/uploads\/2022\/06\/Vinho-do-Porto-envelhecido-750x422.jpg 750w\" sizes=\"auto, (max-width: 1200px) 100vw, 1200px\" \/><figcaption id=\"caption-attachment-12657\" class=\"wp-caption-text\"><strong>Vinho do Porto envelhecido<\/strong><\/figcaption><\/figure>\n<p><strong>Renato Dias<\/strong><\/p>\n<p>Como o vinho, o artilheiro <strong>T\u00falio Maravilha<\/strong> fica cada vez melhor com o envelhecimento. O \u00eddolo completou 53 anos de idade na \u00faltima quinta-feira, 2 de junho de 2022. Com o projeto de ir al\u00e9m da marca dos 1.000 gols. Ele jogar\u00e1 pelo Sport Serra. O campeonato estadual da segunda divis\u00e3o do Esp\u00edrito Santo. Dois times subir\u00e3o.<\/p>\n<blockquote>\n<h1><span style=\"color: #808080;\"><strong>Dois times, de seis, sobem para a Divis\u00e3o de Elite capixaba<\/strong><\/span><\/h1>\n<\/blockquote>\n<p>O seu <strong>condicionamento f\u00edsico \u00e9 um de atleta profissional<\/strong>. Com treinamento di\u00e1rio, dieta balanceada e vida saud\u00e1vel. Natural, o a\u00e7a\u00ed faz parte do seu card\u00e1pio nutricional. Com passagens memor\u00e1veis por <strong>Botafogo [RJ], Sele\u00e7\u00e3o Brasileira e Vila Nova<\/strong>, \u00e9 a atra\u00e7\u00e3o da competi\u00e7\u00e3o capixaba. De Goi\u00e2nia, ele mora, hoje, na caliente cidade do Rio de Janeiro.<\/p>\n<blockquote>\n<h1><span style=\"color: #808080;\"><strong>Atleta, ex-Vila Nova, mora, hoje, no Rio de Janeiro<\/strong><\/span><\/h1>\n<\/blockquote>\n<p><strong>Com T\u00falio Maravilha em campo, as redes advers\u00e1rias balan\u00e7am, com frequ\u00eancia, em um ritmo alucinante.<\/strong> \u00c9 o que revela, hoje, com exclusividade ao Portal de Not\u00edcias www.renatodias.online, o seu irm\u00e3o g\u00eameo <strong>T\u00e9lvio Furac\u00e3o, ex &#8211; Botafogo [RJ], al\u00e9m de Fluminense [RJ], assim como Vila Nova<\/strong>, o maior do Centro-Oeste do Brasil.<\/p>\n<figure id=\"attachment_12658\" aria-describedby=\"caption-attachment-12658\" style=\"width: 620px\" class=\"wp-caption aligncenter\"><img loading=\"lazy\" decoding=\"async\" class=\"wp-image-12658 size-full\" src=\"https:\/\/renatodias.online\/movimento\/wp-content\/uploads\/2022\/06\/Telvio-Furacao-irmao-gemeo.jpg\" alt=\"\" width=\"620\" height=\"326\" srcset=\"https:\/\/renatodias.online\/movimento\/wp-content\/uploads\/2022\/06\/Telvio-Furacao-irmao-gemeo.jpg 620w, https:\/\/renatodias.online\/movimento\/wp-content\/uploads\/2022\/06\/Telvio-Furacao-irmao-gemeo-300x158.jpg 300w\" sizes=\"auto, (max-width: 620px) 100vw, 620px\" \/><figcaption id=\"caption-attachment-12658\" class=\"wp-caption-text\">T\u00e9lvio Furac\u00e3o, irm\u00e3o g\u00eameo de T\u00falio Maravilha<\/figcaption><\/figure>\n<blockquote>\n<h1><span style=\"color: #808080;\"><strong>Vice-campe\u00e3o edi\u00e7\u00e3o de 2022 do carioca Categoria Masters<\/strong><\/span><\/h1>\n<\/blockquote>\n<p><strong>O artilheiro sagrou-se o vice-campe\u00e3o do carioca da categoria Masters da edi\u00e7\u00e3o de 2022<\/strong>. A final ocorreu entre Botafogo e Vasco da Gama. A decis\u00e3o terminou empatada. Resultado: um a um. O gol da estrela solit\u00e1ria foi dele. Quem? Irreverente, matador, eterno na mem\u00f3ria e na hist\u00f3ria do futebol brasileiro. Na \u00e1rea n\u00e3o perdoa, mata<\/p>\n<blockquote>\n<h1><span style=\"color: #808080;\"><strong>T\u00falio Maravilha, na \u00e1rea n\u00e3o perdoa, mata!<\/strong><\/span><\/h1>\n<\/blockquote>\n<p>&nbsp;<\/p>\n","protected":false},"excerpt":{"rendered":"<p>Maravilha, T\u00falio volta aos 53 anos Artilheiro disputa campeonato do Esp\u00edrito Santo Sport Serra \u00e9 o seu novo time Como vinho, melhor com o envelhecimento Renato Dias Como o vinho, o artilheiro T\u00falio Maravilha fica cada vez melhor com o envelhecimento. O \u00eddolo completou 53 anos de idade na \u00faltima quinta-feira, 2 de junho de<\/p>\n","protected":false},"author":2,"featured_media":12654,"comment_status":"open","ping_status":"open","sticky":false,"template":"","format":"standard","meta":{"_acf_changed":false,"_monsterinsights_skip_tracking":false,"_monsterinsights_sitenote_active":false,"_monsterinsights_sitenote_note":"","_monsterinsights_sitenote_category":0,"footnotes":""},"categories":[33],"tags":[],"class_list":["post-12653","post","type-post","status-publish","format-standard","has-post-thumbnail","hentry","category-esporte"],"acf":[],"yoast_head":"<!-- This site is optimized with the Yoast SEO plugin v27.4 - https:\/\/yoast.com\/product\/yoast-seo-wordpress\/ -->\n<title>Maravilha, T\u00falio volta aos 53 anos -<\/title>\n<meta name=\"robots\" content=\"index, follow, max-snippet:-1, max-image-preview:large, max-video-preview:-1\" \/>\n<link rel=\"canonical\" href=\"https:\/\/renatodias.online\/movimento\/2022\/06\/04\/maravilha-tulio-volta-aos-53-anos\/\" \/>\n<meta property=\"og:locale\" content=\"pt_BR\" \/>\n<meta property=\"og:type\" content=\"article\" \/>\n<meta property=\"og:title\" content=\"Maravilha, T\u00falio volta aos 53 anos -\" \/>\n<meta property=\"og:description\" content=\"Maravilha, T\u00falio volta aos 53 anos Artilheiro disputa campeonato do Esp\u00edrito Santo Sport Serra \u00e9 o seu novo time Como vinho, melhor com o envelhecimento Renato Dias Como o vinho, o artilheiro T\u00falio Maravilha fica cada vez melhor com o envelhecimento. O \u00eddolo completou 53 anos de idade na \u00faltima quinta-feira, 2 de junho de\" \/>\n<meta property=\"og:url\" content=\"https:\/\/renatodias.online\/movimento\/2022\/06\/04\/maravilha-tulio-volta-aos-53-anos\/\" \/>\n<meta property=\"article:publisher\" content=\"https:\/\/www.facebook.com\/renato.dias.37\" \/>\n<meta property=\"article:author\" content=\"https:\/\/www.facebook.com\/renato.dias.37\" \/>\n<meta property=\"article:published_time\" content=\"2022-06-05T02:37:42+00:00\" \/>\n<meta property=\"og:image\" content=\"https:\/\/renatodias.online\/movimento\/wp-content\/uploads\/2022\/06\/Tulio-Maravilha-comemora-gol-e1654395752854.jpg\" \/>\n\t<meta property=\"og:image:width\" content=\"360\" \/>\n\t<meta property=\"og:image:height\" content=\"360\" \/>\n\t<meta property=\"og:image:type\" content=\"image\/jpeg\" \/>\n<meta name=\"author\" content=\"Renato Dias\" \/>\n<meta name=\"twitter:card\" content=\"summary_large_image\" \/>\n<meta name=\"twitter:creator\" content=\"@RenatoDiasBat\" \/>\n<meta name=\"twitter:site\" content=\"@RenatoDiasBat\" \/>\n<meta name=\"twitter:label1\" content=\"Escrito por\" \/>\n\t<meta name=\"twitter:data1\" content=\"Renato Dias\" \/>\n\t<meta name=\"twitter:label2\" content=\"Est. tempo de leitura\" \/>\n\t<meta name=\"twitter:data2\" content=\"2 minutos\" \/>\n<script type=\"application\/ld+json\" class=\"yoast-schema-graph\">{\"@context\":\"https:\\\/\\\/schema.org\",\"@graph\":[{\"@type\":\"Article\",\"@id\":\"https:\\\/\\\/renatodias.online\\\/movimento\\\/2022\\\/06\\\/04\\\/maravilha-tulio-volta-aos-53-anos\\\/#article\",\"isPartOf\":{\"@id\":\"https:\\\/\\\/renatodias.online\\\/movimento\\\/2022\\\/06\\\/04\\\/maravilha-tulio-volta-aos-53-anos\\\/\"},\"author\":{\"name\":\"Renato Dias\",\"@id\":\"https:\\\/\\\/renatodias.online\\\/movimento\\\/#\\\/schema\\\/person\\\/bbab28833b1725a20f4083f49f1fb2a9\"},\"headline\":\"Maravilha, T\u00falio volta aos 53 anos\",\"datePublished\":\"2022-06-05T02:37:42+00:00\",\"mainEntityOfPage\":{\"@id\":\"https:\\\/\\\/renatodias.online\\\/movimento\\\/2022\\\/06\\\/04\\\/maravilha-tulio-volta-aos-53-anos\\\/\"},\"wordCount\":370,\"commentCount\":0,\"publisher\":{\"@id\":\"https:\\\/\\\/renatodias.online\\\/movimento\\\/#\\\/schema\\\/person\\\/bbab28833b1725a20f4083f49f1fb2a9\"},\"image\":{\"@id\":\"https:\\\/\\\/renatodias.online\\\/movimento\\\/2022\\\/06\\\/04\\\/maravilha-tulio-volta-aos-53-anos\\\/#primaryimage\"},\"thumbnailUrl\":\"https:\\\/\\\/renatodias.online\\\/movimento\\\/wp-content\\\/uploads\\\/2022\\\/06\\\/Tulio-Maravilha-comemora-gol-e1654395752854.jpg\",\"articleSection\":[\"Esporte\"],\"inLanguage\":\"pt-BR\",\"potentialAction\":[{\"@type\":\"CommentAction\",\"name\":\"Comment\",\"target\":[\"https:\\\/\\\/renatodias.online\\\/movimento\\\/2022\\\/06\\\/04\\\/maravilha-tulio-volta-aos-53-anos\\\/#respond\"]}]},{\"@type\":\"WebPage\",\"@id\":\"https:\\\/\\\/renatodias.online\\\/movimento\\\/2022\\\/06\\\/04\\\/maravilha-tulio-volta-aos-53-anos\\\/\",\"url\":\"https:\\\/\\\/renatodias.online\\\/movimento\\\/2022\\\/06\\\/04\\\/maravilha-tulio-volta-aos-53-anos\\\/\",\"name\":\"Maravilha, T\u00falio volta aos 53 anos -\",\"isPartOf\":{\"@id\":\"https:\\\/\\\/renatodias.online\\\/movimento\\\/#website\"},\"primaryImageOfPage\":{\"@id\":\"https:\\\/\\\/renatodias.online\\\/movimento\\\/2022\\\/06\\\/04\\\/maravilha-tulio-volta-aos-53-anos\\\/#primaryimage\"},\"image\":{\"@id\":\"https:\\\/\\\/renatodias.online\\\/movimento\\\/2022\\\/06\\\/04\\\/maravilha-tulio-volta-aos-53-anos\\\/#primaryimage\"},\"thumbnailUrl\":\"https:\\\/\\\/renatodias.online\\\/movimento\\\/wp-content\\\/uploads\\\/2022\\\/06\\\/Tulio-Maravilha-comemora-gol-e1654395752854.jpg\",\"datePublished\":\"2022-06-05T02:37:42+00:00\",\"breadcrumb\":{\"@id\":\"https:\\\/\\\/renatodias.online\\\/movimento\\\/2022\\\/06\\\/04\\\/maravilha-tulio-volta-aos-53-anos\\\/#breadcrumb\"},\"inLanguage\":\"pt-BR\",\"potentialAction\":[{\"@type\":\"ReadAction\",\"target\":[\"https:\\\/\\\/renatodias.online\\\/movimento\\\/2022\\\/06\\\/04\\\/maravilha-tulio-volta-aos-53-anos\\\/\"]}]},{\"@type\":\"ImageObject\",\"inLanguage\":\"pt-BR\",\"@id\":\"https:\\\/\\\/renatodias.online\\\/movimento\\\/2022\\\/06\\\/04\\\/maravilha-tulio-volta-aos-53-anos\\\/#primaryimage\",\"url\":\"https:\\\/\\\/renatodias.online\\\/movimento\\\/wp-content\\\/uploads\\\/2022\\\/06\\\/Tulio-Maravilha-comemora-gol-e1654395752854.jpg\",\"contentUrl\":\"https:\\\/\\\/renatodias.online\\\/movimento\\\/wp-content\\\/uploads\\\/2022\\\/06\\\/Tulio-Maravilha-comemora-gol-e1654395752854.jpg\",\"width\":360,\"height\":360,\"caption\":\"T\u00falio Maravilha comemora gol\"},{\"@type\":\"BreadcrumbList\",\"@id\":\"https:\\\/\\\/renatodias.online\\\/movimento\\\/2022\\\/06\\\/04\\\/maravilha-tulio-volta-aos-53-anos\\\/#breadcrumb\",\"itemListElement\":[{\"@type\":\"ListItem\",\"position\":1,\"name\":\"In\u00edcio\",\"item\":\"https:\\\/\\\/renatodias.online\\\/movimento\\\/\"},{\"@type\":\"ListItem\",\"position\":2,\"name\":\"Maravilha, T\u00falio volta aos 53 anos\"}]},{\"@type\":\"WebSite\",\"@id\":\"https:\\\/\\\/renatodias.online\\\/movimento\\\/#website\",\"url\":\"https:\\\/\\\/renatodias.online\\\/movimento\\\/\",\"name\":\"\",\"description\":\"\",\"publisher\":{\"@id\":\"https:\\\/\\\/renatodias.online\\\/movimento\\\/#\\\/schema\\\/person\\\/bbab28833b1725a20f4083f49f1fb2a9\"},\"potentialAction\":[{\"@type\":\"SearchAction\",\"target\":{\"@type\":\"EntryPoint\",\"urlTemplate\":\"https:\\\/\\\/renatodias.online\\\/movimento\\\/?s={search_term_string}\"},\"query-input\":{\"@type\":\"PropertyValueSpecification\",\"valueRequired\":true,\"valueName\":\"search_term_string\"}}],\"inLanguage\":\"pt-BR\"},{\"@type\":[\"Person\",\"Organization\"],\"@id\":\"https:\\\/\\\/renatodias.online\\\/movimento\\\/#\\\/schema\\\/person\\\/bbab28833b1725a20f4083f49f1fb2a9\",\"name\":\"Renato Dias\",\"image\":{\"@type\":\"ImageObject\",\"inLanguage\":\"pt-BR\",\"@id\":\"https:\\\/\\\/renatodias.online\\\/movimento\\\/wp-content\\\/uploads\\\/2023\\\/03\\\/cropped-cropped-cropped-logofinal.jpeg\",\"url\":\"https:\\\/\\\/renatodias.online\\\/movimento\\\/wp-content\\\/uploads\\\/2023\\\/03\\\/cropped-cropped-cropped-logofinal.jpeg\",\"contentUrl\":\"https:\\\/\\\/renatodias.online\\\/movimento\\\/wp-content\\\/uploads\\\/2023\\\/03\\\/cropped-cropped-cropped-logofinal.jpeg\",\"width\":1280,\"height\":219,\"caption\":\"Renato Dias\"},\"logo\":{\"@id\":\"https:\\\/\\\/renatodias.online\\\/movimento\\\/wp-content\\\/uploads\\\/2023\\\/03\\\/cropped-cropped-cropped-logofinal.jpeg\"},\"description\":\"Renato Dias, 58 anos, \u00e9 graduado em Jornalismo, formado em Ci\u00eancias Sociais, com p\u00f3s-gradua\u00e7\u00e3o em Pol\u00edticas P\u00fablicas, mestre em Direito e Rela\u00e7\u00f5es Internacionais, ex-aluno extraordin\u00e1rio do Doutorado em Psicologia Social, ex-estudante do Curso de Psican\u00e1lise do Centro de Estudos Psicanal\u00edticos do Estado de Goi\u00e1s, ministrado pelo m\u00e9dico psiquiatra e psicanalista Daniel Em\u00eddio de Souza. \u00c9 autor de 30 livros-reportagem, oito document\u00e1rios, ganhou 30 pr\u00eamios e \u00e9 torcedor apaixonado do maior do Centro-Oeste, o Vila Nova Futebol Clube. Casado com Meirilane Dias, \u00e9 pai de Juliana Dias, jornalista; Daniel Dias, economista; e Maria Rosa Dias, estudante antifascista, socialista e trotskista.\u00a0Com tr\u00eas pets: Porquinho [Bull Dog Franc\u00eas], Dalila [Basset Hound] e Geleia [Basset Hound]. Al\u00e9m do eterno gato Tutuquinho, que virou estrela.\",\"sameAs\":[\"https:\\\/\\\/www.facebook.com\\\/renato.dias.37\",\"#breve\",\"https:\\\/\\\/renatodias.tumblr.com\\\/\"],\"url\":\"https:\\\/\\\/renatodias.online\\\/movimento\\\/author\\\/renatodias\\\/\"}]}<\/script>\n<!-- \/ Yoast SEO plugin. -->","yoast_head_json":{"title":"Maravilha, T\u00falio volta aos 53 anos -","robots":{"index":"index","follow":"follow","max-snippet":"max-snippet:-1","max-image-preview":"max-image-preview:large","max-video-preview":"max-video-preview:-1"},"canonical":"https:\/\/renatodias.online\/movimento\/2022\/06\/04\/maravilha-tulio-volta-aos-53-anos\/","og_locale":"pt_BR","og_type":"article","og_title":"Maravilha, T\u00falio volta aos 53 anos -","og_description":"Maravilha, T\u00falio volta aos 53 anos Artilheiro disputa campeonato do Esp\u00edrito Santo Sport Serra \u00e9 o seu novo time Como vinho, melhor com o envelhecimento Renato Dias Como o vinho, o artilheiro T\u00falio Maravilha fica cada vez melhor com o envelhecimento. O \u00eddolo completou 53 anos de idade na \u00faltima quinta-feira, 2 de junho de","og_url":"https:\/\/renatodias.online\/movimento\/2022\/06\/04\/maravilha-tulio-volta-aos-53-anos\/","article_publisher":"https:\/\/www.facebook.com\/renato.dias.37","article_author":"https:\/\/www.facebook.com\/renato.dias.37","article_published_time":"2022-06-05T02:37:42+00:00","og_image":[{"width":360,"height":360,"url":"https:\/\/renatodias.online\/movimento\/wp-content\/uploads\/2022\/06\/Tulio-Maravilha-comemora-gol-e1654395752854.jpg","type":"image\/jpeg"}],"author":"Renato Dias","twitter_card":"summary_large_image","twitter_creator":"@RenatoDiasBat","twitter_site":"@RenatoDiasBat","twitter_misc":{"Escrito por":"Renato Dias","Est. tempo de leitura":"2 minutos"},"schema":{"@context":"https:\/\/schema.org","@graph":[{"@type":"Article","@id":"https:\/\/renatodias.online\/movimento\/2022\/06\/04\/maravilha-tulio-volta-aos-53-anos\/#article","isPartOf":{"@id":"https:\/\/renatodias.online\/movimento\/2022\/06\/04\/maravilha-tulio-volta-aos-53-anos\/"},"author":{"name":"Renato Dias","@id":"https:\/\/renatodias.online\/movimento\/#\/schema\/person\/bbab28833b1725a20f4083f49f1fb2a9"},"headline":"Maravilha, T\u00falio volta aos 53 anos","datePublished":"2022-06-05T02:37:42+00:00","mainEntityOfPage":{"@id":"https:\/\/renatodias.online\/movimento\/2022\/06\/04\/maravilha-tulio-volta-aos-53-anos\/"},"wordCount":370,"commentCount":0,"publisher":{"@id":"https:\/\/renatodias.online\/movimento\/#\/schema\/person\/bbab28833b1725a20f4083f49f1fb2a9"},"image":{"@id":"https:\/\/renatodias.online\/movimento\/2022\/06\/04\/maravilha-tulio-volta-aos-53-anos\/#primaryimage"},"thumbnailUrl":"https:\/\/renatodias.online\/movimento\/wp-content\/uploads\/2022\/06\/Tulio-Maravilha-comemora-gol-e1654395752854.jpg","articleSection":["Esporte"],"inLanguage":"pt-BR","potentialAction":[{"@type":"CommentAction","name":"Comment","target":["https:\/\/renatodias.online\/movimento\/2022\/06\/04\/maravilha-tulio-volta-aos-53-anos\/#respond"]}]},{"@type":"WebPage","@id":"https:\/\/renatodias.online\/movimento\/2022\/06\/04\/maravilha-tulio-volta-aos-53-anos\/","url":"https:\/\/renatodias.online\/movimento\/2022\/06\/04\/maravilha-tulio-volta-aos-53-anos\/","name":"Maravilha, T\u00falio volta aos 53 anos -","isPartOf":{"@id":"https:\/\/renatodias.online\/movimento\/#website"},"primaryImageOfPage":{"@id":"https:\/\/renatodias.online\/movimento\/2022\/06\/04\/maravilha-tulio-volta-aos-53-anos\/#primaryimage"},"image":{"@id":"https:\/\/renatodias.online\/movimento\/2022\/06\/04\/maravilha-tulio-volta-aos-53-anos\/#primaryimage"},"thumbnailUrl":"https:\/\/renatodias.online\/movimento\/wp-content\/uploads\/2022\/06\/Tulio-Maravilha-comemora-gol-e1654395752854.jpg","datePublished":"2022-06-05T02:37:42+00:00","breadcrumb":{"@id":"https:\/\/renatodias.online\/movimento\/2022\/06\/04\/maravilha-tulio-volta-aos-53-anos\/#breadcrumb"},"inLanguage":"pt-BR","potentialAction":[{"@type":"ReadAction","target":["https:\/\/renatodias.online\/movimento\/2022\/06\/04\/maravilha-tulio-volta-aos-53-anos\/"]}]},{"@type":"ImageObject","inLanguage":"pt-BR","@id":"https:\/\/renatodias.online\/movimento\/2022\/06\/04\/maravilha-tulio-volta-aos-53-anos\/#primaryimage","url":"https:\/\/renatodias.online\/movimento\/wp-content\/uploads\/2022\/06\/Tulio-Maravilha-comemora-gol-e1654395752854.jpg","contentUrl":"https:\/\/renatodias.online\/movimento\/wp-content\/uploads\/2022\/06\/Tulio-Maravilha-comemora-gol-e1654395752854.jpg","width":360,"height":360,"caption":"T\u00falio Maravilha comemora gol"},{"@type":"BreadcrumbList","@id":"https:\/\/renatodias.online\/movimento\/2022\/06\/04\/maravilha-tulio-volta-aos-53-anos\/#breadcrumb","itemListElement":[{"@type":"ListItem","position":1,"name":"In\u00edcio","item":"https:\/\/renatodias.online\/movimento\/"},{"@type":"ListItem","position":2,"name":"Maravilha, T\u00falio volta aos 53 anos"}]},{"@type":"WebSite","@id":"https:\/\/renatodias.online\/movimento\/#website","url":"https:\/\/renatodias.online\/movimento\/","name":"","description":"","publisher":{"@id":"https:\/\/renatodias.online\/movimento\/#\/schema\/person\/bbab28833b1725a20f4083f49f1fb2a9"},"potentialAction":[{"@type":"SearchAction","target":{"@type":"EntryPoint","urlTemplate":"https:\/\/renatodias.online\/movimento\/?s={search_term_string}"},"query-input":{"@type":"PropertyValueSpecification","valueRequired":true,"valueName":"search_term_string"}}],"inLanguage":"pt-BR"},{"@type":["Person","Organization"],"@id":"https:\/\/renatodias.online\/movimento\/#\/schema\/person\/bbab28833b1725a20f4083f49f1fb2a9","name":"Renato Dias","image":{"@type":"ImageObject","inLanguage":"pt-BR","@id":"https:\/\/renatodias.online\/movimento\/wp-content\/uploads\/2023\/03\/cropped-cropped-cropped-logofinal.jpeg","url":"https:\/\/renatodias.online\/movimento\/wp-content\/uploads\/2023\/03\/cropped-cropped-cropped-logofinal.jpeg","contentUrl":"https:\/\/renatodias.online\/movimento\/wp-content\/uploads\/2023\/03\/cropped-cropped-cropped-logofinal.jpeg","width":1280,"height":219,"caption":"Renato Dias"},"logo":{"@id":"https:\/\/renatodias.online\/movimento\/wp-content\/uploads\/2023\/03\/cropped-cropped-cropped-logofinal.jpeg"},"description":"Renato Dias, 58 anos, \u00e9 graduado em Jornalismo, formado em Ci\u00eancias Sociais, com p\u00f3s-gradua\u00e7\u00e3o em Pol\u00edticas P\u00fablicas, mestre em Direito e Rela\u00e7\u00f5es Internacionais, ex-aluno extraordin\u00e1rio do Doutorado em Psicologia Social, ex-estudante do Curso de Psican\u00e1lise do Centro de Estudos Psicanal\u00edticos do Estado de Goi\u00e1s, ministrado pelo m\u00e9dico psiquiatra e psicanalista Daniel Em\u00eddio de Souza. \u00c9 autor de 30 livros-reportagem, oito document\u00e1rios, ganhou 30 pr\u00eamios e \u00e9 torcedor apaixonado do maior do Centro-Oeste, o Vila Nova Futebol Clube. Casado com Meirilane Dias, \u00e9 pai de Juliana Dias, jornalista; Daniel Dias, economista; e Maria Rosa Dias, estudante antifascista, socialista e trotskista.\u00a0Com tr\u00eas pets: Porquinho [Bull Dog Franc\u00eas], Dalila [Basset Hound] e Geleia [Basset Hound]. Al\u00e9m do eterno gato Tutuquinho, que virou estrela.","sameAs":["https:\/\/www.facebook.com\/renato.dias.37","#breve","https:\/\/renatodias.tumblr.com\/"],"url":"https:\/\/renatodias.online\/movimento\/author\/renatodias\/"}]}},"_links":{"self":[{"href":"https:\/\/renatodias.online\/movimento\/wp-json\/wp\/v2\/posts\/12653","targetHints":{"allow":["GET"]}}],"collection":[{"href":"https:\/\/renatodias.online\/movimento\/wp-json\/wp\/v2\/posts"}],"about":[{"href":"https:\/\/renatodias.online\/movimento\/wp-json\/wp\/v2\/types\/post"}],"author":[{"embeddable":true,"href":"https:\/\/renatodias.online\/movimento\/wp-json\/wp\/v2\/users\/2"}],"replies":[{"embeddable":true,"href":"https:\/\/renatodias.online\/movimento\/wp-json\/wp\/v2\/comments?post=12653"}],"version-history":[{"count":1,"href":"https:\/\/renatodias.online\/movimento\/wp-json\/wp\/v2\/posts\/12653\/revisions"}],"predecessor-version":[{"id":12660,"href":"https:\/\/renatodias.online\/movimento\/wp-json\/wp\/v2\/posts\/12653\/revisions\/12660"}],"wp:featuredmedia":[{"embeddable":true,"href":"https:\/\/renatodias.online\/movimento\/wp-json\/wp\/v2\/media\/12654"}],"wp:attachment":[{"href":"https:\/\/renatodias.online\/movimento\/wp-json\/wp\/v2\/media?parent=12653"}],"wp:term":[{"taxonomy":"category","embeddable":true,"href":"https:\/\/renatodias.online\/movimento\/wp-json\/wp\/v2\/categories?post=12653"},{"taxonomy":"post_tag","embeddable":true,"href":"https:\/\/renatodias.online\/movimento\/wp-json\/wp\/v2\/tags?post=12653"}],"curies":[{"name":"wp","href":"https:\/\/api.w.org\/{rel}","templated":true}]}}