{"id":12525,"date":"2022-05-26T23:56:09","date_gmt":"2022-05-27T02:56:09","guid":{"rendered":"https:\/\/renatodias.online\/movimento\/?p=12525"},"modified":"2022-05-26T23:56:09","modified_gmt":"2022-05-27T02:56:09","slug":"25-mil-cartas-a-um-preso-politico","status":"publish","type":"post","link":"https:\/\/renatodias.online\/movimento\/2022\/05\/26\/25-mil-cartas-a-um-preso-politico\/","title":{"rendered":"25 mil cartas a um preso pol\u00edtico"},"content":{"rendered":"<p><img loading=\"lazy\" decoding=\"async\" class=\"alignnone wp-image-5007 size-large\" src=\"https:\/\/renatodias.online\/movimento\/wp-content\/uploads\/2021\/01\/Alto-da-p\u00e1gina-Banner-Exclusivo-1024x311.png\" alt=\"\" width=\"1024\" height=\"311\" \/><\/p>\n<h1 style=\"text-align: center;\"><span style=\"color: #0000ff;\"><strong>25 mil cartas a um preso pol\u00edtico<\/strong><\/span><\/h1>\n<h1 style=\"text-align: center;\"><span style=\"color: #ff6600;\"><strong>580 <\/strong><\/span><\/h1>\n<h1 style=\"text-align: center;\"><span style=\"color: #ff6600;\"><strong>dias na pris\u00e3o<\/strong><\/span><\/h1>\n<h1 style=\"text-align: center;\"><span style=\"color: #808000;\"><strong>\u00a0<\/strong><strong>O calv\u00e1rio e a solidariedade<\/strong><\/span><\/h1>\n<figure id=\"attachment_5361\" aria-describedby=\"caption-attachment-5361\" style=\"width: 112px\" class=\"wp-caption aligncenter\"><img loading=\"lazy\" decoding=\"async\" class=\"size-medium wp-image-5361\" src=\"https:\/\/renatodias.online\/movimento\/wp-content\/uploads\/2021\/03\/Luiz-Inacio-Lula-da-Silva-1-112x300.jpg\" alt=\"Luiz In\u00e1cio Lula da Silva \u2013 caricatura\" width=\"112\" height=\"300\" \/><figcaption id=\"caption-attachment-5361\" class=\"wp-caption-text\"><strong>Luiz In\u00e1cio Lula da Silva<\/strong><\/figcaption><\/figure>\n<h1 style=\"text-align: center;\"><strong>\u00a0<\/strong><span style=\"color: #ff0000;\"><strong>A Luiz In\u00e1cio Lula da Silva\u00a0<\/strong><\/span><\/h1>\n<p><strong>Renato Dias\u00a0<\/strong><\/p>\n<p><strong>Vinte e cinco mil.<\/strong> O n\u00famero exato de cartas enviadas ao ex-presidente da Rep\u00fablica Luiz In\u00e1cio Lula da Silva [PT] sob os 580 dias de pris\u00e3o na Superintend\u00eancia da [PF] Pol\u00edcia Federal, em Curitiba, Estado do Paran\u00e1. De 7 de abril de 2018 a 8 de novembro de 2019. Tempos sombrios. \u00c0 fr\u00e1gil democracia no Brasil. Com a ascens\u00e3o das direitas.<\/p>\n<figure id=\"attachment_9418\" aria-describedby=\"caption-attachment-9418\" style=\"width: 1030px\" class=\"wp-caption alignnone\"><img loading=\"lazy\" decoding=\"async\" class=\"wp-image-9418 size-large\" src=\"https:\/\/renatodias.online\/movimento\/wp-content\/uploads\/2021\/11\/Lula-em-dois-momentos-historicos-1030x1024.jpg\" alt=\"\" width=\"1030\" height=\"1024\" \/><figcaption id=\"caption-attachment-9418\" class=\"wp-caption-text\"><strong>Luiz In\u00e1cio Lula da Silva em dois momentos hist\u00f3ricos<\/strong><\/figcaption><\/figure>\n<p>Organizado por Maud Chirio, com apoio de Ernesto Bohoslavsky, Luciana Heymann, Ana Lag\u00fc\u00e9ns, Angela Moreira, al\u00e9m de Benito Schmidt, Adrianna Setembro, pref\u00e1cio de Emicida e orelha de Concei\u00e7\u00e3o Evaristo, a Boitempo Editorial lan\u00e7a dia 31 de maio Querido Lula _ Cartas a um presidente, 240 p\u00e1ginas,\u00a0 R$ 42,40. Detalhe: pr\u00e9-venda.<\/p>\n<figure id=\"attachment_3420\" aria-describedby=\"caption-attachment-3420\" style=\"width: 960px\" class=\"wp-caption alignnone\"><img loading=\"lazy\" decoding=\"async\" class=\"size-full wp-image-3420\" src=\"https:\/\/renatodias.online\/movimento\/wp-content\/uploads\/2020\/04\/7b0663af-1647-4bb3-9766-b0d2a96b61d4.jpg\" alt=\"\" width=\"960\" height=\"640\" \/><figcaption id=\"caption-attachment-3420\" class=\"wp-caption-text\"><strong>Sergio Moro<\/strong><\/figcaption><\/figure>\n<p><strong>A maior v\u00edtima da Lawfare do s\u00e9culo 21, no Brasil<\/strong> Republicano, o ex-metal\u00fargico foi afastado do cen\u00e1rio pol\u00edtico. Por implac\u00e1vel persegui\u00e7\u00e3o jur\u00eddica com motiva\u00e7\u00f5es pol\u00edticas expl\u00edcitas. Do juiz de Direito S\u00e9rgio Moro assim como do TRF 4, de Porto Alegre [RS]. Suposto Messias, Jair Bolsonaro ganhou as elei\u00e7\u00f5es e destruiu o Pa\u00eds.<\/p>\n<p>&nbsp;<\/p>\n<figure id=\"attachment_11439\" aria-describedby=\"caption-attachment-11439\" style=\"width: 550px\" class=\"wp-caption aligncenter\"><img loading=\"lazy\" decoding=\"async\" class=\"size-full wp-image-11439\" src=\"https:\/\/renatodias.online\/movimento\/wp-content\/uploads\/2022\/03\/Sergio-Moro-e-Jair-Bolsonaro-juntos.jpg\" alt=\"\" width=\"550\" height=\"367\" \/><figcaption id=\"caption-attachment-11439\" class=\"wp-caption-text\"><strong>Sergio Moro e Jair Bolsonaro<\/strong><\/figcaption><\/figure>\n<p>Apesar da repress\u00e3o policial e das amea\u00e7as de radicais, um acampamento em frente \u00e0 pris\u00e3o se formou. Destinadas ao prisioneiro cartas, livros, revistas, poemas e cord\u00e9is, b\u00edblias, fotografias, desenhos, roupas e cobertores, tecidos at\u00e9 pelas remetentes, bordados, gravuras, divindades de m\u00faltiplas religi\u00f5es e flores secas foram enviados.<\/p>\n<figure id=\"attachment_8599\" aria-describedby=\"caption-attachment-8599\" style=\"width: 1200px\" class=\"wp-caption alignnone\"><img loading=\"lazy\" decoding=\"async\" class=\"wp-image-8599 size-full\" src=\"https:\/\/renatodias.online\/movimento\/wp-content\/uploads\/2021\/08\/Michel-Foucault.jpg\" alt=\"\" width=\"1200\" height=\"675\" srcset=\"https:\/\/renatodias.online\/movimento\/wp-content\/uploads\/2021\/08\/Michel-Foucault.jpg 1200w, https:\/\/renatodias.online\/movimento\/wp-content\/uploads\/2021\/08\/Michel-Foucault-300x169.jpg 300w, https:\/\/renatodias.online\/movimento\/wp-content\/uploads\/2021\/08\/Michel-Foucault-768x432.jpg 768w, https:\/\/renatodias.online\/movimento\/wp-content\/uploads\/2021\/08\/Michel-Foucault-750x422.jpg 750w\" sizes=\"auto, (max-width: 1200px) 100vw, 1200px\" \/><figcaption id=\"caption-attachment-8599\" class=\"wp-caption-text\"><strong>Michel Foucault<\/strong><\/figcaption><\/figure>\n<p>A organizadora <strong>Maud Chirio publica 46 cartas selecionadas<\/strong>. Registro: com um caderno de imagens com fotografias das cartas e dos objetos remetidos. Elas mostram a vis\u00e3o dos que viram de longe o desenrolar da hist\u00f3ria.\u00a0 Solidariedade, amor e esperan\u00e7a ao prisioneiro. Carta \u00e9 uma forma de se fazer presente, diria <strong>Michel Foucault<\/strong>.<\/p>\n<p>&nbsp;<\/p>\n<p><img loading=\"lazy\" decoding=\"async\" class=\"size-medium wp-image-12490 aligncenter\" src=\"https:\/\/renatodias.online\/movimento\/wp-content\/uploads\/2022\/05\/Trechos-do-livro-300x300.jpg\" alt=\"\" width=\"300\" height=\"300\" \/><\/p>\n<p><span style=\"color: #0000ff;\"><strong>&#8216;A partir de 2003, comecei a ver seu poder de transforma\u00e7\u00e3o. Paulatinamente, vi a mis\u00e9ria no meu Estado regredir, vi diminuir o n\u00famero de pedintes nas ruas, vi o pobre ter acesso a curso superior, vi gente comemorando a chegada de energia el\u00e9trica em sua casa, vi o pobre descortinar seus horizontes, pegando um avi\u00e3o e descobrindo que o mundo a ele tamb\u00e9m pertencia. Vi direitos assegurados a nossas dom\u00e9sticas, que de nossas casas tiveram a feliz oportunidade de sair com seus diplomas em m\u00e3os. E vi que pra isso tudo, minha vida n\u00e3o tinha piorado. Pelo contr\u00e1rio, s\u00f3 melhorou. Da\u00ed que ainda n\u00e3o consigo compreender a raiva que a maioria das pessoas pertencentes a minha classe sente por conta de tais conquistas&#8217;<\/strong>.<\/span> <strong>\u2013 <span style=\"color: #008000;\">Ana Carolina, Teresina, 13 de abril de 2018<\/span><\/strong><\/p>\n<figure id=\"attachment_12527\" aria-describedby=\"caption-attachment-12527\" style=\"width: 198px\" class=\"wp-caption aligncenter\"><img loading=\"lazy\" decoding=\"async\" class=\"size-full wp-image-12527\" src=\"https:\/\/renatodias.online\/movimento\/wp-content\/uploads\/2022\/05\/Maud-Chirio.jpg\" alt=\"\" width=\"198\" height=\"264\" \/><figcaption id=\"caption-attachment-12527\" class=\"wp-caption-text\"><strong>Maud Chirio, organizadora<\/strong><\/figcaption><\/figure>\n<p>&nbsp;<\/p>\n","protected":false},"excerpt":{"rendered":"<p>25 mil cartas a um preso pol\u00edtico 580 dias na pris\u00e3o \u00a0O calv\u00e1rio e a solidariedade \u00a0A Luiz In\u00e1cio Lula da Silva\u00a0 Renato Dias\u00a0 Vinte e cinco mil. O n\u00famero exato de cartas enviadas ao ex-presidente da Rep\u00fablica Luiz In\u00e1cio Lula da Silva [PT] sob os 580 dias de pris\u00e3o na Superintend\u00eancia da [PF] Pol\u00edcia<\/p>\n","protected":false},"author":2,"featured_media":12526,"comment_status":"open","ping_status":"open","sticky":false,"template":"","format":"standard","meta":{"_acf_changed":false,"_monsterinsights_skip_tracking":false,"_monsterinsights_sitenote_active":false,"_monsterinsights_sitenote_note":"","_monsterinsights_sitenote_category":0,"footnotes":""},"categories":[4],"tags":[],"class_list":["post-12525","post","type-post","status-publish","format-standard","has-post-thumbnail","hentry","category-politica"],"acf":[],"yoast_head":"<!-- This site is optimized with the Yoast SEO plugin v27.4 - https:\/\/yoast.com\/product\/yoast-seo-wordpress\/ -->\n<title>25 mil cartas a um preso pol\u00edtico -<\/title>\n<meta name=\"robots\" content=\"index, follow, max-snippet:-1, max-image-preview:large, max-video-preview:-1\" \/>\n<link rel=\"canonical\" href=\"https:\/\/renatodias.online\/movimento\/2022\/05\/26\/25-mil-cartas-a-um-preso-politico\/\" \/>\n<meta property=\"og:locale\" content=\"pt_BR\" \/>\n<meta property=\"og:type\" content=\"article\" \/>\n<meta property=\"og:title\" content=\"25 mil cartas a um preso pol\u00edtico -\" \/>\n<meta property=\"og:description\" content=\"25 mil cartas a um preso pol\u00edtico 580 dias na pris\u00e3o \u00a0O calv\u00e1rio e a solidariedade \u00a0A Luiz In\u00e1cio Lula da Silva\u00a0 Renato Dias\u00a0 Vinte e cinco mil. O n\u00famero exato de cartas enviadas ao ex-presidente da Rep\u00fablica Luiz In\u00e1cio Lula da Silva [PT] sob os 580 dias de pris\u00e3o na Superintend\u00eancia da [PF] Pol\u00edcia\" \/>\n<meta property=\"og:url\" content=\"https:\/\/renatodias.online\/movimento\/2022\/05\/26\/25-mil-cartas-a-um-preso-politico\/\" \/>\n<meta property=\"article:publisher\" content=\"https:\/\/www.facebook.com\/renato.dias.37\" \/>\n<meta property=\"article:author\" content=\"https:\/\/www.facebook.com\/renato.dias.37\" \/>\n<meta property=\"article:published_time\" content=\"2022-05-27T02:56:09+00:00\" \/>\n<meta property=\"og:image\" content=\"https:\/\/renatodias.online\/movimento\/wp-content\/uploads\/2022\/05\/Card-Lula-e1653619860470.png\" \/>\n\t<meta property=\"og:image:width\" content=\"310\" \/>\n\t<meta property=\"og:image:height\" content=\"387\" \/>\n\t<meta property=\"og:image:type\" content=\"image\/png\" \/>\n<meta name=\"author\" content=\"Renato Dias\" \/>\n<meta name=\"twitter:card\" content=\"summary_large_image\" \/>\n<meta name=\"twitter:creator\" content=\"@RenatoDiasBat\" \/>\n<meta name=\"twitter:site\" content=\"@RenatoDiasBat\" \/>\n<meta name=\"twitter:label1\" content=\"Escrito por\" \/>\n\t<meta name=\"twitter:data1\" content=\"Renato Dias\" \/>\n\t<meta name=\"twitter:label2\" content=\"Est. tempo de leitura\" \/>\n\t<meta name=\"twitter:data2\" content=\"3 minutos\" \/>\n<script type=\"application\/ld+json\" class=\"yoast-schema-graph\">{\"@context\":\"https:\\\/\\\/schema.org\",\"@graph\":[{\"@type\":\"Article\",\"@id\":\"https:\\\/\\\/renatodias.online\\\/movimento\\\/2022\\\/05\\\/26\\\/25-mil-cartas-a-um-preso-politico\\\/#article\",\"isPartOf\":{\"@id\":\"https:\\\/\\\/renatodias.online\\\/movimento\\\/2022\\\/05\\\/26\\\/25-mil-cartas-a-um-preso-politico\\\/\"},\"author\":{\"name\":\"Renato Dias\",\"@id\":\"https:\\\/\\\/renatodias.online\\\/movimento\\\/#\\\/schema\\\/person\\\/bbab28833b1725a20f4083f49f1fb2a9\"},\"headline\":\"25 mil cartas a um preso pol\u00edtico\",\"datePublished\":\"2022-05-27T02:56:09+00:00\",\"mainEntityOfPage\":{\"@id\":\"https:\\\/\\\/renatodias.online\\\/movimento\\\/2022\\\/05\\\/26\\\/25-mil-cartas-a-um-preso-politico\\\/\"},\"wordCount\":532,\"commentCount\":0,\"publisher\":{\"@id\":\"https:\\\/\\\/renatodias.online\\\/movimento\\\/#\\\/schema\\\/person\\\/bbab28833b1725a20f4083f49f1fb2a9\"},\"image\":{\"@id\":\"https:\\\/\\\/renatodias.online\\\/movimento\\\/2022\\\/05\\\/26\\\/25-mil-cartas-a-um-preso-politico\\\/#primaryimage\"},\"thumbnailUrl\":\"https:\\\/\\\/renatodias.online\\\/movimento\\\/wp-content\\\/uploads\\\/2022\\\/05\\\/Card-Lula-e1653619860470.png\",\"articleSection\":[\"Pol\u00edtica\"],\"inLanguage\":\"pt-BR\",\"potentialAction\":[{\"@type\":\"CommentAction\",\"name\":\"Comment\",\"target\":[\"https:\\\/\\\/renatodias.online\\\/movimento\\\/2022\\\/05\\\/26\\\/25-mil-cartas-a-um-preso-politico\\\/#respond\"]}]},{\"@type\":\"WebPage\",\"@id\":\"https:\\\/\\\/renatodias.online\\\/movimento\\\/2022\\\/05\\\/26\\\/25-mil-cartas-a-um-preso-politico\\\/\",\"url\":\"https:\\\/\\\/renatodias.online\\\/movimento\\\/2022\\\/05\\\/26\\\/25-mil-cartas-a-um-preso-politico\\\/\",\"name\":\"25 mil cartas a um preso pol\u00edtico -\",\"isPartOf\":{\"@id\":\"https:\\\/\\\/renatodias.online\\\/movimento\\\/#website\"},\"primaryImageOfPage\":{\"@id\":\"https:\\\/\\\/renatodias.online\\\/movimento\\\/2022\\\/05\\\/26\\\/25-mil-cartas-a-um-preso-politico\\\/#primaryimage\"},\"image\":{\"@id\":\"https:\\\/\\\/renatodias.online\\\/movimento\\\/2022\\\/05\\\/26\\\/25-mil-cartas-a-um-preso-politico\\\/#primaryimage\"},\"thumbnailUrl\":\"https:\\\/\\\/renatodias.online\\\/movimento\\\/wp-content\\\/uploads\\\/2022\\\/05\\\/Card-Lula-e1653619860470.png\",\"datePublished\":\"2022-05-27T02:56:09+00:00\",\"breadcrumb\":{\"@id\":\"https:\\\/\\\/renatodias.online\\\/movimento\\\/2022\\\/05\\\/26\\\/25-mil-cartas-a-um-preso-politico\\\/#breadcrumb\"},\"inLanguage\":\"pt-BR\",\"potentialAction\":[{\"@type\":\"ReadAction\",\"target\":[\"https:\\\/\\\/renatodias.online\\\/movimento\\\/2022\\\/05\\\/26\\\/25-mil-cartas-a-um-preso-politico\\\/\"]}]},{\"@type\":\"ImageObject\",\"inLanguage\":\"pt-BR\",\"@id\":\"https:\\\/\\\/renatodias.online\\\/movimento\\\/2022\\\/05\\\/26\\\/25-mil-cartas-a-um-preso-politico\\\/#primaryimage\",\"url\":\"https:\\\/\\\/renatodias.online\\\/movimento\\\/wp-content\\\/uploads\\\/2022\\\/05\\\/Card-Lula-e1653619860470.png\",\"contentUrl\":\"https:\\\/\\\/renatodias.online\\\/movimento\\\/wp-content\\\/uploads\\\/2022\\\/05\\\/Card-Lula-e1653619860470.png\",\"width\":310,\"height\":387,\"caption\":\"Cartas a Lula\"},{\"@type\":\"BreadcrumbList\",\"@id\":\"https:\\\/\\\/renatodias.online\\\/movimento\\\/2022\\\/05\\\/26\\\/25-mil-cartas-a-um-preso-politico\\\/#breadcrumb\",\"itemListElement\":[{\"@type\":\"ListItem\",\"position\":1,\"name\":\"In\u00edcio\",\"item\":\"https:\\\/\\\/renatodias.online\\\/movimento\\\/\"},{\"@type\":\"ListItem\",\"position\":2,\"name\":\"25 mil cartas a um preso pol\u00edtico\"}]},{\"@type\":\"WebSite\",\"@id\":\"https:\\\/\\\/renatodias.online\\\/movimento\\\/#website\",\"url\":\"https:\\\/\\\/renatodias.online\\\/movimento\\\/\",\"name\":\"\",\"description\":\"\",\"publisher\":{\"@id\":\"https:\\\/\\\/renatodias.online\\\/movimento\\\/#\\\/schema\\\/person\\\/bbab28833b1725a20f4083f49f1fb2a9\"},\"potentialAction\":[{\"@type\":\"SearchAction\",\"target\":{\"@type\":\"EntryPoint\",\"urlTemplate\":\"https:\\\/\\\/renatodias.online\\\/movimento\\\/?s={search_term_string}\"},\"query-input\":{\"@type\":\"PropertyValueSpecification\",\"valueRequired\":true,\"valueName\":\"search_term_string\"}}],\"inLanguage\":\"pt-BR\"},{\"@type\":[\"Person\",\"Organization\"],\"@id\":\"https:\\\/\\\/renatodias.online\\\/movimento\\\/#\\\/schema\\\/person\\\/bbab28833b1725a20f4083f49f1fb2a9\",\"name\":\"Renato Dias\",\"image\":{\"@type\":\"ImageObject\",\"inLanguage\":\"pt-BR\",\"@id\":\"https:\\\/\\\/renatodias.online\\\/movimento\\\/wp-content\\\/uploads\\\/2023\\\/03\\\/cropped-cropped-cropped-logofinal.jpeg\",\"url\":\"https:\\\/\\\/renatodias.online\\\/movimento\\\/wp-content\\\/uploads\\\/2023\\\/03\\\/cropped-cropped-cropped-logofinal.jpeg\",\"contentUrl\":\"https:\\\/\\\/renatodias.online\\\/movimento\\\/wp-content\\\/uploads\\\/2023\\\/03\\\/cropped-cropped-cropped-logofinal.jpeg\",\"width\":1280,\"height\":219,\"caption\":\"Renato Dias\"},\"logo\":{\"@id\":\"https:\\\/\\\/renatodias.online\\\/movimento\\\/wp-content\\\/uploads\\\/2023\\\/03\\\/cropped-cropped-cropped-logofinal.jpeg\"},\"description\":\"Renato Dias, 58 anos, \u00e9 graduado em Jornalismo, formado em Ci\u00eancias Sociais, com p\u00f3s-gradua\u00e7\u00e3o em Pol\u00edticas P\u00fablicas, mestre em Direito e Rela\u00e7\u00f5es Internacionais, ex-aluno extraordin\u00e1rio do Doutorado em Psicologia Social, ex-estudante do Curso de Psican\u00e1lise do Centro de Estudos Psicanal\u00edticos do Estado de Goi\u00e1s, ministrado pelo m\u00e9dico psiquiatra e psicanalista Daniel Em\u00eddio de Souza. \u00c9 autor de 30 livros-reportagem, oito document\u00e1rios, ganhou 30 pr\u00eamios e \u00e9 torcedor apaixonado do maior do Centro-Oeste, o Vila Nova Futebol Clube. Casado com Meirilane Dias, \u00e9 pai de Juliana Dias, jornalista; Daniel Dias, economista; e Maria Rosa Dias, estudante antifascista, socialista e trotskista.\u00a0Com tr\u00eas pets: Porquinho [Bull Dog Franc\u00eas], Dalila [Basset Hound] e Geleia [Basset Hound]. Al\u00e9m do eterno gato Tutuquinho, que virou estrela.\",\"sameAs\":[\"https:\\\/\\\/www.facebook.com\\\/renato.dias.37\",\"#breve\",\"https:\\\/\\\/renatodias.tumblr.com\\\/\"],\"url\":\"https:\\\/\\\/renatodias.online\\\/movimento\\\/author\\\/renatodias\\\/\"}]}<\/script>\n<!-- \/ Yoast SEO plugin. -->","yoast_head_json":{"title":"25 mil cartas a um preso pol\u00edtico -","robots":{"index":"index","follow":"follow","max-snippet":"max-snippet:-1","max-image-preview":"max-image-preview:large","max-video-preview":"max-video-preview:-1"},"canonical":"https:\/\/renatodias.online\/movimento\/2022\/05\/26\/25-mil-cartas-a-um-preso-politico\/","og_locale":"pt_BR","og_type":"article","og_title":"25 mil cartas a um preso pol\u00edtico -","og_description":"25 mil cartas a um preso pol\u00edtico 580 dias na pris\u00e3o \u00a0O calv\u00e1rio e a solidariedade \u00a0A Luiz In\u00e1cio Lula da Silva\u00a0 Renato Dias\u00a0 Vinte e cinco mil. O n\u00famero exato de cartas enviadas ao ex-presidente da Rep\u00fablica Luiz In\u00e1cio Lula da Silva [PT] sob os 580 dias de pris\u00e3o na Superintend\u00eancia da [PF] Pol\u00edcia","og_url":"https:\/\/renatodias.online\/movimento\/2022\/05\/26\/25-mil-cartas-a-um-preso-politico\/","article_publisher":"https:\/\/www.facebook.com\/renato.dias.37","article_author":"https:\/\/www.facebook.com\/renato.dias.37","article_published_time":"2022-05-27T02:56:09+00:00","og_image":[{"width":310,"height":387,"url":"https:\/\/renatodias.online\/movimento\/wp-content\/uploads\/2022\/05\/Card-Lula-e1653619860470.png","type":"image\/png"}],"author":"Renato Dias","twitter_card":"summary_large_image","twitter_creator":"@RenatoDiasBat","twitter_site":"@RenatoDiasBat","twitter_misc":{"Escrito por":"Renato Dias","Est. tempo de leitura":"3 minutos"},"schema":{"@context":"https:\/\/schema.org","@graph":[{"@type":"Article","@id":"https:\/\/renatodias.online\/movimento\/2022\/05\/26\/25-mil-cartas-a-um-preso-politico\/#article","isPartOf":{"@id":"https:\/\/renatodias.online\/movimento\/2022\/05\/26\/25-mil-cartas-a-um-preso-politico\/"},"author":{"name":"Renato Dias","@id":"https:\/\/renatodias.online\/movimento\/#\/schema\/person\/bbab28833b1725a20f4083f49f1fb2a9"},"headline":"25 mil cartas a um preso pol\u00edtico","datePublished":"2022-05-27T02:56:09+00:00","mainEntityOfPage":{"@id":"https:\/\/renatodias.online\/movimento\/2022\/05\/26\/25-mil-cartas-a-um-preso-politico\/"},"wordCount":532,"commentCount":0,"publisher":{"@id":"https:\/\/renatodias.online\/movimento\/#\/schema\/person\/bbab28833b1725a20f4083f49f1fb2a9"},"image":{"@id":"https:\/\/renatodias.online\/movimento\/2022\/05\/26\/25-mil-cartas-a-um-preso-politico\/#primaryimage"},"thumbnailUrl":"https:\/\/renatodias.online\/movimento\/wp-content\/uploads\/2022\/05\/Card-Lula-e1653619860470.png","articleSection":["Pol\u00edtica"],"inLanguage":"pt-BR","potentialAction":[{"@type":"CommentAction","name":"Comment","target":["https:\/\/renatodias.online\/movimento\/2022\/05\/26\/25-mil-cartas-a-um-preso-politico\/#respond"]}]},{"@type":"WebPage","@id":"https:\/\/renatodias.online\/movimento\/2022\/05\/26\/25-mil-cartas-a-um-preso-politico\/","url":"https:\/\/renatodias.online\/movimento\/2022\/05\/26\/25-mil-cartas-a-um-preso-politico\/","name":"25 mil cartas a um preso pol\u00edtico -","isPartOf":{"@id":"https:\/\/renatodias.online\/movimento\/#website"},"primaryImageOfPage":{"@id":"https:\/\/renatodias.online\/movimento\/2022\/05\/26\/25-mil-cartas-a-um-preso-politico\/#primaryimage"},"image":{"@id":"https:\/\/renatodias.online\/movimento\/2022\/05\/26\/25-mil-cartas-a-um-preso-politico\/#primaryimage"},"thumbnailUrl":"https:\/\/renatodias.online\/movimento\/wp-content\/uploads\/2022\/05\/Card-Lula-e1653619860470.png","datePublished":"2022-05-27T02:56:09+00:00","breadcrumb":{"@id":"https:\/\/renatodias.online\/movimento\/2022\/05\/26\/25-mil-cartas-a-um-preso-politico\/#breadcrumb"},"inLanguage":"pt-BR","potentialAction":[{"@type":"ReadAction","target":["https:\/\/renatodias.online\/movimento\/2022\/05\/26\/25-mil-cartas-a-um-preso-politico\/"]}]},{"@type":"ImageObject","inLanguage":"pt-BR","@id":"https:\/\/renatodias.online\/movimento\/2022\/05\/26\/25-mil-cartas-a-um-preso-politico\/#primaryimage","url":"https:\/\/renatodias.online\/movimento\/wp-content\/uploads\/2022\/05\/Card-Lula-e1653619860470.png","contentUrl":"https:\/\/renatodias.online\/movimento\/wp-content\/uploads\/2022\/05\/Card-Lula-e1653619860470.png","width":310,"height":387,"caption":"Cartas a Lula"},{"@type":"BreadcrumbList","@id":"https:\/\/renatodias.online\/movimento\/2022\/05\/26\/25-mil-cartas-a-um-preso-politico\/#breadcrumb","itemListElement":[{"@type":"ListItem","position":1,"name":"In\u00edcio","item":"https:\/\/renatodias.online\/movimento\/"},{"@type":"ListItem","position":2,"name":"25 mil cartas a um preso pol\u00edtico"}]},{"@type":"WebSite","@id":"https:\/\/renatodias.online\/movimento\/#website","url":"https:\/\/renatodias.online\/movimento\/","name":"","description":"","publisher":{"@id":"https:\/\/renatodias.online\/movimento\/#\/schema\/person\/bbab28833b1725a20f4083f49f1fb2a9"},"potentialAction":[{"@type":"SearchAction","target":{"@type":"EntryPoint","urlTemplate":"https:\/\/renatodias.online\/movimento\/?s={search_term_string}"},"query-input":{"@type":"PropertyValueSpecification","valueRequired":true,"valueName":"search_term_string"}}],"inLanguage":"pt-BR"},{"@type":["Person","Organization"],"@id":"https:\/\/renatodias.online\/movimento\/#\/schema\/person\/bbab28833b1725a20f4083f49f1fb2a9","name":"Renato Dias","image":{"@type":"ImageObject","inLanguage":"pt-BR","@id":"https:\/\/renatodias.online\/movimento\/wp-content\/uploads\/2023\/03\/cropped-cropped-cropped-logofinal.jpeg","url":"https:\/\/renatodias.online\/movimento\/wp-content\/uploads\/2023\/03\/cropped-cropped-cropped-logofinal.jpeg","contentUrl":"https:\/\/renatodias.online\/movimento\/wp-content\/uploads\/2023\/03\/cropped-cropped-cropped-logofinal.jpeg","width":1280,"height":219,"caption":"Renato Dias"},"logo":{"@id":"https:\/\/renatodias.online\/movimento\/wp-content\/uploads\/2023\/03\/cropped-cropped-cropped-logofinal.jpeg"},"description":"Renato Dias, 58 anos, \u00e9 graduado em Jornalismo, formado em Ci\u00eancias Sociais, com p\u00f3s-gradua\u00e7\u00e3o em Pol\u00edticas P\u00fablicas, mestre em Direito e Rela\u00e7\u00f5es Internacionais, ex-aluno extraordin\u00e1rio do Doutorado em Psicologia Social, ex-estudante do Curso de Psican\u00e1lise do Centro de Estudos Psicanal\u00edticos do Estado de Goi\u00e1s, ministrado pelo m\u00e9dico psiquiatra e psicanalista Daniel Em\u00eddio de Souza. \u00c9 autor de 30 livros-reportagem, oito document\u00e1rios, ganhou 30 pr\u00eamios e \u00e9 torcedor apaixonado do maior do Centro-Oeste, o Vila Nova Futebol Clube. Casado com Meirilane Dias, \u00e9 pai de Juliana Dias, jornalista; Daniel Dias, economista; e Maria Rosa Dias, estudante antifascista, socialista e trotskista.\u00a0Com tr\u00eas pets: Porquinho [Bull Dog Franc\u00eas], Dalila [Basset Hound] e Geleia [Basset Hound]. Al\u00e9m do eterno gato Tutuquinho, que virou estrela.","sameAs":["https:\/\/www.facebook.com\/renato.dias.37","#breve","https:\/\/renatodias.tumblr.com\/"],"url":"https:\/\/renatodias.online\/movimento\/author\/renatodias\/"}]}},"_links":{"self":[{"href":"https:\/\/renatodias.online\/movimento\/wp-json\/wp\/v2\/posts\/12525","targetHints":{"allow":["GET"]}}],"collection":[{"href":"https:\/\/renatodias.online\/movimento\/wp-json\/wp\/v2\/posts"}],"about":[{"href":"https:\/\/renatodias.online\/movimento\/wp-json\/wp\/v2\/types\/post"}],"author":[{"embeddable":true,"href":"https:\/\/renatodias.online\/movimento\/wp-json\/wp\/v2\/users\/2"}],"replies":[{"embeddable":true,"href":"https:\/\/renatodias.online\/movimento\/wp-json\/wp\/v2\/comments?post=12525"}],"version-history":[{"count":1,"href":"https:\/\/renatodias.online\/movimento\/wp-json\/wp\/v2\/posts\/12525\/revisions"}],"predecessor-version":[{"id":12528,"href":"https:\/\/renatodias.online\/movimento\/wp-json\/wp\/v2\/posts\/12525\/revisions\/12528"}],"wp:featuredmedia":[{"embeddable":true,"href":"https:\/\/renatodias.online\/movimento\/wp-json\/wp\/v2\/media\/12526"}],"wp:attachment":[{"href":"https:\/\/renatodias.online\/movimento\/wp-json\/wp\/v2\/media?parent=12525"}],"wp:term":[{"taxonomy":"category","embeddable":true,"href":"https:\/\/renatodias.online\/movimento\/wp-json\/wp\/v2\/categories?post=12525"},{"taxonomy":"post_tag","embeddable":true,"href":"https:\/\/renatodias.online\/movimento\/wp-json\/wp\/v2\/tags?post=12525"}],"curies":[{"name":"wp","href":"https:\/\/api.w.org\/{rel}","templated":true}]}}