{"id":12464,"date":"2022-05-23T13:38:26","date_gmt":"2022-05-23T16:38:26","guid":{"rendered":"https:\/\/renatodias.online\/movimento\/?p=12464"},"modified":"2022-05-23T13:40:11","modified_gmt":"2022-05-23T16:40:11","slug":"peixoto-abre-campanha-de-filiacao","status":"publish","type":"post","link":"https:\/\/renatodias.online\/movimento\/2022\/05\/23\/peixoto-abre-campanha-de-filiacao\/","title":{"rendered":"Peixoto abre campanha de filia\u00e7\u00e3o"},"content":{"rendered":"<p><strong><img loading=\"lazy\" decoding=\"async\" class=\"wp-image-11445 size-full aligncenter\" src=\"https:\/\/renatodias.online\/movimento\/wp-content\/uploads\/2022\/03\/Eleicoes-de-2022.jpeg\" alt=\"\" width=\"639\" height=\"361\" srcset=\"https:\/\/renatodias.online\/movimento\/wp-content\/uploads\/2022\/03\/Eleicoes-de-2022.jpeg 639w, https:\/\/renatodias.online\/movimento\/wp-content\/uploads\/2022\/03\/Eleicoes-de-2022-300x169.jpeg 300w\" sizes=\"auto, (max-width: 639px) 100vw, 639px\" \/><\/strong><\/p>\n<h1 style=\"text-align: center;\"><strong>\u00a0<\/strong><span style=\"color: #333399;\"><strong>Estrat\u00e9gia \u00e9 fortalecer o Solidariedade<\/strong><\/span><\/h1>\n<h1 style=\"text-align: center;\"><strong><img loading=\"lazy\" decoding=\"async\" class=\"size-medium wp-image-12465 aligncenter\" src=\"https:\/\/renatodias.online\/movimento\/wp-content\/uploads\/2022\/05\/Partido-Solidariedade-300x200.jpg\" alt=\"\" width=\"300\" height=\"200\" srcset=\"https:\/\/renatodias.online\/movimento\/wp-content\/uploads\/2022\/05\/Partido-Solidariedade-300x200.jpg 300w, https:\/\/renatodias.online\/movimento\/wp-content\/uploads\/2022\/05\/Partido-Solidariedade-1536x1024.jpg 1536w, https:\/\/renatodias.online\/movimento\/wp-content\/uploads\/2022\/05\/Partido-Solidariedade-768x512.jpg 768w, https:\/\/renatodias.online\/movimento\/wp-content\/uploads\/2022\/05\/Partido-Solidariedade-2048x1365.jpg 2048w, https:\/\/renatodias.online\/movimento\/wp-content\/uploads\/2022\/05\/Partido-Solidariedade-360x240.jpg 360w, https:\/\/renatodias.online\/movimento\/wp-content\/uploads\/2022\/05\/Partido-Solidariedade-750x500.jpg 750w\" sizes=\"auto, (max-width: 300px) 100vw, 300px\" \/>\u00a0<\/strong><\/h1>\n<h1 style=\"text-align: center;\"><span style=\"color: #ff6600;\"><strong>Empres\u00e1rio disputa C\u00e2mara Federal<\/strong><\/span><\/h1>\n<figure id=\"attachment_5225\" aria-describedby=\"caption-attachment-5225\" style=\"width: 305px\" class=\"wp-caption aligncenter\"><img loading=\"lazy\" decoding=\"async\" class=\"wp-image-5225 size-full\" src=\"https:\/\/renatodias.online\/movimento\/wp-content\/uploads\/2021\/02\/Congresso-Nacional-Reforma-Tribut\u00e1ria.jpg\" alt=\"\" width=\"305\" height=\"165\" srcset=\"https:\/\/renatodias.online\/movimento\/wp-content\/uploads\/2021\/02\/Congresso-Nacional-Reforma-Tribut\u00e1ria.jpg 305w, https:\/\/renatodias.online\/movimento\/wp-content\/uploads\/2021\/02\/Congresso-Nacional-Reforma-Tribut\u00e1ria-300x162.jpg 300w\" sizes=\"auto, (max-width: 305px) 100vw, 305px\" \/><figcaption id=\"caption-attachment-5225\" class=\"wp-caption-text\"><strong>Congresso Nacional<\/strong><\/figcaption><\/figure>\n<p>&nbsp;<\/p>\n<div style=\"width: 640px;\" class=\"wp-video\"><!--[if lt IE 9]><script>document.createElement('video');<\/script><![endif]-->\n<video class=\"wp-video-shortcode\" id=\"video-12464-1\" width=\"640\" height=\"368\" preload=\"metadata\" controls=\"controls\"><source type=\"video\/mp4\" src=\"https:\/\/renatodias.online\/movimento\/wp-content\/uploads\/2022\/05\/VID-20220520-WA0012.mp4?_=1\" \/><a href=\"https:\/\/renatodias.online\/movimento\/wp-content\/uploads\/2022\/05\/VID-20220520-WA0012.mp4\">https:\/\/renatodias.online\/movimento\/wp-content\/uploads\/2022\/05\/VID-20220520-WA0012.mp4<\/a><\/video><\/div>\n<p><strong>Renato Dias<\/strong><\/p>\n<p>O suplente de vereador em Goi\u00e2nia Sebasti\u00e3o Peixoto deflagra, hoje, campanha de filia\u00e7\u00e3o em massa ao Solidariedade. O presidente nacional da legenda \u00e9 Paulo Pereira [Paulinho da For\u00e7a Sindical]. O deputado federal Lucas Verg\u00edlio preside a sigla em Goi\u00e1s. Armando Verg\u00edlio, no DF<\/p>\n<blockquote>\n<h1><span style=\"color: #0000ff;\"><strong>Pai de Wellington Peixoto e de Bruno Peixoto<\/strong><\/span><\/h1>\n<\/blockquote>\n<p style=\"text-align: right;\"><strong><span style=\"color: #008000;\">Sebasti\u00e3o Peixoto<\/span>\u00a0<\/strong><\/p>\n<p>Pai do deputado estadual e l\u00edder do Governo, Bruno Peixoto, e do diretor-geral da C\u00e2mara Municipal, Wellington Peixoto, ele anuncia a sua pr\u00e9-candidatura \u00e0 C\u00e2mara dos Deputados, Bras\u00edlia, a capital da Rep\u00fablica. Com uma agenda pol\u00edtica que defende o fim da dolariza\u00e7\u00e3o dos combust\u00edveis.<\/p>\n<blockquote>\n<h1><span style=\"color: #0000ff;\"><strong>Um novo Brasil p\u00f3s 2023<\/strong><\/span><\/h1>\n<\/blockquote>\n<p style=\"text-align: right;\"><span style=\"color: #008000;\"><strong>Sebasti\u00e3o Peixoto<\/strong><\/span><\/p>\n<p>Produtor rural, empres\u00e1rio do ramo de combust\u00edveis, ex-vereador, ex-presidente do Atl\u00e9tico Clube Goianiense, al\u00e9m do IMAS, assim como da Agetul, Sebasti\u00e3o Peixoto \u00e9 um advogado graduado na atual PUC [Goi\u00e1s]. Um Brasil diferente p\u00f3s 2023 \u00e9 poss\u00edvel, ele afirma, animado.<\/p>\n<figure id=\"attachment_8500\" aria-describedby=\"caption-attachment-8500\" style=\"width: 2560px\" class=\"wp-caption alignnone\"><img loading=\"lazy\" decoding=\"async\" class=\"size-full wp-image-8500\" src=\"https:\/\/renatodias.online\/movimento\/wp-content\/uploads\/2021\/08\/Sebastiao-Peixoto-vereador-scaled.jpg\" alt=\"\" width=\"2560\" height=\"1707\" \/><figcaption id=\"caption-attachment-8500\" class=\"wp-caption-text\"><strong>Sebasti\u00e3o Peixoto, no exerc\u00edcio do mandato de vereador em Goi\u00e2nia<\/strong><\/figcaption><\/figure>\n","protected":false},"excerpt":{"rendered":"<p>\u00a0Estrat\u00e9gia \u00e9 fortalecer o Solidariedade \u00a0 Empres\u00e1rio disputa C\u00e2mara Federal &nbsp; Renato Dias O suplente de vereador em Goi\u00e2nia Sebasti\u00e3o Peixoto deflagra, hoje, campanha de filia\u00e7\u00e3o em massa ao Solidariedade. O presidente nacional da legenda \u00e9 Paulo Pereira [Paulinho da For\u00e7a Sindical]. O deputado federal Lucas Verg\u00edlio preside a sigla em Goi\u00e1s. Armando Verg\u00edlio, no<\/p>\n","protected":false},"author":2,"featured_media":9162,"comment_status":"open","ping_status":"open","sticky":false,"template":"","format":"standard","meta":{"_acf_changed":false,"_monsterinsights_skip_tracking":false,"_monsterinsights_sitenote_active":false,"_monsterinsights_sitenote_note":"","_monsterinsights_sitenote_category":0,"footnotes":""},"categories":[4],"tags":[],"class_list":["post-12464","post","type-post","status-publish","format-standard","has-post-thumbnail","hentry","category-politica"],"acf":[],"yoast_head":"<!-- This site is optimized with the Yoast SEO plugin v27.4 - https:\/\/yoast.com\/product\/yoast-seo-wordpress\/ -->\n<title>Peixoto abre campanha de filia\u00e7\u00e3o -<\/title>\n<meta name=\"robots\" content=\"index, follow, max-snippet:-1, max-image-preview:large, max-video-preview:-1\" \/>\n<link rel=\"canonical\" href=\"https:\/\/renatodias.online\/movimento\/2022\/05\/23\/peixoto-abre-campanha-de-filiacao\/\" \/>\n<meta property=\"og:locale\" content=\"pt_BR\" \/>\n<meta property=\"og:type\" content=\"article\" \/>\n<meta property=\"og:title\" content=\"Peixoto abre campanha de filia\u00e7\u00e3o -\" \/>\n<meta property=\"og:description\" content=\"\u00a0Estrat\u00e9gia \u00e9 fortalecer o Solidariedade \u00a0 Empres\u00e1rio disputa C\u00e2mara Federal &nbsp; Renato Dias O suplente de vereador em Goi\u00e2nia Sebasti\u00e3o Peixoto deflagra, hoje, campanha de filia\u00e7\u00e3o em massa ao Solidariedade. O presidente nacional da legenda \u00e9 Paulo Pereira [Paulinho da For\u00e7a Sindical]. O deputado federal Lucas Verg\u00edlio preside a sigla em Goi\u00e1s. Armando Verg\u00edlio, no\" \/>\n<meta property=\"og:url\" content=\"https:\/\/renatodias.online\/movimento\/2022\/05\/23\/peixoto-abre-campanha-de-filiacao\/\" \/>\n<meta property=\"article:publisher\" content=\"https:\/\/www.facebook.com\/renato.dias.37\" \/>\n<meta property=\"article:author\" content=\"https:\/\/www.facebook.com\/renato.dias.37\" \/>\n<meta property=\"article:published_time\" content=\"2022-05-23T16:38:26+00:00\" \/>\n<meta property=\"article:modified_time\" content=\"2022-05-23T16:40:11+00:00\" \/>\n<meta property=\"og:image\" content=\"https:\/\/renatodias.online\/movimento\/wp-content\/uploads\/2021\/09\/Suplente-de-vereador-Sebastiao-Peixoto-e1646620052462.jpeg\" \/>\n\t<meta property=\"og:image:width\" content=\"360\" \/>\n\t<meta property=\"og:image:height\" content=\"240\" \/>\n\t<meta property=\"og:image:type\" content=\"image\/jpeg\" \/>\n<meta name=\"author\" content=\"Renato Dias\" \/>\n<meta name=\"twitter:card\" content=\"summary_large_image\" \/>\n<meta name=\"twitter:creator\" content=\"@RenatoDiasBat\" \/>\n<meta name=\"twitter:site\" content=\"@RenatoDiasBat\" \/>\n<meta name=\"twitter:label1\" content=\"Escrito por\" \/>\n\t<meta name=\"twitter:data1\" content=\"Renato Dias\" \/>\n\t<meta name=\"twitter:label2\" content=\"Est. tempo de leitura\" \/>\n\t<meta name=\"twitter:data2\" content=\"1 minuto\" \/>\n<script type=\"application\/ld+json\" class=\"yoast-schema-graph\">{\"@context\":\"https:\\\/\\\/schema.org\",\"@graph\":[{\"@type\":\"Article\",\"@id\":\"https:\\\/\\\/renatodias.online\\\/movimento\\\/2022\\\/05\\\/23\\\/peixoto-abre-campanha-de-filiacao\\\/#article\",\"isPartOf\":{\"@id\":\"https:\\\/\\\/renatodias.online\\\/movimento\\\/2022\\\/05\\\/23\\\/peixoto-abre-campanha-de-filiacao\\\/\"},\"author\":{\"name\":\"Renato Dias\",\"@id\":\"https:\\\/\\\/renatodias.online\\\/movimento\\\/#\\\/schema\\\/person\\\/bbab28833b1725a20f4083f49f1fb2a9\"},\"headline\":\"Peixoto abre campanha de filia\u00e7\u00e3o\",\"datePublished\":\"2022-05-23T16:38:26+00:00\",\"dateModified\":\"2022-05-23T16:40:11+00:00\",\"mainEntityOfPage\":{\"@id\":\"https:\\\/\\\/renatodias.online\\\/movimento\\\/2022\\\/05\\\/23\\\/peixoto-abre-campanha-de-filiacao\\\/\"},\"wordCount\":228,\"commentCount\":0,\"publisher\":{\"@id\":\"https:\\\/\\\/renatodias.online\\\/movimento\\\/#\\\/schema\\\/person\\\/bbab28833b1725a20f4083f49f1fb2a9\"},\"image\":{\"@id\":\"https:\\\/\\\/renatodias.online\\\/movimento\\\/2022\\\/05\\\/23\\\/peixoto-abre-campanha-de-filiacao\\\/#primaryimage\"},\"thumbnailUrl\":\"https:\\\/\\\/renatodias.online\\\/movimento\\\/wp-content\\\/uploads\\\/2021\\\/09\\\/Suplente-de-vereador-Sebastiao-Peixoto.jpeg\",\"articleSection\":[\"Pol\u00edtica\"],\"inLanguage\":\"pt-BR\",\"potentialAction\":[{\"@type\":\"CommentAction\",\"name\":\"Comment\",\"target\":[\"https:\\\/\\\/renatodias.online\\\/movimento\\\/2022\\\/05\\\/23\\\/peixoto-abre-campanha-de-filiacao\\\/#respond\"]}]},{\"@type\":\"WebPage\",\"@id\":\"https:\\\/\\\/renatodias.online\\\/movimento\\\/2022\\\/05\\\/23\\\/peixoto-abre-campanha-de-filiacao\\\/\",\"url\":\"https:\\\/\\\/renatodias.online\\\/movimento\\\/2022\\\/05\\\/23\\\/peixoto-abre-campanha-de-filiacao\\\/\",\"name\":\"Peixoto abre campanha de filia\u00e7\u00e3o -\",\"isPartOf\":{\"@id\":\"https:\\\/\\\/renatodias.online\\\/movimento\\\/#website\"},\"primaryImageOfPage\":{\"@id\":\"https:\\\/\\\/renatodias.online\\\/movimento\\\/2022\\\/05\\\/23\\\/peixoto-abre-campanha-de-filiacao\\\/#primaryimage\"},\"image\":{\"@id\":\"https:\\\/\\\/renatodias.online\\\/movimento\\\/2022\\\/05\\\/23\\\/peixoto-abre-campanha-de-filiacao\\\/#primaryimage\"},\"thumbnailUrl\":\"https:\\\/\\\/renatodias.online\\\/movimento\\\/wp-content\\\/uploads\\\/2021\\\/09\\\/Suplente-de-vereador-Sebastiao-Peixoto.jpeg\",\"datePublished\":\"2022-05-23T16:38:26+00:00\",\"dateModified\":\"2022-05-23T16:40:11+00:00\",\"breadcrumb\":{\"@id\":\"https:\\\/\\\/renatodias.online\\\/movimento\\\/2022\\\/05\\\/23\\\/peixoto-abre-campanha-de-filiacao\\\/#breadcrumb\"},\"inLanguage\":\"pt-BR\",\"potentialAction\":[{\"@type\":\"ReadAction\",\"target\":[\"https:\\\/\\\/renatodias.online\\\/movimento\\\/2022\\\/05\\\/23\\\/peixoto-abre-campanha-de-filiacao\\\/\"]}]},{\"@type\":\"ImageObject\",\"inLanguage\":\"pt-BR\",\"@id\":\"https:\\\/\\\/renatodias.online\\\/movimento\\\/2022\\\/05\\\/23\\\/peixoto-abre-campanha-de-filiacao\\\/#primaryimage\",\"url\":\"https:\\\/\\\/renatodias.online\\\/movimento\\\/wp-content\\\/uploads\\\/2021\\\/09\\\/Suplente-de-vereador-Sebastiao-Peixoto.jpeg\",\"contentUrl\":\"https:\\\/\\\/renatodias.online\\\/movimento\\\/wp-content\\\/uploads\\\/2021\\\/09\\\/Suplente-de-vereador-Sebastiao-Peixoto.jpeg\",\"width\":768,\"height\":512,\"caption\":\"Sebasti\u00e3o Peixoto\"},{\"@type\":\"BreadcrumbList\",\"@id\":\"https:\\\/\\\/renatodias.online\\\/movimento\\\/2022\\\/05\\\/23\\\/peixoto-abre-campanha-de-filiacao\\\/#breadcrumb\",\"itemListElement\":[{\"@type\":\"ListItem\",\"position\":1,\"name\":\"In\u00edcio\",\"item\":\"https:\\\/\\\/renatodias.online\\\/movimento\\\/\"},{\"@type\":\"ListItem\",\"position\":2,\"name\":\"Peixoto abre campanha de filia\u00e7\u00e3o\"}]},{\"@type\":\"WebSite\",\"@id\":\"https:\\\/\\\/renatodias.online\\\/movimento\\\/#website\",\"url\":\"https:\\\/\\\/renatodias.online\\\/movimento\\\/\",\"name\":\"\",\"description\":\"\",\"publisher\":{\"@id\":\"https:\\\/\\\/renatodias.online\\\/movimento\\\/#\\\/schema\\\/person\\\/bbab28833b1725a20f4083f49f1fb2a9\"},\"potentialAction\":[{\"@type\":\"SearchAction\",\"target\":{\"@type\":\"EntryPoint\",\"urlTemplate\":\"https:\\\/\\\/renatodias.online\\\/movimento\\\/?s={search_term_string}\"},\"query-input\":{\"@type\":\"PropertyValueSpecification\",\"valueRequired\":true,\"valueName\":\"search_term_string\"}}],\"inLanguage\":\"pt-BR\"},{\"@type\":[\"Person\",\"Organization\"],\"@id\":\"https:\\\/\\\/renatodias.online\\\/movimento\\\/#\\\/schema\\\/person\\\/bbab28833b1725a20f4083f49f1fb2a9\",\"name\":\"Renato Dias\",\"image\":{\"@type\":\"ImageObject\",\"inLanguage\":\"pt-BR\",\"@id\":\"https:\\\/\\\/renatodias.online\\\/movimento\\\/wp-content\\\/uploads\\\/2023\\\/03\\\/cropped-cropped-cropped-logofinal.jpeg\",\"url\":\"https:\\\/\\\/renatodias.online\\\/movimento\\\/wp-content\\\/uploads\\\/2023\\\/03\\\/cropped-cropped-cropped-logofinal.jpeg\",\"contentUrl\":\"https:\\\/\\\/renatodias.online\\\/movimento\\\/wp-content\\\/uploads\\\/2023\\\/03\\\/cropped-cropped-cropped-logofinal.jpeg\",\"width\":1280,\"height\":219,\"caption\":\"Renato Dias\"},\"logo\":{\"@id\":\"https:\\\/\\\/renatodias.online\\\/movimento\\\/wp-content\\\/uploads\\\/2023\\\/03\\\/cropped-cropped-cropped-logofinal.jpeg\"},\"description\":\"Renato Dias, 58 anos, \u00e9 graduado em Jornalismo, formado em Ci\u00eancias Sociais, com p\u00f3s-gradua\u00e7\u00e3o em Pol\u00edticas P\u00fablicas, mestre em Direito e Rela\u00e7\u00f5es Internacionais, ex-aluno extraordin\u00e1rio do Doutorado em Psicologia Social, ex-estudante do Curso de Psican\u00e1lise do Centro de Estudos Psicanal\u00edticos do Estado de Goi\u00e1s, ministrado pelo m\u00e9dico psiquiatra e psicanalista Daniel Em\u00eddio de Souza. \u00c9 autor de 30 livros-reportagem, oito document\u00e1rios, ganhou 30 pr\u00eamios e \u00e9 torcedor apaixonado do maior do Centro-Oeste, o Vila Nova Futebol Clube. Casado com Meirilane Dias, \u00e9 pai de Juliana Dias, jornalista; Daniel Dias, economista; e Maria Rosa Dias, estudante antifascista, socialista e trotskista.\u00a0Com tr\u00eas pets: Porquinho [Bull Dog Franc\u00eas], Dalila [Basset Hound] e Geleia [Basset Hound]. Al\u00e9m do eterno gato Tutuquinho, que virou estrela.\",\"sameAs\":[\"https:\\\/\\\/www.facebook.com\\\/renato.dias.37\",\"#breve\",\"https:\\\/\\\/renatodias.tumblr.com\\\/\"],\"url\":\"https:\\\/\\\/renatodias.online\\\/movimento\\\/author\\\/renatodias\\\/\"}]}<\/script>\n<!-- \/ Yoast SEO plugin. -->","yoast_head_json":{"title":"Peixoto abre campanha de filia\u00e7\u00e3o -","robots":{"index":"index","follow":"follow","max-snippet":"max-snippet:-1","max-image-preview":"max-image-preview:large","max-video-preview":"max-video-preview:-1"},"canonical":"https:\/\/renatodias.online\/movimento\/2022\/05\/23\/peixoto-abre-campanha-de-filiacao\/","og_locale":"pt_BR","og_type":"article","og_title":"Peixoto abre campanha de filia\u00e7\u00e3o -","og_description":"\u00a0Estrat\u00e9gia \u00e9 fortalecer o Solidariedade \u00a0 Empres\u00e1rio disputa C\u00e2mara Federal &nbsp; Renato Dias O suplente de vereador em Goi\u00e2nia Sebasti\u00e3o Peixoto deflagra, hoje, campanha de filia\u00e7\u00e3o em massa ao Solidariedade. O presidente nacional da legenda \u00e9 Paulo Pereira [Paulinho da For\u00e7a Sindical]. O deputado federal Lucas Verg\u00edlio preside a sigla em Goi\u00e1s. Armando Verg\u00edlio, no","og_url":"https:\/\/renatodias.online\/movimento\/2022\/05\/23\/peixoto-abre-campanha-de-filiacao\/","article_publisher":"https:\/\/www.facebook.com\/renato.dias.37","article_author":"https:\/\/www.facebook.com\/renato.dias.37","article_published_time":"2022-05-23T16:38:26+00:00","article_modified_time":"2022-05-23T16:40:11+00:00","og_image":[{"width":360,"height":240,"url":"https:\/\/renatodias.online\/movimento\/wp-content\/uploads\/2021\/09\/Suplente-de-vereador-Sebastiao-Peixoto-e1646620052462.jpeg","type":"image\/jpeg"}],"author":"Renato Dias","twitter_card":"summary_large_image","twitter_creator":"@RenatoDiasBat","twitter_site":"@RenatoDiasBat","twitter_misc":{"Escrito por":"Renato Dias","Est. tempo de leitura":"1 minuto"},"schema":{"@context":"https:\/\/schema.org","@graph":[{"@type":"Article","@id":"https:\/\/renatodias.online\/movimento\/2022\/05\/23\/peixoto-abre-campanha-de-filiacao\/#article","isPartOf":{"@id":"https:\/\/renatodias.online\/movimento\/2022\/05\/23\/peixoto-abre-campanha-de-filiacao\/"},"author":{"name":"Renato Dias","@id":"https:\/\/renatodias.online\/movimento\/#\/schema\/person\/bbab28833b1725a20f4083f49f1fb2a9"},"headline":"Peixoto abre campanha de filia\u00e7\u00e3o","datePublished":"2022-05-23T16:38:26+00:00","dateModified":"2022-05-23T16:40:11+00:00","mainEntityOfPage":{"@id":"https:\/\/renatodias.online\/movimento\/2022\/05\/23\/peixoto-abre-campanha-de-filiacao\/"},"wordCount":228,"commentCount":0,"publisher":{"@id":"https:\/\/renatodias.online\/movimento\/#\/schema\/person\/bbab28833b1725a20f4083f49f1fb2a9"},"image":{"@id":"https:\/\/renatodias.online\/movimento\/2022\/05\/23\/peixoto-abre-campanha-de-filiacao\/#primaryimage"},"thumbnailUrl":"https:\/\/renatodias.online\/movimento\/wp-content\/uploads\/2021\/09\/Suplente-de-vereador-Sebastiao-Peixoto.jpeg","articleSection":["Pol\u00edtica"],"inLanguage":"pt-BR","potentialAction":[{"@type":"CommentAction","name":"Comment","target":["https:\/\/renatodias.online\/movimento\/2022\/05\/23\/peixoto-abre-campanha-de-filiacao\/#respond"]}]},{"@type":"WebPage","@id":"https:\/\/renatodias.online\/movimento\/2022\/05\/23\/peixoto-abre-campanha-de-filiacao\/","url":"https:\/\/renatodias.online\/movimento\/2022\/05\/23\/peixoto-abre-campanha-de-filiacao\/","name":"Peixoto abre campanha de filia\u00e7\u00e3o -","isPartOf":{"@id":"https:\/\/renatodias.online\/movimento\/#website"},"primaryImageOfPage":{"@id":"https:\/\/renatodias.online\/movimento\/2022\/05\/23\/peixoto-abre-campanha-de-filiacao\/#primaryimage"},"image":{"@id":"https:\/\/renatodias.online\/movimento\/2022\/05\/23\/peixoto-abre-campanha-de-filiacao\/#primaryimage"},"thumbnailUrl":"https:\/\/renatodias.online\/movimento\/wp-content\/uploads\/2021\/09\/Suplente-de-vereador-Sebastiao-Peixoto.jpeg","datePublished":"2022-05-23T16:38:26+00:00","dateModified":"2022-05-23T16:40:11+00:00","breadcrumb":{"@id":"https:\/\/renatodias.online\/movimento\/2022\/05\/23\/peixoto-abre-campanha-de-filiacao\/#breadcrumb"},"inLanguage":"pt-BR","potentialAction":[{"@type":"ReadAction","target":["https:\/\/renatodias.online\/movimento\/2022\/05\/23\/peixoto-abre-campanha-de-filiacao\/"]}]},{"@type":"ImageObject","inLanguage":"pt-BR","@id":"https:\/\/renatodias.online\/movimento\/2022\/05\/23\/peixoto-abre-campanha-de-filiacao\/#primaryimage","url":"https:\/\/renatodias.online\/movimento\/wp-content\/uploads\/2021\/09\/Suplente-de-vereador-Sebastiao-Peixoto.jpeg","contentUrl":"https:\/\/renatodias.online\/movimento\/wp-content\/uploads\/2021\/09\/Suplente-de-vereador-Sebastiao-Peixoto.jpeg","width":768,"height":512,"caption":"Sebasti\u00e3o Peixoto"},{"@type":"BreadcrumbList","@id":"https:\/\/renatodias.online\/movimento\/2022\/05\/23\/peixoto-abre-campanha-de-filiacao\/#breadcrumb","itemListElement":[{"@type":"ListItem","position":1,"name":"In\u00edcio","item":"https:\/\/renatodias.online\/movimento\/"},{"@type":"ListItem","position":2,"name":"Peixoto abre campanha de filia\u00e7\u00e3o"}]},{"@type":"WebSite","@id":"https:\/\/renatodias.online\/movimento\/#website","url":"https:\/\/renatodias.online\/movimento\/","name":"","description":"","publisher":{"@id":"https:\/\/renatodias.online\/movimento\/#\/schema\/person\/bbab28833b1725a20f4083f49f1fb2a9"},"potentialAction":[{"@type":"SearchAction","target":{"@type":"EntryPoint","urlTemplate":"https:\/\/renatodias.online\/movimento\/?s={search_term_string}"},"query-input":{"@type":"PropertyValueSpecification","valueRequired":true,"valueName":"search_term_string"}}],"inLanguage":"pt-BR"},{"@type":["Person","Organization"],"@id":"https:\/\/renatodias.online\/movimento\/#\/schema\/person\/bbab28833b1725a20f4083f49f1fb2a9","name":"Renato Dias","image":{"@type":"ImageObject","inLanguage":"pt-BR","@id":"https:\/\/renatodias.online\/movimento\/wp-content\/uploads\/2023\/03\/cropped-cropped-cropped-logofinal.jpeg","url":"https:\/\/renatodias.online\/movimento\/wp-content\/uploads\/2023\/03\/cropped-cropped-cropped-logofinal.jpeg","contentUrl":"https:\/\/renatodias.online\/movimento\/wp-content\/uploads\/2023\/03\/cropped-cropped-cropped-logofinal.jpeg","width":1280,"height":219,"caption":"Renato Dias"},"logo":{"@id":"https:\/\/renatodias.online\/movimento\/wp-content\/uploads\/2023\/03\/cropped-cropped-cropped-logofinal.jpeg"},"description":"Renato Dias, 58 anos, \u00e9 graduado em Jornalismo, formado em Ci\u00eancias Sociais, com p\u00f3s-gradua\u00e7\u00e3o em Pol\u00edticas P\u00fablicas, mestre em Direito e Rela\u00e7\u00f5es Internacionais, ex-aluno extraordin\u00e1rio do Doutorado em Psicologia Social, ex-estudante do Curso de Psican\u00e1lise do Centro de Estudos Psicanal\u00edticos do Estado de Goi\u00e1s, ministrado pelo m\u00e9dico psiquiatra e psicanalista Daniel Em\u00eddio de Souza. \u00c9 autor de 30 livros-reportagem, oito document\u00e1rios, ganhou 30 pr\u00eamios e \u00e9 torcedor apaixonado do maior do Centro-Oeste, o Vila Nova Futebol Clube. Casado com Meirilane Dias, \u00e9 pai de Juliana Dias, jornalista; Daniel Dias, economista; e Maria Rosa Dias, estudante antifascista, socialista e trotskista.\u00a0Com tr\u00eas pets: Porquinho [Bull Dog Franc\u00eas], Dalila [Basset Hound] e Geleia [Basset Hound]. Al\u00e9m do eterno gato Tutuquinho, que virou estrela.","sameAs":["https:\/\/www.facebook.com\/renato.dias.37","#breve","https:\/\/renatodias.tumblr.com\/"],"url":"https:\/\/renatodias.online\/movimento\/author\/renatodias\/"}]}},"_links":{"self":[{"href":"https:\/\/renatodias.online\/movimento\/wp-json\/wp\/v2\/posts\/12464","targetHints":{"allow":["GET"]}}],"collection":[{"href":"https:\/\/renatodias.online\/movimento\/wp-json\/wp\/v2\/posts"}],"about":[{"href":"https:\/\/renatodias.online\/movimento\/wp-json\/wp\/v2\/types\/post"}],"author":[{"embeddable":true,"href":"https:\/\/renatodias.online\/movimento\/wp-json\/wp\/v2\/users\/2"}],"replies":[{"embeddable":true,"href":"https:\/\/renatodias.online\/movimento\/wp-json\/wp\/v2\/comments?post=12464"}],"version-history":[{"count":3,"href":"https:\/\/renatodias.online\/movimento\/wp-json\/wp\/v2\/posts\/12464\/revisions"}],"predecessor-version":[{"id":12469,"href":"https:\/\/renatodias.online\/movimento\/wp-json\/wp\/v2\/posts\/12464\/revisions\/12469"}],"wp:featuredmedia":[{"embeddable":true,"href":"https:\/\/renatodias.online\/movimento\/wp-json\/wp\/v2\/media\/9162"}],"wp:attachment":[{"href":"https:\/\/renatodias.online\/movimento\/wp-json\/wp\/v2\/media?parent=12464"}],"wp:term":[{"taxonomy":"category","embeddable":true,"href":"https:\/\/renatodias.online\/movimento\/wp-json\/wp\/v2\/categories?post=12464"},{"taxonomy":"post_tag","embeddable":true,"href":"https:\/\/renatodias.online\/movimento\/wp-json\/wp\/v2\/tags?post=12464"}],"curies":[{"name":"wp","href":"https:\/\/api.w.org\/{rel}","templated":true}]}}