{"id":12445,"date":"2022-05-23T12:15:37","date_gmt":"2022-05-23T15:15:37","guid":{"rendered":"https:\/\/renatodias.online\/movimento\/?p=12445"},"modified":"2022-05-23T12:19:01","modified_gmt":"2022-05-23T15:19:01","slug":"railton-disputa-eleicao-a-camara-federal","status":"publish","type":"post","link":"https:\/\/renatodias.online\/movimento\/2022\/05\/23\/railton-disputa-eleicao-a-camara-federal\/","title":{"rendered":"Railton disputa elei\u00e7\u00e3o \u00e0 C\u00e2mara Federal"},"content":{"rendered":"<p><img loading=\"lazy\" decoding=\"async\" class=\"wp-image-11445 size-full aligncenter\" src=\"https:\/\/renatodias.online\/movimento\/wp-content\/uploads\/2022\/03\/Eleicoes-de-2022.jpeg\" alt=\"\" width=\"639\" height=\"361\" srcset=\"https:\/\/renatodias.online\/movimento\/wp-content\/uploads\/2022\/03\/Eleicoes-de-2022.jpeg 639w, https:\/\/renatodias.online\/movimento\/wp-content\/uploads\/2022\/03\/Eleicoes-de-2022-300x169.jpeg 300w\" sizes=\"auto, (max-width: 639px) 100vw, 639px\" \/><\/p>\n<h1 style=\"text-align: center;\"><span style=\"color: #800000;\"><strong>Railton disputa elei\u00e7\u00e3o \u00e0 C\u00e2mara Federal<\/strong><\/span><\/h1>\n<figure id=\"attachment_10805\" aria-describedby=\"caption-attachment-10805\" style=\"width: 1040px\" class=\"wp-caption alignnone\"><img loading=\"lazy\" decoding=\"async\" class=\"wp-image-10805 size-large\" src=\"https:\/\/renatodias.online\/movimento\/wp-content\/uploads\/2022\/02\/Railton-Nascimento-parente-das-tres-vitimas-da-chacina-1040x1024.jpg\" alt=\"\" width=\"1040\" height=\"1024\" srcset=\"https:\/\/renatodias.online\/movimento\/wp-content\/uploads\/2022\/02\/Railton-Nascimento-parente-das-tres-vitimas-da-chacina-1040x1024.jpg 1040w, https:\/\/renatodias.online\/movimento\/wp-content\/uploads\/2022\/02\/Railton-Nascimento-parente-das-tres-vitimas-da-chacina-300x295.jpg 300w, https:\/\/renatodias.online\/movimento\/wp-content\/uploads\/2022\/02\/Railton-Nascimento-parente-das-tres-vitimas-da-chacina-768x756.jpg 768w, https:\/\/renatodias.online\/movimento\/wp-content\/uploads\/2022\/02\/Railton-Nascimento-parente-das-tres-vitimas-da-chacina-750x738.jpg 750w, https:\/\/renatodias.online\/movimento\/wp-content\/uploads\/2022\/02\/Railton-Nascimento-parente-das-tres-vitimas-da-chacina.jpg 1080w\" sizes=\"auto, (max-width: 1040px) 100vw, 1040px\" \/><figcaption id=\"caption-attachment-10805\" class=\"wp-caption-text\"><strong>O professor universit\u00e1rio Railton Nascimento<\/strong><\/figcaption><\/figure>\n<h1><img loading=\"lazy\" decoding=\"async\" class=\"size-full wp-image-11298 aligncenter\" src=\"https:\/\/renatodias.online\/movimento\/wp-content\/uploads\/2022\/03\/Entrevista-Especial.png\" alt=\"\" width=\"225\" height=\"225\" srcset=\"https:\/\/renatodias.online\/movimento\/wp-content\/uploads\/2022\/03\/Entrevista-Especial.png 225w, https:\/\/renatodias.online\/movimento\/wp-content\/uploads\/2022\/03\/Entrevista-Especial-150x150.png 150w\" sizes=\"auto, (max-width: 225px) 100vw, 225px\" \/><\/h1>\n<h1 style=\"text-align: center;\"><span style=\"color: #808080;\"><strong>\u00c9 presidente do Sinpro, CTB e PC do B<\/strong><\/span><\/h1>\n<h1 style=\"text-align: center;\"><span style=\"color: #008000;\"><strong>Um novo Brasil \u00e9 poss\u00edvel, ele diz<\/strong><\/span><\/h1>\n<p><iframe loading=\"lazy\" title=\"Paix\u00e3o por Ensinar - Prof. Railton Nascimento\" width=\"960\" height=\"720\" src=\"https:\/\/www.youtube.com\/embed\/MvXHY2jkalo?feature=oembed\" frameborder=\"0\" allow=\"accelerometer; autoplay; clipboard-write; encrypted-media; gyroscope; picture-in-picture; web-share\" referrerpolicy=\"strict-origin-when-cross-origin\" allowfullscreen><\/iframe><\/p>\n<p><strong>Renato Dias<\/strong><\/p>\n<p>O fil\u00f3sofo <strong>Railton Nascimento [PC do B]<\/strong> anuncia, hoje, a sua pr\u00e9-candidatura \u00e0 C\u00e2mara dos Deputados. A elei\u00e7\u00e3o ser\u00e1 realizada dia 2 de outubro. A sua postula\u00e7\u00e3o sair\u00e1 pela Federa\u00e7\u00e3o Partid\u00e1ria Brasil Esperan\u00e7a, com PT, PV e PC do B, registrada no Tribunal Superior Eleitoral [TSE].<\/p>\n<blockquote>\n<h1><span style=\"color: #ff0000;\"><strong>Elei\u00e7\u00f5es ser\u00e3o dia 2 de outubro de 2022<\/strong><\/span><\/h1>\n<\/blockquote>\n<p style=\"text-align: right;\"><strong><span style=\"color: #0000ff;\">Railton Nascimento<\/span>\u00a0<\/strong><\/p>\n<p><img loading=\"lazy\" decoding=\"async\" class=\"wp-image-11468 size-full aligncenter\" src=\"https:\/\/renatodias.online\/movimento\/wp-content\/uploads\/2022\/03\/Centenario-do-PC-do-B.jpg\" alt=\"\" width=\"600\" height=\"282\" srcset=\"https:\/\/renatodias.online\/movimento\/wp-content\/uploads\/2022\/03\/Centenario-do-PC-do-B.jpg 600w, https:\/\/renatodias.online\/movimento\/wp-content\/uploads\/2022\/03\/Centenario-do-PC-do-B-300x141.jpg 300w\" sizes=\"auto, (max-width: 600px) 100vw, 600px\" \/><\/p>\n<p>&nbsp;<\/p>\n<p>Adepto das ideias de Karl Marx, Friedrich Engels, Vladimir Ilich Ulianov [L\u00eanin], um leitor de Na\u00adto\u00adnio Gramsci, Gyorgy Lukacs, Louis Althusser e de Jean-Paul Sartre, ele \u00e9, hoje, presidente do Sinpro, da CTB, al\u00e9m do PC do B em Goi\u00e2nia. A capital do Estado de Goi\u00e1s fundada em 1933.<\/p>\n<blockquote>\n<h1><span style=\"color: #ff0000;\"><strong>Fim do Teto de Gastos e revoga\u00e7\u00e3o da reforma trabalhista<\/strong><\/span><\/h1>\n<\/blockquote>\n<p style=\"text-align: right;\"><span style=\"color: #0000ff;\"><strong>Railton Nascimento<\/strong>\u00a0<\/span><\/p>\n<figure id=\"attachment_6447\" aria-describedby=\"caption-attachment-6447\" style=\"width: 800px\" class=\"wp-caption aligncenter\"><img loading=\"lazy\" decoding=\"async\" class=\"wp-image-6447 size-full\" src=\"https:\/\/renatodias.online\/movimento\/wp-content\/uploads\/2021\/05\/Desemprego.jpg\" alt=\"\" width=\"800\" height=\"534\" \/><figcaption id=\"caption-attachment-6447\" class=\"wp-caption-text\"><strong>A crise em Goi\u00e1s: o desemprego<\/strong><\/figcaption><\/figure>\n<p>Com densidade pol\u00edtica e social nos 246 munic\u00edpios de Goi\u00e1s, Estado hoje com 7,2 milh\u00f5es de habitantes e 4,8 mi de eleitores, o sindicalista defende o fim do Teto de Gastos, a revoga\u00e7\u00e3o das reformas Trabalhista e Previdenci\u00e1ria e a amplia\u00e7\u00e3o de recursos para a Sa\u00fade e \u00e0 Educa\u00e7\u00e3o.<\/p>\n<blockquote>\n<h1><span style=\"color: #ff0000;\"><strong>A elei\u00e7\u00e3o de Lula e Alckmin para mudar o Brasil<\/strong><\/span><\/h1>\n<\/blockquote>\n<p style=\"text-align: right;\"><span style=\"color: #0000ff;\"><strong>Railton Nascimento<\/strong><\/span><\/p>\n<figure id=\"attachment_12097\" aria-describedby=\"caption-attachment-12097\" style=\"width: 800px\" class=\"wp-caption alignnone\"><img loading=\"lazy\" decoding=\"async\" class=\"size-full wp-image-12097\" src=\"https:\/\/renatodias.online\/movimento\/wp-content\/uploads\/2022\/04\/Lula-e-Geraldo-Alckmin.jpg\" alt=\"\" width=\"800\" height=\"533\" \/><figcaption id=\"caption-attachment-12097\" class=\"wp-caption-text\"><strong>Lula e Geraldo Alckmin: PT e PSB<\/strong><\/figcaption><\/figure>\n<p>Railton Nascimento, Intelectual p\u00fablico, caso seja eleito nas urnas eletr\u00f4nicas, ir\u00e1 propor que a Petrobr\u00e1s acabe com a dolariza\u00e7\u00e3o dos pre\u00e7os dos combust\u00edveis. O l\u00edder socialista quer a elei\u00e7\u00e3o de Luiz In\u00e1cio Lula da Silva [PT] ao Pal\u00e1cio do Planalto, com Geraldo Alckmin [PSB] em sua vice.<\/p>\n<blockquote>\n<h1><span style=\"color: #ff0000;\"><strong>700 mil mortos sob a Pandemia do Coronav\u00edrus<\/strong><\/span><\/h1>\n<\/blockquote>\n<p style=\"text-align: right;\"><span style=\"color: #0000ff;\"><strong>Railton Nascimento\u00a0<\/strong><\/span><\/p>\n<figure id=\"attachment_6129\" aria-describedby=\"caption-attachment-6129\" style=\"width: 700px\" class=\"wp-caption aligncenter\"><img loading=\"lazy\" decoding=\"async\" class=\"wp-image-6129 size-full\" src=\"https:\/\/renatodias.online\/movimento\/wp-content\/uploads\/2021\/04\/Mortos-sob-a-Pandemia-no-Brasil-_-3.jpg\" alt=\"\" width=\"700\" height=\"394\" srcset=\"https:\/\/renatodias.online\/movimento\/wp-content\/uploads\/2021\/04\/Mortos-sob-a-Pandemia-no-Brasil-_-3.jpg 700w, https:\/\/renatodias.online\/movimento\/wp-content\/uploads\/2021\/04\/Mortos-sob-a-Pandemia-no-Brasil-_-3-300x169.jpg 300w\" sizes=\"auto, (max-width: 700px) 100vw, 700px\" \/><figcaption id=\"caption-attachment-6129\" class=\"wp-caption-text\"><strong>Mortos sob a Pandemia no Brasil<\/strong><\/figcaption><\/figure>\n<p>Jair Bolsonaro \u00e9 o respons\u00e1vel por 700 mil mortes sob a Pandemia do Coronavirus Covid 19, denuncia. Assim como pela infla\u00e7\u00e3o de dois d\u00edgitos, que retirou a comida dos pratos, ataca-o. Como pela escalada devastadora do desemprego nas fam\u00edlias de Goi\u00e1s e do Brasil, ele explica.<\/p>\n<blockquote>\n<h1><span style=\"color: #ff0000;\"><strong>Plataforma republicana e n\u00e3o patrimonialista<\/strong><\/span><\/h1>\n<\/blockquote>\n<p style=\"text-align: right;\"><span style=\"color: #0000ff;\"><strong>Railton Nascimento<\/strong>\u00a0<\/span><\/p>\n<p>Com uma plataforma republicana e n\u00e3o patrimonialista, Railton Nascimento cobra a acelera\u00e7\u00e3o da reforma agr\u00e1ria, o direito \u00e0 autodetermina\u00e7\u00e3o e dos territ\u00f3rios \u00e0s etnias ind\u00edgenas, o fim do d\u00e9ficit habitacional de 6,5 mi de unidades, a taxa\u00e7\u00e3o das grandes fortunas e a regula\u00e7\u00e3o social da m\u00eddia.<\/p>\n<figure id=\"attachment_6545\" aria-describedby=\"caption-attachment-6545\" style=\"width: 1140px\" class=\"wp-caption alignnone\"><img loading=\"lazy\" decoding=\"async\" class=\"wp-image-6545 size-large\" src=\"https:\/\/renatodias.online\/movimento\/wp-content\/uploads\/2021\/05\/Indigenas-ameacados-El-Pais-1767x1024.jpg\" alt=\"\" width=\"1140\" height=\"661\" srcset=\"https:\/\/renatodias.online\/movimento\/wp-content\/uploads\/2021\/05\/Indigenas-ameacados-El-Pais-1767x1024.jpg 1767w, https:\/\/renatodias.online\/movimento\/wp-content\/uploads\/2021\/05\/Indigenas-ameacados-El-Pais-300x174.jpg 300w, https:\/\/renatodias.online\/movimento\/wp-content\/uploads\/2021\/05\/Indigenas-ameacados-El-Pais-768x445.jpg 768w, https:\/\/renatodias.online\/movimento\/wp-content\/uploads\/2021\/05\/Indigenas-ameacados-El-Pais-1536x890.jpg 1536w, https:\/\/renatodias.online\/movimento\/wp-content\/uploads\/2021\/05\/Indigenas-ameacados-El-Pais-750x435.jpg 750w, https:\/\/renatodias.online\/movimento\/wp-content\/uploads\/2021\/05\/Indigenas-ameacados-El-Pais.jpg 1960w\" sizes=\"auto, (max-width: 1140px) 100vw, 1140px\" \/><figcaption id=\"caption-attachment-6545\" class=\"wp-caption-text\"><strong>Ind\u00edgenas amea\u00e7ados _ El Pa\u00eds<\/strong><\/figcaption><\/figure>\n","protected":false},"excerpt":{"rendered":"<p>Railton disputa elei\u00e7\u00e3o \u00e0 C\u00e2mara Federal \u00c9 presidente do Sinpro, CTB e PC do B Um novo Brasil \u00e9 poss\u00edvel, ele diz Renato Dias O fil\u00f3sofo Railton Nascimento [PC do B] anuncia, hoje, a sua pr\u00e9-candidatura \u00e0 C\u00e2mara dos Deputados. A elei\u00e7\u00e3o ser\u00e1 realizada dia 2 de outubro. A sua postula\u00e7\u00e3o sair\u00e1 pela Federa\u00e7\u00e3o Partid\u00e1ria<\/p>\n","protected":false},"author":2,"featured_media":6659,"comment_status":"open","ping_status":"open","sticky":false,"template":"","format":"standard","meta":{"_acf_changed":false,"_monsterinsights_skip_tracking":false,"_monsterinsights_sitenote_active":false,"_monsterinsights_sitenote_note":"","_monsterinsights_sitenote_category":0,"footnotes":""},"categories":[4],"tags":[],"class_list":["post-12445","post","type-post","status-publish","format-standard","has-post-thumbnail","hentry","category-politica"],"acf":[],"yoast_head":"<!-- This site is optimized with the Yoast SEO plugin v27.4 - https:\/\/yoast.com\/product\/yoast-seo-wordpress\/ -->\n<title>Railton disputa elei\u00e7\u00e3o \u00e0 C\u00e2mara Federal -<\/title>\n<meta name=\"robots\" content=\"index, follow, max-snippet:-1, max-image-preview:large, max-video-preview:-1\" \/>\n<link rel=\"canonical\" href=\"https:\/\/renatodias.online\/movimento\/2022\/05\/23\/railton-disputa-eleicao-a-camara-federal\/\" \/>\n<meta property=\"og:locale\" content=\"pt_BR\" \/>\n<meta property=\"og:type\" content=\"article\" \/>\n<meta property=\"og:title\" content=\"Railton disputa elei\u00e7\u00e3o \u00e0 C\u00e2mara Federal -\" \/>\n<meta property=\"og:description\" content=\"Railton disputa elei\u00e7\u00e3o \u00e0 C\u00e2mara Federal \u00c9 presidente do Sinpro, CTB e PC do B Um novo Brasil \u00e9 poss\u00edvel, ele diz Renato Dias O fil\u00f3sofo Railton Nascimento [PC do B] anuncia, hoje, a sua pr\u00e9-candidatura \u00e0 C\u00e2mara dos Deputados. A elei\u00e7\u00e3o ser\u00e1 realizada dia 2 de outubro. A sua postula\u00e7\u00e3o sair\u00e1 pela Federa\u00e7\u00e3o Partid\u00e1ria\" \/>\n<meta property=\"og:url\" content=\"https:\/\/renatodias.online\/movimento\/2022\/05\/23\/railton-disputa-eleicao-a-camara-federal\/\" \/>\n<meta property=\"article:publisher\" content=\"https:\/\/www.facebook.com\/renato.dias.37\" \/>\n<meta property=\"article:author\" content=\"https:\/\/www.facebook.com\/renato.dias.37\" \/>\n<meta property=\"article:published_time\" content=\"2022-05-23T15:15:37+00:00\" \/>\n<meta property=\"article:modified_time\" content=\"2022-05-23T15:19:01+00:00\" \/>\n<meta property=\"og:image\" content=\"https:\/\/renatodias.online\/movimento\/wp-content\/uploads\/2021\/05\/Railton-Nascimento-eleito-na-CTB.jpg\" \/>\n\t<meta property=\"og:image:width\" content=\"813\" \/>\n\t<meta property=\"og:image:height\" content=\"806\" \/>\n\t<meta property=\"og:image:type\" content=\"image\/jpeg\" \/>\n<meta name=\"author\" content=\"Renato Dias\" \/>\n<meta name=\"twitter:card\" content=\"summary_large_image\" \/>\n<meta name=\"twitter:creator\" content=\"@RenatoDiasBat\" \/>\n<meta name=\"twitter:site\" content=\"@RenatoDiasBat\" \/>\n<meta name=\"twitter:label1\" content=\"Escrito por\" \/>\n\t<meta name=\"twitter:data1\" content=\"Renato Dias\" \/>\n\t<meta name=\"twitter:label2\" content=\"Est. tempo de leitura\" \/>\n\t<meta name=\"twitter:data2\" content=\"2 minutos\" \/>\n<script type=\"application\/ld+json\" class=\"yoast-schema-graph\">{\"@context\":\"https:\\\/\\\/schema.org\",\"@graph\":[{\"@type\":\"Article\",\"@id\":\"https:\\\/\\\/renatodias.online\\\/movimento\\\/2022\\\/05\\\/23\\\/railton-disputa-eleicao-a-camara-federal\\\/#article\",\"isPartOf\":{\"@id\":\"https:\\\/\\\/renatodias.online\\\/movimento\\\/2022\\\/05\\\/23\\\/railton-disputa-eleicao-a-camara-federal\\\/\"},\"author\":{\"name\":\"Renato Dias\",\"@id\":\"https:\\\/\\\/renatodias.online\\\/movimento\\\/#\\\/schema\\\/person\\\/bbab28833b1725a20f4083f49f1fb2a9\"},\"headline\":\"Railton disputa elei\u00e7\u00e3o \u00e0 C\u00e2mara Federal\",\"datePublished\":\"2022-05-23T15:15:37+00:00\",\"dateModified\":\"2022-05-23T15:19:01+00:00\",\"mainEntityOfPage\":{\"@id\":\"https:\\\/\\\/renatodias.online\\\/movimento\\\/2022\\\/05\\\/23\\\/railton-disputa-eleicao-a-camara-federal\\\/\"},\"wordCount\":480,\"commentCount\":0,\"publisher\":{\"@id\":\"https:\\\/\\\/renatodias.online\\\/movimento\\\/#\\\/schema\\\/person\\\/bbab28833b1725a20f4083f49f1fb2a9\"},\"image\":{\"@id\":\"https:\\\/\\\/renatodias.online\\\/movimento\\\/2022\\\/05\\\/23\\\/railton-disputa-eleicao-a-camara-federal\\\/#primaryimage\"},\"thumbnailUrl\":\"https:\\\/\\\/renatodias.online\\\/movimento\\\/wp-content\\\/uploads\\\/2021\\\/05\\\/Railton-Nascimento-eleito-na-CTB.jpg\",\"articleSection\":[\"Pol\u00edtica\"],\"inLanguage\":\"pt-BR\",\"potentialAction\":[{\"@type\":\"CommentAction\",\"name\":\"Comment\",\"target\":[\"https:\\\/\\\/renatodias.online\\\/movimento\\\/2022\\\/05\\\/23\\\/railton-disputa-eleicao-a-camara-federal\\\/#respond\"]}]},{\"@type\":\"WebPage\",\"@id\":\"https:\\\/\\\/renatodias.online\\\/movimento\\\/2022\\\/05\\\/23\\\/railton-disputa-eleicao-a-camara-federal\\\/\",\"url\":\"https:\\\/\\\/renatodias.online\\\/movimento\\\/2022\\\/05\\\/23\\\/railton-disputa-eleicao-a-camara-federal\\\/\",\"name\":\"Railton disputa elei\u00e7\u00e3o \u00e0 C\u00e2mara Federal -\",\"isPartOf\":{\"@id\":\"https:\\\/\\\/renatodias.online\\\/movimento\\\/#website\"},\"primaryImageOfPage\":{\"@id\":\"https:\\\/\\\/renatodias.online\\\/movimento\\\/2022\\\/05\\\/23\\\/railton-disputa-eleicao-a-camara-federal\\\/#primaryimage\"},\"image\":{\"@id\":\"https:\\\/\\\/renatodias.online\\\/movimento\\\/2022\\\/05\\\/23\\\/railton-disputa-eleicao-a-camara-federal\\\/#primaryimage\"},\"thumbnailUrl\":\"https:\\\/\\\/renatodias.online\\\/movimento\\\/wp-content\\\/uploads\\\/2021\\\/05\\\/Railton-Nascimento-eleito-na-CTB.jpg\",\"datePublished\":\"2022-05-23T15:15:37+00:00\",\"dateModified\":\"2022-05-23T15:19:01+00:00\",\"breadcrumb\":{\"@id\":\"https:\\\/\\\/renatodias.online\\\/movimento\\\/2022\\\/05\\\/23\\\/railton-disputa-eleicao-a-camara-federal\\\/#breadcrumb\"},\"inLanguage\":\"pt-BR\",\"potentialAction\":[{\"@type\":\"ReadAction\",\"target\":[\"https:\\\/\\\/renatodias.online\\\/movimento\\\/2022\\\/05\\\/23\\\/railton-disputa-eleicao-a-camara-federal\\\/\"]}]},{\"@type\":\"ImageObject\",\"inLanguage\":\"pt-BR\",\"@id\":\"https:\\\/\\\/renatodias.online\\\/movimento\\\/2022\\\/05\\\/23\\\/railton-disputa-eleicao-a-camara-federal\\\/#primaryimage\",\"url\":\"https:\\\/\\\/renatodias.online\\\/movimento\\\/wp-content\\\/uploads\\\/2021\\\/05\\\/Railton-Nascimento-eleito-na-CTB.jpg\",\"contentUrl\":\"https:\\\/\\\/renatodias.online\\\/movimento\\\/wp-content\\\/uploads\\\/2021\\\/05\\\/Railton-Nascimento-eleito-na-CTB.jpg\",\"width\":813,\"height\":806,\"caption\":\"Railton Nascimento\"},{\"@type\":\"BreadcrumbList\",\"@id\":\"https:\\\/\\\/renatodias.online\\\/movimento\\\/2022\\\/05\\\/23\\\/railton-disputa-eleicao-a-camara-federal\\\/#breadcrumb\",\"itemListElement\":[{\"@type\":\"ListItem\",\"position\":1,\"name\":\"In\u00edcio\",\"item\":\"https:\\\/\\\/renatodias.online\\\/movimento\\\/\"},{\"@type\":\"ListItem\",\"position\":2,\"name\":\"Railton disputa elei\u00e7\u00e3o \u00e0 C\u00e2mara Federal\"}]},{\"@type\":\"WebSite\",\"@id\":\"https:\\\/\\\/renatodias.online\\\/movimento\\\/#website\",\"url\":\"https:\\\/\\\/renatodias.online\\\/movimento\\\/\",\"name\":\"\",\"description\":\"\",\"publisher\":{\"@id\":\"https:\\\/\\\/renatodias.online\\\/movimento\\\/#\\\/schema\\\/person\\\/bbab28833b1725a20f4083f49f1fb2a9\"},\"potentialAction\":[{\"@type\":\"SearchAction\",\"target\":{\"@type\":\"EntryPoint\",\"urlTemplate\":\"https:\\\/\\\/renatodias.online\\\/movimento\\\/?s={search_term_string}\"},\"query-input\":{\"@type\":\"PropertyValueSpecification\",\"valueRequired\":true,\"valueName\":\"search_term_string\"}}],\"inLanguage\":\"pt-BR\"},{\"@type\":[\"Person\",\"Organization\"],\"@id\":\"https:\\\/\\\/renatodias.online\\\/movimento\\\/#\\\/schema\\\/person\\\/bbab28833b1725a20f4083f49f1fb2a9\",\"name\":\"Renato Dias\",\"image\":{\"@type\":\"ImageObject\",\"inLanguage\":\"pt-BR\",\"@id\":\"https:\\\/\\\/renatodias.online\\\/movimento\\\/wp-content\\\/uploads\\\/2023\\\/03\\\/cropped-cropped-cropped-logofinal.jpeg\",\"url\":\"https:\\\/\\\/renatodias.online\\\/movimento\\\/wp-content\\\/uploads\\\/2023\\\/03\\\/cropped-cropped-cropped-logofinal.jpeg\",\"contentUrl\":\"https:\\\/\\\/renatodias.online\\\/movimento\\\/wp-content\\\/uploads\\\/2023\\\/03\\\/cropped-cropped-cropped-logofinal.jpeg\",\"width\":1280,\"height\":219,\"caption\":\"Renato Dias\"},\"logo\":{\"@id\":\"https:\\\/\\\/renatodias.online\\\/movimento\\\/wp-content\\\/uploads\\\/2023\\\/03\\\/cropped-cropped-cropped-logofinal.jpeg\"},\"description\":\"Renato Dias, 58 anos, \u00e9 graduado em Jornalismo, formado em Ci\u00eancias Sociais, com p\u00f3s-gradua\u00e7\u00e3o em Pol\u00edticas P\u00fablicas, mestre em Direito e Rela\u00e7\u00f5es Internacionais, ex-aluno extraordin\u00e1rio do Doutorado em Psicologia Social, ex-estudante do Curso de Psican\u00e1lise do Centro de Estudos Psicanal\u00edticos do Estado de Goi\u00e1s, ministrado pelo m\u00e9dico psiquiatra e psicanalista Daniel Em\u00eddio de Souza. \u00c9 autor de 30 livros-reportagem, oito document\u00e1rios, ganhou 30 pr\u00eamios e \u00e9 torcedor apaixonado do maior do Centro-Oeste, o Vila Nova Futebol Clube. Casado com Meirilane Dias, \u00e9 pai de Juliana Dias, jornalista; Daniel Dias, economista; e Maria Rosa Dias, estudante antifascista, socialista e trotskista.\u00a0Com tr\u00eas pets: Porquinho [Bull Dog Franc\u00eas], Dalila [Basset Hound] e Geleia [Basset Hound]. Al\u00e9m do eterno gato Tutuquinho, que virou estrela.\",\"sameAs\":[\"https:\\\/\\\/www.facebook.com\\\/renato.dias.37\",\"#breve\",\"https:\\\/\\\/renatodias.tumblr.com\\\/\"],\"url\":\"https:\\\/\\\/renatodias.online\\\/movimento\\\/author\\\/renatodias\\\/\"}]}<\/script>\n<!-- \/ Yoast SEO plugin. -->","yoast_head_json":{"title":"Railton disputa elei\u00e7\u00e3o \u00e0 C\u00e2mara Federal -","robots":{"index":"index","follow":"follow","max-snippet":"max-snippet:-1","max-image-preview":"max-image-preview:large","max-video-preview":"max-video-preview:-1"},"canonical":"https:\/\/renatodias.online\/movimento\/2022\/05\/23\/railton-disputa-eleicao-a-camara-federal\/","og_locale":"pt_BR","og_type":"article","og_title":"Railton disputa elei\u00e7\u00e3o \u00e0 C\u00e2mara Federal -","og_description":"Railton disputa elei\u00e7\u00e3o \u00e0 C\u00e2mara Federal \u00c9 presidente do Sinpro, CTB e PC do B Um novo Brasil \u00e9 poss\u00edvel, ele diz Renato Dias O fil\u00f3sofo Railton Nascimento [PC do B] anuncia, hoje, a sua pr\u00e9-candidatura \u00e0 C\u00e2mara dos Deputados. A elei\u00e7\u00e3o ser\u00e1 realizada dia 2 de outubro. A sua postula\u00e7\u00e3o sair\u00e1 pela Federa\u00e7\u00e3o Partid\u00e1ria","og_url":"https:\/\/renatodias.online\/movimento\/2022\/05\/23\/railton-disputa-eleicao-a-camara-federal\/","article_publisher":"https:\/\/www.facebook.com\/renato.dias.37","article_author":"https:\/\/www.facebook.com\/renato.dias.37","article_published_time":"2022-05-23T15:15:37+00:00","article_modified_time":"2022-05-23T15:19:01+00:00","og_image":[{"width":813,"height":806,"url":"https:\/\/renatodias.online\/movimento\/wp-content\/uploads\/2021\/05\/Railton-Nascimento-eleito-na-CTB.jpg","type":"image\/jpeg"}],"author":"Renato Dias","twitter_card":"summary_large_image","twitter_creator":"@RenatoDiasBat","twitter_site":"@RenatoDiasBat","twitter_misc":{"Escrito por":"Renato Dias","Est. tempo de leitura":"2 minutos"},"schema":{"@context":"https:\/\/schema.org","@graph":[{"@type":"Article","@id":"https:\/\/renatodias.online\/movimento\/2022\/05\/23\/railton-disputa-eleicao-a-camara-federal\/#article","isPartOf":{"@id":"https:\/\/renatodias.online\/movimento\/2022\/05\/23\/railton-disputa-eleicao-a-camara-federal\/"},"author":{"name":"Renato Dias","@id":"https:\/\/renatodias.online\/movimento\/#\/schema\/person\/bbab28833b1725a20f4083f49f1fb2a9"},"headline":"Railton disputa elei\u00e7\u00e3o \u00e0 C\u00e2mara Federal","datePublished":"2022-05-23T15:15:37+00:00","dateModified":"2022-05-23T15:19:01+00:00","mainEntityOfPage":{"@id":"https:\/\/renatodias.online\/movimento\/2022\/05\/23\/railton-disputa-eleicao-a-camara-federal\/"},"wordCount":480,"commentCount":0,"publisher":{"@id":"https:\/\/renatodias.online\/movimento\/#\/schema\/person\/bbab28833b1725a20f4083f49f1fb2a9"},"image":{"@id":"https:\/\/renatodias.online\/movimento\/2022\/05\/23\/railton-disputa-eleicao-a-camara-federal\/#primaryimage"},"thumbnailUrl":"https:\/\/renatodias.online\/movimento\/wp-content\/uploads\/2021\/05\/Railton-Nascimento-eleito-na-CTB.jpg","articleSection":["Pol\u00edtica"],"inLanguage":"pt-BR","potentialAction":[{"@type":"CommentAction","name":"Comment","target":["https:\/\/renatodias.online\/movimento\/2022\/05\/23\/railton-disputa-eleicao-a-camara-federal\/#respond"]}]},{"@type":"WebPage","@id":"https:\/\/renatodias.online\/movimento\/2022\/05\/23\/railton-disputa-eleicao-a-camara-federal\/","url":"https:\/\/renatodias.online\/movimento\/2022\/05\/23\/railton-disputa-eleicao-a-camara-federal\/","name":"Railton disputa elei\u00e7\u00e3o \u00e0 C\u00e2mara Federal -","isPartOf":{"@id":"https:\/\/renatodias.online\/movimento\/#website"},"primaryImageOfPage":{"@id":"https:\/\/renatodias.online\/movimento\/2022\/05\/23\/railton-disputa-eleicao-a-camara-federal\/#primaryimage"},"image":{"@id":"https:\/\/renatodias.online\/movimento\/2022\/05\/23\/railton-disputa-eleicao-a-camara-federal\/#primaryimage"},"thumbnailUrl":"https:\/\/renatodias.online\/movimento\/wp-content\/uploads\/2021\/05\/Railton-Nascimento-eleito-na-CTB.jpg","datePublished":"2022-05-23T15:15:37+00:00","dateModified":"2022-05-23T15:19:01+00:00","breadcrumb":{"@id":"https:\/\/renatodias.online\/movimento\/2022\/05\/23\/railton-disputa-eleicao-a-camara-federal\/#breadcrumb"},"inLanguage":"pt-BR","potentialAction":[{"@type":"ReadAction","target":["https:\/\/renatodias.online\/movimento\/2022\/05\/23\/railton-disputa-eleicao-a-camara-federal\/"]}]},{"@type":"ImageObject","inLanguage":"pt-BR","@id":"https:\/\/renatodias.online\/movimento\/2022\/05\/23\/railton-disputa-eleicao-a-camara-federal\/#primaryimage","url":"https:\/\/renatodias.online\/movimento\/wp-content\/uploads\/2021\/05\/Railton-Nascimento-eleito-na-CTB.jpg","contentUrl":"https:\/\/renatodias.online\/movimento\/wp-content\/uploads\/2021\/05\/Railton-Nascimento-eleito-na-CTB.jpg","width":813,"height":806,"caption":"Railton Nascimento"},{"@type":"BreadcrumbList","@id":"https:\/\/renatodias.online\/movimento\/2022\/05\/23\/railton-disputa-eleicao-a-camara-federal\/#breadcrumb","itemListElement":[{"@type":"ListItem","position":1,"name":"In\u00edcio","item":"https:\/\/renatodias.online\/movimento\/"},{"@type":"ListItem","position":2,"name":"Railton disputa elei\u00e7\u00e3o \u00e0 C\u00e2mara Federal"}]},{"@type":"WebSite","@id":"https:\/\/renatodias.online\/movimento\/#website","url":"https:\/\/renatodias.online\/movimento\/","name":"","description":"","publisher":{"@id":"https:\/\/renatodias.online\/movimento\/#\/schema\/person\/bbab28833b1725a20f4083f49f1fb2a9"},"potentialAction":[{"@type":"SearchAction","target":{"@type":"EntryPoint","urlTemplate":"https:\/\/renatodias.online\/movimento\/?s={search_term_string}"},"query-input":{"@type":"PropertyValueSpecification","valueRequired":true,"valueName":"search_term_string"}}],"inLanguage":"pt-BR"},{"@type":["Person","Organization"],"@id":"https:\/\/renatodias.online\/movimento\/#\/schema\/person\/bbab28833b1725a20f4083f49f1fb2a9","name":"Renato Dias","image":{"@type":"ImageObject","inLanguage":"pt-BR","@id":"https:\/\/renatodias.online\/movimento\/wp-content\/uploads\/2023\/03\/cropped-cropped-cropped-logofinal.jpeg","url":"https:\/\/renatodias.online\/movimento\/wp-content\/uploads\/2023\/03\/cropped-cropped-cropped-logofinal.jpeg","contentUrl":"https:\/\/renatodias.online\/movimento\/wp-content\/uploads\/2023\/03\/cropped-cropped-cropped-logofinal.jpeg","width":1280,"height":219,"caption":"Renato Dias"},"logo":{"@id":"https:\/\/renatodias.online\/movimento\/wp-content\/uploads\/2023\/03\/cropped-cropped-cropped-logofinal.jpeg"},"description":"Renato Dias, 58 anos, \u00e9 graduado em Jornalismo, formado em Ci\u00eancias Sociais, com p\u00f3s-gradua\u00e7\u00e3o em Pol\u00edticas P\u00fablicas, mestre em Direito e Rela\u00e7\u00f5es Internacionais, ex-aluno extraordin\u00e1rio do Doutorado em Psicologia Social, ex-estudante do Curso de Psican\u00e1lise do Centro de Estudos Psicanal\u00edticos do Estado de Goi\u00e1s, ministrado pelo m\u00e9dico psiquiatra e psicanalista Daniel Em\u00eddio de Souza. \u00c9 autor de 30 livros-reportagem, oito document\u00e1rios, ganhou 30 pr\u00eamios e \u00e9 torcedor apaixonado do maior do Centro-Oeste, o Vila Nova Futebol Clube. Casado com Meirilane Dias, \u00e9 pai de Juliana Dias, jornalista; Daniel Dias, economista; e Maria Rosa Dias, estudante antifascista, socialista e trotskista.\u00a0Com tr\u00eas pets: Porquinho [Bull Dog Franc\u00eas], Dalila [Basset Hound] e Geleia [Basset Hound]. Al\u00e9m do eterno gato Tutuquinho, que virou estrela.","sameAs":["https:\/\/www.facebook.com\/renato.dias.37","#breve","https:\/\/renatodias.tumblr.com\/"],"url":"https:\/\/renatodias.online\/movimento\/author\/renatodias\/"}]}},"_links":{"self":[{"href":"https:\/\/renatodias.online\/movimento\/wp-json\/wp\/v2\/posts\/12445","targetHints":{"allow":["GET"]}}],"collection":[{"href":"https:\/\/renatodias.online\/movimento\/wp-json\/wp\/v2\/posts"}],"about":[{"href":"https:\/\/renatodias.online\/movimento\/wp-json\/wp\/v2\/types\/post"}],"author":[{"embeddable":true,"href":"https:\/\/renatodias.online\/movimento\/wp-json\/wp\/v2\/users\/2"}],"replies":[{"embeddable":true,"href":"https:\/\/renatodias.online\/movimento\/wp-json\/wp\/v2\/comments?post=12445"}],"version-history":[{"count":3,"href":"https:\/\/renatodias.online\/movimento\/wp-json\/wp\/v2\/posts\/12445\/revisions"}],"predecessor-version":[{"id":12448,"href":"https:\/\/renatodias.online\/movimento\/wp-json\/wp\/v2\/posts\/12445\/revisions\/12448"}],"wp:featuredmedia":[{"embeddable":true,"href":"https:\/\/renatodias.online\/movimento\/wp-json\/wp\/v2\/media\/6659"}],"wp:attachment":[{"href":"https:\/\/renatodias.online\/movimento\/wp-json\/wp\/v2\/media?parent=12445"}],"wp:term":[{"taxonomy":"category","embeddable":true,"href":"https:\/\/renatodias.online\/movimento\/wp-json\/wp\/v2\/categories?post=12445"},{"taxonomy":"post_tag","embeddable":true,"href":"https:\/\/renatodias.online\/movimento\/wp-json\/wp\/v2\/tags?post=12445"}],"curies":[{"name":"wp","href":"https:\/\/api.w.org\/{rel}","templated":true}]}}