{"id":12436,"date":"2022-05-23T11:51:30","date_gmt":"2022-05-23T14:51:30","guid":{"rendered":"https:\/\/renatodias.online\/movimento\/?p=12436"},"modified":"2022-05-23T12:01:43","modified_gmt":"2022-05-23T15:01:43","slug":"bolsonaro-odeia-a-democracia","status":"publish","type":"post","link":"https:\/\/renatodias.online\/movimento\/2022\/05\/23\/bolsonaro-odeia-a-democracia\/","title":{"rendered":"\u2018Bolsonaro odeia a democracia\u2019"},"content":{"rendered":"<h1 style=\"text-align: center;\"><strong><img loading=\"lazy\" decoding=\"async\" class=\"alignnone wp-image-5007 size-large\" src=\"https:\/\/renatodias.online\/movimento\/wp-content\/uploads\/2021\/01\/Alto-da-p\u00e1gina-Banner-Exclusivo-1024x311.png\" alt=\"\" width=\"1024\" height=\"311\" \/><\/strong><span style=\"color: #808000;\"><strong>Neofascismo no Brasil<\/strong><\/span><\/h1>\n<h1 style=\"text-align: center;\"><span style=\"color: #0000ff;\"><strong>S\u00e9rgio Amadeu diz que fen\u00f4meno \u00e9 global e que neoliberalismo rompe os limites da democracia<\/strong><\/span><\/h1>\n<figure id=\"attachment_5888\" aria-describedby=\"caption-attachment-5888\" style=\"width: 150px\" class=\"wp-caption aligncenter\"><img loading=\"lazy\" decoding=\"async\" class=\"wp-image-5888 size-thumbnail\" src=\"https:\/\/renatodias.online\/movimento\/wp-content\/uploads\/2021\/04\/Bomba-A-morte-da-Politica-150x150.jpg\" alt=\"explosivo\" width=\"150\" height=\"150\" \/><figcaption id=\"caption-attachment-5888\" class=\"wp-caption-text\"><span style=\"color: #ff6600;\"><strong>explosivo<\/strong><\/span><\/figcaption><\/figure>\n<p>&nbsp;<\/p>\n<figure id=\"attachment_12437\" aria-describedby=\"caption-attachment-12437\" style=\"width: 1280px\" class=\"wp-caption alignnone\"><img loading=\"lazy\" decoding=\"async\" class=\"wp-image-12437 size-full\" src=\"https:\/\/renatodias.online\/movimento\/wp-content\/uploads\/2022\/05\/Sergio-Amadeu-1.jpg\" alt=\"\" width=\"1280\" height=\"720\" srcset=\"https:\/\/renatodias.online\/movimento\/wp-content\/uploads\/2022\/05\/Sergio-Amadeu-1.jpg 1280w, https:\/\/renatodias.online\/movimento\/wp-content\/uploads\/2022\/05\/Sergio-Amadeu-1-300x169.jpg 300w, https:\/\/renatodias.online\/movimento\/wp-content\/uploads\/2022\/05\/Sergio-Amadeu-1-768x432.jpg 768w, https:\/\/renatodias.online\/movimento\/wp-content\/uploads\/2022\/05\/Sergio-Amadeu-1-750x422.jpg 750w\" sizes=\"auto, (max-width: 1280px) 100vw, 1280px\" \/><figcaption id=\"caption-attachment-12437\" class=\"wp-caption-text\"><strong>O soci\u00f3logo e doutor em Ci\u00eancias Pol\u00edticas, Sergio Amadeu, assina &#8216;Como derrotar o fascismo&#8217;, Hedra e Veneta<br \/><\/strong><\/figcaption><\/figure>\n<p>&nbsp;<\/p>\n<p><strong>Renato Dias<\/strong><\/p>\n<p>Com uma agenda neoliberal, fundada na irracionalidade, em ruptura com a democracia, com forte inser\u00e7\u00e3o na rede mundial de computadores, o fascismo tardio no Brasil quer destruir os direitos trabalhistas, previdenci\u00e1rios e humanos. Uma plataforma de subservi\u00eancia ao capital e aos EUA. Assim o soci\u00f3logo e\u00a0doutor em Ci\u00eancias Pol\u00edticas <span style=\"color: #0000ff;\"><strong>Sergio Amadeu<\/strong><\/span> conceitua o presidente da Rep\u00fablica, Jair Messias Bolsonaro [PL]. Como o <em>band leader<\/em> de um fascismo tardio. Com o jornalista <span style=\"color: #0000ff;\"><strong>Renato Rovai<\/strong><\/span>, o intelectual p\u00fablico lan\u00e7a, com selos da <strong>Hedra<\/strong> e <strong>Veneta<\/strong>, o livro <strong>Como Derrotar o Fascismo _ Em Elei\u00e7\u00f5es e Sempre<\/strong> [Maio de 2022]. Leia a \u00edntegra da entrevista exclusiva concedida ao <span style=\"color: #ff0000;\"><strong>Portal de Not\u00edcias <a style=\"color: #ff0000;\" href=\"http:\/\/www.renatodias.online\">www.renatodias.online<\/a><\/strong><\/span><\/p>\n<p>&nbsp;<\/p>\n<figure id=\"attachment_8457\" aria-describedby=\"caption-attachment-8457\" style=\"width: 1225px\" class=\"wp-caption alignnone\"><img loading=\"lazy\" decoding=\"async\" class=\"wp-image-8457 size-full\" src=\"https:\/\/renatodias.online\/movimento\/wp-content\/uploads\/2021\/08\/Desfile-de-blindados.jpeg\" alt=\"\" width=\"1225\" height=\"815\" srcset=\"https:\/\/renatodias.online\/movimento\/wp-content\/uploads\/2021\/08\/Desfile-de-blindados.jpeg 1225w, https:\/\/renatodias.online\/movimento\/wp-content\/uploads\/2021\/08\/Desfile-de-blindados-300x200.jpeg 300w, https:\/\/renatodias.online\/movimento\/wp-content\/uploads\/2021\/08\/Desfile-de-blindados-768x511.jpeg 768w, https:\/\/renatodias.online\/movimento\/wp-content\/uploads\/2021\/08\/Desfile-de-blindados-360x240.jpeg 360w, https:\/\/renatodias.online\/movimento\/wp-content\/uploads\/2021\/08\/Desfile-de-blindados-750x499.jpeg 750w\" sizes=\"auto, (max-width: 1225px) 100vw, 1225px\" \/><figcaption id=\"caption-attachment-8457\" class=\"wp-caption-text\"><strong>Desfile de blindados sob Jair Messias Bolsonaro, uma amea\u00e7a de golpe de Estado<br \/><\/strong><\/figcaption><\/figure>\n<p>&nbsp;<\/p>\n<p><strong>A possibilidade de deflagra\u00e7\u00e3o de um golpe em 2022, no Brasil, \u00e9 real?<\/strong><\/p>\n<p><span style=\"color: #0000ff;\"><strong>Sergio Amadeu &#8211;<\/strong><\/span> Jair Bolsonaro vai para as elei\u00e7\u00f5es porque n\u00e3o conseguiu dar um golpe militar. Ele criou a suspeita com o processo eleitoral para tentar suspender ou desrespeitar o resultado das urnas. Jair Bolsonaro tem mais de 51% de rejei\u00e7\u00e3o em todas as pesquisas realizadas, por isso, ele diz que n\u00e3o aceitar\u00e1 o resultado. A quest\u00e3o \u00e9 se o Ex\u00e9rcito vai se prestar a golpear novamente a democracia para defender um governante inepto, corrupto e ligado \u00e0s mil\u00edcias.<\/p>\n<p>&nbsp;<\/p>\n<figure id=\"attachment_12438\" aria-describedby=\"caption-attachment-12438\" style=\"width: 650px\" class=\"wp-caption aligncenter\"><img loading=\"lazy\" decoding=\"async\" class=\"wp-image-12438 size-full\" src=\"https:\/\/renatodias.online\/movimento\/wp-content\/uploads\/2022\/05\/Benito-Mussolini-faz-passeio-de-moto.jpg\" alt=\"\" width=\"650\" height=\"515\" srcset=\"https:\/\/renatodias.online\/movimento\/wp-content\/uploads\/2022\/05\/Benito-Mussolini-faz-passeio-de-moto.jpg 650w, https:\/\/renatodias.online\/movimento\/wp-content\/uploads\/2022\/05\/Benito-Mussolini-faz-passeio-de-moto-300x238.jpg 300w\" sizes=\"auto, (max-width: 650px) 100vw, 650px\" \/><figcaption id=\"caption-attachment-12438\" class=\"wp-caption-text\"><strong>Benito Mussolini faz passeio de moto<\/strong><\/figcaption><\/figure>\n<p><strong>\u00c9 poss\u00edvel conceituar a Era Jair Messias Bolsonaro como fascista?<\/strong><\/p>\n<p><span style=\"color: #0000ff;\"><strong>Sergio Amadeu &#8211;<\/strong><\/span> O mundo vive um processo de fascistiza\u00e7\u00e3o. A maioria dos neoliberais decidiu romper com a democracia para aplicar sua perspectiva econ\u00f4mica. Assim, a extrema-direita se ligou completamente ao fascismo. Jair Bolsonaro \u00e9 o t\u00edpico elemento fascista. Ele odeia a democracia, mas n\u00e3o teve for\u00e7a para destrui-la. Ao mesmo tempo, atua falando para suas hordas de reacion\u00e1rios, fundamentalistas religiosos e defensores da ditadura militar. Esse n\u00facleo duro \u00e9 ampliado com os ruralistas, banqueiros e com parte do empresariado que sonha em liquidar todos os direitos trabalhistas e sociais. Jair Bolsonaro \u00e9 o l\u00edder do fascismo tardio no Brasil.<\/p>\n<figure id=\"attachment_6993\" aria-describedby=\"caption-attachment-6993\" style=\"width: 1140px\" class=\"wp-caption alignnone\"><img loading=\"lazy\" decoding=\"async\" class=\"wp-image-6993 size-large\" src=\"https:\/\/renatodias.online\/movimento\/wp-content\/uploads\/2021\/06\/Jair-Bolsonaro-Motocicleta-Como-Benito-Mussolini-1537x1024.jpg\" alt=\"\" width=\"1140\" height=\"760\" srcset=\"https:\/\/renatodias.online\/movimento\/wp-content\/uploads\/2021\/06\/Jair-Bolsonaro-Motocicleta-Como-Benito-Mussolini-1537x1024.jpg 1537w, https:\/\/renatodias.online\/movimento\/wp-content\/uploads\/2021\/06\/Jair-Bolsonaro-Motocicleta-Como-Benito-Mussolini-300x200.jpg 300w, https:\/\/renatodias.online\/movimento\/wp-content\/uploads\/2021\/06\/Jair-Bolsonaro-Motocicleta-Como-Benito-Mussolini-768x512.jpg 768w, https:\/\/renatodias.online\/movimento\/wp-content\/uploads\/2021\/06\/Jair-Bolsonaro-Motocicleta-Como-Benito-Mussolini-1536x1024.jpg 1536w, https:\/\/renatodias.online\/movimento\/wp-content\/uploads\/2021\/06\/Jair-Bolsonaro-Motocicleta-Como-Benito-Mussolini-2048x1365.jpg 2048w, https:\/\/renatodias.online\/movimento\/wp-content\/uploads\/2021\/06\/Jair-Bolsonaro-Motocicleta-Como-Benito-Mussolini-360x240.jpg 360w, https:\/\/renatodias.online\/movimento\/wp-content\/uploads\/2021\/06\/Jair-Bolsonaro-Motocicleta-Como-Benito-Mussolini-750x500.jpg 750w\" sizes=\"auto, (max-width: 1140px) 100vw, 1140px\" \/><figcaption id=\"caption-attachment-6993\" class=\"wp-caption-text\"><strong>Jair Bolsonaro faz passeio de moto _ Poder 360<\/strong><\/figcaption><\/figure>\n<p><strong>O fascismo defende a hipertrofia do Estado e Jair Bolsonaro e Paulo Guedes adotam receitu\u00e1rio de destrui\u00e7\u00e3o do Estado e de direitos. N\u00e3o \u00e9 uma diferen\u00e7a substancial?<\/strong><\/p>\n<p><span style=\"color: #0000ff;\"><strong>Sergio Amadeu &#8211;<\/strong><\/span> O fascismo do s\u00e9culo XX defendia um Estado corporativo. O fascismo atual \u00e9 fundamentalmente neoliberal, mas sua caracter\u00edstica operativa principal \u00e9 a irracionalidade, a defesa cega do l\u00edder e as a\u00e7\u00f5es ilimitadas para se manter no poder de Estado. A sua articula\u00e7\u00e3o no Brasil passou principalmente, n\u00e3o exclusivamente, pelas redes digitais. O novo fascismo defende a tortura, o exterm\u00ednio dos diferentes, mas clama pela liberdade de express\u00e3o (SIC!). Jair Bolsonaro fala contra a corrup\u00e7\u00e3o e pratica o roubo descarado do cart\u00e3o corporativo, tomava parte do sal\u00e1rio dos funcion\u00e1rios de seu gabinete, enfim, o fascismo n\u00e3o tem coer\u00eancia discursiva. Ele quer destruir o debate racional e instaurar a verdade baseada na vontade do l\u00edder.<\/p>\n<figure id=\"attachment_12439\" aria-describedby=\"caption-attachment-12439\" style=\"width: 1080px\" class=\"wp-caption alignnone\"><img loading=\"lazy\" decoding=\"async\" class=\"wp-image-12439 size-full\" src=\"https:\/\/renatodias.online\/movimento\/wp-content\/uploads\/2022\/05\/Andrezj-Duda.png\" alt=\"\" width=\"1080\" height=\"601\" srcset=\"https:\/\/renatodias.online\/movimento\/wp-content\/uploads\/2022\/05\/Andrezj-Duda.png 1080w, https:\/\/renatodias.online\/movimento\/wp-content\/uploads\/2022\/05\/Andrezj-Duda-300x167.png 300w, https:\/\/renatodias.online\/movimento\/wp-content\/uploads\/2022\/05\/Andrezj-Duda-768x427.png 768w, https:\/\/renatodias.online\/movimento\/wp-content\/uploads\/2022\/05\/Andrezj-Duda-750x417.png 750w\" sizes=\"auto, (max-width: 1080px) 100vw, 1080px\" \/><figcaption id=\"caption-attachment-12439\" class=\"wp-caption-text\"><strong>Andrezj Duda: neofascista da Pol\u00f4nia, hoje<\/strong><\/figcaption><\/figure>\n<p><strong>Utopias regressivas: fen\u00f4meno \u00e9 global?<\/strong><\/p>\n<p><span style=\"color: #0000ff;\"><strong>Sergio Amadeu &#8211;<\/strong> <\/span>O neoliberalismo quer destruir a democracia e resgatou o fascismo do esgoto hist\u00f3rico para financi\u00e1-lo e torn\u00e1-lo tecnologicamente \u00e1gil e moderno. Mas o fascismo e seu poder instrument\u00e1rio atual querem destruir a diversidade, a democracia, os direitos sociais e trabalhistas e implantar um governo patri\u00f3tico-entreguista e submisso ao poderio do l\u00edder mais forte. No caso brasileiro, Jair Bolsonaro, que \u00e9 entreguista, bate contin\u00eancia para a bandeira norte-americana.<\/p>\n<figure id=\"attachment_5350\" aria-describedby=\"caption-attachment-5350\" style=\"width: 225px\" class=\"wp-caption aligncenter\"><img loading=\"lazy\" decoding=\"async\" class=\"wp-image-5350 size-full\" src=\"https:\/\/renatodias.online\/movimento\/wp-content\/uploads\/2021\/03\/Caricatura-de-Sergio-Moro-Discurso-historico.jpg\" alt=\"S\u00e9rgio Moro - caricatura\" width=\"225\" height=\"225\" srcset=\"https:\/\/renatodias.online\/movimento\/wp-content\/uploads\/2021\/03\/Caricatura-de-Sergio-Moro-Discurso-historico.jpg 225w, https:\/\/renatodias.online\/movimento\/wp-content\/uploads\/2021\/03\/Caricatura-de-Sergio-Moro-Discurso-historico-150x150.jpg 150w\" sizes=\"auto, (max-width: 225px) 100vw, 225px\" \/><figcaption id=\"caption-attachment-5350\" class=\"wp-caption-text\"><strong>S\u00e9rgio Moro e Globo<br \/><\/strong><\/figcaption><\/figure>\n<p><strong>Quais condi\u00e7\u00f5es permitiram a ascens\u00e3o de Jair Bolsonaro?<\/strong><\/p>\n<p><span style=\"color: #0000ff;\"><strong>Sergio Amadeu &#8211;<\/strong><\/span> Jair Bolsonaro \u00e9 um imbecil que era eleito deputado federal pelos militares aposentados e pelos fascistas tradicionais. N\u00e3o tinha como vencer uma elei\u00e7\u00e3o geral. \u00c9 uma pessoa n\u00e3o confi\u00e1vel e ligada \u00e0s mil\u00edcias. Todavia, o demotucanato, a Globo, a maioria da m\u00eddia e os banqueiros articularam o Minist\u00e9rio P\u00fablico e parte do Judici\u00e1rio para retirar a esquerda do governo. Assim criaram um cen\u00e1rio prop\u00edcio ao autoritarismo e \u00e0 desinforma\u00e7\u00e3o. A Lava Jato era a mentira em movimento. Sergio Moro \u00e9 um verdadeiro criminoso que foi al\u00e7ado \u00e0 condi\u00e7\u00e3o de her\u00f3i. Inesperadamente, a desinforma\u00e7\u00e3o foi apresentada como verdade indiscut\u00edvel, ou seja, o PT foi declarado mais corrupto que o Centr\u00e3o, que o DEM. O PT foi apresentado com mais recursos de campanha que o PSDB. Piada. Tanto \u00e9 que nem Deltan Dallagnol, nem Sergio Moro conseguiram indiciar mais petistas do que pol\u00edticos do MDB, PP e PSDB. A corrup\u00e7\u00e3o \u00e9 incrustrada nas elites econ\u00f4micas que s\u00e3o c\u00ednicas. Nesse cen\u00e1rio, Jair Bolsonaro, um ignorante, rei das rachadinhas, defensor de grupos de exterm\u00ednio, de mil\u00edcias era a express\u00e3o maior da farsa. Ele aniquilou o centro e hegemonizou a direita e aproveitou a campanha de destrui\u00e7\u00e3o da esquerda montada pelo demotucanato e pela Globo.<\/p>\n<figure id=\"attachment_4031\" aria-describedby=\"caption-attachment-4031\" style=\"width: 768px\" class=\"wp-caption aligncenter\"><img loading=\"lazy\" decoding=\"async\" class=\"wp-image-4031 size-full\" src=\"https:\/\/renatodias.online\/movimento\/wp-content\/uploads\/2020\/06\/Jair-Bolsonaro-e-Fabr\u00edcio-Queir\u00f3z.jpg\" alt=\"Jair Bolsonaro\u00a0 e Fabr\u00edcio Queiroz\" width=\"768\" height=\"512\" srcset=\"https:\/\/renatodias.online\/movimento\/wp-content\/uploads\/2020\/06\/Jair-Bolsonaro-e-Fabr\u00edcio-Queir\u00f3z.jpg 768w, https:\/\/renatodias.online\/movimento\/wp-content\/uploads\/2020\/06\/Jair-Bolsonaro-e-Fabr\u00edcio-Queir\u00f3z-300x200.jpg 300w, https:\/\/renatodias.online\/movimento\/wp-content\/uploads\/2020\/06\/Jair-Bolsonaro-e-Fabr\u00edcio-Queir\u00f3z-360x240.jpg 360w, https:\/\/renatodias.online\/movimento\/wp-content\/uploads\/2020\/06\/Jair-Bolsonaro-e-Fabr\u00edcio-Queir\u00f3z-750x500.jpg 750w\" sizes=\"auto, (max-width: 768px) 100vw, 768px\" \/><figcaption id=\"caption-attachment-4031\" class=\"wp-caption-text\"><strong>Jair Bolsonaro\u00a0 e Fabr\u00edcio Queiroz<\/strong><\/figcaption><\/figure>\n<p><strong>Jair Bolsonaro possui chances de reelei\u00e7\u00e3o?<\/strong><\/p>\n<p><span style=\"color: #0000ff;\"><strong>Sergio Amadeu &#8211;<\/strong> <\/span>Dificilmente poder\u00e1 vencer as elei\u00e7\u00f5es com uma rejei\u00e7\u00e3o superior a todos os demais candidatos e al\u00e9m dos 51%. Ocorre que seus marqueteiros sabem disso. A estrat\u00e9gia bolsonarista \u00e9 simples. Torrar dinheiro p\u00fablico com o Centr\u00e3o e expandir a desinforma\u00e7\u00e3o para criar uma rejei\u00e7\u00e3o igual ou superior a dele no candidato de oposi\u00e7\u00e3o. Sem criar um caos informacional,\u00a0Jair Bolsonaro n\u00e3o tem como vencer as elei\u00e7\u00f5es. Por isso, \u00e9 importante que seja derrotado no primeiro turno.<\/p>\n<figure id=\"attachment_12097\" aria-describedby=\"caption-attachment-12097\" style=\"width: 800px\" class=\"wp-caption aligncenter\"><img loading=\"lazy\" decoding=\"async\" class=\"size-full wp-image-12097\" src=\"https:\/\/renatodias.online\/movimento\/wp-content\/uploads\/2022\/04\/Lula-e-Geraldo-Alckmin.jpg\" alt=\"\" width=\"800\" height=\"533\" \/><figcaption id=\"caption-attachment-12097\" class=\"wp-caption-text\"><strong>Lula e Geraldo Alckmin: PT e PSB<\/strong><\/figcaption><\/figure>\n<p><strong>Qual a ideia central do livro?<\/strong><\/p>\n<p><span style=\"color: #0000ff;\"><strong>Sergio Amadeu &#8211;<\/strong><\/span> A ideia \u00e9 produzir um guia para as pessoas juntarem os amigos e atuarem nas redes sociais online para enfrentar as ondas de desinforma\u00e7\u00e3o e combaterem as ideias reacion\u00e1rias do fascismo. Escrevemos um guia com algumas sugest\u00f5es de a\u00e7\u00e3o que pessoas n\u00e3o especializadas em marketing ou redes possam fazer.<\/p>\n<figure id=\"attachment_12442\" aria-describedby=\"caption-attachment-12442\" style=\"width: 1024px\" class=\"wp-caption alignnone\"><img loading=\"lazy\" decoding=\"async\" class=\"wp-image-12442 size-full\" src=\"https:\/\/renatodias.online\/movimento\/wp-content\/uploads\/2022\/05\/Renato-Rovai-1.jpg\" alt=\"\" width=\"1024\" height=\"680\" \/><figcaption id=\"caption-attachment-12442\" class=\"wp-caption-text\"><strong>O jornalista Renato Rovai<\/strong><\/figcaption><\/figure>\n<p><img loading=\"lazy\" decoding=\"async\" class=\"size-medium wp-image-10971 aligncenter\" src=\"https:\/\/renatodias.online\/movimento\/wp-content\/uploads\/2022\/02\/Saiba-mais-300x103.png\" alt=\"\" width=\"300\" height=\"103\" srcset=\"https:\/\/renatodias.online\/movimento\/wp-content\/uploads\/2022\/02\/Saiba-mais-300x103.png 300w, https:\/\/renatodias.online\/movimento\/wp-content\/uploads\/2022\/02\/Saiba-mais.png 572w\" sizes=\"auto, (max-width: 300px) 100vw, 300px\" \/><\/p>\n<h1 style=\"text-align: center;\"><span style=\"color: #0000ff;\">Veja a capa do livro<\/span><\/h1>\n<p><img loading=\"lazy\" decoding=\"async\" class=\"wp-image-12440 size-full\" src=\"https:\/\/renatodias.online\/movimento\/wp-content\/uploads\/2022\/05\/Capa-do-livro-Como-derrotar-o-fascismo.jpg\" alt=\"\" width=\"681\" height=\"1024\" srcset=\"https:\/\/renatodias.online\/movimento\/wp-content\/uploads\/2022\/05\/Capa-do-livro-Como-derrotar-o-fascismo.jpg 681w, https:\/\/renatodias.online\/movimento\/wp-content\/uploads\/2022\/05\/Capa-do-livro-Como-derrotar-o-fascismo-200x300.jpg 200w\" sizes=\"auto, (max-width: 681px) 100vw, 681px\" \/><\/p>\n","protected":false},"excerpt":{"rendered":"<p>Neofascismo no Brasil S\u00e9rgio Amadeu diz que fen\u00f4meno \u00e9 global e que neoliberalismo rompe os limites da democracia &nbsp; &nbsp; Renato Dias Com uma agenda neoliberal, fundada na irracionalidade, em ruptura com a democracia, com forte inser\u00e7\u00e3o na rede mundial de computadores, o fascismo tardio no Brasil quer destruir os direitos trabalhistas, previdenci\u00e1rios e humanos.<\/p>\n","protected":false},"author":2,"featured_media":8101,"comment_status":"open","ping_status":"open","sticky":false,"template":"","format":"standard","meta":{"_acf_changed":false,"_monsterinsights_skip_tracking":false,"_monsterinsights_sitenote_active":false,"_monsterinsights_sitenote_note":"","_monsterinsights_sitenote_category":0,"footnotes":""},"categories":[4],"tags":[],"class_list":["post-12436","post","type-post","status-publish","format-standard","has-post-thumbnail","hentry","category-politica"],"acf":[],"yoast_head":"<!-- This site is optimized with the Yoast SEO plugin v27.4 - https:\/\/yoast.com\/product\/yoast-seo-wordpress\/ -->\n<title>\u2018Bolsonaro odeia a democracia\u2019 -<\/title>\n<meta name=\"robots\" content=\"index, follow, max-snippet:-1, max-image-preview:large, max-video-preview:-1\" \/>\n<link rel=\"canonical\" href=\"https:\/\/renatodias.online\/movimento\/2022\/05\/23\/bolsonaro-odeia-a-democracia\/\" \/>\n<meta property=\"og:locale\" content=\"pt_BR\" \/>\n<meta property=\"og:type\" content=\"article\" \/>\n<meta property=\"og:title\" content=\"\u2018Bolsonaro odeia a democracia\u2019 -\" \/>\n<meta property=\"og:description\" content=\"Neofascismo no Brasil S\u00e9rgio Amadeu diz que fen\u00f4meno \u00e9 global e que neoliberalismo rompe os limites da democracia &nbsp; &nbsp; Renato Dias Com uma agenda neoliberal, fundada na irracionalidade, em ruptura com a democracia, com forte inser\u00e7\u00e3o na rede mundial de computadores, o fascismo tardio no Brasil quer destruir os direitos trabalhistas, previdenci\u00e1rios e humanos.\" \/>\n<meta property=\"og:url\" content=\"https:\/\/renatodias.online\/movimento\/2022\/05\/23\/bolsonaro-odeia-a-democracia\/\" \/>\n<meta property=\"article:publisher\" content=\"https:\/\/www.facebook.com\/renato.dias.37\" \/>\n<meta property=\"article:author\" content=\"https:\/\/www.facebook.com\/renato.dias.37\" \/>\n<meta property=\"article:published_time\" content=\"2022-05-23T14:51:30+00:00\" \/>\n<meta property=\"article:modified_time\" content=\"2022-05-23T15:01:43+00:00\" \/>\n<meta property=\"og:image\" content=\"https:\/\/renatodias.online\/movimento\/wp-content\/uploads\/2021\/07\/Braga-Neto-e-Jair-Bolsonaro-1-e1653317668937.jpg\" \/>\n\t<meta property=\"og:image:width\" content=\"425\" \/>\n\t<meta property=\"og:image:height\" content=\"239\" \/>\n\t<meta property=\"og:image:type\" content=\"image\/jpeg\" \/>\n<meta name=\"author\" content=\"Renato Dias\" \/>\n<meta name=\"twitter:card\" content=\"summary_large_image\" \/>\n<meta name=\"twitter:creator\" content=\"@RenatoDiasBat\" \/>\n<meta name=\"twitter:site\" content=\"@RenatoDiasBat\" \/>\n<meta name=\"twitter:label1\" content=\"Escrito por\" \/>\n\t<meta name=\"twitter:data1\" content=\"Renato Dias\" \/>\n\t<meta name=\"twitter:label2\" content=\"Est. tempo de leitura\" \/>\n\t<meta name=\"twitter:data2\" content=\"6 minutos\" \/>\n<script type=\"application\/ld+json\" class=\"yoast-schema-graph\">{\"@context\":\"https:\\\/\\\/schema.org\",\"@graph\":[{\"@type\":\"Article\",\"@id\":\"https:\\\/\\\/renatodias.online\\\/movimento\\\/2022\\\/05\\\/23\\\/bolsonaro-odeia-a-democracia\\\/#article\",\"isPartOf\":{\"@id\":\"https:\\\/\\\/renatodias.online\\\/movimento\\\/2022\\\/05\\\/23\\\/bolsonaro-odeia-a-democracia\\\/\"},\"author\":{\"name\":\"Renato Dias\",\"@id\":\"https:\\\/\\\/renatodias.online\\\/movimento\\\/#\\\/schema\\\/person\\\/bbab28833b1725a20f4083f49f1fb2a9\"},\"headline\":\"\u2018Bolsonaro odeia a democracia\u2019\",\"datePublished\":\"2022-05-23T14:51:30+00:00\",\"dateModified\":\"2022-05-23T15:01:43+00:00\",\"mainEntityOfPage\":{\"@id\":\"https:\\\/\\\/renatodias.online\\\/movimento\\\/2022\\\/05\\\/23\\\/bolsonaro-odeia-a-democracia\\\/\"},\"wordCount\":1143,\"commentCount\":0,\"publisher\":{\"@id\":\"https:\\\/\\\/renatodias.online\\\/movimento\\\/#\\\/schema\\\/person\\\/bbab28833b1725a20f4083f49f1fb2a9\"},\"image\":{\"@id\":\"https:\\\/\\\/renatodias.online\\\/movimento\\\/2022\\\/05\\\/23\\\/bolsonaro-odeia-a-democracia\\\/#primaryimage\"},\"thumbnailUrl\":\"https:\\\/\\\/renatodias.online\\\/movimento\\\/wp-content\\\/uploads\\\/2021\\\/07\\\/Braga-Neto-e-Jair-Bolsonaro-1-e1653317668937.jpg\",\"articleSection\":[\"Pol\u00edtica\"],\"inLanguage\":\"pt-BR\",\"potentialAction\":[{\"@type\":\"CommentAction\",\"name\":\"Comment\",\"target\":[\"https:\\\/\\\/renatodias.online\\\/movimento\\\/2022\\\/05\\\/23\\\/bolsonaro-odeia-a-democracia\\\/#respond\"]}]},{\"@type\":\"WebPage\",\"@id\":\"https:\\\/\\\/renatodias.online\\\/movimento\\\/2022\\\/05\\\/23\\\/bolsonaro-odeia-a-democracia\\\/\",\"url\":\"https:\\\/\\\/renatodias.online\\\/movimento\\\/2022\\\/05\\\/23\\\/bolsonaro-odeia-a-democracia\\\/\",\"name\":\"\u2018Bolsonaro odeia a democracia\u2019 -\",\"isPartOf\":{\"@id\":\"https:\\\/\\\/renatodias.online\\\/movimento\\\/#website\"},\"primaryImageOfPage\":{\"@id\":\"https:\\\/\\\/renatodias.online\\\/movimento\\\/2022\\\/05\\\/23\\\/bolsonaro-odeia-a-democracia\\\/#primaryimage\"},\"image\":{\"@id\":\"https:\\\/\\\/renatodias.online\\\/movimento\\\/2022\\\/05\\\/23\\\/bolsonaro-odeia-a-democracia\\\/#primaryimage\"},\"thumbnailUrl\":\"https:\\\/\\\/renatodias.online\\\/movimento\\\/wp-content\\\/uploads\\\/2021\\\/07\\\/Braga-Neto-e-Jair-Bolsonaro-1-e1653317668937.jpg\",\"datePublished\":\"2022-05-23T14:51:30+00:00\",\"dateModified\":\"2022-05-23T15:01:43+00:00\",\"breadcrumb\":{\"@id\":\"https:\\\/\\\/renatodias.online\\\/movimento\\\/2022\\\/05\\\/23\\\/bolsonaro-odeia-a-democracia\\\/#breadcrumb\"},\"inLanguage\":\"pt-BR\",\"potentialAction\":[{\"@type\":\"ReadAction\",\"target\":[\"https:\\\/\\\/renatodias.online\\\/movimento\\\/2022\\\/05\\\/23\\\/bolsonaro-odeia-a-democracia\\\/\"]}]},{\"@type\":\"ImageObject\",\"inLanguage\":\"pt-BR\",\"@id\":\"https:\\\/\\\/renatodias.online\\\/movimento\\\/2022\\\/05\\\/23\\\/bolsonaro-odeia-a-democracia\\\/#primaryimage\",\"url\":\"https:\\\/\\\/renatodias.online\\\/movimento\\\/wp-content\\\/uploads\\\/2021\\\/07\\\/Braga-Neto-e-Jair-Bolsonaro-1-e1653317668937.jpg\",\"contentUrl\":\"https:\\\/\\\/renatodias.online\\\/movimento\\\/wp-content\\\/uploads\\\/2021\\\/07\\\/Braga-Neto-e-Jair-Bolsonaro-1-e1653317668937.jpg\",\"width\":425,\"height\":239,\"caption\":\"Braga Neto, Augusto Heleno e Jair Bolsonaro\"},{\"@type\":\"BreadcrumbList\",\"@id\":\"https:\\\/\\\/renatodias.online\\\/movimento\\\/2022\\\/05\\\/23\\\/bolsonaro-odeia-a-democracia\\\/#breadcrumb\",\"itemListElement\":[{\"@type\":\"ListItem\",\"position\":1,\"name\":\"In\u00edcio\",\"item\":\"https:\\\/\\\/renatodias.online\\\/movimento\\\/\"},{\"@type\":\"ListItem\",\"position\":2,\"name\":\"\u2018Bolsonaro odeia a democracia\u2019\"}]},{\"@type\":\"WebSite\",\"@id\":\"https:\\\/\\\/renatodias.online\\\/movimento\\\/#website\",\"url\":\"https:\\\/\\\/renatodias.online\\\/movimento\\\/\",\"name\":\"\",\"description\":\"\",\"publisher\":{\"@id\":\"https:\\\/\\\/renatodias.online\\\/movimento\\\/#\\\/schema\\\/person\\\/bbab28833b1725a20f4083f49f1fb2a9\"},\"potentialAction\":[{\"@type\":\"SearchAction\",\"target\":{\"@type\":\"EntryPoint\",\"urlTemplate\":\"https:\\\/\\\/renatodias.online\\\/movimento\\\/?s={search_term_string}\"},\"query-input\":{\"@type\":\"PropertyValueSpecification\",\"valueRequired\":true,\"valueName\":\"search_term_string\"}}],\"inLanguage\":\"pt-BR\"},{\"@type\":[\"Person\",\"Organization\"],\"@id\":\"https:\\\/\\\/renatodias.online\\\/movimento\\\/#\\\/schema\\\/person\\\/bbab28833b1725a20f4083f49f1fb2a9\",\"name\":\"Renato Dias\",\"image\":{\"@type\":\"ImageObject\",\"inLanguage\":\"pt-BR\",\"@id\":\"https:\\\/\\\/renatodias.online\\\/movimento\\\/wp-content\\\/uploads\\\/2023\\\/03\\\/cropped-cropped-cropped-logofinal.jpeg\",\"url\":\"https:\\\/\\\/renatodias.online\\\/movimento\\\/wp-content\\\/uploads\\\/2023\\\/03\\\/cropped-cropped-cropped-logofinal.jpeg\",\"contentUrl\":\"https:\\\/\\\/renatodias.online\\\/movimento\\\/wp-content\\\/uploads\\\/2023\\\/03\\\/cropped-cropped-cropped-logofinal.jpeg\",\"width\":1280,\"height\":219,\"caption\":\"Renato Dias\"},\"logo\":{\"@id\":\"https:\\\/\\\/renatodias.online\\\/movimento\\\/wp-content\\\/uploads\\\/2023\\\/03\\\/cropped-cropped-cropped-logofinal.jpeg\"},\"description\":\"Renato Dias, 58 anos, \u00e9 graduado em Jornalismo, formado em Ci\u00eancias Sociais, com p\u00f3s-gradua\u00e7\u00e3o em Pol\u00edticas P\u00fablicas, mestre em Direito e Rela\u00e7\u00f5es Internacionais, ex-aluno extraordin\u00e1rio do Doutorado em Psicologia Social, ex-estudante do Curso de Psican\u00e1lise do Centro de Estudos Psicanal\u00edticos do Estado de Goi\u00e1s, ministrado pelo m\u00e9dico psiquiatra e psicanalista Daniel Em\u00eddio de Souza. \u00c9 autor de 30 livros-reportagem, oito document\u00e1rios, ganhou 30 pr\u00eamios e \u00e9 torcedor apaixonado do maior do Centro-Oeste, o Vila Nova Futebol Clube. Casado com Meirilane Dias, \u00e9 pai de Juliana Dias, jornalista; Daniel Dias, economista; e Maria Rosa Dias, estudante antifascista, socialista e trotskista.\u00a0Com tr\u00eas pets: Porquinho [Bull Dog Franc\u00eas], Dalila [Basset Hound] e Geleia [Basset Hound]. Al\u00e9m do eterno gato Tutuquinho, que virou estrela.\",\"sameAs\":[\"https:\\\/\\\/www.facebook.com\\\/renato.dias.37\",\"#breve\",\"https:\\\/\\\/renatodias.tumblr.com\\\/\"],\"url\":\"https:\\\/\\\/renatodias.online\\\/movimento\\\/author\\\/renatodias\\\/\"}]}<\/script>\n<!-- \/ Yoast SEO plugin. -->","yoast_head_json":{"title":"\u2018Bolsonaro odeia a democracia\u2019 -","robots":{"index":"index","follow":"follow","max-snippet":"max-snippet:-1","max-image-preview":"max-image-preview:large","max-video-preview":"max-video-preview:-1"},"canonical":"https:\/\/renatodias.online\/movimento\/2022\/05\/23\/bolsonaro-odeia-a-democracia\/","og_locale":"pt_BR","og_type":"article","og_title":"\u2018Bolsonaro odeia a democracia\u2019 -","og_description":"Neofascismo no Brasil S\u00e9rgio Amadeu diz que fen\u00f4meno \u00e9 global e que neoliberalismo rompe os limites da democracia &nbsp; &nbsp; Renato Dias Com uma agenda neoliberal, fundada na irracionalidade, em ruptura com a democracia, com forte inser\u00e7\u00e3o na rede mundial de computadores, o fascismo tardio no Brasil quer destruir os direitos trabalhistas, previdenci\u00e1rios e humanos.","og_url":"https:\/\/renatodias.online\/movimento\/2022\/05\/23\/bolsonaro-odeia-a-democracia\/","article_publisher":"https:\/\/www.facebook.com\/renato.dias.37","article_author":"https:\/\/www.facebook.com\/renato.dias.37","article_published_time":"2022-05-23T14:51:30+00:00","article_modified_time":"2022-05-23T15:01:43+00:00","og_image":[{"width":425,"height":239,"url":"https:\/\/renatodias.online\/movimento\/wp-content\/uploads\/2021\/07\/Braga-Neto-e-Jair-Bolsonaro-1-e1653317668937.jpg","type":"image\/jpeg"}],"author":"Renato Dias","twitter_card":"summary_large_image","twitter_creator":"@RenatoDiasBat","twitter_site":"@RenatoDiasBat","twitter_misc":{"Escrito por":"Renato Dias","Est. tempo de leitura":"6 minutos"},"schema":{"@context":"https:\/\/schema.org","@graph":[{"@type":"Article","@id":"https:\/\/renatodias.online\/movimento\/2022\/05\/23\/bolsonaro-odeia-a-democracia\/#article","isPartOf":{"@id":"https:\/\/renatodias.online\/movimento\/2022\/05\/23\/bolsonaro-odeia-a-democracia\/"},"author":{"name":"Renato Dias","@id":"https:\/\/renatodias.online\/movimento\/#\/schema\/person\/bbab28833b1725a20f4083f49f1fb2a9"},"headline":"\u2018Bolsonaro odeia a democracia\u2019","datePublished":"2022-05-23T14:51:30+00:00","dateModified":"2022-05-23T15:01:43+00:00","mainEntityOfPage":{"@id":"https:\/\/renatodias.online\/movimento\/2022\/05\/23\/bolsonaro-odeia-a-democracia\/"},"wordCount":1143,"commentCount":0,"publisher":{"@id":"https:\/\/renatodias.online\/movimento\/#\/schema\/person\/bbab28833b1725a20f4083f49f1fb2a9"},"image":{"@id":"https:\/\/renatodias.online\/movimento\/2022\/05\/23\/bolsonaro-odeia-a-democracia\/#primaryimage"},"thumbnailUrl":"https:\/\/renatodias.online\/movimento\/wp-content\/uploads\/2021\/07\/Braga-Neto-e-Jair-Bolsonaro-1-e1653317668937.jpg","articleSection":["Pol\u00edtica"],"inLanguage":"pt-BR","potentialAction":[{"@type":"CommentAction","name":"Comment","target":["https:\/\/renatodias.online\/movimento\/2022\/05\/23\/bolsonaro-odeia-a-democracia\/#respond"]}]},{"@type":"WebPage","@id":"https:\/\/renatodias.online\/movimento\/2022\/05\/23\/bolsonaro-odeia-a-democracia\/","url":"https:\/\/renatodias.online\/movimento\/2022\/05\/23\/bolsonaro-odeia-a-democracia\/","name":"\u2018Bolsonaro odeia a democracia\u2019 -","isPartOf":{"@id":"https:\/\/renatodias.online\/movimento\/#website"},"primaryImageOfPage":{"@id":"https:\/\/renatodias.online\/movimento\/2022\/05\/23\/bolsonaro-odeia-a-democracia\/#primaryimage"},"image":{"@id":"https:\/\/renatodias.online\/movimento\/2022\/05\/23\/bolsonaro-odeia-a-democracia\/#primaryimage"},"thumbnailUrl":"https:\/\/renatodias.online\/movimento\/wp-content\/uploads\/2021\/07\/Braga-Neto-e-Jair-Bolsonaro-1-e1653317668937.jpg","datePublished":"2022-05-23T14:51:30+00:00","dateModified":"2022-05-23T15:01:43+00:00","breadcrumb":{"@id":"https:\/\/renatodias.online\/movimento\/2022\/05\/23\/bolsonaro-odeia-a-democracia\/#breadcrumb"},"inLanguage":"pt-BR","potentialAction":[{"@type":"ReadAction","target":["https:\/\/renatodias.online\/movimento\/2022\/05\/23\/bolsonaro-odeia-a-democracia\/"]}]},{"@type":"ImageObject","inLanguage":"pt-BR","@id":"https:\/\/renatodias.online\/movimento\/2022\/05\/23\/bolsonaro-odeia-a-democracia\/#primaryimage","url":"https:\/\/renatodias.online\/movimento\/wp-content\/uploads\/2021\/07\/Braga-Neto-e-Jair-Bolsonaro-1-e1653317668937.jpg","contentUrl":"https:\/\/renatodias.online\/movimento\/wp-content\/uploads\/2021\/07\/Braga-Neto-e-Jair-Bolsonaro-1-e1653317668937.jpg","width":425,"height":239,"caption":"Braga Neto, Augusto Heleno e Jair Bolsonaro"},{"@type":"BreadcrumbList","@id":"https:\/\/renatodias.online\/movimento\/2022\/05\/23\/bolsonaro-odeia-a-democracia\/#breadcrumb","itemListElement":[{"@type":"ListItem","position":1,"name":"In\u00edcio","item":"https:\/\/renatodias.online\/movimento\/"},{"@type":"ListItem","position":2,"name":"\u2018Bolsonaro odeia a democracia\u2019"}]},{"@type":"WebSite","@id":"https:\/\/renatodias.online\/movimento\/#website","url":"https:\/\/renatodias.online\/movimento\/","name":"","description":"","publisher":{"@id":"https:\/\/renatodias.online\/movimento\/#\/schema\/person\/bbab28833b1725a20f4083f49f1fb2a9"},"potentialAction":[{"@type":"SearchAction","target":{"@type":"EntryPoint","urlTemplate":"https:\/\/renatodias.online\/movimento\/?s={search_term_string}"},"query-input":{"@type":"PropertyValueSpecification","valueRequired":true,"valueName":"search_term_string"}}],"inLanguage":"pt-BR"},{"@type":["Person","Organization"],"@id":"https:\/\/renatodias.online\/movimento\/#\/schema\/person\/bbab28833b1725a20f4083f49f1fb2a9","name":"Renato Dias","image":{"@type":"ImageObject","inLanguage":"pt-BR","@id":"https:\/\/renatodias.online\/movimento\/wp-content\/uploads\/2023\/03\/cropped-cropped-cropped-logofinal.jpeg","url":"https:\/\/renatodias.online\/movimento\/wp-content\/uploads\/2023\/03\/cropped-cropped-cropped-logofinal.jpeg","contentUrl":"https:\/\/renatodias.online\/movimento\/wp-content\/uploads\/2023\/03\/cropped-cropped-cropped-logofinal.jpeg","width":1280,"height":219,"caption":"Renato Dias"},"logo":{"@id":"https:\/\/renatodias.online\/movimento\/wp-content\/uploads\/2023\/03\/cropped-cropped-cropped-logofinal.jpeg"},"description":"Renato Dias, 58 anos, \u00e9 graduado em Jornalismo, formado em Ci\u00eancias Sociais, com p\u00f3s-gradua\u00e7\u00e3o em Pol\u00edticas P\u00fablicas, mestre em Direito e Rela\u00e7\u00f5es Internacionais, ex-aluno extraordin\u00e1rio do Doutorado em Psicologia Social, ex-estudante do Curso de Psican\u00e1lise do Centro de Estudos Psicanal\u00edticos do Estado de Goi\u00e1s, ministrado pelo m\u00e9dico psiquiatra e psicanalista Daniel Em\u00eddio de Souza. \u00c9 autor de 30 livros-reportagem, oito document\u00e1rios, ganhou 30 pr\u00eamios e \u00e9 torcedor apaixonado do maior do Centro-Oeste, o Vila Nova Futebol Clube. Casado com Meirilane Dias, \u00e9 pai de Juliana Dias, jornalista; Daniel Dias, economista; e Maria Rosa Dias, estudante antifascista, socialista e trotskista.\u00a0Com tr\u00eas pets: Porquinho [Bull Dog Franc\u00eas], Dalila [Basset Hound] e Geleia [Basset Hound]. Al\u00e9m do eterno gato Tutuquinho, que virou estrela.","sameAs":["https:\/\/www.facebook.com\/renato.dias.37","#breve","https:\/\/renatodias.tumblr.com\/"],"url":"https:\/\/renatodias.online\/movimento\/author\/renatodias\/"}]}},"_links":{"self":[{"href":"https:\/\/renatodias.online\/movimento\/wp-json\/wp\/v2\/posts\/12436","targetHints":{"allow":["GET"]}}],"collection":[{"href":"https:\/\/renatodias.online\/movimento\/wp-json\/wp\/v2\/posts"}],"about":[{"href":"https:\/\/renatodias.online\/movimento\/wp-json\/wp\/v2\/types\/post"}],"author":[{"embeddable":true,"href":"https:\/\/renatodias.online\/movimento\/wp-json\/wp\/v2\/users\/2"}],"replies":[{"embeddable":true,"href":"https:\/\/renatodias.online\/movimento\/wp-json\/wp\/v2\/comments?post=12436"}],"version-history":[{"count":3,"href":"https:\/\/renatodias.online\/movimento\/wp-json\/wp\/v2\/posts\/12436\/revisions"}],"predecessor-version":[{"id":12444,"href":"https:\/\/renatodias.online\/movimento\/wp-json\/wp\/v2\/posts\/12436\/revisions\/12444"}],"wp:featuredmedia":[{"embeddable":true,"href":"https:\/\/renatodias.online\/movimento\/wp-json\/wp\/v2\/media\/8101"}],"wp:attachment":[{"href":"https:\/\/renatodias.online\/movimento\/wp-json\/wp\/v2\/media?parent=12436"}],"wp:term":[{"taxonomy":"category","embeddable":true,"href":"https:\/\/renatodias.online\/movimento\/wp-json\/wp\/v2\/categories?post=12436"},{"taxonomy":"post_tag","embeddable":true,"href":"https:\/\/renatodias.online\/movimento\/wp-json\/wp\/v2\/tags?post=12436"}],"curies":[{"name":"wp","href":"https:\/\/api.w.org\/{rel}","templated":true}]}}