{"id":12432,"date":"2022-05-20T15:41:25","date_gmt":"2022-05-20T18:41:25","guid":{"rendered":"https:\/\/renatodias.online\/movimento\/?p=12432"},"modified":"2022-05-20T15:41:25","modified_gmt":"2022-05-20T18:41:25","slug":"camara-aprova-reestruturacao-de-carreiras","status":"publish","type":"post","link":"https:\/\/renatodias.online\/movimento\/2022\/05\/20\/camara-aprova-reestruturacao-de-carreiras\/","title":{"rendered":"C\u00e2mara aprova reestrutura\u00e7\u00e3o de carreiras"},"content":{"rendered":"<p><img loading=\"lazy\" decoding=\"async\" class=\"alignnone wp-image-5007 size-large\" src=\"https:\/\/renatodias.online\/movimento\/wp-content\/uploads\/2021\/01\/Alto-da-p\u00e1gina-Banner-Exclusivo-1024x311.png\" alt=\"\" width=\"1024\" height=\"311\" \/><\/p>\n<h1 style=\"text-align: center;\"><strong>C\u00e2mara aprova reestrutura\u00e7\u00e3o de carreiras<\/strong><\/h1>\n<figure id=\"attachment_12198\" aria-describedby=\"caption-attachment-12198\" style=\"width: 1280px\" class=\"wp-caption alignnone\"><img loading=\"lazy\" decoding=\"async\" class=\"wp-image-12198 size-full\" src=\"https:\/\/renatodias.online\/movimento\/wp-content\/uploads\/2022\/05\/Plenario-da-Camara-Municipal-de-Goiania.jpg\" alt=\"\" width=\"1280\" height=\"853\" \/><figcaption id=\"caption-attachment-12198\" class=\"wp-caption-text\"><strong>Plen\u00e1rio da C\u00e2mara Municipal de Goi\u00e2nia<\/strong><\/figcaption><\/figure>\n<h1 style=\"text-align: center;\"><span style=\"color: #0000ff;\"><strong>Guarda Civil Metropolitana, Procuradoria Jur\u00eddica e dos servidores administrativos<\/strong><\/span><\/h1>\n<figure id=\"attachment_12199\" aria-describedby=\"caption-attachment-12199\" style=\"width: 400px\" class=\"wp-caption aligncenter\"><img loading=\"lazy\" decoding=\"async\" class=\"wp-image-12199 size-full\" src=\"https:\/\/renatodias.online\/movimento\/wp-content\/uploads\/2022\/05\/Romario-Policarpo.jpg\" alt=\"\" width=\"400\" height=\"400\" \/><figcaption id=\"caption-attachment-12199\" class=\"wp-caption-text\"><strong>O presidente da C\u00e2mara Municipal, Rom\u00e1rio Policarpo<\/strong><\/figcaption><\/figure>\n<h1 style=\"text-align: center;\"><span style=\"color: #800000;\"><strong>Projeto segue para san\u00e7\u00e3o de Rog\u00e9rio Cruz<\/strong><\/span><\/h1>\n<p><img loading=\"lazy\" decoding=\"async\" class=\"size-full wp-image-5929 aligncenter\" src=\"https:\/\/renatodias.online\/movimento\/wp-content\/uploads\/2021\/04\/Especial.jpg\" alt=\"\" width=\"200\" height=\"200\" srcset=\"https:\/\/renatodias.online\/movimento\/wp-content\/uploads\/2021\/04\/Especial.jpg 200w, https:\/\/renatodias.online\/movimento\/wp-content\/uploads\/2021\/04\/Especial-150x150.jpg 150w\" sizes=\"auto, (max-width: 200px) 100vw, 200px\" \/><\/p>\n<h1 style=\"text-align: center;\"><span style=\"color: #808000;\"><strong>Momento hist\u00f3rico, diz Rom\u00e1rio Policarpo<\/strong><\/span><\/h1>\n<p style=\"text-align: center;\"><strong>Da Reda\u00e7\u00e3o<\/strong><\/p>\n<p>O plen\u00e1rio da C\u00e2mara Municipal de Goi\u00e2nia aprovou, por unanimidade, em segunda e \u00faltima vota\u00e7\u00e3o, projetos de lei que reestruturam as carreiras da Guarda Civil Metropolitana [GCM], da Procuradoria Jur\u00eddica e dos servidores administrativos e operacionais da administra\u00e7\u00e3o direta, aut\u00e1rquica e fundacional do munic\u00edpio. &#8220;\u00c9 um dia hist\u00f3rico para os funcion\u00e1rios p\u00fablicos da prefeitura da capital, que trabalham muito para prestar o melhor servi\u00e7o \u00e0 popula\u00e7\u00e3o&#8221;, diz o <strong>presidente do legislativo, vereador Rom\u00e1rio Policarpo [Patriota].<\/strong> Ap\u00f3s proclamar o resultado das vota\u00e7\u00f5es. O projeto segue para san\u00e7\u00e3o do prefeito <strong>Rog\u00e9rio Cruz [Republicanos].<\/strong><\/p>\n<p><figure id=\"attachment_9390\" aria-describedby=\"caption-attachment-9390\" style=\"width: 1280px\" class=\"wp-caption alignnone\"><img loading=\"lazy\" decoding=\"async\" class=\"size-full wp-image-9390\" src=\"https:\/\/renatodias.online\/movimento\/wp-content\/uploads\/2021\/10\/Rogerio-Cruz.jpeg\" alt=\"\" width=\"1280\" height=\"853\" \/><figcaption id=\"caption-attachment-9390\" class=\"wp-caption-text\"><strong>O prefeito de Goi\u00e2nia, Rog\u00e9rio Cruz [Republicanos]<\/strong><\/figcaption><\/figure>Os projetos aprovados alteram as leis que tratam das carreiras. A lei n\u00famero 8.623\/2008 foi alterada para atualizar o Plano de Cargos e Vencimentos dos servidores administrativos e operacionais da administra\u00e7\u00e3o direta, aut\u00e1rquica e fundacional do munic\u00edpio. A reestrutura\u00e7\u00e3o do Plano de Carreira e Vencimentos da<strong> Guarda Civil Metropolitana<\/strong> [GCM] acabou promovida com altera\u00e7\u00f5es na lei n\u00famero 9.345\/2013. As mudan\u00e7as nas carreiras dos procuradores foram feitas por meio de inclus\u00f5es na Lei Complementar n\u00famero 313\/2018.<\/p>\n<blockquote>\n<h1><span style=\"color: #ff0000;\">Inclus\u00f5es na Lei Complementar n\u00famero 313\/2018<\/span><\/h1>\n<\/blockquote>\n<p>No caso dos procuradores e da GCM, haver\u00e1 implanta\u00e7\u00e3o do regime de subs\u00eddio \u2013 com garantia de remunera\u00e7\u00e3o em parcela \u00fanica \u2013 sendo vedado o acr\u00e9scimo por meio de gratifica\u00e7\u00e3o, abono, pr\u00eamio ou verba de representa\u00e7\u00e3o. Quanto aos cargos do grupo operacional da administra\u00e7\u00e3o p\u00fablica direta e indireta, ser\u00e1 feito o reajuste da tabela de vencimentos da carreira e inclu\u00edda a <strong>verba indenizat\u00f3ria [vale-alimenta\u00e7\u00e3o], no valor de R$ 400.<\/strong><\/p>\n<figure id=\"attachment_10119\" aria-describedby=\"caption-attachment-10119\" style=\"width: 1140px\" class=\"wp-caption alignnone\"><img loading=\"lazy\" decoding=\"async\" class=\"wp-image-10119 size-large\" src=\"https:\/\/renatodias.online\/movimento\/wp-content\/uploads\/2021\/12\/Anselmo-Pereira-1-1536x1024.jpg\" alt=\"\" width=\"1140\" height=\"760\" srcset=\"https:\/\/renatodias.online\/movimento\/wp-content\/uploads\/2021\/12\/Anselmo-Pereira-1-1536x1024.jpg 1536w, https:\/\/renatodias.online\/movimento\/wp-content\/uploads\/2021\/12\/Anselmo-Pereira-1-300x200.jpg 300w, https:\/\/renatodias.online\/movimento\/wp-content\/uploads\/2021\/12\/Anselmo-Pereira-1-768x512.jpg 768w, https:\/\/renatodias.online\/movimento\/wp-content\/uploads\/2021\/12\/Anselmo-Pereira-1-360x240.jpg 360w, https:\/\/renatodias.online\/movimento\/wp-content\/uploads\/2021\/12\/Anselmo-Pereira-1-750x500.jpg 750w, https:\/\/renatodias.online\/movimento\/wp-content\/uploads\/2021\/12\/Anselmo-Pereira-1.jpg 1600w\" sizes=\"auto, (max-width: 1140px) 100vw, 1140px\" \/><figcaption id=\"caption-attachment-10119\" class=\"wp-caption-text\"><strong>Anselmo Pereira<\/strong><\/figcaption><\/figure>\n<p>O presidente da C\u00e2mara Municipal, Rom\u00e1rio Policarpo [Patriota] \u2013 que \u00e9 membro da GCM \u2013, destaca o trabalho do vereador Anselmo Pereira [MDB] em favor da categoria. &#8220;N\u00f3s estamos entregando, vereador Anselmo Pereira, o maior sal\u00e1rio das Guardas Civis das capitais do Brasil e \u2013 o principal \u2013 conseguimos aposentadoria especial&#8221;, ressalta. &#8220;A Guarda Civil Metropolitana de Goi\u00e2nia passa a ter a melhor aposentadoria especial de todas as for\u00e7as de seguran\u00e7a do pa\u00eds&#8221;, afirma. &#8220;\u00c9 a \u00fanica categoria que n\u00e3o carece de idade m\u00ednima para aposentadoria&#8221;, esclarece.<\/p>\n<blockquote>\n<h1><span style=\"color: #ff0000;\"><strong> Avan\u00e7o na carreira de outras categorias profissionais<\/strong><\/span><\/h1>\n<\/blockquote>\n<p>O presidente do legislativo tamb\u00e9m comentou o avan\u00e7o na carreira de outras categorias profissionais. &#8220;A partir da aprova\u00e7\u00e3o dessas leis, n\u00f3s entregaremos um dos maiores sal\u00e1rios do pa\u00eds a servidores operacionais. N\u00f3s estamos colocando o adicional, que era de 50%, para 100%. Dos motoristas, que era de 60%, estamos passando para 90%. E n\u00e3o para por a\u00ed: antes eram 50% e 60% do grau cinco e n\u00f3s mudamos a lei; agora \u00e9 90% do grau de refer\u00eancia que o servidor est\u00e1. S\u00f3 essa diferen\u00e7a vai representar mais de R$ 300 para cada servidor&#8221;, lembra.<\/p>\n<blockquote>\n<h1><strong><span style=\"color: #ff0000;\">As propostas promover\u00e3o as reestrutura\u00e7\u00f5es das remunera\u00e7\u00f5es<\/span> <\/strong><\/h1>\n<\/blockquote>\n<p>Segundo o prefeito Rog\u00e9rio Cruz [Republicanos], a proposta promover\u00e1 a reestrutura\u00e7\u00e3o da remunera\u00e7\u00e3o e das carreiras de servidores operacionais do Poder Executivo, da GCM e dos procuradores adequando-as \u00e0 modernidade e permitindo a inova\u00e7\u00e3o da gest\u00e3o administrativa de recursos humanos, o aumento da qualidade, da efici\u00eancia e da produtividade dos servi\u00e7os prestados aos cidad\u00e3os.<\/p>\n<blockquote>\n<h1><span style=\"color: #ff0000;\"><strong>Eleva\u00e7\u00e3o da produtividade dos servi\u00e7os prestados aos cidad\u00e3os<\/strong><\/span><\/h1>\n<\/blockquote>\n<p>De acordo com o presidente do Sindicato dos Trabalhadores do Munic\u00edpio de Goi\u00e2nia [SindiGoi\u00e2nia], Ronaldo Gonzaga, ap\u00f3s dois anos de discuss\u00f5es e negocia\u00e7\u00f5es, os servidores est\u00e3o satisfeitos com as mudan\u00e7as. \u201cA fatura dos problemas econ\u00f4micos do pa\u00eds caiu no colo do servidor. Da\u00ed a import\u00e2ncia da melhoria salarial. Agora continuamos na luta por outras categorias que ainda n\u00e3o foram atendidas pela Prefeitura, frisa.<\/p>\n<blockquote>\n<h1><span style=\"color: #ff0000;\"><strong>Os servidores est\u00e3o satisfeitos com as mudan\u00e7as<\/strong><\/span><\/h1>\n<\/blockquote>\n","protected":false},"excerpt":{"rendered":"<p>C\u00e2mara aprova reestrutura\u00e7\u00e3o de carreiras Guarda Civil Metropolitana, Procuradoria Jur\u00eddica e dos servidores administrativos Projeto segue para san\u00e7\u00e3o de Rog\u00e9rio Cruz Momento hist\u00f3rico, diz Rom\u00e1rio Policarpo Da Reda\u00e7\u00e3o O plen\u00e1rio da C\u00e2mara Municipal de Goi\u00e2nia aprovou, por unanimidade, em segunda e \u00faltima vota\u00e7\u00e3o, projetos de lei que reestruturam as carreiras da Guarda Civil Metropolitana [GCM],<\/p>\n","protected":false},"author":2,"featured_media":12433,"comment_status":"open","ping_status":"open","sticky":false,"template":"","format":"standard","meta":{"_acf_changed":false,"_monsterinsights_skip_tracking":false,"_monsterinsights_sitenote_active":false,"_monsterinsights_sitenote_note":"","_monsterinsights_sitenote_category":0,"footnotes":""},"categories":[4],"tags":[],"class_list":["post-12432","post","type-post","status-publish","format-standard","has-post-thumbnail","hentry","category-politica"],"acf":[],"yoast_head":"<!-- This site is optimized with the Yoast SEO plugin v27.4 - https:\/\/yoast.com\/product\/yoast-seo-wordpress\/ -->\n<title>C\u00e2mara aprova reestrutura\u00e7\u00e3o de carreiras -<\/title>\n<meta name=\"robots\" content=\"index, follow, max-snippet:-1, max-image-preview:large, max-video-preview:-1\" \/>\n<link rel=\"canonical\" href=\"https:\/\/renatodias.online\/movimento\/2022\/05\/20\/camara-aprova-reestruturacao-de-carreiras\/\" \/>\n<meta property=\"og:locale\" content=\"pt_BR\" \/>\n<meta property=\"og:type\" content=\"article\" \/>\n<meta property=\"og:title\" content=\"C\u00e2mara aprova reestrutura\u00e7\u00e3o de carreiras -\" \/>\n<meta property=\"og:description\" content=\"C\u00e2mara aprova reestrutura\u00e7\u00e3o de carreiras Guarda Civil Metropolitana, Procuradoria Jur\u00eddica e dos servidores administrativos Projeto segue para san\u00e7\u00e3o de Rog\u00e9rio Cruz Momento hist\u00f3rico, diz Rom\u00e1rio Policarpo Da Reda\u00e7\u00e3o O plen\u00e1rio da C\u00e2mara Municipal de Goi\u00e2nia aprovou, por unanimidade, em segunda e \u00faltima vota\u00e7\u00e3o, projetos de lei que reestruturam as carreiras da Guarda Civil Metropolitana [GCM],\" \/>\n<meta property=\"og:url\" content=\"https:\/\/renatodias.online\/movimento\/2022\/05\/20\/camara-aprova-reestruturacao-de-carreiras\/\" \/>\n<meta property=\"article:publisher\" content=\"https:\/\/www.facebook.com\/renato.dias.37\" \/>\n<meta property=\"article:author\" content=\"https:\/\/www.facebook.com\/renato.dias.37\" \/>\n<meta property=\"article:published_time\" content=\"2022-05-20T18:41:25+00:00\" \/>\n<meta property=\"og:image\" content=\"https:\/\/renatodias.online\/movimento\/wp-content\/uploads\/2022\/05\/Romario-Policarpo-link.jpg\" \/>\n\t<meta property=\"og:image:width\" content=\"1280\" \/>\n\t<meta property=\"og:image:height\" content=\"853\" \/>\n\t<meta property=\"og:image:type\" content=\"image\/jpeg\" \/>\n<meta name=\"author\" content=\"Renato Dias\" \/>\n<meta name=\"twitter:card\" content=\"summary_large_image\" \/>\n<meta name=\"twitter:creator\" content=\"@RenatoDiasBat\" \/>\n<meta name=\"twitter:site\" content=\"@RenatoDiasBat\" \/>\n<meta name=\"twitter:label1\" content=\"Escrito por\" \/>\n\t<meta name=\"twitter:data1\" content=\"Renato Dias\" \/>\n\t<meta name=\"twitter:label2\" content=\"Est. tempo de leitura\" \/>\n\t<meta name=\"twitter:data2\" content=\"4 minutos\" \/>\n<script type=\"application\/ld+json\" class=\"yoast-schema-graph\">{\"@context\":\"https:\\\/\\\/schema.org\",\"@graph\":[{\"@type\":\"Article\",\"@id\":\"https:\\\/\\\/renatodias.online\\\/movimento\\\/2022\\\/05\\\/20\\\/camara-aprova-reestruturacao-de-carreiras\\\/#article\",\"isPartOf\":{\"@id\":\"https:\\\/\\\/renatodias.online\\\/movimento\\\/2022\\\/05\\\/20\\\/camara-aprova-reestruturacao-de-carreiras\\\/\"},\"author\":{\"name\":\"Renato Dias\",\"@id\":\"https:\\\/\\\/renatodias.online\\\/movimento\\\/#\\\/schema\\\/person\\\/bbab28833b1725a20f4083f49f1fb2a9\"},\"headline\":\"C\u00e2mara aprova reestrutura\u00e7\u00e3o de carreiras\",\"datePublished\":\"2022-05-20T18:41:25+00:00\",\"mainEntityOfPage\":{\"@id\":\"https:\\\/\\\/renatodias.online\\\/movimento\\\/2022\\\/05\\\/20\\\/camara-aprova-reestruturacao-de-carreiras\\\/\"},\"wordCount\":735,\"commentCount\":0,\"publisher\":{\"@id\":\"https:\\\/\\\/renatodias.online\\\/movimento\\\/#\\\/schema\\\/person\\\/bbab28833b1725a20f4083f49f1fb2a9\"},\"image\":{\"@id\":\"https:\\\/\\\/renatodias.online\\\/movimento\\\/2022\\\/05\\\/20\\\/camara-aprova-reestruturacao-de-carreiras\\\/#primaryimage\"},\"thumbnailUrl\":\"https:\\\/\\\/renatodias.online\\\/movimento\\\/wp-content\\\/uploads\\\/2022\\\/05\\\/Romario-Policarpo-link-e1684524822957.jpg\",\"articleSection\":[\"Pol\u00edtica\"],\"inLanguage\":\"pt-BR\",\"potentialAction\":[{\"@type\":\"CommentAction\",\"name\":\"Comment\",\"target\":[\"https:\\\/\\\/renatodias.online\\\/movimento\\\/2022\\\/05\\\/20\\\/camara-aprova-reestruturacao-de-carreiras\\\/#respond\"]}]},{\"@type\":\"WebPage\",\"@id\":\"https:\\\/\\\/renatodias.online\\\/movimento\\\/2022\\\/05\\\/20\\\/camara-aprova-reestruturacao-de-carreiras\\\/\",\"url\":\"https:\\\/\\\/renatodias.online\\\/movimento\\\/2022\\\/05\\\/20\\\/camara-aprova-reestruturacao-de-carreiras\\\/\",\"name\":\"C\u00e2mara aprova reestrutura\u00e7\u00e3o de carreiras -\",\"isPartOf\":{\"@id\":\"https:\\\/\\\/renatodias.online\\\/movimento\\\/#website\"},\"primaryImageOfPage\":{\"@id\":\"https:\\\/\\\/renatodias.online\\\/movimento\\\/2022\\\/05\\\/20\\\/camara-aprova-reestruturacao-de-carreiras\\\/#primaryimage\"},\"image\":{\"@id\":\"https:\\\/\\\/renatodias.online\\\/movimento\\\/2022\\\/05\\\/20\\\/camara-aprova-reestruturacao-de-carreiras\\\/#primaryimage\"},\"thumbnailUrl\":\"https:\\\/\\\/renatodias.online\\\/movimento\\\/wp-content\\\/uploads\\\/2022\\\/05\\\/Romario-Policarpo-link-e1684524822957.jpg\",\"datePublished\":\"2022-05-20T18:41:25+00:00\",\"breadcrumb\":{\"@id\":\"https:\\\/\\\/renatodias.online\\\/movimento\\\/2022\\\/05\\\/20\\\/camara-aprova-reestruturacao-de-carreiras\\\/#breadcrumb\"},\"inLanguage\":\"pt-BR\",\"potentialAction\":[{\"@type\":\"ReadAction\",\"target\":[\"https:\\\/\\\/renatodias.online\\\/movimento\\\/2022\\\/05\\\/20\\\/camara-aprova-reestruturacao-de-carreiras\\\/\"]}]},{\"@type\":\"ImageObject\",\"inLanguage\":\"pt-BR\",\"@id\":\"https:\\\/\\\/renatodias.online\\\/movimento\\\/2022\\\/05\\\/20\\\/camara-aprova-reestruturacao-de-carreiras\\\/#primaryimage\",\"url\":\"https:\\\/\\\/renatodias.online\\\/movimento\\\/wp-content\\\/uploads\\\/2022\\\/05\\\/Romario-Policarpo-link-e1684524822957.jpg\",\"contentUrl\":\"https:\\\/\\\/renatodias.online\\\/movimento\\\/wp-content\\\/uploads\\\/2022\\\/05\\\/Romario-Policarpo-link-e1684524822957.jpg\",\"width\":800,\"height\":533,\"caption\":\"Rom\u00e1rio Policarpo - Cr\u00e9dito: Mariana Capeletti\\\/C\u00e2mara deGoi\u00e2nia\"},{\"@type\":\"BreadcrumbList\",\"@id\":\"https:\\\/\\\/renatodias.online\\\/movimento\\\/2022\\\/05\\\/20\\\/camara-aprova-reestruturacao-de-carreiras\\\/#breadcrumb\",\"itemListElement\":[{\"@type\":\"ListItem\",\"position\":1,\"name\":\"In\u00edcio\",\"item\":\"https:\\\/\\\/renatodias.online\\\/movimento\\\/\"},{\"@type\":\"ListItem\",\"position\":2,\"name\":\"C\u00e2mara aprova reestrutura\u00e7\u00e3o de carreiras\"}]},{\"@type\":\"WebSite\",\"@id\":\"https:\\\/\\\/renatodias.online\\\/movimento\\\/#website\",\"url\":\"https:\\\/\\\/renatodias.online\\\/movimento\\\/\",\"name\":\"\",\"description\":\"\",\"publisher\":{\"@id\":\"https:\\\/\\\/renatodias.online\\\/movimento\\\/#\\\/schema\\\/person\\\/bbab28833b1725a20f4083f49f1fb2a9\"},\"potentialAction\":[{\"@type\":\"SearchAction\",\"target\":{\"@type\":\"EntryPoint\",\"urlTemplate\":\"https:\\\/\\\/renatodias.online\\\/movimento\\\/?s={search_term_string}\"},\"query-input\":{\"@type\":\"PropertyValueSpecification\",\"valueRequired\":true,\"valueName\":\"search_term_string\"}}],\"inLanguage\":\"pt-BR\"},{\"@type\":[\"Person\",\"Organization\"],\"@id\":\"https:\\\/\\\/renatodias.online\\\/movimento\\\/#\\\/schema\\\/person\\\/bbab28833b1725a20f4083f49f1fb2a9\",\"name\":\"Renato Dias\",\"image\":{\"@type\":\"ImageObject\",\"inLanguage\":\"pt-BR\",\"@id\":\"https:\\\/\\\/renatodias.online\\\/movimento\\\/wp-content\\\/uploads\\\/2023\\\/03\\\/cropped-cropped-cropped-logofinal.jpeg\",\"url\":\"https:\\\/\\\/renatodias.online\\\/movimento\\\/wp-content\\\/uploads\\\/2023\\\/03\\\/cropped-cropped-cropped-logofinal.jpeg\",\"contentUrl\":\"https:\\\/\\\/renatodias.online\\\/movimento\\\/wp-content\\\/uploads\\\/2023\\\/03\\\/cropped-cropped-cropped-logofinal.jpeg\",\"width\":1280,\"height\":219,\"caption\":\"Renato Dias\"},\"logo\":{\"@id\":\"https:\\\/\\\/renatodias.online\\\/movimento\\\/wp-content\\\/uploads\\\/2023\\\/03\\\/cropped-cropped-cropped-logofinal.jpeg\"},\"description\":\"Renato Dias, 58 anos, \u00e9 graduado em Jornalismo, formado em Ci\u00eancias Sociais, com p\u00f3s-gradua\u00e7\u00e3o em Pol\u00edticas P\u00fablicas, mestre em Direito e Rela\u00e7\u00f5es Internacionais, ex-aluno extraordin\u00e1rio do Doutorado em Psicologia Social, ex-estudante do Curso de Psican\u00e1lise do Centro de Estudos Psicanal\u00edticos do Estado de Goi\u00e1s, ministrado pelo m\u00e9dico psiquiatra e psicanalista Daniel Em\u00eddio de Souza. \u00c9 autor de 30 livros-reportagem, oito document\u00e1rios, ganhou 30 pr\u00eamios e \u00e9 torcedor apaixonado do maior do Centro-Oeste, o Vila Nova Futebol Clube. Casado com Meirilane Dias, \u00e9 pai de Juliana Dias, jornalista; Daniel Dias, economista; e Maria Rosa Dias, estudante antifascista, socialista e trotskista.\u00a0Com tr\u00eas pets: Porquinho [Bull Dog Franc\u00eas], Dalila [Basset Hound] e Geleia [Basset Hound]. Al\u00e9m do eterno gato Tutuquinho, que virou estrela.\",\"sameAs\":[\"https:\\\/\\\/www.facebook.com\\\/renato.dias.37\",\"#breve\",\"https:\\\/\\\/renatodias.tumblr.com\\\/\"],\"url\":\"https:\\\/\\\/renatodias.online\\\/movimento\\\/author\\\/renatodias\\\/\"}]}<\/script>\n<!-- \/ Yoast SEO plugin. -->","yoast_head_json":{"title":"C\u00e2mara aprova reestrutura\u00e7\u00e3o de carreiras -","robots":{"index":"index","follow":"follow","max-snippet":"max-snippet:-1","max-image-preview":"max-image-preview:large","max-video-preview":"max-video-preview:-1"},"canonical":"https:\/\/renatodias.online\/movimento\/2022\/05\/20\/camara-aprova-reestruturacao-de-carreiras\/","og_locale":"pt_BR","og_type":"article","og_title":"C\u00e2mara aprova reestrutura\u00e7\u00e3o de carreiras -","og_description":"C\u00e2mara aprova reestrutura\u00e7\u00e3o de carreiras Guarda Civil Metropolitana, Procuradoria Jur\u00eddica e dos servidores administrativos Projeto segue para san\u00e7\u00e3o de Rog\u00e9rio Cruz Momento hist\u00f3rico, diz Rom\u00e1rio Policarpo Da Reda\u00e7\u00e3o O plen\u00e1rio da C\u00e2mara Municipal de Goi\u00e2nia aprovou, por unanimidade, em segunda e \u00faltima vota\u00e7\u00e3o, projetos de lei que reestruturam as carreiras da Guarda Civil Metropolitana [GCM],","og_url":"https:\/\/renatodias.online\/movimento\/2022\/05\/20\/camara-aprova-reestruturacao-de-carreiras\/","article_publisher":"https:\/\/www.facebook.com\/renato.dias.37","article_author":"https:\/\/www.facebook.com\/renato.dias.37","article_published_time":"2022-05-20T18:41:25+00:00","og_image":[{"width":1280,"height":853,"url":"https:\/\/renatodias.online\/movimento\/wp-content\/uploads\/2022\/05\/Romario-Policarpo-link.jpg","type":"image\/jpeg"}],"author":"Renato Dias","twitter_card":"summary_large_image","twitter_creator":"@RenatoDiasBat","twitter_site":"@RenatoDiasBat","twitter_misc":{"Escrito por":"Renato Dias","Est. tempo de leitura":"4 minutos"},"schema":{"@context":"https:\/\/schema.org","@graph":[{"@type":"Article","@id":"https:\/\/renatodias.online\/movimento\/2022\/05\/20\/camara-aprova-reestruturacao-de-carreiras\/#article","isPartOf":{"@id":"https:\/\/renatodias.online\/movimento\/2022\/05\/20\/camara-aprova-reestruturacao-de-carreiras\/"},"author":{"name":"Renato Dias","@id":"https:\/\/renatodias.online\/movimento\/#\/schema\/person\/bbab28833b1725a20f4083f49f1fb2a9"},"headline":"C\u00e2mara aprova reestrutura\u00e7\u00e3o de carreiras","datePublished":"2022-05-20T18:41:25+00:00","mainEntityOfPage":{"@id":"https:\/\/renatodias.online\/movimento\/2022\/05\/20\/camara-aprova-reestruturacao-de-carreiras\/"},"wordCount":735,"commentCount":0,"publisher":{"@id":"https:\/\/renatodias.online\/movimento\/#\/schema\/person\/bbab28833b1725a20f4083f49f1fb2a9"},"image":{"@id":"https:\/\/renatodias.online\/movimento\/2022\/05\/20\/camara-aprova-reestruturacao-de-carreiras\/#primaryimage"},"thumbnailUrl":"https:\/\/renatodias.online\/movimento\/wp-content\/uploads\/2022\/05\/Romario-Policarpo-link-e1684524822957.jpg","articleSection":["Pol\u00edtica"],"inLanguage":"pt-BR","potentialAction":[{"@type":"CommentAction","name":"Comment","target":["https:\/\/renatodias.online\/movimento\/2022\/05\/20\/camara-aprova-reestruturacao-de-carreiras\/#respond"]}]},{"@type":"WebPage","@id":"https:\/\/renatodias.online\/movimento\/2022\/05\/20\/camara-aprova-reestruturacao-de-carreiras\/","url":"https:\/\/renatodias.online\/movimento\/2022\/05\/20\/camara-aprova-reestruturacao-de-carreiras\/","name":"C\u00e2mara aprova reestrutura\u00e7\u00e3o de carreiras -","isPartOf":{"@id":"https:\/\/renatodias.online\/movimento\/#website"},"primaryImageOfPage":{"@id":"https:\/\/renatodias.online\/movimento\/2022\/05\/20\/camara-aprova-reestruturacao-de-carreiras\/#primaryimage"},"image":{"@id":"https:\/\/renatodias.online\/movimento\/2022\/05\/20\/camara-aprova-reestruturacao-de-carreiras\/#primaryimage"},"thumbnailUrl":"https:\/\/renatodias.online\/movimento\/wp-content\/uploads\/2022\/05\/Romario-Policarpo-link-e1684524822957.jpg","datePublished":"2022-05-20T18:41:25+00:00","breadcrumb":{"@id":"https:\/\/renatodias.online\/movimento\/2022\/05\/20\/camara-aprova-reestruturacao-de-carreiras\/#breadcrumb"},"inLanguage":"pt-BR","potentialAction":[{"@type":"ReadAction","target":["https:\/\/renatodias.online\/movimento\/2022\/05\/20\/camara-aprova-reestruturacao-de-carreiras\/"]}]},{"@type":"ImageObject","inLanguage":"pt-BR","@id":"https:\/\/renatodias.online\/movimento\/2022\/05\/20\/camara-aprova-reestruturacao-de-carreiras\/#primaryimage","url":"https:\/\/renatodias.online\/movimento\/wp-content\/uploads\/2022\/05\/Romario-Policarpo-link-e1684524822957.jpg","contentUrl":"https:\/\/renatodias.online\/movimento\/wp-content\/uploads\/2022\/05\/Romario-Policarpo-link-e1684524822957.jpg","width":800,"height":533,"caption":"Rom\u00e1rio Policarpo - Cr\u00e9dito: Mariana Capeletti\/C\u00e2mara deGoi\u00e2nia"},{"@type":"BreadcrumbList","@id":"https:\/\/renatodias.online\/movimento\/2022\/05\/20\/camara-aprova-reestruturacao-de-carreiras\/#breadcrumb","itemListElement":[{"@type":"ListItem","position":1,"name":"In\u00edcio","item":"https:\/\/renatodias.online\/movimento\/"},{"@type":"ListItem","position":2,"name":"C\u00e2mara aprova reestrutura\u00e7\u00e3o de carreiras"}]},{"@type":"WebSite","@id":"https:\/\/renatodias.online\/movimento\/#website","url":"https:\/\/renatodias.online\/movimento\/","name":"","description":"","publisher":{"@id":"https:\/\/renatodias.online\/movimento\/#\/schema\/person\/bbab28833b1725a20f4083f49f1fb2a9"},"potentialAction":[{"@type":"SearchAction","target":{"@type":"EntryPoint","urlTemplate":"https:\/\/renatodias.online\/movimento\/?s={search_term_string}"},"query-input":{"@type":"PropertyValueSpecification","valueRequired":true,"valueName":"search_term_string"}}],"inLanguage":"pt-BR"},{"@type":["Person","Organization"],"@id":"https:\/\/renatodias.online\/movimento\/#\/schema\/person\/bbab28833b1725a20f4083f49f1fb2a9","name":"Renato Dias","image":{"@type":"ImageObject","inLanguage":"pt-BR","@id":"https:\/\/renatodias.online\/movimento\/wp-content\/uploads\/2023\/03\/cropped-cropped-cropped-logofinal.jpeg","url":"https:\/\/renatodias.online\/movimento\/wp-content\/uploads\/2023\/03\/cropped-cropped-cropped-logofinal.jpeg","contentUrl":"https:\/\/renatodias.online\/movimento\/wp-content\/uploads\/2023\/03\/cropped-cropped-cropped-logofinal.jpeg","width":1280,"height":219,"caption":"Renato Dias"},"logo":{"@id":"https:\/\/renatodias.online\/movimento\/wp-content\/uploads\/2023\/03\/cropped-cropped-cropped-logofinal.jpeg"},"description":"Renato Dias, 58 anos, \u00e9 graduado em Jornalismo, formado em Ci\u00eancias Sociais, com p\u00f3s-gradua\u00e7\u00e3o em Pol\u00edticas P\u00fablicas, mestre em Direito e Rela\u00e7\u00f5es Internacionais, ex-aluno extraordin\u00e1rio do Doutorado em Psicologia Social, ex-estudante do Curso de Psican\u00e1lise do Centro de Estudos Psicanal\u00edticos do Estado de Goi\u00e1s, ministrado pelo m\u00e9dico psiquiatra e psicanalista Daniel Em\u00eddio de Souza. \u00c9 autor de 30 livros-reportagem, oito document\u00e1rios, ganhou 30 pr\u00eamios e \u00e9 torcedor apaixonado do maior do Centro-Oeste, o Vila Nova Futebol Clube. Casado com Meirilane Dias, \u00e9 pai de Juliana Dias, jornalista; Daniel Dias, economista; e Maria Rosa Dias, estudante antifascista, socialista e trotskista.\u00a0Com tr\u00eas pets: Porquinho [Bull Dog Franc\u00eas], Dalila [Basset Hound] e Geleia [Basset Hound]. Al\u00e9m do eterno gato Tutuquinho, que virou estrela.","sameAs":["https:\/\/www.facebook.com\/renato.dias.37","#breve","https:\/\/renatodias.tumblr.com\/"],"url":"https:\/\/renatodias.online\/movimento\/author\/renatodias\/"}]}},"_links":{"self":[{"href":"https:\/\/renatodias.online\/movimento\/wp-json\/wp\/v2\/posts\/12432","targetHints":{"allow":["GET"]}}],"collection":[{"href":"https:\/\/renatodias.online\/movimento\/wp-json\/wp\/v2\/posts"}],"about":[{"href":"https:\/\/renatodias.online\/movimento\/wp-json\/wp\/v2\/types\/post"}],"author":[{"embeddable":true,"href":"https:\/\/renatodias.online\/movimento\/wp-json\/wp\/v2\/users\/2"}],"replies":[{"embeddable":true,"href":"https:\/\/renatodias.online\/movimento\/wp-json\/wp\/v2\/comments?post=12432"}],"version-history":[{"count":1,"href":"https:\/\/renatodias.online\/movimento\/wp-json\/wp\/v2\/posts\/12432\/revisions"}],"predecessor-version":[{"id":12434,"href":"https:\/\/renatodias.online\/movimento\/wp-json\/wp\/v2\/posts\/12432\/revisions\/12434"}],"wp:featuredmedia":[{"embeddable":true,"href":"https:\/\/renatodias.online\/movimento\/wp-json\/wp\/v2\/media\/12433"}],"wp:attachment":[{"href":"https:\/\/renatodias.online\/movimento\/wp-json\/wp\/v2\/media?parent=12432"}],"wp:term":[{"taxonomy":"category","embeddable":true,"href":"https:\/\/renatodias.online\/movimento\/wp-json\/wp\/v2\/categories?post=12432"},{"taxonomy":"post_tag","embeddable":true,"href":"https:\/\/renatodias.online\/movimento\/wp-json\/wp\/v2\/tags?post=12432"}],"curies":[{"name":"wp","href":"https:\/\/api.w.org\/{rel}","templated":true}]}}