{"id":12381,"date":"2022-05-18T21:44:24","date_gmt":"2022-05-19T00:44:24","guid":{"rendered":"https:\/\/renatodias.online\/movimento\/?p=12381"},"modified":"2022-05-18T21:44:24","modified_gmt":"2022-05-19T00:44:24","slug":"pm-karlos-cabral-exige-convocacao","status":"publish","type":"post","link":"https:\/\/renatodias.online\/movimento\/2022\/05\/18\/pm-karlos-cabral-exige-convocacao\/","title":{"rendered":"PM: Karlos Cabral exige convoca\u00e7\u00e3o\u00a0"},"content":{"rendered":"<p><strong><img loading=\"lazy\" decoding=\"async\" class=\"aligncenter wp-image-10966 size-thumbnail\" src=\"https:\/\/renatodias.online\/movimento\/wp-content\/uploads\/2022\/02\/Urgente-150x150.jpg\" alt=\"\" width=\"150\" height=\"150\" \/><\/strong><\/p>\n<h1 style=\"text-align: center;\"><span style=\"color: #800000;\"><strong>De aprovados em concurso p\u00fablico<\/strong><\/span><\/h1>\n<figure id=\"attachment_12287\" aria-describedby=\"caption-attachment-12287\" style=\"width: 810px\" class=\"wp-caption aligncenter\"><img loading=\"lazy\" decoding=\"async\" class=\"wp-image-12287 size-full\" src=\"https:\/\/renatodias.online\/movimento\/wp-content\/uploads\/2022\/05\/Karlos-Cabral.jpg\" alt=\"\" width=\"810\" height=\"540\" srcset=\"https:\/\/renatodias.online\/movimento\/wp-content\/uploads\/2022\/05\/Karlos-Cabral.jpg 810w, https:\/\/renatodias.online\/movimento\/wp-content\/uploads\/2022\/05\/Karlos-Cabral-300x200.jpg 300w, https:\/\/renatodias.online\/movimento\/wp-content\/uploads\/2022\/05\/Karlos-Cabral-768x512.jpg 768w, https:\/\/renatodias.online\/movimento\/wp-content\/uploads\/2022\/05\/Karlos-Cabral-360x240.jpg 360w, https:\/\/renatodias.online\/movimento\/wp-content\/uploads\/2022\/05\/Karlos-Cabral-750x500.jpg 750w\" sizes=\"auto, (max-width: 810px) 100vw, 810px\" \/><figcaption id=\"caption-attachment-12287\" class=\"wp-caption-text\"><strong>Karlos Cabral<\/strong><\/figcaption><\/figure>\n<h1><\/h1>\n<h1 style=\"text-align: center;\"><strong><span style=\"color: #808080;\">Ao Governo do Estado de Goi\u00e1s<\/span>\u00a0<\/strong><\/h1>\n<p><strong>Renato Dias<\/strong><\/p>\n<p>O deputado estadual <span style=\"color: #800000;\"><strong>Karlos Cabral [PSB]<\/strong><\/span> diz ao <span style=\"color: #0000ff;\"><strong>Portal de Not\u00edcias www.renatodias.online<\/strong><\/span>\u00a0 que o Governo do Estado de Goi\u00e1s recusa- se, hoje, a convocar os candidatos aprovados nos concursos p\u00fablicos da Pol\u00edcia Militar nos anos de 2012 e 2016.<\/p>\n<blockquote>\n<h1><span style=\"color: #0000ff;\"><strong>Of\u00edcios enviados n\u00fameros 171 e 187 de 2022<\/strong><\/span><\/h1>\n<\/blockquote>\n<p style=\"text-align: right;\"><span style=\"color: #ff0000;\"><strong>Karlos Cabral<\/strong><\/span><\/p>\n<p>O parlamentar conta tamb\u00e9m ter solicitado, em of\u00edcios registrados pelos n\u00fameros <strong>171 e 187<\/strong>, ambos de 2022, ao governador do Estado, <strong>Ronaldo Caiado [UB]<\/strong>,\u00a0 a convoca\u00e7\u00e3o imediata dos trabalhadores para atender as demandas de seguran\u00e7a p\u00fablica.<\/p>\n<blockquote>\n<h1><span style=\"color: #0000ff;\"><strong>Desde 2018 cobro convoca\u00e7\u00e3o dos aprovados<\/strong><\/span><\/h1>\n<\/blockquote>\n<p style=\"text-align: right;\"><span style=\"color: #ff0000;\"><strong>Karlos Cabral<\/strong><\/span><\/p>\n<p>O <strong>l\u00edder socialista<\/strong> revela que defende a pauta<strong> desde o ano de 2018<\/strong>. Quatro anos de luta, desabafa. Para que sejam nomeados antes do lan\u00e7amento de um novo edital de concurso p\u00fablico, j\u00e1 previsto, lamenta Karlos Cabral. O que \u00e9 um <strong>absurdo<\/strong>, ele metralha.<\/p>\n<figure id=\"attachment_4510\" aria-describedby=\"caption-attachment-4510\" style=\"width: 1000px\" class=\"wp-caption alignnone\"><img loading=\"lazy\" decoding=\"async\" class=\"wp-image-4510 size-full\" src=\"https:\/\/renatodias.online\/movimento\/wp-content\/uploads\/2020\/09\/Pal\u00e1cio-das-Esmeeraldas-2.jpg\" alt=\"\" width=\"1000\" height=\"750\" \/><figcaption id=\"caption-attachment-4510\" class=\"wp-caption-text\"><strong>Pal\u00e1cio das Esmeraldas<\/strong><\/figcaption><\/figure>\n","protected":false},"excerpt":{"rendered":"<p>De aprovados em concurso p\u00fablico Ao Governo do Estado de Goi\u00e1s\u00a0 Renato Dias O deputado estadual Karlos Cabral [PSB] diz ao Portal de Not\u00edcias www.renatodias.online\u00a0 que o Governo do Estado de Goi\u00e1s recusa- se, hoje, a convocar os candidatos aprovados nos concursos p\u00fablicos da Pol\u00edcia Militar nos anos de 2012 e 2016. Of\u00edcios enviados n\u00fameros<\/p>\n","protected":false},"author":2,"featured_media":12382,"comment_status":"open","ping_status":"open","sticky":false,"template":"","format":"standard","meta":{"_acf_changed":false,"_monsterinsights_skip_tracking":false,"_monsterinsights_sitenote_active":false,"_monsterinsights_sitenote_note":"","_monsterinsights_sitenote_category":0,"footnotes":""},"categories":[4],"tags":[],"class_list":["post-12381","post","type-post","status-publish","format-standard","has-post-thumbnail","hentry","category-politica"],"acf":[],"yoast_head":"<!-- This site is optimized with the Yoast SEO plugin v27.4 - https:\/\/yoast.com\/product\/yoast-seo-wordpress\/ -->\n<title>PM: Karlos Cabral exige convoca\u00e7\u00e3o\u00a0 -<\/title>\n<meta name=\"robots\" content=\"index, follow, max-snippet:-1, max-image-preview:large, max-video-preview:-1\" \/>\n<link rel=\"canonical\" href=\"https:\/\/renatodias.online\/movimento\/2022\/05\/18\/pm-karlos-cabral-exige-convocacao\/\" \/>\n<meta property=\"og:locale\" content=\"pt_BR\" \/>\n<meta property=\"og:type\" content=\"article\" \/>\n<meta property=\"og:title\" content=\"PM: Karlos Cabral exige convoca\u00e7\u00e3o\u00a0 -\" \/>\n<meta property=\"og:description\" content=\"De aprovados em concurso p\u00fablico Ao Governo do Estado de Goi\u00e1s\u00a0 Renato Dias O deputado estadual Karlos Cabral [PSB] diz ao Portal de Not\u00edcias www.renatodias.online\u00a0 que o Governo do Estado de Goi\u00e1s recusa- se, hoje, a convocar os candidatos aprovados nos concursos p\u00fablicos da Pol\u00edcia Militar nos anos de 2012 e 2016. Of\u00edcios enviados n\u00fameros\" \/>\n<meta property=\"og:url\" content=\"https:\/\/renatodias.online\/movimento\/2022\/05\/18\/pm-karlos-cabral-exige-convocacao\/\" \/>\n<meta property=\"article:publisher\" content=\"https:\/\/www.facebook.com\/renato.dias.37\" \/>\n<meta property=\"article:author\" content=\"https:\/\/www.facebook.com\/renato.dias.37\" \/>\n<meta property=\"article:published_time\" content=\"2022-05-19T00:44:24+00:00\" \/>\n<meta property=\"og:image\" content=\"https:\/\/renatodias.online\/movimento\/wp-content\/uploads\/2022\/05\/Karlos-Cabral-Card-1-e1652920955413.png\" \/>\n\t<meta property=\"og:image:width\" content=\"360\" \/>\n\t<meta property=\"og:image:height\" content=\"366\" \/>\n\t<meta property=\"og:image:type\" content=\"image\/png\" \/>\n<meta name=\"author\" content=\"Renato Dias\" \/>\n<meta name=\"twitter:card\" content=\"summary_large_image\" \/>\n<meta name=\"twitter:creator\" content=\"@RenatoDiasBat\" \/>\n<meta name=\"twitter:site\" content=\"@RenatoDiasBat\" \/>\n<meta name=\"twitter:label1\" content=\"Escrito por\" \/>\n\t<meta name=\"twitter:data1\" content=\"Renato Dias\" \/>\n\t<meta name=\"twitter:label2\" content=\"Est. tempo de leitura\" \/>\n\t<meta name=\"twitter:data2\" content=\"1 minuto\" \/>\n<script type=\"application\/ld+json\" class=\"yoast-schema-graph\">{\"@context\":\"https:\\\/\\\/schema.org\",\"@graph\":[{\"@type\":\"Article\",\"@id\":\"https:\\\/\\\/renatodias.online\\\/movimento\\\/2022\\\/05\\\/18\\\/pm-karlos-cabral-exige-convocacao\\\/#article\",\"isPartOf\":{\"@id\":\"https:\\\/\\\/renatodias.online\\\/movimento\\\/2022\\\/05\\\/18\\\/pm-karlos-cabral-exige-convocacao\\\/\"},\"author\":{\"name\":\"Renato Dias\",\"@id\":\"https:\\\/\\\/renatodias.online\\\/movimento\\\/#\\\/schema\\\/person\\\/bbab28833b1725a20f4083f49f1fb2a9\"},\"headline\":\"PM: Karlos Cabral exige convoca\u00e7\u00e3o\u00a0\",\"datePublished\":\"2022-05-19T00:44:24+00:00\",\"mainEntityOfPage\":{\"@id\":\"https:\\\/\\\/renatodias.online\\\/movimento\\\/2022\\\/05\\\/18\\\/pm-karlos-cabral-exige-convocacao\\\/\"},\"wordCount\":185,\"commentCount\":0,\"publisher\":{\"@id\":\"https:\\\/\\\/renatodias.online\\\/movimento\\\/#\\\/schema\\\/person\\\/bbab28833b1725a20f4083f49f1fb2a9\"},\"image\":{\"@id\":\"https:\\\/\\\/renatodias.online\\\/movimento\\\/2022\\\/05\\\/18\\\/pm-karlos-cabral-exige-convocacao\\\/#primaryimage\"},\"thumbnailUrl\":\"https:\\\/\\\/renatodias.online\\\/movimento\\\/wp-content\\\/uploads\\\/2022\\\/05\\\/Karlos-Cabral-Card-1-e1652920955413.png\",\"articleSection\":[\"Pol\u00edtica\"],\"inLanguage\":\"pt-BR\",\"potentialAction\":[{\"@type\":\"CommentAction\",\"name\":\"Comment\",\"target\":[\"https:\\\/\\\/renatodias.online\\\/movimento\\\/2022\\\/05\\\/18\\\/pm-karlos-cabral-exige-convocacao\\\/#respond\"]}]},{\"@type\":\"WebPage\",\"@id\":\"https:\\\/\\\/renatodias.online\\\/movimento\\\/2022\\\/05\\\/18\\\/pm-karlos-cabral-exige-convocacao\\\/\",\"url\":\"https:\\\/\\\/renatodias.online\\\/movimento\\\/2022\\\/05\\\/18\\\/pm-karlos-cabral-exige-convocacao\\\/\",\"name\":\"PM: Karlos Cabral exige convoca\u00e7\u00e3o\u00a0 -\",\"isPartOf\":{\"@id\":\"https:\\\/\\\/renatodias.online\\\/movimento\\\/#website\"},\"primaryImageOfPage\":{\"@id\":\"https:\\\/\\\/renatodias.online\\\/movimento\\\/2022\\\/05\\\/18\\\/pm-karlos-cabral-exige-convocacao\\\/#primaryimage\"},\"image\":{\"@id\":\"https:\\\/\\\/renatodias.online\\\/movimento\\\/2022\\\/05\\\/18\\\/pm-karlos-cabral-exige-convocacao\\\/#primaryimage\"},\"thumbnailUrl\":\"https:\\\/\\\/renatodias.online\\\/movimento\\\/wp-content\\\/uploads\\\/2022\\\/05\\\/Karlos-Cabral-Card-1-e1652920955413.png\",\"datePublished\":\"2022-05-19T00:44:24+00:00\",\"breadcrumb\":{\"@id\":\"https:\\\/\\\/renatodias.online\\\/movimento\\\/2022\\\/05\\\/18\\\/pm-karlos-cabral-exige-convocacao\\\/#breadcrumb\"},\"inLanguage\":\"pt-BR\",\"potentialAction\":[{\"@type\":\"ReadAction\",\"target\":[\"https:\\\/\\\/renatodias.online\\\/movimento\\\/2022\\\/05\\\/18\\\/pm-karlos-cabral-exige-convocacao\\\/\"]}]},{\"@type\":\"ImageObject\",\"inLanguage\":\"pt-BR\",\"@id\":\"https:\\\/\\\/renatodias.online\\\/movimento\\\/2022\\\/05\\\/18\\\/pm-karlos-cabral-exige-convocacao\\\/#primaryimage\",\"url\":\"https:\\\/\\\/renatodias.online\\\/movimento\\\/wp-content\\\/uploads\\\/2022\\\/05\\\/Karlos-Cabral-Card-1-e1652920955413.png\",\"contentUrl\":\"https:\\\/\\\/renatodias.online\\\/movimento\\\/wp-content\\\/uploads\\\/2022\\\/05\\\/Karlos-Cabral-Card-1-e1652920955413.png\",\"width\":360,\"height\":366},{\"@type\":\"BreadcrumbList\",\"@id\":\"https:\\\/\\\/renatodias.online\\\/movimento\\\/2022\\\/05\\\/18\\\/pm-karlos-cabral-exige-convocacao\\\/#breadcrumb\",\"itemListElement\":[{\"@type\":\"ListItem\",\"position\":1,\"name\":\"In\u00edcio\",\"item\":\"https:\\\/\\\/renatodias.online\\\/movimento\\\/\"},{\"@type\":\"ListItem\",\"position\":2,\"name\":\"PM: Karlos Cabral exige convoca\u00e7\u00e3o\u00a0\"}]},{\"@type\":\"WebSite\",\"@id\":\"https:\\\/\\\/renatodias.online\\\/movimento\\\/#website\",\"url\":\"https:\\\/\\\/renatodias.online\\\/movimento\\\/\",\"name\":\"\",\"description\":\"\",\"publisher\":{\"@id\":\"https:\\\/\\\/renatodias.online\\\/movimento\\\/#\\\/schema\\\/person\\\/bbab28833b1725a20f4083f49f1fb2a9\"},\"potentialAction\":[{\"@type\":\"SearchAction\",\"target\":{\"@type\":\"EntryPoint\",\"urlTemplate\":\"https:\\\/\\\/renatodias.online\\\/movimento\\\/?s={search_term_string}\"},\"query-input\":{\"@type\":\"PropertyValueSpecification\",\"valueRequired\":true,\"valueName\":\"search_term_string\"}}],\"inLanguage\":\"pt-BR\"},{\"@type\":[\"Person\",\"Organization\"],\"@id\":\"https:\\\/\\\/renatodias.online\\\/movimento\\\/#\\\/schema\\\/person\\\/bbab28833b1725a20f4083f49f1fb2a9\",\"name\":\"Renato Dias\",\"image\":{\"@type\":\"ImageObject\",\"inLanguage\":\"pt-BR\",\"@id\":\"https:\\\/\\\/renatodias.online\\\/movimento\\\/wp-content\\\/uploads\\\/2023\\\/03\\\/cropped-cropped-cropped-logofinal.jpeg\",\"url\":\"https:\\\/\\\/renatodias.online\\\/movimento\\\/wp-content\\\/uploads\\\/2023\\\/03\\\/cropped-cropped-cropped-logofinal.jpeg\",\"contentUrl\":\"https:\\\/\\\/renatodias.online\\\/movimento\\\/wp-content\\\/uploads\\\/2023\\\/03\\\/cropped-cropped-cropped-logofinal.jpeg\",\"width\":1280,\"height\":219,\"caption\":\"Renato Dias\"},\"logo\":{\"@id\":\"https:\\\/\\\/renatodias.online\\\/movimento\\\/wp-content\\\/uploads\\\/2023\\\/03\\\/cropped-cropped-cropped-logofinal.jpeg\"},\"description\":\"Renato Dias, 58 anos, \u00e9 graduado em Jornalismo, formado em Ci\u00eancias Sociais, com p\u00f3s-gradua\u00e7\u00e3o em Pol\u00edticas P\u00fablicas, mestre em Direito e Rela\u00e7\u00f5es Internacionais, ex-aluno extraordin\u00e1rio do Doutorado em Psicologia Social, ex-estudante do Curso de Psican\u00e1lise do Centro de Estudos Psicanal\u00edticos do Estado de Goi\u00e1s, ministrado pelo m\u00e9dico psiquiatra e psicanalista Daniel Em\u00eddio de Souza. \u00c9 autor de 30 livros-reportagem, oito document\u00e1rios, ganhou 30 pr\u00eamios e \u00e9 torcedor apaixonado do maior do Centro-Oeste, o Vila Nova Futebol Clube. Casado com Meirilane Dias, \u00e9 pai de Juliana Dias, jornalista; Daniel Dias, economista; e Maria Rosa Dias, estudante antifascista, socialista e trotskista.\u00a0Com tr\u00eas pets: Porquinho [Bull Dog Franc\u00eas], Dalila [Basset Hound] e Geleia [Basset Hound]. Al\u00e9m do eterno gato Tutuquinho, que virou estrela.\",\"sameAs\":[\"https:\\\/\\\/www.facebook.com\\\/renato.dias.37\",\"#breve\",\"https:\\\/\\\/renatodias.tumblr.com\\\/\"],\"url\":\"https:\\\/\\\/renatodias.online\\\/movimento\\\/author\\\/renatodias\\\/\"}]}<\/script>\n<!-- \/ Yoast SEO plugin. -->","yoast_head_json":{"title":"PM: Karlos Cabral exige convoca\u00e7\u00e3o\u00a0 -","robots":{"index":"index","follow":"follow","max-snippet":"max-snippet:-1","max-image-preview":"max-image-preview:large","max-video-preview":"max-video-preview:-1"},"canonical":"https:\/\/renatodias.online\/movimento\/2022\/05\/18\/pm-karlos-cabral-exige-convocacao\/","og_locale":"pt_BR","og_type":"article","og_title":"PM: Karlos Cabral exige convoca\u00e7\u00e3o\u00a0 -","og_description":"De aprovados em concurso p\u00fablico Ao Governo do Estado de Goi\u00e1s\u00a0 Renato Dias O deputado estadual Karlos Cabral [PSB] diz ao Portal de Not\u00edcias www.renatodias.online\u00a0 que o Governo do Estado de Goi\u00e1s recusa- se, hoje, a convocar os candidatos aprovados nos concursos p\u00fablicos da Pol\u00edcia Militar nos anos de 2012 e 2016. Of\u00edcios enviados n\u00fameros","og_url":"https:\/\/renatodias.online\/movimento\/2022\/05\/18\/pm-karlos-cabral-exige-convocacao\/","article_publisher":"https:\/\/www.facebook.com\/renato.dias.37","article_author":"https:\/\/www.facebook.com\/renato.dias.37","article_published_time":"2022-05-19T00:44:24+00:00","og_image":[{"width":360,"height":366,"url":"https:\/\/renatodias.online\/movimento\/wp-content\/uploads\/2022\/05\/Karlos-Cabral-Card-1-e1652920955413.png","type":"image\/png"}],"author":"Renato Dias","twitter_card":"summary_large_image","twitter_creator":"@RenatoDiasBat","twitter_site":"@RenatoDiasBat","twitter_misc":{"Escrito por":"Renato Dias","Est. tempo de leitura":"1 minuto"},"schema":{"@context":"https:\/\/schema.org","@graph":[{"@type":"Article","@id":"https:\/\/renatodias.online\/movimento\/2022\/05\/18\/pm-karlos-cabral-exige-convocacao\/#article","isPartOf":{"@id":"https:\/\/renatodias.online\/movimento\/2022\/05\/18\/pm-karlos-cabral-exige-convocacao\/"},"author":{"name":"Renato Dias","@id":"https:\/\/renatodias.online\/movimento\/#\/schema\/person\/bbab28833b1725a20f4083f49f1fb2a9"},"headline":"PM: Karlos Cabral exige convoca\u00e7\u00e3o\u00a0","datePublished":"2022-05-19T00:44:24+00:00","mainEntityOfPage":{"@id":"https:\/\/renatodias.online\/movimento\/2022\/05\/18\/pm-karlos-cabral-exige-convocacao\/"},"wordCount":185,"commentCount":0,"publisher":{"@id":"https:\/\/renatodias.online\/movimento\/#\/schema\/person\/bbab28833b1725a20f4083f49f1fb2a9"},"image":{"@id":"https:\/\/renatodias.online\/movimento\/2022\/05\/18\/pm-karlos-cabral-exige-convocacao\/#primaryimage"},"thumbnailUrl":"https:\/\/renatodias.online\/movimento\/wp-content\/uploads\/2022\/05\/Karlos-Cabral-Card-1-e1652920955413.png","articleSection":["Pol\u00edtica"],"inLanguage":"pt-BR","potentialAction":[{"@type":"CommentAction","name":"Comment","target":["https:\/\/renatodias.online\/movimento\/2022\/05\/18\/pm-karlos-cabral-exige-convocacao\/#respond"]}]},{"@type":"WebPage","@id":"https:\/\/renatodias.online\/movimento\/2022\/05\/18\/pm-karlos-cabral-exige-convocacao\/","url":"https:\/\/renatodias.online\/movimento\/2022\/05\/18\/pm-karlos-cabral-exige-convocacao\/","name":"PM: Karlos Cabral exige convoca\u00e7\u00e3o\u00a0 -","isPartOf":{"@id":"https:\/\/renatodias.online\/movimento\/#website"},"primaryImageOfPage":{"@id":"https:\/\/renatodias.online\/movimento\/2022\/05\/18\/pm-karlos-cabral-exige-convocacao\/#primaryimage"},"image":{"@id":"https:\/\/renatodias.online\/movimento\/2022\/05\/18\/pm-karlos-cabral-exige-convocacao\/#primaryimage"},"thumbnailUrl":"https:\/\/renatodias.online\/movimento\/wp-content\/uploads\/2022\/05\/Karlos-Cabral-Card-1-e1652920955413.png","datePublished":"2022-05-19T00:44:24+00:00","breadcrumb":{"@id":"https:\/\/renatodias.online\/movimento\/2022\/05\/18\/pm-karlos-cabral-exige-convocacao\/#breadcrumb"},"inLanguage":"pt-BR","potentialAction":[{"@type":"ReadAction","target":["https:\/\/renatodias.online\/movimento\/2022\/05\/18\/pm-karlos-cabral-exige-convocacao\/"]}]},{"@type":"ImageObject","inLanguage":"pt-BR","@id":"https:\/\/renatodias.online\/movimento\/2022\/05\/18\/pm-karlos-cabral-exige-convocacao\/#primaryimage","url":"https:\/\/renatodias.online\/movimento\/wp-content\/uploads\/2022\/05\/Karlos-Cabral-Card-1-e1652920955413.png","contentUrl":"https:\/\/renatodias.online\/movimento\/wp-content\/uploads\/2022\/05\/Karlos-Cabral-Card-1-e1652920955413.png","width":360,"height":366},{"@type":"BreadcrumbList","@id":"https:\/\/renatodias.online\/movimento\/2022\/05\/18\/pm-karlos-cabral-exige-convocacao\/#breadcrumb","itemListElement":[{"@type":"ListItem","position":1,"name":"In\u00edcio","item":"https:\/\/renatodias.online\/movimento\/"},{"@type":"ListItem","position":2,"name":"PM: Karlos Cabral exige convoca\u00e7\u00e3o\u00a0"}]},{"@type":"WebSite","@id":"https:\/\/renatodias.online\/movimento\/#website","url":"https:\/\/renatodias.online\/movimento\/","name":"","description":"","publisher":{"@id":"https:\/\/renatodias.online\/movimento\/#\/schema\/person\/bbab28833b1725a20f4083f49f1fb2a9"},"potentialAction":[{"@type":"SearchAction","target":{"@type":"EntryPoint","urlTemplate":"https:\/\/renatodias.online\/movimento\/?s={search_term_string}"},"query-input":{"@type":"PropertyValueSpecification","valueRequired":true,"valueName":"search_term_string"}}],"inLanguage":"pt-BR"},{"@type":["Person","Organization"],"@id":"https:\/\/renatodias.online\/movimento\/#\/schema\/person\/bbab28833b1725a20f4083f49f1fb2a9","name":"Renato Dias","image":{"@type":"ImageObject","inLanguage":"pt-BR","@id":"https:\/\/renatodias.online\/movimento\/wp-content\/uploads\/2023\/03\/cropped-cropped-cropped-logofinal.jpeg","url":"https:\/\/renatodias.online\/movimento\/wp-content\/uploads\/2023\/03\/cropped-cropped-cropped-logofinal.jpeg","contentUrl":"https:\/\/renatodias.online\/movimento\/wp-content\/uploads\/2023\/03\/cropped-cropped-cropped-logofinal.jpeg","width":1280,"height":219,"caption":"Renato Dias"},"logo":{"@id":"https:\/\/renatodias.online\/movimento\/wp-content\/uploads\/2023\/03\/cropped-cropped-cropped-logofinal.jpeg"},"description":"Renato Dias, 58 anos, \u00e9 graduado em Jornalismo, formado em Ci\u00eancias Sociais, com p\u00f3s-gradua\u00e7\u00e3o em Pol\u00edticas P\u00fablicas, mestre em Direito e Rela\u00e7\u00f5es Internacionais, ex-aluno extraordin\u00e1rio do Doutorado em Psicologia Social, ex-estudante do Curso de Psican\u00e1lise do Centro de Estudos Psicanal\u00edticos do Estado de Goi\u00e1s, ministrado pelo m\u00e9dico psiquiatra e psicanalista Daniel Em\u00eddio de Souza. \u00c9 autor de 30 livros-reportagem, oito document\u00e1rios, ganhou 30 pr\u00eamios e \u00e9 torcedor apaixonado do maior do Centro-Oeste, o Vila Nova Futebol Clube. Casado com Meirilane Dias, \u00e9 pai de Juliana Dias, jornalista; Daniel Dias, economista; e Maria Rosa Dias, estudante antifascista, socialista e trotskista.\u00a0Com tr\u00eas pets: Porquinho [Bull Dog Franc\u00eas], Dalila [Basset Hound] e Geleia [Basset Hound]. Al\u00e9m do eterno gato Tutuquinho, que virou estrela.","sameAs":["https:\/\/www.facebook.com\/renato.dias.37","#breve","https:\/\/renatodias.tumblr.com\/"],"url":"https:\/\/renatodias.online\/movimento\/author\/renatodias\/"}]}},"_links":{"self":[{"href":"https:\/\/renatodias.online\/movimento\/wp-json\/wp\/v2\/posts\/12381","targetHints":{"allow":["GET"]}}],"collection":[{"href":"https:\/\/renatodias.online\/movimento\/wp-json\/wp\/v2\/posts"}],"about":[{"href":"https:\/\/renatodias.online\/movimento\/wp-json\/wp\/v2\/types\/post"}],"author":[{"embeddable":true,"href":"https:\/\/renatodias.online\/movimento\/wp-json\/wp\/v2\/users\/2"}],"replies":[{"embeddable":true,"href":"https:\/\/renatodias.online\/movimento\/wp-json\/wp\/v2\/comments?post=12381"}],"version-history":[{"count":1,"href":"https:\/\/renatodias.online\/movimento\/wp-json\/wp\/v2\/posts\/12381\/revisions"}],"predecessor-version":[{"id":12383,"href":"https:\/\/renatodias.online\/movimento\/wp-json\/wp\/v2\/posts\/12381\/revisions\/12383"}],"wp:featuredmedia":[{"embeddable":true,"href":"https:\/\/renatodias.online\/movimento\/wp-json\/wp\/v2\/media\/12382"}],"wp:attachment":[{"href":"https:\/\/renatodias.online\/movimento\/wp-json\/wp\/v2\/media?parent=12381"}],"wp:term":[{"taxonomy":"category","embeddable":true,"href":"https:\/\/renatodias.online\/movimento\/wp-json\/wp\/v2\/categories?post=12381"},{"taxonomy":"post_tag","embeddable":true,"href":"https:\/\/renatodias.online\/movimento\/wp-json\/wp\/v2\/tags?post=12381"}],"curies":[{"name":"wp","href":"https:\/\/api.w.org\/{rel}","templated":true}]}}