{"id":12329,"date":"2022-05-15T15:47:33","date_gmt":"2022-05-15T18:47:33","guid":{"rendered":"https:\/\/renatodias.online\/movimento\/?p=12329"},"modified":"2022-05-15T15:47:33","modified_gmt":"2022-05-15T18:47:33","slug":"aloysio-nunes-anuncia-apoio-a-lula","status":"publish","type":"post","link":"https:\/\/renatodias.online\/movimento\/2022\/05\/15\/aloysio-nunes-anuncia-apoio-a-lula\/","title":{"rendered":"Aloysio Nunes anuncia apoio a Lula"},"content":{"rendered":"<p><img loading=\"lazy\" decoding=\"async\" class=\"aligncenter wp-image-5007 size-large\" src=\"https:\/\/renatodias.online\/movimento\/wp-content\/uploads\/2021\/01\/Alto-da-p\u00e1gina-Banner-Exclusivo-1024x311.png\" alt=\"\" width=\"1024\" height=\"311\" \/><\/p>\n<h1 style=\"text-align: center;\"><span style=\"color: #0000ff;\"><strong>Aloysio Nunes anuncia apoio a Lula<\/strong><\/span><\/h1>\n<p>&nbsp;<\/p>\n<figure id=\"attachment_12330\" aria-describedby=\"caption-attachment-12330\" style=\"width: 290px\" class=\"wp-caption aligncenter\"><img loading=\"lazy\" decoding=\"async\" class=\"wp-image-12330 size-full\" src=\"https:\/\/renatodias.online\/movimento\/wp-content\/uploads\/2022\/05\/Aloysio-Nunes.jpg\" alt=\"\" width=\"290\" height=\"174\" \/><figcaption id=\"caption-attachment-12330\" class=\"wp-caption-text\"><strong>Aloysio Nunes<\/strong><\/figcaption><\/figure>\n<h1 style=\"text-align: center;\"><span style=\"color: #808080;\"><strong>\u00c9 civiliza\u00e7\u00e3o contra barb\u00e1rie, diz ex-senador<\/strong><\/span><\/h1>\n<figure id=\"attachment_7726\" aria-describedby=\"caption-attachment-7726\" style=\"width: 1920px\" class=\"wp-caption alignnone\"><img loading=\"lazy\" decoding=\"async\" class=\"wp-image-7726 size-full\" src=\"https:\/\/renatodias.online\/movimento\/wp-content\/uploads\/2021\/07\/Tucano-PSDB.jpg\" alt=\"\" width=\"1920\" height=\"600\" srcset=\"https:\/\/renatodias.online\/movimento\/wp-content\/uploads\/2021\/07\/Tucano-PSDB.jpg 1920w, https:\/\/renatodias.online\/movimento\/wp-content\/uploads\/2021\/07\/Tucano-PSDB-300x94.jpg 300w, https:\/\/renatodias.online\/movimento\/wp-content\/uploads\/2021\/07\/Tucano-PSDB-768x240.jpg 768w, https:\/\/renatodias.online\/movimento\/wp-content\/uploads\/2021\/07\/Tucano-PSDB-1536x480.jpg 1536w, https:\/\/renatodias.online\/movimento\/wp-content\/uploads\/2021\/07\/Tucano-PSDB-750x234.jpg 750w\" sizes=\"auto, (max-width: 1920px) 100vw, 1920px\" \/><figcaption id=\"caption-attachment-7726\" class=\"wp-caption-text\">Tucano, s\u00edmbolo do PSDB<\/figcaption><\/figure>\n<h2 style=\"text-align: center;\"><span style=\"color: #ff00ff;\"><strong>A terceira via n\u00e3o consolidou &#8211; se, diagnostica o tucano<\/strong><\/span><\/h2>\n<p><strong>\u00a0<\/strong><img loading=\"lazy\" decoding=\"async\" class=\"wp-image-5256 size-large\" src=\"https:\/\/renatodias.online\/movimento\/wp-content\/uploads\/2021\/02\/governadorjoaodoria-1024x683.jpeg\" alt=\"\" width=\"1024\" height=\"683\" \/><\/p>\n<p><strong>Jo\u00e3o Doria<\/strong><\/p>\n<blockquote>\n<h1><strong>\u00a0<\/strong><span style=\"color: #800000;\"><strong>Jo\u00e3o D\u00f3ria n\u00e3o unifica o PSDB<\/strong><\/span><\/h1>\n<\/blockquote>\n<p style=\"text-align: right;\"><span style=\"color: #0000ff;\"><strong>Aloysio Nunes<\/strong><\/span><\/p>\n<p><strong>Renato Dias<\/strong><\/p>\n<p>O ex &#8211; ministro das Rela\u00e7\u00f5es Exteriores e ex &#8211; senador da Rep\u00fablica <strong>Aloysio Nunes<\/strong>, um tucano de alta plumagem, anuncia apoio ao ex &#8211; presidente da Rep\u00fablica <strong>Luiz In\u00e1cio Lula da Silva<\/strong> [PT]. J\u00e1 no primeiro turno. Das elei\u00e7\u00f5es ao Pal\u00e1cio do Planalto. De 2022.<\/p>\n<blockquote>\n<h1><span style=\"color: #800000;\"><strong>\u00c9 a civiliza\u00e7\u00e3o contra a barb\u00e1rie<\/strong><\/span><\/h1>\n<\/blockquote>\n<p style=\"text-align: right;\"><span style=\"color: #0000ff;\"><strong>Aloysio Nunes<\/strong><\/span><\/p>\n<p>\u00c9 a civiliza\u00e7\u00e3o contra a barb\u00e1rie, afirma em \u00e1cida cr\u00edtica ao capit\u00e3o reformado do Ex\u00e9rcito Brasileiro <strong>Jair Bolsonaro [PL]<\/strong>. Jo\u00e3o D\u00f3ria n\u00e3o unifica o PSDB e Ciro Gomes n\u00e3o possui mais coelho na cartola, dispara. <strong>A Terceira Via n\u00e3o consolidou &#8211; se, constata.<\/strong><\/p>\n<blockquote>\n<h1><span style=\"color: #800000;\"><strong>Ciro Gomes n\u00e3o possui mais coelho na cartola<\/strong><\/span><\/h1>\n<\/blockquote>\n<p style=\"text-align: right;\"><span style=\"color: #0000ff;\"><strong>Aloysio Nunes<\/strong><\/span><\/p>\n<p>&nbsp;<\/p>\n<p>&nbsp;<\/p>\n<figure id=\"attachment_12332\" aria-describedby=\"caption-attachment-12332\" style=\"width: 694px\" class=\"wp-caption aligncenter\"><img loading=\"lazy\" decoding=\"async\" class=\"wp-image-12332 size-full\" src=\"https:\/\/renatodias.online\/movimento\/wp-content\/uploads\/2022\/05\/Ciro-Gomes-caricatura.jpg\" alt=\"\" width=\"694\" height=\"1024\" \/><figcaption id=\"caption-attachment-12332\" class=\"wp-caption-text\"><strong>Ciro Gomes<\/strong><\/figcaption><\/figure>\n<p>&nbsp;<\/p>\n<p>&nbsp;<\/p>\n","protected":false},"excerpt":{"rendered":"<p>Aloysio Nunes anuncia apoio a Lula &nbsp; \u00c9 civiliza\u00e7\u00e3o contra barb\u00e1rie, diz ex-senador A terceira via n\u00e3o consolidou &#8211; se, diagnostica o tucano \u00a0 Jo\u00e3o Doria \u00a0Jo\u00e3o D\u00f3ria n\u00e3o unifica o PSDB Aloysio Nunes Renato Dias O ex &#8211; ministro das Rela\u00e7\u00f5es Exteriores e ex &#8211; senador da Rep\u00fablica Aloysio Nunes, um tucano de alta<\/p>\n","protected":false},"author":2,"featured_media":12333,"comment_status":"open","ping_status":"open","sticky":false,"template":"","format":"standard","meta":{"_acf_changed":false,"_monsterinsights_skip_tracking":false,"_monsterinsights_sitenote_active":false,"_monsterinsights_sitenote_note":"","_monsterinsights_sitenote_category":0,"footnotes":""},"categories":[4],"tags":[],"class_list":["post-12329","post","type-post","status-publish","format-standard","has-post-thumbnail","hentry","category-politica"],"acf":[],"yoast_head":"<!-- This site is optimized with the Yoast SEO plugin v27.4 - https:\/\/yoast.com\/product\/yoast-seo-wordpress\/ -->\n<title>Aloysio Nunes anuncia apoio a Lula -<\/title>\n<meta name=\"robots\" content=\"index, follow, max-snippet:-1, max-image-preview:large, max-video-preview:-1\" \/>\n<link rel=\"canonical\" href=\"https:\/\/renatodias.online\/movimento\/2022\/05\/15\/aloysio-nunes-anuncia-apoio-a-lula\/\" \/>\n<meta property=\"og:locale\" content=\"pt_BR\" \/>\n<meta property=\"og:type\" content=\"article\" \/>\n<meta property=\"og:title\" content=\"Aloysio Nunes anuncia apoio a Lula -\" \/>\n<meta property=\"og:description\" content=\"Aloysio Nunes anuncia apoio a Lula &nbsp; \u00c9 civiliza\u00e7\u00e3o contra barb\u00e1rie, diz ex-senador A terceira via n\u00e3o consolidou &#8211; se, diagnostica o tucano \u00a0 Jo\u00e3o Doria \u00a0Jo\u00e3o D\u00f3ria n\u00e3o unifica o PSDB Aloysio Nunes Renato Dias O ex &#8211; ministro das Rela\u00e7\u00f5es Exteriores e ex &#8211; senador da Rep\u00fablica Aloysio Nunes, um tucano de alta\" \/>\n<meta property=\"og:url\" content=\"https:\/\/renatodias.online\/movimento\/2022\/05\/15\/aloysio-nunes-anuncia-apoio-a-lula\/\" \/>\n<meta property=\"article:publisher\" content=\"https:\/\/www.facebook.com\/renato.dias.37\" \/>\n<meta property=\"article:author\" content=\"https:\/\/www.facebook.com\/renato.dias.37\" \/>\n<meta property=\"article:published_time\" content=\"2022-05-15T18:47:33+00:00\" \/>\n<meta property=\"og:image\" content=\"https:\/\/renatodias.online\/movimento\/wp-content\/uploads\/2022\/05\/Aloysio_Nunes-link.jpg\" \/>\n\t<meta property=\"og:image:width\" content=\"1620\" \/>\n\t<meta property=\"og:image:height\" content=\"1080\" \/>\n\t<meta property=\"og:image:type\" content=\"image\/jpeg\" \/>\n<meta name=\"author\" content=\"Renato Dias\" \/>\n<meta name=\"twitter:card\" content=\"summary_large_image\" \/>\n<meta name=\"twitter:creator\" content=\"@RenatoDiasBat\" \/>\n<meta name=\"twitter:site\" content=\"@RenatoDiasBat\" \/>\n<meta name=\"twitter:label1\" content=\"Escrito por\" \/>\n\t<meta name=\"twitter:data1\" content=\"Renato Dias\" \/>\n\t<meta name=\"twitter:label2\" content=\"Est. tempo de leitura\" \/>\n\t<meta name=\"twitter:data2\" content=\"1 minuto\" \/>\n<script type=\"application\/ld+json\" class=\"yoast-schema-graph\">{\"@context\":\"https:\\\/\\\/schema.org\",\"@graph\":[{\"@type\":\"Article\",\"@id\":\"https:\\\/\\\/renatodias.online\\\/movimento\\\/2022\\\/05\\\/15\\\/aloysio-nunes-anuncia-apoio-a-lula\\\/#article\",\"isPartOf\":{\"@id\":\"https:\\\/\\\/renatodias.online\\\/movimento\\\/2022\\\/05\\\/15\\\/aloysio-nunes-anuncia-apoio-a-lula\\\/\"},\"author\":{\"name\":\"Renato Dias\",\"@id\":\"https:\\\/\\\/renatodias.online\\\/movimento\\\/#\\\/schema\\\/person\\\/bbab28833b1725a20f4083f49f1fb2a9\"},\"headline\":\"Aloysio Nunes anuncia apoio a Lula\",\"datePublished\":\"2022-05-15T18:47:33+00:00\",\"mainEntityOfPage\":{\"@id\":\"https:\\\/\\\/renatodias.online\\\/movimento\\\/2022\\\/05\\\/15\\\/aloysio-nunes-anuncia-apoio-a-lula\\\/\"},\"wordCount\":204,\"commentCount\":0,\"publisher\":{\"@id\":\"https:\\\/\\\/renatodias.online\\\/movimento\\\/#\\\/schema\\\/person\\\/bbab28833b1725a20f4083f49f1fb2a9\"},\"image\":{\"@id\":\"https:\\\/\\\/renatodias.online\\\/movimento\\\/2022\\\/05\\\/15\\\/aloysio-nunes-anuncia-apoio-a-lula\\\/#primaryimage\"},\"thumbnailUrl\":\"https:\\\/\\\/renatodias.online\\\/movimento\\\/wp-content\\\/uploads\\\/2022\\\/05\\\/Aloysio_Nunes-link.jpg\",\"articleSection\":[\"Pol\u00edtica\"],\"inLanguage\":\"pt-BR\",\"potentialAction\":[{\"@type\":\"CommentAction\",\"name\":\"Comment\",\"target\":[\"https:\\\/\\\/renatodias.online\\\/movimento\\\/2022\\\/05\\\/15\\\/aloysio-nunes-anuncia-apoio-a-lula\\\/#respond\"]}]},{\"@type\":\"WebPage\",\"@id\":\"https:\\\/\\\/renatodias.online\\\/movimento\\\/2022\\\/05\\\/15\\\/aloysio-nunes-anuncia-apoio-a-lula\\\/\",\"url\":\"https:\\\/\\\/renatodias.online\\\/movimento\\\/2022\\\/05\\\/15\\\/aloysio-nunes-anuncia-apoio-a-lula\\\/\",\"name\":\"Aloysio Nunes anuncia apoio a Lula -\",\"isPartOf\":{\"@id\":\"https:\\\/\\\/renatodias.online\\\/movimento\\\/#website\"},\"primaryImageOfPage\":{\"@id\":\"https:\\\/\\\/renatodias.online\\\/movimento\\\/2022\\\/05\\\/15\\\/aloysio-nunes-anuncia-apoio-a-lula\\\/#primaryimage\"},\"image\":{\"@id\":\"https:\\\/\\\/renatodias.online\\\/movimento\\\/2022\\\/05\\\/15\\\/aloysio-nunes-anuncia-apoio-a-lula\\\/#primaryimage\"},\"thumbnailUrl\":\"https:\\\/\\\/renatodias.online\\\/movimento\\\/wp-content\\\/uploads\\\/2022\\\/05\\\/Aloysio_Nunes-link.jpg\",\"datePublished\":\"2022-05-15T18:47:33+00:00\",\"breadcrumb\":{\"@id\":\"https:\\\/\\\/renatodias.online\\\/movimento\\\/2022\\\/05\\\/15\\\/aloysio-nunes-anuncia-apoio-a-lula\\\/#breadcrumb\"},\"inLanguage\":\"pt-BR\",\"potentialAction\":[{\"@type\":\"ReadAction\",\"target\":[\"https:\\\/\\\/renatodias.online\\\/movimento\\\/2022\\\/05\\\/15\\\/aloysio-nunes-anuncia-apoio-a-lula\\\/\"]}]},{\"@type\":\"ImageObject\",\"inLanguage\":\"pt-BR\",\"@id\":\"https:\\\/\\\/renatodias.online\\\/movimento\\\/2022\\\/05\\\/15\\\/aloysio-nunes-anuncia-apoio-a-lula\\\/#primaryimage\",\"url\":\"https:\\\/\\\/renatodias.online\\\/movimento\\\/wp-content\\\/uploads\\\/2022\\\/05\\\/Aloysio_Nunes-link.jpg\",\"contentUrl\":\"https:\\\/\\\/renatodias.online\\\/movimento\\\/wp-content\\\/uploads\\\/2022\\\/05\\\/Aloysio_Nunes-link.jpg\",\"width\":1620,\"height\":1080,\"caption\":\"O tucano Aloysio Nunes \u00e9 aliado do PT\"},{\"@type\":\"BreadcrumbList\",\"@id\":\"https:\\\/\\\/renatodias.online\\\/movimento\\\/2022\\\/05\\\/15\\\/aloysio-nunes-anuncia-apoio-a-lula\\\/#breadcrumb\",\"itemListElement\":[{\"@type\":\"ListItem\",\"position\":1,\"name\":\"In\u00edcio\",\"item\":\"https:\\\/\\\/renatodias.online\\\/movimento\\\/\"},{\"@type\":\"ListItem\",\"position\":2,\"name\":\"Aloysio Nunes anuncia apoio a Lula\"}]},{\"@type\":\"WebSite\",\"@id\":\"https:\\\/\\\/renatodias.online\\\/movimento\\\/#website\",\"url\":\"https:\\\/\\\/renatodias.online\\\/movimento\\\/\",\"name\":\"\",\"description\":\"\",\"publisher\":{\"@id\":\"https:\\\/\\\/renatodias.online\\\/movimento\\\/#\\\/schema\\\/person\\\/bbab28833b1725a20f4083f49f1fb2a9\"},\"potentialAction\":[{\"@type\":\"SearchAction\",\"target\":{\"@type\":\"EntryPoint\",\"urlTemplate\":\"https:\\\/\\\/renatodias.online\\\/movimento\\\/?s={search_term_string}\"},\"query-input\":{\"@type\":\"PropertyValueSpecification\",\"valueRequired\":true,\"valueName\":\"search_term_string\"}}],\"inLanguage\":\"pt-BR\"},{\"@type\":[\"Person\",\"Organization\"],\"@id\":\"https:\\\/\\\/renatodias.online\\\/movimento\\\/#\\\/schema\\\/person\\\/bbab28833b1725a20f4083f49f1fb2a9\",\"name\":\"Renato Dias\",\"image\":{\"@type\":\"ImageObject\",\"inLanguage\":\"pt-BR\",\"@id\":\"https:\\\/\\\/renatodias.online\\\/movimento\\\/wp-content\\\/uploads\\\/2023\\\/03\\\/cropped-cropped-cropped-logofinal.jpeg\",\"url\":\"https:\\\/\\\/renatodias.online\\\/movimento\\\/wp-content\\\/uploads\\\/2023\\\/03\\\/cropped-cropped-cropped-logofinal.jpeg\",\"contentUrl\":\"https:\\\/\\\/renatodias.online\\\/movimento\\\/wp-content\\\/uploads\\\/2023\\\/03\\\/cropped-cropped-cropped-logofinal.jpeg\",\"width\":1280,\"height\":219,\"caption\":\"Renato Dias\"},\"logo\":{\"@id\":\"https:\\\/\\\/renatodias.online\\\/movimento\\\/wp-content\\\/uploads\\\/2023\\\/03\\\/cropped-cropped-cropped-logofinal.jpeg\"},\"description\":\"Renato Dias, 58 anos, \u00e9 graduado em Jornalismo, formado em Ci\u00eancias Sociais, com p\u00f3s-gradua\u00e7\u00e3o em Pol\u00edticas P\u00fablicas, mestre em Direito e Rela\u00e7\u00f5es Internacionais, ex-aluno extraordin\u00e1rio do Doutorado em Psicologia Social, ex-estudante do Curso de Psican\u00e1lise do Centro de Estudos Psicanal\u00edticos do Estado de Goi\u00e1s, ministrado pelo m\u00e9dico psiquiatra e psicanalista Daniel Em\u00eddio de Souza. \u00c9 autor de 30 livros-reportagem, oito document\u00e1rios, ganhou 30 pr\u00eamios e \u00e9 torcedor apaixonado do maior do Centro-Oeste, o Vila Nova Futebol Clube. Casado com Meirilane Dias, \u00e9 pai de Juliana Dias, jornalista; Daniel Dias, economista; e Maria Rosa Dias, estudante antifascista, socialista e trotskista.\u00a0Com tr\u00eas pets: Porquinho [Bull Dog Franc\u00eas], Dalila [Basset Hound] e Geleia [Basset Hound]. Al\u00e9m do eterno gato Tutuquinho, que virou estrela.\",\"sameAs\":[\"https:\\\/\\\/www.facebook.com\\\/renato.dias.37\",\"#breve\",\"https:\\\/\\\/renatodias.tumblr.com\\\/\"],\"url\":\"https:\\\/\\\/renatodias.online\\\/movimento\\\/author\\\/renatodias\\\/\"}]}<\/script>\n<!-- \/ Yoast SEO plugin. -->","yoast_head_json":{"title":"Aloysio Nunes anuncia apoio a Lula -","robots":{"index":"index","follow":"follow","max-snippet":"max-snippet:-1","max-image-preview":"max-image-preview:large","max-video-preview":"max-video-preview:-1"},"canonical":"https:\/\/renatodias.online\/movimento\/2022\/05\/15\/aloysio-nunes-anuncia-apoio-a-lula\/","og_locale":"pt_BR","og_type":"article","og_title":"Aloysio Nunes anuncia apoio a Lula -","og_description":"Aloysio Nunes anuncia apoio a Lula &nbsp; \u00c9 civiliza\u00e7\u00e3o contra barb\u00e1rie, diz ex-senador A terceira via n\u00e3o consolidou &#8211; se, diagnostica o tucano \u00a0 Jo\u00e3o Doria \u00a0Jo\u00e3o D\u00f3ria n\u00e3o unifica o PSDB Aloysio Nunes Renato Dias O ex &#8211; ministro das Rela\u00e7\u00f5es Exteriores e ex &#8211; senador da Rep\u00fablica Aloysio Nunes, um tucano de alta","og_url":"https:\/\/renatodias.online\/movimento\/2022\/05\/15\/aloysio-nunes-anuncia-apoio-a-lula\/","article_publisher":"https:\/\/www.facebook.com\/renato.dias.37","article_author":"https:\/\/www.facebook.com\/renato.dias.37","article_published_time":"2022-05-15T18:47:33+00:00","og_image":[{"width":1620,"height":1080,"url":"https:\/\/renatodias.online\/movimento\/wp-content\/uploads\/2022\/05\/Aloysio_Nunes-link.jpg","type":"image\/jpeg"}],"author":"Renato Dias","twitter_card":"summary_large_image","twitter_creator":"@RenatoDiasBat","twitter_site":"@RenatoDiasBat","twitter_misc":{"Escrito por":"Renato Dias","Est. tempo de leitura":"1 minuto"},"schema":{"@context":"https:\/\/schema.org","@graph":[{"@type":"Article","@id":"https:\/\/renatodias.online\/movimento\/2022\/05\/15\/aloysio-nunes-anuncia-apoio-a-lula\/#article","isPartOf":{"@id":"https:\/\/renatodias.online\/movimento\/2022\/05\/15\/aloysio-nunes-anuncia-apoio-a-lula\/"},"author":{"name":"Renato Dias","@id":"https:\/\/renatodias.online\/movimento\/#\/schema\/person\/bbab28833b1725a20f4083f49f1fb2a9"},"headline":"Aloysio Nunes anuncia apoio a Lula","datePublished":"2022-05-15T18:47:33+00:00","mainEntityOfPage":{"@id":"https:\/\/renatodias.online\/movimento\/2022\/05\/15\/aloysio-nunes-anuncia-apoio-a-lula\/"},"wordCount":204,"commentCount":0,"publisher":{"@id":"https:\/\/renatodias.online\/movimento\/#\/schema\/person\/bbab28833b1725a20f4083f49f1fb2a9"},"image":{"@id":"https:\/\/renatodias.online\/movimento\/2022\/05\/15\/aloysio-nunes-anuncia-apoio-a-lula\/#primaryimage"},"thumbnailUrl":"https:\/\/renatodias.online\/movimento\/wp-content\/uploads\/2022\/05\/Aloysio_Nunes-link.jpg","articleSection":["Pol\u00edtica"],"inLanguage":"pt-BR","potentialAction":[{"@type":"CommentAction","name":"Comment","target":["https:\/\/renatodias.online\/movimento\/2022\/05\/15\/aloysio-nunes-anuncia-apoio-a-lula\/#respond"]}]},{"@type":"WebPage","@id":"https:\/\/renatodias.online\/movimento\/2022\/05\/15\/aloysio-nunes-anuncia-apoio-a-lula\/","url":"https:\/\/renatodias.online\/movimento\/2022\/05\/15\/aloysio-nunes-anuncia-apoio-a-lula\/","name":"Aloysio Nunes anuncia apoio a Lula -","isPartOf":{"@id":"https:\/\/renatodias.online\/movimento\/#website"},"primaryImageOfPage":{"@id":"https:\/\/renatodias.online\/movimento\/2022\/05\/15\/aloysio-nunes-anuncia-apoio-a-lula\/#primaryimage"},"image":{"@id":"https:\/\/renatodias.online\/movimento\/2022\/05\/15\/aloysio-nunes-anuncia-apoio-a-lula\/#primaryimage"},"thumbnailUrl":"https:\/\/renatodias.online\/movimento\/wp-content\/uploads\/2022\/05\/Aloysio_Nunes-link.jpg","datePublished":"2022-05-15T18:47:33+00:00","breadcrumb":{"@id":"https:\/\/renatodias.online\/movimento\/2022\/05\/15\/aloysio-nunes-anuncia-apoio-a-lula\/#breadcrumb"},"inLanguage":"pt-BR","potentialAction":[{"@type":"ReadAction","target":["https:\/\/renatodias.online\/movimento\/2022\/05\/15\/aloysio-nunes-anuncia-apoio-a-lula\/"]}]},{"@type":"ImageObject","inLanguage":"pt-BR","@id":"https:\/\/renatodias.online\/movimento\/2022\/05\/15\/aloysio-nunes-anuncia-apoio-a-lula\/#primaryimage","url":"https:\/\/renatodias.online\/movimento\/wp-content\/uploads\/2022\/05\/Aloysio_Nunes-link.jpg","contentUrl":"https:\/\/renatodias.online\/movimento\/wp-content\/uploads\/2022\/05\/Aloysio_Nunes-link.jpg","width":1620,"height":1080,"caption":"O tucano Aloysio Nunes \u00e9 aliado do PT"},{"@type":"BreadcrumbList","@id":"https:\/\/renatodias.online\/movimento\/2022\/05\/15\/aloysio-nunes-anuncia-apoio-a-lula\/#breadcrumb","itemListElement":[{"@type":"ListItem","position":1,"name":"In\u00edcio","item":"https:\/\/renatodias.online\/movimento\/"},{"@type":"ListItem","position":2,"name":"Aloysio Nunes anuncia apoio a Lula"}]},{"@type":"WebSite","@id":"https:\/\/renatodias.online\/movimento\/#website","url":"https:\/\/renatodias.online\/movimento\/","name":"","description":"","publisher":{"@id":"https:\/\/renatodias.online\/movimento\/#\/schema\/person\/bbab28833b1725a20f4083f49f1fb2a9"},"potentialAction":[{"@type":"SearchAction","target":{"@type":"EntryPoint","urlTemplate":"https:\/\/renatodias.online\/movimento\/?s={search_term_string}"},"query-input":{"@type":"PropertyValueSpecification","valueRequired":true,"valueName":"search_term_string"}}],"inLanguage":"pt-BR"},{"@type":["Person","Organization"],"@id":"https:\/\/renatodias.online\/movimento\/#\/schema\/person\/bbab28833b1725a20f4083f49f1fb2a9","name":"Renato Dias","image":{"@type":"ImageObject","inLanguage":"pt-BR","@id":"https:\/\/renatodias.online\/movimento\/wp-content\/uploads\/2023\/03\/cropped-cropped-cropped-logofinal.jpeg","url":"https:\/\/renatodias.online\/movimento\/wp-content\/uploads\/2023\/03\/cropped-cropped-cropped-logofinal.jpeg","contentUrl":"https:\/\/renatodias.online\/movimento\/wp-content\/uploads\/2023\/03\/cropped-cropped-cropped-logofinal.jpeg","width":1280,"height":219,"caption":"Renato Dias"},"logo":{"@id":"https:\/\/renatodias.online\/movimento\/wp-content\/uploads\/2023\/03\/cropped-cropped-cropped-logofinal.jpeg"},"description":"Renato Dias, 58 anos, \u00e9 graduado em Jornalismo, formado em Ci\u00eancias Sociais, com p\u00f3s-gradua\u00e7\u00e3o em Pol\u00edticas P\u00fablicas, mestre em Direito e Rela\u00e7\u00f5es Internacionais, ex-aluno extraordin\u00e1rio do Doutorado em Psicologia Social, ex-estudante do Curso de Psican\u00e1lise do Centro de Estudos Psicanal\u00edticos do Estado de Goi\u00e1s, ministrado pelo m\u00e9dico psiquiatra e psicanalista Daniel Em\u00eddio de Souza. \u00c9 autor de 30 livros-reportagem, oito document\u00e1rios, ganhou 30 pr\u00eamios e \u00e9 torcedor apaixonado do maior do Centro-Oeste, o Vila Nova Futebol Clube. Casado com Meirilane Dias, \u00e9 pai de Juliana Dias, jornalista; Daniel Dias, economista; e Maria Rosa Dias, estudante antifascista, socialista e trotskista.\u00a0Com tr\u00eas pets: Porquinho [Bull Dog Franc\u00eas], Dalila [Basset Hound] e Geleia [Basset Hound]. Al\u00e9m do eterno gato Tutuquinho, que virou estrela.","sameAs":["https:\/\/www.facebook.com\/renato.dias.37","#breve","https:\/\/renatodias.tumblr.com\/"],"url":"https:\/\/renatodias.online\/movimento\/author\/renatodias\/"}]}},"_links":{"self":[{"href":"https:\/\/renatodias.online\/movimento\/wp-json\/wp\/v2\/posts\/12329","targetHints":{"allow":["GET"]}}],"collection":[{"href":"https:\/\/renatodias.online\/movimento\/wp-json\/wp\/v2\/posts"}],"about":[{"href":"https:\/\/renatodias.online\/movimento\/wp-json\/wp\/v2\/types\/post"}],"author":[{"embeddable":true,"href":"https:\/\/renatodias.online\/movimento\/wp-json\/wp\/v2\/users\/2"}],"replies":[{"embeddable":true,"href":"https:\/\/renatodias.online\/movimento\/wp-json\/wp\/v2\/comments?post=12329"}],"version-history":[{"count":2,"href":"https:\/\/renatodias.online\/movimento\/wp-json\/wp\/v2\/posts\/12329\/revisions"}],"predecessor-version":[{"id":20273,"href":"https:\/\/renatodias.online\/movimento\/wp-json\/wp\/v2\/posts\/12329\/revisions\/20273"}],"wp:featuredmedia":[{"embeddable":true,"href":"https:\/\/renatodias.online\/movimento\/wp-json\/wp\/v2\/media\/12333"}],"wp:attachment":[{"href":"https:\/\/renatodias.online\/movimento\/wp-json\/wp\/v2\/media?parent=12329"}],"wp:term":[{"taxonomy":"category","embeddable":true,"href":"https:\/\/renatodias.online\/movimento\/wp-json\/wp\/v2\/categories?post=12329"},{"taxonomy":"post_tag","embeddable":true,"href":"https:\/\/renatodias.online\/movimento\/wp-json\/wp\/v2\/tags?post=12329"}],"curies":[{"name":"wp","href":"https:\/\/api.w.org\/{rel}","templated":true}]}}