{"id":12326,"date":"2022-05-15T15:36:41","date_gmt":"2022-05-15T18:36:41","guid":{"rendered":"https:\/\/renatodias.online\/movimento\/?p=12326"},"modified":"2022-05-15T15:36:41","modified_gmt":"2022-05-15T18:36:41","slug":"ato-pela-constituinte","status":"publish","type":"post","link":"https:\/\/renatodias.online\/movimento\/2022\/05\/15\/ato-pela-constituinte\/","title":{"rendered":"Ato pela Constituinte  \u00a0"},"content":{"rendered":"<figure id=\"attachment_4001\" aria-describedby=\"caption-attachment-4001\" style=\"width: 681px\" class=\"wp-caption aligncenter\"><img loading=\"lazy\" decoding=\"async\" class=\"size-full wp-image-4001\" src=\"https:\/\/renatodias.online\/movimento\/wp-content\/uploads\/2020\/06\/Marcus-Sokol-1.jpg\" alt=\"\" width=\"681\" height=\"1024\" \/><figcaption id=\"caption-attachment-4001\" class=\"wp-caption-text\"><strong>Marcus Sokol \u00e9 economista<\/strong><\/figcaption><\/figure>\n<figure id=\"attachment_5888\" aria-describedby=\"caption-attachment-5888\" style=\"width: 300px\" class=\"wp-caption aligncenter\"><img loading=\"lazy\" decoding=\"async\" class=\"size-medium wp-image-5888\" src=\"https:\/\/renatodias.online\/movimento\/wp-content\/uploads\/2021\/04\/Bomba-A-morte-da-Politica-300x300.jpg\" alt=\"explosivo\" width=\"300\" height=\"300\" \/><figcaption id=\"caption-attachment-5888\" class=\"wp-caption-text\"><span style=\"color: #ff0000;\"><strong>explosivo<\/strong><\/span><\/figcaption><\/figure>\n<h1 style=\"text-align: center;\"><span style=\"color: #ff0000;\"><strong>2 de julho de 2022, 15h, S\u00e3o Paulo<\/strong><\/span><\/h1>\n<h1 style=\"text-align: center;\"><span style=\"color: #ff0000;\"><strong>Sob a organiza\u00e7\u00e3o do DAP<\/strong><\/span><\/h1>\n<p><strong>Renato Dias<\/strong><\/p>\n<p>A corrente <strong>Di\u00e1logo e A\u00e7\u00e3o Petista<\/strong> \u00a0promove dia 2 de julho de 2022, \u00e0s 15h, em S\u00e3o Paulo, capital, centro da luta de classes no Brasil e na Am\u00e9rica Latina, um <strong>Ato Nacional por uma Assembleia Nacional Livre e Soberana com Luiz In\u00e1cio Lula da Silva.\u00a0<\/strong><\/p>\n<figure id=\"attachment_12121\" aria-describedby=\"caption-attachment-12121\" style=\"width: 1080px\" class=\"wp-caption alignnone\"><img loading=\"lazy\" decoding=\"async\" class=\"wp-image-12121 size-full\" src=\"https:\/\/renatodias.online\/movimento\/wp-content\/uploads\/2022\/05\/Lula-no-1o-de-maio-de-2022.png\" alt=\"\" width=\"1080\" height=\"792\" srcset=\"https:\/\/renatodias.online\/movimento\/wp-content\/uploads\/2022\/05\/Lula-no-1o-de-maio-de-2022.png 1080w, https:\/\/renatodias.online\/movimento\/wp-content\/uploads\/2022\/05\/Lula-no-1o-de-maio-de-2022-300x220.png 300w, https:\/\/renatodias.online\/movimento\/wp-content\/uploads\/2022\/05\/Lula-no-1o-de-maio-de-2022-768x563.png 768w, https:\/\/renatodias.online\/movimento\/wp-content\/uploads\/2022\/05\/Lula-no-1o-de-maio-de-2022-750x550.png 750w\" sizes=\"auto, (max-width: 1080px) 100vw, 1080px\" \/><figcaption id=\"caption-attachment-12121\" class=\"wp-caption-text\"><strong>Lula no 1\u00ba de maio de 2022, em S\u00e3o Paulo<\/strong><\/figcaption><\/figure>\n<p>Registro: <strong>com um programa de emerg\u00eancia para reconstru\u00e7\u00e3o do Brasil<\/strong>. Um pa\u00eds devastado pela agenda neoliberal, n\u00e3o republicana e patrimonialista de <strong>Michel Temer e Jair Messias Bolsonaro<\/strong>. \u00c9 o que diz <strong>Markus Sokol ao <span style=\"color: #ff0000;\">Portal de Not\u00edcias www.renatodias.online\u00a0<\/span><\/strong><\/p>\n<figure id=\"attachment_6993\" aria-describedby=\"caption-attachment-6993\" style=\"width: 1140px\" class=\"wp-caption alignnone\"><img loading=\"lazy\" decoding=\"async\" class=\"wp-image-6993 size-large\" src=\"https:\/\/renatodias.online\/movimento\/wp-content\/uploads\/2021\/06\/Jair-Bolsonaro-Motocicleta-Como-Benito-Mussolini-1537x1024.jpg\" alt=\"\" width=\"1140\" height=\"760\" srcset=\"https:\/\/renatodias.online\/movimento\/wp-content\/uploads\/2021\/06\/Jair-Bolsonaro-Motocicleta-Como-Benito-Mussolini-1537x1024.jpg 1537w, https:\/\/renatodias.online\/movimento\/wp-content\/uploads\/2021\/06\/Jair-Bolsonaro-Motocicleta-Como-Benito-Mussolini-300x200.jpg 300w, https:\/\/renatodias.online\/movimento\/wp-content\/uploads\/2021\/06\/Jair-Bolsonaro-Motocicleta-Como-Benito-Mussolini-768x512.jpg 768w, https:\/\/renatodias.online\/movimento\/wp-content\/uploads\/2021\/06\/Jair-Bolsonaro-Motocicleta-Como-Benito-Mussolini-1536x1024.jpg 1536w, https:\/\/renatodias.online\/movimento\/wp-content\/uploads\/2021\/06\/Jair-Bolsonaro-Motocicleta-Como-Benito-Mussolini-2048x1365.jpg 2048w, https:\/\/renatodias.online\/movimento\/wp-content\/uploads\/2021\/06\/Jair-Bolsonaro-Motocicleta-Como-Benito-Mussolini-360x240.jpg 360w, https:\/\/renatodias.online\/movimento\/wp-content\/uploads\/2021\/06\/Jair-Bolsonaro-Motocicleta-Como-Benito-Mussolini-750x500.jpg 750w\" sizes=\"auto, (max-width: 1140px) 100vw, 1140px\" \/><figcaption id=\"caption-attachment-6993\" class=\"wp-caption-text\"><strong>Jair Bolsonaro de moto _ Poder 360<\/strong><\/figcaption><\/figure>\n<p>O economista \u00e9 membro da <strong>executiva nacional do Partido dos Trabalhadores<\/strong>. Mais: l\u00edder da se\u00e7\u00e3o brasileira da <strong><span style=\"color: #ff0000;\">IV Internacional.<\/span><\/strong> A central mundial da revolu\u00e7\u00e3o socialista. Trata-se de um polon\u00eas gauche trotskista radicado no Brasil.<\/p>\n<figure id=\"attachment_11592\" aria-describedby=\"caption-attachment-11592\" style=\"width: 233px\" class=\"wp-caption aligncenter\"><img loading=\"lazy\" decoding=\"async\" class=\"wp-image-11592 size-full\" src=\"https:\/\/renatodias.online\/movimento\/wp-content\/uploads\/2022\/03\/Leon-Trotski-especial.jpg\" alt=\"\" width=\"233\" height=\"423\" srcset=\"https:\/\/renatodias.online\/movimento\/wp-content\/uploads\/2022\/03\/Leon-Trotski-especial.jpg 233w, https:\/\/renatodias.online\/movimento\/wp-content\/uploads\/2022\/03\/Leon-Trotski-especial-165x300.jpg 165w\" sizes=\"auto, (max-width: 233px) 100vw, 233px\" \/><figcaption id=\"caption-attachment-11592\" class=\"wp-caption-text\"><strong>Leon Trotski<\/strong><\/figcaption><\/figure>\n","protected":false},"excerpt":{"rendered":"<p>2 de julho de 2022, 15h, S\u00e3o Paulo Sob a organiza\u00e7\u00e3o do DAP Renato Dias A corrente Di\u00e1logo e A\u00e7\u00e3o Petista \u00a0promove dia 2 de julho de 2022, \u00e0s 15h, em S\u00e3o Paulo, capital, centro da luta de classes no Brasil e na Am\u00e9rica Latina, um Ato Nacional por uma Assembleia Nacional Livre e Soberana<\/p>\n","protected":false},"author":2,"featured_media":12327,"comment_status":"open","ping_status":"open","sticky":false,"template":"","format":"standard","meta":{"_acf_changed":false,"_monsterinsights_skip_tracking":false,"_monsterinsights_sitenote_active":false,"_monsterinsights_sitenote_note":"","_monsterinsights_sitenote_category":0,"footnotes":""},"categories":[4],"tags":[],"class_list":["post-12326","post","type-post","status-publish","format-standard","has-post-thumbnail","hentry","category-politica"],"acf":[],"yoast_head":"<!-- This site is optimized with the Yoast SEO plugin v27.4 - https:\/\/yoast.com\/product\/yoast-seo-wordpress\/ -->\n<title>Ato pela Constituinte \u00a0 -<\/title>\n<meta name=\"robots\" content=\"index, follow, max-snippet:-1, max-image-preview:large, max-video-preview:-1\" \/>\n<link rel=\"canonical\" href=\"https:\/\/renatodias.online\/movimento\/2022\/05\/15\/ato-pela-constituinte\/\" \/>\n<meta property=\"og:locale\" content=\"pt_BR\" \/>\n<meta property=\"og:type\" content=\"article\" \/>\n<meta property=\"og:title\" content=\"Ato pela Constituinte \u00a0 -\" \/>\n<meta property=\"og:description\" content=\"2 de julho de 2022, 15h, S\u00e3o Paulo Sob a organiza\u00e7\u00e3o do DAP Renato Dias A corrente Di\u00e1logo e A\u00e7\u00e3o Petista \u00a0promove dia 2 de julho de 2022, \u00e0s 15h, em S\u00e3o Paulo, capital, centro da luta de classes no Brasil e na Am\u00e9rica Latina, um Ato Nacional por uma Assembleia Nacional Livre e Soberana\" \/>\n<meta property=\"og:url\" content=\"https:\/\/renatodias.online\/movimento\/2022\/05\/15\/ato-pela-constituinte\/\" \/>\n<meta property=\"article:publisher\" content=\"https:\/\/www.facebook.com\/renato.dias.37\" \/>\n<meta property=\"article:author\" content=\"https:\/\/www.facebook.com\/renato.dias.37\" \/>\n<meta property=\"article:published_time\" content=\"2022-05-15T18:36:41+00:00\" \/>\n<meta property=\"og:image\" content=\"https:\/\/renatodias.online\/movimento\/wp-content\/uploads\/2022\/05\/Markus-Sokol-Card-e1652639538742.jpg\" \/>\n\t<meta property=\"og:image:width\" content=\"350\" \/>\n\t<meta property=\"og:image:height\" content=\"350\" \/>\n\t<meta property=\"og:image:type\" content=\"image\/jpeg\" \/>\n<meta name=\"author\" content=\"Renato Dias\" \/>\n<meta name=\"twitter:card\" content=\"summary_large_image\" \/>\n<meta name=\"twitter:creator\" content=\"@RenatoDiasBat\" \/>\n<meta name=\"twitter:site\" content=\"@RenatoDiasBat\" \/>\n<meta name=\"twitter:label1\" content=\"Escrito por\" \/>\n\t<meta name=\"twitter:data1\" content=\"Renato Dias\" \/>\n\t<meta name=\"twitter:label2\" content=\"Est. tempo de leitura\" \/>\n\t<meta name=\"twitter:data2\" content=\"1 minuto\" \/>\n<script type=\"application\/ld+json\" class=\"yoast-schema-graph\">{\"@context\":\"https:\\\/\\\/schema.org\",\"@graph\":[{\"@type\":\"Article\",\"@id\":\"https:\\\/\\\/renatodias.online\\\/movimento\\\/2022\\\/05\\\/15\\\/ato-pela-constituinte\\\/#article\",\"isPartOf\":{\"@id\":\"https:\\\/\\\/renatodias.online\\\/movimento\\\/2022\\\/05\\\/15\\\/ato-pela-constituinte\\\/\"},\"author\":{\"name\":\"Renato Dias\",\"@id\":\"https:\\\/\\\/renatodias.online\\\/movimento\\\/#\\\/schema\\\/person\\\/bbab28833b1725a20f4083f49f1fb2a9\"},\"headline\":\"Ato pela Constituinte \u00a0\",\"datePublished\":\"2022-05-15T18:36:41+00:00\",\"mainEntityOfPage\":{\"@id\":\"https:\\\/\\\/renatodias.online\\\/movimento\\\/2022\\\/05\\\/15\\\/ato-pela-constituinte\\\/\"},\"wordCount\":203,\"commentCount\":0,\"publisher\":{\"@id\":\"https:\\\/\\\/renatodias.online\\\/movimento\\\/#\\\/schema\\\/person\\\/bbab28833b1725a20f4083f49f1fb2a9\"},\"image\":{\"@id\":\"https:\\\/\\\/renatodias.online\\\/movimento\\\/2022\\\/05\\\/15\\\/ato-pela-constituinte\\\/#primaryimage\"},\"thumbnailUrl\":\"https:\\\/\\\/renatodias.online\\\/movimento\\\/wp-content\\\/uploads\\\/2022\\\/05\\\/Markus-Sokol-Card-e1652639538742.jpg\",\"articleSection\":[\"Pol\u00edtica\"],\"inLanguage\":\"pt-BR\",\"potentialAction\":[{\"@type\":\"CommentAction\",\"name\":\"Comment\",\"target\":[\"https:\\\/\\\/renatodias.online\\\/movimento\\\/2022\\\/05\\\/15\\\/ato-pela-constituinte\\\/#respond\"]}]},{\"@type\":\"WebPage\",\"@id\":\"https:\\\/\\\/renatodias.online\\\/movimento\\\/2022\\\/05\\\/15\\\/ato-pela-constituinte\\\/\",\"url\":\"https:\\\/\\\/renatodias.online\\\/movimento\\\/2022\\\/05\\\/15\\\/ato-pela-constituinte\\\/\",\"name\":\"Ato pela Constituinte \u00a0 -\",\"isPartOf\":{\"@id\":\"https:\\\/\\\/renatodias.online\\\/movimento\\\/#website\"},\"primaryImageOfPage\":{\"@id\":\"https:\\\/\\\/renatodias.online\\\/movimento\\\/2022\\\/05\\\/15\\\/ato-pela-constituinte\\\/#primaryimage\"},\"image\":{\"@id\":\"https:\\\/\\\/renatodias.online\\\/movimento\\\/2022\\\/05\\\/15\\\/ato-pela-constituinte\\\/#primaryimage\"},\"thumbnailUrl\":\"https:\\\/\\\/renatodias.online\\\/movimento\\\/wp-content\\\/uploads\\\/2022\\\/05\\\/Markus-Sokol-Card-e1652639538742.jpg\",\"datePublished\":\"2022-05-15T18:36:41+00:00\",\"breadcrumb\":{\"@id\":\"https:\\\/\\\/renatodias.online\\\/movimento\\\/2022\\\/05\\\/15\\\/ato-pela-constituinte\\\/#breadcrumb\"},\"inLanguage\":\"pt-BR\",\"potentialAction\":[{\"@type\":\"ReadAction\",\"target\":[\"https:\\\/\\\/renatodias.online\\\/movimento\\\/2022\\\/05\\\/15\\\/ato-pela-constituinte\\\/\"]}]},{\"@type\":\"ImageObject\",\"inLanguage\":\"pt-BR\",\"@id\":\"https:\\\/\\\/renatodias.online\\\/movimento\\\/2022\\\/05\\\/15\\\/ato-pela-constituinte\\\/#primaryimage\",\"url\":\"https:\\\/\\\/renatodias.online\\\/movimento\\\/wp-content\\\/uploads\\\/2022\\\/05\\\/Markus-Sokol-Card-e1652639538742.jpg\",\"contentUrl\":\"https:\\\/\\\/renatodias.online\\\/movimento\\\/wp-content\\\/uploads\\\/2022\\\/05\\\/Markus-Sokol-Card-e1652639538742.jpg\",\"width\":350,\"height\":350,\"caption\":\"Ato nacional\"},{\"@type\":\"BreadcrumbList\",\"@id\":\"https:\\\/\\\/renatodias.online\\\/movimento\\\/2022\\\/05\\\/15\\\/ato-pela-constituinte\\\/#breadcrumb\",\"itemListElement\":[{\"@type\":\"ListItem\",\"position\":1,\"name\":\"In\u00edcio\",\"item\":\"https:\\\/\\\/renatodias.online\\\/movimento\\\/\"},{\"@type\":\"ListItem\",\"position\":2,\"name\":\"Ato pela Constituinte \u00a0\"}]},{\"@type\":\"WebSite\",\"@id\":\"https:\\\/\\\/renatodias.online\\\/movimento\\\/#website\",\"url\":\"https:\\\/\\\/renatodias.online\\\/movimento\\\/\",\"name\":\"\",\"description\":\"\",\"publisher\":{\"@id\":\"https:\\\/\\\/renatodias.online\\\/movimento\\\/#\\\/schema\\\/person\\\/bbab28833b1725a20f4083f49f1fb2a9\"},\"potentialAction\":[{\"@type\":\"SearchAction\",\"target\":{\"@type\":\"EntryPoint\",\"urlTemplate\":\"https:\\\/\\\/renatodias.online\\\/movimento\\\/?s={search_term_string}\"},\"query-input\":{\"@type\":\"PropertyValueSpecification\",\"valueRequired\":true,\"valueName\":\"search_term_string\"}}],\"inLanguage\":\"pt-BR\"},{\"@type\":[\"Person\",\"Organization\"],\"@id\":\"https:\\\/\\\/renatodias.online\\\/movimento\\\/#\\\/schema\\\/person\\\/bbab28833b1725a20f4083f49f1fb2a9\",\"name\":\"Renato Dias\",\"image\":{\"@type\":\"ImageObject\",\"inLanguage\":\"pt-BR\",\"@id\":\"https:\\\/\\\/renatodias.online\\\/movimento\\\/wp-content\\\/uploads\\\/2023\\\/03\\\/cropped-cropped-cropped-logofinal.jpeg\",\"url\":\"https:\\\/\\\/renatodias.online\\\/movimento\\\/wp-content\\\/uploads\\\/2023\\\/03\\\/cropped-cropped-cropped-logofinal.jpeg\",\"contentUrl\":\"https:\\\/\\\/renatodias.online\\\/movimento\\\/wp-content\\\/uploads\\\/2023\\\/03\\\/cropped-cropped-cropped-logofinal.jpeg\",\"width\":1280,\"height\":219,\"caption\":\"Renato Dias\"},\"logo\":{\"@id\":\"https:\\\/\\\/renatodias.online\\\/movimento\\\/wp-content\\\/uploads\\\/2023\\\/03\\\/cropped-cropped-cropped-logofinal.jpeg\"},\"description\":\"Renato Dias, 58 anos, \u00e9 graduado em Jornalismo, formado em Ci\u00eancias Sociais, com p\u00f3s-gradua\u00e7\u00e3o em Pol\u00edticas P\u00fablicas, mestre em Direito e Rela\u00e7\u00f5es Internacionais, ex-aluno extraordin\u00e1rio do Doutorado em Psicologia Social, ex-estudante do Curso de Psican\u00e1lise do Centro de Estudos Psicanal\u00edticos do Estado de Goi\u00e1s, ministrado pelo m\u00e9dico psiquiatra e psicanalista Daniel Em\u00eddio de Souza. \u00c9 autor de 30 livros-reportagem, oito document\u00e1rios, ganhou 30 pr\u00eamios e \u00e9 torcedor apaixonado do maior do Centro-Oeste, o Vila Nova Futebol Clube. Casado com Meirilane Dias, \u00e9 pai de Juliana Dias, jornalista; Daniel Dias, economista; e Maria Rosa Dias, estudante antifascista, socialista e trotskista.\u00a0Com tr\u00eas pets: Porquinho [Bull Dog Franc\u00eas], Dalila [Basset Hound] e Geleia [Basset Hound]. Al\u00e9m do eterno gato Tutuquinho, que virou estrela.\",\"sameAs\":[\"https:\\\/\\\/www.facebook.com\\\/renato.dias.37\",\"#breve\",\"https:\\\/\\\/renatodias.tumblr.com\\\/\"],\"url\":\"https:\\\/\\\/renatodias.online\\\/movimento\\\/author\\\/renatodias\\\/\"}]}<\/script>\n<!-- \/ Yoast SEO plugin. -->","yoast_head_json":{"title":"Ato pela Constituinte \u00a0 -","robots":{"index":"index","follow":"follow","max-snippet":"max-snippet:-1","max-image-preview":"max-image-preview:large","max-video-preview":"max-video-preview:-1"},"canonical":"https:\/\/renatodias.online\/movimento\/2022\/05\/15\/ato-pela-constituinte\/","og_locale":"pt_BR","og_type":"article","og_title":"Ato pela Constituinte \u00a0 -","og_description":"2 de julho de 2022, 15h, S\u00e3o Paulo Sob a organiza\u00e7\u00e3o do DAP Renato Dias A corrente Di\u00e1logo e A\u00e7\u00e3o Petista \u00a0promove dia 2 de julho de 2022, \u00e0s 15h, em S\u00e3o Paulo, capital, centro da luta de classes no Brasil e na Am\u00e9rica Latina, um Ato Nacional por uma Assembleia Nacional Livre e Soberana","og_url":"https:\/\/renatodias.online\/movimento\/2022\/05\/15\/ato-pela-constituinte\/","article_publisher":"https:\/\/www.facebook.com\/renato.dias.37","article_author":"https:\/\/www.facebook.com\/renato.dias.37","article_published_time":"2022-05-15T18:36:41+00:00","og_image":[{"width":350,"height":350,"url":"https:\/\/renatodias.online\/movimento\/wp-content\/uploads\/2022\/05\/Markus-Sokol-Card-e1652639538742.jpg","type":"image\/jpeg"}],"author":"Renato Dias","twitter_card":"summary_large_image","twitter_creator":"@RenatoDiasBat","twitter_site":"@RenatoDiasBat","twitter_misc":{"Escrito por":"Renato Dias","Est. tempo de leitura":"1 minuto"},"schema":{"@context":"https:\/\/schema.org","@graph":[{"@type":"Article","@id":"https:\/\/renatodias.online\/movimento\/2022\/05\/15\/ato-pela-constituinte\/#article","isPartOf":{"@id":"https:\/\/renatodias.online\/movimento\/2022\/05\/15\/ato-pela-constituinte\/"},"author":{"name":"Renato Dias","@id":"https:\/\/renatodias.online\/movimento\/#\/schema\/person\/bbab28833b1725a20f4083f49f1fb2a9"},"headline":"Ato pela Constituinte \u00a0","datePublished":"2022-05-15T18:36:41+00:00","mainEntityOfPage":{"@id":"https:\/\/renatodias.online\/movimento\/2022\/05\/15\/ato-pela-constituinte\/"},"wordCount":203,"commentCount":0,"publisher":{"@id":"https:\/\/renatodias.online\/movimento\/#\/schema\/person\/bbab28833b1725a20f4083f49f1fb2a9"},"image":{"@id":"https:\/\/renatodias.online\/movimento\/2022\/05\/15\/ato-pela-constituinte\/#primaryimage"},"thumbnailUrl":"https:\/\/renatodias.online\/movimento\/wp-content\/uploads\/2022\/05\/Markus-Sokol-Card-e1652639538742.jpg","articleSection":["Pol\u00edtica"],"inLanguage":"pt-BR","potentialAction":[{"@type":"CommentAction","name":"Comment","target":["https:\/\/renatodias.online\/movimento\/2022\/05\/15\/ato-pela-constituinte\/#respond"]}]},{"@type":"WebPage","@id":"https:\/\/renatodias.online\/movimento\/2022\/05\/15\/ato-pela-constituinte\/","url":"https:\/\/renatodias.online\/movimento\/2022\/05\/15\/ato-pela-constituinte\/","name":"Ato pela Constituinte \u00a0 -","isPartOf":{"@id":"https:\/\/renatodias.online\/movimento\/#website"},"primaryImageOfPage":{"@id":"https:\/\/renatodias.online\/movimento\/2022\/05\/15\/ato-pela-constituinte\/#primaryimage"},"image":{"@id":"https:\/\/renatodias.online\/movimento\/2022\/05\/15\/ato-pela-constituinte\/#primaryimage"},"thumbnailUrl":"https:\/\/renatodias.online\/movimento\/wp-content\/uploads\/2022\/05\/Markus-Sokol-Card-e1652639538742.jpg","datePublished":"2022-05-15T18:36:41+00:00","breadcrumb":{"@id":"https:\/\/renatodias.online\/movimento\/2022\/05\/15\/ato-pela-constituinte\/#breadcrumb"},"inLanguage":"pt-BR","potentialAction":[{"@type":"ReadAction","target":["https:\/\/renatodias.online\/movimento\/2022\/05\/15\/ato-pela-constituinte\/"]}]},{"@type":"ImageObject","inLanguage":"pt-BR","@id":"https:\/\/renatodias.online\/movimento\/2022\/05\/15\/ato-pela-constituinte\/#primaryimage","url":"https:\/\/renatodias.online\/movimento\/wp-content\/uploads\/2022\/05\/Markus-Sokol-Card-e1652639538742.jpg","contentUrl":"https:\/\/renatodias.online\/movimento\/wp-content\/uploads\/2022\/05\/Markus-Sokol-Card-e1652639538742.jpg","width":350,"height":350,"caption":"Ato nacional"},{"@type":"BreadcrumbList","@id":"https:\/\/renatodias.online\/movimento\/2022\/05\/15\/ato-pela-constituinte\/#breadcrumb","itemListElement":[{"@type":"ListItem","position":1,"name":"In\u00edcio","item":"https:\/\/renatodias.online\/movimento\/"},{"@type":"ListItem","position":2,"name":"Ato pela Constituinte \u00a0"}]},{"@type":"WebSite","@id":"https:\/\/renatodias.online\/movimento\/#website","url":"https:\/\/renatodias.online\/movimento\/","name":"","description":"","publisher":{"@id":"https:\/\/renatodias.online\/movimento\/#\/schema\/person\/bbab28833b1725a20f4083f49f1fb2a9"},"potentialAction":[{"@type":"SearchAction","target":{"@type":"EntryPoint","urlTemplate":"https:\/\/renatodias.online\/movimento\/?s={search_term_string}"},"query-input":{"@type":"PropertyValueSpecification","valueRequired":true,"valueName":"search_term_string"}}],"inLanguage":"pt-BR"},{"@type":["Person","Organization"],"@id":"https:\/\/renatodias.online\/movimento\/#\/schema\/person\/bbab28833b1725a20f4083f49f1fb2a9","name":"Renato Dias","image":{"@type":"ImageObject","inLanguage":"pt-BR","@id":"https:\/\/renatodias.online\/movimento\/wp-content\/uploads\/2023\/03\/cropped-cropped-cropped-logofinal.jpeg","url":"https:\/\/renatodias.online\/movimento\/wp-content\/uploads\/2023\/03\/cropped-cropped-cropped-logofinal.jpeg","contentUrl":"https:\/\/renatodias.online\/movimento\/wp-content\/uploads\/2023\/03\/cropped-cropped-cropped-logofinal.jpeg","width":1280,"height":219,"caption":"Renato Dias"},"logo":{"@id":"https:\/\/renatodias.online\/movimento\/wp-content\/uploads\/2023\/03\/cropped-cropped-cropped-logofinal.jpeg"},"description":"Renato Dias, 58 anos, \u00e9 graduado em Jornalismo, formado em Ci\u00eancias Sociais, com p\u00f3s-gradua\u00e7\u00e3o em Pol\u00edticas P\u00fablicas, mestre em Direito e Rela\u00e7\u00f5es Internacionais, ex-aluno extraordin\u00e1rio do Doutorado em Psicologia Social, ex-estudante do Curso de Psican\u00e1lise do Centro de Estudos Psicanal\u00edticos do Estado de Goi\u00e1s, ministrado pelo m\u00e9dico psiquiatra e psicanalista Daniel Em\u00eddio de Souza. \u00c9 autor de 30 livros-reportagem, oito document\u00e1rios, ganhou 30 pr\u00eamios e \u00e9 torcedor apaixonado do maior do Centro-Oeste, o Vila Nova Futebol Clube. Casado com Meirilane Dias, \u00e9 pai de Juliana Dias, jornalista; Daniel Dias, economista; e Maria Rosa Dias, estudante antifascista, socialista e trotskista.\u00a0Com tr\u00eas pets: Porquinho [Bull Dog Franc\u00eas], Dalila [Basset Hound] e Geleia [Basset Hound]. Al\u00e9m do eterno gato Tutuquinho, que virou estrela.","sameAs":["https:\/\/www.facebook.com\/renato.dias.37","#breve","https:\/\/renatodias.tumblr.com\/"],"url":"https:\/\/renatodias.online\/movimento\/author\/renatodias\/"}]}},"_links":{"self":[{"href":"https:\/\/renatodias.online\/movimento\/wp-json\/wp\/v2\/posts\/12326","targetHints":{"allow":["GET"]}}],"collection":[{"href":"https:\/\/renatodias.online\/movimento\/wp-json\/wp\/v2\/posts"}],"about":[{"href":"https:\/\/renatodias.online\/movimento\/wp-json\/wp\/v2\/types\/post"}],"author":[{"embeddable":true,"href":"https:\/\/renatodias.online\/movimento\/wp-json\/wp\/v2\/users\/2"}],"replies":[{"embeddable":true,"href":"https:\/\/renatodias.online\/movimento\/wp-json\/wp\/v2\/comments?post=12326"}],"version-history":[{"count":1,"href":"https:\/\/renatodias.online\/movimento\/wp-json\/wp\/v2\/posts\/12326\/revisions"}],"predecessor-version":[{"id":12328,"href":"https:\/\/renatodias.online\/movimento\/wp-json\/wp\/v2\/posts\/12326\/revisions\/12328"}],"wp:featuredmedia":[{"embeddable":true,"href":"https:\/\/renatodias.online\/movimento\/wp-json\/wp\/v2\/media\/12327"}],"wp:attachment":[{"href":"https:\/\/renatodias.online\/movimento\/wp-json\/wp\/v2\/media?parent=12326"}],"wp:term":[{"taxonomy":"category","embeddable":true,"href":"https:\/\/renatodias.online\/movimento\/wp-json\/wp\/v2\/categories?post=12326"},{"taxonomy":"post_tag","embeddable":true,"href":"https:\/\/renatodias.online\/movimento\/wp-json\/wp\/v2\/tags?post=12326"}],"curies":[{"name":"wp","href":"https:\/\/api.w.org\/{rel}","templated":true}]}}