{"id":12314,"date":"2022-05-15T15:23:34","date_gmt":"2022-05-15T18:23:34","guid":{"rendered":"https:\/\/renatodias.online\/movimento\/?p=12314"},"modified":"2022-05-15T15:23:34","modified_gmt":"2022-05-15T18:23:34","slug":"caminhos-para-derrotar-os-fascismos","status":"publish","type":"post","link":"https:\/\/renatodias.online\/movimento\/2022\/05\/15\/caminhos-para-derrotar-os-fascismos\/","title":{"rendered":"Caminhos para derrotar os fascismos"},"content":{"rendered":"<figure id=\"attachment_8897\" aria-describedby=\"caption-attachment-8897\" style=\"width: 771px\" class=\"wp-caption aligncenter\"><img loading=\"lazy\" decoding=\"async\" class=\"size-full wp-image-8897\" src=\"https:\/\/renatodias.online\/movimento\/wp-content\/uploads\/2021\/09\/Jair-Messias-Bolsonaro-em-7-de-setembro-de-2021.jpeg\" alt=\"\" width=\"771\" height=\"420\" \/><figcaption id=\"caption-attachment-8897\" class=\"wp-caption-text\"><strong>Jair Messias Bolsonaro em 7 de setembro de 2021<\/strong><\/figcaption><\/figure>\n<p><strong>\u00a0<\/strong><\/p>\n<p><strong><img loading=\"lazy\" decoding=\"async\" class=\"wp-image-12318 size-full aligncenter\" src=\"https:\/\/renatodias.online\/movimento\/wp-content\/uploads\/2022\/05\/Lancamento.png\" alt=\"\" width=\"283\" height=\"178\" \/><\/strong><\/p>\n<h1 style=\"text-align: center;\"><span style=\"color: #808080;\"><strong>Grito de alerta contra a regress\u00e3o civilizacional<\/strong><\/span><\/h1>\n<p><img loading=\"lazy\" decoding=\"async\" class=\"wp-image-11514 size-full aligncenter\" src=\"https:\/\/renatodias.online\/movimento\/wp-content\/uploads\/2022\/03\/A-boca-no-trombone-e1648423516928.jpg\" alt=\"\" width=\"360\" height=\"194\" \/><\/p>\n<h1 style=\"text-align: center;\"><strong><span style=\"color: #ff0000;\">Armas para destruir<\/span> <span style=\"color: #008000;\">as direitas<\/span><\/strong><\/h1>\n<p><strong>Renato Dias<\/strong><\/p>\n<p>Um guia para derrotar as novas direitas. Em ascens\u00e3o no mundo e no Brasil. Com uma plataforma n\u00e3o republicana, patrimonialista, sexista, mis\u00f3gina, homof\u00f3bica, racista, xen\u00f3foba. \u00c9 o que prop\u00f5e, apresenta e entrega o livro <strong>Como Derrotar o Fascismo [2022], Hedra, Veneta e Caxiri.\u00a0<\/strong><\/p>\n<figure id=\"attachment_12317\" aria-describedby=\"caption-attachment-12317\" style=\"width: 1024px\" class=\"wp-caption alignnone\"><img loading=\"lazy\" decoding=\"async\" class=\"wp-image-12317 size-full\" src=\"https:\/\/renatodias.online\/movimento\/wp-content\/uploads\/2022\/05\/Renato-Rovai.jpg\" alt=\"\" width=\"1024\" height=\"680\" srcset=\"https:\/\/renatodias.online\/movimento\/wp-content\/uploads\/2022\/05\/Renato-Rovai.jpg 1024w, https:\/\/renatodias.online\/movimento\/wp-content\/uploads\/2022\/05\/Renato-Rovai-300x199.jpg 300w, https:\/\/renatodias.online\/movimento\/wp-content\/uploads\/2022\/05\/Renato-Rovai-768x510.jpg 768w, https:\/\/renatodias.online\/movimento\/wp-content\/uploads\/2022\/05\/Renato-Rovai-360x240.jpg 360w, https:\/\/renatodias.online\/movimento\/wp-content\/uploads\/2022\/05\/Renato-Rovai-750x498.jpg 750w\" sizes=\"auto, (max-width: 1024px) 100vw, 1024px\" \/><figcaption id=\"caption-attachment-12317\" class=\"wp-caption-text\"><strong>Renato Rovai \u00e9 jornalista, professor, escritor e blogueiro de esquerda<\/strong><\/figcaption><\/figure>\n<blockquote>\n<h2><span style=\"color: #0000ff;\"><strong>Renato Rovai \u00e9 jornalista e professor. Sergio Amadeu, soci\u00f3logo e doutor em Ci\u00eancias Pol\u00edticas<\/strong><\/span><\/h2>\n<\/blockquote>\n<p>De autoria de Renato Rovai e S\u00e9rgio Amadeu, a obra, seminal, indispens\u00e1vel para a apreens\u00e3o do Tempo Presente. Era de distopias. <strong>Jair Bolsonaro<\/strong>, no Brasil. <strong>Viktor Orb\u00e1n<\/strong>, na Hungria. <strong>Andrej Duda<\/strong>, Pol\u00f4nia. <strong>Narendra Modi<\/strong>, \u00cdndia. Mais pr\u00f3ximos da barb\u00e1rie e distantes da civiliza\u00e7\u00e3o.<\/p>\n<figure id=\"attachment_11024\" aria-describedby=\"caption-attachment-11024\" style=\"width: 1080px\" class=\"wp-caption alignnone\"><img loading=\"lazy\" decoding=\"async\" class=\"wp-image-11024 size-full\" src=\"https:\/\/renatodias.online\/movimento\/wp-content\/uploads\/2022\/02\/Viktor-Orban.png\" alt=\"\" width=\"1080\" height=\"678\" srcset=\"https:\/\/renatodias.online\/movimento\/wp-content\/uploads\/2022\/02\/Viktor-Orban.png 1080w, https:\/\/renatodias.online\/movimento\/wp-content\/uploads\/2022\/02\/Viktor-Orban-300x188.png 300w, https:\/\/renatodias.online\/movimento\/wp-content\/uploads\/2022\/02\/Viktor-Orban-768x482.png 768w, https:\/\/renatodias.online\/movimento\/wp-content\/uploads\/2022\/02\/Viktor-Orban-750x471.png 750w\" sizes=\"auto, (max-width: 1080px) 100vw, 1080px\" \/><figcaption id=\"caption-attachment-11024\" class=\"wp-caption-text\"><strong>Viktor Orb\u00e1n, Hungria<\/strong><\/figcaption><\/figure>\n<blockquote>\n<h2><strong><span style=\"color: #0000ff;\">O lan\u00e7amento ocorre na pr\u00f3xima quarta-feira, 18 de maio, \u00e0s 18h30, em S\u00e3o Paulo, no Caxiri Chopp<\/span><br \/>\n<\/strong><\/h2>\n<\/blockquote>\n<p>O lan\u00e7amento ocorrer\u00e1 na quarta-feira, 18 de maio, 18h30, no Caxiri Chopp. Veja o endere\u00e7o:\u00a0 Galeria Metr\u00f3pole, \u00e0 Avenida S\u00e3o Paulo, n\u00famero 187, Piso 2, Sala 1, Centro, S\u00e3o Paulo. <strong>Renato Rovai<\/strong> \u00e9 jornalista, blogueiro e professor. <strong>Sergio Amadeu<\/strong> \u00e9 soci\u00f3logo e doutor em Ci\u00eancias Pol\u00edticas.<\/p>\n<figure id=\"attachment_12316\" aria-describedby=\"caption-attachment-12316\" style=\"width: 1280px\" class=\"wp-caption alignnone\"><img loading=\"lazy\" decoding=\"async\" class=\"wp-image-12316 size-full\" src=\"https:\/\/renatodias.online\/movimento\/wp-content\/uploads\/2022\/05\/Sergio-Amadeu.jpg\" alt=\"\" width=\"1280\" height=\"720\" srcset=\"https:\/\/renatodias.online\/movimento\/wp-content\/uploads\/2022\/05\/Sergio-Amadeu.jpg 1280w, https:\/\/renatodias.online\/movimento\/wp-content\/uploads\/2022\/05\/Sergio-Amadeu-300x169.jpg 300w, https:\/\/renatodias.online\/movimento\/wp-content\/uploads\/2022\/05\/Sergio-Amadeu-768x432.jpg 768w, https:\/\/renatodias.online\/movimento\/wp-content\/uploads\/2022\/05\/Sergio-Amadeu-750x422.jpg 750w\" sizes=\"auto, (max-width: 1280px) 100vw, 1280px\" \/><figcaption id=\"caption-attachment-12316\" class=\"wp-caption-text\"><strong>Sergio Amadeu, soci\u00f3logo e doutor em Ci\u00eancias Pol\u00edticas<\/strong><\/figcaption><\/figure>\n","protected":false},"excerpt":{"rendered":"<p>\u00a0 Grito de alerta contra a regress\u00e3o civilizacional Armas para destruir as direitas Renato Dias Um guia para derrotar as novas direitas. Em ascens\u00e3o no mundo e no Brasil. Com uma plataforma n\u00e3o republicana, patrimonialista, sexista, mis\u00f3gina, homof\u00f3bica, racista, xen\u00f3foba. \u00c9 o que prop\u00f5e, apresenta e entrega o livro Como Derrotar o Fascismo [2022], Hedra,<\/p>\n","protected":false},"author":2,"featured_media":12315,"comment_status":"open","ping_status":"open","sticky":false,"template":"","format":"standard","meta":{"_acf_changed":false,"_monsterinsights_skip_tracking":false,"_monsterinsights_sitenote_active":false,"_monsterinsights_sitenote_note":"","_monsterinsights_sitenote_category":0,"footnotes":""},"categories":[4],"tags":[],"class_list":["post-12314","post","type-post","status-publish","format-standard","has-post-thumbnail","hentry","category-politica"],"acf":[],"yoast_head":"<!-- This site is optimized with the Yoast SEO plugin v27.4 - https:\/\/yoast.com\/product\/yoast-seo-wordpress\/ -->\n<title>Caminhos para derrotar os fascismos -<\/title>\n<meta name=\"robots\" content=\"index, follow, max-snippet:-1, max-image-preview:large, max-video-preview:-1\" \/>\n<link rel=\"canonical\" href=\"https:\/\/renatodias.online\/movimento\/2022\/05\/15\/caminhos-para-derrotar-os-fascismos\/\" \/>\n<meta property=\"og:locale\" content=\"pt_BR\" \/>\n<meta property=\"og:type\" content=\"article\" \/>\n<meta property=\"og:title\" content=\"Caminhos para derrotar os fascismos -\" \/>\n<meta property=\"og:description\" content=\"\u00a0 Grito de alerta contra a regress\u00e3o civilizacional Armas para destruir as direitas Renato Dias Um guia para derrotar as novas direitas. Em ascens\u00e3o no mundo e no Brasil. Com uma plataforma n\u00e3o republicana, patrimonialista, sexista, mis\u00f3gina, homof\u00f3bica, racista, xen\u00f3foba. \u00c9 o que prop\u00f5e, apresenta e entrega o livro Como Derrotar o Fascismo [2022], Hedra,\" \/>\n<meta property=\"og:url\" content=\"https:\/\/renatodias.online\/movimento\/2022\/05\/15\/caminhos-para-derrotar-os-fascismos\/\" \/>\n<meta property=\"article:publisher\" content=\"https:\/\/www.facebook.com\/renato.dias.37\" \/>\n<meta property=\"article:author\" content=\"https:\/\/www.facebook.com\/renato.dias.37\" \/>\n<meta property=\"article:published_time\" content=\"2022-05-15T18:23:34+00:00\" \/>\n<meta property=\"og:image\" content=\"https:\/\/renatodias.online\/movimento\/wp-content\/uploads\/2022\/05\/Caminho-para-derrotar-o-fascismo-Card-e1652638444104.jpg\" \/>\n\t<meta property=\"og:image:width\" content=\"350\" \/>\n\t<meta property=\"og:image:height\" content=\"350\" \/>\n\t<meta property=\"og:image:type\" content=\"image\/jpeg\" \/>\n<meta name=\"author\" content=\"Renato Dias\" \/>\n<meta name=\"twitter:card\" content=\"summary_large_image\" \/>\n<meta name=\"twitter:creator\" content=\"@RenatoDiasBat\" \/>\n<meta name=\"twitter:site\" content=\"@RenatoDiasBat\" \/>\n<meta name=\"twitter:label1\" content=\"Escrito por\" \/>\n\t<meta name=\"twitter:data1\" content=\"Renato Dias\" \/>\n\t<meta name=\"twitter:label2\" content=\"Est. tempo de leitura\" \/>\n\t<meta name=\"twitter:data2\" content=\"1 minuto\" \/>\n<script type=\"application\/ld+json\" class=\"yoast-schema-graph\">{\"@context\":\"https:\\\/\\\/schema.org\",\"@graph\":[{\"@type\":\"Article\",\"@id\":\"https:\\\/\\\/renatodias.online\\\/movimento\\\/2022\\\/05\\\/15\\\/caminhos-para-derrotar-os-fascismos\\\/#article\",\"isPartOf\":{\"@id\":\"https:\\\/\\\/renatodias.online\\\/movimento\\\/2022\\\/05\\\/15\\\/caminhos-para-derrotar-os-fascismos\\\/\"},\"author\":{\"name\":\"Renato Dias\",\"@id\":\"https:\\\/\\\/renatodias.online\\\/movimento\\\/#\\\/schema\\\/person\\\/bbab28833b1725a20f4083f49f1fb2a9\"},\"headline\":\"Caminhos para derrotar os fascismos\",\"datePublished\":\"2022-05-15T18:23:34+00:00\",\"mainEntityOfPage\":{\"@id\":\"https:\\\/\\\/renatodias.online\\\/movimento\\\/2022\\\/05\\\/15\\\/caminhos-para-derrotar-os-fascismos\\\/\"},\"wordCount\":260,\"commentCount\":0,\"publisher\":{\"@id\":\"https:\\\/\\\/renatodias.online\\\/movimento\\\/#\\\/schema\\\/person\\\/bbab28833b1725a20f4083f49f1fb2a9\"},\"image\":{\"@id\":\"https:\\\/\\\/renatodias.online\\\/movimento\\\/2022\\\/05\\\/15\\\/caminhos-para-derrotar-os-fascismos\\\/#primaryimage\"},\"thumbnailUrl\":\"https:\\\/\\\/renatodias.online\\\/movimento\\\/wp-content\\\/uploads\\\/2022\\\/05\\\/Caminho-para-derrotar-o-fascismo-Card-e1652638444104.jpg\",\"articleSection\":[\"Pol\u00edtica\"],\"inLanguage\":\"pt-BR\",\"potentialAction\":[{\"@type\":\"CommentAction\",\"name\":\"Comment\",\"target\":[\"https:\\\/\\\/renatodias.online\\\/movimento\\\/2022\\\/05\\\/15\\\/caminhos-para-derrotar-os-fascismos\\\/#respond\"]}]},{\"@type\":\"WebPage\",\"@id\":\"https:\\\/\\\/renatodias.online\\\/movimento\\\/2022\\\/05\\\/15\\\/caminhos-para-derrotar-os-fascismos\\\/\",\"url\":\"https:\\\/\\\/renatodias.online\\\/movimento\\\/2022\\\/05\\\/15\\\/caminhos-para-derrotar-os-fascismos\\\/\",\"name\":\"Caminhos para derrotar os fascismos -\",\"isPartOf\":{\"@id\":\"https:\\\/\\\/renatodias.online\\\/movimento\\\/#website\"},\"primaryImageOfPage\":{\"@id\":\"https:\\\/\\\/renatodias.online\\\/movimento\\\/2022\\\/05\\\/15\\\/caminhos-para-derrotar-os-fascismos\\\/#primaryimage\"},\"image\":{\"@id\":\"https:\\\/\\\/renatodias.online\\\/movimento\\\/2022\\\/05\\\/15\\\/caminhos-para-derrotar-os-fascismos\\\/#primaryimage\"},\"thumbnailUrl\":\"https:\\\/\\\/renatodias.online\\\/movimento\\\/wp-content\\\/uploads\\\/2022\\\/05\\\/Caminho-para-derrotar-o-fascismo-Card-e1652638444104.jpg\",\"datePublished\":\"2022-05-15T18:23:34+00:00\",\"breadcrumb\":{\"@id\":\"https:\\\/\\\/renatodias.online\\\/movimento\\\/2022\\\/05\\\/15\\\/caminhos-para-derrotar-os-fascismos\\\/#breadcrumb\"},\"inLanguage\":\"pt-BR\",\"potentialAction\":[{\"@type\":\"ReadAction\",\"target\":[\"https:\\\/\\\/renatodias.online\\\/movimento\\\/2022\\\/05\\\/15\\\/caminhos-para-derrotar-os-fascismos\\\/\"]}]},{\"@type\":\"ImageObject\",\"inLanguage\":\"pt-BR\",\"@id\":\"https:\\\/\\\/renatodias.online\\\/movimento\\\/2022\\\/05\\\/15\\\/caminhos-para-derrotar-os-fascismos\\\/#primaryimage\",\"url\":\"https:\\\/\\\/renatodias.online\\\/movimento\\\/wp-content\\\/uploads\\\/2022\\\/05\\\/Caminho-para-derrotar-o-fascismo-Card-e1652638444104.jpg\",\"contentUrl\":\"https:\\\/\\\/renatodias.online\\\/movimento\\\/wp-content\\\/uploads\\\/2022\\\/05\\\/Caminho-para-derrotar-o-fascismo-Card-e1652638444104.jpg\",\"width\":350,\"height\":350},{\"@type\":\"BreadcrumbList\",\"@id\":\"https:\\\/\\\/renatodias.online\\\/movimento\\\/2022\\\/05\\\/15\\\/caminhos-para-derrotar-os-fascismos\\\/#breadcrumb\",\"itemListElement\":[{\"@type\":\"ListItem\",\"position\":1,\"name\":\"In\u00edcio\",\"item\":\"https:\\\/\\\/renatodias.online\\\/movimento\\\/\"},{\"@type\":\"ListItem\",\"position\":2,\"name\":\"Caminhos para derrotar os fascismos\"}]},{\"@type\":\"WebSite\",\"@id\":\"https:\\\/\\\/renatodias.online\\\/movimento\\\/#website\",\"url\":\"https:\\\/\\\/renatodias.online\\\/movimento\\\/\",\"name\":\"\",\"description\":\"\",\"publisher\":{\"@id\":\"https:\\\/\\\/renatodias.online\\\/movimento\\\/#\\\/schema\\\/person\\\/bbab28833b1725a20f4083f49f1fb2a9\"},\"potentialAction\":[{\"@type\":\"SearchAction\",\"target\":{\"@type\":\"EntryPoint\",\"urlTemplate\":\"https:\\\/\\\/renatodias.online\\\/movimento\\\/?s={search_term_string}\"},\"query-input\":{\"@type\":\"PropertyValueSpecification\",\"valueRequired\":true,\"valueName\":\"search_term_string\"}}],\"inLanguage\":\"pt-BR\"},{\"@type\":[\"Person\",\"Organization\"],\"@id\":\"https:\\\/\\\/renatodias.online\\\/movimento\\\/#\\\/schema\\\/person\\\/bbab28833b1725a20f4083f49f1fb2a9\",\"name\":\"Renato Dias\",\"image\":{\"@type\":\"ImageObject\",\"inLanguage\":\"pt-BR\",\"@id\":\"https:\\\/\\\/renatodias.online\\\/movimento\\\/wp-content\\\/uploads\\\/2023\\\/03\\\/cropped-cropped-cropped-logofinal.jpeg\",\"url\":\"https:\\\/\\\/renatodias.online\\\/movimento\\\/wp-content\\\/uploads\\\/2023\\\/03\\\/cropped-cropped-cropped-logofinal.jpeg\",\"contentUrl\":\"https:\\\/\\\/renatodias.online\\\/movimento\\\/wp-content\\\/uploads\\\/2023\\\/03\\\/cropped-cropped-cropped-logofinal.jpeg\",\"width\":1280,\"height\":219,\"caption\":\"Renato Dias\"},\"logo\":{\"@id\":\"https:\\\/\\\/renatodias.online\\\/movimento\\\/wp-content\\\/uploads\\\/2023\\\/03\\\/cropped-cropped-cropped-logofinal.jpeg\"},\"description\":\"Renato Dias, 58 anos, \u00e9 graduado em Jornalismo, formado em Ci\u00eancias Sociais, com p\u00f3s-gradua\u00e7\u00e3o em Pol\u00edticas P\u00fablicas, mestre em Direito e Rela\u00e7\u00f5es Internacionais, ex-aluno extraordin\u00e1rio do Doutorado em Psicologia Social, ex-estudante do Curso de Psican\u00e1lise do Centro de Estudos Psicanal\u00edticos do Estado de Goi\u00e1s, ministrado pelo m\u00e9dico psiquiatra e psicanalista Daniel Em\u00eddio de Souza. \u00c9 autor de 30 livros-reportagem, oito document\u00e1rios, ganhou 30 pr\u00eamios e \u00e9 torcedor apaixonado do maior do Centro-Oeste, o Vila Nova Futebol Clube. Casado com Meirilane Dias, \u00e9 pai de Juliana Dias, jornalista; Daniel Dias, economista; e Maria Rosa Dias, estudante antifascista, socialista e trotskista.\u00a0Com tr\u00eas pets: Porquinho [Bull Dog Franc\u00eas], Dalila [Basset Hound] e Geleia [Basset Hound]. Al\u00e9m do eterno gato Tutuquinho, que virou estrela.\",\"sameAs\":[\"https:\\\/\\\/www.facebook.com\\\/renato.dias.37\",\"#breve\",\"https:\\\/\\\/renatodias.tumblr.com\\\/\"],\"url\":\"https:\\\/\\\/renatodias.online\\\/movimento\\\/author\\\/renatodias\\\/\"}]}<\/script>\n<!-- \/ Yoast SEO plugin. -->","yoast_head_json":{"title":"Caminhos para derrotar os fascismos -","robots":{"index":"index","follow":"follow","max-snippet":"max-snippet:-1","max-image-preview":"max-image-preview:large","max-video-preview":"max-video-preview:-1"},"canonical":"https:\/\/renatodias.online\/movimento\/2022\/05\/15\/caminhos-para-derrotar-os-fascismos\/","og_locale":"pt_BR","og_type":"article","og_title":"Caminhos para derrotar os fascismos -","og_description":"\u00a0 Grito de alerta contra a regress\u00e3o civilizacional Armas para destruir as direitas Renato Dias Um guia para derrotar as novas direitas. Em ascens\u00e3o no mundo e no Brasil. Com uma plataforma n\u00e3o republicana, patrimonialista, sexista, mis\u00f3gina, homof\u00f3bica, racista, xen\u00f3foba. \u00c9 o que prop\u00f5e, apresenta e entrega o livro Como Derrotar o Fascismo [2022], Hedra,","og_url":"https:\/\/renatodias.online\/movimento\/2022\/05\/15\/caminhos-para-derrotar-os-fascismos\/","article_publisher":"https:\/\/www.facebook.com\/renato.dias.37","article_author":"https:\/\/www.facebook.com\/renato.dias.37","article_published_time":"2022-05-15T18:23:34+00:00","og_image":[{"width":350,"height":350,"url":"https:\/\/renatodias.online\/movimento\/wp-content\/uploads\/2022\/05\/Caminho-para-derrotar-o-fascismo-Card-e1652638444104.jpg","type":"image\/jpeg"}],"author":"Renato Dias","twitter_card":"summary_large_image","twitter_creator":"@RenatoDiasBat","twitter_site":"@RenatoDiasBat","twitter_misc":{"Escrito por":"Renato Dias","Est. tempo de leitura":"1 minuto"},"schema":{"@context":"https:\/\/schema.org","@graph":[{"@type":"Article","@id":"https:\/\/renatodias.online\/movimento\/2022\/05\/15\/caminhos-para-derrotar-os-fascismos\/#article","isPartOf":{"@id":"https:\/\/renatodias.online\/movimento\/2022\/05\/15\/caminhos-para-derrotar-os-fascismos\/"},"author":{"name":"Renato Dias","@id":"https:\/\/renatodias.online\/movimento\/#\/schema\/person\/bbab28833b1725a20f4083f49f1fb2a9"},"headline":"Caminhos para derrotar os fascismos","datePublished":"2022-05-15T18:23:34+00:00","mainEntityOfPage":{"@id":"https:\/\/renatodias.online\/movimento\/2022\/05\/15\/caminhos-para-derrotar-os-fascismos\/"},"wordCount":260,"commentCount":0,"publisher":{"@id":"https:\/\/renatodias.online\/movimento\/#\/schema\/person\/bbab28833b1725a20f4083f49f1fb2a9"},"image":{"@id":"https:\/\/renatodias.online\/movimento\/2022\/05\/15\/caminhos-para-derrotar-os-fascismos\/#primaryimage"},"thumbnailUrl":"https:\/\/renatodias.online\/movimento\/wp-content\/uploads\/2022\/05\/Caminho-para-derrotar-o-fascismo-Card-e1652638444104.jpg","articleSection":["Pol\u00edtica"],"inLanguage":"pt-BR","potentialAction":[{"@type":"CommentAction","name":"Comment","target":["https:\/\/renatodias.online\/movimento\/2022\/05\/15\/caminhos-para-derrotar-os-fascismos\/#respond"]}]},{"@type":"WebPage","@id":"https:\/\/renatodias.online\/movimento\/2022\/05\/15\/caminhos-para-derrotar-os-fascismos\/","url":"https:\/\/renatodias.online\/movimento\/2022\/05\/15\/caminhos-para-derrotar-os-fascismos\/","name":"Caminhos para derrotar os fascismos -","isPartOf":{"@id":"https:\/\/renatodias.online\/movimento\/#website"},"primaryImageOfPage":{"@id":"https:\/\/renatodias.online\/movimento\/2022\/05\/15\/caminhos-para-derrotar-os-fascismos\/#primaryimage"},"image":{"@id":"https:\/\/renatodias.online\/movimento\/2022\/05\/15\/caminhos-para-derrotar-os-fascismos\/#primaryimage"},"thumbnailUrl":"https:\/\/renatodias.online\/movimento\/wp-content\/uploads\/2022\/05\/Caminho-para-derrotar-o-fascismo-Card-e1652638444104.jpg","datePublished":"2022-05-15T18:23:34+00:00","breadcrumb":{"@id":"https:\/\/renatodias.online\/movimento\/2022\/05\/15\/caminhos-para-derrotar-os-fascismos\/#breadcrumb"},"inLanguage":"pt-BR","potentialAction":[{"@type":"ReadAction","target":["https:\/\/renatodias.online\/movimento\/2022\/05\/15\/caminhos-para-derrotar-os-fascismos\/"]}]},{"@type":"ImageObject","inLanguage":"pt-BR","@id":"https:\/\/renatodias.online\/movimento\/2022\/05\/15\/caminhos-para-derrotar-os-fascismos\/#primaryimage","url":"https:\/\/renatodias.online\/movimento\/wp-content\/uploads\/2022\/05\/Caminho-para-derrotar-o-fascismo-Card-e1652638444104.jpg","contentUrl":"https:\/\/renatodias.online\/movimento\/wp-content\/uploads\/2022\/05\/Caminho-para-derrotar-o-fascismo-Card-e1652638444104.jpg","width":350,"height":350},{"@type":"BreadcrumbList","@id":"https:\/\/renatodias.online\/movimento\/2022\/05\/15\/caminhos-para-derrotar-os-fascismos\/#breadcrumb","itemListElement":[{"@type":"ListItem","position":1,"name":"In\u00edcio","item":"https:\/\/renatodias.online\/movimento\/"},{"@type":"ListItem","position":2,"name":"Caminhos para derrotar os fascismos"}]},{"@type":"WebSite","@id":"https:\/\/renatodias.online\/movimento\/#website","url":"https:\/\/renatodias.online\/movimento\/","name":"","description":"","publisher":{"@id":"https:\/\/renatodias.online\/movimento\/#\/schema\/person\/bbab28833b1725a20f4083f49f1fb2a9"},"potentialAction":[{"@type":"SearchAction","target":{"@type":"EntryPoint","urlTemplate":"https:\/\/renatodias.online\/movimento\/?s={search_term_string}"},"query-input":{"@type":"PropertyValueSpecification","valueRequired":true,"valueName":"search_term_string"}}],"inLanguage":"pt-BR"},{"@type":["Person","Organization"],"@id":"https:\/\/renatodias.online\/movimento\/#\/schema\/person\/bbab28833b1725a20f4083f49f1fb2a9","name":"Renato Dias","image":{"@type":"ImageObject","inLanguage":"pt-BR","@id":"https:\/\/renatodias.online\/movimento\/wp-content\/uploads\/2023\/03\/cropped-cropped-cropped-logofinal.jpeg","url":"https:\/\/renatodias.online\/movimento\/wp-content\/uploads\/2023\/03\/cropped-cropped-cropped-logofinal.jpeg","contentUrl":"https:\/\/renatodias.online\/movimento\/wp-content\/uploads\/2023\/03\/cropped-cropped-cropped-logofinal.jpeg","width":1280,"height":219,"caption":"Renato Dias"},"logo":{"@id":"https:\/\/renatodias.online\/movimento\/wp-content\/uploads\/2023\/03\/cropped-cropped-cropped-logofinal.jpeg"},"description":"Renato Dias, 58 anos, \u00e9 graduado em Jornalismo, formado em Ci\u00eancias Sociais, com p\u00f3s-gradua\u00e7\u00e3o em Pol\u00edticas P\u00fablicas, mestre em Direito e Rela\u00e7\u00f5es Internacionais, ex-aluno extraordin\u00e1rio do Doutorado em Psicologia Social, ex-estudante do Curso de Psican\u00e1lise do Centro de Estudos Psicanal\u00edticos do Estado de Goi\u00e1s, ministrado pelo m\u00e9dico psiquiatra e psicanalista Daniel Em\u00eddio de Souza. \u00c9 autor de 30 livros-reportagem, oito document\u00e1rios, ganhou 30 pr\u00eamios e \u00e9 torcedor apaixonado do maior do Centro-Oeste, o Vila Nova Futebol Clube. Casado com Meirilane Dias, \u00e9 pai de Juliana Dias, jornalista; Daniel Dias, economista; e Maria Rosa Dias, estudante antifascista, socialista e trotskista.\u00a0Com tr\u00eas pets: Porquinho [Bull Dog Franc\u00eas], Dalila [Basset Hound] e Geleia [Basset Hound]. Al\u00e9m do eterno gato Tutuquinho, que virou estrela.","sameAs":["https:\/\/www.facebook.com\/renato.dias.37","#breve","https:\/\/renatodias.tumblr.com\/"],"url":"https:\/\/renatodias.online\/movimento\/author\/renatodias\/"}]}},"_links":{"self":[{"href":"https:\/\/renatodias.online\/movimento\/wp-json\/wp\/v2\/posts\/12314","targetHints":{"allow":["GET"]}}],"collection":[{"href":"https:\/\/renatodias.online\/movimento\/wp-json\/wp\/v2\/posts"}],"about":[{"href":"https:\/\/renatodias.online\/movimento\/wp-json\/wp\/v2\/types\/post"}],"author":[{"embeddable":true,"href":"https:\/\/renatodias.online\/movimento\/wp-json\/wp\/v2\/users\/2"}],"replies":[{"embeddable":true,"href":"https:\/\/renatodias.online\/movimento\/wp-json\/wp\/v2\/comments?post=12314"}],"version-history":[{"count":1,"href":"https:\/\/renatodias.online\/movimento\/wp-json\/wp\/v2\/posts\/12314\/revisions"}],"predecessor-version":[{"id":12319,"href":"https:\/\/renatodias.online\/movimento\/wp-json\/wp\/v2\/posts\/12314\/revisions\/12319"}],"wp:featuredmedia":[{"embeddable":true,"href":"https:\/\/renatodias.online\/movimento\/wp-json\/wp\/v2\/media\/12315"}],"wp:attachment":[{"href":"https:\/\/renatodias.online\/movimento\/wp-json\/wp\/v2\/media?parent=12314"}],"wp:term":[{"taxonomy":"category","embeddable":true,"href":"https:\/\/renatodias.online\/movimento\/wp-json\/wp\/v2\/categories?post=12314"},{"taxonomy":"post_tag","embeddable":true,"href":"https:\/\/renatodias.online\/movimento\/wp-json\/wp\/v2\/tags?post=12314"}],"curies":[{"name":"wp","href":"https:\/\/api.w.org\/{rel}","templated":true}]}}