{"id":12197,"date":"2022-05-04T21:02:46","date_gmt":"2022-05-05T00:02:46","guid":{"rendered":"https:\/\/renatodias.online\/movimento\/?p=12197"},"modified":"2022-05-04T21:02:46","modified_gmt":"2022-05-05T00:02:46","slug":"camara-aprova-pacote-de-bondades","status":"publish","type":"post","link":"https:\/\/renatodias.online\/movimento\/2022\/05\/04\/camara-aprova-pacote-de-bondades\/","title":{"rendered":"C\u00e2mara aprova pacote de bondades"},"content":{"rendered":"<p><img loading=\"lazy\" decoding=\"async\" class=\"size-medium wp-image-11948 aligncenter\" src=\"https:\/\/renatodias.online\/movimento\/wp-content\/uploads\/2022\/04\/Selo-especial-285x300.jpg\" alt=\"\" width=\"285\" height=\"300\" \/><\/p>\n<h1 style=\"text-align: center;\"><span style=\"color: #808080;\">C\u00e2mara aprova pacote de bondades<\/span><\/h1>\n<figure id=\"attachment_12198\" aria-describedby=\"caption-attachment-12198\" style=\"width: 1280px\" class=\"wp-caption alignnone\"><img loading=\"lazy\" decoding=\"async\" class=\"wp-image-12198 size-full\" src=\"https:\/\/renatodias.online\/movimento\/wp-content\/uploads\/2022\/05\/Plenario-da-Camara-Municipal-de-Goiania.jpg\" alt=\"\" width=\"1280\" height=\"853\" \/><figcaption id=\"caption-attachment-12198\" class=\"wp-caption-text\"><strong>Plen\u00e1rio da C\u00e2mara Municipal de Goi\u00e2nia<\/strong><\/figcaption><\/figure>\n<h2 style=\"text-align: center;\"><span style=\"color: #800000;\">Medidas contemplam reivindica\u00e7\u00f5es dos servidores<\/span><\/h2>\n<h2 style=\"text-align: center;\"><span style=\"color: #808000;\">Altera\u00e7\u00f5es em carreiras e remunera\u00e7\u00f5es de agentes comunit\u00e1rios de sa\u00fade e de combate \u00e0s endemias e procuradores do munic\u00edpio<\/span><\/h2>\n<p><strong>Da Reda\u00e7\u00e3o<\/strong><\/p>\n<p>O plen\u00e1rio da C\u00e2mara de Goi\u00e2nia aprovou na sess\u00e3o plen\u00e1ria da \u00faltima ter\u00e7a-feira os projetos de lei complementar de autoria do Poder Executivo que beneficiam servidores municipais de diversas carreiras, entre eles procuradores, agentes comunit\u00e1rios de sa\u00fade e de combate \u00e0s endemias. O presidente da C\u00e2mara de Goi\u00e2nia, Rom\u00e1rio Policarpo (Patriota), enviar\u00e1 as mat\u00e9rias para a san\u00e7\u00e3o do prefeito da capital, Rog\u00e9rio Cruz (Republicanos) nos pr\u00f3ximos dias.<\/p>\n<blockquote>\n<h2><span style=\"color: #0000ff;\">Procuradores, agentes comunit\u00e1rios de sa\u00fade e de combate \u00e0s endemias foram contemplados<\/span><\/h2>\n<\/blockquote>\n<p>Procuradores, agentes comunit\u00e1rios de sa\u00fade e de combate \u00e0s endemias foram contemplados por meio dos Projetos de Lei Complementar 03\/2022 e 05\/2022. O Estatuto dos Servidores Municipais passou por altera\u00e7\u00f5es em gratifica\u00e7\u00f5es e adicionais. Assim como foi atualizada ainda a nomenclatura dos incentivos e criados valores diferenciados na lei complementar que trata da organiza\u00e7\u00e3o administrativa e do plano de carreira dos procuradores do munic\u00edpio.<\/p>\n<blockquote>\n<h2><span style=\"color: #0000ff;\"> Um incentivo de produtividade e qualidade no desempenho das fun\u00e7\u00f5es<\/span><\/h2>\n<\/blockquote>\n<p>Pelo projeto, foi criado um incentivo de produtividade e qualidade no desempenho das fun\u00e7\u00f5es, condicionado ao cumprimento de jornada de 40 horas semanais, valor que vai variar de uma a 200 UPVs (Unidade Padr\u00e3o de Vencimento), ou seja, de R$ 15 a R$ 3 mil. Para os procuradores, o incentivo vai de 100 a 400 UPVs, variando de R$ 1.500 a R$ 6 mil.<\/p>\n<blockquote>\n<h2><span style=\"color: #0000ff;\"><strong>Para receber a gratifica\u00e7\u00e3o, ser\u00e1 necess\u00e1rio atingir metas de desempenho<\/strong><\/span><\/h2>\n<\/blockquote>\n<p>Para receber a gratifica\u00e7\u00e3o, ser\u00e1 necess\u00e1rio atingir metas de desempenho, participar de grupos de trabalho, conselhos ou comiss\u00f5es, ap\u00f3s nomea\u00e7\u00e3o pelo prefeito e com comprova\u00e7\u00e3o de frequ\u00eancia registrada em ata. Tamb\u00e9m ser\u00e1 beneficiado o servidor que integrar a Comiss\u00e3o Geral de Licita\u00e7\u00e3o, Comiss\u00e3o da Secretaria de Finan\u00e7as ou \u00f3rg\u00e3o colegiado de julgamento de processos contenciosos, al\u00e9m de quem atua nas centrais de atendimento ao p\u00fablico do munic\u00edpio.<\/p>\n<blockquote>\n<h2><span style=\"color: #0000ff;\"><strong>Gratifica\u00e7\u00e3o para instrutor em atividades de desenvolvimento<\/strong><\/span><\/h2>\n<\/blockquote>\n<p>Tamb\u00e9m foi institu\u00edda gratifica\u00e7\u00e3o para instrutor em atividades de desenvolvimento de servidores p\u00fablicos, no valor de R$ 40 (2,7 UPVs) por hora-aula. O valor vai para R$ 50 para atividades fora do hor\u00e1rio convencional de trabalho. Membros de comiss\u00f5es, grupos de trabalho ou conselhos nomeados pelo prefeito ter\u00e3o direito a gratifica\u00e7\u00e3o de acordo com a quantidade de horas trabalhadas.<\/p>\n<blockquote>\n<h2><span style=\"color: #0000ff;\"><strong>Escalonamento dos vencimentos a partir de 1\u00ba de maio de 2022<\/strong><\/span><\/h2>\n<\/blockquote>\n<p>Outro projeto aprovado prop\u00f5e a altera\u00e7\u00e3o da remunera\u00e7\u00e3o e reestrutura\u00e7\u00e3o da carreira dos servidores que ocupam cargo de Agente Comunit\u00e1rio de Sa\u00fade (ACS) e de Agente de Combate \u00e0s Endemias (ACE). O plano discorre sobre a evolu\u00e7\u00e3o na carreira a cada tr\u00eas anos, com escalonamento dos vencimentos, que, a partir de 1\u00ba de maio de 2022, v\u00e3o de R$ 1.707,48 (Classe I) a 2.227,87 (Classe X).<\/p>\n<blockquote>\n<h2><span style=\"color: #0000ff;\"><strong>Adicional por produtividade em campo, paga ao servidor de forma vari\u00e1vel<\/strong><\/span><\/h2>\n<\/blockquote>\n<p>A mat\u00e9ria estabelece ainda adicional por produtividade em campo, paga ao servidor de forma vari\u00e1vel at\u00e9 R$ 300,00; adicional por insalubridade, e vale-alimenta\u00e7\u00e3o de R$ 400,00. Em rela\u00e7\u00e3o \u00e0 remunera\u00e7\u00e3o dos conselheiros tutelares, projeto estabelece o valor de R$ 6.110,71 mensais a partir de maio de 2022. As altera\u00e7\u00f5es propostas pelo Executivo buscam adequar o Estatuto dos servidores Municipais \u00e0 Constitui\u00e7\u00e3o Federal e dependem, agora, de san\u00e7\u00e3o do prefeito de Goi\u00e2nia, Rog\u00e9rio Cruz.<\/p>\n<blockquote>\n<h2><span style=\"color: #0000ff;\"><strong>Adicional por insalubridade e vale-alimenta\u00e7\u00e3o de R$ 400,00<\/strong><\/span><\/h2>\n<\/blockquote>\n<p>&nbsp;<\/p>\n","protected":false},"excerpt":{"rendered":"<p>C\u00e2mara aprova pacote de bondades Medidas contemplam reivindica\u00e7\u00f5es dos servidores Altera\u00e7\u00f5es em carreiras e remunera\u00e7\u00f5es de agentes comunit\u00e1rios de sa\u00fade e de combate \u00e0s endemias e procuradores do munic\u00edpio Da Reda\u00e7\u00e3o O plen\u00e1rio da C\u00e2mara de Goi\u00e2nia aprovou na sess\u00e3o plen\u00e1ria da \u00faltima ter\u00e7a-feira os projetos de lei complementar de autoria do Poder Executivo que<\/p>\n","protected":false},"author":2,"featured_media":12199,"comment_status":"open","ping_status":"open","sticky":false,"template":"","format":"standard","meta":{"_acf_changed":false,"_monsterinsights_skip_tracking":false,"_monsterinsights_sitenote_active":false,"_monsterinsights_sitenote_note":"","_monsterinsights_sitenote_category":0,"footnotes":""},"categories":[9],"tags":[],"class_list":["post-12197","post","type-post","status-publish","format-standard","has-post-thumbnail","hentry","category-cidade"],"acf":[],"yoast_head":"<!-- This site is optimized with the Yoast SEO plugin v27.4 - https:\/\/yoast.com\/product\/yoast-seo-wordpress\/ -->\n<title>C\u00e2mara aprova pacote de bondades -<\/title>\n<meta name=\"robots\" content=\"index, follow, max-snippet:-1, max-image-preview:large, max-video-preview:-1\" \/>\n<link rel=\"canonical\" href=\"https:\/\/renatodias.online\/movimento\/2022\/05\/04\/camara-aprova-pacote-de-bondades\/\" \/>\n<meta property=\"og:locale\" content=\"pt_BR\" \/>\n<meta property=\"og:type\" content=\"article\" \/>\n<meta property=\"og:title\" content=\"C\u00e2mara aprova pacote de bondades -\" \/>\n<meta property=\"og:description\" content=\"C\u00e2mara aprova pacote de bondades Medidas contemplam reivindica\u00e7\u00f5es dos servidores Altera\u00e7\u00f5es em carreiras e remunera\u00e7\u00f5es de agentes comunit\u00e1rios de sa\u00fade e de combate \u00e0s endemias e procuradores do munic\u00edpio Da Reda\u00e7\u00e3o O plen\u00e1rio da C\u00e2mara de Goi\u00e2nia aprovou na sess\u00e3o plen\u00e1ria da \u00faltima ter\u00e7a-feira os projetos de lei complementar de autoria do Poder Executivo que\" \/>\n<meta property=\"og:url\" content=\"https:\/\/renatodias.online\/movimento\/2022\/05\/04\/camara-aprova-pacote-de-bondades\/\" \/>\n<meta property=\"article:publisher\" content=\"https:\/\/www.facebook.com\/renato.dias.37\" \/>\n<meta property=\"article:author\" content=\"https:\/\/www.facebook.com\/renato.dias.37\" \/>\n<meta property=\"article:published_time\" content=\"2022-05-05T00:02:46+00:00\" \/>\n<meta property=\"og:image\" content=\"https:\/\/renatodias.online\/movimento\/wp-content\/uploads\/2022\/05\/Romario-Policarpo.jpg\" \/>\n\t<meta property=\"og:image:width\" content=\"400\" \/>\n\t<meta property=\"og:image:height\" content=\"400\" \/>\n\t<meta property=\"og:image:type\" content=\"image\/jpeg\" \/>\n<meta name=\"author\" content=\"Renato Dias\" \/>\n<meta name=\"twitter:card\" content=\"summary_large_image\" \/>\n<meta name=\"twitter:creator\" content=\"@RenatoDiasBat\" \/>\n<meta name=\"twitter:site\" content=\"@RenatoDiasBat\" \/>\n<meta name=\"twitter:label1\" content=\"Escrito por\" \/>\n\t<meta name=\"twitter:data1\" content=\"Renato Dias\" \/>\n\t<meta name=\"twitter:label2\" content=\"Est. tempo de leitura\" \/>\n\t<meta name=\"twitter:data2\" content=\"3 minutos\" \/>\n<script type=\"application\/ld+json\" class=\"yoast-schema-graph\">{\"@context\":\"https:\\\/\\\/schema.org\",\"@graph\":[{\"@type\":\"Article\",\"@id\":\"https:\\\/\\\/renatodias.online\\\/movimento\\\/2022\\\/05\\\/04\\\/camara-aprova-pacote-de-bondades\\\/#article\",\"isPartOf\":{\"@id\":\"https:\\\/\\\/renatodias.online\\\/movimento\\\/2022\\\/05\\\/04\\\/camara-aprova-pacote-de-bondades\\\/\"},\"author\":{\"name\":\"Renato Dias\",\"@id\":\"https:\\\/\\\/renatodias.online\\\/movimento\\\/#\\\/schema\\\/person\\\/bbab28833b1725a20f4083f49f1fb2a9\"},\"headline\":\"C\u00e2mara aprova pacote de bondades\",\"datePublished\":\"2022-05-05T00:02:46+00:00\",\"mainEntityOfPage\":{\"@id\":\"https:\\\/\\\/renatodias.online\\\/movimento\\\/2022\\\/05\\\/04\\\/camara-aprova-pacote-de-bondades\\\/\"},\"wordCount\":639,\"commentCount\":0,\"publisher\":{\"@id\":\"https:\\\/\\\/renatodias.online\\\/movimento\\\/#\\\/schema\\\/person\\\/bbab28833b1725a20f4083f49f1fb2a9\"},\"image\":{\"@id\":\"https:\\\/\\\/renatodias.online\\\/movimento\\\/2022\\\/05\\\/04\\\/camara-aprova-pacote-de-bondades\\\/#primaryimage\"},\"thumbnailUrl\":\"https:\\\/\\\/renatodias.online\\\/movimento\\\/wp-content\\\/uploads\\\/2022\\\/05\\\/Romario-Policarpo.jpg\",\"articleSection\":[\"Cidade\"],\"inLanguage\":\"pt-BR\",\"potentialAction\":[{\"@type\":\"CommentAction\",\"name\":\"Comment\",\"target\":[\"https:\\\/\\\/renatodias.online\\\/movimento\\\/2022\\\/05\\\/04\\\/camara-aprova-pacote-de-bondades\\\/#respond\"]}]},{\"@type\":\"WebPage\",\"@id\":\"https:\\\/\\\/renatodias.online\\\/movimento\\\/2022\\\/05\\\/04\\\/camara-aprova-pacote-de-bondades\\\/\",\"url\":\"https:\\\/\\\/renatodias.online\\\/movimento\\\/2022\\\/05\\\/04\\\/camara-aprova-pacote-de-bondades\\\/\",\"name\":\"C\u00e2mara aprova pacote de bondades -\",\"isPartOf\":{\"@id\":\"https:\\\/\\\/renatodias.online\\\/movimento\\\/#website\"},\"primaryImageOfPage\":{\"@id\":\"https:\\\/\\\/renatodias.online\\\/movimento\\\/2022\\\/05\\\/04\\\/camara-aprova-pacote-de-bondades\\\/#primaryimage\"},\"image\":{\"@id\":\"https:\\\/\\\/renatodias.online\\\/movimento\\\/2022\\\/05\\\/04\\\/camara-aprova-pacote-de-bondades\\\/#primaryimage\"},\"thumbnailUrl\":\"https:\\\/\\\/renatodias.online\\\/movimento\\\/wp-content\\\/uploads\\\/2022\\\/05\\\/Romario-Policarpo.jpg\",\"datePublished\":\"2022-05-05T00:02:46+00:00\",\"breadcrumb\":{\"@id\":\"https:\\\/\\\/renatodias.online\\\/movimento\\\/2022\\\/05\\\/04\\\/camara-aprova-pacote-de-bondades\\\/#breadcrumb\"},\"inLanguage\":\"pt-BR\",\"potentialAction\":[{\"@type\":\"ReadAction\",\"target\":[\"https:\\\/\\\/renatodias.online\\\/movimento\\\/2022\\\/05\\\/04\\\/camara-aprova-pacote-de-bondades\\\/\"]}]},{\"@type\":\"ImageObject\",\"inLanguage\":\"pt-BR\",\"@id\":\"https:\\\/\\\/renatodias.online\\\/movimento\\\/2022\\\/05\\\/04\\\/camara-aprova-pacote-de-bondades\\\/#primaryimage\",\"url\":\"https:\\\/\\\/renatodias.online\\\/movimento\\\/wp-content\\\/uploads\\\/2022\\\/05\\\/Romario-Policarpo.jpg\",\"contentUrl\":\"https:\\\/\\\/renatodias.online\\\/movimento\\\/wp-content\\\/uploads\\\/2022\\\/05\\\/Romario-Policarpo.jpg\",\"width\":400,\"height\":400,\"caption\":\"O presidente da C\u00e2mara Municipal de Goi\u00e2nia, Rom\u00e1rio Policarpo\"},{\"@type\":\"BreadcrumbList\",\"@id\":\"https:\\\/\\\/renatodias.online\\\/movimento\\\/2022\\\/05\\\/04\\\/camara-aprova-pacote-de-bondades\\\/#breadcrumb\",\"itemListElement\":[{\"@type\":\"ListItem\",\"position\":1,\"name\":\"In\u00edcio\",\"item\":\"https:\\\/\\\/renatodias.online\\\/movimento\\\/\"},{\"@type\":\"ListItem\",\"position\":2,\"name\":\"C\u00e2mara aprova pacote de bondades\"}]},{\"@type\":\"WebSite\",\"@id\":\"https:\\\/\\\/renatodias.online\\\/movimento\\\/#website\",\"url\":\"https:\\\/\\\/renatodias.online\\\/movimento\\\/\",\"name\":\"\",\"description\":\"\",\"publisher\":{\"@id\":\"https:\\\/\\\/renatodias.online\\\/movimento\\\/#\\\/schema\\\/person\\\/bbab28833b1725a20f4083f49f1fb2a9\"},\"potentialAction\":[{\"@type\":\"SearchAction\",\"target\":{\"@type\":\"EntryPoint\",\"urlTemplate\":\"https:\\\/\\\/renatodias.online\\\/movimento\\\/?s={search_term_string}\"},\"query-input\":{\"@type\":\"PropertyValueSpecification\",\"valueRequired\":true,\"valueName\":\"search_term_string\"}}],\"inLanguage\":\"pt-BR\"},{\"@type\":[\"Person\",\"Organization\"],\"@id\":\"https:\\\/\\\/renatodias.online\\\/movimento\\\/#\\\/schema\\\/person\\\/bbab28833b1725a20f4083f49f1fb2a9\",\"name\":\"Renato Dias\",\"image\":{\"@type\":\"ImageObject\",\"inLanguage\":\"pt-BR\",\"@id\":\"https:\\\/\\\/renatodias.online\\\/movimento\\\/wp-content\\\/uploads\\\/2023\\\/03\\\/cropped-cropped-cropped-logofinal.jpeg\",\"url\":\"https:\\\/\\\/renatodias.online\\\/movimento\\\/wp-content\\\/uploads\\\/2023\\\/03\\\/cropped-cropped-cropped-logofinal.jpeg\",\"contentUrl\":\"https:\\\/\\\/renatodias.online\\\/movimento\\\/wp-content\\\/uploads\\\/2023\\\/03\\\/cropped-cropped-cropped-logofinal.jpeg\",\"width\":1280,\"height\":219,\"caption\":\"Renato Dias\"},\"logo\":{\"@id\":\"https:\\\/\\\/renatodias.online\\\/movimento\\\/wp-content\\\/uploads\\\/2023\\\/03\\\/cropped-cropped-cropped-logofinal.jpeg\"},\"description\":\"Renato Dias, 58 anos, \u00e9 graduado em Jornalismo, formado em Ci\u00eancias Sociais, com p\u00f3s-gradua\u00e7\u00e3o em Pol\u00edticas P\u00fablicas, mestre em Direito e Rela\u00e7\u00f5es Internacionais, ex-aluno extraordin\u00e1rio do Doutorado em Psicologia Social, ex-estudante do Curso de Psican\u00e1lise do Centro de Estudos Psicanal\u00edticos do Estado de Goi\u00e1s, ministrado pelo m\u00e9dico psiquiatra e psicanalista Daniel Em\u00eddio de Souza. \u00c9 autor de 30 livros-reportagem, oito document\u00e1rios, ganhou 30 pr\u00eamios e \u00e9 torcedor apaixonado do maior do Centro-Oeste, o Vila Nova Futebol Clube. Casado com Meirilane Dias, \u00e9 pai de Juliana Dias, jornalista; Daniel Dias, economista; e Maria Rosa Dias, estudante antifascista, socialista e trotskista.\u00a0Com tr\u00eas pets: Porquinho [Bull Dog Franc\u00eas], Dalila [Basset Hound] e Geleia [Basset Hound]. Al\u00e9m do eterno gato Tutuquinho, que virou estrela.\",\"sameAs\":[\"https:\\\/\\\/www.facebook.com\\\/renato.dias.37\",\"#breve\",\"https:\\\/\\\/renatodias.tumblr.com\\\/\"],\"url\":\"https:\\\/\\\/renatodias.online\\\/movimento\\\/author\\\/renatodias\\\/\"}]}<\/script>\n<!-- \/ Yoast SEO plugin. -->","yoast_head_json":{"title":"C\u00e2mara aprova pacote de bondades -","robots":{"index":"index","follow":"follow","max-snippet":"max-snippet:-1","max-image-preview":"max-image-preview:large","max-video-preview":"max-video-preview:-1"},"canonical":"https:\/\/renatodias.online\/movimento\/2022\/05\/04\/camara-aprova-pacote-de-bondades\/","og_locale":"pt_BR","og_type":"article","og_title":"C\u00e2mara aprova pacote de bondades -","og_description":"C\u00e2mara aprova pacote de bondades Medidas contemplam reivindica\u00e7\u00f5es dos servidores Altera\u00e7\u00f5es em carreiras e remunera\u00e7\u00f5es de agentes comunit\u00e1rios de sa\u00fade e de combate \u00e0s endemias e procuradores do munic\u00edpio Da Reda\u00e7\u00e3o O plen\u00e1rio da C\u00e2mara de Goi\u00e2nia aprovou na sess\u00e3o plen\u00e1ria da \u00faltima ter\u00e7a-feira os projetos de lei complementar de autoria do Poder Executivo que","og_url":"https:\/\/renatodias.online\/movimento\/2022\/05\/04\/camara-aprova-pacote-de-bondades\/","article_publisher":"https:\/\/www.facebook.com\/renato.dias.37","article_author":"https:\/\/www.facebook.com\/renato.dias.37","article_published_time":"2022-05-05T00:02:46+00:00","og_image":[{"width":400,"height":400,"url":"https:\/\/renatodias.online\/movimento\/wp-content\/uploads\/2022\/05\/Romario-Policarpo.jpg","type":"image\/jpeg"}],"author":"Renato Dias","twitter_card":"summary_large_image","twitter_creator":"@RenatoDiasBat","twitter_site":"@RenatoDiasBat","twitter_misc":{"Escrito por":"Renato Dias","Est. tempo de leitura":"3 minutos"},"schema":{"@context":"https:\/\/schema.org","@graph":[{"@type":"Article","@id":"https:\/\/renatodias.online\/movimento\/2022\/05\/04\/camara-aprova-pacote-de-bondades\/#article","isPartOf":{"@id":"https:\/\/renatodias.online\/movimento\/2022\/05\/04\/camara-aprova-pacote-de-bondades\/"},"author":{"name":"Renato Dias","@id":"https:\/\/renatodias.online\/movimento\/#\/schema\/person\/bbab28833b1725a20f4083f49f1fb2a9"},"headline":"C\u00e2mara aprova pacote de bondades","datePublished":"2022-05-05T00:02:46+00:00","mainEntityOfPage":{"@id":"https:\/\/renatodias.online\/movimento\/2022\/05\/04\/camara-aprova-pacote-de-bondades\/"},"wordCount":639,"commentCount":0,"publisher":{"@id":"https:\/\/renatodias.online\/movimento\/#\/schema\/person\/bbab28833b1725a20f4083f49f1fb2a9"},"image":{"@id":"https:\/\/renatodias.online\/movimento\/2022\/05\/04\/camara-aprova-pacote-de-bondades\/#primaryimage"},"thumbnailUrl":"https:\/\/renatodias.online\/movimento\/wp-content\/uploads\/2022\/05\/Romario-Policarpo.jpg","articleSection":["Cidade"],"inLanguage":"pt-BR","potentialAction":[{"@type":"CommentAction","name":"Comment","target":["https:\/\/renatodias.online\/movimento\/2022\/05\/04\/camara-aprova-pacote-de-bondades\/#respond"]}]},{"@type":"WebPage","@id":"https:\/\/renatodias.online\/movimento\/2022\/05\/04\/camara-aprova-pacote-de-bondades\/","url":"https:\/\/renatodias.online\/movimento\/2022\/05\/04\/camara-aprova-pacote-de-bondades\/","name":"C\u00e2mara aprova pacote de bondades -","isPartOf":{"@id":"https:\/\/renatodias.online\/movimento\/#website"},"primaryImageOfPage":{"@id":"https:\/\/renatodias.online\/movimento\/2022\/05\/04\/camara-aprova-pacote-de-bondades\/#primaryimage"},"image":{"@id":"https:\/\/renatodias.online\/movimento\/2022\/05\/04\/camara-aprova-pacote-de-bondades\/#primaryimage"},"thumbnailUrl":"https:\/\/renatodias.online\/movimento\/wp-content\/uploads\/2022\/05\/Romario-Policarpo.jpg","datePublished":"2022-05-05T00:02:46+00:00","breadcrumb":{"@id":"https:\/\/renatodias.online\/movimento\/2022\/05\/04\/camara-aprova-pacote-de-bondades\/#breadcrumb"},"inLanguage":"pt-BR","potentialAction":[{"@type":"ReadAction","target":["https:\/\/renatodias.online\/movimento\/2022\/05\/04\/camara-aprova-pacote-de-bondades\/"]}]},{"@type":"ImageObject","inLanguage":"pt-BR","@id":"https:\/\/renatodias.online\/movimento\/2022\/05\/04\/camara-aprova-pacote-de-bondades\/#primaryimage","url":"https:\/\/renatodias.online\/movimento\/wp-content\/uploads\/2022\/05\/Romario-Policarpo.jpg","contentUrl":"https:\/\/renatodias.online\/movimento\/wp-content\/uploads\/2022\/05\/Romario-Policarpo.jpg","width":400,"height":400,"caption":"O presidente da C\u00e2mara Municipal de Goi\u00e2nia, Rom\u00e1rio Policarpo"},{"@type":"BreadcrumbList","@id":"https:\/\/renatodias.online\/movimento\/2022\/05\/04\/camara-aprova-pacote-de-bondades\/#breadcrumb","itemListElement":[{"@type":"ListItem","position":1,"name":"In\u00edcio","item":"https:\/\/renatodias.online\/movimento\/"},{"@type":"ListItem","position":2,"name":"C\u00e2mara aprova pacote de bondades"}]},{"@type":"WebSite","@id":"https:\/\/renatodias.online\/movimento\/#website","url":"https:\/\/renatodias.online\/movimento\/","name":"","description":"","publisher":{"@id":"https:\/\/renatodias.online\/movimento\/#\/schema\/person\/bbab28833b1725a20f4083f49f1fb2a9"},"potentialAction":[{"@type":"SearchAction","target":{"@type":"EntryPoint","urlTemplate":"https:\/\/renatodias.online\/movimento\/?s={search_term_string}"},"query-input":{"@type":"PropertyValueSpecification","valueRequired":true,"valueName":"search_term_string"}}],"inLanguage":"pt-BR"},{"@type":["Person","Organization"],"@id":"https:\/\/renatodias.online\/movimento\/#\/schema\/person\/bbab28833b1725a20f4083f49f1fb2a9","name":"Renato Dias","image":{"@type":"ImageObject","inLanguage":"pt-BR","@id":"https:\/\/renatodias.online\/movimento\/wp-content\/uploads\/2023\/03\/cropped-cropped-cropped-logofinal.jpeg","url":"https:\/\/renatodias.online\/movimento\/wp-content\/uploads\/2023\/03\/cropped-cropped-cropped-logofinal.jpeg","contentUrl":"https:\/\/renatodias.online\/movimento\/wp-content\/uploads\/2023\/03\/cropped-cropped-cropped-logofinal.jpeg","width":1280,"height":219,"caption":"Renato Dias"},"logo":{"@id":"https:\/\/renatodias.online\/movimento\/wp-content\/uploads\/2023\/03\/cropped-cropped-cropped-logofinal.jpeg"},"description":"Renato Dias, 58 anos, \u00e9 graduado em Jornalismo, formado em Ci\u00eancias Sociais, com p\u00f3s-gradua\u00e7\u00e3o em Pol\u00edticas P\u00fablicas, mestre em Direito e Rela\u00e7\u00f5es Internacionais, ex-aluno extraordin\u00e1rio do Doutorado em Psicologia Social, ex-estudante do Curso de Psican\u00e1lise do Centro de Estudos Psicanal\u00edticos do Estado de Goi\u00e1s, ministrado pelo m\u00e9dico psiquiatra e psicanalista Daniel Em\u00eddio de Souza. \u00c9 autor de 30 livros-reportagem, oito document\u00e1rios, ganhou 30 pr\u00eamios e \u00e9 torcedor apaixonado do maior do Centro-Oeste, o Vila Nova Futebol Clube. Casado com Meirilane Dias, \u00e9 pai de Juliana Dias, jornalista; Daniel Dias, economista; e Maria Rosa Dias, estudante antifascista, socialista e trotskista.\u00a0Com tr\u00eas pets: Porquinho [Bull Dog Franc\u00eas], Dalila [Basset Hound] e Geleia [Basset Hound]. Al\u00e9m do eterno gato Tutuquinho, que virou estrela.","sameAs":["https:\/\/www.facebook.com\/renato.dias.37","#breve","https:\/\/renatodias.tumblr.com\/"],"url":"https:\/\/renatodias.online\/movimento\/author\/renatodias\/"}]}},"_links":{"self":[{"href":"https:\/\/renatodias.online\/movimento\/wp-json\/wp\/v2\/posts\/12197","targetHints":{"allow":["GET"]}}],"collection":[{"href":"https:\/\/renatodias.online\/movimento\/wp-json\/wp\/v2\/posts"}],"about":[{"href":"https:\/\/renatodias.online\/movimento\/wp-json\/wp\/v2\/types\/post"}],"author":[{"embeddable":true,"href":"https:\/\/renatodias.online\/movimento\/wp-json\/wp\/v2\/users\/2"}],"replies":[{"embeddable":true,"href":"https:\/\/renatodias.online\/movimento\/wp-json\/wp\/v2\/comments?post=12197"}],"version-history":[{"count":1,"href":"https:\/\/renatodias.online\/movimento\/wp-json\/wp\/v2\/posts\/12197\/revisions"}],"predecessor-version":[{"id":12200,"href":"https:\/\/renatodias.online\/movimento\/wp-json\/wp\/v2\/posts\/12197\/revisions\/12200"}],"wp:featuredmedia":[{"embeddable":true,"href":"https:\/\/renatodias.online\/movimento\/wp-json\/wp\/v2\/media\/12199"}],"wp:attachment":[{"href":"https:\/\/renatodias.online\/movimento\/wp-json\/wp\/v2\/media?parent=12197"}],"wp:term":[{"taxonomy":"category","embeddable":true,"href":"https:\/\/renatodias.online\/movimento\/wp-json\/wp\/v2\/categories?post=12197"},{"taxonomy":"post_tag","embeddable":true,"href":"https:\/\/renatodias.online\/movimento\/wp-json\/wp\/v2\/tags?post=12197"}],"curies":[{"name":"wp","href":"https:\/\/api.w.org\/{rel}","templated":true}]}}