{"id":1219,"date":"2019-06-05T21:41:36","date_gmt":"2019-06-06T00:41:36","guid":{"rendered":"http:\/\/renatodias.online\/gyn\/?p=1219"},"modified":"2019-06-05T21:41:36","modified_gmt":"2019-06-06T00:41:36","slug":"peca-de-perseguicao-e-exibida-no-teatro-goiania-figurino-do-espetaculo-teatral-retrata-com-fidelidade-tempo-em-que-a-historia-se-desenvolve","status":"publish","type":"post","link":"https:\/\/renatodias.online\/movimento\/2019\/06\/05\/peca-de-perseguicao-e-exibida-no-teatro-goiania-figurino-do-espetaculo-teatral-retrata-com-fidelidade-tempo-em-que-a-historia-se-desenvolve\/","title":{"rendered":"Pe\u00e7a de persegui\u00e7\u00e3o \u00e9 exibida no Teatro Goi\u00e2nia Figurino do espet\u00e1culo teatral retrata com fidelidade tempo em que a Hist\u00f3ria se desenvolve"},"content":{"rendered":"<p>\t\t\t\t<strong>\u00c9pocas de intoler\u00e2ncia<\/strong><\/p>\n<p><strong>Pe\u00e7a de persegui\u00e7\u00e3o \u00e9 exibida no Teatro Goi\u00e2nia<\/strong><\/p>\n<p><img loading=\"lazy\" decoding=\"async\" src=\"http:\/\/renatodias.online\/gyn\/wp-content\/uploads\/2019\/06\/29-e1559781598889-1024x683.jpg\" alt=\"\" width=\"548\" height=\"366\" class=\"wp-image-1221  aligncenter\" \/><\/p>\n<p><strong>Figurino do espet\u00e1culo teatral retrata com fidelidade tempo em que a Hist\u00f3ria se desenvolve<\/strong><\/p>\n<p><strong>\u00a0<\/strong><\/p>\n<p><strong>Renato Dias<\/strong><\/p>\n<p>A pe\u00e7a de teatro \u2018Os \u00daltimos Dias de Paulo de Tarso<strong>\u2019 <\/strong>ser\u00e1 exibida, em Goi\u00e2nia, neste s\u00e1bado, 8 de junho, \u00e0s 21h, no Teatro Goi\u00e2nia. O enredo reconstitui Roma, 67 anos depois de Jesus Cristo. \u00a0Paulo de Tarso, interpretado pelo ator Ricardo Bonf\u00e1, est\u00e1 em seus \u00faltimos dias na pris\u00e3o. O convertido de Damasco conta com Lucas, seu aliado de peregrina\u00e7\u00e3o. Ele lhe visita todas as noites. Em sua cela. Paulo de Tarso narra ao ap\u00f3stolo Lucas como passou de cruel perseguidor e assassino dos crist\u00e3os ao maior evangelizador que o mundo j\u00e1 teria conhecido.<\/p>\n<p><img loading=\"lazy\" decoding=\"async\" src=\"http:\/\/renatodias.online\/gyn\/wp-content\/uploads\/2019\/06\/29-e1559781598889-1024x683.jpg\" alt=\"\" width=\"750\" height=\"500\" class=\"alignnone wp-image-1221 size-large\" \/><\/p>\n<p>A produ\u00e7\u00e3o art\u00edstica \u00e9 Cia Teatral 3 Em Athos. Com sede em Balne\u00e1rio Cambori\u00fa. A turn\u00ea iniciou-se em maio de 2019. Al\u00e9m de Goi\u00e2nia, as apresenta\u00e7\u00f5es est\u00e3o programadas para\u00a0 de S\u00e3o Paulo [capital]. Quando? Na segunda mostra de Teatro Esp\u00edrita. Mais: Santo Andr\u00e9 (SP), Balne\u00e1rio Cambori\u00fa, Curitiba, Florian\u00f3polis, Porto Alegre, Belo Horizonte, Cuiab\u00e1, Bras\u00edlia, Fortaleza, Vit\u00f3ria, Jo\u00e3o Pessoa. O elenco conta com Ricardo Bonf\u00e1. Assim como com o \u00a0ator\u00a0Gustavo Valente, no papel de Lucas, m\u00e9dico, historiador e disc\u00edpulo. Al\u00e9m de Priscila Reis<\/p>\n<p><strong>Figurino de \u00e9poca<\/strong><\/p>\n<p>O figurino do espet\u00e1culo retrata com fidelidade a \u00e9poca em que a Hist\u00f3ria se desenvolve. O ves\u00adtu\u00e1rio \u00e9 elaborado com linho puro. Com texturas e acabamentos com refer\u00eancias \u00e0 Hist\u00f3ria e seu tempo. A caracteriza\u00e7\u00e3o das personagens trazem aridez, dor e sofrimento. A ideia origi\u00adnal da pe\u00e7a \u2018Os \u00daltimos Dias de Paulo de Tarso\u2019 \u00e9 a transforma\u00e7\u00e3o. Trocando em mi\u00fados: tocar o cora\u00e7\u00e3o do p\u00fablico. Com o legado deixado pelo ap\u00f3stolo Paulo de Tarso. Em rela\u00e7\u00e3o ao evan\u00adgelho de Jesus. Lucas faz a ponte entre Paulo, na pris\u00e3o, com Prisca, que cuida dos refugiados<\/p>\n<p><strong>Servi\u00e7o<\/strong><\/p>\n<p><strong>Pe\u00e7a: <\/strong>Os \u00daltimos Dias de Paulo de Tarso<\/p>\n<p><strong>Local:<\/strong> Teatro Goi\u00e2nia<\/p>\n<p><strong>Data:<\/strong> 8 de Junho, s\u00e1bado,\u00a0 \u00e0s 21h<\/p>\n<p><strong>Valores:<\/strong> R$ 80 (Inteira) \/ R$ 40 reais (Meia)<\/p>\n<p><strong>Ingressos \u00e0 venda:<\/strong> \u00a0Komiketo da T-4, Setor Serrinha e\u00a0<u><a href=\"http:\/\/www.ciadeingressos.com\/\">www.ciadeingressos.com<\/a><\/u><\/p>\n<p><strong>Ficha T\u00e9cnica<\/strong><\/p>\n<p>Elenco:\u00a0Ricardo Bonf\u00e1, Gustavo Valente, Priscila Reis<\/p>\n<p>Dire\u00e7\u00e3o:\u00a0Ricardo Bonf\u00e1 e Gustavo Valente<\/p>\n<p>Concep\u00e7\u00e3o Cenogr\u00e1fica: Ricardo Bonf\u00e1<\/p>\n<p>Concep\u00e7\u00e3o de Figurino:\u00a0Gustavo Valente e Ricardo Bonf\u00e1<\/p>\n<p>Execu\u00e7\u00e3o de Figurino: Rosa Maria De Oliveira<\/p>\n<p>Cria\u00e7\u00e3o e Execu\u00e7\u00e3o de Maquiagem e Cabelo: Gustavo Valente<\/p>\n<p>Concep\u00e7\u00e3o de Trilha Sonora: Gustavo Valente<\/p>\n<p>Concep\u00e7\u00e3o de Ilumina\u00e7\u00e3o:\u00a0Ricardo Bonf\u00e1 e Gustavo Valente<\/p>\n<p>Execu\u00e7\u00e3o de Luz e Som: Daniel Marques<\/p>\n<p>Fotografia:\u00a0Manolo Rodriguez<\/p>\n<p>Produ\u00e7\u00e3o\/Diretor de Produ\u00e7\u00e3o:\u00a0Ricardo Bonf\u00e1<\/p>\n<p>Roteiro e Adapta\u00e7\u00e3o: Gustavo Valente<\/p>\n<p>Realiza\u00e7\u00e3o: Cia Teatral 3 Em Athos\t\t<\/p>\n","protected":false},"excerpt":{"rendered":"<p>\u00c9pocas de intoler\u00e2ncia Pe\u00e7a de persegui\u00e7\u00e3o \u00e9 exibida no Teatro Goi\u00e2nia Figurino do espet\u00e1culo teatral retrata com fidelidade tempo em que a Hist\u00f3ria se desenvolve \u00a0 Renato Dias A pe\u00e7a de teatro \u2018Os \u00daltimos Dias de Paulo de Tarso\u2019 ser\u00e1 exibida, em Goi\u00e2nia, neste s\u00e1bado, 8 de junho, \u00e0s 21h, no Teatro Goi\u00e2nia. O enredo<\/p>\n","protected":false},"author":2,"featured_media":1220,"comment_status":"open","ping_status":"open","sticky":false,"template":"","format":"standard","meta":{"_acf_changed":false,"_monsterinsights_skip_tracking":false,"_monsterinsights_sitenote_active":false,"_monsterinsights_sitenote_note":"","_monsterinsights_sitenote_category":0,"footnotes":""},"categories":[25,2,28],"tags":[],"class_list":["post-1219","post","type-post","status-publish","format-standard","has-post-thumbnail","hentry","category-agenda","category-arte","category-cultura"],"acf":[],"yoast_head":"<!-- This site is optimized with the Yoast SEO plugin v27.4 - https:\/\/yoast.com\/product\/yoast-seo-wordpress\/ -->\n<title>Pe\u00e7a de persegui\u00e7\u00e3o \u00e9 exibida no Teatro Goi\u00e2nia Figurino do espet\u00e1culo teatral retrata com fidelidade tempo em que a Hist\u00f3ria se desenvolve -<\/title>\n<meta name=\"robots\" content=\"index, follow, max-snippet:-1, max-image-preview:large, max-video-preview:-1\" \/>\n<link rel=\"canonical\" href=\"https:\/\/renatodias.online\/movimento\/2019\/06\/05\/peca-de-perseguicao-e-exibida-no-teatro-goiania-figurino-do-espetaculo-teatral-retrata-com-fidelidade-tempo-em-que-a-historia-se-desenvolve\/\" \/>\n<meta property=\"og:locale\" content=\"pt_BR\" \/>\n<meta property=\"og:type\" content=\"article\" \/>\n<meta property=\"og:title\" content=\"Pe\u00e7a de persegui\u00e7\u00e3o \u00e9 exibida no Teatro Goi\u00e2nia Figurino do espet\u00e1culo teatral retrata com fidelidade tempo em que a Hist\u00f3ria se desenvolve -\" \/>\n<meta property=\"og:description\" content=\"\u00c9pocas de intoler\u00e2ncia Pe\u00e7a de persegui\u00e7\u00e3o \u00e9 exibida no Teatro Goi\u00e2nia Figurino do espet\u00e1culo teatral retrata com fidelidade tempo em que a Hist\u00f3ria se desenvolve \u00a0 Renato Dias A pe\u00e7a de teatro \u2018Os \u00daltimos Dias de Paulo de Tarso\u2019 ser\u00e1 exibida, em Goi\u00e2nia, neste s\u00e1bado, 8 de junho, \u00e0s 21h, no Teatro Goi\u00e2nia. O enredo\" \/>\n<meta property=\"og:url\" content=\"https:\/\/renatodias.online\/movimento\/2019\/06\/05\/peca-de-perseguicao-e-exibida-no-teatro-goiania-figurino-do-espetaculo-teatral-retrata-com-fidelidade-tempo-em-que-a-historia-se-desenvolve\/\" \/>\n<meta property=\"article:publisher\" content=\"https:\/\/www.facebook.com\/renato.dias.37\" \/>\n<meta property=\"article:author\" content=\"https:\/\/www.facebook.com\/renato.dias.37\" \/>\n<meta property=\"article:published_time\" content=\"2019-06-06T00:41:36+00:00\" \/>\n<meta name=\"author\" content=\"Renato Dias\" \/>\n<meta name=\"twitter:card\" content=\"summary_large_image\" \/>\n<meta name=\"twitter:creator\" content=\"@RenatoDiasBat\" \/>\n<meta name=\"twitter:site\" content=\"@RenatoDiasBat\" \/>\n<meta name=\"twitter:label1\" content=\"Escrito por\" \/>\n\t<meta name=\"twitter:data1\" content=\"Renato Dias\" \/>\n\t<meta name=\"twitter:label2\" content=\"Est. tempo de leitura\" \/>\n\t<meta name=\"twitter:data2\" content=\"2 minutos\" \/>\n<script type=\"application\/ld+json\" class=\"yoast-schema-graph\">{\"@context\":\"https:\\\/\\\/schema.org\",\"@graph\":[{\"@type\":\"Article\",\"@id\":\"https:\\\/\\\/renatodias.online\\\/movimento\\\/2019\\\/06\\\/05\\\/peca-de-perseguicao-e-exibida-no-teatro-goiania-figurino-do-espetaculo-teatral-retrata-com-fidelidade-tempo-em-que-a-historia-se-desenvolve\\\/#article\",\"isPartOf\":{\"@id\":\"https:\\\/\\\/renatodias.online\\\/movimento\\\/2019\\\/06\\\/05\\\/peca-de-perseguicao-e-exibida-no-teatro-goiania-figurino-do-espetaculo-teatral-retrata-com-fidelidade-tempo-em-que-a-historia-se-desenvolve\\\/\"},\"author\":{\"name\":\"Renato Dias\",\"@id\":\"https:\\\/\\\/renatodias.online\\\/movimento\\\/#\\\/schema\\\/person\\\/bbab28833b1725a20f4083f49f1fb2a9\"},\"headline\":\"Pe\u00e7a de persegui\u00e7\u00e3o \u00e9 exibida no Teatro Goi\u00e2nia Figurino do espet\u00e1culo teatral retrata com fidelidade tempo em que a Hist\u00f3ria se desenvolve\",\"datePublished\":\"2019-06-06T00:41:36+00:00\",\"mainEntityOfPage\":{\"@id\":\"https:\\\/\\\/renatodias.online\\\/movimento\\\/2019\\\/06\\\/05\\\/peca-de-perseguicao-e-exibida-no-teatro-goiania-figurino-do-espetaculo-teatral-retrata-com-fidelidade-tempo-em-que-a-historia-se-desenvolve\\\/\"},\"wordCount\":505,\"commentCount\":0,\"publisher\":{\"@id\":\"https:\\\/\\\/renatodias.online\\\/movimento\\\/#\\\/schema\\\/person\\\/bbab28833b1725a20f4083f49f1fb2a9\"},\"image\":{\"@id\":\"https:\\\/\\\/renatodias.online\\\/movimento\\\/2019\\\/06\\\/05\\\/peca-de-perseguicao-e-exibida-no-teatro-goiania-figurino-do-espetaculo-teatral-retrata-com-fidelidade-tempo-em-que-a-historia-se-desenvolve\\\/#primaryimage\"},\"thumbnailUrl\":\"\",\"articleSection\":[\"Agenda\",\"Arte\",\"Cultura\"],\"inLanguage\":\"pt-BR\",\"potentialAction\":[{\"@type\":\"CommentAction\",\"name\":\"Comment\",\"target\":[\"https:\\\/\\\/renatodias.online\\\/movimento\\\/2019\\\/06\\\/05\\\/peca-de-perseguicao-e-exibida-no-teatro-goiania-figurino-do-espetaculo-teatral-retrata-com-fidelidade-tempo-em-que-a-historia-se-desenvolve\\\/#respond\"]}]},{\"@type\":\"WebPage\",\"@id\":\"https:\\\/\\\/renatodias.online\\\/movimento\\\/2019\\\/06\\\/05\\\/peca-de-perseguicao-e-exibida-no-teatro-goiania-figurino-do-espetaculo-teatral-retrata-com-fidelidade-tempo-em-que-a-historia-se-desenvolve\\\/\",\"url\":\"https:\\\/\\\/renatodias.online\\\/movimento\\\/2019\\\/06\\\/05\\\/peca-de-perseguicao-e-exibida-no-teatro-goiania-figurino-do-espetaculo-teatral-retrata-com-fidelidade-tempo-em-que-a-historia-se-desenvolve\\\/\",\"name\":\"Pe\u00e7a de persegui\u00e7\u00e3o \u00e9 exibida no Teatro Goi\u00e2nia Figurino do espet\u00e1culo teatral retrata com fidelidade tempo em que a Hist\u00f3ria se desenvolve -\",\"isPartOf\":{\"@id\":\"https:\\\/\\\/renatodias.online\\\/movimento\\\/#website\"},\"primaryImageOfPage\":{\"@id\":\"https:\\\/\\\/renatodias.online\\\/movimento\\\/2019\\\/06\\\/05\\\/peca-de-perseguicao-e-exibida-no-teatro-goiania-figurino-do-espetaculo-teatral-retrata-com-fidelidade-tempo-em-que-a-historia-se-desenvolve\\\/#primaryimage\"},\"image\":{\"@id\":\"https:\\\/\\\/renatodias.online\\\/movimento\\\/2019\\\/06\\\/05\\\/peca-de-perseguicao-e-exibida-no-teatro-goiania-figurino-do-espetaculo-teatral-retrata-com-fidelidade-tempo-em-que-a-historia-se-desenvolve\\\/#primaryimage\"},\"thumbnailUrl\":\"\",\"datePublished\":\"2019-06-06T00:41:36+00:00\",\"breadcrumb\":{\"@id\":\"https:\\\/\\\/renatodias.online\\\/movimento\\\/2019\\\/06\\\/05\\\/peca-de-perseguicao-e-exibida-no-teatro-goiania-figurino-do-espetaculo-teatral-retrata-com-fidelidade-tempo-em-que-a-historia-se-desenvolve\\\/#breadcrumb\"},\"inLanguage\":\"pt-BR\",\"potentialAction\":[{\"@type\":\"ReadAction\",\"target\":[\"https:\\\/\\\/renatodias.online\\\/movimento\\\/2019\\\/06\\\/05\\\/peca-de-perseguicao-e-exibida-no-teatro-goiania-figurino-do-espetaculo-teatral-retrata-com-fidelidade-tempo-em-que-a-historia-se-desenvolve\\\/\"]}]},{\"@type\":\"ImageObject\",\"inLanguage\":\"pt-BR\",\"@id\":\"https:\\\/\\\/renatodias.online\\\/movimento\\\/2019\\\/06\\\/05\\\/peca-de-perseguicao-e-exibida-no-teatro-goiania-figurino-do-espetaculo-teatral-retrata-com-fidelidade-tempo-em-que-a-historia-se-desenvolve\\\/#primaryimage\",\"url\":\"\",\"contentUrl\":\"\"},{\"@type\":\"BreadcrumbList\",\"@id\":\"https:\\\/\\\/renatodias.online\\\/movimento\\\/2019\\\/06\\\/05\\\/peca-de-perseguicao-e-exibida-no-teatro-goiania-figurino-do-espetaculo-teatral-retrata-com-fidelidade-tempo-em-que-a-historia-se-desenvolve\\\/#breadcrumb\",\"itemListElement\":[{\"@type\":\"ListItem\",\"position\":1,\"name\":\"In\u00edcio\",\"item\":\"https:\\\/\\\/renatodias.online\\\/movimento\\\/\"},{\"@type\":\"ListItem\",\"position\":2,\"name\":\"Pe\u00e7a de persegui\u00e7\u00e3o \u00e9 exibida no Teatro Goi\u00e2nia Figurino do espet\u00e1culo teatral retrata com fidelidade tempo em que a Hist\u00f3ria se desenvolve\"}]},{\"@type\":\"WebSite\",\"@id\":\"https:\\\/\\\/renatodias.online\\\/movimento\\\/#website\",\"url\":\"https:\\\/\\\/renatodias.online\\\/movimento\\\/\",\"name\":\"\",\"description\":\"\",\"publisher\":{\"@id\":\"https:\\\/\\\/renatodias.online\\\/movimento\\\/#\\\/schema\\\/person\\\/bbab28833b1725a20f4083f49f1fb2a9\"},\"potentialAction\":[{\"@type\":\"SearchAction\",\"target\":{\"@type\":\"EntryPoint\",\"urlTemplate\":\"https:\\\/\\\/renatodias.online\\\/movimento\\\/?s={search_term_string}\"},\"query-input\":{\"@type\":\"PropertyValueSpecification\",\"valueRequired\":true,\"valueName\":\"search_term_string\"}}],\"inLanguage\":\"pt-BR\"},{\"@type\":[\"Person\",\"Organization\"],\"@id\":\"https:\\\/\\\/renatodias.online\\\/movimento\\\/#\\\/schema\\\/person\\\/bbab28833b1725a20f4083f49f1fb2a9\",\"name\":\"Renato Dias\",\"image\":{\"@type\":\"ImageObject\",\"inLanguage\":\"pt-BR\",\"@id\":\"https:\\\/\\\/renatodias.online\\\/movimento\\\/wp-content\\\/uploads\\\/2023\\\/03\\\/cropped-cropped-cropped-logofinal.jpeg\",\"url\":\"https:\\\/\\\/renatodias.online\\\/movimento\\\/wp-content\\\/uploads\\\/2023\\\/03\\\/cropped-cropped-cropped-logofinal.jpeg\",\"contentUrl\":\"https:\\\/\\\/renatodias.online\\\/movimento\\\/wp-content\\\/uploads\\\/2023\\\/03\\\/cropped-cropped-cropped-logofinal.jpeg\",\"width\":1280,\"height\":219,\"caption\":\"Renato Dias\"},\"logo\":{\"@id\":\"https:\\\/\\\/renatodias.online\\\/movimento\\\/wp-content\\\/uploads\\\/2023\\\/03\\\/cropped-cropped-cropped-logofinal.jpeg\"},\"description\":\"Renato Dias, 58 anos, \u00e9 graduado em Jornalismo, formado em Ci\u00eancias Sociais, com p\u00f3s-gradua\u00e7\u00e3o em Pol\u00edticas P\u00fablicas, mestre em Direito e Rela\u00e7\u00f5es Internacionais, ex-aluno extraordin\u00e1rio do Doutorado em Psicologia Social, ex-estudante do Curso de Psican\u00e1lise do Centro de Estudos Psicanal\u00edticos do Estado de Goi\u00e1s, ministrado pelo m\u00e9dico psiquiatra e psicanalista Daniel Em\u00eddio de Souza. \u00c9 autor de 30 livros-reportagem, oito document\u00e1rios, ganhou 30 pr\u00eamios e \u00e9 torcedor apaixonado do maior do Centro-Oeste, o Vila Nova Futebol Clube. Casado com Meirilane Dias, \u00e9 pai de Juliana Dias, jornalista; Daniel Dias, economista; e Maria Rosa Dias, estudante antifascista, socialista e trotskista.\u00a0Com tr\u00eas pets: Porquinho [Bull Dog Franc\u00eas], Dalila [Basset Hound] e Geleia [Basset Hound]. Al\u00e9m do eterno gato Tutuquinho, que virou estrela.\",\"sameAs\":[\"https:\\\/\\\/www.facebook.com\\\/renato.dias.37\",\"#breve\",\"https:\\\/\\\/renatodias.tumblr.com\\\/\"],\"url\":\"https:\\\/\\\/renatodias.online\\\/movimento\\\/author\\\/renatodias\\\/\"}]}<\/script>\n<!-- \/ Yoast SEO plugin. -->","yoast_head_json":{"title":"Pe\u00e7a de persegui\u00e7\u00e3o \u00e9 exibida no Teatro Goi\u00e2nia Figurino do espet\u00e1culo teatral retrata com fidelidade tempo em que a Hist\u00f3ria se desenvolve -","robots":{"index":"index","follow":"follow","max-snippet":"max-snippet:-1","max-image-preview":"max-image-preview:large","max-video-preview":"max-video-preview:-1"},"canonical":"https:\/\/renatodias.online\/movimento\/2019\/06\/05\/peca-de-perseguicao-e-exibida-no-teatro-goiania-figurino-do-espetaculo-teatral-retrata-com-fidelidade-tempo-em-que-a-historia-se-desenvolve\/","og_locale":"pt_BR","og_type":"article","og_title":"Pe\u00e7a de persegui\u00e7\u00e3o \u00e9 exibida no Teatro Goi\u00e2nia Figurino do espet\u00e1culo teatral retrata com fidelidade tempo em que a Hist\u00f3ria se desenvolve -","og_description":"\u00c9pocas de intoler\u00e2ncia Pe\u00e7a de persegui\u00e7\u00e3o \u00e9 exibida no Teatro Goi\u00e2nia Figurino do espet\u00e1culo teatral retrata com fidelidade tempo em que a Hist\u00f3ria se desenvolve \u00a0 Renato Dias A pe\u00e7a de teatro \u2018Os \u00daltimos Dias de Paulo de Tarso\u2019 ser\u00e1 exibida, em Goi\u00e2nia, neste s\u00e1bado, 8 de junho, \u00e0s 21h, no Teatro Goi\u00e2nia. O enredo","og_url":"https:\/\/renatodias.online\/movimento\/2019\/06\/05\/peca-de-perseguicao-e-exibida-no-teatro-goiania-figurino-do-espetaculo-teatral-retrata-com-fidelidade-tempo-em-que-a-historia-se-desenvolve\/","article_publisher":"https:\/\/www.facebook.com\/renato.dias.37","article_author":"https:\/\/www.facebook.com\/renato.dias.37","article_published_time":"2019-06-06T00:41:36+00:00","author":"Renato Dias","twitter_card":"summary_large_image","twitter_creator":"@RenatoDiasBat","twitter_site":"@RenatoDiasBat","twitter_misc":{"Escrito por":"Renato Dias","Est. tempo de leitura":"2 minutos"},"schema":{"@context":"https:\/\/schema.org","@graph":[{"@type":"Article","@id":"https:\/\/renatodias.online\/movimento\/2019\/06\/05\/peca-de-perseguicao-e-exibida-no-teatro-goiania-figurino-do-espetaculo-teatral-retrata-com-fidelidade-tempo-em-que-a-historia-se-desenvolve\/#article","isPartOf":{"@id":"https:\/\/renatodias.online\/movimento\/2019\/06\/05\/peca-de-perseguicao-e-exibida-no-teatro-goiania-figurino-do-espetaculo-teatral-retrata-com-fidelidade-tempo-em-que-a-historia-se-desenvolve\/"},"author":{"name":"Renato Dias","@id":"https:\/\/renatodias.online\/movimento\/#\/schema\/person\/bbab28833b1725a20f4083f49f1fb2a9"},"headline":"Pe\u00e7a de persegui\u00e7\u00e3o \u00e9 exibida no Teatro Goi\u00e2nia Figurino do espet\u00e1culo teatral retrata com fidelidade tempo em que a Hist\u00f3ria se desenvolve","datePublished":"2019-06-06T00:41:36+00:00","mainEntityOfPage":{"@id":"https:\/\/renatodias.online\/movimento\/2019\/06\/05\/peca-de-perseguicao-e-exibida-no-teatro-goiania-figurino-do-espetaculo-teatral-retrata-com-fidelidade-tempo-em-que-a-historia-se-desenvolve\/"},"wordCount":505,"commentCount":0,"publisher":{"@id":"https:\/\/renatodias.online\/movimento\/#\/schema\/person\/bbab28833b1725a20f4083f49f1fb2a9"},"image":{"@id":"https:\/\/renatodias.online\/movimento\/2019\/06\/05\/peca-de-perseguicao-e-exibida-no-teatro-goiania-figurino-do-espetaculo-teatral-retrata-com-fidelidade-tempo-em-que-a-historia-se-desenvolve\/#primaryimage"},"thumbnailUrl":"","articleSection":["Agenda","Arte","Cultura"],"inLanguage":"pt-BR","potentialAction":[{"@type":"CommentAction","name":"Comment","target":["https:\/\/renatodias.online\/movimento\/2019\/06\/05\/peca-de-perseguicao-e-exibida-no-teatro-goiania-figurino-do-espetaculo-teatral-retrata-com-fidelidade-tempo-em-que-a-historia-se-desenvolve\/#respond"]}]},{"@type":"WebPage","@id":"https:\/\/renatodias.online\/movimento\/2019\/06\/05\/peca-de-perseguicao-e-exibida-no-teatro-goiania-figurino-do-espetaculo-teatral-retrata-com-fidelidade-tempo-em-que-a-historia-se-desenvolve\/","url":"https:\/\/renatodias.online\/movimento\/2019\/06\/05\/peca-de-perseguicao-e-exibida-no-teatro-goiania-figurino-do-espetaculo-teatral-retrata-com-fidelidade-tempo-em-que-a-historia-se-desenvolve\/","name":"Pe\u00e7a de persegui\u00e7\u00e3o \u00e9 exibida no Teatro Goi\u00e2nia Figurino do espet\u00e1culo teatral retrata com fidelidade tempo em que a Hist\u00f3ria se desenvolve -","isPartOf":{"@id":"https:\/\/renatodias.online\/movimento\/#website"},"primaryImageOfPage":{"@id":"https:\/\/renatodias.online\/movimento\/2019\/06\/05\/peca-de-perseguicao-e-exibida-no-teatro-goiania-figurino-do-espetaculo-teatral-retrata-com-fidelidade-tempo-em-que-a-historia-se-desenvolve\/#primaryimage"},"image":{"@id":"https:\/\/renatodias.online\/movimento\/2019\/06\/05\/peca-de-perseguicao-e-exibida-no-teatro-goiania-figurino-do-espetaculo-teatral-retrata-com-fidelidade-tempo-em-que-a-historia-se-desenvolve\/#primaryimage"},"thumbnailUrl":"","datePublished":"2019-06-06T00:41:36+00:00","breadcrumb":{"@id":"https:\/\/renatodias.online\/movimento\/2019\/06\/05\/peca-de-perseguicao-e-exibida-no-teatro-goiania-figurino-do-espetaculo-teatral-retrata-com-fidelidade-tempo-em-que-a-historia-se-desenvolve\/#breadcrumb"},"inLanguage":"pt-BR","potentialAction":[{"@type":"ReadAction","target":["https:\/\/renatodias.online\/movimento\/2019\/06\/05\/peca-de-perseguicao-e-exibida-no-teatro-goiania-figurino-do-espetaculo-teatral-retrata-com-fidelidade-tempo-em-que-a-historia-se-desenvolve\/"]}]},{"@type":"ImageObject","inLanguage":"pt-BR","@id":"https:\/\/renatodias.online\/movimento\/2019\/06\/05\/peca-de-perseguicao-e-exibida-no-teatro-goiania-figurino-do-espetaculo-teatral-retrata-com-fidelidade-tempo-em-que-a-historia-se-desenvolve\/#primaryimage","url":"","contentUrl":""},{"@type":"BreadcrumbList","@id":"https:\/\/renatodias.online\/movimento\/2019\/06\/05\/peca-de-perseguicao-e-exibida-no-teatro-goiania-figurino-do-espetaculo-teatral-retrata-com-fidelidade-tempo-em-que-a-historia-se-desenvolve\/#breadcrumb","itemListElement":[{"@type":"ListItem","position":1,"name":"In\u00edcio","item":"https:\/\/renatodias.online\/movimento\/"},{"@type":"ListItem","position":2,"name":"Pe\u00e7a de persegui\u00e7\u00e3o \u00e9 exibida no Teatro Goi\u00e2nia Figurino do espet\u00e1culo teatral retrata com fidelidade tempo em que a Hist\u00f3ria se desenvolve"}]},{"@type":"WebSite","@id":"https:\/\/renatodias.online\/movimento\/#website","url":"https:\/\/renatodias.online\/movimento\/","name":"","description":"","publisher":{"@id":"https:\/\/renatodias.online\/movimento\/#\/schema\/person\/bbab28833b1725a20f4083f49f1fb2a9"},"potentialAction":[{"@type":"SearchAction","target":{"@type":"EntryPoint","urlTemplate":"https:\/\/renatodias.online\/movimento\/?s={search_term_string}"},"query-input":{"@type":"PropertyValueSpecification","valueRequired":true,"valueName":"search_term_string"}}],"inLanguage":"pt-BR"},{"@type":["Person","Organization"],"@id":"https:\/\/renatodias.online\/movimento\/#\/schema\/person\/bbab28833b1725a20f4083f49f1fb2a9","name":"Renato Dias","image":{"@type":"ImageObject","inLanguage":"pt-BR","@id":"https:\/\/renatodias.online\/movimento\/wp-content\/uploads\/2023\/03\/cropped-cropped-cropped-logofinal.jpeg","url":"https:\/\/renatodias.online\/movimento\/wp-content\/uploads\/2023\/03\/cropped-cropped-cropped-logofinal.jpeg","contentUrl":"https:\/\/renatodias.online\/movimento\/wp-content\/uploads\/2023\/03\/cropped-cropped-cropped-logofinal.jpeg","width":1280,"height":219,"caption":"Renato Dias"},"logo":{"@id":"https:\/\/renatodias.online\/movimento\/wp-content\/uploads\/2023\/03\/cropped-cropped-cropped-logofinal.jpeg"},"description":"Renato Dias, 58 anos, \u00e9 graduado em Jornalismo, formado em Ci\u00eancias Sociais, com p\u00f3s-gradua\u00e7\u00e3o em Pol\u00edticas P\u00fablicas, mestre em Direito e Rela\u00e7\u00f5es Internacionais, ex-aluno extraordin\u00e1rio do Doutorado em Psicologia Social, ex-estudante do Curso de Psican\u00e1lise do Centro de Estudos Psicanal\u00edticos do Estado de Goi\u00e1s, ministrado pelo m\u00e9dico psiquiatra e psicanalista Daniel Em\u00eddio de Souza. \u00c9 autor de 30 livros-reportagem, oito document\u00e1rios, ganhou 30 pr\u00eamios e \u00e9 torcedor apaixonado do maior do Centro-Oeste, o Vila Nova Futebol Clube. Casado com Meirilane Dias, \u00e9 pai de Juliana Dias, jornalista; Daniel Dias, economista; e Maria Rosa Dias, estudante antifascista, socialista e trotskista.\u00a0Com tr\u00eas pets: Porquinho [Bull Dog Franc\u00eas], Dalila [Basset Hound] e Geleia [Basset Hound]. Al\u00e9m do eterno gato Tutuquinho, que virou estrela.","sameAs":["https:\/\/www.facebook.com\/renato.dias.37","#breve","https:\/\/renatodias.tumblr.com\/"],"url":"https:\/\/renatodias.online\/movimento\/author\/renatodias\/"}]}},"_links":{"self":[{"href":"https:\/\/renatodias.online\/movimento\/wp-json\/wp\/v2\/posts\/1219","targetHints":{"allow":["GET"]}}],"collection":[{"href":"https:\/\/renatodias.online\/movimento\/wp-json\/wp\/v2\/posts"}],"about":[{"href":"https:\/\/renatodias.online\/movimento\/wp-json\/wp\/v2\/types\/post"}],"author":[{"embeddable":true,"href":"https:\/\/renatodias.online\/movimento\/wp-json\/wp\/v2\/users\/2"}],"replies":[{"embeddable":true,"href":"https:\/\/renatodias.online\/movimento\/wp-json\/wp\/v2\/comments?post=1219"}],"version-history":[{"count":0,"href":"https:\/\/renatodias.online\/movimento\/wp-json\/wp\/v2\/posts\/1219\/revisions"}],"wp:featuredmedia":[{"embeddable":true,"href":"https:\/\/renatodias.online\/movimento\/wp-json\/"}],"wp:attachment":[{"href":"https:\/\/renatodias.online\/movimento\/wp-json\/wp\/v2\/media?parent=1219"}],"wp:term":[{"taxonomy":"category","embeddable":true,"href":"https:\/\/renatodias.online\/movimento\/wp-json\/wp\/v2\/categories?post=1219"},{"taxonomy":"post_tag","embeddable":true,"href":"https:\/\/renatodias.online\/movimento\/wp-json\/wp\/v2\/tags?post=1219"}],"curies":[{"name":"wp","href":"https:\/\/api.w.org\/{rel}","templated":true}]}}