{"id":12045,"date":"2022-04-27T17:56:05","date_gmt":"2022-04-27T20:56:05","guid":{"rendered":"https:\/\/renatodias.online\/movimento\/?p=12045"},"modified":"2022-04-27T17:56:05","modified_gmt":"2022-04-27T20:56:05","slug":"distribuicao-da-renda-no-brasil","status":"publish","type":"post","link":"https:\/\/renatodias.online\/movimento\/2022\/04\/27\/distribuicao-da-renda-no-brasil\/","title":{"rendered":"Distribui\u00e7\u00e3o da renda no Brasil"},"content":{"rendered":"<figure id=\"attachment_9483\" aria-describedby=\"caption-attachment-9483\" style=\"width: 981px\" class=\"wp-caption alignnone\"><img loading=\"lazy\" decoding=\"async\" class=\"wp-image-9483 size-full\" src=\"https:\/\/renatodias.online\/movimento\/wp-content\/uploads\/2021\/11\/A-fome.jpg\" alt=\"\" width=\"981\" height=\"654\" \/><figcaption id=\"caption-attachment-9483\" class=\"wp-caption-text\"><strong>A imagem da fome<\/strong><\/figcaption><\/figure>\n<p><img loading=\"lazy\" decoding=\"async\" class=\"wp-image-11210 size-full aligncenter\" src=\"https:\/\/renatodias.online\/movimento\/wp-content\/uploads\/2022\/03\/Artigo-de-Opiniao.jpg\" alt=\"\" width=\"600\" height=\"315\" srcset=\"https:\/\/renatodias.online\/movimento\/wp-content\/uploads\/2022\/03\/Artigo-de-Opiniao.jpg 600w, https:\/\/renatodias.online\/movimento\/wp-content\/uploads\/2022\/03\/Artigo-de-Opiniao-300x158.jpg 300w\" sizes=\"auto, (max-width: 600px) 100vw, 600px\" \/><\/p>\n<h1 style=\"text-align: center;\"><span style=\"color: #808080;\"><strong>Distribui\u00e7\u00e3o da renda no Brasil<\/strong><\/span><\/h1>\n<p><img loading=\"lazy\" decoding=\"async\" class=\"size-medium wp-image-11948 aligncenter\" src=\"https:\/\/renatodias.online\/movimento\/wp-content\/uploads\/2022\/04\/Selo-especial-285x300.jpg\" alt=\"\" width=\"285\" height=\"300\" \/><\/p>\n<h2 style=\"text-align: center;\"><span style=\"color: #008000;\"><strong>An\u00e1lise sobre quem ganhou com o aumento m\u00ednimo da renda nacional nos \u00faltimos 30 anos. Nos governos do PT, parte do crescimento do PIB, 45,5%, favoreceu trabalhadores. No p\u00f3s-golpe, pa\u00eds andou para tr\u00e1s e n\u00e3o lhes sobrou quase nada <\/strong><\/span><\/h2>\n<p><strong>Marcio Pochmann<\/strong><\/p>\n<p><strong>Outras Palavras<\/strong><\/p>\n<p>As primeiras duas d\u00e9cadas do s\u00e9culo 21 s\u00e3o ilustrativas da experimenta\u00e7\u00e3o de distintos padr\u00f5es macroecon\u00f4micos de distribui\u00e7\u00e3o prim\u00e1ria da renda nacional no Brasil. Como padr\u00e3o distributivo se toma em refer\u00eancia os tr\u00eas principais par\u00e2metros macroecon\u00f4micos. Mais precisamente, o quanto o governo, os capitalistas e os trabalhadores capturam atrav\u00e9s de suas espec\u00edficas formas o adicional de crescimento do Produto Interno Bruto (PIB). Respectivamente, a arrecada\u00e7\u00e3o tribut\u00e1ria (imposto, taxa e contribui\u00e7\u00e3o) pelo governo, a receita dos propriet\u00e1rios (lucro, aluguel, juro, renda da terra, dividendo) pelos capitalistas e o rendimento dos n\u00e3o propriet\u00e1rios (sal\u00e1rio, remunera\u00e7\u00e3o, ordenados) pelos trabalhadores.<\/p>\n<p><img loading=\"lazy\" decoding=\"async\" class=\"alignnone wp-image-6110 size-full\" src=\"https:\/\/renatodias.online\/movimento\/wp-content\/uploads\/2021\/04\/PIB-_-4.jpg\" alt=\"\" width=\"1200\" height=\"630\" srcset=\"https:\/\/renatodias.online\/movimento\/wp-content\/uploads\/2021\/04\/PIB-_-4.jpg 1200w, https:\/\/renatodias.online\/movimento\/wp-content\/uploads\/2021\/04\/PIB-_-4-300x158.jpg 300w, https:\/\/renatodias.online\/movimento\/wp-content\/uploads\/2021\/04\/PIB-_-4-1024x538.jpg 1024w, https:\/\/renatodias.online\/movimento\/wp-content\/uploads\/2021\/04\/PIB-_-4-768x403.jpg 768w, https:\/\/renatodias.online\/movimento\/wp-content\/uploads\/2021\/04\/PIB-_-4-750x394.jpg 750w\" sizes=\"auto, (max-width: 1200px) 100vw, 1200px\" \/><\/p>\n<p>Para facilitar o entendimento, adota-se como par\u00e2metro macroecon\u00f4mico de distribui\u00e7\u00e3o prim\u00e1ria da renda, as experi\u00eancias dos mandatos presidenciais denominadas por Neoliberal (1994-2002), Trabalhista (2003-2015) e Ultraliberal (p\u00f3s-2015). Os padr\u00f5es distributivos Neoliberal e Ultraliberal podem ser diferenciados pela intensidade com que favorecem tanto a arrecada\u00e7\u00e3o tribut\u00e1ria do governo como a receita dos propriet\u00e1rios capturada pelos capitalistas.<\/p>\n<p><img loading=\"lazy\" decoding=\"async\" class=\"alignnone size-full wp-image-7425\" src=\"https:\/\/renatodias.online\/movimento\/wp-content\/uploads\/2021\/06\/FHC-e1636920409660.jpg\" alt=\"\" width=\"919\" height=\"640\" \/><\/p>\n<p><strong>Fernando Henrique Cardoso<\/strong><\/p>\n<p>O padr\u00e3o distributivo Trabalhista revela a \u00eanfase no rendimento dos n\u00e3o propriet\u00e1rios absorvido pelos trabalhadores, sem deixar de favorecer os ganhos dos capitalistas e em menor grau o governo. Para efeito demonstrativo, tr\u00eas distintos per\u00edodos de tempo (2001-02; 2013-14; e 2020-21) foram selecionados visando revelar os distintos padr\u00f5es macroecon\u00f4micos de distribui\u00e7\u00e3o do adicional do PIB contabilizado pelo IBGE.<\/p>\n<figure id=\"attachment_9418\" aria-describedby=\"caption-attachment-9418\" style=\"width: 1080px\" class=\"wp-caption alignnone\"><img loading=\"lazy\" decoding=\"async\" class=\"wp-image-9418 size-full\" src=\"https:\/\/renatodias.online\/movimento\/wp-content\/uploads\/2021\/11\/Lula-em-dois-momentos-historicos.jpg\" alt=\"\" width=\"1080\" height=\"1074\" \/><figcaption id=\"caption-attachment-9418\" class=\"wp-caption-text\"><strong>Luiz In\u00e1cio Lula da Silva em dois momentos hist\u00f3ricos<\/strong><\/figcaption><\/figure>\n<p>Pela experi\u00eancia Neoliberal, por exemplo, o governo absorveu 37% do adicional do PIB ocorrido em 2002, seguido pelos capitalistas que capturaram 33,7% e os trabalhadores 29,3%. Nessa hierarquia de posi\u00e7\u00f5es, o padr\u00e3o de distribui\u00e7\u00e3o prim\u00e1ria da renda explicitou que o governo recebeu 26% a mais que o conjunto dos trabalhadores, enquanto a totalidade dos capitalistas capturaram 13% a mais do adicional do PIB que a soma de todos os rendimentos dos n\u00e3o propriet\u00e1rios.<\/p>\n<figure id=\"attachment_6863\" aria-describedby=\"caption-attachment-6863\" style=\"width: 1000px\" class=\"wp-caption alignnone\"><img loading=\"lazy\" decoding=\"async\" class=\"wp-image-6863 size-full\" src=\"https:\/\/renatodias.online\/movimento\/wp-content\/uploads\/2021\/05\/Alvorada-_-Dilma-Rousseff-_-1.jpeg\" alt=\"\" width=\"1000\" height=\"500\" \/><figcaption id=\"caption-attachment-6863\" class=\"wp-caption-text\"><strong>Alvorada _ Dilma Rousseff<\/strong><\/figcaption><\/figure>\n<p>Na experi\u00eancia Trabalhista, os trabalhadores absorveram 45,5% do adicional do PIB em 2014, acompanhados por 30,1% dos capitalistas e de 24,4% do governo. Como se pode perceber, a hierarquia do padr\u00e3o macroecon\u00f4mico distributivo se apresentou muito distinta da verificada anteriormente (Neoliberal). O conjunto dos trabalhadores brasileiros conseguiu capturar mais de 51% do adicional do PIB que o total das receitas apropriadas pelos propriet\u00e1rios referente ao adicional do PIB. Em rela\u00e7\u00e3o ao total da arrecada\u00e7\u00e3o tribut\u00e1ria do governo, a soma dos rendimentos dos n\u00e3o propriet\u00e1rios foi 86% superior.<\/p>\n<figure id=\"attachment_3315\" aria-describedby=\"caption-attachment-3315\" style=\"width: 868px\" class=\"wp-caption alignnone\"><img loading=\"lazy\" decoding=\"async\" class=\"wp-image-3315 size-full\" src=\"https:\/\/renatodias.online\/movimento\/wp-content\/uploads\/2020\/04\/Paulo-Guedes-Pandemia.jpg\" alt=\"\" width=\"868\" height=\"644\" srcset=\"https:\/\/renatodias.online\/movimento\/wp-content\/uploads\/2020\/04\/Paulo-Guedes-Pandemia.jpg 868w, https:\/\/renatodias.online\/movimento\/wp-content\/uploads\/2020\/04\/Paulo-Guedes-Pandemia-300x223.jpg 300w, https:\/\/renatodias.online\/movimento\/wp-content\/uploads\/2020\/04\/Paulo-Guedes-Pandemia-768x570.jpg 768w, https:\/\/renatodias.online\/movimento\/wp-content\/uploads\/2020\/04\/Paulo-Guedes-Pandemia-750x556.jpg 750w\" sizes=\"auto, (max-width: 868px) 100vw, 868px\" \/><figcaption id=\"caption-attachment-3315\" class=\"wp-caption-text\"><strong>Paulo Guedes<\/strong><\/figcaption><\/figure>\n<p>Por fim, a experi\u00eancia Ultraliberal que resultou em padr\u00e3o macroecon\u00f4mico de distribui\u00e7\u00e3o do adicional do PIB completamente distinto dos dois anteriores (Neoliberal e Trabalhista). Percebe-se, por exemplo, que no adicional do PIB do ano de 2021, o governo capturou 50,2% do adicional do PIB, os capitalistas absorveram 49,3% e os trabalhadores apenas 0,5%. Somente o governo e os capitalistas receberam 99,5% do acrescimento do PIB do ano 2021. Por essa hierarquia de posi\u00e7\u00f5es, entre os tr\u00eas principais par\u00e2metros macroecon\u00f4micos no Brasil, o governo arrecadou 100,4 vezes mais que o conjunto dos trabalhadores, enquanto os capitalistas capturaram do adicional do PIB 98,6 vezes mais que o total dos rendimentos auferidos pelos n\u00e3o propriet\u00e1rios.<\/p>\n<figure id=\"attachment_6447\" aria-describedby=\"caption-attachment-6447\" style=\"width: 800px\" class=\"wp-caption aligncenter\"><img loading=\"lazy\" decoding=\"async\" class=\"wp-image-6447 size-full\" src=\"https:\/\/renatodias.online\/movimento\/wp-content\/uploads\/2021\/05\/Desemprego.jpg\" alt=\"\" width=\"800\" height=\"534\" \/><figcaption id=\"caption-attachment-6447\" class=\"wp-caption-text\"><strong>A crise: o desemprego<\/strong><\/figcaption><\/figure>\n<p>A pluralidade de padr\u00f5es macroecon\u00f4micos de distribui\u00e7\u00e3o da renda durante o primeiro quinto do s\u00e9culo 21 revela vis\u00f5es pr\u00f3prias de sociedade e projeto de pa\u00eds. Interessante notar que tanto no Neoliberalismo como no Ultraliberalismo, o Estado se apresentou como o privilegiado na reparti\u00e7\u00e3o prim\u00e1ria do adicional da renda nacional. Da mesma forma, os mesmos dois padr\u00f5es distributivos colocaram os trabalhadores como desfavorecidos. O Ultraliberal \u00e9 mais extremado que o Neoliberal, sendo o Estado o mais beneficiado, e os trabalhadores os mais lesados.<\/p>\n<figure id=\"attachment_5416\" aria-describedby=\"caption-attachment-5416\" style=\"width: 1500px\" class=\"wp-caption alignnone\"><img loading=\"lazy\" decoding=\"async\" class=\"wp-image-5416 size-full\" src=\"https:\/\/renatodias.online\/movimento\/wp-content\/uploads\/2021\/03\/Friedrich-Hayek.jpg\" alt=\"Friedrich Hayek\" width=\"1500\" height=\"1048\" srcset=\"https:\/\/renatodias.online\/movimento\/wp-content\/uploads\/2021\/03\/Friedrich-Hayek.jpg 1500w, https:\/\/renatodias.online\/movimento\/wp-content\/uploads\/2021\/03\/Friedrich-Hayek-300x210.jpg 300w, https:\/\/renatodias.online\/movimento\/wp-content\/uploads\/2021\/03\/Friedrich-Hayek-1024x715.jpg 1024w, https:\/\/renatodias.online\/movimento\/wp-content\/uploads\/2021\/03\/Friedrich-Hayek-768x537.jpg 768w, https:\/\/renatodias.online\/movimento\/wp-content\/uploads\/2021\/03\/Friedrich-Hayek-165x116.jpg 165w, https:\/\/renatodias.online\/movimento\/wp-content\/uploads\/2021\/03\/Friedrich-Hayek-750x524.jpg 750w, https:\/\/renatodias.online\/movimento\/wp-content\/uploads\/2021\/03\/Friedrich-Hayek-85x60.jpg 85w\" sizes=\"auto, (max-width: 1500px) 100vw, 1500px\" \/><figcaption id=\"caption-attachment-5416\" class=\"wp-caption-text\"><strong>Friedrich Hayek, ultraliberal<br \/><\/strong><\/figcaption><\/figure>\n<p>No caso dos capitalistas, os dois padr\u00f5es macroecon\u00f4micos (Neoliberal e Ultraliberal) os mantiveram na segunda posi\u00e7\u00e3o hier\u00e1rquica da reparti\u00e7\u00e3o prim\u00e1ria do adicional do PIB. Mas foi no Ultraliberal que os capitalistas estiveram mais pr\u00f3ximos dos excelentes ganhos apropriados pelo governo. Pelo padr\u00e3o Trabalhista, os capitalistas tamb\u00e9m ocuparam a segunda posi\u00e7\u00e3o na hierarquia distributiva, por\u00e9m foram os trabalhadores os mais beneficiados. O governo, pelo contr\u00e1rio, foi o menos favorecido.<\/p>\n<figure id=\"attachment_5520\" aria-describedby=\"caption-attachment-5520\" style=\"width: 504px\" class=\"wp-caption aligncenter\"><img loading=\"lazy\" decoding=\"async\" class=\"wp-image-5520 size-full\" src=\"https:\/\/renatodias.online\/movimento\/wp-content\/uploads\/2021\/03\/Karl-Marx-e-Friedrich-Engels.jpg\" alt=\"Karl Marx e Friedrich Engels\" width=\"504\" height=\"373\" \/><figcaption id=\"caption-attachment-5520\" class=\"wp-caption-text\"><strong>Karl Marx e Friedrich Engels<\/strong><\/figcaption><\/figure>\n<p>&nbsp;<\/p>\n","protected":false},"excerpt":{"rendered":"<p>Distribui\u00e7\u00e3o da renda no Brasil An\u00e1lise sobre quem ganhou com o aumento m\u00ednimo da renda nacional nos \u00faltimos 30 anos. Nos governos do PT, parte do crescimento do PIB, 45,5%, favoreceu trabalhadores. No p\u00f3s-golpe, pa\u00eds andou para tr\u00e1s e n\u00e3o lhes sobrou quase nada Marcio Pochmann Outras Palavras As primeiras duas d\u00e9cadas do s\u00e9culo 21<\/p>\n","protected":false},"author":2,"featured_media":12046,"comment_status":"open","ping_status":"open","sticky":false,"template":"","format":"standard","meta":{"_acf_changed":false,"_monsterinsights_skip_tracking":false,"_monsterinsights_sitenote_active":false,"_monsterinsights_sitenote_note":"","_monsterinsights_sitenote_category":0,"footnotes":""},"categories":[10],"tags":[],"class_list":["post-12045","post","type-post","status-publish","format-standard","has-post-thumbnail","hentry","category-economia"],"acf":[],"yoast_head":"<!-- This site is optimized with the Yoast SEO plugin v27.4 - https:\/\/yoast.com\/product\/yoast-seo-wordpress\/ -->\n<title>Distribui\u00e7\u00e3o da renda no Brasil -<\/title>\n<meta name=\"robots\" content=\"index, follow, max-snippet:-1, max-image-preview:large, max-video-preview:-1\" \/>\n<link rel=\"canonical\" href=\"https:\/\/renatodias.online\/movimento\/2022\/04\/27\/distribuicao-da-renda-no-brasil\/\" \/>\n<meta property=\"og:locale\" content=\"pt_BR\" \/>\n<meta property=\"og:type\" content=\"article\" \/>\n<meta property=\"og:title\" content=\"Distribui\u00e7\u00e3o da renda no Brasil -\" \/>\n<meta property=\"og:description\" content=\"Distribui\u00e7\u00e3o da renda no Brasil An\u00e1lise sobre quem ganhou com o aumento m\u00ednimo da renda nacional nos \u00faltimos 30 anos. Nos governos do PT, parte do crescimento do PIB, 45,5%, favoreceu trabalhadores. No p\u00f3s-golpe, pa\u00eds andou para tr\u00e1s e n\u00e3o lhes sobrou quase nada Marcio Pochmann Outras Palavras As primeiras duas d\u00e9cadas do s\u00e9culo 21\" \/>\n<meta property=\"og:url\" content=\"https:\/\/renatodias.online\/movimento\/2022\/04\/27\/distribuicao-da-renda-no-brasil\/\" \/>\n<meta property=\"article:publisher\" content=\"https:\/\/www.facebook.com\/renato.dias.37\" \/>\n<meta property=\"article:author\" content=\"https:\/\/www.facebook.com\/renato.dias.37\" \/>\n<meta property=\"article:published_time\" content=\"2022-04-27T20:56:05+00:00\" \/>\n<meta property=\"og:image\" content=\"https:\/\/renatodias.online\/movimento\/wp-content\/uploads\/2022\/04\/Marcio-Pochmann-especial-e1651092511871.jpg\" \/>\n\t<meta property=\"og:image:width\" content=\"360\" \/>\n\t<meta property=\"og:image:height\" content=\"240\" \/>\n\t<meta property=\"og:image:type\" content=\"image\/jpeg\" \/>\n<meta name=\"author\" content=\"Renato Dias\" \/>\n<meta name=\"twitter:card\" content=\"summary_large_image\" \/>\n<meta name=\"twitter:creator\" content=\"@RenatoDiasBat\" \/>\n<meta name=\"twitter:site\" content=\"@RenatoDiasBat\" \/>\n<meta name=\"twitter:label1\" content=\"Escrito por\" \/>\n\t<meta name=\"twitter:data1\" content=\"Renato Dias\" \/>\n\t<meta name=\"twitter:label2\" content=\"Est. tempo de leitura\" \/>\n\t<meta name=\"twitter:data2\" content=\"4 minutos\" \/>\n<script type=\"application\/ld+json\" class=\"yoast-schema-graph\">{\"@context\":\"https:\\\/\\\/schema.org\",\"@graph\":[{\"@type\":\"Article\",\"@id\":\"https:\\\/\\\/renatodias.online\\\/movimento\\\/2022\\\/04\\\/27\\\/distribuicao-da-renda-no-brasil\\\/#article\",\"isPartOf\":{\"@id\":\"https:\\\/\\\/renatodias.online\\\/movimento\\\/2022\\\/04\\\/27\\\/distribuicao-da-renda-no-brasil\\\/\"},\"author\":{\"name\":\"Renato Dias\",\"@id\":\"https:\\\/\\\/renatodias.online\\\/movimento\\\/#\\\/schema\\\/person\\\/bbab28833b1725a20f4083f49f1fb2a9\"},\"headline\":\"Distribui\u00e7\u00e3o da renda no Brasil\",\"datePublished\":\"2022-04-27T20:56:05+00:00\",\"mainEntityOfPage\":{\"@id\":\"https:\\\/\\\/renatodias.online\\\/movimento\\\/2022\\\/04\\\/27\\\/distribuicao-da-renda-no-brasil\\\/\"},\"wordCount\":840,\"commentCount\":0,\"publisher\":{\"@id\":\"https:\\\/\\\/renatodias.online\\\/movimento\\\/#\\\/schema\\\/person\\\/bbab28833b1725a20f4083f49f1fb2a9\"},\"image\":{\"@id\":\"https:\\\/\\\/renatodias.online\\\/movimento\\\/2022\\\/04\\\/27\\\/distribuicao-da-renda-no-brasil\\\/#primaryimage\"},\"thumbnailUrl\":\"https:\\\/\\\/renatodias.online\\\/movimento\\\/wp-content\\\/uploads\\\/2022\\\/04\\\/Marcio-Pochmann-especial-e1651092511871.jpg\",\"articleSection\":[\"Economia\"],\"inLanguage\":\"pt-BR\",\"potentialAction\":[{\"@type\":\"CommentAction\",\"name\":\"Comment\",\"target\":[\"https:\\\/\\\/renatodias.online\\\/movimento\\\/2022\\\/04\\\/27\\\/distribuicao-da-renda-no-brasil\\\/#respond\"]}]},{\"@type\":\"WebPage\",\"@id\":\"https:\\\/\\\/renatodias.online\\\/movimento\\\/2022\\\/04\\\/27\\\/distribuicao-da-renda-no-brasil\\\/\",\"url\":\"https:\\\/\\\/renatodias.online\\\/movimento\\\/2022\\\/04\\\/27\\\/distribuicao-da-renda-no-brasil\\\/\",\"name\":\"Distribui\u00e7\u00e3o da renda no Brasil -\",\"isPartOf\":{\"@id\":\"https:\\\/\\\/renatodias.online\\\/movimento\\\/#website\"},\"primaryImageOfPage\":{\"@id\":\"https:\\\/\\\/renatodias.online\\\/movimento\\\/2022\\\/04\\\/27\\\/distribuicao-da-renda-no-brasil\\\/#primaryimage\"},\"image\":{\"@id\":\"https:\\\/\\\/renatodias.online\\\/movimento\\\/2022\\\/04\\\/27\\\/distribuicao-da-renda-no-brasil\\\/#primaryimage\"},\"thumbnailUrl\":\"https:\\\/\\\/renatodias.online\\\/movimento\\\/wp-content\\\/uploads\\\/2022\\\/04\\\/Marcio-Pochmann-especial-e1651092511871.jpg\",\"datePublished\":\"2022-04-27T20:56:05+00:00\",\"breadcrumb\":{\"@id\":\"https:\\\/\\\/renatodias.online\\\/movimento\\\/2022\\\/04\\\/27\\\/distribuicao-da-renda-no-brasil\\\/#breadcrumb\"},\"inLanguage\":\"pt-BR\",\"potentialAction\":[{\"@type\":\"ReadAction\",\"target\":[\"https:\\\/\\\/renatodias.online\\\/movimento\\\/2022\\\/04\\\/27\\\/distribuicao-da-renda-no-brasil\\\/\"]}]},{\"@type\":\"ImageObject\",\"inLanguage\":\"pt-BR\",\"@id\":\"https:\\\/\\\/renatodias.online\\\/movimento\\\/2022\\\/04\\\/27\\\/distribuicao-da-renda-no-brasil\\\/#primaryimage\",\"url\":\"https:\\\/\\\/renatodias.online\\\/movimento\\\/wp-content\\\/uploads\\\/2022\\\/04\\\/Marcio-Pochmann-especial-e1651092511871.jpg\",\"contentUrl\":\"https:\\\/\\\/renatodias.online\\\/movimento\\\/wp-content\\\/uploads\\\/2022\\\/04\\\/Marcio-Pochmann-especial-e1651092511871.jpg\",\"width\":360,\"height\":240,\"caption\":\"Marcio Pochmann\"},{\"@type\":\"BreadcrumbList\",\"@id\":\"https:\\\/\\\/renatodias.online\\\/movimento\\\/2022\\\/04\\\/27\\\/distribuicao-da-renda-no-brasil\\\/#breadcrumb\",\"itemListElement\":[{\"@type\":\"ListItem\",\"position\":1,\"name\":\"In\u00edcio\",\"item\":\"https:\\\/\\\/renatodias.online\\\/movimento\\\/\"},{\"@type\":\"ListItem\",\"position\":2,\"name\":\"Distribui\u00e7\u00e3o da renda no Brasil\"}]},{\"@type\":\"WebSite\",\"@id\":\"https:\\\/\\\/renatodias.online\\\/movimento\\\/#website\",\"url\":\"https:\\\/\\\/renatodias.online\\\/movimento\\\/\",\"name\":\"\",\"description\":\"\",\"publisher\":{\"@id\":\"https:\\\/\\\/renatodias.online\\\/movimento\\\/#\\\/schema\\\/person\\\/bbab28833b1725a20f4083f49f1fb2a9\"},\"potentialAction\":[{\"@type\":\"SearchAction\",\"target\":{\"@type\":\"EntryPoint\",\"urlTemplate\":\"https:\\\/\\\/renatodias.online\\\/movimento\\\/?s={search_term_string}\"},\"query-input\":{\"@type\":\"PropertyValueSpecification\",\"valueRequired\":true,\"valueName\":\"search_term_string\"}}],\"inLanguage\":\"pt-BR\"},{\"@type\":[\"Person\",\"Organization\"],\"@id\":\"https:\\\/\\\/renatodias.online\\\/movimento\\\/#\\\/schema\\\/person\\\/bbab28833b1725a20f4083f49f1fb2a9\",\"name\":\"Renato Dias\",\"image\":{\"@type\":\"ImageObject\",\"inLanguage\":\"pt-BR\",\"@id\":\"https:\\\/\\\/renatodias.online\\\/movimento\\\/wp-content\\\/uploads\\\/2023\\\/03\\\/cropped-cropped-cropped-logofinal.jpeg\",\"url\":\"https:\\\/\\\/renatodias.online\\\/movimento\\\/wp-content\\\/uploads\\\/2023\\\/03\\\/cropped-cropped-cropped-logofinal.jpeg\",\"contentUrl\":\"https:\\\/\\\/renatodias.online\\\/movimento\\\/wp-content\\\/uploads\\\/2023\\\/03\\\/cropped-cropped-cropped-logofinal.jpeg\",\"width\":1280,\"height\":219,\"caption\":\"Renato Dias\"},\"logo\":{\"@id\":\"https:\\\/\\\/renatodias.online\\\/movimento\\\/wp-content\\\/uploads\\\/2023\\\/03\\\/cropped-cropped-cropped-logofinal.jpeg\"},\"description\":\"Renato Dias, 58 anos, \u00e9 graduado em Jornalismo, formado em Ci\u00eancias Sociais, com p\u00f3s-gradua\u00e7\u00e3o em Pol\u00edticas P\u00fablicas, mestre em Direito e Rela\u00e7\u00f5es Internacionais, ex-aluno extraordin\u00e1rio do Doutorado em Psicologia Social, ex-estudante do Curso de Psican\u00e1lise do Centro de Estudos Psicanal\u00edticos do Estado de Goi\u00e1s, ministrado pelo m\u00e9dico psiquiatra e psicanalista Daniel Em\u00eddio de Souza. \u00c9 autor de 30 livros-reportagem, oito document\u00e1rios, ganhou 30 pr\u00eamios e \u00e9 torcedor apaixonado do maior do Centro-Oeste, o Vila Nova Futebol Clube. Casado com Meirilane Dias, \u00e9 pai de Juliana Dias, jornalista; Daniel Dias, economista; e Maria Rosa Dias, estudante antifascista, socialista e trotskista.\u00a0Com tr\u00eas pets: Porquinho [Bull Dog Franc\u00eas], Dalila [Basset Hound] e Geleia [Basset Hound]. Al\u00e9m do eterno gato Tutuquinho, que virou estrela.\",\"sameAs\":[\"https:\\\/\\\/www.facebook.com\\\/renato.dias.37\",\"#breve\",\"https:\\\/\\\/renatodias.tumblr.com\\\/\"],\"url\":\"https:\\\/\\\/renatodias.online\\\/movimento\\\/author\\\/renatodias\\\/\"}]}<\/script>\n<!-- \/ Yoast SEO plugin. -->","yoast_head_json":{"title":"Distribui\u00e7\u00e3o da renda no Brasil -","robots":{"index":"index","follow":"follow","max-snippet":"max-snippet:-1","max-image-preview":"max-image-preview:large","max-video-preview":"max-video-preview:-1"},"canonical":"https:\/\/renatodias.online\/movimento\/2022\/04\/27\/distribuicao-da-renda-no-brasil\/","og_locale":"pt_BR","og_type":"article","og_title":"Distribui\u00e7\u00e3o da renda no Brasil -","og_description":"Distribui\u00e7\u00e3o da renda no Brasil An\u00e1lise sobre quem ganhou com o aumento m\u00ednimo da renda nacional nos \u00faltimos 30 anos. Nos governos do PT, parte do crescimento do PIB, 45,5%, favoreceu trabalhadores. No p\u00f3s-golpe, pa\u00eds andou para tr\u00e1s e n\u00e3o lhes sobrou quase nada Marcio Pochmann Outras Palavras As primeiras duas d\u00e9cadas do s\u00e9culo 21","og_url":"https:\/\/renatodias.online\/movimento\/2022\/04\/27\/distribuicao-da-renda-no-brasil\/","article_publisher":"https:\/\/www.facebook.com\/renato.dias.37","article_author":"https:\/\/www.facebook.com\/renato.dias.37","article_published_time":"2022-04-27T20:56:05+00:00","og_image":[{"width":360,"height":240,"url":"https:\/\/renatodias.online\/movimento\/wp-content\/uploads\/2022\/04\/Marcio-Pochmann-especial-e1651092511871.jpg","type":"image\/jpeg"}],"author":"Renato Dias","twitter_card":"summary_large_image","twitter_creator":"@RenatoDiasBat","twitter_site":"@RenatoDiasBat","twitter_misc":{"Escrito por":"Renato Dias","Est. tempo de leitura":"4 minutos"},"schema":{"@context":"https:\/\/schema.org","@graph":[{"@type":"Article","@id":"https:\/\/renatodias.online\/movimento\/2022\/04\/27\/distribuicao-da-renda-no-brasil\/#article","isPartOf":{"@id":"https:\/\/renatodias.online\/movimento\/2022\/04\/27\/distribuicao-da-renda-no-brasil\/"},"author":{"name":"Renato Dias","@id":"https:\/\/renatodias.online\/movimento\/#\/schema\/person\/bbab28833b1725a20f4083f49f1fb2a9"},"headline":"Distribui\u00e7\u00e3o da renda no Brasil","datePublished":"2022-04-27T20:56:05+00:00","mainEntityOfPage":{"@id":"https:\/\/renatodias.online\/movimento\/2022\/04\/27\/distribuicao-da-renda-no-brasil\/"},"wordCount":840,"commentCount":0,"publisher":{"@id":"https:\/\/renatodias.online\/movimento\/#\/schema\/person\/bbab28833b1725a20f4083f49f1fb2a9"},"image":{"@id":"https:\/\/renatodias.online\/movimento\/2022\/04\/27\/distribuicao-da-renda-no-brasil\/#primaryimage"},"thumbnailUrl":"https:\/\/renatodias.online\/movimento\/wp-content\/uploads\/2022\/04\/Marcio-Pochmann-especial-e1651092511871.jpg","articleSection":["Economia"],"inLanguage":"pt-BR","potentialAction":[{"@type":"CommentAction","name":"Comment","target":["https:\/\/renatodias.online\/movimento\/2022\/04\/27\/distribuicao-da-renda-no-brasil\/#respond"]}]},{"@type":"WebPage","@id":"https:\/\/renatodias.online\/movimento\/2022\/04\/27\/distribuicao-da-renda-no-brasil\/","url":"https:\/\/renatodias.online\/movimento\/2022\/04\/27\/distribuicao-da-renda-no-brasil\/","name":"Distribui\u00e7\u00e3o da renda no Brasil -","isPartOf":{"@id":"https:\/\/renatodias.online\/movimento\/#website"},"primaryImageOfPage":{"@id":"https:\/\/renatodias.online\/movimento\/2022\/04\/27\/distribuicao-da-renda-no-brasil\/#primaryimage"},"image":{"@id":"https:\/\/renatodias.online\/movimento\/2022\/04\/27\/distribuicao-da-renda-no-brasil\/#primaryimage"},"thumbnailUrl":"https:\/\/renatodias.online\/movimento\/wp-content\/uploads\/2022\/04\/Marcio-Pochmann-especial-e1651092511871.jpg","datePublished":"2022-04-27T20:56:05+00:00","breadcrumb":{"@id":"https:\/\/renatodias.online\/movimento\/2022\/04\/27\/distribuicao-da-renda-no-brasil\/#breadcrumb"},"inLanguage":"pt-BR","potentialAction":[{"@type":"ReadAction","target":["https:\/\/renatodias.online\/movimento\/2022\/04\/27\/distribuicao-da-renda-no-brasil\/"]}]},{"@type":"ImageObject","inLanguage":"pt-BR","@id":"https:\/\/renatodias.online\/movimento\/2022\/04\/27\/distribuicao-da-renda-no-brasil\/#primaryimage","url":"https:\/\/renatodias.online\/movimento\/wp-content\/uploads\/2022\/04\/Marcio-Pochmann-especial-e1651092511871.jpg","contentUrl":"https:\/\/renatodias.online\/movimento\/wp-content\/uploads\/2022\/04\/Marcio-Pochmann-especial-e1651092511871.jpg","width":360,"height":240,"caption":"Marcio Pochmann"},{"@type":"BreadcrumbList","@id":"https:\/\/renatodias.online\/movimento\/2022\/04\/27\/distribuicao-da-renda-no-brasil\/#breadcrumb","itemListElement":[{"@type":"ListItem","position":1,"name":"In\u00edcio","item":"https:\/\/renatodias.online\/movimento\/"},{"@type":"ListItem","position":2,"name":"Distribui\u00e7\u00e3o da renda no Brasil"}]},{"@type":"WebSite","@id":"https:\/\/renatodias.online\/movimento\/#website","url":"https:\/\/renatodias.online\/movimento\/","name":"","description":"","publisher":{"@id":"https:\/\/renatodias.online\/movimento\/#\/schema\/person\/bbab28833b1725a20f4083f49f1fb2a9"},"potentialAction":[{"@type":"SearchAction","target":{"@type":"EntryPoint","urlTemplate":"https:\/\/renatodias.online\/movimento\/?s={search_term_string}"},"query-input":{"@type":"PropertyValueSpecification","valueRequired":true,"valueName":"search_term_string"}}],"inLanguage":"pt-BR"},{"@type":["Person","Organization"],"@id":"https:\/\/renatodias.online\/movimento\/#\/schema\/person\/bbab28833b1725a20f4083f49f1fb2a9","name":"Renato Dias","image":{"@type":"ImageObject","inLanguage":"pt-BR","@id":"https:\/\/renatodias.online\/movimento\/wp-content\/uploads\/2023\/03\/cropped-cropped-cropped-logofinal.jpeg","url":"https:\/\/renatodias.online\/movimento\/wp-content\/uploads\/2023\/03\/cropped-cropped-cropped-logofinal.jpeg","contentUrl":"https:\/\/renatodias.online\/movimento\/wp-content\/uploads\/2023\/03\/cropped-cropped-cropped-logofinal.jpeg","width":1280,"height":219,"caption":"Renato Dias"},"logo":{"@id":"https:\/\/renatodias.online\/movimento\/wp-content\/uploads\/2023\/03\/cropped-cropped-cropped-logofinal.jpeg"},"description":"Renato Dias, 58 anos, \u00e9 graduado em Jornalismo, formado em Ci\u00eancias Sociais, com p\u00f3s-gradua\u00e7\u00e3o em Pol\u00edticas P\u00fablicas, mestre em Direito e Rela\u00e7\u00f5es Internacionais, ex-aluno extraordin\u00e1rio do Doutorado em Psicologia Social, ex-estudante do Curso de Psican\u00e1lise do Centro de Estudos Psicanal\u00edticos do Estado de Goi\u00e1s, ministrado pelo m\u00e9dico psiquiatra e psicanalista Daniel Em\u00eddio de Souza. \u00c9 autor de 30 livros-reportagem, oito document\u00e1rios, ganhou 30 pr\u00eamios e \u00e9 torcedor apaixonado do maior do Centro-Oeste, o Vila Nova Futebol Clube. Casado com Meirilane Dias, \u00e9 pai de Juliana Dias, jornalista; Daniel Dias, economista; e Maria Rosa Dias, estudante antifascista, socialista e trotskista.\u00a0Com tr\u00eas pets: Porquinho [Bull Dog Franc\u00eas], Dalila [Basset Hound] e Geleia [Basset Hound]. Al\u00e9m do eterno gato Tutuquinho, que virou estrela.","sameAs":["https:\/\/www.facebook.com\/renato.dias.37","#breve","https:\/\/renatodias.tumblr.com\/"],"url":"https:\/\/renatodias.online\/movimento\/author\/renatodias\/"}]}},"_links":{"self":[{"href":"https:\/\/renatodias.online\/movimento\/wp-json\/wp\/v2\/posts\/12045","targetHints":{"allow":["GET"]}}],"collection":[{"href":"https:\/\/renatodias.online\/movimento\/wp-json\/wp\/v2\/posts"}],"about":[{"href":"https:\/\/renatodias.online\/movimento\/wp-json\/wp\/v2\/types\/post"}],"author":[{"embeddable":true,"href":"https:\/\/renatodias.online\/movimento\/wp-json\/wp\/v2\/users\/2"}],"replies":[{"embeddable":true,"href":"https:\/\/renatodias.online\/movimento\/wp-json\/wp\/v2\/comments?post=12045"}],"version-history":[{"count":1,"href":"https:\/\/renatodias.online\/movimento\/wp-json\/wp\/v2\/posts\/12045\/revisions"}],"predecessor-version":[{"id":12047,"href":"https:\/\/renatodias.online\/movimento\/wp-json\/wp\/v2\/posts\/12045\/revisions\/12047"}],"wp:featuredmedia":[{"embeddable":true,"href":"https:\/\/renatodias.online\/movimento\/wp-json\/wp\/v2\/media\/12046"}],"wp:attachment":[{"href":"https:\/\/renatodias.online\/movimento\/wp-json\/wp\/v2\/media?parent=12045"}],"wp:term":[{"taxonomy":"category","embeddable":true,"href":"https:\/\/renatodias.online\/movimento\/wp-json\/wp\/v2\/categories?post=12045"},{"taxonomy":"post_tag","embeddable":true,"href":"https:\/\/renatodias.online\/movimento\/wp-json\/wp\/v2\/tags?post=12045"}],"curies":[{"name":"wp","href":"https:\/\/api.w.org\/{rel}","templated":true}]}}