{"id":12038,"date":"2022-04-27T17:32:40","date_gmt":"2022-04-27T20:32:40","guid":{"rendered":"https:\/\/renatodias.online\/movimento\/?p=12038"},"modified":"2022-04-28T14:47:28","modified_gmt":"2022-04-28T17:47:28","slug":"pt-deve-apoiar-jose-eliton","status":"publish","type":"post","link":"https:\/\/renatodias.online\/movimento\/2022\/04\/27\/pt-deve-apoiar-jose-eliton\/","title":{"rendered":"PT define t\u00e1tica em maio"},"content":{"rendered":"<p><img loading=\"lazy\" decoding=\"async\" class=\"wp-image-11445 size-full aligncenter\" src=\"https:\/\/renatodias.online\/movimento\/wp-content\/uploads\/2022\/03\/Eleicoes-de-2022.jpeg\" alt=\"\" width=\"639\" height=\"361\" srcset=\"https:\/\/renatodias.online\/movimento\/wp-content\/uploads\/2022\/03\/Eleicoes-de-2022.jpeg 639w, https:\/\/renatodias.online\/movimento\/wp-content\/uploads\/2022\/03\/Eleicoes-de-2022-300x169.jpeg 300w\" sizes=\"auto, (max-width: 639px) 100vw, 639px\" \/><\/p>\n<p><img loading=\"lazy\" decoding=\"async\" class=\"alignnone wp-image-5007 size-full\" src=\"https:\/\/renatodias.online\/movimento\/wp-content\/uploads\/2021\/01\/Alto-da-p\u00e1gina-Banner-Exclusivo.png\" alt=\"\" width=\"1224\" height=\"372\" \/><\/p>\n<h1 style=\"text-align: center;\"><span style=\"color: #ff0000;\"><strong>A estrat\u00e9gia \u00e9 ampliar o palaque<br \/>\n<\/strong><\/span><\/h1>\n<p><img loading=\"lazy\" decoding=\"async\" class=\"wp-image-8352 size-thumbnail aligncenter\" src=\"https:\/\/renatodias.online\/movimento\/wp-content\/uploads\/2021\/08\/Estrela-do-PT-150x150.jpg\" alt=\"\" width=\"150\" height=\"150\" \/><\/p>\n<h2 style=\"text-align: center;\"><span style=\"color: #0000ff;\"><strong>Federa\u00e7\u00e3o PT, PC do B, PV caminha com PSB, quer Rede e Psol<br \/>\n<\/strong><\/span><\/h2>\n<figure id=\"attachment_5361\" aria-describedby=\"caption-attachment-5361\" style=\"width: 112px\" class=\"wp-caption aligncenter\"><img loading=\"lazy\" decoding=\"async\" class=\"size-medium wp-image-5361\" src=\"https:\/\/renatodias.online\/movimento\/wp-content\/uploads\/2021\/03\/Luiz-Inacio-Lula-da-Silva-1-112x300.jpg\" alt=\"Luiz In\u00e1cio Lula da Silva \u2013 caricatura\" width=\"112\" height=\"300\" \/><figcaption id=\"caption-attachment-5361\" class=\"wp-caption-text\"><strong>Luiz In\u00e1cio Lula da Silva<\/strong><\/figcaption><\/figure>\n<h2 style=\"text-align: center;\"><span style=\"color: #808080;\"><strong>Lula e Alckmin costuram acordos nacionais<br \/>\n<\/strong><\/span><\/h2>\n<figure id=\"attachment_10493\" aria-describedby=\"caption-attachment-10493\" style=\"width: 164px\" class=\"wp-caption aligncenter\"><img loading=\"lazy\" decoding=\"async\" class=\"wp-image-10493 size-medium\" src=\"https:\/\/renatodias.online\/movimento\/wp-content\/uploads\/2022\/01\/Geraldo-Alckmin-caricatura-164x300.jpg\" alt=\"\" width=\"164\" height=\"300\" \/><figcaption id=\"caption-attachment-10493\" class=\"wp-caption-text\"><strong>Geraldo Alckmin<\/strong><\/figcaption><\/figure>\n<p><strong>Renato Dias<\/strong><\/p>\n<p>Apesar de admitir que o ex-reitor da PUC Goi\u00e1s <strong>Wolmir Amado<\/strong> [PT] cumpre, hoje, um papel estrat\u00e9gico como protagonista na oposi\u00e7\u00e3o ao governador do Estado, <strong>Ronaldo Caiado<\/strong> [Uni\u00e3o Brasil], a tend\u00eancia do PT deve ser a de referendar em f\u00f3rum estadual, em data a ser marcada, o nome do ex-governador de Goi\u00e1s <strong>Jos\u00e9 Eliton [PSB] <\/strong>\u00e0 Casa Verde, em 2022. \u00c9 o que revela <strong>Erotides Borges<\/strong>, gestor p\u00fablico e membro da executiva estadual da sigla. Com exclusividade ao <span style=\"color: #ff0000;\"><strong>Portal de Not\u00edcias <a style=\"color: #ff0000;\" href=\"http:\/\/www.renatodias.online\">www.renatodias.online<\/a><\/strong><\/span><\/p>\n<figure id=\"attachment_5497\" aria-describedby=\"caption-attachment-5497\" style=\"width: 1024px\" class=\"wp-caption alignnone\"><img loading=\"lazy\" decoding=\"async\" class=\"wp-image-5497 size-full\" src=\"https:\/\/renatodias.online\/movimento\/wp-content\/uploads\/2021\/03\/Jose-Eliton.jpg\" alt=\"Jos\u00e9 Eliton\" width=\"1024\" height=\"455\" srcset=\"https:\/\/renatodias.online\/movimento\/wp-content\/uploads\/2021\/03\/Jose-Eliton.jpg 1024w, https:\/\/renatodias.online\/movimento\/wp-content\/uploads\/2021\/03\/Jose-Eliton-300x133.jpg 300w, https:\/\/renatodias.online\/movimento\/wp-content\/uploads\/2021\/03\/Jose-Eliton-768x341.jpg 768w, https:\/\/renatodias.online\/movimento\/wp-content\/uploads\/2021\/03\/Jose-Eliton-750x333.jpg 750w\" sizes=\"auto, (max-width: 1024px) 100vw, 1024px\" \/><figcaption id=\"caption-attachment-5497\" class=\"wp-caption-text\"><strong>O socialista Jos\u00e9 Eliton \u00e9 pr\u00e9-candidato ao Governo do Estado de Goi\u00e1s <br \/><\/strong><\/figcaption><\/figure>\n<p>O dirigente \u00e9 integrante da fac\u00e7\u00e3o interna <strong>PT Para Vencer. U<\/strong>ma das m\u00faltiplas fra\u00e7\u00f5es que comp\u00f5em a legenda.\u00a0\u00a0 O agrupamento \u00e9 liderado pelo deputado federal <strong>Rubens Otoni<\/strong> e pela presidente do PT no Estado, <strong>K\u00e1tia Maria<\/strong>. Ele relata que os petistas ter\u00e3o uma conversa reservada com <strong>Gleisi Hoffmann<\/strong>, presidente nacional [PR], e o deputado federal <strong>Jos\u00e9 Guimar\u00e3es<\/strong> [PT-CE]. Os dois s\u00e3o respons\u00e1veis pela constru\u00e7\u00e3o de alian\u00e7as pol\u00edticas, eleitorais e a formata\u00e7\u00e3o de palanques nos 26 estados da Federa\u00e7\u00e3o e no Distrito Federal<\/p>\n<figure id=\"attachment_12039\" aria-describedby=\"caption-attachment-12039\" style=\"width: 1140px\" class=\"wp-caption alignnone\"><img loading=\"lazy\" decoding=\"async\" class=\"wp-image-12039 size-large\" src=\"https:\/\/renatodias.online\/movimento\/wp-content\/uploads\/2022\/04\/Gleisi-Hoffmann-especial-1612x1024.jpg\" alt=\"\" width=\"1140\" height=\"724\" \/><figcaption id=\"caption-attachment-12039\" class=\"wp-caption-text\"><strong>Gleisi Hoffmann<\/strong><\/figcaption><\/figure>\n<p>Erotides Borges, aos 74 anos de idade, \u00e9 um dos fundadores do PT. Nascido em 10 de fevereiro do ano de 1980, no Col\u00e9gio Sion, em S\u00e3o Paulo [SP], ainda sob a ditadura civil e militar no Brasil. Ele revela que o professor universit\u00e1rio Wolmir Amado ser\u00e1 consultado referente \u00e0 sua posi\u00e7\u00e3o na chapa majorit\u00e1ria. A presidente do PC do B Estadual, <strong>Isaura Lemos<\/strong>,\u00a0 diz ter indicado <strong>Denise Carvalho<\/strong> \u00e0 vaga ao Senado da Rep\u00fablica.\u00a0 Os l\u00edderes petistas querem tentar atrair tamb\u00e9m o <strong>Psol<\/strong> e a <strong>Rede Sustentabilidade<\/strong> para a coliga\u00e7\u00e3o.<\/p>\n<figure id=\"attachment_9628\" aria-describedby=\"caption-attachment-9628\" style=\"width: 1280px\" class=\"wp-caption alignnone\"><img loading=\"lazy\" decoding=\"async\" class=\"wp-image-9628 size-full\" src=\"https:\/\/renatodias.online\/movimento\/wp-content\/uploads\/2021\/11\/Wolmir-Amado.jpeg\" alt=\"\" width=\"1280\" height=\"853\" \/><figcaption id=\"caption-attachment-9628\" class=\"wp-caption-text\"><strong>Wolmir Therezio Amado, ex-reitor da PUC Goi\u00e1s<br \/><\/strong><\/figcaption><\/figure>\n<p>O <span style=\"color: #ff0000;\"><strong>Portal de Not\u00edcias www.renatodias.online <\/strong><\/span>apurou que a frente eleitoral de centro-esquerda, com o apoio de Luiz In\u00e1cio Lula da Silva e Geraldo Alckmin, projeta eleger <strong>seis deputados federais<\/strong>. Rubens Otoni, Adriana Accorsi, Edward Madu\u00adreira, Elias Vaz, Valdir Minerovitz e Euler Ivo Vieira comp\u00f5em a rela\u00e7\u00e3o. Assim como conquistar, pelo menos, <strong>seis cadeiras na Assembleia Legislativa de Goi\u00e1s<\/strong>: Ant\u00f4nio Roberto, K\u00e1tia Maria, Lu\u00eds Cesar Bueno e Freitas, Marina Sant\u00b4Anna, Isaura Lemos e Karlos Cabral, na lista.<\/p>\n<figure id=\"attachment_3467\" aria-describedby=\"caption-attachment-3467\" style=\"width: 1024px\" class=\"wp-caption alignnone\"><img loading=\"lazy\" decoding=\"async\" class=\"wp-image-3467 size-large\" src=\"https:\/\/renatodias.online\/movimento\/wp-content\/uploads\/2020\/05\/4818fc12-6746-401b-9fbd-5c14c50b07c3-1024x670.jpg\" alt=\"\" width=\"1024\" height=\"670\" srcset=\"https:\/\/renatodias.online\/movimento\/wp-content\/uploads\/2020\/05\/4818fc12-6746-401b-9fbd-5c14c50b07c3-1024x670.jpg 1024w, https:\/\/renatodias.online\/movimento\/wp-content\/uploads\/2020\/05\/4818fc12-6746-401b-9fbd-5c14c50b07c3-300x196.jpg 300w, https:\/\/renatodias.online\/movimento\/wp-content\/uploads\/2020\/05\/4818fc12-6746-401b-9fbd-5c14c50b07c3-768x503.jpg 768w, https:\/\/renatodias.online\/movimento\/wp-content\/uploads\/2020\/05\/4818fc12-6746-401b-9fbd-5c14c50b07c3-750x491.jpg 750w, https:\/\/renatodias.online\/movimento\/wp-content\/uploads\/2020\/05\/4818fc12-6746-401b-9fbd-5c14c50b07c3.jpg 1280w\" sizes=\"auto, (max-width: 1024px) 100vw, 1024px\" \/><figcaption id=\"caption-attachment-3467\" class=\"wp-caption-text\"><strong>Rubens Otoni, deputado federal, disputa a reelei\u00e7\u00e3o em 2 de outubro de 2022<br \/><\/strong><\/figcaption><\/figure>\n<p><strong>Lula <\/strong>deve sacramentar a coaliz\u00e3o em ato, em Goi\u00e2nia. N\u00e3o h\u00e1 data prevista.\u00a0 Ex-deputada estadual, Isaura Lemos v\u00ea com bons olhos o nome de Jos\u00e9 Eliton. <strong>C\u00edntia Dias<\/strong>, presidente do Psol, apresenta resist\u00eancias ao PSB. <span style=\"color: #008080;\">A Rede em Goi\u00e1s acertou, hoje, em Bras\u00edlia, alian\u00e7a com o PT Nacional.<\/span>\u00a0 <span style=\"color: #0000ff;\">Um ex-presidente do PT em Goi\u00e1s diz que n\u00e3o h\u00e1 martelo batido \u00e0 chapa majorit\u00e1ria. A decis\u00e3o ser\u00e1 da dire\u00e7\u00e3o nacional<strong>, <\/strong>explica<\/span>. <span style=\"color: #ff0000;\">N\u00e3o h\u00e1 mais hegemonia do PT Para Vencer, em Goi\u00e1s, diz um jornalista que prefere n\u00e3o identificar-se<\/span><\/p>\n<figure id=\"attachment_10977\" aria-describedby=\"caption-attachment-10977\" style=\"width: 800px\" class=\"wp-caption aligncenter\"><img loading=\"lazy\" decoding=\"async\" class=\"wp-image-10977 size-full\" src=\"https:\/\/renatodias.online\/movimento\/wp-content\/uploads\/2022\/02\/Isaura-Lemos-especial.jpeg\" alt=\"\" width=\"800\" height=\"540\" \/><figcaption id=\"caption-attachment-10977\" class=\"wp-caption-text\"><strong>A presidente do PC do B, Isaura Lemos\u00a0\u00a0 Cr\u00e9dito_ O Popular<\/strong><\/figcaption><\/figure>\n<p>&nbsp;<\/p>\n","protected":false},"excerpt":{"rendered":"<p>A estrat\u00e9gia \u00e9 ampliar o palaque Federa\u00e7\u00e3o PT, PC do B, PV caminha com PSB, quer Rede e Psol Lula e Alckmin costuram acordos nacionais Renato Dias Apesar de admitir que o ex-reitor da PUC Goi\u00e1s Wolmir Amado [PT] cumpre, hoje, um papel estrat\u00e9gico como protagonista na oposi\u00e7\u00e3o ao governador do Estado, Ronaldo Caiado [Uni\u00e3o<\/p>\n","protected":false},"author":2,"featured_media":6741,"comment_status":"open","ping_status":"open","sticky":false,"template":"","format":"standard","meta":{"_acf_changed":false,"_monsterinsights_skip_tracking":false,"_monsterinsights_sitenote_active":false,"_monsterinsights_sitenote_note":"","_monsterinsights_sitenote_category":0,"footnotes":""},"categories":[4],"tags":[],"class_list":["post-12038","post","type-post","status-publish","format-standard","has-post-thumbnail","hentry","category-politica"],"acf":[],"yoast_head":"<!-- This site is optimized with the Yoast SEO plugin v27.4 - https:\/\/yoast.com\/product\/yoast-seo-wordpress\/ -->\n<title>PT define t\u00e1tica em maio -<\/title>\n<meta name=\"robots\" content=\"index, follow, max-snippet:-1, max-image-preview:large, max-video-preview:-1\" \/>\n<link rel=\"canonical\" href=\"https:\/\/renatodias.online\/movimento\/2022\/04\/27\/pt-deve-apoiar-jose-eliton\/\" \/>\n<meta property=\"og:locale\" content=\"pt_BR\" \/>\n<meta property=\"og:type\" content=\"article\" \/>\n<meta property=\"og:title\" content=\"PT define t\u00e1tica em maio -\" \/>\n<meta property=\"og:description\" content=\"A estrat\u00e9gia \u00e9 ampliar o palaque Federa\u00e7\u00e3o PT, PC do B, PV caminha com PSB, quer Rede e Psol Lula e Alckmin costuram acordos nacionais Renato Dias Apesar de admitir que o ex-reitor da PUC Goi\u00e1s Wolmir Amado [PT] cumpre, hoje, um papel estrat\u00e9gico como protagonista na oposi\u00e7\u00e3o ao governador do Estado, Ronaldo Caiado [Uni\u00e3o\" \/>\n<meta property=\"og:url\" content=\"https:\/\/renatodias.online\/movimento\/2022\/04\/27\/pt-deve-apoiar-jose-eliton\/\" \/>\n<meta property=\"article:publisher\" content=\"https:\/\/www.facebook.com\/renato.dias.37\" \/>\n<meta property=\"article:author\" content=\"https:\/\/www.facebook.com\/renato.dias.37\" \/>\n<meta property=\"article:published_time\" content=\"2022-04-27T20:32:40+00:00\" \/>\n<meta property=\"article:modified_time\" content=\"2022-04-28T17:47:28+00:00\" \/>\n<meta property=\"og:image\" content=\"https:\/\/renatodias.online\/movimento\/wp-content\/uploads\/2021\/05\/Erotides-Borges-_-Cuba-e1651090948105.jpg\" \/>\n\t<meta property=\"og:image:width\" content=\"360\" \/>\n\t<meta property=\"og:image:height\" content=\"240\" \/>\n\t<meta property=\"og:image:type\" content=\"image\/jpeg\" \/>\n<meta name=\"author\" content=\"Renato Dias\" \/>\n<meta name=\"twitter:card\" content=\"summary_large_image\" \/>\n<meta name=\"twitter:creator\" content=\"@RenatoDiasBat\" \/>\n<meta name=\"twitter:site\" content=\"@RenatoDiasBat\" \/>\n<meta name=\"twitter:label1\" content=\"Escrito por\" \/>\n\t<meta name=\"twitter:data1\" content=\"Renato Dias\" \/>\n\t<meta name=\"twitter:label2\" content=\"Est. tempo de leitura\" \/>\n\t<meta name=\"twitter:data2\" content=\"3 minutos\" \/>\n<script type=\"application\/ld+json\" class=\"yoast-schema-graph\">{\"@context\":\"https:\\\/\\\/schema.org\",\"@graph\":[{\"@type\":\"Article\",\"@id\":\"https:\\\/\\\/renatodias.online\\\/movimento\\\/2022\\\/04\\\/27\\\/pt-deve-apoiar-jose-eliton\\\/#article\",\"isPartOf\":{\"@id\":\"https:\\\/\\\/renatodias.online\\\/movimento\\\/2022\\\/04\\\/27\\\/pt-deve-apoiar-jose-eliton\\\/\"},\"author\":{\"name\":\"Renato Dias\",\"@id\":\"https:\\\/\\\/renatodias.online\\\/movimento\\\/#\\\/schema\\\/person\\\/bbab28833b1725a20f4083f49f1fb2a9\"},\"headline\":\"PT define t\u00e1tica em maio\",\"datePublished\":\"2022-04-27T20:32:40+00:00\",\"dateModified\":\"2022-04-28T17:47:28+00:00\",\"mainEntityOfPage\":{\"@id\":\"https:\\\/\\\/renatodias.online\\\/movimento\\\/2022\\\/04\\\/27\\\/pt-deve-apoiar-jose-eliton\\\/\"},\"wordCount\":606,\"commentCount\":0,\"publisher\":{\"@id\":\"https:\\\/\\\/renatodias.online\\\/movimento\\\/#\\\/schema\\\/person\\\/bbab28833b1725a20f4083f49f1fb2a9\"},\"image\":{\"@id\":\"https:\\\/\\\/renatodias.online\\\/movimento\\\/2022\\\/04\\\/27\\\/pt-deve-apoiar-jose-eliton\\\/#primaryimage\"},\"thumbnailUrl\":\"https:\\\/\\\/renatodias.online\\\/movimento\\\/wp-content\\\/uploads\\\/2021\\\/05\\\/Erotides-Borges-_-Cuba-e1651090948105.jpg\",\"articleSection\":[\"Pol\u00edtica\"],\"inLanguage\":\"pt-BR\",\"potentialAction\":[{\"@type\":\"CommentAction\",\"name\":\"Comment\",\"target\":[\"https:\\\/\\\/renatodias.online\\\/movimento\\\/2022\\\/04\\\/27\\\/pt-deve-apoiar-jose-eliton\\\/#respond\"]}]},{\"@type\":\"WebPage\",\"@id\":\"https:\\\/\\\/renatodias.online\\\/movimento\\\/2022\\\/04\\\/27\\\/pt-deve-apoiar-jose-eliton\\\/\",\"url\":\"https:\\\/\\\/renatodias.online\\\/movimento\\\/2022\\\/04\\\/27\\\/pt-deve-apoiar-jose-eliton\\\/\",\"name\":\"PT define t\u00e1tica em maio -\",\"isPartOf\":{\"@id\":\"https:\\\/\\\/renatodias.online\\\/movimento\\\/#website\"},\"primaryImageOfPage\":{\"@id\":\"https:\\\/\\\/renatodias.online\\\/movimento\\\/2022\\\/04\\\/27\\\/pt-deve-apoiar-jose-eliton\\\/#primaryimage\"},\"image\":{\"@id\":\"https:\\\/\\\/renatodias.online\\\/movimento\\\/2022\\\/04\\\/27\\\/pt-deve-apoiar-jose-eliton\\\/#primaryimage\"},\"thumbnailUrl\":\"https:\\\/\\\/renatodias.online\\\/movimento\\\/wp-content\\\/uploads\\\/2021\\\/05\\\/Erotides-Borges-_-Cuba-e1651090948105.jpg\",\"datePublished\":\"2022-04-27T20:32:40+00:00\",\"dateModified\":\"2022-04-28T17:47:28+00:00\",\"breadcrumb\":{\"@id\":\"https:\\\/\\\/renatodias.online\\\/movimento\\\/2022\\\/04\\\/27\\\/pt-deve-apoiar-jose-eliton\\\/#breadcrumb\"},\"inLanguage\":\"pt-BR\",\"potentialAction\":[{\"@type\":\"ReadAction\",\"target\":[\"https:\\\/\\\/renatodias.online\\\/movimento\\\/2022\\\/04\\\/27\\\/pt-deve-apoiar-jose-eliton\\\/\"]}]},{\"@type\":\"ImageObject\",\"inLanguage\":\"pt-BR\",\"@id\":\"https:\\\/\\\/renatodias.online\\\/movimento\\\/2022\\\/04\\\/27\\\/pt-deve-apoiar-jose-eliton\\\/#primaryimage\",\"url\":\"https:\\\/\\\/renatodias.online\\\/movimento\\\/wp-content\\\/uploads\\\/2021\\\/05\\\/Erotides-Borges-_-Cuba-e1651090948105.jpg\",\"contentUrl\":\"https:\\\/\\\/renatodias.online\\\/movimento\\\/wp-content\\\/uploads\\\/2021\\\/05\\\/Erotides-Borges-_-Cuba-e1651090948105.jpg\",\"width\":360,\"height\":240,\"caption\":\"Erotides Borges _ Dirigente do PT em Goi\u00e1s\"},{\"@type\":\"BreadcrumbList\",\"@id\":\"https:\\\/\\\/renatodias.online\\\/movimento\\\/2022\\\/04\\\/27\\\/pt-deve-apoiar-jose-eliton\\\/#breadcrumb\",\"itemListElement\":[{\"@type\":\"ListItem\",\"position\":1,\"name\":\"In\u00edcio\",\"item\":\"https:\\\/\\\/renatodias.online\\\/movimento\\\/\"},{\"@type\":\"ListItem\",\"position\":2,\"name\":\"PT define t\u00e1tica em maio\"}]},{\"@type\":\"WebSite\",\"@id\":\"https:\\\/\\\/renatodias.online\\\/movimento\\\/#website\",\"url\":\"https:\\\/\\\/renatodias.online\\\/movimento\\\/\",\"name\":\"\",\"description\":\"\",\"publisher\":{\"@id\":\"https:\\\/\\\/renatodias.online\\\/movimento\\\/#\\\/schema\\\/person\\\/bbab28833b1725a20f4083f49f1fb2a9\"},\"potentialAction\":[{\"@type\":\"SearchAction\",\"target\":{\"@type\":\"EntryPoint\",\"urlTemplate\":\"https:\\\/\\\/renatodias.online\\\/movimento\\\/?s={search_term_string}\"},\"query-input\":{\"@type\":\"PropertyValueSpecification\",\"valueRequired\":true,\"valueName\":\"search_term_string\"}}],\"inLanguage\":\"pt-BR\"},{\"@type\":[\"Person\",\"Organization\"],\"@id\":\"https:\\\/\\\/renatodias.online\\\/movimento\\\/#\\\/schema\\\/person\\\/bbab28833b1725a20f4083f49f1fb2a9\",\"name\":\"Renato Dias\",\"image\":{\"@type\":\"ImageObject\",\"inLanguage\":\"pt-BR\",\"@id\":\"https:\\\/\\\/renatodias.online\\\/movimento\\\/wp-content\\\/uploads\\\/2023\\\/03\\\/cropped-cropped-cropped-logofinal.jpeg\",\"url\":\"https:\\\/\\\/renatodias.online\\\/movimento\\\/wp-content\\\/uploads\\\/2023\\\/03\\\/cropped-cropped-cropped-logofinal.jpeg\",\"contentUrl\":\"https:\\\/\\\/renatodias.online\\\/movimento\\\/wp-content\\\/uploads\\\/2023\\\/03\\\/cropped-cropped-cropped-logofinal.jpeg\",\"width\":1280,\"height\":219,\"caption\":\"Renato Dias\"},\"logo\":{\"@id\":\"https:\\\/\\\/renatodias.online\\\/movimento\\\/wp-content\\\/uploads\\\/2023\\\/03\\\/cropped-cropped-cropped-logofinal.jpeg\"},\"description\":\"Renato Dias, 58 anos, \u00e9 graduado em Jornalismo, formado em Ci\u00eancias Sociais, com p\u00f3s-gradua\u00e7\u00e3o em Pol\u00edticas P\u00fablicas, mestre em Direito e Rela\u00e7\u00f5es Internacionais, ex-aluno extraordin\u00e1rio do Doutorado em Psicologia Social, ex-estudante do Curso de Psican\u00e1lise do Centro de Estudos Psicanal\u00edticos do Estado de Goi\u00e1s, ministrado pelo m\u00e9dico psiquiatra e psicanalista Daniel Em\u00eddio de Souza. \u00c9 autor de 30 livros-reportagem, oito document\u00e1rios, ganhou 30 pr\u00eamios e \u00e9 torcedor apaixonado do maior do Centro-Oeste, o Vila Nova Futebol Clube. Casado com Meirilane Dias, \u00e9 pai de Juliana Dias, jornalista; Daniel Dias, economista; e Maria Rosa Dias, estudante antifascista, socialista e trotskista.\u00a0Com tr\u00eas pets: Porquinho [Bull Dog Franc\u00eas], Dalila [Basset Hound] e Geleia [Basset Hound]. Al\u00e9m do eterno gato Tutuquinho, que virou estrela.\",\"sameAs\":[\"https:\\\/\\\/www.facebook.com\\\/renato.dias.37\",\"#breve\",\"https:\\\/\\\/renatodias.tumblr.com\\\/\"],\"url\":\"https:\\\/\\\/renatodias.online\\\/movimento\\\/author\\\/renatodias\\\/\"}]}<\/script>\n<!-- \/ Yoast SEO plugin. -->","yoast_head_json":{"title":"PT define t\u00e1tica em maio -","robots":{"index":"index","follow":"follow","max-snippet":"max-snippet:-1","max-image-preview":"max-image-preview:large","max-video-preview":"max-video-preview:-1"},"canonical":"https:\/\/renatodias.online\/movimento\/2022\/04\/27\/pt-deve-apoiar-jose-eliton\/","og_locale":"pt_BR","og_type":"article","og_title":"PT define t\u00e1tica em maio -","og_description":"A estrat\u00e9gia \u00e9 ampliar o palaque Federa\u00e7\u00e3o PT, PC do B, PV caminha com PSB, quer Rede e Psol Lula e Alckmin costuram acordos nacionais Renato Dias Apesar de admitir que o ex-reitor da PUC Goi\u00e1s Wolmir Amado [PT] cumpre, hoje, um papel estrat\u00e9gico como protagonista na oposi\u00e7\u00e3o ao governador do Estado, Ronaldo Caiado [Uni\u00e3o","og_url":"https:\/\/renatodias.online\/movimento\/2022\/04\/27\/pt-deve-apoiar-jose-eliton\/","article_publisher":"https:\/\/www.facebook.com\/renato.dias.37","article_author":"https:\/\/www.facebook.com\/renato.dias.37","article_published_time":"2022-04-27T20:32:40+00:00","article_modified_time":"2022-04-28T17:47:28+00:00","og_image":[{"width":360,"height":240,"url":"https:\/\/renatodias.online\/movimento\/wp-content\/uploads\/2021\/05\/Erotides-Borges-_-Cuba-e1651090948105.jpg","type":"image\/jpeg"}],"author":"Renato Dias","twitter_card":"summary_large_image","twitter_creator":"@RenatoDiasBat","twitter_site":"@RenatoDiasBat","twitter_misc":{"Escrito por":"Renato Dias","Est. tempo de leitura":"3 minutos"},"schema":{"@context":"https:\/\/schema.org","@graph":[{"@type":"Article","@id":"https:\/\/renatodias.online\/movimento\/2022\/04\/27\/pt-deve-apoiar-jose-eliton\/#article","isPartOf":{"@id":"https:\/\/renatodias.online\/movimento\/2022\/04\/27\/pt-deve-apoiar-jose-eliton\/"},"author":{"name":"Renato Dias","@id":"https:\/\/renatodias.online\/movimento\/#\/schema\/person\/bbab28833b1725a20f4083f49f1fb2a9"},"headline":"PT define t\u00e1tica em maio","datePublished":"2022-04-27T20:32:40+00:00","dateModified":"2022-04-28T17:47:28+00:00","mainEntityOfPage":{"@id":"https:\/\/renatodias.online\/movimento\/2022\/04\/27\/pt-deve-apoiar-jose-eliton\/"},"wordCount":606,"commentCount":0,"publisher":{"@id":"https:\/\/renatodias.online\/movimento\/#\/schema\/person\/bbab28833b1725a20f4083f49f1fb2a9"},"image":{"@id":"https:\/\/renatodias.online\/movimento\/2022\/04\/27\/pt-deve-apoiar-jose-eliton\/#primaryimage"},"thumbnailUrl":"https:\/\/renatodias.online\/movimento\/wp-content\/uploads\/2021\/05\/Erotides-Borges-_-Cuba-e1651090948105.jpg","articleSection":["Pol\u00edtica"],"inLanguage":"pt-BR","potentialAction":[{"@type":"CommentAction","name":"Comment","target":["https:\/\/renatodias.online\/movimento\/2022\/04\/27\/pt-deve-apoiar-jose-eliton\/#respond"]}]},{"@type":"WebPage","@id":"https:\/\/renatodias.online\/movimento\/2022\/04\/27\/pt-deve-apoiar-jose-eliton\/","url":"https:\/\/renatodias.online\/movimento\/2022\/04\/27\/pt-deve-apoiar-jose-eliton\/","name":"PT define t\u00e1tica em maio -","isPartOf":{"@id":"https:\/\/renatodias.online\/movimento\/#website"},"primaryImageOfPage":{"@id":"https:\/\/renatodias.online\/movimento\/2022\/04\/27\/pt-deve-apoiar-jose-eliton\/#primaryimage"},"image":{"@id":"https:\/\/renatodias.online\/movimento\/2022\/04\/27\/pt-deve-apoiar-jose-eliton\/#primaryimage"},"thumbnailUrl":"https:\/\/renatodias.online\/movimento\/wp-content\/uploads\/2021\/05\/Erotides-Borges-_-Cuba-e1651090948105.jpg","datePublished":"2022-04-27T20:32:40+00:00","dateModified":"2022-04-28T17:47:28+00:00","breadcrumb":{"@id":"https:\/\/renatodias.online\/movimento\/2022\/04\/27\/pt-deve-apoiar-jose-eliton\/#breadcrumb"},"inLanguage":"pt-BR","potentialAction":[{"@type":"ReadAction","target":["https:\/\/renatodias.online\/movimento\/2022\/04\/27\/pt-deve-apoiar-jose-eliton\/"]}]},{"@type":"ImageObject","inLanguage":"pt-BR","@id":"https:\/\/renatodias.online\/movimento\/2022\/04\/27\/pt-deve-apoiar-jose-eliton\/#primaryimage","url":"https:\/\/renatodias.online\/movimento\/wp-content\/uploads\/2021\/05\/Erotides-Borges-_-Cuba-e1651090948105.jpg","contentUrl":"https:\/\/renatodias.online\/movimento\/wp-content\/uploads\/2021\/05\/Erotides-Borges-_-Cuba-e1651090948105.jpg","width":360,"height":240,"caption":"Erotides Borges _ Dirigente do PT em Goi\u00e1s"},{"@type":"BreadcrumbList","@id":"https:\/\/renatodias.online\/movimento\/2022\/04\/27\/pt-deve-apoiar-jose-eliton\/#breadcrumb","itemListElement":[{"@type":"ListItem","position":1,"name":"In\u00edcio","item":"https:\/\/renatodias.online\/movimento\/"},{"@type":"ListItem","position":2,"name":"PT define t\u00e1tica em maio"}]},{"@type":"WebSite","@id":"https:\/\/renatodias.online\/movimento\/#website","url":"https:\/\/renatodias.online\/movimento\/","name":"","description":"","publisher":{"@id":"https:\/\/renatodias.online\/movimento\/#\/schema\/person\/bbab28833b1725a20f4083f49f1fb2a9"},"potentialAction":[{"@type":"SearchAction","target":{"@type":"EntryPoint","urlTemplate":"https:\/\/renatodias.online\/movimento\/?s={search_term_string}"},"query-input":{"@type":"PropertyValueSpecification","valueRequired":true,"valueName":"search_term_string"}}],"inLanguage":"pt-BR"},{"@type":["Person","Organization"],"@id":"https:\/\/renatodias.online\/movimento\/#\/schema\/person\/bbab28833b1725a20f4083f49f1fb2a9","name":"Renato Dias","image":{"@type":"ImageObject","inLanguage":"pt-BR","@id":"https:\/\/renatodias.online\/movimento\/wp-content\/uploads\/2023\/03\/cropped-cropped-cropped-logofinal.jpeg","url":"https:\/\/renatodias.online\/movimento\/wp-content\/uploads\/2023\/03\/cropped-cropped-cropped-logofinal.jpeg","contentUrl":"https:\/\/renatodias.online\/movimento\/wp-content\/uploads\/2023\/03\/cropped-cropped-cropped-logofinal.jpeg","width":1280,"height":219,"caption":"Renato Dias"},"logo":{"@id":"https:\/\/renatodias.online\/movimento\/wp-content\/uploads\/2023\/03\/cropped-cropped-cropped-logofinal.jpeg"},"description":"Renato Dias, 58 anos, \u00e9 graduado em Jornalismo, formado em Ci\u00eancias Sociais, com p\u00f3s-gradua\u00e7\u00e3o em Pol\u00edticas P\u00fablicas, mestre em Direito e Rela\u00e7\u00f5es Internacionais, ex-aluno extraordin\u00e1rio do Doutorado em Psicologia Social, ex-estudante do Curso de Psican\u00e1lise do Centro de Estudos Psicanal\u00edticos do Estado de Goi\u00e1s, ministrado pelo m\u00e9dico psiquiatra e psicanalista Daniel Em\u00eddio de Souza. \u00c9 autor de 30 livros-reportagem, oito document\u00e1rios, ganhou 30 pr\u00eamios e \u00e9 torcedor apaixonado do maior do Centro-Oeste, o Vila Nova Futebol Clube. Casado com Meirilane Dias, \u00e9 pai de Juliana Dias, jornalista; Daniel Dias, economista; e Maria Rosa Dias, estudante antifascista, socialista e trotskista.\u00a0Com tr\u00eas pets: Porquinho [Bull Dog Franc\u00eas], Dalila [Basset Hound] e Geleia [Basset Hound]. Al\u00e9m do eterno gato Tutuquinho, que virou estrela.","sameAs":["https:\/\/www.facebook.com\/renato.dias.37","#breve","https:\/\/renatodias.tumblr.com\/"],"url":"https:\/\/renatodias.online\/movimento\/author\/renatodias\/"}]}},"_links":{"self":[{"href":"https:\/\/renatodias.online\/movimento\/wp-json\/wp\/v2\/posts\/12038","targetHints":{"allow":["GET"]}}],"collection":[{"href":"https:\/\/renatodias.online\/movimento\/wp-json\/wp\/v2\/posts"}],"about":[{"href":"https:\/\/renatodias.online\/movimento\/wp-json\/wp\/v2\/types\/post"}],"author":[{"embeddable":true,"href":"https:\/\/renatodias.online\/movimento\/wp-json\/wp\/v2\/users\/2"}],"replies":[{"embeddable":true,"href":"https:\/\/renatodias.online\/movimento\/wp-json\/wp\/v2\/comments?post=12038"}],"version-history":[{"count":6,"href":"https:\/\/renatodias.online\/movimento\/wp-json\/wp\/v2\/posts\/12038\/revisions"}],"predecessor-version":[{"id":12053,"href":"https:\/\/renatodias.online\/movimento\/wp-json\/wp\/v2\/posts\/12038\/revisions\/12053"}],"wp:featuredmedia":[{"embeddable":true,"href":"https:\/\/renatodias.online\/movimento\/wp-json\/wp\/v2\/media\/6741"}],"wp:attachment":[{"href":"https:\/\/renatodias.online\/movimento\/wp-json\/wp\/v2\/media?parent=12038"}],"wp:term":[{"taxonomy":"category","embeddable":true,"href":"https:\/\/renatodias.online\/movimento\/wp-json\/wp\/v2\/categories?post=12038"},{"taxonomy":"post_tag","embeddable":true,"href":"https:\/\/renatodias.online\/movimento\/wp-json\/wp\/v2\/tags?post=12038"}],"curies":[{"name":"wp","href":"https:\/\/api.w.org\/{rel}","templated":true}]}}