{"id":12011,"date":"2022-04-24T21:56:56","date_gmt":"2022-04-25T00:56:56","guid":{"rendered":"https:\/\/renatodias.online\/movimento\/?p=12011"},"modified":"2022-04-24T22:02:03","modified_gmt":"2022-04-25T01:02:03","slug":"12011","status":"publish","type":"post","link":"https:\/\/renatodias.online\/movimento\/2022\/04\/24\/12011\/","title":{"rendered":"Betty Almeida ataca perd\u00e3o"},"content":{"rendered":"<p style=\"text-align: center;\"><span style=\"color: #0000ff;\">https:\/\/www.instagram.com\/reel\/CcqcTW6jAzh\/?igshid=MDJmNzVkMjY=<\/span><\/p>\n<p><img loading=\"lazy\" decoding=\"async\" class=\"size-full wp-image-8967\" src=\"https:\/\/renatodias.online\/movimento\/wp-content\/uploads\/2021\/09\/Explosivo-1.jpg\" alt=\"\" width=\"1024\" height=\"536\" \/><\/p>\n<h1 style=\"text-align: center;\"><span style=\"color: #808000;\"><strong>Betty Almeida ataca perd\u00e3o<\/strong><\/span><\/h1>\n<p><strong> <img loading=\"lazy\" decoding=\"async\" class=\"wp-image-12012 size-full aligncenter\" src=\"https:\/\/renatodias.online\/movimento\/wp-content\/uploads\/2022\/04\/Betty-Almeida-escritora.png\" alt=\"\" width=\"663\" height=\"688\" srcset=\"https:\/\/renatodias.online\/movimento\/wp-content\/uploads\/2022\/04\/Betty-Almeida-escritora.png 663w, https:\/\/renatodias.online\/movimento\/wp-content\/uploads\/2022\/04\/Betty-Almeida-escritora-289x300.png 289w\" sizes=\"auto, (max-width: 663px) 100vw, 663px\" \/><\/strong><\/p>\n<h1 style=\"text-align: center;\"><span style=\"color: #ff0000;\"><strong>Bandido bom \u00e9 bolsonarista solto, ironiza<\/strong><\/span><\/h1>\n<figure id=\"attachment_12013\" aria-describedby=\"caption-attachment-12013\" style=\"width: 814px\" class=\"wp-caption aligncenter\"><img loading=\"lazy\" decoding=\"async\" class=\"wp-image-12013 size-full\" src=\"https:\/\/renatodias.online\/movimento\/wp-content\/uploads\/2022\/04\/Daniel-Silveira.jpg\" alt=\"\" width=\"814\" height=\"458\" \/><figcaption id=\"caption-attachment-12013\" class=\"wp-caption-text\"><strong>Daniel Silveira<\/strong><\/figcaption><\/figure>\n<h1 style=\"text-align: center;\"><span style=\"color: #808080;\"><strong>Perd\u00e3o a Daniel Silveira \u00e9 inaceit\u00e1vel, desabafa<\/strong><\/span><\/h1>\n<p><strong>\u00a0<\/strong><strong>Renato Dias<\/strong><\/p>\n<p>A professora universit\u00e1ria e escritora Betty Almeida condena o perd\u00e3o do atual presidente da Rep\u00fablica, Jair Messias Bolsonaro [PL], ao deputado federal Daniel Silveira. O parlamentar havia sido condenado por dez a um no Supremo Tribunal Federal [STF], a corte suprema, a oito anos e nove meses de pris\u00e3o.<\/p>\n<figure id=\"attachment_8701\" aria-describedby=\"caption-attachment-8701\" style=\"width: 1500px\" class=\"wp-caption alignnone\"><img loading=\"lazy\" decoding=\"async\" class=\"wp-image-8701 size-full\" src=\"https:\/\/renatodias.online\/movimento\/wp-content\/uploads\/2021\/08\/Alexandre-de-Moraes-STF.jpg\" alt=\"\" width=\"1500\" height=\"1000\" \/><figcaption id=\"caption-attachment-8701\" class=\"wp-caption-text\"><strong>Ministro do STF, Alexandre de Moraes<\/strong><\/figcaption><\/figure>\n<h1><span style=\"color: #0000ff;\"><strong>Nitroglicerina pura<\/strong><\/span><\/h1>\n<p>Para o inquilino do Pal\u00e1cio do Planalto, bandido bom \u00e9 bandido bolsonarista solto, alfineta &#8211; o. O ato corr\u00f3i e degrada as institui\u00e7\u00f5es do Brasil, alerta. A autora da biografia de Honestino Monteiro Guimar\u00e3es, ex-presidente da UNE desaparecido pol\u00edtico em outubro de 1973, quer a sua retirada do Pal\u00e1cio da Alvorada. Genocida, atira.<\/p>\n<table>\n<tbody>\n<tr>\n<td>\n<table>\n<tbody>\n<tr>\n<td><\/td>\n<\/tr>\n<\/tbody>\n<\/table>\n<\/td>\n<\/tr>\n<\/tbody>\n<\/table>\n<p>&nbsp;<\/p>\n<p>&nbsp;<\/p>\n","protected":false},"excerpt":{"rendered":"<p>https:\/\/www.instagram.com\/reel\/CcqcTW6jAzh\/?igshid=MDJmNzVkMjY= Betty Almeida ataca perd\u00e3o Bandido bom \u00e9 bolsonarista solto, ironiza Perd\u00e3o a Daniel Silveira \u00e9 inaceit\u00e1vel, desabafa \u00a0Renato Dias A professora universit\u00e1ria e escritora Betty Almeida condena o perd\u00e3o do atual presidente da Rep\u00fablica, Jair Messias Bolsonaro [PL], ao deputado federal Daniel Silveira. O parlamentar havia sido condenado por dez a um no Supremo<\/p>\n","protected":false},"author":2,"featured_media":12016,"comment_status":"open","ping_status":"open","sticky":false,"template":"","format":"standard","meta":{"_acf_changed":false,"_monsterinsights_skip_tracking":false,"_monsterinsights_sitenote_active":false,"_monsterinsights_sitenote_note":"","_monsterinsights_sitenote_category":0,"footnotes":""},"categories":[35],"tags":[],"class_list":["post-12011","post","type-post","status-publish","format-standard","has-post-thumbnail","hentry","category-nacional"],"acf":[],"yoast_head":"<!-- This site is optimized with the Yoast SEO plugin v27.4 - https:\/\/yoast.com\/product\/yoast-seo-wordpress\/ -->\n<title>Betty Almeida ataca perd\u00e3o -<\/title>\n<meta name=\"robots\" content=\"index, follow, max-snippet:-1, max-image-preview:large, max-video-preview:-1\" \/>\n<link rel=\"canonical\" href=\"https:\/\/renatodias.online\/movimento\/2022\/04\/24\/12011\/\" \/>\n<meta property=\"og:locale\" content=\"pt_BR\" \/>\n<meta property=\"og:type\" content=\"article\" \/>\n<meta property=\"og:title\" content=\"Betty Almeida ataca perd\u00e3o -\" \/>\n<meta property=\"og:description\" content=\"https:\/\/www.instagram.com\/reel\/CcqcTW6jAzh\/?igshid=MDJmNzVkMjY= Betty Almeida ataca perd\u00e3o Bandido bom \u00e9 bolsonarista solto, ironiza Perd\u00e3o a Daniel Silveira \u00e9 inaceit\u00e1vel, desabafa \u00a0Renato Dias A professora universit\u00e1ria e escritora Betty Almeida condena o perd\u00e3o do atual presidente da Rep\u00fablica, Jair Messias Bolsonaro [PL], ao deputado federal Daniel Silveira. O parlamentar havia sido condenado por dez a um no Supremo\" \/>\n<meta property=\"og:url\" content=\"https:\/\/renatodias.online\/movimento\/2022\/04\/24\/12011\/\" \/>\n<meta property=\"article:publisher\" content=\"https:\/\/www.facebook.com\/renato.dias.37\" \/>\n<meta property=\"article:author\" content=\"https:\/\/www.facebook.com\/renato.dias.37\" \/>\n<meta property=\"article:published_time\" content=\"2022-04-25T00:56:56+00:00\" \/>\n<meta property=\"article:modified_time\" content=\"2022-04-25T01:02:03+00:00\" \/>\n<meta property=\"og:image\" content=\"https:\/\/renatodias.online\/movimento\/wp-content\/uploads\/2022\/04\/Betty-Almeida-1-e1675390983285.jpg\" \/>\n\t<meta property=\"og:image:width\" content=\"360\" \/>\n\t<meta property=\"og:image:height\" content=\"203\" \/>\n\t<meta property=\"og:image:type\" content=\"image\/jpeg\" \/>\n<meta name=\"author\" content=\"Renato Dias\" \/>\n<meta name=\"twitter:card\" content=\"summary_large_image\" \/>\n<meta name=\"twitter:creator\" content=\"@RenatoDiasBat\" \/>\n<meta name=\"twitter:site\" content=\"@RenatoDiasBat\" \/>\n<meta name=\"twitter:label1\" content=\"Escrito por\" \/>\n\t<meta name=\"twitter:data1\" content=\"Renato Dias\" \/>\n\t<meta name=\"twitter:label2\" content=\"Est. tempo de leitura\" \/>\n\t<meta name=\"twitter:data2\" content=\"1 minuto\" \/>\n<script type=\"application\/ld+json\" class=\"yoast-schema-graph\">{\"@context\":\"https:\\\/\\\/schema.org\",\"@graph\":[{\"@type\":\"Article\",\"@id\":\"https:\\\/\\\/renatodias.online\\\/movimento\\\/2022\\\/04\\\/24\\\/12011\\\/#article\",\"isPartOf\":{\"@id\":\"https:\\\/\\\/renatodias.online\\\/movimento\\\/2022\\\/04\\\/24\\\/12011\\\/\"},\"author\":{\"name\":\"Renato Dias\",\"@id\":\"https:\\\/\\\/renatodias.online\\\/movimento\\\/#\\\/schema\\\/person\\\/bbab28833b1725a20f4083f49f1fb2a9\"},\"headline\":\"Betty Almeida ataca perd\u00e3o\",\"datePublished\":\"2022-04-25T00:56:56+00:00\",\"dateModified\":\"2022-04-25T01:02:03+00:00\",\"mainEntityOfPage\":{\"@id\":\"https:\\\/\\\/renatodias.online\\\/movimento\\\/2022\\\/04\\\/24\\\/12011\\\/\"},\"wordCount\":170,\"commentCount\":0,\"publisher\":{\"@id\":\"https:\\\/\\\/renatodias.online\\\/movimento\\\/#\\\/schema\\\/person\\\/bbab28833b1725a20f4083f49f1fb2a9\"},\"image\":{\"@id\":\"https:\\\/\\\/renatodias.online\\\/movimento\\\/2022\\\/04\\\/24\\\/12011\\\/#primaryimage\"},\"thumbnailUrl\":\"https:\\\/\\\/renatodias.online\\\/movimento\\\/wp-content\\\/uploads\\\/2022\\\/04\\\/Betty-Almeida-1-e1675390983285.jpg\",\"articleSection\":[\"Nacional\"],\"inLanguage\":\"pt-BR\",\"potentialAction\":[{\"@type\":\"CommentAction\",\"name\":\"Comment\",\"target\":[\"https:\\\/\\\/renatodias.online\\\/movimento\\\/2022\\\/04\\\/24\\\/12011\\\/#respond\"]}]},{\"@type\":\"WebPage\",\"@id\":\"https:\\\/\\\/renatodias.online\\\/movimento\\\/2022\\\/04\\\/24\\\/12011\\\/\",\"url\":\"https:\\\/\\\/renatodias.online\\\/movimento\\\/2022\\\/04\\\/24\\\/12011\\\/\",\"name\":\"Betty Almeida ataca perd\u00e3o -\",\"isPartOf\":{\"@id\":\"https:\\\/\\\/renatodias.online\\\/movimento\\\/#website\"},\"primaryImageOfPage\":{\"@id\":\"https:\\\/\\\/renatodias.online\\\/movimento\\\/2022\\\/04\\\/24\\\/12011\\\/#primaryimage\"},\"image\":{\"@id\":\"https:\\\/\\\/renatodias.online\\\/movimento\\\/2022\\\/04\\\/24\\\/12011\\\/#primaryimage\"},\"thumbnailUrl\":\"https:\\\/\\\/renatodias.online\\\/movimento\\\/wp-content\\\/uploads\\\/2022\\\/04\\\/Betty-Almeida-1-e1675390983285.jpg\",\"datePublished\":\"2022-04-25T00:56:56+00:00\",\"dateModified\":\"2022-04-25T01:02:03+00:00\",\"breadcrumb\":{\"@id\":\"https:\\\/\\\/renatodias.online\\\/movimento\\\/2022\\\/04\\\/24\\\/12011\\\/#breadcrumb\"},\"inLanguage\":\"pt-BR\",\"potentialAction\":[{\"@type\":\"ReadAction\",\"target\":[\"https:\\\/\\\/renatodias.online\\\/movimento\\\/2022\\\/04\\\/24\\\/12011\\\/\"]}]},{\"@type\":\"ImageObject\",\"inLanguage\":\"pt-BR\",\"@id\":\"https:\\\/\\\/renatodias.online\\\/movimento\\\/2022\\\/04\\\/24\\\/12011\\\/#primaryimage\",\"url\":\"https:\\\/\\\/renatodias.online\\\/movimento\\\/wp-content\\\/uploads\\\/2022\\\/04\\\/Betty-Almeida-1-e1675390983285.jpg\",\"contentUrl\":\"https:\\\/\\\/renatodias.online\\\/movimento\\\/wp-content\\\/uploads\\\/2022\\\/04\\\/Betty-Almeida-1-e1675390983285.jpg\",\"width\":360,\"height\":203,\"caption\":\"Betty Almeida\"},{\"@type\":\"BreadcrumbList\",\"@id\":\"https:\\\/\\\/renatodias.online\\\/movimento\\\/2022\\\/04\\\/24\\\/12011\\\/#breadcrumb\",\"itemListElement\":[{\"@type\":\"ListItem\",\"position\":1,\"name\":\"In\u00edcio\",\"item\":\"https:\\\/\\\/renatodias.online\\\/movimento\\\/\"},{\"@type\":\"ListItem\",\"position\":2,\"name\":\"Betty Almeida ataca perd\u00e3o\"}]},{\"@type\":\"WebSite\",\"@id\":\"https:\\\/\\\/renatodias.online\\\/movimento\\\/#website\",\"url\":\"https:\\\/\\\/renatodias.online\\\/movimento\\\/\",\"name\":\"\",\"description\":\"\",\"publisher\":{\"@id\":\"https:\\\/\\\/renatodias.online\\\/movimento\\\/#\\\/schema\\\/person\\\/bbab28833b1725a20f4083f49f1fb2a9\"},\"potentialAction\":[{\"@type\":\"SearchAction\",\"target\":{\"@type\":\"EntryPoint\",\"urlTemplate\":\"https:\\\/\\\/renatodias.online\\\/movimento\\\/?s={search_term_string}\"},\"query-input\":{\"@type\":\"PropertyValueSpecification\",\"valueRequired\":true,\"valueName\":\"search_term_string\"}}],\"inLanguage\":\"pt-BR\"},{\"@type\":[\"Person\",\"Organization\"],\"@id\":\"https:\\\/\\\/renatodias.online\\\/movimento\\\/#\\\/schema\\\/person\\\/bbab28833b1725a20f4083f49f1fb2a9\",\"name\":\"Renato Dias\",\"image\":{\"@type\":\"ImageObject\",\"inLanguage\":\"pt-BR\",\"@id\":\"https:\\\/\\\/renatodias.online\\\/movimento\\\/wp-content\\\/uploads\\\/2023\\\/03\\\/cropped-cropped-cropped-logofinal.jpeg\",\"url\":\"https:\\\/\\\/renatodias.online\\\/movimento\\\/wp-content\\\/uploads\\\/2023\\\/03\\\/cropped-cropped-cropped-logofinal.jpeg\",\"contentUrl\":\"https:\\\/\\\/renatodias.online\\\/movimento\\\/wp-content\\\/uploads\\\/2023\\\/03\\\/cropped-cropped-cropped-logofinal.jpeg\",\"width\":1280,\"height\":219,\"caption\":\"Renato Dias\"},\"logo\":{\"@id\":\"https:\\\/\\\/renatodias.online\\\/movimento\\\/wp-content\\\/uploads\\\/2023\\\/03\\\/cropped-cropped-cropped-logofinal.jpeg\"},\"description\":\"Renato Dias, 58 anos, \u00e9 graduado em Jornalismo, formado em Ci\u00eancias Sociais, com p\u00f3s-gradua\u00e7\u00e3o em Pol\u00edticas P\u00fablicas, mestre em Direito e Rela\u00e7\u00f5es Internacionais, ex-aluno extraordin\u00e1rio do Doutorado em Psicologia Social, ex-estudante do Curso de Psican\u00e1lise do Centro de Estudos Psicanal\u00edticos do Estado de Goi\u00e1s, ministrado pelo m\u00e9dico psiquiatra e psicanalista Daniel Em\u00eddio de Souza. \u00c9 autor de 30 livros-reportagem, oito document\u00e1rios, ganhou 30 pr\u00eamios e \u00e9 torcedor apaixonado do maior do Centro-Oeste, o Vila Nova Futebol Clube. Casado com Meirilane Dias, \u00e9 pai de Juliana Dias, jornalista; Daniel Dias, economista; e Maria Rosa Dias, estudante antifascista, socialista e trotskista.\u00a0Com tr\u00eas pets: Porquinho [Bull Dog Franc\u00eas], Dalila [Basset Hound] e Geleia [Basset Hound]. Al\u00e9m do eterno gato Tutuquinho, que virou estrela.\",\"sameAs\":[\"https:\\\/\\\/www.facebook.com\\\/renato.dias.37\",\"#breve\",\"https:\\\/\\\/renatodias.tumblr.com\\\/\"],\"url\":\"https:\\\/\\\/renatodias.online\\\/movimento\\\/author\\\/renatodias\\\/\"}]}<\/script>\n<!-- \/ Yoast SEO plugin. -->","yoast_head_json":{"title":"Betty Almeida ataca perd\u00e3o -","robots":{"index":"index","follow":"follow","max-snippet":"max-snippet:-1","max-image-preview":"max-image-preview:large","max-video-preview":"max-video-preview:-1"},"canonical":"https:\/\/renatodias.online\/movimento\/2022\/04\/24\/12011\/","og_locale":"pt_BR","og_type":"article","og_title":"Betty Almeida ataca perd\u00e3o -","og_description":"https:\/\/www.instagram.com\/reel\/CcqcTW6jAzh\/?igshid=MDJmNzVkMjY= Betty Almeida ataca perd\u00e3o Bandido bom \u00e9 bolsonarista solto, ironiza Perd\u00e3o a Daniel Silveira \u00e9 inaceit\u00e1vel, desabafa \u00a0Renato Dias A professora universit\u00e1ria e escritora Betty Almeida condena o perd\u00e3o do atual presidente da Rep\u00fablica, Jair Messias Bolsonaro [PL], ao deputado federal Daniel Silveira. O parlamentar havia sido condenado por dez a um no Supremo","og_url":"https:\/\/renatodias.online\/movimento\/2022\/04\/24\/12011\/","article_publisher":"https:\/\/www.facebook.com\/renato.dias.37","article_author":"https:\/\/www.facebook.com\/renato.dias.37","article_published_time":"2022-04-25T00:56:56+00:00","article_modified_time":"2022-04-25T01:02:03+00:00","og_image":[{"width":360,"height":203,"url":"https:\/\/renatodias.online\/movimento\/wp-content\/uploads\/2022\/04\/Betty-Almeida-1-e1675390983285.jpg","type":"image\/jpeg"}],"author":"Renato Dias","twitter_card":"summary_large_image","twitter_creator":"@RenatoDiasBat","twitter_site":"@RenatoDiasBat","twitter_misc":{"Escrito por":"Renato Dias","Est. tempo de leitura":"1 minuto"},"schema":{"@context":"https:\/\/schema.org","@graph":[{"@type":"Article","@id":"https:\/\/renatodias.online\/movimento\/2022\/04\/24\/12011\/#article","isPartOf":{"@id":"https:\/\/renatodias.online\/movimento\/2022\/04\/24\/12011\/"},"author":{"name":"Renato Dias","@id":"https:\/\/renatodias.online\/movimento\/#\/schema\/person\/bbab28833b1725a20f4083f49f1fb2a9"},"headline":"Betty Almeida ataca perd\u00e3o","datePublished":"2022-04-25T00:56:56+00:00","dateModified":"2022-04-25T01:02:03+00:00","mainEntityOfPage":{"@id":"https:\/\/renatodias.online\/movimento\/2022\/04\/24\/12011\/"},"wordCount":170,"commentCount":0,"publisher":{"@id":"https:\/\/renatodias.online\/movimento\/#\/schema\/person\/bbab28833b1725a20f4083f49f1fb2a9"},"image":{"@id":"https:\/\/renatodias.online\/movimento\/2022\/04\/24\/12011\/#primaryimage"},"thumbnailUrl":"https:\/\/renatodias.online\/movimento\/wp-content\/uploads\/2022\/04\/Betty-Almeida-1-e1675390983285.jpg","articleSection":["Nacional"],"inLanguage":"pt-BR","potentialAction":[{"@type":"CommentAction","name":"Comment","target":["https:\/\/renatodias.online\/movimento\/2022\/04\/24\/12011\/#respond"]}]},{"@type":"WebPage","@id":"https:\/\/renatodias.online\/movimento\/2022\/04\/24\/12011\/","url":"https:\/\/renatodias.online\/movimento\/2022\/04\/24\/12011\/","name":"Betty Almeida ataca perd\u00e3o -","isPartOf":{"@id":"https:\/\/renatodias.online\/movimento\/#website"},"primaryImageOfPage":{"@id":"https:\/\/renatodias.online\/movimento\/2022\/04\/24\/12011\/#primaryimage"},"image":{"@id":"https:\/\/renatodias.online\/movimento\/2022\/04\/24\/12011\/#primaryimage"},"thumbnailUrl":"https:\/\/renatodias.online\/movimento\/wp-content\/uploads\/2022\/04\/Betty-Almeida-1-e1675390983285.jpg","datePublished":"2022-04-25T00:56:56+00:00","dateModified":"2022-04-25T01:02:03+00:00","breadcrumb":{"@id":"https:\/\/renatodias.online\/movimento\/2022\/04\/24\/12011\/#breadcrumb"},"inLanguage":"pt-BR","potentialAction":[{"@type":"ReadAction","target":["https:\/\/renatodias.online\/movimento\/2022\/04\/24\/12011\/"]}]},{"@type":"ImageObject","inLanguage":"pt-BR","@id":"https:\/\/renatodias.online\/movimento\/2022\/04\/24\/12011\/#primaryimage","url":"https:\/\/renatodias.online\/movimento\/wp-content\/uploads\/2022\/04\/Betty-Almeida-1-e1675390983285.jpg","contentUrl":"https:\/\/renatodias.online\/movimento\/wp-content\/uploads\/2022\/04\/Betty-Almeida-1-e1675390983285.jpg","width":360,"height":203,"caption":"Betty Almeida"},{"@type":"BreadcrumbList","@id":"https:\/\/renatodias.online\/movimento\/2022\/04\/24\/12011\/#breadcrumb","itemListElement":[{"@type":"ListItem","position":1,"name":"In\u00edcio","item":"https:\/\/renatodias.online\/movimento\/"},{"@type":"ListItem","position":2,"name":"Betty Almeida ataca perd\u00e3o"}]},{"@type":"WebSite","@id":"https:\/\/renatodias.online\/movimento\/#website","url":"https:\/\/renatodias.online\/movimento\/","name":"","description":"","publisher":{"@id":"https:\/\/renatodias.online\/movimento\/#\/schema\/person\/bbab28833b1725a20f4083f49f1fb2a9"},"potentialAction":[{"@type":"SearchAction","target":{"@type":"EntryPoint","urlTemplate":"https:\/\/renatodias.online\/movimento\/?s={search_term_string}"},"query-input":{"@type":"PropertyValueSpecification","valueRequired":true,"valueName":"search_term_string"}}],"inLanguage":"pt-BR"},{"@type":["Person","Organization"],"@id":"https:\/\/renatodias.online\/movimento\/#\/schema\/person\/bbab28833b1725a20f4083f49f1fb2a9","name":"Renato Dias","image":{"@type":"ImageObject","inLanguage":"pt-BR","@id":"https:\/\/renatodias.online\/movimento\/wp-content\/uploads\/2023\/03\/cropped-cropped-cropped-logofinal.jpeg","url":"https:\/\/renatodias.online\/movimento\/wp-content\/uploads\/2023\/03\/cropped-cropped-cropped-logofinal.jpeg","contentUrl":"https:\/\/renatodias.online\/movimento\/wp-content\/uploads\/2023\/03\/cropped-cropped-cropped-logofinal.jpeg","width":1280,"height":219,"caption":"Renato Dias"},"logo":{"@id":"https:\/\/renatodias.online\/movimento\/wp-content\/uploads\/2023\/03\/cropped-cropped-cropped-logofinal.jpeg"},"description":"Renato Dias, 58 anos, \u00e9 graduado em Jornalismo, formado em Ci\u00eancias Sociais, com p\u00f3s-gradua\u00e7\u00e3o em Pol\u00edticas P\u00fablicas, mestre em Direito e Rela\u00e7\u00f5es Internacionais, ex-aluno extraordin\u00e1rio do Doutorado em Psicologia Social, ex-estudante do Curso de Psican\u00e1lise do Centro de Estudos Psicanal\u00edticos do Estado de Goi\u00e1s, ministrado pelo m\u00e9dico psiquiatra e psicanalista Daniel Em\u00eddio de Souza. \u00c9 autor de 30 livros-reportagem, oito document\u00e1rios, ganhou 30 pr\u00eamios e \u00e9 torcedor apaixonado do maior do Centro-Oeste, o Vila Nova Futebol Clube. Casado com Meirilane Dias, \u00e9 pai de Juliana Dias, jornalista; Daniel Dias, economista; e Maria Rosa Dias, estudante antifascista, socialista e trotskista.\u00a0Com tr\u00eas pets: Porquinho [Bull Dog Franc\u00eas], Dalila [Basset Hound] e Geleia [Basset Hound]. Al\u00e9m do eterno gato Tutuquinho, que virou estrela.","sameAs":["https:\/\/www.facebook.com\/renato.dias.37","#breve","https:\/\/renatodias.tumblr.com\/"],"url":"https:\/\/renatodias.online\/movimento\/author\/renatodias\/"}]}},"_links":{"self":[{"href":"https:\/\/renatodias.online\/movimento\/wp-json\/wp\/v2\/posts\/12011","targetHints":{"allow":["GET"]}}],"collection":[{"href":"https:\/\/renatodias.online\/movimento\/wp-json\/wp\/v2\/posts"}],"about":[{"href":"https:\/\/renatodias.online\/movimento\/wp-json\/wp\/v2\/types\/post"}],"author":[{"embeddable":true,"href":"https:\/\/renatodias.online\/movimento\/wp-json\/wp\/v2\/users\/2"}],"replies":[{"embeddable":true,"href":"https:\/\/renatodias.online\/movimento\/wp-json\/wp\/v2\/comments?post=12011"}],"version-history":[{"count":2,"href":"https:\/\/renatodias.online\/movimento\/wp-json\/wp\/v2\/posts\/12011\/revisions"}],"predecessor-version":[{"id":12015,"href":"https:\/\/renatodias.online\/movimento\/wp-json\/wp\/v2\/posts\/12011\/revisions\/12015"}],"wp:featuredmedia":[{"embeddable":true,"href":"https:\/\/renatodias.online\/movimento\/wp-json\/wp\/v2\/media\/12016"}],"wp:attachment":[{"href":"https:\/\/renatodias.online\/movimento\/wp-json\/wp\/v2\/media?parent=12011"}],"wp:term":[{"taxonomy":"category","embeddable":true,"href":"https:\/\/renatodias.online\/movimento\/wp-json\/wp\/v2\/categories?post=12011"},{"taxonomy":"post_tag","embeddable":true,"href":"https:\/\/renatodias.online\/movimento\/wp-json\/wp\/v2\/tags?post=12011"}],"curies":[{"name":"wp","href":"https:\/\/api.w.org\/{rel}","templated":true}]}}