{"id":11984,"date":"2022-04-23T17:19:47","date_gmt":"2022-04-23T20:19:47","guid":{"rendered":"https:\/\/renatodias.online\/movimento\/?p=11984"},"modified":"2022-04-23T17:19:47","modified_gmt":"2022-04-23T20:19:47","slug":"secretaria-indigena-na-presidencia","status":"publish","type":"post","link":"https:\/\/renatodias.online\/movimento\/2022\/04\/23\/secretaria-indigena-na-presidencia\/","title":{"rendered":"Secretaria Ind\u00edgena na Presid\u00eancia"},"content":{"rendered":"<h1><img loading=\"lazy\" decoding=\"async\" class=\"wp-image-11649 size-full aligncenter\" src=\"https:\/\/renatodias.online\/movimento\/wp-content\/uploads\/2022\/04\/Artigo-de-Opiniao.jpg\" alt=\"\" width=\"600\" height=\"315\" \/><\/h1>\n<h1 style=\"text-align: center;\"><span style=\"color: #0000ff;\"><strong>Secretaria Ind\u00edgena na Presid\u00eancia<\/strong><\/span><\/h1>\n<figure id=\"attachment_6850\" aria-describedby=\"caption-attachment-6850\" style=\"width: 1170px\" class=\"wp-caption alignnone\"><img loading=\"lazy\" decoding=\"async\" class=\"wp-image-6850 size-full\" src=\"https:\/\/renatodias.online\/movimento\/wp-content\/uploads\/2021\/05\/Palacio-do-Planalto.jpg\" alt=\"\" width=\"1170\" height=\"700\" \/><figcaption id=\"caption-attachment-6850\" class=\"wp-caption-text\"><strong>Pal\u00e1cio do Planalto<\/strong><\/figcaption><\/figure>\n<p><strong>M\u00e1rcio Santilli<\/strong><\/p>\n<p>Terminou na ter\u00e7a-feira passada a 18\u00aa edi\u00e7\u00e3o do Acampamento Terra Livre, que reuniu, durante onze dias, sete mil representantes dos povos ind\u00edgenas de todas as regi\u00f5es do Brasil. No in\u00edcio do ano eleitoral, foi um momento importante para protestar contra as pol\u00edticas do governo Bolsonaro, que n\u00e3o demarca e promove a invas\u00e3o das terras ind\u00edgenas. Os protestos tamb\u00e9m condenaram as iniciativas agressivas aos direitos ind\u00edgenas que tramitam no STF, como a tentativa de limitar a oficializa\u00e7\u00e3o desses territ\u00f3rios ao marco temporal de 1988, e no Congresso, como o PL 191, que pretende legalizar a preda\u00e7\u00e3o mineral e outras formas de apropria\u00e7\u00e3o, por terceiros, dos seus recursos naturais.<\/p>\n<p>Neste ano, o ATL incluiu na sua pauta o debate sobre \u201caldear a pol\u00edtica\u201d, com foco na participa\u00e7\u00e3o ind\u00edgena no processo eleitoral e nas inst\u00e2ncias de decis\u00e3o das pol\u00edticas p\u00fablicas. Apresentaram-se dezenas de candidatas e candidatos ind\u00edgenas a deputado estadual e federal, de v\u00e1rios estados e por diversos partidos pol\u00edticos. O movimento espera eleger uma \u201cbancada do cocar\u201d, ampliando sua representa\u00e7\u00e3o hoje restrita \u00e0 deputada federal Joenia Wapichana (Rede-RR). Um ponto alto do evento foi a visita do ex-presidente Lula, candidato \u00e0 Presid\u00eancia pelo PT. Sendo Lula o principal oponente de Bolsonaro, o presidente mais anti-ind\u00edgena da hist\u00f3ria recente, a sua presen\u00e7a gerou forte expectativa, at\u00e9 mesmo de povos impactados pela constru\u00e7\u00e3o de hidrel\u00e9tricas na Amaz\u00f4nia nos governos petistas. Sua comitiva foi muito aplaudida pela plen\u00e1ria lotada.<\/p>\n<h1><strong>Ministros &amp; minist\u00e9rios<\/strong><\/h1>\n<p>Lula foi recepcionado com uma fala da Sonia Guajajara, integrante da coordena\u00e7\u00e3o da Articula\u00e7\u00e3o dos Povos Ind\u00edgenas do Brasil (Apib), que agradeceu a visita e fez um breve resumo da trajet\u00f3ria de resist\u00eancia dos povos ind\u00edgenas. \u201cHouve um tempo em que n\u00f3s n\u00e3o quer\u00edamos assumir a Presid\u00eancia da Funai. Mas, agora, \u00e9 um novo tempo e n\u00f3s queremos, sim, a Presid\u00eancia da Funai, n\u00f3s queremos participar da condu\u00e7\u00e3o da Sesai [Secretaria Especial de Sa\u00fade Ind\u00edgena\u201d, disse ela. \u201cN\u00f3s queremos assumir minist\u00e9rios, n\u00f3s podemos assumir a condu\u00e7\u00e3o de qualquer pol\u00edtica p\u00fablica nesse pa\u00eds\u201d, acrescentou. Em seu discurso, Lula agradeceu a acolhida e destacou a capacidade de mobiliza\u00e7\u00e3o do movimento ind\u00edgena. Afirmou que vai revogar os atos do atual governo contr\u00e1rios aos\u00a0direitos ind\u00edgenas e de desmonte das pol\u00edticas indigenistas. Prometeu ainda retomar as demarca\u00e7\u00f5es, retirar invasores e incluir ind\u00edgenas nas equipes que preparam o seu programa de governo e o processo de transi\u00e7\u00e3o.<\/p>\n<p>Pegando a onda da fala da S\u00f4nia, Lula sacou essa: \u201cVoc\u00eas n\u00e3o s\u00e3o crian\u00e7as para serem tuteladas. Voc\u00eas s\u00e3o povos inteligentes que cuidavam deste pa\u00eds antes de a gente chegar aqui. E agora voc\u00eas me deram uma ideia: se a gente criou o Minist\u00e9rio da Igualdade Racial, se a gente criou o dos Direitos Humanos, se a gente criou o Minist\u00e9rio da Pesca, por que a gente n\u00e3o pode criar um minist\u00e9rio para discutir quest\u00f5es ind\u00edgenas?\u2019 E continuou: \u201cEu quero que voc\u00eas saibam, n\u00e3o sei quem, mas se preparem, porque algu\u00e9m vai ter que assumir o minist\u00e9rio e n\u00e3o ser\u00e1 um branco, como eu, ou uma galega como a Gleisi ([Hoffmann, presidente do PT]; ter\u00e1 que ser um \u00edndio ou uma \u00edndia, ter\u00e1 que ser algu\u00e9m para poder dirigir, da mesma forma que fizemos com o Minist\u00e9rio da Igualdade Racial\u201d.<\/p>\n<figure id=\"attachment_6810\" aria-describedby=\"caption-attachment-6810\" style=\"width: 480px\" class=\"wp-caption aligncenter\"><img loading=\"lazy\" decoding=\"async\" class=\"wp-image-6810 size-full\" src=\"https:\/\/renatodias.online\/movimento\/wp-content\/uploads\/2021\/05\/Link-Gleisi-Hoffmann.jpg\" alt=\"\" width=\"480\" height=\"600\" srcset=\"https:\/\/renatodias.online\/movimento\/wp-content\/uploads\/2021\/05\/Link-Gleisi-Hoffmann.jpg 480w, https:\/\/renatodias.online\/movimento\/wp-content\/uploads\/2021\/05\/Link-Gleisi-Hoffmann-240x300.jpg 240w\" sizes=\"auto, (max-width: 480px) 100vw, 480px\" \/><figcaption id=\"caption-attachment-6810\" class=\"wp-caption-text\"><strong>Gleisi Hoffmann<\/strong><\/figcaption><\/figure>\n<h1><strong>Implica\u00e7\u00f5es<\/strong><\/h1>\n<p>A ideia de criar um minist\u00e9rio para as \u201cquest\u00f5es ind\u00edgenas\u201d \u00e9 generosa e foi intensamente aplaudida pela plateia. Ela sinaliza para uma presen\u00e7a ind\u00edgena no mais alto escal\u00e3o do governo. Por\u00e9m, como h\u00e1 demandas ind\u00edgenas relacionadas a v\u00e1rios minist\u00e9rios, essa ideia precisa ser amadurecida para n\u00e3o se voltar contra os interesses dos povos origin\u00e1rios. A primeira quest\u00e3o que se coloca \u00e9 a da pr\u00f3pria Funai: ela ficaria vinculada a esse novo minist\u00e9rio? Se a resposta for \u2018sim\u2019, a pergunta seguinte ser\u00e1 sobre o encaminhamento dos processos de demarca\u00e7\u00e3o, que hoje seguem da Funai para o Minist\u00e9rio da Justi\u00e7a e, dele, para a Presid\u00eancia da Rep\u00fablica. A compet\u00eancia para reconhecer os limites que ser\u00e3o demarcados passaria a ser do ministro ind\u00edgena? Isso refor\u00e7aria ou fragilizaria o processo? A mesma pergunta seria cab\u00edvel sobre a rela\u00e7\u00e3o com o Judici\u00e1rio, que acumula pend\u00eancias, ou sobre a mobiliza\u00e7\u00e3o da Pol\u00edcia Federal na prote\u00e7\u00e3o territorial.<\/p>\n<figure id=\"attachment_6355\" aria-describedby=\"caption-attachment-6355\" style=\"width: 1024px\" class=\"wp-caption alignnone\"><img loading=\"lazy\" decoding=\"async\" class=\"wp-image-6355 size-full\" src=\"https:\/\/renatodias.online\/movimento\/wp-content\/uploads\/2021\/04\/policiafederal.jpeg\" alt=\"policia federal\" width=\"1024\" height=\"630\" srcset=\"https:\/\/renatodias.online\/movimento\/wp-content\/uploads\/2021\/04\/policiafederal.jpeg 1024w, https:\/\/renatodias.online\/movimento\/wp-content\/uploads\/2021\/04\/policiafederal-300x185.jpeg 300w, https:\/\/renatodias.online\/movimento\/wp-content\/uploads\/2021\/04\/policiafederal-768x473.jpeg 768w, https:\/\/renatodias.online\/movimento\/wp-content\/uploads\/2021\/04\/policiafederal-750x461.jpeg 750w\" sizes=\"auto, (max-width: 1024px) 100vw, 1024px\" \/><figcaption id=\"caption-attachment-6355\" class=\"wp-caption-text\"><strong>Pol\u00edcia Federal<\/strong><\/figcaption><\/figure>\n<p>O maior or\u00e7amento destinado a demandas ind\u00edgenas \u00e9 o da Sesai. N\u00e3o faria sentido transferi-la do Minist\u00e9rio da Sa\u00fade, com estrutura funcional e participa\u00e7\u00e3o no or\u00e7amento consolidadas, para um novo minist\u00e9rio. H\u00e1 demandas ind\u00edgenas em outros \u00f3rg\u00e3os. Antes dos retrocessos impostos pelo atual governo, projetos dos povos origin\u00e1rios vinham tendo acolhimento crescente nas pol\u00edticas e fundos ambientais. O mesmo ocorre, ou deveria ocorrer, em rela\u00e7\u00e3o a outras \u00e1reas, como quest\u00f5es ligadas ao fomento produtivo, tecnologia e infraestrutura.<\/p>\n<h1><strong>Polo de articula\u00e7\u00e3o<\/strong><\/h1>\n<p>Em outras palavras, as demandas ind\u00edgenas s\u00e3o transversais e n\u00e3o cabem em um minist\u00e9rio de cunho setorial, \u201cpara discutir quest\u00f5es ind\u00edgenas\u201c. Elas v\u00e3o do Minist\u00e9rio da Defesa \u00e0 Previd\u00eancia Social. Reestruturar a Funai, a Sesai, e construir novas pol\u00edticas, seria o caminho a seguir no p\u00f3s-Bolsonaro. O que falta \u00e9 um forte polo de articula\u00e7\u00e3o das a\u00e7\u00f5es dos v\u00e1rios \u00f3rg\u00e3os e minist\u00e9rios competentes, que tenha poder de convoca\u00e7\u00e3o sobre todos eles.<\/p>\n<p><img loading=\"lazy\" decoding=\"async\" class=\"wp-image-8466 size-full aligncenter\" src=\"https:\/\/renatodias.online\/movimento\/wp-content\/uploads\/2021\/08\/Jair-Bolsonaro-novo.jpg\" alt=\"\" width=\"480\" height=\"640\" srcset=\"https:\/\/renatodias.online\/movimento\/wp-content\/uploads\/2021\/08\/Jair-Bolsonaro-novo.jpg 480w, https:\/\/renatodias.online\/movimento\/wp-content\/uploads\/2021\/08\/Jair-Bolsonaro-novo-225x300.jpg 225w\" sizes=\"auto, (max-width: 480px) 100vw, 480px\" \/><\/p>\n<p>As melhores experi\u00eancias de articula\u00e7\u00e3o interministerial, inclusive nos governos petistas, ocorreram a partir da pr\u00f3pria Presid\u00eancia da Rep\u00fablica. N\u00e3o do gabinete presidencial, mas da Casa Civil, da Secretaria de Governo ou de outras secretarias especiais de assessoria direta ao presidente. Est\u00e3o no mesmo n\u00edvel hier\u00e1rquico dos minist\u00e9rios, mas ficam baseadas no Pal\u00e1cio do Planalto e exercem fun\u00e7\u00f5es de coordena\u00e7\u00e3o, que n\u00e3o substituem, n\u00e3o duplicam e n\u00e3o subordinam a atua\u00e7\u00e3o dos demais \u00f3rg\u00e3os competentes, mas promovem iniciativas conjuntas, informa\u00e7\u00f5es e recursos compartilhados, potencializando os resultados.<\/p>\n<p>A experi\u00eancia do Minist\u00e9rio da Igualdade Racial foi positiva e merece ser avaliada. Mas as pol\u00edticas indigenistas avan\u00e7aram de formas bem distintas, embora tamb\u00e9m interessem aos povos ind\u00edgenas as a\u00e7\u00f5es de combate ao racismo e de promo\u00e7\u00e3o da igualdade racial. Creio que a compara\u00e7\u00e3o do Lula vale mais como indica\u00e7\u00e3o da import\u00e2ncia que ele quer dar \u00e0s pol\u00edticas voltadas para esses setores do que como formato administrativo j\u00e1 calibrado para o seu projeto de governo.<\/p>\n<h1><strong>Ind\u00edgenas no poder<\/strong><\/h1>\n<p>Outra quest\u00e3o \u00e9 a ocupa\u00e7\u00e3o de espa\u00e7os institucionais de poder por pessoas ind\u00edgenas. Tem raz\u00e3o a Sonia ao apontar uma inflex\u00e3o hist\u00f3rica na percep\u00e7\u00e3o das popula\u00e7\u00f5es origin\u00e1rias sobre isso. A cada elei\u00e7\u00e3o, h\u00e1 mais candidaturas e mandatos representando essas comunidades. Tamb\u00e9m \u00e9 crescente a presen\u00e7a de profissionais ind\u00edgenas em fun\u00e7\u00f5es de confian\u00e7a na Funai, na aten\u00e7\u00e3o \u00e0 sa\u00fade ind\u00edgena, assim como tamb\u00e9m ocorre nas escolas, nas universidades e em outras carreiras profissionais.<\/p>\n<p>Lula poderia ter tido outras ideias: por exemplo, escolher uma pessoa ind\u00edgena para o Minist\u00e9rio do Meio Ambiente, como forma de sinalizar a import\u00e2ncia das terras ind\u00edgenas numa eventual estrat\u00e9gia nacional para enfrentar a emerg\u00eancia clim\u00e1tica. Ou para o Minist\u00e9rio da Cultura, reconhecendo a contribui\u00e7\u00e3o ind\u00edgena para a diversidade cultural brasileira. A Sonia falou em \u201cminist\u00e9rios\u201d, no plural, destacando que h\u00e1 quadros qualificados para exercer fun\u00e7\u00f5es diretivas em v\u00e1rias \u00e1reas.<\/p>\n<figure id=\"attachment_5361\" aria-describedby=\"caption-attachment-5361\" style=\"width: 222px\" class=\"wp-caption aligncenter\"><img loading=\"lazy\" decoding=\"async\" class=\"wp-image-5361 size-full\" src=\"https:\/\/renatodias.online\/movimento\/wp-content\/uploads\/2021\/03\/Luiz-Inacio-Lula-da-Silva-1.jpg\" alt=\"Luiz In\u00e1cio Lula da Silva \u2013 caricatura\" width=\"222\" height=\"594\" \/><figcaption id=\"caption-attachment-5361\" class=\"wp-caption-text\"><strong>Luiz In\u00e1cio Lula da Silva \u2013 caricatura<\/strong><\/figcaption><\/figure>\n<p>No entanto, pelo menos tr\u00eas riscos devem ser considerados nessa hist\u00f3ria: (1) que a disputa por cargos p\u00fablicos agrave e exponha diverg\u00eancias entre ind\u00edgenas, desgastando o capital pol\u00edtico acumulado pelo movimento nos \u00faltimos anos; (2) que a migra\u00e7\u00e3o de quadros para o governo esvazie e enfraque\u00e7a as organiza\u00e7\u00f5es, sobrepondo as raz\u00f5es de Estado aos objetivos program\u00e1ticos; e 3) que as limita\u00e7\u00f5es burocr\u00e1ticas e as contradi\u00e7\u00f5es pr\u00f3prias de governos heterog\u00eaneos gerem frustra\u00e7\u00f5es e acirrem conflitos entre grupos e pessoas ind\u00edgenas. Nada disso difere muito dos riscos que afetam outros setores, mas os povos devem manter, mais do que nunca, a sua autonomia pol\u00edtica para potencializar as oportunidades de avan\u00e7os.<\/p>\n<p>&nbsp;<\/p>\n<p><strong>\u00a0<\/strong><\/p>\n","protected":false},"excerpt":{"rendered":"<p>Secretaria Ind\u00edgena na Presid\u00eancia M\u00e1rcio Santilli Terminou na ter\u00e7a-feira passada a 18\u00aa edi\u00e7\u00e3o do Acampamento Terra Livre, que reuniu, durante onze dias, sete mil representantes dos povos ind\u00edgenas de todas as regi\u00f5es do Brasil. No in\u00edcio do ano eleitoral, foi um momento importante para protestar contra as pol\u00edticas do governo Bolsonaro, que n\u00e3o demarca e<\/p>\n","protected":false},"author":2,"featured_media":11772,"comment_status":"open","ping_status":"open","sticky":false,"template":"","format":"standard","meta":{"_acf_changed":false,"_monsterinsights_skip_tracking":false,"_monsterinsights_sitenote_active":false,"_monsterinsights_sitenote_note":"","_monsterinsights_sitenote_category":0,"footnotes":""},"categories":[83],"tags":[],"class_list":["post-11984","post","type-post","status-publish","format-standard","has-post-thumbnail","hentry","category-opiniao"],"acf":[],"yoast_head":"<!-- This site is optimized with the Yoast SEO plugin v27.4 - https:\/\/yoast.com\/product\/yoast-seo-wordpress\/ -->\n<title>Secretaria Ind\u00edgena na Presid\u00eancia -<\/title>\n<meta name=\"robots\" content=\"index, follow, max-snippet:-1, max-image-preview:large, max-video-preview:-1\" \/>\n<link rel=\"canonical\" href=\"https:\/\/renatodias.online\/movimento\/2022\/04\/23\/secretaria-indigena-na-presidencia\/\" \/>\n<meta property=\"og:locale\" content=\"pt_BR\" \/>\n<meta property=\"og:type\" content=\"article\" \/>\n<meta property=\"og:title\" content=\"Secretaria Ind\u00edgena na Presid\u00eancia -\" \/>\n<meta property=\"og:description\" content=\"Secretaria Ind\u00edgena na Presid\u00eancia M\u00e1rcio Santilli Terminou na ter\u00e7a-feira passada a 18\u00aa edi\u00e7\u00e3o do Acampamento Terra Livre, que reuniu, durante onze dias, sete mil representantes dos povos ind\u00edgenas de todas as regi\u00f5es do Brasil. No in\u00edcio do ano eleitoral, foi um momento importante para protestar contra as pol\u00edticas do governo Bolsonaro, que n\u00e3o demarca e\" \/>\n<meta property=\"og:url\" content=\"https:\/\/renatodias.online\/movimento\/2022\/04\/23\/secretaria-indigena-na-presidencia\/\" \/>\n<meta property=\"article:publisher\" content=\"https:\/\/www.facebook.com\/renato.dias.37\" \/>\n<meta property=\"article:author\" content=\"https:\/\/www.facebook.com\/renato.dias.37\" \/>\n<meta property=\"article:published_time\" content=\"2022-04-23T20:19:47+00:00\" \/>\n<meta property=\"og:image\" content=\"https:\/\/renatodias.online\/movimento\/wp-content\/uploads\/2022\/04\/Marcio-Santilli-link-e1677377130421.jpg\" \/>\n\t<meta property=\"og:image:width\" content=\"400\" \/>\n\t<meta property=\"og:image:height\" content=\"240\" \/>\n\t<meta property=\"og:image:type\" content=\"image\/jpeg\" \/>\n<meta name=\"author\" content=\"Renato Dias\" \/>\n<meta name=\"twitter:card\" content=\"summary_large_image\" \/>\n<meta name=\"twitter:creator\" content=\"@RenatoDiasBat\" \/>\n<meta name=\"twitter:site\" content=\"@RenatoDiasBat\" \/>\n<meta name=\"twitter:label1\" content=\"Escrito por\" \/>\n\t<meta name=\"twitter:data1\" content=\"Renato Dias\" \/>\n\t<meta name=\"twitter:label2\" content=\"Est. tempo de leitura\" \/>\n\t<meta name=\"twitter:data2\" content=\"8 minutos\" \/>\n<script type=\"application\/ld+json\" class=\"yoast-schema-graph\">{\"@context\":\"https:\\\/\\\/schema.org\",\"@graph\":[{\"@type\":\"Article\",\"@id\":\"https:\\\/\\\/renatodias.online\\\/movimento\\\/2022\\\/04\\\/23\\\/secretaria-indigena-na-presidencia\\\/#article\",\"isPartOf\":{\"@id\":\"https:\\\/\\\/renatodias.online\\\/movimento\\\/2022\\\/04\\\/23\\\/secretaria-indigena-na-presidencia\\\/\"},\"author\":{\"name\":\"Renato Dias\",\"@id\":\"https:\\\/\\\/renatodias.online\\\/movimento\\\/#\\\/schema\\\/person\\\/bbab28833b1725a20f4083f49f1fb2a9\"},\"headline\":\"Secretaria Ind\u00edgena na Presid\u00eancia\",\"datePublished\":\"2022-04-23T20:19:47+00:00\",\"mainEntityOfPage\":{\"@id\":\"https:\\\/\\\/renatodias.online\\\/movimento\\\/2022\\\/04\\\/23\\\/secretaria-indigena-na-presidencia\\\/\"},\"wordCount\":1523,\"commentCount\":0,\"publisher\":{\"@id\":\"https:\\\/\\\/renatodias.online\\\/movimento\\\/#\\\/schema\\\/person\\\/bbab28833b1725a20f4083f49f1fb2a9\"},\"image\":{\"@id\":\"https:\\\/\\\/renatodias.online\\\/movimento\\\/2022\\\/04\\\/23\\\/secretaria-indigena-na-presidencia\\\/#primaryimage\"},\"thumbnailUrl\":\"https:\\\/\\\/renatodias.online\\\/movimento\\\/wp-content\\\/uploads\\\/2022\\\/04\\\/Marcio-Santilli-link-e1689303858287.jpg\",\"articleSection\":[\"Opini\u00e3o\"],\"inLanguage\":\"pt-BR\",\"potentialAction\":[{\"@type\":\"CommentAction\",\"name\":\"Comment\",\"target\":[\"https:\\\/\\\/renatodias.online\\\/movimento\\\/2022\\\/04\\\/23\\\/secretaria-indigena-na-presidencia\\\/#respond\"]}]},{\"@type\":\"WebPage\",\"@id\":\"https:\\\/\\\/renatodias.online\\\/movimento\\\/2022\\\/04\\\/23\\\/secretaria-indigena-na-presidencia\\\/\",\"url\":\"https:\\\/\\\/renatodias.online\\\/movimento\\\/2022\\\/04\\\/23\\\/secretaria-indigena-na-presidencia\\\/\",\"name\":\"Secretaria Ind\u00edgena na Presid\u00eancia -\",\"isPartOf\":{\"@id\":\"https:\\\/\\\/renatodias.online\\\/movimento\\\/#website\"},\"primaryImageOfPage\":{\"@id\":\"https:\\\/\\\/renatodias.online\\\/movimento\\\/2022\\\/04\\\/23\\\/secretaria-indigena-na-presidencia\\\/#primaryimage\"},\"image\":{\"@id\":\"https:\\\/\\\/renatodias.online\\\/movimento\\\/2022\\\/04\\\/23\\\/secretaria-indigena-na-presidencia\\\/#primaryimage\"},\"thumbnailUrl\":\"https:\\\/\\\/renatodias.online\\\/movimento\\\/wp-content\\\/uploads\\\/2022\\\/04\\\/Marcio-Santilli-link-e1689303858287.jpg\",\"datePublished\":\"2022-04-23T20:19:47+00:00\",\"breadcrumb\":{\"@id\":\"https:\\\/\\\/renatodias.online\\\/movimento\\\/2022\\\/04\\\/23\\\/secretaria-indigena-na-presidencia\\\/#breadcrumb\"},\"inLanguage\":\"pt-BR\",\"potentialAction\":[{\"@type\":\"ReadAction\",\"target\":[\"https:\\\/\\\/renatodias.online\\\/movimento\\\/2022\\\/04\\\/23\\\/secretaria-indigena-na-presidencia\\\/\"]}]},{\"@type\":\"ImageObject\",\"inLanguage\":\"pt-BR\",\"@id\":\"https:\\\/\\\/renatodias.online\\\/movimento\\\/2022\\\/04\\\/23\\\/secretaria-indigena-na-presidencia\\\/#primaryimage\",\"url\":\"https:\\\/\\\/renatodias.online\\\/movimento\\\/wp-content\\\/uploads\\\/2022\\\/04\\\/Marcio-Santilli-link-e1689303858287.jpg\",\"contentUrl\":\"https:\\\/\\\/renatodias.online\\\/movimento\\\/wp-content\\\/uploads\\\/2022\\\/04\\\/Marcio-Santilli-link-e1689303858287.jpg\",\"width\":800,\"height\":480,\"caption\":\"M\u00e1rcio Santilli\"},{\"@type\":\"BreadcrumbList\",\"@id\":\"https:\\\/\\\/renatodias.online\\\/movimento\\\/2022\\\/04\\\/23\\\/secretaria-indigena-na-presidencia\\\/#breadcrumb\",\"itemListElement\":[{\"@type\":\"ListItem\",\"position\":1,\"name\":\"In\u00edcio\",\"item\":\"https:\\\/\\\/renatodias.online\\\/movimento\\\/\"},{\"@type\":\"ListItem\",\"position\":2,\"name\":\"Secretaria Ind\u00edgena na Presid\u00eancia\"}]},{\"@type\":\"WebSite\",\"@id\":\"https:\\\/\\\/renatodias.online\\\/movimento\\\/#website\",\"url\":\"https:\\\/\\\/renatodias.online\\\/movimento\\\/\",\"name\":\"\",\"description\":\"\",\"publisher\":{\"@id\":\"https:\\\/\\\/renatodias.online\\\/movimento\\\/#\\\/schema\\\/person\\\/bbab28833b1725a20f4083f49f1fb2a9\"},\"potentialAction\":[{\"@type\":\"SearchAction\",\"target\":{\"@type\":\"EntryPoint\",\"urlTemplate\":\"https:\\\/\\\/renatodias.online\\\/movimento\\\/?s={search_term_string}\"},\"query-input\":{\"@type\":\"PropertyValueSpecification\",\"valueRequired\":true,\"valueName\":\"search_term_string\"}}],\"inLanguage\":\"pt-BR\"},{\"@type\":[\"Person\",\"Organization\"],\"@id\":\"https:\\\/\\\/renatodias.online\\\/movimento\\\/#\\\/schema\\\/person\\\/bbab28833b1725a20f4083f49f1fb2a9\",\"name\":\"Renato Dias\",\"image\":{\"@type\":\"ImageObject\",\"inLanguage\":\"pt-BR\",\"@id\":\"https:\\\/\\\/renatodias.online\\\/movimento\\\/wp-content\\\/uploads\\\/2023\\\/03\\\/cropped-cropped-cropped-logofinal.jpeg\",\"url\":\"https:\\\/\\\/renatodias.online\\\/movimento\\\/wp-content\\\/uploads\\\/2023\\\/03\\\/cropped-cropped-cropped-logofinal.jpeg\",\"contentUrl\":\"https:\\\/\\\/renatodias.online\\\/movimento\\\/wp-content\\\/uploads\\\/2023\\\/03\\\/cropped-cropped-cropped-logofinal.jpeg\",\"width\":1280,\"height\":219,\"caption\":\"Renato Dias\"},\"logo\":{\"@id\":\"https:\\\/\\\/renatodias.online\\\/movimento\\\/wp-content\\\/uploads\\\/2023\\\/03\\\/cropped-cropped-cropped-logofinal.jpeg\"},\"description\":\"Renato Dias, 58 anos, \u00e9 graduado em Jornalismo, formado em Ci\u00eancias Sociais, com p\u00f3s-gradua\u00e7\u00e3o em Pol\u00edticas P\u00fablicas, mestre em Direito e Rela\u00e7\u00f5es Internacionais, ex-aluno extraordin\u00e1rio do Doutorado em Psicologia Social, ex-estudante do Curso de Psican\u00e1lise do Centro de Estudos Psicanal\u00edticos do Estado de Goi\u00e1s, ministrado pelo m\u00e9dico psiquiatra e psicanalista Daniel Em\u00eddio de Souza. \u00c9 autor de 30 livros-reportagem, oito document\u00e1rios, ganhou 30 pr\u00eamios e \u00e9 torcedor apaixonado do maior do Centro-Oeste, o Vila Nova Futebol Clube. Casado com Meirilane Dias, \u00e9 pai de Juliana Dias, jornalista; Daniel Dias, economista; e Maria Rosa Dias, estudante antifascista, socialista e trotskista.\u00a0Com tr\u00eas pets: Porquinho [Bull Dog Franc\u00eas], Dalila [Basset Hound] e Geleia [Basset Hound]. Al\u00e9m do eterno gato Tutuquinho, que virou estrela.\",\"sameAs\":[\"https:\\\/\\\/www.facebook.com\\\/renato.dias.37\",\"#breve\",\"https:\\\/\\\/renatodias.tumblr.com\\\/\"],\"url\":\"https:\\\/\\\/renatodias.online\\\/movimento\\\/author\\\/renatodias\\\/\"}]}<\/script>\n<!-- \/ Yoast SEO plugin. -->","yoast_head_json":{"title":"Secretaria Ind\u00edgena na Presid\u00eancia -","robots":{"index":"index","follow":"follow","max-snippet":"max-snippet:-1","max-image-preview":"max-image-preview:large","max-video-preview":"max-video-preview:-1"},"canonical":"https:\/\/renatodias.online\/movimento\/2022\/04\/23\/secretaria-indigena-na-presidencia\/","og_locale":"pt_BR","og_type":"article","og_title":"Secretaria Ind\u00edgena na Presid\u00eancia -","og_description":"Secretaria Ind\u00edgena na Presid\u00eancia M\u00e1rcio Santilli Terminou na ter\u00e7a-feira passada a 18\u00aa edi\u00e7\u00e3o do Acampamento Terra Livre, que reuniu, durante onze dias, sete mil representantes dos povos ind\u00edgenas de todas as regi\u00f5es do Brasil. No in\u00edcio do ano eleitoral, foi um momento importante para protestar contra as pol\u00edticas do governo Bolsonaro, que n\u00e3o demarca e","og_url":"https:\/\/renatodias.online\/movimento\/2022\/04\/23\/secretaria-indigena-na-presidencia\/","article_publisher":"https:\/\/www.facebook.com\/renato.dias.37","article_author":"https:\/\/www.facebook.com\/renato.dias.37","article_published_time":"2022-04-23T20:19:47+00:00","og_image":[{"width":400,"height":240,"url":"https:\/\/renatodias.online\/movimento\/wp-content\/uploads\/2022\/04\/Marcio-Santilli-link-e1677377130421.jpg","type":"image\/jpeg"}],"author":"Renato Dias","twitter_card":"summary_large_image","twitter_creator":"@RenatoDiasBat","twitter_site":"@RenatoDiasBat","twitter_misc":{"Escrito por":"Renato Dias","Est. tempo de leitura":"8 minutos"},"schema":{"@context":"https:\/\/schema.org","@graph":[{"@type":"Article","@id":"https:\/\/renatodias.online\/movimento\/2022\/04\/23\/secretaria-indigena-na-presidencia\/#article","isPartOf":{"@id":"https:\/\/renatodias.online\/movimento\/2022\/04\/23\/secretaria-indigena-na-presidencia\/"},"author":{"name":"Renato Dias","@id":"https:\/\/renatodias.online\/movimento\/#\/schema\/person\/bbab28833b1725a20f4083f49f1fb2a9"},"headline":"Secretaria Ind\u00edgena na Presid\u00eancia","datePublished":"2022-04-23T20:19:47+00:00","mainEntityOfPage":{"@id":"https:\/\/renatodias.online\/movimento\/2022\/04\/23\/secretaria-indigena-na-presidencia\/"},"wordCount":1523,"commentCount":0,"publisher":{"@id":"https:\/\/renatodias.online\/movimento\/#\/schema\/person\/bbab28833b1725a20f4083f49f1fb2a9"},"image":{"@id":"https:\/\/renatodias.online\/movimento\/2022\/04\/23\/secretaria-indigena-na-presidencia\/#primaryimage"},"thumbnailUrl":"https:\/\/renatodias.online\/movimento\/wp-content\/uploads\/2022\/04\/Marcio-Santilli-link-e1689303858287.jpg","articleSection":["Opini\u00e3o"],"inLanguage":"pt-BR","potentialAction":[{"@type":"CommentAction","name":"Comment","target":["https:\/\/renatodias.online\/movimento\/2022\/04\/23\/secretaria-indigena-na-presidencia\/#respond"]}]},{"@type":"WebPage","@id":"https:\/\/renatodias.online\/movimento\/2022\/04\/23\/secretaria-indigena-na-presidencia\/","url":"https:\/\/renatodias.online\/movimento\/2022\/04\/23\/secretaria-indigena-na-presidencia\/","name":"Secretaria Ind\u00edgena na Presid\u00eancia -","isPartOf":{"@id":"https:\/\/renatodias.online\/movimento\/#website"},"primaryImageOfPage":{"@id":"https:\/\/renatodias.online\/movimento\/2022\/04\/23\/secretaria-indigena-na-presidencia\/#primaryimage"},"image":{"@id":"https:\/\/renatodias.online\/movimento\/2022\/04\/23\/secretaria-indigena-na-presidencia\/#primaryimage"},"thumbnailUrl":"https:\/\/renatodias.online\/movimento\/wp-content\/uploads\/2022\/04\/Marcio-Santilli-link-e1689303858287.jpg","datePublished":"2022-04-23T20:19:47+00:00","breadcrumb":{"@id":"https:\/\/renatodias.online\/movimento\/2022\/04\/23\/secretaria-indigena-na-presidencia\/#breadcrumb"},"inLanguage":"pt-BR","potentialAction":[{"@type":"ReadAction","target":["https:\/\/renatodias.online\/movimento\/2022\/04\/23\/secretaria-indigena-na-presidencia\/"]}]},{"@type":"ImageObject","inLanguage":"pt-BR","@id":"https:\/\/renatodias.online\/movimento\/2022\/04\/23\/secretaria-indigena-na-presidencia\/#primaryimage","url":"https:\/\/renatodias.online\/movimento\/wp-content\/uploads\/2022\/04\/Marcio-Santilli-link-e1689303858287.jpg","contentUrl":"https:\/\/renatodias.online\/movimento\/wp-content\/uploads\/2022\/04\/Marcio-Santilli-link-e1689303858287.jpg","width":800,"height":480,"caption":"M\u00e1rcio Santilli"},{"@type":"BreadcrumbList","@id":"https:\/\/renatodias.online\/movimento\/2022\/04\/23\/secretaria-indigena-na-presidencia\/#breadcrumb","itemListElement":[{"@type":"ListItem","position":1,"name":"In\u00edcio","item":"https:\/\/renatodias.online\/movimento\/"},{"@type":"ListItem","position":2,"name":"Secretaria Ind\u00edgena na Presid\u00eancia"}]},{"@type":"WebSite","@id":"https:\/\/renatodias.online\/movimento\/#website","url":"https:\/\/renatodias.online\/movimento\/","name":"","description":"","publisher":{"@id":"https:\/\/renatodias.online\/movimento\/#\/schema\/person\/bbab28833b1725a20f4083f49f1fb2a9"},"potentialAction":[{"@type":"SearchAction","target":{"@type":"EntryPoint","urlTemplate":"https:\/\/renatodias.online\/movimento\/?s={search_term_string}"},"query-input":{"@type":"PropertyValueSpecification","valueRequired":true,"valueName":"search_term_string"}}],"inLanguage":"pt-BR"},{"@type":["Person","Organization"],"@id":"https:\/\/renatodias.online\/movimento\/#\/schema\/person\/bbab28833b1725a20f4083f49f1fb2a9","name":"Renato Dias","image":{"@type":"ImageObject","inLanguage":"pt-BR","@id":"https:\/\/renatodias.online\/movimento\/wp-content\/uploads\/2023\/03\/cropped-cropped-cropped-logofinal.jpeg","url":"https:\/\/renatodias.online\/movimento\/wp-content\/uploads\/2023\/03\/cropped-cropped-cropped-logofinal.jpeg","contentUrl":"https:\/\/renatodias.online\/movimento\/wp-content\/uploads\/2023\/03\/cropped-cropped-cropped-logofinal.jpeg","width":1280,"height":219,"caption":"Renato Dias"},"logo":{"@id":"https:\/\/renatodias.online\/movimento\/wp-content\/uploads\/2023\/03\/cropped-cropped-cropped-logofinal.jpeg"},"description":"Renato Dias, 58 anos, \u00e9 graduado em Jornalismo, formado em Ci\u00eancias Sociais, com p\u00f3s-gradua\u00e7\u00e3o em Pol\u00edticas P\u00fablicas, mestre em Direito e Rela\u00e7\u00f5es Internacionais, ex-aluno extraordin\u00e1rio do Doutorado em Psicologia Social, ex-estudante do Curso de Psican\u00e1lise do Centro de Estudos Psicanal\u00edticos do Estado de Goi\u00e1s, ministrado pelo m\u00e9dico psiquiatra e psicanalista Daniel Em\u00eddio de Souza. \u00c9 autor de 30 livros-reportagem, oito document\u00e1rios, ganhou 30 pr\u00eamios e \u00e9 torcedor apaixonado do maior do Centro-Oeste, o Vila Nova Futebol Clube. Casado com Meirilane Dias, \u00e9 pai de Juliana Dias, jornalista; Daniel Dias, economista; e Maria Rosa Dias, estudante antifascista, socialista e trotskista.\u00a0Com tr\u00eas pets: Porquinho [Bull Dog Franc\u00eas], Dalila [Basset Hound] e Geleia [Basset Hound]. Al\u00e9m do eterno gato Tutuquinho, que virou estrela.","sameAs":["https:\/\/www.facebook.com\/renato.dias.37","#breve","https:\/\/renatodias.tumblr.com\/"],"url":"https:\/\/renatodias.online\/movimento\/author\/renatodias\/"}]}},"_links":{"self":[{"href":"https:\/\/renatodias.online\/movimento\/wp-json\/wp\/v2\/posts\/11984","targetHints":{"allow":["GET"]}}],"collection":[{"href":"https:\/\/renatodias.online\/movimento\/wp-json\/wp\/v2\/posts"}],"about":[{"href":"https:\/\/renatodias.online\/movimento\/wp-json\/wp\/v2\/types\/post"}],"author":[{"embeddable":true,"href":"https:\/\/renatodias.online\/movimento\/wp-json\/wp\/v2\/users\/2"}],"replies":[{"embeddable":true,"href":"https:\/\/renatodias.online\/movimento\/wp-json\/wp\/v2\/comments?post=11984"}],"version-history":[{"count":1,"href":"https:\/\/renatodias.online\/movimento\/wp-json\/wp\/v2\/posts\/11984\/revisions"}],"predecessor-version":[{"id":11985,"href":"https:\/\/renatodias.online\/movimento\/wp-json\/wp\/v2\/posts\/11984\/revisions\/11985"}],"wp:featuredmedia":[{"embeddable":true,"href":"https:\/\/renatodias.online\/movimento\/wp-json\/wp\/v2\/media\/11772"}],"wp:attachment":[{"href":"https:\/\/renatodias.online\/movimento\/wp-json\/wp\/v2\/media?parent=11984"}],"wp:term":[{"taxonomy":"category","embeddable":true,"href":"https:\/\/renatodias.online\/movimento\/wp-json\/wp\/v2\/categories?post=11984"},{"taxonomy":"post_tag","embeddable":true,"href":"https:\/\/renatodias.online\/movimento\/wp-json\/wp\/v2\/tags?post=11984"}],"curies":[{"name":"wp","href":"https:\/\/api.w.org\/{rel}","templated":true}]}}