{"id":11919,"date":"2022-04-19T16:05:37","date_gmt":"2022-04-19T19:05:37","guid":{"rendered":"https:\/\/renatodias.online\/movimento\/?p=11919"},"modified":"2022-04-19T16:05:37","modified_gmt":"2022-04-19T19:05:37","slug":"chiquinho-lula-ganha-no-1-turno","status":"publish","type":"post","link":"https:\/\/renatodias.online\/movimento\/2022\/04\/19\/chiquinho-lula-ganha-no-1-turno\/","title":{"rendered":"Chiquinho: Lula ganha no 1\u00b0 turno"},"content":{"rendered":"<p><img loading=\"lazy\" decoding=\"async\" class=\"wp-image-11445 size-full aligncenter\" src=\"https:\/\/renatodias.online\/movimento\/wp-content\/uploads\/2022\/03\/Eleicoes-de-2022.jpeg\" alt=\"\" width=\"639\" height=\"361\" srcset=\"https:\/\/renatodias.online\/movimento\/wp-content\/uploads\/2022\/03\/Eleicoes-de-2022.jpeg 639w, https:\/\/renatodias.online\/movimento\/wp-content\/uploads\/2022\/03\/Eleicoes-de-2022-300x169.jpeg 300w\" sizes=\"auto, (max-width: 639px) 100vw, 639px\" \/><\/p>\n<p><img loading=\"lazy\" decoding=\"async\" class=\"size-medium wp-image-8379 aligncenter\" src=\"https:\/\/renatodias.online\/movimento\/wp-content\/uploads\/2021\/08\/Especial-Principal-300x101.png\" alt=\"\" width=\"300\" height=\"101\" \/><\/p>\n<h1 style=\"text-align: center;\"><span style=\"color: #ff0000;\"><strong>Chiquinho: Lula ganha no 1\u00b0 turno<\/strong><\/span><\/h1>\n<figure id=\"attachment_11920\" aria-describedby=\"caption-attachment-11920\" style=\"width: 1200px\" class=\"wp-caption alignnone\"><img loading=\"lazy\" decoding=\"async\" class=\"wp-image-11920 size-full\" src=\"https:\/\/renatodias.online\/movimento\/wp-content\/uploads\/2022\/04\/Chiquinho-do-PT-2.jpg\" alt=\"\" width=\"1200\" height=\"1600\" srcset=\"https:\/\/renatodias.online\/movimento\/wp-content\/uploads\/2022\/04\/Chiquinho-do-PT-2.jpg 1200w, https:\/\/renatodias.online\/movimento\/wp-content\/uploads\/2022\/04\/Chiquinho-do-PT-2-225x300.jpg 225w, https:\/\/renatodias.online\/movimento\/wp-content\/uploads\/2022\/04\/Chiquinho-do-PT-2-768x1024.jpg 768w, https:\/\/renatodias.online\/movimento\/wp-content\/uploads\/2022\/04\/Chiquinho-do-PT-2-1152x1536.jpg 1152w, https:\/\/renatodias.online\/movimento\/wp-content\/uploads\/2022\/04\/Chiquinho-do-PT-2-750x1000.jpg 750w\" sizes=\"auto, (max-width: 1200px) 100vw, 1200px\" \/><figcaption id=\"caption-attachment-11920\" class=\"wp-caption-text\"><strong>Francisco F\u00e9lix, antigo militante do Partido dos Trabalhadores<\/strong><\/figcaption><\/figure>\n<figure id=\"attachment_8352\" aria-describedby=\"caption-attachment-8352\" style=\"width: 150px\" class=\"wp-caption aligncenter\"><img loading=\"lazy\" decoding=\"async\" class=\"wp-image-8352 size-thumbnail\" src=\"https:\/\/renatodias.online\/movimento\/wp-content\/uploads\/2021\/08\/Estrela-do-PT-150x150.jpg\" alt=\"\" width=\"150\" height=\"150\" \/><figcaption id=\"caption-attachment-8352\" class=\"wp-caption-text\"><strong>Estrela do PT<\/strong><\/figcaption><\/figure>\n<h1 style=\"text-align: center;\"><span style=\"color: #0000ff;\"><strong>Gestor p\u00fablico critica desastre de Bolsonaro<\/strong><\/span><\/h1>\n<p><strong>Renato Dias<\/strong><\/p>\n<p>O ex-presidente da Rep\u00fablica Luiz In\u00e1cio Lula da Silva pode ganhar as elei\u00e7\u00f5es ao Pal\u00e1cio do Planalto j\u00e1 no primeiro turno, em 2 de outubro de 2022. A an\u00e1lise \u00e9 do gestor p\u00fablico <strong>Francisco F\u00e9lix<\/strong>. Com base nas tend\u00eancias e curvas estat\u00edsticas da Pesquisa de Opini\u00e3o P\u00fablica do Sensus.<\/p>\n<figure id=\"attachment_9418\" aria-describedby=\"caption-attachment-9418\" style=\"width: 1030px\" class=\"wp-caption alignnone\"><img loading=\"lazy\" decoding=\"async\" class=\"wp-image-9418 size-large\" src=\"https:\/\/renatodias.online\/movimento\/wp-content\/uploads\/2021\/11\/Lula-em-dois-momentos-historicos-1030x1024.jpg\" alt=\"\" width=\"1030\" height=\"1024\" \/><figcaption id=\"caption-attachment-9418\" class=\"wp-caption-text\"><strong>Luiz In\u00e1cio Lula da Silva em dois momentos hist\u00f3ricos<\/strong><\/figcaption><\/figure>\n<p>Aos 70 anos de idade, com ativismo pol\u00edtico em Aparecida de Goi\u00e2nia, na Regi\u00e3o Metropolitana da Capital, <strong>Chiquinho<\/strong> conta que ingressou no PT em 1984 e que dar\u00e1 suporte aos voos eleitorais de <strong>Adriana Accorsi<\/strong> \u00e0 C\u00e2mara Federal e <strong>Marina Sant&#8217; Anna<\/strong> para Assembleia Legislativa.<\/p>\n<figure id=\"attachment_6535\" aria-describedby=\"caption-attachment-6535\" style=\"width: 1140px\" class=\"wp-caption alignnone\"><img loading=\"lazy\" decoding=\"async\" class=\"wp-image-6535 size-large\" src=\"https:\/\/renatodias.online\/movimento\/wp-content\/uploads\/2021\/05\/Adriana-Accorsi-1534x1024.jpg\" alt=\"\" width=\"1140\" height=\"761\" srcset=\"https:\/\/renatodias.online\/movimento\/wp-content\/uploads\/2021\/05\/Adriana-Accorsi-1534x1024.jpg 1534w, https:\/\/renatodias.online\/movimento\/wp-content\/uploads\/2021\/05\/Adriana-Accorsi-300x200.jpg 300w, https:\/\/renatodias.online\/movimento\/wp-content\/uploads\/2021\/05\/Adriana-Accorsi-768x513.jpg 768w, https:\/\/renatodias.online\/movimento\/wp-content\/uploads\/2021\/05\/Adriana-Accorsi-1536x1025.jpg 1536w, https:\/\/renatodias.online\/movimento\/wp-content\/uploads\/2021\/05\/Adriana-Accorsi-2048x1367.jpg 2048w, https:\/\/renatodias.online\/movimento\/wp-content\/uploads\/2021\/05\/Adriana-Accorsi-360x240.jpg 360w, https:\/\/renatodias.online\/movimento\/wp-content\/uploads\/2021\/05\/Adriana-Accorsi-750x501.jpg 750w\" sizes=\"auto, (max-width: 1140px) 100vw, 1140px\" \/><figcaption id=\"caption-attachment-6535\" class=\"wp-caption-text\"><strong>Adriana Accorsi<\/strong><\/figcaption><\/figure>\n<p>Servidor aposentado da Receita Federal, Chiquinho diz que <strong>Jair Bolsonaro<\/strong> \u00e9 o respons\u00e1vel pelas <strong>700 mil mortes<\/strong> sob a Pandemia. Ele critica a pol\u00edtica econ\u00f4mica <strong>neoliberal.<\/strong> Sin\u00f4nimo de privatiza\u00e7\u00e3o, infla\u00e7\u00e3o, desvaloriza\u00e7\u00e3o do Real, mis\u00e9ria e aumento da <strong>inseguran\u00e7a alimentar<\/strong>, ataca.<\/p>\n<figure id=\"attachment_5508\" aria-describedby=\"caption-attachment-5508\" style=\"width: 500px\" class=\"wp-caption aligncenter\"><img loading=\"lazy\" decoding=\"async\" class=\"wp-image-5508 size-full\" src=\"https:\/\/renatodias.online\/movimento\/wp-content\/uploads\/2021\/03\/Marina-Sant\u00b4Anna.jpg\" alt=\"Marina Sant\u00b4Anna\" width=\"500\" height=\"333\" srcset=\"https:\/\/renatodias.online\/movimento\/wp-content\/uploads\/2021\/03\/Marina-Sant\u00b4Anna.jpg 500w, https:\/\/renatodias.online\/movimento\/wp-content\/uploads\/2021\/03\/Marina-Sant\u00b4Anna-300x200.jpg 300w, https:\/\/renatodias.online\/movimento\/wp-content\/uploads\/2021\/03\/Marina-Sant\u00b4Anna-360x240.jpg 360w\" sizes=\"auto, (max-width: 500px) 100vw, 500px\" \/><figcaption id=\"caption-attachment-5508\" class=\"wp-caption-text\"><strong>Marina Sant\u00b4Anna<\/strong><\/figcaption><\/figure>\n","protected":false},"excerpt":{"rendered":"<p>Chiquinho: Lula ganha no 1\u00b0 turno Gestor p\u00fablico critica desastre de Bolsonaro Renato Dias O ex-presidente da Rep\u00fablica Luiz In\u00e1cio Lula da Silva pode ganhar as elei\u00e7\u00f5es ao Pal\u00e1cio do Planalto j\u00e1 no primeiro turno, em 2 de outubro de 2022. A an\u00e1lise \u00e9 do gestor p\u00fablico Francisco F\u00e9lix. Com base nas tend\u00eancias e curvas<\/p>\n","protected":false},"author":2,"featured_media":11922,"comment_status":"open","ping_status":"open","sticky":false,"template":"","format":"standard","meta":{"_acf_changed":false,"_monsterinsights_skip_tracking":false,"_monsterinsights_sitenote_active":false,"_monsterinsights_sitenote_note":"","_monsterinsights_sitenote_category":0,"footnotes":""},"categories":[4],"tags":[],"class_list":["post-11919","post","type-post","status-publish","format-standard","has-post-thumbnail","hentry","category-politica"],"acf":[],"yoast_head":"<!-- This site is optimized with the Yoast SEO plugin v27.4 - https:\/\/yoast.com\/product\/yoast-seo-wordpress\/ -->\n<title>Chiquinho: Lula ganha no 1\u00b0 turno -<\/title>\n<meta name=\"robots\" content=\"index, follow, max-snippet:-1, max-image-preview:large, max-video-preview:-1\" \/>\n<link rel=\"canonical\" href=\"https:\/\/renatodias.online\/movimento\/2022\/04\/19\/chiquinho-lula-ganha-no-1-turno\/\" \/>\n<meta property=\"og:locale\" content=\"pt_BR\" \/>\n<meta property=\"og:type\" content=\"article\" \/>\n<meta property=\"og:title\" content=\"Chiquinho: Lula ganha no 1\u00b0 turno -\" \/>\n<meta property=\"og:description\" content=\"Chiquinho: Lula ganha no 1\u00b0 turno Gestor p\u00fablico critica desastre de Bolsonaro Renato Dias O ex-presidente da Rep\u00fablica Luiz In\u00e1cio Lula da Silva pode ganhar as elei\u00e7\u00f5es ao Pal\u00e1cio do Planalto j\u00e1 no primeiro turno, em 2 de outubro de 2022. A an\u00e1lise \u00e9 do gestor p\u00fablico Francisco F\u00e9lix. Com base nas tend\u00eancias e curvas\" \/>\n<meta property=\"og:url\" content=\"https:\/\/renatodias.online\/movimento\/2022\/04\/19\/chiquinho-lula-ganha-no-1-turno\/\" \/>\n<meta property=\"article:publisher\" content=\"https:\/\/www.facebook.com\/renato.dias.37\" \/>\n<meta property=\"article:author\" content=\"https:\/\/www.facebook.com\/renato.dias.37\" \/>\n<meta property=\"article:published_time\" content=\"2022-04-19T19:05:37+00:00\" \/>\n<meta property=\"og:image\" content=\"https:\/\/renatodias.online\/movimento\/wp-content\/uploads\/2022\/04\/Chiquinho-do-PT-1-e1650395121307.jpg\" \/>\n\t<meta property=\"og:image:width\" content=\"390\" \/>\n\t<meta property=\"og:image:height\" content=\"219\" \/>\n\t<meta property=\"og:image:type\" content=\"image\/jpeg\" \/>\n<meta name=\"author\" content=\"Renato Dias\" \/>\n<meta name=\"twitter:card\" content=\"summary_large_image\" \/>\n<meta name=\"twitter:creator\" content=\"@RenatoDiasBat\" \/>\n<meta name=\"twitter:site\" content=\"@RenatoDiasBat\" \/>\n<meta name=\"twitter:label1\" content=\"Escrito por\" \/>\n\t<meta name=\"twitter:data1\" content=\"Renato Dias\" \/>\n\t<meta name=\"twitter:label2\" content=\"Est. tempo de leitura\" \/>\n\t<meta name=\"twitter:data2\" content=\"1 minuto\" \/>\n<script type=\"application\/ld+json\" class=\"yoast-schema-graph\">{\"@context\":\"https:\\\/\\\/schema.org\",\"@graph\":[{\"@type\":\"Article\",\"@id\":\"https:\\\/\\\/renatodias.online\\\/movimento\\\/2022\\\/04\\\/19\\\/chiquinho-lula-ganha-no-1-turno\\\/#article\",\"isPartOf\":{\"@id\":\"https:\\\/\\\/renatodias.online\\\/movimento\\\/2022\\\/04\\\/19\\\/chiquinho-lula-ganha-no-1-turno\\\/\"},\"author\":{\"name\":\"Renato Dias\",\"@id\":\"https:\\\/\\\/renatodias.online\\\/movimento\\\/#\\\/schema\\\/person\\\/bbab28833b1725a20f4083f49f1fb2a9\"},\"headline\":\"Chiquinho: Lula ganha no 1\u00b0 turno\",\"datePublished\":\"2022-04-19T19:05:37+00:00\",\"mainEntityOfPage\":{\"@id\":\"https:\\\/\\\/renatodias.online\\\/movimento\\\/2022\\\/04\\\/19\\\/chiquinho-lula-ganha-no-1-turno\\\/\"},\"wordCount\":232,\"commentCount\":0,\"publisher\":{\"@id\":\"https:\\\/\\\/renatodias.online\\\/movimento\\\/#\\\/schema\\\/person\\\/bbab28833b1725a20f4083f49f1fb2a9\"},\"image\":{\"@id\":\"https:\\\/\\\/renatodias.online\\\/movimento\\\/2022\\\/04\\\/19\\\/chiquinho-lula-ganha-no-1-turno\\\/#primaryimage\"},\"thumbnailUrl\":\"https:\\\/\\\/renatodias.online\\\/movimento\\\/wp-content\\\/uploads\\\/2022\\\/04\\\/Chiquinho-do-PT-1-e1650395121307.jpg\",\"articleSection\":[\"Pol\u00edtica\"],\"inLanguage\":\"pt-BR\",\"potentialAction\":[{\"@type\":\"CommentAction\",\"name\":\"Comment\",\"target\":[\"https:\\\/\\\/renatodias.online\\\/movimento\\\/2022\\\/04\\\/19\\\/chiquinho-lula-ganha-no-1-turno\\\/#respond\"]}]},{\"@type\":\"WebPage\",\"@id\":\"https:\\\/\\\/renatodias.online\\\/movimento\\\/2022\\\/04\\\/19\\\/chiquinho-lula-ganha-no-1-turno\\\/\",\"url\":\"https:\\\/\\\/renatodias.online\\\/movimento\\\/2022\\\/04\\\/19\\\/chiquinho-lula-ganha-no-1-turno\\\/\",\"name\":\"Chiquinho: Lula ganha no 1\u00b0 turno -\",\"isPartOf\":{\"@id\":\"https:\\\/\\\/renatodias.online\\\/movimento\\\/#website\"},\"primaryImageOfPage\":{\"@id\":\"https:\\\/\\\/renatodias.online\\\/movimento\\\/2022\\\/04\\\/19\\\/chiquinho-lula-ganha-no-1-turno\\\/#primaryimage\"},\"image\":{\"@id\":\"https:\\\/\\\/renatodias.online\\\/movimento\\\/2022\\\/04\\\/19\\\/chiquinho-lula-ganha-no-1-turno\\\/#primaryimage\"},\"thumbnailUrl\":\"https:\\\/\\\/renatodias.online\\\/movimento\\\/wp-content\\\/uploads\\\/2022\\\/04\\\/Chiquinho-do-PT-1-e1650395121307.jpg\",\"datePublished\":\"2022-04-19T19:05:37+00:00\",\"breadcrumb\":{\"@id\":\"https:\\\/\\\/renatodias.online\\\/movimento\\\/2022\\\/04\\\/19\\\/chiquinho-lula-ganha-no-1-turno\\\/#breadcrumb\"},\"inLanguage\":\"pt-BR\",\"potentialAction\":[{\"@type\":\"ReadAction\",\"target\":[\"https:\\\/\\\/renatodias.online\\\/movimento\\\/2022\\\/04\\\/19\\\/chiquinho-lula-ganha-no-1-turno\\\/\"]}]},{\"@type\":\"ImageObject\",\"inLanguage\":\"pt-BR\",\"@id\":\"https:\\\/\\\/renatodias.online\\\/movimento\\\/2022\\\/04\\\/19\\\/chiquinho-lula-ganha-no-1-turno\\\/#primaryimage\",\"url\":\"https:\\\/\\\/renatodias.online\\\/movimento\\\/wp-content\\\/uploads\\\/2022\\\/04\\\/Chiquinho-do-PT-1-e1650395121307.jpg\",\"contentUrl\":\"https:\\\/\\\/renatodias.online\\\/movimento\\\/wp-content\\\/uploads\\\/2022\\\/04\\\/Chiquinho-do-PT-1-e1650395121307.jpg\",\"width\":390,\"height\":219,\"caption\":\"Francisco F\u00e9lix\"},{\"@type\":\"BreadcrumbList\",\"@id\":\"https:\\\/\\\/renatodias.online\\\/movimento\\\/2022\\\/04\\\/19\\\/chiquinho-lula-ganha-no-1-turno\\\/#breadcrumb\",\"itemListElement\":[{\"@type\":\"ListItem\",\"position\":1,\"name\":\"In\u00edcio\",\"item\":\"https:\\\/\\\/renatodias.online\\\/movimento\\\/\"},{\"@type\":\"ListItem\",\"position\":2,\"name\":\"Chiquinho: Lula ganha no 1\u00b0 turno\"}]},{\"@type\":\"WebSite\",\"@id\":\"https:\\\/\\\/renatodias.online\\\/movimento\\\/#website\",\"url\":\"https:\\\/\\\/renatodias.online\\\/movimento\\\/\",\"name\":\"\",\"description\":\"\",\"publisher\":{\"@id\":\"https:\\\/\\\/renatodias.online\\\/movimento\\\/#\\\/schema\\\/person\\\/bbab28833b1725a20f4083f49f1fb2a9\"},\"potentialAction\":[{\"@type\":\"SearchAction\",\"target\":{\"@type\":\"EntryPoint\",\"urlTemplate\":\"https:\\\/\\\/renatodias.online\\\/movimento\\\/?s={search_term_string}\"},\"query-input\":{\"@type\":\"PropertyValueSpecification\",\"valueRequired\":true,\"valueName\":\"search_term_string\"}}],\"inLanguage\":\"pt-BR\"},{\"@type\":[\"Person\",\"Organization\"],\"@id\":\"https:\\\/\\\/renatodias.online\\\/movimento\\\/#\\\/schema\\\/person\\\/bbab28833b1725a20f4083f49f1fb2a9\",\"name\":\"Renato Dias\",\"image\":{\"@type\":\"ImageObject\",\"inLanguage\":\"pt-BR\",\"@id\":\"https:\\\/\\\/renatodias.online\\\/movimento\\\/wp-content\\\/uploads\\\/2023\\\/03\\\/cropped-cropped-cropped-logofinal.jpeg\",\"url\":\"https:\\\/\\\/renatodias.online\\\/movimento\\\/wp-content\\\/uploads\\\/2023\\\/03\\\/cropped-cropped-cropped-logofinal.jpeg\",\"contentUrl\":\"https:\\\/\\\/renatodias.online\\\/movimento\\\/wp-content\\\/uploads\\\/2023\\\/03\\\/cropped-cropped-cropped-logofinal.jpeg\",\"width\":1280,\"height\":219,\"caption\":\"Renato Dias\"},\"logo\":{\"@id\":\"https:\\\/\\\/renatodias.online\\\/movimento\\\/wp-content\\\/uploads\\\/2023\\\/03\\\/cropped-cropped-cropped-logofinal.jpeg\"},\"description\":\"Renato Dias, 58 anos, \u00e9 graduado em Jornalismo, formado em Ci\u00eancias Sociais, com p\u00f3s-gradua\u00e7\u00e3o em Pol\u00edticas P\u00fablicas, mestre em Direito e Rela\u00e7\u00f5es Internacionais, ex-aluno extraordin\u00e1rio do Doutorado em Psicologia Social, ex-estudante do Curso de Psican\u00e1lise do Centro de Estudos Psicanal\u00edticos do Estado de Goi\u00e1s, ministrado pelo m\u00e9dico psiquiatra e psicanalista Daniel Em\u00eddio de Souza. \u00c9 autor de 30 livros-reportagem, oito document\u00e1rios, ganhou 30 pr\u00eamios e \u00e9 torcedor apaixonado do maior do Centro-Oeste, o Vila Nova Futebol Clube. Casado com Meirilane Dias, \u00e9 pai de Juliana Dias, jornalista; Daniel Dias, economista; e Maria Rosa Dias, estudante antifascista, socialista e trotskista.\u00a0Com tr\u00eas pets: Porquinho [Bull Dog Franc\u00eas], Dalila [Basset Hound] e Geleia [Basset Hound]. Al\u00e9m do eterno gato Tutuquinho, que virou estrela.\",\"sameAs\":[\"https:\\\/\\\/www.facebook.com\\\/renato.dias.37\",\"#breve\",\"https:\\\/\\\/renatodias.tumblr.com\\\/\"],\"url\":\"https:\\\/\\\/renatodias.online\\\/movimento\\\/author\\\/renatodias\\\/\"}]}<\/script>\n<!-- \/ Yoast SEO plugin. -->","yoast_head_json":{"title":"Chiquinho: Lula ganha no 1\u00b0 turno -","robots":{"index":"index","follow":"follow","max-snippet":"max-snippet:-1","max-image-preview":"max-image-preview:large","max-video-preview":"max-video-preview:-1"},"canonical":"https:\/\/renatodias.online\/movimento\/2022\/04\/19\/chiquinho-lula-ganha-no-1-turno\/","og_locale":"pt_BR","og_type":"article","og_title":"Chiquinho: Lula ganha no 1\u00b0 turno -","og_description":"Chiquinho: Lula ganha no 1\u00b0 turno Gestor p\u00fablico critica desastre de Bolsonaro Renato Dias O ex-presidente da Rep\u00fablica Luiz In\u00e1cio Lula da Silva pode ganhar as elei\u00e7\u00f5es ao Pal\u00e1cio do Planalto j\u00e1 no primeiro turno, em 2 de outubro de 2022. A an\u00e1lise \u00e9 do gestor p\u00fablico Francisco F\u00e9lix. Com base nas tend\u00eancias e curvas","og_url":"https:\/\/renatodias.online\/movimento\/2022\/04\/19\/chiquinho-lula-ganha-no-1-turno\/","article_publisher":"https:\/\/www.facebook.com\/renato.dias.37","article_author":"https:\/\/www.facebook.com\/renato.dias.37","article_published_time":"2022-04-19T19:05:37+00:00","og_image":[{"width":390,"height":219,"url":"https:\/\/renatodias.online\/movimento\/wp-content\/uploads\/2022\/04\/Chiquinho-do-PT-1-e1650395121307.jpg","type":"image\/jpeg"}],"author":"Renato Dias","twitter_card":"summary_large_image","twitter_creator":"@RenatoDiasBat","twitter_site":"@RenatoDiasBat","twitter_misc":{"Escrito por":"Renato Dias","Est. tempo de leitura":"1 minuto"},"schema":{"@context":"https:\/\/schema.org","@graph":[{"@type":"Article","@id":"https:\/\/renatodias.online\/movimento\/2022\/04\/19\/chiquinho-lula-ganha-no-1-turno\/#article","isPartOf":{"@id":"https:\/\/renatodias.online\/movimento\/2022\/04\/19\/chiquinho-lula-ganha-no-1-turno\/"},"author":{"name":"Renato Dias","@id":"https:\/\/renatodias.online\/movimento\/#\/schema\/person\/bbab28833b1725a20f4083f49f1fb2a9"},"headline":"Chiquinho: Lula ganha no 1\u00b0 turno","datePublished":"2022-04-19T19:05:37+00:00","mainEntityOfPage":{"@id":"https:\/\/renatodias.online\/movimento\/2022\/04\/19\/chiquinho-lula-ganha-no-1-turno\/"},"wordCount":232,"commentCount":0,"publisher":{"@id":"https:\/\/renatodias.online\/movimento\/#\/schema\/person\/bbab28833b1725a20f4083f49f1fb2a9"},"image":{"@id":"https:\/\/renatodias.online\/movimento\/2022\/04\/19\/chiquinho-lula-ganha-no-1-turno\/#primaryimage"},"thumbnailUrl":"https:\/\/renatodias.online\/movimento\/wp-content\/uploads\/2022\/04\/Chiquinho-do-PT-1-e1650395121307.jpg","articleSection":["Pol\u00edtica"],"inLanguage":"pt-BR","potentialAction":[{"@type":"CommentAction","name":"Comment","target":["https:\/\/renatodias.online\/movimento\/2022\/04\/19\/chiquinho-lula-ganha-no-1-turno\/#respond"]}]},{"@type":"WebPage","@id":"https:\/\/renatodias.online\/movimento\/2022\/04\/19\/chiquinho-lula-ganha-no-1-turno\/","url":"https:\/\/renatodias.online\/movimento\/2022\/04\/19\/chiquinho-lula-ganha-no-1-turno\/","name":"Chiquinho: Lula ganha no 1\u00b0 turno -","isPartOf":{"@id":"https:\/\/renatodias.online\/movimento\/#website"},"primaryImageOfPage":{"@id":"https:\/\/renatodias.online\/movimento\/2022\/04\/19\/chiquinho-lula-ganha-no-1-turno\/#primaryimage"},"image":{"@id":"https:\/\/renatodias.online\/movimento\/2022\/04\/19\/chiquinho-lula-ganha-no-1-turno\/#primaryimage"},"thumbnailUrl":"https:\/\/renatodias.online\/movimento\/wp-content\/uploads\/2022\/04\/Chiquinho-do-PT-1-e1650395121307.jpg","datePublished":"2022-04-19T19:05:37+00:00","breadcrumb":{"@id":"https:\/\/renatodias.online\/movimento\/2022\/04\/19\/chiquinho-lula-ganha-no-1-turno\/#breadcrumb"},"inLanguage":"pt-BR","potentialAction":[{"@type":"ReadAction","target":["https:\/\/renatodias.online\/movimento\/2022\/04\/19\/chiquinho-lula-ganha-no-1-turno\/"]}]},{"@type":"ImageObject","inLanguage":"pt-BR","@id":"https:\/\/renatodias.online\/movimento\/2022\/04\/19\/chiquinho-lula-ganha-no-1-turno\/#primaryimage","url":"https:\/\/renatodias.online\/movimento\/wp-content\/uploads\/2022\/04\/Chiquinho-do-PT-1-e1650395121307.jpg","contentUrl":"https:\/\/renatodias.online\/movimento\/wp-content\/uploads\/2022\/04\/Chiquinho-do-PT-1-e1650395121307.jpg","width":390,"height":219,"caption":"Francisco F\u00e9lix"},{"@type":"BreadcrumbList","@id":"https:\/\/renatodias.online\/movimento\/2022\/04\/19\/chiquinho-lula-ganha-no-1-turno\/#breadcrumb","itemListElement":[{"@type":"ListItem","position":1,"name":"In\u00edcio","item":"https:\/\/renatodias.online\/movimento\/"},{"@type":"ListItem","position":2,"name":"Chiquinho: Lula ganha no 1\u00b0 turno"}]},{"@type":"WebSite","@id":"https:\/\/renatodias.online\/movimento\/#website","url":"https:\/\/renatodias.online\/movimento\/","name":"","description":"","publisher":{"@id":"https:\/\/renatodias.online\/movimento\/#\/schema\/person\/bbab28833b1725a20f4083f49f1fb2a9"},"potentialAction":[{"@type":"SearchAction","target":{"@type":"EntryPoint","urlTemplate":"https:\/\/renatodias.online\/movimento\/?s={search_term_string}"},"query-input":{"@type":"PropertyValueSpecification","valueRequired":true,"valueName":"search_term_string"}}],"inLanguage":"pt-BR"},{"@type":["Person","Organization"],"@id":"https:\/\/renatodias.online\/movimento\/#\/schema\/person\/bbab28833b1725a20f4083f49f1fb2a9","name":"Renato Dias","image":{"@type":"ImageObject","inLanguage":"pt-BR","@id":"https:\/\/renatodias.online\/movimento\/wp-content\/uploads\/2023\/03\/cropped-cropped-cropped-logofinal.jpeg","url":"https:\/\/renatodias.online\/movimento\/wp-content\/uploads\/2023\/03\/cropped-cropped-cropped-logofinal.jpeg","contentUrl":"https:\/\/renatodias.online\/movimento\/wp-content\/uploads\/2023\/03\/cropped-cropped-cropped-logofinal.jpeg","width":1280,"height":219,"caption":"Renato Dias"},"logo":{"@id":"https:\/\/renatodias.online\/movimento\/wp-content\/uploads\/2023\/03\/cropped-cropped-cropped-logofinal.jpeg"},"description":"Renato Dias, 58 anos, \u00e9 graduado em Jornalismo, formado em Ci\u00eancias Sociais, com p\u00f3s-gradua\u00e7\u00e3o em Pol\u00edticas P\u00fablicas, mestre em Direito e Rela\u00e7\u00f5es Internacionais, ex-aluno extraordin\u00e1rio do Doutorado em Psicologia Social, ex-estudante do Curso de Psican\u00e1lise do Centro de Estudos Psicanal\u00edticos do Estado de Goi\u00e1s, ministrado pelo m\u00e9dico psiquiatra e psicanalista Daniel Em\u00eddio de Souza. \u00c9 autor de 30 livros-reportagem, oito document\u00e1rios, ganhou 30 pr\u00eamios e \u00e9 torcedor apaixonado do maior do Centro-Oeste, o Vila Nova Futebol Clube. Casado com Meirilane Dias, \u00e9 pai de Juliana Dias, jornalista; Daniel Dias, economista; e Maria Rosa Dias, estudante antifascista, socialista e trotskista.\u00a0Com tr\u00eas pets: Porquinho [Bull Dog Franc\u00eas], Dalila [Basset Hound] e Geleia [Basset Hound]. Al\u00e9m do eterno gato Tutuquinho, que virou estrela.","sameAs":["https:\/\/www.facebook.com\/renato.dias.37","#breve","https:\/\/renatodias.tumblr.com\/"],"url":"https:\/\/renatodias.online\/movimento\/author\/renatodias\/"}]}},"_links":{"self":[{"href":"https:\/\/renatodias.online\/movimento\/wp-json\/wp\/v2\/posts\/11919","targetHints":{"allow":["GET"]}}],"collection":[{"href":"https:\/\/renatodias.online\/movimento\/wp-json\/wp\/v2\/posts"}],"about":[{"href":"https:\/\/renatodias.online\/movimento\/wp-json\/wp\/v2\/types\/post"}],"author":[{"embeddable":true,"href":"https:\/\/renatodias.online\/movimento\/wp-json\/wp\/v2\/users\/2"}],"replies":[{"embeddable":true,"href":"https:\/\/renatodias.online\/movimento\/wp-json\/wp\/v2\/comments?post=11919"}],"version-history":[{"count":1,"href":"https:\/\/renatodias.online\/movimento\/wp-json\/wp\/v2\/posts\/11919\/revisions"}],"predecessor-version":[{"id":11923,"href":"https:\/\/renatodias.online\/movimento\/wp-json\/wp\/v2\/posts\/11919\/revisions\/11923"}],"wp:featuredmedia":[{"embeddable":true,"href":"https:\/\/renatodias.online\/movimento\/wp-json\/wp\/v2\/media\/11922"}],"wp:attachment":[{"href":"https:\/\/renatodias.online\/movimento\/wp-json\/wp\/v2\/media?parent=11919"}],"wp:term":[{"taxonomy":"category","embeddable":true,"href":"https:\/\/renatodias.online\/movimento\/wp-json\/wp\/v2\/categories?post=11919"},{"taxonomy":"post_tag","embeddable":true,"href":"https:\/\/renatodias.online\/movimento\/wp-json\/wp\/v2\/tags?post=11919"}],"curies":[{"name":"wp","href":"https:\/\/api.w.org\/{rel}","templated":true}]}}