{"id":11914,"date":"2022-04-19T15:56:13","date_gmt":"2022-04-19T18:56:13","guid":{"rendered":"https:\/\/renatodias.online\/movimento\/?p=11914"},"modified":"2022-04-19T15:56:47","modified_gmt":"2022-04-19T18:56:47","slug":"dialogo-entre-mulheres","status":"publish","type":"post","link":"https:\/\/renatodias.online\/movimento\/2022\/04\/19\/dialogo-entre-mulheres\/","title":{"rendered":"Di\u00e1logo entre mulheres"},"content":{"rendered":"<p><img loading=\"lazy\" decoding=\"async\" class=\"size-medium wp-image-8379 aligncenter\" src=\"https:\/\/renatodias.online\/movimento\/wp-content\/uploads\/2021\/08\/Especial-Principal-300x101.png\" alt=\"\" width=\"300\" height=\"101\" \/><\/p>\n<h1 style=\"text-align: center;\"><span style=\"color: #ff00ff;\"><strong>Di\u00e1logo entre mulheres<\/strong><\/span><\/h1>\n<figure id=\"attachment_11915\" aria-describedby=\"caption-attachment-11915\" style=\"width: 750px\" class=\"wp-caption aligncenter\"><img loading=\"lazy\" decoding=\"async\" class=\"wp-image-11915 size-full\" src=\"https:\/\/renatodias.online\/movimento\/wp-content\/uploads\/2022\/04\/Lucia-Rincon.jpg\" alt=\"\" width=\"750\" height=\"500\" srcset=\"https:\/\/renatodias.online\/movimento\/wp-content\/uploads\/2022\/04\/Lucia-Rincon.jpg 750w, https:\/\/renatodias.online\/movimento\/wp-content\/uploads\/2022\/04\/Lucia-Rincon-300x200.jpg 300w, https:\/\/renatodias.online\/movimento\/wp-content\/uploads\/2022\/04\/Lucia-Rincon-360x240.jpg 360w\" sizes=\"auto, (max-width: 750px) 100vw, 750px\" \/><figcaption id=\"caption-attachment-11915\" class=\"wp-caption-text\"><strong>L\u00facia Rinc\u00f3n<\/strong><\/figcaption><\/figure>\n<h1 style=\"text-align: center;\"><strong>\u00a0<\/strong><strong>L\u00facia Rinc\u00f3n e C\u00edntia Dias<\/strong><\/h1>\n<figure id=\"attachment_5361\" aria-describedby=\"caption-attachment-5361\" style=\"width: 222px\" class=\"wp-caption aligncenter\"><img loading=\"lazy\" decoding=\"async\" class=\"wp-image-5361 size-full\" src=\"https:\/\/renatodias.online\/movimento\/wp-content\/uploads\/2021\/03\/Luiz-Inacio-Lula-da-Silva-1.jpg\" alt=\"Luiz In\u00e1cio Lula da Silva \u2013 caricatura\" width=\"222\" height=\"594\" \/><figcaption id=\"caption-attachment-5361\" class=\"wp-caption-text\"><strong>Luiz In\u00e1cio Lula da Silva<\/strong><\/figcaption><\/figure>\n<h1 style=\"text-align: center;\"><strong>Cen\u00e1rios pol\u00edticos mundial, nacional e elei\u00e7\u00f5es<\/strong><\/h1>\n<h1 style=\"text-align: center;\"><strong><img loading=\"lazy\" decoding=\"async\" class=\"size-medium wp-image-11445 aligncenter\" src=\"https:\/\/renatodias.online\/movimento\/wp-content\/uploads\/2022\/03\/Eleicoes-de-2022-300x169.jpeg\" alt=\"\" width=\"300\" height=\"169\" srcset=\"https:\/\/renatodias.online\/movimento\/wp-content\/uploads\/2022\/03\/Eleicoes-de-2022-300x169.jpeg 300w, https:\/\/renatodias.online\/movimento\/wp-content\/uploads\/2022\/03\/Eleicoes-de-2022.jpeg 639w\" sizes=\"auto, (max-width: 300px) 100vw, 300px\" \/>\u00a0<\/strong><\/h1>\n<h1 style=\"text-align: center;\"><span style=\"color: #808080;\"><strong>\u00c9, hoje, 19 de abril, \u00e0s 19h<\/strong><\/span><\/h1>\n<p><strong>Renato Dias<\/strong><\/p>\n<p>O F\u00f3rum Goiano de Mulheres promove, nesta ter\u00e7a-feira, 19 de abril de 2022, uma conversa explosiva. Tema: a conjuntura e as elei\u00e7\u00f5es de outubro, no Brasil. Com a professora doutora da Pontif\u00edcia Universidade Cat\u00f3lica de Goi\u00e1s L\u00facia Rinc\u00f3n [PC do B] e a soci\u00f3loga graduada na Universidade Federal de Goi\u00e1s C\u00edntia Dias [PSOL]. Anote em sua agenda.<\/p>\n<figure id=\"attachment_9688\" aria-describedby=\"caption-attachment-9688\" style=\"width: 622px\" class=\"wp-caption aligncenter\"><img loading=\"lazy\" decoding=\"async\" class=\"wp-image-9688 size-full\" src=\"https:\/\/renatodias.online\/movimento\/wp-content\/uploads\/2021\/11\/Cintia-Dias.jpg\" alt=\"\" width=\"622\" height=\"632\" \/><figcaption id=\"caption-attachment-9688\" class=\"wp-caption-text\"><strong>C\u00edntia Dias, presidente do Psol<\/strong><\/figcaption><\/figure>\n","protected":false},"excerpt":{"rendered":"<p>Di\u00e1logo entre mulheres \u00a0L\u00facia Rinc\u00f3n e C\u00edntia Dias Cen\u00e1rios pol\u00edticos mundial, nacional e elei\u00e7\u00f5es \u00a0 \u00c9, hoje, 19 de abril, \u00e0s 19h Renato Dias O F\u00f3rum Goiano de Mulheres promove, nesta ter\u00e7a-feira, 19 de abril de 2022, uma conversa explosiva. Tema: a conjuntura e as elei\u00e7\u00f5es de outubro, no Brasil. Com a professora doutora da<\/p>\n","protected":false},"author":2,"featured_media":11916,"comment_status":"open","ping_status":"open","sticky":false,"template":"","format":"standard","meta":{"_acf_changed":false,"_monsterinsights_skip_tracking":false,"_monsterinsights_sitenote_active":false,"_monsterinsights_sitenote_note":"","_monsterinsights_sitenote_category":0,"footnotes":""},"categories":[4],"tags":[],"class_list":["post-11914","post","type-post","status-publish","format-standard","has-post-thumbnail","hentry","category-politica"],"acf":[],"yoast_head":"<!-- This site is optimized with the Yoast SEO plugin v27.4 - https:\/\/yoast.com\/product\/yoast-seo-wordpress\/ -->\n<title>Di\u00e1logo entre mulheres -<\/title>\n<meta name=\"robots\" content=\"index, follow, max-snippet:-1, max-image-preview:large, max-video-preview:-1\" \/>\n<link rel=\"canonical\" href=\"https:\/\/renatodias.online\/movimento\/2022\/04\/19\/dialogo-entre-mulheres\/\" \/>\n<meta property=\"og:locale\" content=\"pt_BR\" \/>\n<meta property=\"og:type\" content=\"article\" \/>\n<meta property=\"og:title\" content=\"Di\u00e1logo entre mulheres -\" \/>\n<meta property=\"og:description\" content=\"Di\u00e1logo entre mulheres \u00a0L\u00facia Rinc\u00f3n e C\u00edntia Dias Cen\u00e1rios pol\u00edticos mundial, nacional e elei\u00e7\u00f5es \u00a0 \u00c9, hoje, 19 de abril, \u00e0s 19h Renato Dias O F\u00f3rum Goiano de Mulheres promove, nesta ter\u00e7a-feira, 19 de abril de 2022, uma conversa explosiva. Tema: a conjuntura e as elei\u00e7\u00f5es de outubro, no Brasil. Com a professora doutora da\" \/>\n<meta property=\"og:url\" content=\"https:\/\/renatodias.online\/movimento\/2022\/04\/19\/dialogo-entre-mulheres\/\" \/>\n<meta property=\"article:publisher\" content=\"https:\/\/www.facebook.com\/renato.dias.37\" \/>\n<meta property=\"article:author\" content=\"https:\/\/www.facebook.com\/renato.dias.37\" \/>\n<meta property=\"article:published_time\" content=\"2022-04-19T18:56:13+00:00\" \/>\n<meta property=\"article:modified_time\" content=\"2022-04-19T18:56:47+00:00\" \/>\n<meta property=\"og:image\" content=\"https:\/\/renatodias.online\/movimento\/wp-content\/uploads\/2022\/04\/Dialogo-entre-Mulheres-card-e1650394562695.jpg\" \/>\n\t<meta property=\"og:image:width\" content=\"360\" \/>\n\t<meta property=\"og:image:height\" content=\"362\" \/>\n\t<meta property=\"og:image:type\" content=\"image\/jpeg\" \/>\n<meta name=\"author\" content=\"Renato Dias\" \/>\n<meta name=\"twitter:card\" content=\"summary_large_image\" \/>\n<meta name=\"twitter:creator\" content=\"@RenatoDiasBat\" \/>\n<meta name=\"twitter:site\" content=\"@RenatoDiasBat\" \/>\n<meta name=\"twitter:label1\" content=\"Escrito por\" \/>\n\t<meta name=\"twitter:data1\" content=\"Renato Dias\" \/>\n\t<meta name=\"twitter:label2\" content=\"Est. tempo de leitura\" \/>\n\t<meta name=\"twitter:data2\" content=\"1 minuto\" \/>\n<script type=\"application\/ld+json\" class=\"yoast-schema-graph\">{\"@context\":\"https:\\\/\\\/schema.org\",\"@graph\":[{\"@type\":\"Article\",\"@id\":\"https:\\\/\\\/renatodias.online\\\/movimento\\\/2022\\\/04\\\/19\\\/dialogo-entre-mulheres\\\/#article\",\"isPartOf\":{\"@id\":\"https:\\\/\\\/renatodias.online\\\/movimento\\\/2022\\\/04\\\/19\\\/dialogo-entre-mulheres\\\/\"},\"author\":{\"name\":\"Renato Dias\",\"@id\":\"https:\\\/\\\/renatodias.online\\\/movimento\\\/#\\\/schema\\\/person\\\/bbab28833b1725a20f4083f49f1fb2a9\"},\"headline\":\"Di\u00e1logo entre mulheres\",\"datePublished\":\"2022-04-19T18:56:13+00:00\",\"dateModified\":\"2022-04-19T18:56:47+00:00\",\"mainEntityOfPage\":{\"@id\":\"https:\\\/\\\/renatodias.online\\\/movimento\\\/2022\\\/04\\\/19\\\/dialogo-entre-mulheres\\\/\"},\"wordCount\":135,\"commentCount\":0,\"publisher\":{\"@id\":\"https:\\\/\\\/renatodias.online\\\/movimento\\\/#\\\/schema\\\/person\\\/bbab28833b1725a20f4083f49f1fb2a9\"},\"image\":{\"@id\":\"https:\\\/\\\/renatodias.online\\\/movimento\\\/2022\\\/04\\\/19\\\/dialogo-entre-mulheres\\\/#primaryimage\"},\"thumbnailUrl\":\"https:\\\/\\\/renatodias.online\\\/movimento\\\/wp-content\\\/uploads\\\/2022\\\/04\\\/Dialogo-entre-Mulheres-card-e1650394562695.jpg\",\"articleSection\":[\"Pol\u00edtica\"],\"inLanguage\":\"pt-BR\",\"potentialAction\":[{\"@type\":\"CommentAction\",\"name\":\"Comment\",\"target\":[\"https:\\\/\\\/renatodias.online\\\/movimento\\\/2022\\\/04\\\/19\\\/dialogo-entre-mulheres\\\/#respond\"]}]},{\"@type\":\"WebPage\",\"@id\":\"https:\\\/\\\/renatodias.online\\\/movimento\\\/2022\\\/04\\\/19\\\/dialogo-entre-mulheres\\\/\",\"url\":\"https:\\\/\\\/renatodias.online\\\/movimento\\\/2022\\\/04\\\/19\\\/dialogo-entre-mulheres\\\/\",\"name\":\"Di\u00e1logo entre mulheres -\",\"isPartOf\":{\"@id\":\"https:\\\/\\\/renatodias.online\\\/movimento\\\/#website\"},\"primaryImageOfPage\":{\"@id\":\"https:\\\/\\\/renatodias.online\\\/movimento\\\/2022\\\/04\\\/19\\\/dialogo-entre-mulheres\\\/#primaryimage\"},\"image\":{\"@id\":\"https:\\\/\\\/renatodias.online\\\/movimento\\\/2022\\\/04\\\/19\\\/dialogo-entre-mulheres\\\/#primaryimage\"},\"thumbnailUrl\":\"https:\\\/\\\/renatodias.online\\\/movimento\\\/wp-content\\\/uploads\\\/2022\\\/04\\\/Dialogo-entre-Mulheres-card-e1650394562695.jpg\",\"datePublished\":\"2022-04-19T18:56:13+00:00\",\"dateModified\":\"2022-04-19T18:56:47+00:00\",\"breadcrumb\":{\"@id\":\"https:\\\/\\\/renatodias.online\\\/movimento\\\/2022\\\/04\\\/19\\\/dialogo-entre-mulheres\\\/#breadcrumb\"},\"inLanguage\":\"pt-BR\",\"potentialAction\":[{\"@type\":\"ReadAction\",\"target\":[\"https:\\\/\\\/renatodias.online\\\/movimento\\\/2022\\\/04\\\/19\\\/dialogo-entre-mulheres\\\/\"]}]},{\"@type\":\"ImageObject\",\"inLanguage\":\"pt-BR\",\"@id\":\"https:\\\/\\\/renatodias.online\\\/movimento\\\/2022\\\/04\\\/19\\\/dialogo-entre-mulheres\\\/#primaryimage\",\"url\":\"https:\\\/\\\/renatodias.online\\\/movimento\\\/wp-content\\\/uploads\\\/2022\\\/04\\\/Dialogo-entre-Mulheres-card-e1650394562695.jpg\",\"contentUrl\":\"https:\\\/\\\/renatodias.online\\\/movimento\\\/wp-content\\\/uploads\\\/2022\\\/04\\\/Dialogo-entre-Mulheres-card-e1650394562695.jpg\",\"width\":360,\"height\":362},{\"@type\":\"BreadcrumbList\",\"@id\":\"https:\\\/\\\/renatodias.online\\\/movimento\\\/2022\\\/04\\\/19\\\/dialogo-entre-mulheres\\\/#breadcrumb\",\"itemListElement\":[{\"@type\":\"ListItem\",\"position\":1,\"name\":\"In\u00edcio\",\"item\":\"https:\\\/\\\/renatodias.online\\\/movimento\\\/\"},{\"@type\":\"ListItem\",\"position\":2,\"name\":\"Di\u00e1logo entre mulheres\"}]},{\"@type\":\"WebSite\",\"@id\":\"https:\\\/\\\/renatodias.online\\\/movimento\\\/#website\",\"url\":\"https:\\\/\\\/renatodias.online\\\/movimento\\\/\",\"name\":\"\",\"description\":\"\",\"publisher\":{\"@id\":\"https:\\\/\\\/renatodias.online\\\/movimento\\\/#\\\/schema\\\/person\\\/bbab28833b1725a20f4083f49f1fb2a9\"},\"potentialAction\":[{\"@type\":\"SearchAction\",\"target\":{\"@type\":\"EntryPoint\",\"urlTemplate\":\"https:\\\/\\\/renatodias.online\\\/movimento\\\/?s={search_term_string}\"},\"query-input\":{\"@type\":\"PropertyValueSpecification\",\"valueRequired\":true,\"valueName\":\"search_term_string\"}}],\"inLanguage\":\"pt-BR\"},{\"@type\":[\"Person\",\"Organization\"],\"@id\":\"https:\\\/\\\/renatodias.online\\\/movimento\\\/#\\\/schema\\\/person\\\/bbab28833b1725a20f4083f49f1fb2a9\",\"name\":\"Renato Dias\",\"image\":{\"@type\":\"ImageObject\",\"inLanguage\":\"pt-BR\",\"@id\":\"https:\\\/\\\/renatodias.online\\\/movimento\\\/wp-content\\\/uploads\\\/2023\\\/03\\\/cropped-cropped-cropped-logofinal.jpeg\",\"url\":\"https:\\\/\\\/renatodias.online\\\/movimento\\\/wp-content\\\/uploads\\\/2023\\\/03\\\/cropped-cropped-cropped-logofinal.jpeg\",\"contentUrl\":\"https:\\\/\\\/renatodias.online\\\/movimento\\\/wp-content\\\/uploads\\\/2023\\\/03\\\/cropped-cropped-cropped-logofinal.jpeg\",\"width\":1280,\"height\":219,\"caption\":\"Renato Dias\"},\"logo\":{\"@id\":\"https:\\\/\\\/renatodias.online\\\/movimento\\\/wp-content\\\/uploads\\\/2023\\\/03\\\/cropped-cropped-cropped-logofinal.jpeg\"},\"description\":\"Renato Dias, 58 anos, \u00e9 graduado em Jornalismo, formado em Ci\u00eancias Sociais, com p\u00f3s-gradua\u00e7\u00e3o em Pol\u00edticas P\u00fablicas, mestre em Direito e Rela\u00e7\u00f5es Internacionais, ex-aluno extraordin\u00e1rio do Doutorado em Psicologia Social, ex-estudante do Curso de Psican\u00e1lise do Centro de Estudos Psicanal\u00edticos do Estado de Goi\u00e1s, ministrado pelo m\u00e9dico psiquiatra e psicanalista Daniel Em\u00eddio de Souza. \u00c9 autor de 30 livros-reportagem, oito document\u00e1rios, ganhou 30 pr\u00eamios e \u00e9 torcedor apaixonado do maior do Centro-Oeste, o Vila Nova Futebol Clube. Casado com Meirilane Dias, \u00e9 pai de Juliana Dias, jornalista; Daniel Dias, economista; e Maria Rosa Dias, estudante antifascista, socialista e trotskista.\u00a0Com tr\u00eas pets: Porquinho [Bull Dog Franc\u00eas], Dalila [Basset Hound] e Geleia [Basset Hound]. Al\u00e9m do eterno gato Tutuquinho, que virou estrela.\",\"sameAs\":[\"https:\\\/\\\/www.facebook.com\\\/renato.dias.37\",\"#breve\",\"https:\\\/\\\/renatodias.tumblr.com\\\/\"],\"url\":\"https:\\\/\\\/renatodias.online\\\/movimento\\\/author\\\/renatodias\\\/\"}]}<\/script>\n<!-- \/ Yoast SEO plugin. -->","yoast_head_json":{"title":"Di\u00e1logo entre mulheres -","robots":{"index":"index","follow":"follow","max-snippet":"max-snippet:-1","max-image-preview":"max-image-preview:large","max-video-preview":"max-video-preview:-1"},"canonical":"https:\/\/renatodias.online\/movimento\/2022\/04\/19\/dialogo-entre-mulheres\/","og_locale":"pt_BR","og_type":"article","og_title":"Di\u00e1logo entre mulheres -","og_description":"Di\u00e1logo entre mulheres \u00a0L\u00facia Rinc\u00f3n e C\u00edntia Dias Cen\u00e1rios pol\u00edticos mundial, nacional e elei\u00e7\u00f5es \u00a0 \u00c9, hoje, 19 de abril, \u00e0s 19h Renato Dias O F\u00f3rum Goiano de Mulheres promove, nesta ter\u00e7a-feira, 19 de abril de 2022, uma conversa explosiva. Tema: a conjuntura e as elei\u00e7\u00f5es de outubro, no Brasil. Com a professora doutora da","og_url":"https:\/\/renatodias.online\/movimento\/2022\/04\/19\/dialogo-entre-mulheres\/","article_publisher":"https:\/\/www.facebook.com\/renato.dias.37","article_author":"https:\/\/www.facebook.com\/renato.dias.37","article_published_time":"2022-04-19T18:56:13+00:00","article_modified_time":"2022-04-19T18:56:47+00:00","og_image":[{"width":360,"height":362,"url":"https:\/\/renatodias.online\/movimento\/wp-content\/uploads\/2022\/04\/Dialogo-entre-Mulheres-card-e1650394562695.jpg","type":"image\/jpeg"}],"author":"Renato Dias","twitter_card":"summary_large_image","twitter_creator":"@RenatoDiasBat","twitter_site":"@RenatoDiasBat","twitter_misc":{"Escrito por":"Renato Dias","Est. tempo de leitura":"1 minuto"},"schema":{"@context":"https:\/\/schema.org","@graph":[{"@type":"Article","@id":"https:\/\/renatodias.online\/movimento\/2022\/04\/19\/dialogo-entre-mulheres\/#article","isPartOf":{"@id":"https:\/\/renatodias.online\/movimento\/2022\/04\/19\/dialogo-entre-mulheres\/"},"author":{"name":"Renato Dias","@id":"https:\/\/renatodias.online\/movimento\/#\/schema\/person\/bbab28833b1725a20f4083f49f1fb2a9"},"headline":"Di\u00e1logo entre mulheres","datePublished":"2022-04-19T18:56:13+00:00","dateModified":"2022-04-19T18:56:47+00:00","mainEntityOfPage":{"@id":"https:\/\/renatodias.online\/movimento\/2022\/04\/19\/dialogo-entre-mulheres\/"},"wordCount":135,"commentCount":0,"publisher":{"@id":"https:\/\/renatodias.online\/movimento\/#\/schema\/person\/bbab28833b1725a20f4083f49f1fb2a9"},"image":{"@id":"https:\/\/renatodias.online\/movimento\/2022\/04\/19\/dialogo-entre-mulheres\/#primaryimage"},"thumbnailUrl":"https:\/\/renatodias.online\/movimento\/wp-content\/uploads\/2022\/04\/Dialogo-entre-Mulheres-card-e1650394562695.jpg","articleSection":["Pol\u00edtica"],"inLanguage":"pt-BR","potentialAction":[{"@type":"CommentAction","name":"Comment","target":["https:\/\/renatodias.online\/movimento\/2022\/04\/19\/dialogo-entre-mulheres\/#respond"]}]},{"@type":"WebPage","@id":"https:\/\/renatodias.online\/movimento\/2022\/04\/19\/dialogo-entre-mulheres\/","url":"https:\/\/renatodias.online\/movimento\/2022\/04\/19\/dialogo-entre-mulheres\/","name":"Di\u00e1logo entre mulheres -","isPartOf":{"@id":"https:\/\/renatodias.online\/movimento\/#website"},"primaryImageOfPage":{"@id":"https:\/\/renatodias.online\/movimento\/2022\/04\/19\/dialogo-entre-mulheres\/#primaryimage"},"image":{"@id":"https:\/\/renatodias.online\/movimento\/2022\/04\/19\/dialogo-entre-mulheres\/#primaryimage"},"thumbnailUrl":"https:\/\/renatodias.online\/movimento\/wp-content\/uploads\/2022\/04\/Dialogo-entre-Mulheres-card-e1650394562695.jpg","datePublished":"2022-04-19T18:56:13+00:00","dateModified":"2022-04-19T18:56:47+00:00","breadcrumb":{"@id":"https:\/\/renatodias.online\/movimento\/2022\/04\/19\/dialogo-entre-mulheres\/#breadcrumb"},"inLanguage":"pt-BR","potentialAction":[{"@type":"ReadAction","target":["https:\/\/renatodias.online\/movimento\/2022\/04\/19\/dialogo-entre-mulheres\/"]}]},{"@type":"ImageObject","inLanguage":"pt-BR","@id":"https:\/\/renatodias.online\/movimento\/2022\/04\/19\/dialogo-entre-mulheres\/#primaryimage","url":"https:\/\/renatodias.online\/movimento\/wp-content\/uploads\/2022\/04\/Dialogo-entre-Mulheres-card-e1650394562695.jpg","contentUrl":"https:\/\/renatodias.online\/movimento\/wp-content\/uploads\/2022\/04\/Dialogo-entre-Mulheres-card-e1650394562695.jpg","width":360,"height":362},{"@type":"BreadcrumbList","@id":"https:\/\/renatodias.online\/movimento\/2022\/04\/19\/dialogo-entre-mulheres\/#breadcrumb","itemListElement":[{"@type":"ListItem","position":1,"name":"In\u00edcio","item":"https:\/\/renatodias.online\/movimento\/"},{"@type":"ListItem","position":2,"name":"Di\u00e1logo entre mulheres"}]},{"@type":"WebSite","@id":"https:\/\/renatodias.online\/movimento\/#website","url":"https:\/\/renatodias.online\/movimento\/","name":"","description":"","publisher":{"@id":"https:\/\/renatodias.online\/movimento\/#\/schema\/person\/bbab28833b1725a20f4083f49f1fb2a9"},"potentialAction":[{"@type":"SearchAction","target":{"@type":"EntryPoint","urlTemplate":"https:\/\/renatodias.online\/movimento\/?s={search_term_string}"},"query-input":{"@type":"PropertyValueSpecification","valueRequired":true,"valueName":"search_term_string"}}],"inLanguage":"pt-BR"},{"@type":["Person","Organization"],"@id":"https:\/\/renatodias.online\/movimento\/#\/schema\/person\/bbab28833b1725a20f4083f49f1fb2a9","name":"Renato Dias","image":{"@type":"ImageObject","inLanguage":"pt-BR","@id":"https:\/\/renatodias.online\/movimento\/wp-content\/uploads\/2023\/03\/cropped-cropped-cropped-logofinal.jpeg","url":"https:\/\/renatodias.online\/movimento\/wp-content\/uploads\/2023\/03\/cropped-cropped-cropped-logofinal.jpeg","contentUrl":"https:\/\/renatodias.online\/movimento\/wp-content\/uploads\/2023\/03\/cropped-cropped-cropped-logofinal.jpeg","width":1280,"height":219,"caption":"Renato Dias"},"logo":{"@id":"https:\/\/renatodias.online\/movimento\/wp-content\/uploads\/2023\/03\/cropped-cropped-cropped-logofinal.jpeg"},"description":"Renato Dias, 58 anos, \u00e9 graduado em Jornalismo, formado em Ci\u00eancias Sociais, com p\u00f3s-gradua\u00e7\u00e3o em Pol\u00edticas P\u00fablicas, mestre em Direito e Rela\u00e7\u00f5es Internacionais, ex-aluno extraordin\u00e1rio do Doutorado em Psicologia Social, ex-estudante do Curso de Psican\u00e1lise do Centro de Estudos Psicanal\u00edticos do Estado de Goi\u00e1s, ministrado pelo m\u00e9dico psiquiatra e psicanalista Daniel Em\u00eddio de Souza. \u00c9 autor de 30 livros-reportagem, oito document\u00e1rios, ganhou 30 pr\u00eamios e \u00e9 torcedor apaixonado do maior do Centro-Oeste, o Vila Nova Futebol Clube. Casado com Meirilane Dias, \u00e9 pai de Juliana Dias, jornalista; Daniel Dias, economista; e Maria Rosa Dias, estudante antifascista, socialista e trotskista.\u00a0Com tr\u00eas pets: Porquinho [Bull Dog Franc\u00eas], Dalila [Basset Hound] e Geleia [Basset Hound]. Al\u00e9m do eterno gato Tutuquinho, que virou estrela.","sameAs":["https:\/\/www.facebook.com\/renato.dias.37","#breve","https:\/\/renatodias.tumblr.com\/"],"url":"https:\/\/renatodias.online\/movimento\/author\/renatodias\/"}]}},"_links":{"self":[{"href":"https:\/\/renatodias.online\/movimento\/wp-json\/wp\/v2\/posts\/11914","targetHints":{"allow":["GET"]}}],"collection":[{"href":"https:\/\/renatodias.online\/movimento\/wp-json\/wp\/v2\/posts"}],"about":[{"href":"https:\/\/renatodias.online\/movimento\/wp-json\/wp\/v2\/types\/post"}],"author":[{"embeddable":true,"href":"https:\/\/renatodias.online\/movimento\/wp-json\/wp\/v2\/users\/2"}],"replies":[{"embeddable":true,"href":"https:\/\/renatodias.online\/movimento\/wp-json\/wp\/v2\/comments?post=11914"}],"version-history":[{"count":2,"href":"https:\/\/renatodias.online\/movimento\/wp-json\/wp\/v2\/posts\/11914\/revisions"}],"predecessor-version":[{"id":11918,"href":"https:\/\/renatodias.online\/movimento\/wp-json\/wp\/v2\/posts\/11914\/revisions\/11918"}],"wp:featuredmedia":[{"embeddable":true,"href":"https:\/\/renatodias.online\/movimento\/wp-json\/wp\/v2\/media\/11916"}],"wp:attachment":[{"href":"https:\/\/renatodias.online\/movimento\/wp-json\/wp\/v2\/media?parent=11914"}],"wp:term":[{"taxonomy":"category","embeddable":true,"href":"https:\/\/renatodias.online\/movimento\/wp-json\/wp\/v2\/categories?post=11914"},{"taxonomy":"post_tag","embeddable":true,"href":"https:\/\/renatodias.online\/movimento\/wp-json\/wp\/v2\/tags?post=11914"}],"curies":[{"name":"wp","href":"https:\/\/api.w.org\/{rel}","templated":true}]}}