{"id":11902,"date":"2022-04-17T12:41:42","date_gmt":"2022-04-17T15:41:42","guid":{"rendered":"https:\/\/renatodias.online\/movimento\/?p=11902"},"modified":"2022-04-17T12:41:42","modified_gmt":"2022-04-17T15:41:42","slug":"joao-garoto-e-xexeu-hoje-13h","status":"publish","type":"post","link":"https:\/\/renatodias.online\/movimento\/2022\/04\/17\/joao-garoto-e-xexeu-hoje-13h\/","title":{"rendered":"Jo\u00e3o Garoto e Xex\u00e9u, hoje, 13h"},"content":{"rendered":"<div dir=\"auto\">\n<div dir=\"auto\"><img loading=\"lazy\" decoding=\"async\" class=\"alignnone wp-image-11642 size-full\" src=\"https:\/\/renatodias.online\/movimento\/wp-content\/uploads\/2022\/04\/Musica-1-e1650069217887.jpg\" alt=\"\" width=\"1000\" height=\"667\" \/><\/div>\n<div dir=\"auto\"><\/div>\n<div dir=\"auto\"><img loading=\"lazy\" decoding=\"async\" class=\"alignnone wp-image-5007 size-full\" src=\"https:\/\/renatodias.online\/movimento\/wp-content\/uploads\/2021\/01\/Alto-da-p\u00e1gina-Banner-Exclusivo.png\" alt=\"\" width=\"1224\" height=\"372\" \/><\/div>\n<h1 dir=\"auto\" style=\"text-align: center;\"><span style=\"color: #ff0000;\"><strong>Jo\u00e3o Garoto e Xex\u00e9u, hoje, 13h<\/strong><\/span><\/h1>\n<h1 dir=\"auto\" style=\"text-align: center;\"><span style=\"color: #0000ff;\"><strong>Quintal do Jaj\u00e1<\/strong><\/span><\/h1>\n<div dir=\"auto\">\n<figure id=\"attachment_10434\" aria-describedby=\"caption-attachment-10434\" style=\"width: 800px\" class=\"wp-caption aligncenter\"><img loading=\"lazy\" decoding=\"async\" class=\"wp-image-10434 size-full\" src=\"https:\/\/renatodias.online\/movimento\/wp-content\/uploads\/2022\/01\/Xexeu-e-Joao-Garoto.jpg\" alt=\"\" width=\"800\" height=\"533\" \/><figcaption id=\"caption-attachment-10434\" class=\"wp-caption-text\"><strong>Xex\u00e9u e Jo\u00e3o Garoto<\/strong><\/figcaption><\/figure>\n<\/div>\n<h1 dir=\"auto\" style=\"text-align: center;\"><span style=\"color: #ff6600;\">O melhor do samba, MPB e chorinho<\/span><\/h1>\n<div dir=\"auto\"><img loading=\"lazy\" decoding=\"async\" class=\"alignnone wp-image-11520 size-full\" src=\"https:\/\/renatodias.online\/movimento\/wp-content\/uploads\/2022\/03\/Anote-na-sua-agenda.jpg\" alt=\"\" width=\"873\" height=\"437\" srcset=\"https:\/\/renatodias.online\/movimento\/wp-content\/uploads\/2022\/03\/Anote-na-sua-agenda.jpg 873w, https:\/\/renatodias.online\/movimento\/wp-content\/uploads\/2022\/03\/Anote-na-sua-agenda-300x150.jpg 300w, https:\/\/renatodias.online\/movimento\/wp-content\/uploads\/2022\/03\/Anote-na-sua-agenda-768x384.jpg 768w, https:\/\/renatodias.online\/movimento\/wp-content\/uploads\/2022\/03\/Anote-na-sua-agenda-555x278.jpg 555w, https:\/\/renatodias.online\/movimento\/wp-content\/uploads\/2022\/03\/Anote-na-sua-agenda-750x375.jpg 750w\" sizes=\"auto, (max-width: 873px) 100vw, 873px\" \/><\/div>\n<h1 dir=\"auto\" style=\"text-align: center;\"><strong>Anote em sua agenda cultural<\/strong><\/h1>\n<div dir=\"auto\"><strong>Renato Dias<\/strong><\/div>\n<div dir=\"auto\">Bebidas geladas, gastronomia do cerrado e o melhor repert\u00f3rio do samba e da M\u00fasica Popular Brasileira. \u00c9 o que promete para, hoje, domingo, 17 de abril de 2022, o Domingo Musical. Do Quintal do Jaj\u00e1. Hor\u00e1rio: a partir de 13h. Instalado \u00e0 Rua 15, n\u00famero 538, Centro, em Goi\u00e2nia. Com os bambas Jo\u00e3o Garoto e Xex\u00e9u. Artistas do primeiro time de estrelas do Centro &#8211; Oeste do Brasil. Anote j\u00e1 em sua agenda.<\/div>\n<\/div>\n","protected":false},"excerpt":{"rendered":"<p>Jo\u00e3o Garoto e Xex\u00e9u, hoje, 13h Quintal do Jaj\u00e1 O melhor do samba, MPB e chorinho Anote em sua agenda cultural Renato Dias Bebidas geladas, gastronomia do cerrado e o melhor repert\u00f3rio do samba e da M\u00fasica Popular Brasileira. \u00c9 o que promete para, hoje, domingo, 17 de abril de 2022, o Domingo Musical. Do<\/p>\n","protected":false},"author":2,"featured_media":10434,"comment_status":"open","ping_status":"open","sticky":false,"template":"","format":"standard","meta":{"_acf_changed":false,"_monsterinsights_skip_tracking":false,"_monsterinsights_sitenote_active":false,"_monsterinsights_sitenote_note":"","_monsterinsights_sitenote_category":0,"footnotes":""},"categories":[26],"tags":[],"class_list":["post-11902","post","type-post","status-publish","format-standard","has-post-thumbnail","hentry","category-bares"],"acf":[],"yoast_head":"<!-- This site is optimized with the Yoast SEO plugin v27.4 - https:\/\/yoast.com\/product\/yoast-seo-wordpress\/ -->\n<title>Jo\u00e3o Garoto e Xex\u00e9u, hoje, 13h -<\/title>\n<meta name=\"robots\" content=\"index, follow, max-snippet:-1, max-image-preview:large, max-video-preview:-1\" \/>\n<link rel=\"canonical\" href=\"https:\/\/renatodias.online\/movimento\/2022\/04\/17\/joao-garoto-e-xexeu-hoje-13h\/\" \/>\n<meta property=\"og:locale\" content=\"pt_BR\" \/>\n<meta property=\"og:type\" content=\"article\" \/>\n<meta property=\"og:title\" content=\"Jo\u00e3o Garoto e Xex\u00e9u, hoje, 13h -\" \/>\n<meta property=\"og:description\" content=\"Jo\u00e3o Garoto e Xex\u00e9u, hoje, 13h Quintal do Jaj\u00e1 O melhor do samba, MPB e chorinho Anote em sua agenda cultural Renato Dias Bebidas geladas, gastronomia do cerrado e o melhor repert\u00f3rio do samba e da M\u00fasica Popular Brasileira. \u00c9 o que promete para, hoje, domingo, 17 de abril de 2022, o Domingo Musical. Do\" \/>\n<meta property=\"og:url\" content=\"https:\/\/renatodias.online\/movimento\/2022\/04\/17\/joao-garoto-e-xexeu-hoje-13h\/\" \/>\n<meta property=\"article:publisher\" content=\"https:\/\/www.facebook.com\/renato.dias.37\" \/>\n<meta property=\"article:author\" content=\"https:\/\/www.facebook.com\/renato.dias.37\" \/>\n<meta property=\"article:published_time\" content=\"2022-04-17T15:41:42+00:00\" \/>\n<meta property=\"og:image\" content=\"https:\/\/renatodias.online\/movimento\/wp-content\/uploads\/2022\/01\/Xexeu-e-Joao-Garoto.jpg\" \/>\n\t<meta property=\"og:image:width\" content=\"800\" \/>\n\t<meta property=\"og:image:height\" content=\"533\" \/>\n\t<meta property=\"og:image:type\" content=\"image\/jpeg\" \/>\n<meta name=\"author\" content=\"Renato Dias\" \/>\n<meta name=\"twitter:card\" content=\"summary_large_image\" \/>\n<meta name=\"twitter:creator\" content=\"@RenatoDiasBat\" \/>\n<meta name=\"twitter:site\" content=\"@RenatoDiasBat\" \/>\n<meta name=\"twitter:label1\" content=\"Escrito por\" \/>\n\t<meta name=\"twitter:data1\" content=\"Renato Dias\" \/>\n\t<meta name=\"twitter:label2\" content=\"Est. tempo de leitura\" \/>\n\t<meta name=\"twitter:data2\" content=\"1 minuto\" \/>\n<script type=\"application\/ld+json\" class=\"yoast-schema-graph\">{\"@context\":\"https:\\\/\\\/schema.org\",\"@graph\":[{\"@type\":\"Article\",\"@id\":\"https:\\\/\\\/renatodias.online\\\/movimento\\\/2022\\\/04\\\/17\\\/joao-garoto-e-xexeu-hoje-13h\\\/#article\",\"isPartOf\":{\"@id\":\"https:\\\/\\\/renatodias.online\\\/movimento\\\/2022\\\/04\\\/17\\\/joao-garoto-e-xexeu-hoje-13h\\\/\"},\"author\":{\"name\":\"Renato Dias\",\"@id\":\"https:\\\/\\\/renatodias.online\\\/movimento\\\/#\\\/schema\\\/person\\\/bbab28833b1725a20f4083f49f1fb2a9\"},\"headline\":\"Jo\u00e3o Garoto e Xex\u00e9u, hoje, 13h\",\"datePublished\":\"2022-04-17T15:41:42+00:00\",\"mainEntityOfPage\":{\"@id\":\"https:\\\/\\\/renatodias.online\\\/movimento\\\/2022\\\/04\\\/17\\\/joao-garoto-e-xexeu-hoje-13h\\\/\"},\"wordCount\":120,\"commentCount\":0,\"publisher\":{\"@id\":\"https:\\\/\\\/renatodias.online\\\/movimento\\\/#\\\/schema\\\/person\\\/bbab28833b1725a20f4083f49f1fb2a9\"},\"image\":{\"@id\":\"https:\\\/\\\/renatodias.online\\\/movimento\\\/2022\\\/04\\\/17\\\/joao-garoto-e-xexeu-hoje-13h\\\/#primaryimage\"},\"thumbnailUrl\":\"https:\\\/\\\/renatodias.online\\\/movimento\\\/wp-content\\\/uploads\\\/2022\\\/01\\\/Xexeu-e-Joao-Garoto.jpg\",\"articleSection\":[\"Bares\"],\"inLanguage\":\"pt-BR\",\"potentialAction\":[{\"@type\":\"CommentAction\",\"name\":\"Comment\",\"target\":[\"https:\\\/\\\/renatodias.online\\\/movimento\\\/2022\\\/04\\\/17\\\/joao-garoto-e-xexeu-hoje-13h\\\/#respond\"]}]},{\"@type\":\"WebPage\",\"@id\":\"https:\\\/\\\/renatodias.online\\\/movimento\\\/2022\\\/04\\\/17\\\/joao-garoto-e-xexeu-hoje-13h\\\/\",\"url\":\"https:\\\/\\\/renatodias.online\\\/movimento\\\/2022\\\/04\\\/17\\\/joao-garoto-e-xexeu-hoje-13h\\\/\",\"name\":\"Jo\u00e3o Garoto e Xex\u00e9u, hoje, 13h -\",\"isPartOf\":{\"@id\":\"https:\\\/\\\/renatodias.online\\\/movimento\\\/#website\"},\"primaryImageOfPage\":{\"@id\":\"https:\\\/\\\/renatodias.online\\\/movimento\\\/2022\\\/04\\\/17\\\/joao-garoto-e-xexeu-hoje-13h\\\/#primaryimage\"},\"image\":{\"@id\":\"https:\\\/\\\/renatodias.online\\\/movimento\\\/2022\\\/04\\\/17\\\/joao-garoto-e-xexeu-hoje-13h\\\/#primaryimage\"},\"thumbnailUrl\":\"https:\\\/\\\/renatodias.online\\\/movimento\\\/wp-content\\\/uploads\\\/2022\\\/01\\\/Xexeu-e-Joao-Garoto.jpg\",\"datePublished\":\"2022-04-17T15:41:42+00:00\",\"breadcrumb\":{\"@id\":\"https:\\\/\\\/renatodias.online\\\/movimento\\\/2022\\\/04\\\/17\\\/joao-garoto-e-xexeu-hoje-13h\\\/#breadcrumb\"},\"inLanguage\":\"pt-BR\",\"potentialAction\":[{\"@type\":\"ReadAction\",\"target\":[\"https:\\\/\\\/renatodias.online\\\/movimento\\\/2022\\\/04\\\/17\\\/joao-garoto-e-xexeu-hoje-13h\\\/\"]}]},{\"@type\":\"ImageObject\",\"inLanguage\":\"pt-BR\",\"@id\":\"https:\\\/\\\/renatodias.online\\\/movimento\\\/2022\\\/04\\\/17\\\/joao-garoto-e-xexeu-hoje-13h\\\/#primaryimage\",\"url\":\"https:\\\/\\\/renatodias.online\\\/movimento\\\/wp-content\\\/uploads\\\/2022\\\/01\\\/Xexeu-e-Joao-Garoto.jpg\",\"contentUrl\":\"https:\\\/\\\/renatodias.online\\\/movimento\\\/wp-content\\\/uploads\\\/2022\\\/01\\\/Xexeu-e-Joao-Garoto.jpg\",\"width\":800,\"height\":533,\"caption\":\"Xex\u00e9u e Jo\u00e3o Garoto\"},{\"@type\":\"BreadcrumbList\",\"@id\":\"https:\\\/\\\/renatodias.online\\\/movimento\\\/2022\\\/04\\\/17\\\/joao-garoto-e-xexeu-hoje-13h\\\/#breadcrumb\",\"itemListElement\":[{\"@type\":\"ListItem\",\"position\":1,\"name\":\"In\u00edcio\",\"item\":\"https:\\\/\\\/renatodias.online\\\/movimento\\\/\"},{\"@type\":\"ListItem\",\"position\":2,\"name\":\"Jo\u00e3o Garoto e Xex\u00e9u, hoje, 13h\"}]},{\"@type\":\"WebSite\",\"@id\":\"https:\\\/\\\/renatodias.online\\\/movimento\\\/#website\",\"url\":\"https:\\\/\\\/renatodias.online\\\/movimento\\\/\",\"name\":\"\",\"description\":\"\",\"publisher\":{\"@id\":\"https:\\\/\\\/renatodias.online\\\/movimento\\\/#\\\/schema\\\/person\\\/bbab28833b1725a20f4083f49f1fb2a9\"},\"potentialAction\":[{\"@type\":\"SearchAction\",\"target\":{\"@type\":\"EntryPoint\",\"urlTemplate\":\"https:\\\/\\\/renatodias.online\\\/movimento\\\/?s={search_term_string}\"},\"query-input\":{\"@type\":\"PropertyValueSpecification\",\"valueRequired\":true,\"valueName\":\"search_term_string\"}}],\"inLanguage\":\"pt-BR\"},{\"@type\":[\"Person\",\"Organization\"],\"@id\":\"https:\\\/\\\/renatodias.online\\\/movimento\\\/#\\\/schema\\\/person\\\/bbab28833b1725a20f4083f49f1fb2a9\",\"name\":\"Renato Dias\",\"image\":{\"@type\":\"ImageObject\",\"inLanguage\":\"pt-BR\",\"@id\":\"https:\\\/\\\/renatodias.online\\\/movimento\\\/wp-content\\\/uploads\\\/2023\\\/03\\\/cropped-cropped-cropped-logofinal.jpeg\",\"url\":\"https:\\\/\\\/renatodias.online\\\/movimento\\\/wp-content\\\/uploads\\\/2023\\\/03\\\/cropped-cropped-cropped-logofinal.jpeg\",\"contentUrl\":\"https:\\\/\\\/renatodias.online\\\/movimento\\\/wp-content\\\/uploads\\\/2023\\\/03\\\/cropped-cropped-cropped-logofinal.jpeg\",\"width\":1280,\"height\":219,\"caption\":\"Renato Dias\"},\"logo\":{\"@id\":\"https:\\\/\\\/renatodias.online\\\/movimento\\\/wp-content\\\/uploads\\\/2023\\\/03\\\/cropped-cropped-cropped-logofinal.jpeg\"},\"description\":\"Renato Dias, 58 anos, \u00e9 graduado em Jornalismo, formado em Ci\u00eancias Sociais, com p\u00f3s-gradua\u00e7\u00e3o em Pol\u00edticas P\u00fablicas, mestre em Direito e Rela\u00e7\u00f5es Internacionais, ex-aluno extraordin\u00e1rio do Doutorado em Psicologia Social, ex-estudante do Curso de Psican\u00e1lise do Centro de Estudos Psicanal\u00edticos do Estado de Goi\u00e1s, ministrado pelo m\u00e9dico psiquiatra e psicanalista Daniel Em\u00eddio de Souza. \u00c9 autor de 30 livros-reportagem, oito document\u00e1rios, ganhou 30 pr\u00eamios e \u00e9 torcedor apaixonado do maior do Centro-Oeste, o Vila Nova Futebol Clube. Casado com Meirilane Dias, \u00e9 pai de Juliana Dias, jornalista; Daniel Dias, economista; e Maria Rosa Dias, estudante antifascista, socialista e trotskista.\u00a0Com tr\u00eas pets: Porquinho [Bull Dog Franc\u00eas], Dalila [Basset Hound] e Geleia [Basset Hound]. Al\u00e9m do eterno gato Tutuquinho, que virou estrela.\",\"sameAs\":[\"https:\\\/\\\/www.facebook.com\\\/renato.dias.37\",\"#breve\",\"https:\\\/\\\/renatodias.tumblr.com\\\/\"],\"url\":\"https:\\\/\\\/renatodias.online\\\/movimento\\\/author\\\/renatodias\\\/\"}]}<\/script>\n<!-- \/ Yoast SEO plugin. -->","yoast_head_json":{"title":"Jo\u00e3o Garoto e Xex\u00e9u, hoje, 13h -","robots":{"index":"index","follow":"follow","max-snippet":"max-snippet:-1","max-image-preview":"max-image-preview:large","max-video-preview":"max-video-preview:-1"},"canonical":"https:\/\/renatodias.online\/movimento\/2022\/04\/17\/joao-garoto-e-xexeu-hoje-13h\/","og_locale":"pt_BR","og_type":"article","og_title":"Jo\u00e3o Garoto e Xex\u00e9u, hoje, 13h -","og_description":"Jo\u00e3o Garoto e Xex\u00e9u, hoje, 13h Quintal do Jaj\u00e1 O melhor do samba, MPB e chorinho Anote em sua agenda cultural Renato Dias Bebidas geladas, gastronomia do cerrado e o melhor repert\u00f3rio do samba e da M\u00fasica Popular Brasileira. \u00c9 o que promete para, hoje, domingo, 17 de abril de 2022, o Domingo Musical. Do","og_url":"https:\/\/renatodias.online\/movimento\/2022\/04\/17\/joao-garoto-e-xexeu-hoje-13h\/","article_publisher":"https:\/\/www.facebook.com\/renato.dias.37","article_author":"https:\/\/www.facebook.com\/renato.dias.37","article_published_time":"2022-04-17T15:41:42+00:00","og_image":[{"width":800,"height":533,"url":"https:\/\/renatodias.online\/movimento\/wp-content\/uploads\/2022\/01\/Xexeu-e-Joao-Garoto.jpg","type":"image\/jpeg"}],"author":"Renato Dias","twitter_card":"summary_large_image","twitter_creator":"@RenatoDiasBat","twitter_site":"@RenatoDiasBat","twitter_misc":{"Escrito por":"Renato Dias","Est. tempo de leitura":"1 minuto"},"schema":{"@context":"https:\/\/schema.org","@graph":[{"@type":"Article","@id":"https:\/\/renatodias.online\/movimento\/2022\/04\/17\/joao-garoto-e-xexeu-hoje-13h\/#article","isPartOf":{"@id":"https:\/\/renatodias.online\/movimento\/2022\/04\/17\/joao-garoto-e-xexeu-hoje-13h\/"},"author":{"name":"Renato Dias","@id":"https:\/\/renatodias.online\/movimento\/#\/schema\/person\/bbab28833b1725a20f4083f49f1fb2a9"},"headline":"Jo\u00e3o Garoto e Xex\u00e9u, hoje, 13h","datePublished":"2022-04-17T15:41:42+00:00","mainEntityOfPage":{"@id":"https:\/\/renatodias.online\/movimento\/2022\/04\/17\/joao-garoto-e-xexeu-hoje-13h\/"},"wordCount":120,"commentCount":0,"publisher":{"@id":"https:\/\/renatodias.online\/movimento\/#\/schema\/person\/bbab28833b1725a20f4083f49f1fb2a9"},"image":{"@id":"https:\/\/renatodias.online\/movimento\/2022\/04\/17\/joao-garoto-e-xexeu-hoje-13h\/#primaryimage"},"thumbnailUrl":"https:\/\/renatodias.online\/movimento\/wp-content\/uploads\/2022\/01\/Xexeu-e-Joao-Garoto.jpg","articleSection":["Bares"],"inLanguage":"pt-BR","potentialAction":[{"@type":"CommentAction","name":"Comment","target":["https:\/\/renatodias.online\/movimento\/2022\/04\/17\/joao-garoto-e-xexeu-hoje-13h\/#respond"]}]},{"@type":"WebPage","@id":"https:\/\/renatodias.online\/movimento\/2022\/04\/17\/joao-garoto-e-xexeu-hoje-13h\/","url":"https:\/\/renatodias.online\/movimento\/2022\/04\/17\/joao-garoto-e-xexeu-hoje-13h\/","name":"Jo\u00e3o Garoto e Xex\u00e9u, hoje, 13h -","isPartOf":{"@id":"https:\/\/renatodias.online\/movimento\/#website"},"primaryImageOfPage":{"@id":"https:\/\/renatodias.online\/movimento\/2022\/04\/17\/joao-garoto-e-xexeu-hoje-13h\/#primaryimage"},"image":{"@id":"https:\/\/renatodias.online\/movimento\/2022\/04\/17\/joao-garoto-e-xexeu-hoje-13h\/#primaryimage"},"thumbnailUrl":"https:\/\/renatodias.online\/movimento\/wp-content\/uploads\/2022\/01\/Xexeu-e-Joao-Garoto.jpg","datePublished":"2022-04-17T15:41:42+00:00","breadcrumb":{"@id":"https:\/\/renatodias.online\/movimento\/2022\/04\/17\/joao-garoto-e-xexeu-hoje-13h\/#breadcrumb"},"inLanguage":"pt-BR","potentialAction":[{"@type":"ReadAction","target":["https:\/\/renatodias.online\/movimento\/2022\/04\/17\/joao-garoto-e-xexeu-hoje-13h\/"]}]},{"@type":"ImageObject","inLanguage":"pt-BR","@id":"https:\/\/renatodias.online\/movimento\/2022\/04\/17\/joao-garoto-e-xexeu-hoje-13h\/#primaryimage","url":"https:\/\/renatodias.online\/movimento\/wp-content\/uploads\/2022\/01\/Xexeu-e-Joao-Garoto.jpg","contentUrl":"https:\/\/renatodias.online\/movimento\/wp-content\/uploads\/2022\/01\/Xexeu-e-Joao-Garoto.jpg","width":800,"height":533,"caption":"Xex\u00e9u e Jo\u00e3o Garoto"},{"@type":"BreadcrumbList","@id":"https:\/\/renatodias.online\/movimento\/2022\/04\/17\/joao-garoto-e-xexeu-hoje-13h\/#breadcrumb","itemListElement":[{"@type":"ListItem","position":1,"name":"In\u00edcio","item":"https:\/\/renatodias.online\/movimento\/"},{"@type":"ListItem","position":2,"name":"Jo\u00e3o Garoto e Xex\u00e9u, hoje, 13h"}]},{"@type":"WebSite","@id":"https:\/\/renatodias.online\/movimento\/#website","url":"https:\/\/renatodias.online\/movimento\/","name":"","description":"","publisher":{"@id":"https:\/\/renatodias.online\/movimento\/#\/schema\/person\/bbab28833b1725a20f4083f49f1fb2a9"},"potentialAction":[{"@type":"SearchAction","target":{"@type":"EntryPoint","urlTemplate":"https:\/\/renatodias.online\/movimento\/?s={search_term_string}"},"query-input":{"@type":"PropertyValueSpecification","valueRequired":true,"valueName":"search_term_string"}}],"inLanguage":"pt-BR"},{"@type":["Person","Organization"],"@id":"https:\/\/renatodias.online\/movimento\/#\/schema\/person\/bbab28833b1725a20f4083f49f1fb2a9","name":"Renato Dias","image":{"@type":"ImageObject","inLanguage":"pt-BR","@id":"https:\/\/renatodias.online\/movimento\/wp-content\/uploads\/2023\/03\/cropped-cropped-cropped-logofinal.jpeg","url":"https:\/\/renatodias.online\/movimento\/wp-content\/uploads\/2023\/03\/cropped-cropped-cropped-logofinal.jpeg","contentUrl":"https:\/\/renatodias.online\/movimento\/wp-content\/uploads\/2023\/03\/cropped-cropped-cropped-logofinal.jpeg","width":1280,"height":219,"caption":"Renato Dias"},"logo":{"@id":"https:\/\/renatodias.online\/movimento\/wp-content\/uploads\/2023\/03\/cropped-cropped-cropped-logofinal.jpeg"},"description":"Renato Dias, 58 anos, \u00e9 graduado em Jornalismo, formado em Ci\u00eancias Sociais, com p\u00f3s-gradua\u00e7\u00e3o em Pol\u00edticas P\u00fablicas, mestre em Direito e Rela\u00e7\u00f5es Internacionais, ex-aluno extraordin\u00e1rio do Doutorado em Psicologia Social, ex-estudante do Curso de Psican\u00e1lise do Centro de Estudos Psicanal\u00edticos do Estado de Goi\u00e1s, ministrado pelo m\u00e9dico psiquiatra e psicanalista Daniel Em\u00eddio de Souza. \u00c9 autor de 30 livros-reportagem, oito document\u00e1rios, ganhou 30 pr\u00eamios e \u00e9 torcedor apaixonado do maior do Centro-Oeste, o Vila Nova Futebol Clube. Casado com Meirilane Dias, \u00e9 pai de Juliana Dias, jornalista; Daniel Dias, economista; e Maria Rosa Dias, estudante antifascista, socialista e trotskista.\u00a0Com tr\u00eas pets: Porquinho [Bull Dog Franc\u00eas], Dalila [Basset Hound] e Geleia [Basset Hound]. Al\u00e9m do eterno gato Tutuquinho, que virou estrela.","sameAs":["https:\/\/www.facebook.com\/renato.dias.37","#breve","https:\/\/renatodias.tumblr.com\/"],"url":"https:\/\/renatodias.online\/movimento\/author\/renatodias\/"}]}},"_links":{"self":[{"href":"https:\/\/renatodias.online\/movimento\/wp-json\/wp\/v2\/posts\/11902","targetHints":{"allow":["GET"]}}],"collection":[{"href":"https:\/\/renatodias.online\/movimento\/wp-json\/wp\/v2\/posts"}],"about":[{"href":"https:\/\/renatodias.online\/movimento\/wp-json\/wp\/v2\/types\/post"}],"author":[{"embeddable":true,"href":"https:\/\/renatodias.online\/movimento\/wp-json\/wp\/v2\/users\/2"}],"replies":[{"embeddable":true,"href":"https:\/\/renatodias.online\/movimento\/wp-json\/wp\/v2\/comments?post=11902"}],"version-history":[{"count":1,"href":"https:\/\/renatodias.online\/movimento\/wp-json\/wp\/v2\/posts\/11902\/revisions"}],"predecessor-version":[{"id":11903,"href":"https:\/\/renatodias.online\/movimento\/wp-json\/wp\/v2\/posts\/11902\/revisions\/11903"}],"wp:featuredmedia":[{"embeddable":true,"href":"https:\/\/renatodias.online\/movimento\/wp-json\/wp\/v2\/media\/10434"}],"wp:attachment":[{"href":"https:\/\/renatodias.online\/movimento\/wp-json\/wp\/v2\/media?parent=11902"}],"wp:term":[{"taxonomy":"category","embeddable":true,"href":"https:\/\/renatodias.online\/movimento\/wp-json\/wp\/v2\/categories?post=11902"},{"taxonomy":"post_tag","embeddable":true,"href":"https:\/\/renatodias.online\/movimento\/wp-json\/wp\/v2\/tags?post=11902"}],"curies":[{"name":"wp","href":"https:\/\/api.w.org\/{rel}","templated":true}]}}