{"id":11872,"date":"2022-04-15T22:14:22","date_gmt":"2022-04-16T01:14:22","guid":{"rendered":"https:\/\/renatodias.online\/movimento\/?p=11872"},"modified":"2022-04-15T22:14:22","modified_gmt":"2022-04-16T01:14:22","slug":"lobbie-que-pode-matar","status":"publish","type":"post","link":"https:\/\/renatodias.online\/movimento\/2022\/04\/15\/lobbie-que-pode-matar\/","title":{"rendered":"Lobbie que pode matar"},"content":{"rendered":"<p><strong><img loading=\"lazy\" decoding=\"async\" class=\"wp-image-11649 size-full aligncenter\" src=\"https:\/\/renatodias.online\/movimento\/wp-content\/uploads\/2022\/04\/Artigo-de-Opiniao.jpg\" alt=\"\" width=\"600\" height=\"315\" \/><\/strong><\/p>\n<p><strong>\u00a0<\/strong><\/p>\n<h1 style=\"text-align: center;\"><span style=\"color: #ff6600;\"><strong>Reservat\u00f3rio do Ribeir\u00e3o Jo\u00e3o Leite<\/strong><\/span><\/h1>\n<p><strong> <img loading=\"lazy\" decoding=\"async\" class=\"wp-image-8454 size-full aligncenter\" src=\"https:\/\/renatodias.online\/movimento\/wp-content\/uploads\/2021\/08\/Explosivo-especial-e1647389634286.png\" alt=\"\" width=\"500\" height=\"500\" \/><\/strong><\/p>\n<p style=\"text-align: center;\"><span style=\"color: #808000;\"><strong>Marcos Cipriano<\/strong><\/span><\/p>\n<p style=\"text-align: center;\"><span style=\"color: #808000;\"><strong>Especial<\/strong><\/span><\/p>\n<p style=\"text-align: center;\"><span style=\"color: #808000;\"><strong>Para o Portal de Not\u00edcias<\/strong><\/span><\/p>\n<p style=\"text-align: center;\"><span style=\"color: #808000;\"><strong>www.renatodias.online<\/strong><\/span><\/p>\n<figure id=\"attachment_3551\" aria-describedby=\"caption-attachment-3551\" style=\"width: 300px\" class=\"wp-caption aligncenter\"><img loading=\"lazy\" decoding=\"async\" class=\"wp-image-3551 size-full\" src=\"https:\/\/renatodias.online\/movimento\/wp-content\/uploads\/2020\/05\/Imagem-do-Planeta-Terra-1.jpg\" alt=\"Planeta Terra\" width=\"300\" height=\"168\" \/><figcaption id=\"caption-attachment-3551\" class=\"wp-caption-text\"><strong>Planeta Terra<\/strong><\/figcaption><\/figure>\n<p>H\u00e1 coisas no mundo que voc\u00ea sabe que existem, mas nunca podem ser usadas. As bombas nucleares s\u00e3o um exemplo. No mundo atual, o arsenal at\u00f4mico \u00e9 suficiente liquidar a Terra, acabar definitivamente com todo e qualquer tipo de vida no planeta.<\/p>\n<p><img loading=\"lazy\" decoding=\"async\" class=\"size-medium wp-image-9167\" src=\"https:\/\/renatodias.online\/movimento\/wp-content\/uploads\/2021\/09\/Logo-da-interrogacao-268x300.jpg\" alt=\"\" width=\"268\" height=\"300\" \/><\/p>\n<p>Na pr\u00f3xima segunda-feira, 18, vai ocorrer uma \u201cconsulta p\u00fablica\u201d para discutir a revis\u00e3o do Plano de Manejo e de Uso P\u00fablico, da Zona de Amortecimento do Parque Estadual Altamiro de Moura Pacheco e do Parque Estadual do Jo\u00e3o Leite.<\/p>\n<figure id=\"attachment_11875\" aria-describedby=\"caption-attachment-11875\" style=\"width: 1280px\" class=\"wp-caption alignnone\"><img loading=\"lazy\" decoding=\"async\" class=\"wp-image-11875 size-full\" src=\"https:\/\/renatodias.online\/movimento\/wp-content\/uploads\/2022\/04\/Joao-Leite-reservatorio-3.jpg\" alt=\"\" width=\"1280\" height=\"852\" srcset=\"https:\/\/renatodias.online\/movimento\/wp-content\/uploads\/2022\/04\/Joao-Leite-reservatorio-3.jpg 1280w, https:\/\/renatodias.online\/movimento\/wp-content\/uploads\/2022\/04\/Joao-Leite-reservatorio-3-300x200.jpg 300w, https:\/\/renatodias.online\/movimento\/wp-content\/uploads\/2022\/04\/Joao-Leite-reservatorio-3-768x511.jpg 768w, https:\/\/renatodias.online\/movimento\/wp-content\/uploads\/2022\/04\/Joao-Leite-reservatorio-3-360x240.jpg 360w, https:\/\/renatodias.online\/movimento\/wp-content\/uploads\/2022\/04\/Joao-Leite-reservatorio-3-750x499.jpg 750w\" sizes=\"auto, (max-width: 1280px) 100vw, 1280px\" \/><figcaption id=\"caption-attachment-11875\" class=\"wp-caption-text\"><strong>Abastecimento<\/strong><\/figcaption><\/figure>\n<p>&nbsp;<\/p>\n<p>Traduzindo a linguagem rebuscada e inacess\u00edvel do governo estadual: querem permitir o uso no Reservat\u00f3rio da Barragem do Ribeir\u00e3o Jo\u00e3o Leite n\u00e3o apenas para abastecimento p\u00fablico, mas para projetos de lazer. O pior \u00e9 que, segundo informa\u00e7\u00f5es de bastidores, a decis\u00e3o j\u00e1 teria sido tomada. A \u201caudi\u00eancia p\u00fablica\u201d seria apenas um bode na sala.<\/p>\n<figure id=\"attachment_11877\" aria-describedby=\"caption-attachment-11877\" style=\"width: 1280px\" class=\"wp-caption alignnone\"><img loading=\"lazy\" decoding=\"async\" class=\"wp-image-11877 size-full\" src=\"https:\/\/renatodias.online\/movimento\/wp-content\/uploads\/2022\/04\/Joao-Leite-reservatorio-5.jpg\" alt=\"\" width=\"1280\" height=\"853\" srcset=\"https:\/\/renatodias.online\/movimento\/wp-content\/uploads\/2022\/04\/Joao-Leite-reservatorio-5.jpg 1280w, https:\/\/renatodias.online\/movimento\/wp-content\/uploads\/2022\/04\/Joao-Leite-reservatorio-5-300x200.jpg 300w, https:\/\/renatodias.online\/movimento\/wp-content\/uploads\/2022\/04\/Joao-Leite-reservatorio-5-768x512.jpg 768w, https:\/\/renatodias.online\/movimento\/wp-content\/uploads\/2022\/04\/Joao-Leite-reservatorio-5-360x240.jpg 360w, https:\/\/renatodias.online\/movimento\/wp-content\/uploads\/2022\/04\/Joao-Leite-reservatorio-5-750x500.jpg 750w\" sizes=\"auto, (max-width: 1280px) 100vw, 1280px\" \/><figcaption id=\"caption-attachment-11877\" class=\"wp-caption-text\"><strong>Imagem do Jo\u00e3o Leite<\/strong><\/figcaption><\/figure>\n<p>A medida \u00e9 um grande retrocesso e, se implementada, trar\u00e1 grandes riscos e preju\u00edzos para a sociedade, sem contar o impacto ambiental desastroso. Nem deveria ser discutida porque, tal como um arsenal at\u00f4mico, n\u00e3o deve ser utilizada.<\/p>\n<figure id=\"attachment_11873\" aria-describedby=\"caption-attachment-11873\" style=\"width: 759px\" class=\"wp-caption aligncenter\"><img loading=\"lazy\" decoding=\"async\" class=\"wp-image-11873 size-full\" src=\"https:\/\/renatodias.online\/movimento\/wp-content\/uploads\/2022\/04\/Joao-Leite-reservatorio-1.jpg\" alt=\"\" width=\"759\" height=\"507\" srcset=\"https:\/\/renatodias.online\/movimento\/wp-content\/uploads\/2022\/04\/Joao-Leite-reservatorio-1.jpg 759w, https:\/\/renatodias.online\/movimento\/wp-content\/uploads\/2022\/04\/Joao-Leite-reservatorio-1-300x200.jpg 300w, https:\/\/renatodias.online\/movimento\/wp-content\/uploads\/2022\/04\/Joao-Leite-reservatorio-1-360x240.jpg 360w, https:\/\/renatodias.online\/movimento\/wp-content\/uploads\/2022\/04\/Joao-Leite-reservatorio-1-750x501.jpg 750w\" sizes=\"auto, (max-width: 759px) 100vw, 759px\" \/><figcaption id=\"caption-attachment-11873\" class=\"wp-caption-text\"><strong>Jo\u00e3o Leite: reservat\u00f3rio<\/strong><\/figcaption><\/figure>\n<p>H\u00e1 um ditado popular que diz: \u201cjabuti em cima de \u00e1rvore \u00e9 enchente ou m\u00e3o de gente\u201d. A referida \u201cconsulta p\u00fablica\u201d \u00e9 algo que nem de longe poderia ser pensada, porque na pr\u00e1tica legitima um crime de lesa-cidadania.<\/p>\n<figure id=\"attachment_11874\" aria-describedby=\"caption-attachment-11874\" style=\"width: 500px\" class=\"wp-caption aligncenter\"><img loading=\"lazy\" decoding=\"async\" class=\"wp-image-11874 size-full\" src=\"https:\/\/renatodias.online\/movimento\/wp-content\/uploads\/2022\/04\/Joao-Leite-reservatorio-2.jpg\" alt=\"\" width=\"500\" height=\"333\" srcset=\"https:\/\/renatodias.online\/movimento\/wp-content\/uploads\/2022\/04\/Joao-Leite-reservatorio-2.jpg 500w, https:\/\/renatodias.online\/movimento\/wp-content\/uploads\/2022\/04\/Joao-Leite-reservatorio-2-300x200.jpg 300w, https:\/\/renatodias.online\/movimento\/wp-content\/uploads\/2022\/04\/Joao-Leite-reservatorio-2-360x240.jpg 360w\" sizes=\"auto, (max-width: 500px) 100vw, 500px\" \/><figcaption id=\"caption-attachment-11874\" class=\"wp-caption-text\"><strong>Jo\u00e3o Leite<\/strong><\/figcaption><\/figure>\n<p>Permitir que banhistas turistas frequentem a \u00c1rea de Prote\u00e7\u00e3o Ambiental (APA) em torno do Reservat\u00f3rio da Barragem do Ribeir\u00e3o Jo\u00e3o Leite um absurdo em precedentes na hist\u00f3ria de Goi\u00e1s.<\/p>\n<figure id=\"attachment_11876\" aria-describedby=\"caption-attachment-11876\" style=\"width: 1280px\" class=\"wp-caption alignnone\"><img loading=\"lazy\" decoding=\"async\" class=\"wp-image-11876 size-full\" src=\"https:\/\/renatodias.online\/movimento\/wp-content\/uploads\/2022\/04\/Joao-Leite-reservatorio-4.jpg\" alt=\"\" width=\"1280\" height=\"853\" srcset=\"https:\/\/renatodias.online\/movimento\/wp-content\/uploads\/2022\/04\/Joao-Leite-reservatorio-4.jpg 1280w, https:\/\/renatodias.online\/movimento\/wp-content\/uploads\/2022\/04\/Joao-Leite-reservatorio-4-300x200.jpg 300w, https:\/\/renatodias.online\/movimento\/wp-content\/uploads\/2022\/04\/Joao-Leite-reservatorio-4-768x512.jpg 768w, https:\/\/renatodias.online\/movimento\/wp-content\/uploads\/2022\/04\/Joao-Leite-reservatorio-4-360x240.jpg 360w, https:\/\/renatodias.online\/movimento\/wp-content\/uploads\/2022\/04\/Joao-Leite-reservatorio-4-750x500.jpg 750w\" sizes=\"auto, (max-width: 1280px) 100vw, 1280px\" \/><figcaption id=\"caption-attachment-11876\" class=\"wp-caption-text\"><strong>Jo\u00e3o Leite reservat\u00f3rio<\/strong><\/figcaption><\/figure>\n<p>Quais a consequ\u00eancias, al\u00e9m da inseguran\u00e7a para o abastecimento p\u00fablico? Maiores gastos para tratamento da \u00e1gua, aumento do descarte de res\u00edduos s\u00f3lidos, contamina\u00e7\u00e3o do manancial por metais pesados, sem contar os riscos diversos que a presen\u00e7a humana normalmente traz para o Meio Ambiente.<\/p>\n<blockquote>\n<h1><span style=\"color: #0000ff;\"><strong>\u00c9 fundamental que vozes sensatas se levantem num momento t\u00e3o grave<\/strong><\/span><\/h1>\n<\/blockquote>\n<p>\u00c9 fundamental que vozes sensatas se levantem num momento t\u00e3o grave: Minist\u00e9rio P\u00fablico, Organiza\u00e7\u00f5es N\u00e3o Governamentais, Universidades, pesquisadores, ambientalistas, todos numa corrente em defesa da manuten\u00e7\u00e3o do atual Plano de Manejo.<\/p>\n<blockquote>\n<h1><span style=\"color: #0000ff;\"><strong>N\u00e3o h\u00e1 nenhuma justificativa t\u00e9cnica a n\u00e3o ser o interesse econ\u00f4mico<\/strong><\/span><\/h1>\n<\/blockquote>\n<p>N\u00e3o h\u00e1 nenhuma justificativa t\u00e9cnica a n\u00e3o ser o interesse econ\u00f4mico presente nessa discuss\u00e3o inoportuna e ilegal desde o seu nascedouro, uma vez que a Constitui\u00e7\u00e3o Federal e a Constitui\u00e7\u00e3o do Estado de Goi\u00e1s estabelecem que \u201ctodos t\u00eam o direito ao meio ambiente ecologicamente equilibrado, bem de uso comum do povo e essencial \u00e0 sadia qualidade de vida, impondo ao poder p\u00fablico e \u00e0 coletividade o dever de defend\u00ea-lo e preserv\u00e1-lo para as presentes e futuras gera\u00e7\u00f5es\u201d.<\/p>\n<blockquote>\n<h1><span style=\"color: #0000ff;\"><strong>Todos t\u00eam o direito ao meio ambiente ecologicamente equilibrado, de uso comum<\/strong><\/span><\/h1>\n<\/blockquote>\n<p>Pode at\u00e9 ser bonito e prazeroso ver bacanas desfilando seus jetskis no Reservat\u00f3rio Jo\u00e3o Leite, mas isso ter\u00e1 um custo social muito grande, principalmente para as camadas mais humildes da popula\u00e7\u00e3o, que se n\u00e3o t\u00eam direito a uma m\u00e1quina t\u00e3o possante, pelo menos deveriam ter direito a um copo com \u00e1gua pot\u00e1vel.<\/p>\n<p><img loading=\"lazy\" decoding=\"async\" class=\"wp-image-10429 size-full aligncenter\" src=\"https:\/\/renatodias.online\/movimento\/wp-content\/uploads\/2022\/01\/Acabou.jpg\" alt=\"\" width=\"640\" height=\"480\" srcset=\"https:\/\/renatodias.online\/movimento\/wp-content\/uploads\/2022\/01\/Acabou.jpg 640w, https:\/\/renatodias.online\/movimento\/wp-content\/uploads\/2022\/01\/Acabou-300x225.jpg 300w\" sizes=\"auto, (max-width: 640px) 100vw, 640px\" \/><\/p>\n","protected":false},"excerpt":{"rendered":"<p>\u00a0 Reservat\u00f3rio do Ribeir\u00e3o Jo\u00e3o Leite Marcos Cipriano Especial Para o Portal de Not\u00edcias www.renatodias.online H\u00e1 coisas no mundo que voc\u00ea sabe que existem, mas nunca podem ser usadas. As bombas nucleares s\u00e3o um exemplo. No mundo atual, o arsenal at\u00f4mico \u00e9 suficiente liquidar a Terra, acabar definitivamente com todo e qualquer tipo de vida<\/p>\n","protected":false},"author":2,"featured_media":11878,"comment_status":"open","ping_status":"open","sticky":false,"template":"","format":"standard","meta":{"_acf_changed":false,"_monsterinsights_skip_tracking":false,"_monsterinsights_sitenote_active":false,"_monsterinsights_sitenote_note":"","_monsterinsights_sitenote_category":0,"footnotes":""},"categories":[83],"tags":[],"class_list":["post-11872","post","type-post","status-publish","format-standard","has-post-thumbnail","hentry","category-opiniao"],"acf":[],"yoast_head":"<!-- This site is optimized with the Yoast SEO plugin v27.4 - https:\/\/yoast.com\/product\/yoast-seo-wordpress\/ -->\n<title>Lobbie que pode matar -<\/title>\n<meta name=\"robots\" content=\"index, follow, max-snippet:-1, max-image-preview:large, max-video-preview:-1\" \/>\n<link rel=\"canonical\" href=\"https:\/\/renatodias.online\/movimento\/2022\/04\/15\/lobbie-que-pode-matar\/\" \/>\n<meta property=\"og:locale\" content=\"pt_BR\" \/>\n<meta property=\"og:type\" content=\"article\" \/>\n<meta property=\"og:title\" content=\"Lobbie que pode matar -\" \/>\n<meta property=\"og:description\" content=\"\u00a0 Reservat\u00f3rio do Ribeir\u00e3o Jo\u00e3o Leite Marcos Cipriano Especial Para o Portal de Not\u00edcias www.renatodias.online H\u00e1 coisas no mundo que voc\u00ea sabe que existem, mas nunca podem ser usadas. As bombas nucleares s\u00e3o um exemplo. No mundo atual, o arsenal at\u00f4mico \u00e9 suficiente liquidar a Terra, acabar definitivamente com todo e qualquer tipo de vida\" \/>\n<meta property=\"og:url\" content=\"https:\/\/renatodias.online\/movimento\/2022\/04\/15\/lobbie-que-pode-matar\/\" \/>\n<meta property=\"article:publisher\" content=\"https:\/\/www.facebook.com\/renato.dias.37\" \/>\n<meta property=\"article:author\" content=\"https:\/\/www.facebook.com\/renato.dias.37\" \/>\n<meta property=\"article:published_time\" content=\"2022-04-16T01:14:22+00:00\" \/>\n<meta property=\"og:image\" content=\"https:\/\/renatodias.online\/movimento\/wp-content\/uploads\/2022\/04\/Marcos-Cipriano-especial-e1650071638586.jpg\" \/>\n\t<meta property=\"og:image:width\" content=\"300\" \/>\n\t<meta property=\"og:image:height\" content=\"400\" \/>\n\t<meta property=\"og:image:type\" content=\"image\/jpeg\" \/>\n<meta name=\"author\" content=\"Renato Dias\" \/>\n<meta name=\"twitter:card\" content=\"summary_large_image\" \/>\n<meta name=\"twitter:creator\" content=\"@RenatoDiasBat\" \/>\n<meta name=\"twitter:site\" content=\"@RenatoDiasBat\" \/>\n<meta name=\"twitter:label1\" content=\"Escrito por\" \/>\n\t<meta name=\"twitter:data1\" content=\"Renato Dias\" \/>\n\t<meta name=\"twitter:label2\" content=\"Est. tempo de leitura\" \/>\n\t<meta name=\"twitter:data2\" content=\"3 minutos\" \/>\n<script type=\"application\/ld+json\" class=\"yoast-schema-graph\">{\"@context\":\"https:\\\/\\\/schema.org\",\"@graph\":[{\"@type\":\"Article\",\"@id\":\"https:\\\/\\\/renatodias.online\\\/movimento\\\/2022\\\/04\\\/15\\\/lobbie-que-pode-matar\\\/#article\",\"isPartOf\":{\"@id\":\"https:\\\/\\\/renatodias.online\\\/movimento\\\/2022\\\/04\\\/15\\\/lobbie-que-pode-matar\\\/\"},\"author\":{\"name\":\"Renato Dias\",\"@id\":\"https:\\\/\\\/renatodias.online\\\/movimento\\\/#\\\/schema\\\/person\\\/bbab28833b1725a20f4083f49f1fb2a9\"},\"headline\":\"Lobbie que pode matar\",\"datePublished\":\"2022-04-16T01:14:22+00:00\",\"mainEntityOfPage\":{\"@id\":\"https:\\\/\\\/renatodias.online\\\/movimento\\\/2022\\\/04\\\/15\\\/lobbie-que-pode-matar\\\/\"},\"wordCount\":624,\"commentCount\":1,\"publisher\":{\"@id\":\"https:\\\/\\\/renatodias.online\\\/movimento\\\/#\\\/schema\\\/person\\\/bbab28833b1725a20f4083f49f1fb2a9\"},\"image\":{\"@id\":\"https:\\\/\\\/renatodias.online\\\/movimento\\\/2022\\\/04\\\/15\\\/lobbie-que-pode-matar\\\/#primaryimage\"},\"thumbnailUrl\":\"https:\\\/\\\/renatodias.online\\\/movimento\\\/wp-content\\\/uploads\\\/2022\\\/04\\\/Marcos-Cipriano-especial-e1650071638586.jpg\",\"articleSection\":[\"Opini\u00e3o\"],\"inLanguage\":\"pt-BR\",\"potentialAction\":[{\"@type\":\"CommentAction\",\"name\":\"Comment\",\"target\":[\"https:\\\/\\\/renatodias.online\\\/movimento\\\/2022\\\/04\\\/15\\\/lobbie-que-pode-matar\\\/#respond\"]}]},{\"@type\":\"WebPage\",\"@id\":\"https:\\\/\\\/renatodias.online\\\/movimento\\\/2022\\\/04\\\/15\\\/lobbie-que-pode-matar\\\/\",\"url\":\"https:\\\/\\\/renatodias.online\\\/movimento\\\/2022\\\/04\\\/15\\\/lobbie-que-pode-matar\\\/\",\"name\":\"Lobbie que pode matar -\",\"isPartOf\":{\"@id\":\"https:\\\/\\\/renatodias.online\\\/movimento\\\/#website\"},\"primaryImageOfPage\":{\"@id\":\"https:\\\/\\\/renatodias.online\\\/movimento\\\/2022\\\/04\\\/15\\\/lobbie-que-pode-matar\\\/#primaryimage\"},\"image\":{\"@id\":\"https:\\\/\\\/renatodias.online\\\/movimento\\\/2022\\\/04\\\/15\\\/lobbie-que-pode-matar\\\/#primaryimage\"},\"thumbnailUrl\":\"https:\\\/\\\/renatodias.online\\\/movimento\\\/wp-content\\\/uploads\\\/2022\\\/04\\\/Marcos-Cipriano-especial-e1650071638586.jpg\",\"datePublished\":\"2022-04-16T01:14:22+00:00\",\"breadcrumb\":{\"@id\":\"https:\\\/\\\/renatodias.online\\\/movimento\\\/2022\\\/04\\\/15\\\/lobbie-que-pode-matar\\\/#breadcrumb\"},\"inLanguage\":\"pt-BR\",\"potentialAction\":[{\"@type\":\"ReadAction\",\"target\":[\"https:\\\/\\\/renatodias.online\\\/movimento\\\/2022\\\/04\\\/15\\\/lobbie-que-pode-matar\\\/\"]}]},{\"@type\":\"ImageObject\",\"inLanguage\":\"pt-BR\",\"@id\":\"https:\\\/\\\/renatodias.online\\\/movimento\\\/2022\\\/04\\\/15\\\/lobbie-que-pode-matar\\\/#primaryimage\",\"url\":\"https:\\\/\\\/renatodias.online\\\/movimento\\\/wp-content\\\/uploads\\\/2022\\\/04\\\/Marcos-Cipriano-especial-e1650071638586.jpg\",\"contentUrl\":\"https:\\\/\\\/renatodias.online\\\/movimento\\\/wp-content\\\/uploads\\\/2022\\\/04\\\/Marcos-Cipriano-especial-e1650071638586.jpg\",\"width\":300,\"height\":400,\"caption\":\"Jornalista Marcos Cipriano\"},{\"@type\":\"BreadcrumbList\",\"@id\":\"https:\\\/\\\/renatodias.online\\\/movimento\\\/2022\\\/04\\\/15\\\/lobbie-que-pode-matar\\\/#breadcrumb\",\"itemListElement\":[{\"@type\":\"ListItem\",\"position\":1,\"name\":\"In\u00edcio\",\"item\":\"https:\\\/\\\/renatodias.online\\\/movimento\\\/\"},{\"@type\":\"ListItem\",\"position\":2,\"name\":\"Lobbie que pode matar\"}]},{\"@type\":\"WebSite\",\"@id\":\"https:\\\/\\\/renatodias.online\\\/movimento\\\/#website\",\"url\":\"https:\\\/\\\/renatodias.online\\\/movimento\\\/\",\"name\":\"\",\"description\":\"\",\"publisher\":{\"@id\":\"https:\\\/\\\/renatodias.online\\\/movimento\\\/#\\\/schema\\\/person\\\/bbab28833b1725a20f4083f49f1fb2a9\"},\"potentialAction\":[{\"@type\":\"SearchAction\",\"target\":{\"@type\":\"EntryPoint\",\"urlTemplate\":\"https:\\\/\\\/renatodias.online\\\/movimento\\\/?s={search_term_string}\"},\"query-input\":{\"@type\":\"PropertyValueSpecification\",\"valueRequired\":true,\"valueName\":\"search_term_string\"}}],\"inLanguage\":\"pt-BR\"},{\"@type\":[\"Person\",\"Organization\"],\"@id\":\"https:\\\/\\\/renatodias.online\\\/movimento\\\/#\\\/schema\\\/person\\\/bbab28833b1725a20f4083f49f1fb2a9\",\"name\":\"Renato Dias\",\"image\":{\"@type\":\"ImageObject\",\"inLanguage\":\"pt-BR\",\"@id\":\"https:\\\/\\\/renatodias.online\\\/movimento\\\/wp-content\\\/uploads\\\/2023\\\/03\\\/cropped-cropped-cropped-logofinal.jpeg\",\"url\":\"https:\\\/\\\/renatodias.online\\\/movimento\\\/wp-content\\\/uploads\\\/2023\\\/03\\\/cropped-cropped-cropped-logofinal.jpeg\",\"contentUrl\":\"https:\\\/\\\/renatodias.online\\\/movimento\\\/wp-content\\\/uploads\\\/2023\\\/03\\\/cropped-cropped-cropped-logofinal.jpeg\",\"width\":1280,\"height\":219,\"caption\":\"Renato Dias\"},\"logo\":{\"@id\":\"https:\\\/\\\/renatodias.online\\\/movimento\\\/wp-content\\\/uploads\\\/2023\\\/03\\\/cropped-cropped-cropped-logofinal.jpeg\"},\"description\":\"Renato Dias, 58 anos, \u00e9 graduado em Jornalismo, formado em Ci\u00eancias Sociais, com p\u00f3s-gradua\u00e7\u00e3o em Pol\u00edticas P\u00fablicas, mestre em Direito e Rela\u00e7\u00f5es Internacionais, ex-aluno extraordin\u00e1rio do Doutorado em Psicologia Social, ex-estudante do Curso de Psican\u00e1lise do Centro de Estudos Psicanal\u00edticos do Estado de Goi\u00e1s, ministrado pelo m\u00e9dico psiquiatra e psicanalista Daniel Em\u00eddio de Souza. \u00c9 autor de 30 livros-reportagem, oito document\u00e1rios, ganhou 30 pr\u00eamios e \u00e9 torcedor apaixonado do maior do Centro-Oeste, o Vila Nova Futebol Clube. Casado com Meirilane Dias, \u00e9 pai de Juliana Dias, jornalista; Daniel Dias, economista; e Maria Rosa Dias, estudante antifascista, socialista e trotskista.\u00a0Com tr\u00eas pets: Porquinho [Bull Dog Franc\u00eas], Dalila [Basset Hound] e Geleia [Basset Hound]. Al\u00e9m do eterno gato Tutuquinho, que virou estrela.\",\"sameAs\":[\"https:\\\/\\\/www.facebook.com\\\/renato.dias.37\",\"#breve\",\"https:\\\/\\\/renatodias.tumblr.com\\\/\"],\"url\":\"https:\\\/\\\/renatodias.online\\\/movimento\\\/author\\\/renatodias\\\/\"}]}<\/script>\n<!-- \/ Yoast SEO plugin. -->","yoast_head_json":{"title":"Lobbie que pode matar -","robots":{"index":"index","follow":"follow","max-snippet":"max-snippet:-1","max-image-preview":"max-image-preview:large","max-video-preview":"max-video-preview:-1"},"canonical":"https:\/\/renatodias.online\/movimento\/2022\/04\/15\/lobbie-que-pode-matar\/","og_locale":"pt_BR","og_type":"article","og_title":"Lobbie que pode matar -","og_description":"\u00a0 Reservat\u00f3rio do Ribeir\u00e3o Jo\u00e3o Leite Marcos Cipriano Especial Para o Portal de Not\u00edcias www.renatodias.online H\u00e1 coisas no mundo que voc\u00ea sabe que existem, mas nunca podem ser usadas. As bombas nucleares s\u00e3o um exemplo. No mundo atual, o arsenal at\u00f4mico \u00e9 suficiente liquidar a Terra, acabar definitivamente com todo e qualquer tipo de vida","og_url":"https:\/\/renatodias.online\/movimento\/2022\/04\/15\/lobbie-que-pode-matar\/","article_publisher":"https:\/\/www.facebook.com\/renato.dias.37","article_author":"https:\/\/www.facebook.com\/renato.dias.37","article_published_time":"2022-04-16T01:14:22+00:00","og_image":[{"width":300,"height":400,"url":"https:\/\/renatodias.online\/movimento\/wp-content\/uploads\/2022\/04\/Marcos-Cipriano-especial-e1650071638586.jpg","type":"image\/jpeg"}],"author":"Renato Dias","twitter_card":"summary_large_image","twitter_creator":"@RenatoDiasBat","twitter_site":"@RenatoDiasBat","twitter_misc":{"Escrito por":"Renato Dias","Est. tempo de leitura":"3 minutos"},"schema":{"@context":"https:\/\/schema.org","@graph":[{"@type":"Article","@id":"https:\/\/renatodias.online\/movimento\/2022\/04\/15\/lobbie-que-pode-matar\/#article","isPartOf":{"@id":"https:\/\/renatodias.online\/movimento\/2022\/04\/15\/lobbie-que-pode-matar\/"},"author":{"name":"Renato Dias","@id":"https:\/\/renatodias.online\/movimento\/#\/schema\/person\/bbab28833b1725a20f4083f49f1fb2a9"},"headline":"Lobbie que pode matar","datePublished":"2022-04-16T01:14:22+00:00","mainEntityOfPage":{"@id":"https:\/\/renatodias.online\/movimento\/2022\/04\/15\/lobbie-que-pode-matar\/"},"wordCount":624,"commentCount":1,"publisher":{"@id":"https:\/\/renatodias.online\/movimento\/#\/schema\/person\/bbab28833b1725a20f4083f49f1fb2a9"},"image":{"@id":"https:\/\/renatodias.online\/movimento\/2022\/04\/15\/lobbie-que-pode-matar\/#primaryimage"},"thumbnailUrl":"https:\/\/renatodias.online\/movimento\/wp-content\/uploads\/2022\/04\/Marcos-Cipriano-especial-e1650071638586.jpg","articleSection":["Opini\u00e3o"],"inLanguage":"pt-BR","potentialAction":[{"@type":"CommentAction","name":"Comment","target":["https:\/\/renatodias.online\/movimento\/2022\/04\/15\/lobbie-que-pode-matar\/#respond"]}]},{"@type":"WebPage","@id":"https:\/\/renatodias.online\/movimento\/2022\/04\/15\/lobbie-que-pode-matar\/","url":"https:\/\/renatodias.online\/movimento\/2022\/04\/15\/lobbie-que-pode-matar\/","name":"Lobbie que pode matar -","isPartOf":{"@id":"https:\/\/renatodias.online\/movimento\/#website"},"primaryImageOfPage":{"@id":"https:\/\/renatodias.online\/movimento\/2022\/04\/15\/lobbie-que-pode-matar\/#primaryimage"},"image":{"@id":"https:\/\/renatodias.online\/movimento\/2022\/04\/15\/lobbie-que-pode-matar\/#primaryimage"},"thumbnailUrl":"https:\/\/renatodias.online\/movimento\/wp-content\/uploads\/2022\/04\/Marcos-Cipriano-especial-e1650071638586.jpg","datePublished":"2022-04-16T01:14:22+00:00","breadcrumb":{"@id":"https:\/\/renatodias.online\/movimento\/2022\/04\/15\/lobbie-que-pode-matar\/#breadcrumb"},"inLanguage":"pt-BR","potentialAction":[{"@type":"ReadAction","target":["https:\/\/renatodias.online\/movimento\/2022\/04\/15\/lobbie-que-pode-matar\/"]}]},{"@type":"ImageObject","inLanguage":"pt-BR","@id":"https:\/\/renatodias.online\/movimento\/2022\/04\/15\/lobbie-que-pode-matar\/#primaryimage","url":"https:\/\/renatodias.online\/movimento\/wp-content\/uploads\/2022\/04\/Marcos-Cipriano-especial-e1650071638586.jpg","contentUrl":"https:\/\/renatodias.online\/movimento\/wp-content\/uploads\/2022\/04\/Marcos-Cipriano-especial-e1650071638586.jpg","width":300,"height":400,"caption":"Jornalista Marcos Cipriano"},{"@type":"BreadcrumbList","@id":"https:\/\/renatodias.online\/movimento\/2022\/04\/15\/lobbie-que-pode-matar\/#breadcrumb","itemListElement":[{"@type":"ListItem","position":1,"name":"In\u00edcio","item":"https:\/\/renatodias.online\/movimento\/"},{"@type":"ListItem","position":2,"name":"Lobbie que pode matar"}]},{"@type":"WebSite","@id":"https:\/\/renatodias.online\/movimento\/#website","url":"https:\/\/renatodias.online\/movimento\/","name":"","description":"","publisher":{"@id":"https:\/\/renatodias.online\/movimento\/#\/schema\/person\/bbab28833b1725a20f4083f49f1fb2a9"},"potentialAction":[{"@type":"SearchAction","target":{"@type":"EntryPoint","urlTemplate":"https:\/\/renatodias.online\/movimento\/?s={search_term_string}"},"query-input":{"@type":"PropertyValueSpecification","valueRequired":true,"valueName":"search_term_string"}}],"inLanguage":"pt-BR"},{"@type":["Person","Organization"],"@id":"https:\/\/renatodias.online\/movimento\/#\/schema\/person\/bbab28833b1725a20f4083f49f1fb2a9","name":"Renato Dias","image":{"@type":"ImageObject","inLanguage":"pt-BR","@id":"https:\/\/renatodias.online\/movimento\/wp-content\/uploads\/2023\/03\/cropped-cropped-cropped-logofinal.jpeg","url":"https:\/\/renatodias.online\/movimento\/wp-content\/uploads\/2023\/03\/cropped-cropped-cropped-logofinal.jpeg","contentUrl":"https:\/\/renatodias.online\/movimento\/wp-content\/uploads\/2023\/03\/cropped-cropped-cropped-logofinal.jpeg","width":1280,"height":219,"caption":"Renato Dias"},"logo":{"@id":"https:\/\/renatodias.online\/movimento\/wp-content\/uploads\/2023\/03\/cropped-cropped-cropped-logofinal.jpeg"},"description":"Renato Dias, 58 anos, \u00e9 graduado em Jornalismo, formado em Ci\u00eancias Sociais, com p\u00f3s-gradua\u00e7\u00e3o em Pol\u00edticas P\u00fablicas, mestre em Direito e Rela\u00e7\u00f5es Internacionais, ex-aluno extraordin\u00e1rio do Doutorado em Psicologia Social, ex-estudante do Curso de Psican\u00e1lise do Centro de Estudos Psicanal\u00edticos do Estado de Goi\u00e1s, ministrado pelo m\u00e9dico psiquiatra e psicanalista Daniel Em\u00eddio de Souza. \u00c9 autor de 30 livros-reportagem, oito document\u00e1rios, ganhou 30 pr\u00eamios e \u00e9 torcedor apaixonado do maior do Centro-Oeste, o Vila Nova Futebol Clube. Casado com Meirilane Dias, \u00e9 pai de Juliana Dias, jornalista; Daniel Dias, economista; e Maria Rosa Dias, estudante antifascista, socialista e trotskista.\u00a0Com tr\u00eas pets: Porquinho [Bull Dog Franc\u00eas], Dalila [Basset Hound] e Geleia [Basset Hound]. Al\u00e9m do eterno gato Tutuquinho, que virou estrela.","sameAs":["https:\/\/www.facebook.com\/renato.dias.37","#breve","https:\/\/renatodias.tumblr.com\/"],"url":"https:\/\/renatodias.online\/movimento\/author\/renatodias\/"}]}},"_links":{"self":[{"href":"https:\/\/renatodias.online\/movimento\/wp-json\/wp\/v2\/posts\/11872","targetHints":{"allow":["GET"]}}],"collection":[{"href":"https:\/\/renatodias.online\/movimento\/wp-json\/wp\/v2\/posts"}],"about":[{"href":"https:\/\/renatodias.online\/movimento\/wp-json\/wp\/v2\/types\/post"}],"author":[{"embeddable":true,"href":"https:\/\/renatodias.online\/movimento\/wp-json\/wp\/v2\/users\/2"}],"replies":[{"embeddable":true,"href":"https:\/\/renatodias.online\/movimento\/wp-json\/wp\/v2\/comments?post=11872"}],"version-history":[{"count":1,"href":"https:\/\/renatodias.online\/movimento\/wp-json\/wp\/v2\/posts\/11872\/revisions"}],"predecessor-version":[{"id":11879,"href":"https:\/\/renatodias.online\/movimento\/wp-json\/wp\/v2\/posts\/11872\/revisions\/11879"}],"wp:featuredmedia":[{"embeddable":true,"href":"https:\/\/renatodias.online\/movimento\/wp-json\/wp\/v2\/media\/11878"}],"wp:attachment":[{"href":"https:\/\/renatodias.online\/movimento\/wp-json\/wp\/v2\/media?parent=11872"}],"wp:term":[{"taxonomy":"category","embeddable":true,"href":"https:\/\/renatodias.online\/movimento\/wp-json\/wp\/v2\/categories?post=11872"},{"taxonomy":"post_tag","embeddable":true,"href":"https:\/\/renatodias.online\/movimento\/wp-json\/wp\/v2\/tags?post=11872"}],"curies":[{"name":"wp","href":"https:\/\/api.w.org\/{rel}","templated":true}]}}