{"id":11829,"date":"2022-04-13T17:33:56","date_gmt":"2022-04-13T20:33:56","guid":{"rendered":"https:\/\/renatodias.online\/movimento\/?p=11829"},"modified":"2022-04-13T17:33:56","modified_gmt":"2022-04-13T20:33:56","slug":"a-guerra-fria-revisitada","status":"publish","type":"post","link":"https:\/\/renatodias.online\/movimento\/2022\/04\/13\/a-guerra-fria-revisitada\/","title":{"rendered":"A guerra fria revisitada"},"content":{"rendered":"<figure id=\"attachment_11019\" aria-describedby=\"caption-attachment-11019\" style=\"width: 1050px\" class=\"wp-caption alignnone\"><img loading=\"lazy\" decoding=\"async\" class=\"wp-image-11019 size-full\" src=\"https:\/\/renatodias.online\/movimento\/wp-content\/uploads\/2022\/02\/Mikhail-Gorbatchev-A-guerra-Russia-e-Ucrania.png\" alt=\"\" width=\"1050\" height=\"1545\" srcset=\"https:\/\/renatodias.online\/movimento\/wp-content\/uploads\/2022\/02\/Mikhail-Gorbatchev-A-guerra-Russia-e-Ucrania.png 1050w, https:\/\/renatodias.online\/movimento\/wp-content\/uploads\/2022\/02\/Mikhail-Gorbatchev-A-guerra-Russia-e-Ucrania-204x300.png 204w, https:\/\/renatodias.online\/movimento\/wp-content\/uploads\/2022\/02\/Mikhail-Gorbatchev-A-guerra-Russia-e-Ucrania-696x1024.png 696w, https:\/\/renatodias.online\/movimento\/wp-content\/uploads\/2022\/02\/Mikhail-Gorbatchev-A-guerra-Russia-e-Ucrania-768x1130.png 768w, https:\/\/renatodias.online\/movimento\/wp-content\/uploads\/2022\/02\/Mikhail-Gorbatchev-A-guerra-Russia-e-Ucrania-1044x1536.png 1044w, https:\/\/renatodias.online\/movimento\/wp-content\/uploads\/2022\/02\/Mikhail-Gorbatchev-A-guerra-Russia-e-Ucrania-750x1104.png 750w\" sizes=\"auto, (max-width: 1050px) 100vw, 1050px\" \/><figcaption id=\"caption-attachment-11019\" class=\"wp-caption-text\"><strong>Mikhail Gorbatchev &#8211; A guerra fria<\/strong><\/figcaption><\/figure>\n<p><img loading=\"lazy\" decoding=\"async\" class=\"size-medium wp-image-8454 aligncenter\" src=\"https:\/\/renatodias.online\/movimento\/wp-content\/uploads\/2021\/08\/Explosivo-especial-300x300.png\" alt=\"\" width=\"300\" height=\"300\" \/><\/p>\n<h1 style=\"text-align: center;\"><span style=\"color: #808000;\">Tempo contempor\u00e2neo<\/span><\/h1>\n<p>&nbsp;<\/p>\n<figure id=\"attachment_8756\" aria-describedby=\"caption-attachment-8756\" style=\"width: 860px\" class=\"wp-caption alignnone\"><img loading=\"lazy\" decoding=\"async\" class=\"size-full wp-image-8756\" src=\"https:\/\/renatodias.online\/movimento\/wp-content\/uploads\/2021\/08\/Daniel-Aarao-Reis-Filho-especial-e1642103742643.png\" alt=\"\" width=\"860\" height=\"400\" \/><figcaption id=\"caption-attachment-8756\" class=\"wp-caption-text\"><strong>Daniel Aar\u00e3o Reis Filho<\/strong><\/figcaption><\/figure>\n<h1 style=\"text-align: center;\"><span style=\"color: #ff0000;\">Daniel Aar\u00e3o Reis Filho entrevista Sidnei Munhoz<\/span><\/h1>\n<p><img loading=\"lazy\" decoding=\"async\" class=\"size-full wp-image-11298 aligncenter\" src=\"https:\/\/renatodias.online\/movimento\/wp-content\/uploads\/2022\/03\/Entrevista-Especial.png\" alt=\"\" width=\"225\" height=\"225\" srcset=\"https:\/\/renatodias.online\/movimento\/wp-content\/uploads\/2022\/03\/Entrevista-Especial.png 225w, https:\/\/renatodias.online\/movimento\/wp-content\/uploads\/2022\/03\/Entrevista-Especial-150x150.png 150w\" sizes=\"auto, (max-width: 225px) 100vw, 225px\" \/><\/p>\n<p style=\"text-align: center;\"><span style=\"color: #800000;\"><strong>Converse online \u00e9, hoje, nesta quarta-feira, 13 de abril de 2022,\u00a0 \u00e0s 18h<\/strong><\/span><\/p>\n<figure id=\"attachment_3551\" aria-describedby=\"caption-attachment-3551\" style=\"width: 300px\" class=\"wp-caption aligncenter\"><img loading=\"lazy\" decoding=\"async\" class=\"size-medium wp-image-3551\" src=\"https:\/\/renatodias.online\/movimento\/wp-content\/uploads\/2020\/05\/Imagem-do-Planeta-Terra-1-300x168.jpg\" alt=\"Planeta Terra\" width=\"300\" height=\"168\" \/><figcaption id=\"caption-attachment-3551\" class=\"wp-caption-text\"><strong>Planeta Terra<\/strong><\/figcaption><\/figure>\n<p><strong>Renato Dias<\/strong><\/p>\n<p>O historiador <strong>Daniel Aar\u00e3o Reis Filho<\/strong> entrevista, nesta quarta-feira, \u00e0s 18h, no Programa Tempo Contempor\u00e2neo, <strong>Sidney Munhoz<\/strong>. Para abordar a Guerra Fria [1945-1991], Hist\u00f3ria e Historiografia.<\/p>\n<h1><span style=\"color: #808080;\"><strong>Perfil do entrevistado<\/strong><\/span><\/h1>\n<p>O entrevistado \u00e9 graduado em Hist\u00f3ria, na Unesp,\u00a0 mestre em Hist\u00f3ria Social pela Unicamp, doutor em Hist\u00f3ria Econ\u00f4mica na USP, est\u00e1gios p\u00f3s-doutorais na UFRJ e EUA. Um especialista em Geopol\u00edtica e guerra fria.<\/p>\n<figure id=\"attachment_11675\" aria-describedby=\"caption-attachment-11675\" style=\"width: 980px\" class=\"wp-caption alignnone\"><img loading=\"lazy\" decoding=\"async\" class=\"wp-image-11675 size-full\" src=\"https:\/\/renatodias.online\/movimento\/wp-content\/uploads\/2022\/04\/Guerra-Civil-na-Russia-1920.png\" alt=\"\" width=\"980\" height=\"583\" srcset=\"https:\/\/renatodias.online\/movimento\/wp-content\/uploads\/2022\/04\/Guerra-Civil-na-Russia-1920.png 980w, https:\/\/renatodias.online\/movimento\/wp-content\/uploads\/2022\/04\/Guerra-Civil-na-Russia-1920-300x178.png 300w, https:\/\/renatodias.online\/movimento\/wp-content\/uploads\/2022\/04\/Guerra-Civil-na-Russia-1920-768x457.png 768w, https:\/\/renatodias.online\/movimento\/wp-content\/uploads\/2022\/04\/Guerra-Civil-na-Russia-1920-750x446.png 750w\" sizes=\"auto, (max-width: 980px) 100vw, 980px\" \/><figcaption id=\"caption-attachment-11675\" class=\"wp-caption-text\"><strong>Guerra Civil na R\u00fassia 1920<\/strong><\/figcaption><\/figure>\n<h1><strong>Pesquisas na Fran\u00e7a<\/strong><\/h1>\n<p>Professor doutor do N\u00facleo de Hist\u00f3ria Contempor\u00e2nea, da Universidade Federal Fluminense [UFF], Daniel Aar\u00e3o Reis Filho pesquisa, hoje, na Fran\u00e7a, a <strong>guerra civil na R\u00fassia Sovi\u00e9tica [1918-1922]<\/strong><\/p>\n<div style=\"width: 848px;\" class=\"wp-video\"><!--[if lt IE 9]><script>document.createElement('video');<\/script><![endif]-->\n<video class=\"wp-video-shortcode\" id=\"video-11829-1\" width=\"848\" height=\"480\" preload=\"metadata\" controls=\"controls\"><source type=\"video\/mp4\" src=\"https:\/\/renatodias.online\/movimento\/wp-content\/uploads\/2022\/04\/VID-20220412-WA0094.mp4?_=1\" \/><a href=\"https:\/\/renatodias.online\/movimento\/wp-content\/uploads\/2022\/04\/VID-20220412-WA0094.mp4\">https:\/\/renatodias.online\/movimento\/wp-content\/uploads\/2022\/04\/VID-20220412-WA0094.mp4<\/a><\/video><\/div>\n<p>&nbsp;<\/p>\n<p><img loading=\"lazy\" decoding=\"async\" class=\"alignnone wp-image-10120 size-large\" src=\"https:\/\/renatodias.online\/movimento\/wp-content\/uploads\/2021\/12\/Servico-1596x1024.jpg\" alt=\"\" width=\"1140\" height=\"731\" \/><\/p>\n<h1 style=\"text-align: center;\"><span style=\"color: #808000;\"><strong>Servi\u00e7o<\/strong><\/span><\/h1>\n<h1 style=\"text-align: center;\"><span style=\"color: #ff6600;\"><strong>Basta acessar o link<\/strong><\/span><\/h1>\n<p style=\"text-align: center;\"><a href=\"https:\/\/m.youtube.com\/channel\/UCxjreySfY-ZRy28jPDbpXZw\"><strong><span style=\"color: #0000ff;\">https:\/\/m.youtube.com\/channel\/UCxjreySfY-ZRy28jPDbpXZw<\/span><\/strong><\/a><\/p>\n<p>&nbsp;<\/p>\n","protected":false},"excerpt":{"rendered":"<p>Tempo contempor\u00e2neo &nbsp; Daniel Aar\u00e3o Reis Filho entrevista Sidnei Munhoz Converse online \u00e9, hoje, nesta quarta-feira, 13 de abril de 2022,\u00a0 \u00e0s 18h Renato Dias O historiador Daniel Aar\u00e3o Reis Filho entrevista, nesta quarta-feira, \u00e0s 18h, no Programa Tempo Contempor\u00e2neo, Sidney Munhoz. Para abordar a Guerra Fria [1945-1991], Hist\u00f3ria e Historiografia. Perfil do entrevistado O<\/p>\n","protected":false},"author":2,"featured_media":3483,"comment_status":"open","ping_status":"open","sticky":false,"template":"","format":"standard","meta":{"_acf_changed":false,"_monsterinsights_skip_tracking":false,"_monsterinsights_sitenote_active":false,"_monsterinsights_sitenote_note":"","_monsterinsights_sitenote_category":0,"footnotes":""},"categories":[36],"tags":[],"class_list":["post-11829","post","type-post","status-publish","format-standard","has-post-thumbnail","hentry","category-internacional"],"acf":[],"yoast_head":"<!-- This site is optimized with the Yoast SEO plugin v27.4 - https:\/\/yoast.com\/product\/yoast-seo-wordpress\/ -->\n<title>A guerra fria revisitada -<\/title>\n<meta name=\"robots\" content=\"index, follow, max-snippet:-1, max-image-preview:large, max-video-preview:-1\" \/>\n<link rel=\"canonical\" href=\"https:\/\/renatodias.online\/movimento\/2022\/04\/13\/a-guerra-fria-revisitada\/\" \/>\n<meta property=\"og:locale\" content=\"pt_BR\" \/>\n<meta property=\"og:type\" content=\"article\" \/>\n<meta property=\"og:title\" content=\"A guerra fria revisitada -\" \/>\n<meta property=\"og:description\" content=\"Tempo contempor\u00e2neo &nbsp; Daniel Aar\u00e3o Reis Filho entrevista Sidnei Munhoz Converse online \u00e9, hoje, nesta quarta-feira, 13 de abril de 2022,\u00a0 \u00e0s 18h Renato Dias O historiador Daniel Aar\u00e3o Reis Filho entrevista, nesta quarta-feira, \u00e0s 18h, no Programa Tempo Contempor\u00e2neo, Sidney Munhoz. Para abordar a Guerra Fria [1945-1991], Hist\u00f3ria e Historiografia. Perfil do entrevistado O\" \/>\n<meta property=\"og:url\" content=\"https:\/\/renatodias.online\/movimento\/2022\/04\/13\/a-guerra-fria-revisitada\/\" \/>\n<meta property=\"article:publisher\" content=\"https:\/\/www.facebook.com\/renato.dias.37\" \/>\n<meta property=\"article:author\" content=\"https:\/\/www.facebook.com\/renato.dias.37\" \/>\n<meta property=\"article:published_time\" content=\"2022-04-13T20:33:56+00:00\" \/>\n<meta property=\"og:image\" content=\"https:\/\/renatodias.online\/movimento\/wp-content\/uploads\/2020\/05\/Daniel-Aar\u00e3o-Reis-Filho.jpg\" \/>\n\t<meta property=\"og:image:width\" content=\"980\" \/>\n\t<meta property=\"og:image:height\" content=\"654\" \/>\n\t<meta property=\"og:image:type\" content=\"image\/jpeg\" \/>\n<meta name=\"author\" content=\"Renato Dias\" \/>\n<meta name=\"twitter:card\" content=\"summary_large_image\" \/>\n<meta name=\"twitter:creator\" content=\"@RenatoDiasBat\" \/>\n<meta name=\"twitter:site\" content=\"@RenatoDiasBat\" \/>\n<meta name=\"twitter:label1\" content=\"Escrito por\" \/>\n\t<meta name=\"twitter:data1\" content=\"Renato Dias\" \/>\n\t<meta name=\"twitter:label2\" content=\"Est. tempo de leitura\" \/>\n\t<meta name=\"twitter:data2\" content=\"1 minuto\" \/>\n<script type=\"application\/ld+json\" class=\"yoast-schema-graph\">{\"@context\":\"https:\\\/\\\/schema.org\",\"@graph\":[{\"@type\":\"Article\",\"@id\":\"https:\\\/\\\/renatodias.online\\\/movimento\\\/2022\\\/04\\\/13\\\/a-guerra-fria-revisitada\\\/#article\",\"isPartOf\":{\"@id\":\"https:\\\/\\\/renatodias.online\\\/movimento\\\/2022\\\/04\\\/13\\\/a-guerra-fria-revisitada\\\/\"},\"author\":{\"name\":\"Renato Dias\",\"@id\":\"https:\\\/\\\/renatodias.online\\\/movimento\\\/#\\\/schema\\\/person\\\/bbab28833b1725a20f4083f49f1fb2a9\"},\"headline\":\"A guerra fria revisitada\",\"datePublished\":\"2022-04-13T20:33:56+00:00\",\"mainEntityOfPage\":{\"@id\":\"https:\\\/\\\/renatodias.online\\\/movimento\\\/2022\\\/04\\\/13\\\/a-guerra-fria-revisitada\\\/\"},\"wordCount\":212,\"commentCount\":0,\"publisher\":{\"@id\":\"https:\\\/\\\/renatodias.online\\\/movimento\\\/#\\\/schema\\\/person\\\/bbab28833b1725a20f4083f49f1fb2a9\"},\"image\":{\"@id\":\"https:\\\/\\\/renatodias.online\\\/movimento\\\/2022\\\/04\\\/13\\\/a-guerra-fria-revisitada\\\/#primaryimage\"},\"thumbnailUrl\":\"https:\\\/\\\/renatodias.online\\\/movimento\\\/wp-content\\\/uploads\\\/2020\\\/05\\\/Daniel-Aar\u00e3o-Reis-Filho.jpg\",\"articleSection\":[\"Internacional\"],\"inLanguage\":\"pt-BR\",\"potentialAction\":[{\"@type\":\"CommentAction\",\"name\":\"Comment\",\"target\":[\"https:\\\/\\\/renatodias.online\\\/movimento\\\/2022\\\/04\\\/13\\\/a-guerra-fria-revisitada\\\/#respond\"]}]},{\"@type\":\"WebPage\",\"@id\":\"https:\\\/\\\/renatodias.online\\\/movimento\\\/2022\\\/04\\\/13\\\/a-guerra-fria-revisitada\\\/\",\"url\":\"https:\\\/\\\/renatodias.online\\\/movimento\\\/2022\\\/04\\\/13\\\/a-guerra-fria-revisitada\\\/\",\"name\":\"A guerra fria revisitada -\",\"isPartOf\":{\"@id\":\"https:\\\/\\\/renatodias.online\\\/movimento\\\/#website\"},\"primaryImageOfPage\":{\"@id\":\"https:\\\/\\\/renatodias.online\\\/movimento\\\/2022\\\/04\\\/13\\\/a-guerra-fria-revisitada\\\/#primaryimage\"},\"image\":{\"@id\":\"https:\\\/\\\/renatodias.online\\\/movimento\\\/2022\\\/04\\\/13\\\/a-guerra-fria-revisitada\\\/#primaryimage\"},\"thumbnailUrl\":\"https:\\\/\\\/renatodias.online\\\/movimento\\\/wp-content\\\/uploads\\\/2020\\\/05\\\/Daniel-Aar\u00e3o-Reis-Filho.jpg\",\"datePublished\":\"2022-04-13T20:33:56+00:00\",\"breadcrumb\":{\"@id\":\"https:\\\/\\\/renatodias.online\\\/movimento\\\/2022\\\/04\\\/13\\\/a-guerra-fria-revisitada\\\/#breadcrumb\"},\"inLanguage\":\"pt-BR\",\"potentialAction\":[{\"@type\":\"ReadAction\",\"target\":[\"https:\\\/\\\/renatodias.online\\\/movimento\\\/2022\\\/04\\\/13\\\/a-guerra-fria-revisitada\\\/\"]}]},{\"@type\":\"ImageObject\",\"inLanguage\":\"pt-BR\",\"@id\":\"https:\\\/\\\/renatodias.online\\\/movimento\\\/2022\\\/04\\\/13\\\/a-guerra-fria-revisitada\\\/#primaryimage\",\"url\":\"https:\\\/\\\/renatodias.online\\\/movimento\\\/wp-content\\\/uploads\\\/2020\\\/05\\\/Daniel-Aar\u00e3o-Reis-Filho.jpg\",\"contentUrl\":\"https:\\\/\\\/renatodias.online\\\/movimento\\\/wp-content\\\/uploads\\\/2020\\\/05\\\/Daniel-Aar\u00e3o-Reis-Filho.jpg\",\"width\":980,\"height\":654,\"caption\":\"Daniel Aar\u00e3o Reis Filho\"},{\"@type\":\"BreadcrumbList\",\"@id\":\"https:\\\/\\\/renatodias.online\\\/movimento\\\/2022\\\/04\\\/13\\\/a-guerra-fria-revisitada\\\/#breadcrumb\",\"itemListElement\":[{\"@type\":\"ListItem\",\"position\":1,\"name\":\"In\u00edcio\",\"item\":\"https:\\\/\\\/renatodias.online\\\/movimento\\\/\"},{\"@type\":\"ListItem\",\"position\":2,\"name\":\"A guerra fria revisitada\"}]},{\"@type\":\"WebSite\",\"@id\":\"https:\\\/\\\/renatodias.online\\\/movimento\\\/#website\",\"url\":\"https:\\\/\\\/renatodias.online\\\/movimento\\\/\",\"name\":\"\",\"description\":\"\",\"publisher\":{\"@id\":\"https:\\\/\\\/renatodias.online\\\/movimento\\\/#\\\/schema\\\/person\\\/bbab28833b1725a20f4083f49f1fb2a9\"},\"potentialAction\":[{\"@type\":\"SearchAction\",\"target\":{\"@type\":\"EntryPoint\",\"urlTemplate\":\"https:\\\/\\\/renatodias.online\\\/movimento\\\/?s={search_term_string}\"},\"query-input\":{\"@type\":\"PropertyValueSpecification\",\"valueRequired\":true,\"valueName\":\"search_term_string\"}}],\"inLanguage\":\"pt-BR\"},{\"@type\":[\"Person\",\"Organization\"],\"@id\":\"https:\\\/\\\/renatodias.online\\\/movimento\\\/#\\\/schema\\\/person\\\/bbab28833b1725a20f4083f49f1fb2a9\",\"name\":\"Renato Dias\",\"image\":{\"@type\":\"ImageObject\",\"inLanguage\":\"pt-BR\",\"@id\":\"https:\\\/\\\/renatodias.online\\\/movimento\\\/wp-content\\\/uploads\\\/2023\\\/03\\\/cropped-cropped-cropped-logofinal.jpeg\",\"url\":\"https:\\\/\\\/renatodias.online\\\/movimento\\\/wp-content\\\/uploads\\\/2023\\\/03\\\/cropped-cropped-cropped-logofinal.jpeg\",\"contentUrl\":\"https:\\\/\\\/renatodias.online\\\/movimento\\\/wp-content\\\/uploads\\\/2023\\\/03\\\/cropped-cropped-cropped-logofinal.jpeg\",\"width\":1280,\"height\":219,\"caption\":\"Renato Dias\"},\"logo\":{\"@id\":\"https:\\\/\\\/renatodias.online\\\/movimento\\\/wp-content\\\/uploads\\\/2023\\\/03\\\/cropped-cropped-cropped-logofinal.jpeg\"},\"description\":\"Renato Dias, 58 anos, \u00e9 graduado em Jornalismo, formado em Ci\u00eancias Sociais, com p\u00f3s-gradua\u00e7\u00e3o em Pol\u00edticas P\u00fablicas, mestre em Direito e Rela\u00e7\u00f5es Internacionais, ex-aluno extraordin\u00e1rio do Doutorado em Psicologia Social, ex-estudante do Curso de Psican\u00e1lise do Centro de Estudos Psicanal\u00edticos do Estado de Goi\u00e1s, ministrado pelo m\u00e9dico psiquiatra e psicanalista Daniel Em\u00eddio de Souza. \u00c9 autor de 30 livros-reportagem, oito document\u00e1rios, ganhou 30 pr\u00eamios e \u00e9 torcedor apaixonado do maior do Centro-Oeste, o Vila Nova Futebol Clube. Casado com Meirilane Dias, \u00e9 pai de Juliana Dias, jornalista; Daniel Dias, economista; e Maria Rosa Dias, estudante antifascista, socialista e trotskista.\u00a0Com tr\u00eas pets: Porquinho [Bull Dog Franc\u00eas], Dalila [Basset Hound] e Geleia [Basset Hound]. Al\u00e9m do eterno gato Tutuquinho, que virou estrela.\",\"sameAs\":[\"https:\\\/\\\/www.facebook.com\\\/renato.dias.37\",\"#breve\",\"https:\\\/\\\/renatodias.tumblr.com\\\/\"],\"url\":\"https:\\\/\\\/renatodias.online\\\/movimento\\\/author\\\/renatodias\\\/\"}]}<\/script>\n<!-- \/ Yoast SEO plugin. -->","yoast_head_json":{"title":"A guerra fria revisitada -","robots":{"index":"index","follow":"follow","max-snippet":"max-snippet:-1","max-image-preview":"max-image-preview:large","max-video-preview":"max-video-preview:-1"},"canonical":"https:\/\/renatodias.online\/movimento\/2022\/04\/13\/a-guerra-fria-revisitada\/","og_locale":"pt_BR","og_type":"article","og_title":"A guerra fria revisitada -","og_description":"Tempo contempor\u00e2neo &nbsp; Daniel Aar\u00e3o Reis Filho entrevista Sidnei Munhoz Converse online \u00e9, hoje, nesta quarta-feira, 13 de abril de 2022,\u00a0 \u00e0s 18h Renato Dias O historiador Daniel Aar\u00e3o Reis Filho entrevista, nesta quarta-feira, \u00e0s 18h, no Programa Tempo Contempor\u00e2neo, Sidney Munhoz. Para abordar a Guerra Fria [1945-1991], Hist\u00f3ria e Historiografia. Perfil do entrevistado O","og_url":"https:\/\/renatodias.online\/movimento\/2022\/04\/13\/a-guerra-fria-revisitada\/","article_publisher":"https:\/\/www.facebook.com\/renato.dias.37","article_author":"https:\/\/www.facebook.com\/renato.dias.37","article_published_time":"2022-04-13T20:33:56+00:00","og_image":[{"width":980,"height":654,"url":"https:\/\/renatodias.online\/movimento\/wp-content\/uploads\/2020\/05\/Daniel-Aar\u00e3o-Reis-Filho.jpg","type":"image\/jpeg"}],"author":"Renato Dias","twitter_card":"summary_large_image","twitter_creator":"@RenatoDiasBat","twitter_site":"@RenatoDiasBat","twitter_misc":{"Escrito por":"Renato Dias","Est. tempo de leitura":"1 minuto"},"schema":{"@context":"https:\/\/schema.org","@graph":[{"@type":"Article","@id":"https:\/\/renatodias.online\/movimento\/2022\/04\/13\/a-guerra-fria-revisitada\/#article","isPartOf":{"@id":"https:\/\/renatodias.online\/movimento\/2022\/04\/13\/a-guerra-fria-revisitada\/"},"author":{"name":"Renato Dias","@id":"https:\/\/renatodias.online\/movimento\/#\/schema\/person\/bbab28833b1725a20f4083f49f1fb2a9"},"headline":"A guerra fria revisitada","datePublished":"2022-04-13T20:33:56+00:00","mainEntityOfPage":{"@id":"https:\/\/renatodias.online\/movimento\/2022\/04\/13\/a-guerra-fria-revisitada\/"},"wordCount":212,"commentCount":0,"publisher":{"@id":"https:\/\/renatodias.online\/movimento\/#\/schema\/person\/bbab28833b1725a20f4083f49f1fb2a9"},"image":{"@id":"https:\/\/renatodias.online\/movimento\/2022\/04\/13\/a-guerra-fria-revisitada\/#primaryimage"},"thumbnailUrl":"https:\/\/renatodias.online\/movimento\/wp-content\/uploads\/2020\/05\/Daniel-Aar\u00e3o-Reis-Filho.jpg","articleSection":["Internacional"],"inLanguage":"pt-BR","potentialAction":[{"@type":"CommentAction","name":"Comment","target":["https:\/\/renatodias.online\/movimento\/2022\/04\/13\/a-guerra-fria-revisitada\/#respond"]}]},{"@type":"WebPage","@id":"https:\/\/renatodias.online\/movimento\/2022\/04\/13\/a-guerra-fria-revisitada\/","url":"https:\/\/renatodias.online\/movimento\/2022\/04\/13\/a-guerra-fria-revisitada\/","name":"A guerra fria revisitada -","isPartOf":{"@id":"https:\/\/renatodias.online\/movimento\/#website"},"primaryImageOfPage":{"@id":"https:\/\/renatodias.online\/movimento\/2022\/04\/13\/a-guerra-fria-revisitada\/#primaryimage"},"image":{"@id":"https:\/\/renatodias.online\/movimento\/2022\/04\/13\/a-guerra-fria-revisitada\/#primaryimage"},"thumbnailUrl":"https:\/\/renatodias.online\/movimento\/wp-content\/uploads\/2020\/05\/Daniel-Aar\u00e3o-Reis-Filho.jpg","datePublished":"2022-04-13T20:33:56+00:00","breadcrumb":{"@id":"https:\/\/renatodias.online\/movimento\/2022\/04\/13\/a-guerra-fria-revisitada\/#breadcrumb"},"inLanguage":"pt-BR","potentialAction":[{"@type":"ReadAction","target":["https:\/\/renatodias.online\/movimento\/2022\/04\/13\/a-guerra-fria-revisitada\/"]}]},{"@type":"ImageObject","inLanguage":"pt-BR","@id":"https:\/\/renatodias.online\/movimento\/2022\/04\/13\/a-guerra-fria-revisitada\/#primaryimage","url":"https:\/\/renatodias.online\/movimento\/wp-content\/uploads\/2020\/05\/Daniel-Aar\u00e3o-Reis-Filho.jpg","contentUrl":"https:\/\/renatodias.online\/movimento\/wp-content\/uploads\/2020\/05\/Daniel-Aar\u00e3o-Reis-Filho.jpg","width":980,"height":654,"caption":"Daniel Aar\u00e3o Reis Filho"},{"@type":"BreadcrumbList","@id":"https:\/\/renatodias.online\/movimento\/2022\/04\/13\/a-guerra-fria-revisitada\/#breadcrumb","itemListElement":[{"@type":"ListItem","position":1,"name":"In\u00edcio","item":"https:\/\/renatodias.online\/movimento\/"},{"@type":"ListItem","position":2,"name":"A guerra fria revisitada"}]},{"@type":"WebSite","@id":"https:\/\/renatodias.online\/movimento\/#website","url":"https:\/\/renatodias.online\/movimento\/","name":"","description":"","publisher":{"@id":"https:\/\/renatodias.online\/movimento\/#\/schema\/person\/bbab28833b1725a20f4083f49f1fb2a9"},"potentialAction":[{"@type":"SearchAction","target":{"@type":"EntryPoint","urlTemplate":"https:\/\/renatodias.online\/movimento\/?s={search_term_string}"},"query-input":{"@type":"PropertyValueSpecification","valueRequired":true,"valueName":"search_term_string"}}],"inLanguage":"pt-BR"},{"@type":["Person","Organization"],"@id":"https:\/\/renatodias.online\/movimento\/#\/schema\/person\/bbab28833b1725a20f4083f49f1fb2a9","name":"Renato Dias","image":{"@type":"ImageObject","inLanguage":"pt-BR","@id":"https:\/\/renatodias.online\/movimento\/wp-content\/uploads\/2023\/03\/cropped-cropped-cropped-logofinal.jpeg","url":"https:\/\/renatodias.online\/movimento\/wp-content\/uploads\/2023\/03\/cropped-cropped-cropped-logofinal.jpeg","contentUrl":"https:\/\/renatodias.online\/movimento\/wp-content\/uploads\/2023\/03\/cropped-cropped-cropped-logofinal.jpeg","width":1280,"height":219,"caption":"Renato Dias"},"logo":{"@id":"https:\/\/renatodias.online\/movimento\/wp-content\/uploads\/2023\/03\/cropped-cropped-cropped-logofinal.jpeg"},"description":"Renato Dias, 58 anos, \u00e9 graduado em Jornalismo, formado em Ci\u00eancias Sociais, com p\u00f3s-gradua\u00e7\u00e3o em Pol\u00edticas P\u00fablicas, mestre em Direito e Rela\u00e7\u00f5es Internacionais, ex-aluno extraordin\u00e1rio do Doutorado em Psicologia Social, ex-estudante do Curso de Psican\u00e1lise do Centro de Estudos Psicanal\u00edticos do Estado de Goi\u00e1s, ministrado pelo m\u00e9dico psiquiatra e psicanalista Daniel Em\u00eddio de Souza. \u00c9 autor de 30 livros-reportagem, oito document\u00e1rios, ganhou 30 pr\u00eamios e \u00e9 torcedor apaixonado do maior do Centro-Oeste, o Vila Nova Futebol Clube. Casado com Meirilane Dias, \u00e9 pai de Juliana Dias, jornalista; Daniel Dias, economista; e Maria Rosa Dias, estudante antifascista, socialista e trotskista.\u00a0Com tr\u00eas pets: Porquinho [Bull Dog Franc\u00eas], Dalila [Basset Hound] e Geleia [Basset Hound]. Al\u00e9m do eterno gato Tutuquinho, que virou estrela.","sameAs":["https:\/\/www.facebook.com\/renato.dias.37","#breve","https:\/\/renatodias.tumblr.com\/"],"url":"https:\/\/renatodias.online\/movimento\/author\/renatodias\/"}]}},"_links":{"self":[{"href":"https:\/\/renatodias.online\/movimento\/wp-json\/wp\/v2\/posts\/11829","targetHints":{"allow":["GET"]}}],"collection":[{"href":"https:\/\/renatodias.online\/movimento\/wp-json\/wp\/v2\/posts"}],"about":[{"href":"https:\/\/renatodias.online\/movimento\/wp-json\/wp\/v2\/types\/post"}],"author":[{"embeddable":true,"href":"https:\/\/renatodias.online\/movimento\/wp-json\/wp\/v2\/users\/2"}],"replies":[{"embeddable":true,"href":"https:\/\/renatodias.online\/movimento\/wp-json\/wp\/v2\/comments?post=11829"}],"version-history":[{"count":1,"href":"https:\/\/renatodias.online\/movimento\/wp-json\/wp\/v2\/posts\/11829\/revisions"}],"predecessor-version":[{"id":11831,"href":"https:\/\/renatodias.online\/movimento\/wp-json\/wp\/v2\/posts\/11829\/revisions\/11831"}],"wp:featuredmedia":[{"embeddable":true,"href":"https:\/\/renatodias.online\/movimento\/wp-json\/wp\/v2\/media\/3483"}],"wp:attachment":[{"href":"https:\/\/renatodias.online\/movimento\/wp-json\/wp\/v2\/media?parent=11829"}],"wp:term":[{"taxonomy":"category","embeddable":true,"href":"https:\/\/renatodias.online\/movimento\/wp-json\/wp\/v2\/categories?post=11829"},{"taxonomy":"post_tag","embeddable":true,"href":"https:\/\/renatodias.online\/movimento\/wp-json\/wp\/v2\/tags?post=11829"}],"curies":[{"name":"wp","href":"https:\/\/api.w.org\/{rel}","templated":true}]}}