{"id":11755,"date":"2022-04-09T23:13:50","date_gmt":"2022-04-10T02:13:50","guid":{"rendered":"https:\/\/renatodias.online\/movimento\/?p=11755"},"modified":"2022-04-09T23:13:50","modified_gmt":"2022-04-10T02:13:50","slug":"educacao-ato-exige-concurso","status":"publish","type":"post","link":"https:\/\/renatodias.online\/movimento\/2022\/04\/09\/educacao-ato-exige-concurso\/","title":{"rendered":"Educa\u00e7\u00e3o: ato exige concurso"},"content":{"rendered":"<figure id=\"attachment_6483\" aria-describedby=\"caption-attachment-6483\" style=\"width: 1024px\" class=\"wp-caption aligncenter\"><img loading=\"lazy\" decoding=\"async\" class=\"wp-image-6483 size-full\" src=\"https:\/\/renatodias.online\/movimento\/wp-content\/uploads\/2021\/05\/A-crise-na-Educacao.jpg\" alt=\"\" width=\"1024\" height=\"739\" \/><figcaption id=\"caption-attachment-6483\" class=\"wp-caption-text\"><strong>A crise na Educa\u00e7\u00e3o<\/strong><\/figcaption><\/figure>\n<p><strong><img loading=\"lazy\" decoding=\"async\" class=\"size-medium wp-image-8454 aligncenter\" src=\"https:\/\/renatodias.online\/movimento\/wp-content\/uploads\/2021\/08\/Explosivo-especial-300x300.png\" alt=\"\" width=\"300\" height=\"300\" \/><\/strong><\/p>\n<h1 style=\"text-align: center;\"><strong>\u00a0<\/strong><strong>Professores e pesquisadores protestam<\/strong><\/h1>\n<figure id=\"attachment_11757\" aria-describedby=\"caption-attachment-11757\" style=\"width: 1280px\" class=\"wp-caption alignnone\"><img loading=\"lazy\" decoding=\"async\" class=\"wp-image-11757 size-full\" src=\"https:\/\/renatodias.online\/movimento\/wp-content\/uploads\/2022\/04\/Ato-na-Educacao-1.jpg\" alt=\"\" width=\"1280\" height=\"830\" srcset=\"https:\/\/renatodias.online\/movimento\/wp-content\/uploads\/2022\/04\/Ato-na-Educacao-1.jpg 1280w, https:\/\/renatodias.online\/movimento\/wp-content\/uploads\/2022\/04\/Ato-na-Educacao-1-300x195.jpg 300w, https:\/\/renatodias.online\/movimento\/wp-content\/uploads\/2022\/04\/Ato-na-Educacao-1-768x498.jpg 768w, https:\/\/renatodias.online\/movimento\/wp-content\/uploads\/2022\/04\/Ato-na-Educacao-1-750x486.jpg 750w\" sizes=\"auto, (max-width: 1280px) 100vw, 1280px\" \/><figcaption id=\"caption-attachment-11757\" class=\"wp-caption-text\"><strong>Ato na Educa\u00e7\u00e3o exige concurso p\u00fablico<\/strong><\/figcaption><\/figure>\n<p><strong>Renato Dias<\/strong><\/p>\n<p>Professores e pesquisadores promoveram na \u00faltima quarta-feira, em frente \u00e0 Secretaria de Estado da Educa\u00e7\u00e3o, manifesta\u00e7\u00e3o. Pauta: a imediata realiza\u00e7\u00e3o de concurso para a \u00e1rea.<\/p>\n<p>Os participantes do ato informam ainda ao <strong>Portal de Not\u00edcias www.renatodias.online<\/strong> que solicitaram uma reuni\u00e3o formal com os gestores da pasta. N\u00e3o foram atendidos<\/p>\n<figure id=\"attachment_11758\" aria-describedby=\"caption-attachment-11758\" style=\"width: 1280px\" class=\"wp-caption alignnone\"><img loading=\"lazy\" decoding=\"async\" class=\"wp-image-11758 size-full\" src=\"https:\/\/renatodias.online\/movimento\/wp-content\/uploads\/2022\/04\/Ato-na-educacao-2.jpg\" alt=\"\" width=\"1280\" height=\"720\" srcset=\"https:\/\/renatodias.online\/movimento\/wp-content\/uploads\/2022\/04\/Ato-na-educacao-2.jpg 1280w, https:\/\/renatodias.online\/movimento\/wp-content\/uploads\/2022\/04\/Ato-na-educacao-2-300x169.jpg 300w, https:\/\/renatodias.online\/movimento\/wp-content\/uploads\/2022\/04\/Ato-na-educacao-2-768x432.jpg 768w, https:\/\/renatodias.online\/movimento\/wp-content\/uploads\/2022\/04\/Ato-na-educacao-2-750x422.jpg 750w\" sizes=\"auto, (max-width: 1280px) 100vw, 1280px\" \/><figcaption id=\"caption-attachment-11758\" class=\"wp-caption-text\"><strong>Professores e pesquisadores protestam<\/strong><\/figcaption><\/figure>\n<p>Os trabalhadores usaram carro de som, faixas,\u00a0cartazes, discursos inflamados. O Governo do Estado havia divulgado que faria concurso p\u00fablico. O que n\u00e3o ocorreu, relata Thiago Martins, indignado.<\/p>\n<p>Let\u00edcia Scalabrine diz que 60 % dos professores em salas de aulas, hoje, seriam\u00a0de contratos provis\u00f3rios e precarizados. As licenciaturas s\u00e3o desvalorizadas e sem perspectiva de trabalho, desabafa.<\/p>\n<figure id=\"attachment_11759\" aria-describedby=\"caption-attachment-11759\" style=\"width: 1280px\" class=\"wp-caption alignnone\"><img loading=\"lazy\" decoding=\"async\" class=\"wp-image-11759 size-full\" src=\"https:\/\/renatodias.online\/movimento\/wp-content\/uploads\/2022\/04\/Ato-na-Educacao-3.jpg\" alt=\"\" width=\"1280\" height=\"719\" srcset=\"https:\/\/renatodias.online\/movimento\/wp-content\/uploads\/2022\/04\/Ato-na-Educacao-3.jpg 1280w, https:\/\/renatodias.online\/movimento\/wp-content\/uploads\/2022\/04\/Ato-na-Educacao-3-300x169.jpg 300w, https:\/\/renatodias.online\/movimento\/wp-content\/uploads\/2022\/04\/Ato-na-Educacao-3-768x431.jpg 768w, https:\/\/renatodias.online\/movimento\/wp-content\/uploads\/2022\/04\/Ato-na-Educacao-3-750x421.jpg 750w\" sizes=\"auto, (max-width: 1280px) 100vw, 1280px\" \/><figcaption id=\"caption-attachment-11759\" class=\"wp-caption-text\"><strong>Trabalho prec\u00e1rio, n\u00e3o!<\/strong><\/figcaption><\/figure>\n<p>Arthur Ramos conta que o processo seletivo para 13 mil professores provis\u00f3rios, em 2021, n\u00e3o \u00e9 a forma legal de provimento \u00e0 fun\u00e7\u00e3o p\u00fablica. \u00c9 urgente um concurso p\u00fablico em 2022 para 12 mil vagas, prop\u00f5e o ativista.<\/p>\n<p>O protesto foi organizado pelo <span style=\"color: #0000ff;\"><strong>Observat\u00f3rio da Educa\u00e7\u00e3o<\/strong><\/span>. Trata &#8211; se de uma das agendas de mobiliza\u00e7\u00e3o. Uma Audi\u00eancia P\u00fablica j\u00e1 est\u00e1 convocada para a Assembleia Legislativa<\/p>\n<figure id=\"attachment_10426\" aria-describedby=\"caption-attachment-10426\" style=\"width: 843px\" class=\"wp-caption alignnone\"><img loading=\"lazy\" decoding=\"async\" class=\"wp-image-10426 size-full\" src=\"https:\/\/renatodias.online\/movimento\/wp-content\/uploads\/2022\/01\/A-nova-sede-da-Assembleia-Legislativa-do-Estado-de-Goias.png\" alt=\"\" width=\"843\" height=\"574\" \/><figcaption id=\"caption-attachment-10426\" class=\"wp-caption-text\"><strong>A nova sede da Assembleia Legislativa do Estado de Goi\u00e1s<\/strong><\/figcaption><\/figure>\n<h1><strong><span style=\"color: #ff0000;\"> 25 de abril de 2022<\/span><br \/>\n<\/strong><\/h1>\n<p>Data: dia 25 de abril.\u00a0 O tema \u00e9 a realiza\u00e7\u00e3o de um Concurso na Educa\u00e7\u00e3o do Estado de Goi\u00e1s. Sob a presid\u00eancia do deputado estadual socialista<span style=\"color: #ff0000;\"> <strong>Karlos Cabral [Abaixo]<\/strong>.<\/span><\/p>\n<p><img loading=\"lazy\" decoding=\"async\" class=\"alignnone wp-image-4494 size-full\" src=\"https:\/\/renatodias.online\/movimento\/wp-content\/uploads\/2020\/09\/karlos-cabral.jpg\" alt=\"\" width=\"1057\" height=\"704\" \/><\/p>\n","protected":false},"excerpt":{"rendered":"<p>\u00a0Professores e pesquisadores protestam Renato Dias Professores e pesquisadores promoveram na \u00faltima quarta-feira, em frente \u00e0 Secretaria de Estado da Educa\u00e7\u00e3o, manifesta\u00e7\u00e3o. Pauta: a imediata realiza\u00e7\u00e3o de concurso para a \u00e1rea. Os participantes do ato informam ainda ao Portal de Not\u00edcias www.renatodias.online que solicitaram uma reuni\u00e3o formal com os gestores da pasta. N\u00e3o foram atendidos<\/p>\n","protected":false},"author":2,"featured_media":11756,"comment_status":"open","ping_status":"open","sticky":false,"template":"","format":"standard","meta":{"_acf_changed":false,"_monsterinsights_skip_tracking":false,"_monsterinsights_sitenote_active":false,"_monsterinsights_sitenote_note":"","_monsterinsights_sitenote_category":0,"footnotes":""},"categories":[4],"tags":[],"class_list":["post-11755","post","type-post","status-publish","format-standard","has-post-thumbnail","hentry","category-politica"],"acf":[],"yoast_head":"<!-- This site is optimized with the Yoast SEO plugin v27.4 - https:\/\/yoast.com\/product\/yoast-seo-wordpress\/ -->\n<title>Educa\u00e7\u00e3o: ato exige concurso -<\/title>\n<meta name=\"robots\" content=\"index, follow, max-snippet:-1, max-image-preview:large, max-video-preview:-1\" \/>\n<link rel=\"canonical\" href=\"https:\/\/renatodias.online\/movimento\/2022\/04\/09\/educacao-ato-exige-concurso\/\" \/>\n<meta property=\"og:locale\" content=\"pt_BR\" \/>\n<meta property=\"og:type\" content=\"article\" \/>\n<meta property=\"og:title\" content=\"Educa\u00e7\u00e3o: ato exige concurso -\" \/>\n<meta property=\"og:description\" content=\"\u00a0Professores e pesquisadores protestam Renato Dias Professores e pesquisadores promoveram na \u00faltima quarta-feira, em frente \u00e0 Secretaria de Estado da Educa\u00e7\u00e3o, manifesta\u00e7\u00e3o. Pauta: a imediata realiza\u00e7\u00e3o de concurso para a \u00e1rea. Os participantes do ato informam ainda ao Portal de Not\u00edcias www.renatodias.online que solicitaram uma reuni\u00e3o formal com os gestores da pasta. N\u00e3o foram atendidos\" \/>\n<meta property=\"og:url\" content=\"https:\/\/renatodias.online\/movimento\/2022\/04\/09\/educacao-ato-exige-concurso\/\" \/>\n<meta property=\"article:publisher\" content=\"https:\/\/www.facebook.com\/renato.dias.37\" \/>\n<meta property=\"article:author\" content=\"https:\/\/www.facebook.com\/renato.dias.37\" \/>\n<meta property=\"article:published_time\" content=\"2022-04-10T02:13:50+00:00\" \/>\n<meta property=\"og:image\" content=\"https:\/\/renatodias.online\/movimento\/wp-content\/uploads\/2022\/04\/Concurso-publico-card-e1649556376156.png\" \/>\n\t<meta property=\"og:image:width\" content=\"340\" \/>\n\t<meta property=\"og:image:height\" content=\"349\" \/>\n\t<meta property=\"og:image:type\" content=\"image\/png\" \/>\n<meta name=\"author\" content=\"Renato Dias\" \/>\n<meta name=\"twitter:card\" content=\"summary_large_image\" \/>\n<meta name=\"twitter:creator\" content=\"@RenatoDiasBat\" \/>\n<meta name=\"twitter:site\" content=\"@RenatoDiasBat\" \/>\n<meta name=\"twitter:label1\" content=\"Escrito por\" \/>\n\t<meta name=\"twitter:data1\" content=\"Renato Dias\" \/>\n\t<meta name=\"twitter:label2\" content=\"Est. tempo de leitura\" \/>\n\t<meta name=\"twitter:data2\" content=\"1 minuto\" \/>\n<script type=\"application\/ld+json\" class=\"yoast-schema-graph\">{\"@context\":\"https:\\\/\\\/schema.org\",\"@graph\":[{\"@type\":\"Article\",\"@id\":\"https:\\\/\\\/renatodias.online\\\/movimento\\\/2022\\\/04\\\/09\\\/educacao-ato-exige-concurso\\\/#article\",\"isPartOf\":{\"@id\":\"https:\\\/\\\/renatodias.online\\\/movimento\\\/2022\\\/04\\\/09\\\/educacao-ato-exige-concurso\\\/\"},\"author\":{\"name\":\"Renato Dias\",\"@id\":\"https:\\\/\\\/renatodias.online\\\/movimento\\\/#\\\/schema\\\/person\\\/bbab28833b1725a20f4083f49f1fb2a9\"},\"headline\":\"Educa\u00e7\u00e3o: ato exige concurso\",\"datePublished\":\"2022-04-10T02:13:50+00:00\",\"mainEntityOfPage\":{\"@id\":\"https:\\\/\\\/renatodias.online\\\/movimento\\\/2022\\\/04\\\/09\\\/educacao-ato-exige-concurso\\\/\"},\"wordCount\":298,\"commentCount\":0,\"publisher\":{\"@id\":\"https:\\\/\\\/renatodias.online\\\/movimento\\\/#\\\/schema\\\/person\\\/bbab28833b1725a20f4083f49f1fb2a9\"},\"image\":{\"@id\":\"https:\\\/\\\/renatodias.online\\\/movimento\\\/2022\\\/04\\\/09\\\/educacao-ato-exige-concurso\\\/#primaryimage\"},\"thumbnailUrl\":\"https:\\\/\\\/renatodias.online\\\/movimento\\\/wp-content\\\/uploads\\\/2022\\\/04\\\/Concurso-publico-card-e1649556376156.png\",\"articleSection\":[\"Pol\u00edtica\"],\"inLanguage\":\"pt-BR\",\"potentialAction\":[{\"@type\":\"CommentAction\",\"name\":\"Comment\",\"target\":[\"https:\\\/\\\/renatodias.online\\\/movimento\\\/2022\\\/04\\\/09\\\/educacao-ato-exige-concurso\\\/#respond\"]}]},{\"@type\":\"WebPage\",\"@id\":\"https:\\\/\\\/renatodias.online\\\/movimento\\\/2022\\\/04\\\/09\\\/educacao-ato-exige-concurso\\\/\",\"url\":\"https:\\\/\\\/renatodias.online\\\/movimento\\\/2022\\\/04\\\/09\\\/educacao-ato-exige-concurso\\\/\",\"name\":\"Educa\u00e7\u00e3o: ato exige concurso -\",\"isPartOf\":{\"@id\":\"https:\\\/\\\/renatodias.online\\\/movimento\\\/#website\"},\"primaryImageOfPage\":{\"@id\":\"https:\\\/\\\/renatodias.online\\\/movimento\\\/2022\\\/04\\\/09\\\/educacao-ato-exige-concurso\\\/#primaryimage\"},\"image\":{\"@id\":\"https:\\\/\\\/renatodias.online\\\/movimento\\\/2022\\\/04\\\/09\\\/educacao-ato-exige-concurso\\\/#primaryimage\"},\"thumbnailUrl\":\"https:\\\/\\\/renatodias.online\\\/movimento\\\/wp-content\\\/uploads\\\/2022\\\/04\\\/Concurso-publico-card-e1649556376156.png\",\"datePublished\":\"2022-04-10T02:13:50+00:00\",\"breadcrumb\":{\"@id\":\"https:\\\/\\\/renatodias.online\\\/movimento\\\/2022\\\/04\\\/09\\\/educacao-ato-exige-concurso\\\/#breadcrumb\"},\"inLanguage\":\"pt-BR\",\"potentialAction\":[{\"@type\":\"ReadAction\",\"target\":[\"https:\\\/\\\/renatodias.online\\\/movimento\\\/2022\\\/04\\\/09\\\/educacao-ato-exige-concurso\\\/\"]}]},{\"@type\":\"ImageObject\",\"inLanguage\":\"pt-BR\",\"@id\":\"https:\\\/\\\/renatodias.online\\\/movimento\\\/2022\\\/04\\\/09\\\/educacao-ato-exige-concurso\\\/#primaryimage\",\"url\":\"https:\\\/\\\/renatodias.online\\\/movimento\\\/wp-content\\\/uploads\\\/2022\\\/04\\\/Concurso-publico-card-e1649556376156.png\",\"contentUrl\":\"https:\\\/\\\/renatodias.online\\\/movimento\\\/wp-content\\\/uploads\\\/2022\\\/04\\\/Concurso-publico-card-e1649556376156.png\",\"width\":340,\"height\":349},{\"@type\":\"BreadcrumbList\",\"@id\":\"https:\\\/\\\/renatodias.online\\\/movimento\\\/2022\\\/04\\\/09\\\/educacao-ato-exige-concurso\\\/#breadcrumb\",\"itemListElement\":[{\"@type\":\"ListItem\",\"position\":1,\"name\":\"In\u00edcio\",\"item\":\"https:\\\/\\\/renatodias.online\\\/movimento\\\/\"},{\"@type\":\"ListItem\",\"position\":2,\"name\":\"Educa\u00e7\u00e3o: ato exige concurso\"}]},{\"@type\":\"WebSite\",\"@id\":\"https:\\\/\\\/renatodias.online\\\/movimento\\\/#website\",\"url\":\"https:\\\/\\\/renatodias.online\\\/movimento\\\/\",\"name\":\"\",\"description\":\"\",\"publisher\":{\"@id\":\"https:\\\/\\\/renatodias.online\\\/movimento\\\/#\\\/schema\\\/person\\\/bbab28833b1725a20f4083f49f1fb2a9\"},\"potentialAction\":[{\"@type\":\"SearchAction\",\"target\":{\"@type\":\"EntryPoint\",\"urlTemplate\":\"https:\\\/\\\/renatodias.online\\\/movimento\\\/?s={search_term_string}\"},\"query-input\":{\"@type\":\"PropertyValueSpecification\",\"valueRequired\":true,\"valueName\":\"search_term_string\"}}],\"inLanguage\":\"pt-BR\"},{\"@type\":[\"Person\",\"Organization\"],\"@id\":\"https:\\\/\\\/renatodias.online\\\/movimento\\\/#\\\/schema\\\/person\\\/bbab28833b1725a20f4083f49f1fb2a9\",\"name\":\"Renato Dias\",\"image\":{\"@type\":\"ImageObject\",\"inLanguage\":\"pt-BR\",\"@id\":\"https:\\\/\\\/renatodias.online\\\/movimento\\\/wp-content\\\/uploads\\\/2023\\\/03\\\/cropped-cropped-cropped-logofinal.jpeg\",\"url\":\"https:\\\/\\\/renatodias.online\\\/movimento\\\/wp-content\\\/uploads\\\/2023\\\/03\\\/cropped-cropped-cropped-logofinal.jpeg\",\"contentUrl\":\"https:\\\/\\\/renatodias.online\\\/movimento\\\/wp-content\\\/uploads\\\/2023\\\/03\\\/cropped-cropped-cropped-logofinal.jpeg\",\"width\":1280,\"height\":219,\"caption\":\"Renato Dias\"},\"logo\":{\"@id\":\"https:\\\/\\\/renatodias.online\\\/movimento\\\/wp-content\\\/uploads\\\/2023\\\/03\\\/cropped-cropped-cropped-logofinal.jpeg\"},\"description\":\"Renato Dias, 58 anos, \u00e9 graduado em Jornalismo, formado em Ci\u00eancias Sociais, com p\u00f3s-gradua\u00e7\u00e3o em Pol\u00edticas P\u00fablicas, mestre em Direito e Rela\u00e7\u00f5es Internacionais, ex-aluno extraordin\u00e1rio do Doutorado em Psicologia Social, ex-estudante do Curso de Psican\u00e1lise do Centro de Estudos Psicanal\u00edticos do Estado de Goi\u00e1s, ministrado pelo m\u00e9dico psiquiatra e psicanalista Daniel Em\u00eddio de Souza. \u00c9 autor de 30 livros-reportagem, oito document\u00e1rios, ganhou 30 pr\u00eamios e \u00e9 torcedor apaixonado do maior do Centro-Oeste, o Vila Nova Futebol Clube. Casado com Meirilane Dias, \u00e9 pai de Juliana Dias, jornalista; Daniel Dias, economista; e Maria Rosa Dias, estudante antifascista, socialista e trotskista.\u00a0Com tr\u00eas pets: Porquinho [Bull Dog Franc\u00eas], Dalila [Basset Hound] e Geleia [Basset Hound]. Al\u00e9m do eterno gato Tutuquinho, que virou estrela.\",\"sameAs\":[\"https:\\\/\\\/www.facebook.com\\\/renato.dias.37\",\"#breve\",\"https:\\\/\\\/renatodias.tumblr.com\\\/\"],\"url\":\"https:\\\/\\\/renatodias.online\\\/movimento\\\/author\\\/renatodias\\\/\"}]}<\/script>\n<!-- \/ Yoast SEO plugin. -->","yoast_head_json":{"title":"Educa\u00e7\u00e3o: ato exige concurso -","robots":{"index":"index","follow":"follow","max-snippet":"max-snippet:-1","max-image-preview":"max-image-preview:large","max-video-preview":"max-video-preview:-1"},"canonical":"https:\/\/renatodias.online\/movimento\/2022\/04\/09\/educacao-ato-exige-concurso\/","og_locale":"pt_BR","og_type":"article","og_title":"Educa\u00e7\u00e3o: ato exige concurso -","og_description":"\u00a0Professores e pesquisadores protestam Renato Dias Professores e pesquisadores promoveram na \u00faltima quarta-feira, em frente \u00e0 Secretaria de Estado da Educa\u00e7\u00e3o, manifesta\u00e7\u00e3o. Pauta: a imediata realiza\u00e7\u00e3o de concurso para a \u00e1rea. Os participantes do ato informam ainda ao Portal de Not\u00edcias www.renatodias.online que solicitaram uma reuni\u00e3o formal com os gestores da pasta. N\u00e3o foram atendidos","og_url":"https:\/\/renatodias.online\/movimento\/2022\/04\/09\/educacao-ato-exige-concurso\/","article_publisher":"https:\/\/www.facebook.com\/renato.dias.37","article_author":"https:\/\/www.facebook.com\/renato.dias.37","article_published_time":"2022-04-10T02:13:50+00:00","og_image":[{"width":340,"height":349,"url":"https:\/\/renatodias.online\/movimento\/wp-content\/uploads\/2022\/04\/Concurso-publico-card-e1649556376156.png","type":"image\/png"}],"author":"Renato Dias","twitter_card":"summary_large_image","twitter_creator":"@RenatoDiasBat","twitter_site":"@RenatoDiasBat","twitter_misc":{"Escrito por":"Renato Dias","Est. tempo de leitura":"1 minuto"},"schema":{"@context":"https:\/\/schema.org","@graph":[{"@type":"Article","@id":"https:\/\/renatodias.online\/movimento\/2022\/04\/09\/educacao-ato-exige-concurso\/#article","isPartOf":{"@id":"https:\/\/renatodias.online\/movimento\/2022\/04\/09\/educacao-ato-exige-concurso\/"},"author":{"name":"Renato Dias","@id":"https:\/\/renatodias.online\/movimento\/#\/schema\/person\/bbab28833b1725a20f4083f49f1fb2a9"},"headline":"Educa\u00e7\u00e3o: ato exige concurso","datePublished":"2022-04-10T02:13:50+00:00","mainEntityOfPage":{"@id":"https:\/\/renatodias.online\/movimento\/2022\/04\/09\/educacao-ato-exige-concurso\/"},"wordCount":298,"commentCount":0,"publisher":{"@id":"https:\/\/renatodias.online\/movimento\/#\/schema\/person\/bbab28833b1725a20f4083f49f1fb2a9"},"image":{"@id":"https:\/\/renatodias.online\/movimento\/2022\/04\/09\/educacao-ato-exige-concurso\/#primaryimage"},"thumbnailUrl":"https:\/\/renatodias.online\/movimento\/wp-content\/uploads\/2022\/04\/Concurso-publico-card-e1649556376156.png","articleSection":["Pol\u00edtica"],"inLanguage":"pt-BR","potentialAction":[{"@type":"CommentAction","name":"Comment","target":["https:\/\/renatodias.online\/movimento\/2022\/04\/09\/educacao-ato-exige-concurso\/#respond"]}]},{"@type":"WebPage","@id":"https:\/\/renatodias.online\/movimento\/2022\/04\/09\/educacao-ato-exige-concurso\/","url":"https:\/\/renatodias.online\/movimento\/2022\/04\/09\/educacao-ato-exige-concurso\/","name":"Educa\u00e7\u00e3o: ato exige concurso -","isPartOf":{"@id":"https:\/\/renatodias.online\/movimento\/#website"},"primaryImageOfPage":{"@id":"https:\/\/renatodias.online\/movimento\/2022\/04\/09\/educacao-ato-exige-concurso\/#primaryimage"},"image":{"@id":"https:\/\/renatodias.online\/movimento\/2022\/04\/09\/educacao-ato-exige-concurso\/#primaryimage"},"thumbnailUrl":"https:\/\/renatodias.online\/movimento\/wp-content\/uploads\/2022\/04\/Concurso-publico-card-e1649556376156.png","datePublished":"2022-04-10T02:13:50+00:00","breadcrumb":{"@id":"https:\/\/renatodias.online\/movimento\/2022\/04\/09\/educacao-ato-exige-concurso\/#breadcrumb"},"inLanguage":"pt-BR","potentialAction":[{"@type":"ReadAction","target":["https:\/\/renatodias.online\/movimento\/2022\/04\/09\/educacao-ato-exige-concurso\/"]}]},{"@type":"ImageObject","inLanguage":"pt-BR","@id":"https:\/\/renatodias.online\/movimento\/2022\/04\/09\/educacao-ato-exige-concurso\/#primaryimage","url":"https:\/\/renatodias.online\/movimento\/wp-content\/uploads\/2022\/04\/Concurso-publico-card-e1649556376156.png","contentUrl":"https:\/\/renatodias.online\/movimento\/wp-content\/uploads\/2022\/04\/Concurso-publico-card-e1649556376156.png","width":340,"height":349},{"@type":"BreadcrumbList","@id":"https:\/\/renatodias.online\/movimento\/2022\/04\/09\/educacao-ato-exige-concurso\/#breadcrumb","itemListElement":[{"@type":"ListItem","position":1,"name":"In\u00edcio","item":"https:\/\/renatodias.online\/movimento\/"},{"@type":"ListItem","position":2,"name":"Educa\u00e7\u00e3o: ato exige concurso"}]},{"@type":"WebSite","@id":"https:\/\/renatodias.online\/movimento\/#website","url":"https:\/\/renatodias.online\/movimento\/","name":"","description":"","publisher":{"@id":"https:\/\/renatodias.online\/movimento\/#\/schema\/person\/bbab28833b1725a20f4083f49f1fb2a9"},"potentialAction":[{"@type":"SearchAction","target":{"@type":"EntryPoint","urlTemplate":"https:\/\/renatodias.online\/movimento\/?s={search_term_string}"},"query-input":{"@type":"PropertyValueSpecification","valueRequired":true,"valueName":"search_term_string"}}],"inLanguage":"pt-BR"},{"@type":["Person","Organization"],"@id":"https:\/\/renatodias.online\/movimento\/#\/schema\/person\/bbab28833b1725a20f4083f49f1fb2a9","name":"Renato Dias","image":{"@type":"ImageObject","inLanguage":"pt-BR","@id":"https:\/\/renatodias.online\/movimento\/wp-content\/uploads\/2023\/03\/cropped-cropped-cropped-logofinal.jpeg","url":"https:\/\/renatodias.online\/movimento\/wp-content\/uploads\/2023\/03\/cropped-cropped-cropped-logofinal.jpeg","contentUrl":"https:\/\/renatodias.online\/movimento\/wp-content\/uploads\/2023\/03\/cropped-cropped-cropped-logofinal.jpeg","width":1280,"height":219,"caption":"Renato Dias"},"logo":{"@id":"https:\/\/renatodias.online\/movimento\/wp-content\/uploads\/2023\/03\/cropped-cropped-cropped-logofinal.jpeg"},"description":"Renato Dias, 58 anos, \u00e9 graduado em Jornalismo, formado em Ci\u00eancias Sociais, com p\u00f3s-gradua\u00e7\u00e3o em Pol\u00edticas P\u00fablicas, mestre em Direito e Rela\u00e7\u00f5es Internacionais, ex-aluno extraordin\u00e1rio do Doutorado em Psicologia Social, ex-estudante do Curso de Psican\u00e1lise do Centro de Estudos Psicanal\u00edticos do Estado de Goi\u00e1s, ministrado pelo m\u00e9dico psiquiatra e psicanalista Daniel Em\u00eddio de Souza. \u00c9 autor de 30 livros-reportagem, oito document\u00e1rios, ganhou 30 pr\u00eamios e \u00e9 torcedor apaixonado do maior do Centro-Oeste, o Vila Nova Futebol Clube. Casado com Meirilane Dias, \u00e9 pai de Juliana Dias, jornalista; Daniel Dias, economista; e Maria Rosa Dias, estudante antifascista, socialista e trotskista.\u00a0Com tr\u00eas pets: Porquinho [Bull Dog Franc\u00eas], Dalila [Basset Hound] e Geleia [Basset Hound]. Al\u00e9m do eterno gato Tutuquinho, que virou estrela.","sameAs":["https:\/\/www.facebook.com\/renato.dias.37","#breve","https:\/\/renatodias.tumblr.com\/"],"url":"https:\/\/renatodias.online\/movimento\/author\/renatodias\/"}]}},"_links":{"self":[{"href":"https:\/\/renatodias.online\/movimento\/wp-json\/wp\/v2\/posts\/11755","targetHints":{"allow":["GET"]}}],"collection":[{"href":"https:\/\/renatodias.online\/movimento\/wp-json\/wp\/v2\/posts"}],"about":[{"href":"https:\/\/renatodias.online\/movimento\/wp-json\/wp\/v2\/types\/post"}],"author":[{"embeddable":true,"href":"https:\/\/renatodias.online\/movimento\/wp-json\/wp\/v2\/users\/2"}],"replies":[{"embeddable":true,"href":"https:\/\/renatodias.online\/movimento\/wp-json\/wp\/v2\/comments?post=11755"}],"version-history":[{"count":1,"href":"https:\/\/renatodias.online\/movimento\/wp-json\/wp\/v2\/posts\/11755\/revisions"}],"predecessor-version":[{"id":11760,"href":"https:\/\/renatodias.online\/movimento\/wp-json\/wp\/v2\/posts\/11755\/revisions\/11760"}],"wp:featuredmedia":[{"embeddable":true,"href":"https:\/\/renatodias.online\/movimento\/wp-json\/wp\/v2\/media\/11756"}],"wp:attachment":[{"href":"https:\/\/renatodias.online\/movimento\/wp-json\/wp\/v2\/media?parent=11755"}],"wp:term":[{"taxonomy":"category","embeddable":true,"href":"https:\/\/renatodias.online\/movimento\/wp-json\/wp\/v2\/categories?post=11755"},{"taxonomy":"post_tag","embeddable":true,"href":"https:\/\/renatodias.online\/movimento\/wp-json\/wp\/v2\/tags?post=11755"}],"curies":[{"name":"wp","href":"https:\/\/api.w.org\/{rel}","templated":true}]}}