{"id":11750,"date":"2022-04-09T23:01:15","date_gmt":"2022-04-10T02:01:15","guid":{"rendered":"https:\/\/renatodias.online\/movimento\/?p=11750"},"modified":"2022-04-09T23:02:25","modified_gmt":"2022-04-10T02:02:25","slug":"russia-e-ucrania-guerra-e-barbara","status":"publish","type":"post","link":"https:\/\/renatodias.online\/movimento\/2022\/04\/09\/russia-e-ucrania-guerra-e-barbara\/","title":{"rendered":"R\u00fassia e Ucr\u00e2nia: guerra \u00e9 b\u00e1rbara"},"content":{"rendered":"<p><strong><img loading=\"lazy\" decoding=\"async\" class=\"wp-image-11395 size-full aligncenter\" src=\"https:\/\/renatodias.online\/movimento\/wp-content\/uploads\/2022\/03\/Ucrania-e-Russia-logo.jpg\" alt=\"\" width=\"600\" height=\"60\" srcset=\"https:\/\/renatodias.online\/movimento\/wp-content\/uploads\/2022\/03\/Ucrania-e-Russia-logo.jpg 600w, https:\/\/renatodias.online\/movimento\/wp-content\/uploads\/2022\/03\/Ucrania-e-Russia-logo-300x30.jpg 300w\" sizes=\"auto, (max-width: 600px) 100vw, 600px\" \/><\/strong><\/p>\n<h1 style=\"text-align: center;\"><span style=\"color: #ff0000;\"><strong>\u00a0<\/strong><strong>An\u00e1lise de polon\u00eas radicado no Brasil<\/strong><\/span><\/h1>\n<figure id=\"attachment_10673\" aria-describedby=\"caption-attachment-10673\" style=\"width: 1600px\" class=\"wp-caption alignnone\"><img loading=\"lazy\" decoding=\"async\" class=\"size-full wp-image-10673\" src=\"https:\/\/renatodias.online\/movimento\/wp-content\/uploads\/2022\/02\/Markus-Sokol-e-Jean-Luc-Melenchon.jpg\" alt=\"\" width=\"1600\" height=\"1200\" \/><figcaption id=\"caption-attachment-10673\" class=\"wp-caption-text\"><strong>Markus Sokol e Jean-Luc M\u00e9lenchon<\/strong><\/figcaption><\/figure>\n<p><strong><img loading=\"lazy\" decoding=\"async\" class=\"size-full wp-image-11298 aligncenter\" src=\"https:\/\/renatodias.online\/movimento\/wp-content\/uploads\/2022\/03\/Entrevista-Especial.png\" alt=\"\" width=\"225\" height=\"225\" srcset=\"https:\/\/renatodias.online\/movimento\/wp-content\/uploads\/2022\/03\/Entrevista-Especial.png 225w, https:\/\/renatodias.online\/movimento\/wp-content\/uploads\/2022\/03\/Entrevista-Especial-150x150.png 150w\" sizes=\"auto, (max-width: 225px) 100vw, 225px\" \/>\u00a0<\/strong><\/p>\n<h1 style=\"text-align: center;\"><span style=\"color: #0000ff;\"><strong>Markus Sokol v\u00ea as elei\u00e7\u00f5es na Fran\u00e7a<\/strong><\/span><\/h1>\n<p><img loading=\"lazy\" decoding=\"async\" class=\"wp-image-8998 size-thumbnail aligncenter\" src=\"https:\/\/renatodias.online\/movimento\/wp-content\/uploads\/2021\/09\/Fora-Jair-Messias-Bolsonaro-150x150.jpg\" alt=\"\" width=\"150\" height=\"150\" \/><\/p>\n<h3 style=\"text-align: center;\"><span style=\"color: #0000ff;\"><strong>\u00a0<\/strong><\/span><span style=\"color: #008000;\"><strong>N\u00e3o h\u00e1 coes\u00e3o nas For\u00e7as Armadas, no Brasil, diz<\/strong><\/span><\/h3>\n<p>&nbsp;<\/p>\n<p><strong>Renato Dias<\/strong><\/p>\n<p>A guerra \u00e9 b\u00e1rbara. Assim define &#8211; a o polon\u00eas radicado no Brasil, Markus Sokol, economista. A mulher \u00e9 quem mais sofre em um conflito, admite. A sua refer\u00eancia \u00e9 \u00e0 crise na Europa, hoje: R\u00fassia e Ucr\u00e2nia. Uma ambi\u00e7\u00e3o imperial.<\/p>\n<figure id=\"attachment_8578\" aria-describedby=\"caption-attachment-8578\" style=\"width: 181px\" class=\"wp-caption alignnone\"><img loading=\"lazy\" decoding=\"async\" class=\"size-medium wp-image-8578\" src=\"https:\/\/renatodias.online\/movimento\/wp-content\/uploads\/2021\/08\/Vladimir-Putin-Caricatura-181x300.jpg\" alt=\"\" width=\"181\" height=\"300\" srcset=\"https:\/\/renatodias.online\/movimento\/wp-content\/uploads\/2021\/08\/Vladimir-Putin-Caricatura-181x300.jpg 181w, https:\/\/renatodias.online\/movimento\/wp-content\/uploads\/2021\/08\/Vladimir-Putin-Caricatura.jpg 618w\" sizes=\"auto, (max-width: 181px) 100vw, 181px\" \/><figcaption id=\"caption-attachment-8578\" class=\"wp-caption-text\"><strong>Vladimir Putin<\/strong><\/figcaption><\/figure>\n<blockquote>\n<h1><span style=\"color: #0000ff;\"><strong>Vladimir Putin possui, sim, uma ambi\u00e7\u00e3o imperial<\/strong><\/span><\/h1>\n<\/blockquote>\n<p style=\"text-align: right;\"><span style=\"color: #ff0000;\"><strong>Markus Sokol<\/strong><\/span><\/p>\n<p>A Ucr\u00e2nia executa, sim, uma luta secular pela independ\u00eancia, revela. Em \u00e1cida cr\u00edtica a Vladimir Putin. Os Estados Unidos das Am\u00e9ricas acertaram a venda de g\u00e1s de xisto para o Velho Mundo, observa ele.<\/p>\n<figure id=\"attachment_8568\" aria-describedby=\"caption-attachment-8568\" style=\"width: 147px\" class=\"wp-caption alignnone\"><img loading=\"lazy\" decoding=\"async\" class=\"size-medium wp-image-8568\" src=\"https:\/\/renatodias.online\/movimento\/wp-content\/uploads\/2021\/08\/Caricatura-de-Joe-Biden-147x300.jpg\" alt=\"\" width=\"147\" height=\"300\" \/><figcaption id=\"caption-attachment-8568\" class=\"wp-caption-text\"><strong>Joe Biden<\/strong><\/figcaption><\/figure>\n<p>Intelectual de linhagem marxista, defende a retirada imediata das tropas da R\u00fassia, o estabelecimento de negocia\u00e7\u00f5es, a celebra\u00e7\u00e3o de um acordo de paz com conten\u00e7\u00e3o da Otan. Organiza\u00e7\u00e3o criada no ano de 1949.<\/p>\n<figure id=\"attachment_5301\" aria-describedby=\"caption-attachment-5301\" style=\"width: 248px\" class=\"wp-caption alignnone\"><img loading=\"lazy\" decoding=\"async\" class=\"wp-image-5301 size-medium\" src=\"https:\/\/renatodias.online\/movimento\/wp-content\/uploads\/2021\/03\/Caricatura-de-Karl-Marx-248x300.png\" alt=\"\" width=\"248\" height=\"300\" srcset=\"https:\/\/renatodias.online\/movimento\/wp-content\/uploads\/2021\/03\/Caricatura-de-Karl-Marx-248x300.png 248w, https:\/\/renatodias.online\/movimento\/wp-content\/uploads\/2021\/03\/Caricatura-de-Karl-Marx.png 300w\" sizes=\"auto, (max-width: 248px) 100vw, 248px\" \/><figcaption id=\"caption-attachment-5301\" class=\"wp-caption-text\"><strong>Karl Marx<\/strong><\/figcaption><\/figure>\n<p><strong>\u00a0<\/strong><span style=\"color: #0000ff;\"><strong>Jean-Luc M\u00e9lenchon condena guerra, veta san\u00e7\u00f5es, prop\u00f5e Assembleia Constituinte para refundar a VI Rep\u00fablica<\/strong><\/span><\/p>\n<p style=\"text-align: right;\"><span style=\"color: #ff0000;\"><strong>Markus Sokol<\/strong><\/span><\/p>\n<p><img loading=\"lazy\" decoding=\"async\" class=\"aligncenter wp-image-11751 size-full\" src=\"https:\/\/renatodias.online\/movimento\/wp-content\/uploads\/2022\/04\/Diario-da-Franca-1.jpg\" alt=\"\" width=\"1131\" height=\"1600\" srcset=\"https:\/\/renatodias.online\/movimento\/wp-content\/uploads\/2022\/04\/Diario-da-Franca-1.jpg 1131w, https:\/\/renatodias.online\/movimento\/wp-content\/uploads\/2022\/04\/Diario-da-Franca-1-212x300.jpg 212w, https:\/\/renatodias.online\/movimento\/wp-content\/uploads\/2022\/04\/Diario-da-Franca-1-724x1024.jpg 724w, https:\/\/renatodias.online\/movimento\/wp-content\/uploads\/2022\/04\/Diario-da-Franca-1-768x1086.jpg 768w, https:\/\/renatodias.online\/movimento\/wp-content\/uploads\/2022\/04\/Diario-da-Franca-1-1086x1536.jpg 1086w, https:\/\/renatodias.online\/movimento\/wp-content\/uploads\/2022\/04\/Diario-da-Franca-1-750x1061.jpg 750w\" sizes=\"auto, (max-width: 1131px) 100vw, 1131px\" \/><\/p>\n<p>Observador do PT, Brasil, nas elei\u00e7\u00f5es neste domingo, 10 de abril, Markus Sokol diz que Jean-Luc M\u00e9lenchon condena a guerra, veta as san\u00e7\u00f5es e prop\u00f5e uma Assembleia Constituinte para refundar a VI Rep\u00fablica.<\/p>\n<p><img loading=\"lazy\" decoding=\"async\" class=\"alignnone wp-image-11752 size-full\" src=\"https:\/\/renatodias.online\/movimento\/wp-content\/uploads\/2022\/04\/Diario-da-Franca-2.jpg\" alt=\"\" width=\"1131\" height=\"1600\" srcset=\"https:\/\/renatodias.online\/movimento\/wp-content\/uploads\/2022\/04\/Diario-da-Franca-2.jpg 1131w, https:\/\/renatodias.online\/movimento\/wp-content\/uploads\/2022\/04\/Diario-da-Franca-2-212x300.jpg 212w, https:\/\/renatodias.online\/movimento\/wp-content\/uploads\/2022\/04\/Diario-da-Franca-2-724x1024.jpg 724w, https:\/\/renatodias.online\/movimento\/wp-content\/uploads\/2022\/04\/Diario-da-Franca-2-768x1086.jpg 768w, https:\/\/renatodias.online\/movimento\/wp-content\/uploads\/2022\/04\/Diario-da-Franca-2-1086x1536.jpg 1086w, https:\/\/renatodias.online\/movimento\/wp-content\/uploads\/2022\/04\/Diario-da-Franca-2-750x1061.jpg 750w\" sizes=\"auto, (max-width: 1131px) 100vw, 1131px\" \/><\/p>\n<blockquote>\n<h1><span style=\"color: #0000ff;\"><strong>Jair Messias Bolsonaro \u00e9 produto da latrina das institui\u00e7\u00f5es<\/strong><\/span><\/h1>\n<\/blockquote>\n<p style=\"text-align: right;\"><span style=\"color: #ff0000;\"><strong>Markus Sokol<\/strong><\/span><\/p>\n<figure id=\"attachment_6290\" aria-describedby=\"caption-attachment-6290\" style=\"width: 300px\" class=\"wp-caption alignnone\"><img loading=\"lazy\" decoding=\"async\" class=\"size-medium wp-image-6290\" src=\"https:\/\/renatodias.online\/movimento\/wp-content\/uploads\/2021\/04\/Jair-Bolsonaro-_-3-300x159.jpeg\" alt=\"\" width=\"300\" height=\"159\" \/><figcaption id=\"caption-attachment-6290\" class=\"wp-caption-text\"><strong>Jair Bolsonaro<\/strong><\/figcaption><\/figure>\n<p>Trotskista, o l\u00edder socialista recomenda uma Assembleia Nacional Constituinte. Jair Messias Bolsonaro \u00e9 produto da latrina das institui\u00e7\u00f5es, ataca. 118 emendas \u00e0 Carta Magna reduziram direitos, atira.<\/p>\n<p><img loading=\"lazy\" decoding=\"async\" class=\"alignnone wp-image-11596 size-thumbnail\" src=\"https:\/\/renatodias.online\/movimento\/wp-content\/uploads\/2022\/03\/Leon-Trotski-Pinterest-150x150.jpg\" alt=\"\" width=\"150\" height=\"150\" \/><\/p>\n<blockquote>\n<h1><span style=\"color: #0000ff;\"><strong>N\u00e3o h\u00e1 coes\u00e3o nas For\u00e7as Armadas para melar o resultado das elei\u00e7\u00f5es de 2022<\/strong><\/span><\/h1>\n<\/blockquote>\n<p style=\"text-align: right;\"><span style=\"color: #ff0000;\"><strong>Markus Sokol<\/strong><\/span><\/p>\n<p>N\u00e3o h\u00e1 coes\u00e3o nas For\u00e7as Armadas para tentar melar o resultado das elei\u00e7\u00f5es de outubro de 2022, acredita. O que existe \u00e9 uma turba longe de controlar as ruas, invadir sindicatos e matar os opositores, fuzila.<\/p>\n<p><iframe loading=\"lazy\" title=\"Markus Sokol no programa &quot;Di\u00e1logos&quot;, com Mario Sergio Conti\" width=\"960\" height=\"540\" src=\"https:\/\/www.youtube.com\/embed\/TNXadgwwn-4?feature=oembed\" frameborder=\"0\" allow=\"accelerometer; autoplay; clipboard-write; encrypted-media; gyroscope; picture-in-picture; web-share\" referrerpolicy=\"strict-origin-when-cross-origin\" allowfullscreen><\/iframe><\/p>\n<p>&nbsp;<\/p>\n","protected":false},"excerpt":{"rendered":"<p>\u00a0An\u00e1lise de polon\u00eas radicado no Brasil \u00a0 Markus Sokol v\u00ea as elei\u00e7\u00f5es na Fran\u00e7a \u00a0N\u00e3o h\u00e1 coes\u00e3o nas For\u00e7as Armadas, no Brasil, diz &nbsp; Renato Dias A guerra \u00e9 b\u00e1rbara. Assim define &#8211; a o polon\u00eas radicado no Brasil, Markus Sokol, economista. A mulher \u00e9 quem mais sofre em um conflito, admite. A sua refer\u00eancia<\/p>\n","protected":false},"author":2,"featured_media":11615,"comment_status":"open","ping_status":"open","sticky":false,"template":"","format":"standard","meta":{"_acf_changed":false,"_monsterinsights_skip_tracking":false,"_monsterinsights_sitenote_active":false,"_monsterinsights_sitenote_note":"","_monsterinsights_sitenote_category":0,"footnotes":""},"categories":[36],"tags":[],"class_list":["post-11750","post","type-post","status-publish","format-standard","has-post-thumbnail","hentry","category-internacional"],"acf":[],"yoast_head":"<!-- This site is optimized with the Yoast SEO plugin v27.4 - https:\/\/yoast.com\/product\/yoast-seo-wordpress\/ -->\n<title>R\u00fassia e Ucr\u00e2nia: guerra \u00e9 b\u00e1rbara -<\/title>\n<meta name=\"robots\" content=\"index, follow, max-snippet:-1, max-image-preview:large, max-video-preview:-1\" \/>\n<link rel=\"canonical\" href=\"https:\/\/renatodias.online\/movimento\/2022\/04\/09\/russia-e-ucrania-guerra-e-barbara\/\" \/>\n<meta property=\"og:locale\" content=\"pt_BR\" \/>\n<meta property=\"og:type\" content=\"article\" \/>\n<meta property=\"og:title\" content=\"R\u00fassia e Ucr\u00e2nia: guerra \u00e9 b\u00e1rbara -\" \/>\n<meta property=\"og:description\" content=\"\u00a0An\u00e1lise de polon\u00eas radicado no Brasil \u00a0 Markus Sokol v\u00ea as elei\u00e7\u00f5es na Fran\u00e7a \u00a0N\u00e3o h\u00e1 coes\u00e3o nas For\u00e7as Armadas, no Brasil, diz &nbsp; Renato Dias A guerra \u00e9 b\u00e1rbara. Assim define &#8211; a o polon\u00eas radicado no Brasil, Markus Sokol, economista. A mulher \u00e9 quem mais sofre em um conflito, admite. A sua refer\u00eancia\" \/>\n<meta property=\"og:url\" content=\"https:\/\/renatodias.online\/movimento\/2022\/04\/09\/russia-e-ucrania-guerra-e-barbara\/\" \/>\n<meta property=\"article:publisher\" content=\"https:\/\/www.facebook.com\/renato.dias.37\" \/>\n<meta property=\"article:author\" content=\"https:\/\/www.facebook.com\/renato.dias.37\" \/>\n<meta property=\"article:published_time\" content=\"2022-04-10T02:01:15+00:00\" \/>\n<meta property=\"article:modified_time\" content=\"2022-04-10T02:02:25+00:00\" \/>\n<meta property=\"og:image\" content=\"https:\/\/renatodias.online\/movimento\/wp-content\/uploads\/2022\/03\/Markus-Sokol-_-Anistia-e1648776209268.jpg\" \/>\n\t<meta property=\"og:image:width\" content=\"360\" \/>\n\t<meta property=\"og:image:height\" content=\"239\" \/>\n\t<meta property=\"og:image:type\" content=\"image\/jpeg\" \/>\n<meta name=\"author\" content=\"Renato Dias\" \/>\n<meta name=\"twitter:card\" content=\"summary_large_image\" \/>\n<meta name=\"twitter:creator\" content=\"@RenatoDiasBat\" \/>\n<meta name=\"twitter:site\" content=\"@RenatoDiasBat\" \/>\n<meta name=\"twitter:label1\" content=\"Escrito por\" \/>\n\t<meta name=\"twitter:data1\" content=\"Renato Dias\" \/>\n\t<meta name=\"twitter:label2\" content=\"Est. tempo de leitura\" \/>\n\t<meta name=\"twitter:data2\" content=\"2 minutos\" \/>\n<script type=\"application\/ld+json\" class=\"yoast-schema-graph\">{\"@context\":\"https:\\\/\\\/schema.org\",\"@graph\":[{\"@type\":\"Article\",\"@id\":\"https:\\\/\\\/renatodias.online\\\/movimento\\\/2022\\\/04\\\/09\\\/russia-e-ucrania-guerra-e-barbara\\\/#article\",\"isPartOf\":{\"@id\":\"https:\\\/\\\/renatodias.online\\\/movimento\\\/2022\\\/04\\\/09\\\/russia-e-ucrania-guerra-e-barbara\\\/\"},\"author\":{\"name\":\"Renato Dias\",\"@id\":\"https:\\\/\\\/renatodias.online\\\/movimento\\\/#\\\/schema\\\/person\\\/bbab28833b1725a20f4083f49f1fb2a9\"},\"headline\":\"R\u00fassia e Ucr\u00e2nia: guerra \u00e9 b\u00e1rbara\",\"datePublished\":\"2022-04-10T02:01:15+00:00\",\"dateModified\":\"2022-04-10T02:02:25+00:00\",\"mainEntityOfPage\":{\"@id\":\"https:\\\/\\\/renatodias.online\\\/movimento\\\/2022\\\/04\\\/09\\\/russia-e-ucrania-guerra-e-barbara\\\/\"},\"wordCount\":377,\"commentCount\":0,\"publisher\":{\"@id\":\"https:\\\/\\\/renatodias.online\\\/movimento\\\/#\\\/schema\\\/person\\\/bbab28833b1725a20f4083f49f1fb2a9\"},\"image\":{\"@id\":\"https:\\\/\\\/renatodias.online\\\/movimento\\\/2022\\\/04\\\/09\\\/russia-e-ucrania-guerra-e-barbara\\\/#primaryimage\"},\"thumbnailUrl\":\"https:\\\/\\\/renatodias.online\\\/movimento\\\/wp-content\\\/uploads\\\/2022\\\/03\\\/Markus-Sokol-_-Anistia-e1648776209268.jpg\",\"articleSection\":[\"Internacional\"],\"inLanguage\":\"pt-BR\",\"potentialAction\":[{\"@type\":\"CommentAction\",\"name\":\"Comment\",\"target\":[\"https:\\\/\\\/renatodias.online\\\/movimento\\\/2022\\\/04\\\/09\\\/russia-e-ucrania-guerra-e-barbara\\\/#respond\"]}]},{\"@type\":\"WebPage\",\"@id\":\"https:\\\/\\\/renatodias.online\\\/movimento\\\/2022\\\/04\\\/09\\\/russia-e-ucrania-guerra-e-barbara\\\/\",\"url\":\"https:\\\/\\\/renatodias.online\\\/movimento\\\/2022\\\/04\\\/09\\\/russia-e-ucrania-guerra-e-barbara\\\/\",\"name\":\"R\u00fassia e Ucr\u00e2nia: guerra \u00e9 b\u00e1rbara -\",\"isPartOf\":{\"@id\":\"https:\\\/\\\/renatodias.online\\\/movimento\\\/#website\"},\"primaryImageOfPage\":{\"@id\":\"https:\\\/\\\/renatodias.online\\\/movimento\\\/2022\\\/04\\\/09\\\/russia-e-ucrania-guerra-e-barbara\\\/#primaryimage\"},\"image\":{\"@id\":\"https:\\\/\\\/renatodias.online\\\/movimento\\\/2022\\\/04\\\/09\\\/russia-e-ucrania-guerra-e-barbara\\\/#primaryimage\"},\"thumbnailUrl\":\"https:\\\/\\\/renatodias.online\\\/movimento\\\/wp-content\\\/uploads\\\/2022\\\/03\\\/Markus-Sokol-_-Anistia-e1648776209268.jpg\",\"datePublished\":\"2022-04-10T02:01:15+00:00\",\"dateModified\":\"2022-04-10T02:02:25+00:00\",\"breadcrumb\":{\"@id\":\"https:\\\/\\\/renatodias.online\\\/movimento\\\/2022\\\/04\\\/09\\\/russia-e-ucrania-guerra-e-barbara\\\/#breadcrumb\"},\"inLanguage\":\"pt-BR\",\"potentialAction\":[{\"@type\":\"ReadAction\",\"target\":[\"https:\\\/\\\/renatodias.online\\\/movimento\\\/2022\\\/04\\\/09\\\/russia-e-ucrania-guerra-e-barbara\\\/\"]}]},{\"@type\":\"ImageObject\",\"inLanguage\":\"pt-BR\",\"@id\":\"https:\\\/\\\/renatodias.online\\\/movimento\\\/2022\\\/04\\\/09\\\/russia-e-ucrania-guerra-e-barbara\\\/#primaryimage\",\"url\":\"https:\\\/\\\/renatodias.online\\\/movimento\\\/wp-content\\\/uploads\\\/2022\\\/03\\\/Markus-Sokol-_-Anistia-e1648776209268.jpg\",\"contentUrl\":\"https:\\\/\\\/renatodias.online\\\/movimento\\\/wp-content\\\/uploads\\\/2022\\\/03\\\/Markus-Sokol-_-Anistia-e1648776209268.jpg\",\"width\":360,\"height\":239,\"caption\":\"Markus Sokol\"},{\"@type\":\"BreadcrumbList\",\"@id\":\"https:\\\/\\\/renatodias.online\\\/movimento\\\/2022\\\/04\\\/09\\\/russia-e-ucrania-guerra-e-barbara\\\/#breadcrumb\",\"itemListElement\":[{\"@type\":\"ListItem\",\"position\":1,\"name\":\"In\u00edcio\",\"item\":\"https:\\\/\\\/renatodias.online\\\/movimento\\\/\"},{\"@type\":\"ListItem\",\"position\":2,\"name\":\"R\u00fassia e Ucr\u00e2nia: guerra \u00e9 b\u00e1rbara\"}]},{\"@type\":\"WebSite\",\"@id\":\"https:\\\/\\\/renatodias.online\\\/movimento\\\/#website\",\"url\":\"https:\\\/\\\/renatodias.online\\\/movimento\\\/\",\"name\":\"\",\"description\":\"\",\"publisher\":{\"@id\":\"https:\\\/\\\/renatodias.online\\\/movimento\\\/#\\\/schema\\\/person\\\/bbab28833b1725a20f4083f49f1fb2a9\"},\"potentialAction\":[{\"@type\":\"SearchAction\",\"target\":{\"@type\":\"EntryPoint\",\"urlTemplate\":\"https:\\\/\\\/renatodias.online\\\/movimento\\\/?s={search_term_string}\"},\"query-input\":{\"@type\":\"PropertyValueSpecification\",\"valueRequired\":true,\"valueName\":\"search_term_string\"}}],\"inLanguage\":\"pt-BR\"},{\"@type\":[\"Person\",\"Organization\"],\"@id\":\"https:\\\/\\\/renatodias.online\\\/movimento\\\/#\\\/schema\\\/person\\\/bbab28833b1725a20f4083f49f1fb2a9\",\"name\":\"Renato Dias\",\"image\":{\"@type\":\"ImageObject\",\"inLanguage\":\"pt-BR\",\"@id\":\"https:\\\/\\\/renatodias.online\\\/movimento\\\/wp-content\\\/uploads\\\/2023\\\/03\\\/cropped-cropped-cropped-logofinal.jpeg\",\"url\":\"https:\\\/\\\/renatodias.online\\\/movimento\\\/wp-content\\\/uploads\\\/2023\\\/03\\\/cropped-cropped-cropped-logofinal.jpeg\",\"contentUrl\":\"https:\\\/\\\/renatodias.online\\\/movimento\\\/wp-content\\\/uploads\\\/2023\\\/03\\\/cropped-cropped-cropped-logofinal.jpeg\",\"width\":1280,\"height\":219,\"caption\":\"Renato Dias\"},\"logo\":{\"@id\":\"https:\\\/\\\/renatodias.online\\\/movimento\\\/wp-content\\\/uploads\\\/2023\\\/03\\\/cropped-cropped-cropped-logofinal.jpeg\"},\"description\":\"Renato Dias, 58 anos, \u00e9 graduado em Jornalismo, formado em Ci\u00eancias Sociais, com p\u00f3s-gradua\u00e7\u00e3o em Pol\u00edticas P\u00fablicas, mestre em Direito e Rela\u00e7\u00f5es Internacionais, ex-aluno extraordin\u00e1rio do Doutorado em Psicologia Social, ex-estudante do Curso de Psican\u00e1lise do Centro de Estudos Psicanal\u00edticos do Estado de Goi\u00e1s, ministrado pelo m\u00e9dico psiquiatra e psicanalista Daniel Em\u00eddio de Souza. \u00c9 autor de 30 livros-reportagem, oito document\u00e1rios, ganhou 30 pr\u00eamios e \u00e9 torcedor apaixonado do maior do Centro-Oeste, o Vila Nova Futebol Clube. Casado com Meirilane Dias, \u00e9 pai de Juliana Dias, jornalista; Daniel Dias, economista; e Maria Rosa Dias, estudante antifascista, socialista e trotskista.\u00a0Com tr\u00eas pets: Porquinho [Bull Dog Franc\u00eas], Dalila [Basset Hound] e Geleia [Basset Hound]. Al\u00e9m do eterno gato Tutuquinho, que virou estrela.\",\"sameAs\":[\"https:\\\/\\\/www.facebook.com\\\/renato.dias.37\",\"#breve\",\"https:\\\/\\\/renatodias.tumblr.com\\\/\"],\"url\":\"https:\\\/\\\/renatodias.online\\\/movimento\\\/author\\\/renatodias\\\/\"}]}<\/script>\n<!-- \/ Yoast SEO plugin. -->","yoast_head_json":{"title":"R\u00fassia e Ucr\u00e2nia: guerra \u00e9 b\u00e1rbara -","robots":{"index":"index","follow":"follow","max-snippet":"max-snippet:-1","max-image-preview":"max-image-preview:large","max-video-preview":"max-video-preview:-1"},"canonical":"https:\/\/renatodias.online\/movimento\/2022\/04\/09\/russia-e-ucrania-guerra-e-barbara\/","og_locale":"pt_BR","og_type":"article","og_title":"R\u00fassia e Ucr\u00e2nia: guerra \u00e9 b\u00e1rbara -","og_description":"\u00a0An\u00e1lise de polon\u00eas radicado no Brasil \u00a0 Markus Sokol v\u00ea as elei\u00e7\u00f5es na Fran\u00e7a \u00a0N\u00e3o h\u00e1 coes\u00e3o nas For\u00e7as Armadas, no Brasil, diz &nbsp; Renato Dias A guerra \u00e9 b\u00e1rbara. Assim define &#8211; a o polon\u00eas radicado no Brasil, Markus Sokol, economista. A mulher \u00e9 quem mais sofre em um conflito, admite. A sua refer\u00eancia","og_url":"https:\/\/renatodias.online\/movimento\/2022\/04\/09\/russia-e-ucrania-guerra-e-barbara\/","article_publisher":"https:\/\/www.facebook.com\/renato.dias.37","article_author":"https:\/\/www.facebook.com\/renato.dias.37","article_published_time":"2022-04-10T02:01:15+00:00","article_modified_time":"2022-04-10T02:02:25+00:00","og_image":[{"width":360,"height":239,"url":"https:\/\/renatodias.online\/movimento\/wp-content\/uploads\/2022\/03\/Markus-Sokol-_-Anistia-e1648776209268.jpg","type":"image\/jpeg"}],"author":"Renato Dias","twitter_card":"summary_large_image","twitter_creator":"@RenatoDiasBat","twitter_site":"@RenatoDiasBat","twitter_misc":{"Escrito por":"Renato Dias","Est. tempo de leitura":"2 minutos"},"schema":{"@context":"https:\/\/schema.org","@graph":[{"@type":"Article","@id":"https:\/\/renatodias.online\/movimento\/2022\/04\/09\/russia-e-ucrania-guerra-e-barbara\/#article","isPartOf":{"@id":"https:\/\/renatodias.online\/movimento\/2022\/04\/09\/russia-e-ucrania-guerra-e-barbara\/"},"author":{"name":"Renato Dias","@id":"https:\/\/renatodias.online\/movimento\/#\/schema\/person\/bbab28833b1725a20f4083f49f1fb2a9"},"headline":"R\u00fassia e Ucr\u00e2nia: guerra \u00e9 b\u00e1rbara","datePublished":"2022-04-10T02:01:15+00:00","dateModified":"2022-04-10T02:02:25+00:00","mainEntityOfPage":{"@id":"https:\/\/renatodias.online\/movimento\/2022\/04\/09\/russia-e-ucrania-guerra-e-barbara\/"},"wordCount":377,"commentCount":0,"publisher":{"@id":"https:\/\/renatodias.online\/movimento\/#\/schema\/person\/bbab28833b1725a20f4083f49f1fb2a9"},"image":{"@id":"https:\/\/renatodias.online\/movimento\/2022\/04\/09\/russia-e-ucrania-guerra-e-barbara\/#primaryimage"},"thumbnailUrl":"https:\/\/renatodias.online\/movimento\/wp-content\/uploads\/2022\/03\/Markus-Sokol-_-Anistia-e1648776209268.jpg","articleSection":["Internacional"],"inLanguage":"pt-BR","potentialAction":[{"@type":"CommentAction","name":"Comment","target":["https:\/\/renatodias.online\/movimento\/2022\/04\/09\/russia-e-ucrania-guerra-e-barbara\/#respond"]}]},{"@type":"WebPage","@id":"https:\/\/renatodias.online\/movimento\/2022\/04\/09\/russia-e-ucrania-guerra-e-barbara\/","url":"https:\/\/renatodias.online\/movimento\/2022\/04\/09\/russia-e-ucrania-guerra-e-barbara\/","name":"R\u00fassia e Ucr\u00e2nia: guerra \u00e9 b\u00e1rbara -","isPartOf":{"@id":"https:\/\/renatodias.online\/movimento\/#website"},"primaryImageOfPage":{"@id":"https:\/\/renatodias.online\/movimento\/2022\/04\/09\/russia-e-ucrania-guerra-e-barbara\/#primaryimage"},"image":{"@id":"https:\/\/renatodias.online\/movimento\/2022\/04\/09\/russia-e-ucrania-guerra-e-barbara\/#primaryimage"},"thumbnailUrl":"https:\/\/renatodias.online\/movimento\/wp-content\/uploads\/2022\/03\/Markus-Sokol-_-Anistia-e1648776209268.jpg","datePublished":"2022-04-10T02:01:15+00:00","dateModified":"2022-04-10T02:02:25+00:00","breadcrumb":{"@id":"https:\/\/renatodias.online\/movimento\/2022\/04\/09\/russia-e-ucrania-guerra-e-barbara\/#breadcrumb"},"inLanguage":"pt-BR","potentialAction":[{"@type":"ReadAction","target":["https:\/\/renatodias.online\/movimento\/2022\/04\/09\/russia-e-ucrania-guerra-e-barbara\/"]}]},{"@type":"ImageObject","inLanguage":"pt-BR","@id":"https:\/\/renatodias.online\/movimento\/2022\/04\/09\/russia-e-ucrania-guerra-e-barbara\/#primaryimage","url":"https:\/\/renatodias.online\/movimento\/wp-content\/uploads\/2022\/03\/Markus-Sokol-_-Anistia-e1648776209268.jpg","contentUrl":"https:\/\/renatodias.online\/movimento\/wp-content\/uploads\/2022\/03\/Markus-Sokol-_-Anistia-e1648776209268.jpg","width":360,"height":239,"caption":"Markus Sokol"},{"@type":"BreadcrumbList","@id":"https:\/\/renatodias.online\/movimento\/2022\/04\/09\/russia-e-ucrania-guerra-e-barbara\/#breadcrumb","itemListElement":[{"@type":"ListItem","position":1,"name":"In\u00edcio","item":"https:\/\/renatodias.online\/movimento\/"},{"@type":"ListItem","position":2,"name":"R\u00fassia e Ucr\u00e2nia: guerra \u00e9 b\u00e1rbara"}]},{"@type":"WebSite","@id":"https:\/\/renatodias.online\/movimento\/#website","url":"https:\/\/renatodias.online\/movimento\/","name":"","description":"","publisher":{"@id":"https:\/\/renatodias.online\/movimento\/#\/schema\/person\/bbab28833b1725a20f4083f49f1fb2a9"},"potentialAction":[{"@type":"SearchAction","target":{"@type":"EntryPoint","urlTemplate":"https:\/\/renatodias.online\/movimento\/?s={search_term_string}"},"query-input":{"@type":"PropertyValueSpecification","valueRequired":true,"valueName":"search_term_string"}}],"inLanguage":"pt-BR"},{"@type":["Person","Organization"],"@id":"https:\/\/renatodias.online\/movimento\/#\/schema\/person\/bbab28833b1725a20f4083f49f1fb2a9","name":"Renato Dias","image":{"@type":"ImageObject","inLanguage":"pt-BR","@id":"https:\/\/renatodias.online\/movimento\/wp-content\/uploads\/2023\/03\/cropped-cropped-cropped-logofinal.jpeg","url":"https:\/\/renatodias.online\/movimento\/wp-content\/uploads\/2023\/03\/cropped-cropped-cropped-logofinal.jpeg","contentUrl":"https:\/\/renatodias.online\/movimento\/wp-content\/uploads\/2023\/03\/cropped-cropped-cropped-logofinal.jpeg","width":1280,"height":219,"caption":"Renato Dias"},"logo":{"@id":"https:\/\/renatodias.online\/movimento\/wp-content\/uploads\/2023\/03\/cropped-cropped-cropped-logofinal.jpeg"},"description":"Renato Dias, 58 anos, \u00e9 graduado em Jornalismo, formado em Ci\u00eancias Sociais, com p\u00f3s-gradua\u00e7\u00e3o em Pol\u00edticas P\u00fablicas, mestre em Direito e Rela\u00e7\u00f5es Internacionais, ex-aluno extraordin\u00e1rio do Doutorado em Psicologia Social, ex-estudante do Curso de Psican\u00e1lise do Centro de Estudos Psicanal\u00edticos do Estado de Goi\u00e1s, ministrado pelo m\u00e9dico psiquiatra e psicanalista Daniel Em\u00eddio de Souza. \u00c9 autor de 30 livros-reportagem, oito document\u00e1rios, ganhou 30 pr\u00eamios e \u00e9 torcedor apaixonado do maior do Centro-Oeste, o Vila Nova Futebol Clube. Casado com Meirilane Dias, \u00e9 pai de Juliana Dias, jornalista; Daniel Dias, economista; e Maria Rosa Dias, estudante antifascista, socialista e trotskista.\u00a0Com tr\u00eas pets: Porquinho [Bull Dog Franc\u00eas], Dalila [Basset Hound] e Geleia [Basset Hound]. Al\u00e9m do eterno gato Tutuquinho, que virou estrela.","sameAs":["https:\/\/www.facebook.com\/renato.dias.37","#breve","https:\/\/renatodias.tumblr.com\/"],"url":"https:\/\/renatodias.online\/movimento\/author\/renatodias\/"}]}},"_links":{"self":[{"href":"https:\/\/renatodias.online\/movimento\/wp-json\/wp\/v2\/posts\/11750","targetHints":{"allow":["GET"]}}],"collection":[{"href":"https:\/\/renatodias.online\/movimento\/wp-json\/wp\/v2\/posts"}],"about":[{"href":"https:\/\/renatodias.online\/movimento\/wp-json\/wp\/v2\/types\/post"}],"author":[{"embeddable":true,"href":"https:\/\/renatodias.online\/movimento\/wp-json\/wp\/v2\/users\/2"}],"replies":[{"embeddable":true,"href":"https:\/\/renatodias.online\/movimento\/wp-json\/wp\/v2\/comments?post=11750"}],"version-history":[{"count":2,"href":"https:\/\/renatodias.online\/movimento\/wp-json\/wp\/v2\/posts\/11750\/revisions"}],"predecessor-version":[{"id":11754,"href":"https:\/\/renatodias.online\/movimento\/wp-json\/wp\/v2\/posts\/11750\/revisions\/11754"}],"wp:featuredmedia":[{"embeddable":true,"href":"https:\/\/renatodias.online\/movimento\/wp-json\/wp\/v2\/media\/11615"}],"wp:attachment":[{"href":"https:\/\/renatodias.online\/movimento\/wp-json\/wp\/v2\/media?parent=11750"}],"wp:term":[{"taxonomy":"category","embeddable":true,"href":"https:\/\/renatodias.online\/movimento\/wp-json\/wp\/v2\/categories?post=11750"},{"taxonomy":"post_tag","embeddable":true,"href":"https:\/\/renatodias.online\/movimento\/wp-json\/wp\/v2\/tags?post=11750"}],"curies":[{"name":"wp","href":"https:\/\/api.w.org\/{rel}","templated":true}]}}