{"id":11646,"date":"2022-04-02T23:26:04","date_gmt":"2022-04-03T02:26:04","guid":{"rendered":"https:\/\/renatodias.online\/movimento\/?p=11646"},"modified":"2022-04-02T23:26:04","modified_gmt":"2022-04-03T02:26:04","slug":"evangelho-da-corrupcao","status":"publish","type":"post","link":"https:\/\/renatodias.online\/movimento\/2022\/04\/02\/evangelho-da-corrupcao\/","title":{"rendered":"Evangelho da corrup\u00e7\u00e3o"},"content":{"rendered":"<figure id=\"attachment_11648\" aria-describedby=\"caption-attachment-11648\" style=\"width: 1140px\" class=\"wp-caption alignnone\"><img loading=\"lazy\" decoding=\"async\" class=\"wp-image-11648 size-large\" src=\"https:\/\/renatodias.online\/movimento\/wp-content\/uploads\/2022\/04\/Milton-Ribeiro-Poder-360-1536x1024.jpeg\" alt=\"\" width=\"1140\" height=\"760\" srcset=\"https:\/\/renatodias.online\/movimento\/wp-content\/uploads\/2022\/04\/Milton-Ribeiro-Poder-360-1536x1024.jpeg 1536w, https:\/\/renatodias.online\/movimento\/wp-content\/uploads\/2022\/04\/Milton-Ribeiro-Poder-360-300x200.jpeg 300w, https:\/\/renatodias.online\/movimento\/wp-content\/uploads\/2022\/04\/Milton-Ribeiro-Poder-360-768x512.jpeg 768w, https:\/\/renatodias.online\/movimento\/wp-content\/uploads\/2022\/04\/Milton-Ribeiro-Poder-360-2048x1366.jpeg 2048w, https:\/\/renatodias.online\/movimento\/wp-content\/uploads\/2022\/04\/Milton-Ribeiro-Poder-360-360x240.jpeg 360w, https:\/\/renatodias.online\/movimento\/wp-content\/uploads\/2022\/04\/Milton-Ribeiro-Poder-360-750x500.jpeg 750w\" sizes=\"auto, (max-width: 1140px) 100vw, 1140px\" \/><figcaption id=\"caption-attachment-11648\" class=\"wp-caption-text\"><strong>Milton Ribeiro<\/strong><\/figcaption><\/figure>\n<h1 style=\"text-align: center;\"><span style=\"color: #0000ff;\"><strong>Evangelho da corrup\u00e7\u00e3o<\/strong><\/span><\/h1>\n<p><img loading=\"lazy\" decoding=\"async\" class=\"wp-image-11649 size-full aligncenter\" src=\"https:\/\/renatodias.online\/movimento\/wp-content\/uploads\/2022\/04\/Artigo-de-Opiniao.jpg\" alt=\"\" width=\"600\" height=\"315\" \/><\/p>\n<p style=\"text-align: center;\"><span style=\"color: #0000ff;\"><strong>M\u00e1rcio Santilli<\/strong><\/span><\/p>\n<p style=\"text-align: center;\"><span style=\"color: #0000ff;\"><strong>Especial para o<\/strong><\/span><\/p>\n<p style=\"text-align: center;\"><span style=\"color: #0000ff;\"><strong>Portal de Not\u00edcias<\/strong><\/span><\/p>\n<p style=\"text-align: center;\"><span style=\"color: #0000ff;\"><strong><a style=\"color: #0000ff;\" href=\"http:\/\/www.renatodias.online\">www.renatodias.online<\/a><\/strong><\/span><\/p>\n<p>J\u00e1 estourou o esquema de corrup\u00e7\u00e3o que se apropria do Fundo Nacional de Educa\u00e7\u00e3o [FNDE] para enriquecer supostos pastores evang\u00e9licos que recebem gordas propinas para liberar recursos para as prefeituras. A quadrilha envolveu o ex-ministro da Educa\u00e7\u00e3o Milton Ribeiro que est\u00e1 sob investiga\u00e7\u00e3o no \u00e2mbito do Supremo Tribunal Federal (STF), gestores do FNDE indicados pelo Partido Progressista [PP]. Al\u00e9m dos \u201cpastores\u201d Gilmar Silva dos Santos, presidente da Conven\u00e7\u00e3o Nacional de Igrejas e Ministros das Assembleias de Deus no Brasil [CGADB], e Arilton Moura, assessor de Assuntos Pol\u00edticos da CGADB. Eles n\u00e3o t\u00eam cargos no MEC, mas participavam, com frequ\u00eancia, das agendas de Milton Ribeiro. O que levou \u00e0 sua queda.<\/p>\n<figure id=\"attachment_11650\" aria-describedby=\"caption-attachment-11650\" style=\"width: 1280px\" class=\"wp-caption alignnone\"><img loading=\"lazy\" decoding=\"async\" class=\"wp-image-11650 size-full\" src=\"https:\/\/renatodias.online\/movimento\/wp-content\/uploads\/2022\/04\/Edir-Macedo-especial.jpg\" alt=\"\" width=\"1280\" height=\"720\" \/><figcaption id=\"caption-attachment-11650\" class=\"wp-caption-text\"><strong>Edir Macedo<\/strong><\/figcaption><\/figure>\n<p>N\u00e3o \u00e9 o primeiro esc\u00e2ndalo que envolve rela\u00e7\u00f5es entre supostos evang\u00e9licos e Jair Bolsonaro. A Igreja Universal do Reino de Deus, liderada pelo bispo brasileiro Edir Macedo, levou ilegalmente de Angola para a \u00c1frica do Sul, a cada tr\u00eas meses, US$ 30 milh\u00f5es, segundo den\u00fancias de bispos angolanos \u00e0s autoridades do pa\u00eds. Os valores chegam a US$ 120 milh\u00f5es por ano. O pastor e ex-diretor da TV Record \u00c1frica, Fernando Henriques Teixeira, \u00e9 o respons\u00e1vel direto pelos desvios nos \u00faltimos 11 anos. A Igreja Universal, que domina o Republicanos [partido da base de sustenta\u00e7\u00e3o de Jair Bolsonaro], tentou impor o nome de Marcelo Crivela, genro de Edir Macedo, como embaixador do Brasil em Angola. A indica\u00e7\u00e3o foi recha\u00e7ada pelo governo angolano.<\/p>\n<figure id=\"attachment_11651\" aria-describedby=\"caption-attachment-11651\" style=\"width: 1024px\" class=\"wp-caption alignnone\"><img loading=\"lazy\" decoding=\"async\" class=\"wp-image-11651 size-full\" src=\"https:\/\/renatodias.online\/movimento\/wp-content\/uploads\/2022\/04\/Marcelo-Crivela-3.png\" alt=\"\" width=\"1024\" height=\"834\" srcset=\"https:\/\/renatodias.online\/movimento\/wp-content\/uploads\/2022\/04\/Marcelo-Crivela-3.png 1024w, https:\/\/renatodias.online\/movimento\/wp-content\/uploads\/2022\/04\/Marcelo-Crivela-3-300x244.png 300w, https:\/\/renatodias.online\/movimento\/wp-content\/uploads\/2022\/04\/Marcelo-Crivela-3-768x626.png 768w, https:\/\/renatodias.online\/movimento\/wp-content\/uploads\/2022\/04\/Marcelo-Crivela-3-750x611.png 750w\" sizes=\"auto, (max-width: 1024px) 100vw, 1024px\" \/><figcaption id=\"caption-attachment-11651\" class=\"wp-caption-text\"><strong>Marcelo Crivela<\/strong><\/figcaption><\/figure>\n<p>&nbsp;<\/p>\n<p>O\u00a0 reverendo Amilton Gomes de Paula, presidente \u201cmundial\u201d da Secretaria Nacional de Assuntos Humanit\u00e1rios [SENAH], protagonista de uma tentativa de intermediar a venda superfaturada de vacinas da Astrazeneca junto ao Minist\u00e9rio da Sa\u00fade, em conluio com a Davati Medical Supply, em plena pandemia. Ele contou com o apoio da primeira-dama, Michelle Bolsonaro, na \u201cobra\u201d frustrada ap\u00f3s den\u00fancia do deputado federal Lu\u00eds Miranda [DEM-DF] \u00e0 CPI da COVID, no Senado Federal. Antes de mais nada, \u00e9 preciso dizer que n\u00e3o se trata, aqui, dos evang\u00e9licos, nem das igrejas em geral. Mas daqueles que se tornaram ricos e poderosos manipulando a boa-f\u00e9 dos que creem no Evangelho. Dos que roubam dinheiro p\u00fablico por emendas secretas da bancada evang\u00e9lica. Dos que falam de Deus para servir ao dem\u00f4nio. O Evangelho de S\u00e3o Mateus diz: \u201cCuidado com os falsos profetas. Eles v\u00eam a voc\u00eas vestidos de peles de ovelhas, mas por dentro s\u00e3o lobos devoradores. Voc\u00eas os reconhecer\u00e3o por seus frutos. Pode algu\u00e9m colher uvas de um espinheiro ou figos de ervas daninhas? \u201d<\/p>\n<figure id=\"attachment_7798\" aria-describedby=\"caption-attachment-7798\" style=\"width: 1500px\" class=\"wp-caption alignnone\"><img loading=\"lazy\" decoding=\"async\" class=\"wp-image-7798 size-full\" src=\"https:\/\/renatodias.online\/movimento\/wp-content\/uploads\/2021\/07\/Silas-Malafaia-e-Jair-Bolsonaro.jpg\" alt=\"\" width=\"1500\" height=\"1000\" srcset=\"https:\/\/renatodias.online\/movimento\/wp-content\/uploads\/2021\/07\/Silas-Malafaia-e-Jair-Bolsonaro.jpg 1500w, https:\/\/renatodias.online\/movimento\/wp-content\/uploads\/2021\/07\/Silas-Malafaia-e-Jair-Bolsonaro-300x200.jpg 300w, https:\/\/renatodias.online\/movimento\/wp-content\/uploads\/2021\/07\/Silas-Malafaia-e-Jair-Bolsonaro-768x512.jpg 768w, https:\/\/renatodias.online\/movimento\/wp-content\/uploads\/2021\/07\/Silas-Malafaia-e-Jair-Bolsonaro-360x240.jpg 360w, https:\/\/renatodias.online\/movimento\/wp-content\/uploads\/2021\/07\/Silas-Malafaia-e-Jair-Bolsonaro-750x500.jpg 750w\" sizes=\"auto, (max-width: 1500px) 100vw, 1500px\" \/><figcaption id=\"caption-attachment-7798\" class=\"wp-caption-text\"><strong>Silas Malafaia e Jair Messias Bolsonaro<\/strong><\/figcaption><\/figure>\n<p>Talvez seja este o caso do pastor Silas Malafaia, presidente da Assembleia de Deus Vit\u00f3ria em Cristo, que mant\u00e9m destacada atua\u00e7\u00e3o pol\u00edtica. Por\u00e9m, o seu discurso \u00e9 de \u00f3dio e de agress\u00f5es chulas disparadas contra pessoas que ele julga pecaminosas. O seu Deus est\u00e1 expressamente ligado a uma \u201cteologia da prosperidade\u201d, na qual \u00e9 pr\u00f3digo e j\u00e1 acumula uma fortuna pessoal de mais de 150 milh\u00f5es de d\u00f3lares. Questionado sobre o esquema evang\u00e9lico no MEC, Malafaia, com vergonha, disse que a defesa do ministro \u00e9 fraca e pediu a quebra do sigilo dos pastores envolvidos. Pastores e igrejas que traem os ensinamentos de Cristo n\u00e3o s\u00e3o dignos dos verdadeiros evang\u00e9licos. Transformam o d\u00edzimo em um saque diab\u00f3lico. Tamb\u00e9m se l\u00ea em Mateus: \u201cNingu\u00e9m pode servir a dois senhores, porque ou odiar\u00e1 a um e amar\u00e1 o outro, ou dedicar-se-\u00e1 a um e desprezar\u00e1 o outro. N\u00e3o podeis servir a Deus e \u00e0 riqueza\u201d. Esse \u00e9 o caso dos Arilsons, dos Edires, dos Crivelas, dos Amiltons e de parasitas de m\u00e1-f\u00e9.<\/p>\n<p><img loading=\"lazy\" decoding=\"async\" class=\"size-medium wp-image-11491 aligncenter\" src=\"https:\/\/renatodias.online\/movimento\/wp-content\/uploads\/2022\/03\/100-reaisa-300x275.jpg\" alt=\"\" width=\"300\" height=\"275\" srcset=\"https:\/\/renatodias.online\/movimento\/wp-content\/uploads\/2022\/03\/100-reaisa-300x275.jpg 300w, https:\/\/renatodias.online\/movimento\/wp-content\/uploads\/2022\/03\/100-reaisa-1118x1024.jpg 1118w, https:\/\/renatodias.online\/movimento\/wp-content\/uploads\/2022\/03\/100-reaisa-768x703.jpg 768w, https:\/\/renatodias.online\/movimento\/wp-content\/uploads\/2022\/03\/100-reaisa-750x687.jpg 750w, https:\/\/renatodias.online\/movimento\/wp-content\/uploads\/2022\/03\/100-reaisa.jpg 1232w\" sizes=\"auto, (max-width: 300px) 100vw, 300px\" \/><\/p>\n<p>Grupos crist\u00e3os t\u00eam reagido \u00e0 corrup\u00e7\u00e3o e \u00e0 coliga\u00e7\u00e3o desses pastores com o governo. Um manifesto da Coaliz\u00e3o Evang\u00e9lica contra Jair Messias Bolsonaro afirma: \u201cO bolsonarismo cria uma religiosidade mentirosa que nada tem a ver com o verdadeiro Evangelho, causando pervers\u00e3o e idolatria cega, al\u00e9m de uma ignor\u00e2ncia negacionista, tanto da ci\u00eancia como dos ensinamentos libertadores e verdadeiros de Jesus Cristo\u201d. Por tudo isso, na opini\u00e3o de Ariovaldo Ramos, a credibilidade de Jair Bolsonaro entre os crist\u00e3os, e n\u00e3o apenas os evang\u00e9licos, n\u00e3o tem como ser recuperada.<\/p>\n<figure id=\"attachment_9900\" aria-describedby=\"caption-attachment-9900\" style=\"width: 290px\" class=\"wp-caption aligncenter\"><img loading=\"lazy\" decoding=\"async\" class=\"wp-image-9900 size-full\" src=\"https:\/\/renatodias.online\/movimento\/wp-content\/uploads\/2021\/11\/Dolares.jpg\" alt=\"\" width=\"290\" height=\"174\" \/><figcaption id=\"caption-attachment-9900\" class=\"wp-caption-text\"><strong>D\u00f3lares<\/strong><\/figcaption><\/figure>\n<p>O problema n\u00e3o se esgota em Jair Bolsonaro. O crescimento do movimento evang\u00e9lico no Brasil teve muito a ver com a eros\u00e3o da credibilidade da Igreja Cat\u00f3lica por conta do envolvimento de padres e bispos em pr\u00e1ticas anticrist\u00e3s, que v\u00e3o de pervers\u00f5es sexuais ao enriquecimento il\u00edcito. Hist\u00f3rico que ainda hoje perturba o Papa Francisco, n\u00e3o turvam os exemplos de vida que nos d\u00e3o cat\u00f3licos como Dom Pedro Casald\u00e1liga, que nos deixou em agosto de 2020. Na sua pluralidade e diversidade, sempre houve casos mais ou menos isolados de desvios envolvendo pessoas ou igrejas evang\u00e9licas. O que se v\u00ea agora \u00e9 uma avalanche de pervers\u00f5es ditas religiosas, sobrepostas \u00e0s rela\u00e7\u00f5es prom\u00edscuas com o governo federal. Resta ver at\u00e9 que ponto a situa\u00e7\u00e3o impactar\u00e1, ou n\u00e3o, o crescimento do evangelismo no Brasil.<\/p>\n<figure id=\"attachment_6611\" aria-describedby=\"caption-attachment-6611\" style=\"width: 1200px\" class=\"wp-caption alignnone\"><img loading=\"lazy\" decoding=\"async\" class=\"size-full wp-image-6611\" src=\"https:\/\/renatodias.online\/movimento\/wp-content\/uploads\/2021\/05\/Jair-Messias-Bolsonaro.jpg\" alt=\"\" width=\"1200\" height=\"1500\" \/><figcaption id=\"caption-attachment-6611\" class=\"wp-caption-text\"><strong>Jair Messias Bolsonaro<\/strong><\/figcaption><\/figure>\n","protected":false},"excerpt":{"rendered":"<p>Evangelho da corrup\u00e7\u00e3o M\u00e1rcio Santilli Especial para o Portal de Not\u00edcias www.renatodias.online J\u00e1 estourou o esquema de corrup\u00e7\u00e3o que se apropria do Fundo Nacional de Educa\u00e7\u00e3o [FNDE] para enriquecer supostos pastores evang\u00e9licos que recebem gordas propinas para liberar recursos para as prefeituras. A quadrilha envolveu o ex-ministro da Educa\u00e7\u00e3o Milton Ribeiro que est\u00e1 sob investiga\u00e7\u00e3o<\/p>\n","protected":false},"author":2,"featured_media":11647,"comment_status":"open","ping_status":"open","sticky":false,"template":"","format":"standard","meta":{"_acf_changed":false,"_monsterinsights_skip_tracking":false,"_monsterinsights_sitenote_active":false,"_monsterinsights_sitenote_note":"","_monsterinsights_sitenote_category":0,"footnotes":""},"categories":[4],"tags":[],"class_list":["post-11646","post","type-post","status-publish","format-standard","has-post-thumbnail","hentry","category-politica"],"acf":[],"yoast_head":"<!-- This site is optimized with the Yoast SEO plugin v27.4 - https:\/\/yoast.com\/product\/yoast-seo-wordpress\/ -->\n<title>Evangelho da corrup\u00e7\u00e3o -<\/title>\n<meta name=\"robots\" content=\"index, follow, max-snippet:-1, max-image-preview:large, max-video-preview:-1\" \/>\n<link rel=\"canonical\" href=\"https:\/\/renatodias.online\/movimento\/2022\/04\/02\/evangelho-da-corrupcao\/\" \/>\n<meta property=\"og:locale\" content=\"pt_BR\" \/>\n<meta property=\"og:type\" content=\"article\" \/>\n<meta property=\"og:title\" content=\"Evangelho da corrup\u00e7\u00e3o -\" \/>\n<meta property=\"og:description\" content=\"Evangelho da corrup\u00e7\u00e3o M\u00e1rcio Santilli Especial para o Portal de Not\u00edcias www.renatodias.online J\u00e1 estourou o esquema de corrup\u00e7\u00e3o que se apropria do Fundo Nacional de Educa\u00e7\u00e3o [FNDE] para enriquecer supostos pastores evang\u00e9licos que recebem gordas propinas para liberar recursos para as prefeituras. A quadrilha envolveu o ex-ministro da Educa\u00e7\u00e3o Milton Ribeiro que est\u00e1 sob investiga\u00e7\u00e3o\" \/>\n<meta property=\"og:url\" content=\"https:\/\/renatodias.online\/movimento\/2022\/04\/02\/evangelho-da-corrupcao\/\" \/>\n<meta property=\"article:publisher\" content=\"https:\/\/www.facebook.com\/renato.dias.37\" \/>\n<meta property=\"article:author\" content=\"https:\/\/www.facebook.com\/renato.dias.37\" \/>\n<meta property=\"article:published_time\" content=\"2022-04-03T02:26:04+00:00\" \/>\n<meta property=\"og:image\" content=\"https:\/\/renatodias.online\/movimento\/wp-content\/uploads\/2022\/04\/Marcio-Santilli-e1648952155903.png\" \/>\n\t<meta property=\"og:image:width\" content=\"360\" \/>\n\t<meta property=\"og:image:height\" content=\"360\" \/>\n\t<meta property=\"og:image:type\" content=\"image\/png\" \/>\n<meta name=\"author\" content=\"Renato Dias\" \/>\n<meta name=\"twitter:card\" content=\"summary_large_image\" \/>\n<meta name=\"twitter:creator\" content=\"@RenatoDiasBat\" \/>\n<meta name=\"twitter:site\" content=\"@RenatoDiasBat\" \/>\n<meta name=\"twitter:label1\" content=\"Escrito por\" \/>\n\t<meta name=\"twitter:data1\" content=\"Renato Dias\" \/>\n\t<meta name=\"twitter:label2\" content=\"Est. tempo de leitura\" \/>\n\t<meta name=\"twitter:data2\" content=\"5 minutos\" \/>\n<script type=\"application\/ld+json\" class=\"yoast-schema-graph\">{\"@context\":\"https:\\\/\\\/schema.org\",\"@graph\":[{\"@type\":\"Article\",\"@id\":\"https:\\\/\\\/renatodias.online\\\/movimento\\\/2022\\\/04\\\/02\\\/evangelho-da-corrupcao\\\/#article\",\"isPartOf\":{\"@id\":\"https:\\\/\\\/renatodias.online\\\/movimento\\\/2022\\\/04\\\/02\\\/evangelho-da-corrupcao\\\/\"},\"author\":{\"name\":\"Renato Dias\",\"@id\":\"https:\\\/\\\/renatodias.online\\\/movimento\\\/#\\\/schema\\\/person\\\/bbab28833b1725a20f4083f49f1fb2a9\"},\"headline\":\"Evangelho da corrup\u00e7\u00e3o\",\"datePublished\":\"2022-04-03T02:26:04+00:00\",\"mainEntityOfPage\":{\"@id\":\"https:\\\/\\\/renatodias.online\\\/movimento\\\/2022\\\/04\\\/02\\\/evangelho-da-corrupcao\\\/\"},\"wordCount\":946,\"commentCount\":0,\"publisher\":{\"@id\":\"https:\\\/\\\/renatodias.online\\\/movimento\\\/#\\\/schema\\\/person\\\/bbab28833b1725a20f4083f49f1fb2a9\"},\"image\":{\"@id\":\"https:\\\/\\\/renatodias.online\\\/movimento\\\/2022\\\/04\\\/02\\\/evangelho-da-corrupcao\\\/#primaryimage\"},\"thumbnailUrl\":\"https:\\\/\\\/renatodias.online\\\/movimento\\\/wp-content\\\/uploads\\\/2022\\\/04\\\/Marcio-Santilli-e1648952155903.png\",\"articleSection\":[\"Pol\u00edtica\"],\"inLanguage\":\"pt-BR\",\"potentialAction\":[{\"@type\":\"CommentAction\",\"name\":\"Comment\",\"target\":[\"https:\\\/\\\/renatodias.online\\\/movimento\\\/2022\\\/04\\\/02\\\/evangelho-da-corrupcao\\\/#respond\"]}]},{\"@type\":\"WebPage\",\"@id\":\"https:\\\/\\\/renatodias.online\\\/movimento\\\/2022\\\/04\\\/02\\\/evangelho-da-corrupcao\\\/\",\"url\":\"https:\\\/\\\/renatodias.online\\\/movimento\\\/2022\\\/04\\\/02\\\/evangelho-da-corrupcao\\\/\",\"name\":\"Evangelho da corrup\u00e7\u00e3o -\",\"isPartOf\":{\"@id\":\"https:\\\/\\\/renatodias.online\\\/movimento\\\/#website\"},\"primaryImageOfPage\":{\"@id\":\"https:\\\/\\\/renatodias.online\\\/movimento\\\/2022\\\/04\\\/02\\\/evangelho-da-corrupcao\\\/#primaryimage\"},\"image\":{\"@id\":\"https:\\\/\\\/renatodias.online\\\/movimento\\\/2022\\\/04\\\/02\\\/evangelho-da-corrupcao\\\/#primaryimage\"},\"thumbnailUrl\":\"https:\\\/\\\/renatodias.online\\\/movimento\\\/wp-content\\\/uploads\\\/2022\\\/04\\\/Marcio-Santilli-e1648952155903.png\",\"datePublished\":\"2022-04-03T02:26:04+00:00\",\"breadcrumb\":{\"@id\":\"https:\\\/\\\/renatodias.online\\\/movimento\\\/2022\\\/04\\\/02\\\/evangelho-da-corrupcao\\\/#breadcrumb\"},\"inLanguage\":\"pt-BR\",\"potentialAction\":[{\"@type\":\"ReadAction\",\"target\":[\"https:\\\/\\\/renatodias.online\\\/movimento\\\/2022\\\/04\\\/02\\\/evangelho-da-corrupcao\\\/\"]}]},{\"@type\":\"ImageObject\",\"inLanguage\":\"pt-BR\",\"@id\":\"https:\\\/\\\/renatodias.online\\\/movimento\\\/2022\\\/04\\\/02\\\/evangelho-da-corrupcao\\\/#primaryimage\",\"url\":\"https:\\\/\\\/renatodias.online\\\/movimento\\\/wp-content\\\/uploads\\\/2022\\\/04\\\/Marcio-Santilli-e1648952155903.png\",\"contentUrl\":\"https:\\\/\\\/renatodias.online\\\/movimento\\\/wp-content\\\/uploads\\\/2022\\\/04\\\/Marcio-Santilli-e1648952155903.png\",\"width\":360,\"height\":360,\"caption\":\"M\u00e1rcio Santilli\"},{\"@type\":\"BreadcrumbList\",\"@id\":\"https:\\\/\\\/renatodias.online\\\/movimento\\\/2022\\\/04\\\/02\\\/evangelho-da-corrupcao\\\/#breadcrumb\",\"itemListElement\":[{\"@type\":\"ListItem\",\"position\":1,\"name\":\"In\u00edcio\",\"item\":\"https:\\\/\\\/renatodias.online\\\/movimento\\\/\"},{\"@type\":\"ListItem\",\"position\":2,\"name\":\"Evangelho da corrup\u00e7\u00e3o\"}]},{\"@type\":\"WebSite\",\"@id\":\"https:\\\/\\\/renatodias.online\\\/movimento\\\/#website\",\"url\":\"https:\\\/\\\/renatodias.online\\\/movimento\\\/\",\"name\":\"\",\"description\":\"\",\"publisher\":{\"@id\":\"https:\\\/\\\/renatodias.online\\\/movimento\\\/#\\\/schema\\\/person\\\/bbab28833b1725a20f4083f49f1fb2a9\"},\"potentialAction\":[{\"@type\":\"SearchAction\",\"target\":{\"@type\":\"EntryPoint\",\"urlTemplate\":\"https:\\\/\\\/renatodias.online\\\/movimento\\\/?s={search_term_string}\"},\"query-input\":{\"@type\":\"PropertyValueSpecification\",\"valueRequired\":true,\"valueName\":\"search_term_string\"}}],\"inLanguage\":\"pt-BR\"},{\"@type\":[\"Person\",\"Organization\"],\"@id\":\"https:\\\/\\\/renatodias.online\\\/movimento\\\/#\\\/schema\\\/person\\\/bbab28833b1725a20f4083f49f1fb2a9\",\"name\":\"Renato Dias\",\"image\":{\"@type\":\"ImageObject\",\"inLanguage\":\"pt-BR\",\"@id\":\"https:\\\/\\\/renatodias.online\\\/movimento\\\/wp-content\\\/uploads\\\/2023\\\/03\\\/cropped-cropped-cropped-logofinal.jpeg\",\"url\":\"https:\\\/\\\/renatodias.online\\\/movimento\\\/wp-content\\\/uploads\\\/2023\\\/03\\\/cropped-cropped-cropped-logofinal.jpeg\",\"contentUrl\":\"https:\\\/\\\/renatodias.online\\\/movimento\\\/wp-content\\\/uploads\\\/2023\\\/03\\\/cropped-cropped-cropped-logofinal.jpeg\",\"width\":1280,\"height\":219,\"caption\":\"Renato Dias\"},\"logo\":{\"@id\":\"https:\\\/\\\/renatodias.online\\\/movimento\\\/wp-content\\\/uploads\\\/2023\\\/03\\\/cropped-cropped-cropped-logofinal.jpeg\"},\"description\":\"Renato Dias, 58 anos, \u00e9 graduado em Jornalismo, formado em Ci\u00eancias Sociais, com p\u00f3s-gradua\u00e7\u00e3o em Pol\u00edticas P\u00fablicas, mestre em Direito e Rela\u00e7\u00f5es Internacionais, ex-aluno extraordin\u00e1rio do Doutorado em Psicologia Social, ex-estudante do Curso de Psican\u00e1lise do Centro de Estudos Psicanal\u00edticos do Estado de Goi\u00e1s, ministrado pelo m\u00e9dico psiquiatra e psicanalista Daniel Em\u00eddio de Souza. \u00c9 autor de 30 livros-reportagem, oito document\u00e1rios, ganhou 30 pr\u00eamios e \u00e9 torcedor apaixonado do maior do Centro-Oeste, o Vila Nova Futebol Clube. Casado com Meirilane Dias, \u00e9 pai de Juliana Dias, jornalista; Daniel Dias, economista; e Maria Rosa Dias, estudante antifascista, socialista e trotskista.\u00a0Com tr\u00eas pets: Porquinho [Bull Dog Franc\u00eas], Dalila [Basset Hound] e Geleia [Basset Hound]. Al\u00e9m do eterno gato Tutuquinho, que virou estrela.\",\"sameAs\":[\"https:\\\/\\\/www.facebook.com\\\/renato.dias.37\",\"#breve\",\"https:\\\/\\\/renatodias.tumblr.com\\\/\"],\"url\":\"https:\\\/\\\/renatodias.online\\\/movimento\\\/author\\\/renatodias\\\/\"}]}<\/script>\n<!-- \/ Yoast SEO plugin. -->","yoast_head_json":{"title":"Evangelho da corrup\u00e7\u00e3o -","robots":{"index":"index","follow":"follow","max-snippet":"max-snippet:-1","max-image-preview":"max-image-preview:large","max-video-preview":"max-video-preview:-1"},"canonical":"https:\/\/renatodias.online\/movimento\/2022\/04\/02\/evangelho-da-corrupcao\/","og_locale":"pt_BR","og_type":"article","og_title":"Evangelho da corrup\u00e7\u00e3o -","og_description":"Evangelho da corrup\u00e7\u00e3o M\u00e1rcio Santilli Especial para o Portal de Not\u00edcias www.renatodias.online J\u00e1 estourou o esquema de corrup\u00e7\u00e3o que se apropria do Fundo Nacional de Educa\u00e7\u00e3o [FNDE] para enriquecer supostos pastores evang\u00e9licos que recebem gordas propinas para liberar recursos para as prefeituras. A quadrilha envolveu o ex-ministro da Educa\u00e7\u00e3o Milton Ribeiro que est\u00e1 sob investiga\u00e7\u00e3o","og_url":"https:\/\/renatodias.online\/movimento\/2022\/04\/02\/evangelho-da-corrupcao\/","article_publisher":"https:\/\/www.facebook.com\/renato.dias.37","article_author":"https:\/\/www.facebook.com\/renato.dias.37","article_published_time":"2022-04-03T02:26:04+00:00","og_image":[{"width":360,"height":360,"url":"https:\/\/renatodias.online\/movimento\/wp-content\/uploads\/2022\/04\/Marcio-Santilli-e1648952155903.png","type":"image\/png"}],"author":"Renato Dias","twitter_card":"summary_large_image","twitter_creator":"@RenatoDiasBat","twitter_site":"@RenatoDiasBat","twitter_misc":{"Escrito por":"Renato Dias","Est. tempo de leitura":"5 minutos"},"schema":{"@context":"https:\/\/schema.org","@graph":[{"@type":"Article","@id":"https:\/\/renatodias.online\/movimento\/2022\/04\/02\/evangelho-da-corrupcao\/#article","isPartOf":{"@id":"https:\/\/renatodias.online\/movimento\/2022\/04\/02\/evangelho-da-corrupcao\/"},"author":{"name":"Renato Dias","@id":"https:\/\/renatodias.online\/movimento\/#\/schema\/person\/bbab28833b1725a20f4083f49f1fb2a9"},"headline":"Evangelho da corrup\u00e7\u00e3o","datePublished":"2022-04-03T02:26:04+00:00","mainEntityOfPage":{"@id":"https:\/\/renatodias.online\/movimento\/2022\/04\/02\/evangelho-da-corrupcao\/"},"wordCount":946,"commentCount":0,"publisher":{"@id":"https:\/\/renatodias.online\/movimento\/#\/schema\/person\/bbab28833b1725a20f4083f49f1fb2a9"},"image":{"@id":"https:\/\/renatodias.online\/movimento\/2022\/04\/02\/evangelho-da-corrupcao\/#primaryimage"},"thumbnailUrl":"https:\/\/renatodias.online\/movimento\/wp-content\/uploads\/2022\/04\/Marcio-Santilli-e1648952155903.png","articleSection":["Pol\u00edtica"],"inLanguage":"pt-BR","potentialAction":[{"@type":"CommentAction","name":"Comment","target":["https:\/\/renatodias.online\/movimento\/2022\/04\/02\/evangelho-da-corrupcao\/#respond"]}]},{"@type":"WebPage","@id":"https:\/\/renatodias.online\/movimento\/2022\/04\/02\/evangelho-da-corrupcao\/","url":"https:\/\/renatodias.online\/movimento\/2022\/04\/02\/evangelho-da-corrupcao\/","name":"Evangelho da corrup\u00e7\u00e3o -","isPartOf":{"@id":"https:\/\/renatodias.online\/movimento\/#website"},"primaryImageOfPage":{"@id":"https:\/\/renatodias.online\/movimento\/2022\/04\/02\/evangelho-da-corrupcao\/#primaryimage"},"image":{"@id":"https:\/\/renatodias.online\/movimento\/2022\/04\/02\/evangelho-da-corrupcao\/#primaryimage"},"thumbnailUrl":"https:\/\/renatodias.online\/movimento\/wp-content\/uploads\/2022\/04\/Marcio-Santilli-e1648952155903.png","datePublished":"2022-04-03T02:26:04+00:00","breadcrumb":{"@id":"https:\/\/renatodias.online\/movimento\/2022\/04\/02\/evangelho-da-corrupcao\/#breadcrumb"},"inLanguage":"pt-BR","potentialAction":[{"@type":"ReadAction","target":["https:\/\/renatodias.online\/movimento\/2022\/04\/02\/evangelho-da-corrupcao\/"]}]},{"@type":"ImageObject","inLanguage":"pt-BR","@id":"https:\/\/renatodias.online\/movimento\/2022\/04\/02\/evangelho-da-corrupcao\/#primaryimage","url":"https:\/\/renatodias.online\/movimento\/wp-content\/uploads\/2022\/04\/Marcio-Santilli-e1648952155903.png","contentUrl":"https:\/\/renatodias.online\/movimento\/wp-content\/uploads\/2022\/04\/Marcio-Santilli-e1648952155903.png","width":360,"height":360,"caption":"M\u00e1rcio Santilli"},{"@type":"BreadcrumbList","@id":"https:\/\/renatodias.online\/movimento\/2022\/04\/02\/evangelho-da-corrupcao\/#breadcrumb","itemListElement":[{"@type":"ListItem","position":1,"name":"In\u00edcio","item":"https:\/\/renatodias.online\/movimento\/"},{"@type":"ListItem","position":2,"name":"Evangelho da corrup\u00e7\u00e3o"}]},{"@type":"WebSite","@id":"https:\/\/renatodias.online\/movimento\/#website","url":"https:\/\/renatodias.online\/movimento\/","name":"","description":"","publisher":{"@id":"https:\/\/renatodias.online\/movimento\/#\/schema\/person\/bbab28833b1725a20f4083f49f1fb2a9"},"potentialAction":[{"@type":"SearchAction","target":{"@type":"EntryPoint","urlTemplate":"https:\/\/renatodias.online\/movimento\/?s={search_term_string}"},"query-input":{"@type":"PropertyValueSpecification","valueRequired":true,"valueName":"search_term_string"}}],"inLanguage":"pt-BR"},{"@type":["Person","Organization"],"@id":"https:\/\/renatodias.online\/movimento\/#\/schema\/person\/bbab28833b1725a20f4083f49f1fb2a9","name":"Renato Dias","image":{"@type":"ImageObject","inLanguage":"pt-BR","@id":"https:\/\/renatodias.online\/movimento\/wp-content\/uploads\/2023\/03\/cropped-cropped-cropped-logofinal.jpeg","url":"https:\/\/renatodias.online\/movimento\/wp-content\/uploads\/2023\/03\/cropped-cropped-cropped-logofinal.jpeg","contentUrl":"https:\/\/renatodias.online\/movimento\/wp-content\/uploads\/2023\/03\/cropped-cropped-cropped-logofinal.jpeg","width":1280,"height":219,"caption":"Renato Dias"},"logo":{"@id":"https:\/\/renatodias.online\/movimento\/wp-content\/uploads\/2023\/03\/cropped-cropped-cropped-logofinal.jpeg"},"description":"Renato Dias, 58 anos, \u00e9 graduado em Jornalismo, formado em Ci\u00eancias Sociais, com p\u00f3s-gradua\u00e7\u00e3o em Pol\u00edticas P\u00fablicas, mestre em Direito e Rela\u00e7\u00f5es Internacionais, ex-aluno extraordin\u00e1rio do Doutorado em Psicologia Social, ex-estudante do Curso de Psican\u00e1lise do Centro de Estudos Psicanal\u00edticos do Estado de Goi\u00e1s, ministrado pelo m\u00e9dico psiquiatra e psicanalista Daniel Em\u00eddio de Souza. \u00c9 autor de 30 livros-reportagem, oito document\u00e1rios, ganhou 30 pr\u00eamios e \u00e9 torcedor apaixonado do maior do Centro-Oeste, o Vila Nova Futebol Clube. Casado com Meirilane Dias, \u00e9 pai de Juliana Dias, jornalista; Daniel Dias, economista; e Maria Rosa Dias, estudante antifascista, socialista e trotskista.\u00a0Com tr\u00eas pets: Porquinho [Bull Dog Franc\u00eas], Dalila [Basset Hound] e Geleia [Basset Hound]. Al\u00e9m do eterno gato Tutuquinho, que virou estrela.","sameAs":["https:\/\/www.facebook.com\/renato.dias.37","#breve","https:\/\/renatodias.tumblr.com\/"],"url":"https:\/\/renatodias.online\/movimento\/author\/renatodias\/"}]}},"_links":{"self":[{"href":"https:\/\/renatodias.online\/movimento\/wp-json\/wp\/v2\/posts\/11646","targetHints":{"allow":["GET"]}}],"collection":[{"href":"https:\/\/renatodias.online\/movimento\/wp-json\/wp\/v2\/posts"}],"about":[{"href":"https:\/\/renatodias.online\/movimento\/wp-json\/wp\/v2\/types\/post"}],"author":[{"embeddable":true,"href":"https:\/\/renatodias.online\/movimento\/wp-json\/wp\/v2\/users\/2"}],"replies":[{"embeddable":true,"href":"https:\/\/renatodias.online\/movimento\/wp-json\/wp\/v2\/comments?post=11646"}],"version-history":[{"count":1,"href":"https:\/\/renatodias.online\/movimento\/wp-json\/wp\/v2\/posts\/11646\/revisions"}],"predecessor-version":[{"id":11653,"href":"https:\/\/renatodias.online\/movimento\/wp-json\/wp\/v2\/posts\/11646\/revisions\/11653"}],"wp:featuredmedia":[{"embeddable":true,"href":"https:\/\/renatodias.online\/movimento\/wp-json\/wp\/v2\/media\/11647"}],"wp:attachment":[{"href":"https:\/\/renatodias.online\/movimento\/wp-json\/wp\/v2\/media?parent=11646"}],"wp:term":[{"taxonomy":"category","embeddable":true,"href":"https:\/\/renatodias.online\/movimento\/wp-json\/wp\/v2\/categories?post=11646"},{"taxonomy":"post_tag","embeddable":true,"href":"https:\/\/renatodias.online\/movimento\/wp-json\/wp\/v2\/tags?post=11646"}],"curies":[{"name":"wp","href":"https:\/\/api.w.org\/{rel}","templated":true}]}}