{"id":11644,"date":"2022-04-02T23:02:59","date_gmt":"2022-04-03T02:02:59","guid":{"rendered":"https:\/\/renatodias.online\/movimento\/?p=11644"},"modified":"2022-04-02T23:02:59","modified_gmt":"2022-04-03T02:02:59","slug":"golpe-de-64-poderia-ter-sido-derrotado","status":"publish","type":"post","link":"https:\/\/renatodias.online\/movimento\/2022\/04\/02\/golpe-de-64-poderia-ter-sido-derrotado\/","title":{"rendered":"Golpe de 64 poderia ter sido derrotado?"},"content":{"rendered":"<p><img loading=\"lazy\" decoding=\"async\" class=\"wp-image-11210 size-full aligncenter\" src=\"https:\/\/renatodias.online\/movimento\/wp-content\/uploads\/2022\/03\/Artigo-de-Opiniao.jpg\" alt=\"\" width=\"600\" height=\"315\" srcset=\"https:\/\/renatodias.online\/movimento\/wp-content\/uploads\/2022\/03\/Artigo-de-Opiniao.jpg 600w, https:\/\/renatodias.online\/movimento\/wp-content\/uploads\/2022\/03\/Artigo-de-Opiniao-300x158.jpg 300w\" sizes=\"auto, (max-width: 600px) 100vw, 600px\" \/><\/p>\n<p><img loading=\"lazy\" decoding=\"async\" class=\"size-medium wp-image-8379 aligncenter\" src=\"https:\/\/renatodias.online\/movimento\/wp-content\/uploads\/2021\/08\/Especial-Principal-300x101.png\" alt=\"\" width=\"300\" height=\"101\" \/><\/p>\n<h1 style=\"text-align: center;\"><span style=\"color: #ff0000;\"><strong>Golpe de 64 poderia ter sido derrotado?<\/strong><\/span><\/h1>\n<figure id=\"attachment_6032\" aria-describedby=\"caption-attachment-6032\" style=\"width: 1024px\" class=\"wp-caption alignnone\"><img loading=\"lazy\" decoding=\"async\" class=\"wp-image-6032 size-large\" src=\"https:\/\/renatodias.online\/movimento\/wp-content\/uploads\/2021\/04\/golpe-militar-de-1964-1024x487.png\" alt=\"Golpe de Estado de 1964\" width=\"1024\" height=\"487\" \/><figcaption id=\"caption-attachment-6032\" class=\"wp-caption-text\"><strong>Golpe de Estado civil e militar de 1964, no Brasil. Cai Jo\u00e3o Belchior Marques Goulart<\/strong><\/figcaption><\/figure>\n<p>&nbsp;<\/p>\n<p style=\"text-align: center;\"><span style=\"color: #ff0000;\"><strong>Valerio Arcary<\/strong><\/span><\/p>\n<h2 style=\"text-align: center;\"><strong><span style=\"color: #808000;\">Nem a burguesia brasileira, nem o governo norte-americano estavam dispostos a correr o risco de uma \u201cnova Cuba\u201d &#8211; AFP<\/span> <\/strong><\/h2>\n<figure id=\"attachment_6300\" aria-describedby=\"caption-attachment-6300\" style=\"width: 400px\" class=\"wp-caption aligncenter\"><img loading=\"lazy\" decoding=\"async\" class=\"wp-image-6300 size-full\" src=\"https:\/\/renatodias.online\/movimento\/wp-content\/uploads\/2021\/04\/Raul-Castro-Fidel-Castro-e-Che-Guevara.jpg\" alt=\"\" width=\"400\" height=\"263\" srcset=\"https:\/\/renatodias.online\/movimento\/wp-content\/uploads\/2021\/04\/Raul-Castro-Fidel-Castro-e-Che-Guevara.jpg 400w, https:\/\/renatodias.online\/movimento\/wp-content\/uploads\/2021\/04\/Raul-Castro-Fidel-Castro-e-Che-Guevara-300x197.jpg 300w\" sizes=\"auto, (max-width: 400px) 100vw, 400px\" \/><figcaption id=\"caption-attachment-6300\" class=\"wp-caption-text\"><strong>Fidel Castro, Ra\u00fal Castro e Che Guevara<\/strong><\/figcaption><\/figure>\n<blockquote>\n<h2><span style=\"color: #0000ff;\"><strong>A imagina\u00e7\u00e3o hist\u00f3rica deve obedecer ao m\u00e9todo e \u00e0 disciplina. Mas \u00e9 tamb\u00e9m um exerc\u00edcio \u00fatil<\/strong><\/span><\/h2>\n<\/blockquote>\n<p><span style=\"color: #666699;\"><strong>Se para o Brasil tiv\u00e9ssemos feito um estudo s\u00e9rio da realidade ter\u00edamos chegado \u00e0 conclus\u00e3o de que a principal tarefa revolucion\u00e1ria em toda a Am\u00e9rica Latina era muito mais modesta que preparar a guerra de guerrilhas: havia que impedir que triunfara o putsch reacion\u00e1rio gorila que se estava preparando (&#8230;). A situa\u00e7\u00e3o latinoamericana, como a do pa\u00eds irm\u00e3o (Brasil), com sua hist\u00f3ria, economia, rela\u00e7\u00f5es sociais, pol\u00edtica e car\u00e1ter do governo indicavam que era inevit\u00e1vel um golpe de estado reacion\u00e1rio. A grande tarefa era, ent\u00e3o, mobilizar o movimento de massas brasileiro para fre\u00e1-lo ou esmag\u00e1-lo, sem depositar a mais m\u00ednima confian\u00e7a no governo de (Jango) Goulart (&#8230;) A mais tr\u00e1gica derrota do movimento de massas latino americano nos \u00faltimos vinte anos foi a do Brasil. Essa derrota vai refletir em todo nosso continente.<\/strong><\/span><\/p>\n<p><strong>Nahuel Moreno<\/strong><\/p>\n<figure id=\"attachment_10492\" aria-describedby=\"caption-attachment-10492\" style=\"width: 819px\" class=\"wp-caption alignnone\"><img loading=\"lazy\" decoding=\"async\" class=\"wp-image-10492 size-large\" src=\"https:\/\/renatodias.online\/movimento\/wp-content\/uploads\/2022\/01\/Nahuel-Moreno-819x1024.jpg\" alt=\"\" width=\"819\" height=\"1024\" srcset=\"https:\/\/renatodias.online\/movimento\/wp-content\/uploads\/2022\/01\/Nahuel-Moreno-819x1024.jpg 819w, https:\/\/renatodias.online\/movimento\/wp-content\/uploads\/2022\/01\/Nahuel-Moreno-240x300.jpg 240w, https:\/\/renatodias.online\/movimento\/wp-content\/uploads\/2022\/01\/Nahuel-Moreno-768x960.jpg 768w, https:\/\/renatodias.online\/movimento\/wp-content\/uploads\/2022\/01\/Nahuel-Moreno-1229x1536.jpg 1229w, https:\/\/renatodias.online\/movimento\/wp-content\/uploads\/2022\/01\/Nahuel-Moreno-750x938.jpg 750w, https:\/\/renatodias.online\/movimento\/wp-content\/uploads\/2022\/01\/Nahuel-Moreno.jpg 1280w\" sizes=\"auto, (max-width: 819px) 100vw, 819px\" \/><figcaption id=\"caption-attachment-10492\" class=\"wp-caption-text\"><strong>Nahuel Moreno<\/strong><\/figcaption><\/figure>\n<p>N\u00e3o sabemos. Se tivesse existido a determina\u00e7\u00e3o de resistir por parte do governo Jango, se tivesse sido feito um chamado \u00e0 greve geral e \u00e0s ruas, se tivesse acontecido uma explos\u00e3o de f\u00faria popular teria sido poss\u00edvel dividir a alta oficialidade, neutralizar uma parcela das for\u00e7as sociais hostis, deter o avan\u00e7o da coluna que partiu de Minas Gerais, ou ganhar tempo para um contra-ataque? An\u00e1lises contrafactuais s\u00e3o perigosas. Afinal, \u201co que tem de ser tem muita for\u00e7a\u201d, ensina a sabedoria popular. A considera\u00e7\u00e3o de desfechos alternativos n\u00e3o pode ir al\u00e9m de limites estritos. A \u201cimagina\u00e7\u00e3o\u201d hist\u00f3rica deve obedecer ao m\u00e9todo e \u00e0 disciplina. Mas contrafactuais s\u00e3o, tamb\u00e9m, um exerc\u00edcio \u00fatil. A for\u00e7a do passado alimenta uma ilus\u00e3o de \u00f3tica anulando outros desenlaces poss\u00edveis. O que aconteceu n\u00e3o poderia ter sido diferente? N\u00e3o estava em disputa?<\/p>\n<figure id=\"attachment_7109\" aria-describedby=\"caption-attachment-7109\" style=\"width: 1494px\" class=\"wp-caption alignnone\"><img loading=\"lazy\" decoding=\"async\" class=\"wp-image-7109 size-full\" src=\"https:\/\/renatodias.online\/movimento\/wp-content\/uploads\/2021\/06\/Joao-Belchior-Marques-Goulart-_-MR-8.jpg\" alt=\"\" width=\"1494\" height=\"681\" \/><figcaption id=\"caption-attachment-7109\" class=\"wp-caption-text\"><strong>Jo\u00e3o Belchior Marques Goulart, presidente da Rep\u00fablica<\/strong><\/figcaption><\/figure>\n<p>O que \u00e9 certo \u00e9 que se uma contrarrevolu\u00e7\u00e3o triunfou em 1964 foi porque uma fra\u00e7\u00e3o dirigente da classe dominante brasileira se preocupou, seriamente, com o perigo de uma revolu\u00e7\u00e3o e apoiou o putsch. A quartelada n\u00e3o foi uma aventura militar desconectada das opini\u00f5es da maioria da burguesia. Ainda que tenha sido uma a\u00e7\u00e3o preventiva, a avalia\u00e7\u00e3o dos golpistas atormentados pela radicaliza\u00e7\u00e3o da revolu\u00e7\u00e3o cubana n\u00e3o foi somente um \u201cdel\u00edrio paranoico\u201d. Foi uma iniciativa por antecipa\u00e7\u00e3o, prevendo que o tempo corria contra seus interesses. Havia um plano. Uma prepara\u00e7\u00e3o tinha sido articulada. Um c\u00e1lculo de risco tinha sido feito. No Brasil de 1964 existia em curso uma din\u00e2mica de luta de classes que se aproximava de uma situa\u00e7\u00e3o revolucion\u00e1ria.<\/p>\n<figure id=\"attachment_4365\" aria-describedby=\"caption-attachment-4365\" style=\"width: 780px\" class=\"wp-caption aligncenter\"><img loading=\"lazy\" decoding=\"async\" class=\"wp-image-4365 size-full\" src=\"https:\/\/renatodias.online\/movimento\/wp-content\/uploads\/2020\/09\/Ditaduracivil-e-militar-no-Brasil-de-1964.jpg\" alt=\"\" width=\"780\" height=\"490\" \/><figcaption id=\"caption-attachment-4365\" class=\"wp-caption-text\"><strong>A ditadura civil e militar<\/strong><\/figcaption><\/figure>\n<p>N\u00e3o s\u00e3o as organiza\u00e7\u00f5es que precipitam uma situa\u00e7\u00e3o revolucion\u00e1ria, mas o combate de milh\u00f5es de pessoas, at\u00e9 ent\u00e3o inativas, quando descobrem interesses comuns, confian\u00e7a em si pr\u00f3prios e disposi\u00e7\u00e3o de luta. Uma situa\u00e7\u00e3o revolucion\u00e1ria \u00e9 uma etapa em que a vit\u00f3ria de uma revolu\u00e7\u00e3o \u00e9, politicamente, poss\u00edvel. N\u00e3o era imposs\u00edvel que o impulso da luta pelas reformas de base ganhasse dimens\u00e3o nacional. Que estivesse colocada no \u201ccampo de possibilidades\u201d n\u00e3o autoriza concluir que seria a hip\u00f3tese mais prov\u00e1vel. Mas a percep\u00e7\u00e3o de que a luta de classes estava mais intensa, aguda, exasperada era generalizada. Todas as lideran\u00e7as sociais e pol\u00edticas eram conscientes da m\u00e1xima gravidade do momento.<\/p>\n<figure id=\"attachment_7111\" aria-describedby=\"caption-attachment-7111\" style=\"width: 1280px\" class=\"wp-caption alignnone\"><img loading=\"lazy\" decoding=\"async\" class=\"wp-image-7111 size-full\" src=\"https:\/\/renatodias.online\/movimento\/wp-content\/uploads\/2021\/06\/Luiz-Carlos-Prestes-_-MR-8.jpeg\" alt=\"\" width=\"1280\" height=\"720\" srcset=\"https:\/\/renatodias.online\/movimento\/wp-content\/uploads\/2021\/06\/Luiz-Carlos-Prestes-_-MR-8.jpeg 1280w, https:\/\/renatodias.online\/movimento\/wp-content\/uploads\/2021\/06\/Luiz-Carlos-Prestes-_-MR-8-300x169.jpeg 300w, https:\/\/renatodias.online\/movimento\/wp-content\/uploads\/2021\/06\/Luiz-Carlos-Prestes-_-MR-8-768x432.jpeg 768w, https:\/\/renatodias.online\/movimento\/wp-content\/uploads\/2021\/06\/Luiz-Carlos-Prestes-_-MR-8-750x422.jpeg 750w\" sizes=\"auto, (max-width: 1280px) 100vw, 1280px\" \/><figcaption id=\"caption-attachment-7111\" class=\"wp-caption-text\"><strong>Luiz Carlos Prestes, secret\u00e1rio-geral do PCB<\/strong><\/figcaption><\/figure>\n<p>Era poss\u00edvel, portanto, uma resist\u00eancia ao golpe apoiada na mobiliza\u00e7\u00e3o oper\u00e1ria e popular. O com\u00edcio da Central do Brasil tinha confirmado que existiam reservas gigantescas de energia pol\u00edtica entre as massas. N\u00e3o h\u00e1 como aferir, estimar, e calcular se uma resist\u00eancia, na forma de greve geral e ocupa\u00e7\u00e3o das ruas, por exemplo, seria suficiente para derrotar a coluna militar golpista. Mas essa hip\u00f3tese n\u00e3o merece ser descartada. A orienta\u00e7\u00e3o do governo Jo\u00e3o Goulart, ou at\u00e9 do PC liderado por Luiz Carlos Prestes, n\u00e3o era de precipitar um confronto que se desenhava no horizonte. Mais grave \u00e9 que foram surpreendidos, absurdamente, porque a conspira\u00e7\u00e3o militar n\u00e3o era um segredo. Subestimaram o perigo da contrarrevolu\u00e7\u00e3o. A contrarrevolu\u00e7\u00e3o n\u00e3o subestimou o perigo de uma revolu\u00e7\u00e3o.<\/p>\n<figure id=\"attachment_6306\" aria-describedby=\"caption-attachment-6306\" style=\"width: 849px\" class=\"wp-caption alignnone\"><img loading=\"lazy\" decoding=\"async\" class=\"wp-image-6306 size-full\" src=\"https:\/\/renatodias.online\/movimento\/wp-content\/uploads\/2021\/04\/Fidel-Castro-Cuba.jpg\" alt=\"\" width=\"849\" height=\"1024\" srcset=\"https:\/\/renatodias.online\/movimento\/wp-content\/uploads\/2021\/04\/Fidel-Castro-Cuba.jpg 849w, https:\/\/renatodias.online\/movimento\/wp-content\/uploads\/2021\/04\/Fidel-Castro-Cuba-249x300.jpg 249w, https:\/\/renatodias.online\/movimento\/wp-content\/uploads\/2021\/04\/Fidel-Castro-Cuba-768x926.jpg 768w, https:\/\/renatodias.online\/movimento\/wp-content\/uploads\/2021\/04\/Fidel-Castro-Cuba-750x905.jpg 750w\" sizes=\"auto, (max-width: 849px) 100vw, 849px\" \/><figcaption id=\"caption-attachment-6306\" class=\"wp-caption-text\"><strong>Fidel Castro<\/strong><\/figcaption><\/figure>\n<p>A linha que prevaleceu nas For\u00e7as Armadas, com apoio da embaixada dos EUA foi a insurrei\u00e7\u00e3o militar. N\u00e3o era dif\u00edcil compreender que Jango n\u00e3o seria nunca um Fidel. Mas o perigo de \u201cdescarrrilhamento\u2019 e descontrole das press\u00f5es populares estava no ar com a crescente indisciplina entre soldados, marinheiros e suboficiais. A marcha na capital paulista com centenas de milhares em defesa da fam\u00edlia e da propriedade era uma sinaliza\u00e7\u00e3o clara de perigo \u201creal e imediato\u201d. Nem a burguesia brasileira, nem o governo norte-americano estavam dispostos a correr o risco de uma \u201cnova Cuba\u201d, s\u00f3 que agora no pa\u00eds chave do continente.<\/p>\n<figure id=\"attachment_7125\" aria-describedby=\"caption-attachment-7125\" style=\"width: 1200px\" class=\"wp-caption alignnone\"><img loading=\"lazy\" decoding=\"async\" class=\"wp-image-7125 size-full\" src=\"https:\/\/renatodias.online\/movimento\/wp-content\/uploads\/2021\/06\/Olimpio-Mourao-Filho.jpg\" alt=\"\" width=\"1200\" height=\"800\" srcset=\"https:\/\/renatodias.online\/movimento\/wp-content\/uploads\/2021\/06\/Olimpio-Mourao-Filho.jpg 1200w, https:\/\/renatodias.online\/movimento\/wp-content\/uploads\/2021\/06\/Olimpio-Mourao-Filho-300x200.jpg 300w, https:\/\/renatodias.online\/movimento\/wp-content\/uploads\/2021\/06\/Olimpio-Mourao-Filho-768x512.jpg 768w, https:\/\/renatodias.online\/movimento\/wp-content\/uploads\/2021\/06\/Olimpio-Mourao-Filho-360x240.jpg 360w, https:\/\/renatodias.online\/movimento\/wp-content\/uploads\/2021\/06\/Olimpio-Mourao-Filho-750x500.jpg 750w\" sizes=\"auto, (max-width: 1200px) 100vw, 1200px\" \/><figcaption id=\"caption-attachment-7125\" class=\"wp-caption-text\"><strong>Ol\u00edmpio Mour\u00e3o Filho<\/strong><\/figcaption><\/figure>\n<p>Germinava a necessidade de revolu\u00e7\u00e3o democr\u00e1tica-nacional para libertar a na\u00e7\u00e3o da depend\u00eancia norte-americana, para estender os direitos civis a todos, incluindo a maioria afrodescendente; uma revolu\u00e7\u00e3o agr\u00e1ria pela divis\u00e3o da terra; finalmente, mas n\u00e3o menos importante, uma revolu\u00e7\u00e3o oper\u00e1ria pelo direito a melhores sal\u00e1rios e condi\u00e7\u00f5es de vida. Esta tens\u00e3o social latente resultava da insatisfa\u00e7\u00e3o hist\u00f3rica de demandas e expectativas sempre postergadas. A din\u00e2mica hist\u00f3rico-social desta simultaneidade de revolu\u00e7\u00f5es resultava na demanda de um programa anticapitalista. Mas este processo foi interrompido pela derrota hist\u00f3rica. Mais grave, porque foi uma derrota sem resist\u00eancia no momento do golpe.<\/p>\n<figure id=\"attachment_6419\" aria-describedby=\"caption-attachment-6419\" style=\"width: 1200px\" class=\"wp-caption alignnone\"><img loading=\"lazy\" decoding=\"async\" class=\"wp-image-6419 size-full\" src=\"https:\/\/renatodias.online\/movimento\/wp-content\/uploads\/2021\/05\/Emilio-Garrastazu-Medici-Folha-de-S.-Paulo.jpg\" alt=\"\" width=\"1200\" height=\"800\" srcset=\"https:\/\/renatodias.online\/movimento\/wp-content\/uploads\/2021\/05\/Emilio-Garrastazu-Medici-Folha-de-S.-Paulo.jpg 1200w, https:\/\/renatodias.online\/movimento\/wp-content\/uploads\/2021\/05\/Emilio-Garrastazu-Medici-Folha-de-S.-Paulo-300x200.jpg 300w, https:\/\/renatodias.online\/movimento\/wp-content\/uploads\/2021\/05\/Emilio-Garrastazu-Medici-Folha-de-S.-Paulo-768x512.jpg 768w, https:\/\/renatodias.online\/movimento\/wp-content\/uploads\/2021\/05\/Emilio-Garrastazu-Medici-Folha-de-S.-Paulo-360x240.jpg 360w, https:\/\/renatodias.online\/movimento\/wp-content\/uploads\/2021\/05\/Emilio-Garrastazu-Medici-Folha-de-S.-Paulo-750x500.jpg 750w\" sizes=\"auto, (max-width: 1200px) 100vw, 1200px\" \/><figcaption id=\"caption-attachment-6419\" class=\"wp-caption-text\"><strong>Em\u00edlio Garrastazu M\u00e9dici &#8211; Folha de S. Paulo<\/strong><\/figcaption><\/figure>\n<p>O Brasil, durante a ditadura militar, regrediu. Fomos uma das p\u00e1trias do capitalismo mais dependente, selvagem, b\u00e1rbaro. O Brasil gerado pela ditadura perdeu imensas oportunidades hist\u00f3ricas para um crescimento com desenvolvimento menos desigual, menos destrutivo, menos desequilibrado. Gerou uma sociedade amorda\u00e7ada, culturalmente, pelo medo; amputada, educacionalmente, pela desqualifica\u00e7\u00e3o do ensino p\u00fablico e favorecimento do privado; fragmentada, socialmente, pela superexplora\u00e7\u00e3o do proletariado pelos sal\u00e1rios de mis\u00e9ria; transfigurada pela explos\u00e3o de viol\u00eancia e delinqu\u00eancia. O que a ditadura fez foi condenar o pa\u00eds a manter, por mais meio s\u00e9culo, a condi\u00e7\u00e3o de semicol\u00f4nia comercial norte-americana. Toda tentativa de diminuir o impacto reacion\u00e1rio da insurrei\u00e7\u00e3o militar que levou os ditadores Castelo Branco, Costa e Silva, M\u00e9dici, Geisel e Figueiredo \u00e0 presid\u00eancia, com poderes ultraconcentrados, em terr\u00edvel sequ\u00eancia de arb\u00edtrio, viol\u00eancia e repress\u00e3o \u00e9 uma falsifica\u00e7\u00e3o hist\u00f3rica.<\/p>\n<figure id=\"attachment_5602\" aria-describedby=\"caption-attachment-5602\" style=\"width: 442px\" class=\"wp-caption aligncenter\"><img loading=\"lazy\" decoding=\"async\" class=\"wp-image-5602 size-full\" src=\"https:\/\/renatodias.online\/movimento\/wp-content\/uploads\/2021\/03\/figueredo-caricatura.jpeg\" alt=\"Jo\u00e3o Baptista de Oliveira Figueiredo\" width=\"442\" height=\"632\" srcset=\"https:\/\/renatodias.online\/movimento\/wp-content\/uploads\/2021\/03\/figueredo-caricatura.jpeg 442w, https:\/\/renatodias.online\/movimento\/wp-content\/uploads\/2021\/03\/figueredo-caricatura-210x300.jpeg 210w\" sizes=\"auto, (max-width: 442px) 100vw, 442px\" \/><figcaption id=\"caption-attachment-5602\" class=\"wp-caption-text\"><strong>Jo\u00e3o Baptista de Oliveira Figueiredo<\/strong><\/figcaption><\/figure>\n<p>Durante vinte anos a ditadura militar imp\u00f4s o terror de Estado para preservar a estabilidade pol\u00edtica. A ditadura silenciou uma gera\u00e7\u00e3o. Perseguiu dezenas de milhares, prendeu milhares, matou centenas. Foi um triunfo contrarrevolucion\u00e1rio que inverteu a rela\u00e7\u00e3o de for\u00e7as pol\u00edtico-social em escala continental, revertendo a situa\u00e7\u00e3o promissora aberta pela revolu\u00e7\u00e3o cubana em 1959, por vinte anos, at\u00e9 a queda de Somoza na Nicar\u00e1gua em 1979. A queda de Jango foi uma trag\u00e9dia pol\u00edtica em toda a linha, com grav\u00edssimas consequ\u00eancias sociais &#8211; e at\u00e9 culturais. Ironia da dial\u00e9tica da hist\u00f3ria, n\u00e3o fosse o papel do proletariado na luta contra a ditadura, a partir de 1978, Lula nunca teria sido eleito presidente da Rep\u00fablica quase vinte anos depois das <span style=\"color: #000000;\">\u201cDiretas J\u00e1\u201d<\/span>. E n\u00e3o estaria agora disputando a presid\u00eancia pela terceira vez, vinte anos depois de 2002. Ousar lutar, ousar vencer.<\/p>\n<figure id=\"attachment_9418\" aria-describedby=\"caption-attachment-9418\" style=\"width: 1080px\" class=\"wp-caption alignnone\"><img loading=\"lazy\" decoding=\"async\" class=\"wp-image-9418 size-full\" src=\"https:\/\/renatodias.online\/movimento\/wp-content\/uploads\/2021\/11\/Lula-em-dois-momentos-historicos.jpg\" alt=\"\" width=\"1080\" height=\"1074\" \/><figcaption id=\"caption-attachment-9418\" class=\"wp-caption-text\"><strong>Luiz In\u00e1cio Lula da Silva em dois momentos hist\u00f3ricos<\/strong><\/figcaption><\/figure>\n<p>&nbsp;<\/p>\n","protected":false},"excerpt":{"rendered":"<p>Golpe de 64 poderia ter sido derrotado? &nbsp; Valerio Arcary Nem a burguesia brasileira, nem o governo norte-americano estavam dispostos a correr o risco de uma \u201cnova Cuba\u201d &#8211; AFP A imagina\u00e7\u00e3o hist\u00f3rica deve obedecer ao m\u00e9todo e \u00e0 disciplina. Mas \u00e9 tamb\u00e9m um exerc\u00edcio \u00fatil Se para o Brasil tiv\u00e9ssemos feito um estudo s\u00e9rio<\/p>\n","protected":false},"author":2,"featured_media":7402,"comment_status":"open","ping_status":"open","sticky":false,"template":"","format":"standard","meta":{"_acf_changed":false,"_monsterinsights_skip_tracking":false,"_monsterinsights_sitenote_active":false,"_monsterinsights_sitenote_note":"","_monsterinsights_sitenote_category":0,"footnotes":""},"categories":[83],"tags":[],"class_list":["post-11644","post","type-post","status-publish","format-standard","has-post-thumbnail","hentry","category-opiniao"],"acf":[],"yoast_head":"<!-- This site is optimized with the Yoast SEO plugin v27.4 - https:\/\/yoast.com\/product\/yoast-seo-wordpress\/ -->\n<title>Golpe de 64 poderia ter sido derrotado? -<\/title>\n<meta name=\"robots\" content=\"index, follow, max-snippet:-1, max-image-preview:large, max-video-preview:-1\" \/>\n<link rel=\"canonical\" href=\"https:\/\/renatodias.online\/movimento\/2022\/04\/02\/golpe-de-64-poderia-ter-sido-derrotado\/\" \/>\n<meta property=\"og:locale\" content=\"pt_BR\" \/>\n<meta property=\"og:type\" content=\"article\" \/>\n<meta property=\"og:title\" content=\"Golpe de 64 poderia ter sido derrotado? -\" \/>\n<meta property=\"og:description\" content=\"Golpe de 64 poderia ter sido derrotado? &nbsp; Valerio Arcary Nem a burguesia brasileira, nem o governo norte-americano estavam dispostos a correr o risco de uma \u201cnova Cuba\u201d &#8211; AFP A imagina\u00e7\u00e3o hist\u00f3rica deve obedecer ao m\u00e9todo e \u00e0 disciplina. Mas \u00e9 tamb\u00e9m um exerc\u00edcio \u00fatil Se para o Brasil tiv\u00e9ssemos feito um estudo s\u00e9rio\" \/>\n<meta property=\"og:url\" content=\"https:\/\/renatodias.online\/movimento\/2022\/04\/02\/golpe-de-64-poderia-ter-sido-derrotado\/\" \/>\n<meta property=\"article:publisher\" content=\"https:\/\/www.facebook.com\/renato.dias.37\" \/>\n<meta property=\"article:author\" content=\"https:\/\/www.facebook.com\/renato.dias.37\" \/>\n<meta property=\"article:published_time\" content=\"2022-04-03T02:02:59+00:00\" \/>\n<meta property=\"og:image\" content=\"https:\/\/renatodias.online\/movimento\/wp-content\/uploads\/2021\/06\/valerio-e1648951300869.jpg\" \/>\n\t<meta property=\"og:image:width\" content=\"360\" \/>\n\t<meta property=\"og:image:height\" content=\"231\" \/>\n\t<meta property=\"og:image:type\" content=\"image\/jpeg\" \/>\n<meta name=\"author\" content=\"Renato Dias\" \/>\n<meta name=\"twitter:card\" content=\"summary_large_image\" \/>\n<meta name=\"twitter:creator\" content=\"@RenatoDiasBat\" \/>\n<meta name=\"twitter:site\" content=\"@RenatoDiasBat\" \/>\n<meta name=\"twitter:label1\" content=\"Escrito por\" \/>\n\t<meta name=\"twitter:data1\" content=\"Renato Dias\" \/>\n\t<meta name=\"twitter:label2\" content=\"Est. tempo de leitura\" \/>\n\t<meta name=\"twitter:data2\" content=\"7 minutos\" \/>\n<script type=\"application\/ld+json\" class=\"yoast-schema-graph\">{\"@context\":\"https:\\\/\\\/schema.org\",\"@graph\":[{\"@type\":\"Article\",\"@id\":\"https:\\\/\\\/renatodias.online\\\/movimento\\\/2022\\\/04\\\/02\\\/golpe-de-64-poderia-ter-sido-derrotado\\\/#article\",\"isPartOf\":{\"@id\":\"https:\\\/\\\/renatodias.online\\\/movimento\\\/2022\\\/04\\\/02\\\/golpe-de-64-poderia-ter-sido-derrotado\\\/\"},\"author\":{\"name\":\"Renato Dias\",\"@id\":\"https:\\\/\\\/renatodias.online\\\/movimento\\\/#\\\/schema\\\/person\\\/bbab28833b1725a20f4083f49f1fb2a9\"},\"headline\":\"Golpe de 64 poderia ter sido derrotado?\",\"datePublished\":\"2022-04-03T02:02:59+00:00\",\"mainEntityOfPage\":{\"@id\":\"https:\\\/\\\/renatodias.online\\\/movimento\\\/2022\\\/04\\\/02\\\/golpe-de-64-poderia-ter-sido-derrotado\\\/\"},\"wordCount\":1464,\"commentCount\":0,\"publisher\":{\"@id\":\"https:\\\/\\\/renatodias.online\\\/movimento\\\/#\\\/schema\\\/person\\\/bbab28833b1725a20f4083f49f1fb2a9\"},\"image\":{\"@id\":\"https:\\\/\\\/renatodias.online\\\/movimento\\\/2022\\\/04\\\/02\\\/golpe-de-64-poderia-ter-sido-derrotado\\\/#primaryimage\"},\"thumbnailUrl\":\"https:\\\/\\\/renatodias.online\\\/movimento\\\/wp-content\\\/uploads\\\/2021\\\/06\\\/valerio-e1648951300869.jpg\",\"articleSection\":[\"Opini\u00e3o\"],\"inLanguage\":\"pt-BR\",\"potentialAction\":[{\"@type\":\"CommentAction\",\"name\":\"Comment\",\"target\":[\"https:\\\/\\\/renatodias.online\\\/movimento\\\/2022\\\/04\\\/02\\\/golpe-de-64-poderia-ter-sido-derrotado\\\/#respond\"]}]},{\"@type\":\"WebPage\",\"@id\":\"https:\\\/\\\/renatodias.online\\\/movimento\\\/2022\\\/04\\\/02\\\/golpe-de-64-poderia-ter-sido-derrotado\\\/\",\"url\":\"https:\\\/\\\/renatodias.online\\\/movimento\\\/2022\\\/04\\\/02\\\/golpe-de-64-poderia-ter-sido-derrotado\\\/\",\"name\":\"Golpe de 64 poderia ter sido derrotado? -\",\"isPartOf\":{\"@id\":\"https:\\\/\\\/renatodias.online\\\/movimento\\\/#website\"},\"primaryImageOfPage\":{\"@id\":\"https:\\\/\\\/renatodias.online\\\/movimento\\\/2022\\\/04\\\/02\\\/golpe-de-64-poderia-ter-sido-derrotado\\\/#primaryimage\"},\"image\":{\"@id\":\"https:\\\/\\\/renatodias.online\\\/movimento\\\/2022\\\/04\\\/02\\\/golpe-de-64-poderia-ter-sido-derrotado\\\/#primaryimage\"},\"thumbnailUrl\":\"https:\\\/\\\/renatodias.online\\\/movimento\\\/wp-content\\\/uploads\\\/2021\\\/06\\\/valerio-e1648951300869.jpg\",\"datePublished\":\"2022-04-03T02:02:59+00:00\",\"breadcrumb\":{\"@id\":\"https:\\\/\\\/renatodias.online\\\/movimento\\\/2022\\\/04\\\/02\\\/golpe-de-64-poderia-ter-sido-derrotado\\\/#breadcrumb\"},\"inLanguage\":\"pt-BR\",\"potentialAction\":[{\"@type\":\"ReadAction\",\"target\":[\"https:\\\/\\\/renatodias.online\\\/movimento\\\/2022\\\/04\\\/02\\\/golpe-de-64-poderia-ter-sido-derrotado\\\/\"]}]},{\"@type\":\"ImageObject\",\"inLanguage\":\"pt-BR\",\"@id\":\"https:\\\/\\\/renatodias.online\\\/movimento\\\/2022\\\/04\\\/02\\\/golpe-de-64-poderia-ter-sido-derrotado\\\/#primaryimage\",\"url\":\"https:\\\/\\\/renatodias.online\\\/movimento\\\/wp-content\\\/uploads\\\/2021\\\/06\\\/valerio-e1648951300869.jpg\",\"contentUrl\":\"https:\\\/\\\/renatodias.online\\\/movimento\\\/wp-content\\\/uploads\\\/2021\\\/06\\\/valerio-e1648951300869.jpg\",\"width\":360,\"height\":231,\"caption\":\"Val\u00e9rio Arcary\"},{\"@type\":\"BreadcrumbList\",\"@id\":\"https:\\\/\\\/renatodias.online\\\/movimento\\\/2022\\\/04\\\/02\\\/golpe-de-64-poderia-ter-sido-derrotado\\\/#breadcrumb\",\"itemListElement\":[{\"@type\":\"ListItem\",\"position\":1,\"name\":\"In\u00edcio\",\"item\":\"https:\\\/\\\/renatodias.online\\\/movimento\\\/\"},{\"@type\":\"ListItem\",\"position\":2,\"name\":\"Golpe de 64 poderia ter sido derrotado?\"}]},{\"@type\":\"WebSite\",\"@id\":\"https:\\\/\\\/renatodias.online\\\/movimento\\\/#website\",\"url\":\"https:\\\/\\\/renatodias.online\\\/movimento\\\/\",\"name\":\"\",\"description\":\"\",\"publisher\":{\"@id\":\"https:\\\/\\\/renatodias.online\\\/movimento\\\/#\\\/schema\\\/person\\\/bbab28833b1725a20f4083f49f1fb2a9\"},\"potentialAction\":[{\"@type\":\"SearchAction\",\"target\":{\"@type\":\"EntryPoint\",\"urlTemplate\":\"https:\\\/\\\/renatodias.online\\\/movimento\\\/?s={search_term_string}\"},\"query-input\":{\"@type\":\"PropertyValueSpecification\",\"valueRequired\":true,\"valueName\":\"search_term_string\"}}],\"inLanguage\":\"pt-BR\"},{\"@type\":[\"Person\",\"Organization\"],\"@id\":\"https:\\\/\\\/renatodias.online\\\/movimento\\\/#\\\/schema\\\/person\\\/bbab28833b1725a20f4083f49f1fb2a9\",\"name\":\"Renato Dias\",\"image\":{\"@type\":\"ImageObject\",\"inLanguage\":\"pt-BR\",\"@id\":\"https:\\\/\\\/renatodias.online\\\/movimento\\\/wp-content\\\/uploads\\\/2023\\\/03\\\/cropped-cropped-cropped-logofinal.jpeg\",\"url\":\"https:\\\/\\\/renatodias.online\\\/movimento\\\/wp-content\\\/uploads\\\/2023\\\/03\\\/cropped-cropped-cropped-logofinal.jpeg\",\"contentUrl\":\"https:\\\/\\\/renatodias.online\\\/movimento\\\/wp-content\\\/uploads\\\/2023\\\/03\\\/cropped-cropped-cropped-logofinal.jpeg\",\"width\":1280,\"height\":219,\"caption\":\"Renato Dias\"},\"logo\":{\"@id\":\"https:\\\/\\\/renatodias.online\\\/movimento\\\/wp-content\\\/uploads\\\/2023\\\/03\\\/cropped-cropped-cropped-logofinal.jpeg\"},\"description\":\"Renato Dias, 58 anos, \u00e9 graduado em Jornalismo, formado em Ci\u00eancias Sociais, com p\u00f3s-gradua\u00e7\u00e3o em Pol\u00edticas P\u00fablicas, mestre em Direito e Rela\u00e7\u00f5es Internacionais, ex-aluno extraordin\u00e1rio do Doutorado em Psicologia Social, ex-estudante do Curso de Psican\u00e1lise do Centro de Estudos Psicanal\u00edticos do Estado de Goi\u00e1s, ministrado pelo m\u00e9dico psiquiatra e psicanalista Daniel Em\u00eddio de Souza. \u00c9 autor de 30 livros-reportagem, oito document\u00e1rios, ganhou 30 pr\u00eamios e \u00e9 torcedor apaixonado do maior do Centro-Oeste, o Vila Nova Futebol Clube. Casado com Meirilane Dias, \u00e9 pai de Juliana Dias, jornalista; Daniel Dias, economista; e Maria Rosa Dias, estudante antifascista, socialista e trotskista.\u00a0Com tr\u00eas pets: Porquinho [Bull Dog Franc\u00eas], Dalila [Basset Hound] e Geleia [Basset Hound]. Al\u00e9m do eterno gato Tutuquinho, que virou estrela.\",\"sameAs\":[\"https:\\\/\\\/www.facebook.com\\\/renato.dias.37\",\"#breve\",\"https:\\\/\\\/renatodias.tumblr.com\\\/\"],\"url\":\"https:\\\/\\\/renatodias.online\\\/movimento\\\/author\\\/renatodias\\\/\"}]}<\/script>\n<!-- \/ Yoast SEO plugin. -->","yoast_head_json":{"title":"Golpe de 64 poderia ter sido derrotado? -","robots":{"index":"index","follow":"follow","max-snippet":"max-snippet:-1","max-image-preview":"max-image-preview:large","max-video-preview":"max-video-preview:-1"},"canonical":"https:\/\/renatodias.online\/movimento\/2022\/04\/02\/golpe-de-64-poderia-ter-sido-derrotado\/","og_locale":"pt_BR","og_type":"article","og_title":"Golpe de 64 poderia ter sido derrotado? -","og_description":"Golpe de 64 poderia ter sido derrotado? &nbsp; Valerio Arcary Nem a burguesia brasileira, nem o governo norte-americano estavam dispostos a correr o risco de uma \u201cnova Cuba\u201d &#8211; AFP A imagina\u00e7\u00e3o hist\u00f3rica deve obedecer ao m\u00e9todo e \u00e0 disciplina. Mas \u00e9 tamb\u00e9m um exerc\u00edcio \u00fatil Se para o Brasil tiv\u00e9ssemos feito um estudo s\u00e9rio","og_url":"https:\/\/renatodias.online\/movimento\/2022\/04\/02\/golpe-de-64-poderia-ter-sido-derrotado\/","article_publisher":"https:\/\/www.facebook.com\/renato.dias.37","article_author":"https:\/\/www.facebook.com\/renato.dias.37","article_published_time":"2022-04-03T02:02:59+00:00","og_image":[{"width":360,"height":231,"url":"https:\/\/renatodias.online\/movimento\/wp-content\/uploads\/2021\/06\/valerio-e1648951300869.jpg","type":"image\/jpeg"}],"author":"Renato Dias","twitter_card":"summary_large_image","twitter_creator":"@RenatoDiasBat","twitter_site":"@RenatoDiasBat","twitter_misc":{"Escrito por":"Renato Dias","Est. tempo de leitura":"7 minutos"},"schema":{"@context":"https:\/\/schema.org","@graph":[{"@type":"Article","@id":"https:\/\/renatodias.online\/movimento\/2022\/04\/02\/golpe-de-64-poderia-ter-sido-derrotado\/#article","isPartOf":{"@id":"https:\/\/renatodias.online\/movimento\/2022\/04\/02\/golpe-de-64-poderia-ter-sido-derrotado\/"},"author":{"name":"Renato Dias","@id":"https:\/\/renatodias.online\/movimento\/#\/schema\/person\/bbab28833b1725a20f4083f49f1fb2a9"},"headline":"Golpe de 64 poderia ter sido derrotado?","datePublished":"2022-04-03T02:02:59+00:00","mainEntityOfPage":{"@id":"https:\/\/renatodias.online\/movimento\/2022\/04\/02\/golpe-de-64-poderia-ter-sido-derrotado\/"},"wordCount":1464,"commentCount":0,"publisher":{"@id":"https:\/\/renatodias.online\/movimento\/#\/schema\/person\/bbab28833b1725a20f4083f49f1fb2a9"},"image":{"@id":"https:\/\/renatodias.online\/movimento\/2022\/04\/02\/golpe-de-64-poderia-ter-sido-derrotado\/#primaryimage"},"thumbnailUrl":"https:\/\/renatodias.online\/movimento\/wp-content\/uploads\/2021\/06\/valerio-e1648951300869.jpg","articleSection":["Opini\u00e3o"],"inLanguage":"pt-BR","potentialAction":[{"@type":"CommentAction","name":"Comment","target":["https:\/\/renatodias.online\/movimento\/2022\/04\/02\/golpe-de-64-poderia-ter-sido-derrotado\/#respond"]}]},{"@type":"WebPage","@id":"https:\/\/renatodias.online\/movimento\/2022\/04\/02\/golpe-de-64-poderia-ter-sido-derrotado\/","url":"https:\/\/renatodias.online\/movimento\/2022\/04\/02\/golpe-de-64-poderia-ter-sido-derrotado\/","name":"Golpe de 64 poderia ter sido derrotado? -","isPartOf":{"@id":"https:\/\/renatodias.online\/movimento\/#website"},"primaryImageOfPage":{"@id":"https:\/\/renatodias.online\/movimento\/2022\/04\/02\/golpe-de-64-poderia-ter-sido-derrotado\/#primaryimage"},"image":{"@id":"https:\/\/renatodias.online\/movimento\/2022\/04\/02\/golpe-de-64-poderia-ter-sido-derrotado\/#primaryimage"},"thumbnailUrl":"https:\/\/renatodias.online\/movimento\/wp-content\/uploads\/2021\/06\/valerio-e1648951300869.jpg","datePublished":"2022-04-03T02:02:59+00:00","breadcrumb":{"@id":"https:\/\/renatodias.online\/movimento\/2022\/04\/02\/golpe-de-64-poderia-ter-sido-derrotado\/#breadcrumb"},"inLanguage":"pt-BR","potentialAction":[{"@type":"ReadAction","target":["https:\/\/renatodias.online\/movimento\/2022\/04\/02\/golpe-de-64-poderia-ter-sido-derrotado\/"]}]},{"@type":"ImageObject","inLanguage":"pt-BR","@id":"https:\/\/renatodias.online\/movimento\/2022\/04\/02\/golpe-de-64-poderia-ter-sido-derrotado\/#primaryimage","url":"https:\/\/renatodias.online\/movimento\/wp-content\/uploads\/2021\/06\/valerio-e1648951300869.jpg","contentUrl":"https:\/\/renatodias.online\/movimento\/wp-content\/uploads\/2021\/06\/valerio-e1648951300869.jpg","width":360,"height":231,"caption":"Val\u00e9rio Arcary"},{"@type":"BreadcrumbList","@id":"https:\/\/renatodias.online\/movimento\/2022\/04\/02\/golpe-de-64-poderia-ter-sido-derrotado\/#breadcrumb","itemListElement":[{"@type":"ListItem","position":1,"name":"In\u00edcio","item":"https:\/\/renatodias.online\/movimento\/"},{"@type":"ListItem","position":2,"name":"Golpe de 64 poderia ter sido derrotado?"}]},{"@type":"WebSite","@id":"https:\/\/renatodias.online\/movimento\/#website","url":"https:\/\/renatodias.online\/movimento\/","name":"","description":"","publisher":{"@id":"https:\/\/renatodias.online\/movimento\/#\/schema\/person\/bbab28833b1725a20f4083f49f1fb2a9"},"potentialAction":[{"@type":"SearchAction","target":{"@type":"EntryPoint","urlTemplate":"https:\/\/renatodias.online\/movimento\/?s={search_term_string}"},"query-input":{"@type":"PropertyValueSpecification","valueRequired":true,"valueName":"search_term_string"}}],"inLanguage":"pt-BR"},{"@type":["Person","Organization"],"@id":"https:\/\/renatodias.online\/movimento\/#\/schema\/person\/bbab28833b1725a20f4083f49f1fb2a9","name":"Renato Dias","image":{"@type":"ImageObject","inLanguage":"pt-BR","@id":"https:\/\/renatodias.online\/movimento\/wp-content\/uploads\/2023\/03\/cropped-cropped-cropped-logofinal.jpeg","url":"https:\/\/renatodias.online\/movimento\/wp-content\/uploads\/2023\/03\/cropped-cropped-cropped-logofinal.jpeg","contentUrl":"https:\/\/renatodias.online\/movimento\/wp-content\/uploads\/2023\/03\/cropped-cropped-cropped-logofinal.jpeg","width":1280,"height":219,"caption":"Renato Dias"},"logo":{"@id":"https:\/\/renatodias.online\/movimento\/wp-content\/uploads\/2023\/03\/cropped-cropped-cropped-logofinal.jpeg"},"description":"Renato Dias, 58 anos, \u00e9 graduado em Jornalismo, formado em Ci\u00eancias Sociais, com p\u00f3s-gradua\u00e7\u00e3o em Pol\u00edticas P\u00fablicas, mestre em Direito e Rela\u00e7\u00f5es Internacionais, ex-aluno extraordin\u00e1rio do Doutorado em Psicologia Social, ex-estudante do Curso de Psican\u00e1lise do Centro de Estudos Psicanal\u00edticos do Estado de Goi\u00e1s, ministrado pelo m\u00e9dico psiquiatra e psicanalista Daniel Em\u00eddio de Souza. \u00c9 autor de 30 livros-reportagem, oito document\u00e1rios, ganhou 30 pr\u00eamios e \u00e9 torcedor apaixonado do maior do Centro-Oeste, o Vila Nova Futebol Clube. Casado com Meirilane Dias, \u00e9 pai de Juliana Dias, jornalista; Daniel Dias, economista; e Maria Rosa Dias, estudante antifascista, socialista e trotskista.\u00a0Com tr\u00eas pets: Porquinho [Bull Dog Franc\u00eas], Dalila [Basset Hound] e Geleia [Basset Hound]. Al\u00e9m do eterno gato Tutuquinho, que virou estrela.","sameAs":["https:\/\/www.facebook.com\/renato.dias.37","#breve","https:\/\/renatodias.tumblr.com\/"],"url":"https:\/\/renatodias.online\/movimento\/author\/renatodias\/"}]}},"_links":{"self":[{"href":"https:\/\/renatodias.online\/movimento\/wp-json\/wp\/v2\/posts\/11644","targetHints":{"allow":["GET"]}}],"collection":[{"href":"https:\/\/renatodias.online\/movimento\/wp-json\/wp\/v2\/posts"}],"about":[{"href":"https:\/\/renatodias.online\/movimento\/wp-json\/wp\/v2\/types\/post"}],"author":[{"embeddable":true,"href":"https:\/\/renatodias.online\/movimento\/wp-json\/wp\/v2\/users\/2"}],"replies":[{"embeddable":true,"href":"https:\/\/renatodias.online\/movimento\/wp-json\/wp\/v2\/comments?post=11644"}],"version-history":[{"count":1,"href":"https:\/\/renatodias.online\/movimento\/wp-json\/wp\/v2\/posts\/11644\/revisions"}],"predecessor-version":[{"id":11645,"href":"https:\/\/renatodias.online\/movimento\/wp-json\/wp\/v2\/posts\/11644\/revisions\/11645"}],"wp:featuredmedia":[{"embeddable":true,"href":"https:\/\/renatodias.online\/movimento\/wp-json\/wp\/v2\/media\/7402"}],"wp:attachment":[{"href":"https:\/\/renatodias.online\/movimento\/wp-json\/wp\/v2\/media?parent=11644"}],"wp:term":[{"taxonomy":"category","embeddable":true,"href":"https:\/\/renatodias.online\/movimento\/wp-json\/wp\/v2\/categories?post=11644"},{"taxonomy":"post_tag","embeddable":true,"href":"https:\/\/renatodias.online\/movimento\/wp-json\/wp\/v2\/tags?post=11644"}],"curies":[{"name":"wp","href":"https:\/\/api.w.org\/{rel}","templated":true}]}}