{"id":11533,"date":"2022-03-28T22:40:56","date_gmt":"2022-03-29T01:40:56","guid":{"rendered":"https:\/\/renatodias.online\/movimento\/?p=11533"},"modified":"2022-03-28T22:41:49","modified_gmt":"2022-03-29T01:41:49","slug":"75-anos-de-honestino-guimaraes","status":"publish","type":"post","link":"https:\/\/renatodias.online\/movimento\/2022\/03\/28\/75-anos-de-honestino-guimaraes\/","title":{"rendered":"75 anos de Honestino Guimar\u00e3es"},"content":{"rendered":"<figure id=\"attachment_6421\" aria-describedby=\"caption-attachment-6421\" style=\"width: 750px\" class=\"wp-caption aligncenter\"><img loading=\"lazy\" decoding=\"async\" class=\"wp-image-6421 size-full\" src=\"https:\/\/renatodias.online\/movimento\/wp-content\/uploads\/2021\/05\/Ocupacao-da-UnB-em-1968.jpg\" alt=\"\" width=\"750\" height=\"500\" srcset=\"https:\/\/renatodias.online\/movimento\/wp-content\/uploads\/2021\/05\/Ocupacao-da-UnB-em-1968.jpg 750w, https:\/\/renatodias.online\/movimento\/wp-content\/uploads\/2021\/05\/Ocupacao-da-UnB-em-1968-300x200.jpg 300w, https:\/\/renatodias.online\/movimento\/wp-content\/uploads\/2021\/05\/Ocupacao-da-UnB-em-1968-360x240.jpg 360w\" sizes=\"auto, (max-width: 750px) 100vw, 750px\" \/><figcaption id=\"caption-attachment-6421\" class=\"wp-caption-text\"><strong>Ocupa\u00e7\u00e3o da UnB, em 1968 &#8211; Correio Braziliense<\/strong><\/figcaption><\/figure>\n<h1 style=\"text-align: center;\"><strong><span style=\"color: #ff0000;\">Mandados de pris\u00e3o na UnB em 1968<\/span><br \/>\n<\/strong><\/h1>\n<h2 style=\"text-align: center;\"><span style=\"color: #666699;\"><strong>Contra Lenine Bueno, Paulo Speller, <\/strong><strong>Paulo Cassis, <\/strong><strong>Mauro Burlamaqui, Samuel Bab\u00e1, Jos\u00e9 Ant\u00f4nio Prates e Nilson Curado<\/strong><\/span><\/h2>\n<p><img loading=\"lazy\" decoding=\"async\" class=\"wp-image-11529 size-full aligncenter\" src=\"https:\/\/renatodias.online\/movimento\/wp-content\/uploads\/2022\/03\/Revolucao.png\" alt=\"\" width=\"600\" height=\"348\" \/><\/p>\n<h3><span style=\"color: #008000;\"><strong>Ex-presidente da UNE teria sido preso em 10 de outubro de 1973, levado \u00e0 Bras\u00edlia, assassinado em dezembro e seus despojos mortais depositados em cidade de Goi\u00e1s<\/strong><\/span><\/h3>\n<p><img loading=\"lazy\" decoding=\"async\" class=\"wp-image-11542 size-full aligncenter\" src=\"https:\/\/renatodias.online\/movimento\/wp-content\/uploads\/2022\/03\/Honestino-M-Guimaraes.jpg\" alt=\"\" width=\"446\" height=\"499\" srcset=\"https:\/\/renatodias.online\/movimento\/wp-content\/uploads\/2022\/03\/Honestino-M-Guimaraes.jpg 446w, https:\/\/renatodias.online\/movimento\/wp-content\/uploads\/2022\/03\/Honestino-M-Guimaraes-268x300.jpg 268w\" sizes=\"auto, (max-width: 446px) 100vw, 446px\" \/><\/p>\n<h1 style=\"text-align: center;\"><span style=\"color: #ff00ff;\"><strong>Betty Almeida<\/strong><\/span><\/h1>\n<figure id=\"attachment_6062\" aria-describedby=\"caption-attachment-6062\" style=\"width: 464px\" class=\"wp-caption aligncenter\"><img loading=\"lazy\" decoding=\"async\" class=\"wp-image-6062 size-full\" src=\"https:\/\/renatodias.online\/movimento\/wp-content\/uploads\/2021\/04\/Betty-Almeida-e1629913711742.jpg\" alt=\"Betty Almeida\" width=\"464\" height=\"464\" \/><figcaption id=\"caption-attachment-6062\" class=\"wp-caption-text\"><strong>Betty Almeida<\/strong><\/figcaption><\/figure>\n<p>O primeiro filho de Benedito Monteiro Guimar\u00e3es e Maria Rosa Leite Monteiro nasceu no dia 28 de mar\u00e7o do ano de 1947, no munic\u00edpio de Itabera\u00ed, Estado de Goi\u00e1s. Registro: Benedito Monteiro Guimar\u00e3es chamou o menino <strong>Honestino Monteiro Guimar\u00e3es<\/strong>. Hist\u00f3ria: em homenagem a um tio-av\u00f4 ilustre. Depois vieram mais dois filhos. Anos mais tarde, a fam\u00edlia mudou-se para a rec\u00e9m-inaugurada Bras\u00edlia, Distrito Federal. A capital da Rep\u00fablica inaugurada em 21 de abril de 1960 pelo ent\u00e3o presidente da Rep\u00fablica, <strong>Juscelino Kubistcheck<\/strong>. Em busca de oportunidades de trabalho para os pais e bons estudos para os filhos.<\/p>\n<figure id=\"attachment_2973\" aria-describedby=\"caption-attachment-2973\" style=\"width: 800px\" class=\"wp-caption aligncenter\"><img loading=\"lazy\" decoding=\"async\" class=\"wp-image-2973 size-full\" src=\"https:\/\/renatodias.online\/movimento\/wp-content\/uploads\/2019\/11\/JK-online.jpg\" alt=\"\" width=\"800\" height=\"450\" srcset=\"https:\/\/renatodias.online\/movimento\/wp-content\/uploads\/2019\/11\/JK-online.jpg 800w, https:\/\/renatodias.online\/movimento\/wp-content\/uploads\/2019\/11\/JK-online-300x169.jpg 300w, https:\/\/renatodias.online\/movimento\/wp-content\/uploads\/2019\/11\/JK-online-768x432.jpg 768w, https:\/\/renatodias.online\/movimento\/wp-content\/uploads\/2019\/11\/JK-online-750x422.jpg 750w\" sizes=\"auto, (max-width: 800px) 100vw, 800px\" \/><figcaption id=\"caption-attachment-2973\" class=\"wp-caption-text\"><strong>JK<\/strong><\/figcaption><\/figure>\n<p>Honestino Monteiro, que a fam\u00edlia chamava Guimar\u00e3es ou simplesmente Gui, sempre destacou-se nos estudos e demonstrava as suas capacidades de lideran\u00e7a. Ele interessava-se por quest\u00f5es sociais e pol\u00edtica nacional. Na UnB, onde ingressou no curso de Geologia em 1965, em 1\u00ba lugar geral no vestibular, tornou-se l\u00edder inconteste na resist\u00eancia estudantil \u00e0 ditadura civil e militar, em Bras\u00edlia. A comemora\u00e7\u00e3o de seu anivers\u00e1rio de 21 anos, em 28 de mar\u00e7o de 1968, foi interrompida pela not\u00edcia do assassinato de Edson Lu\u00eds Lima Souto, durante repress\u00e3o a uma manifesta\u00e7\u00e3o estudantil no Restaurante do Calabou\u00e7o, no Rio de Janeiro.<\/p>\n<figure id=\"attachment_9329\" aria-describedby=\"caption-attachment-9329\" style=\"width: 1200px\" class=\"wp-caption alignnone\"><img loading=\"lazy\" decoding=\"async\" class=\"wp-image-9329 size-full\" src=\"https:\/\/renatodias.online\/movimento\/wp-content\/uploads\/2021\/10\/Edson-Luis-de-Lima-Souto-morto-em-28-de-marco-de-1968.jpeg\" alt=\"\" width=\"1200\" height=\"675\" srcset=\"https:\/\/renatodias.online\/movimento\/wp-content\/uploads\/2021\/10\/Edson-Luis-de-Lima-Souto-morto-em-28-de-marco-de-1968.jpeg 1200w, https:\/\/renatodias.online\/movimento\/wp-content\/uploads\/2021\/10\/Edson-Luis-de-Lima-Souto-morto-em-28-de-marco-de-1968-300x169.jpeg 300w, https:\/\/renatodias.online\/movimento\/wp-content\/uploads\/2021\/10\/Edson-Luis-de-Lima-Souto-morto-em-28-de-marco-de-1968-768x432.jpeg 768w, https:\/\/renatodias.online\/movimento\/wp-content\/uploads\/2021\/10\/Edson-Luis-de-Lima-Souto-morto-em-28-de-marco-de-1968-750x422.jpeg 750w\" sizes=\"auto, (max-width: 1200px) 100vw, 1200px\" \/><figcaption id=\"caption-attachment-9329\" class=\"wp-caption-text\"><strong>Edson Lu\u00eds de Lima Souto, morto em 28 de mar\u00e7o de 1968<\/strong><\/figcaption><\/figure>\n<p><img loading=\"lazy\" decoding=\"async\" class=\"alignnone wp-image-2918 size-full\" src=\"https:\/\/renatodias.online\/movimento\/wp-content\/uploads\/2019\/11\/Marcas-de-tiros.png\" alt=\"\" width=\"1024\" height=\"768\" \/><\/p>\n<p>O enfant terrible foi eleito presidente da Federa\u00e7\u00e3o dos Estudantes Universit\u00e1rios de Bras\u00edlia. Quando: em 1968. Ele estava preso. A UnB chegou a ser invadida por for\u00e7as policiais para cumprir mandados de pris\u00e3o contra ele e os estudantes <strong>Lenine Bueno, Paulo Speller, Paulo Cassis, Mauro Burlamaqui, Samuel Bab\u00e1, Jos\u00e9 Ant\u00f4nio Prates e Nilson Curado<\/strong>.\u00a0Com o AI-5, pris\u00e3o preventiva decretada e sem possibilidade de habeas corpus, teve que deixar o DF e refugiar-se na clandestinidade, em S\u00e3o Paulo. Por fim, transferiu-se para o Rio de Janeiro, onde acabou preso em 10 de outubro de 1973. A m\u00e3e e os irm\u00e3os procuraram-no incansavelmente.<\/p>\n<h1 style=\"text-align: center;\"><a href=\"https:\/\/renatodias.online\/movimento\/wp-content\/uploads\/2022\/03\/Lenine-Bueno-Bruxelas-1978.pdf\">Lenine Bueno Bruxelas &#8211; 1978<\/a><\/h1>\n<p>O ex-presidente da UNE continua a ser um s\u00edmbolo inspirador para os que lutam por um futuro melhor \u00e0 Humanidade. Por justi\u00e7a social e democracia. No Brasil de hoje, assolado pela presid\u00eancia de um inepto preocupado apenas com usufruir de privil\u00e9gios em troca de benef\u00edcios \u00e0s classes dominantes, a sua mem\u00f3ria anima os que o conheceram e impulsiona os que compartilham seus ideais, ainda vivos, como eram para ele. As circunst\u00e2ncias de seu desaparecimento for\u00e7ado, 49 anos depois, ainda n\u00e3o foram esclarecidas. Nunca foi visto na pris\u00e3o por presos pol\u00edticos. <strong>H\u00e1 ind\u00edcios de que foi trazido para Bras\u00edlia e foi assassinado em dezembro de 1973. Seus despojos mortais teriam sido depositados em uma cidade de Goi\u00e1s<\/strong>.<\/p>\n<p><img loading=\"lazy\" decoding=\"async\" class=\"size-medium wp-image-7457\" src=\"https:\/\/renatodias.online\/movimento\/wp-content\/uploads\/2021\/06\/Sangue-_-1-300x200.jpeg\" alt=\"\" width=\"300\" height=\"200\" \/><\/p>\n<p><img loading=\"lazy\" decoding=\"async\" class=\"alignnone wp-image-10120 size-large\" src=\"https:\/\/renatodias.online\/movimento\/wp-content\/uploads\/2021\/12\/Servico-1596x1024.jpg\" alt=\"\" width=\"1140\" height=\"731\" \/><\/p>\n<p><img loading=\"lazy\" decoding=\"async\" class=\"size-medium wp-image-10971 aligncenter\" src=\"https:\/\/renatodias.online\/movimento\/wp-content\/uploads\/2022\/02\/Saiba-mais-300x103.png\" alt=\"\" width=\"300\" height=\"103\" srcset=\"https:\/\/renatodias.online\/movimento\/wp-content\/uploads\/2022\/02\/Saiba-mais-300x103.png 300w, https:\/\/renatodias.online\/movimento\/wp-content\/uploads\/2022\/02\/Saiba-mais.png 572w\" sizes=\"auto, (max-width: 300px) 100vw, 300px\" \/><\/p>\n<p style=\"text-align: center;\"><span style=\"color: #808080;\"><strong>Para conhecer mais sobre a hist\u00f3ria acima, leia <\/strong><\/span><\/p>\n<p style=\"text-align: center;\"><span style=\"color: #0000ff;\"><strong>Paix\u00e3o de Honestino, de Betty Almeida, Bras\u00edlia, Editora UnB, 2016<\/strong><\/span><\/p>\n<figure id=\"attachment_8768\" aria-describedby=\"caption-attachment-8768\" style=\"width: 810px\" class=\"wp-caption aligncenter\"><img loading=\"lazy\" decoding=\"async\" class=\"wp-image-8768 size-full\" src=\"https:\/\/renatodias.online\/movimento\/wp-content\/uploads\/2021\/08\/Capa-do-Livro-Paixao-de-Honestino.jpg\" alt=\"\" width=\"810\" height=\"590\" srcset=\"https:\/\/renatodias.online\/movimento\/wp-content\/uploads\/2021\/08\/Capa-do-Livro-Paixao-de-Honestino.jpg 810w, https:\/\/renatodias.online\/movimento\/wp-content\/uploads\/2021\/08\/Capa-do-Livro-Paixao-de-Honestino-300x219.jpg 300w, https:\/\/renatodias.online\/movimento\/wp-content\/uploads\/2021\/08\/Capa-do-Livro-Paixao-de-Honestino-768x559.jpg 768w, https:\/\/renatodias.online\/movimento\/wp-content\/uploads\/2021\/08\/Capa-do-Livro-Paixao-de-Honestino-750x546.jpg 750w\" sizes=\"auto, (max-width: 810px) 100vw, 810px\" \/><figcaption id=\"caption-attachment-8768\" class=\"wp-caption-text\"><strong>Capa do Livro &#8211; Paix\u00e3o de Honestino, de autoria de Betty Almeida<\/strong><\/figcaption><\/figure>\n","protected":false},"excerpt":{"rendered":"<p>Mandados de pris\u00e3o na UnB em 1968 Contra Lenine Bueno, Paulo Speller, Paulo Cassis, Mauro Burlamaqui, Samuel Bab\u00e1, Jos\u00e9 Ant\u00f4nio Prates e Nilson Curado Ex-presidente da UNE teria sido preso em 10 de outubro de 1973, levado \u00e0 Bras\u00edlia, assassinado em dezembro e seus despojos mortais depositados em cidade de Goi\u00e1s Betty Almeida O primeiro<\/p>\n","protected":false},"author":2,"featured_media":7775,"comment_status":"open","ping_status":"open","sticky":false,"template":"","format":"standard","meta":{"_acf_changed":false,"_monsterinsights_skip_tracking":false,"_monsterinsights_sitenote_active":false,"_monsterinsights_sitenote_note":"","_monsterinsights_sitenote_category":0,"footnotes":""},"categories":[1],"tags":[],"class_list":["post-11533","post","type-post","status-publish","format-standard","has-post-thumbnail","hentry","category-cinema"],"acf":[],"yoast_head":"<!-- This site is optimized with the Yoast SEO plugin v27.4 - https:\/\/yoast.com\/product\/yoast-seo-wordpress\/ -->\n<title>75 anos de Honestino Guimar\u00e3es -<\/title>\n<meta name=\"robots\" content=\"index, follow, max-snippet:-1, max-image-preview:large, max-video-preview:-1\" \/>\n<link rel=\"canonical\" href=\"https:\/\/renatodias.online\/movimento\/2022\/03\/28\/75-anos-de-honestino-guimaraes\/\" \/>\n<meta property=\"og:locale\" content=\"pt_BR\" \/>\n<meta property=\"og:type\" content=\"article\" \/>\n<meta property=\"og:title\" content=\"75 anos de Honestino Guimar\u00e3es -\" \/>\n<meta property=\"og:description\" content=\"Mandados de pris\u00e3o na UnB em 1968 Contra Lenine Bueno, Paulo Speller, Paulo Cassis, Mauro Burlamaqui, Samuel Bab\u00e1, Jos\u00e9 Ant\u00f4nio Prates e Nilson Curado Ex-presidente da UNE teria sido preso em 10 de outubro de 1973, levado \u00e0 Bras\u00edlia, assassinado em dezembro e seus despojos mortais depositados em cidade de Goi\u00e1s Betty Almeida O primeiro\" \/>\n<meta property=\"og:url\" content=\"https:\/\/renatodias.online\/movimento\/2022\/03\/28\/75-anos-de-honestino-guimaraes\/\" \/>\n<meta property=\"article:publisher\" content=\"https:\/\/www.facebook.com\/renato.dias.37\" \/>\n<meta property=\"article:author\" content=\"https:\/\/www.facebook.com\/renato.dias.37\" \/>\n<meta property=\"article:published_time\" content=\"2022-03-29T01:40:56+00:00\" \/>\n<meta property=\"article:modified_time\" content=\"2022-03-29T01:41:49+00:00\" \/>\n<meta property=\"og:image\" content=\"https:\/\/renatodias.online\/movimento\/wp-content\/uploads\/2021\/07\/Honestino-Monteiro-Guimaraes-UNE-1-e1648517073339.jpg\" \/>\n\t<meta property=\"og:image:width\" content=\"360\" \/>\n\t<meta property=\"og:image:height\" content=\"203\" \/>\n\t<meta property=\"og:image:type\" content=\"image\/jpeg\" \/>\n<meta name=\"author\" content=\"Renato Dias\" \/>\n<meta name=\"twitter:card\" content=\"summary_large_image\" \/>\n<meta name=\"twitter:creator\" content=\"@RenatoDiasBat\" \/>\n<meta name=\"twitter:site\" content=\"@RenatoDiasBat\" \/>\n<meta name=\"twitter:label1\" content=\"Escrito por\" \/>\n\t<meta name=\"twitter:data1\" content=\"Renato Dias\" \/>\n\t<meta name=\"twitter:label2\" content=\"Est. tempo de leitura\" \/>\n\t<meta name=\"twitter:data2\" content=\"3 minutos\" \/>\n<script type=\"application\/ld+json\" class=\"yoast-schema-graph\">{\"@context\":\"https:\\\/\\\/schema.org\",\"@graph\":[{\"@type\":\"Article\",\"@id\":\"https:\\\/\\\/renatodias.online\\\/movimento\\\/2022\\\/03\\\/28\\\/75-anos-de-honestino-guimaraes\\\/#article\",\"isPartOf\":{\"@id\":\"https:\\\/\\\/renatodias.online\\\/movimento\\\/2022\\\/03\\\/28\\\/75-anos-de-honestino-guimaraes\\\/\"},\"author\":{\"name\":\"Renato Dias\",\"@id\":\"https:\\\/\\\/renatodias.online\\\/movimento\\\/#\\\/schema\\\/person\\\/bbab28833b1725a20f4083f49f1fb2a9\"},\"headline\":\"75 anos de Honestino Guimar\u00e3es\",\"datePublished\":\"2022-03-29T01:40:56+00:00\",\"dateModified\":\"2022-03-29T01:41:49+00:00\",\"mainEntityOfPage\":{\"@id\":\"https:\\\/\\\/renatodias.online\\\/movimento\\\/2022\\\/03\\\/28\\\/75-anos-de-honestino-guimaraes\\\/\"},\"wordCount\":601,\"commentCount\":0,\"publisher\":{\"@id\":\"https:\\\/\\\/renatodias.online\\\/movimento\\\/#\\\/schema\\\/person\\\/bbab28833b1725a20f4083f49f1fb2a9\"},\"image\":{\"@id\":\"https:\\\/\\\/renatodias.online\\\/movimento\\\/2022\\\/03\\\/28\\\/75-anos-de-honestino-guimaraes\\\/#primaryimage\"},\"thumbnailUrl\":\"https:\\\/\\\/renatodias.online\\\/movimento\\\/wp-content\\\/uploads\\\/2021\\\/07\\\/Honestino-Monteiro-Guimaraes-UNE-1-e1648517073339.jpg\",\"articleSection\":[\"Cinema\"],\"inLanguage\":\"pt-BR\",\"potentialAction\":[{\"@type\":\"CommentAction\",\"name\":\"Comment\",\"target\":[\"https:\\\/\\\/renatodias.online\\\/movimento\\\/2022\\\/03\\\/28\\\/75-anos-de-honestino-guimaraes\\\/#respond\"]}]},{\"@type\":\"WebPage\",\"@id\":\"https:\\\/\\\/renatodias.online\\\/movimento\\\/2022\\\/03\\\/28\\\/75-anos-de-honestino-guimaraes\\\/\",\"url\":\"https:\\\/\\\/renatodias.online\\\/movimento\\\/2022\\\/03\\\/28\\\/75-anos-de-honestino-guimaraes\\\/\",\"name\":\"75 anos de Honestino Guimar\u00e3es -\",\"isPartOf\":{\"@id\":\"https:\\\/\\\/renatodias.online\\\/movimento\\\/#website\"},\"primaryImageOfPage\":{\"@id\":\"https:\\\/\\\/renatodias.online\\\/movimento\\\/2022\\\/03\\\/28\\\/75-anos-de-honestino-guimaraes\\\/#primaryimage\"},\"image\":{\"@id\":\"https:\\\/\\\/renatodias.online\\\/movimento\\\/2022\\\/03\\\/28\\\/75-anos-de-honestino-guimaraes\\\/#primaryimage\"},\"thumbnailUrl\":\"https:\\\/\\\/renatodias.online\\\/movimento\\\/wp-content\\\/uploads\\\/2021\\\/07\\\/Honestino-Monteiro-Guimaraes-UNE-1-e1648517073339.jpg\",\"datePublished\":\"2022-03-29T01:40:56+00:00\",\"dateModified\":\"2022-03-29T01:41:49+00:00\",\"breadcrumb\":{\"@id\":\"https:\\\/\\\/renatodias.online\\\/movimento\\\/2022\\\/03\\\/28\\\/75-anos-de-honestino-guimaraes\\\/#breadcrumb\"},\"inLanguage\":\"pt-BR\",\"potentialAction\":[{\"@type\":\"ReadAction\",\"target\":[\"https:\\\/\\\/renatodias.online\\\/movimento\\\/2022\\\/03\\\/28\\\/75-anos-de-honestino-guimaraes\\\/\"]}]},{\"@type\":\"ImageObject\",\"inLanguage\":\"pt-BR\",\"@id\":\"https:\\\/\\\/renatodias.online\\\/movimento\\\/2022\\\/03\\\/28\\\/75-anos-de-honestino-guimaraes\\\/#primaryimage\",\"url\":\"https:\\\/\\\/renatodias.online\\\/movimento\\\/wp-content\\\/uploads\\\/2021\\\/07\\\/Honestino-Monteiro-Guimaraes-UNE-1-e1648517073339.jpg\",\"contentUrl\":\"https:\\\/\\\/renatodias.online\\\/movimento\\\/wp-content\\\/uploads\\\/2021\\\/07\\\/Honestino-Monteiro-Guimaraes-UNE-1-e1648517073339.jpg\",\"width\":360,\"height\":203,\"caption\":\"Honestino Monteiro Guimar\u00e3es - UNE\"},{\"@type\":\"BreadcrumbList\",\"@id\":\"https:\\\/\\\/renatodias.online\\\/movimento\\\/2022\\\/03\\\/28\\\/75-anos-de-honestino-guimaraes\\\/#breadcrumb\",\"itemListElement\":[{\"@type\":\"ListItem\",\"position\":1,\"name\":\"In\u00edcio\",\"item\":\"https:\\\/\\\/renatodias.online\\\/movimento\\\/\"},{\"@type\":\"ListItem\",\"position\":2,\"name\":\"75 anos de Honestino Guimar\u00e3es\"}]},{\"@type\":\"WebSite\",\"@id\":\"https:\\\/\\\/renatodias.online\\\/movimento\\\/#website\",\"url\":\"https:\\\/\\\/renatodias.online\\\/movimento\\\/\",\"name\":\"\",\"description\":\"\",\"publisher\":{\"@id\":\"https:\\\/\\\/renatodias.online\\\/movimento\\\/#\\\/schema\\\/person\\\/bbab28833b1725a20f4083f49f1fb2a9\"},\"potentialAction\":[{\"@type\":\"SearchAction\",\"target\":{\"@type\":\"EntryPoint\",\"urlTemplate\":\"https:\\\/\\\/renatodias.online\\\/movimento\\\/?s={search_term_string}\"},\"query-input\":{\"@type\":\"PropertyValueSpecification\",\"valueRequired\":true,\"valueName\":\"search_term_string\"}}],\"inLanguage\":\"pt-BR\"},{\"@type\":[\"Person\",\"Organization\"],\"@id\":\"https:\\\/\\\/renatodias.online\\\/movimento\\\/#\\\/schema\\\/person\\\/bbab28833b1725a20f4083f49f1fb2a9\",\"name\":\"Renato Dias\",\"image\":{\"@type\":\"ImageObject\",\"inLanguage\":\"pt-BR\",\"@id\":\"https:\\\/\\\/renatodias.online\\\/movimento\\\/wp-content\\\/uploads\\\/2023\\\/03\\\/cropped-cropped-cropped-logofinal.jpeg\",\"url\":\"https:\\\/\\\/renatodias.online\\\/movimento\\\/wp-content\\\/uploads\\\/2023\\\/03\\\/cropped-cropped-cropped-logofinal.jpeg\",\"contentUrl\":\"https:\\\/\\\/renatodias.online\\\/movimento\\\/wp-content\\\/uploads\\\/2023\\\/03\\\/cropped-cropped-cropped-logofinal.jpeg\",\"width\":1280,\"height\":219,\"caption\":\"Renato Dias\"},\"logo\":{\"@id\":\"https:\\\/\\\/renatodias.online\\\/movimento\\\/wp-content\\\/uploads\\\/2023\\\/03\\\/cropped-cropped-cropped-logofinal.jpeg\"},\"description\":\"Renato Dias, 58 anos, \u00e9 graduado em Jornalismo, formado em Ci\u00eancias Sociais, com p\u00f3s-gradua\u00e7\u00e3o em Pol\u00edticas P\u00fablicas, mestre em Direito e Rela\u00e7\u00f5es Internacionais, ex-aluno extraordin\u00e1rio do Doutorado em Psicologia Social, ex-estudante do Curso de Psican\u00e1lise do Centro de Estudos Psicanal\u00edticos do Estado de Goi\u00e1s, ministrado pelo m\u00e9dico psiquiatra e psicanalista Daniel Em\u00eddio de Souza. \u00c9 autor de 30 livros-reportagem, oito document\u00e1rios, ganhou 30 pr\u00eamios e \u00e9 torcedor apaixonado do maior do Centro-Oeste, o Vila Nova Futebol Clube. Casado com Meirilane Dias, \u00e9 pai de Juliana Dias, jornalista; Daniel Dias, economista; e Maria Rosa Dias, estudante antifascista, socialista e trotskista.\u00a0Com tr\u00eas pets: Porquinho [Bull Dog Franc\u00eas], Dalila [Basset Hound] e Geleia [Basset Hound]. Al\u00e9m do eterno gato Tutuquinho, que virou estrela.\",\"sameAs\":[\"https:\\\/\\\/www.facebook.com\\\/renato.dias.37\",\"#breve\",\"https:\\\/\\\/renatodias.tumblr.com\\\/\"],\"url\":\"https:\\\/\\\/renatodias.online\\\/movimento\\\/author\\\/renatodias\\\/\"}]}<\/script>\n<!-- \/ Yoast SEO plugin. -->","yoast_head_json":{"title":"75 anos de Honestino Guimar\u00e3es -","robots":{"index":"index","follow":"follow","max-snippet":"max-snippet:-1","max-image-preview":"max-image-preview:large","max-video-preview":"max-video-preview:-1"},"canonical":"https:\/\/renatodias.online\/movimento\/2022\/03\/28\/75-anos-de-honestino-guimaraes\/","og_locale":"pt_BR","og_type":"article","og_title":"75 anos de Honestino Guimar\u00e3es -","og_description":"Mandados de pris\u00e3o na UnB em 1968 Contra Lenine Bueno, Paulo Speller, Paulo Cassis, Mauro Burlamaqui, Samuel Bab\u00e1, Jos\u00e9 Ant\u00f4nio Prates e Nilson Curado Ex-presidente da UNE teria sido preso em 10 de outubro de 1973, levado \u00e0 Bras\u00edlia, assassinado em dezembro e seus despojos mortais depositados em cidade de Goi\u00e1s Betty Almeida O primeiro","og_url":"https:\/\/renatodias.online\/movimento\/2022\/03\/28\/75-anos-de-honestino-guimaraes\/","article_publisher":"https:\/\/www.facebook.com\/renato.dias.37","article_author":"https:\/\/www.facebook.com\/renato.dias.37","article_published_time":"2022-03-29T01:40:56+00:00","article_modified_time":"2022-03-29T01:41:49+00:00","og_image":[{"width":360,"height":203,"url":"https:\/\/renatodias.online\/movimento\/wp-content\/uploads\/2021\/07\/Honestino-Monteiro-Guimaraes-UNE-1-e1648517073339.jpg","type":"image\/jpeg"}],"author":"Renato Dias","twitter_card":"summary_large_image","twitter_creator":"@RenatoDiasBat","twitter_site":"@RenatoDiasBat","twitter_misc":{"Escrito por":"Renato Dias","Est. tempo de leitura":"3 minutos"},"schema":{"@context":"https:\/\/schema.org","@graph":[{"@type":"Article","@id":"https:\/\/renatodias.online\/movimento\/2022\/03\/28\/75-anos-de-honestino-guimaraes\/#article","isPartOf":{"@id":"https:\/\/renatodias.online\/movimento\/2022\/03\/28\/75-anos-de-honestino-guimaraes\/"},"author":{"name":"Renato Dias","@id":"https:\/\/renatodias.online\/movimento\/#\/schema\/person\/bbab28833b1725a20f4083f49f1fb2a9"},"headline":"75 anos de Honestino Guimar\u00e3es","datePublished":"2022-03-29T01:40:56+00:00","dateModified":"2022-03-29T01:41:49+00:00","mainEntityOfPage":{"@id":"https:\/\/renatodias.online\/movimento\/2022\/03\/28\/75-anos-de-honestino-guimaraes\/"},"wordCount":601,"commentCount":0,"publisher":{"@id":"https:\/\/renatodias.online\/movimento\/#\/schema\/person\/bbab28833b1725a20f4083f49f1fb2a9"},"image":{"@id":"https:\/\/renatodias.online\/movimento\/2022\/03\/28\/75-anos-de-honestino-guimaraes\/#primaryimage"},"thumbnailUrl":"https:\/\/renatodias.online\/movimento\/wp-content\/uploads\/2021\/07\/Honestino-Monteiro-Guimaraes-UNE-1-e1648517073339.jpg","articleSection":["Cinema"],"inLanguage":"pt-BR","potentialAction":[{"@type":"CommentAction","name":"Comment","target":["https:\/\/renatodias.online\/movimento\/2022\/03\/28\/75-anos-de-honestino-guimaraes\/#respond"]}]},{"@type":"WebPage","@id":"https:\/\/renatodias.online\/movimento\/2022\/03\/28\/75-anos-de-honestino-guimaraes\/","url":"https:\/\/renatodias.online\/movimento\/2022\/03\/28\/75-anos-de-honestino-guimaraes\/","name":"75 anos de Honestino Guimar\u00e3es -","isPartOf":{"@id":"https:\/\/renatodias.online\/movimento\/#website"},"primaryImageOfPage":{"@id":"https:\/\/renatodias.online\/movimento\/2022\/03\/28\/75-anos-de-honestino-guimaraes\/#primaryimage"},"image":{"@id":"https:\/\/renatodias.online\/movimento\/2022\/03\/28\/75-anos-de-honestino-guimaraes\/#primaryimage"},"thumbnailUrl":"https:\/\/renatodias.online\/movimento\/wp-content\/uploads\/2021\/07\/Honestino-Monteiro-Guimaraes-UNE-1-e1648517073339.jpg","datePublished":"2022-03-29T01:40:56+00:00","dateModified":"2022-03-29T01:41:49+00:00","breadcrumb":{"@id":"https:\/\/renatodias.online\/movimento\/2022\/03\/28\/75-anos-de-honestino-guimaraes\/#breadcrumb"},"inLanguage":"pt-BR","potentialAction":[{"@type":"ReadAction","target":["https:\/\/renatodias.online\/movimento\/2022\/03\/28\/75-anos-de-honestino-guimaraes\/"]}]},{"@type":"ImageObject","inLanguage":"pt-BR","@id":"https:\/\/renatodias.online\/movimento\/2022\/03\/28\/75-anos-de-honestino-guimaraes\/#primaryimage","url":"https:\/\/renatodias.online\/movimento\/wp-content\/uploads\/2021\/07\/Honestino-Monteiro-Guimaraes-UNE-1-e1648517073339.jpg","contentUrl":"https:\/\/renatodias.online\/movimento\/wp-content\/uploads\/2021\/07\/Honestino-Monteiro-Guimaraes-UNE-1-e1648517073339.jpg","width":360,"height":203,"caption":"Honestino Monteiro Guimar\u00e3es - UNE"},{"@type":"BreadcrumbList","@id":"https:\/\/renatodias.online\/movimento\/2022\/03\/28\/75-anos-de-honestino-guimaraes\/#breadcrumb","itemListElement":[{"@type":"ListItem","position":1,"name":"In\u00edcio","item":"https:\/\/renatodias.online\/movimento\/"},{"@type":"ListItem","position":2,"name":"75 anos de Honestino Guimar\u00e3es"}]},{"@type":"WebSite","@id":"https:\/\/renatodias.online\/movimento\/#website","url":"https:\/\/renatodias.online\/movimento\/","name":"","description":"","publisher":{"@id":"https:\/\/renatodias.online\/movimento\/#\/schema\/person\/bbab28833b1725a20f4083f49f1fb2a9"},"potentialAction":[{"@type":"SearchAction","target":{"@type":"EntryPoint","urlTemplate":"https:\/\/renatodias.online\/movimento\/?s={search_term_string}"},"query-input":{"@type":"PropertyValueSpecification","valueRequired":true,"valueName":"search_term_string"}}],"inLanguage":"pt-BR"},{"@type":["Person","Organization"],"@id":"https:\/\/renatodias.online\/movimento\/#\/schema\/person\/bbab28833b1725a20f4083f49f1fb2a9","name":"Renato Dias","image":{"@type":"ImageObject","inLanguage":"pt-BR","@id":"https:\/\/renatodias.online\/movimento\/wp-content\/uploads\/2023\/03\/cropped-cropped-cropped-logofinal.jpeg","url":"https:\/\/renatodias.online\/movimento\/wp-content\/uploads\/2023\/03\/cropped-cropped-cropped-logofinal.jpeg","contentUrl":"https:\/\/renatodias.online\/movimento\/wp-content\/uploads\/2023\/03\/cropped-cropped-cropped-logofinal.jpeg","width":1280,"height":219,"caption":"Renato Dias"},"logo":{"@id":"https:\/\/renatodias.online\/movimento\/wp-content\/uploads\/2023\/03\/cropped-cropped-cropped-logofinal.jpeg"},"description":"Renato Dias, 58 anos, \u00e9 graduado em Jornalismo, formado em Ci\u00eancias Sociais, com p\u00f3s-gradua\u00e7\u00e3o em Pol\u00edticas P\u00fablicas, mestre em Direito e Rela\u00e7\u00f5es Internacionais, ex-aluno extraordin\u00e1rio do Doutorado em Psicologia Social, ex-estudante do Curso de Psican\u00e1lise do Centro de Estudos Psicanal\u00edticos do Estado de Goi\u00e1s, ministrado pelo m\u00e9dico psiquiatra e psicanalista Daniel Em\u00eddio de Souza. \u00c9 autor de 30 livros-reportagem, oito document\u00e1rios, ganhou 30 pr\u00eamios e \u00e9 torcedor apaixonado do maior do Centro-Oeste, o Vila Nova Futebol Clube. Casado com Meirilane Dias, \u00e9 pai de Juliana Dias, jornalista; Daniel Dias, economista; e Maria Rosa Dias, estudante antifascista, socialista e trotskista.\u00a0Com tr\u00eas pets: Porquinho [Bull Dog Franc\u00eas], Dalila [Basset Hound] e Geleia [Basset Hound]. Al\u00e9m do eterno gato Tutuquinho, que virou estrela.","sameAs":["https:\/\/www.facebook.com\/renato.dias.37","#breve","https:\/\/renatodias.tumblr.com\/"],"url":"https:\/\/renatodias.online\/movimento\/author\/renatodias\/"}]}},"_links":{"self":[{"href":"https:\/\/renatodias.online\/movimento\/wp-json\/wp\/v2\/posts\/11533","targetHints":{"allow":["GET"]}}],"collection":[{"href":"https:\/\/renatodias.online\/movimento\/wp-json\/wp\/v2\/posts"}],"about":[{"href":"https:\/\/renatodias.online\/movimento\/wp-json\/wp\/v2\/types\/post"}],"author":[{"embeddable":true,"href":"https:\/\/renatodias.online\/movimento\/wp-json\/wp\/v2\/users\/2"}],"replies":[{"embeddable":true,"href":"https:\/\/renatodias.online\/movimento\/wp-json\/wp\/v2\/comments?post=11533"}],"version-history":[{"count":2,"href":"https:\/\/renatodias.online\/movimento\/wp-json\/wp\/v2\/posts\/11533\/revisions"}],"predecessor-version":[{"id":11544,"href":"https:\/\/renatodias.online\/movimento\/wp-json\/wp\/v2\/posts\/11533\/revisions\/11544"}],"wp:featuredmedia":[{"embeddable":true,"href":"https:\/\/renatodias.online\/movimento\/wp-json\/wp\/v2\/media\/7775"}],"wp:attachment":[{"href":"https:\/\/renatodias.online\/movimento\/wp-json\/wp\/v2\/media?parent=11533"}],"wp:term":[{"taxonomy":"category","embeddable":true,"href":"https:\/\/renatodias.online\/movimento\/wp-json\/wp\/v2\/categories?post=11533"},{"taxonomy":"post_tag","embeddable":true,"href":"https:\/\/renatodias.online\/movimento\/wp-json\/wp\/v2\/tags?post=11533"}],"curies":[{"name":"wp","href":"https:\/\/api.w.org\/{rel}","templated":true}]}}