{"id":11525,"date":"2022-03-27T20:03:52","date_gmt":"2022-03-27T23:03:52","guid":{"rendered":"https:\/\/renatodias.online\/movimento\/?p=11525"},"modified":"2022-03-29T00:11:44","modified_gmt":"2022-03-29T03:11:44","slug":"100-anos-depois-do-pcb","status":"publish","type":"post","link":"https:\/\/renatodias.online\/movimento\/2022\/03\/27\/100-anos-depois-do-pcb\/","title":{"rendered":"100 anos depois do PCB"},"content":{"rendered":"<p><strong><img loading=\"lazy\" decoding=\"async\" class=\"size-medium wp-image-11430 aligncenter\" src=\"https:\/\/renatodias.online\/movimento\/wp-content\/uploads\/2022\/03\/Greve-274x300.jpg\" alt=\"\" width=\"274\" height=\"300\" \/><\/strong><\/p>\n<h1 style=\"text-align: center;\"><span style=\"color: #ff0000;\"><strong>A luta de classes no Brasil<\/strong><\/span><\/h1>\n<p><img loading=\"lazy\" decoding=\"async\" class=\"aligncenter wp-image-11526 size-thumbnail\" src=\"https:\/\/renatodias.online\/movimento\/wp-content\/uploads\/2022\/03\/Trotski-150x150.jpg\" alt=\"\" width=\"150\" height=\"150\" \/><\/p>\n<h1 style=\"text-align: center;\"><strong><span style=\"color: #ff0000;\">O que pensam os trotskistas?<\/span><br \/>\n<\/strong><\/h1>\n<p style=\"text-align: center;\"><span style=\"color: #808080;\"><strong>Everaldo Andrade<\/strong><\/span><\/p>\n<p style=\"text-align: center;\"><span style=\"color: #808080;\"><strong>Markus Sokol<\/strong><\/span><\/p>\n<p>No \u00faltimo dia 25 de mar\u00e7o de 2022 comemoraram-se 100 anos de funda\u00e7\u00e3o do PCB. O fato expressou uma trajet\u00f3ria e um amadurecimento do ent\u00e3o jovem proletariado brasileiro. Os seus primeiros anos foram os primeiros passos da constru\u00e7\u00e3o de um partido revolucion\u00e1rio de alcance nacional da classe trabalhadora. Todavia, ele nunca alcan\u00e7ou constitu\u00ed-lo, o stalinismo o impediu, apesar do duro combate da Oposi\u00e7\u00e3o de Esquerda para defend\u00ea-lo. N\u00e3o resumimos aqui, esses anos. Registramos, apenas, que os sucessores dos fundadores do PCB, ainda mais depois da entroniza\u00e7\u00e3o do capit\u00e3o Luiz Carlos Prestes \u00e0 cabe\u00e7a do partido brasileiro pelo Kremlin ao redor de 1935, em que pesem diferentes rachas e desaven\u00e7as \u2013 com a not\u00e1vel exce\u00e7\u00e3o de Herm\u00ednio Sacchetta nos anos 1930 \u2013 seguiram por d\u00e9cadas junto com Prestes amarrando e bloqueando a a\u00e7\u00e3o independente da classe trabalhadora. Prestes ter\u00e1 sido o mais longevo \u201csecret\u00e1rio-geral\u201d dos partidos da Internacional Comunista no mundo at\u00e9 o fim do regime sovi\u00e9tico. Sob seu ferro, o partido n\u00e3o fez meia d\u00fazia de Congressos em quase meio s\u00e9culo.<\/p>\n<figure id=\"attachment_9345\" aria-describedby=\"caption-attachment-9345\" style=\"width: 1250px\" class=\"wp-caption alignnone\"><img loading=\"lazy\" decoding=\"async\" class=\"wp-image-9345 size-full\" src=\"https:\/\/renatodias.online\/movimento\/wp-content\/uploads\/2021\/10\/Luiz-Carlos-Prestes-e-o-putsch-de-1935.png\" alt=\"\" width=\"1250\" height=\"803\" \/><figcaption id=\"caption-attachment-9345\" class=\"wp-caption-text\"><strong>Luiz Carlos Prestes e o putsch de 1935<\/strong><\/figcaption><\/figure>\n<p>Mas, desde ent\u00e3o, diferentes propagandistas e supostos historiadores tentaram apagar a luta dos oposicionistas de esquerda dentro do PCB para defender o partido no come\u00e7o dos anos 1930, assim como as lutas dos anarquistas e de outros socialistas deste per\u00edodo. No PCB, a brutalidade stalinista expulsou militantes que ousavam debater e divergir da dire\u00e7\u00e3o, dissolveu reuni\u00f5es e sabotou iniciativas que n\u00e3o estavam sob seu controle. N\u00e3o eram admitidos, regimentalmente, casamentos com trotskistas. E se recorreu ao inomin\u00e1vel recurso \u00e0 dela\u00e7\u00e3o p\u00fablica para facilitar a pris\u00e3o policial de militantes comunistas oposicionistas.<\/p>\n<blockquote>\n<h1><span style=\"color: #0000ff;\"><strong>A prepara\u00e7\u00e3o<\/strong><\/span><\/h1>\n<\/blockquote>\n<p>A grande batalha de classes que levou \u00e0 funda\u00e7\u00e3o do PCB, passou pela grande greve geral de julho de 1917, ocorrida em S\u00e3o Paulo e outras cidades do pa\u00eds. Enfrentamentos diretos com a pol\u00edcia desencadearam uma brutal repress\u00e3o aos sindicalistas, muitos deles imigrantes estrangeiros, com pris\u00f5es e deporta\u00e7\u00f5es, fechamento de sedes e proibi\u00e7\u00e3o de jornais. Era a crise da Primeira Guerra Mundial (1914-1918) que se expressava diretamente nas lutas de classe, o mesmo movimento que derrubou o Imp\u00e9rio Russo do tzar Nicolau II (\u201cImperador da R\u00fassia, Rei da Pol\u00f4nia e Gr\u00e3o-Duque da Finl\u00e2ndia\u201d). Movimento que levou\u00a0\u00e0 constru\u00e7\u00e3o da Rep\u00fablica dos Sovietes (Conselhos), a partir de outubro de 1917.<\/p>\n<figure id=\"attachment_11420\" aria-describedby=\"caption-attachment-11420\" style=\"width: 800px\" class=\"wp-caption alignnone\"><img loading=\"lazy\" decoding=\"async\" class=\"wp-image-11420 size-full\" src=\"https:\/\/renatodias.online\/movimento\/wp-content\/uploads\/2022\/03\/Nicolau-Romanov-II.jpg\" alt=\"\" width=\"800\" height=\"450\" srcset=\"https:\/\/renatodias.online\/movimento\/wp-content\/uploads\/2022\/03\/Nicolau-Romanov-II.jpg 800w, https:\/\/renatodias.online\/movimento\/wp-content\/uploads\/2022\/03\/Nicolau-Romanov-II-300x169.jpg 300w, https:\/\/renatodias.online\/movimento\/wp-content\/uploads\/2022\/03\/Nicolau-Romanov-II-768x432.jpg 768w, https:\/\/renatodias.online\/movimento\/wp-content\/uploads\/2022\/03\/Nicolau-Romanov-II-750x422.jpg 750w\" sizes=\"auto, (max-width: 800px) 100vw, 800px\" \/><figcaption id=\"caption-attachment-11420\" class=\"wp-caption-text\"><strong>Czar Nicolau Romanov II<\/strong><\/figcaption><\/figure>\n<p>Essa grande ruptura de impacto mundial levou \u00e0 funda\u00e7\u00e3o da Terceira Internacional, a Internacional Comunista (IC), em 1919, com a boa parte da falida Segunda Internacional, cujos dirigentes apoiaram as respectivas burguesias \u2013 alem\u00e3, francesa, russa etc. \u2013 violando o princ\u00edpio da \u201cDireito \u00e0 Autodetermina\u00e7\u00e3o dos Povos\u201d. Agora, se propunha a constru\u00e7\u00e3o de um novo partido mundial da revolu\u00e7\u00e3o, a Internacional Comunista, com esse nome para distinguir da falida socialdemocracia, e com a forma\u00e7\u00e3o de \u201cse\u00e7\u00f5es\u201d, partidos comunistas, em cada pa\u00eds. Nessa onda vem \u00e0 luz o PCB. Os quatro primeiros Congressos da IC definiram os documentos-base da estrutura e da orienta\u00e7\u00e3o geral para a constru\u00e7\u00e3o dos partidos comunistas.<\/p>\n<blockquote>\n<h2><span style=\"color: #0000ff;\">Os quatro primeiros Congressos da IC definiram os documentos-base da estrutura e da orienta\u00e7\u00e3o geral<\/span><\/h2>\n<\/blockquote>\n<p>O movimento oper\u00e1rio brasileiro soube tirar proveito desses ensinamentos, e uma nova gera\u00e7\u00e3o de militantes e dirigentes vai surgir. No Brasil, ocorriam no come\u00e7o do s\u00e9culo XX grandes transforma\u00e7\u00f5es da estrutura econ\u00f4mica agroexportadora, dominada at\u00e9 ent\u00e3o pelo imperialismo ingl\u00eas e que, com a velha oligarquia cafeeira, resumindo, submetia o povo. A greve geral de 1917 veio sob o impacto da crise econ\u00f4mica aprofundada pela guerra e do exemplo da pr\u00f3pria Revolu\u00e7\u00e3o Russa de 1917. As a\u00e7\u00f5es (\u201cquarteladas\u201d) no seio do ex\u00e9rcito do \u201cmovimento tenentista\u201d \u2013 movimento heterog\u00eaneo de jovens oficiais insatisfeitos com o regime pol\u00edtico e militar, inicialmente \u2013 mostravam uma situa\u00e7\u00e3o de crescente tens\u00e3o popular nas cidades, n\u00e3o apenas no proletariado, e de crise aberta do sistema pol\u00edtico olig\u00e1rquico (\u201ccaf\u00e9-com-leite\u201d, domina\u00e7\u00e3o compartilhada de S\u00e3o Paulo e Minas Gerais), que seria virado pelo levante de 1930 (\u201crevolu\u00e7\u00e3o de 30\u201d), logo ap\u00f3s a crise econ\u00f4mica internacional de 1929.<\/p>\n<blockquote>\n<h1><span style=\"color: #0000ff;\"><strong>Em 21 e 23 de junho de 1919 ocorreu a primeira Confer\u00eancia comunista com 22 delegados, de 7 Estados<\/strong><\/span><\/h1>\n<\/blockquote>\n<p>Antes, no 1\u00ba de Maio de 1919, milhares de trabalhadores desfilaram nas ruas do Rio de Janeiro com vivas \u00e0 Revolu\u00e7\u00e3o Russa, e v\u00e1rias greves ocorreram em Recife (PE) e em Salvador (BA). Entre 21 e 23 de junho de 1919, ocorreu a primeira Confer\u00eancia comunista com 22 delegados representando 7 Estados do pa\u00eds, mas que foi dissolvida pela pol\u00edcia em Niter\u00f3i (RJ). Nos anos seguintes, prosseguiu o esfor\u00e7o para agrupar diferentes grupos e autodenominados \u201cpartidos comunistas\u201d ou socialistas pelo pa\u00eds agora, inspirados na R\u00fassia Sovi\u00e9tica, muitos deles compostos por anarquistas que recusaram a luta parlamentar, mas simpatizavam com a causa sovi\u00e9tica. A discuss\u00e3o e a delimita\u00e7\u00e3o pol\u00edtica foram dif\u00edceis.\u00a0 A funda\u00e7\u00e3o formal oficial do PCB ocorreu durante um congresso entre os dias 25 e 27 de mar\u00e7o de 1922 com 9 (nove) delegados, poucos oper\u00e1rios e intelectuais do Rio de Janeiro, S\u00e3o Paulo, Pernambuco, Rio Grande do Sul que representavam n\u00e3o mais de 130 militantes pelo pa\u00eds. Foram aprovadas as famosas \u201c21 Condi\u00e7\u00f5es\u201d de ades\u00e3o \u00e0 Internacional Comunista \u2013 L\u00eanin, seu principal dirigente, se precavia dos oportunistas e carreiristas de v\u00e1rios tipos, que j\u00e1 os havia, e n\u00e3o s\u00f3 aqui! \u2013 foram adotados os Estatutos e eleita uma dire\u00e7\u00e3o.<\/p>\n<figure id=\"attachment_8199\" aria-describedby=\"caption-attachment-8199\" style=\"width: 1200px\" class=\"wp-caption alignnone\"><img loading=\"lazy\" decoding=\"async\" class=\"wp-image-8199 size-full\" src=\"https:\/\/renatodias.online\/movimento\/wp-content\/uploads\/2021\/07\/Vladimir-Lenin.jpg\" alt=\"\" width=\"1200\" height=\"675\" srcset=\"https:\/\/renatodias.online\/movimento\/wp-content\/uploads\/2021\/07\/Vladimir-Lenin.jpg 1200w, https:\/\/renatodias.online\/movimento\/wp-content\/uploads\/2021\/07\/Vladimir-Lenin-300x169.jpg 300w, https:\/\/renatodias.online\/movimento\/wp-content\/uploads\/2021\/07\/Vladimir-Lenin-768x432.jpg 768w, https:\/\/renatodias.online\/movimento\/wp-content\/uploads\/2021\/07\/Vladimir-Lenin-750x422.jpg 750w\" sizes=\"auto, (max-width: 1200px) 100vw, 1200px\" \/><figcaption id=\"caption-attachment-8199\" class=\"wp-caption-text\"><strong>Vladimir Ilich Ulianov &#8211; L\u00eanin<\/strong><\/figcaption><\/figure>\n<blockquote>\n<h1><span style=\"color: #0000ff;\"><strong>A Oposi\u00e7\u00e3o de Esquerda e a defesa do PCB<\/strong><\/span><\/h1>\n<\/blockquote>\n<p>A Oposi\u00e7\u00e3o de Esquerda dentro do Partido Comunista russo (bolchevique) surgiu em 1923, ap\u00f3s a morte de L\u00eanin, para combater pelo leninismo, por uma pol\u00edtica de defesa da revolu\u00e7\u00e3o em v\u00e1rios outros pa\u00edses da Europa, \u00c1sia, \u00c1frica e Am\u00e9ricas. Ela se articulou com outros agrupamentos internos at\u00e9 1933, demandando a democracia oper\u00e1ria original, sob a inspira\u00e7\u00e3o inicial de Leon Trotsky e outros dirigentes bolcheviques do Comit\u00ea Central da insurrei\u00e7\u00e3o de 17. Trotsky foi o comandante do Ex\u00e9rcito Vermelho vitorioso na guerra civil com a invas\u00e3o de ex\u00e9rcitos imperialistas, que se seguiu ao triunfo da insurrei\u00e7\u00e3o. A partir de mar\u00e7o de 1926, em alian\u00e7a com importantes dirigentes russos, como Lev Kamenev e Grigori Zinoviev, publicada a \u201cDeclara\u00e7\u00e3o dos 13\u201d, surgiu a Oposi\u00e7\u00e3o de Esquerda Unificada Russa, como uma federa\u00e7\u00e3o de fra\u00e7\u00f5es opositoras \u00e0 dire\u00e7\u00e3o de St\u00e1lin, que havia ascendido nos corredores do Kremlin, apesar da advert\u00eancia a seu respeito do \u201cTestamento de L\u00eanin\u201d. No decorrer de 1926 e 1927 aderem outros grupos oposicionistas, como a Oposi\u00e7\u00e3o Oper\u00e1ria de Alexandra Kollontai e a Oposi\u00e7\u00e3o da Ge\u00f3rgia. Ent\u00e3o, uma Oposi\u00e7\u00e3o Internacional come\u00e7a, inicialmente ligada aos dirigentes sovi\u00e9ticos, mas que ganha express\u00e3o mundial. Ela se organiza em se\u00e7\u00f5es oposicionistas dentro dos diferentes partidos comunistas, inclusive no partido brasileiro em 1929.<\/p>\n<figure id=\"attachment_3514\" aria-describedby=\"caption-attachment-3514\" style=\"width: 1200px\" class=\"wp-caption alignnone\"><img loading=\"lazy\" decoding=\"async\" class=\"wp-image-3514 size-full\" src=\"https:\/\/renatodias.online\/movimento\/wp-content\/uploads\/2020\/05\/Leon-Trotski-Galeria-de-imagens-1.jpg\" alt=\"\" width=\"1200\" height=\"675\" \/><figcaption id=\"caption-attachment-3514\" class=\"wp-caption-text\"><strong>Leon Trotsky<\/strong><\/figcaption><\/figure>\n<p>Aqui, os comunistas oposicionistas agruparam v\u00e1rios militantes do PCB atrav\u00e9s do Grupo Comunista L\u00eanin (GCL), que foi lan\u00e7ado em 8 de maio de 1930, atrav\u00e9s da publica\u00e7\u00e3o do jornal\u00a0Luta de Classes\u00a0sob a dire\u00e7\u00e3o de M\u00e1rio Pedrosa, jornalista e militante que veio a ser o filiado n\u00famero 1 do Partido dos Trabalhadores em 1980. N\u00e3o era f\u00e1cil. Com apenas 5 anos de exist\u00eancia e, desde janeiro de 1927, tendo recuperado a legalidade, o partido impulsionou o Bloco Oper\u00e1rio, uma frente eleitoral que elegeu Azevedo Lima para a C\u00e2mara dos Deputados. Em agosto de 1927, por\u00e9m, o PCB voltou a ser considerado ilegal. Em outubro, com o Bloco Oper\u00e1rio Campon\u00eas (BOC), nova denomina\u00e7\u00e3o do Bloco, elegeu dois membros do PCB para o Conselho Municipal do Rio de Janeiro:\u00a0Ot\u00e1vio Brand\u00e3o e Minervino de Oliveira. Foi uma primeira experi\u00eancia de interven\u00e7\u00e3o independente do proletariado, atrav\u00e9s de um partido pol\u00edtico pr\u00f3prio nos processos eleitorais.<\/p>\n<figure id=\"attachment_5082\" aria-describedby=\"caption-attachment-5082\" style=\"width: 800px\" class=\"wp-caption aligncenter\"><img loading=\"lazy\" decoding=\"async\" class=\"wp-image-5082 size-full\" src=\"https:\/\/renatodias.online\/movimento\/wp-content\/uploads\/2021\/01\/Mario-Pedrosa.jpg\" alt=\"\" width=\"800\" height=\"420\" srcset=\"https:\/\/renatodias.online\/movimento\/wp-content\/uploads\/2021\/01\/Mario-Pedrosa.jpg 800w, https:\/\/renatodias.online\/movimento\/wp-content\/uploads\/2021\/01\/Mario-Pedrosa-300x158.jpg 300w, https:\/\/renatodias.online\/movimento\/wp-content\/uploads\/2021\/01\/Mario-Pedrosa-768x403.jpg 768w, https:\/\/renatodias.online\/movimento\/wp-content\/uploads\/2021\/01\/Mario-Pedrosa-750x394.jpg 750w\" sizes=\"auto, (max-width: 800px) 100vw, 800px\" \/><figcaption id=\"caption-attachment-5082\" class=\"wp-caption-text\"><strong>Mario Pedrosa<\/strong><\/figcaption><\/figure>\n<p>A partir da realiza\u00e7\u00e3o da 1\u00aa Confer\u00eancia dos Partidos Comunistas da Am\u00e9rica Latina, em 1929, monitorada por Moscou, Astrogildo Pereira, o ent\u00e3o secret\u00e1rio-geral do PCB, foi substitu\u00eddo. Aplicou-se a pol\u00edtica de \u201cproletariza\u00e7\u00e3o\u201d \u00e0 IC, e por ela, ao novo Secretariado Sul-americano, j\u00e1 sob controle dos stalinistas. Isso vai provocar o afastamento burocr\u00e1tico dos primeiros dirigentes e um enfraquecimento do partido. Outra consequ\u00eancia foi a desarticula\u00e7\u00e3o da orienta\u00e7\u00e3o do BOC (Bloco Oper\u00e1rio e Campon\u00eas). Esse bloco chegou a lan\u00e7ar o primeiro candidato oper\u00e1rio \u00e0 presid\u00eancia do Brasil em 1930, o trabalhador marmorista Minervino de Oliveira. A burocracia stalinista se apoiava no enorme prest\u00edgio da Revolu\u00e7\u00e3o de 1917 para impor ordens de cima para baixo, orienta\u00e7\u00f5es e giros pol\u00edticos que encobriram o sufocamento da democracia interna.<\/p>\n<figure id=\"attachment_8202\" aria-describedby=\"caption-attachment-8202\" style=\"width: 612px\" class=\"wp-caption aligncenter\"><img loading=\"lazy\" decoding=\"async\" class=\"wp-image-8202 size-full\" src=\"https:\/\/renatodias.online\/movimento\/wp-content\/uploads\/2021\/07\/Lenin-e-Leon-Trotski.jpg\" alt=\"\" width=\"612\" height=\"434\" \/><figcaption id=\"caption-attachment-8202\" class=\"wp-caption-text\"><strong>L\u00eanin e Leon Trotsky<\/strong><\/figcaption><\/figure>\n<p>Nessa \u00e9poca, foi aplicada uma linha pol\u00edtica esquerdista, a do chamado \u201cterceiro per\u00edodo\u201d, uma suposta imin\u00eancia da revolu\u00e7\u00e3o que motivava insurrei\u00e7\u00f5es despreparadas em v\u00e1rios pa\u00edses, sem condi\u00e7\u00e3o. Isso quando o mundo afundava nas consequ\u00eancias da crise econ\u00f4mica de 1929 e dezenas de milh\u00f5es de trabalhadores desempregados assumiram um recuo defensivo (defesa da sua organiza\u00e7\u00e3o, reivindica\u00e7\u00f5es econ\u00f4micas e das conquistas democr\u00e1ticas). O esquerdismo isolou os militantes e deu cobertura \u201crevolucion\u00e1ria\u201d \u00e0 burocracia stalinista que pode melhor se consolidar \u00e0 frente do Estado e dos partidos da IC.<\/p>\n<figure id=\"attachment_8203\" aria-describedby=\"caption-attachment-8203\" style=\"width: 1280px\" class=\"wp-caption alignnone\"><img loading=\"lazy\" decoding=\"async\" class=\"wp-image-8203 size-full\" src=\"https:\/\/renatodias.online\/movimento\/wp-content\/uploads\/2021\/07\/Adolf-Hitler.jpg\" alt=\"\" width=\"1280\" height=\"720\" \/><figcaption id=\"caption-attachment-8203\" class=\"wp-caption-text\"><strong>Adolf Hitler<\/strong><\/figcaption><\/figure>\n<p>Com a forma\u00e7\u00e3o em 1931 da\u00a0Oposi\u00e7\u00e3o Internacional de Esquerda, o grupo liderado por M\u00e1rio Pedrosa no Brasil muda de nome em 21 de janeiro do mesmo ano e passa a se chamar Liga Comunista do Brasil (LCB). Ela intensificar\u00e1 sua atua\u00e7\u00e3o como corrente interna do PCB, para ganhar para suas propostas o pr\u00f3prio partido. Em janeiro de 1933 Hitler havia chegado ao poder na Alemanha, favorecido pela pol\u00edtica de divis\u00e3o da classe oper\u00e1ria empreendida pelo Partido Comunista alem\u00e3o (KPD) que recusara qualquer possibilidade de unidade conforme a linha aventureira do \u201cterceiro per\u00edodo\u201d. \u00c9 preciso dizer, a unidade tamb\u00e9m foi desprezada pela Socialdemocracia (SPD), sob cujo governo j\u00e1 tinha sido assassinada por \u201ccorpos militares\u201d a revolucion\u00e1ria Rosa Luxemburgo em 1919.<\/p>\n<figure id=\"attachment_8080\" aria-describedby=\"caption-attachment-8080\" style=\"width: 1140px\" class=\"wp-caption alignnone\"><img loading=\"lazy\" decoding=\"async\" class=\"wp-image-8080 size-large\" src=\"https:\/\/renatodias.online\/movimento\/wp-content\/uploads\/2021\/07\/Rosa-Luxemburgo-_-1-1416x1024.jpeg\" alt=\"\" width=\"1140\" height=\"824\" srcset=\"https:\/\/renatodias.online\/movimento\/wp-content\/uploads\/2021\/07\/Rosa-Luxemburgo-_-1-1416x1024.jpeg 1416w, https:\/\/renatodias.online\/movimento\/wp-content\/uploads\/2021\/07\/Rosa-Luxemburgo-_-1-300x217.jpeg 300w, https:\/\/renatodias.online\/movimento\/wp-content\/uploads\/2021\/07\/Rosa-Luxemburgo-_-1-768x556.jpeg 768w, https:\/\/renatodias.online\/movimento\/wp-content\/uploads\/2021\/07\/Rosa-Luxemburgo-_-1-1536x1111.jpeg 1536w, https:\/\/renatodias.online\/movimento\/wp-content\/uploads\/2021\/07\/Rosa-Luxemburgo-_-1-750x542.jpeg 750w, https:\/\/renatodias.online\/movimento\/wp-content\/uploads\/2021\/07\/Rosa-Luxemburgo-_-1-85x60.jpeg 85w, https:\/\/renatodias.online\/movimento\/wp-content\/uploads\/2021\/07\/Rosa-Luxemburgo-_-1.jpeg 1659w\" sizes=\"auto, (max-width: 1140px) 100vw, 1140px\" \/><figcaption id=\"caption-attachment-8080\" class=\"wp-caption-text\"><strong>Rosa Luxemburgo, polonesa, atua\u00e7\u00e3o na Alemanha, internacionalista<\/strong><\/figcaption><\/figure>\n<p>Como n\u00e3o houve rea\u00e7\u00e3o organizada expressiva ao desastre do triunfo alem\u00e3o de Hitler sobre o principal proletariado da Europa, o alem\u00e3o, nem no anestesiado partido russo, nem em nenhum partido relevante da IC, uma Confer\u00eancia da Oposi\u00e7\u00e3o Internacional ocorreu entre 27 e 28 de agosto. Ela afirma a necessidade, ent\u00e3o, de uma nova internacional, que viria a ser, cinco anos depois, a Quarta Internacional, a fim de preservar a heran\u00e7a da revolu\u00e7\u00e3o de 1917.\u00a0 A LCB de Pedrosa integra esse movimento desde o Brasil, e com a decis\u00e3o da Oposi\u00e7\u00e3o Internacional passa a adotar a denomina\u00e7\u00e3o de Liga Comunista Internacionalista (LCI); agora como partido, e n\u00e3o mais como fra\u00e7\u00e3o do PCB, como at\u00e9 ent\u00e3o se consideravam. O PCB, como o conjunto da IC, n\u00e3o podia mais ser caracterizado como partido revolucion\u00e1rio, ainda que houvesse a resist\u00eancia interna de muitos militantes honestos, ao lado de outros manipulados pela propaganda e as falsifica\u00e7\u00f5es do aparato partid\u00e1rio. Essa resist\u00eancia na base do partido stalinista se verificou no combate contra o fascismo no Brasil.<\/p>\n<blockquote>\n<h1><span style=\"color: #0000ff;\">Frente \u00danica Antifascista (FUA), com pap\u00e9is not\u00e1veis de Mario Pedrosa e F\u00falvio Abramo <\/span><\/h1>\n<\/blockquote>\n<p>A Liga Comunista Internacionalista lan\u00e7ou um chamado a todas as organiza\u00e7\u00f5es em S\u00e3o Paulo para que se unissem e formassem uma frente \u00fanica para enfrentar as a\u00e7\u00f5es dos bandos integralistas. A Frente \u00danica Antifascista (FUA), com papel not\u00e1vel de Mario Pedrosa e de F\u00falvio Abramo \u2013 jornalistas e gr\u00e1ficos ainda eram um mesmo sindicato -, foi lan\u00e7ada em um com\u00edcio realizado em 10 de junho de 1933 em S\u00e3o Paulo. A FUA agrupava grupos e jornais anarquistas, socialistas, trotskistas, sindicatos, associa\u00e7\u00f5es de imigrantes e mesmo muitos comunistas stalinistas de base, apesar do veto de sua dire\u00e7\u00e3o.<\/p>\n<blockquote>\n<h1><span style=\"color: #0000ff;\"><strong>A fal\u00eancia do stalinismo e sua hist\u00f3ria de trai\u00e7\u00f5es ao movimento oper\u00e1rio<\/strong><\/span><\/h1>\n<\/blockquote>\n<p>A fal\u00eancia pol\u00edtica do PCB se revelou completamente em 1935, depois da cria\u00e7\u00e3o da Alian\u00e7a Nacional Libertadora (ANL), uma frente com certa influ\u00eancia de massas, na qual os stalinistas participaram ao lado de outros setores da hierarquia militar e da classe dominante brasileira. No segundo semestre de 1935, ap\u00f3s a decreta\u00e7\u00e3o de sua ilegalidade pelo governo Get\u00falio Vargas que girara \u00e0 direita (aproximando os \u201cintegralistas\u201d fascistas de Pl\u00ednio Salgado), a ANL perdeu sua capacidade de mobiliza\u00e7\u00e3o. A\u00ed, ent\u00e3o, no esp\u00edrito ainda do \u201cterceiro per\u00edodo\u201d, um levante armado foi deflagrado pelo PCB em novembro, completamente desarticulado de uma ampla mobiliza\u00e7\u00e3o de massas contra o governo que perseguia os trabalhadores. Um desastre. O resultado foi permitir uma brutal repress\u00e3o por anos a fio \u00e0 dita \u201cIntentona Comunista\u201d, repress\u00e3o contra o conjunto das organiza\u00e7\u00f5es oper\u00e1rias, populares e democr\u00e1ticas, que iria culminar na instaura\u00e7\u00e3o da ditadura do Estado Novo varguista em 1937. Foi nesse per\u00edodo que uma importante ruptura ocorreu no Comit\u00ea Regional de S\u00e3o Paulo do PCB, sob lideran\u00e7a do membro da Executiva Nacional, Herm\u00ednio Sacchetta. Junto com outros comunistas eles aderem \u00e0 pequena se\u00e7\u00e3o brasileira da 4\u00aa Internacional que ganha relev\u00e2ncia.<\/p>\n<figure id=\"attachment_6406\" aria-describedby=\"caption-attachment-6406\" style=\"width: 1008px\" class=\"wp-caption alignnone\"><img loading=\"lazy\" decoding=\"async\" class=\"wp-image-6406 size-full\" src=\"https:\/\/renatodias.online\/movimento\/wp-content\/uploads\/2021\/05\/Getulio-Vargas.jpg\" alt=\"\" width=\"1008\" height=\"630\" \/><figcaption id=\"caption-attachment-6406\" class=\"wp-caption-text\"><strong>Get\u00falio Vargas<\/strong><\/figcaption><\/figure>\n<p>O PCB j\u00e1 n\u00e3o era um partido revolucion\u00e1rio, e em diferentes momentos nas d\u00e9cadas seguintes da hist\u00f3ria do Brasil, envergonhar\u00e1 o movimento oper\u00e1rio, aprisionando os trabalhadores na tutela da suposta \u201cburguesia progressista\u201d ou \u201cnacional\u201d. Ainda no c\u00e1rcere da ditadura varguista, os stalinistas sob o comando do capit\u00e3o Prestes come\u00e7aram a discutir a proposta de \u201cuni\u00e3o nacional\u201d em torno do presidente-ditador Vargas. Em 1945, passaram a apoiar o movimento \u201cQueremista\u201d, que propugnava uma Assembleia Nacional Constituinte com o ditador no poder (\u201cqueremos Get\u00falio\u201d), ao inv\u00e9s de lutar por uma Constituinte Soberana.<\/p>\n<figure id=\"attachment_9759\" aria-describedby=\"caption-attachment-9759\" style=\"width: 1280px\" class=\"wp-caption alignnone\"><img loading=\"lazy\" decoding=\"async\" class=\"wp-image-9759 size-full\" src=\"https:\/\/renatodias.online\/movimento\/wp-content\/uploads\/2021\/11\/Adhemar-de-Barros.jpg\" alt=\"\" width=\"1280\" height=\"720\" srcset=\"https:\/\/renatodias.online\/movimento\/wp-content\/uploads\/2021\/11\/Adhemar-de-Barros.jpg 1280w, https:\/\/renatodias.online\/movimento\/wp-content\/uploads\/2021\/11\/Adhemar-de-Barros-300x169.jpg 300w, https:\/\/renatodias.online\/movimento\/wp-content\/uploads\/2021\/11\/Adhemar-de-Barros-768x432.jpg 768w, https:\/\/renatodias.online\/movimento\/wp-content\/uploads\/2021\/11\/Adhemar-de-Barros-750x422.jpg 750w\" sizes=\"auto, (max-width: 1280px) 100vw, 1280px\" \/><figcaption id=\"caption-attachment-9759\" class=\"wp-caption-text\"><strong>Adhemar de Barros<\/strong><\/figcaption><\/figure>\n<p>Foram d\u00e9cadas de aventuras de todo tipo, frustrando gera\u00e7\u00f5es de militantes honestos forjados nas greves e mobiliza\u00e7\u00f5es. Do apoio a Vargas em 1945, seguido da passividade bovina frente \u00e0 ilegaliza\u00e7\u00e3o do partido em 1947 pelo Tribunal (Prestes pede calma e manda cobrar o apoio do ex-interventor varguista em SP, Adhemar de Barros, que manda o emiss\u00e1rio \u201cenfiar o compromisso\u2026\u201d), at\u00e9, de novo, numa oposi\u00e7\u00e3o esquerdista ao Vargas agora eleito \u201cprogressista\u201d em 1950-54 quando se suicida e \u2013 vergonha! -, os jornais do PCB \u201cilegal\u201d (suas sedes) s\u00e3o invadidos e empastelados pela massa enfurecida no Rio e outras cidades. At\u00e9 o desarme do movimento sindical e democr\u00e1tico frente ao golpe militar pr\u00f3-imperialista de 1964, o PCB estando encabrestado com Jango (\u201cestamos no poder, se a rea\u00e7\u00e3o levantar a cabe\u00e7a ser\u00e1 esmagada\u201d \u2013 Prestes).<\/p>\n<figure id=\"attachment_6032\" aria-describedby=\"caption-attachment-6032\" style=\"width: 1254px\" class=\"wp-caption alignnone\"><img loading=\"lazy\" decoding=\"async\" class=\"wp-image-6032 size-full\" src=\"https:\/\/renatodias.online\/movimento\/wp-content\/uploads\/2021\/04\/golpe-militar-de-1964.png\" alt=\"Golpe de Estado de 1964\" width=\"1254\" height=\"596\" \/><figcaption id=\"caption-attachment-6032\" class=\"wp-caption-text\"><strong>Golpe de Estado civil e militar do ano de 1964<\/strong><\/figcaption><\/figure>\n<p>A\u00ed, grupos e divis\u00f5es levaram importantes militantes do partido a rupturas, mao\u00edstas, castristas e outras. Dominou um vanguardismo de luta armada descolado das lutas das massas trabalhadoras. \u00c9 importante n\u00e3o se esquecer do papel ativo nos anos 70\/80 daquilo que tinha sobrado do PCB, tamb\u00e9m do PCdoB, uma ruptura mao\u00edsta do interior do ent\u00e3o PCB em 1962. Ambos, PCB e PCdoB, tentam inviabilizar a constru\u00e7\u00e3o do PT e da CUT. Ambos deram entusiasticamente apoio ao governo Jos\u00e9 Sarney. Mas o pr\u00f3prio movimento oper\u00e1rio e de massas, forjado na luta de resist\u00eancia contra a ditadura militar \u2013 com o concurso de trotskistas e de v\u00e1rios outros grupos, inclusive religiosos -, vai, por seu pr\u00f3prio movimento, criar desde suas lutas mais profundas um caminho novo para expressar a iniciativa por uma representa\u00e7\u00e3o independente da classe oper\u00e1ria brasileira.<\/p>\n<figure id=\"attachment_2991\" aria-describedby=\"caption-attachment-2991\" style=\"width: 620px\" class=\"wp-caption aligncenter\"><img loading=\"lazy\" decoding=\"async\" class=\"wp-image-2991 size-full\" src=\"https:\/\/renatodias.online\/movimento\/wp-content\/uploads\/2019\/11\/Jos\u00e9-Sarney-assume-online.jpg\" alt=\"\" width=\"620\" height=\"398\" srcset=\"https:\/\/renatodias.online\/movimento\/wp-content\/uploads\/2019\/11\/Jos\u00e9-Sarney-assume-online.jpg 620w, https:\/\/renatodias.online\/movimento\/wp-content\/uploads\/2019\/11\/Jos\u00e9-Sarney-assume-online-300x193.jpg 300w\" sizes=\"auto, (max-width: 620px) 100vw, 620px\" \/><figcaption id=\"caption-attachment-2991\" class=\"wp-caption-text\"><strong>Jos\u00e9 Sarney<\/strong><\/figcaption><\/figure>\n<p>&nbsp;<\/p>\n<p>Em 1992, Roberto Freire, ent\u00e3o secret\u00e1rio-geral do PCB, mas moscovita sem Moscou (o regime acabara no ano anterior, acabando \u201cotras cositas m\u00e1s\u201d), decide, ent\u00e3o, em congresso, por maioria, dissolver o PCB, criando o PPS, atual Cidadania, partido de direita. Mas disc\u00edpulo stalinista, ele \u00e9 o secret\u00e1rio geral ininterrupto dos tr\u00eas partidos, h\u00e1 mais de 30 anos!\u00a0 Um grupo de militantes do PCB n\u00e3o aceitou virar PPS, e reconstitui um PCB, hoje existente, legalizado, inclusive, sem parlamentares, mas com o correspondente Fundo Partid\u00e1rio \u2013 aten\u00e7\u00e3o, leitor, n\u00e3o \u00e9 o mais conhecido PCdoB.<\/p>\n<figure id=\"attachment_8612\" aria-describedby=\"caption-attachment-8612\" style=\"width: 1250px\" class=\"wp-caption alignnone\"><img loading=\"lazy\" decoding=\"async\" class=\"wp-image-8612 size-full\" src=\"https:\/\/renatodias.online\/movimento\/wp-content\/uploads\/2021\/08\/Xi-Jinping.jpg\" alt=\"\" width=\"1250\" height=\"600\" \/><figcaption id=\"caption-attachment-8612\" class=\"wp-caption-text\"><strong>Xi Jinping<\/strong><\/figcaption><\/figure>\n<p>O atual PCdoB de origem mao\u00edsta nos anos 60, foi depois defensor de Enver Hoxha, antigo ditador stalinista da Alb\u00e2nia nos anos 70, quando o PCdoB pretendia que ele fosse o \u201cfarol do socialismo\u201d, porque havia rompido com o PC da China que, na verdade, se aproximava lentamente do \u201cmercado\u201d.\u00a0\u00a0O PCdoB atual defende os regimes pol\u00edticos da Coreia do Norte, do Vietn\u00e3, da China e de Cuba, todos e cada um. N\u00f3s n\u00e3o, n\u00f3s combatemos os bloqueios imperialistas aos pa\u00edses, e a Venezuela e ao Ir\u00e3, mas tamb\u00e9m defendemos o direito \u00e0 organiza\u00e7\u00e3o independente de sindicatos e de partidos oper\u00e1rios, contra os modelos de \u201cpartido \u00fanico\u201d.<\/p>\n<figure id=\"attachment_11030\" aria-describedby=\"caption-attachment-11030\" style=\"width: 935px\" class=\"wp-caption alignnone\"><img loading=\"lazy\" decoding=\"async\" class=\"wp-image-11030 size-full\" src=\"https:\/\/renatodias.online\/movimento\/wp-content\/uploads\/2022\/02\/Vladimir-Putin-A-guerra.png\" alt=\"\" width=\"935\" height=\"649\" \/><figcaption id=\"caption-attachment-11030\" class=\"wp-caption-text\"><strong>Vladimir Putin<\/strong><\/figcaption><\/figure>\n<p>O PCdoB, em nome de uma suposta \u201cguerra justa\u201d, a lorota do \u201cataque preventivo\u201d, defende a agress\u00e3o unilateral dos oligarcas capitalistas do governo da R\u00fassia contra a Ucr\u00e2nia, negando a unidade mundial da classe oper\u00e1ria que se orienta pelo \u201cDireito \u00e0 Autodetermina\u00e7\u00e3o dos Povos\u201d. Ao faz\u00ea-lo, em verdade, o PCdoB como uma parte dos PCs do mundo sobreviventes \u2013 s\u00f3 uma parte -, acabam legitimando a OTAN em crise de legitimidade (a OTAN deve ser dissolvida), d\u00e1 discurso para Biden e \u00e0 socialdemocracia europeia, e ainda p\u00f5e mel na sopa de Zelensky. O PCdoB atual se pretende a continuidade do antigo PCB, o que \u00e9 falso, como explicamos, e a verdade que \u00e9 sempre revolucion\u00e1ria (Rosa Luxemburgo), nos diz respeito, como diz respeito a todo o movimento oper\u00e1rio e \u00e0 democracia.<\/p>\n<figure id=\"attachment_8352\" aria-describedby=\"caption-attachment-8352\" style=\"width: 286px\" class=\"wp-caption aligncenter\"><img loading=\"lazy\" decoding=\"async\" class=\"size-medium wp-image-8352\" src=\"https:\/\/renatodias.online\/movimento\/wp-content\/uploads\/2021\/08\/Estrela-do-PT-286x300.jpg\" alt=\"\" width=\"286\" height=\"300\" \/><figcaption id=\"caption-attachment-8352\" class=\"wp-caption-text\"><strong>Estrela do PT<\/strong><\/figcaption><\/figure>\n<p>N\u00f3s defendemos uma alian\u00e7a anti-imperialista do PT com o PSOL, o PCdoB, e setores do PSB e do PDT tamb\u00e9m. Mas somos contra uma federa\u00e7\u00e3o, camisa-de-for\u00e7a (lei 14.208 de 28\/09\/21), com o PCdoB e PV, que limitaria a independ\u00eancia do PT por 4 longos anos, num tipo de \u201cautonomia\u201d dentro desta camisa-de-for\u00e7a tutelada pelo \u201cbom ju\u00edzo\u201d do TSE, com penalidades monstruosas. N\u00f3s reivindicamos a funda\u00e7\u00e3o do PCB em 1922, mas n\u00e3o a funda\u00e7\u00e3o do PCdoB ou do PSOL, PSB ou PDT, for\u00e7as pol\u00edticas leg\u00edtimas para a luta pela emancipa\u00e7\u00e3o nacional e pelo socialismo. O PT \u00e9 o partido nacional da classe trabalhadora que o PCB nunca logrou ser. O PT, por outro lado, nunca se prop\u00f4s a ser um partido revolucion\u00e1rio, no sentido leninista. Mas o PT, sobretudo, vive uma crise de rumo geral que, na v\u00e9spera da elei\u00e7\u00e3o em que Lula \u00e9 favorito (e o partido tem 28% de prefer\u00eancia), quest\u00e3o complexa, n\u00e3o tem como ser resolvida.<\/p>\n<figure id=\"attachment_5361\" aria-describedby=\"caption-attachment-5361\" style=\"width: 222px\" class=\"wp-caption aligncenter\"><img loading=\"lazy\" decoding=\"async\" class=\"wp-image-5361 size-full\" src=\"https:\/\/renatodias.online\/movimento\/wp-content\/uploads\/2021\/03\/Luiz-Inacio-Lula-da-Silva-1.jpg\" alt=\"Luiz In\u00e1cio Lula da Silva \u2013 caricatura\" width=\"222\" height=\"594\" \/><figcaption id=\"caption-attachment-5361\" class=\"wp-caption-text\"><strong>Luiz In\u00e1cio Lula da Silva<br \/><\/strong><\/figcaption><\/figure>\n<p>A defesa da pol\u00edtica oper\u00e1ria independente dentro do PT segue contradit\u00f3ria com a pol\u00edtica dos herdeiros do velho stalinismo que sepultou o PCB como partido revolucion\u00e1rio na d\u00e9cada de 1930, embora hoje sem as suas bases materiais. N\u00e3o \u00e9 por falta de recursos que a China \u201ccomunista\u201d n\u00e3o constr\u00f3i uma Internacional. Tanto que n\u00e3o \u00e9 a raz\u00e3o de Cuba, embora tenha menos recursos. Putin, autocrata pr\u00f3-capitalista vergonhosamente apoiado pelos principais herdeiros locais de St\u00e1lin (o PCFRN), n\u00e3o tem outra aspira\u00e7\u00e3o sen\u00e3o a do \u201cgr\u00e3o-russo\u201d que \u00e9 \u2013 s\u00f3 mentes tacanhas veem alguma proje\u00e7\u00e3o \u201cprogressista\u201d na infame guerra na Ucr\u00e2nia.\u00a0 Diferentes grupos, dirigentes urbanos e rurais, e intelectuais herdeiros dessa tradi\u00e7\u00e3o, seguem esperando a a\u00e7\u00e3o redentora que, quando n\u00e3o \u00e9 de alguma sombra da hierarquia militar, sempre \u00e9 a de uma fra\u00e7\u00e3o da burguesia, \u00e0s vezes chamada de moderna, ou progressista, ou interna, ou nacionalista, ou empreendedora etc., diferentes m\u00e1scaras criadas pela sua falta de convic\u00e7\u00e3o prolet\u00e1ria ou s\u00f3 mesmo para iludir os trabalhadores.<\/p>\n<figure id=\"attachment_6088\" aria-describedby=\"caption-attachment-6088\" style=\"width: 1024px\" class=\"wp-caption alignnone\"><img loading=\"lazy\" decoding=\"async\" class=\"wp-image-6088 size-full\" src=\"https:\/\/renatodias.online\/movimento\/wp-content\/uploads\/2021\/04\/Josef-Stalin.png\" alt=\"Josef St\u00e1lin\" width=\"1024\" height=\"682\" srcset=\"https:\/\/renatodias.online\/movimento\/wp-content\/uploads\/2021\/04\/Josef-Stalin.png 1024w, https:\/\/renatodias.online\/movimento\/wp-content\/uploads\/2021\/04\/Josef-Stalin-300x200.png 300w, https:\/\/renatodias.online\/movimento\/wp-content\/uploads\/2021\/04\/Josef-Stalin-768x512.png 768w, https:\/\/renatodias.online\/movimento\/wp-content\/uploads\/2021\/04\/Josef-Stalin-360x240.png 360w, https:\/\/renatodias.online\/movimento\/wp-content\/uploads\/2021\/04\/Josef-Stalin-750x500.png 750w\" sizes=\"auto, (max-width: 1024px) 100vw, 1024px\" \/><figcaption id=\"caption-attachment-6088\" class=\"wp-caption-text\"><strong>Josef St\u00e1lin<\/strong><\/figcaption><\/figure>\n<p>N\u00f3s, da nossa parte, reivindicamos o fio de continuidade do PCB encarnado por M\u00e1rio Pedrosa, Herm\u00ednio Sacchetta e F\u00falvio Abramo, que nos \u00faltimos anos da sua vida foi membro associado do Comit\u00ea Central da OSI, atual corrente O Trabalho do PT, se\u00e7\u00e3o brasileira da Quarta Internacional. Apoiamos um quadro de colabora\u00e7\u00e3o ampla no Comit\u00ea Internacional de Liga\u00e7\u00e3o e Interc\u00e2mbio (CILI) que articula diferentes organiza\u00e7\u00f5es e militantes oper\u00e1rios, encimado pelo Partido Oper\u00e1rio Independente da Fran\u00e7a e o Partido dos Trabalhadores da Arg\u00e9lia e que, no Brasil, tem a ades\u00e3o do Di\u00e1logo e A\u00e7\u00e3o Petista do qual somos membros. Isso diz respeito tamb\u00e9m a todo comunista sincero.<\/p>\n<figure id=\"attachment_8547\" aria-describedby=\"caption-attachment-8547\" style=\"width: 696px\" class=\"wp-caption aligncenter\"><img loading=\"lazy\" decoding=\"async\" class=\"wp-image-8547 size-full\" src=\"https:\/\/renatodias.online\/movimento\/wp-content\/uploads\/2021\/08\/IV-Internacional-Especial-O-Trabalho.png\" alt=\"\" width=\"696\" height=\"795\" srcset=\"https:\/\/renatodias.online\/movimento\/wp-content\/uploads\/2021\/08\/IV-Internacional-Especial-O-Trabalho.png 696w, https:\/\/renatodias.online\/movimento\/wp-content\/uploads\/2021\/08\/IV-Internacional-Especial-O-Trabalho-263x300.png 263w\" sizes=\"auto, (max-width: 696px) 100vw, 696px\" \/><figcaption id=\"caption-attachment-8547\" class=\"wp-caption-text\"><span style=\"color: #ff0000;\"><strong>IV Internacional<\/strong><\/span><\/figcaption><\/figure>\n<p style=\"text-align: center;\"><span style=\"color: #0000ff;\"><strong>Everaldo Andrade, membro do Conselho Curador da Funda\u00e7\u00e3o Perseu Abramo<\/strong><\/span><\/p>\n<p style=\"text-align: center;\"><span style=\"color: #0000ff;\"><strong>Markus Sokol, membro da Comiss\u00e3o Executiva Nacional do<\/strong> PT<\/span><\/p>\n<p>&nbsp;<\/p>\n","protected":false},"excerpt":{"rendered":"<p>A luta de classes no Brasil O que pensam os trotskistas? Everaldo Andrade Markus Sokol No \u00faltimo dia 25 de mar\u00e7o de 2022 comemoraram-se 100 anos de funda\u00e7\u00e3o do PCB. O fato expressou uma trajet\u00f3ria e um amadurecimento do ent\u00e3o jovem proletariado brasileiro. Os seus primeiros anos foram os primeiros passos da constru\u00e7\u00e3o de um<\/p>\n","protected":false},"author":2,"featured_media":9076,"comment_status":"open","ping_status":"open","sticky":false,"template":"","format":"standard","meta":{"_acf_changed":false,"_monsterinsights_skip_tracking":false,"_monsterinsights_sitenote_active":false,"_monsterinsights_sitenote_note":"","_monsterinsights_sitenote_category":0,"footnotes":""},"categories":[1],"tags":[],"class_list":["post-11525","post","type-post","status-publish","format-standard","has-post-thumbnail","hentry","category-cinema"],"acf":[],"yoast_head":"<!-- This site is optimized with the Yoast SEO plugin v27.4 - https:\/\/yoast.com\/product\/yoast-seo-wordpress\/ -->\n<title>100 anos depois do PCB -<\/title>\n<meta name=\"robots\" content=\"index, follow, max-snippet:-1, max-image-preview:large, max-video-preview:-1\" \/>\n<link rel=\"canonical\" href=\"https:\/\/renatodias.online\/movimento\/2022\/03\/27\/100-anos-depois-do-pcb\/\" \/>\n<meta property=\"og:locale\" content=\"pt_BR\" \/>\n<meta property=\"og:type\" content=\"article\" \/>\n<meta property=\"og:title\" content=\"100 anos depois do PCB -\" \/>\n<meta property=\"og:description\" content=\"A luta de classes no Brasil O que pensam os trotskistas? Everaldo Andrade Markus Sokol No \u00faltimo dia 25 de mar\u00e7o de 2022 comemoraram-se 100 anos de funda\u00e7\u00e3o do PCB. O fato expressou uma trajet\u00f3ria e um amadurecimento do ent\u00e3o jovem proletariado brasileiro. Os seus primeiros anos foram os primeiros passos da constru\u00e7\u00e3o de um\" \/>\n<meta property=\"og:url\" content=\"https:\/\/renatodias.online\/movimento\/2022\/03\/27\/100-anos-depois-do-pcb\/\" \/>\n<meta property=\"article:publisher\" content=\"https:\/\/www.facebook.com\/renato.dias.37\" \/>\n<meta property=\"article:author\" content=\"https:\/\/www.facebook.com\/renato.dias.37\" \/>\n<meta property=\"article:published_time\" content=\"2022-03-27T23:03:52+00:00\" \/>\n<meta property=\"article:modified_time\" content=\"2022-03-29T03:11:44+00:00\" \/>\n<meta property=\"og:image\" content=\"https:\/\/renatodias.online\/movimento\/wp-content\/uploads\/2021\/09\/Fundacao-do-PCB-em-1922.jpg\" \/>\n\t<meta property=\"og:image:width\" content=\"900\" \/>\n\t<meta property=\"og:image:height\" content=\"635\" \/>\n\t<meta property=\"og:image:type\" content=\"image\/jpeg\" \/>\n<meta name=\"author\" content=\"Renato Dias\" \/>\n<meta name=\"twitter:card\" content=\"summary_large_image\" \/>\n<meta name=\"twitter:creator\" content=\"@RenatoDiasBat\" \/>\n<meta name=\"twitter:site\" content=\"@RenatoDiasBat\" \/>\n<meta name=\"twitter:label1\" content=\"Escrito por\" \/>\n\t<meta name=\"twitter:data1\" content=\"Renato Dias\" \/>\n\t<meta name=\"twitter:label2\" content=\"Est. tempo de leitura\" \/>\n\t<meta name=\"twitter:data2\" content=\"18 minutos\" \/>\n<script type=\"application\/ld+json\" class=\"yoast-schema-graph\">{\"@context\":\"https:\\\/\\\/schema.org\",\"@graph\":[{\"@type\":\"Article\",\"@id\":\"https:\\\/\\\/renatodias.online\\\/movimento\\\/2022\\\/03\\\/27\\\/100-anos-depois-do-pcb\\\/#article\",\"isPartOf\":{\"@id\":\"https:\\\/\\\/renatodias.online\\\/movimento\\\/2022\\\/03\\\/27\\\/100-anos-depois-do-pcb\\\/\"},\"author\":{\"name\":\"Renato Dias\",\"@id\":\"https:\\\/\\\/renatodias.online\\\/movimento\\\/#\\\/schema\\\/person\\\/bbab28833b1725a20f4083f49f1fb2a9\"},\"headline\":\"100 anos depois do PCB\",\"datePublished\":\"2022-03-27T23:03:52+00:00\",\"dateModified\":\"2022-03-29T03:11:44+00:00\",\"mainEntityOfPage\":{\"@id\":\"https:\\\/\\\/renatodias.online\\\/movimento\\\/2022\\\/03\\\/27\\\/100-anos-depois-do-pcb\\\/\"},\"wordCount\":3684,\"commentCount\":0,\"publisher\":{\"@id\":\"https:\\\/\\\/renatodias.online\\\/movimento\\\/#\\\/schema\\\/person\\\/bbab28833b1725a20f4083f49f1fb2a9\"},\"image\":{\"@id\":\"https:\\\/\\\/renatodias.online\\\/movimento\\\/2022\\\/03\\\/27\\\/100-anos-depois-do-pcb\\\/#primaryimage\"},\"thumbnailUrl\":\"https:\\\/\\\/renatodias.online\\\/movimento\\\/wp-content\\\/uploads\\\/2021\\\/09\\\/Fundacao-do-PCB-em-1922-e1704407471357.jpg\",\"articleSection\":[\"Cinema\"],\"inLanguage\":\"pt-BR\",\"potentialAction\":[{\"@type\":\"CommentAction\",\"name\":\"Comment\",\"target\":[\"https:\\\/\\\/renatodias.online\\\/movimento\\\/2022\\\/03\\\/27\\\/100-anos-depois-do-pcb\\\/#respond\"]}]},{\"@type\":\"WebPage\",\"@id\":\"https:\\\/\\\/renatodias.online\\\/movimento\\\/2022\\\/03\\\/27\\\/100-anos-depois-do-pcb\\\/\",\"url\":\"https:\\\/\\\/renatodias.online\\\/movimento\\\/2022\\\/03\\\/27\\\/100-anos-depois-do-pcb\\\/\",\"name\":\"100 anos depois do PCB -\",\"isPartOf\":{\"@id\":\"https:\\\/\\\/renatodias.online\\\/movimento\\\/#website\"},\"primaryImageOfPage\":{\"@id\":\"https:\\\/\\\/renatodias.online\\\/movimento\\\/2022\\\/03\\\/27\\\/100-anos-depois-do-pcb\\\/#primaryimage\"},\"image\":{\"@id\":\"https:\\\/\\\/renatodias.online\\\/movimento\\\/2022\\\/03\\\/27\\\/100-anos-depois-do-pcb\\\/#primaryimage\"},\"thumbnailUrl\":\"https:\\\/\\\/renatodias.online\\\/movimento\\\/wp-content\\\/uploads\\\/2021\\\/09\\\/Fundacao-do-PCB-em-1922-e1704407471357.jpg\",\"datePublished\":\"2022-03-27T23:03:52+00:00\",\"dateModified\":\"2022-03-29T03:11:44+00:00\",\"breadcrumb\":{\"@id\":\"https:\\\/\\\/renatodias.online\\\/movimento\\\/2022\\\/03\\\/27\\\/100-anos-depois-do-pcb\\\/#breadcrumb\"},\"inLanguage\":\"pt-BR\",\"potentialAction\":[{\"@type\":\"ReadAction\",\"target\":[\"https:\\\/\\\/renatodias.online\\\/movimento\\\/2022\\\/03\\\/27\\\/100-anos-depois-do-pcb\\\/\"]}]},{\"@type\":\"ImageObject\",\"inLanguage\":\"pt-BR\",\"@id\":\"https:\\\/\\\/renatodias.online\\\/movimento\\\/2022\\\/03\\\/27\\\/100-anos-depois-do-pcb\\\/#primaryimage\",\"url\":\"https:\\\/\\\/renatodias.online\\\/movimento\\\/wp-content\\\/uploads\\\/2021\\\/09\\\/Fundacao-do-PCB-em-1922-e1704407471357.jpg\",\"contentUrl\":\"https:\\\/\\\/renatodias.online\\\/movimento\\\/wp-content\\\/uploads\\\/2021\\\/09\\\/Fundacao-do-PCB-em-1922-e1704407471357.jpg\",\"width\":300,\"height\":212,\"caption\":\"Funda\u00e7\u00e3o do PCB em 25 de mar\u00e7o do ano de 1922\"},{\"@type\":\"BreadcrumbList\",\"@id\":\"https:\\\/\\\/renatodias.online\\\/movimento\\\/2022\\\/03\\\/27\\\/100-anos-depois-do-pcb\\\/#breadcrumb\",\"itemListElement\":[{\"@type\":\"ListItem\",\"position\":1,\"name\":\"In\u00edcio\",\"item\":\"https:\\\/\\\/renatodias.online\\\/movimento\\\/\"},{\"@type\":\"ListItem\",\"position\":2,\"name\":\"100 anos depois do PCB\"}]},{\"@type\":\"WebSite\",\"@id\":\"https:\\\/\\\/renatodias.online\\\/movimento\\\/#website\",\"url\":\"https:\\\/\\\/renatodias.online\\\/movimento\\\/\",\"name\":\"\",\"description\":\"\",\"publisher\":{\"@id\":\"https:\\\/\\\/renatodias.online\\\/movimento\\\/#\\\/schema\\\/person\\\/bbab28833b1725a20f4083f49f1fb2a9\"},\"potentialAction\":[{\"@type\":\"SearchAction\",\"target\":{\"@type\":\"EntryPoint\",\"urlTemplate\":\"https:\\\/\\\/renatodias.online\\\/movimento\\\/?s={search_term_string}\"},\"query-input\":{\"@type\":\"PropertyValueSpecification\",\"valueRequired\":true,\"valueName\":\"search_term_string\"}}],\"inLanguage\":\"pt-BR\"},{\"@type\":[\"Person\",\"Organization\"],\"@id\":\"https:\\\/\\\/renatodias.online\\\/movimento\\\/#\\\/schema\\\/person\\\/bbab28833b1725a20f4083f49f1fb2a9\",\"name\":\"Renato Dias\",\"image\":{\"@type\":\"ImageObject\",\"inLanguage\":\"pt-BR\",\"@id\":\"https:\\\/\\\/renatodias.online\\\/movimento\\\/wp-content\\\/uploads\\\/2023\\\/03\\\/cropped-cropped-cropped-logofinal.jpeg\",\"url\":\"https:\\\/\\\/renatodias.online\\\/movimento\\\/wp-content\\\/uploads\\\/2023\\\/03\\\/cropped-cropped-cropped-logofinal.jpeg\",\"contentUrl\":\"https:\\\/\\\/renatodias.online\\\/movimento\\\/wp-content\\\/uploads\\\/2023\\\/03\\\/cropped-cropped-cropped-logofinal.jpeg\",\"width\":1280,\"height\":219,\"caption\":\"Renato Dias\"},\"logo\":{\"@id\":\"https:\\\/\\\/renatodias.online\\\/movimento\\\/wp-content\\\/uploads\\\/2023\\\/03\\\/cropped-cropped-cropped-logofinal.jpeg\"},\"description\":\"Renato Dias, 58 anos, \u00e9 graduado em Jornalismo, formado em Ci\u00eancias Sociais, com p\u00f3s-gradua\u00e7\u00e3o em Pol\u00edticas P\u00fablicas, mestre em Direito e Rela\u00e7\u00f5es Internacionais, ex-aluno extraordin\u00e1rio do Doutorado em Psicologia Social, ex-estudante do Curso de Psican\u00e1lise do Centro de Estudos Psicanal\u00edticos do Estado de Goi\u00e1s, ministrado pelo m\u00e9dico psiquiatra e psicanalista Daniel Em\u00eddio de Souza. \u00c9 autor de 30 livros-reportagem, oito document\u00e1rios, ganhou 30 pr\u00eamios e \u00e9 torcedor apaixonado do maior do Centro-Oeste, o Vila Nova Futebol Clube. Casado com Meirilane Dias, \u00e9 pai de Juliana Dias, jornalista; Daniel Dias, economista; e Maria Rosa Dias, estudante antifascista, socialista e trotskista.\u00a0Com tr\u00eas pets: Porquinho [Bull Dog Franc\u00eas], Dalila [Basset Hound] e Geleia [Basset Hound]. Al\u00e9m do eterno gato Tutuquinho, que virou estrela.\",\"sameAs\":[\"https:\\\/\\\/www.facebook.com\\\/renato.dias.37\",\"#breve\",\"https:\\\/\\\/renatodias.tumblr.com\\\/\"],\"url\":\"https:\\\/\\\/renatodias.online\\\/movimento\\\/author\\\/renatodias\\\/\"}]}<\/script>\n<!-- \/ Yoast SEO plugin. -->","yoast_head_json":{"title":"100 anos depois do PCB -","robots":{"index":"index","follow":"follow","max-snippet":"max-snippet:-1","max-image-preview":"max-image-preview:large","max-video-preview":"max-video-preview:-1"},"canonical":"https:\/\/renatodias.online\/movimento\/2022\/03\/27\/100-anos-depois-do-pcb\/","og_locale":"pt_BR","og_type":"article","og_title":"100 anos depois do PCB -","og_description":"A luta de classes no Brasil O que pensam os trotskistas? Everaldo Andrade Markus Sokol No \u00faltimo dia 25 de mar\u00e7o de 2022 comemoraram-se 100 anos de funda\u00e7\u00e3o do PCB. O fato expressou uma trajet\u00f3ria e um amadurecimento do ent\u00e3o jovem proletariado brasileiro. Os seus primeiros anos foram os primeiros passos da constru\u00e7\u00e3o de um","og_url":"https:\/\/renatodias.online\/movimento\/2022\/03\/27\/100-anos-depois-do-pcb\/","article_publisher":"https:\/\/www.facebook.com\/renato.dias.37","article_author":"https:\/\/www.facebook.com\/renato.dias.37","article_published_time":"2022-03-27T23:03:52+00:00","article_modified_time":"2022-03-29T03:11:44+00:00","og_image":[{"width":900,"height":635,"url":"https:\/\/renatodias.online\/movimento\/wp-content\/uploads\/2021\/09\/Fundacao-do-PCB-em-1922.jpg","type":"image\/jpeg"}],"author":"Renato Dias","twitter_card":"summary_large_image","twitter_creator":"@RenatoDiasBat","twitter_site":"@RenatoDiasBat","twitter_misc":{"Escrito por":"Renato Dias","Est. tempo de leitura":"18 minutos"},"schema":{"@context":"https:\/\/schema.org","@graph":[{"@type":"Article","@id":"https:\/\/renatodias.online\/movimento\/2022\/03\/27\/100-anos-depois-do-pcb\/#article","isPartOf":{"@id":"https:\/\/renatodias.online\/movimento\/2022\/03\/27\/100-anos-depois-do-pcb\/"},"author":{"name":"Renato Dias","@id":"https:\/\/renatodias.online\/movimento\/#\/schema\/person\/bbab28833b1725a20f4083f49f1fb2a9"},"headline":"100 anos depois do PCB","datePublished":"2022-03-27T23:03:52+00:00","dateModified":"2022-03-29T03:11:44+00:00","mainEntityOfPage":{"@id":"https:\/\/renatodias.online\/movimento\/2022\/03\/27\/100-anos-depois-do-pcb\/"},"wordCount":3684,"commentCount":0,"publisher":{"@id":"https:\/\/renatodias.online\/movimento\/#\/schema\/person\/bbab28833b1725a20f4083f49f1fb2a9"},"image":{"@id":"https:\/\/renatodias.online\/movimento\/2022\/03\/27\/100-anos-depois-do-pcb\/#primaryimage"},"thumbnailUrl":"https:\/\/renatodias.online\/movimento\/wp-content\/uploads\/2021\/09\/Fundacao-do-PCB-em-1922-e1704407471357.jpg","articleSection":["Cinema"],"inLanguage":"pt-BR","potentialAction":[{"@type":"CommentAction","name":"Comment","target":["https:\/\/renatodias.online\/movimento\/2022\/03\/27\/100-anos-depois-do-pcb\/#respond"]}]},{"@type":"WebPage","@id":"https:\/\/renatodias.online\/movimento\/2022\/03\/27\/100-anos-depois-do-pcb\/","url":"https:\/\/renatodias.online\/movimento\/2022\/03\/27\/100-anos-depois-do-pcb\/","name":"100 anos depois do PCB -","isPartOf":{"@id":"https:\/\/renatodias.online\/movimento\/#website"},"primaryImageOfPage":{"@id":"https:\/\/renatodias.online\/movimento\/2022\/03\/27\/100-anos-depois-do-pcb\/#primaryimage"},"image":{"@id":"https:\/\/renatodias.online\/movimento\/2022\/03\/27\/100-anos-depois-do-pcb\/#primaryimage"},"thumbnailUrl":"https:\/\/renatodias.online\/movimento\/wp-content\/uploads\/2021\/09\/Fundacao-do-PCB-em-1922-e1704407471357.jpg","datePublished":"2022-03-27T23:03:52+00:00","dateModified":"2022-03-29T03:11:44+00:00","breadcrumb":{"@id":"https:\/\/renatodias.online\/movimento\/2022\/03\/27\/100-anos-depois-do-pcb\/#breadcrumb"},"inLanguage":"pt-BR","potentialAction":[{"@type":"ReadAction","target":["https:\/\/renatodias.online\/movimento\/2022\/03\/27\/100-anos-depois-do-pcb\/"]}]},{"@type":"ImageObject","inLanguage":"pt-BR","@id":"https:\/\/renatodias.online\/movimento\/2022\/03\/27\/100-anos-depois-do-pcb\/#primaryimage","url":"https:\/\/renatodias.online\/movimento\/wp-content\/uploads\/2021\/09\/Fundacao-do-PCB-em-1922-e1704407471357.jpg","contentUrl":"https:\/\/renatodias.online\/movimento\/wp-content\/uploads\/2021\/09\/Fundacao-do-PCB-em-1922-e1704407471357.jpg","width":300,"height":212,"caption":"Funda\u00e7\u00e3o do PCB em 25 de mar\u00e7o do ano de 1922"},{"@type":"BreadcrumbList","@id":"https:\/\/renatodias.online\/movimento\/2022\/03\/27\/100-anos-depois-do-pcb\/#breadcrumb","itemListElement":[{"@type":"ListItem","position":1,"name":"In\u00edcio","item":"https:\/\/renatodias.online\/movimento\/"},{"@type":"ListItem","position":2,"name":"100 anos depois do PCB"}]},{"@type":"WebSite","@id":"https:\/\/renatodias.online\/movimento\/#website","url":"https:\/\/renatodias.online\/movimento\/","name":"","description":"","publisher":{"@id":"https:\/\/renatodias.online\/movimento\/#\/schema\/person\/bbab28833b1725a20f4083f49f1fb2a9"},"potentialAction":[{"@type":"SearchAction","target":{"@type":"EntryPoint","urlTemplate":"https:\/\/renatodias.online\/movimento\/?s={search_term_string}"},"query-input":{"@type":"PropertyValueSpecification","valueRequired":true,"valueName":"search_term_string"}}],"inLanguage":"pt-BR"},{"@type":["Person","Organization"],"@id":"https:\/\/renatodias.online\/movimento\/#\/schema\/person\/bbab28833b1725a20f4083f49f1fb2a9","name":"Renato Dias","image":{"@type":"ImageObject","inLanguage":"pt-BR","@id":"https:\/\/renatodias.online\/movimento\/wp-content\/uploads\/2023\/03\/cropped-cropped-cropped-logofinal.jpeg","url":"https:\/\/renatodias.online\/movimento\/wp-content\/uploads\/2023\/03\/cropped-cropped-cropped-logofinal.jpeg","contentUrl":"https:\/\/renatodias.online\/movimento\/wp-content\/uploads\/2023\/03\/cropped-cropped-cropped-logofinal.jpeg","width":1280,"height":219,"caption":"Renato Dias"},"logo":{"@id":"https:\/\/renatodias.online\/movimento\/wp-content\/uploads\/2023\/03\/cropped-cropped-cropped-logofinal.jpeg"},"description":"Renato Dias, 58 anos, \u00e9 graduado em Jornalismo, formado em Ci\u00eancias Sociais, com p\u00f3s-gradua\u00e7\u00e3o em Pol\u00edticas P\u00fablicas, mestre em Direito e Rela\u00e7\u00f5es Internacionais, ex-aluno extraordin\u00e1rio do Doutorado em Psicologia Social, ex-estudante do Curso de Psican\u00e1lise do Centro de Estudos Psicanal\u00edticos do Estado de Goi\u00e1s, ministrado pelo m\u00e9dico psiquiatra e psicanalista Daniel Em\u00eddio de Souza. \u00c9 autor de 30 livros-reportagem, oito document\u00e1rios, ganhou 30 pr\u00eamios e \u00e9 torcedor apaixonado do maior do Centro-Oeste, o Vila Nova Futebol Clube. Casado com Meirilane Dias, \u00e9 pai de Juliana Dias, jornalista; Daniel Dias, economista; e Maria Rosa Dias, estudante antifascista, socialista e trotskista.\u00a0Com tr\u00eas pets: Porquinho [Bull Dog Franc\u00eas], Dalila [Basset Hound] e Geleia [Basset Hound]. Al\u00e9m do eterno gato Tutuquinho, que virou estrela.","sameAs":["https:\/\/www.facebook.com\/renato.dias.37","#breve","https:\/\/renatodias.tumblr.com\/"],"url":"https:\/\/renatodias.online\/movimento\/author\/renatodias\/"}]}},"_links":{"self":[{"href":"https:\/\/renatodias.online\/movimento\/wp-json\/wp\/v2\/posts\/11525","targetHints":{"allow":["GET"]}}],"collection":[{"href":"https:\/\/renatodias.online\/movimento\/wp-json\/wp\/v2\/posts"}],"about":[{"href":"https:\/\/renatodias.online\/movimento\/wp-json\/wp\/v2\/types\/post"}],"author":[{"embeddable":true,"href":"https:\/\/renatodias.online\/movimento\/wp-json\/wp\/v2\/users\/2"}],"replies":[{"embeddable":true,"href":"https:\/\/renatodias.online\/movimento\/wp-json\/wp\/v2\/comments?post=11525"}],"version-history":[{"count":1,"href":"https:\/\/renatodias.online\/movimento\/wp-json\/wp\/v2\/posts\/11525\/revisions"}],"predecessor-version":[{"id":11527,"href":"https:\/\/renatodias.online\/movimento\/wp-json\/wp\/v2\/posts\/11525\/revisions\/11527"}],"wp:featuredmedia":[{"embeddable":true,"href":"https:\/\/renatodias.online\/movimento\/wp-json\/wp\/v2\/media\/9076"}],"wp:attachment":[{"href":"https:\/\/renatodias.online\/movimento\/wp-json\/wp\/v2\/media?parent=11525"}],"wp:term":[{"taxonomy":"category","embeddable":true,"href":"https:\/\/renatodias.online\/movimento\/wp-json\/wp\/v2\/categories?post=11525"},{"taxonomy":"post_tag","embeddable":true,"href":"https:\/\/renatodias.online\/movimento\/wp-json\/wp\/v2\/tags?post=11525"}],"curies":[{"name":"wp","href":"https:\/\/api.w.org\/{rel}","templated":true}]}}