{"id":11432,"date":"2022-03-22T17:19:41","date_gmt":"2022-03-22T20:19:41","guid":{"rendered":"https:\/\/renatodias.online\/movimento\/?p=11432"},"modified":"2022-03-22T17:20:46","modified_gmt":"2022-03-22T20:20:46","slug":"bicentenario-da-nacao-ou-de-dominacao","status":"publish","type":"post","link":"https:\/\/renatodias.online\/movimento\/2022\/03\/22\/bicentenario-da-nacao-ou-de-dominacao\/","title":{"rendered":"Bicenten\u00e1rio: da na\u00e7\u00e3o ou de domina\u00e7\u00e3o?"},"content":{"rendered":"<h1><img loading=\"lazy\" decoding=\"async\" class=\"wp-image-8379 size-medium aligncenter\" src=\"https:\/\/renatodias.online\/movimento\/wp-content\/uploads\/2021\/08\/Especial-Principal-300x101.png\" alt=\"\" width=\"300\" height=\"101\" \/><\/h1>\n<h1 style=\"text-align: center;\"><span style=\"color: #0000ff;\"><strong>Os dois primeiros par\u00e1grafos <\/strong><\/span><\/h1>\n<h1 style=\"text-align: center;\"><span style=\"color: #808000;\"><strong>Bicenten\u00e1rio <\/strong><\/span><\/h1>\n<p style=\"text-align: center;\"><span style=\"color: #ff0000;\"><strong>Da na\u00e7\u00e3o ou de domina\u00e7\u00e3o?<\/strong><\/span><\/p>\n<figure id=\"attachment_6135\" aria-describedby=\"caption-attachment-6135\" style=\"width: 960px\" class=\"wp-caption alignnone\"><img loading=\"lazy\" decoding=\"async\" class=\"wp-image-6135 size-full\" src=\"https:\/\/renatodias.online\/movimento\/wp-content\/uploads\/2021\/04\/Odemar-Leotti-Link-_-cronica-_-1.jpg\" alt=\"Odemar Leotti\" width=\"960\" height=\"720\" srcset=\"https:\/\/renatodias.online\/movimento\/wp-content\/uploads\/2021\/04\/Odemar-Leotti-Link-_-cronica-_-1.jpg 960w, https:\/\/renatodias.online\/movimento\/wp-content\/uploads\/2021\/04\/Odemar-Leotti-Link-_-cronica-_-1-300x225.jpg 300w, https:\/\/renatodias.online\/movimento\/wp-content\/uploads\/2021\/04\/Odemar-Leotti-Link-_-cronica-_-1-768x576.jpg 768w, https:\/\/renatodias.online\/movimento\/wp-content\/uploads\/2021\/04\/Odemar-Leotti-Link-_-cronica-_-1-750x563.jpg 750w\" sizes=\"auto, (max-width: 960px) 100vw, 960px\" \/><figcaption id=\"caption-attachment-6135\" class=\"wp-caption-text\"><strong>Odemar Leotti, professor doutor de Hist\u00f3ria da Universidade Federal do Mato Grosso [UFMT]<br \/><\/strong><\/figcaption><\/figure>\n<p style=\"text-align: center;\"><strong>Trecho do texto de <\/strong><\/p>\n<p style=\"text-align: center;\"><strong>Odemar Leotti<\/strong><\/p>\n<p>O que seria paz quando temos como foco o estudo da na\u00e7\u00e3o brasileira? O que seria a guerra quando tratamos das rela\u00e7\u00f5es de poder na constru\u00e7\u00e3o da na\u00e7\u00e3o? \u00a0O que a hist\u00f3ria nos reservou como marca para nos localizarmos no presente? A hist\u00f3ria nos procura localizar na vida como part\u00edcipes de um jogo? Ou anulando o jogo procura nos remeter a um futuro anulando a cria\u00e7\u00e3o de todos e um s\u00f3 em sua fabrica\u00e7\u00e3o?<\/p>\n<p><img loading=\"lazy\" decoding=\"async\" class=\"size-medium wp-image-11300 aligncenter\" src=\"https:\/\/renatodias.online\/movimento\/wp-content\/uploads\/2022\/03\/Historia-retrospectiva-300x169.jpg\" alt=\"\" width=\"300\" height=\"169\" srcset=\"https:\/\/renatodias.online\/movimento\/wp-content\/uploads\/2022\/03\/Historia-retrospectiva-300x169.jpg 300w, https:\/\/renatodias.online\/movimento\/wp-content\/uploads\/2022\/03\/Historia-retrospectiva.jpg 427w\" sizes=\"auto, (max-width: 300px) 100vw, 300px\" \/><\/p>\n<p>Ou nos empurra anulando nosso lugar nesse jogo e nos remete para um lugar em que n\u00e3o mais existiremos como seres vivos? E nossa passagem finita e t\u00e3o curta pela qual passamos pela vida? A quem pertence? A n\u00f3s ou aos saberes que atravessam nossos corpos e os colocam a servi\u00e7o de uma minoria que usufrui das ostenta\u00e7\u00f5es enquanto a maioria sofre na mis\u00e9ria? Pois ent\u00e3o nos colocamos nesse texto sobre o Brasil do s\u00e9culo XIX e esse passado que nos chega e faz nos relacionarmos com a gente mesmo e como os outros.<\/p>\n<figure id=\"attachment_7457\" aria-describedby=\"caption-attachment-7457\" style=\"width: 300px\" class=\"wp-caption aligncenter\"><img loading=\"lazy\" decoding=\"async\" class=\"size-medium wp-image-7457\" src=\"https:\/\/renatodias.online\/movimento\/wp-content\/uploads\/2021\/06\/Sangue-_-1-300x200.jpeg\" alt=\"\" width=\"300\" height=\"200\" \/><figcaption id=\"caption-attachment-7457\" class=\"wp-caption-text\"><strong>Guerra ou paz?<\/strong><\/figcaption><\/figure>\n<p>Quando tocamos nesse tema de Guerra e Paz \u00e9 para que possamos entender em que situa\u00e7\u00f5es nossos ancestrais se encontraram e poder perguntar se eles tiveram paz ou foram alvos de uma guerra em seu teor expl\u00edcito ou silencioso atrav\u00e9s do regime do saber\/poder. A\u00ed se pergunta. O que podemos entender pelos significados de guerra e de paz?<\/p>\n<p><img loading=\"lazy\" decoding=\"async\" class=\"alignnone wp-image-7107 size-full\" src=\"https:\/\/renatodias.online\/movimento\/wp-content\/uploads\/2021\/06\/Logomarca-de-Historia-_-MR-8.jpg\" alt=\"\" width=\"1024\" height=\"681\" \/><\/p>\n<p>\u00c9 isso que iremos tratar nesse texto para focalizarmos o objetivo da disciplina Brasil Imp\u00e9rio I e II, que nos dois semestres de 2021, trabalho com graduandos em Hist\u00f3ria. Nesse contexto nos propomos a discutir com eles. Sobre como est\u00e3o suas situa\u00e7\u00f5es no presente. Para ir mais direto ao ponto podemos nos perguntar o seguinte: Como somos tratados pelos que dominam o discurso que lhes gera o saber tornado o poder pol\u00edtico e econ\u00f4mico? Como foi poss\u00edvel esse dom\u00ednio pol\u00edtico e econ\u00f4mico?<\/p>\n<p><strong><img loading=\"lazy\" decoding=\"async\" class=\"wp-image-10971 size-full aligncenter\" src=\"https:\/\/renatodias.online\/movimento\/wp-content\/uploads\/2022\/02\/Saiba-mais.png\" alt=\"\" width=\"572\" height=\"196\" srcset=\"https:\/\/renatodias.online\/movimento\/wp-content\/uploads\/2022\/02\/Saiba-mais.png 572w, https:\/\/renatodias.online\/movimento\/wp-content\/uploads\/2022\/02\/Saiba-mais-300x103.png 300w\" sizes=\"auto, (max-width: 572px) 100vw, 572px\" \/><\/strong><\/p>\n<h1 style=\"text-align: center;\"><span style=\"color: #0000ff;\"><strong>O autor<\/strong><\/span><\/h1>\n<p><strong>Odemar Leotti<\/strong> possui gradua\u00e7\u00e3o em Bacharelado e Licenciatura Plena em Hist\u00f3ria pela Universidade Federal de Mato Grosso [1993]. Assim como mestrado em Hist\u00f3ria pela Universidade Estadual de Campinas [2001]. Al\u00e9m de doutorado em Hist\u00f3ria pela Universidade Estadual Paulista &#8211; Campus de Assis [2013]. \u00c9 professor da Universidade Federal de Mato Grosso. O docente tem experi\u00eancia na \u00e1rea de Hist\u00f3ria, com \u00eanfase em Hist\u00f3ria, com centralidade \u00a0nos seguintes temas: Mato Grosso, soberania, ser-poder, ser-saber e indigenismo.<\/p>\n<figure id=\"attachment_11433\" aria-describedby=\"caption-attachment-11433\" style=\"width: 1140px\" class=\"wp-caption alignnone\"><img loading=\"lazy\" decoding=\"async\" class=\"wp-image-11433 size-full\" src=\"https:\/\/renatodias.online\/movimento\/wp-content\/uploads\/2022\/03\/O-escritor.jpg\" alt=\"\" width=\"1140\" height=\"760\" srcset=\"https:\/\/renatodias.online\/movimento\/wp-content\/uploads\/2022\/03\/O-escritor.jpg 1140w, https:\/\/renatodias.online\/movimento\/wp-content\/uploads\/2022\/03\/O-escritor-300x200.jpg 300w, https:\/\/renatodias.online\/movimento\/wp-content\/uploads\/2022\/03\/O-escritor-768x512.jpg 768w, https:\/\/renatodias.online\/movimento\/wp-content\/uploads\/2022\/03\/O-escritor-360x240.jpg 360w, https:\/\/renatodias.online\/movimento\/wp-content\/uploads\/2022\/03\/O-escritor-750x500.jpg 750w\" sizes=\"auto, (max-width: 1140px) 100vw, 1140px\" \/><figcaption id=\"caption-attachment-11433\" class=\"wp-caption-text\"><strong>O escritor<\/strong><\/figcaption><\/figure>\n","protected":false},"excerpt":{"rendered":"<p>Os dois primeiros par\u00e1grafos Bicenten\u00e1rio Da na\u00e7\u00e3o ou de domina\u00e7\u00e3o? &nbsp; Trecho do texto de Odemar Leotti O que seria paz quando temos como foco o estudo da na\u00e7\u00e3o brasileira? O que seria a guerra quando tratamos das rela\u00e7\u00f5es de poder na constru\u00e7\u00e3o da na\u00e7\u00e3o? \u00a0O que a hist\u00f3ria nos reservou como marca para nos<\/p>\n","protected":false},"author":2,"featured_media":5879,"comment_status":"open","ping_status":"open","sticky":false,"template":"","format":"standard","meta":{"_acf_changed":false,"_monsterinsights_skip_tracking":false,"_monsterinsights_sitenote_active":false,"_monsterinsights_sitenote_note":"","_monsterinsights_sitenote_category":0,"footnotes":""},"categories":[83],"tags":[],"class_list":["post-11432","post","type-post","status-publish","format-standard","has-post-thumbnail","hentry","category-opiniao"],"acf":[],"yoast_head":"<!-- This site is optimized with the Yoast SEO plugin v27.4 - https:\/\/yoast.com\/product\/yoast-seo-wordpress\/ -->\n<title>Bicenten\u00e1rio: da na\u00e7\u00e3o ou de domina\u00e7\u00e3o? -<\/title>\n<meta name=\"robots\" content=\"index, follow, max-snippet:-1, max-image-preview:large, max-video-preview:-1\" \/>\n<link rel=\"canonical\" href=\"https:\/\/renatodias.online\/movimento\/2022\/03\/22\/bicentenario-da-nacao-ou-de-dominacao\/\" \/>\n<meta property=\"og:locale\" content=\"pt_BR\" \/>\n<meta property=\"og:type\" content=\"article\" \/>\n<meta property=\"og:title\" content=\"Bicenten\u00e1rio: da na\u00e7\u00e3o ou de domina\u00e7\u00e3o? -\" \/>\n<meta property=\"og:description\" content=\"Os dois primeiros par\u00e1grafos Bicenten\u00e1rio Da na\u00e7\u00e3o ou de domina\u00e7\u00e3o? &nbsp; Trecho do texto de Odemar Leotti O que seria paz quando temos como foco o estudo da na\u00e7\u00e3o brasileira? O que seria a guerra quando tratamos das rela\u00e7\u00f5es de poder na constru\u00e7\u00e3o da na\u00e7\u00e3o? \u00a0O que a hist\u00f3ria nos reservou como marca para nos\" \/>\n<meta property=\"og:url\" content=\"https:\/\/renatodias.online\/movimento\/2022\/03\/22\/bicentenario-da-nacao-ou-de-dominacao\/\" \/>\n<meta property=\"article:publisher\" content=\"https:\/\/www.facebook.com\/renato.dias.37\" \/>\n<meta property=\"article:author\" content=\"https:\/\/www.facebook.com\/renato.dias.37\" \/>\n<meta property=\"article:published_time\" content=\"2022-03-22T20:19:41+00:00\" \/>\n<meta property=\"article:modified_time\" content=\"2022-03-22T20:20:46+00:00\" \/>\n<meta property=\"og:image\" content=\"https:\/\/renatodias.online\/movimento\/wp-content\/uploads\/2021\/04\/Odemar-Leotti-Link-e1647980434259.jpg\" \/>\n\t<meta property=\"og:image:width\" content=\"350\" \/>\n\t<meta property=\"og:image:height\" content=\"184\" \/>\n\t<meta property=\"og:image:type\" content=\"image\/jpeg\" \/>\n<meta name=\"author\" content=\"Renato Dias\" \/>\n<meta name=\"twitter:card\" content=\"summary_large_image\" \/>\n<meta name=\"twitter:creator\" content=\"@RenatoDiasBat\" \/>\n<meta name=\"twitter:site\" content=\"@RenatoDiasBat\" \/>\n<meta name=\"twitter:label1\" content=\"Escrito por\" \/>\n\t<meta name=\"twitter:data1\" content=\"Renato Dias\" \/>\n\t<meta name=\"twitter:label2\" content=\"Est. tempo de leitura\" \/>\n\t<meta name=\"twitter:data2\" content=\"2 minutos\" \/>\n<script type=\"application\/ld+json\" class=\"yoast-schema-graph\">{\"@context\":\"https:\\\/\\\/schema.org\",\"@graph\":[{\"@type\":\"Article\",\"@id\":\"https:\\\/\\\/renatodias.online\\\/movimento\\\/2022\\\/03\\\/22\\\/bicentenario-da-nacao-ou-de-dominacao\\\/#article\",\"isPartOf\":{\"@id\":\"https:\\\/\\\/renatodias.online\\\/movimento\\\/2022\\\/03\\\/22\\\/bicentenario-da-nacao-ou-de-dominacao\\\/\"},\"author\":{\"name\":\"Renato Dias\",\"@id\":\"https:\\\/\\\/renatodias.online\\\/movimento\\\/#\\\/schema\\\/person\\\/bbab28833b1725a20f4083f49f1fb2a9\"},\"headline\":\"Bicenten\u00e1rio: da na\u00e7\u00e3o ou de domina\u00e7\u00e3o?\",\"datePublished\":\"2022-03-22T20:19:41+00:00\",\"dateModified\":\"2022-03-22T20:20:46+00:00\",\"mainEntityOfPage\":{\"@id\":\"https:\\\/\\\/renatodias.online\\\/movimento\\\/2022\\\/03\\\/22\\\/bicentenario-da-nacao-ou-de-dominacao\\\/\"},\"wordCount\":487,\"commentCount\":0,\"publisher\":{\"@id\":\"https:\\\/\\\/renatodias.online\\\/movimento\\\/#\\\/schema\\\/person\\\/bbab28833b1725a20f4083f49f1fb2a9\"},\"image\":{\"@id\":\"https:\\\/\\\/renatodias.online\\\/movimento\\\/2022\\\/03\\\/22\\\/bicentenario-da-nacao-ou-de-dominacao\\\/#primaryimage\"},\"thumbnailUrl\":\"https:\\\/\\\/renatodias.online\\\/movimento\\\/wp-content\\\/uploads\\\/2021\\\/04\\\/Odemar-Leotti-Link-e1647980434259.jpg\",\"articleSection\":[\"Opini\u00e3o\"],\"inLanguage\":\"pt-BR\",\"potentialAction\":[{\"@type\":\"CommentAction\",\"name\":\"Comment\",\"target\":[\"https:\\\/\\\/renatodias.online\\\/movimento\\\/2022\\\/03\\\/22\\\/bicentenario-da-nacao-ou-de-dominacao\\\/#respond\"]}]},{\"@type\":\"WebPage\",\"@id\":\"https:\\\/\\\/renatodias.online\\\/movimento\\\/2022\\\/03\\\/22\\\/bicentenario-da-nacao-ou-de-dominacao\\\/\",\"url\":\"https:\\\/\\\/renatodias.online\\\/movimento\\\/2022\\\/03\\\/22\\\/bicentenario-da-nacao-ou-de-dominacao\\\/\",\"name\":\"Bicenten\u00e1rio: da na\u00e7\u00e3o ou de domina\u00e7\u00e3o? -\",\"isPartOf\":{\"@id\":\"https:\\\/\\\/renatodias.online\\\/movimento\\\/#website\"},\"primaryImageOfPage\":{\"@id\":\"https:\\\/\\\/renatodias.online\\\/movimento\\\/2022\\\/03\\\/22\\\/bicentenario-da-nacao-ou-de-dominacao\\\/#primaryimage\"},\"image\":{\"@id\":\"https:\\\/\\\/renatodias.online\\\/movimento\\\/2022\\\/03\\\/22\\\/bicentenario-da-nacao-ou-de-dominacao\\\/#primaryimage\"},\"thumbnailUrl\":\"https:\\\/\\\/renatodias.online\\\/movimento\\\/wp-content\\\/uploads\\\/2021\\\/04\\\/Odemar-Leotti-Link-e1647980434259.jpg\",\"datePublished\":\"2022-03-22T20:19:41+00:00\",\"dateModified\":\"2022-03-22T20:20:46+00:00\",\"breadcrumb\":{\"@id\":\"https:\\\/\\\/renatodias.online\\\/movimento\\\/2022\\\/03\\\/22\\\/bicentenario-da-nacao-ou-de-dominacao\\\/#breadcrumb\"},\"inLanguage\":\"pt-BR\",\"potentialAction\":[{\"@type\":\"ReadAction\",\"target\":[\"https:\\\/\\\/renatodias.online\\\/movimento\\\/2022\\\/03\\\/22\\\/bicentenario-da-nacao-ou-de-dominacao\\\/\"]}]},{\"@type\":\"ImageObject\",\"inLanguage\":\"pt-BR\",\"@id\":\"https:\\\/\\\/renatodias.online\\\/movimento\\\/2022\\\/03\\\/22\\\/bicentenario-da-nacao-ou-de-dominacao\\\/#primaryimage\",\"url\":\"https:\\\/\\\/renatodias.online\\\/movimento\\\/wp-content\\\/uploads\\\/2021\\\/04\\\/Odemar-Leotti-Link-e1647980434259.jpg\",\"contentUrl\":\"https:\\\/\\\/renatodias.online\\\/movimento\\\/wp-content\\\/uploads\\\/2021\\\/04\\\/Odemar-Leotti-Link-e1647980434259.jpg\",\"width\":350,\"height\":184,\"caption\":\"Odemar Leotti\"},{\"@type\":\"BreadcrumbList\",\"@id\":\"https:\\\/\\\/renatodias.online\\\/movimento\\\/2022\\\/03\\\/22\\\/bicentenario-da-nacao-ou-de-dominacao\\\/#breadcrumb\",\"itemListElement\":[{\"@type\":\"ListItem\",\"position\":1,\"name\":\"In\u00edcio\",\"item\":\"https:\\\/\\\/renatodias.online\\\/movimento\\\/\"},{\"@type\":\"ListItem\",\"position\":2,\"name\":\"Bicenten\u00e1rio: da na\u00e7\u00e3o ou de domina\u00e7\u00e3o?\"}]},{\"@type\":\"WebSite\",\"@id\":\"https:\\\/\\\/renatodias.online\\\/movimento\\\/#website\",\"url\":\"https:\\\/\\\/renatodias.online\\\/movimento\\\/\",\"name\":\"\",\"description\":\"\",\"publisher\":{\"@id\":\"https:\\\/\\\/renatodias.online\\\/movimento\\\/#\\\/schema\\\/person\\\/bbab28833b1725a20f4083f49f1fb2a9\"},\"potentialAction\":[{\"@type\":\"SearchAction\",\"target\":{\"@type\":\"EntryPoint\",\"urlTemplate\":\"https:\\\/\\\/renatodias.online\\\/movimento\\\/?s={search_term_string}\"},\"query-input\":{\"@type\":\"PropertyValueSpecification\",\"valueRequired\":true,\"valueName\":\"search_term_string\"}}],\"inLanguage\":\"pt-BR\"},{\"@type\":[\"Person\",\"Organization\"],\"@id\":\"https:\\\/\\\/renatodias.online\\\/movimento\\\/#\\\/schema\\\/person\\\/bbab28833b1725a20f4083f49f1fb2a9\",\"name\":\"Renato Dias\",\"image\":{\"@type\":\"ImageObject\",\"inLanguage\":\"pt-BR\",\"@id\":\"https:\\\/\\\/renatodias.online\\\/movimento\\\/wp-content\\\/uploads\\\/2023\\\/03\\\/cropped-cropped-cropped-logofinal.jpeg\",\"url\":\"https:\\\/\\\/renatodias.online\\\/movimento\\\/wp-content\\\/uploads\\\/2023\\\/03\\\/cropped-cropped-cropped-logofinal.jpeg\",\"contentUrl\":\"https:\\\/\\\/renatodias.online\\\/movimento\\\/wp-content\\\/uploads\\\/2023\\\/03\\\/cropped-cropped-cropped-logofinal.jpeg\",\"width\":1280,\"height\":219,\"caption\":\"Renato Dias\"},\"logo\":{\"@id\":\"https:\\\/\\\/renatodias.online\\\/movimento\\\/wp-content\\\/uploads\\\/2023\\\/03\\\/cropped-cropped-cropped-logofinal.jpeg\"},\"description\":\"Renato Dias, 58 anos, \u00e9 graduado em Jornalismo, formado em Ci\u00eancias Sociais, com p\u00f3s-gradua\u00e7\u00e3o em Pol\u00edticas P\u00fablicas, mestre em Direito e Rela\u00e7\u00f5es Internacionais, ex-aluno extraordin\u00e1rio do Doutorado em Psicologia Social, ex-estudante do Curso de Psican\u00e1lise do Centro de Estudos Psicanal\u00edticos do Estado de Goi\u00e1s, ministrado pelo m\u00e9dico psiquiatra e psicanalista Daniel Em\u00eddio de Souza. \u00c9 autor de 30 livros-reportagem, oito document\u00e1rios, ganhou 30 pr\u00eamios e \u00e9 torcedor apaixonado do maior do Centro-Oeste, o Vila Nova Futebol Clube. Casado com Meirilane Dias, \u00e9 pai de Juliana Dias, jornalista; Daniel Dias, economista; e Maria Rosa Dias, estudante antifascista, socialista e trotskista.\u00a0Com tr\u00eas pets: Porquinho [Bull Dog Franc\u00eas], Dalila [Basset Hound] e Geleia [Basset Hound]. Al\u00e9m do eterno gato Tutuquinho, que virou estrela.\",\"sameAs\":[\"https:\\\/\\\/www.facebook.com\\\/renato.dias.37\",\"#breve\",\"https:\\\/\\\/renatodias.tumblr.com\\\/\"],\"url\":\"https:\\\/\\\/renatodias.online\\\/movimento\\\/author\\\/renatodias\\\/\"}]}<\/script>\n<!-- \/ Yoast SEO plugin. -->","yoast_head_json":{"title":"Bicenten\u00e1rio: da na\u00e7\u00e3o ou de domina\u00e7\u00e3o? -","robots":{"index":"index","follow":"follow","max-snippet":"max-snippet:-1","max-image-preview":"max-image-preview:large","max-video-preview":"max-video-preview:-1"},"canonical":"https:\/\/renatodias.online\/movimento\/2022\/03\/22\/bicentenario-da-nacao-ou-de-dominacao\/","og_locale":"pt_BR","og_type":"article","og_title":"Bicenten\u00e1rio: da na\u00e7\u00e3o ou de domina\u00e7\u00e3o? -","og_description":"Os dois primeiros par\u00e1grafos Bicenten\u00e1rio Da na\u00e7\u00e3o ou de domina\u00e7\u00e3o? &nbsp; Trecho do texto de Odemar Leotti O que seria paz quando temos como foco o estudo da na\u00e7\u00e3o brasileira? O que seria a guerra quando tratamos das rela\u00e7\u00f5es de poder na constru\u00e7\u00e3o da na\u00e7\u00e3o? \u00a0O que a hist\u00f3ria nos reservou como marca para nos","og_url":"https:\/\/renatodias.online\/movimento\/2022\/03\/22\/bicentenario-da-nacao-ou-de-dominacao\/","article_publisher":"https:\/\/www.facebook.com\/renato.dias.37","article_author":"https:\/\/www.facebook.com\/renato.dias.37","article_published_time":"2022-03-22T20:19:41+00:00","article_modified_time":"2022-03-22T20:20:46+00:00","og_image":[{"width":350,"height":184,"url":"https:\/\/renatodias.online\/movimento\/wp-content\/uploads\/2021\/04\/Odemar-Leotti-Link-e1647980434259.jpg","type":"image\/jpeg"}],"author":"Renato Dias","twitter_card":"summary_large_image","twitter_creator":"@RenatoDiasBat","twitter_site":"@RenatoDiasBat","twitter_misc":{"Escrito por":"Renato Dias","Est. tempo de leitura":"2 minutos"},"schema":{"@context":"https:\/\/schema.org","@graph":[{"@type":"Article","@id":"https:\/\/renatodias.online\/movimento\/2022\/03\/22\/bicentenario-da-nacao-ou-de-dominacao\/#article","isPartOf":{"@id":"https:\/\/renatodias.online\/movimento\/2022\/03\/22\/bicentenario-da-nacao-ou-de-dominacao\/"},"author":{"name":"Renato Dias","@id":"https:\/\/renatodias.online\/movimento\/#\/schema\/person\/bbab28833b1725a20f4083f49f1fb2a9"},"headline":"Bicenten\u00e1rio: da na\u00e7\u00e3o ou de domina\u00e7\u00e3o?","datePublished":"2022-03-22T20:19:41+00:00","dateModified":"2022-03-22T20:20:46+00:00","mainEntityOfPage":{"@id":"https:\/\/renatodias.online\/movimento\/2022\/03\/22\/bicentenario-da-nacao-ou-de-dominacao\/"},"wordCount":487,"commentCount":0,"publisher":{"@id":"https:\/\/renatodias.online\/movimento\/#\/schema\/person\/bbab28833b1725a20f4083f49f1fb2a9"},"image":{"@id":"https:\/\/renatodias.online\/movimento\/2022\/03\/22\/bicentenario-da-nacao-ou-de-dominacao\/#primaryimage"},"thumbnailUrl":"https:\/\/renatodias.online\/movimento\/wp-content\/uploads\/2021\/04\/Odemar-Leotti-Link-e1647980434259.jpg","articleSection":["Opini\u00e3o"],"inLanguage":"pt-BR","potentialAction":[{"@type":"CommentAction","name":"Comment","target":["https:\/\/renatodias.online\/movimento\/2022\/03\/22\/bicentenario-da-nacao-ou-de-dominacao\/#respond"]}]},{"@type":"WebPage","@id":"https:\/\/renatodias.online\/movimento\/2022\/03\/22\/bicentenario-da-nacao-ou-de-dominacao\/","url":"https:\/\/renatodias.online\/movimento\/2022\/03\/22\/bicentenario-da-nacao-ou-de-dominacao\/","name":"Bicenten\u00e1rio: da na\u00e7\u00e3o ou de domina\u00e7\u00e3o? -","isPartOf":{"@id":"https:\/\/renatodias.online\/movimento\/#website"},"primaryImageOfPage":{"@id":"https:\/\/renatodias.online\/movimento\/2022\/03\/22\/bicentenario-da-nacao-ou-de-dominacao\/#primaryimage"},"image":{"@id":"https:\/\/renatodias.online\/movimento\/2022\/03\/22\/bicentenario-da-nacao-ou-de-dominacao\/#primaryimage"},"thumbnailUrl":"https:\/\/renatodias.online\/movimento\/wp-content\/uploads\/2021\/04\/Odemar-Leotti-Link-e1647980434259.jpg","datePublished":"2022-03-22T20:19:41+00:00","dateModified":"2022-03-22T20:20:46+00:00","breadcrumb":{"@id":"https:\/\/renatodias.online\/movimento\/2022\/03\/22\/bicentenario-da-nacao-ou-de-dominacao\/#breadcrumb"},"inLanguage":"pt-BR","potentialAction":[{"@type":"ReadAction","target":["https:\/\/renatodias.online\/movimento\/2022\/03\/22\/bicentenario-da-nacao-ou-de-dominacao\/"]}]},{"@type":"ImageObject","inLanguage":"pt-BR","@id":"https:\/\/renatodias.online\/movimento\/2022\/03\/22\/bicentenario-da-nacao-ou-de-dominacao\/#primaryimage","url":"https:\/\/renatodias.online\/movimento\/wp-content\/uploads\/2021\/04\/Odemar-Leotti-Link-e1647980434259.jpg","contentUrl":"https:\/\/renatodias.online\/movimento\/wp-content\/uploads\/2021\/04\/Odemar-Leotti-Link-e1647980434259.jpg","width":350,"height":184,"caption":"Odemar Leotti"},{"@type":"BreadcrumbList","@id":"https:\/\/renatodias.online\/movimento\/2022\/03\/22\/bicentenario-da-nacao-ou-de-dominacao\/#breadcrumb","itemListElement":[{"@type":"ListItem","position":1,"name":"In\u00edcio","item":"https:\/\/renatodias.online\/movimento\/"},{"@type":"ListItem","position":2,"name":"Bicenten\u00e1rio: da na\u00e7\u00e3o ou de domina\u00e7\u00e3o?"}]},{"@type":"WebSite","@id":"https:\/\/renatodias.online\/movimento\/#website","url":"https:\/\/renatodias.online\/movimento\/","name":"","description":"","publisher":{"@id":"https:\/\/renatodias.online\/movimento\/#\/schema\/person\/bbab28833b1725a20f4083f49f1fb2a9"},"potentialAction":[{"@type":"SearchAction","target":{"@type":"EntryPoint","urlTemplate":"https:\/\/renatodias.online\/movimento\/?s={search_term_string}"},"query-input":{"@type":"PropertyValueSpecification","valueRequired":true,"valueName":"search_term_string"}}],"inLanguage":"pt-BR"},{"@type":["Person","Organization"],"@id":"https:\/\/renatodias.online\/movimento\/#\/schema\/person\/bbab28833b1725a20f4083f49f1fb2a9","name":"Renato Dias","image":{"@type":"ImageObject","inLanguage":"pt-BR","@id":"https:\/\/renatodias.online\/movimento\/wp-content\/uploads\/2023\/03\/cropped-cropped-cropped-logofinal.jpeg","url":"https:\/\/renatodias.online\/movimento\/wp-content\/uploads\/2023\/03\/cropped-cropped-cropped-logofinal.jpeg","contentUrl":"https:\/\/renatodias.online\/movimento\/wp-content\/uploads\/2023\/03\/cropped-cropped-cropped-logofinal.jpeg","width":1280,"height":219,"caption":"Renato Dias"},"logo":{"@id":"https:\/\/renatodias.online\/movimento\/wp-content\/uploads\/2023\/03\/cropped-cropped-cropped-logofinal.jpeg"},"description":"Renato Dias, 58 anos, \u00e9 graduado em Jornalismo, formado em Ci\u00eancias Sociais, com p\u00f3s-gradua\u00e7\u00e3o em Pol\u00edticas P\u00fablicas, mestre em Direito e Rela\u00e7\u00f5es Internacionais, ex-aluno extraordin\u00e1rio do Doutorado em Psicologia Social, ex-estudante do Curso de Psican\u00e1lise do Centro de Estudos Psicanal\u00edticos do Estado de Goi\u00e1s, ministrado pelo m\u00e9dico psiquiatra e psicanalista Daniel Em\u00eddio de Souza. \u00c9 autor de 30 livros-reportagem, oito document\u00e1rios, ganhou 30 pr\u00eamios e \u00e9 torcedor apaixonado do maior do Centro-Oeste, o Vila Nova Futebol Clube. Casado com Meirilane Dias, \u00e9 pai de Juliana Dias, jornalista; Daniel Dias, economista; e Maria Rosa Dias, estudante antifascista, socialista e trotskista.\u00a0Com tr\u00eas pets: Porquinho [Bull Dog Franc\u00eas], Dalila [Basset Hound] e Geleia [Basset Hound]. Al\u00e9m do eterno gato Tutuquinho, que virou estrela.","sameAs":["https:\/\/www.facebook.com\/renato.dias.37","#breve","https:\/\/renatodias.tumblr.com\/"],"url":"https:\/\/renatodias.online\/movimento\/author\/renatodias\/"}]}},"_links":{"self":[{"href":"https:\/\/renatodias.online\/movimento\/wp-json\/wp\/v2\/posts\/11432","targetHints":{"allow":["GET"]}}],"collection":[{"href":"https:\/\/renatodias.online\/movimento\/wp-json\/wp\/v2\/posts"}],"about":[{"href":"https:\/\/renatodias.online\/movimento\/wp-json\/wp\/v2\/types\/post"}],"author":[{"embeddable":true,"href":"https:\/\/renatodias.online\/movimento\/wp-json\/wp\/v2\/users\/2"}],"replies":[{"embeddable":true,"href":"https:\/\/renatodias.online\/movimento\/wp-json\/wp\/v2\/comments?post=11432"}],"version-history":[{"count":1,"href":"https:\/\/renatodias.online\/movimento\/wp-json\/wp\/v2\/posts\/11432\/revisions"}],"predecessor-version":[{"id":11434,"href":"https:\/\/renatodias.online\/movimento\/wp-json\/wp\/v2\/posts\/11432\/revisions\/11434"}],"wp:featuredmedia":[{"embeddable":true,"href":"https:\/\/renatodias.online\/movimento\/wp-json\/wp\/v2\/media\/5879"}],"wp:attachment":[{"href":"https:\/\/renatodias.online\/movimento\/wp-json\/wp\/v2\/media?parent=11432"}],"wp:term":[{"taxonomy":"category","embeddable":true,"href":"https:\/\/renatodias.online\/movimento\/wp-json\/wp\/v2\/categories?post=11432"},{"taxonomy":"post_tag","embeddable":true,"href":"https:\/\/renatodias.online\/movimento\/wp-json\/wp\/v2\/tags?post=11432"}],"curies":[{"name":"wp","href":"https:\/\/api.w.org\/{rel}","templated":true}]}}