{"id":11387,"date":"2022-03-18T23:13:18","date_gmt":"2022-03-19T02:13:18","guid":{"rendered":"https:\/\/renatodias.online\/movimento\/?p=11387"},"modified":"2022-03-18T23:13:18","modified_gmt":"2022-03-19T02:13:18","slug":"federacao-psol-rede-e-erro-fatal","status":"publish","type":"post","link":"https:\/\/renatodias.online\/movimento\/2022\/03\/18\/federacao-psol-rede-e-erro-fatal\/","title":{"rendered":"Federa\u00e7\u00e3o Psol\/Rede \u00e9 erro fatal"},"content":{"rendered":"<p><strong><img loading=\"lazy\" decoding=\"async\" class=\"wp-image-11210 size-full aligncenter\" src=\"https:\/\/renatodias.online\/movimento\/wp-content\/uploads\/2022\/03\/Artigo-de-Opiniao.jpg\" alt=\"\" width=\"600\" height=\"315\" srcset=\"https:\/\/renatodias.online\/movimento\/wp-content\/uploads\/2022\/03\/Artigo-de-Opiniao.jpg 600w, https:\/\/renatodias.online\/movimento\/wp-content\/uploads\/2022\/03\/Artigo-de-Opiniao-300x158.jpg 300w\" sizes=\"auto, (max-width: 600px) 100vw, 600px\" \/><\/strong><\/p>\n<h1 style=\"text-align: center;\"><span style=\"color: #808000;\"><strong>\u2018<\/strong><strong>Psol n\u00e3o deve encarar a proposta da Rede de forma superficial, muito menos, apressada<\/strong><\/span><\/h1>\n<p style=\"text-align: center;\"><strong>Val\u00e9rio Arcary<\/strong><\/p>\n<p>O instituto jur\u00eddico da federa\u00e7\u00e3o \u00e9 um recurso democr\u00e1tico extremo para preservar a legalidade de partidos que, previsivelmente, n\u00e3o conseguir\u00e3o superar as exig\u00eancias crescentes da cl\u00e1usula de barreira. O significado da federa\u00e7\u00e3o \u00e9 diferente, todavia, do simples bloco pol\u00edtico, antiga coliga\u00e7\u00e3o proporcional: o compromisso exigido entre partidos \u00e9 muito maior. A bancada do Psol foi corretamente favor\u00e1vel \u00e0 Lei n\u00ba 14.208\/2021 que instituiu as federa\u00e7\u00f5es partid\u00e1rias. N\u00e3o por acaso, o projeto foi vetado por Jair Bolsonaro sob o argumento de que seu conte\u00fado contrariava a Emenda Constitucional 97, aprovada no contexto do golpe que criou a cl\u00e1usula de barreira progressiva at\u00e9 2026, vetou as coliga\u00e7\u00f5es proporcionais e restringiu o tempo de r\u00e1dio e TV dos partidos. Mas este recurso n\u00e3o pode ser banalizado. O Psol n\u00e3o deve encarar a proposta da Rede Sustentabilidade de forma superficial, muito menos, apressada. A prud\u00eancia \u00e9 coragem temperada pela intelig\u00eancia.<\/p>\n<figure id=\"attachment_8801\" aria-describedby=\"caption-attachment-8801\" style=\"width: 768px\" class=\"wp-caption aligncenter\"><img loading=\"lazy\" decoding=\"async\" class=\"size-full wp-image-8801\" src=\"https:\/\/renatodias.online\/movimento\/wp-content\/uploads\/2021\/08\/Blindados-de-Jair-Bolsonaro.jpg\" alt=\"\" width=\"768\" height=\"512\" \/><figcaption id=\"caption-attachment-8801\" class=\"wp-caption-text\"><strong>Blindados de Jair Bolsonaro desfilam em Bras\u00edlia, a capital da Rep\u00fablica _ uol\/FSP<\/strong><\/figcaption><\/figure>\n<blockquote>\n<h1><span style=\"color: #666699;\"><strong>\u2018<\/strong><strong>Prud\u00eancia \u00e9 n\u00e3o querer o que n\u00e3o se pode ter<\/strong><\/span><\/h1>\n<\/blockquote>\n<p>\u00c9 verdade que uma federa\u00e7\u00e3o \u00e9 uma media\u00e7\u00e3o democr\u00e1tica porque a cl\u00e1usula de barreira cria um obst\u00e1culo autorit\u00e1rio para a exist\u00eancia de partidos a partir de um crit\u00e9rio abusivo: a elei\u00e7\u00e3o de onze deputados federais e\/ou 2% dos votos v\u00e1lidos para deputado federal no pleito de 2022. Mas \u00e9 verdade, tamb\u00e9m, que a exist\u00eancia de 35 partidos, em sua maioria legendas de aluguel que transformaram a pol\u00edtica num neg\u00f3cio, \u00e9 uma anomalia, uma distor\u00e7\u00e3o ou deforma\u00e7\u00e3o alimentada pela transfer\u00eancia bilion\u00e1ria de verbas p\u00fablicas.<\/p>\n<p><img loading=\"lazy\" decoding=\"async\" class=\"alignnone wp-image-10420 size-full\" src=\"https:\/\/renatodias.online\/movimento\/wp-content\/uploads\/2022\/01\/2022.jpg\" alt=\"\" width=\"870\" height=\"450\" srcset=\"https:\/\/renatodias.online\/movimento\/wp-content\/uploads\/2022\/01\/2022.jpg 870w, https:\/\/renatodias.online\/movimento\/wp-content\/uploads\/2022\/01\/2022-300x155.jpg 300w, https:\/\/renatodias.online\/movimento\/wp-content\/uploads\/2022\/01\/2022-768x397.jpg 768w, https:\/\/renatodias.online\/movimento\/wp-content\/uploads\/2022\/01\/2022-750x388.jpg 750w\" sizes=\"auto, (max-width: 870px) 100vw, 870px\" \/><\/p>\n<blockquote>\n<h1><span style=\"color: #666699;\"><strong>\u2018<\/strong><strong>Cautela e caldos de galinha nunca fizeram mal a ningu\u00e9m<\/strong><\/span><\/h1>\n<\/blockquote>\n<p>Nesse marco, o Psol dever\u00e1 analisar a proposta da Rede de formar uma federa\u00e7\u00e3o com o Psol. Se considerada pela \u00f3tica de uma concess\u00e3o democr\u00e1tica, a aceita\u00e7\u00e3o pelo Psol seria um gesto de solidariedade jur\u00eddica. Mas tem consequ\u00eancias pol\u00edticas, infelizmente, incontorn\u00e1veis que n\u00e3o podem ser minimizadas. N\u00e3o somente porque temos diferen\u00e7as program\u00e1ticas indissol\u00fa\u00adveis, j\u00e1 que a Rede defende uma \u201cregula\u00e7\u00e3o verde\u201d do capitalismo, enquanto o Psol \u00e9 um partido ecossocialista. Acontece que a Rede Sustentabilidade n\u00e3o \u00e9 um partido do campo dos traba\u00adlhadores. Na \u201cmelhor\u201d das hip\u00f3teses, uma avalia\u00e7\u00e3o \u201cbenigna\u201d do car\u00e1ter de classe do partido liderado por Marina Silva seria de um \u201cagrupamento eleitoral\u201d pequeno-burgu\u00eas que abra\u00e7a um projeto liberal ut\u00f3pico desenvolvimentista com prote\u00e7\u00e3o ambiental e maior justi\u00e7a social.<\/p>\n<figure id=\"attachment_11389\" aria-describedby=\"caption-attachment-11389\" style=\"width: 312px\" class=\"wp-caption aligncenter\"><img loading=\"lazy\" decoding=\"async\" class=\"wp-image-11389 size-full\" src=\"https:\/\/renatodias.online\/movimento\/wp-content\/uploads\/2022\/03\/Heloisa-Helena.jpg\" alt=\"\" width=\"312\" height=\"162\" srcset=\"https:\/\/renatodias.online\/movimento\/wp-content\/uploads\/2022\/03\/Heloisa-Helena.jpg 312w, https:\/\/renatodias.online\/movimento\/wp-content\/uploads\/2022\/03\/Heloisa-Helena-300x156.jpg 300w\" sizes=\"auto, (max-width: 312px) 100vw, 312px\" \/><figcaption id=\"caption-attachment-11389\" class=\"wp-caption-text\"><strong>Raivosa Helo\u00edsa Helena quer Ciro Gomes<\/strong><\/figcaption><\/figure>\n<blockquote>\n<h1><span style=\"color: #666699;\"><strong>\u2018<\/strong><strong>Os prudentes aprendem com as desgra\u00e7as alheias<\/strong><\/span><\/h1>\n<\/blockquote>\n<p>Partidos n\u00e3o podem ser julgados pelo que pensam de si mesmos. Mas a Rede nunca se definiu sequer como um partido de inspira\u00e7\u00e3o socialista. Seu projeto foi estimulado por Marina Silva inspirado pelos partidos verdes que defendem uma regula\u00e7\u00e3o ambiental do capitalismo. \u00c9 razo\u00e1vel debater se a Rede \u00e9 um partido burgu\u00eas ou pequeno-burgu\u00eas, mas n\u00e3o \u00e9 uma organiza\u00e7\u00e3o do mesmo campo de classe do Psol. Al\u00e9m das diferen\u00e7as de classe e program\u00e1ticas, a localiza\u00e7\u00e3o pol\u00edtica, no momento decisivo da situa\u00e7\u00e3o brasileira da Rede n\u00e3o \u00e9 compat\u00edvel com o Psol, porque Marina Silva e a maioria da dire\u00e7\u00e3o da Rede estiveram a favor do <em>impeachment<\/em> de Dilma Rousseff. Al\u00e9m disso Marina carrega na sua biografia o apoio a A\u00e9cio Neves no segundo turno de 2014.<\/p>\n<figure id=\"attachment_6863\" aria-describedby=\"caption-attachment-6863\" style=\"width: 1000px\" class=\"wp-caption alignnone\"><img loading=\"lazy\" decoding=\"async\" class=\"wp-image-6863 size-full\" src=\"https:\/\/renatodias.online\/movimento\/wp-content\/uploads\/2021\/05\/Alvorada-_-Dilma-Rousseff-_-1.jpeg\" alt=\"\" width=\"1000\" height=\"500\" \/><figcaption id=\"caption-attachment-6863\" class=\"wp-caption-text\"><strong>Alvorada _ Dilma Rousseff<\/strong><\/figcaption><\/figure>\n<blockquote>\n<h1><span style=\"color: #666699;\"><strong>\u2018<\/strong><strong>A prud\u00eancia n\u00e3o evita todos os males, mas, a sua falta, atrai-os<\/strong><\/span><\/h1>\n<\/blockquote>\n<p>N\u00e3o se trata somente de diferen\u00e7as de classe, programa, ou de hist\u00f3ria, que merecem ser consideradas, mas podem n\u00e3o ser suficientes para um ju\u00edzo final, porque a luta pol\u00edtica deve ser feita com grandeza, ou seja, capacidade de olhar para o futuro, e n\u00e3o para o passado. Acontece que n\u00e3o existe acordo com a Rede sobre o que fazer em 2022. Nada \u00e9 mais importante que derrotar Bolsonaro. Mas n\u00e3o h\u00e1 um acordo verdadeiro com a Rede sobre a t\u00e1tica eleitoral para as presidenciais. A Rede afirma que a maioria apoiar\u00e1 Lula desde o 1\u00ba turno, mas exige libera\u00e7\u00e3o para fazer campanha para o Ciro Gomes. Porque na verdade a Rede \u201cexplodiu\u201d com um partido pol\u00edtico. O problema \u201cexistencial\u201d da Rede n\u00e3o \u00e9 a impossibilidade de superar a barreira da cl\u00e1usula de barreira. O problema \u00e9 que n\u00e3o tem mais a m\u00ednima coes\u00e3o interna. Marina Silva e Helo\u00edsa Helena t\u00eam declarado apoio a Ciro Gomes, uma posi\u00e7\u00e3o incompat\u00edvel com a do Psol.<\/p>\n<figure id=\"attachment_11090\" aria-describedby=\"caption-attachment-11090\" style=\"width: 1086px\" class=\"wp-caption alignnone\"><img loading=\"lazy\" decoding=\"async\" class=\"size-full wp-image-11090\" src=\"https:\/\/renatodias.online\/movimento\/wp-content\/uploads\/2022\/03\/Ciro-Gomes-1.jpg\" alt=\"\" width=\"1086\" height=\"652\" \/><figcaption id=\"caption-attachment-11090\" class=\"wp-caption-text\"><strong>Tresloucado Ciro Gomes<\/strong><\/figcaption><\/figure>\n<p>\u00c9 verdade que Randolfe Rodrigues, senador pelo Amap\u00e1, esteve contra o <em>impeachment <\/em>e, por isso, merece respeito. Tamb\u00e9m \u00e9 verdade que cumpriu um papel positivo na CPI do Senado na investiga\u00e7\u00e3o do desempenho do governo Bolsonaro diante da pandemia da covid-19. Por \u00faltimo, n\u00e3o \u00e9 irrelevante que Randolfe tenha decidido apoiar Lula. Mas permanece um problema que tenha defendido a presen\u00e7a de Geraldo Alckmin na chapa ao lado de Lula, quando o Psol est\u00e1, terminantemente, contra. O Psol tem o direito de se proteger. O c\u00e1lculo das consequ\u00eancias da constitui\u00e7\u00e3o de uma federa\u00e7\u00e3o com a Rede Sustentabilidade n\u00e3o pode ser orientado somente por expectativas eleitorais para 2022, ainda que o Psol\u00a0deva atuar, conscientemente, para ultrapassar a cl\u00e1usula de barreira e preservar sua legalidade plena.<\/p>\n<figure id=\"attachment_10016\" aria-describedby=\"caption-attachment-10016\" style=\"width: 804px\" class=\"wp-caption alignnone\"><img loading=\"lazy\" decoding=\"async\" class=\"wp-image-10016 size-full\" src=\"https:\/\/renatodias.online\/movimento\/wp-content\/uploads\/2021\/12\/Mortes-sob-a-Pandemia.jpeg\" alt=\"\" width=\"804\" height=\"452\" \/><figcaption id=\"caption-attachment-10016\" class=\"wp-caption-text\"><strong>Mortes sob a Pandemia<\/strong><\/figcaption><\/figure>\n<p>O Psol pode e deve aceitar a integra\u00e7\u00e3o daquela parcela da Rede que compartilha, mesmo que s\u00f3 parcialmente, seu projeto estrat\u00e9gico, como uma corrente interna. Mas uma alian\u00e7a formalizada pelo mecanismo da federa\u00e7\u00e3o gera problemas importantes para o Psol, porque, ainda que amplamente majorit\u00e1rio, n\u00e3o \u00e9 irrelevante que a entrada da Rede de conjunto, com Marina Silva preservando sua independ\u00eancia, introduz uma deforma\u00e7\u00e3o no seu processo interno de constru\u00e7\u00e3o pol\u00edtica. O Psol \u00e9 um partido socialista de esquerda, com um programa anticapitalista, em que convivem diferentes correntes e um equil\u00edbrio de for\u00e7as inst\u00e1vel. Admitir esta condi\u00e7\u00e3o n\u00e3o diminui o Psol. Mas reconhec\u00ea-la exige prud\u00eancia, tanto mais porque \u00e9 inaceit\u00e1vel admitir que a Rede poder\u00e1 ter sozinha um peso em inst\u00e2ncias de decis\u00e3o equivalente a 30%. O que seria, totalmente, injusto e desproporcional.<\/p>\n<figure id=\"attachment_9085\" aria-describedby=\"caption-attachment-9085\" style=\"width: 680px\" class=\"wp-caption aligncenter\"><img loading=\"lazy\" decoding=\"async\" class=\"wp-image-9085 size-full\" src=\"https:\/\/renatodias.online\/movimento\/wp-content\/uploads\/2021\/09\/Psol.jpg\" alt=\"\" width=\"680\" height=\"453\" \/><figcaption id=\"caption-attachment-9085\" class=\"wp-caption-text\"><strong>Bandeira do Psol<\/strong><\/figcaption><\/figure>\n<p><span style=\"color: #ff0000;\"><strong>Valerio Arcary \u00e9 professor titular no Instituto Federal de S\u00e3o Paulo (IFSP), militante da Resist\u00eancia\/Psol\u00a0e autor de O Martelo da hist\u00f3ria<\/strong><\/span><\/p>\n<figure id=\"attachment_7662\" aria-describedby=\"caption-attachment-7662\" style=\"width: 1280px\" class=\"wp-caption alignnone\"><img loading=\"lazy\" decoding=\"async\" class=\"wp-image-7662 size-full\" src=\"https:\/\/renatodias.online\/movimento\/wp-content\/uploads\/2021\/07\/Valerio-Arcary.jpeg\" alt=\"\" width=\"1280\" height=\"720\" \/><figcaption id=\"caption-attachment-7662\" class=\"wp-caption-text\"><strong>Valerio Arcary, historiador trotskista<\/strong><\/figcaption><\/figure>\n","protected":false},"excerpt":{"rendered":"<p>\u2018Psol n\u00e3o deve encarar a proposta da Rede de forma superficial, muito menos, apressada Val\u00e9rio Arcary O instituto jur\u00eddico da federa\u00e7\u00e3o \u00e9 um recurso democr\u00e1tico extremo para preservar a legalidade de partidos que, previsivelmente, n\u00e3o conseguir\u00e3o superar as exig\u00eancias crescentes da cl\u00e1usula de barreira. O significado da federa\u00e7\u00e3o \u00e9 diferente, todavia, do simples bloco pol\u00edtico,<\/p>\n","protected":false},"author":2,"featured_media":11388,"comment_status":"open","ping_status":"open","sticky":false,"template":"","format":"standard","meta":{"_acf_changed":false,"_monsterinsights_skip_tracking":false,"_monsterinsights_sitenote_active":false,"_monsterinsights_sitenote_note":"","_monsterinsights_sitenote_category":0,"footnotes":""},"categories":[83],"tags":[],"class_list":["post-11387","post","type-post","status-publish","format-standard","has-post-thumbnail","hentry","category-opiniao"],"acf":[],"yoast_head":"<!-- This site is optimized with the Yoast SEO plugin v27.4 - https:\/\/yoast.com\/product\/yoast-seo-wordpress\/ -->\n<title>Federa\u00e7\u00e3o Psol\/Rede \u00e9 erro fatal -<\/title>\n<meta name=\"robots\" content=\"index, follow, max-snippet:-1, max-image-preview:large, max-video-preview:-1\" \/>\n<link rel=\"canonical\" href=\"https:\/\/renatodias.online\/movimento\/2022\/03\/18\/federacao-psol-rede-e-erro-fatal\/\" \/>\n<meta property=\"og:locale\" content=\"pt_BR\" \/>\n<meta property=\"og:type\" content=\"article\" \/>\n<meta property=\"og:title\" content=\"Federa\u00e7\u00e3o Psol\/Rede \u00e9 erro fatal -\" \/>\n<meta property=\"og:description\" content=\"\u2018Psol n\u00e3o deve encarar a proposta da Rede de forma superficial, muito menos, apressada Val\u00e9rio Arcary O instituto jur\u00eddico da federa\u00e7\u00e3o \u00e9 um recurso democr\u00e1tico extremo para preservar a legalidade de partidos que, previsivelmente, n\u00e3o conseguir\u00e3o superar as exig\u00eancias crescentes da cl\u00e1usula de barreira. O significado da federa\u00e7\u00e3o \u00e9 diferente, todavia, do simples bloco pol\u00edtico,\" \/>\n<meta property=\"og:url\" content=\"https:\/\/renatodias.online\/movimento\/2022\/03\/18\/federacao-psol-rede-e-erro-fatal\/\" \/>\n<meta property=\"article:publisher\" content=\"https:\/\/www.facebook.com\/renato.dias.37\" \/>\n<meta property=\"article:author\" content=\"https:\/\/www.facebook.com\/renato.dias.37\" \/>\n<meta property=\"article:published_time\" content=\"2022-03-19T02:13:18+00:00\" \/>\n<meta property=\"og:image\" content=\"https:\/\/renatodias.online\/movimento\/wp-content\/uploads\/2022\/03\/Marina-Silva-e-Aecio-Neves-Link-e1647655881918.jpg\" \/>\n\t<meta property=\"og:image:width\" content=\"360\" \/>\n\t<meta property=\"og:image:height\" content=\"240\" \/>\n\t<meta property=\"og:image:type\" content=\"image\/jpeg\" \/>\n<meta name=\"author\" content=\"Renato Dias\" \/>\n<meta name=\"twitter:card\" content=\"summary_large_image\" \/>\n<meta name=\"twitter:creator\" content=\"@RenatoDiasBat\" \/>\n<meta name=\"twitter:site\" content=\"@RenatoDiasBat\" \/>\n<meta name=\"twitter:label1\" content=\"Escrito por\" \/>\n\t<meta name=\"twitter:data1\" content=\"Renato Dias\" \/>\n\t<meta name=\"twitter:label2\" content=\"Est. tempo de leitura\" \/>\n\t<meta name=\"twitter:data2\" content=\"6 minutos\" \/>\n<script type=\"application\/ld+json\" class=\"yoast-schema-graph\">{\"@context\":\"https:\\\/\\\/schema.org\",\"@graph\":[{\"@type\":\"Article\",\"@id\":\"https:\\\/\\\/renatodias.online\\\/movimento\\\/2022\\\/03\\\/18\\\/federacao-psol-rede-e-erro-fatal\\\/#article\",\"isPartOf\":{\"@id\":\"https:\\\/\\\/renatodias.online\\\/movimento\\\/2022\\\/03\\\/18\\\/federacao-psol-rede-e-erro-fatal\\\/\"},\"author\":{\"name\":\"Renato Dias\",\"@id\":\"https:\\\/\\\/renatodias.online\\\/movimento\\\/#\\\/schema\\\/person\\\/bbab28833b1725a20f4083f49f1fb2a9\"},\"headline\":\"Federa\u00e7\u00e3o Psol\\\/Rede \u00e9 erro fatal\",\"datePublished\":\"2022-03-19T02:13:18+00:00\",\"mainEntityOfPage\":{\"@id\":\"https:\\\/\\\/renatodias.online\\\/movimento\\\/2022\\\/03\\\/18\\\/federacao-psol-rede-e-erro-fatal\\\/\"},\"wordCount\":1176,\"commentCount\":0,\"publisher\":{\"@id\":\"https:\\\/\\\/renatodias.online\\\/movimento\\\/#\\\/schema\\\/person\\\/bbab28833b1725a20f4083f49f1fb2a9\"},\"image\":{\"@id\":\"https:\\\/\\\/renatodias.online\\\/movimento\\\/2022\\\/03\\\/18\\\/federacao-psol-rede-e-erro-fatal\\\/#primaryimage\"},\"thumbnailUrl\":\"https:\\\/\\\/renatodias.online\\\/movimento\\\/wp-content\\\/uploads\\\/2022\\\/03\\\/Marina-Silva-e-Aecio-Neves-Link-e1647655881918.jpg\",\"articleSection\":[\"Opini\u00e3o\"],\"inLanguage\":\"pt-BR\",\"potentialAction\":[{\"@type\":\"CommentAction\",\"name\":\"Comment\",\"target\":[\"https:\\\/\\\/renatodias.online\\\/movimento\\\/2022\\\/03\\\/18\\\/federacao-psol-rede-e-erro-fatal\\\/#respond\"]}]},{\"@type\":\"WebPage\",\"@id\":\"https:\\\/\\\/renatodias.online\\\/movimento\\\/2022\\\/03\\\/18\\\/federacao-psol-rede-e-erro-fatal\\\/\",\"url\":\"https:\\\/\\\/renatodias.online\\\/movimento\\\/2022\\\/03\\\/18\\\/federacao-psol-rede-e-erro-fatal\\\/\",\"name\":\"Federa\u00e7\u00e3o Psol\\\/Rede \u00e9 erro fatal -\",\"isPartOf\":{\"@id\":\"https:\\\/\\\/renatodias.online\\\/movimento\\\/#website\"},\"primaryImageOfPage\":{\"@id\":\"https:\\\/\\\/renatodias.online\\\/movimento\\\/2022\\\/03\\\/18\\\/federacao-psol-rede-e-erro-fatal\\\/#primaryimage\"},\"image\":{\"@id\":\"https:\\\/\\\/renatodias.online\\\/movimento\\\/2022\\\/03\\\/18\\\/federacao-psol-rede-e-erro-fatal\\\/#primaryimage\"},\"thumbnailUrl\":\"https:\\\/\\\/renatodias.online\\\/movimento\\\/wp-content\\\/uploads\\\/2022\\\/03\\\/Marina-Silva-e-Aecio-Neves-Link-e1647655881918.jpg\",\"datePublished\":\"2022-03-19T02:13:18+00:00\",\"breadcrumb\":{\"@id\":\"https:\\\/\\\/renatodias.online\\\/movimento\\\/2022\\\/03\\\/18\\\/federacao-psol-rede-e-erro-fatal\\\/#breadcrumb\"},\"inLanguage\":\"pt-BR\",\"potentialAction\":[{\"@type\":\"ReadAction\",\"target\":[\"https:\\\/\\\/renatodias.online\\\/movimento\\\/2022\\\/03\\\/18\\\/federacao-psol-rede-e-erro-fatal\\\/\"]}]},{\"@type\":\"ImageObject\",\"inLanguage\":\"pt-BR\",\"@id\":\"https:\\\/\\\/renatodias.online\\\/movimento\\\/2022\\\/03\\\/18\\\/federacao-psol-rede-e-erro-fatal\\\/#primaryimage\",\"url\":\"https:\\\/\\\/renatodias.online\\\/movimento\\\/wp-content\\\/uploads\\\/2022\\\/03\\\/Marina-Silva-e-Aecio-Neves-Link-e1647655881918.jpg\",\"contentUrl\":\"https:\\\/\\\/renatodias.online\\\/movimento\\\/wp-content\\\/uploads\\\/2022\\\/03\\\/Marina-Silva-e-Aecio-Neves-Link-e1647655881918.jpg\",\"width\":360,\"height\":240,\"caption\":\"Marina Silva e A\u00e9cio Neves\"},{\"@type\":\"BreadcrumbList\",\"@id\":\"https:\\\/\\\/renatodias.online\\\/movimento\\\/2022\\\/03\\\/18\\\/federacao-psol-rede-e-erro-fatal\\\/#breadcrumb\",\"itemListElement\":[{\"@type\":\"ListItem\",\"position\":1,\"name\":\"In\u00edcio\",\"item\":\"https:\\\/\\\/renatodias.online\\\/movimento\\\/\"},{\"@type\":\"ListItem\",\"position\":2,\"name\":\"Federa\u00e7\u00e3o Psol\\\/Rede \u00e9 erro fatal\"}]},{\"@type\":\"WebSite\",\"@id\":\"https:\\\/\\\/renatodias.online\\\/movimento\\\/#website\",\"url\":\"https:\\\/\\\/renatodias.online\\\/movimento\\\/\",\"name\":\"\",\"description\":\"\",\"publisher\":{\"@id\":\"https:\\\/\\\/renatodias.online\\\/movimento\\\/#\\\/schema\\\/person\\\/bbab28833b1725a20f4083f49f1fb2a9\"},\"potentialAction\":[{\"@type\":\"SearchAction\",\"target\":{\"@type\":\"EntryPoint\",\"urlTemplate\":\"https:\\\/\\\/renatodias.online\\\/movimento\\\/?s={search_term_string}\"},\"query-input\":{\"@type\":\"PropertyValueSpecification\",\"valueRequired\":true,\"valueName\":\"search_term_string\"}}],\"inLanguage\":\"pt-BR\"},{\"@type\":[\"Person\",\"Organization\"],\"@id\":\"https:\\\/\\\/renatodias.online\\\/movimento\\\/#\\\/schema\\\/person\\\/bbab28833b1725a20f4083f49f1fb2a9\",\"name\":\"Renato Dias\",\"image\":{\"@type\":\"ImageObject\",\"inLanguage\":\"pt-BR\",\"@id\":\"https:\\\/\\\/renatodias.online\\\/movimento\\\/wp-content\\\/uploads\\\/2023\\\/03\\\/cropped-cropped-cropped-logofinal.jpeg\",\"url\":\"https:\\\/\\\/renatodias.online\\\/movimento\\\/wp-content\\\/uploads\\\/2023\\\/03\\\/cropped-cropped-cropped-logofinal.jpeg\",\"contentUrl\":\"https:\\\/\\\/renatodias.online\\\/movimento\\\/wp-content\\\/uploads\\\/2023\\\/03\\\/cropped-cropped-cropped-logofinal.jpeg\",\"width\":1280,\"height\":219,\"caption\":\"Renato Dias\"},\"logo\":{\"@id\":\"https:\\\/\\\/renatodias.online\\\/movimento\\\/wp-content\\\/uploads\\\/2023\\\/03\\\/cropped-cropped-cropped-logofinal.jpeg\"},\"description\":\"Renato Dias, 58 anos, \u00e9 graduado em Jornalismo, formado em Ci\u00eancias Sociais, com p\u00f3s-gradua\u00e7\u00e3o em Pol\u00edticas P\u00fablicas, mestre em Direito e Rela\u00e7\u00f5es Internacionais, ex-aluno extraordin\u00e1rio do Doutorado em Psicologia Social, ex-estudante do Curso de Psican\u00e1lise do Centro de Estudos Psicanal\u00edticos do Estado de Goi\u00e1s, ministrado pelo m\u00e9dico psiquiatra e psicanalista Daniel Em\u00eddio de Souza. \u00c9 autor de 30 livros-reportagem, oito document\u00e1rios, ganhou 30 pr\u00eamios e \u00e9 torcedor apaixonado do maior do Centro-Oeste, o Vila Nova Futebol Clube. Casado com Meirilane Dias, \u00e9 pai de Juliana Dias, jornalista; Daniel Dias, economista; e Maria Rosa Dias, estudante antifascista, socialista e trotskista.\u00a0Com tr\u00eas pets: Porquinho [Bull Dog Franc\u00eas], Dalila [Basset Hound] e Geleia [Basset Hound]. Al\u00e9m do eterno gato Tutuquinho, que virou estrela.\",\"sameAs\":[\"https:\\\/\\\/www.facebook.com\\\/renato.dias.37\",\"#breve\",\"https:\\\/\\\/renatodias.tumblr.com\\\/\"],\"url\":\"https:\\\/\\\/renatodias.online\\\/movimento\\\/author\\\/renatodias\\\/\"}]}<\/script>\n<!-- \/ Yoast SEO plugin. -->","yoast_head_json":{"title":"Federa\u00e7\u00e3o Psol\/Rede \u00e9 erro fatal -","robots":{"index":"index","follow":"follow","max-snippet":"max-snippet:-1","max-image-preview":"max-image-preview:large","max-video-preview":"max-video-preview:-1"},"canonical":"https:\/\/renatodias.online\/movimento\/2022\/03\/18\/federacao-psol-rede-e-erro-fatal\/","og_locale":"pt_BR","og_type":"article","og_title":"Federa\u00e7\u00e3o Psol\/Rede \u00e9 erro fatal -","og_description":"\u2018Psol n\u00e3o deve encarar a proposta da Rede de forma superficial, muito menos, apressada Val\u00e9rio Arcary O instituto jur\u00eddico da federa\u00e7\u00e3o \u00e9 um recurso democr\u00e1tico extremo para preservar a legalidade de partidos que, previsivelmente, n\u00e3o conseguir\u00e3o superar as exig\u00eancias crescentes da cl\u00e1usula de barreira. O significado da federa\u00e7\u00e3o \u00e9 diferente, todavia, do simples bloco pol\u00edtico,","og_url":"https:\/\/renatodias.online\/movimento\/2022\/03\/18\/federacao-psol-rede-e-erro-fatal\/","article_publisher":"https:\/\/www.facebook.com\/renato.dias.37","article_author":"https:\/\/www.facebook.com\/renato.dias.37","article_published_time":"2022-03-19T02:13:18+00:00","og_image":[{"width":360,"height":240,"url":"https:\/\/renatodias.online\/movimento\/wp-content\/uploads\/2022\/03\/Marina-Silva-e-Aecio-Neves-Link-e1647655881918.jpg","type":"image\/jpeg"}],"author":"Renato Dias","twitter_card":"summary_large_image","twitter_creator":"@RenatoDiasBat","twitter_site":"@RenatoDiasBat","twitter_misc":{"Escrito por":"Renato Dias","Est. tempo de leitura":"6 minutos"},"schema":{"@context":"https:\/\/schema.org","@graph":[{"@type":"Article","@id":"https:\/\/renatodias.online\/movimento\/2022\/03\/18\/federacao-psol-rede-e-erro-fatal\/#article","isPartOf":{"@id":"https:\/\/renatodias.online\/movimento\/2022\/03\/18\/federacao-psol-rede-e-erro-fatal\/"},"author":{"name":"Renato Dias","@id":"https:\/\/renatodias.online\/movimento\/#\/schema\/person\/bbab28833b1725a20f4083f49f1fb2a9"},"headline":"Federa\u00e7\u00e3o Psol\/Rede \u00e9 erro fatal","datePublished":"2022-03-19T02:13:18+00:00","mainEntityOfPage":{"@id":"https:\/\/renatodias.online\/movimento\/2022\/03\/18\/federacao-psol-rede-e-erro-fatal\/"},"wordCount":1176,"commentCount":0,"publisher":{"@id":"https:\/\/renatodias.online\/movimento\/#\/schema\/person\/bbab28833b1725a20f4083f49f1fb2a9"},"image":{"@id":"https:\/\/renatodias.online\/movimento\/2022\/03\/18\/federacao-psol-rede-e-erro-fatal\/#primaryimage"},"thumbnailUrl":"https:\/\/renatodias.online\/movimento\/wp-content\/uploads\/2022\/03\/Marina-Silva-e-Aecio-Neves-Link-e1647655881918.jpg","articleSection":["Opini\u00e3o"],"inLanguage":"pt-BR","potentialAction":[{"@type":"CommentAction","name":"Comment","target":["https:\/\/renatodias.online\/movimento\/2022\/03\/18\/federacao-psol-rede-e-erro-fatal\/#respond"]}]},{"@type":"WebPage","@id":"https:\/\/renatodias.online\/movimento\/2022\/03\/18\/federacao-psol-rede-e-erro-fatal\/","url":"https:\/\/renatodias.online\/movimento\/2022\/03\/18\/federacao-psol-rede-e-erro-fatal\/","name":"Federa\u00e7\u00e3o Psol\/Rede \u00e9 erro fatal -","isPartOf":{"@id":"https:\/\/renatodias.online\/movimento\/#website"},"primaryImageOfPage":{"@id":"https:\/\/renatodias.online\/movimento\/2022\/03\/18\/federacao-psol-rede-e-erro-fatal\/#primaryimage"},"image":{"@id":"https:\/\/renatodias.online\/movimento\/2022\/03\/18\/federacao-psol-rede-e-erro-fatal\/#primaryimage"},"thumbnailUrl":"https:\/\/renatodias.online\/movimento\/wp-content\/uploads\/2022\/03\/Marina-Silva-e-Aecio-Neves-Link-e1647655881918.jpg","datePublished":"2022-03-19T02:13:18+00:00","breadcrumb":{"@id":"https:\/\/renatodias.online\/movimento\/2022\/03\/18\/federacao-psol-rede-e-erro-fatal\/#breadcrumb"},"inLanguage":"pt-BR","potentialAction":[{"@type":"ReadAction","target":["https:\/\/renatodias.online\/movimento\/2022\/03\/18\/federacao-psol-rede-e-erro-fatal\/"]}]},{"@type":"ImageObject","inLanguage":"pt-BR","@id":"https:\/\/renatodias.online\/movimento\/2022\/03\/18\/federacao-psol-rede-e-erro-fatal\/#primaryimage","url":"https:\/\/renatodias.online\/movimento\/wp-content\/uploads\/2022\/03\/Marina-Silva-e-Aecio-Neves-Link-e1647655881918.jpg","contentUrl":"https:\/\/renatodias.online\/movimento\/wp-content\/uploads\/2022\/03\/Marina-Silva-e-Aecio-Neves-Link-e1647655881918.jpg","width":360,"height":240,"caption":"Marina Silva e A\u00e9cio Neves"},{"@type":"BreadcrumbList","@id":"https:\/\/renatodias.online\/movimento\/2022\/03\/18\/federacao-psol-rede-e-erro-fatal\/#breadcrumb","itemListElement":[{"@type":"ListItem","position":1,"name":"In\u00edcio","item":"https:\/\/renatodias.online\/movimento\/"},{"@type":"ListItem","position":2,"name":"Federa\u00e7\u00e3o Psol\/Rede \u00e9 erro fatal"}]},{"@type":"WebSite","@id":"https:\/\/renatodias.online\/movimento\/#website","url":"https:\/\/renatodias.online\/movimento\/","name":"","description":"","publisher":{"@id":"https:\/\/renatodias.online\/movimento\/#\/schema\/person\/bbab28833b1725a20f4083f49f1fb2a9"},"potentialAction":[{"@type":"SearchAction","target":{"@type":"EntryPoint","urlTemplate":"https:\/\/renatodias.online\/movimento\/?s={search_term_string}"},"query-input":{"@type":"PropertyValueSpecification","valueRequired":true,"valueName":"search_term_string"}}],"inLanguage":"pt-BR"},{"@type":["Person","Organization"],"@id":"https:\/\/renatodias.online\/movimento\/#\/schema\/person\/bbab28833b1725a20f4083f49f1fb2a9","name":"Renato Dias","image":{"@type":"ImageObject","inLanguage":"pt-BR","@id":"https:\/\/renatodias.online\/movimento\/wp-content\/uploads\/2023\/03\/cropped-cropped-cropped-logofinal.jpeg","url":"https:\/\/renatodias.online\/movimento\/wp-content\/uploads\/2023\/03\/cropped-cropped-cropped-logofinal.jpeg","contentUrl":"https:\/\/renatodias.online\/movimento\/wp-content\/uploads\/2023\/03\/cropped-cropped-cropped-logofinal.jpeg","width":1280,"height":219,"caption":"Renato Dias"},"logo":{"@id":"https:\/\/renatodias.online\/movimento\/wp-content\/uploads\/2023\/03\/cropped-cropped-cropped-logofinal.jpeg"},"description":"Renato Dias, 58 anos, \u00e9 graduado em Jornalismo, formado em Ci\u00eancias Sociais, com p\u00f3s-gradua\u00e7\u00e3o em Pol\u00edticas P\u00fablicas, mestre em Direito e Rela\u00e7\u00f5es Internacionais, ex-aluno extraordin\u00e1rio do Doutorado em Psicologia Social, ex-estudante do Curso de Psican\u00e1lise do Centro de Estudos Psicanal\u00edticos do Estado de Goi\u00e1s, ministrado pelo m\u00e9dico psiquiatra e psicanalista Daniel Em\u00eddio de Souza. \u00c9 autor de 30 livros-reportagem, oito document\u00e1rios, ganhou 30 pr\u00eamios e \u00e9 torcedor apaixonado do maior do Centro-Oeste, o Vila Nova Futebol Clube. Casado com Meirilane Dias, \u00e9 pai de Juliana Dias, jornalista; Daniel Dias, economista; e Maria Rosa Dias, estudante antifascista, socialista e trotskista.\u00a0Com tr\u00eas pets: Porquinho [Bull Dog Franc\u00eas], Dalila [Basset Hound] e Geleia [Basset Hound]. Al\u00e9m do eterno gato Tutuquinho, que virou estrela.","sameAs":["https:\/\/www.facebook.com\/renato.dias.37","#breve","https:\/\/renatodias.tumblr.com\/"],"url":"https:\/\/renatodias.online\/movimento\/author\/renatodias\/"}]}},"_links":{"self":[{"href":"https:\/\/renatodias.online\/movimento\/wp-json\/wp\/v2\/posts\/11387","targetHints":{"allow":["GET"]}}],"collection":[{"href":"https:\/\/renatodias.online\/movimento\/wp-json\/wp\/v2\/posts"}],"about":[{"href":"https:\/\/renatodias.online\/movimento\/wp-json\/wp\/v2\/types\/post"}],"author":[{"embeddable":true,"href":"https:\/\/renatodias.online\/movimento\/wp-json\/wp\/v2\/users\/2"}],"replies":[{"embeddable":true,"href":"https:\/\/renatodias.online\/movimento\/wp-json\/wp\/v2\/comments?post=11387"}],"version-history":[{"count":1,"href":"https:\/\/renatodias.online\/movimento\/wp-json\/wp\/v2\/posts\/11387\/revisions"}],"predecessor-version":[{"id":11390,"href":"https:\/\/renatodias.online\/movimento\/wp-json\/wp\/v2\/posts\/11387\/revisions\/11390"}],"wp:featuredmedia":[{"embeddable":true,"href":"https:\/\/renatodias.online\/movimento\/wp-json\/wp\/v2\/media\/11388"}],"wp:attachment":[{"href":"https:\/\/renatodias.online\/movimento\/wp-json\/wp\/v2\/media?parent=11387"}],"wp:term":[{"taxonomy":"category","embeddable":true,"href":"https:\/\/renatodias.online\/movimento\/wp-json\/wp\/v2\/categories?post=11387"},{"taxonomy":"post_tag","embeddable":true,"href":"https:\/\/renatodias.online\/movimento\/wp-json\/wp\/v2\/tags?post=11387"}],"curies":[{"name":"wp","href":"https:\/\/api.w.org\/{rel}","templated":true}]}}