{"id":11221,"date":"2022-03-12T23:29:15","date_gmt":"2022-03-13T02:29:15","guid":{"rendered":"https:\/\/renatodias.online\/movimento\/?p=11221"},"modified":"2022-03-12T23:29:15","modified_gmt":"2022-03-13T02:29:15","slug":"lagrimas-a-alain-krivine","status":"publish","type":"post","link":"https:\/\/renatodias.online\/movimento\/2022\/03\/12\/lagrimas-a-alain-krivine\/","title":{"rendered":"L\u00e1grimas a Alain Krivine"},"content":{"rendered":"<figure id=\"attachment_7808\" aria-describedby=\"caption-attachment-7808\" style=\"width: 1600px\" class=\"wp-caption alignnone\"><img loading=\"lazy\" decoding=\"async\" class=\"wp-image-7808 size-full\" src=\"https:\/\/renatodias.online\/movimento\/wp-content\/uploads\/2021\/07\/Luto-_-1.jpg\" alt=\"\" width=\"1600\" height=\"1082\" \/><figcaption id=\"caption-attachment-7808\" class=\"wp-caption-text\"><strong>O \u00faltimo adeus<\/strong><\/p>\n<p><\/figcaption><\/figure>\n<p><strong><img loading=\"lazy\" decoding=\"async\" class=\"wp-image-11210 size-full aligncenter\" src=\"https:\/\/renatodias.online\/movimento\/wp-content\/uploads\/2022\/03\/Artigo-de-Opiniao.jpg\" alt=\"\" width=\"600\" height=\"315\" srcset=\"https:\/\/renatodias.online\/movimento\/wp-content\/uploads\/2022\/03\/Artigo-de-Opiniao.jpg 600w, https:\/\/renatodias.online\/movimento\/wp-content\/uploads\/2022\/03\/Artigo-de-Opiniao-300x158.jpg 300w\" sizes=\"auto, (max-width: 600px) 100vw, 600px\" \/><\/strong><\/p>\n<h1 style=\"text-align: center;\"><strong><span style=\"color: #ff0000;\">Velho revolucion\u00e1rio da IV Internacional<\/span><br \/>\n<\/strong><\/h1>\n<figure id=\"attachment_11222\" aria-describedby=\"caption-attachment-11222\" style=\"width: 768px\" class=\"wp-caption aligncenter\"><img loading=\"lazy\" decoding=\"async\" class=\"wp-image-11222 size-full\" src=\"https:\/\/renatodias.online\/movimento\/wp-content\/uploads\/2022\/03\/Alain-Krivine.jpg\" alt=\"\" width=\"768\" height=\"432\" srcset=\"https:\/\/renatodias.online\/movimento\/wp-content\/uploads\/2022\/03\/Alain-Krivine.jpg 768w, https:\/\/renatodias.online\/movimento\/wp-content\/uploads\/2022\/03\/Alain-Krivine-300x169.jpg 300w, https:\/\/renatodias.online\/movimento\/wp-content\/uploads\/2022\/03\/Alain-Krivine-750x422.jpg 750w\" sizes=\"auto, (max-width: 768px) 100vw, 768px\" \/><figcaption id=\"caption-attachment-11222\" class=\"wp-caption-text\">Alain Krivine, trotskista franc\u00eas<\/figcaption><\/figure>\n<h1 style=\"text-align: center;\"><span style=\"color: #ff0000;\"><strong>Herdeiro das ideias de Leon Trotski<\/strong><\/span><\/h1>\n<figure id=\"attachment_3253\" aria-describedby=\"caption-attachment-3253\" style=\"width: 231px\" class=\"wp-caption aligncenter\"><img loading=\"lazy\" decoding=\"async\" class=\"size-medium wp-image-3253\" src=\"https:\/\/renatodias.online\/movimento\/wp-content\/uploads\/2020\/03\/Caricatura-de-Leon-Trotski-filme-231x300.gif\" alt=\"\" width=\"231\" height=\"300\" \/><figcaption id=\"caption-attachment-3253\" class=\"wp-caption-text\"><strong>Leon Trotski<\/strong><\/figcaption><\/figure>\n<p><strong>Valerio Arcary<\/strong><\/p>\n<p><strong>Alain Krivine<\/strong>, um dos principais tribunos da juventude nos dias do Maio 68 franc\u00eas, morreu. Ele esteve na primeira linha da noite das barricadas no Quartier Latin [Bairro Latino] e foi um dos inspiradores da marcha de milhares at\u00e9 \u00e0 f\u00e1brica da Renault\/Billancourt. O que impulsiona a unidade oper\u00e1rio-estudantil. Oi gatilho da greve geral contra Charles De Gaulle. O NPA, a Quarta Internacional e o movimento trotskista internacional, est\u00e3o de luto. Aos oitenta anos, Krivine era um dos mais destacados veteranos da gera\u00e7\u00e3o que assumiu a luta em defesa da tradi\u00e7\u00e3o internacionalista, nos \u00faltimos sessenta anos.<\/p>\n<p>&nbsp;<\/p>\n<p><img loading=\"lazy\" decoding=\"async\" class=\"wp-image-11227 size-full aligncenter\" src=\"https:\/\/renatodias.online\/movimento\/wp-content\/uploads\/2022\/03\/IV-Internacional-logomarca.jpg\" alt=\"\" width=\"225\" height=\"225\" srcset=\"https:\/\/renatodias.online\/movimento\/wp-content\/uploads\/2022\/03\/IV-Internacional-logomarca.jpg 225w, https:\/\/renatodias.online\/movimento\/wp-content\/uploads\/2022\/03\/IV-Internacional-logomarca-150x150.jpg 150w\" sizes=\"auto, (max-width: 225px) 100vw, 225px\" \/><\/p>\n<p>&nbsp;<\/p>\n<p>Militante incans\u00e1vel e respons\u00e1vel, orador intenso e brilhante, polemista mordaz e elegante, permaneceu uma vida inteira leal ao programa da revolu\u00e7\u00e3o permanente. De fam\u00edlia judia da Ucr\u00e2nia que emigrou \u00e0 Fran\u00e7a no final do s\u00e9culo XIX, sob os pogroms: a viol\u00eancia de persegui\u00e7\u00e3o antissemita que era cr\u00f4nica sob o jugo do Imp\u00e9rio Czarista. Durante a ocupa\u00e7\u00e3o alem\u00e3, foi escondido pelos pais em Danizy, no Aisne, interior da Fran\u00e7a. Eleito para a dire\u00e7\u00e3o da UEC, em 1958, integrou as redes de apoio \u00e0 Frente de Liberta\u00e7\u00e3o Nacional [FLN] durante a Guerra da Arg\u00e9lia,\u00a0 uniu-se a 4\u00aa Internacional, foi expulso do Partido Comunista Franc\u00eas em 1966.<\/p>\n<figure id=\"attachment_11224\" aria-describedby=\"caption-attachment-11224\" style=\"width: 652px\" class=\"wp-caption aligncenter\"><img loading=\"lazy\" decoding=\"async\" class=\"wp-image-11224 size-full\" src=\"https:\/\/renatodias.online\/movimento\/wp-content\/uploads\/2022\/03\/Daniel-Bensaid.jpg\" alt=\"\" width=\"652\" height=\"492\" srcset=\"https:\/\/renatodias.online\/movimento\/wp-content\/uploads\/2022\/03\/Daniel-Bensaid.jpg 652w, https:\/\/renatodias.online\/movimento\/wp-content\/uploads\/2022\/03\/Daniel-Bensaid-300x226.jpg 300w\" sizes=\"auto, (max-width: 652px) 100vw, 652px\" \/><figcaption id=\"caption-attachment-11224\" class=\"wp-caption-text\"><strong>Daniel Bensaid<\/strong><\/figcaption><\/figure>\n<p>Em abril de 1966, ao lado de <strong>Daniel Bensa\u00efd<\/strong>, funda a Juventude Comunista Revolucion\u00e1ria [JCR]. Com Comit\u00eas contra a Guerra do Vietn\u00e3. A JCR, uma das mais din\u00e2micas organiza\u00e7\u00f5es durante as semanas iniciadas em maio de 1968 que culminaram em uma imensa greve geral. A JCR foi ilegalizada em junho de 1968. Alain Krivine \u00e9 preso em 10 de julho e libertado no outono. Ele apresentou sua candidatura presidencial em 1969 pela Liga Comunista e obteve 1,1% dos votos. \u00a0Em 1974, conquista audi\u00eancia muito maior. Eleito deputado ao Parlamento Europeu em 1999, em lista comum LCR\/Lutte Ouvri\u00e9re que superou os 5% e elegeu cinco deputados.<\/p>\n<figure id=\"attachment_11225\" aria-describedby=\"caption-attachment-11225\" style=\"width: 1024px\" class=\"wp-caption alignnone\"><img loading=\"lazy\" decoding=\"async\" class=\"wp-image-11225 size-full\" src=\"https:\/\/renatodias.online\/movimento\/wp-content\/uploads\/2022\/03\/Olivier-Besancenot.jpg\" alt=\"\" width=\"1024\" height=\"576\" srcset=\"https:\/\/renatodias.online\/movimento\/wp-content\/uploads\/2022\/03\/Olivier-Besancenot.jpg 1024w, https:\/\/renatodias.online\/movimento\/wp-content\/uploads\/2022\/03\/Olivier-Besancenot-300x169.jpg 300w, https:\/\/renatodias.online\/movimento\/wp-content\/uploads\/2022\/03\/Olivier-Besancenot-768x432.jpg 768w, https:\/\/renatodias.online\/movimento\/wp-content\/uploads\/2022\/03\/Olivier-Besancenot-750x422.jpg 750w\" sizes=\"auto, (max-width: 1024px) 100vw, 1024px\" \/><figcaption id=\"caption-attachment-11225\" class=\"wp-caption-text\"><strong>Olivier Besancenot<\/strong><\/figcaption><\/figure>\n<p>O jovem carteiro ativista sindical <strong>Olivier Besancenot<\/strong> trabalhou ao seu lado na constru\u00e7\u00e3o do mandato, e foi Krivine um dos que apoiou a sua indica\u00e7\u00e3o como candidato \u00e0s presidenciais em 2002, quando a LCR conquistou 4,25% dos sufr\u00e1gios. Publicou em 2006 uma autobiografia: <strong>Isso vai te passar com a idade<\/strong> [<strong>\u00c7a te passera avec l\u2019\u00e2ge]<\/strong>, pela editora Flammarion. Uma apaixonante narrativa das circunst\u00e2ncias, perip\u00e9cias e aventuras de uma vida honesta e comprometida. At\u00e9 o fim permaneceu ativo no <strong>NPA [Novo Partido Anticapitalista, da Fran\u00e7a],<\/strong> em modesto escrit\u00f3rio na sede da gr\u00e1fica da legenda em Montreuil, arredores de Paris.<\/p>\n<figure id=\"attachment_11223\" aria-describedby=\"caption-attachment-11223\" style=\"width: 700px\" class=\"wp-caption aligncenter\"><img loading=\"lazy\" decoding=\"async\" class=\"wp-image-11223 size-full\" src=\"https:\/\/renatodias.online\/movimento\/wp-content\/uploads\/2022\/03\/NPA-Franca.jpg\" alt=\"\" width=\"700\" height=\"384\" srcset=\"https:\/\/renatodias.online\/movimento\/wp-content\/uploads\/2022\/03\/NPA-Franca.jpg 700w, https:\/\/renatodias.online\/movimento\/wp-content\/uploads\/2022\/03\/NPA-Franca-300x165.jpg 300w\" sizes=\"auto, (max-width: 700px) 100vw, 700px\" \/><figcaption id=\"caption-attachment-11223\" class=\"wp-caption-text\"><strong>NPA Fran\u00e7a<\/strong><\/figcaption><\/figure>\n<p><strong>N\u00f3s estivemos juntos h\u00e1 quatro anos, em uma reuni\u00e3o internacional.<\/strong> Ele mantinha a mesma altivez de sempre. Um dos primeiros a chegar na abertura da sess\u00e3o. Assim como mantinha uma m\u00e1xima concentra\u00e7\u00e3o. Ele tomava notas. Registro: e, quando chegou a hora de fazer a sua interven\u00e7\u00e3o pol\u00edtica e ideol\u00f3gica, um imponente sil\u00eancio das duas centenas de lideran\u00e7as presentes, vindos dos cinco continentes, confirmou o respeito conquistado por uma milit\u00e2ncia exemplar.<\/p>\n<p><img loading=\"lazy\" decoding=\"async\" class=\"wp-image-4530 size-full aligncenter\" src=\"https:\/\/renatodias.online\/movimento\/wp-content\/uploads\/2020\/09\/L\u00e1grimas.jpg\" alt=\"L\u00e1grimas caindo\" width=\"760\" height=\"480\" srcset=\"https:\/\/renatodias.online\/movimento\/wp-content\/uploads\/2020\/09\/L\u00e1grimas.jpg 760w, https:\/\/renatodias.online\/movimento\/wp-content\/uploads\/2020\/09\/L\u00e1grimas-300x189.jpg 300w, https:\/\/renatodias.online\/movimento\/wp-content\/uploads\/2020\/09\/L\u00e1grimas-750x474.jpg 750w\" sizes=\"auto, (max-width: 760px) 100vw, 760px\" \/><\/p>\n","protected":false},"excerpt":{"rendered":"<p>Velho revolucion\u00e1rio da IV Internacional Herdeiro das ideias de Leon Trotski Valerio Arcary Alain Krivine, um dos principais tribunos da juventude nos dias do Maio 68 franc\u00eas, morreu. Ele esteve na primeira linha da noite das barricadas no Quartier Latin [Bairro Latino] e foi um dos inspiradores da marcha de milhares at\u00e9 \u00e0 f\u00e1brica da<\/p>\n","protected":false},"author":2,"featured_media":11226,"comment_status":"open","ping_status":"open","sticky":false,"template":"","format":"standard","meta":{"_acf_changed":false,"_monsterinsights_skip_tracking":false,"_monsterinsights_sitenote_active":false,"_monsterinsights_sitenote_note":"","_monsterinsights_sitenote_category":0,"footnotes":""},"categories":[36],"tags":[],"class_list":["post-11221","post","type-post","status-publish","format-standard","has-post-thumbnail","hentry","category-internacional"],"acf":[],"yoast_head":"<!-- This site is optimized with the Yoast SEO plugin v27.4 - https:\/\/yoast.com\/product\/yoast-seo-wordpress\/ -->\n<title>L\u00e1grimas a Alain Krivine -<\/title>\n<meta name=\"robots\" content=\"index, follow, max-snippet:-1, max-image-preview:large, max-video-preview:-1\" \/>\n<link rel=\"canonical\" href=\"https:\/\/renatodias.online\/movimento\/2022\/03\/12\/lagrimas-a-alain-krivine\/\" \/>\n<meta property=\"og:locale\" content=\"pt_BR\" \/>\n<meta property=\"og:type\" content=\"article\" \/>\n<meta property=\"og:title\" content=\"L\u00e1grimas a Alain Krivine -\" \/>\n<meta property=\"og:description\" content=\"Velho revolucion\u00e1rio da IV Internacional Herdeiro das ideias de Leon Trotski Valerio Arcary Alain Krivine, um dos principais tribunos da juventude nos dias do Maio 68 franc\u00eas, morreu. Ele esteve na primeira linha da noite das barricadas no Quartier Latin [Bairro Latino] e foi um dos inspiradores da marcha de milhares at\u00e9 \u00e0 f\u00e1brica da\" \/>\n<meta property=\"og:url\" content=\"https:\/\/renatodias.online\/movimento\/2022\/03\/12\/lagrimas-a-alain-krivine\/\" \/>\n<meta property=\"article:publisher\" content=\"https:\/\/www.facebook.com\/renato.dias.37\" \/>\n<meta property=\"article:author\" content=\"https:\/\/www.facebook.com\/renato.dias.37\" \/>\n<meta property=\"article:published_time\" content=\"2022-03-13T02:29:15+00:00\" \/>\n<meta property=\"og:image\" content=\"https:\/\/renatodias.online\/movimento\/wp-content\/uploads\/2022\/03\/Alain-Krivine-Jovem-Link-e1647138377499.jpg\" \/>\n\t<meta property=\"og:image:width\" content=\"290\" \/>\n\t<meta property=\"og:image:height\" content=\"445\" \/>\n\t<meta property=\"og:image:type\" content=\"image\/jpeg\" \/>\n<meta name=\"author\" content=\"Renato Dias\" \/>\n<meta name=\"twitter:card\" content=\"summary_large_image\" \/>\n<meta name=\"twitter:creator\" content=\"@RenatoDiasBat\" \/>\n<meta name=\"twitter:site\" content=\"@RenatoDiasBat\" \/>\n<meta name=\"twitter:label1\" content=\"Escrito por\" \/>\n\t<meta name=\"twitter:data1\" content=\"Renato Dias\" \/>\n\t<meta name=\"twitter:label2\" content=\"Est. tempo de leitura\" \/>\n\t<meta name=\"twitter:data2\" content=\"3 minutos\" \/>\n<script type=\"application\/ld+json\" class=\"yoast-schema-graph\">{\"@context\":\"https:\\\/\\\/schema.org\",\"@graph\":[{\"@type\":\"Article\",\"@id\":\"https:\\\/\\\/renatodias.online\\\/movimento\\\/2022\\\/03\\\/12\\\/lagrimas-a-alain-krivine\\\/#article\",\"isPartOf\":{\"@id\":\"https:\\\/\\\/renatodias.online\\\/movimento\\\/2022\\\/03\\\/12\\\/lagrimas-a-alain-krivine\\\/\"},\"author\":{\"name\":\"Renato Dias\",\"@id\":\"https:\\\/\\\/renatodias.online\\\/movimento\\\/#\\\/schema\\\/person\\\/bbab28833b1725a20f4083f49f1fb2a9\"},\"headline\":\"L\u00e1grimas a Alain Krivine\",\"datePublished\":\"2022-03-13T02:29:15+00:00\",\"mainEntityOfPage\":{\"@id\":\"https:\\\/\\\/renatodias.online\\\/movimento\\\/2022\\\/03\\\/12\\\/lagrimas-a-alain-krivine\\\/\"},\"wordCount\":585,\"commentCount\":0,\"publisher\":{\"@id\":\"https:\\\/\\\/renatodias.online\\\/movimento\\\/#\\\/schema\\\/person\\\/bbab28833b1725a20f4083f49f1fb2a9\"},\"image\":{\"@id\":\"https:\\\/\\\/renatodias.online\\\/movimento\\\/2022\\\/03\\\/12\\\/lagrimas-a-alain-krivine\\\/#primaryimage\"},\"thumbnailUrl\":\"https:\\\/\\\/renatodias.online\\\/movimento\\\/wp-content\\\/uploads\\\/2022\\\/03\\\/Alain-Krivine-Jovem-Link-e1647138377499.jpg\",\"articleSection\":[\"Internacional\"],\"inLanguage\":\"pt-BR\",\"potentialAction\":[{\"@type\":\"CommentAction\",\"name\":\"Comment\",\"target\":[\"https:\\\/\\\/renatodias.online\\\/movimento\\\/2022\\\/03\\\/12\\\/lagrimas-a-alain-krivine\\\/#respond\"]}]},{\"@type\":\"WebPage\",\"@id\":\"https:\\\/\\\/renatodias.online\\\/movimento\\\/2022\\\/03\\\/12\\\/lagrimas-a-alain-krivine\\\/\",\"url\":\"https:\\\/\\\/renatodias.online\\\/movimento\\\/2022\\\/03\\\/12\\\/lagrimas-a-alain-krivine\\\/\",\"name\":\"L\u00e1grimas a Alain Krivine -\",\"isPartOf\":{\"@id\":\"https:\\\/\\\/renatodias.online\\\/movimento\\\/#website\"},\"primaryImageOfPage\":{\"@id\":\"https:\\\/\\\/renatodias.online\\\/movimento\\\/2022\\\/03\\\/12\\\/lagrimas-a-alain-krivine\\\/#primaryimage\"},\"image\":{\"@id\":\"https:\\\/\\\/renatodias.online\\\/movimento\\\/2022\\\/03\\\/12\\\/lagrimas-a-alain-krivine\\\/#primaryimage\"},\"thumbnailUrl\":\"https:\\\/\\\/renatodias.online\\\/movimento\\\/wp-content\\\/uploads\\\/2022\\\/03\\\/Alain-Krivine-Jovem-Link-e1647138377499.jpg\",\"datePublished\":\"2022-03-13T02:29:15+00:00\",\"breadcrumb\":{\"@id\":\"https:\\\/\\\/renatodias.online\\\/movimento\\\/2022\\\/03\\\/12\\\/lagrimas-a-alain-krivine\\\/#breadcrumb\"},\"inLanguage\":\"pt-BR\",\"potentialAction\":[{\"@type\":\"ReadAction\",\"target\":[\"https:\\\/\\\/renatodias.online\\\/movimento\\\/2022\\\/03\\\/12\\\/lagrimas-a-alain-krivine\\\/\"]}]},{\"@type\":\"ImageObject\",\"inLanguage\":\"pt-BR\",\"@id\":\"https:\\\/\\\/renatodias.online\\\/movimento\\\/2022\\\/03\\\/12\\\/lagrimas-a-alain-krivine\\\/#primaryimage\",\"url\":\"https:\\\/\\\/renatodias.online\\\/movimento\\\/wp-content\\\/uploads\\\/2022\\\/03\\\/Alain-Krivine-Jovem-Link-e1647138377499.jpg\",\"contentUrl\":\"https:\\\/\\\/renatodias.online\\\/movimento\\\/wp-content\\\/uploads\\\/2022\\\/03\\\/Alain-Krivine-Jovem-Link-e1647138377499.jpg\",\"width\":290,\"height\":445,\"caption\":\"Alain Krivine\"},{\"@type\":\"BreadcrumbList\",\"@id\":\"https:\\\/\\\/renatodias.online\\\/movimento\\\/2022\\\/03\\\/12\\\/lagrimas-a-alain-krivine\\\/#breadcrumb\",\"itemListElement\":[{\"@type\":\"ListItem\",\"position\":1,\"name\":\"In\u00edcio\",\"item\":\"https:\\\/\\\/renatodias.online\\\/movimento\\\/\"},{\"@type\":\"ListItem\",\"position\":2,\"name\":\"L\u00e1grimas a Alain Krivine\"}]},{\"@type\":\"WebSite\",\"@id\":\"https:\\\/\\\/renatodias.online\\\/movimento\\\/#website\",\"url\":\"https:\\\/\\\/renatodias.online\\\/movimento\\\/\",\"name\":\"\",\"description\":\"\",\"publisher\":{\"@id\":\"https:\\\/\\\/renatodias.online\\\/movimento\\\/#\\\/schema\\\/person\\\/bbab28833b1725a20f4083f49f1fb2a9\"},\"potentialAction\":[{\"@type\":\"SearchAction\",\"target\":{\"@type\":\"EntryPoint\",\"urlTemplate\":\"https:\\\/\\\/renatodias.online\\\/movimento\\\/?s={search_term_string}\"},\"query-input\":{\"@type\":\"PropertyValueSpecification\",\"valueRequired\":true,\"valueName\":\"search_term_string\"}}],\"inLanguage\":\"pt-BR\"},{\"@type\":[\"Person\",\"Organization\"],\"@id\":\"https:\\\/\\\/renatodias.online\\\/movimento\\\/#\\\/schema\\\/person\\\/bbab28833b1725a20f4083f49f1fb2a9\",\"name\":\"Renato Dias\",\"image\":{\"@type\":\"ImageObject\",\"inLanguage\":\"pt-BR\",\"@id\":\"https:\\\/\\\/renatodias.online\\\/movimento\\\/wp-content\\\/uploads\\\/2023\\\/03\\\/cropped-cropped-cropped-logofinal.jpeg\",\"url\":\"https:\\\/\\\/renatodias.online\\\/movimento\\\/wp-content\\\/uploads\\\/2023\\\/03\\\/cropped-cropped-cropped-logofinal.jpeg\",\"contentUrl\":\"https:\\\/\\\/renatodias.online\\\/movimento\\\/wp-content\\\/uploads\\\/2023\\\/03\\\/cropped-cropped-cropped-logofinal.jpeg\",\"width\":1280,\"height\":219,\"caption\":\"Renato Dias\"},\"logo\":{\"@id\":\"https:\\\/\\\/renatodias.online\\\/movimento\\\/wp-content\\\/uploads\\\/2023\\\/03\\\/cropped-cropped-cropped-logofinal.jpeg\"},\"description\":\"Renato Dias, 58 anos, \u00e9 graduado em Jornalismo, formado em Ci\u00eancias Sociais, com p\u00f3s-gradua\u00e7\u00e3o em Pol\u00edticas P\u00fablicas, mestre em Direito e Rela\u00e7\u00f5es Internacionais, ex-aluno extraordin\u00e1rio do Doutorado em Psicologia Social, ex-estudante do Curso de Psican\u00e1lise do Centro de Estudos Psicanal\u00edticos do Estado de Goi\u00e1s, ministrado pelo m\u00e9dico psiquiatra e psicanalista Daniel Em\u00eddio de Souza. \u00c9 autor de 30 livros-reportagem, oito document\u00e1rios, ganhou 30 pr\u00eamios e \u00e9 torcedor apaixonado do maior do Centro-Oeste, o Vila Nova Futebol Clube. Casado com Meirilane Dias, \u00e9 pai de Juliana Dias, jornalista; Daniel Dias, economista; e Maria Rosa Dias, estudante antifascista, socialista e trotskista.\u00a0Com tr\u00eas pets: Porquinho [Bull Dog Franc\u00eas], Dalila [Basset Hound] e Geleia [Basset Hound]. Al\u00e9m do eterno gato Tutuquinho, que virou estrela.\",\"sameAs\":[\"https:\\\/\\\/www.facebook.com\\\/renato.dias.37\",\"#breve\",\"https:\\\/\\\/renatodias.tumblr.com\\\/\"],\"url\":\"https:\\\/\\\/renatodias.online\\\/movimento\\\/author\\\/renatodias\\\/\"}]}<\/script>\n<!-- \/ Yoast SEO plugin. -->","yoast_head_json":{"title":"L\u00e1grimas a Alain Krivine -","robots":{"index":"index","follow":"follow","max-snippet":"max-snippet:-1","max-image-preview":"max-image-preview:large","max-video-preview":"max-video-preview:-1"},"canonical":"https:\/\/renatodias.online\/movimento\/2022\/03\/12\/lagrimas-a-alain-krivine\/","og_locale":"pt_BR","og_type":"article","og_title":"L\u00e1grimas a Alain Krivine -","og_description":"Velho revolucion\u00e1rio da IV Internacional Herdeiro das ideias de Leon Trotski Valerio Arcary Alain Krivine, um dos principais tribunos da juventude nos dias do Maio 68 franc\u00eas, morreu. Ele esteve na primeira linha da noite das barricadas no Quartier Latin [Bairro Latino] e foi um dos inspiradores da marcha de milhares at\u00e9 \u00e0 f\u00e1brica da","og_url":"https:\/\/renatodias.online\/movimento\/2022\/03\/12\/lagrimas-a-alain-krivine\/","article_publisher":"https:\/\/www.facebook.com\/renato.dias.37","article_author":"https:\/\/www.facebook.com\/renato.dias.37","article_published_time":"2022-03-13T02:29:15+00:00","og_image":[{"width":290,"height":445,"url":"https:\/\/renatodias.online\/movimento\/wp-content\/uploads\/2022\/03\/Alain-Krivine-Jovem-Link-e1647138377499.jpg","type":"image\/jpeg"}],"author":"Renato Dias","twitter_card":"summary_large_image","twitter_creator":"@RenatoDiasBat","twitter_site":"@RenatoDiasBat","twitter_misc":{"Escrito por":"Renato Dias","Est. tempo de leitura":"3 minutos"},"schema":{"@context":"https:\/\/schema.org","@graph":[{"@type":"Article","@id":"https:\/\/renatodias.online\/movimento\/2022\/03\/12\/lagrimas-a-alain-krivine\/#article","isPartOf":{"@id":"https:\/\/renatodias.online\/movimento\/2022\/03\/12\/lagrimas-a-alain-krivine\/"},"author":{"name":"Renato Dias","@id":"https:\/\/renatodias.online\/movimento\/#\/schema\/person\/bbab28833b1725a20f4083f49f1fb2a9"},"headline":"L\u00e1grimas a Alain Krivine","datePublished":"2022-03-13T02:29:15+00:00","mainEntityOfPage":{"@id":"https:\/\/renatodias.online\/movimento\/2022\/03\/12\/lagrimas-a-alain-krivine\/"},"wordCount":585,"commentCount":0,"publisher":{"@id":"https:\/\/renatodias.online\/movimento\/#\/schema\/person\/bbab28833b1725a20f4083f49f1fb2a9"},"image":{"@id":"https:\/\/renatodias.online\/movimento\/2022\/03\/12\/lagrimas-a-alain-krivine\/#primaryimage"},"thumbnailUrl":"https:\/\/renatodias.online\/movimento\/wp-content\/uploads\/2022\/03\/Alain-Krivine-Jovem-Link-e1647138377499.jpg","articleSection":["Internacional"],"inLanguage":"pt-BR","potentialAction":[{"@type":"CommentAction","name":"Comment","target":["https:\/\/renatodias.online\/movimento\/2022\/03\/12\/lagrimas-a-alain-krivine\/#respond"]}]},{"@type":"WebPage","@id":"https:\/\/renatodias.online\/movimento\/2022\/03\/12\/lagrimas-a-alain-krivine\/","url":"https:\/\/renatodias.online\/movimento\/2022\/03\/12\/lagrimas-a-alain-krivine\/","name":"L\u00e1grimas a Alain Krivine -","isPartOf":{"@id":"https:\/\/renatodias.online\/movimento\/#website"},"primaryImageOfPage":{"@id":"https:\/\/renatodias.online\/movimento\/2022\/03\/12\/lagrimas-a-alain-krivine\/#primaryimage"},"image":{"@id":"https:\/\/renatodias.online\/movimento\/2022\/03\/12\/lagrimas-a-alain-krivine\/#primaryimage"},"thumbnailUrl":"https:\/\/renatodias.online\/movimento\/wp-content\/uploads\/2022\/03\/Alain-Krivine-Jovem-Link-e1647138377499.jpg","datePublished":"2022-03-13T02:29:15+00:00","breadcrumb":{"@id":"https:\/\/renatodias.online\/movimento\/2022\/03\/12\/lagrimas-a-alain-krivine\/#breadcrumb"},"inLanguage":"pt-BR","potentialAction":[{"@type":"ReadAction","target":["https:\/\/renatodias.online\/movimento\/2022\/03\/12\/lagrimas-a-alain-krivine\/"]}]},{"@type":"ImageObject","inLanguage":"pt-BR","@id":"https:\/\/renatodias.online\/movimento\/2022\/03\/12\/lagrimas-a-alain-krivine\/#primaryimage","url":"https:\/\/renatodias.online\/movimento\/wp-content\/uploads\/2022\/03\/Alain-Krivine-Jovem-Link-e1647138377499.jpg","contentUrl":"https:\/\/renatodias.online\/movimento\/wp-content\/uploads\/2022\/03\/Alain-Krivine-Jovem-Link-e1647138377499.jpg","width":290,"height":445,"caption":"Alain Krivine"},{"@type":"BreadcrumbList","@id":"https:\/\/renatodias.online\/movimento\/2022\/03\/12\/lagrimas-a-alain-krivine\/#breadcrumb","itemListElement":[{"@type":"ListItem","position":1,"name":"In\u00edcio","item":"https:\/\/renatodias.online\/movimento\/"},{"@type":"ListItem","position":2,"name":"L\u00e1grimas a Alain Krivine"}]},{"@type":"WebSite","@id":"https:\/\/renatodias.online\/movimento\/#website","url":"https:\/\/renatodias.online\/movimento\/","name":"","description":"","publisher":{"@id":"https:\/\/renatodias.online\/movimento\/#\/schema\/person\/bbab28833b1725a20f4083f49f1fb2a9"},"potentialAction":[{"@type":"SearchAction","target":{"@type":"EntryPoint","urlTemplate":"https:\/\/renatodias.online\/movimento\/?s={search_term_string}"},"query-input":{"@type":"PropertyValueSpecification","valueRequired":true,"valueName":"search_term_string"}}],"inLanguage":"pt-BR"},{"@type":["Person","Organization"],"@id":"https:\/\/renatodias.online\/movimento\/#\/schema\/person\/bbab28833b1725a20f4083f49f1fb2a9","name":"Renato Dias","image":{"@type":"ImageObject","inLanguage":"pt-BR","@id":"https:\/\/renatodias.online\/movimento\/wp-content\/uploads\/2023\/03\/cropped-cropped-cropped-logofinal.jpeg","url":"https:\/\/renatodias.online\/movimento\/wp-content\/uploads\/2023\/03\/cropped-cropped-cropped-logofinal.jpeg","contentUrl":"https:\/\/renatodias.online\/movimento\/wp-content\/uploads\/2023\/03\/cropped-cropped-cropped-logofinal.jpeg","width":1280,"height":219,"caption":"Renato Dias"},"logo":{"@id":"https:\/\/renatodias.online\/movimento\/wp-content\/uploads\/2023\/03\/cropped-cropped-cropped-logofinal.jpeg"},"description":"Renato Dias, 58 anos, \u00e9 graduado em Jornalismo, formado em Ci\u00eancias Sociais, com p\u00f3s-gradua\u00e7\u00e3o em Pol\u00edticas P\u00fablicas, mestre em Direito e Rela\u00e7\u00f5es Internacionais, ex-aluno extraordin\u00e1rio do Doutorado em Psicologia Social, ex-estudante do Curso de Psican\u00e1lise do Centro de Estudos Psicanal\u00edticos do Estado de Goi\u00e1s, ministrado pelo m\u00e9dico psiquiatra e psicanalista Daniel Em\u00eddio de Souza. \u00c9 autor de 30 livros-reportagem, oito document\u00e1rios, ganhou 30 pr\u00eamios e \u00e9 torcedor apaixonado do maior do Centro-Oeste, o Vila Nova Futebol Clube. Casado com Meirilane Dias, \u00e9 pai de Juliana Dias, jornalista; Daniel Dias, economista; e Maria Rosa Dias, estudante antifascista, socialista e trotskista.\u00a0Com tr\u00eas pets: Porquinho [Bull Dog Franc\u00eas], Dalila [Basset Hound] e Geleia [Basset Hound]. Al\u00e9m do eterno gato Tutuquinho, que virou estrela.","sameAs":["https:\/\/www.facebook.com\/renato.dias.37","#breve","https:\/\/renatodias.tumblr.com\/"],"url":"https:\/\/renatodias.online\/movimento\/author\/renatodias\/"}]}},"_links":{"self":[{"href":"https:\/\/renatodias.online\/movimento\/wp-json\/wp\/v2\/posts\/11221","targetHints":{"allow":["GET"]}}],"collection":[{"href":"https:\/\/renatodias.online\/movimento\/wp-json\/wp\/v2\/posts"}],"about":[{"href":"https:\/\/renatodias.online\/movimento\/wp-json\/wp\/v2\/types\/post"}],"author":[{"embeddable":true,"href":"https:\/\/renatodias.online\/movimento\/wp-json\/wp\/v2\/users\/2"}],"replies":[{"embeddable":true,"href":"https:\/\/renatodias.online\/movimento\/wp-json\/wp\/v2\/comments?post=11221"}],"version-history":[{"count":1,"href":"https:\/\/renatodias.online\/movimento\/wp-json\/wp\/v2\/posts\/11221\/revisions"}],"predecessor-version":[{"id":11228,"href":"https:\/\/renatodias.online\/movimento\/wp-json\/wp\/v2\/posts\/11221\/revisions\/11228"}],"wp:featuredmedia":[{"embeddable":true,"href":"https:\/\/renatodias.online\/movimento\/wp-json\/wp\/v2\/media\/11226"}],"wp:attachment":[{"href":"https:\/\/renatodias.online\/movimento\/wp-json\/wp\/v2\/media?parent=11221"}],"wp:term":[{"taxonomy":"category","embeddable":true,"href":"https:\/\/renatodias.online\/movimento\/wp-json\/wp\/v2\/categories?post=11221"},{"taxonomy":"post_tag","embeddable":true,"href":"https:\/\/renatodias.online\/movimento\/wp-json\/wp\/v2\/tags?post=11221"}],"curies":[{"name":"wp","href":"https:\/\/api.w.org\/{rel}","templated":true}]}}