{"id":11200,"date":"2022-03-11T22:36:52","date_gmt":"2022-03-12T01:36:52","guid":{"rendered":"https:\/\/renatodias.online\/movimento\/?p=11200"},"modified":"2022-03-11T22:36:52","modified_gmt":"2022-03-12T01:36:52","slug":"tigre-tem-decisao-hoje-16h30","status":"publish","type":"post","link":"https:\/\/renatodias.online\/movimento\/2022\/03\/11\/tigre-tem-decisao-hoje-16h30\/","title":{"rendered":"Tigre tem decis\u00e3o, hoje, 16h30"},"content":{"rendered":"<!--[if lt IE 9]><script>document.createElement('audio');<\/script><![endif]-->\n<audio class=\"wp-audio-shortcode\" id=\"audio-11200-1\" preload=\"none\" style=\"width: 100%;\" controls=\"controls\"><source type=\"audio\/mpeg\" src=\"https:\/\/renatodias.online\/movimento\/wp-content\/uploads\/2021\/12\/Samba-Xexeu_Com-Locucao.mp3?_=1\" \/><a href=\"https:\/\/renatodias.online\/movimento\/wp-content\/uploads\/2021\/12\/Samba-Xexeu_Com-Locucao.mp3\">https:\/\/renatodias.online\/movimento\/wp-content\/uploads\/2021\/12\/Samba-Xexeu_Com-Locucao.mp3<\/a><\/audio>\n<figure id=\"attachment_5806\" aria-describedby=\"caption-attachment-5806\" style=\"width: 2048px\" class=\"wp-caption alignnone\"><img loading=\"lazy\" decoding=\"async\" class=\"wp-image-5806 size-full\" src=\"https:\/\/renatodias.online\/movimento\/wp-content\/uploads\/2021\/04\/A-torcida-do-Vila-Nova.jpg\" alt=\"Torcida do \u00a0Vila Nova Futebol Clube, a maior do Centro-Oeste\" width=\"2048\" height=\"1152\" srcset=\"https:\/\/renatodias.online\/movimento\/wp-content\/uploads\/2021\/04\/A-torcida-do-Vila-Nova.jpg 2048w, https:\/\/renatodias.online\/movimento\/wp-content\/uploads\/2021\/04\/A-torcida-do-Vila-Nova-300x169.jpg 300w, https:\/\/renatodias.online\/movimento\/wp-content\/uploads\/2021\/04\/A-torcida-do-Vila-Nova-1024x576.jpg 1024w, https:\/\/renatodias.online\/movimento\/wp-content\/uploads\/2021\/04\/A-torcida-do-Vila-Nova-768x432.jpg 768w, https:\/\/renatodias.online\/movimento\/wp-content\/uploads\/2021\/04\/A-torcida-do-Vila-Nova-1536x864.jpg 1536w, https:\/\/renatodias.online\/movimento\/wp-content\/uploads\/2021\/04\/A-torcida-do-Vila-Nova-750x422.jpg 750w\" sizes=\"auto, (max-width: 2048px) 100vw, 2048px\" \/><figcaption id=\"caption-attachment-5806\" class=\"wp-caption-text\"><strong>Torcida do \u00a0Vila Nova Futebol Clube, a maior do Centro-Oeste do Brasil<br \/><\/strong><\/figcaption><\/figure>\n<p><strong><img loading=\"lazy\" decoding=\"async\" class=\"alignnone wp-image-5007 size-full\" src=\"https:\/\/renatodias.online\/movimento\/wp-content\/uploads\/2021\/01\/Alto-da-p\u00e1gina-Banner-Exclusivo.png\" alt=\"\" width=\"1224\" height=\"372\" \/><\/strong><\/p>\n<h1 style=\"text-align: center;\"><span style=\"color: #ff0000;\"><strong>Advers\u00e1rio \u00e9 o duro Goian\u00e9sia<\/strong><\/span><\/h1>\n<p><img loading=\"lazy\" decoding=\"async\" class=\"size-full wp-image-5929 aligncenter\" src=\"https:\/\/renatodias.online\/movimento\/wp-content\/uploads\/2021\/04\/Especial.jpg\" alt=\"\" width=\"200\" height=\"200\" srcset=\"https:\/\/renatodias.online\/movimento\/wp-content\/uploads\/2021\/04\/Especial.jpg 200w, https:\/\/renatodias.online\/movimento\/wp-content\/uploads\/2021\/04\/Especial-150x150.jpg 150w\" sizes=\"auto, (max-width: 200px) 100vw, 200px\" \/><\/p>\n<h2 style=\"text-align: center;\"><span style=\"color: #ff0000;\"><strong>Tr\u00eas focos: erro zero, mortal no ataque e apoio da torcida<\/strong><\/span><\/h2>\n<figure id=\"attachment_9974\" aria-describedby=\"caption-attachment-9974\" style=\"width: 259px\" class=\"wp-caption aligncenter\"><img loading=\"lazy\" decoding=\"async\" class=\"size-full wp-image-9974\" src=\"https:\/\/renatodias.online\/movimento\/wp-content\/uploads\/2021\/12\/Tigrao-1.jpg\" alt=\"\" width=\"259\" height=\"194\" \/><figcaption id=\"caption-attachment-9974\" class=\"wp-caption-text\">O Tigr\u00e3o voltou<\/figcaption><\/figure>\n<h1 style=\"text-align: center;\"><span style=\"color: #ff0000;\"><strong>Vit\u00f3ria ou empate leva-o \u00e0 semifinal<\/strong><\/span><\/h1>\n<p><strong>Renato Dias<\/strong><\/p>\n<p>Com o empurr\u00e3o da torcida, o time completo, 18 partidas e oito meses de invencibilidade no Est\u00e1dio On\u00e9sio Brasileiro Alvarenga, em Goi\u00e2nia, o Vila Nova Futebol Clube enfrenta, neste s\u00e1bado, \u00e0s 16h30, o rival Goian\u00e9sia. Por uma vaga na semifinal. Do Estadual de 2022.<\/p>\n<blockquote>\n<h1><span style=\"color: #ff0000;\"><strong>\u00c9 matar ou morrer por uma vaga na semifinal do Estadual de 2022<\/strong><\/span><\/h1>\n<\/blockquote>\n<p>O primeiro jogo, de ida, realizado na cidade de Goian\u00e9sia, duro, foi vencido pelo Tigr\u00e3o. Por 2 a 1. O segundo gol colorado, marcado pelo meia-atacante, Jo\u00e3o Lucas, de 21 anos de idade, prata-da-casa, saiu aos 48 minutos do segundo tempo. Nos acr\u00e9scimos. Emo\u00e7\u00e3o.<\/p>\n<blockquote>\n<h1><strong><span style=\"color: #ff0000;\">Treinador quer toler\u00e2ncia zero com o erro, aten\u00e7\u00e3o total, mortal e efetividade no ataque<\/span><\/strong><\/h1>\n<\/blockquote>\n<p>O t\u00e9cnico Higo Magalh\u00e3es exige o m\u00e1ximo respeito ao Goian\u00e9sia. O treinador quer toler\u00e2ncia zero com o erro, aten\u00e7\u00e3o total, mortal e efetividade no ataque, finalizar as oportunidades e contar com o suporte do 12\u00b0 jogador, a maior torcida do Centro-Oeste.<\/p>\n<blockquote>\n<h1><strong><span style=\"color: #ff0000;\">Georgemy; Moacir, Donato, Renato e Cola\u00e7o; Pablo Roberto, Arthur Rezende e Wagner [Jo\u00e3o Lucas]; Matheuzinho, Rubens e Victor Andrade<\/span><\/strong><\/h1>\n<\/blockquote>\n<p>O Vila Nova escala para o a decis\u00e3o nas quartas de final, com Georgemy; Moacir, Rafael Donato, Renato Silveira e Bruno Cola\u00e7o; Pablo Roberto, Arthur Rezende e Wagner [Jo\u00e3o Lucas]; Matheuzinho, Rubens e Victor Andrade. Os atletas receber\u00e3o premia\u00e7\u00e3o pela vit\u00f3ria<\/p>\n<figure id=\"attachment_11189\" aria-describedby=\"caption-attachment-11189\" style=\"width: 1024px\" class=\"wp-caption alignnone\"><img loading=\"lazy\" decoding=\"async\" class=\"wp-image-11189 size-full\" src=\"https:\/\/renatodias.online\/movimento\/wp-content\/uploads\/2022\/03\/Tigrao-nas-quartas-de-2022.jpeg\" alt=\"\" width=\"1024\" height=\"683\" srcset=\"https:\/\/renatodias.online\/movimento\/wp-content\/uploads\/2022\/03\/Tigrao-nas-quartas-de-2022.jpeg 1024w, https:\/\/renatodias.online\/movimento\/wp-content\/uploads\/2022\/03\/Tigrao-nas-quartas-de-2022-300x200.jpeg 300w, https:\/\/renatodias.online\/movimento\/wp-content\/uploads\/2022\/03\/Tigrao-nas-quartas-de-2022-768x512.jpeg 768w, https:\/\/renatodias.online\/movimento\/wp-content\/uploads\/2022\/03\/Tigrao-nas-quartas-de-2022-360x240.jpeg 360w, https:\/\/renatodias.online\/movimento\/wp-content\/uploads\/2022\/03\/Tigrao-nas-quartas-de-2022-750x500.jpeg 750w\" sizes=\"auto, (max-width: 1024px) 100vw, 1024px\" \/><figcaption id=\"caption-attachment-11189\" class=\"wp-caption-text\"><strong>Tigr\u00e3o nas quartas de 2022 _ 2 a 1<\/strong><\/figcaption><\/figure>\n","protected":false},"excerpt":{"rendered":"<p>Advers\u00e1rio \u00e9 o duro Goian\u00e9sia Tr\u00eas focos: erro zero, mortal no ataque e apoio da torcida Vit\u00f3ria ou empate leva-o \u00e0 semifinal Renato Dias Com o empurr\u00e3o da torcida, o time completo, 18 partidas e oito meses de invencibilidade no Est\u00e1dio On\u00e9sio Brasileiro Alvarenga, em Goi\u00e2nia, o Vila Nova Futebol Clube enfrenta, neste s\u00e1bado, \u00e0s<\/p>\n","protected":false},"author":2,"featured_media":6640,"comment_status":"open","ping_status":"open","sticky":false,"template":"","format":"standard","meta":{"_acf_changed":false,"_monsterinsights_skip_tracking":false,"_monsterinsights_sitenote_active":false,"_monsterinsights_sitenote_note":"","_monsterinsights_sitenote_category":0,"footnotes":""},"categories":[33],"tags":[],"class_list":["post-11200","post","type-post","status-publish","format-standard","has-post-thumbnail","hentry","category-esporte"],"acf":[],"yoast_head":"<!-- This site is optimized with the Yoast SEO plugin v27.4 - https:\/\/yoast.com\/product\/yoast-seo-wordpress\/ -->\n<title>Tigre tem decis\u00e3o, hoje, 16h30 -<\/title>\n<meta name=\"robots\" content=\"index, follow, max-snippet:-1, max-image-preview:large, max-video-preview:-1\" \/>\n<link rel=\"canonical\" href=\"https:\/\/renatodias.online\/movimento\/2022\/03\/11\/tigre-tem-decisao-hoje-16h30\/\" \/>\n<meta property=\"og:locale\" content=\"pt_BR\" \/>\n<meta property=\"og:type\" content=\"article\" \/>\n<meta property=\"og:title\" content=\"Tigre tem decis\u00e3o, hoje, 16h30 -\" \/>\n<meta property=\"og:description\" content=\"Advers\u00e1rio \u00e9 o duro Goian\u00e9sia Tr\u00eas focos: erro zero, mortal no ataque e apoio da torcida Vit\u00f3ria ou empate leva-o \u00e0 semifinal Renato Dias Com o empurr\u00e3o da torcida, o time completo, 18 partidas e oito meses de invencibilidade no Est\u00e1dio On\u00e9sio Brasileiro Alvarenga, em Goi\u00e2nia, o Vila Nova Futebol Clube enfrenta, neste s\u00e1bado, \u00e0s\" \/>\n<meta property=\"og:url\" content=\"https:\/\/renatodias.online\/movimento\/2022\/03\/11\/tigre-tem-decisao-hoje-16h30\/\" \/>\n<meta property=\"article:publisher\" content=\"https:\/\/www.facebook.com\/renato.dias.37\" \/>\n<meta property=\"article:author\" content=\"https:\/\/www.facebook.com\/renato.dias.37\" \/>\n<meta property=\"article:published_time\" content=\"2022-03-12T01:36:52+00:00\" \/>\n<meta property=\"og:image\" content=\"https:\/\/renatodias.online\/movimento\/wp-content\/uploads\/2021\/05\/O-Tigrao-voltou-e1647048657392.png\" \/>\n\t<meta property=\"og:image:width\" content=\"360\" \/>\n\t<meta property=\"og:image:height\" content=\"419\" \/>\n\t<meta property=\"og:image:type\" content=\"image\/png\" \/>\n<meta name=\"author\" content=\"Renato Dias\" \/>\n<meta name=\"twitter:card\" content=\"summary_large_image\" \/>\n<meta name=\"twitter:creator\" content=\"@RenatoDiasBat\" \/>\n<meta name=\"twitter:site\" content=\"@RenatoDiasBat\" \/>\n<meta name=\"twitter:label1\" content=\"Escrito por\" \/>\n\t<meta name=\"twitter:data1\" content=\"Renato Dias\" \/>\n\t<meta name=\"twitter:label2\" content=\"Est. tempo de leitura\" \/>\n\t<meta name=\"twitter:data2\" content=\"2 minutos\" \/>\n<script type=\"application\/ld+json\" class=\"yoast-schema-graph\">{\"@context\":\"https:\\\/\\\/schema.org\",\"@graph\":[{\"@type\":\"Article\",\"@id\":\"https:\\\/\\\/renatodias.online\\\/movimento\\\/2022\\\/03\\\/11\\\/tigre-tem-decisao-hoje-16h30\\\/#article\",\"isPartOf\":{\"@id\":\"https:\\\/\\\/renatodias.online\\\/movimento\\\/2022\\\/03\\\/11\\\/tigre-tem-decisao-hoje-16h30\\\/\"},\"author\":{\"name\":\"Renato Dias\",\"@id\":\"https:\\\/\\\/renatodias.online\\\/movimento\\\/#\\\/schema\\\/person\\\/bbab28833b1725a20f4083f49f1fb2a9\"},\"headline\":\"Tigre tem decis\u00e3o, hoje, 16h30\",\"datePublished\":\"2022-03-12T01:36:52+00:00\",\"mainEntityOfPage\":{\"@id\":\"https:\\\/\\\/renatodias.online\\\/movimento\\\/2022\\\/03\\\/11\\\/tigre-tem-decisao-hoje-16h30\\\/\"},\"wordCount\":321,\"commentCount\":0,\"publisher\":{\"@id\":\"https:\\\/\\\/renatodias.online\\\/movimento\\\/#\\\/schema\\\/person\\\/bbab28833b1725a20f4083f49f1fb2a9\"},\"image\":{\"@id\":\"https:\\\/\\\/renatodias.online\\\/movimento\\\/2022\\\/03\\\/11\\\/tigre-tem-decisao-hoje-16h30\\\/#primaryimage\"},\"thumbnailUrl\":\"https:\\\/\\\/renatodias.online\\\/movimento\\\/wp-content\\\/uploads\\\/2021\\\/05\\\/O-Tigrao-voltou-e1647048657392.png\",\"articleSection\":[\"Esporte\"],\"inLanguage\":\"pt-BR\",\"potentialAction\":[{\"@type\":\"CommentAction\",\"name\":\"Comment\",\"target\":[\"https:\\\/\\\/renatodias.online\\\/movimento\\\/2022\\\/03\\\/11\\\/tigre-tem-decisao-hoje-16h30\\\/#respond\"]}]},{\"@type\":\"WebPage\",\"@id\":\"https:\\\/\\\/renatodias.online\\\/movimento\\\/2022\\\/03\\\/11\\\/tigre-tem-decisao-hoje-16h30\\\/\",\"url\":\"https:\\\/\\\/renatodias.online\\\/movimento\\\/2022\\\/03\\\/11\\\/tigre-tem-decisao-hoje-16h30\\\/\",\"name\":\"Tigre tem decis\u00e3o, hoje, 16h30 -\",\"isPartOf\":{\"@id\":\"https:\\\/\\\/renatodias.online\\\/movimento\\\/#website\"},\"primaryImageOfPage\":{\"@id\":\"https:\\\/\\\/renatodias.online\\\/movimento\\\/2022\\\/03\\\/11\\\/tigre-tem-decisao-hoje-16h30\\\/#primaryimage\"},\"image\":{\"@id\":\"https:\\\/\\\/renatodias.online\\\/movimento\\\/2022\\\/03\\\/11\\\/tigre-tem-decisao-hoje-16h30\\\/#primaryimage\"},\"thumbnailUrl\":\"https:\\\/\\\/renatodias.online\\\/movimento\\\/wp-content\\\/uploads\\\/2021\\\/05\\\/O-Tigrao-voltou-e1647048657392.png\",\"datePublished\":\"2022-03-12T01:36:52+00:00\",\"breadcrumb\":{\"@id\":\"https:\\\/\\\/renatodias.online\\\/movimento\\\/2022\\\/03\\\/11\\\/tigre-tem-decisao-hoje-16h30\\\/#breadcrumb\"},\"inLanguage\":\"pt-BR\",\"potentialAction\":[{\"@type\":\"ReadAction\",\"target\":[\"https:\\\/\\\/renatodias.online\\\/movimento\\\/2022\\\/03\\\/11\\\/tigre-tem-decisao-hoje-16h30\\\/\"]}]},{\"@type\":\"ImageObject\",\"inLanguage\":\"pt-BR\",\"@id\":\"https:\\\/\\\/renatodias.online\\\/movimento\\\/2022\\\/03\\\/11\\\/tigre-tem-decisao-hoje-16h30\\\/#primaryimage\",\"url\":\"https:\\\/\\\/renatodias.online\\\/movimento\\\/wp-content\\\/uploads\\\/2021\\\/05\\\/O-Tigrao-voltou-e1647048657392.png\",\"contentUrl\":\"https:\\\/\\\/renatodias.online\\\/movimento\\\/wp-content\\\/uploads\\\/2021\\\/05\\\/O-Tigrao-voltou-e1647048657392.png\",\"width\":360,\"height\":419,\"caption\":\"O Tigr\u00e3o voltou\"},{\"@type\":\"BreadcrumbList\",\"@id\":\"https:\\\/\\\/renatodias.online\\\/movimento\\\/2022\\\/03\\\/11\\\/tigre-tem-decisao-hoje-16h30\\\/#breadcrumb\",\"itemListElement\":[{\"@type\":\"ListItem\",\"position\":1,\"name\":\"In\u00edcio\",\"item\":\"https:\\\/\\\/renatodias.online\\\/movimento\\\/\"},{\"@type\":\"ListItem\",\"position\":2,\"name\":\"Tigre tem decis\u00e3o, hoje, 16h30\"}]},{\"@type\":\"WebSite\",\"@id\":\"https:\\\/\\\/renatodias.online\\\/movimento\\\/#website\",\"url\":\"https:\\\/\\\/renatodias.online\\\/movimento\\\/\",\"name\":\"\",\"description\":\"\",\"publisher\":{\"@id\":\"https:\\\/\\\/renatodias.online\\\/movimento\\\/#\\\/schema\\\/person\\\/bbab28833b1725a20f4083f49f1fb2a9\"},\"potentialAction\":[{\"@type\":\"SearchAction\",\"target\":{\"@type\":\"EntryPoint\",\"urlTemplate\":\"https:\\\/\\\/renatodias.online\\\/movimento\\\/?s={search_term_string}\"},\"query-input\":{\"@type\":\"PropertyValueSpecification\",\"valueRequired\":true,\"valueName\":\"search_term_string\"}}],\"inLanguage\":\"pt-BR\"},{\"@type\":[\"Person\",\"Organization\"],\"@id\":\"https:\\\/\\\/renatodias.online\\\/movimento\\\/#\\\/schema\\\/person\\\/bbab28833b1725a20f4083f49f1fb2a9\",\"name\":\"Renato Dias\",\"image\":{\"@type\":\"ImageObject\",\"inLanguage\":\"pt-BR\",\"@id\":\"https:\\\/\\\/renatodias.online\\\/movimento\\\/wp-content\\\/uploads\\\/2023\\\/03\\\/cropped-cropped-cropped-logofinal.jpeg\",\"url\":\"https:\\\/\\\/renatodias.online\\\/movimento\\\/wp-content\\\/uploads\\\/2023\\\/03\\\/cropped-cropped-cropped-logofinal.jpeg\",\"contentUrl\":\"https:\\\/\\\/renatodias.online\\\/movimento\\\/wp-content\\\/uploads\\\/2023\\\/03\\\/cropped-cropped-cropped-logofinal.jpeg\",\"width\":1280,\"height\":219,\"caption\":\"Renato Dias\"},\"logo\":{\"@id\":\"https:\\\/\\\/renatodias.online\\\/movimento\\\/wp-content\\\/uploads\\\/2023\\\/03\\\/cropped-cropped-cropped-logofinal.jpeg\"},\"description\":\"Renato Dias, 58 anos, \u00e9 graduado em Jornalismo, formado em Ci\u00eancias Sociais, com p\u00f3s-gradua\u00e7\u00e3o em Pol\u00edticas P\u00fablicas, mestre em Direito e Rela\u00e7\u00f5es Internacionais, ex-aluno extraordin\u00e1rio do Doutorado em Psicologia Social, ex-estudante do Curso de Psican\u00e1lise do Centro de Estudos Psicanal\u00edticos do Estado de Goi\u00e1s, ministrado pelo m\u00e9dico psiquiatra e psicanalista Daniel Em\u00eddio de Souza. \u00c9 autor de 30 livros-reportagem, oito document\u00e1rios, ganhou 30 pr\u00eamios e \u00e9 torcedor apaixonado do maior do Centro-Oeste, o Vila Nova Futebol Clube. Casado com Meirilane Dias, \u00e9 pai de Juliana Dias, jornalista; Daniel Dias, economista; e Maria Rosa Dias, estudante antifascista, socialista e trotskista.\u00a0Com tr\u00eas pets: Porquinho [Bull Dog Franc\u00eas], Dalila [Basset Hound] e Geleia [Basset Hound]. Al\u00e9m do eterno gato Tutuquinho, que virou estrela.\",\"sameAs\":[\"https:\\\/\\\/www.facebook.com\\\/renato.dias.37\",\"#breve\",\"https:\\\/\\\/renatodias.tumblr.com\\\/\"],\"url\":\"https:\\\/\\\/renatodias.online\\\/movimento\\\/author\\\/renatodias\\\/\"}]}<\/script>\n<!-- \/ Yoast SEO plugin. -->","yoast_head_json":{"title":"Tigre tem decis\u00e3o, hoje, 16h30 -","robots":{"index":"index","follow":"follow","max-snippet":"max-snippet:-1","max-image-preview":"max-image-preview:large","max-video-preview":"max-video-preview:-1"},"canonical":"https:\/\/renatodias.online\/movimento\/2022\/03\/11\/tigre-tem-decisao-hoje-16h30\/","og_locale":"pt_BR","og_type":"article","og_title":"Tigre tem decis\u00e3o, hoje, 16h30 -","og_description":"Advers\u00e1rio \u00e9 o duro Goian\u00e9sia Tr\u00eas focos: erro zero, mortal no ataque e apoio da torcida Vit\u00f3ria ou empate leva-o \u00e0 semifinal Renato Dias Com o empurr\u00e3o da torcida, o time completo, 18 partidas e oito meses de invencibilidade no Est\u00e1dio On\u00e9sio Brasileiro Alvarenga, em Goi\u00e2nia, o Vila Nova Futebol Clube enfrenta, neste s\u00e1bado, \u00e0s","og_url":"https:\/\/renatodias.online\/movimento\/2022\/03\/11\/tigre-tem-decisao-hoje-16h30\/","article_publisher":"https:\/\/www.facebook.com\/renato.dias.37","article_author":"https:\/\/www.facebook.com\/renato.dias.37","article_published_time":"2022-03-12T01:36:52+00:00","og_image":[{"width":360,"height":419,"url":"https:\/\/renatodias.online\/movimento\/wp-content\/uploads\/2021\/05\/O-Tigrao-voltou-e1647048657392.png","type":"image\/png"}],"author":"Renato Dias","twitter_card":"summary_large_image","twitter_creator":"@RenatoDiasBat","twitter_site":"@RenatoDiasBat","twitter_misc":{"Escrito por":"Renato Dias","Est. tempo de leitura":"2 minutos"},"schema":{"@context":"https:\/\/schema.org","@graph":[{"@type":"Article","@id":"https:\/\/renatodias.online\/movimento\/2022\/03\/11\/tigre-tem-decisao-hoje-16h30\/#article","isPartOf":{"@id":"https:\/\/renatodias.online\/movimento\/2022\/03\/11\/tigre-tem-decisao-hoje-16h30\/"},"author":{"name":"Renato Dias","@id":"https:\/\/renatodias.online\/movimento\/#\/schema\/person\/bbab28833b1725a20f4083f49f1fb2a9"},"headline":"Tigre tem decis\u00e3o, hoje, 16h30","datePublished":"2022-03-12T01:36:52+00:00","mainEntityOfPage":{"@id":"https:\/\/renatodias.online\/movimento\/2022\/03\/11\/tigre-tem-decisao-hoje-16h30\/"},"wordCount":321,"commentCount":0,"publisher":{"@id":"https:\/\/renatodias.online\/movimento\/#\/schema\/person\/bbab28833b1725a20f4083f49f1fb2a9"},"image":{"@id":"https:\/\/renatodias.online\/movimento\/2022\/03\/11\/tigre-tem-decisao-hoje-16h30\/#primaryimage"},"thumbnailUrl":"https:\/\/renatodias.online\/movimento\/wp-content\/uploads\/2021\/05\/O-Tigrao-voltou-e1647048657392.png","articleSection":["Esporte"],"inLanguage":"pt-BR","potentialAction":[{"@type":"CommentAction","name":"Comment","target":["https:\/\/renatodias.online\/movimento\/2022\/03\/11\/tigre-tem-decisao-hoje-16h30\/#respond"]}]},{"@type":"WebPage","@id":"https:\/\/renatodias.online\/movimento\/2022\/03\/11\/tigre-tem-decisao-hoje-16h30\/","url":"https:\/\/renatodias.online\/movimento\/2022\/03\/11\/tigre-tem-decisao-hoje-16h30\/","name":"Tigre tem decis\u00e3o, hoje, 16h30 -","isPartOf":{"@id":"https:\/\/renatodias.online\/movimento\/#website"},"primaryImageOfPage":{"@id":"https:\/\/renatodias.online\/movimento\/2022\/03\/11\/tigre-tem-decisao-hoje-16h30\/#primaryimage"},"image":{"@id":"https:\/\/renatodias.online\/movimento\/2022\/03\/11\/tigre-tem-decisao-hoje-16h30\/#primaryimage"},"thumbnailUrl":"https:\/\/renatodias.online\/movimento\/wp-content\/uploads\/2021\/05\/O-Tigrao-voltou-e1647048657392.png","datePublished":"2022-03-12T01:36:52+00:00","breadcrumb":{"@id":"https:\/\/renatodias.online\/movimento\/2022\/03\/11\/tigre-tem-decisao-hoje-16h30\/#breadcrumb"},"inLanguage":"pt-BR","potentialAction":[{"@type":"ReadAction","target":["https:\/\/renatodias.online\/movimento\/2022\/03\/11\/tigre-tem-decisao-hoje-16h30\/"]}]},{"@type":"ImageObject","inLanguage":"pt-BR","@id":"https:\/\/renatodias.online\/movimento\/2022\/03\/11\/tigre-tem-decisao-hoje-16h30\/#primaryimage","url":"https:\/\/renatodias.online\/movimento\/wp-content\/uploads\/2021\/05\/O-Tigrao-voltou-e1647048657392.png","contentUrl":"https:\/\/renatodias.online\/movimento\/wp-content\/uploads\/2021\/05\/O-Tigrao-voltou-e1647048657392.png","width":360,"height":419,"caption":"O Tigr\u00e3o voltou"},{"@type":"BreadcrumbList","@id":"https:\/\/renatodias.online\/movimento\/2022\/03\/11\/tigre-tem-decisao-hoje-16h30\/#breadcrumb","itemListElement":[{"@type":"ListItem","position":1,"name":"In\u00edcio","item":"https:\/\/renatodias.online\/movimento\/"},{"@type":"ListItem","position":2,"name":"Tigre tem decis\u00e3o, hoje, 16h30"}]},{"@type":"WebSite","@id":"https:\/\/renatodias.online\/movimento\/#website","url":"https:\/\/renatodias.online\/movimento\/","name":"","description":"","publisher":{"@id":"https:\/\/renatodias.online\/movimento\/#\/schema\/person\/bbab28833b1725a20f4083f49f1fb2a9"},"potentialAction":[{"@type":"SearchAction","target":{"@type":"EntryPoint","urlTemplate":"https:\/\/renatodias.online\/movimento\/?s={search_term_string}"},"query-input":{"@type":"PropertyValueSpecification","valueRequired":true,"valueName":"search_term_string"}}],"inLanguage":"pt-BR"},{"@type":["Person","Organization"],"@id":"https:\/\/renatodias.online\/movimento\/#\/schema\/person\/bbab28833b1725a20f4083f49f1fb2a9","name":"Renato Dias","image":{"@type":"ImageObject","inLanguage":"pt-BR","@id":"https:\/\/renatodias.online\/movimento\/wp-content\/uploads\/2023\/03\/cropped-cropped-cropped-logofinal.jpeg","url":"https:\/\/renatodias.online\/movimento\/wp-content\/uploads\/2023\/03\/cropped-cropped-cropped-logofinal.jpeg","contentUrl":"https:\/\/renatodias.online\/movimento\/wp-content\/uploads\/2023\/03\/cropped-cropped-cropped-logofinal.jpeg","width":1280,"height":219,"caption":"Renato Dias"},"logo":{"@id":"https:\/\/renatodias.online\/movimento\/wp-content\/uploads\/2023\/03\/cropped-cropped-cropped-logofinal.jpeg"},"description":"Renato Dias, 58 anos, \u00e9 graduado em Jornalismo, formado em Ci\u00eancias Sociais, com p\u00f3s-gradua\u00e7\u00e3o em Pol\u00edticas P\u00fablicas, mestre em Direito e Rela\u00e7\u00f5es Internacionais, ex-aluno extraordin\u00e1rio do Doutorado em Psicologia Social, ex-estudante do Curso de Psican\u00e1lise do Centro de Estudos Psicanal\u00edticos do Estado de Goi\u00e1s, ministrado pelo m\u00e9dico psiquiatra e psicanalista Daniel Em\u00eddio de Souza. \u00c9 autor de 30 livros-reportagem, oito document\u00e1rios, ganhou 30 pr\u00eamios e \u00e9 torcedor apaixonado do maior do Centro-Oeste, o Vila Nova Futebol Clube. Casado com Meirilane Dias, \u00e9 pai de Juliana Dias, jornalista; Daniel Dias, economista; e Maria Rosa Dias, estudante antifascista, socialista e trotskista.\u00a0Com tr\u00eas pets: Porquinho [Bull Dog Franc\u00eas], Dalila [Basset Hound] e Geleia [Basset Hound]. Al\u00e9m do eterno gato Tutuquinho, que virou estrela.","sameAs":["https:\/\/www.facebook.com\/renato.dias.37","#breve","https:\/\/renatodias.tumblr.com\/"],"url":"https:\/\/renatodias.online\/movimento\/author\/renatodias\/"}]}},"_links":{"self":[{"href":"https:\/\/renatodias.online\/movimento\/wp-json\/wp\/v2\/posts\/11200","targetHints":{"allow":["GET"]}}],"collection":[{"href":"https:\/\/renatodias.online\/movimento\/wp-json\/wp\/v2\/posts"}],"about":[{"href":"https:\/\/renatodias.online\/movimento\/wp-json\/wp\/v2\/types\/post"}],"author":[{"embeddable":true,"href":"https:\/\/renatodias.online\/movimento\/wp-json\/wp\/v2\/users\/2"}],"replies":[{"embeddable":true,"href":"https:\/\/renatodias.online\/movimento\/wp-json\/wp\/v2\/comments?post=11200"}],"version-history":[{"count":1,"href":"https:\/\/renatodias.online\/movimento\/wp-json\/wp\/v2\/posts\/11200\/revisions"}],"predecessor-version":[{"id":11201,"href":"https:\/\/renatodias.online\/movimento\/wp-json\/wp\/v2\/posts\/11200\/revisions\/11201"}],"wp:featuredmedia":[{"embeddable":true,"href":"https:\/\/renatodias.online\/movimento\/wp-json\/wp\/v2\/media\/6640"}],"wp:attachment":[{"href":"https:\/\/renatodias.online\/movimento\/wp-json\/wp\/v2\/media?parent=11200"}],"wp:term":[{"taxonomy":"category","embeddable":true,"href":"https:\/\/renatodias.online\/movimento\/wp-json\/wp\/v2\/categories?post=11200"},{"taxonomy":"post_tag","embeddable":true,"href":"https:\/\/renatodias.online\/movimento\/wp-json\/wp\/v2\/tags?post=11200"}],"curies":[{"name":"wp","href":"https:\/\/api.w.org\/{rel}","templated":true}]}}