{"id":1107,"date":"2019-05-14T21:29:26","date_gmt":"2019-05-15T00:29:26","guid":{"rendered":"http:\/\/renatodias.online\/gyn\/?p=1107"},"modified":"2019-05-14T21:29:26","modified_gmt":"2019-05-15T00:29:26","slug":"incendiarios-professores-e-estudantes-marcham-no-brasil-contra-corte-de-verbas-educacao-fecha-as-portas-e-sai-as-ruas-hoje","status":"publish","type":"post","link":"https:\/\/renatodias.online\/movimento\/2019\/05\/14\/incendiarios-professores-e-estudantes-marcham-no-brasil-contra-corte-de-verbas-educacao-fecha-as-portas-e-sai-as-ruas-hoje\/","title":{"rendered":"Incendi\u00e1rios \u2013 Professores e estudantes marcham no Brasil Contra corte de verbas, Educa\u00e7\u00e3o fecha as portas e sai \u00e0s ruas, hoje"},"content":{"rendered":"<p>\t\t\t\t<strong>Incendi\u00e1rios \u2013<\/strong><strong> Professores e estudantes marcham no Brasil<\/strong><\/p>\n<p><strong>Contra corte de verbas, Educa\u00e7\u00e3o<\/strong><\/p>\n<p><strong>fecha as portas e sai \u00e0s ruas, hoje<\/strong><\/p>\n<p><strong>A ideia \u00e9 exigir o cumprimento integral do or\u00e7amento da Uni\u00e3o para manuten\u00e7\u00e3o, custeio e investimento nas institui\u00e7\u00f5es de ensino superior<\/strong><\/p>\n<figure id=\"attachment_1110\" aria-describedby=\"caption-attachment-1110\" style=\"width: 750px\" class=\"wp-caption aligncenter\"><img loading=\"lazy\" decoding=\"async\" src=\"http:\/\/renatodias.online\/gyn\/wp-content\/uploads\/2019\/05\/Manifesta\u00e7\u00e3o-pela-Educa\u00e7\u00e3o-1024x682.jpg\" alt=\"\" width=\"750\" height=\"500\" class=\"wp-image-1110 size-large\" \/><figcaption id=\"caption-attachment-1110\" class=\"wp-caption-text\">Manifesta\u00e7\u00e3o no Brasil<\/figcaption><\/figure>\n<p><strong>Ato ser\u00e1 realizado contra corte de verbas linear aplicado pelo Minist\u00e9rio da Educa\u00e7\u00e3o, sob a orienta\u00e7\u00e3o de Paulo Guedes, czar liberal da economia<\/strong><\/p>\n<p><strong>\u00a0<\/strong><\/p>\n<p><strong>\u00a0<\/strong><\/p>\n<p><strong>E X P L O S I V O<\/strong><\/p>\n<p><strong>Renato Dias<\/strong><\/p>\n<p><strong>&#8211; Contra o corte linear de 30% no or\u00e7amento das institui\u00e7\u00f5es federais de ensino superior.<\/strong><\/p>\n<p>\u00c9 o que afirma o doutor em Comunica\u00e7\u00e3o, professor da Universidade Federal de Goi\u00e1s [UFG], um \u2018enrag\u00e9\u2019 em 1968, com ex\u00edlios no Chile, B\u00e9lgica e Mo\u00e7ambique, \u00e0 \u00e9poca da ditadura civil e militar no Brasil, ap\u00f3s o golpe de Estado, em 31 de mar\u00e7o, primeiro e dois de abril de 1964, Juarez Ferraz de Maia. \u00a0Com os cortes promovidos pela Uni\u00e3o, a UFG ficar\u00e1 invi\u00e1vel, denuncia.<\/p>\n<p><strong>&#8211; A paralisa\u00e7\u00e3o, hoje, \u00e9 contra a guilhotina na verba da Educa\u00e7\u00e3o e em protesto \u00e0 Reforma da Previd\u00eancia Social, enviada pelo Pal\u00e1cio do Planalto, ao Congresso Nacional.<\/strong><\/p>\n<p>Um dia de greve geral nacional, informa a presidente do PC do B, Isaura Lemos. Da \u00a0legenda da foice e do martelo. Fundada em fevereiro do ano de 1962. Uma dissid\u00eancia do PCB. O Partid\u00e3o.\u00a0 Do Cavaleiro da Esperan\u00e7a, Luiz Carlos Prestes. Um colecionador de derrotas nas lutas de classes. Como em 1935, 1947, 1964 e 1981. J\u00e1 o PC do B adotou a estrat\u00e9gia de luta armada.<\/p>\n<p><strong>Filho de 1968<\/strong><\/p>\n<p><strong>&#8211; O PT convoca a sua milit\u00e2ncia e recomenda a seus parlamentares e inst\u00e2ncias a estreitar la\u00e7os de colabora\u00e7\u00e3o com esta importante jornada de luta popular.<\/strong><\/p>\n<p>Membro da Dire\u00e7\u00e3o Nacional do PT, o economista Markus Sokol, \u2018filho leg\u00edtimo de 1968\u2019, nascido na Pol\u00f4nia e radicado no Brasil, integrante do bloco interno \u2018Di\u00e1logo Petista\u2019 e da corrente \u2018O Trabalho\u2019, a se\u00e7\u00e3o brasileira da Quarta Internacional, \u00a0central mundial da revo\u00adlu\u00e7\u00e3o mundial, criada por Leon Trotski, aponta a linha do maior partido de oposi\u00e7\u00e3o no Pa\u00eds.<\/p>\n<p><strong>&#8211; Manifesta\u00e7\u00f5es ocorrer\u00e3o nas 27 unidades da federa\u00e7\u00e3o. Com paralisa\u00e7\u00f5es de universidades e de institutos federais de educa\u00e7\u00e3o. <\/strong><\/p>\n<p>Em defesa da educa\u00e7\u00e3o p\u00fablica, gratuita e de qualidade, pontua o deputado federal [PT] Rubens Otoni Gomide, das correntes PT Para Vencer e CNB, Construindo um Novo Brasil. A exig\u00eancia \u00e9 do cumprimento integral do or\u00e7amento-geral da Uni\u00e3o, com a destina\u00e7\u00e3o das ver\u00adbas, sem cortes, \u00e0s institui\u00e7\u00f5es de ensino superior, para garantir o seu funcionamento, atira.<\/p>\n<p><strong>Ataque \u00e0 Educa\u00e7\u00e3o<\/strong><\/p>\n<p><strong>&#8211; Nunca a Educa\u00e7\u00e3o no Brasil sofreu um ataque t\u00e3o duro e violento como em 2019.<\/strong><\/p>\n<p>A declara\u00e7\u00e3o \u00e9 do presidente do Sindicato dos Professores do Estado do Tocantins, Paulo Henrique Costa Mattos, graduado e mestre em Hist\u00f3ria, com curso em Havana, Cuba, a Meca da revolu\u00e7\u00e3o na Am\u00e9rica Latina. A retirada de recursos do Fundeb impactar\u00e1 nos sal\u00e1rios dos professores, denuncia. A diminui\u00e7\u00e3o dos recursos dos IFEs e das IES trar\u00e3o preju\u00edzos, vocifera.<\/p>\n<p><strong>&#8211; A paralisa\u00e7\u00e3o de hoje \u00e9 justa. O Brasil n\u00e3o pode retroagir na \u00e1rea de Educa\u00e7\u00e3o, da pesquisa e da produ\u00e7\u00e3o do conhecimento.<\/strong><\/p>\n<p>Marxista, de linhagem trotskista, o dirigente do PSTU [Partido Socialista dos Trabalhadores Unificado], da LIT [Liga Internacional dos Trabalhadores], com forte inser\u00e7\u00e3o na Argentina, o oper\u00e1rio Javan Rodrigues ir\u00e1 \u00e0s ruas, hoje. O ato est\u00e1 programado para iniciar-se \u00e0s 13h. Com sa\u00edda da Pra\u00e7a Universit\u00e1ria, em Goi\u00e2nia, \u00e0s 17h. Em dire\u00e7\u00e3o \u00e0 Pra\u00e7a C\u00edvica, avisa o dirigente.<\/p>\n<p><strong>Na contram\u00e3o<\/strong><\/p>\n<p><strong>&#8211; A ideia \u00e9 parar Goi\u00e2nia, Goi\u00e1s e o Brasil.<\/strong><\/p>\n<p style=\"text-align: center;\">Diretor do Sindicato dos Jornalistas, Luiz Cl\u00e1udio, servidor da \u00e1rea de imagens da Ag\u00eancia Brasil Central, a ABC, um homem gauche, anuncia o ato de protesto da sociedade civil, para mostrar \u00e0 opini\u00e3o p\u00fablica, que o presidente da Rep\u00fablica, Jair Messias Bolsonaro [PSL], executa pol\u00edticas p\u00fablicas para a \u00e1rea de Educa\u00e7\u00e3o e o Ensino Superior na contram\u00e3o da modernidade.<img loading=\"lazy\" decoding=\"async\" src=\"http:\/\/renatodias.online\/gyn\/wp-content\/uploads\/2019\/05\/Caricatura-de-Paulo-Guedes-257x300.jpg\" alt=\"\" width=\"257\" height=\"300\" class=\"alignnone size-medium wp-image-1109\" \/><\/p>\n<p><strong>&#8211; Os cortes afetam tanto a Educa\u00e7\u00e3o B\u00e1sica quanto o futuro da Ci\u00eancia e da Tecnologia.<\/strong><\/p>\n<p>\u00c9 o que acredita a vereadora de Goi\u00e2nia Tatiana Lemos [PC do B]. O projeto do inquilino do Pal\u00e1cio da Alvorado, com a concep\u00e7\u00e3o de Estado M\u00ednimo de Paulo Guedes, um adepto dos c\u00e2nones da Escola de Chicago, dos Estados Unidos das Am\u00e9ricas, \u00e9 acabar com a universidade p\u00fablica, gratuita e de qualidade, liquidar com o Ci\u00eancia Sem Fronteiras e a p\u00f3s-gradua\u00e7\u00e3o, diz.<\/p>\n<p><strong>&#8211; \u00c9 a greve geral da Educa\u00e7\u00e3o P\u00fablica no Brasil.<\/strong><\/p>\n<p>O ato \u00e9 puxado pela CUT, CTB, CNTE, UNE, UBES e pelo F\u00f3rum Todos Pela Educa\u00e7\u00e3o, informa, com exclusividade, o presidente da Central \u00danica dos Trabalhadores, se\u00e7\u00e3o de Goi\u00e1s, o marxista Mauro Rubem de Menezes, ex-vereador e ex-deputado estadual, um sindicalista que se destacou no Sindicato dos Trabalhadores do Sistema \u00danico de Sa\u00fade, o Sindsa\u00fade [GO].<\/p>\n<p><strong>Faca no or\u00e7amento<\/strong><\/p>\n<p><strong>&#8211; A greve \u00e9 nacional e ocuparemos as ruas nos 246 munic\u00edpios do Estado de Goi\u00e1s. Contra os cortes promovidos pelo Minist\u00e9rio da Educa\u00e7\u00e3o e a Reforma da Previd\u00eancia Social.<\/strong><\/p>\n<p>Bia de Lima, presidente do Sintego, reclama da faca no or\u00e7amento do Fundeb e das universidades federais. A l\u00edder sindical cobra ainda o fim da viol\u00eancia nas escolas, p\u00fablicas e privadas. A sindicalista recorda-se da morte est\u00fapida, no munic\u00edpio de Valpara\u00edso, em Goi\u00e1s, \u00e0 Regi\u00e3o do Entorno do Distrito Federal [DF], do professor J\u00falio C\u00e9sar. Lament\u00e1vel, emociona-se.<\/p>\n<p><strong>&#8211; A paralisa\u00e7\u00e3o de hoje \u00e9 um ato nacional em defesa da Educa\u00e7\u00e3o P\u00fablica.<\/strong><\/p>\n<p>A mobiliza\u00e7\u00e3o re\u00fane professores e estudantes de todo o Pa\u00eds, da rede p\u00fablica e privada, explica a doutora da Faculdade de Educa\u00e7\u00e3o, Maria Margarida. Os cortes efetuados, com a Emenda Constitucional 95, provocam um caos no ensino p\u00fablico, explica. Os professores ser\u00e3o prejudicados pela Reforma da Previd\u00eancia, em tramita\u00e7\u00e3o no Congresso Nacional, frisa.<\/p>\n<figure id=\"attachment_1108\" aria-describedby=\"caption-attachment-1108\" style=\"width: 191px\" class=\"wp-caption aligncenter\"><img loading=\"lazy\" decoding=\"async\" src=\"http:\/\/renatodias.online\/gyn\/wp-content\/uploads\/2019\/05\/Caricatura-de-Jair-Bolsonaro.jpg\" alt=\"\" width=\"191\" height=\"263\" class=\"wp-image-1108 size-full\" \/><figcaption id=\"caption-attachment-1108\" class=\"wp-caption-text\">Caricatura de Jair Bolsonaro<\/figcaption><\/figure>\n<p><strong>&#8211; Educa\u00e7\u00e3o n\u00e3o \u00e9 mercadoria. O ato unificado ser\u00e1 realizado \u00e0s 15h. Na Pra\u00e7a Universit\u00e1ria. Com a programa\u00e7\u00e3o de uma passeata. Com distribui\u00e7\u00e3o gratuita de livros.<\/strong><\/p>\n<p><strong>Passeata e discursos<\/strong><\/p>\n<p>O presidente da CTB, se\u00e7\u00e3o de Goi\u00e1s, e do Sinpro, Sindicato dos Professores da Rede Privada do Estado, Railton Nascimento, revela o desmonte nacional promovido na Educa\u00e7\u00e3o. Com avan\u00e7o de projetos como o \u2018Escola Sem Partido\u2019, a campanha contra a suposta \u2018Ideologia de G\u00eanero\u2019, ataca. Uma defesa da Educa\u00e7\u00e3o de Ensino Superior, que n\u00e3o reajusta sal\u00e1rios, critica.<\/p>\n<p><strong>&#8211; O patronato, em Goi\u00e1s, n\u00e3o fechou a data-base e a conven\u00e7\u00e3o coletiva de trabalho. Para garantir os direitos dos professores e servidores. Um ato ocorrer\u00e1 na Pra\u00e7a C\u00edvica, \u00e0s 17h.<\/strong><\/p>\n<p><strong>Tempo nublado em Bras\u00edlia<\/strong><\/p>\n<p>Graduado e mestre em Hist\u00f3ria, o herdeiro de Eric Hobbsbawn, marxista brit\u00e2nico, Tales de Castro, um especialista na Ocupa\u00e7\u00e3o e Desocupa\u00e7\u00e3o Violenta, ocorrida em 2005, no Parque Oeste Industrial, uma ferida n\u00e3o cicatrizada no tecido social e na mem\u00f3ria pol\u00edtica de Goi\u00e1s, conclama estudantes, professores e trabalhadores para a marcha, \u00e0s 17h, da Educa\u00e7\u00e3o.<\/p>\n<p><strong>&#8211; N\u00e3o \u00e9 hora de cruzarmos os bra\u00e7os. \u00c9 de sairmos \u00e0s ruas. Antes que seja tarde e o tempo fique mais nublado em Bras\u00edlia e no Brasil, um pa\u00eds com desigualdades abissais.<\/strong><\/p>\n<p><strong>\u00a0<\/strong><\/p>\n<p><strong>Renato Dias, 51 anos de idade, \u00e9 graduado em Jornalismo, formado em Ci\u00eancias Sociais, especialista em Pol\u00edticas P\u00fablicas, mestre em Direito e Rela\u00e7\u00f5es Internacionais e aluno extraordin\u00e1rio do Doutorado em Psicologia Social. \u00c9 ainda autor de 15 livros-reportagem.<\/strong>\t\t<\/p>\n","protected":false},"excerpt":{"rendered":"<p>Incendi\u00e1rios \u2013 Professores e estudantes marcham no Brasil Contra corte de verbas, Educa\u00e7\u00e3o fecha as portas e sai \u00e0s ruas, hoje A ideia \u00e9 exigir o cumprimento integral do or\u00e7amento da Uni\u00e3o para manuten\u00e7\u00e3o, custeio e investimento nas institui\u00e7\u00f5es de ensino superior Ato ser\u00e1 realizado contra corte de verbas linear aplicado pelo Minist\u00e9rio da Educa\u00e7\u00e3o,<\/p>\n","protected":false},"author":2,"featured_media":1110,"comment_status":"open","ping_status":"open","sticky":false,"template":"","format":"standard","meta":{"_acf_changed":false,"_monsterinsights_skip_tracking":false,"_monsterinsights_sitenote_active":false,"_monsterinsights_sitenote_note":"","_monsterinsights_sitenote_category":0,"footnotes":""},"categories":[11,4],"tags":[],"class_list":["post-1107","post","type-post","status-publish","format-standard","has-post-thumbnail","hentry","category-eventos","category-politica"],"acf":[],"yoast_head":"<!-- This site is optimized with the Yoast SEO plugin v27.4 - https:\/\/yoast.com\/product\/yoast-seo-wordpress\/ -->\n<title>Incendi\u00e1rios \u2013 Professores e estudantes marcham no Brasil Contra corte de verbas, Educa\u00e7\u00e3o fecha as portas e sai \u00e0s ruas, hoje -<\/title>\n<meta name=\"robots\" content=\"index, follow, max-snippet:-1, max-image-preview:large, max-video-preview:-1\" \/>\n<link rel=\"canonical\" href=\"https:\/\/renatodias.online\/movimento\/2019\/05\/14\/incendiarios-professores-e-estudantes-marcham-no-brasil-contra-corte-de-verbas-educacao-fecha-as-portas-e-sai-as-ruas-hoje\/\" \/>\n<meta property=\"og:locale\" content=\"pt_BR\" \/>\n<meta property=\"og:type\" content=\"article\" \/>\n<meta property=\"og:title\" content=\"Incendi\u00e1rios \u2013 Professores e estudantes marcham no Brasil Contra corte de verbas, Educa\u00e7\u00e3o fecha as portas e sai \u00e0s ruas, hoje -\" \/>\n<meta property=\"og:description\" content=\"Incendi\u00e1rios \u2013 Professores e estudantes marcham no Brasil Contra corte de verbas, Educa\u00e7\u00e3o fecha as portas e sai \u00e0s ruas, hoje A ideia \u00e9 exigir o cumprimento integral do or\u00e7amento da Uni\u00e3o para manuten\u00e7\u00e3o, custeio e investimento nas institui\u00e7\u00f5es de ensino superior Ato ser\u00e1 realizado contra corte de verbas linear aplicado pelo Minist\u00e9rio da Educa\u00e7\u00e3o,\" \/>\n<meta property=\"og:url\" content=\"https:\/\/renatodias.online\/movimento\/2019\/05\/14\/incendiarios-professores-e-estudantes-marcham-no-brasil-contra-corte-de-verbas-educacao-fecha-as-portas-e-sai-as-ruas-hoje\/\" \/>\n<meta property=\"article:publisher\" content=\"https:\/\/www.facebook.com\/renato.dias.37\" \/>\n<meta property=\"article:author\" content=\"https:\/\/www.facebook.com\/renato.dias.37\" \/>\n<meta property=\"article:published_time\" content=\"2019-05-15T00:29:26+00:00\" \/>\n<meta name=\"author\" content=\"Renato Dias\" \/>\n<meta name=\"twitter:card\" content=\"summary_large_image\" \/>\n<meta name=\"twitter:creator\" content=\"@RenatoDiasBat\" \/>\n<meta name=\"twitter:site\" content=\"@RenatoDiasBat\" \/>\n<meta name=\"twitter:label1\" content=\"Escrito por\" \/>\n\t<meta name=\"twitter:data1\" content=\"Renato Dias\" \/>\n\t<meta name=\"twitter:label2\" content=\"Est. tempo de leitura\" \/>\n\t<meta name=\"twitter:data2\" content=\"7 minutos\" \/>\n<script type=\"application\/ld+json\" class=\"yoast-schema-graph\">{\"@context\":\"https:\\\/\\\/schema.org\",\"@graph\":[{\"@type\":\"Article\",\"@id\":\"https:\\\/\\\/renatodias.online\\\/movimento\\\/2019\\\/05\\\/14\\\/incendiarios-professores-e-estudantes-marcham-no-brasil-contra-corte-de-verbas-educacao-fecha-as-portas-e-sai-as-ruas-hoje\\\/#article\",\"isPartOf\":{\"@id\":\"https:\\\/\\\/renatodias.online\\\/movimento\\\/2019\\\/05\\\/14\\\/incendiarios-professores-e-estudantes-marcham-no-brasil-contra-corte-de-verbas-educacao-fecha-as-portas-e-sai-as-ruas-hoje\\\/\"},\"author\":{\"name\":\"Renato Dias\",\"@id\":\"https:\\\/\\\/renatodias.online\\\/movimento\\\/#\\\/schema\\\/person\\\/bbab28833b1725a20f4083f49f1fb2a9\"},\"headline\":\"Incendi\u00e1rios \u2013 Professores e estudantes marcham no Brasil Contra corte de verbas, Educa\u00e7\u00e3o fecha as portas e sai \u00e0s ruas, hoje\",\"datePublished\":\"2019-05-15T00:29:26+00:00\",\"mainEntityOfPage\":{\"@id\":\"https:\\\/\\\/renatodias.online\\\/movimento\\\/2019\\\/05\\\/14\\\/incendiarios-professores-e-estudantes-marcham-no-brasil-contra-corte-de-verbas-educacao-fecha-as-portas-e-sai-as-ruas-hoje\\\/\"},\"wordCount\":1369,\"commentCount\":0,\"publisher\":{\"@id\":\"https:\\\/\\\/renatodias.online\\\/movimento\\\/#\\\/schema\\\/person\\\/bbab28833b1725a20f4083f49f1fb2a9\"},\"image\":{\"@id\":\"https:\\\/\\\/renatodias.online\\\/movimento\\\/2019\\\/05\\\/14\\\/incendiarios-professores-e-estudantes-marcham-no-brasil-contra-corte-de-verbas-educacao-fecha-as-portas-e-sai-as-ruas-hoje\\\/#primaryimage\"},\"thumbnailUrl\":\"\",\"articleSection\":[\"Eventos\",\"Pol\u00edtica\"],\"inLanguage\":\"pt-BR\",\"potentialAction\":[{\"@type\":\"CommentAction\",\"name\":\"Comment\",\"target\":[\"https:\\\/\\\/renatodias.online\\\/movimento\\\/2019\\\/05\\\/14\\\/incendiarios-professores-e-estudantes-marcham-no-brasil-contra-corte-de-verbas-educacao-fecha-as-portas-e-sai-as-ruas-hoje\\\/#respond\"]}]},{\"@type\":\"WebPage\",\"@id\":\"https:\\\/\\\/renatodias.online\\\/movimento\\\/2019\\\/05\\\/14\\\/incendiarios-professores-e-estudantes-marcham-no-brasil-contra-corte-de-verbas-educacao-fecha-as-portas-e-sai-as-ruas-hoje\\\/\",\"url\":\"https:\\\/\\\/renatodias.online\\\/movimento\\\/2019\\\/05\\\/14\\\/incendiarios-professores-e-estudantes-marcham-no-brasil-contra-corte-de-verbas-educacao-fecha-as-portas-e-sai-as-ruas-hoje\\\/\",\"name\":\"Incendi\u00e1rios \u2013 Professores e estudantes marcham no Brasil Contra corte de verbas, Educa\u00e7\u00e3o fecha as portas e sai \u00e0s ruas, hoje -\",\"isPartOf\":{\"@id\":\"https:\\\/\\\/renatodias.online\\\/movimento\\\/#website\"},\"primaryImageOfPage\":{\"@id\":\"https:\\\/\\\/renatodias.online\\\/movimento\\\/2019\\\/05\\\/14\\\/incendiarios-professores-e-estudantes-marcham-no-brasil-contra-corte-de-verbas-educacao-fecha-as-portas-e-sai-as-ruas-hoje\\\/#primaryimage\"},\"image\":{\"@id\":\"https:\\\/\\\/renatodias.online\\\/movimento\\\/2019\\\/05\\\/14\\\/incendiarios-professores-e-estudantes-marcham-no-brasil-contra-corte-de-verbas-educacao-fecha-as-portas-e-sai-as-ruas-hoje\\\/#primaryimage\"},\"thumbnailUrl\":\"\",\"datePublished\":\"2019-05-15T00:29:26+00:00\",\"breadcrumb\":{\"@id\":\"https:\\\/\\\/renatodias.online\\\/movimento\\\/2019\\\/05\\\/14\\\/incendiarios-professores-e-estudantes-marcham-no-brasil-contra-corte-de-verbas-educacao-fecha-as-portas-e-sai-as-ruas-hoje\\\/#breadcrumb\"},\"inLanguage\":\"pt-BR\",\"potentialAction\":[{\"@type\":\"ReadAction\",\"target\":[\"https:\\\/\\\/renatodias.online\\\/movimento\\\/2019\\\/05\\\/14\\\/incendiarios-professores-e-estudantes-marcham-no-brasil-contra-corte-de-verbas-educacao-fecha-as-portas-e-sai-as-ruas-hoje\\\/\"]}]},{\"@type\":\"ImageObject\",\"inLanguage\":\"pt-BR\",\"@id\":\"https:\\\/\\\/renatodias.online\\\/movimento\\\/2019\\\/05\\\/14\\\/incendiarios-professores-e-estudantes-marcham-no-brasil-contra-corte-de-verbas-educacao-fecha-as-portas-e-sai-as-ruas-hoje\\\/#primaryimage\",\"url\":\"\",\"contentUrl\":\"\"},{\"@type\":\"BreadcrumbList\",\"@id\":\"https:\\\/\\\/renatodias.online\\\/movimento\\\/2019\\\/05\\\/14\\\/incendiarios-professores-e-estudantes-marcham-no-brasil-contra-corte-de-verbas-educacao-fecha-as-portas-e-sai-as-ruas-hoje\\\/#breadcrumb\",\"itemListElement\":[{\"@type\":\"ListItem\",\"position\":1,\"name\":\"In\u00edcio\",\"item\":\"https:\\\/\\\/renatodias.online\\\/movimento\\\/\"},{\"@type\":\"ListItem\",\"position\":2,\"name\":\"Incendi\u00e1rios \u2013 Professores e estudantes marcham no Brasil Contra corte de verbas, Educa\u00e7\u00e3o fecha as portas e sai \u00e0s ruas, hoje\"}]},{\"@type\":\"WebSite\",\"@id\":\"https:\\\/\\\/renatodias.online\\\/movimento\\\/#website\",\"url\":\"https:\\\/\\\/renatodias.online\\\/movimento\\\/\",\"name\":\"\",\"description\":\"\",\"publisher\":{\"@id\":\"https:\\\/\\\/renatodias.online\\\/movimento\\\/#\\\/schema\\\/person\\\/bbab28833b1725a20f4083f49f1fb2a9\"},\"potentialAction\":[{\"@type\":\"SearchAction\",\"target\":{\"@type\":\"EntryPoint\",\"urlTemplate\":\"https:\\\/\\\/renatodias.online\\\/movimento\\\/?s={search_term_string}\"},\"query-input\":{\"@type\":\"PropertyValueSpecification\",\"valueRequired\":true,\"valueName\":\"search_term_string\"}}],\"inLanguage\":\"pt-BR\"},{\"@type\":[\"Person\",\"Organization\"],\"@id\":\"https:\\\/\\\/renatodias.online\\\/movimento\\\/#\\\/schema\\\/person\\\/bbab28833b1725a20f4083f49f1fb2a9\",\"name\":\"Renato Dias\",\"image\":{\"@type\":\"ImageObject\",\"inLanguage\":\"pt-BR\",\"@id\":\"https:\\\/\\\/renatodias.online\\\/movimento\\\/wp-content\\\/uploads\\\/2023\\\/03\\\/cropped-cropped-cropped-logofinal.jpeg\",\"url\":\"https:\\\/\\\/renatodias.online\\\/movimento\\\/wp-content\\\/uploads\\\/2023\\\/03\\\/cropped-cropped-cropped-logofinal.jpeg\",\"contentUrl\":\"https:\\\/\\\/renatodias.online\\\/movimento\\\/wp-content\\\/uploads\\\/2023\\\/03\\\/cropped-cropped-cropped-logofinal.jpeg\",\"width\":1280,\"height\":219,\"caption\":\"Renato Dias\"},\"logo\":{\"@id\":\"https:\\\/\\\/renatodias.online\\\/movimento\\\/wp-content\\\/uploads\\\/2023\\\/03\\\/cropped-cropped-cropped-logofinal.jpeg\"},\"description\":\"Renato Dias, 58 anos, \u00e9 graduado em Jornalismo, formado em Ci\u00eancias Sociais, com p\u00f3s-gradua\u00e7\u00e3o em Pol\u00edticas P\u00fablicas, mestre em Direito e Rela\u00e7\u00f5es Internacionais, ex-aluno extraordin\u00e1rio do Doutorado em Psicologia Social, ex-estudante do Curso de Psican\u00e1lise do Centro de Estudos Psicanal\u00edticos do Estado de Goi\u00e1s, ministrado pelo m\u00e9dico psiquiatra e psicanalista Daniel Em\u00eddio de Souza. \u00c9 autor de 30 livros-reportagem, oito document\u00e1rios, ganhou 30 pr\u00eamios e \u00e9 torcedor apaixonado do maior do Centro-Oeste, o Vila Nova Futebol Clube. Casado com Meirilane Dias, \u00e9 pai de Juliana Dias, jornalista; Daniel Dias, economista; e Maria Rosa Dias, estudante antifascista, socialista e trotskista.\u00a0Com tr\u00eas pets: Porquinho [Bull Dog Franc\u00eas], Dalila [Basset Hound] e Geleia [Basset Hound]. Al\u00e9m do eterno gato Tutuquinho, que virou estrela.\",\"sameAs\":[\"https:\\\/\\\/www.facebook.com\\\/renato.dias.37\",\"#breve\",\"https:\\\/\\\/renatodias.tumblr.com\\\/\"],\"url\":\"https:\\\/\\\/renatodias.online\\\/movimento\\\/author\\\/renatodias\\\/\"}]}<\/script>\n<!-- \/ Yoast SEO plugin. -->","yoast_head_json":{"title":"Incendi\u00e1rios \u2013 Professores e estudantes marcham no Brasil Contra corte de verbas, Educa\u00e7\u00e3o fecha as portas e sai \u00e0s ruas, hoje -","robots":{"index":"index","follow":"follow","max-snippet":"max-snippet:-1","max-image-preview":"max-image-preview:large","max-video-preview":"max-video-preview:-1"},"canonical":"https:\/\/renatodias.online\/movimento\/2019\/05\/14\/incendiarios-professores-e-estudantes-marcham-no-brasil-contra-corte-de-verbas-educacao-fecha-as-portas-e-sai-as-ruas-hoje\/","og_locale":"pt_BR","og_type":"article","og_title":"Incendi\u00e1rios \u2013 Professores e estudantes marcham no Brasil Contra corte de verbas, Educa\u00e7\u00e3o fecha as portas e sai \u00e0s ruas, hoje -","og_description":"Incendi\u00e1rios \u2013 Professores e estudantes marcham no Brasil Contra corte de verbas, Educa\u00e7\u00e3o fecha as portas e sai \u00e0s ruas, hoje A ideia \u00e9 exigir o cumprimento integral do or\u00e7amento da Uni\u00e3o para manuten\u00e7\u00e3o, custeio e investimento nas institui\u00e7\u00f5es de ensino superior Ato ser\u00e1 realizado contra corte de verbas linear aplicado pelo Minist\u00e9rio da Educa\u00e7\u00e3o,","og_url":"https:\/\/renatodias.online\/movimento\/2019\/05\/14\/incendiarios-professores-e-estudantes-marcham-no-brasil-contra-corte-de-verbas-educacao-fecha-as-portas-e-sai-as-ruas-hoje\/","article_publisher":"https:\/\/www.facebook.com\/renato.dias.37","article_author":"https:\/\/www.facebook.com\/renato.dias.37","article_published_time":"2019-05-15T00:29:26+00:00","author":"Renato Dias","twitter_card":"summary_large_image","twitter_creator":"@RenatoDiasBat","twitter_site":"@RenatoDiasBat","twitter_misc":{"Escrito por":"Renato Dias","Est. tempo de leitura":"7 minutos"},"schema":{"@context":"https:\/\/schema.org","@graph":[{"@type":"Article","@id":"https:\/\/renatodias.online\/movimento\/2019\/05\/14\/incendiarios-professores-e-estudantes-marcham-no-brasil-contra-corte-de-verbas-educacao-fecha-as-portas-e-sai-as-ruas-hoje\/#article","isPartOf":{"@id":"https:\/\/renatodias.online\/movimento\/2019\/05\/14\/incendiarios-professores-e-estudantes-marcham-no-brasil-contra-corte-de-verbas-educacao-fecha-as-portas-e-sai-as-ruas-hoje\/"},"author":{"name":"Renato Dias","@id":"https:\/\/renatodias.online\/movimento\/#\/schema\/person\/bbab28833b1725a20f4083f49f1fb2a9"},"headline":"Incendi\u00e1rios \u2013 Professores e estudantes marcham no Brasil Contra corte de verbas, Educa\u00e7\u00e3o fecha as portas e sai \u00e0s ruas, hoje","datePublished":"2019-05-15T00:29:26+00:00","mainEntityOfPage":{"@id":"https:\/\/renatodias.online\/movimento\/2019\/05\/14\/incendiarios-professores-e-estudantes-marcham-no-brasil-contra-corte-de-verbas-educacao-fecha-as-portas-e-sai-as-ruas-hoje\/"},"wordCount":1369,"commentCount":0,"publisher":{"@id":"https:\/\/renatodias.online\/movimento\/#\/schema\/person\/bbab28833b1725a20f4083f49f1fb2a9"},"image":{"@id":"https:\/\/renatodias.online\/movimento\/2019\/05\/14\/incendiarios-professores-e-estudantes-marcham-no-brasil-contra-corte-de-verbas-educacao-fecha-as-portas-e-sai-as-ruas-hoje\/#primaryimage"},"thumbnailUrl":"","articleSection":["Eventos","Pol\u00edtica"],"inLanguage":"pt-BR","potentialAction":[{"@type":"CommentAction","name":"Comment","target":["https:\/\/renatodias.online\/movimento\/2019\/05\/14\/incendiarios-professores-e-estudantes-marcham-no-brasil-contra-corte-de-verbas-educacao-fecha-as-portas-e-sai-as-ruas-hoje\/#respond"]}]},{"@type":"WebPage","@id":"https:\/\/renatodias.online\/movimento\/2019\/05\/14\/incendiarios-professores-e-estudantes-marcham-no-brasil-contra-corte-de-verbas-educacao-fecha-as-portas-e-sai-as-ruas-hoje\/","url":"https:\/\/renatodias.online\/movimento\/2019\/05\/14\/incendiarios-professores-e-estudantes-marcham-no-brasil-contra-corte-de-verbas-educacao-fecha-as-portas-e-sai-as-ruas-hoje\/","name":"Incendi\u00e1rios \u2013 Professores e estudantes marcham no Brasil Contra corte de verbas, Educa\u00e7\u00e3o fecha as portas e sai \u00e0s ruas, hoje -","isPartOf":{"@id":"https:\/\/renatodias.online\/movimento\/#website"},"primaryImageOfPage":{"@id":"https:\/\/renatodias.online\/movimento\/2019\/05\/14\/incendiarios-professores-e-estudantes-marcham-no-brasil-contra-corte-de-verbas-educacao-fecha-as-portas-e-sai-as-ruas-hoje\/#primaryimage"},"image":{"@id":"https:\/\/renatodias.online\/movimento\/2019\/05\/14\/incendiarios-professores-e-estudantes-marcham-no-brasil-contra-corte-de-verbas-educacao-fecha-as-portas-e-sai-as-ruas-hoje\/#primaryimage"},"thumbnailUrl":"","datePublished":"2019-05-15T00:29:26+00:00","breadcrumb":{"@id":"https:\/\/renatodias.online\/movimento\/2019\/05\/14\/incendiarios-professores-e-estudantes-marcham-no-brasil-contra-corte-de-verbas-educacao-fecha-as-portas-e-sai-as-ruas-hoje\/#breadcrumb"},"inLanguage":"pt-BR","potentialAction":[{"@type":"ReadAction","target":["https:\/\/renatodias.online\/movimento\/2019\/05\/14\/incendiarios-professores-e-estudantes-marcham-no-brasil-contra-corte-de-verbas-educacao-fecha-as-portas-e-sai-as-ruas-hoje\/"]}]},{"@type":"ImageObject","inLanguage":"pt-BR","@id":"https:\/\/renatodias.online\/movimento\/2019\/05\/14\/incendiarios-professores-e-estudantes-marcham-no-brasil-contra-corte-de-verbas-educacao-fecha-as-portas-e-sai-as-ruas-hoje\/#primaryimage","url":"","contentUrl":""},{"@type":"BreadcrumbList","@id":"https:\/\/renatodias.online\/movimento\/2019\/05\/14\/incendiarios-professores-e-estudantes-marcham-no-brasil-contra-corte-de-verbas-educacao-fecha-as-portas-e-sai-as-ruas-hoje\/#breadcrumb","itemListElement":[{"@type":"ListItem","position":1,"name":"In\u00edcio","item":"https:\/\/renatodias.online\/movimento\/"},{"@type":"ListItem","position":2,"name":"Incendi\u00e1rios \u2013 Professores e estudantes marcham no Brasil Contra corte de verbas, Educa\u00e7\u00e3o fecha as portas e sai \u00e0s ruas, hoje"}]},{"@type":"WebSite","@id":"https:\/\/renatodias.online\/movimento\/#website","url":"https:\/\/renatodias.online\/movimento\/","name":"","description":"","publisher":{"@id":"https:\/\/renatodias.online\/movimento\/#\/schema\/person\/bbab28833b1725a20f4083f49f1fb2a9"},"potentialAction":[{"@type":"SearchAction","target":{"@type":"EntryPoint","urlTemplate":"https:\/\/renatodias.online\/movimento\/?s={search_term_string}"},"query-input":{"@type":"PropertyValueSpecification","valueRequired":true,"valueName":"search_term_string"}}],"inLanguage":"pt-BR"},{"@type":["Person","Organization"],"@id":"https:\/\/renatodias.online\/movimento\/#\/schema\/person\/bbab28833b1725a20f4083f49f1fb2a9","name":"Renato Dias","image":{"@type":"ImageObject","inLanguage":"pt-BR","@id":"https:\/\/renatodias.online\/movimento\/wp-content\/uploads\/2023\/03\/cropped-cropped-cropped-logofinal.jpeg","url":"https:\/\/renatodias.online\/movimento\/wp-content\/uploads\/2023\/03\/cropped-cropped-cropped-logofinal.jpeg","contentUrl":"https:\/\/renatodias.online\/movimento\/wp-content\/uploads\/2023\/03\/cropped-cropped-cropped-logofinal.jpeg","width":1280,"height":219,"caption":"Renato Dias"},"logo":{"@id":"https:\/\/renatodias.online\/movimento\/wp-content\/uploads\/2023\/03\/cropped-cropped-cropped-logofinal.jpeg"},"description":"Renato Dias, 58 anos, \u00e9 graduado em Jornalismo, formado em Ci\u00eancias Sociais, com p\u00f3s-gradua\u00e7\u00e3o em Pol\u00edticas P\u00fablicas, mestre em Direito e Rela\u00e7\u00f5es Internacionais, ex-aluno extraordin\u00e1rio do Doutorado em Psicologia Social, ex-estudante do Curso de Psican\u00e1lise do Centro de Estudos Psicanal\u00edticos do Estado de Goi\u00e1s, ministrado pelo m\u00e9dico psiquiatra e psicanalista Daniel Em\u00eddio de Souza. \u00c9 autor de 30 livros-reportagem, oito document\u00e1rios, ganhou 30 pr\u00eamios e \u00e9 torcedor apaixonado do maior do Centro-Oeste, o Vila Nova Futebol Clube. Casado com Meirilane Dias, \u00e9 pai de Juliana Dias, jornalista; Daniel Dias, economista; e Maria Rosa Dias, estudante antifascista, socialista e trotskista.\u00a0Com tr\u00eas pets: Porquinho [Bull Dog Franc\u00eas], Dalila [Basset Hound] e Geleia [Basset Hound]. Al\u00e9m do eterno gato Tutuquinho, que virou estrela.","sameAs":["https:\/\/www.facebook.com\/renato.dias.37","#breve","https:\/\/renatodias.tumblr.com\/"],"url":"https:\/\/renatodias.online\/movimento\/author\/renatodias\/"}]}},"_links":{"self":[{"href":"https:\/\/renatodias.online\/movimento\/wp-json\/wp\/v2\/posts\/1107","targetHints":{"allow":["GET"]}}],"collection":[{"href":"https:\/\/renatodias.online\/movimento\/wp-json\/wp\/v2\/posts"}],"about":[{"href":"https:\/\/renatodias.online\/movimento\/wp-json\/wp\/v2\/types\/post"}],"author":[{"embeddable":true,"href":"https:\/\/renatodias.online\/movimento\/wp-json\/wp\/v2\/users\/2"}],"replies":[{"embeddable":true,"href":"https:\/\/renatodias.online\/movimento\/wp-json\/wp\/v2\/comments?post=1107"}],"version-history":[{"count":0,"href":"https:\/\/renatodias.online\/movimento\/wp-json\/wp\/v2\/posts\/1107\/revisions"}],"wp:featuredmedia":[{"embeddable":true,"href":"https:\/\/renatodias.online\/movimento\/wp-json\/"}],"wp:attachment":[{"href":"https:\/\/renatodias.online\/movimento\/wp-json\/wp\/v2\/media?parent=1107"}],"wp:term":[{"taxonomy":"category","embeddable":true,"href":"https:\/\/renatodias.online\/movimento\/wp-json\/wp\/v2\/categories?post=1107"},{"taxonomy":"post_tag","embeddable":true,"href":"https:\/\/renatodias.online\/movimento\/wp-json\/wp\/v2\/tags?post=1107"}],"curies":[{"name":"wp","href":"https:\/\/api.w.org\/{rel}","templated":true}]}}