{"id":10946,"date":"2022-02-23T19:44:35","date_gmt":"2022-02-23T22:44:35","guid":{"rendered":"https:\/\/renatodias.online\/movimento\/?p=10946"},"modified":"2022-02-23T19:46:25","modified_gmt":"2022-02-23T22:46:25","slug":"ferias-r1-milhao-em-7-dias","status":"publish","type":"post","link":"https:\/\/renatodias.online\/movimento\/2022\/02\/23\/ferias-r1-milhao-em-7-dias\/","title":{"rendered":"F\u00e9rias: R$1 milh\u00e3o em 7 dias"},"content":{"rendered":"<p><strong><img loading=\"lazy\" decoding=\"async\" class=\"alignnone wp-image-10621 size-full\" src=\"https:\/\/renatodias.online\/movimento\/wp-content\/uploads\/2022\/01\/Escandalos.jpg\" alt=\"\" width=\"1280\" height=\"720\" \/><\/strong><\/p>\n<h1 style=\"text-align: center;\"><span style=\"color: #008000;\"><strong>Enquanto as chuvas matavam 25 na Bahia<\/strong><\/span><\/h1>\n<h2 style=\"text-align: center;\"><span style=\"color: #ff00ff;\"><strong>Jair Bolsonaro dava cavalo de pau em Jet Ski nas \u00e1guas de SC<\/strong><\/span><\/h2>\n<p><img loading=\"lazy\" decoding=\"async\" class=\"wp-image-10948 size-full\" src=\"https:\/\/renatodias.online\/movimento\/wp-content\/uploads\/2022\/02\/Lei-de-Acesso-a-Informacao.jpg\" alt=\"\" width=\"744\" height=\"391\" srcset=\"https:\/\/renatodias.online\/movimento\/wp-content\/uploads\/2022\/02\/Lei-de-Acesso-a-Informacao.jpg 744w, https:\/\/renatodias.online\/movimento\/wp-content\/uploads\/2022\/02\/Lei-de-Acesso-a-Informacao-300x158.jpg 300w\" sizes=\"auto, (max-width: 744px) 100vw, 744px\" \/><\/p>\n<h1 style=\"text-align: center;\"><span style=\"color: #0000ff;\"><strong>Lei de Acesso \u00e0 Informa\u00e7\u00e3o<\/strong><\/span><\/h1>\n<p><strong>Renato Dias<\/strong><\/p>\n<p>Sob as chuvas torrenciais na Bahia, as f\u00e9rias revigorantes do atual presidente da Rep\u00fablica, o suposto Messias, <strong>Jair Bolsonaro [PL]<\/strong>, nas \u00e1guas calientes de Santa Catarina, sete dias com Jet Ski e comitiva especial, <strong>custaram quase um R$ 1 milh\u00e3o aos cofres p\u00fablicos<\/strong>.<\/p>\n<blockquote>\n<h1><span style=\"color: #33cccc;\"><strong>Sete dias com Jet Ski e comitiva especial<\/strong><\/span><\/h1>\n<\/blockquote>\n<p>A informa\u00e7\u00e3o, oficial, \u00e9 da Secretaria &#8211; Geral da Presid\u00eancia. Os valores est\u00e3o dispon\u00edveis pela <strong>Lei de Acesso \u00e0 Informa\u00e7\u00e3o. <\/strong>Jair Bolsonaro chegou em S\u00e3o Francisco do Sul no dia 27 de dezembro e foi para S\u00e3o Paulo em 3 de janeiro de 2022. A Bahia teve 25 mortos.<\/p>\n<figure id=\"attachment_10950\" aria-describedby=\"caption-attachment-10950\" style=\"width: 1131px\" class=\"wp-caption alignnone\"><img loading=\"lazy\" decoding=\"async\" class=\"wp-image-10950 size-full\" src=\"https:\/\/renatodias.online\/movimento\/wp-content\/uploads\/2022\/02\/Jair-Bolsonaro-em-Jet-Ski.jpg\" alt=\"\" width=\"1131\" height=\"807\" srcset=\"https:\/\/renatodias.online\/movimento\/wp-content\/uploads\/2022\/02\/Jair-Bolsonaro-em-Jet-Ski.jpg 1131w, https:\/\/renatodias.online\/movimento\/wp-content\/uploads\/2022\/02\/Jair-Bolsonaro-em-Jet-Ski-300x214.jpg 300w, https:\/\/renatodias.online\/movimento\/wp-content\/uploads\/2022\/02\/Jair-Bolsonaro-em-Jet-Ski-768x548.jpg 768w, https:\/\/renatodias.online\/movimento\/wp-content\/uploads\/2022\/02\/Jair-Bolsonaro-em-Jet-Ski-750x535.jpg 750w, https:\/\/renatodias.online\/movimento\/wp-content\/uploads\/2022\/02\/Jair-Bolsonaro-em-Jet-Ski-85x60.jpg 85w\" sizes=\"auto, (max-width: 1131px) 100vw, 1131px\" \/><figcaption id=\"caption-attachment-10950\" class=\"wp-caption-text\"><strong>F\u00e9rias milion\u00e1rias de Jair Messias Bolsonaro com recursos do Tesouro Nacional: esc\u00e2ndalo e mamata?<br \/><\/strong><\/figcaption><\/figure>\n","protected":false},"excerpt":{"rendered":"<p>Enquanto as chuvas matavam 25 na Bahia Jair Bolsonaro dava cavalo de pau em Jet Ski nas \u00e1guas de SC Lei de Acesso \u00e0 Informa\u00e7\u00e3o Renato Dias Sob as chuvas torrenciais na Bahia, as f\u00e9rias revigorantes do atual presidente da Rep\u00fablica, o suposto Messias, Jair Bolsonaro [PL], nas \u00e1guas calientes de Santa Catarina, sete dias<\/p>\n","protected":false},"author":2,"featured_media":10949,"comment_status":"open","ping_status":"open","sticky":false,"template":"","format":"standard","meta":{"_acf_changed":false,"_monsterinsights_skip_tracking":false,"_monsterinsights_sitenote_active":false,"_monsterinsights_sitenote_note":"","_monsterinsights_sitenote_category":0,"footnotes":""},"categories":[35],"tags":[],"class_list":["post-10946","post","type-post","status-publish","format-standard","has-post-thumbnail","hentry","category-nacional"],"acf":[],"yoast_head":"<!-- This site is optimized with the Yoast SEO plugin v27.4 - https:\/\/yoast.com\/product\/yoast-seo-wordpress\/ -->\n<title>F\u00e9rias: R$1 milh\u00e3o em 7 dias -<\/title>\n<meta name=\"robots\" content=\"index, follow, max-snippet:-1, max-image-preview:large, max-video-preview:-1\" \/>\n<link rel=\"canonical\" href=\"https:\/\/renatodias.online\/movimento\/2022\/02\/23\/ferias-r1-milhao-em-7-dias\/\" \/>\n<meta property=\"og:locale\" content=\"pt_BR\" \/>\n<meta property=\"og:type\" content=\"article\" \/>\n<meta property=\"og:title\" content=\"F\u00e9rias: R$1 milh\u00e3o em 7 dias -\" \/>\n<meta property=\"og:description\" content=\"Enquanto as chuvas matavam 25 na Bahia Jair Bolsonaro dava cavalo de pau em Jet Ski nas \u00e1guas de SC Lei de Acesso \u00e0 Informa\u00e7\u00e3o Renato Dias Sob as chuvas torrenciais na Bahia, as f\u00e9rias revigorantes do atual presidente da Rep\u00fablica, o suposto Messias, Jair Bolsonaro [PL], nas \u00e1guas calientes de Santa Catarina, sete dias\" \/>\n<meta property=\"og:url\" content=\"https:\/\/renatodias.online\/movimento\/2022\/02\/23\/ferias-r1-milhao-em-7-dias\/\" \/>\n<meta property=\"article:publisher\" content=\"https:\/\/www.facebook.com\/renato.dias.37\" \/>\n<meta property=\"article:author\" content=\"https:\/\/www.facebook.com\/renato.dias.37\" \/>\n<meta property=\"article:published_time\" content=\"2022-02-23T22:44:35+00:00\" \/>\n<meta property=\"article:modified_time\" content=\"2022-02-23T22:46:25+00:00\" \/>\n<meta property=\"og:image\" content=\"https:\/\/renatodias.online\/movimento\/wp-content\/uploads\/2022\/02\/Jair-Bolsonaro-em-um-Jet-Ski-e1645656115885.jpg\" \/>\n\t<meta property=\"og:image:width\" content=\"360\" \/>\n\t<meta property=\"og:image:height\" content=\"252\" \/>\n\t<meta property=\"og:image:type\" content=\"image\/jpeg\" \/>\n<meta name=\"author\" content=\"Renato Dias\" \/>\n<meta name=\"twitter:card\" content=\"summary_large_image\" \/>\n<meta name=\"twitter:creator\" content=\"@RenatoDiasBat\" \/>\n<meta name=\"twitter:site\" content=\"@RenatoDiasBat\" \/>\n<meta name=\"twitter:label1\" content=\"Escrito por\" \/>\n\t<meta name=\"twitter:data1\" content=\"Renato Dias\" \/>\n\t<meta name=\"twitter:label2\" content=\"Est. tempo de leitura\" \/>\n\t<meta name=\"twitter:data2\" content=\"1 minuto\" \/>\n<script type=\"application\/ld+json\" class=\"yoast-schema-graph\">{\"@context\":\"https:\\\/\\\/schema.org\",\"@graph\":[{\"@type\":\"Article\",\"@id\":\"https:\\\/\\\/renatodias.online\\\/movimento\\\/2022\\\/02\\\/23\\\/ferias-r1-milhao-em-7-dias\\\/#article\",\"isPartOf\":{\"@id\":\"https:\\\/\\\/renatodias.online\\\/movimento\\\/2022\\\/02\\\/23\\\/ferias-r1-milhao-em-7-dias\\\/\"},\"author\":{\"name\":\"Renato Dias\",\"@id\":\"https:\\\/\\\/renatodias.online\\\/movimento\\\/#\\\/schema\\\/person\\\/bbab28833b1725a20f4083f49f1fb2a9\"},\"headline\":\"F\u00e9rias: R$1 milh\u00e3o em 7 dias\",\"datePublished\":\"2022-02-23T22:44:35+00:00\",\"dateModified\":\"2022-02-23T22:46:25+00:00\",\"mainEntityOfPage\":{\"@id\":\"https:\\\/\\\/renatodias.online\\\/movimento\\\/2022\\\/02\\\/23\\\/ferias-r1-milhao-em-7-dias\\\/\"},\"wordCount\":161,\"commentCount\":0,\"publisher\":{\"@id\":\"https:\\\/\\\/renatodias.online\\\/movimento\\\/#\\\/schema\\\/person\\\/bbab28833b1725a20f4083f49f1fb2a9\"},\"image\":{\"@id\":\"https:\\\/\\\/renatodias.online\\\/movimento\\\/2022\\\/02\\\/23\\\/ferias-r1-milhao-em-7-dias\\\/#primaryimage\"},\"thumbnailUrl\":\"https:\\\/\\\/renatodias.online\\\/movimento\\\/wp-content\\\/uploads\\\/2022\\\/02\\\/Jair-Bolsonaro-em-um-Jet-Ski-e1645656115885.jpg\",\"articleSection\":[\"Nacional\"],\"inLanguage\":\"pt-BR\",\"potentialAction\":[{\"@type\":\"CommentAction\",\"name\":\"Comment\",\"target\":[\"https:\\\/\\\/renatodias.online\\\/movimento\\\/2022\\\/02\\\/23\\\/ferias-r1-milhao-em-7-dias\\\/#respond\"]}]},{\"@type\":\"WebPage\",\"@id\":\"https:\\\/\\\/renatodias.online\\\/movimento\\\/2022\\\/02\\\/23\\\/ferias-r1-milhao-em-7-dias\\\/\",\"url\":\"https:\\\/\\\/renatodias.online\\\/movimento\\\/2022\\\/02\\\/23\\\/ferias-r1-milhao-em-7-dias\\\/\",\"name\":\"F\u00e9rias: R$1 milh\u00e3o em 7 dias -\",\"isPartOf\":{\"@id\":\"https:\\\/\\\/renatodias.online\\\/movimento\\\/#website\"},\"primaryImageOfPage\":{\"@id\":\"https:\\\/\\\/renatodias.online\\\/movimento\\\/2022\\\/02\\\/23\\\/ferias-r1-milhao-em-7-dias\\\/#primaryimage\"},\"image\":{\"@id\":\"https:\\\/\\\/renatodias.online\\\/movimento\\\/2022\\\/02\\\/23\\\/ferias-r1-milhao-em-7-dias\\\/#primaryimage\"},\"thumbnailUrl\":\"https:\\\/\\\/renatodias.online\\\/movimento\\\/wp-content\\\/uploads\\\/2022\\\/02\\\/Jair-Bolsonaro-em-um-Jet-Ski-e1645656115885.jpg\",\"datePublished\":\"2022-02-23T22:44:35+00:00\",\"dateModified\":\"2022-02-23T22:46:25+00:00\",\"breadcrumb\":{\"@id\":\"https:\\\/\\\/renatodias.online\\\/movimento\\\/2022\\\/02\\\/23\\\/ferias-r1-milhao-em-7-dias\\\/#breadcrumb\"},\"inLanguage\":\"pt-BR\",\"potentialAction\":[{\"@type\":\"ReadAction\",\"target\":[\"https:\\\/\\\/renatodias.online\\\/movimento\\\/2022\\\/02\\\/23\\\/ferias-r1-milhao-em-7-dias\\\/\"]}]},{\"@type\":\"ImageObject\",\"inLanguage\":\"pt-BR\",\"@id\":\"https:\\\/\\\/renatodias.online\\\/movimento\\\/2022\\\/02\\\/23\\\/ferias-r1-milhao-em-7-dias\\\/#primaryimage\",\"url\":\"https:\\\/\\\/renatodias.online\\\/movimento\\\/wp-content\\\/uploads\\\/2022\\\/02\\\/Jair-Bolsonaro-em-um-Jet-Ski-e1645656115885.jpg\",\"contentUrl\":\"https:\\\/\\\/renatodias.online\\\/movimento\\\/wp-content\\\/uploads\\\/2022\\\/02\\\/Jair-Bolsonaro-em-um-Jet-Ski-e1645656115885.jpg\",\"width\":360,\"height\":252,\"caption\":\"Jair Bolsonaro em um Jet Ski\"},{\"@type\":\"BreadcrumbList\",\"@id\":\"https:\\\/\\\/renatodias.online\\\/movimento\\\/2022\\\/02\\\/23\\\/ferias-r1-milhao-em-7-dias\\\/#breadcrumb\",\"itemListElement\":[{\"@type\":\"ListItem\",\"position\":1,\"name\":\"In\u00edcio\",\"item\":\"https:\\\/\\\/renatodias.online\\\/movimento\\\/\"},{\"@type\":\"ListItem\",\"position\":2,\"name\":\"F\u00e9rias: R$1 milh\u00e3o em 7 dias\"}]},{\"@type\":\"WebSite\",\"@id\":\"https:\\\/\\\/renatodias.online\\\/movimento\\\/#website\",\"url\":\"https:\\\/\\\/renatodias.online\\\/movimento\\\/\",\"name\":\"\",\"description\":\"\",\"publisher\":{\"@id\":\"https:\\\/\\\/renatodias.online\\\/movimento\\\/#\\\/schema\\\/person\\\/bbab28833b1725a20f4083f49f1fb2a9\"},\"potentialAction\":[{\"@type\":\"SearchAction\",\"target\":{\"@type\":\"EntryPoint\",\"urlTemplate\":\"https:\\\/\\\/renatodias.online\\\/movimento\\\/?s={search_term_string}\"},\"query-input\":{\"@type\":\"PropertyValueSpecification\",\"valueRequired\":true,\"valueName\":\"search_term_string\"}}],\"inLanguage\":\"pt-BR\"},{\"@type\":[\"Person\",\"Organization\"],\"@id\":\"https:\\\/\\\/renatodias.online\\\/movimento\\\/#\\\/schema\\\/person\\\/bbab28833b1725a20f4083f49f1fb2a9\",\"name\":\"Renato Dias\",\"image\":{\"@type\":\"ImageObject\",\"inLanguage\":\"pt-BR\",\"@id\":\"https:\\\/\\\/renatodias.online\\\/movimento\\\/wp-content\\\/uploads\\\/2023\\\/03\\\/cropped-cropped-cropped-logofinal.jpeg\",\"url\":\"https:\\\/\\\/renatodias.online\\\/movimento\\\/wp-content\\\/uploads\\\/2023\\\/03\\\/cropped-cropped-cropped-logofinal.jpeg\",\"contentUrl\":\"https:\\\/\\\/renatodias.online\\\/movimento\\\/wp-content\\\/uploads\\\/2023\\\/03\\\/cropped-cropped-cropped-logofinal.jpeg\",\"width\":1280,\"height\":219,\"caption\":\"Renato Dias\"},\"logo\":{\"@id\":\"https:\\\/\\\/renatodias.online\\\/movimento\\\/wp-content\\\/uploads\\\/2023\\\/03\\\/cropped-cropped-cropped-logofinal.jpeg\"},\"description\":\"Renato Dias, 58 anos, \u00e9 graduado em Jornalismo, formado em Ci\u00eancias Sociais, com p\u00f3s-gradua\u00e7\u00e3o em Pol\u00edticas P\u00fablicas, mestre em Direito e Rela\u00e7\u00f5es Internacionais, ex-aluno extraordin\u00e1rio do Doutorado em Psicologia Social, ex-estudante do Curso de Psican\u00e1lise do Centro de Estudos Psicanal\u00edticos do Estado de Goi\u00e1s, ministrado pelo m\u00e9dico psiquiatra e psicanalista Daniel Em\u00eddio de Souza. \u00c9 autor de 30 livros-reportagem, oito document\u00e1rios, ganhou 30 pr\u00eamios e \u00e9 torcedor apaixonado do maior do Centro-Oeste, o Vila Nova Futebol Clube. Casado com Meirilane Dias, \u00e9 pai de Juliana Dias, jornalista; Daniel Dias, economista; e Maria Rosa Dias, estudante antifascista, socialista e trotskista.\u00a0Com tr\u00eas pets: Porquinho [Bull Dog Franc\u00eas], Dalila [Basset Hound] e Geleia [Basset Hound]. Al\u00e9m do eterno gato Tutuquinho, que virou estrela.\",\"sameAs\":[\"https:\\\/\\\/www.facebook.com\\\/renato.dias.37\",\"#breve\",\"https:\\\/\\\/renatodias.tumblr.com\\\/\"],\"url\":\"https:\\\/\\\/renatodias.online\\\/movimento\\\/author\\\/renatodias\\\/\"}]}<\/script>\n<!-- \/ Yoast SEO plugin. -->","yoast_head_json":{"title":"F\u00e9rias: R$1 milh\u00e3o em 7 dias -","robots":{"index":"index","follow":"follow","max-snippet":"max-snippet:-1","max-image-preview":"max-image-preview:large","max-video-preview":"max-video-preview:-1"},"canonical":"https:\/\/renatodias.online\/movimento\/2022\/02\/23\/ferias-r1-milhao-em-7-dias\/","og_locale":"pt_BR","og_type":"article","og_title":"F\u00e9rias: R$1 milh\u00e3o em 7 dias -","og_description":"Enquanto as chuvas matavam 25 na Bahia Jair Bolsonaro dava cavalo de pau em Jet Ski nas \u00e1guas de SC Lei de Acesso \u00e0 Informa\u00e7\u00e3o Renato Dias Sob as chuvas torrenciais na Bahia, as f\u00e9rias revigorantes do atual presidente da Rep\u00fablica, o suposto Messias, Jair Bolsonaro [PL], nas \u00e1guas calientes de Santa Catarina, sete dias","og_url":"https:\/\/renatodias.online\/movimento\/2022\/02\/23\/ferias-r1-milhao-em-7-dias\/","article_publisher":"https:\/\/www.facebook.com\/renato.dias.37","article_author":"https:\/\/www.facebook.com\/renato.dias.37","article_published_time":"2022-02-23T22:44:35+00:00","article_modified_time":"2022-02-23T22:46:25+00:00","og_image":[{"width":360,"height":252,"url":"https:\/\/renatodias.online\/movimento\/wp-content\/uploads\/2022\/02\/Jair-Bolsonaro-em-um-Jet-Ski-e1645656115885.jpg","type":"image\/jpeg"}],"author":"Renato Dias","twitter_card":"summary_large_image","twitter_creator":"@RenatoDiasBat","twitter_site":"@RenatoDiasBat","twitter_misc":{"Escrito por":"Renato Dias","Est. tempo de leitura":"1 minuto"},"schema":{"@context":"https:\/\/schema.org","@graph":[{"@type":"Article","@id":"https:\/\/renatodias.online\/movimento\/2022\/02\/23\/ferias-r1-milhao-em-7-dias\/#article","isPartOf":{"@id":"https:\/\/renatodias.online\/movimento\/2022\/02\/23\/ferias-r1-milhao-em-7-dias\/"},"author":{"name":"Renato Dias","@id":"https:\/\/renatodias.online\/movimento\/#\/schema\/person\/bbab28833b1725a20f4083f49f1fb2a9"},"headline":"F\u00e9rias: R$1 milh\u00e3o em 7 dias","datePublished":"2022-02-23T22:44:35+00:00","dateModified":"2022-02-23T22:46:25+00:00","mainEntityOfPage":{"@id":"https:\/\/renatodias.online\/movimento\/2022\/02\/23\/ferias-r1-milhao-em-7-dias\/"},"wordCount":161,"commentCount":0,"publisher":{"@id":"https:\/\/renatodias.online\/movimento\/#\/schema\/person\/bbab28833b1725a20f4083f49f1fb2a9"},"image":{"@id":"https:\/\/renatodias.online\/movimento\/2022\/02\/23\/ferias-r1-milhao-em-7-dias\/#primaryimage"},"thumbnailUrl":"https:\/\/renatodias.online\/movimento\/wp-content\/uploads\/2022\/02\/Jair-Bolsonaro-em-um-Jet-Ski-e1645656115885.jpg","articleSection":["Nacional"],"inLanguage":"pt-BR","potentialAction":[{"@type":"CommentAction","name":"Comment","target":["https:\/\/renatodias.online\/movimento\/2022\/02\/23\/ferias-r1-milhao-em-7-dias\/#respond"]}]},{"@type":"WebPage","@id":"https:\/\/renatodias.online\/movimento\/2022\/02\/23\/ferias-r1-milhao-em-7-dias\/","url":"https:\/\/renatodias.online\/movimento\/2022\/02\/23\/ferias-r1-milhao-em-7-dias\/","name":"F\u00e9rias: R$1 milh\u00e3o em 7 dias -","isPartOf":{"@id":"https:\/\/renatodias.online\/movimento\/#website"},"primaryImageOfPage":{"@id":"https:\/\/renatodias.online\/movimento\/2022\/02\/23\/ferias-r1-milhao-em-7-dias\/#primaryimage"},"image":{"@id":"https:\/\/renatodias.online\/movimento\/2022\/02\/23\/ferias-r1-milhao-em-7-dias\/#primaryimage"},"thumbnailUrl":"https:\/\/renatodias.online\/movimento\/wp-content\/uploads\/2022\/02\/Jair-Bolsonaro-em-um-Jet-Ski-e1645656115885.jpg","datePublished":"2022-02-23T22:44:35+00:00","dateModified":"2022-02-23T22:46:25+00:00","breadcrumb":{"@id":"https:\/\/renatodias.online\/movimento\/2022\/02\/23\/ferias-r1-milhao-em-7-dias\/#breadcrumb"},"inLanguage":"pt-BR","potentialAction":[{"@type":"ReadAction","target":["https:\/\/renatodias.online\/movimento\/2022\/02\/23\/ferias-r1-milhao-em-7-dias\/"]}]},{"@type":"ImageObject","inLanguage":"pt-BR","@id":"https:\/\/renatodias.online\/movimento\/2022\/02\/23\/ferias-r1-milhao-em-7-dias\/#primaryimage","url":"https:\/\/renatodias.online\/movimento\/wp-content\/uploads\/2022\/02\/Jair-Bolsonaro-em-um-Jet-Ski-e1645656115885.jpg","contentUrl":"https:\/\/renatodias.online\/movimento\/wp-content\/uploads\/2022\/02\/Jair-Bolsonaro-em-um-Jet-Ski-e1645656115885.jpg","width":360,"height":252,"caption":"Jair Bolsonaro em um Jet Ski"},{"@type":"BreadcrumbList","@id":"https:\/\/renatodias.online\/movimento\/2022\/02\/23\/ferias-r1-milhao-em-7-dias\/#breadcrumb","itemListElement":[{"@type":"ListItem","position":1,"name":"In\u00edcio","item":"https:\/\/renatodias.online\/movimento\/"},{"@type":"ListItem","position":2,"name":"F\u00e9rias: R$1 milh\u00e3o em 7 dias"}]},{"@type":"WebSite","@id":"https:\/\/renatodias.online\/movimento\/#website","url":"https:\/\/renatodias.online\/movimento\/","name":"","description":"","publisher":{"@id":"https:\/\/renatodias.online\/movimento\/#\/schema\/person\/bbab28833b1725a20f4083f49f1fb2a9"},"potentialAction":[{"@type":"SearchAction","target":{"@type":"EntryPoint","urlTemplate":"https:\/\/renatodias.online\/movimento\/?s={search_term_string}"},"query-input":{"@type":"PropertyValueSpecification","valueRequired":true,"valueName":"search_term_string"}}],"inLanguage":"pt-BR"},{"@type":["Person","Organization"],"@id":"https:\/\/renatodias.online\/movimento\/#\/schema\/person\/bbab28833b1725a20f4083f49f1fb2a9","name":"Renato Dias","image":{"@type":"ImageObject","inLanguage":"pt-BR","@id":"https:\/\/renatodias.online\/movimento\/wp-content\/uploads\/2023\/03\/cropped-cropped-cropped-logofinal.jpeg","url":"https:\/\/renatodias.online\/movimento\/wp-content\/uploads\/2023\/03\/cropped-cropped-cropped-logofinal.jpeg","contentUrl":"https:\/\/renatodias.online\/movimento\/wp-content\/uploads\/2023\/03\/cropped-cropped-cropped-logofinal.jpeg","width":1280,"height":219,"caption":"Renato Dias"},"logo":{"@id":"https:\/\/renatodias.online\/movimento\/wp-content\/uploads\/2023\/03\/cropped-cropped-cropped-logofinal.jpeg"},"description":"Renato Dias, 58 anos, \u00e9 graduado em Jornalismo, formado em Ci\u00eancias Sociais, com p\u00f3s-gradua\u00e7\u00e3o em Pol\u00edticas P\u00fablicas, mestre em Direito e Rela\u00e7\u00f5es Internacionais, ex-aluno extraordin\u00e1rio do Doutorado em Psicologia Social, ex-estudante do Curso de Psican\u00e1lise do Centro de Estudos Psicanal\u00edticos do Estado de Goi\u00e1s, ministrado pelo m\u00e9dico psiquiatra e psicanalista Daniel Em\u00eddio de Souza. \u00c9 autor de 30 livros-reportagem, oito document\u00e1rios, ganhou 30 pr\u00eamios e \u00e9 torcedor apaixonado do maior do Centro-Oeste, o Vila Nova Futebol Clube. Casado com Meirilane Dias, \u00e9 pai de Juliana Dias, jornalista; Daniel Dias, economista; e Maria Rosa Dias, estudante antifascista, socialista e trotskista.\u00a0Com tr\u00eas pets: Porquinho [Bull Dog Franc\u00eas], Dalila [Basset Hound] e Geleia [Basset Hound]. Al\u00e9m do eterno gato Tutuquinho, que virou estrela.","sameAs":["https:\/\/www.facebook.com\/renato.dias.37","#breve","https:\/\/renatodias.tumblr.com\/"],"url":"https:\/\/renatodias.online\/movimento\/author\/renatodias\/"}]}},"_links":{"self":[{"href":"https:\/\/renatodias.online\/movimento\/wp-json\/wp\/v2\/posts\/10946","targetHints":{"allow":["GET"]}}],"collection":[{"href":"https:\/\/renatodias.online\/movimento\/wp-json\/wp\/v2\/posts"}],"about":[{"href":"https:\/\/renatodias.online\/movimento\/wp-json\/wp\/v2\/types\/post"}],"author":[{"embeddable":true,"href":"https:\/\/renatodias.online\/movimento\/wp-json\/wp\/v2\/users\/2"}],"replies":[{"embeddable":true,"href":"https:\/\/renatodias.online\/movimento\/wp-json\/wp\/v2\/comments?post=10946"}],"version-history":[{"count":3,"href":"https:\/\/renatodias.online\/movimento\/wp-json\/wp\/v2\/posts\/10946\/revisions"}],"predecessor-version":[{"id":10953,"href":"https:\/\/renatodias.online\/movimento\/wp-json\/wp\/v2\/posts\/10946\/revisions\/10953"}],"wp:featuredmedia":[{"embeddable":true,"href":"https:\/\/renatodias.online\/movimento\/wp-json\/wp\/v2\/media\/10949"}],"wp:attachment":[{"href":"https:\/\/renatodias.online\/movimento\/wp-json\/wp\/v2\/media?parent=10946"}],"wp:term":[{"taxonomy":"category","embeddable":true,"href":"https:\/\/renatodias.online\/movimento\/wp-json\/wp\/v2\/categories?post=10946"},{"taxonomy":"post_tag","embeddable":true,"href":"https:\/\/renatodias.online\/movimento\/wp-json\/wp\/v2\/tags?post=10946"}],"curies":[{"name":"wp","href":"https:\/\/api.w.org\/{rel}","templated":true}]}}