{"id":10871,"date":"2022-02-18T21:42:18","date_gmt":"2022-02-19T00:42:18","guid":{"rendered":"https:\/\/renatodias.online\/movimento\/?p=10871"},"modified":"2022-02-18T21:49:58","modified_gmt":"2022-02-19T00:49:58","slug":"aflicoes-revolucionarias","status":"publish","type":"post","link":"https:\/\/renatodias.online\/movimento\/2022\/02\/18\/aflicoes-revolucionarias\/","title":{"rendered":"Afli\u00e7\u00f5es revolucion\u00e1rias"},"content":{"rendered":"<p><img loading=\"lazy\" decoding=\"async\" class=\"wp-image-9119 size-full aligncenter\" src=\"https:\/\/renatodias.online\/movimento\/wp-content\/uploads\/2021\/09\/Opiniao.jpg\" alt=\"\" width=\"620\" height=\"296\" srcset=\"https:\/\/renatodias.online\/movimento\/wp-content\/uploads\/2021\/09\/Opiniao.jpg 620w, https:\/\/renatodias.online\/movimento\/wp-content\/uploads\/2021\/09\/Opiniao-300x143.jpg 300w\" sizes=\"auto, (max-width: 620px) 100vw, 620px\" \/><\/p>\n<h1 style=\"text-align: center;\"><span style=\"color: #ff0000;\"><strong>Afli\u00e7\u00f5es revolucion\u00e1rias<\/strong><\/span><\/h1>\n<p style=\"text-align: center;\"><strong>Val\u00e9rio Arcary<\/strong><\/p>\n<p>O ano de 2022 come\u00e7ou muito mal. Existe ansiedade nas fileiras dos setores de vanguarda mais radicalizada nos movimentos sociais. Amargura, ang\u00fastia e afli\u00e7\u00e3o aumentaram diante da extrema lentid\u00e3o da luta contra o neofascista. Muito compreens\u00edvel o desgosto, se consideramos o desastre que se aprofunda, dia ap\u00f3s dia, impunemente: (a) o impacto da terceira onda da pandemia com a disparada de cont\u00e1gios e mortes provocados pela variante \u00d4micron; (b) as trag\u00e9dias sociais precipitadas pelas previs\u00edveis tempestades de ver\u00e3o na Bahia, Minas, S\u00e3o Paulo e agora Petr\u00f3polis, superando os 200 mortos; (c) a sucess\u00e3o ininterrupta de epis\u00f3dios de viol\u00eancia racista, machista e homof\u00f3bica; (d) o empobrecimento vertiginoso acelerado pela infla\u00e7\u00e3o, e a perman\u00eancia de um desemprego ainda muito elevado; (e) a degrada\u00e7\u00e3o ambiental com a devasta\u00e7\u00e3o poluidora da minera\u00e7\u00e3o que contaminou as praias Alter do Ch\u00e3o no Par\u00e1, etc&#8230;<\/p>\n<figure id=\"attachment_10310\" aria-describedby=\"caption-attachment-10310\" style=\"width: 1170px\" class=\"wp-caption alignnone\"><img loading=\"lazy\" decoding=\"async\" class=\"wp-image-10310 size-full\" src=\"https:\/\/renatodias.online\/movimento\/wp-content\/uploads\/2022\/01\/Coronavirus-Jardel-Sebba.jpg\" alt=\"\" width=\"1170\" height=\"700\" srcset=\"https:\/\/renatodias.online\/movimento\/wp-content\/uploads\/2022\/01\/Coronavirus-Jardel-Sebba.jpg 1170w, https:\/\/renatodias.online\/movimento\/wp-content\/uploads\/2022\/01\/Coronavirus-Jardel-Sebba-300x179.jpg 300w, https:\/\/renatodias.online\/movimento\/wp-content\/uploads\/2022\/01\/Coronavirus-Jardel-Sebba-768x459.jpg 768w, https:\/\/renatodias.online\/movimento\/wp-content\/uploads\/2022\/01\/Coronavirus-Jardel-Sebba-750x449.jpg 750w\" sizes=\"auto, (max-width: 1170px) 100vw, 1170px\" \/><figcaption id=\"caption-attachment-10310\" class=\"wp-caption-text\"><strong>Coronav\u00edrus<\/strong><\/figcaption><\/figure>\n<p>A maioria da milit\u00e2ncia da esquerda brasileira \u00e9 de jovens. A hist\u00f3ria foi cruel para esta nova gera\u00e7\u00e3o. O impulso progressivo que levou a juventude \u00e0s ruas nas jornadas de junho de 2013, ainda que confuso e muito disputado, se esgotou em fevereiro de 2014. A crise econ\u00f4mico-social aberta entre 2015\/16 n\u00e3o despertou disposi\u00e7\u00e3o de luta entre os trabalhadores, e a situa\u00e7\u00e3o n\u00e3o evoluiu na dire\u00e7\u00e3o de uma situa\u00e7\u00e3o pr\u00e9-revolucion\u00e1ria, mas o seu contr\u00e1rio. A rela\u00e7\u00e3o de for\u00e7as entre as classes se inverteu, dramaticamente, com o deslocamento para a extrema-direita da maioria das camadas m\u00e9dias, arrastando setores oper\u00e1rios e populares. Depois de treze anos de governos de colabora\u00e7\u00e3o de classes liderados pelo PT, sofremos um golpe institucional em 2016, e a posse de Temer abriu o caminho para a ascens\u00e3o de Bolsonaro. Estamos h\u00e1 cinco anos em uma situa\u00e7\u00e3o reacion\u00e1ria. Muito tempo para quem come\u00e7ou o ativismo h\u00e1 dez anos ou at\u00e9 menos. E o horizonte mais otimista que se desenha \u00e9 uma vit\u00f3ria de Lula. O limite pol\u00edtico-hist\u00f3rico do desenlace ser\u00e1 um retorno do PT \u00e0 frente de um governo de colabora\u00e7\u00e3o de classes estabilizando o regime democr\u00e1tico-eleitoral contra a amea\u00e7a bonapartista de Bolsonaro.<\/p>\n<figure id=\"attachment_10820\" aria-describedby=\"caption-attachment-10820\" style=\"width: 1000px\" class=\"wp-caption alignnone\"><img loading=\"lazy\" decoding=\"async\" class=\"size-full wp-image-10820\" src=\"https:\/\/renatodias.online\/movimento\/wp-content\/uploads\/2022\/02\/Jair-Bolsonaro-em-Moscou.jpg\" alt=\"\" width=\"1000\" height=\"668\" \/><figcaption id=\"caption-attachment-10820\" class=\"wp-caption-text\"><strong>Jair Bolsonaro em Moscou<\/strong><\/figcaption><\/figure>\n<p>\u00c9 compreens\u00edvel que entre os ativistas mais abnegados haja algum desalento e frustra\u00e7\u00e3o com a lentid\u00e3o do processo no Brasil, em especial, quando em compara\u00e7\u00e3o com o Chile e Bol\u00edvia, Peru e Equador, ou mesmo Argentina. Mas este desgosto, e as limita\u00e7\u00f5es da esquerda brasileira, n\u00e3o deve desanimar ningu\u00e9m. Com Bolsonaro, a crise econ\u00f4mico-social agravou de forma vertiginosa, e o cataclismo da pandemia ceifou mais de 640.000 vidas, mas n\u00e3o foram suficientes para impulsionar a entrada em cena de milh\u00f5es para a derrubada do governo em 2021, por variadas raz\u00f5es. Lula se recusou a ir \u00e1s ruas, e as sequelas subjetivas das derrotas acumuladas deixaram feridas abertas na consci\u00eancia dos setores mais organizados. Mas n\u00e3o h\u00e1 atalhos na luta de classes. O mal-estar com a imobilidade dos sindicatos, a apatia ou acomoda\u00e7\u00e3o maior ou menor das organiza\u00e7\u00f5es mais tradicionais, ou o eleitoralismo dos partidos de esquerda cresceu entre os jovens mais combativos. Mas a expectativa de que estamos de algum modo sempre nas v\u00e9speras de uma explos\u00e3o de f\u00faria dos setores mais sofridos do povo que possa ser um gatilho da entrada em cena da classe trabalhadora \u00e9, essencialmente, uma ilus\u00e3o, alimentada pelo desejo. Ilus\u00f5es revolucion\u00e1rias s\u00e3o a antessala do autoengano. Como a hist\u00f3ria nos ensinou, amargamente, depois de 1968, quando o melhor da vanguarda abra\u00e7ou a t\u00e1tica ultraesquerdista, descolar do movimento real das amplas massas conduz as for\u00e7as a um beco sem sa\u00edda.<\/p>\n<figure id=\"attachment_8998\" aria-describedby=\"caption-attachment-8998\" style=\"width: 1080px\" class=\"wp-caption alignnone\"><img loading=\"lazy\" decoding=\"async\" class=\"wp-image-8998 size-full\" src=\"https:\/\/renatodias.online\/movimento\/wp-content\/uploads\/2021\/09\/Fora-Jair-Messias-Bolsonaro.jpg\" alt=\"\" width=\"1080\" height=\"1080\" \/><figcaption id=\"caption-attachment-8998\" class=\"wp-caption-text\"><strong>Fora, Jair Messias Bolsonaro<\/strong><\/figcaption><\/figure>\n<p>Desde o ano passado, sob o impacto da experi\u00eancia catastr\u00f3fica da gest\u00e3o negacionista da pandemia, finalmente, uma inflex\u00e3o da conjuntura veio gerando uma maioria social contra o governo. Mas as mobiliza\u00e7\u00f5es da campanha Fora Bolsonaro foram insuficientes, por variados fatores, para conquistar o impeachment do neofascista, alimentando frustra\u00e7\u00e3o na vanguarda que saiu \u00e0s ruas. A aus\u00eancia dos grandes batalh\u00f5es da classe trabalhadora nas ruas alimenta frustra\u00e7\u00e3o. Ainda prevalece na classe oper\u00e1ria a inseguran\u00e7a e o medo pelo temor do desemprego, ou a hesita\u00e7\u00e3o e d\u00favida pela falta de confian\u00e7a em si pr\u00f3pria. Mas assim como \u00e9 errada a idealiza\u00e7\u00e3o da capacidade de luta dos trabalhadores, \u00e9 muito perigosa, tamb\u00e9m, a desesperan\u00e7a sobre seu papel no destino da luta socialista. A luta pol\u00edtica tem os seus tempos. 2016 n\u00e3o foi uma derrota hist\u00f3rica. N\u00e3o ser\u00e3o necess\u00e1rias d\u00e9cadas para que a classe trabalhadora se coloque em movimento. N\u00e3o desesperar.<\/p>\n<figure id=\"attachment_10144\" aria-describedby=\"caption-attachment-10144\" style=\"width: 1200px\" class=\"wp-caption alignnone\"><img loading=\"lazy\" decoding=\"async\" class=\"wp-image-10144 size-full\" src=\"https:\/\/renatodias.online\/movimento\/wp-content\/uploads\/2021\/12\/Lula-versus-Bolsonaro.jpg\" alt=\"\" width=\"1200\" height=\"718\" \/><figcaption id=\"caption-attachment-10144\" class=\"wp-caption-text\"><strong>Lula versus Jair Messias Bolsonaro _ uol.com.br<\/strong><\/figcaption><\/figure>\n<p>A irrita\u00e7\u00e3o e impaci\u00eancia cresceram na milit\u00e2ncia de esquerda mais combativa. Temos boas raz\u00f5es para o leg\u00edtimo descontentamento. Fazemos Atos contra as brutalidades da barb\u00e1rie social, reunindo alguns milhares. Organizamos campanhas de solidariedade para atenuar o sofrimento das v\u00edtimas, arrecadando doa\u00e7\u00f5es. Mas, prevalece uma sensa\u00e7\u00e3o de impot\u00eancia. Afinal, depois de tr\u00eas anos do pesadelo e ru\u00edna provocados pelo governo Bolsonaro, e apesar das mobiliza\u00e7\u00f5es entre maio e novembro do ano de 2021, a medi\u00e7\u00e3o de for\u00e7as com a extrema-direita ser\u00e1 feita, tardiamente, na campanha eleitoral que ter\u00e1 desenlace somente em outubro. E ser\u00e3o elei\u00e7\u00f5es plebiscit\u00e1rias que antecipar\u00e3o para o primeiro turno a disputa do segundo, entre Lula e Bolsonaro. A necessidade de derrotar Bolsonaro \u00e9 uma emerg\u00eancia t\u00e3o poderosa, e o tsunami de apoio a Lula \u00e9 uma onda t\u00e3o gigantesca que, praticamente, anularam a possibilidade de espa\u00e7o \u00e0 uma candidatura de esquerda anticapitalista.<\/p>\n<p><img loading=\"lazy\" decoding=\"async\" class=\"size-medium wp-image-9213 aligncenter\" src=\"https:\/\/renatodias.online\/movimento\/wp-content\/uploads\/2021\/10\/Bandeira-do-PSTU-300x287.jpg\" alt=\"\" width=\"300\" height=\"287\" \/><\/p>\n<p>Respeitar os limites impostos pela rela\u00e7\u00e3o pol\u00edtica de for\u00e7as n\u00e3o \u00e9 acomoda\u00e7\u00e3o t\u00e1tica, mas intelig\u00eancia pol\u00edtica. N\u00e3o se pode lutar contra tudo e contra todos ao mesmo tempo. Luta pol\u00edtica s\u00e9ria exige c\u00e1lculo. N\u00e3o se pode lutar contra Bolsonaro e, ao mesmo tempo, antecipar a luta de oposi\u00e7\u00e3o de esquerda a um poss\u00edvel e futuro governo Lula em 2023. Ainda assim, tr\u00eas candidaturas revolucion\u00e1rias j\u00e1 foram apresentadas pelo PSTU, PCB e UP: Vera L\u00facia, Sofia Manzano e Leo P\u00e9ricles. Merecem respeito pelo compromisso na constru\u00e7\u00e3o de suas organiza\u00e7\u00f5es. \u00c9 inevit\u00e1vel que desenvolvam campanhas em c\u00edrculos restritos. N\u00e3o h\u00e1 por que duvidar que denunciar\u00e3o Bolsonaro, mas n\u00e3o poder\u00e3o deixar de expor suas vis\u00f5es cr\u00edticas sobre Lula, o que \u00e9, tamb\u00e9m, justo. Na beira do abismo da marginalidade ser\u00e3o invis\u00edveis. O perigo incontorn\u00e1vel desta t\u00e1tica \u00e9 se verem reduzidos a candidaturas testemunhais, comentadoras da luta pol\u00edtica real. A esquerda marxista n\u00e3o deveria se resignar ao papel de partidos-museu<\/p>\n<figure id=\"attachment_9085\" aria-describedby=\"caption-attachment-9085\" style=\"width: 680px\" class=\"wp-caption aligncenter\"><img loading=\"lazy\" decoding=\"async\" class=\"wp-image-9085 size-full\" src=\"https:\/\/renatodias.online\/movimento\/wp-content\/uploads\/2021\/09\/Psol.jpg\" alt=\"\" width=\"680\" height=\"453\" \/><figcaption id=\"caption-attachment-9085\" class=\"wp-caption-text\"><strong>Bandeira do Psol<\/strong><\/figcaption><\/figure>\n<p>O Psol ir\u00e1 decidir seu posicionamento t\u00e1tico diante das elei\u00e7\u00f5es presidenciais em uma Confer\u00eancia Nacional. De acordo com a decis\u00e3o do Congresso de 2021, apresentou uma plataforma de doze medidas de emerg\u00eancia para discuss\u00e3o com o PT e PCdoB, e tem alertado que discorda da indica\u00e7\u00e3o de Geraldo Alckmin como vice de Lula. O Psol quer ser \u00fatil \u00e0 luta por um governo de esquerda. Esta orienta\u00e7\u00e3o obedece a uma interpreta\u00e7\u00e3o da rela\u00e7\u00e3o social de for\u00e7as na sociedade. A t\u00e1tica da Frente \u00danica de Esquerda responde \u00e0 maior prioridade: a necessidade de derrotar Bolsonaro. Mas considera, tamb\u00e9m, que o espa\u00e7o pol\u00edtico m\u00ednimo para a apresenta\u00e7\u00e3o de uma candidatura pr\u00f3pria do Ppol no primeiro turno, ao contr\u00e1rio de 2018, diminuiu muito. O Psol votou, tamb\u00e9m, em seu Congresso que n\u00e3o integrar\u00e1 nenhum governo de esquerda com partidos de direita, preservando a defesa da independ\u00eancia pol\u00edtica de classe. Flexibilidade t\u00e1tica e firmeza nos princ\u00edpios, um leninismo para o s\u00e9culo XXI. Confian\u00e7a na classe trabalhadora e muita paci\u00eancia. Temos um encontro marcado com a revolu\u00e7\u00e3o brasileira. <span style=\"color: #ff0000;\"><strong>Ela vir\u00e1.<\/strong><\/span><\/p>\n<figure id=\"attachment_10023\" aria-describedby=\"caption-attachment-10023\" style=\"width: 1000px\" class=\"wp-caption alignnone\"><img loading=\"lazy\" decoding=\"async\" class=\"wp-image-10023 size-full\" src=\"https:\/\/renatodias.online\/movimento\/wp-content\/uploads\/2021\/12\/Leon-Trotski-Principal.jpg\" alt=\"\" width=\"1000\" height=\"626\" \/><figcaption id=\"caption-attachment-10023\" class=\"wp-caption-text\"><strong>Leon Trotski<\/strong><\/figcaption><\/figure>\n<p style=\"text-align: center;\"><span style=\"color: #ff0000;\"><strong>O artigo n\u00e3o reflete, necessariamente, a opini\u00e3o do Portal de Not\u00edcias <\/strong>www.<strong>renatodias.online<\/strong><\/span><\/p>\n<p>&nbsp;<\/p>\n","protected":false},"excerpt":{"rendered":"<p>Afli\u00e7\u00f5es revolucion\u00e1rias Val\u00e9rio Arcary O ano de 2022 come\u00e7ou muito mal. Existe ansiedade nas fileiras dos setores de vanguarda mais radicalizada nos movimentos sociais. Amargura, ang\u00fastia e afli\u00e7\u00e3o aumentaram diante da extrema lentid\u00e3o da luta contra o neofascista. Muito compreens\u00edvel o desgosto, se consideramos o desastre que se aprofunda, dia ap\u00f3s dia, impunemente: (a) o<\/p>\n","protected":false},"author":2,"featured_media":8472,"comment_status":"open","ping_status":"open","sticky":false,"template":"","format":"standard","meta":{"_acf_changed":false,"_monsterinsights_skip_tracking":false,"_monsterinsights_sitenote_active":false,"_monsterinsights_sitenote_note":"","_monsterinsights_sitenote_category":0,"footnotes":""},"categories":[83],"tags":[],"class_list":["post-10871","post","type-post","status-publish","format-standard","has-post-thumbnail","hentry","category-opiniao"],"acf":[],"yoast_head":"<!-- This site is optimized with the Yoast SEO plugin v27.4 - https:\/\/yoast.com\/product\/yoast-seo-wordpress\/ -->\n<title>Afli\u00e7\u00f5es revolucion\u00e1rias -<\/title>\n<meta name=\"robots\" content=\"index, follow, max-snippet:-1, max-image-preview:large, max-video-preview:-1\" \/>\n<link rel=\"canonical\" href=\"https:\/\/renatodias.online\/movimento\/2022\/02\/18\/aflicoes-revolucionarias\/\" \/>\n<meta property=\"og:locale\" content=\"pt_BR\" \/>\n<meta property=\"og:type\" content=\"article\" \/>\n<meta property=\"og:title\" content=\"Afli\u00e7\u00f5es revolucion\u00e1rias -\" \/>\n<meta property=\"og:description\" content=\"Afli\u00e7\u00f5es revolucion\u00e1rias Val\u00e9rio Arcary O ano de 2022 come\u00e7ou muito mal. Existe ansiedade nas fileiras dos setores de vanguarda mais radicalizada nos movimentos sociais. Amargura, ang\u00fastia e afli\u00e7\u00e3o aumentaram diante da extrema lentid\u00e3o da luta contra o neofascista. Muito compreens\u00edvel o desgosto, se consideramos o desastre que se aprofunda, dia ap\u00f3s dia, impunemente: (a) o\" \/>\n<meta property=\"og:url\" content=\"https:\/\/renatodias.online\/movimento\/2022\/02\/18\/aflicoes-revolucionarias\/\" \/>\n<meta property=\"article:publisher\" content=\"https:\/\/www.facebook.com\/renato.dias.37\" \/>\n<meta property=\"article:author\" content=\"https:\/\/www.facebook.com\/renato.dias.37\" \/>\n<meta property=\"article:published_time\" content=\"2022-02-19T00:42:18+00:00\" \/>\n<meta property=\"article:modified_time\" content=\"2022-02-19T00:49:58+00:00\" \/>\n<meta property=\"og:image\" content=\"https:\/\/renatodias.online\/movimento\/wp-content\/uploads\/2021\/08\/Valerio-Arcary-novo-e1646701322486.jpg\" \/>\n\t<meta property=\"og:image:width\" content=\"360\" \/>\n\t<meta property=\"og:image:height\" content=\"244\" \/>\n\t<meta property=\"og:image:type\" content=\"image\/jpeg\" \/>\n<meta name=\"author\" content=\"Renato Dias\" \/>\n<meta name=\"twitter:card\" content=\"summary_large_image\" \/>\n<meta name=\"twitter:creator\" content=\"@RenatoDiasBat\" \/>\n<meta name=\"twitter:site\" content=\"@RenatoDiasBat\" \/>\n<meta name=\"twitter:label1\" content=\"Escrito por\" \/>\n\t<meta name=\"twitter:data1\" content=\"Renato Dias\" \/>\n\t<meta name=\"twitter:label2\" content=\"Est. tempo de leitura\" \/>\n\t<meta name=\"twitter:data2\" content=\"7 minutos\" \/>\n<script type=\"application\/ld+json\" class=\"yoast-schema-graph\">{\"@context\":\"https:\\\/\\\/schema.org\",\"@graph\":[{\"@type\":\"Article\",\"@id\":\"https:\\\/\\\/renatodias.online\\\/movimento\\\/2022\\\/02\\\/18\\\/aflicoes-revolucionarias\\\/#article\",\"isPartOf\":{\"@id\":\"https:\\\/\\\/renatodias.online\\\/movimento\\\/2022\\\/02\\\/18\\\/aflicoes-revolucionarias\\\/\"},\"author\":{\"name\":\"Renato Dias\",\"@id\":\"https:\\\/\\\/renatodias.online\\\/movimento\\\/#\\\/schema\\\/person\\\/bbab28833b1725a20f4083f49f1fb2a9\"},\"headline\":\"Afli\u00e7\u00f5es revolucion\u00e1rias\",\"datePublished\":\"2022-02-19T00:42:18+00:00\",\"dateModified\":\"2022-02-19T00:49:58+00:00\",\"mainEntityOfPage\":{\"@id\":\"https:\\\/\\\/renatodias.online\\\/movimento\\\/2022\\\/02\\\/18\\\/aflicoes-revolucionarias\\\/\"},\"wordCount\":1445,\"commentCount\":0,\"publisher\":{\"@id\":\"https:\\\/\\\/renatodias.online\\\/movimento\\\/#\\\/schema\\\/person\\\/bbab28833b1725a20f4083f49f1fb2a9\"},\"image\":{\"@id\":\"https:\\\/\\\/renatodias.online\\\/movimento\\\/2022\\\/02\\\/18\\\/aflicoes-revolucionarias\\\/#primaryimage\"},\"thumbnailUrl\":\"https:\\\/\\\/renatodias.online\\\/movimento\\\/wp-content\\\/uploads\\\/2021\\\/08\\\/Valerio-Arcary-novo.jpg\",\"articleSection\":[\"Opini\u00e3o\"],\"inLanguage\":\"pt-BR\",\"potentialAction\":[{\"@type\":\"CommentAction\",\"name\":\"Comment\",\"target\":[\"https:\\\/\\\/renatodias.online\\\/movimento\\\/2022\\\/02\\\/18\\\/aflicoes-revolucionarias\\\/#respond\"]}]},{\"@type\":\"WebPage\",\"@id\":\"https:\\\/\\\/renatodias.online\\\/movimento\\\/2022\\\/02\\\/18\\\/aflicoes-revolucionarias\\\/\",\"url\":\"https:\\\/\\\/renatodias.online\\\/movimento\\\/2022\\\/02\\\/18\\\/aflicoes-revolucionarias\\\/\",\"name\":\"Afli\u00e7\u00f5es revolucion\u00e1rias -\",\"isPartOf\":{\"@id\":\"https:\\\/\\\/renatodias.online\\\/movimento\\\/#website\"},\"primaryImageOfPage\":{\"@id\":\"https:\\\/\\\/renatodias.online\\\/movimento\\\/2022\\\/02\\\/18\\\/aflicoes-revolucionarias\\\/#primaryimage\"},\"image\":{\"@id\":\"https:\\\/\\\/renatodias.online\\\/movimento\\\/2022\\\/02\\\/18\\\/aflicoes-revolucionarias\\\/#primaryimage\"},\"thumbnailUrl\":\"https:\\\/\\\/renatodias.online\\\/movimento\\\/wp-content\\\/uploads\\\/2021\\\/08\\\/Valerio-Arcary-novo.jpg\",\"datePublished\":\"2022-02-19T00:42:18+00:00\",\"dateModified\":\"2022-02-19T00:49:58+00:00\",\"breadcrumb\":{\"@id\":\"https:\\\/\\\/renatodias.online\\\/movimento\\\/2022\\\/02\\\/18\\\/aflicoes-revolucionarias\\\/#breadcrumb\"},\"inLanguage\":\"pt-BR\",\"potentialAction\":[{\"@type\":\"ReadAction\",\"target\":[\"https:\\\/\\\/renatodias.online\\\/movimento\\\/2022\\\/02\\\/18\\\/aflicoes-revolucionarias\\\/\"]}]},{\"@type\":\"ImageObject\",\"inLanguage\":\"pt-BR\",\"@id\":\"https:\\\/\\\/renatodias.online\\\/movimento\\\/2022\\\/02\\\/18\\\/aflicoes-revolucionarias\\\/#primaryimage\",\"url\":\"https:\\\/\\\/renatodias.online\\\/movimento\\\/wp-content\\\/uploads\\\/2021\\\/08\\\/Valerio-Arcary-novo.jpg\",\"contentUrl\":\"https:\\\/\\\/renatodias.online\\\/movimento\\\/wp-content\\\/uploads\\\/2021\\\/08\\\/Valerio-Arcary-novo.jpg\",\"width\":512,\"height\":347,\"caption\":\"Valerio Arcary\"},{\"@type\":\"BreadcrumbList\",\"@id\":\"https:\\\/\\\/renatodias.online\\\/movimento\\\/2022\\\/02\\\/18\\\/aflicoes-revolucionarias\\\/#breadcrumb\",\"itemListElement\":[{\"@type\":\"ListItem\",\"position\":1,\"name\":\"In\u00edcio\",\"item\":\"https:\\\/\\\/renatodias.online\\\/movimento\\\/\"},{\"@type\":\"ListItem\",\"position\":2,\"name\":\"Afli\u00e7\u00f5es revolucion\u00e1rias\"}]},{\"@type\":\"WebSite\",\"@id\":\"https:\\\/\\\/renatodias.online\\\/movimento\\\/#website\",\"url\":\"https:\\\/\\\/renatodias.online\\\/movimento\\\/\",\"name\":\"\",\"description\":\"\",\"publisher\":{\"@id\":\"https:\\\/\\\/renatodias.online\\\/movimento\\\/#\\\/schema\\\/person\\\/bbab28833b1725a20f4083f49f1fb2a9\"},\"potentialAction\":[{\"@type\":\"SearchAction\",\"target\":{\"@type\":\"EntryPoint\",\"urlTemplate\":\"https:\\\/\\\/renatodias.online\\\/movimento\\\/?s={search_term_string}\"},\"query-input\":{\"@type\":\"PropertyValueSpecification\",\"valueRequired\":true,\"valueName\":\"search_term_string\"}}],\"inLanguage\":\"pt-BR\"},{\"@type\":[\"Person\",\"Organization\"],\"@id\":\"https:\\\/\\\/renatodias.online\\\/movimento\\\/#\\\/schema\\\/person\\\/bbab28833b1725a20f4083f49f1fb2a9\",\"name\":\"Renato Dias\",\"image\":{\"@type\":\"ImageObject\",\"inLanguage\":\"pt-BR\",\"@id\":\"https:\\\/\\\/renatodias.online\\\/movimento\\\/wp-content\\\/uploads\\\/2023\\\/03\\\/cropped-cropped-cropped-logofinal.jpeg\",\"url\":\"https:\\\/\\\/renatodias.online\\\/movimento\\\/wp-content\\\/uploads\\\/2023\\\/03\\\/cropped-cropped-cropped-logofinal.jpeg\",\"contentUrl\":\"https:\\\/\\\/renatodias.online\\\/movimento\\\/wp-content\\\/uploads\\\/2023\\\/03\\\/cropped-cropped-cropped-logofinal.jpeg\",\"width\":1280,\"height\":219,\"caption\":\"Renato Dias\"},\"logo\":{\"@id\":\"https:\\\/\\\/renatodias.online\\\/movimento\\\/wp-content\\\/uploads\\\/2023\\\/03\\\/cropped-cropped-cropped-logofinal.jpeg\"},\"description\":\"Renato Dias, 58 anos, \u00e9 graduado em Jornalismo, formado em Ci\u00eancias Sociais, com p\u00f3s-gradua\u00e7\u00e3o em Pol\u00edticas P\u00fablicas, mestre em Direito e Rela\u00e7\u00f5es Internacionais, ex-aluno extraordin\u00e1rio do Doutorado em Psicologia Social, ex-estudante do Curso de Psican\u00e1lise do Centro de Estudos Psicanal\u00edticos do Estado de Goi\u00e1s, ministrado pelo m\u00e9dico psiquiatra e psicanalista Daniel Em\u00eddio de Souza. \u00c9 autor de 30 livros-reportagem, oito document\u00e1rios, ganhou 30 pr\u00eamios e \u00e9 torcedor apaixonado do maior do Centro-Oeste, o Vila Nova Futebol Clube. Casado com Meirilane Dias, \u00e9 pai de Juliana Dias, jornalista; Daniel Dias, economista; e Maria Rosa Dias, estudante antifascista, socialista e trotskista.\u00a0Com tr\u00eas pets: Porquinho [Bull Dog Franc\u00eas], Dalila [Basset Hound] e Geleia [Basset Hound]. Al\u00e9m do eterno gato Tutuquinho, que virou estrela.\",\"sameAs\":[\"https:\\\/\\\/www.facebook.com\\\/renato.dias.37\",\"#breve\",\"https:\\\/\\\/renatodias.tumblr.com\\\/\"],\"url\":\"https:\\\/\\\/renatodias.online\\\/movimento\\\/author\\\/renatodias\\\/\"}]}<\/script>\n<!-- \/ Yoast SEO plugin. -->","yoast_head_json":{"title":"Afli\u00e7\u00f5es revolucion\u00e1rias -","robots":{"index":"index","follow":"follow","max-snippet":"max-snippet:-1","max-image-preview":"max-image-preview:large","max-video-preview":"max-video-preview:-1"},"canonical":"https:\/\/renatodias.online\/movimento\/2022\/02\/18\/aflicoes-revolucionarias\/","og_locale":"pt_BR","og_type":"article","og_title":"Afli\u00e7\u00f5es revolucion\u00e1rias -","og_description":"Afli\u00e7\u00f5es revolucion\u00e1rias Val\u00e9rio Arcary O ano de 2022 come\u00e7ou muito mal. Existe ansiedade nas fileiras dos setores de vanguarda mais radicalizada nos movimentos sociais. Amargura, ang\u00fastia e afli\u00e7\u00e3o aumentaram diante da extrema lentid\u00e3o da luta contra o neofascista. Muito compreens\u00edvel o desgosto, se consideramos o desastre que se aprofunda, dia ap\u00f3s dia, impunemente: (a) o","og_url":"https:\/\/renatodias.online\/movimento\/2022\/02\/18\/aflicoes-revolucionarias\/","article_publisher":"https:\/\/www.facebook.com\/renato.dias.37","article_author":"https:\/\/www.facebook.com\/renato.dias.37","article_published_time":"2022-02-19T00:42:18+00:00","article_modified_time":"2022-02-19T00:49:58+00:00","og_image":[{"width":360,"height":244,"url":"https:\/\/renatodias.online\/movimento\/wp-content\/uploads\/2021\/08\/Valerio-Arcary-novo-e1646701322486.jpg","type":"image\/jpeg"}],"author":"Renato Dias","twitter_card":"summary_large_image","twitter_creator":"@RenatoDiasBat","twitter_site":"@RenatoDiasBat","twitter_misc":{"Escrito por":"Renato Dias","Est. tempo de leitura":"7 minutos"},"schema":{"@context":"https:\/\/schema.org","@graph":[{"@type":"Article","@id":"https:\/\/renatodias.online\/movimento\/2022\/02\/18\/aflicoes-revolucionarias\/#article","isPartOf":{"@id":"https:\/\/renatodias.online\/movimento\/2022\/02\/18\/aflicoes-revolucionarias\/"},"author":{"name":"Renato Dias","@id":"https:\/\/renatodias.online\/movimento\/#\/schema\/person\/bbab28833b1725a20f4083f49f1fb2a9"},"headline":"Afli\u00e7\u00f5es revolucion\u00e1rias","datePublished":"2022-02-19T00:42:18+00:00","dateModified":"2022-02-19T00:49:58+00:00","mainEntityOfPage":{"@id":"https:\/\/renatodias.online\/movimento\/2022\/02\/18\/aflicoes-revolucionarias\/"},"wordCount":1445,"commentCount":0,"publisher":{"@id":"https:\/\/renatodias.online\/movimento\/#\/schema\/person\/bbab28833b1725a20f4083f49f1fb2a9"},"image":{"@id":"https:\/\/renatodias.online\/movimento\/2022\/02\/18\/aflicoes-revolucionarias\/#primaryimage"},"thumbnailUrl":"https:\/\/renatodias.online\/movimento\/wp-content\/uploads\/2021\/08\/Valerio-Arcary-novo.jpg","articleSection":["Opini\u00e3o"],"inLanguage":"pt-BR","potentialAction":[{"@type":"CommentAction","name":"Comment","target":["https:\/\/renatodias.online\/movimento\/2022\/02\/18\/aflicoes-revolucionarias\/#respond"]}]},{"@type":"WebPage","@id":"https:\/\/renatodias.online\/movimento\/2022\/02\/18\/aflicoes-revolucionarias\/","url":"https:\/\/renatodias.online\/movimento\/2022\/02\/18\/aflicoes-revolucionarias\/","name":"Afli\u00e7\u00f5es revolucion\u00e1rias -","isPartOf":{"@id":"https:\/\/renatodias.online\/movimento\/#website"},"primaryImageOfPage":{"@id":"https:\/\/renatodias.online\/movimento\/2022\/02\/18\/aflicoes-revolucionarias\/#primaryimage"},"image":{"@id":"https:\/\/renatodias.online\/movimento\/2022\/02\/18\/aflicoes-revolucionarias\/#primaryimage"},"thumbnailUrl":"https:\/\/renatodias.online\/movimento\/wp-content\/uploads\/2021\/08\/Valerio-Arcary-novo.jpg","datePublished":"2022-02-19T00:42:18+00:00","dateModified":"2022-02-19T00:49:58+00:00","breadcrumb":{"@id":"https:\/\/renatodias.online\/movimento\/2022\/02\/18\/aflicoes-revolucionarias\/#breadcrumb"},"inLanguage":"pt-BR","potentialAction":[{"@type":"ReadAction","target":["https:\/\/renatodias.online\/movimento\/2022\/02\/18\/aflicoes-revolucionarias\/"]}]},{"@type":"ImageObject","inLanguage":"pt-BR","@id":"https:\/\/renatodias.online\/movimento\/2022\/02\/18\/aflicoes-revolucionarias\/#primaryimage","url":"https:\/\/renatodias.online\/movimento\/wp-content\/uploads\/2021\/08\/Valerio-Arcary-novo.jpg","contentUrl":"https:\/\/renatodias.online\/movimento\/wp-content\/uploads\/2021\/08\/Valerio-Arcary-novo.jpg","width":512,"height":347,"caption":"Valerio Arcary"},{"@type":"BreadcrumbList","@id":"https:\/\/renatodias.online\/movimento\/2022\/02\/18\/aflicoes-revolucionarias\/#breadcrumb","itemListElement":[{"@type":"ListItem","position":1,"name":"In\u00edcio","item":"https:\/\/renatodias.online\/movimento\/"},{"@type":"ListItem","position":2,"name":"Afli\u00e7\u00f5es revolucion\u00e1rias"}]},{"@type":"WebSite","@id":"https:\/\/renatodias.online\/movimento\/#website","url":"https:\/\/renatodias.online\/movimento\/","name":"","description":"","publisher":{"@id":"https:\/\/renatodias.online\/movimento\/#\/schema\/person\/bbab28833b1725a20f4083f49f1fb2a9"},"potentialAction":[{"@type":"SearchAction","target":{"@type":"EntryPoint","urlTemplate":"https:\/\/renatodias.online\/movimento\/?s={search_term_string}"},"query-input":{"@type":"PropertyValueSpecification","valueRequired":true,"valueName":"search_term_string"}}],"inLanguage":"pt-BR"},{"@type":["Person","Organization"],"@id":"https:\/\/renatodias.online\/movimento\/#\/schema\/person\/bbab28833b1725a20f4083f49f1fb2a9","name":"Renato Dias","image":{"@type":"ImageObject","inLanguage":"pt-BR","@id":"https:\/\/renatodias.online\/movimento\/wp-content\/uploads\/2023\/03\/cropped-cropped-cropped-logofinal.jpeg","url":"https:\/\/renatodias.online\/movimento\/wp-content\/uploads\/2023\/03\/cropped-cropped-cropped-logofinal.jpeg","contentUrl":"https:\/\/renatodias.online\/movimento\/wp-content\/uploads\/2023\/03\/cropped-cropped-cropped-logofinal.jpeg","width":1280,"height":219,"caption":"Renato Dias"},"logo":{"@id":"https:\/\/renatodias.online\/movimento\/wp-content\/uploads\/2023\/03\/cropped-cropped-cropped-logofinal.jpeg"},"description":"Renato Dias, 58 anos, \u00e9 graduado em Jornalismo, formado em Ci\u00eancias Sociais, com p\u00f3s-gradua\u00e7\u00e3o em Pol\u00edticas P\u00fablicas, mestre em Direito e Rela\u00e7\u00f5es Internacionais, ex-aluno extraordin\u00e1rio do Doutorado em Psicologia Social, ex-estudante do Curso de Psican\u00e1lise do Centro de Estudos Psicanal\u00edticos do Estado de Goi\u00e1s, ministrado pelo m\u00e9dico psiquiatra e psicanalista Daniel Em\u00eddio de Souza. \u00c9 autor de 30 livros-reportagem, oito document\u00e1rios, ganhou 30 pr\u00eamios e \u00e9 torcedor apaixonado do maior do Centro-Oeste, o Vila Nova Futebol Clube. Casado com Meirilane Dias, \u00e9 pai de Juliana Dias, jornalista; Daniel Dias, economista; e Maria Rosa Dias, estudante antifascista, socialista e trotskista.\u00a0Com tr\u00eas pets: Porquinho [Bull Dog Franc\u00eas], Dalila [Basset Hound] e Geleia [Basset Hound]. Al\u00e9m do eterno gato Tutuquinho, que virou estrela.","sameAs":["https:\/\/www.facebook.com\/renato.dias.37","#breve","https:\/\/renatodias.tumblr.com\/"],"url":"https:\/\/renatodias.online\/movimento\/author\/renatodias\/"}]}},"_links":{"self":[{"href":"https:\/\/renatodias.online\/movimento\/wp-json\/wp\/v2\/posts\/10871","targetHints":{"allow":["GET"]}}],"collection":[{"href":"https:\/\/renatodias.online\/movimento\/wp-json\/wp\/v2\/posts"}],"about":[{"href":"https:\/\/renatodias.online\/movimento\/wp-json\/wp\/v2\/types\/post"}],"author":[{"embeddable":true,"href":"https:\/\/renatodias.online\/movimento\/wp-json\/wp\/v2\/users\/2"}],"replies":[{"embeddable":true,"href":"https:\/\/renatodias.online\/movimento\/wp-json\/wp\/v2\/comments?post=10871"}],"version-history":[{"count":5,"href":"https:\/\/renatodias.online\/movimento\/wp-json\/wp\/v2\/posts\/10871\/revisions"}],"predecessor-version":[{"id":10877,"href":"https:\/\/renatodias.online\/movimento\/wp-json\/wp\/v2\/posts\/10871\/revisions\/10877"}],"wp:featuredmedia":[{"embeddable":true,"href":"https:\/\/renatodias.online\/movimento\/wp-json\/wp\/v2\/media\/8472"}],"wp:attachment":[{"href":"https:\/\/renatodias.online\/movimento\/wp-json\/wp\/v2\/media?parent=10871"}],"wp:term":[{"taxonomy":"category","embeddable":true,"href":"https:\/\/renatodias.online\/movimento\/wp-json\/wp\/v2\/categories?post=10871"},{"taxonomy":"post_tag","embeddable":true,"href":"https:\/\/renatodias.online\/movimento\/wp-json\/wp\/v2\/tags?post=10871"}],"curies":[{"name":"wp","href":"https:\/\/api.w.org\/{rel}","templated":true}]}}