{"id":10863,"date":"2022-02-18T21:11:00","date_gmt":"2022-02-19T00:11:00","guid":{"rendered":"https:\/\/renatodias.online\/movimento\/?p=10863"},"modified":"2022-02-18T21:12:24","modified_gmt":"2022-02-19T00:12:24","slug":"gabinete-do-odio-com-kackers-da-russia","status":"publish","type":"post","link":"https:\/\/renatodias.online\/movimento\/2022\/02\/18\/gabinete-do-odio-com-kackers-da-russia\/","title":{"rendered":"Gabinete do \u00d3dio com hackers da R\u00fassia?  \u00a0"},"content":{"rendered":"<h1><img loading=\"lazy\" decoding=\"async\" class=\"wp-image-10865 size-full aligncenter\" src=\"https:\/\/renatodias.online\/movimento\/wp-content\/uploads\/2022\/02\/Gabinete-do-odio.jpg\" alt=\"\" width=\"1200\" height=\"800\" \/><\/h1>\n<h1 style=\"text-align: center;\"><span style=\"color: #ff6600;\">Carlos Bolsonaro, 02, sob a mira<\/span><\/h1>\n<figure id=\"attachment_5888\" aria-describedby=\"caption-attachment-5888\" style=\"width: 300px\" class=\"wp-caption aligncenter\"><img loading=\"lazy\" decoding=\"async\" class=\"size-medium wp-image-5888\" src=\"https:\/\/renatodias.online\/movimento\/wp-content\/uploads\/2021\/04\/Bomba-A-morte-da-Politica-300x300.jpg\" alt=\"explosivo\" width=\"300\" height=\"300\" \/><figcaption id=\"caption-attachment-5888\" class=\"wp-caption-text\"><span style=\"color: #ff6600;\"><strong>explosivo<\/strong><\/span><\/figcaption><\/figure>\n<p><strong>Renato Dias<\/strong><\/p>\n<p>O Correio Braziliense informa que o Tribunal Superior Eleitoral [TSE] suspeita que o motivo de o <strong>filho 02<\/strong>, vereador do Rio de Janeiro, <strong>Carlos Bolsonaro<\/strong>, do atual presidente da Rep\u00fablica, Jair Messias Bolsonaro, integrar a comitiva oficial em viagem \u00e0 <strong>R\u00fassia<\/strong>, teria sido para estabelecer contatos com <strong>hackers <\/strong>que inundaram de <strong>Fake News<\/strong> as elei\u00e7\u00f5es de 2016, nos EUA. Eles contribu\u00edram para a elei\u00e7\u00e3o de Donald Trump. Republicano. Conservador.<\/p>\n<figure id=\"attachment_10866\" aria-describedby=\"caption-attachment-10866\" style=\"width: 840px\" class=\"wp-caption alignnone\"><img loading=\"lazy\" decoding=\"async\" class=\"wp-image-10866 size-full\" src=\"https:\/\/renatodias.online\/movimento\/wp-content\/uploads\/2022\/02\/Carlos-Bolsonaro.jpg\" alt=\"\" width=\"840\" height=\"560\" srcset=\"https:\/\/renatodias.online\/movimento\/wp-content\/uploads\/2022\/02\/Carlos-Bolsonaro.jpg 840w, https:\/\/renatodias.online\/movimento\/wp-content\/uploads\/2022\/02\/Carlos-Bolsonaro-300x200.jpg 300w, https:\/\/renatodias.online\/movimento\/wp-content\/uploads\/2022\/02\/Carlos-Bolsonaro-768x512.jpg 768w, https:\/\/renatodias.online\/movimento\/wp-content\/uploads\/2022\/02\/Carlos-Bolsonaro-360x240.jpg 360w, https:\/\/renatodias.online\/movimento\/wp-content\/uploads\/2022\/02\/Carlos-Bolsonaro-750x500.jpg 750w\" sizes=\"auto, (max-width: 840px) 100vw, 840px\" \/><figcaption id=\"caption-attachment-10866\" class=\"wp-caption-text\"><strong>Carlos Bolsonaro<\/strong><\/figcaption><\/figure>\n<h1><span style=\"color: #ff6600;\"><strong>Saiba mais<\/strong><\/span><\/h1>\n<p>N\u00e3o custa lembrar o leitor. Carlos Bolsonaro coordenar\u00e1 a campanha \u00e0 reelei\u00e7\u00e3o, nas redes sociais, do inquilino do Pal\u00e1cio do Planalto. O pleito ocorrer\u00e1, no primeiro turno, no dia 2 de outubro de 2022. Ele \u00e9 acusado de ser o arquiteto do suposto <strong>\u2018<\/strong><strong>Gabinete do \u00d3dio<\/strong><strong>\u2019<\/strong>. Sob investiga\u00e7\u00f5es tanto do Supremo Tribunal Federal <strong>[STF]<\/strong> quanto da Comiss\u00e3o Parlamentar de Inqu\u00e9rito <strong>[CPI]<\/strong> das Fake News, impulsionada pelo <strong>Congresso Nacional<\/strong>.<\/p>\n<p><img loading=\"lazy\" decoding=\"async\" class=\"size-medium wp-image-9167 aligncenter\" src=\"https:\/\/renatodias.online\/movimento\/wp-content\/uploads\/2021\/09\/Logo-da-interrogacao-268x300.jpg\" alt=\"\" width=\"268\" height=\"300\" \/><\/p>\n","protected":false},"excerpt":{"rendered":"<p>Carlos Bolsonaro, 02, sob a mira Renato Dias O Correio Braziliense informa que o Tribunal Superior Eleitoral [TSE] suspeita que o motivo de o filho 02, vereador do Rio de Janeiro, Carlos Bolsonaro, do atual presidente da Rep\u00fablica, Jair Messias Bolsonaro, integrar a comitiva oficial em viagem \u00e0 R\u00fassia, teria sido para estabelecer contatos com<\/p>\n","protected":false},"author":2,"featured_media":10864,"comment_status":"open","ping_status":"open","sticky":false,"template":"","format":"standard","meta":{"_acf_changed":false,"_monsterinsights_skip_tracking":false,"_monsterinsights_sitenote_active":false,"_monsterinsights_sitenote_note":"","_monsterinsights_sitenote_category":0,"footnotes":""},"categories":[4],"tags":[],"class_list":["post-10863","post","type-post","status-publish","format-standard","has-post-thumbnail","hentry","category-politica"],"acf":[],"yoast_head":"<!-- This site is optimized with the Yoast SEO plugin v27.4 - https:\/\/yoast.com\/product\/yoast-seo-wordpress\/ -->\n<title>Gabinete do \u00d3dio com hackers da R\u00fassia? \u00a0 -<\/title>\n<meta name=\"robots\" content=\"index, follow, max-snippet:-1, max-image-preview:large, max-video-preview:-1\" \/>\n<link rel=\"canonical\" href=\"https:\/\/renatodias.online\/movimento\/2022\/02\/18\/gabinete-do-odio-com-kackers-da-russia\/\" \/>\n<meta property=\"og:locale\" content=\"pt_BR\" \/>\n<meta property=\"og:type\" content=\"article\" \/>\n<meta property=\"og:title\" content=\"Gabinete do \u00d3dio com hackers da R\u00fassia? \u00a0 -\" \/>\n<meta property=\"og:description\" content=\"Carlos Bolsonaro, 02, sob a mira Renato Dias O Correio Braziliense informa que o Tribunal Superior Eleitoral [TSE] suspeita que o motivo de o filho 02, vereador do Rio de Janeiro, Carlos Bolsonaro, do atual presidente da Rep\u00fablica, Jair Messias Bolsonaro, integrar a comitiva oficial em viagem \u00e0 R\u00fassia, teria sido para estabelecer contatos com\" \/>\n<meta property=\"og:url\" content=\"https:\/\/renatodias.online\/movimento\/2022\/02\/18\/gabinete-do-odio-com-kackers-da-russia\/\" \/>\n<meta property=\"article:publisher\" content=\"https:\/\/www.facebook.com\/renato.dias.37\" \/>\n<meta property=\"article:author\" content=\"https:\/\/www.facebook.com\/renato.dias.37\" \/>\n<meta property=\"article:published_time\" content=\"2022-02-19T00:11:00+00:00\" \/>\n<meta property=\"article:modified_time\" content=\"2022-02-19T00:12:24+00:00\" \/>\n<meta property=\"og:image\" content=\"https:\/\/renatodias.online\/movimento\/wp-content\/uploads\/2022\/02\/Moscou.jpg\" \/>\n\t<meta property=\"og:image:width\" content=\"1000\" \/>\n\t<meta property=\"og:image:height\" content=\"1000\" \/>\n\t<meta property=\"og:image:type\" content=\"image\/jpeg\" \/>\n<meta name=\"author\" content=\"Renato Dias\" \/>\n<meta name=\"twitter:card\" content=\"summary_large_image\" \/>\n<meta name=\"twitter:creator\" content=\"@RenatoDiasBat\" \/>\n<meta name=\"twitter:site\" content=\"@RenatoDiasBat\" \/>\n<meta name=\"twitter:label1\" content=\"Escrito por\" \/>\n\t<meta name=\"twitter:data1\" content=\"Renato Dias\" \/>\n\t<meta name=\"twitter:label2\" content=\"Est. tempo de leitura\" \/>\n\t<meta name=\"twitter:data2\" content=\"1 minuto\" \/>\n<script type=\"application\/ld+json\" class=\"yoast-schema-graph\">{\"@context\":\"https:\\\/\\\/schema.org\",\"@graph\":[{\"@type\":\"Article\",\"@id\":\"https:\\\/\\\/renatodias.online\\\/movimento\\\/2022\\\/02\\\/18\\\/gabinete-do-odio-com-kackers-da-russia\\\/#article\",\"isPartOf\":{\"@id\":\"https:\\\/\\\/renatodias.online\\\/movimento\\\/2022\\\/02\\\/18\\\/gabinete-do-odio-com-kackers-da-russia\\\/\"},\"author\":{\"name\":\"Renato Dias\",\"@id\":\"https:\\\/\\\/renatodias.online\\\/movimento\\\/#\\\/schema\\\/person\\\/bbab28833b1725a20f4083f49f1fb2a9\"},\"headline\":\"Gabinete do \u00d3dio com hackers da R\u00fassia? \u00a0\",\"datePublished\":\"2022-02-19T00:11:00+00:00\",\"dateModified\":\"2022-02-19T00:12:24+00:00\",\"mainEntityOfPage\":{\"@id\":\"https:\\\/\\\/renatodias.online\\\/movimento\\\/2022\\\/02\\\/18\\\/gabinete-do-odio-com-kackers-da-russia\\\/\"},\"wordCount\":175,\"commentCount\":0,\"publisher\":{\"@id\":\"https:\\\/\\\/renatodias.online\\\/movimento\\\/#\\\/schema\\\/person\\\/bbab28833b1725a20f4083f49f1fb2a9\"},\"image\":{\"@id\":\"https:\\\/\\\/renatodias.online\\\/movimento\\\/2022\\\/02\\\/18\\\/gabinete-do-odio-com-kackers-da-russia\\\/#primaryimage\"},\"thumbnailUrl\":\"https:\\\/\\\/renatodias.online\\\/movimento\\\/wp-content\\\/uploads\\\/2022\\\/02\\\/Moscou.jpg\",\"articleSection\":[\"Pol\u00edtica\"],\"inLanguage\":\"pt-BR\",\"potentialAction\":[{\"@type\":\"CommentAction\",\"name\":\"Comment\",\"target\":[\"https:\\\/\\\/renatodias.online\\\/movimento\\\/2022\\\/02\\\/18\\\/gabinete-do-odio-com-kackers-da-russia\\\/#respond\"]}]},{\"@type\":\"WebPage\",\"@id\":\"https:\\\/\\\/renatodias.online\\\/movimento\\\/2022\\\/02\\\/18\\\/gabinete-do-odio-com-kackers-da-russia\\\/\",\"url\":\"https:\\\/\\\/renatodias.online\\\/movimento\\\/2022\\\/02\\\/18\\\/gabinete-do-odio-com-kackers-da-russia\\\/\",\"name\":\"Gabinete do \u00d3dio com hackers da R\u00fassia? \u00a0 -\",\"isPartOf\":{\"@id\":\"https:\\\/\\\/renatodias.online\\\/movimento\\\/#website\"},\"primaryImageOfPage\":{\"@id\":\"https:\\\/\\\/renatodias.online\\\/movimento\\\/2022\\\/02\\\/18\\\/gabinete-do-odio-com-kackers-da-russia\\\/#primaryimage\"},\"image\":{\"@id\":\"https:\\\/\\\/renatodias.online\\\/movimento\\\/2022\\\/02\\\/18\\\/gabinete-do-odio-com-kackers-da-russia\\\/#primaryimage\"},\"thumbnailUrl\":\"https:\\\/\\\/renatodias.online\\\/movimento\\\/wp-content\\\/uploads\\\/2022\\\/02\\\/Moscou.jpg\",\"datePublished\":\"2022-02-19T00:11:00+00:00\",\"dateModified\":\"2022-02-19T00:12:24+00:00\",\"breadcrumb\":{\"@id\":\"https:\\\/\\\/renatodias.online\\\/movimento\\\/2022\\\/02\\\/18\\\/gabinete-do-odio-com-kackers-da-russia\\\/#breadcrumb\"},\"inLanguage\":\"pt-BR\",\"potentialAction\":[{\"@type\":\"ReadAction\",\"target\":[\"https:\\\/\\\/renatodias.online\\\/movimento\\\/2022\\\/02\\\/18\\\/gabinete-do-odio-com-kackers-da-russia\\\/\"]}]},{\"@type\":\"ImageObject\",\"inLanguage\":\"pt-BR\",\"@id\":\"https:\\\/\\\/renatodias.online\\\/movimento\\\/2022\\\/02\\\/18\\\/gabinete-do-odio-com-kackers-da-russia\\\/#primaryimage\",\"url\":\"https:\\\/\\\/renatodias.online\\\/movimento\\\/wp-content\\\/uploads\\\/2022\\\/02\\\/Moscou.jpg\",\"contentUrl\":\"https:\\\/\\\/renatodias.online\\\/movimento\\\/wp-content\\\/uploads\\\/2022\\\/02\\\/Moscou.jpg\",\"width\":1000,\"height\":1000,\"caption\":\"Moscou, a capital da R\u00fassia\"},{\"@type\":\"BreadcrumbList\",\"@id\":\"https:\\\/\\\/renatodias.online\\\/movimento\\\/2022\\\/02\\\/18\\\/gabinete-do-odio-com-kackers-da-russia\\\/#breadcrumb\",\"itemListElement\":[{\"@type\":\"ListItem\",\"position\":1,\"name\":\"In\u00edcio\",\"item\":\"https:\\\/\\\/renatodias.online\\\/movimento\\\/\"},{\"@type\":\"ListItem\",\"position\":2,\"name\":\"Gabinete do \u00d3dio com hackers da R\u00fassia? \u00a0\"}]},{\"@type\":\"WebSite\",\"@id\":\"https:\\\/\\\/renatodias.online\\\/movimento\\\/#website\",\"url\":\"https:\\\/\\\/renatodias.online\\\/movimento\\\/\",\"name\":\"\",\"description\":\"\",\"publisher\":{\"@id\":\"https:\\\/\\\/renatodias.online\\\/movimento\\\/#\\\/schema\\\/person\\\/bbab28833b1725a20f4083f49f1fb2a9\"},\"potentialAction\":[{\"@type\":\"SearchAction\",\"target\":{\"@type\":\"EntryPoint\",\"urlTemplate\":\"https:\\\/\\\/renatodias.online\\\/movimento\\\/?s={search_term_string}\"},\"query-input\":{\"@type\":\"PropertyValueSpecification\",\"valueRequired\":true,\"valueName\":\"search_term_string\"}}],\"inLanguage\":\"pt-BR\"},{\"@type\":[\"Person\",\"Organization\"],\"@id\":\"https:\\\/\\\/renatodias.online\\\/movimento\\\/#\\\/schema\\\/person\\\/bbab28833b1725a20f4083f49f1fb2a9\",\"name\":\"Renato Dias\",\"image\":{\"@type\":\"ImageObject\",\"inLanguage\":\"pt-BR\",\"@id\":\"https:\\\/\\\/renatodias.online\\\/movimento\\\/wp-content\\\/uploads\\\/2023\\\/03\\\/cropped-cropped-cropped-logofinal.jpeg\",\"url\":\"https:\\\/\\\/renatodias.online\\\/movimento\\\/wp-content\\\/uploads\\\/2023\\\/03\\\/cropped-cropped-cropped-logofinal.jpeg\",\"contentUrl\":\"https:\\\/\\\/renatodias.online\\\/movimento\\\/wp-content\\\/uploads\\\/2023\\\/03\\\/cropped-cropped-cropped-logofinal.jpeg\",\"width\":1280,\"height\":219,\"caption\":\"Renato Dias\"},\"logo\":{\"@id\":\"https:\\\/\\\/renatodias.online\\\/movimento\\\/wp-content\\\/uploads\\\/2023\\\/03\\\/cropped-cropped-cropped-logofinal.jpeg\"},\"description\":\"Renato Dias, 58 anos, \u00e9 graduado em Jornalismo, formado em Ci\u00eancias Sociais, com p\u00f3s-gradua\u00e7\u00e3o em Pol\u00edticas P\u00fablicas, mestre em Direito e Rela\u00e7\u00f5es Internacionais, ex-aluno extraordin\u00e1rio do Doutorado em Psicologia Social, ex-estudante do Curso de Psican\u00e1lise do Centro de Estudos Psicanal\u00edticos do Estado de Goi\u00e1s, ministrado pelo m\u00e9dico psiquiatra e psicanalista Daniel Em\u00eddio de Souza. \u00c9 autor de 30 livros-reportagem, oito document\u00e1rios, ganhou 30 pr\u00eamios e \u00e9 torcedor apaixonado do maior do Centro-Oeste, o Vila Nova Futebol Clube. Casado com Meirilane Dias, \u00e9 pai de Juliana Dias, jornalista; Daniel Dias, economista; e Maria Rosa Dias, estudante antifascista, socialista e trotskista.\u00a0Com tr\u00eas pets: Porquinho [Bull Dog Franc\u00eas], Dalila [Basset Hound] e Geleia [Basset Hound]. Al\u00e9m do eterno gato Tutuquinho, que virou estrela.\",\"sameAs\":[\"https:\\\/\\\/www.facebook.com\\\/renato.dias.37\",\"#breve\",\"https:\\\/\\\/renatodias.tumblr.com\\\/\"],\"url\":\"https:\\\/\\\/renatodias.online\\\/movimento\\\/author\\\/renatodias\\\/\"}]}<\/script>\n<!-- \/ Yoast SEO plugin. -->","yoast_head_json":{"title":"Gabinete do \u00d3dio com hackers da R\u00fassia? \u00a0 -","robots":{"index":"index","follow":"follow","max-snippet":"max-snippet:-1","max-image-preview":"max-image-preview:large","max-video-preview":"max-video-preview:-1"},"canonical":"https:\/\/renatodias.online\/movimento\/2022\/02\/18\/gabinete-do-odio-com-kackers-da-russia\/","og_locale":"pt_BR","og_type":"article","og_title":"Gabinete do \u00d3dio com hackers da R\u00fassia? \u00a0 -","og_description":"Carlos Bolsonaro, 02, sob a mira Renato Dias O Correio Braziliense informa que o Tribunal Superior Eleitoral [TSE] suspeita que o motivo de o filho 02, vereador do Rio de Janeiro, Carlos Bolsonaro, do atual presidente da Rep\u00fablica, Jair Messias Bolsonaro, integrar a comitiva oficial em viagem \u00e0 R\u00fassia, teria sido para estabelecer contatos com","og_url":"https:\/\/renatodias.online\/movimento\/2022\/02\/18\/gabinete-do-odio-com-kackers-da-russia\/","article_publisher":"https:\/\/www.facebook.com\/renato.dias.37","article_author":"https:\/\/www.facebook.com\/renato.dias.37","article_published_time":"2022-02-19T00:11:00+00:00","article_modified_time":"2022-02-19T00:12:24+00:00","og_image":[{"width":1000,"height":1000,"url":"https:\/\/renatodias.online\/movimento\/wp-content\/uploads\/2022\/02\/Moscou.jpg","type":"image\/jpeg"}],"author":"Renato Dias","twitter_card":"summary_large_image","twitter_creator":"@RenatoDiasBat","twitter_site":"@RenatoDiasBat","twitter_misc":{"Escrito por":"Renato Dias","Est. tempo de leitura":"1 minuto"},"schema":{"@context":"https:\/\/schema.org","@graph":[{"@type":"Article","@id":"https:\/\/renatodias.online\/movimento\/2022\/02\/18\/gabinete-do-odio-com-kackers-da-russia\/#article","isPartOf":{"@id":"https:\/\/renatodias.online\/movimento\/2022\/02\/18\/gabinete-do-odio-com-kackers-da-russia\/"},"author":{"name":"Renato Dias","@id":"https:\/\/renatodias.online\/movimento\/#\/schema\/person\/bbab28833b1725a20f4083f49f1fb2a9"},"headline":"Gabinete do \u00d3dio com hackers da R\u00fassia? \u00a0","datePublished":"2022-02-19T00:11:00+00:00","dateModified":"2022-02-19T00:12:24+00:00","mainEntityOfPage":{"@id":"https:\/\/renatodias.online\/movimento\/2022\/02\/18\/gabinete-do-odio-com-kackers-da-russia\/"},"wordCount":175,"commentCount":0,"publisher":{"@id":"https:\/\/renatodias.online\/movimento\/#\/schema\/person\/bbab28833b1725a20f4083f49f1fb2a9"},"image":{"@id":"https:\/\/renatodias.online\/movimento\/2022\/02\/18\/gabinete-do-odio-com-kackers-da-russia\/#primaryimage"},"thumbnailUrl":"https:\/\/renatodias.online\/movimento\/wp-content\/uploads\/2022\/02\/Moscou.jpg","articleSection":["Pol\u00edtica"],"inLanguage":"pt-BR","potentialAction":[{"@type":"CommentAction","name":"Comment","target":["https:\/\/renatodias.online\/movimento\/2022\/02\/18\/gabinete-do-odio-com-kackers-da-russia\/#respond"]}]},{"@type":"WebPage","@id":"https:\/\/renatodias.online\/movimento\/2022\/02\/18\/gabinete-do-odio-com-kackers-da-russia\/","url":"https:\/\/renatodias.online\/movimento\/2022\/02\/18\/gabinete-do-odio-com-kackers-da-russia\/","name":"Gabinete do \u00d3dio com hackers da R\u00fassia? \u00a0 -","isPartOf":{"@id":"https:\/\/renatodias.online\/movimento\/#website"},"primaryImageOfPage":{"@id":"https:\/\/renatodias.online\/movimento\/2022\/02\/18\/gabinete-do-odio-com-kackers-da-russia\/#primaryimage"},"image":{"@id":"https:\/\/renatodias.online\/movimento\/2022\/02\/18\/gabinete-do-odio-com-kackers-da-russia\/#primaryimage"},"thumbnailUrl":"https:\/\/renatodias.online\/movimento\/wp-content\/uploads\/2022\/02\/Moscou.jpg","datePublished":"2022-02-19T00:11:00+00:00","dateModified":"2022-02-19T00:12:24+00:00","breadcrumb":{"@id":"https:\/\/renatodias.online\/movimento\/2022\/02\/18\/gabinete-do-odio-com-kackers-da-russia\/#breadcrumb"},"inLanguage":"pt-BR","potentialAction":[{"@type":"ReadAction","target":["https:\/\/renatodias.online\/movimento\/2022\/02\/18\/gabinete-do-odio-com-kackers-da-russia\/"]}]},{"@type":"ImageObject","inLanguage":"pt-BR","@id":"https:\/\/renatodias.online\/movimento\/2022\/02\/18\/gabinete-do-odio-com-kackers-da-russia\/#primaryimage","url":"https:\/\/renatodias.online\/movimento\/wp-content\/uploads\/2022\/02\/Moscou.jpg","contentUrl":"https:\/\/renatodias.online\/movimento\/wp-content\/uploads\/2022\/02\/Moscou.jpg","width":1000,"height":1000,"caption":"Moscou, a capital da R\u00fassia"},{"@type":"BreadcrumbList","@id":"https:\/\/renatodias.online\/movimento\/2022\/02\/18\/gabinete-do-odio-com-kackers-da-russia\/#breadcrumb","itemListElement":[{"@type":"ListItem","position":1,"name":"In\u00edcio","item":"https:\/\/renatodias.online\/movimento\/"},{"@type":"ListItem","position":2,"name":"Gabinete do \u00d3dio com hackers da R\u00fassia? \u00a0"}]},{"@type":"WebSite","@id":"https:\/\/renatodias.online\/movimento\/#website","url":"https:\/\/renatodias.online\/movimento\/","name":"","description":"","publisher":{"@id":"https:\/\/renatodias.online\/movimento\/#\/schema\/person\/bbab28833b1725a20f4083f49f1fb2a9"},"potentialAction":[{"@type":"SearchAction","target":{"@type":"EntryPoint","urlTemplate":"https:\/\/renatodias.online\/movimento\/?s={search_term_string}"},"query-input":{"@type":"PropertyValueSpecification","valueRequired":true,"valueName":"search_term_string"}}],"inLanguage":"pt-BR"},{"@type":["Person","Organization"],"@id":"https:\/\/renatodias.online\/movimento\/#\/schema\/person\/bbab28833b1725a20f4083f49f1fb2a9","name":"Renato Dias","image":{"@type":"ImageObject","inLanguage":"pt-BR","@id":"https:\/\/renatodias.online\/movimento\/wp-content\/uploads\/2023\/03\/cropped-cropped-cropped-logofinal.jpeg","url":"https:\/\/renatodias.online\/movimento\/wp-content\/uploads\/2023\/03\/cropped-cropped-cropped-logofinal.jpeg","contentUrl":"https:\/\/renatodias.online\/movimento\/wp-content\/uploads\/2023\/03\/cropped-cropped-cropped-logofinal.jpeg","width":1280,"height":219,"caption":"Renato Dias"},"logo":{"@id":"https:\/\/renatodias.online\/movimento\/wp-content\/uploads\/2023\/03\/cropped-cropped-cropped-logofinal.jpeg"},"description":"Renato Dias, 58 anos, \u00e9 graduado em Jornalismo, formado em Ci\u00eancias Sociais, com p\u00f3s-gradua\u00e7\u00e3o em Pol\u00edticas P\u00fablicas, mestre em Direito e Rela\u00e7\u00f5es Internacionais, ex-aluno extraordin\u00e1rio do Doutorado em Psicologia Social, ex-estudante do Curso de Psican\u00e1lise do Centro de Estudos Psicanal\u00edticos do Estado de Goi\u00e1s, ministrado pelo m\u00e9dico psiquiatra e psicanalista Daniel Em\u00eddio de Souza. \u00c9 autor de 30 livros-reportagem, oito document\u00e1rios, ganhou 30 pr\u00eamios e \u00e9 torcedor apaixonado do maior do Centro-Oeste, o Vila Nova Futebol Clube. Casado com Meirilane Dias, \u00e9 pai de Juliana Dias, jornalista; Daniel Dias, economista; e Maria Rosa Dias, estudante antifascista, socialista e trotskista.\u00a0Com tr\u00eas pets: Porquinho [Bull Dog Franc\u00eas], Dalila [Basset Hound] e Geleia [Basset Hound]. Al\u00e9m do eterno gato Tutuquinho, que virou estrela.","sameAs":["https:\/\/www.facebook.com\/renato.dias.37","#breve","https:\/\/renatodias.tumblr.com\/"],"url":"https:\/\/renatodias.online\/movimento\/author\/renatodias\/"}]}},"_links":{"self":[{"href":"https:\/\/renatodias.online\/movimento\/wp-json\/wp\/v2\/posts\/10863","targetHints":{"allow":["GET"]}}],"collection":[{"href":"https:\/\/renatodias.online\/movimento\/wp-json\/wp\/v2\/posts"}],"about":[{"href":"https:\/\/renatodias.online\/movimento\/wp-json\/wp\/v2\/types\/post"}],"author":[{"embeddable":true,"href":"https:\/\/renatodias.online\/movimento\/wp-json\/wp\/v2\/users\/2"}],"replies":[{"embeddable":true,"href":"https:\/\/renatodias.online\/movimento\/wp-json\/wp\/v2\/comments?post=10863"}],"version-history":[{"count":2,"href":"https:\/\/renatodias.online\/movimento\/wp-json\/wp\/v2\/posts\/10863\/revisions"}],"predecessor-version":[{"id":10868,"href":"https:\/\/renatodias.online\/movimento\/wp-json\/wp\/v2\/posts\/10863\/revisions\/10868"}],"wp:featuredmedia":[{"embeddable":true,"href":"https:\/\/renatodias.online\/movimento\/wp-json\/wp\/v2\/media\/10864"}],"wp:attachment":[{"href":"https:\/\/renatodias.online\/movimento\/wp-json\/wp\/v2\/media?parent=10863"}],"wp:term":[{"taxonomy":"category","embeddable":true,"href":"https:\/\/renatodias.online\/movimento\/wp-json\/wp\/v2\/categories?post=10863"},{"taxonomy":"post_tag","embeddable":true,"href":"https:\/\/renatodias.online\/movimento\/wp-json\/wp\/v2\/tags?post=10863"}],"curies":[{"name":"wp","href":"https:\/\/api.w.org\/{rel}","templated":true}]}}