{"id":10854,"date":"2022-02-18T20:49:49","date_gmt":"2022-02-18T23:49:49","guid":{"rendered":"https:\/\/renatodias.online\/movimento\/?p=10854"},"modified":"2022-02-18T20:49:49","modified_gmt":"2022-02-18T23:49:49","slug":"pc-do-b-teme-atentado-contra-lula","status":"publish","type":"post","link":"https:\/\/renatodias.online\/movimento\/2022\/02\/18\/pc-do-b-teme-atentado-contra-lula\/","title":{"rendered":"PC do B teme atentado contra Lula"},"content":{"rendered":"<p><strong><img loading=\"lazy\" decoding=\"async\" class=\"alignnone wp-image-7457 size-full\" src=\"https:\/\/renatodias.online\/movimento\/wp-content\/uploads\/2021\/06\/Sangue-_-1.jpeg\" alt=\"\" width=\"1620\" height=\"1080\" \/><\/strong><\/p>\n<h1 style=\"text-align: center;\"><span style=\"color: #ff0000;\"><strong>Isaura Lemos v\u00ea radicaliza\u00e7\u00e3o fascista<\/strong><\/span><\/h1>\n<figure id=\"attachment_10855\" aria-describedby=\"caption-attachment-10855\" style=\"width: 300px\" class=\"wp-caption aligncenter\"><img loading=\"lazy\" decoding=\"async\" class=\"wp-image-10855 size-medium\" src=\"https:\/\/renatodias.online\/movimento\/wp-content\/uploads\/2022\/02\/Alvo-300x212.jpg\" alt=\"\" width=\"300\" height=\"212\" srcset=\"https:\/\/renatodias.online\/movimento\/wp-content\/uploads\/2022\/02\/Alvo-300x212.jpg 300w, https:\/\/renatodias.online\/movimento\/wp-content\/uploads\/2022\/02\/Alvo-1448x1024.jpg 1448w, https:\/\/renatodias.online\/movimento\/wp-content\/uploads\/2022\/02\/Alvo-768x543.jpg 768w, https:\/\/renatodias.online\/movimento\/wp-content\/uploads\/2022\/02\/Alvo-1536x1086.jpg 1536w, https:\/\/renatodias.online\/movimento\/wp-content\/uploads\/2022\/02\/Alvo-165x116.jpg 165w, https:\/\/renatodias.online\/movimento\/wp-content\/uploads\/2022\/02\/Alvo-750x530.jpg 750w, https:\/\/renatodias.online\/movimento\/wp-content\/uploads\/2022\/02\/Alvo-85x60.jpg 85w, https:\/\/renatodias.online\/movimento\/wp-content\/uploads\/2022\/02\/Alvo.jpg 1754w\" sizes=\"auto, (max-width: 300px) 100vw, 300px\" \/><figcaption id=\"caption-attachment-10855\" class=\"wp-caption-text\"><span style=\"color: #ff0000;\"><strong>Alvo<\/strong><\/span><\/figcaption><\/figure>\n<h2 style=\"text-align: center;\"><span style=\"color: #0000ff;\"><strong>Comunistas defendem Federa\u00e7\u00e3o de Centro-Esquerda<\/strong><\/span><\/h2>\n<p><strong>Renato Dias<\/strong><\/p>\n<p>A presidente do PC do B, em Goi\u00e1s, ex-deputada estadual Isaura Lemos, informa ao <strong>Portal de Not\u00edcias www.renatodias.online<\/strong> que a Federa\u00e7\u00e3o de Centro-Esquerda ser\u00e1 consolidada no prazo determinado pela legisla\u00e7\u00e3o eleitoral. Quando? 31 de maio.<\/p>\n<figure id=\"attachment_9686\" aria-describedby=\"caption-attachment-9686\" style=\"width: 512px\" class=\"wp-caption aligncenter\"><img loading=\"lazy\" decoding=\"async\" class=\"wp-image-9686 size-full\" src=\"https:\/\/renatodias.online\/movimento\/wp-content\/uploads\/2021\/11\/Isaura-lemos-1.jpg\" alt=\"\" width=\"512\" height=\"346\" srcset=\"https:\/\/renatodias.online\/movimento\/wp-content\/uploads\/2021\/11\/Isaura-lemos-1.jpg 512w, https:\/\/renatodias.online\/movimento\/wp-content\/uploads\/2021\/11\/Isaura-lemos-1-300x203.jpg 300w\" sizes=\"auto, (max-width: 512px) 100vw, 512px\" \/><figcaption id=\"caption-attachment-9686\" class=\"wp-caption-text\"><strong>Isaura lemos, presidente do Partido Comunista do Brasil<br \/><\/strong><\/figcaption><\/figure>\n<p><strong>\u00a0<\/strong><\/p>\n<p>Al\u00e9m do PT, PC do B, PV, PSB, Psol, Rede Sustentabilidade poder\u00e3o fazer parte da alian\u00e7a. O acordo celebrado \u00e9 fundamentado em um programa e deve ser mantido, obrigatoriamente, at\u00e9 1\u00b0 de fevereiro de 2027. O que incluem as elei\u00e7\u00f5es de 2022 e 2024.<\/p>\n<figure id=\"attachment_3176\" aria-describedby=\"caption-attachment-3176\" style=\"width: 680px\" class=\"wp-caption aligncenter\"><img loading=\"lazy\" decoding=\"async\" class=\"wp-image-3176 size-full\" src=\"https:\/\/renatodias.online\/movimento\/wp-content\/uploads\/2020\/03\/Urnas-eletr\u00f4nicas.png\" alt=\"\" width=\"680\" height=\"453\" srcset=\"https:\/\/renatodias.online\/movimento\/wp-content\/uploads\/2020\/03\/Urnas-eletr\u00f4nicas.png 680w, https:\/\/renatodias.online\/movimento\/wp-content\/uploads\/2020\/03\/Urnas-eletr\u00f4nicas-300x200.png 300w, https:\/\/renatodias.online\/movimento\/wp-content\/uploads\/2020\/03\/Urnas-eletr\u00f4nicas-360x240.png 360w\" sizes=\"auto, (max-width: 680px) 100vw, 680px\" \/><figcaption id=\"caption-attachment-3176\" class=\"wp-caption-text\"><strong>Urnas eletr\u00f4nicas &#8211; Foto: Reprodu\u00e7\u00e3o<\/strong><\/figcaption><\/figure>\n<p><strong>\u00a0<\/strong><\/p>\n<p>A l\u00edder comunista diz temer, hoje, pela seguran\u00e7a da vida do ex-presidente da Rep\u00fablica <strong>Luiz In\u00e1cio Lula da Silva<\/strong>. O alerta teria sido formulado pelo ex-ministro da Justi\u00e7a Eug\u00eanio Arag\u00e3o. O petista lidera as pesquisas da corrida ao Pal\u00e1cio do Planalto.<\/p>\n<figure id=\"attachment_9418\" aria-describedby=\"caption-attachment-9418\" style=\"width: 1080px\" class=\"wp-caption alignnone\"><img loading=\"lazy\" decoding=\"async\" class=\"wp-image-9418 size-full\" src=\"https:\/\/renatodias.online\/movimento\/wp-content\/uploads\/2021\/11\/Lula-em-dois-momentos-historicos.jpg\" alt=\"\" width=\"1080\" height=\"1074\" \/><figcaption id=\"caption-attachment-9418\" class=\"wp-caption-text\"><strong>Luiz In\u00e1cio Lula da Silva em dois momentos hist\u00f3ricos<\/strong><\/figcaption><\/figure>\n<h1><strong><span style=\"color: #ff00ff;\">Pandemia<\/span><br \/>\n<\/strong><\/h1>\n<p>Integrante do Comit\u00ea Central do PC do B, Isaura Lemos atribui ao inquilino do Pal\u00e1cio da Alvorada a estat\u00edstica de 700 mil mortos sob a Pandemia do <strong>Coronav\u00edrus Covid 19<\/strong>. Al\u00e9m da crise econ\u00f4mica, da escalada do desemprego e infla\u00e7\u00e3o e da mis\u00e9ria no Brasil, desabafa.<\/p>\n<figure id=\"attachment_8249\" aria-describedby=\"caption-attachment-8249\" style=\"width: 945px\" class=\"wp-caption alignnone\"><img loading=\"lazy\" decoding=\"async\" class=\"wp-image-8249 size-full\" src=\"https:\/\/renatodias.online\/movimento\/wp-content\/uploads\/2021\/08\/A-tragedia-das-mortes-sob-a-Pandemia.jpg\" alt=\"\" width=\"945\" height=\"462\" srcset=\"https:\/\/renatodias.online\/movimento\/wp-content\/uploads\/2021\/08\/A-tragedia-das-mortes-sob-a-Pandemia.jpg 945w, https:\/\/renatodias.online\/movimento\/wp-content\/uploads\/2021\/08\/A-tragedia-das-mortes-sob-a-Pandemia-300x147.jpg 300w, https:\/\/renatodias.online\/movimento\/wp-content\/uploads\/2021\/08\/A-tragedia-das-mortes-sob-a-Pandemia-768x375.jpg 768w, https:\/\/renatodias.online\/movimento\/wp-content\/uploads\/2021\/08\/A-tragedia-das-mortes-sob-a-Pandemia-750x367.jpg 750w\" sizes=\"auto, (max-width: 945px) 100vw, 945px\" \/><figcaption id=\"caption-attachment-8249\" class=\"wp-caption-text\"><strong>A trag\u00e9dia das mortes sob a Pandemia, no Brasil<\/strong><\/figcaption><\/figure>\n<p>O pa\u00eds possui, em 2022, 14, 8 milh\u00f5es de desempregados, 33 milh\u00f5es de miser\u00e1veis, 125,9 milh\u00f5es de habitantes em um quadro de inseguran\u00e7a alimentar e \u00edndices elevados de viol\u00eancia policial, denuncia a dirigente. A infla\u00e7\u00e3o supera 10,5%, ela lamenta. O que atinge o bolso dos trabalhadores, dispara.<\/p>\n<figure id=\"attachment_10856\" aria-describedby=\"caption-attachment-10856\" style=\"width: 400px\" class=\"wp-caption aligncenter\"><img loading=\"lazy\" decoding=\"async\" class=\"wp-image-10856 size-full\" src=\"https:\/\/renatodias.online\/movimento\/wp-content\/uploads\/2022\/02\/Fabio-Tokarski.jpg\" alt=\"\" width=\"400\" height=\"400\" srcset=\"https:\/\/renatodias.online\/movimento\/wp-content\/uploads\/2022\/02\/Fabio-Tokarski.jpg 400w, https:\/\/renatodias.online\/movimento\/wp-content\/uploads\/2022\/02\/Fabio-Tokarski-300x300.jpg 300w, https:\/\/renatodias.online\/movimento\/wp-content\/uploads\/2022\/02\/Fabio-Tokarski-150x150.jpg 150w\" sizes=\"auto, (max-width: 400px) 100vw, 400px\" \/><figcaption id=\"caption-attachment-10856\" class=\"wp-caption-text\"><strong>F\u00e1bio Tokarski, ex-deputado estadual<\/strong><\/figcaption><\/figure>\n<p>O PC do B, com a Federa\u00e7\u00e3o de Esquerda, lan\u00e7ar\u00e1 nomes competitivos para a Assembleia e C\u00e2mara Federal. Como Fl\u00e1vio Silva, quer convencer <strong>F\u00e1bio Tokarski<\/strong> e <strong>Denise Carvalho<\/strong>, procurar\u00e1 <strong>Aldo Arantes<\/strong> e admite colocar <strong>Railton Nascimento<\/strong> e <strong>Nivaldo Santos<\/strong> no p\u00e1reo.<\/p>\n<figure id=\"attachment_6659\" aria-describedby=\"caption-attachment-6659\" style=\"width: 813px\" class=\"wp-caption alignnone\"><img loading=\"lazy\" decoding=\"async\" class=\"wp-image-6659 size-full\" src=\"https:\/\/renatodias.online\/movimento\/wp-content\/uploads\/2021\/05\/Railton-Nascimento-eleito-na-CTB.jpg\" alt=\"\" width=\"813\" height=\"806\" \/><figcaption id=\"caption-attachment-6659\" class=\"wp-caption-text\"><strong>Railton Nascimento presidente do Sinpro, da CTB e do PC do B, em Goi\u00e2nia<br \/><\/strong><\/figcaption><\/figure>\n<p>Os comunistas, com forte inser\u00e7\u00e3o na \u00e1rea de educa\u00e7\u00e3o no Estado, formularam convite especial para o ex-reitor da Universidade Federal de Goi\u00e1s [UFG] <strong>Edward Madureira<\/strong> disputar, pela sigla, a elei\u00e7\u00e3o \u00e0 C\u00e2mara dos Deputados. Euler Ivo Vieira \u00e9 cotado para concorrer a uma cadeira, em Bras\u00edlia [DF].<\/p>\n<figure id=\"attachment_5928\" aria-describedby=\"caption-attachment-5928\" style=\"width: 906px\" class=\"wp-caption alignnone\"><img loading=\"lazy\" decoding=\"async\" class=\"wp-image-5928 size-full\" src=\"https:\/\/renatodias.online\/movimento\/wp-content\/uploads\/2021\/04\/Reitor-da-UFG-Edward-Madureira.jpg\" alt=\"Edward Madureira\" width=\"906\" height=\"600\" \/><figcaption id=\"caption-attachment-5928\" class=\"wp-caption-text\"><strong>Edward Madureira<\/strong><\/figcaption><\/figure>\n<p><strong>\u00a0<\/strong><\/p>\n","protected":false},"excerpt":{"rendered":"<p>Isaura Lemos v\u00ea radicaliza\u00e7\u00e3o fascista Comunistas defendem Federa\u00e7\u00e3o de Centro-Esquerda Renato Dias A presidente do PC do B, em Goi\u00e1s, ex-deputada estadual Isaura Lemos, informa ao Portal de Not\u00edcias www.renatodias.online que a Federa\u00e7\u00e3o de Centro-Esquerda ser\u00e1 consolidada no prazo determinado pela legisla\u00e7\u00e3o eleitoral. Quando? 31 de maio. \u00a0 Al\u00e9m do PT, PC do B, PV,<\/p>\n","protected":false},"author":2,"featured_media":9684,"comment_status":"open","ping_status":"open","sticky":false,"template":"","format":"standard","meta":{"_acf_changed":false,"_monsterinsights_skip_tracking":false,"_monsterinsights_sitenote_active":false,"_monsterinsights_sitenote_note":"","_monsterinsights_sitenote_category":0,"footnotes":""},"categories":[35],"tags":[],"class_list":["post-10854","post","type-post","status-publish","format-standard","has-post-thumbnail","hentry","category-nacional"],"acf":[],"yoast_head":"<!-- This site is optimized with the Yoast SEO plugin v27.4 - https:\/\/yoast.com\/product\/yoast-seo-wordpress\/ -->\n<title>PC do B teme atentado contra Lula -<\/title>\n<meta name=\"robots\" content=\"index, follow, max-snippet:-1, max-image-preview:large, max-video-preview:-1\" \/>\n<link rel=\"canonical\" href=\"https:\/\/renatodias.online\/movimento\/2022\/02\/18\/pc-do-b-teme-atentado-contra-lula\/\" \/>\n<meta property=\"og:locale\" content=\"pt_BR\" \/>\n<meta property=\"og:type\" content=\"article\" \/>\n<meta property=\"og:title\" content=\"PC do B teme atentado contra Lula -\" \/>\n<meta property=\"og:description\" content=\"Isaura Lemos v\u00ea radicaliza\u00e7\u00e3o fascista Comunistas defendem Federa\u00e7\u00e3o de Centro-Esquerda Renato Dias A presidente do PC do B, em Goi\u00e1s, ex-deputada estadual Isaura Lemos, informa ao Portal de Not\u00edcias www.renatodias.online que a Federa\u00e7\u00e3o de Centro-Esquerda ser\u00e1 consolidada no prazo determinado pela legisla\u00e7\u00e3o eleitoral. Quando? 31 de maio. \u00a0 Al\u00e9m do PT, PC do B, PV,\" \/>\n<meta property=\"og:url\" content=\"https:\/\/renatodias.online\/movimento\/2022\/02\/18\/pc-do-b-teme-atentado-contra-lula\/\" \/>\n<meta property=\"article:publisher\" content=\"https:\/\/www.facebook.com\/renato.dias.37\" \/>\n<meta property=\"article:author\" content=\"https:\/\/www.facebook.com\/renato.dias.37\" \/>\n<meta property=\"article:published_time\" content=\"2022-02-18T23:49:49+00:00\" \/>\n<meta property=\"og:image\" content=\"https:\/\/renatodias.online\/movimento\/wp-content\/uploads\/2021\/11\/Isaura-lemos.jpg\" \/>\n\t<meta property=\"og:image:width\" content=\"512\" \/>\n\t<meta property=\"og:image:height\" content=\"342\" \/>\n\t<meta property=\"og:image:type\" content=\"image\/jpeg\" \/>\n<meta name=\"author\" content=\"Renato Dias\" \/>\n<meta name=\"twitter:card\" content=\"summary_large_image\" \/>\n<meta name=\"twitter:creator\" content=\"@RenatoDiasBat\" \/>\n<meta name=\"twitter:site\" content=\"@RenatoDiasBat\" \/>\n<meta name=\"twitter:label1\" content=\"Escrito por\" \/>\n\t<meta name=\"twitter:data1\" content=\"Renato Dias\" \/>\n\t<meta name=\"twitter:label2\" content=\"Est. tempo de leitura\" \/>\n\t<meta name=\"twitter:data2\" content=\"2 minutos\" \/>\n<script type=\"application\/ld+json\" class=\"yoast-schema-graph\">{\"@context\":\"https:\\\/\\\/schema.org\",\"@graph\":[{\"@type\":\"Article\",\"@id\":\"https:\\\/\\\/renatodias.online\\\/movimento\\\/2022\\\/02\\\/18\\\/pc-do-b-teme-atentado-contra-lula\\\/#article\",\"isPartOf\":{\"@id\":\"https:\\\/\\\/renatodias.online\\\/movimento\\\/2022\\\/02\\\/18\\\/pc-do-b-teme-atentado-contra-lula\\\/\"},\"author\":{\"name\":\"Renato Dias\",\"@id\":\"https:\\\/\\\/renatodias.online\\\/movimento\\\/#\\\/schema\\\/person\\\/bbab28833b1725a20f4083f49f1fb2a9\"},\"headline\":\"PC do B teme atentado contra Lula\",\"datePublished\":\"2022-02-18T23:49:49+00:00\",\"mainEntityOfPage\":{\"@id\":\"https:\\\/\\\/renatodias.online\\\/movimento\\\/2022\\\/02\\\/18\\\/pc-do-b-teme-atentado-contra-lula\\\/\"},\"wordCount\":467,\"commentCount\":0,\"publisher\":{\"@id\":\"https:\\\/\\\/renatodias.online\\\/movimento\\\/#\\\/schema\\\/person\\\/bbab28833b1725a20f4083f49f1fb2a9\"},\"image\":{\"@id\":\"https:\\\/\\\/renatodias.online\\\/movimento\\\/2022\\\/02\\\/18\\\/pc-do-b-teme-atentado-contra-lula\\\/#primaryimage\"},\"thumbnailUrl\":\"https:\\\/\\\/renatodias.online\\\/movimento\\\/wp-content\\\/uploads\\\/2021\\\/11\\\/Isaura-lemos.jpg\",\"articleSection\":[\"Nacional\"],\"inLanguage\":\"pt-BR\",\"potentialAction\":[{\"@type\":\"CommentAction\",\"name\":\"Comment\",\"target\":[\"https:\\\/\\\/renatodias.online\\\/movimento\\\/2022\\\/02\\\/18\\\/pc-do-b-teme-atentado-contra-lula\\\/#respond\"]}]},{\"@type\":\"WebPage\",\"@id\":\"https:\\\/\\\/renatodias.online\\\/movimento\\\/2022\\\/02\\\/18\\\/pc-do-b-teme-atentado-contra-lula\\\/\",\"url\":\"https:\\\/\\\/renatodias.online\\\/movimento\\\/2022\\\/02\\\/18\\\/pc-do-b-teme-atentado-contra-lula\\\/\",\"name\":\"PC do B teme atentado contra Lula -\",\"isPartOf\":{\"@id\":\"https:\\\/\\\/renatodias.online\\\/movimento\\\/#website\"},\"primaryImageOfPage\":{\"@id\":\"https:\\\/\\\/renatodias.online\\\/movimento\\\/2022\\\/02\\\/18\\\/pc-do-b-teme-atentado-contra-lula\\\/#primaryimage\"},\"image\":{\"@id\":\"https:\\\/\\\/renatodias.online\\\/movimento\\\/2022\\\/02\\\/18\\\/pc-do-b-teme-atentado-contra-lula\\\/#primaryimage\"},\"thumbnailUrl\":\"https:\\\/\\\/renatodias.online\\\/movimento\\\/wp-content\\\/uploads\\\/2021\\\/11\\\/Isaura-lemos.jpg\",\"datePublished\":\"2022-02-18T23:49:49+00:00\",\"breadcrumb\":{\"@id\":\"https:\\\/\\\/renatodias.online\\\/movimento\\\/2022\\\/02\\\/18\\\/pc-do-b-teme-atentado-contra-lula\\\/#breadcrumb\"},\"inLanguage\":\"pt-BR\",\"potentialAction\":[{\"@type\":\"ReadAction\",\"target\":[\"https:\\\/\\\/renatodias.online\\\/movimento\\\/2022\\\/02\\\/18\\\/pc-do-b-teme-atentado-contra-lula\\\/\"]}]},{\"@type\":\"ImageObject\",\"inLanguage\":\"pt-BR\",\"@id\":\"https:\\\/\\\/renatodias.online\\\/movimento\\\/2022\\\/02\\\/18\\\/pc-do-b-teme-atentado-contra-lula\\\/#primaryimage\",\"url\":\"https:\\\/\\\/renatodias.online\\\/movimento\\\/wp-content\\\/uploads\\\/2021\\\/11\\\/Isaura-lemos.jpg\",\"contentUrl\":\"https:\\\/\\\/renatodias.online\\\/movimento\\\/wp-content\\\/uploads\\\/2021\\\/11\\\/Isaura-lemos.jpg\",\"width\":512,\"height\":342,\"caption\":\"Isaura lemos, presidente do PC do B, ex-deputada estadual\"},{\"@type\":\"BreadcrumbList\",\"@id\":\"https:\\\/\\\/renatodias.online\\\/movimento\\\/2022\\\/02\\\/18\\\/pc-do-b-teme-atentado-contra-lula\\\/#breadcrumb\",\"itemListElement\":[{\"@type\":\"ListItem\",\"position\":1,\"name\":\"In\u00edcio\",\"item\":\"https:\\\/\\\/renatodias.online\\\/movimento\\\/\"},{\"@type\":\"ListItem\",\"position\":2,\"name\":\"PC do B teme atentado contra Lula\"}]},{\"@type\":\"WebSite\",\"@id\":\"https:\\\/\\\/renatodias.online\\\/movimento\\\/#website\",\"url\":\"https:\\\/\\\/renatodias.online\\\/movimento\\\/\",\"name\":\"\",\"description\":\"\",\"publisher\":{\"@id\":\"https:\\\/\\\/renatodias.online\\\/movimento\\\/#\\\/schema\\\/person\\\/bbab28833b1725a20f4083f49f1fb2a9\"},\"potentialAction\":[{\"@type\":\"SearchAction\",\"target\":{\"@type\":\"EntryPoint\",\"urlTemplate\":\"https:\\\/\\\/renatodias.online\\\/movimento\\\/?s={search_term_string}\"},\"query-input\":{\"@type\":\"PropertyValueSpecification\",\"valueRequired\":true,\"valueName\":\"search_term_string\"}}],\"inLanguage\":\"pt-BR\"},{\"@type\":[\"Person\",\"Organization\"],\"@id\":\"https:\\\/\\\/renatodias.online\\\/movimento\\\/#\\\/schema\\\/person\\\/bbab28833b1725a20f4083f49f1fb2a9\",\"name\":\"Renato Dias\",\"image\":{\"@type\":\"ImageObject\",\"inLanguage\":\"pt-BR\",\"@id\":\"https:\\\/\\\/renatodias.online\\\/movimento\\\/wp-content\\\/uploads\\\/2023\\\/03\\\/cropped-cropped-cropped-logofinal.jpeg\",\"url\":\"https:\\\/\\\/renatodias.online\\\/movimento\\\/wp-content\\\/uploads\\\/2023\\\/03\\\/cropped-cropped-cropped-logofinal.jpeg\",\"contentUrl\":\"https:\\\/\\\/renatodias.online\\\/movimento\\\/wp-content\\\/uploads\\\/2023\\\/03\\\/cropped-cropped-cropped-logofinal.jpeg\",\"width\":1280,\"height\":219,\"caption\":\"Renato Dias\"},\"logo\":{\"@id\":\"https:\\\/\\\/renatodias.online\\\/movimento\\\/wp-content\\\/uploads\\\/2023\\\/03\\\/cropped-cropped-cropped-logofinal.jpeg\"},\"description\":\"Renato Dias, 58 anos, \u00e9 graduado em Jornalismo, formado em Ci\u00eancias Sociais, com p\u00f3s-gradua\u00e7\u00e3o em Pol\u00edticas P\u00fablicas, mestre em Direito e Rela\u00e7\u00f5es Internacionais, ex-aluno extraordin\u00e1rio do Doutorado em Psicologia Social, ex-estudante do Curso de Psican\u00e1lise do Centro de Estudos Psicanal\u00edticos do Estado de Goi\u00e1s, ministrado pelo m\u00e9dico psiquiatra e psicanalista Daniel Em\u00eddio de Souza. \u00c9 autor de 30 livros-reportagem, oito document\u00e1rios, ganhou 30 pr\u00eamios e \u00e9 torcedor apaixonado do maior do Centro-Oeste, o Vila Nova Futebol Clube. Casado com Meirilane Dias, \u00e9 pai de Juliana Dias, jornalista; Daniel Dias, economista; e Maria Rosa Dias, estudante antifascista, socialista e trotskista.\u00a0Com tr\u00eas pets: Porquinho [Bull Dog Franc\u00eas], Dalila [Basset Hound] e Geleia [Basset Hound]. Al\u00e9m do eterno gato Tutuquinho, que virou estrela.\",\"sameAs\":[\"https:\\\/\\\/www.facebook.com\\\/renato.dias.37\",\"#breve\",\"https:\\\/\\\/renatodias.tumblr.com\\\/\"],\"url\":\"https:\\\/\\\/renatodias.online\\\/movimento\\\/author\\\/renatodias\\\/\"}]}<\/script>\n<!-- \/ Yoast SEO plugin. -->","yoast_head_json":{"title":"PC do B teme atentado contra Lula -","robots":{"index":"index","follow":"follow","max-snippet":"max-snippet:-1","max-image-preview":"max-image-preview:large","max-video-preview":"max-video-preview:-1"},"canonical":"https:\/\/renatodias.online\/movimento\/2022\/02\/18\/pc-do-b-teme-atentado-contra-lula\/","og_locale":"pt_BR","og_type":"article","og_title":"PC do B teme atentado contra Lula -","og_description":"Isaura Lemos v\u00ea radicaliza\u00e7\u00e3o fascista Comunistas defendem Federa\u00e7\u00e3o de Centro-Esquerda Renato Dias A presidente do PC do B, em Goi\u00e1s, ex-deputada estadual Isaura Lemos, informa ao Portal de Not\u00edcias www.renatodias.online que a Federa\u00e7\u00e3o de Centro-Esquerda ser\u00e1 consolidada no prazo determinado pela legisla\u00e7\u00e3o eleitoral. Quando? 31 de maio. \u00a0 Al\u00e9m do PT, PC do B, PV,","og_url":"https:\/\/renatodias.online\/movimento\/2022\/02\/18\/pc-do-b-teme-atentado-contra-lula\/","article_publisher":"https:\/\/www.facebook.com\/renato.dias.37","article_author":"https:\/\/www.facebook.com\/renato.dias.37","article_published_time":"2022-02-18T23:49:49+00:00","og_image":[{"width":512,"height":342,"url":"https:\/\/renatodias.online\/movimento\/wp-content\/uploads\/2021\/11\/Isaura-lemos.jpg","type":"image\/jpeg"}],"author":"Renato Dias","twitter_card":"summary_large_image","twitter_creator":"@RenatoDiasBat","twitter_site":"@RenatoDiasBat","twitter_misc":{"Escrito por":"Renato Dias","Est. tempo de leitura":"2 minutos"},"schema":{"@context":"https:\/\/schema.org","@graph":[{"@type":"Article","@id":"https:\/\/renatodias.online\/movimento\/2022\/02\/18\/pc-do-b-teme-atentado-contra-lula\/#article","isPartOf":{"@id":"https:\/\/renatodias.online\/movimento\/2022\/02\/18\/pc-do-b-teme-atentado-contra-lula\/"},"author":{"name":"Renato Dias","@id":"https:\/\/renatodias.online\/movimento\/#\/schema\/person\/bbab28833b1725a20f4083f49f1fb2a9"},"headline":"PC do B teme atentado contra Lula","datePublished":"2022-02-18T23:49:49+00:00","mainEntityOfPage":{"@id":"https:\/\/renatodias.online\/movimento\/2022\/02\/18\/pc-do-b-teme-atentado-contra-lula\/"},"wordCount":467,"commentCount":0,"publisher":{"@id":"https:\/\/renatodias.online\/movimento\/#\/schema\/person\/bbab28833b1725a20f4083f49f1fb2a9"},"image":{"@id":"https:\/\/renatodias.online\/movimento\/2022\/02\/18\/pc-do-b-teme-atentado-contra-lula\/#primaryimage"},"thumbnailUrl":"https:\/\/renatodias.online\/movimento\/wp-content\/uploads\/2021\/11\/Isaura-lemos.jpg","articleSection":["Nacional"],"inLanguage":"pt-BR","potentialAction":[{"@type":"CommentAction","name":"Comment","target":["https:\/\/renatodias.online\/movimento\/2022\/02\/18\/pc-do-b-teme-atentado-contra-lula\/#respond"]}]},{"@type":"WebPage","@id":"https:\/\/renatodias.online\/movimento\/2022\/02\/18\/pc-do-b-teme-atentado-contra-lula\/","url":"https:\/\/renatodias.online\/movimento\/2022\/02\/18\/pc-do-b-teme-atentado-contra-lula\/","name":"PC do B teme atentado contra Lula -","isPartOf":{"@id":"https:\/\/renatodias.online\/movimento\/#website"},"primaryImageOfPage":{"@id":"https:\/\/renatodias.online\/movimento\/2022\/02\/18\/pc-do-b-teme-atentado-contra-lula\/#primaryimage"},"image":{"@id":"https:\/\/renatodias.online\/movimento\/2022\/02\/18\/pc-do-b-teme-atentado-contra-lula\/#primaryimage"},"thumbnailUrl":"https:\/\/renatodias.online\/movimento\/wp-content\/uploads\/2021\/11\/Isaura-lemos.jpg","datePublished":"2022-02-18T23:49:49+00:00","breadcrumb":{"@id":"https:\/\/renatodias.online\/movimento\/2022\/02\/18\/pc-do-b-teme-atentado-contra-lula\/#breadcrumb"},"inLanguage":"pt-BR","potentialAction":[{"@type":"ReadAction","target":["https:\/\/renatodias.online\/movimento\/2022\/02\/18\/pc-do-b-teme-atentado-contra-lula\/"]}]},{"@type":"ImageObject","inLanguage":"pt-BR","@id":"https:\/\/renatodias.online\/movimento\/2022\/02\/18\/pc-do-b-teme-atentado-contra-lula\/#primaryimage","url":"https:\/\/renatodias.online\/movimento\/wp-content\/uploads\/2021\/11\/Isaura-lemos.jpg","contentUrl":"https:\/\/renatodias.online\/movimento\/wp-content\/uploads\/2021\/11\/Isaura-lemos.jpg","width":512,"height":342,"caption":"Isaura lemos, presidente do PC do B, ex-deputada estadual"},{"@type":"BreadcrumbList","@id":"https:\/\/renatodias.online\/movimento\/2022\/02\/18\/pc-do-b-teme-atentado-contra-lula\/#breadcrumb","itemListElement":[{"@type":"ListItem","position":1,"name":"In\u00edcio","item":"https:\/\/renatodias.online\/movimento\/"},{"@type":"ListItem","position":2,"name":"PC do B teme atentado contra Lula"}]},{"@type":"WebSite","@id":"https:\/\/renatodias.online\/movimento\/#website","url":"https:\/\/renatodias.online\/movimento\/","name":"","description":"","publisher":{"@id":"https:\/\/renatodias.online\/movimento\/#\/schema\/person\/bbab28833b1725a20f4083f49f1fb2a9"},"potentialAction":[{"@type":"SearchAction","target":{"@type":"EntryPoint","urlTemplate":"https:\/\/renatodias.online\/movimento\/?s={search_term_string}"},"query-input":{"@type":"PropertyValueSpecification","valueRequired":true,"valueName":"search_term_string"}}],"inLanguage":"pt-BR"},{"@type":["Person","Organization"],"@id":"https:\/\/renatodias.online\/movimento\/#\/schema\/person\/bbab28833b1725a20f4083f49f1fb2a9","name":"Renato Dias","image":{"@type":"ImageObject","inLanguage":"pt-BR","@id":"https:\/\/renatodias.online\/movimento\/wp-content\/uploads\/2023\/03\/cropped-cropped-cropped-logofinal.jpeg","url":"https:\/\/renatodias.online\/movimento\/wp-content\/uploads\/2023\/03\/cropped-cropped-cropped-logofinal.jpeg","contentUrl":"https:\/\/renatodias.online\/movimento\/wp-content\/uploads\/2023\/03\/cropped-cropped-cropped-logofinal.jpeg","width":1280,"height":219,"caption":"Renato Dias"},"logo":{"@id":"https:\/\/renatodias.online\/movimento\/wp-content\/uploads\/2023\/03\/cropped-cropped-cropped-logofinal.jpeg"},"description":"Renato Dias, 58 anos, \u00e9 graduado em Jornalismo, formado em Ci\u00eancias Sociais, com p\u00f3s-gradua\u00e7\u00e3o em Pol\u00edticas P\u00fablicas, mestre em Direito e Rela\u00e7\u00f5es Internacionais, ex-aluno extraordin\u00e1rio do Doutorado em Psicologia Social, ex-estudante do Curso de Psican\u00e1lise do Centro de Estudos Psicanal\u00edticos do Estado de Goi\u00e1s, ministrado pelo m\u00e9dico psiquiatra e psicanalista Daniel Em\u00eddio de Souza. \u00c9 autor de 30 livros-reportagem, oito document\u00e1rios, ganhou 30 pr\u00eamios e \u00e9 torcedor apaixonado do maior do Centro-Oeste, o Vila Nova Futebol Clube. Casado com Meirilane Dias, \u00e9 pai de Juliana Dias, jornalista; Daniel Dias, economista; e Maria Rosa Dias, estudante antifascista, socialista e trotskista.\u00a0Com tr\u00eas pets: Porquinho [Bull Dog Franc\u00eas], Dalila [Basset Hound] e Geleia [Basset Hound]. Al\u00e9m do eterno gato Tutuquinho, que virou estrela.","sameAs":["https:\/\/www.facebook.com\/renato.dias.37","#breve","https:\/\/renatodias.tumblr.com\/"],"url":"https:\/\/renatodias.online\/movimento\/author\/renatodias\/"}]}},"_links":{"self":[{"href":"https:\/\/renatodias.online\/movimento\/wp-json\/wp\/v2\/posts\/10854","targetHints":{"allow":["GET"]}}],"collection":[{"href":"https:\/\/renatodias.online\/movimento\/wp-json\/wp\/v2\/posts"}],"about":[{"href":"https:\/\/renatodias.online\/movimento\/wp-json\/wp\/v2\/types\/post"}],"author":[{"embeddable":true,"href":"https:\/\/renatodias.online\/movimento\/wp-json\/wp\/v2\/users\/2"}],"replies":[{"embeddable":true,"href":"https:\/\/renatodias.online\/movimento\/wp-json\/wp\/v2\/comments?post=10854"}],"version-history":[{"count":1,"href":"https:\/\/renatodias.online\/movimento\/wp-json\/wp\/v2\/posts\/10854\/revisions"}],"predecessor-version":[{"id":10857,"href":"https:\/\/renatodias.online\/movimento\/wp-json\/wp\/v2\/posts\/10854\/revisions\/10857"}],"wp:featuredmedia":[{"embeddable":true,"href":"https:\/\/renatodias.online\/movimento\/wp-json\/wp\/v2\/media\/9684"}],"wp:attachment":[{"href":"https:\/\/renatodias.online\/movimento\/wp-json\/wp\/v2\/media?parent=10854"}],"wp:term":[{"taxonomy":"category","embeddable":true,"href":"https:\/\/renatodias.online\/movimento\/wp-json\/wp\/v2\/categories?post=10854"},{"taxonomy":"post_tag","embeddable":true,"href":"https:\/\/renatodias.online\/movimento\/wp-json\/wp\/v2\/tags?post=10854"}],"curies":[{"name":"wp","href":"https:\/\/api.w.org\/{rel}","templated":true}]}}