{"id":10745,"date":"2022-02-09T15:34:01","date_gmt":"2022-02-09T18:34:01","guid":{"rendered":"https:\/\/renatodias.online\/movimento\/?p=10745"},"modified":"2022-02-09T15:38:08","modified_gmt":"2022-02-09T18:38:08","slug":"sebba-eleva-astral","status":"publish","type":"post","link":"https:\/\/renatodias.online\/movimento\/2022\/02\/09\/sebba-eleva-astral\/","title":{"rendered":"Sebba eleva astral"},"content":{"rendered":"<p><img loading=\"lazy\" decoding=\"async\" class=\"alignnone wp-image-4894 size-full\" src=\"https:\/\/renatodias.online\/movimento\/wp-content\/uploads\/2020\/11\/Alto-da-p\u00e1gina-Banner-Exclusivo-1.png\" alt=\"\" width=\"1224\" height=\"372\" \/><\/p>\n<h1 style=\"text-align: center;\"><span style=\"color: #0000ff;\"><strong>Sess\u00e3o gastron\u00f4mica e pol\u00edtica em S\u00e3o Paulo<\/strong><\/span><\/h1>\n<h1 style=\"text-align: center;\"><span style=\"color: #ff00ff;\"><strong>2022 no card\u00e1pio<\/strong><\/span><\/h1>\n<figure id=\"attachment_10751\" aria-describedby=\"caption-attachment-10751\" style=\"width: 940px\" class=\"wp-caption alignnone\"><img loading=\"lazy\" decoding=\"async\" class=\"wp-image-10751 size-full\" src=\"https:\/\/renatodias.online\/movimento\/wp-content\/uploads\/2022\/02\/Alice-Sebba-pos-cirurgia-de-catarata.png\" alt=\"\" width=\"940\" height=\"1346\" srcset=\"https:\/\/renatodias.online\/movimento\/wp-content\/uploads\/2022\/02\/Alice-Sebba-pos-cirurgia-de-catarata.png 940w, https:\/\/renatodias.online\/movimento\/wp-content\/uploads\/2022\/02\/Alice-Sebba-pos-cirurgia-de-catarata-210x300.png 210w, https:\/\/renatodias.online\/movimento\/wp-content\/uploads\/2022\/02\/Alice-Sebba-pos-cirurgia-de-catarata-715x1024.png 715w, https:\/\/renatodias.online\/movimento\/wp-content\/uploads\/2022\/02\/Alice-Sebba-pos-cirurgia-de-catarata-768x1100.png 768w, https:\/\/renatodias.online\/movimento\/wp-content\/uploads\/2022\/02\/Alice-Sebba-pos-cirurgia-de-catarata-750x1074.png 750w\" sizes=\"auto, (max-width: 940px) 100vw, 940px\" \/><figcaption id=\"caption-attachment-10751\" class=\"wp-caption-text\"><strong>Aos tr\u00eas meses de idade, Alice Sebba submeteu-se a cirurgia de catarata<\/strong><\/figcaption><\/figure>\n<h1 style=\"text-align: center;\"><span style=\"color: #800080;\"><strong>Sa\u00fade na vida privada<br \/>\n<\/strong><\/span><\/h1>\n<figure id=\"attachment_9888\" aria-describedby=\"caption-attachment-9888\" style=\"width: 1024px\" class=\"wp-caption alignnone\"><img loading=\"lazy\" decoding=\"async\" class=\"wp-image-9888 size-full\" src=\"https:\/\/renatodias.online\/movimento\/wp-content\/uploads\/2021\/11\/Medicina-e-Saude.jpg\" alt=\"\" width=\"1024\" height=\"683\" \/><figcaption id=\"caption-attachment-9888\" class=\"wp-caption-text\"><strong>Medicina e Sa\u00fade<\/strong><\/figcaption><\/figure>\n<p><strong>Renato Dias<\/strong><\/p>\n<p>Depois de ter recuperado &#8211; se da variante \u00d4microm, do Coronav\u00edrus Covid 19, testemunhar as duas netas deixarem, ap\u00f3s 62 dias consecutivos, a UTI Neonatal, em S\u00e3o Paulo, assim como ouvir da equipe m\u00e9dica do mesmo hospital que a cirurgia de catarata de Alice Sebba teria sido um sucesso, al\u00e9m de estar animado com a estabiliza\u00e7\u00e3o do quadro cl\u00ednico de c\u00e2ncer do seu rebento mais velho, <strong>Jardel Sebba<\/strong> est\u00e1, hoje, mais leve, hoje.<\/p>\n<figure id=\"attachment_10752\" aria-describedby=\"caption-attachment-10752\" style=\"width: 1080px\" class=\"wp-caption alignnone\"><img loading=\"lazy\" decoding=\"async\" class=\"wp-image-10752 size-full\" src=\"https:\/\/renatodias.online\/movimento\/wp-content\/uploads\/2022\/02\/Jardel-Sebba-e-familia.png\" alt=\"\" width=\"1080\" height=\"1152\" srcset=\"https:\/\/renatodias.online\/movimento\/wp-content\/uploads\/2022\/02\/Jardel-Sebba-e-familia.png 1080w, https:\/\/renatodias.online\/movimento\/wp-content\/uploads\/2022\/02\/Jardel-Sebba-e-familia-281x300.png 281w, https:\/\/renatodias.online\/movimento\/wp-content\/uploads\/2022\/02\/Jardel-Sebba-e-familia-960x1024.png 960w, https:\/\/renatodias.online\/movimento\/wp-content\/uploads\/2022\/02\/Jardel-Sebba-e-familia-768x819.png 768w, https:\/\/renatodias.online\/movimento\/wp-content\/uploads\/2022\/02\/Jardel-Sebba-e-familia-750x800.png 750w\" sizes=\"auto, (max-width: 1080px) 100vw, 1080px\" \/><figcaption id=\"caption-attachment-10752\" class=\"wp-caption-text\"><strong>Jardel Sebba Filho recebe aten\u00e7\u00e3o e carinho especiais de Jardel Sebba, Anna Sebba e de Gustavo Sebba<\/strong><\/figcaption><\/figure>\n<p>O ex-presidente da Assembleia Legislativa do Estado de Goi\u00e1s, ex-deputado estadual por quatro mandatos, ex-prefeito de Catal\u00e3o teve uma sess\u00e3o pol\u00edtica e gastron\u00f4mica. Com <strong>Marconi Perillo<\/strong> e <strong>Jaime Rinc\u00f3n<\/strong>. Sob os olhares de <strong>Anna Sebba<\/strong> e de <strong>Gustavo Sebba<\/strong>. O encontro ocorreu na capital paulista. No card\u00e1pio, aperitivos de pesquisas qualitativas e quantitativas. Da dan\u00e7a das urnas. Do pr\u00f3ximo dia 2 de outubro de 2022.<\/p>\n<h1><img loading=\"lazy\" decoding=\"async\" class=\"aligncenter wp-image-8853 size-full\" src=\"https:\/\/renatodias.online\/movimento\/wp-content\/uploads\/2021\/09\/Lawfare.jpg\" alt=\"\" width=\"380\" height=\"133\" srcset=\"https:\/\/renatodias.online\/movimento\/wp-content\/uploads\/2021\/09\/Lawfare.jpg 380w, https:\/\/renatodias.online\/movimento\/wp-content\/uploads\/2021\/09\/Lawfare-300x105.jpg 300w\" sizes=\"auto, (max-width: 380px) 100vw, 380px\" \/><\/h1>\n<h1><span style=\"color: #ff0000;\"><strong>Lawfare e campo progressista<\/strong><\/span><\/h1>\n<p>Alvo de <strong>Lawfare<\/strong>, persecu\u00e7\u00e3o jur\u00eddica com uma motiva\u00e7\u00e3o pol\u00edtica expl\u00edcita, desde 2018, <strong>Marconi Perillo<\/strong> aparece em 2\u00b0 no Serpes na corrida ao Pal\u00e1cio das Esmeraldas. O ex-inquilino da Casa Verde \u00e9 o primeiro na disputa ao Senado da Rep\u00fablica. O ex-presidente da Rep\u00fablica por dois mandatos <strong>Luiz In\u00e1cio Lula da Silva<\/strong> tenta atra\u00ed-lo para uma frente progressista. <strong>Jos\u00e9 Eliton<\/strong> quer aproxima\u00e7\u00e3o com PT, PSB, PV, Psol, PCdoB e Rede.<\/p>\n<p>&nbsp;<\/p>\n<p><img loading=\"lazy\" decoding=\"async\" class=\"alignnone wp-image-10747 size-full\" src=\"https:\/\/renatodias.online\/movimento\/wp-content\/uploads\/2022\/02\/Desabafo.jpg\" alt=\"\" width=\"800\" height=\"445\" srcset=\"https:\/\/renatodias.online\/movimento\/wp-content\/uploads\/2022\/02\/Desabafo.jpg 800w, https:\/\/renatodias.online\/movimento\/wp-content\/uploads\/2022\/02\/Desabafo-300x167.jpg 300w, https:\/\/renatodias.online\/movimento\/wp-content\/uploads\/2022\/02\/Desabafo-768x427.jpg 768w, https:\/\/renatodias.online\/movimento\/wp-content\/uploads\/2022\/02\/Desabafo-750x417.jpg 750w\" sizes=\"auto, (max-width: 800px) 100vw, 800px\" \/><\/p>\n<h1 style=\"text-align: center;\"><span style=\"color: #ff0000;\"><strong>Hist\u00f3ria<\/strong><\/span><\/h1>\n<figure id=\"attachment_5888\" aria-describedby=\"caption-attachment-5888\" style=\"width: 300px\" class=\"wp-caption aligncenter\"><img loading=\"lazy\" decoding=\"async\" class=\"size-medium wp-image-5888\" src=\"https:\/\/renatodias.online\/movimento\/wp-content\/uploads\/2021\/04\/Bomba-A-morte-da-Politica-300x300.jpg\" alt=\"explosivo\" width=\"300\" height=\"300\" \/><figcaption id=\"caption-attachment-5888\" class=\"wp-caption-text\"><span style=\"color: #ff6600;\"><strong>explosivo<\/strong><\/span><\/figcaption><\/figure>\n<h1 style=\"text-align: center;\"><strong><span style=\"color: #0000ff;\">Mem\u00f3ria, Verdade e Justi\u00e7a<\/span><br \/>\n<\/strong><\/h1>\n<p>&#8216;<img loading=\"lazy\" decoding=\"async\" class=\"wp-image-9952 size-full aligncenter\" src=\"https:\/\/renatodias.online\/movimento\/wp-content\/uploads\/2021\/12\/Sem-censura.jpg\" alt=\"\" width=\"400\" height=\"400\" srcset=\"https:\/\/renatodias.online\/movimento\/wp-content\/uploads\/2021\/12\/Sem-censura.jpg 400w, https:\/\/renatodias.online\/movimento\/wp-content\/uploads\/2021\/12\/Sem-censura-300x300.jpg 300w, https:\/\/renatodias.online\/movimento\/wp-content\/uploads\/2021\/12\/Sem-censura-150x150.jpg 150w\" sizes=\"auto, (max-width: 400px) 100vw, 400px\" \/><\/p>\n<p style=\"text-align: center;\"><span style=\"color: #0000ff;\"><strong>Jardel Sebba<\/strong><\/span><\/p>\n<p>Em seu desespero para destruir o legado de Marconi Perillo, o Governo do Estado de Goi\u00e1s n\u00e3o possui mesmo limites. Basta vermos a reinaugura\u00e7\u00e3o do Hospital do Servidor P\u00fablico. Com a mudan\u00e7a de sua especialidade. Mais: pasmem, com a retirada, da unidade de sa\u00fade, do nome do saudoso Fernando Cunha. Trata-se de um dos mais corretos e ilustres pol\u00edticos da hist\u00f3ria.\u00a0A suposta reinaugura\u00e7\u00e3o, ali\u00e1s, uma troca de placa, j\u00e1 \u00e9 uma afronta por si s\u00f3. Ao deletar o nome de Fernando Cunha, o Pal\u00e1cio das Esmeraldas mostra seu complexo e sua dist\u00e2ncia da mem\u00f3ria hist\u00f3rica e da verdade. N\u00e3o custa comparar as das biografias pol\u00edticas. De ontem e de hoje. Adivinhem quem ir\u00e1 passar para a hist\u00f3ria como o troca-troca de placas sem obras e legado?<\/p>\n<figure id=\"attachment_10753\" aria-describedby=\"caption-attachment-10753\" style=\"width: 212px\" class=\"wp-caption aligncenter\"><img loading=\"lazy\" decoding=\"async\" class=\"wp-image-10753 size-full\" src=\"https:\/\/renatodias.online\/movimento\/wp-content\/uploads\/2022\/02\/Fernando-Cunha.jpg\" alt=\"\" width=\"212\" height=\"316\" srcset=\"https:\/\/renatodias.online\/movimento\/wp-content\/uploads\/2022\/02\/Fernando-Cunha.jpg 212w, https:\/\/renatodias.online\/movimento\/wp-content\/uploads\/2022\/02\/Fernando-Cunha-201x300.jpg 201w\" sizes=\"auto, (max-width: 212px) 100vw, 212px\" \/><figcaption id=\"caption-attachment-10753\" class=\"wp-caption-text\"><strong>Fernando Cunha<\/strong><\/figcaption><\/figure>\n<p><strong>Jardel Sebba \u00e9 m\u00e9dico, ex-presidente da Assembleia Legislativa, ex-prefeito de Catal\u00e3o, ex-secret\u00e1rio de Estado de Gabinete, membro da executiva do PSDB Estadual, m\u00e9dico, produtor rural e empres\u00e1rio<\/strong><\/p>\n<figure id=\"attachment_9635\" aria-describedby=\"caption-attachment-9635\" style=\"width: 1080px\" class=\"wp-caption alignnone\"><img loading=\"lazy\" decoding=\"async\" class=\"size-full wp-image-9635\" src=\"https:\/\/renatodias.online\/movimento\/wp-content\/uploads\/2021\/11\/Jardel-Sebba-Link.png\" alt=\"\" width=\"1080\" height=\"1128\" \/><figcaption id=\"caption-attachment-9635\" class=\"wp-caption-text\"><strong>Jardel Sebba<\/strong><\/figcaption><\/figure>\n","protected":false},"excerpt":{"rendered":"<p>Sess\u00e3o gastron\u00f4mica e pol\u00edtica em S\u00e3o Paulo 2022 no card\u00e1pio Sa\u00fade na vida privada Renato Dias Depois de ter recuperado &#8211; se da variante \u00d4microm, do Coronav\u00edrus Covid 19, testemunhar as duas netas deixarem, ap\u00f3s 62 dias consecutivos, a UTI Neonatal, em S\u00e3o Paulo, assim como ouvir da equipe m\u00e9dica do mesmo hospital que a<\/p>\n","protected":false},"author":2,"featured_media":10755,"comment_status":"open","ping_status":"open","sticky":false,"template":"","format":"standard","meta":{"_acf_changed":false,"_monsterinsights_skip_tracking":false,"_monsterinsights_sitenote_active":false,"_monsterinsights_sitenote_note":"","_monsterinsights_sitenote_category":0,"footnotes":""},"categories":[4],"tags":[],"class_list":["post-10745","post","type-post","status-publish","format-standard","has-post-thumbnail","hentry","category-politica"],"acf":[],"yoast_head":"<!-- This site is optimized with the Yoast SEO plugin v27.4 - https:\/\/yoast.com\/product\/yoast-seo-wordpress\/ -->\n<title>Sebba eleva astral -<\/title>\n<meta name=\"robots\" content=\"index, follow, max-snippet:-1, max-image-preview:large, max-video-preview:-1\" \/>\n<link rel=\"canonical\" href=\"https:\/\/renatodias.online\/movimento\/2022\/02\/09\/sebba-eleva-astral\/\" \/>\n<meta property=\"og:locale\" content=\"pt_BR\" \/>\n<meta property=\"og:type\" content=\"article\" \/>\n<meta property=\"og:title\" content=\"Sebba eleva astral -\" \/>\n<meta property=\"og:description\" content=\"Sess\u00e3o gastron\u00f4mica e pol\u00edtica em S\u00e3o Paulo 2022 no card\u00e1pio Sa\u00fade na vida privada Renato Dias Depois de ter recuperado &#8211; se da variante \u00d4microm, do Coronav\u00edrus Covid 19, testemunhar as duas netas deixarem, ap\u00f3s 62 dias consecutivos, a UTI Neonatal, em S\u00e3o Paulo, assim como ouvir da equipe m\u00e9dica do mesmo hospital que a\" \/>\n<meta property=\"og:url\" content=\"https:\/\/renatodias.online\/movimento\/2022\/02\/09\/sebba-eleva-astral\/\" \/>\n<meta property=\"article:publisher\" content=\"https:\/\/www.facebook.com\/renato.dias.37\" \/>\n<meta property=\"article:author\" content=\"https:\/\/www.facebook.com\/renato.dias.37\" \/>\n<meta property=\"article:published_time\" content=\"2022-02-09T18:34:01+00:00\" \/>\n<meta property=\"article:modified_time\" content=\"2022-02-09T18:38:08+00:00\" \/>\n<meta property=\"og:image\" content=\"https:\/\/renatodias.online\/movimento\/wp-content\/uploads\/2022\/02\/Jardel-Sebba-Marconi-Perillo-e-Jaime-Rincon-PSDB-e1664594329304.png\" \/>\n\t<meta property=\"og:image:width\" content=\"300\" \/>\n\t<meta property=\"og:image:height\" content=\"337\" \/>\n\t<meta property=\"og:image:type\" content=\"image\/png\" \/>\n<meta name=\"author\" content=\"Renato Dias\" \/>\n<meta name=\"twitter:card\" content=\"summary_large_image\" \/>\n<meta name=\"twitter:creator\" content=\"@RenatoDiasBat\" \/>\n<meta name=\"twitter:site\" content=\"@RenatoDiasBat\" \/>\n<meta name=\"twitter:label1\" content=\"Escrito por\" \/>\n\t<meta name=\"twitter:data1\" content=\"Renato Dias\" \/>\n\t<meta name=\"twitter:label2\" content=\"Est. tempo de leitura\" \/>\n\t<meta name=\"twitter:data2\" content=\"3 minutos\" \/>\n<script type=\"application\/ld+json\" class=\"yoast-schema-graph\">{\"@context\":\"https:\\\/\\\/schema.org\",\"@graph\":[{\"@type\":\"Article\",\"@id\":\"https:\\\/\\\/renatodias.online\\\/movimento\\\/2022\\\/02\\\/09\\\/sebba-eleva-astral\\\/#article\",\"isPartOf\":{\"@id\":\"https:\\\/\\\/renatodias.online\\\/movimento\\\/2022\\\/02\\\/09\\\/sebba-eleva-astral\\\/\"},\"author\":{\"name\":\"Renato Dias\",\"@id\":\"https:\\\/\\\/renatodias.online\\\/movimento\\\/#\\\/schema\\\/person\\\/bbab28833b1725a20f4083f49f1fb2a9\"},\"headline\":\"Sebba eleva astral\",\"datePublished\":\"2022-02-09T18:34:01+00:00\",\"dateModified\":\"2022-02-09T18:38:08+00:00\",\"mainEntityOfPage\":{\"@id\":\"https:\\\/\\\/renatodias.online\\\/movimento\\\/2022\\\/02\\\/09\\\/sebba-eleva-astral\\\/\"},\"wordCount\":523,\"commentCount\":0,\"publisher\":{\"@id\":\"https:\\\/\\\/renatodias.online\\\/movimento\\\/#\\\/schema\\\/person\\\/bbab28833b1725a20f4083f49f1fb2a9\"},\"image\":{\"@id\":\"https:\\\/\\\/renatodias.online\\\/movimento\\\/2022\\\/02\\\/09\\\/sebba-eleva-astral\\\/#primaryimage\"},\"thumbnailUrl\":\"https:\\\/\\\/renatodias.online\\\/movimento\\\/wp-content\\\/uploads\\\/2022\\\/02\\\/Jardel-Sebba-Marconi-Perillo-e-Jaime-Rincon-PSDB-e1664594329304.png\",\"articleSection\":[\"Pol\u00edtica\"],\"inLanguage\":\"pt-BR\",\"potentialAction\":[{\"@type\":\"CommentAction\",\"name\":\"Comment\",\"target\":[\"https:\\\/\\\/renatodias.online\\\/movimento\\\/2022\\\/02\\\/09\\\/sebba-eleva-astral\\\/#respond\"]}]},{\"@type\":\"WebPage\",\"@id\":\"https:\\\/\\\/renatodias.online\\\/movimento\\\/2022\\\/02\\\/09\\\/sebba-eleva-astral\\\/\",\"url\":\"https:\\\/\\\/renatodias.online\\\/movimento\\\/2022\\\/02\\\/09\\\/sebba-eleva-astral\\\/\",\"name\":\"Sebba eleva astral -\",\"isPartOf\":{\"@id\":\"https:\\\/\\\/renatodias.online\\\/movimento\\\/#website\"},\"primaryImageOfPage\":{\"@id\":\"https:\\\/\\\/renatodias.online\\\/movimento\\\/2022\\\/02\\\/09\\\/sebba-eleva-astral\\\/#primaryimage\"},\"image\":{\"@id\":\"https:\\\/\\\/renatodias.online\\\/movimento\\\/2022\\\/02\\\/09\\\/sebba-eleva-astral\\\/#primaryimage\"},\"thumbnailUrl\":\"https:\\\/\\\/renatodias.online\\\/movimento\\\/wp-content\\\/uploads\\\/2022\\\/02\\\/Jardel-Sebba-Marconi-Perillo-e-Jaime-Rincon-PSDB-e1664594329304.png\",\"datePublished\":\"2022-02-09T18:34:01+00:00\",\"dateModified\":\"2022-02-09T18:38:08+00:00\",\"breadcrumb\":{\"@id\":\"https:\\\/\\\/renatodias.online\\\/movimento\\\/2022\\\/02\\\/09\\\/sebba-eleva-astral\\\/#breadcrumb\"},\"inLanguage\":\"pt-BR\",\"potentialAction\":[{\"@type\":\"ReadAction\",\"target\":[\"https:\\\/\\\/renatodias.online\\\/movimento\\\/2022\\\/02\\\/09\\\/sebba-eleva-astral\\\/\"]}]},{\"@type\":\"ImageObject\",\"inLanguage\":\"pt-BR\",\"@id\":\"https:\\\/\\\/renatodias.online\\\/movimento\\\/2022\\\/02\\\/09\\\/sebba-eleva-astral\\\/#primaryimage\",\"url\":\"https:\\\/\\\/renatodias.online\\\/movimento\\\/wp-content\\\/uploads\\\/2022\\\/02\\\/Jardel-Sebba-Marconi-Perillo-e-Jaime-Rincon-PSDB-e1664594329304.png\",\"contentUrl\":\"https:\\\/\\\/renatodias.online\\\/movimento\\\/wp-content\\\/uploads\\\/2022\\\/02\\\/Jardel-Sebba-Marconi-Perillo-e-Jaime-Rincon-PSDB-e1664594329304.png\",\"width\":300,\"height\":337,\"caption\":\"Jardel Sebba, Marconi Perillo e Jaime Rinc\u00f3n - PSDB\"},{\"@type\":\"BreadcrumbList\",\"@id\":\"https:\\\/\\\/renatodias.online\\\/movimento\\\/2022\\\/02\\\/09\\\/sebba-eleva-astral\\\/#breadcrumb\",\"itemListElement\":[{\"@type\":\"ListItem\",\"position\":1,\"name\":\"In\u00edcio\",\"item\":\"https:\\\/\\\/renatodias.online\\\/movimento\\\/\"},{\"@type\":\"ListItem\",\"position\":2,\"name\":\"Sebba eleva astral\"}]},{\"@type\":\"WebSite\",\"@id\":\"https:\\\/\\\/renatodias.online\\\/movimento\\\/#website\",\"url\":\"https:\\\/\\\/renatodias.online\\\/movimento\\\/\",\"name\":\"\",\"description\":\"\",\"publisher\":{\"@id\":\"https:\\\/\\\/renatodias.online\\\/movimento\\\/#\\\/schema\\\/person\\\/bbab28833b1725a20f4083f49f1fb2a9\"},\"potentialAction\":[{\"@type\":\"SearchAction\",\"target\":{\"@type\":\"EntryPoint\",\"urlTemplate\":\"https:\\\/\\\/renatodias.online\\\/movimento\\\/?s={search_term_string}\"},\"query-input\":{\"@type\":\"PropertyValueSpecification\",\"valueRequired\":true,\"valueName\":\"search_term_string\"}}],\"inLanguage\":\"pt-BR\"},{\"@type\":[\"Person\",\"Organization\"],\"@id\":\"https:\\\/\\\/renatodias.online\\\/movimento\\\/#\\\/schema\\\/person\\\/bbab28833b1725a20f4083f49f1fb2a9\",\"name\":\"Renato Dias\",\"image\":{\"@type\":\"ImageObject\",\"inLanguage\":\"pt-BR\",\"@id\":\"https:\\\/\\\/renatodias.online\\\/movimento\\\/wp-content\\\/uploads\\\/2023\\\/03\\\/cropped-cropped-cropped-logofinal.jpeg\",\"url\":\"https:\\\/\\\/renatodias.online\\\/movimento\\\/wp-content\\\/uploads\\\/2023\\\/03\\\/cropped-cropped-cropped-logofinal.jpeg\",\"contentUrl\":\"https:\\\/\\\/renatodias.online\\\/movimento\\\/wp-content\\\/uploads\\\/2023\\\/03\\\/cropped-cropped-cropped-logofinal.jpeg\",\"width\":1280,\"height\":219,\"caption\":\"Renato Dias\"},\"logo\":{\"@id\":\"https:\\\/\\\/renatodias.online\\\/movimento\\\/wp-content\\\/uploads\\\/2023\\\/03\\\/cropped-cropped-cropped-logofinal.jpeg\"},\"description\":\"Renato Dias, 58 anos, \u00e9 graduado em Jornalismo, formado em Ci\u00eancias Sociais, com p\u00f3s-gradua\u00e7\u00e3o em Pol\u00edticas P\u00fablicas, mestre em Direito e Rela\u00e7\u00f5es Internacionais, ex-aluno extraordin\u00e1rio do Doutorado em Psicologia Social, ex-estudante do Curso de Psican\u00e1lise do Centro de Estudos Psicanal\u00edticos do Estado de Goi\u00e1s, ministrado pelo m\u00e9dico psiquiatra e psicanalista Daniel Em\u00eddio de Souza. \u00c9 autor de 30 livros-reportagem, oito document\u00e1rios, ganhou 30 pr\u00eamios e \u00e9 torcedor apaixonado do maior do Centro-Oeste, o Vila Nova Futebol Clube. Casado com Meirilane Dias, \u00e9 pai de Juliana Dias, jornalista; Daniel Dias, economista; e Maria Rosa Dias, estudante antifascista, socialista e trotskista.\u00a0Com tr\u00eas pets: Porquinho [Bull Dog Franc\u00eas], Dalila [Basset Hound] e Geleia [Basset Hound]. Al\u00e9m do eterno gato Tutuquinho, que virou estrela.\",\"sameAs\":[\"https:\\\/\\\/www.facebook.com\\\/renato.dias.37\",\"#breve\",\"https:\\\/\\\/renatodias.tumblr.com\\\/\"],\"url\":\"https:\\\/\\\/renatodias.online\\\/movimento\\\/author\\\/renatodias\\\/\"}]}<\/script>\n<!-- \/ Yoast SEO plugin. -->","yoast_head_json":{"title":"Sebba eleva astral -","robots":{"index":"index","follow":"follow","max-snippet":"max-snippet:-1","max-image-preview":"max-image-preview:large","max-video-preview":"max-video-preview:-1"},"canonical":"https:\/\/renatodias.online\/movimento\/2022\/02\/09\/sebba-eleva-astral\/","og_locale":"pt_BR","og_type":"article","og_title":"Sebba eleva astral -","og_description":"Sess\u00e3o gastron\u00f4mica e pol\u00edtica em S\u00e3o Paulo 2022 no card\u00e1pio Sa\u00fade na vida privada Renato Dias Depois de ter recuperado &#8211; se da variante \u00d4microm, do Coronav\u00edrus Covid 19, testemunhar as duas netas deixarem, ap\u00f3s 62 dias consecutivos, a UTI Neonatal, em S\u00e3o Paulo, assim como ouvir da equipe m\u00e9dica do mesmo hospital que a","og_url":"https:\/\/renatodias.online\/movimento\/2022\/02\/09\/sebba-eleva-astral\/","article_publisher":"https:\/\/www.facebook.com\/renato.dias.37","article_author":"https:\/\/www.facebook.com\/renato.dias.37","article_published_time":"2022-02-09T18:34:01+00:00","article_modified_time":"2022-02-09T18:38:08+00:00","og_image":[{"width":300,"height":337,"url":"https:\/\/renatodias.online\/movimento\/wp-content\/uploads\/2022\/02\/Jardel-Sebba-Marconi-Perillo-e-Jaime-Rincon-PSDB-e1664594329304.png","type":"image\/png"}],"author":"Renato Dias","twitter_card":"summary_large_image","twitter_creator":"@RenatoDiasBat","twitter_site":"@RenatoDiasBat","twitter_misc":{"Escrito por":"Renato Dias","Est. tempo de leitura":"3 minutos"},"schema":{"@context":"https:\/\/schema.org","@graph":[{"@type":"Article","@id":"https:\/\/renatodias.online\/movimento\/2022\/02\/09\/sebba-eleva-astral\/#article","isPartOf":{"@id":"https:\/\/renatodias.online\/movimento\/2022\/02\/09\/sebba-eleva-astral\/"},"author":{"name":"Renato Dias","@id":"https:\/\/renatodias.online\/movimento\/#\/schema\/person\/bbab28833b1725a20f4083f49f1fb2a9"},"headline":"Sebba eleva astral","datePublished":"2022-02-09T18:34:01+00:00","dateModified":"2022-02-09T18:38:08+00:00","mainEntityOfPage":{"@id":"https:\/\/renatodias.online\/movimento\/2022\/02\/09\/sebba-eleva-astral\/"},"wordCount":523,"commentCount":0,"publisher":{"@id":"https:\/\/renatodias.online\/movimento\/#\/schema\/person\/bbab28833b1725a20f4083f49f1fb2a9"},"image":{"@id":"https:\/\/renatodias.online\/movimento\/2022\/02\/09\/sebba-eleva-astral\/#primaryimage"},"thumbnailUrl":"https:\/\/renatodias.online\/movimento\/wp-content\/uploads\/2022\/02\/Jardel-Sebba-Marconi-Perillo-e-Jaime-Rincon-PSDB-e1664594329304.png","articleSection":["Pol\u00edtica"],"inLanguage":"pt-BR","potentialAction":[{"@type":"CommentAction","name":"Comment","target":["https:\/\/renatodias.online\/movimento\/2022\/02\/09\/sebba-eleva-astral\/#respond"]}]},{"@type":"WebPage","@id":"https:\/\/renatodias.online\/movimento\/2022\/02\/09\/sebba-eleva-astral\/","url":"https:\/\/renatodias.online\/movimento\/2022\/02\/09\/sebba-eleva-astral\/","name":"Sebba eleva astral -","isPartOf":{"@id":"https:\/\/renatodias.online\/movimento\/#website"},"primaryImageOfPage":{"@id":"https:\/\/renatodias.online\/movimento\/2022\/02\/09\/sebba-eleva-astral\/#primaryimage"},"image":{"@id":"https:\/\/renatodias.online\/movimento\/2022\/02\/09\/sebba-eleva-astral\/#primaryimage"},"thumbnailUrl":"https:\/\/renatodias.online\/movimento\/wp-content\/uploads\/2022\/02\/Jardel-Sebba-Marconi-Perillo-e-Jaime-Rincon-PSDB-e1664594329304.png","datePublished":"2022-02-09T18:34:01+00:00","dateModified":"2022-02-09T18:38:08+00:00","breadcrumb":{"@id":"https:\/\/renatodias.online\/movimento\/2022\/02\/09\/sebba-eleva-astral\/#breadcrumb"},"inLanguage":"pt-BR","potentialAction":[{"@type":"ReadAction","target":["https:\/\/renatodias.online\/movimento\/2022\/02\/09\/sebba-eleva-astral\/"]}]},{"@type":"ImageObject","inLanguage":"pt-BR","@id":"https:\/\/renatodias.online\/movimento\/2022\/02\/09\/sebba-eleva-astral\/#primaryimage","url":"https:\/\/renatodias.online\/movimento\/wp-content\/uploads\/2022\/02\/Jardel-Sebba-Marconi-Perillo-e-Jaime-Rincon-PSDB-e1664594329304.png","contentUrl":"https:\/\/renatodias.online\/movimento\/wp-content\/uploads\/2022\/02\/Jardel-Sebba-Marconi-Perillo-e-Jaime-Rincon-PSDB-e1664594329304.png","width":300,"height":337,"caption":"Jardel Sebba, Marconi Perillo e Jaime Rinc\u00f3n - PSDB"},{"@type":"BreadcrumbList","@id":"https:\/\/renatodias.online\/movimento\/2022\/02\/09\/sebba-eleva-astral\/#breadcrumb","itemListElement":[{"@type":"ListItem","position":1,"name":"In\u00edcio","item":"https:\/\/renatodias.online\/movimento\/"},{"@type":"ListItem","position":2,"name":"Sebba eleva astral"}]},{"@type":"WebSite","@id":"https:\/\/renatodias.online\/movimento\/#website","url":"https:\/\/renatodias.online\/movimento\/","name":"","description":"","publisher":{"@id":"https:\/\/renatodias.online\/movimento\/#\/schema\/person\/bbab28833b1725a20f4083f49f1fb2a9"},"potentialAction":[{"@type":"SearchAction","target":{"@type":"EntryPoint","urlTemplate":"https:\/\/renatodias.online\/movimento\/?s={search_term_string}"},"query-input":{"@type":"PropertyValueSpecification","valueRequired":true,"valueName":"search_term_string"}}],"inLanguage":"pt-BR"},{"@type":["Person","Organization"],"@id":"https:\/\/renatodias.online\/movimento\/#\/schema\/person\/bbab28833b1725a20f4083f49f1fb2a9","name":"Renato Dias","image":{"@type":"ImageObject","inLanguage":"pt-BR","@id":"https:\/\/renatodias.online\/movimento\/wp-content\/uploads\/2023\/03\/cropped-cropped-cropped-logofinal.jpeg","url":"https:\/\/renatodias.online\/movimento\/wp-content\/uploads\/2023\/03\/cropped-cropped-cropped-logofinal.jpeg","contentUrl":"https:\/\/renatodias.online\/movimento\/wp-content\/uploads\/2023\/03\/cropped-cropped-cropped-logofinal.jpeg","width":1280,"height":219,"caption":"Renato Dias"},"logo":{"@id":"https:\/\/renatodias.online\/movimento\/wp-content\/uploads\/2023\/03\/cropped-cropped-cropped-logofinal.jpeg"},"description":"Renato Dias, 58 anos, \u00e9 graduado em Jornalismo, formado em Ci\u00eancias Sociais, com p\u00f3s-gradua\u00e7\u00e3o em Pol\u00edticas P\u00fablicas, mestre em Direito e Rela\u00e7\u00f5es Internacionais, ex-aluno extraordin\u00e1rio do Doutorado em Psicologia Social, ex-estudante do Curso de Psican\u00e1lise do Centro de Estudos Psicanal\u00edticos do Estado de Goi\u00e1s, ministrado pelo m\u00e9dico psiquiatra e psicanalista Daniel Em\u00eddio de Souza. \u00c9 autor de 30 livros-reportagem, oito document\u00e1rios, ganhou 30 pr\u00eamios e \u00e9 torcedor apaixonado do maior do Centro-Oeste, o Vila Nova Futebol Clube. Casado com Meirilane Dias, \u00e9 pai de Juliana Dias, jornalista; Daniel Dias, economista; e Maria Rosa Dias, estudante antifascista, socialista e trotskista.\u00a0Com tr\u00eas pets: Porquinho [Bull Dog Franc\u00eas], Dalila [Basset Hound] e Geleia [Basset Hound]. Al\u00e9m do eterno gato Tutuquinho, que virou estrela.","sameAs":["https:\/\/www.facebook.com\/renato.dias.37","#breve","https:\/\/renatodias.tumblr.com\/"],"url":"https:\/\/renatodias.online\/movimento\/author\/renatodias\/"}]}},"_links":{"self":[{"href":"https:\/\/renatodias.online\/movimento\/wp-json\/wp\/v2\/posts\/10745","targetHints":{"allow":["GET"]}}],"collection":[{"href":"https:\/\/renatodias.online\/movimento\/wp-json\/wp\/v2\/posts"}],"about":[{"href":"https:\/\/renatodias.online\/movimento\/wp-json\/wp\/v2\/types\/post"}],"author":[{"embeddable":true,"href":"https:\/\/renatodias.online\/movimento\/wp-json\/wp\/v2\/users\/2"}],"replies":[{"embeddable":true,"href":"https:\/\/renatodias.online\/movimento\/wp-json\/wp\/v2\/comments?post=10745"}],"version-history":[{"count":1,"href":"https:\/\/renatodias.online\/movimento\/wp-json\/wp\/v2\/posts\/10745\/revisions"}],"predecessor-version":[{"id":10754,"href":"https:\/\/renatodias.online\/movimento\/wp-json\/wp\/v2\/posts\/10745\/revisions\/10754"}],"wp:featuredmedia":[{"embeddable":true,"href":"https:\/\/renatodias.online\/movimento\/wp-json\/wp\/v2\/media\/10755"}],"wp:attachment":[{"href":"https:\/\/renatodias.online\/movimento\/wp-json\/wp\/v2\/media?parent=10745"}],"wp:term":[{"taxonomy":"category","embeddable":true,"href":"https:\/\/renatodias.online\/movimento\/wp-json\/wp\/v2\/categories?post=10745"},{"taxonomy":"post_tag","embeddable":true,"href":"https:\/\/renatodias.online\/movimento\/wp-json\/wp\/v2\/tags?post=10745"}],"curies":[{"name":"wp","href":"https:\/\/api.w.org\/{rel}","templated":true}]}}